{"id":58574,"date":"2017-12-27T16:20:59","date_gmt":"2017-12-27T18:20:59","guid":{"rendered":"https:\/\/www.jornalja.com.br\/?p=58573"},"modified":"2017-12-27T16:20:59","modified_gmt":"2017-12-27T18:20:59","slug":"pais-perde-12-mil-vagas-de-emprego-em-novembro-2","status":"publish","type":"post","link":"https:\/\/www.jornalja.com.br\/arquivo\/pais-perde-12-mil-vagas-de-emprego-em-novembro-2\/","title":{"rendered":"Pa\u00eds perde 12 mil vagas de emprego em novembro"},"content":{"rendered":"<p>O saldo de empregos formais no Brasil em novembro ficou negativo, com redu\u00e7\u00e3o de 12.292 vagas. Em rela\u00e7\u00e3o a outubro, houve redu\u00e7\u00e3o de 0,03%, segundo o Cadastro Geral de Empregados e Desempregados (Caged), divulgado nesta quarta-feira, 27\/12, pelo Minist\u00e9rio do Trabalho. Os dados j\u00e1 consideram as novas formas de contrata\u00e7\u00e3o estabelecidas na reforma trabalhista.<br \/>\nSegundo o ministro do Trabalho, Ronaldo Nogueira, em novembro h\u00e1 uma tend\u00eancia de saldo negativo do emprego. Ele argumentou, entretanto, que esse resultado n\u00e3o indica interrup\u00e7\u00e3o no processo de retomada do crescimento econ\u00f4mico, com cria\u00e7\u00e3o de postos de trabalho. \u201cNos 11 meses do ano, oito foram positivos [com gera\u00e7\u00e3o de emprego]\u201d, disse Nogueira.<br \/>\nO resultado de novembro considera 1.111.798 de admiss\u00f5es contra 1.124.090 de desligamentos. No acumulado do ano, o saldo \u00e9 de 299.635 empregos, com expans\u00e3o de 0,78% em rela\u00e7\u00e3o a dezembro de 2016.<br \/>\nNos \u00faltimos 12 meses, o saldo \u00e9 negativo, com redu\u00e7\u00e3o de 178.528 postos de trabalho, uma retra\u00e7\u00e3o de 0,46%.<br \/>\n<span class=\"intertit\">Ind\u00fastria registra maior queda<\/span><br \/>\nEm novembro, o com\u00e9rcio foi o \u00fanico setor que registrou saldo positivo (tanto atacadista quanto varejista), com a cria\u00e7\u00e3o de mais de 68 mil vagas. Segundo o Minist\u00e9rio do Trabalho, as festas de fim de ano, que aqueceram as vendas, foram o motivo desse resultado.<br \/>\nA ind\u00fastria de transforma\u00e7\u00e3o registrou saldo negativo de 29.006 empregos. A constru\u00e7\u00e3o civil reduziu 22.826 vagas. O setor agropecu\u00e1rio gerou saldo negativo de 21.761 vagas. O setor de servi\u00e7os tamb\u00e9m apresentou saldo negativo de 2.972 vagas.<br \/>\n<span class=\"intertit\">Regi\u00f5es<\/span><br \/>\nA regi\u00e3o que mais criou vagas formais em novembro foi a Sul, com 15.181 postos. A Regi\u00e3o Nordeste abriu 3.758 vagas. As demais regi\u00f5es registraram saldo negativo: Sudeste (-16.421), Centro Oeste (-14.412) e Norte (-398).<br \/>\nEm novembro, o sal\u00e1rio m\u00e9dio de admiss\u00e3o no pa\u00eds ficou em R$ 1.470,08, enquanto o de demiss\u00e3o foi de R$ 1.675,58. Na compara\u00e7\u00e3o com outubro, houve aumento de 0,39% no sal\u00e1rio de contrata\u00e7\u00e3o e de 0,02% no de demiss\u00e3o.<br \/>\n<span class=\"intertit\">Mais de 3 mil foram contratados para trabalho intermitente <\/span><br \/>\nEm novembro, foram registrados 3.120 contratos de trabalho intermitente.<br \/>\nA modalidade foi criada com a reforma trabalhista, que entrou em vigor no m\u00eas passado, e passou a fazer parte dos dados do Cadastro Geral de Empregados e Desempregados (Caged).<br \/>\nA maioria das contrata\u00e7\u00f5es (92%) de trabalho intermitente ocorreu no com\u00e9rcio, o equivalente a 2.822. Entre as ocupa\u00e7\u00f5es, o de assistente de vendas representa a maior parte (90%).<br \/>\nDe acordo com o coordenador de estat\u00edsticas do Minist\u00e9rio do Trabalho, M\u00e1rio Magalh\u00e3es, o resultado foi influenciado pelas contrata\u00e7\u00f5es para as vendas da Black Friday.<br \/>\nMagalh\u00e3es disse que n\u00e3o \u00e9 poss\u00edvel saber pelos dados do Caged quanto o trabalhador efetivamente recebeu por esse tipo de trabalho. \u201cTrata efetivamente dos contratos firmados e contratos rescindidos\u201d, respondeu, ao ser questionado se algum trabalhador pode ter contratos de trabalho intermitente, mas n\u00e3o ter trabalhado nenhuma hora em um m\u00eas. Segundo ele, as informa\u00e7\u00f5es sobre remunera\u00e7\u00e3o poder\u00e3o ser consultadas na\u00a0Rela\u00e7\u00e3o Anual de Informa\u00e7\u00f5es Sociais (Rais). Ele, entretanto, considera que seja pouco prov\u00e1vel um trabalhador ter sido admitido e n\u00e3o ter executado nenhuma atividade em um m\u00eas.<br \/>\nPor essa modalidade, o trabalhador recebe por per\u00edodo trabalhado &#8211; em horas ou di\u00e1ria. Tem direito a f\u00e9rias, FGTS, previd\u00eancia e d\u00e9cimo terceiro sal\u00e1rio proporcionais. No contrato, dever\u00e1 estar definido o valor da hora de trabalho, que n\u00e3o pode ser inferior ao sal\u00e1rio m\u00ednimo por hora ou \u00e0 remunera\u00e7\u00e3o dos demais empregados que exer\u00e7am a mesma fun\u00e7\u00e3o. O empregado dever\u00e1 ser convocado com, no m\u00ednimo, tr\u00eas dias corridos de anteced\u00eancia. No per\u00edodo de inatividade, pode prestar servi\u00e7os a outros contratantes.<br \/>\n&nbsp;<\/p>\n","protected":false},"excerpt":{"rendered":"<p>O saldo de empregos formais no Brasil em novembro ficou negativo, com redu\u00e7\u00e3o de 12.292 vagas. Em rela\u00e7\u00e3o a outubro, houve redu\u00e7\u00e3o de 0,03%, segundo o Cadastro Geral de Empregados e Desempregados (Caged), divulgado nesta quarta-feira, 27\/12, pelo Minist\u00e9rio do Trabalho. Os dados j\u00e1 consideram as novas formas de contrata\u00e7\u00e3o estabelecidas na reforma trabalhista. Segundo [&hellip;]<\/p>\n","protected":false},"author":4,"featured_media":58574,"comment_status":"open","ping_status":"closed","sticky":false,"template":"","format":"standard","meta":{"_jetpack_newsletter_access":"","_jetpack_dont_email_post_to_subs":false,"_jetpack_newsletter_tier_id":0,"_jetpack_memberships_contains_paywalled_content":false,"_jetpack_feature_clip_id":0,"_jetpack_memberships_contains_paid_content":false,"footnotes":"","jetpack_post_was_ever_published":false},"categories":[26],"tags":[],"class_list":["post-58574","post","type-post","status-publish","format-standard","has-post-thumbnail","hentry","category-geral"],"aioseo_notices":[],"aioseo_head":"\n\t\t<!-- All in One SEO 5.0.1.1 - aioseo.com -->\n\t<meta name=\"robots\" content=\"max-image-preview:large\" \/>\n\t<meta name=\"author\" content=\"da Reda\u00e7\u00e3o\"\/>\n\t<link rel=\"canonical\" href=\"https:\/\/www.jornalja.com.br\/arquivo\/pais-perde-12-mil-vagas-de-emprego-em-novembro-2\/\" \/>\n\t<meta name=\"generator\" content=\"All in One SEO (AIOSEO) 5.0.1.1\" \/>\n\t\t<meta property=\"og:locale\" content=\"pt_BR\" \/>\n\t\t<meta property=\"og:site_name\" content=\"Arquivo | Jornal J\u00c1 | Porto Alegre\" \/>\n\t\t<meta property=\"og:type\" content=\"article\" \/>\n\t\t<meta property=\"og:title\" content=\"Pa\u00eds perde 12 mil vagas de emprego em novembro | Arquivo\" \/>\n\t\t<meta property=\"og:url\" content=\"https:\/\/www.jornalja.com.br\/arquivo\/pais-perde-12-mil-vagas-de-emprego-em-novembro-2\/\" \/>\n\t\t<meta property=\"og:image\" content=\"https:\/\/www.jornalja.com.br\/economics\/wp-content\/uploads\/sites\/11\/2026\/08\/ja-folhaderosto-facebook.jpg\" \/>\n\t\t<meta property=\"og:image:secure_url\" content=\"https:\/\/www.jornalja.com.br\/economics\/wp-content\/uploads\/sites\/11\/2026\/08\/ja-folhaderosto-facebook.jpg\" \/>\n\t\t<meta property=\"article:published_time\" content=\"2017-12-27T18:20:59+00:00\" \/>\n\t\t<meta property=\"article:modified_time\" content=\"2017-12-27T18:20:59+00:00\" \/>\n\t\t<meta name=\"twitter:card\" content=\"summary\" \/>\n\t\t<meta name=\"twitter:title\" content=\"Pa\u00eds perde 12 mil vagas de emprego em novembro | Arquivo\" \/>\n\t\t<meta name=\"twitter:image\" content=\"https:\/\/www.jornalja.com.br\/economics\/wp-content\/uploads\/sites\/11\/2026\/08\/ja-folhaderosto-facebook.jpg\" \/>\n\t\t<script type=\"application\/ld+json\" class=\"aioseo-schema\">\n\t\t\t{\"@context\":\"https:\\\/\\\/schema.org\",\"@graph\":[{\"@type\":\"BlogPosting\",\"@id\":\"https:\\\/\\\/www.jornalja.com.br\\\/arquivo\\\/pais-perde-12-mil-vagas-de-emprego-em-novembro-2\\\/#blogposting\",\"name\":\"Pa\\u00eds perde 12 mil vagas de emprego em novembro | Arquivo\",\"headline\":\"Pa\\u00eds perde 12 mil vagas de emprego em novembro\",\"author\":{\"@id\":\"https:\\\/\\\/www.jornalja.com.br\\\/arquivo\\\/author\\\/daredacao\\\/#author\"},\"publisher\":{\"@id\":\"https:\\\/\\\/www.jornalja.com.br\\\/arquivo\\\/#organization\"},\"image\":{\"@type\":\"ImageObject\",\"url\":58574},\"datePublished\":\"2017-12-27T16:20:59-02:00\",\"dateModified\":\"2017-12-27T16:20:59-02:00\",\"inLanguage\":\"pt-BR\",\"mainEntityOfPage\":{\"@id\":\"https:\\\/\\\/www.jornalja.com.br\\\/arquivo\\\/pais-perde-12-mil-vagas-de-emprego-em-novembro-2\\\/#webpage\"},\"isPartOf\":{\"@id\":\"https:\\\/\\\/www.jornalja.com.br\\\/arquivo\\\/pais-perde-12-mil-vagas-de-emprego-em-novembro-2\\\/#webpage\"},\"articleSection\":\"Geral\"},{\"@type\":\"BreadcrumbList\",\"@id\":\"https:\\\/\\\/www.jornalja.com.br\\\/arquivo\\\/pais-perde-12-mil-vagas-de-emprego-em-novembro-2\\\/#breadcrumblist\",\"itemListElement\":[{\"@type\":\"ListItem\",\"@id\":\"https:\\\/\\\/www.jornalja.com.br\\\/arquivo#listItem\",\"position\":1,\"name\":\"Home\",\"item\":\"https:\\\/\\\/www.jornalja.com.br\\\/arquivo\",\"nextItem\":{\"@type\":\"ListItem\",\"@id\":\"https:\\\/\\\/www.jornalja.com.br\\\/arquivo\\\/category\\\/geral\\\/#listItem\",\"name\":\"Geral\"}},{\"@type\":\"ListItem\",\"@id\":\"https:\\\/\\\/www.jornalja.com.br\\\/arquivo\\\/category\\\/geral\\\/#listItem\",\"position\":2,\"name\":\"Geral\",\"item\":\"https:\\\/\\\/www.jornalja.com.br\\\/arquivo\\\/category\\\/geral\\\/\",\"nextItem\":{\"@type\":\"ListItem\",\"@id\":\"https:\\\/\\\/www.jornalja.com.br\\\/arquivo\\\/pais-perde-12-mil-vagas-de-emprego-em-novembro-2\\\/#listItem\",\"name\":\"Pa\\u00eds perde 12 mil vagas de emprego em novembro\"},\"previousItem\":{\"@type\":\"ListItem\",\"@id\":\"https:\\\/\\\/www.jornalja.com.br\\\/arquivo#listItem\",\"name\":\"Home\"}},{\"@type\":\"ListItem\",\"@id\":\"https:\\\/\\\/www.jornalja.com.br\\\/arquivo\\\/pais-perde-12-mil-vagas-de-emprego-em-novembro-2\\\/#listItem\",\"position\":3,\"name\":\"Pa\\u00eds perde 12 mil vagas de emprego em novembro\",\"previousItem\":{\"@type\":\"ListItem\",\"@id\":\"https:\\\/\\\/www.jornalja.com.br\\\/arquivo\\\/category\\\/geral\\\/#listItem\",\"name\":\"Geral\"}}]},{\"@type\":\"Organization\",\"@id\":\"https:\\\/\\\/www.jornalja.com.br\\\/arquivo\\\/#organization\",\"name\":\"Jornal J\\u00c1\",\"description\":\"Jornal J\\u00c1 | Porto Alegre\",\"url\":\"https:\\\/\\\/www.jornalja.com.br\\\/arquivo\\\/\",\"telephone\":\"+555133307272\",\"logo\":{\"@type\":\"ImageObject\",\"url\":\"https:\\\/\\\/www.jornalja.com.br\\\/wp-content\\\/uploads\\\/cards\\\/JAslogan.png\",\"@id\":\"https:\\\/\\\/www.jornalja.com.br\\\/arquivo\\\/pais-perde-12-mil-vagas-de-emprego-em-novembro-2\\\/#organizationLogo\"},\"image\":{\"@id\":\"https:\\\/\\\/www.jornalja.com.br\\\/arquivo\\\/pais-perde-12-mil-vagas-de-emprego-em-novembro-2\\\/#organizationLogo\"}},{\"@type\":\"Person\",\"@id\":\"https:\\\/\\\/www.jornalja.com.br\\\/arquivo\\\/author\\\/daredacao\\\/#author\",\"url\":\"https:\\\/\\\/www.jornalja.com.br\\\/arquivo\\\/author\\\/daredacao\\\/\",\"name\":\"da Reda\\u00e7\\u00e3o\",\"image\":{\"@type\":\"ImageObject\",\"@id\":\"https:\\\/\\\/www.jornalja.com.br\\\/arquivo\\\/pais-perde-12-mil-vagas-de-emprego-em-novembro-2\\\/#authorImage\",\"url\":\"https:\\\/\\\/secure.gravatar.com\\\/avatar\\\/469fd857d6605ad19919d27ed29d35a968a25f6e8fd9318356bbb7f57aae9c65?s=96&d=mm&r=g\",\"width\":96,\"height\":96,\"caption\":\"da Reda\\u00e7\\u00e3o\"}},{\"@type\":\"WebPage\",\"@id\":\"https:\\\/\\\/www.jornalja.com.br\\\/arquivo\\\/pais-perde-12-mil-vagas-de-emprego-em-novembro-2\\\/#webpage\",\"url\":\"https:\\\/\\\/www.jornalja.com.br\\\/arquivo\\\/pais-perde-12-mil-vagas-de-emprego-em-novembro-2\\\/\",\"name\":\"Pa\\u00eds perde 12 mil vagas de emprego em novembro | Arquivo\",\"inLanguage\":\"pt-BR\",\"isPartOf\":{\"@id\":\"https:\\\/\\\/www.jornalja.com.br\\\/arquivo\\\/#website\"},\"breadcrumb\":{\"@id\":\"https:\\\/\\\/www.jornalja.com.br\\\/arquivo\\\/pais-perde-12-mil-vagas-de-emprego-em-novembro-2\\\/#breadcrumblist\"},\"author\":{\"@id\":\"https:\\\/\\\/www.jornalja.com.br\\\/arquivo\\\/author\\\/daredacao\\\/#author\"},\"creator\":{\"@id\":\"https:\\\/\\\/www.jornalja.com.br\\\/arquivo\\\/author\\\/daredacao\\\/#author\"},\"image\":{\"@type\":\"ImageObject\",\"url\":58574,\"@id\":\"https:\\\/\\\/www.jornalja.com.br\\\/arquivo\\\/pais-perde-12-mil-vagas-de-emprego-em-novembro-2\\\/#mainImage\"},\"primaryImageOfPage\":{\"@id\":\"https:\\\/\\\/www.jornalja.com.br\\\/arquivo\\\/pais-perde-12-mil-vagas-de-emprego-em-novembro-2\\\/#mainImage\"},\"datePublished\":\"2017-12-27T16:20:59-02:00\",\"dateModified\":\"2017-12-27T16:20:59-02:00\"},{\"@type\":\"WebSite\",\"@id\":\"https:\\\/\\\/www.jornalja.com.br\\\/arquivo\\\/#website\",\"url\":\"https:\\\/\\\/www.jornalja.com.br\\\/arquivo\\\/\",\"name\":\"Arquivo\",\"description\":\"Jornal J\\u00c1 | Porto Alegre\",\"inLanguage\":\"pt-BR\",\"publisher\":{\"@id\":\"https:\\\/\\\/www.jornalja.com.br\\\/arquivo\\\/#organization\"}}]}\n\t\t<\/script>\n\t\t<!-- All in One SEO -->\n\n","aioseo_head_json":{"title":"Pa\u00eds perde 12 mil vagas de emprego em novembro | Arquivo","description":"","canonical_url":"https:\/\/www.jornalja.com.br\/arquivo\/pais-perde-12-mil-vagas-de-emprego-em-novembro-2\/","robots":"max-image-preview:large","keywords":"","webmasterTools":{"miscellaneous":""},"schema":{"@context":"https:\/\/schema.org","@graph":[{"@type":"BlogPosting","@id":"https:\/\/www.jornalja.com.br\/arquivo\/pais-perde-12-mil-vagas-de-emprego-em-novembro-2\/#blogposting","name":"Pa\u00eds perde 12 mil vagas de emprego em novembro | Arquivo","headline":"Pa\u00eds perde 12 mil vagas de emprego em novembro","author":{"@id":"https:\/\/www.jornalja.com.br\/arquivo\/author\/daredacao\/#author"},"publisher":{"@id":"https:\/\/www.jornalja.com.br\/arquivo\/#organization"},"image":{"@type":"ImageObject","url":58574},"datePublished":"2017-12-27T16:20:59-02:00","dateModified":"2017-12-27T16:20:59-02:00","inLanguage":"pt-BR","mainEntityOfPage":{"@id":"https:\/\/www.jornalja.com.br\/arquivo\/pais-perde-12-mil-vagas-de-emprego-em-novembro-2\/#webpage"},"isPartOf":{"@id":"https:\/\/www.jornalja.com.br\/arquivo\/pais-perde-12-mil-vagas-de-emprego-em-novembro-2\/#webpage"},"articleSection":"Geral"},{"@type":"BreadcrumbList","@id":"https:\/\/www.jornalja.com.br\/arquivo\/pais-perde-12-mil-vagas-de-emprego-em-novembro-2\/#breadcrumblist","itemListElement":[{"@type":"ListItem","@id":"https:\/\/www.jornalja.com.br\/arquivo#listItem","position":1,"name":"Home","item":"https:\/\/www.jornalja.com.br\/arquivo","nextItem":{"@type":"ListItem","@id":"https:\/\/www.jornalja.com.br\/arquivo\/category\/geral\/#listItem","name":"Geral"}},{"@type":"ListItem","@id":"https:\/\/www.jornalja.com.br\/arquivo\/category\/geral\/#listItem","position":2,"name":"Geral","item":"https:\/\/www.jornalja.com.br\/arquivo\/category\/geral\/","nextItem":{"@type":"ListItem","@id":"https:\/\/www.jornalja.com.br\/arquivo\/pais-perde-12-mil-vagas-de-emprego-em-novembro-2\/#listItem","name":"Pa\u00eds perde 12 mil vagas de emprego em novembro"},"previousItem":{"@type":"ListItem","@id":"https:\/\/www.jornalja.com.br\/arquivo#listItem","name":"Home"}},{"@type":"ListItem","@id":"https:\/\/www.jornalja.com.br\/arquivo\/pais-perde-12-mil-vagas-de-emprego-em-novembro-2\/#listItem","position":3,"name":"Pa\u00eds perde 12 mil vagas de emprego em novembro","previousItem":{"@type":"ListItem","@id":"https:\/\/www.jornalja.com.br\/arquivo\/category\/geral\/#listItem","name":"Geral"}}]},{"@type":"Organization","@id":"https:\/\/www.jornalja.com.br\/arquivo\/#organization","name":"Jornal J\u00c1","description":"Jornal J\u00c1 | Porto Alegre","url":"https:\/\/www.jornalja.com.br\/arquivo\/","telephone":"+555133307272","logo":{"@type":"ImageObject","url":"https:\/\/www.jornalja.com.br\/wp-content\/uploads\/cards\/JAslogan.png","@id":"https:\/\/www.jornalja.com.br\/arquivo\/pais-perde-12-mil-vagas-de-emprego-em-novembro-2\/#organizationLogo"},"image":{"@id":"https:\/\/www.jornalja.com.br\/arquivo\/pais-perde-12-mil-vagas-de-emprego-em-novembro-2\/#organizationLogo"}},{"@type":"Person","@id":"https:\/\/www.jornalja.com.br\/arquivo\/author\/daredacao\/#author","url":"https:\/\/www.jornalja.com.br\/arquivo\/author\/daredacao\/","name":"da Reda\u00e7\u00e3o","image":{"@type":"ImageObject","@id":"https:\/\/www.jornalja.com.br\/arquivo\/pais-perde-12-mil-vagas-de-emprego-em-novembro-2\/#authorImage","url":"https:\/\/secure.gravatar.com\/avatar\/469fd857d6605ad19919d27ed29d35a968a25f6e8fd9318356bbb7f57aae9c65?s=96&d=mm&r=g","width":96,"height":96,"caption":"da Reda\u00e7\u00e3o"}},{"@type":"WebPage","@id":"https:\/\/www.jornalja.com.br\/arquivo\/pais-perde-12-mil-vagas-de-emprego-em-novembro-2\/#webpage","url":"https:\/\/www.jornalja.com.br\/arquivo\/pais-perde-12-mil-vagas-de-emprego-em-novembro-2\/","name":"Pa\u00eds perde 12 mil vagas de emprego em novembro | Arquivo","inLanguage":"pt-BR","isPartOf":{"@id":"https:\/\/www.jornalja.com.br\/arquivo\/#website"},"breadcrumb":{"@id":"https:\/\/www.jornalja.com.br\/arquivo\/pais-perde-12-mil-vagas-de-emprego-em-novembro-2\/#breadcrumblist"},"author":{"@id":"https:\/\/www.jornalja.com.br\/arquivo\/author\/daredacao\/#author"},"creator":{"@id":"https:\/\/www.jornalja.com.br\/arquivo\/author\/daredacao\/#author"},"image":{"@type":"ImageObject","url":58574,"@id":"https:\/\/www.jornalja.com.br\/arquivo\/pais-perde-12-mil-vagas-de-emprego-em-novembro-2\/#mainImage"},"primaryImageOfPage":{"@id":"https:\/\/www.jornalja.com.br\/arquivo\/pais-perde-12-mil-vagas-de-emprego-em-novembro-2\/#mainImage"},"datePublished":"2017-12-27T16:20:59-02:00","dateModified":"2017-12-27T16:20:59-02:00"},{"@type":"WebSite","@id":"https:\/\/www.jornalja.com.br\/arquivo\/#website","url":"https:\/\/www.jornalja.com.br\/arquivo\/","name":"Arquivo","description":"Jornal J\u00c1 | Porto Alegre","inLanguage":"pt-BR","publisher":{"@id":"https:\/\/www.jornalja.com.br\/arquivo\/#organization"}}]},"og:locale":"pt_BR","og:site_name":"Arquivo | Jornal J\u00c1 | Porto Alegre","og:type":"article","og:title":"Pa\u00eds perde 12 mil vagas de emprego em novembro | Arquivo","og:url":"https:\/\/www.jornalja.com.br\/arquivo\/pais-perde-12-mil-vagas-de-emprego-em-novembro-2\/","og:image":"https:\/\/www.jornalja.com.br\/economics\/wp-content\/uploads\/sites\/11\/2026\/08\/ja-folhaderosto-facebook.jpg","og:image:secure_url":"https:\/\/www.jornalja.com.br\/economics\/wp-content\/uploads\/sites\/11\/2026\/08\/ja-folhaderosto-facebook.jpg","article:published_time":"2017-12-27T18:20:59+00:00","article:modified_time":"2017-12-27T18:20:59+00:00","twitter:card":"summary","twitter:title":"Pa\u00eds perde 12 mil vagas de emprego em novembro | Arquivo","twitter:image":"https:\/\/www.jornalja.com.br\/economics\/wp-content\/uploads\/sites\/11\/2026\/08\/ja-folhaderosto-facebook.jpg"},"aioseo_meta_data":{"post_id":"58574","title":null,"description":null,"keywords":null,"keyphrases":null,"primary_term":null,"canonical_url":null,"og_title":null,"og_description":null,"og_object_type":"default","og_image_type":"default","og_image_url":null,"og_image_width":null,"og_image_height":null,"og_image_custom_url":null,"og_image_custom_fields":null,"og_video":null,"og_custom_url":null,"og_article_section":null,"og_article_tags":null,"twitter_use_og":false,"twitter_card":"default","twitter_image_type":"default","twitter_image_url":null,"twitter_image_custom_url":null,"twitter_image_custom_fields":null,"twitter_title":null,"twitter_description":null,"schema":{"blockGraphs":[],"customGraphs":[],"default":{"data":{"Article":[],"Course":[],"Dataset":[],"FAQPage":[],"Movie":[],"Person":[],"Product":[],"ProductReview":[],"Car":[],"Recipe":[],"Service":[],"SoftwareApplication":[],"WebPage":[]},"graphName":"","isEnabled":true},"graphs":[],"defaultGraph":"","defaultPostTypeGraph":""},"schema_type":null,"schema_type_options":null,"pillar_content":false,"robots_default":true,"robots_noindex":false,"robots_noarchive":false,"robots_nosnippet":false,"robots_nofollow":false,"robots_noimageindex":false,"robots_noodp":false,"robots_notranslate":false,"robots_max_snippet":null,"robots_max_videopreview":null,"robots_max_imagepreview":"large","priority":null,"frequency":null,"location":null,"local_seo":null,"breadcrumb_settings":null,"limit_modified_date":false,"ai":null,"created":"2020-12-20 20:18:57","updated":"2025-07-20 03:00:33","seo_analyzer_scan_date":null,"focus_keyword":null,"additional_keywords":null,"truseo_locale":null},"jetpack_sharing_enabled":true,"jetpack-related-posts":[{"id":13101,"url":"https:\/\/www.jornalja.com.br\/arquivo\/morre-um-guerreiro-do-texto\/","url_meta":{"origin":58574,"position":0},"title":"Morre um guerreiro do texto","author":"Patr\u00edcia Marini","date":"14 de maio de 2014","format":false,"excerpt":"Por Ricardo Kotscho Reproduzido do blog do autor, 11\/5\/2014; t\u00edtulo original \u201cE l\u00e1 se foi o nosso Myltainho, guerreiro do texto\u201d. Mi\u00fado e franzino, meu amigo Myltainho era um valente e inconformado guerreiro na luta contra as injusti\u00e7as sociais, a hipocrisia, as maracutaias, o autoritarismo, a intoler\u00e2ncia, a viol\u00eancia, o\u2026","rel":"","context":"Em &quot;Geral&quot;","block_context":{"text":"Geral","link":"https:\/\/www.jornalja.com.br\/arquivo\/category\/geral\/"},"img":{"alt_text":"","src":"","width":0,"height":0},"classes":[]},{"id":14241,"url":"https:\/\/www.jornalja.com.br\/arquivo\/o-guaiba-nas-imagens-poeticas-de-achutti\/","url_meta":{"origin":58574,"position":1},"title":"O Gua\u00edba nas imagens po\u00e9ticas de Achutti","author":"da Reda\u00e7\u00e3o","date":"18 de junho de 2014","format":false,"excerpt":"Em \u201cO Gua\u00edba por Achutti\u201d \u2013 obra financiada via Minist\u00e9rio da Cultura, produ\u00e7\u00e3o executiva de Pedro Longhi, e Fl\u00e1vio Wild como designer \u2013, o fot\u00f3grafo revela a beleza e as mazelas de um espa\u00e7o aqu\u00e1tico de \u00e1guas sempre renovadas, cheio de hist\u00f3rias e lendas como as das cidades que foram\u2026","rel":"","context":"Em &quot;Cultura-Geral&quot;","block_context":{"text":"Cultura-Geral","link":"https:\/\/www.jornalja.com.br\/arquivo\/category\/materiasecundaria\/"},"img":{"alt_text":"","src":"","width":0,"height":0},"classes":[]},{"id":13109,"url":"https:\/\/www.jornalja.com.br\/arquivo\/judiciario-reconhece-poluicao-eletromagnetica\/","url_meta":{"origin":58574,"position":2},"title":"Judici\u00e1rio reconhece polui\u00e7\u00e3o eletromagn\u00e9tica","author":"Patr\u00edcia Marini","date":"16 de maio de 2014","format":false,"excerpt":"A\u00e7\u00e3o de duas associa\u00e7\u00f5es de moradores foi acolhida pelo Tribunal de Justi\u00e7a de S\u00e3o Paulo que. em decis\u00e3o in\u00e9dita, determinou a redu\u00e7\u00e3o do campo eletromagn\u00e9tico gerado pelas linhas de transmiss\u00e3o de energia que cortam os bairros City Boa\u00e7ava e Alto de Pinheiros. \u00c9 a primeira vez que um tribunal do\u2026","rel":"","context":"Em &quot;X.Categorias velhas&quot;","block_context":{"text":"X.Categorias velhas","link":"https:\/\/www.jornalja.com.br\/arquivo\/category\/x-categorias-velhas\/"},"img":{"alt_text":"","src":"","width":0,"height":0},"classes":[]},{"id":13124,"url":"https:\/\/www.jornalja.com.br\/arquivo\/sangue-latino-no-iecine\/","url_meta":{"origin":58574,"position":3},"title":"Sangue latino no IECINE","author":"da Reda\u00e7\u00e3o","date":"18 de maio de 2014","format":false,"excerpt":"Francisco Ribeiro O Instituto Estadual de Cinema (IECINE) tem a frente, desde abril \u00faltimo, um novo diretor, o cineasta colombiano Juan Zapata, 36, que substitui Luiz Alberto Cassol. Radicado h\u00e1 dez anos em Porto Alegre, Zapata tem diante de si o desafio de conduzir at\u00e9 o final do ano um\u2026","rel":"","context":"Em &quot;Cultura-Geral&quot;","block_context":{"text":"Cultura-Geral","link":"https:\/\/www.jornalja.com.br\/arquivo\/category\/materiasecundaria\/"},"img":{"alt_text":"","src":"","width":0,"height":0},"classes":[]},{"id":13239,"url":"https:\/\/www.jornalja.com.br\/arquivo\/conselho-desdenha-do-plano-diretor\/","url_meta":{"origin":58574,"position":4},"title":"Porto Alegre: Conselho detona Plano Diretor","author":"Patr\u00edcia Marini","date":"25 de maio de 2014","format":false,"excerpt":"Den\u00fancia do arquiteto e \u00a0urbanista Ibir\u00e1 Santos Lucas. Ele diz que os conselheiros est\u00e3o votando com \"enorme irresponsabilidade\". \"Mudam regime com a maior naturalidade,,,regularizam absurdos de constru\u00e7\u00f5es irregulares... \"O CMDUA est\u00e1 flexibilizando a lei do plano diretor, de uma forma impactante na vida da cidade. Mudam regime com a maior\u2026","rel":"","context":"Em &quot;Geral&quot;","block_context":{"text":"Geral","link":"https:\/\/www.jornalja.com.br\/arquivo\/category\/geral\/"},"img":{"alt_text":"","src":"","width":0,"height":0},"classes":[]},{"id":13240,"url":"https:\/\/www.jornalja.com.br\/arquivo\/plano-diretor-estamos-construindo-o-caos\/","url_meta":{"origin":58574,"position":5},"title":"Plano diretor: &quot;Estamos construindo o caos&quot;","author":"Patr\u00edcia Marini","date":"26 de maio de 2014","format":false,"excerpt":"Desabafo que arquiteta Eliana Castilhos, delegada da Regi\u00e3o de Planejamento 1, postou nas redes sociais \u00e9 um testemunho do ambiente que se criou no Conselho do Plano Diretor de Porto Alegre, onde a aprova\u00e7\u00e3o de grandes empreendimentos \u00e9 empurrada guela abaixo dos conselheiros. Ao CMDUA Como delegada da Regi\u00e3o de\u2026","rel":"","context":"Em &quot;Geral&quot;","block_context":{"text":"Geral","link":"https:\/\/www.jornalja.com.br\/arquivo\/category\/geral\/"},"img":{"alt_text":"","src":"","width":0,"height":0},"classes":[]}],"jetpack_shortlink":"https:\/\/wp.me\/pbQjBd-feK","jetpack_featured_media_url":"","_links":{"self":[{"href":"https:\/\/www.jornalja.com.br\/arquivo\/wp-json\/wp\/v2\/posts\/58574","targetHints":{"allow":["GET"]}}],"collection":[{"href":"https:\/\/www.jornalja.com.br\/arquivo\/wp-json\/wp\/v2\/posts"}],"about":[{"href":"https:\/\/www.jornalja.com.br\/arquivo\/wp-json\/wp\/v2\/types\/post"}],"author":[{"embeddable":true,"href":"https:\/\/www.jornalja.com.br\/arquivo\/wp-json\/wp\/v2\/users\/4"}],"replies":[{"embeddable":true,"href":"https:\/\/www.jornalja.com.br\/arquivo\/wp-json\/wp\/v2\/comments?post=58574"}],"version-history":[{"count":0,"href":"https:\/\/www.jornalja.com.br\/arquivo\/wp-json\/wp\/v2\/posts\/58574\/revisions"}],"wp:featuredmedia":[{"embeddable":true,"href":"https:\/\/www.jornalja.com.br\/arquivo\/wp-json\/wp\/v2\/posts\/58574"}],"wp:attachment":[{"href":"https:\/\/www.jornalja.com.br\/arquivo\/wp-json\/wp\/v2\/media?parent=58574"}],"wp:term":[{"taxonomy":"category","embeddable":true,"href":"https:\/\/www.jornalja.com.br\/arquivo\/wp-json\/wp\/v2\/categories?post=58574"},{"taxonomy":"post_tag","embeddable":true,"href":"https:\/\/www.jornalja.com.br\/arquivo\/wp-json\/wp\/v2\/tags?post=58574"}],"curies":[{"name":"wp","href":"https:\/\/api.w.org\/{rel}","templated":true}]}}