{"id":58634,"date":"2017-12-29T11:57:36","date_gmt":"2017-12-29T13:57:36","guid":{"rendered":"https:\/\/www.jornalja.com.br\/?p=58633"},"modified":"2017-12-29T11:57:36","modified_gmt":"2017-12-29T13:57:36","slug":"aumento-na-aliquota-previdenciaria-ja-esta-valendo-em-porto-alegre-2","status":"publish","type":"post","link":"https:\/\/www.jornalja.com.br\/arquivo\/aumento-na-aliquota-previdenciaria-ja-esta-valendo-em-porto-alegre-2\/","title":{"rendered":"Aumento na al\u00edquota previdenci\u00e1ria j\u00e1 est\u00e1 valendo em Porto Alegre"},"content":{"rendered":"<p>Ap\u00f3s pol\u00eamica vota\u00e7\u00e3o em<a href=\"https:\/\/www.jornalja.com.br\/votacao-do-previmpa-tumulto-briga-invasao-e-aprovacao\/\"> julho<\/a>, e at\u00e9 medida judicial que cancelou a sess\u00e3o, mas que j\u00e1 foi <a href=\"https:\/\/www.jornalja.com.br\/justica-mantem-sessao-que-aprovou-aumento-de-aliquota-do-previmpa\/\">cassada<\/a>, a partir deste m\u00eas de dezembro, os servidores municipais de Porto Alegre j\u00e1 recebem seus contracheques com o aumento da al\u00edquota previdenci\u00e1ria, que passa de 11% para 14%.<br \/>\nEm encontro nesta quinta-feira, 28\/12, entre o secret\u00e1rio de Planejamento e Gest\u00e3o, Jos\u00e9 Alfredo Parode, e diretores do Sindicato dos Municip\u00e1rios de Porto Alegre (Simpa), Alberto Terres, Ivan Martins e Hamilton de Farias, foi comunicado a implementa\u00e7\u00e3o da Lei Complementar 818\/2017, que alterou a al\u00edquota previdenci\u00e1ria para os servidores do regime estatut\u00e1rio.<br \/>\nA publica\u00e7\u00e3o da lei ocorreu em 13 de setembro, tendo 90 dias para a entrada em vigor da norma. Parode explicou que foi aplicada al\u00edquota de 11% entre os dias 1\u00ba e 12 de dezembro e de 14% a partir do dia 13 deste m\u00eas bem como para o 13\u00ba sal\u00e1rio.<br \/>\n<span class=\"intertit\">Simpa cobra de prefeitura descontos indevidos\u00a0<\/span><br \/>\nAinda no encontro, os diretores do Simpa apresentaram um of\u00edcio cobrando da prefeitura descontos que os sindicalistas consideram indevidos no contracheque (vale-alimenta\u00e7\u00e3o na greve e Imposto de Renda), o pagamento do 13\u00ba sal\u00e1rio, e at\u00e9 denunciaram persegui\u00e7\u00e3o pol\u00edtica contra os grevistas (retirada de FGs, RDEs e transfer\u00eancias).<br \/>\nParode afirmou que desconhecia as dificuldades dos servidores para obten\u00e7\u00e3o do empr\u00e9stimo do 13\u00ba sal\u00e1rio. Segundo o secret\u00e1rio, neste m\u00eas, em raz\u00e3o da insufici\u00eancia de recursos e de dificuldades na amplia\u00e7\u00e3o de requisitos de sistema, as rubricas de vale alimenta\u00e7\u00e3o, vale extra, f\u00e9rias, horas extras e adicional noturno ser\u00e3o pagas em folha suplementar, no dia 8 de janeiro, para todos os \u00f3rg\u00e3os da administra\u00e7\u00e3o direta, aut\u00e1rquica e fundacional. O custo estimado da opera\u00e7\u00e3o \u00e9 da ordem de R$ 26,4 milh\u00f5es.<br \/>\nJ\u00e1 conforme o Simpa, o governo reconhece o erro praticado contra v\u00e1rios servidores no desconto do IR, mas diz que n\u00e3o colocar\u00e1 comunicado na p\u00e1gina da Prefeitura sobre como os servidores prejudicados devem proceder. O secret\u00e1rio Parode informou que \u00e9 necess\u00e1rio procurar a loja do servidor (Fone 3289-1240) e comunicar, atrav\u00e9s da apresenta\u00e7\u00e3o do contracheque, o desconto indevido. Se o n\u00famero de atingidos por este erro for pequeno, o pagamento poder\u00e1 ser por empenho.<br \/>\n&nbsp;<\/p>\n","protected":false},"excerpt":{"rendered":"<p>Ap\u00f3s pol\u00eamica vota\u00e7\u00e3o em julho, e at\u00e9 medida judicial que cancelou a sess\u00e3o, mas que j\u00e1 foi cassada, a partir deste m\u00eas de dezembro, os servidores municipais de Porto Alegre j\u00e1 recebem seus contracheques com o aumento da al\u00edquota previdenci\u00e1ria, que passa de 11% para 14%. Em encontro nesta quinta-feira, 28\/12, entre o secret\u00e1rio de [&hellip;]<\/p>\n","protected":false},"author":4,"featured_media":58635,"comment_status":"open","ping_status":"closed","sticky":false,"template":"","format":"standard","meta":{"_jetpack_newsletter_access":"","_jetpack_dont_email_post_to_subs":false,"_jetpack_newsletter_tier_id":0,"_jetpack_memberships_contains_paywalled_content":false,"_jetpack_feature_clip_id":0,"_jetpack_memberships_contains_paid_content":false,"footnotes":"","jetpack_post_was_ever_published":false},"categories":[26],"tags":[],"class_list":["post-58634","post","type-post","status-publish","format-standard","has-post-thumbnail","hentry","category-geral"],"aioseo_notices":[],"aioseo_head":"\n\t\t<!-- All in One SEO 5.0.1.1 - aioseo.com -->\n\t<meta name=\"robots\" content=\"max-image-preview:large\" \/>\n\t<meta name=\"author\" content=\"da Reda\u00e7\u00e3o\"\/>\n\t<link rel=\"canonical\" href=\"https:\/\/www.jornalja.com.br\/arquivo\/aumento-na-aliquota-previdenciaria-ja-esta-valendo-em-porto-alegre-2\/\" \/>\n\t<meta name=\"generator\" content=\"All in One SEO (AIOSEO) 5.0.1.1\" \/>\n\t\t<meta property=\"og:locale\" content=\"pt_BR\" \/>\n\t\t<meta property=\"og:site_name\" content=\"Arquivo | Jornal J\u00c1 | Porto Alegre\" \/>\n\t\t<meta property=\"og:type\" content=\"article\" \/>\n\t\t<meta property=\"og:title\" content=\"Aumento na al\u00edquota previdenci\u00e1ria j\u00e1 est\u00e1 valendo em Porto Alegre | Arquivo\" \/>\n\t\t<meta property=\"og:url\" content=\"https:\/\/www.jornalja.com.br\/arquivo\/aumento-na-aliquota-previdenciaria-ja-esta-valendo-em-porto-alegre-2\/\" \/>\n\t\t<meta property=\"og:image\" content=\"https:\/\/www.jornalja.com.br\/economics\/wp-content\/uploads\/sites\/11\/2026\/08\/ja-folhaderosto-facebook.jpg\" \/>\n\t\t<meta property=\"og:image:secure_url\" content=\"https:\/\/www.jornalja.com.br\/economics\/wp-content\/uploads\/sites\/11\/2026\/08\/ja-folhaderosto-facebook.jpg\" \/>\n\t\t<meta property=\"article:published_time\" content=\"2017-12-29T13:57:36+00:00\" \/>\n\t\t<meta property=\"article:modified_time\" content=\"2017-12-29T13:57:36+00:00\" \/>\n\t\t<meta name=\"twitter:card\" content=\"summary\" \/>\n\t\t<meta name=\"twitter:title\" content=\"Aumento na al\u00edquota previdenci\u00e1ria j\u00e1 est\u00e1 valendo em Porto Alegre | Arquivo\" \/>\n\t\t<meta name=\"twitter:image\" content=\"https:\/\/www.jornalja.com.br\/economics\/wp-content\/uploads\/sites\/11\/2026\/08\/ja-folhaderosto-facebook.jpg\" \/>\n\t\t<script type=\"application\/ld+json\" class=\"aioseo-schema\">\n\t\t\t{\"@context\":\"https:\\\/\\\/schema.org\",\"@graph\":[{\"@type\":\"BlogPosting\",\"@id\":\"https:\\\/\\\/www.jornalja.com.br\\\/arquivo\\\/aumento-na-aliquota-previdenciaria-ja-esta-valendo-em-porto-alegre-2\\\/#blogposting\",\"name\":\"Aumento na al\\u00edquota previdenci\\u00e1ria j\\u00e1 est\\u00e1 valendo em Porto Alegre | Arquivo\",\"headline\":\"Aumento na al\\u00edquota previdenci\\u00e1ria j\\u00e1 est\\u00e1 valendo em Porto Alegre\",\"author\":{\"@id\":\"https:\\\/\\\/www.jornalja.com.br\\\/arquivo\\\/author\\\/daredacao\\\/#author\"},\"publisher\":{\"@id\":\"https:\\\/\\\/www.jornalja.com.br\\\/arquivo\\\/#organization\"},\"image\":{\"@type\":\"ImageObject\",\"url\":58635},\"datePublished\":\"2017-12-29T11:57:36-02:00\",\"dateModified\":\"2017-12-29T11:57:36-02:00\",\"inLanguage\":\"pt-BR\",\"mainEntityOfPage\":{\"@id\":\"https:\\\/\\\/www.jornalja.com.br\\\/arquivo\\\/aumento-na-aliquota-previdenciaria-ja-esta-valendo-em-porto-alegre-2\\\/#webpage\"},\"isPartOf\":{\"@id\":\"https:\\\/\\\/www.jornalja.com.br\\\/arquivo\\\/aumento-na-aliquota-previdenciaria-ja-esta-valendo-em-porto-alegre-2\\\/#webpage\"},\"articleSection\":\"Geral\"},{\"@type\":\"BreadcrumbList\",\"@id\":\"https:\\\/\\\/www.jornalja.com.br\\\/arquivo\\\/aumento-na-aliquota-previdenciaria-ja-esta-valendo-em-porto-alegre-2\\\/#breadcrumblist\",\"itemListElement\":[{\"@type\":\"ListItem\",\"@id\":\"https:\\\/\\\/www.jornalja.com.br\\\/arquivo#listItem\",\"position\":1,\"name\":\"Home\",\"item\":\"https:\\\/\\\/www.jornalja.com.br\\\/arquivo\",\"nextItem\":{\"@type\":\"ListItem\",\"@id\":\"https:\\\/\\\/www.jornalja.com.br\\\/arquivo\\\/category\\\/geral\\\/#listItem\",\"name\":\"Geral\"}},{\"@type\":\"ListItem\",\"@id\":\"https:\\\/\\\/www.jornalja.com.br\\\/arquivo\\\/category\\\/geral\\\/#listItem\",\"position\":2,\"name\":\"Geral\",\"item\":\"https:\\\/\\\/www.jornalja.com.br\\\/arquivo\\\/category\\\/geral\\\/\",\"nextItem\":{\"@type\":\"ListItem\",\"@id\":\"https:\\\/\\\/www.jornalja.com.br\\\/arquivo\\\/aumento-na-aliquota-previdenciaria-ja-esta-valendo-em-porto-alegre-2\\\/#listItem\",\"name\":\"Aumento na al\\u00edquota previdenci\\u00e1ria j\\u00e1 est\\u00e1 valendo em Porto Alegre\"},\"previousItem\":{\"@type\":\"ListItem\",\"@id\":\"https:\\\/\\\/www.jornalja.com.br\\\/arquivo#listItem\",\"name\":\"Home\"}},{\"@type\":\"ListItem\",\"@id\":\"https:\\\/\\\/www.jornalja.com.br\\\/arquivo\\\/aumento-na-aliquota-previdenciaria-ja-esta-valendo-em-porto-alegre-2\\\/#listItem\",\"position\":3,\"name\":\"Aumento na al\\u00edquota previdenci\\u00e1ria j\\u00e1 est\\u00e1 valendo em Porto Alegre\",\"previousItem\":{\"@type\":\"ListItem\",\"@id\":\"https:\\\/\\\/www.jornalja.com.br\\\/arquivo\\\/category\\\/geral\\\/#listItem\",\"name\":\"Geral\"}}]},{\"@type\":\"Organization\",\"@id\":\"https:\\\/\\\/www.jornalja.com.br\\\/arquivo\\\/#organization\",\"name\":\"Jornal J\\u00c1\",\"description\":\"Jornal J\\u00c1 | Porto Alegre\",\"url\":\"https:\\\/\\\/www.jornalja.com.br\\\/arquivo\\\/\",\"telephone\":\"+555133307272\",\"logo\":{\"@type\":\"ImageObject\",\"url\":\"https:\\\/\\\/www.jornalja.com.br\\\/wp-content\\\/uploads\\\/cards\\\/JAslogan.png\",\"@id\":\"https:\\\/\\\/www.jornalja.com.br\\\/arquivo\\\/aumento-na-aliquota-previdenciaria-ja-esta-valendo-em-porto-alegre-2\\\/#organizationLogo\"},\"image\":{\"@id\":\"https:\\\/\\\/www.jornalja.com.br\\\/arquivo\\\/aumento-na-aliquota-previdenciaria-ja-esta-valendo-em-porto-alegre-2\\\/#organizationLogo\"}},{\"@type\":\"Person\",\"@id\":\"https:\\\/\\\/www.jornalja.com.br\\\/arquivo\\\/author\\\/daredacao\\\/#author\",\"url\":\"https:\\\/\\\/www.jornalja.com.br\\\/arquivo\\\/author\\\/daredacao\\\/\",\"name\":\"da Reda\\u00e7\\u00e3o\",\"image\":{\"@type\":\"ImageObject\",\"@id\":\"https:\\\/\\\/www.jornalja.com.br\\\/arquivo\\\/aumento-na-aliquota-previdenciaria-ja-esta-valendo-em-porto-alegre-2\\\/#authorImage\",\"url\":\"https:\\\/\\\/secure.gravatar.com\\\/avatar\\\/469fd857d6605ad19919d27ed29d35a968a25f6e8fd9318356bbb7f57aae9c65?s=96&d=mm&r=g\",\"width\":96,\"height\":96,\"caption\":\"da Reda\\u00e7\\u00e3o\"}},{\"@type\":\"WebPage\",\"@id\":\"https:\\\/\\\/www.jornalja.com.br\\\/arquivo\\\/aumento-na-aliquota-previdenciaria-ja-esta-valendo-em-porto-alegre-2\\\/#webpage\",\"url\":\"https:\\\/\\\/www.jornalja.com.br\\\/arquivo\\\/aumento-na-aliquota-previdenciaria-ja-esta-valendo-em-porto-alegre-2\\\/\",\"name\":\"Aumento na al\\u00edquota previdenci\\u00e1ria j\\u00e1 est\\u00e1 valendo em Porto Alegre | Arquivo\",\"inLanguage\":\"pt-BR\",\"isPartOf\":{\"@id\":\"https:\\\/\\\/www.jornalja.com.br\\\/arquivo\\\/#website\"},\"breadcrumb\":{\"@id\":\"https:\\\/\\\/www.jornalja.com.br\\\/arquivo\\\/aumento-na-aliquota-previdenciaria-ja-esta-valendo-em-porto-alegre-2\\\/#breadcrumblist\"},\"author\":{\"@id\":\"https:\\\/\\\/www.jornalja.com.br\\\/arquivo\\\/author\\\/daredacao\\\/#author\"},\"creator\":{\"@id\":\"https:\\\/\\\/www.jornalja.com.br\\\/arquivo\\\/author\\\/daredacao\\\/#author\"},\"image\":{\"@type\":\"ImageObject\",\"url\":58635,\"@id\":\"https:\\\/\\\/www.jornalja.com.br\\\/arquivo\\\/aumento-na-aliquota-previdenciaria-ja-esta-valendo-em-porto-alegre-2\\\/#mainImage\"},\"primaryImageOfPage\":{\"@id\":\"https:\\\/\\\/www.jornalja.com.br\\\/arquivo\\\/aumento-na-aliquota-previdenciaria-ja-esta-valendo-em-porto-alegre-2\\\/#mainImage\"},\"datePublished\":\"2017-12-29T11:57:36-02:00\",\"dateModified\":\"2017-12-29T11:57:36-02:00\"},{\"@type\":\"WebSite\",\"@id\":\"https:\\\/\\\/www.jornalja.com.br\\\/arquivo\\\/#website\",\"url\":\"https:\\\/\\\/www.jornalja.com.br\\\/arquivo\\\/\",\"name\":\"Arquivo\",\"description\":\"Jornal J\\u00c1 | Porto Alegre\",\"inLanguage\":\"pt-BR\",\"publisher\":{\"@id\":\"https:\\\/\\\/www.jornalja.com.br\\\/arquivo\\\/#organization\"}}]}\n\t\t<\/script>\n\t\t<!-- All in One SEO -->\n\n","aioseo_head_json":{"title":"Aumento na al\u00edquota previdenci\u00e1ria j\u00e1 est\u00e1 valendo em Porto Alegre | Arquivo","description":"","canonical_url":"https:\/\/www.jornalja.com.br\/arquivo\/aumento-na-aliquota-previdenciaria-ja-esta-valendo-em-porto-alegre-2\/","robots":"max-image-preview:large","keywords":"","webmasterTools":{"miscellaneous":""},"schema":{"@context":"https:\/\/schema.org","@graph":[{"@type":"BlogPosting","@id":"https:\/\/www.jornalja.com.br\/arquivo\/aumento-na-aliquota-previdenciaria-ja-esta-valendo-em-porto-alegre-2\/#blogposting","name":"Aumento na al\u00edquota previdenci\u00e1ria j\u00e1 est\u00e1 valendo em Porto Alegre | Arquivo","headline":"Aumento na al\u00edquota previdenci\u00e1ria j\u00e1 est\u00e1 valendo em Porto Alegre","author":{"@id":"https:\/\/www.jornalja.com.br\/arquivo\/author\/daredacao\/#author"},"publisher":{"@id":"https:\/\/www.jornalja.com.br\/arquivo\/#organization"},"image":{"@type":"ImageObject","url":58635},"datePublished":"2017-12-29T11:57:36-02:00","dateModified":"2017-12-29T11:57:36-02:00","inLanguage":"pt-BR","mainEntityOfPage":{"@id":"https:\/\/www.jornalja.com.br\/arquivo\/aumento-na-aliquota-previdenciaria-ja-esta-valendo-em-porto-alegre-2\/#webpage"},"isPartOf":{"@id":"https:\/\/www.jornalja.com.br\/arquivo\/aumento-na-aliquota-previdenciaria-ja-esta-valendo-em-porto-alegre-2\/#webpage"},"articleSection":"Geral"},{"@type":"BreadcrumbList","@id":"https:\/\/www.jornalja.com.br\/arquivo\/aumento-na-aliquota-previdenciaria-ja-esta-valendo-em-porto-alegre-2\/#breadcrumblist","itemListElement":[{"@type":"ListItem","@id":"https:\/\/www.jornalja.com.br\/arquivo#listItem","position":1,"name":"Home","item":"https:\/\/www.jornalja.com.br\/arquivo","nextItem":{"@type":"ListItem","@id":"https:\/\/www.jornalja.com.br\/arquivo\/category\/geral\/#listItem","name":"Geral"}},{"@type":"ListItem","@id":"https:\/\/www.jornalja.com.br\/arquivo\/category\/geral\/#listItem","position":2,"name":"Geral","item":"https:\/\/www.jornalja.com.br\/arquivo\/category\/geral\/","nextItem":{"@type":"ListItem","@id":"https:\/\/www.jornalja.com.br\/arquivo\/aumento-na-aliquota-previdenciaria-ja-esta-valendo-em-porto-alegre-2\/#listItem","name":"Aumento na al\u00edquota previdenci\u00e1ria j\u00e1 est\u00e1 valendo em Porto Alegre"},"previousItem":{"@type":"ListItem","@id":"https:\/\/www.jornalja.com.br\/arquivo#listItem","name":"Home"}},{"@type":"ListItem","@id":"https:\/\/www.jornalja.com.br\/arquivo\/aumento-na-aliquota-previdenciaria-ja-esta-valendo-em-porto-alegre-2\/#listItem","position":3,"name":"Aumento na al\u00edquota previdenci\u00e1ria j\u00e1 est\u00e1 valendo em Porto Alegre","previousItem":{"@type":"ListItem","@id":"https:\/\/www.jornalja.com.br\/arquivo\/category\/geral\/#listItem","name":"Geral"}}]},{"@type":"Organization","@id":"https:\/\/www.jornalja.com.br\/arquivo\/#organization","name":"Jornal J\u00c1","description":"Jornal J\u00c1 | Porto Alegre","url":"https:\/\/www.jornalja.com.br\/arquivo\/","telephone":"+555133307272","logo":{"@type":"ImageObject","url":"https:\/\/www.jornalja.com.br\/wp-content\/uploads\/cards\/JAslogan.png","@id":"https:\/\/www.jornalja.com.br\/arquivo\/aumento-na-aliquota-previdenciaria-ja-esta-valendo-em-porto-alegre-2\/#organizationLogo"},"image":{"@id":"https:\/\/www.jornalja.com.br\/arquivo\/aumento-na-aliquota-previdenciaria-ja-esta-valendo-em-porto-alegre-2\/#organizationLogo"}},{"@type":"Person","@id":"https:\/\/www.jornalja.com.br\/arquivo\/author\/daredacao\/#author","url":"https:\/\/www.jornalja.com.br\/arquivo\/author\/daredacao\/","name":"da Reda\u00e7\u00e3o","image":{"@type":"ImageObject","@id":"https:\/\/www.jornalja.com.br\/arquivo\/aumento-na-aliquota-previdenciaria-ja-esta-valendo-em-porto-alegre-2\/#authorImage","url":"https:\/\/secure.gravatar.com\/avatar\/469fd857d6605ad19919d27ed29d35a968a25f6e8fd9318356bbb7f57aae9c65?s=96&d=mm&r=g","width":96,"height":96,"caption":"da Reda\u00e7\u00e3o"}},{"@type":"WebPage","@id":"https:\/\/www.jornalja.com.br\/arquivo\/aumento-na-aliquota-previdenciaria-ja-esta-valendo-em-porto-alegre-2\/#webpage","url":"https:\/\/www.jornalja.com.br\/arquivo\/aumento-na-aliquota-previdenciaria-ja-esta-valendo-em-porto-alegre-2\/","name":"Aumento na al\u00edquota previdenci\u00e1ria j\u00e1 est\u00e1 valendo em Porto Alegre | Arquivo","inLanguage":"pt-BR","isPartOf":{"@id":"https:\/\/www.jornalja.com.br\/arquivo\/#website"},"breadcrumb":{"@id":"https:\/\/www.jornalja.com.br\/arquivo\/aumento-na-aliquota-previdenciaria-ja-esta-valendo-em-porto-alegre-2\/#breadcrumblist"},"author":{"@id":"https:\/\/www.jornalja.com.br\/arquivo\/author\/daredacao\/#author"},"creator":{"@id":"https:\/\/www.jornalja.com.br\/arquivo\/author\/daredacao\/#author"},"image":{"@type":"ImageObject","url":58635,"@id":"https:\/\/www.jornalja.com.br\/arquivo\/aumento-na-aliquota-previdenciaria-ja-esta-valendo-em-porto-alegre-2\/#mainImage"},"primaryImageOfPage":{"@id":"https:\/\/www.jornalja.com.br\/arquivo\/aumento-na-aliquota-previdenciaria-ja-esta-valendo-em-porto-alegre-2\/#mainImage"},"datePublished":"2017-12-29T11:57:36-02:00","dateModified":"2017-12-29T11:57:36-02:00"},{"@type":"WebSite","@id":"https:\/\/www.jornalja.com.br\/arquivo\/#website","url":"https:\/\/www.jornalja.com.br\/arquivo\/","name":"Arquivo","description":"Jornal J\u00c1 | Porto Alegre","inLanguage":"pt-BR","publisher":{"@id":"https:\/\/www.jornalja.com.br\/arquivo\/#organization"}}]},"og:locale":"pt_BR","og:site_name":"Arquivo | Jornal J\u00c1 | Porto Alegre","og:type":"article","og:title":"Aumento na al\u00edquota previdenci\u00e1ria j\u00e1 est\u00e1 valendo em Porto Alegre | Arquivo","og:url":"https:\/\/www.jornalja.com.br\/arquivo\/aumento-na-aliquota-previdenciaria-ja-esta-valendo-em-porto-alegre-2\/","og:image":"https:\/\/www.jornalja.com.br\/economics\/wp-content\/uploads\/sites\/11\/2026\/08\/ja-folhaderosto-facebook.jpg","og:image:secure_url":"https:\/\/www.jornalja.com.br\/economics\/wp-content\/uploads\/sites\/11\/2026\/08\/ja-folhaderosto-facebook.jpg","article:published_time":"2017-12-29T13:57:36+00:00","article:modified_time":"2017-12-29T13:57:36+00:00","twitter:card":"summary","twitter:title":"Aumento na al\u00edquota previdenci\u00e1ria j\u00e1 est\u00e1 valendo em Porto Alegre | Arquivo","twitter:image":"https:\/\/www.jornalja.com.br\/economics\/wp-content\/uploads\/sites\/11\/2026\/08\/ja-folhaderosto-facebook.jpg"},"aioseo_meta_data":{"post_id":"58634","title":null,"description":null,"keywords":null,"keyphrases":null,"primary_term":null,"canonical_url":null,"og_title":null,"og_description":null,"og_object_type":"default","og_image_type":"default","og_image_url":null,"og_image_width":null,"og_image_height":null,"og_image_custom_url":null,"og_image_custom_fields":null,"og_video":null,"og_custom_url":null,"og_article_section":null,"og_article_tags":null,"twitter_use_og":false,"twitter_card":"default","twitter_image_type":"default","twitter_image_url":null,"twitter_image_custom_url":null,"twitter_image_custom_fields":null,"twitter_title":null,"twitter_description":null,"schema":{"blockGraphs":[],"customGraphs":[],"default":{"data":{"Article":[],"Course":[],"Dataset":[],"FAQPage":[],"Movie":[],"Person":[],"Product":[],"ProductReview":[],"Car":[],"Recipe":[],"Service":[],"SoftwareApplication":[],"WebPage":[]},"graphName":"","isEnabled":true},"graphs":[],"defaultGraph":"","defaultPostTypeGraph":""},"schema_type":null,"schema_type_options":null,"pillar_content":false,"robots_default":true,"robots_noindex":false,"robots_noarchive":false,"robots_nosnippet":false,"robots_nofollow":false,"robots_noimageindex":false,"robots_noodp":false,"robots_notranslate":false,"robots_max_snippet":null,"robots_max_videopreview":null,"robots_max_imagepreview":"large","priority":null,"frequency":null,"location":null,"local_seo":null,"breadcrumb_settings":null,"limit_modified_date":false,"ai":null,"created":"2020-12-20 20:18:57","updated":"2025-07-20 03:04:00","seo_analyzer_scan_date":null,"focus_keyword":null,"additional_keywords":null,"truseo_locale":null},"jetpack_sharing_enabled":true,"jetpack-related-posts":[{"id":1280,"url":"https:\/\/www.jornalja.com.br\/arquivo\/o-menino-que-se-tornou-brizola\/","url_meta":{"origin":58634,"position":0},"title":"O Menino que se Tornou Brizola","author":"da Reda\u00e7\u00e3o","date":"28 de julho de 2008","format":false,"excerpt":"Autor: Cleber Dioni A vida de Leonel Brizola, com \u00eanfase para os primeiros anos em Porto Alegre, at\u00e9 o ex\u00edlio no Uruguai e a volta, quinze anos depois. \u00a0\"...\u00c9ramos todos jovens e nos identific\u00e1vamos com aquela massa an\u00f4nima a percorrer as ruas de Porto Alegre, gritando 'Get\u00falio', 'Get\u00falio' e empunhando\u2026","rel":"","context":"Em &quot;Livros&quot;","block_context":{"text":"Livros","link":"https:\/\/www.jornalja.com.br\/arquivo\/category\/livros\/"},"img":{"alt_text":"","src":"https:\/\/i0.wp.com\/www.jornalja.com.br\/wp-content\/uploads\/2008\/07\/brizola.gif?resize=350%2C200&ssl=1","width":350,"height":200},"classes":[]},{"id":13240,"url":"https:\/\/www.jornalja.com.br\/arquivo\/plano-diretor-estamos-construindo-o-caos\/","url_meta":{"origin":58634,"position":1},"title":"Plano diretor: &quot;Estamos construindo o caos&quot;","author":"Patr\u00edcia Marini","date":"26 de maio de 2014","format":false,"excerpt":"Desabafo que arquiteta Eliana Castilhos, delegada da Regi\u00e3o de Planejamento 1, postou nas redes sociais \u00e9 um testemunho do ambiente que se criou no Conselho do Plano Diretor de Porto Alegre, onde a aprova\u00e7\u00e3o de grandes empreendimentos \u00e9 empurrada guela abaixo dos conselheiros. Ao CMDUA Como delegada da Regi\u00e3o de\u2026","rel":"","context":"Em &quot;Geral&quot;","block_context":{"text":"Geral","link":"https:\/\/www.jornalja.com.br\/arquivo\/category\/geral\/"},"img":{"alt_text":"","src":"","width":0,"height":0},"classes":[]},{"id":12960,"url":"https:\/\/www.jornalja.com.br\/arquivo\/populacao-culpa-empresas-pela-greve-dos-rodoviarios\/","url_meta":{"origin":58634,"position":2},"title":"Popula\u00e7\u00e3o culpa empresas pela greve","author":"Patr\u00edcia Marini","date":"14 de fevereiro de 2014","format":false,"excerpt":"Pesquisa divulgada na edi\u00e7\u00e3o do jornal Metro desta sexta-feira,14, comprova o velho ditado: \u00e9 poss\u00edvel enganar muitos por algum tempo, mas n\u00e3o \u00e9 poss\u00edvel enganar a todos o tempo inteiro. A principal revela\u00e7\u00e3o foi que 59,8% dos entrevistados apontaram as empresas como as principais respons\u00e1veis pela grave e 46% culparam\u2026","rel":"","context":"Em &quot;X.Categorias velhas&quot;","block_context":{"text":"X.Categorias velhas","link":"https:\/\/www.jornalja.com.br\/arquivo\/category\/x-categorias-velhas\/"},"img":{"alt_text":"","src":"","width":0,"height":0},"classes":[]},{"id":13124,"url":"https:\/\/www.jornalja.com.br\/arquivo\/sangue-latino-no-iecine\/","url_meta":{"origin":58634,"position":3},"title":"Sangue latino no IECINE","author":"da Reda\u00e7\u00e3o","date":"18 de maio de 2014","format":false,"excerpt":"Francisco Ribeiro O Instituto Estadual de Cinema (IECINE) tem a frente, desde abril \u00faltimo, um novo diretor, o cineasta colombiano Juan Zapata, 36, que substitui Luiz Alberto Cassol. Radicado h\u00e1 dez anos em Porto Alegre, Zapata tem diante de si o desafio de conduzir at\u00e9 o final do ano um\u2026","rel":"","context":"Em &quot;Cultura-Geral&quot;","block_context":{"text":"Cultura-Geral","link":"https:\/\/www.jornalja.com.br\/arquivo\/category\/materiasecundaria\/"},"img":{"alt_text":"","src":"","width":0,"height":0},"classes":[]},{"id":13239,"url":"https:\/\/www.jornalja.com.br\/arquivo\/conselho-desdenha-do-plano-diretor\/","url_meta":{"origin":58634,"position":4},"title":"Porto Alegre: Conselho detona Plano Diretor","author":"Patr\u00edcia Marini","date":"25 de maio de 2014","format":false,"excerpt":"Den\u00fancia do arquiteto e \u00a0urbanista Ibir\u00e1 Santos Lucas. Ele diz que os conselheiros est\u00e3o votando com \"enorme irresponsabilidade\". \"Mudam regime com a maior naturalidade,,,regularizam absurdos de constru\u00e7\u00f5es irregulares... \"O CMDUA est\u00e1 flexibilizando a lei do plano diretor, de uma forma impactante na vida da cidade. Mudam regime com a maior\u2026","rel":"","context":"Em &quot;Geral&quot;","block_context":{"text":"Geral","link":"https:\/\/www.jornalja.com.br\/arquivo\/category\/geral\/"},"img":{"alt_text":"","src":"","width":0,"height":0},"classes":[]},{"id":5440,"url":"https:\/\/www.jornalja.com.br\/arquivo\/casarao-da-venancio-destino-permanece-incerto\/","url_meta":{"origin":58634,"position":5},"title":"Estado ainda n\u00e3o sabe o que fazer com casar\u00e3o abandonado h\u00e1 20 anos","author":"Elmar Bones","date":"6 de julho de 2009","format":false,"excerpt":"O casar\u00e3o amarelo, numa esquina nobre de Porto Alegre (Ven\u00e2ncio Aires com Jo\u00e3o Pessoa), j\u00e1 abrigou uma escola. H\u00e1 duas d\u00e9cadas, pelo menos, est\u00e1 abandonado, porque seu propriet\u00e1rio, o governo do Estado do Rio Grande do Sul, n\u00e3o consegue achar um destino para ele. Planos n\u00e3o faltaram. O governador Ol\u00edvio\u2026","rel":"","context":"Em &quot;X.Categorias velhas&quot;","block_context":{"text":"X.Categorias velhas","link":"https:\/\/www.jornalja.com.br\/arquivo\/category\/x-categorias-velhas\/"},"img":{"alt_text":"geraldo1","src":"https:\/\/i0.wp.com\/www.jornalja.com.br\/wp-content\/uploads\/2009\/07\/geraldo1.jpg?resize=350%2C200&ssl=1","width":350,"height":200},"classes":[]}],"jetpack_shortlink":"https:\/\/wp.me\/pbQjBd-ffI","jetpack_featured_media_url":"","_links":{"self":[{"href":"https:\/\/www.jornalja.com.br\/arquivo\/wp-json\/wp\/v2\/posts\/58634","targetHints":{"allow":["GET"]}}],"collection":[{"href":"https:\/\/www.jornalja.com.br\/arquivo\/wp-json\/wp\/v2\/posts"}],"about":[{"href":"https:\/\/www.jornalja.com.br\/arquivo\/wp-json\/wp\/v2\/types\/post"}],"author":[{"embeddable":true,"href":"https:\/\/www.jornalja.com.br\/arquivo\/wp-json\/wp\/v2\/users\/4"}],"replies":[{"embeddable":true,"href":"https:\/\/www.jornalja.com.br\/arquivo\/wp-json\/wp\/v2\/comments?post=58634"}],"version-history":[{"count":0,"href":"https:\/\/www.jornalja.com.br\/arquivo\/wp-json\/wp\/v2\/posts\/58634\/revisions"}],"wp:attachment":[{"href":"https:\/\/www.jornalja.com.br\/arquivo\/wp-json\/wp\/v2\/media?parent=58634"}],"wp:term":[{"taxonomy":"category","embeddable":true,"href":"https:\/\/www.jornalja.com.br\/arquivo\/wp-json\/wp\/v2\/categories?post=58634"},{"taxonomy":"post_tag","embeddable":true,"href":"https:\/\/www.jornalja.com.br\/arquivo\/wp-json\/wp\/v2\/tags?post=58634"}],"curies":[{"name":"wp","href":"https:\/\/api.w.org\/{rel}","templated":true}]}}