{"id":58672,"date":"2018-01-02T20:04:47","date_gmt":"2018-01-02T22:04:47","guid":{"rendered":"https:\/\/www.jornalja.com.br\/?p=58672"},"modified":"2018-01-02T20:04:47","modified_gmt":"2018-01-02T22:04:47","slug":"nem-com-ameaca-de-prisao-policiais-voltam-as-ruas-no-rn","status":"publish","type":"post","link":"https:\/\/www.jornalja.com.br\/arquivo\/nem-com-ameaca-de-prisao-policiais-voltam-as-ruas-no-rn\/","title":{"rendered":"Nem com amea\u00e7a de pris\u00e3o policiais voltam \u00e0s ruas no RN"},"content":{"rendered":"<p>Dois dias ap\u00f3s o Tribunal de Justi\u00e7a declarar ilegal a greve de policiais civis e militares, o governo do Rio Grande do Norte anunciou a pris\u00e3o de quem n\u00e3o voltasse ao trabalho na manh\u00e3 desta ter\u00e7a-feira.<br \/>\nAs pol\u00edcias est\u00e3o aquarteladas, atendendo apenas casos de emerg\u00eancia, desde 19 de dezembro, em protesto pelo atraso dos sal\u00e1rios e o n\u00e3o pagamento do 13\u00ba.<br \/>\nAt\u00e9 o meio dia, no entanto, apenas o expediente interno nas reparti\u00e7\u00f5es e nos quarteis havia sido retomado. O policiamento das ruas estaria sendo impedido pela falta de viaturas em condi\u00e7\u00f5es de opera\u00e7\u00e3o.<br \/>\n\u00c0 tarde, em Assembl\u00e9ia, o Sindicato dos Policiais decidiu manter a paralisa\u00e7\u00e3o, marcando um protesto para a manh\u00e3 desta quarta-feira na frente da Delegacia Geral da Policia Civil. &#8220;N\u00e3o temos o que comer. N\u00e3o temos equil\u00edbrio para trabalhar, n\u00e3o estamos em estado de greve, mas em estado de necessidade\/&#8217;, disse o presidente do Sinpol, delegado Nilton Arruda.<br \/>\nO Rio Grande do Norte fechou o ano com uma m\u00e9dia de seis assassinatos por dia e sob interven\u00e7\u00e3o das For\u00e7as Armadas nas \u00e1reas de seguran\u00e7a.<br \/>\nDesde s\u00e1bado, 30, mais de 2.800 soldados da Forca Nacional de Seguran\u00e7a garantiam o policiamento na capital e nas principais cidades do estado. Mesmo assim, 14 assassinatos foram registrados nos \u00faltimos tr\u00eas dias.<br \/>\nEm 18 meses, esta foi a terceira vez que o governo do Estado recorreu \u00e0s For\u00e7as Armadas para conter a crise na seguran\u00e7a.<br \/>\nSegundo Ivenio Hermes, coordenador do Observat\u00f3rio da Viol\u00eancia que monitora a evolu\u00e7\u00e3o dos crimes no Estado, a causa principal da inseguran\u00e7a que toma conta principalmente da capital, Natal, e da regi\u00e3o metropolitana, est\u00e1 no &#8220;descontrole do sistema prisional&#8221;. O governo n\u00e3o sabe quem \u00e9 quem, nem o que se passa l\u00e1 dentro. \u00c9 l\u00e1 que brota essa viol\u00eancia que explode aqui fora&#8221;.<br \/>\nA falta de condi\u00e7\u00e3o de uso de parte da frota de ve\u00edculos \u00e9 uma das queixas dos policiais militares, que, desde o \u00faltimo dia 19, se negavam a deixar as unidades para fazer rondas a p\u00e9, sem equipamentos de prote\u00e7\u00e3o com condi\u00e7\u00f5es de uso. Policiais, incluindo os civis, tamb\u00e9m exigem o pagamento de sal\u00e1rios atrasados.<br \/>\nDe acordo com a assessoria da PM, o comando militar admite os problemas denunciados pelos policiais, inclusive a obsolesc\u00eancia de parte da frota de viaturas. Por falta de recursos, a corpora\u00e7\u00e3o tem dificuldades at\u00e9 para obter as pe\u00e7as necess\u00e1rias \u00e0 manuten\u00e7\u00e3o das viaturas pertencentes \u00e0 pr\u00f3pria PM. Cerca de 30% dos ve\u00edculos em uso s\u00e3o alugados, de acordo com a assessoria.<br \/>\nDesde o in\u00edcio da paralisa\u00e7\u00e3o, a associa\u00e7\u00e3o que representa a categoria negou que os policiais militares estivessem em greve. Segundo a Asspmbm, a forma que os trabalhadores encontraram para cobrar do governo estadual \u201cdignidade, condi\u00e7\u00f5es legais e financeiras adequadas para o servi\u00e7o de seguran\u00e7a\u201d foi comparecer ao trabalho e permanecer no interior dos batalh\u00f5es, restringindo o policiamento ostensivo.<br \/>\nJ\u00e1 o desembargador Claudio Santos, do TJ-RN, apontou, em sua decis\u00e3o, que a \u201crealiza\u00e7\u00e3o de greve\u201d por parte de integrantes dos \u00f3rg\u00e3os de seguran\u00e7a p\u00fablica \u00e9 inconstitucional, mesmo que o governo estadual n\u00e3o esteja pagando em dia os servidores p\u00fablicos.<br \/>\nAl\u00e9m de determinar o imediato retorno dos policiais ao trabalho, o juiz decretou que as autoridades respons\u00e1veis instaurem processos administrativos para apurar a responsabilidade pelo cometimento de eventuais crimes, \u201cseja de motim, insubordina\u00e7\u00e3o e\/ou desobedi\u00eancia\u201d, a serem conclu\u00eddos no prazo m\u00e1ximo de 30 dias.<br \/>\nO desembargador Claudio Santos ainda autorizou o governo a contratar at\u00e9 50 ve\u00edculos, caracterizados ou n\u00e3o, sem necessidade de licita\u00e7\u00e3o pr\u00e9via, para uso imediato no trabalho de patrulhamento das pol\u00edcias, pelo prazo de at\u00e9 90 dias. E determinou que todas as empresas de transporte p\u00fablico municipal e intermunicipal da regi\u00e3o metropolitana de Natal e de Mossor\u00f3 concedam passagem gratuita a policiais civis e militares, fardados ou n\u00e3o.<br \/>\nO magistrado ainda determinou que o governo estadual deve utilizar os R$ 225 milh\u00f5es repassados pelo governo federal para investimentos em sa\u00fade para pagar, hoje (2), os sal\u00e1rios de todos os funcion\u00e1rios estaduais, especialmente os policiais, conforme j\u00e1 tinha determinado o desembargador Corn\u00e9lio Alves, do TJ-RN, em decis\u00e3o liminar (provis\u00f3ria) anterior.<br \/>\nHoje (2), a\u00a0<a href=\"http:\/\/agenciabrasil.ebc.com.br\/geral\/noticia\/2018-01\/justica-suspende-liminar-que-permitia-rn-pagar-salarios-com-dinheiro-da-saude\">senten\u00e7a do desembargador Corn\u00e9lio Alves foi suspensa<\/a>\u00a0pelo juiz federal, Eduardo Dantas, da 14\u00aa Vara Federal do Rio Grande do Norte, a pedido da Advocacia-Geral da Uni\u00e3o (AGU). A\u00a0<a href=\"http:\/\/agenciabrasil.ebc.com.br\/geral\/noticia\/2018-01\/dodge-quer-que-supremo-proiba-rn-de-usar-recursos-da-saude-para-pagar-salarios\">procuradora-geral da Rep\u00fablica, Raquel Dodge<\/a>, tamb\u00e9m j\u00e1 havia pedido ao Supremo Tribunal Federal (STF) que suspenda a senten\u00e7a liminar do desembargador Corn\u00e9lio Alves. Embora reconhe\u00e7a a \u201csitua\u00e7\u00e3o de calamidade nas contas p\u00fablicas\u201d estaduais, a procuradora-geral sustenta que a medida \u00e9 inconstitucional e que a Justi\u00e7a estadual n\u00e3o teria compet\u00eancia para decidir sobre a destina\u00e7\u00e3o de verbas federais.<br \/>\n<em>(Com informa\u00e7\u00f5es da Ag\u00eancia.Brasil)<\/em><\/p>\n","protected":false},"excerpt":{"rendered":"<p>Dois dias ap\u00f3s o Tribunal de Justi\u00e7a declarar ilegal a greve de policiais civis e militares, o governo do Rio Grande do Norte anunciou a pris\u00e3o de quem n\u00e3o voltasse ao trabalho na manh\u00e3 desta ter\u00e7a-feira. As pol\u00edcias est\u00e3o aquarteladas, atendendo apenas casos de emerg\u00eancia, desde 19 de dezembro, em protesto pelo atraso dos sal\u00e1rios [&hellip;]<\/p>\n","protected":false},"author":4,"featured_media":58704,"comment_status":"open","ping_status":"closed","sticky":false,"template":"","format":"standard","meta":{"_jetpack_newsletter_access":"","_jetpack_dont_email_post_to_subs":false,"_jetpack_newsletter_tier_id":0,"_jetpack_memberships_contains_paywalled_content":false,"_jetpack_feature_clip_id":0,"_jetpack_memberships_contains_paid_content":false,"footnotes":"","jetpack_post_was_ever_published":false},"categories":[26],"tags":[],"class_list":["post-58672","post","type-post","status-publish","format-standard","has-post-thumbnail","hentry","category-geral"],"aioseo_notices":[],"aioseo_head":"\n\t\t<!-- All in One SEO 5.0.1.1 - aioseo.com -->\n\t<meta name=\"robots\" content=\"max-image-preview:large\" \/>\n\t<meta name=\"author\" content=\"da Reda\u00e7\u00e3o\"\/>\n\t<link rel=\"canonical\" href=\"https:\/\/www.jornalja.com.br\/arquivo\/nem-com-ameaca-de-prisao-policiais-voltam-as-ruas-no-rn\/\" \/>\n\t<meta name=\"generator\" content=\"All in One SEO (AIOSEO) 5.0.1.1\" \/>\n\t\t<meta property=\"og:locale\" content=\"pt_BR\" \/>\n\t\t<meta property=\"og:site_name\" content=\"Arquivo | Jornal J\u00c1 | Porto Alegre\" \/>\n\t\t<meta property=\"og:type\" content=\"article\" \/>\n\t\t<meta property=\"og:title\" content=\"Nem com amea\u00e7a de pris\u00e3o policiais voltam \u00e0s ruas no RN | Arquivo\" \/>\n\t\t<meta property=\"og:url\" content=\"https:\/\/www.jornalja.com.br\/arquivo\/nem-com-ameaca-de-prisao-policiais-voltam-as-ruas-no-rn\/\" \/>\n\t\t<meta property=\"og:image\" content=\"https:\/\/www.jornalja.com.br\/economics\/wp-content\/uploads\/sites\/11\/2026\/08\/ja-folhaderosto-facebook.jpg\" \/>\n\t\t<meta property=\"og:image:secure_url\" content=\"https:\/\/www.jornalja.com.br\/economics\/wp-content\/uploads\/sites\/11\/2026\/08\/ja-folhaderosto-facebook.jpg\" \/>\n\t\t<meta property=\"article:published_time\" content=\"2018-01-02T22:04:47+00:00\" \/>\n\t\t<meta property=\"article:modified_time\" content=\"2018-01-02T22:04:47+00:00\" \/>\n\t\t<meta name=\"twitter:card\" content=\"summary\" \/>\n\t\t<meta name=\"twitter:title\" content=\"Nem com amea\u00e7a de pris\u00e3o policiais voltam \u00e0s ruas no RN | Arquivo\" \/>\n\t\t<meta name=\"twitter:image\" content=\"https:\/\/www.jornalja.com.br\/economics\/wp-content\/uploads\/sites\/11\/2026\/08\/ja-folhaderosto-facebook.jpg\" \/>\n\t\t<script type=\"application\/ld+json\" class=\"aioseo-schema\">\n\t\t\t{\"@context\":\"https:\\\/\\\/schema.org\",\"@graph\":[{\"@type\":\"BlogPosting\",\"@id\":\"https:\\\/\\\/www.jornalja.com.br\\\/arquivo\\\/nem-com-ameaca-de-prisao-policiais-voltam-as-ruas-no-rn\\\/#blogposting\",\"name\":\"Nem com amea\\u00e7a de pris\\u00e3o policiais voltam \\u00e0s ruas no RN | Arquivo\",\"headline\":\"Nem com amea\\u00e7a de pris\\u00e3o policiais voltam \\u00e0s ruas no RN\",\"author\":{\"@id\":\"https:\\\/\\\/www.jornalja.com.br\\\/arquivo\\\/author\\\/daredacao\\\/#author\"},\"publisher\":{\"@id\":\"https:\\\/\\\/www.jornalja.com.br\\\/arquivo\\\/#organization\"},\"image\":{\"@type\":\"ImageObject\",\"url\":58704},\"datePublished\":\"2018-01-02T20:04:47-02:00\",\"dateModified\":\"2018-01-02T20:04:47-02:00\",\"inLanguage\":\"pt-BR\",\"mainEntityOfPage\":{\"@id\":\"https:\\\/\\\/www.jornalja.com.br\\\/arquivo\\\/nem-com-ameaca-de-prisao-policiais-voltam-as-ruas-no-rn\\\/#webpage\"},\"isPartOf\":{\"@id\":\"https:\\\/\\\/www.jornalja.com.br\\\/arquivo\\\/nem-com-ameaca-de-prisao-policiais-voltam-as-ruas-no-rn\\\/#webpage\"},\"articleSection\":\"Geral\"},{\"@type\":\"BreadcrumbList\",\"@id\":\"https:\\\/\\\/www.jornalja.com.br\\\/arquivo\\\/nem-com-ameaca-de-prisao-policiais-voltam-as-ruas-no-rn\\\/#breadcrumblist\",\"itemListElement\":[{\"@type\":\"ListItem\",\"@id\":\"https:\\\/\\\/www.jornalja.com.br\\\/arquivo#listItem\",\"position\":1,\"name\":\"Home\",\"item\":\"https:\\\/\\\/www.jornalja.com.br\\\/arquivo\",\"nextItem\":{\"@type\":\"ListItem\",\"@id\":\"https:\\\/\\\/www.jornalja.com.br\\\/arquivo\\\/category\\\/geral\\\/#listItem\",\"name\":\"Geral\"}},{\"@type\":\"ListItem\",\"@id\":\"https:\\\/\\\/www.jornalja.com.br\\\/arquivo\\\/category\\\/geral\\\/#listItem\",\"position\":2,\"name\":\"Geral\",\"item\":\"https:\\\/\\\/www.jornalja.com.br\\\/arquivo\\\/category\\\/geral\\\/\",\"nextItem\":{\"@type\":\"ListItem\",\"@id\":\"https:\\\/\\\/www.jornalja.com.br\\\/arquivo\\\/nem-com-ameaca-de-prisao-policiais-voltam-as-ruas-no-rn\\\/#listItem\",\"name\":\"Nem com amea\\u00e7a de pris\\u00e3o policiais voltam \\u00e0s ruas no RN\"},\"previousItem\":{\"@type\":\"ListItem\",\"@id\":\"https:\\\/\\\/www.jornalja.com.br\\\/arquivo#listItem\",\"name\":\"Home\"}},{\"@type\":\"ListItem\",\"@id\":\"https:\\\/\\\/www.jornalja.com.br\\\/arquivo\\\/nem-com-ameaca-de-prisao-policiais-voltam-as-ruas-no-rn\\\/#listItem\",\"position\":3,\"name\":\"Nem com amea\\u00e7a de pris\\u00e3o policiais voltam \\u00e0s ruas no RN\",\"previousItem\":{\"@type\":\"ListItem\",\"@id\":\"https:\\\/\\\/www.jornalja.com.br\\\/arquivo\\\/category\\\/geral\\\/#listItem\",\"name\":\"Geral\"}}]},{\"@type\":\"Organization\",\"@id\":\"https:\\\/\\\/www.jornalja.com.br\\\/arquivo\\\/#organization\",\"name\":\"Jornal J\\u00c1\",\"description\":\"Jornal J\\u00c1 | Porto Alegre\",\"url\":\"https:\\\/\\\/www.jornalja.com.br\\\/arquivo\\\/\",\"telephone\":\"+555133307272\",\"logo\":{\"@type\":\"ImageObject\",\"url\":\"https:\\\/\\\/www.jornalja.com.br\\\/wp-content\\\/uploads\\\/cards\\\/JAslogan.png\",\"@id\":\"https:\\\/\\\/www.jornalja.com.br\\\/arquivo\\\/nem-com-ameaca-de-prisao-policiais-voltam-as-ruas-no-rn\\\/#organizationLogo\"},\"image\":{\"@id\":\"https:\\\/\\\/www.jornalja.com.br\\\/arquivo\\\/nem-com-ameaca-de-prisao-policiais-voltam-as-ruas-no-rn\\\/#organizationLogo\"}},{\"@type\":\"Person\",\"@id\":\"https:\\\/\\\/www.jornalja.com.br\\\/arquivo\\\/author\\\/daredacao\\\/#author\",\"url\":\"https:\\\/\\\/www.jornalja.com.br\\\/arquivo\\\/author\\\/daredacao\\\/\",\"name\":\"da Reda\\u00e7\\u00e3o\",\"image\":{\"@type\":\"ImageObject\",\"@id\":\"https:\\\/\\\/www.jornalja.com.br\\\/arquivo\\\/nem-com-ameaca-de-prisao-policiais-voltam-as-ruas-no-rn\\\/#authorImage\",\"url\":\"https:\\\/\\\/secure.gravatar.com\\\/avatar\\\/469fd857d6605ad19919d27ed29d35a968a25f6e8fd9318356bbb7f57aae9c65?s=96&d=mm&r=g\",\"width\":96,\"height\":96,\"caption\":\"da Reda\\u00e7\\u00e3o\"}},{\"@type\":\"WebPage\",\"@id\":\"https:\\\/\\\/www.jornalja.com.br\\\/arquivo\\\/nem-com-ameaca-de-prisao-policiais-voltam-as-ruas-no-rn\\\/#webpage\",\"url\":\"https:\\\/\\\/www.jornalja.com.br\\\/arquivo\\\/nem-com-ameaca-de-prisao-policiais-voltam-as-ruas-no-rn\\\/\",\"name\":\"Nem com amea\\u00e7a de pris\\u00e3o policiais voltam \\u00e0s ruas no RN | Arquivo\",\"inLanguage\":\"pt-BR\",\"isPartOf\":{\"@id\":\"https:\\\/\\\/www.jornalja.com.br\\\/arquivo\\\/#website\"},\"breadcrumb\":{\"@id\":\"https:\\\/\\\/www.jornalja.com.br\\\/arquivo\\\/nem-com-ameaca-de-prisao-policiais-voltam-as-ruas-no-rn\\\/#breadcrumblist\"},\"author\":{\"@id\":\"https:\\\/\\\/www.jornalja.com.br\\\/arquivo\\\/author\\\/daredacao\\\/#author\"},\"creator\":{\"@id\":\"https:\\\/\\\/www.jornalja.com.br\\\/arquivo\\\/author\\\/daredacao\\\/#author\"},\"image\":{\"@type\":\"ImageObject\",\"url\":58704,\"@id\":\"https:\\\/\\\/www.jornalja.com.br\\\/arquivo\\\/nem-com-ameaca-de-prisao-policiais-voltam-as-ruas-no-rn\\\/#mainImage\"},\"primaryImageOfPage\":{\"@id\":\"https:\\\/\\\/www.jornalja.com.br\\\/arquivo\\\/nem-com-ameaca-de-prisao-policiais-voltam-as-ruas-no-rn\\\/#mainImage\"},\"datePublished\":\"2018-01-02T20:04:47-02:00\",\"dateModified\":\"2018-01-02T20:04:47-02:00\"},{\"@type\":\"WebSite\",\"@id\":\"https:\\\/\\\/www.jornalja.com.br\\\/arquivo\\\/#website\",\"url\":\"https:\\\/\\\/www.jornalja.com.br\\\/arquivo\\\/\",\"name\":\"Arquivo\",\"description\":\"Jornal J\\u00c1 | Porto Alegre\",\"inLanguage\":\"pt-BR\",\"publisher\":{\"@id\":\"https:\\\/\\\/www.jornalja.com.br\\\/arquivo\\\/#organization\"}}]}\n\t\t<\/script>\n\t\t<!-- All in One SEO -->\n\n","aioseo_head_json":{"title":"Nem com amea\u00e7a de pris\u00e3o policiais voltam \u00e0s ruas no RN | Arquivo","description":"","canonical_url":"https:\/\/www.jornalja.com.br\/arquivo\/nem-com-ameaca-de-prisao-policiais-voltam-as-ruas-no-rn\/","robots":"max-image-preview:large","keywords":"","webmasterTools":{"miscellaneous":""},"schema":{"@context":"https:\/\/schema.org","@graph":[{"@type":"BlogPosting","@id":"https:\/\/www.jornalja.com.br\/arquivo\/nem-com-ameaca-de-prisao-policiais-voltam-as-ruas-no-rn\/#blogposting","name":"Nem com amea\u00e7a de pris\u00e3o policiais voltam \u00e0s ruas no RN | Arquivo","headline":"Nem com amea\u00e7a de pris\u00e3o policiais voltam \u00e0s ruas no RN","author":{"@id":"https:\/\/www.jornalja.com.br\/arquivo\/author\/daredacao\/#author"},"publisher":{"@id":"https:\/\/www.jornalja.com.br\/arquivo\/#organization"},"image":{"@type":"ImageObject","url":58704},"datePublished":"2018-01-02T20:04:47-02:00","dateModified":"2018-01-02T20:04:47-02:00","inLanguage":"pt-BR","mainEntityOfPage":{"@id":"https:\/\/www.jornalja.com.br\/arquivo\/nem-com-ameaca-de-prisao-policiais-voltam-as-ruas-no-rn\/#webpage"},"isPartOf":{"@id":"https:\/\/www.jornalja.com.br\/arquivo\/nem-com-ameaca-de-prisao-policiais-voltam-as-ruas-no-rn\/#webpage"},"articleSection":"Geral"},{"@type":"BreadcrumbList","@id":"https:\/\/www.jornalja.com.br\/arquivo\/nem-com-ameaca-de-prisao-policiais-voltam-as-ruas-no-rn\/#breadcrumblist","itemListElement":[{"@type":"ListItem","@id":"https:\/\/www.jornalja.com.br\/arquivo#listItem","position":1,"name":"Home","item":"https:\/\/www.jornalja.com.br\/arquivo","nextItem":{"@type":"ListItem","@id":"https:\/\/www.jornalja.com.br\/arquivo\/category\/geral\/#listItem","name":"Geral"}},{"@type":"ListItem","@id":"https:\/\/www.jornalja.com.br\/arquivo\/category\/geral\/#listItem","position":2,"name":"Geral","item":"https:\/\/www.jornalja.com.br\/arquivo\/category\/geral\/","nextItem":{"@type":"ListItem","@id":"https:\/\/www.jornalja.com.br\/arquivo\/nem-com-ameaca-de-prisao-policiais-voltam-as-ruas-no-rn\/#listItem","name":"Nem com amea\u00e7a de pris\u00e3o policiais voltam \u00e0s ruas no RN"},"previousItem":{"@type":"ListItem","@id":"https:\/\/www.jornalja.com.br\/arquivo#listItem","name":"Home"}},{"@type":"ListItem","@id":"https:\/\/www.jornalja.com.br\/arquivo\/nem-com-ameaca-de-prisao-policiais-voltam-as-ruas-no-rn\/#listItem","position":3,"name":"Nem com amea\u00e7a de pris\u00e3o policiais voltam \u00e0s ruas no RN","previousItem":{"@type":"ListItem","@id":"https:\/\/www.jornalja.com.br\/arquivo\/category\/geral\/#listItem","name":"Geral"}}]},{"@type":"Organization","@id":"https:\/\/www.jornalja.com.br\/arquivo\/#organization","name":"Jornal J\u00c1","description":"Jornal J\u00c1 | Porto Alegre","url":"https:\/\/www.jornalja.com.br\/arquivo\/","telephone":"+555133307272","logo":{"@type":"ImageObject","url":"https:\/\/www.jornalja.com.br\/wp-content\/uploads\/cards\/JAslogan.png","@id":"https:\/\/www.jornalja.com.br\/arquivo\/nem-com-ameaca-de-prisao-policiais-voltam-as-ruas-no-rn\/#organizationLogo"},"image":{"@id":"https:\/\/www.jornalja.com.br\/arquivo\/nem-com-ameaca-de-prisao-policiais-voltam-as-ruas-no-rn\/#organizationLogo"}},{"@type":"Person","@id":"https:\/\/www.jornalja.com.br\/arquivo\/author\/daredacao\/#author","url":"https:\/\/www.jornalja.com.br\/arquivo\/author\/daredacao\/","name":"da Reda\u00e7\u00e3o","image":{"@type":"ImageObject","@id":"https:\/\/www.jornalja.com.br\/arquivo\/nem-com-ameaca-de-prisao-policiais-voltam-as-ruas-no-rn\/#authorImage","url":"https:\/\/secure.gravatar.com\/avatar\/469fd857d6605ad19919d27ed29d35a968a25f6e8fd9318356bbb7f57aae9c65?s=96&d=mm&r=g","width":96,"height":96,"caption":"da Reda\u00e7\u00e3o"}},{"@type":"WebPage","@id":"https:\/\/www.jornalja.com.br\/arquivo\/nem-com-ameaca-de-prisao-policiais-voltam-as-ruas-no-rn\/#webpage","url":"https:\/\/www.jornalja.com.br\/arquivo\/nem-com-ameaca-de-prisao-policiais-voltam-as-ruas-no-rn\/","name":"Nem com amea\u00e7a de pris\u00e3o policiais voltam \u00e0s ruas no RN | Arquivo","inLanguage":"pt-BR","isPartOf":{"@id":"https:\/\/www.jornalja.com.br\/arquivo\/#website"},"breadcrumb":{"@id":"https:\/\/www.jornalja.com.br\/arquivo\/nem-com-ameaca-de-prisao-policiais-voltam-as-ruas-no-rn\/#breadcrumblist"},"author":{"@id":"https:\/\/www.jornalja.com.br\/arquivo\/author\/daredacao\/#author"},"creator":{"@id":"https:\/\/www.jornalja.com.br\/arquivo\/author\/daredacao\/#author"},"image":{"@type":"ImageObject","url":58704,"@id":"https:\/\/www.jornalja.com.br\/arquivo\/nem-com-ameaca-de-prisao-policiais-voltam-as-ruas-no-rn\/#mainImage"},"primaryImageOfPage":{"@id":"https:\/\/www.jornalja.com.br\/arquivo\/nem-com-ameaca-de-prisao-policiais-voltam-as-ruas-no-rn\/#mainImage"},"datePublished":"2018-01-02T20:04:47-02:00","dateModified":"2018-01-02T20:04:47-02:00"},{"@type":"WebSite","@id":"https:\/\/www.jornalja.com.br\/arquivo\/#website","url":"https:\/\/www.jornalja.com.br\/arquivo\/","name":"Arquivo","description":"Jornal J\u00c1 | Porto Alegre","inLanguage":"pt-BR","publisher":{"@id":"https:\/\/www.jornalja.com.br\/arquivo\/#organization"}}]},"og:locale":"pt_BR","og:site_name":"Arquivo | Jornal J\u00c1 | Porto Alegre","og:type":"article","og:title":"Nem com amea\u00e7a de pris\u00e3o policiais voltam \u00e0s ruas no RN | Arquivo","og:url":"https:\/\/www.jornalja.com.br\/arquivo\/nem-com-ameaca-de-prisao-policiais-voltam-as-ruas-no-rn\/","og:image":"https:\/\/www.jornalja.com.br\/economics\/wp-content\/uploads\/sites\/11\/2026\/08\/ja-folhaderosto-facebook.jpg","og:image:secure_url":"https:\/\/www.jornalja.com.br\/economics\/wp-content\/uploads\/sites\/11\/2026\/08\/ja-folhaderosto-facebook.jpg","article:published_time":"2018-01-02T22:04:47+00:00","article:modified_time":"2018-01-02T22:04:47+00:00","twitter:card":"summary","twitter:title":"Nem com amea\u00e7a de pris\u00e3o policiais voltam \u00e0s ruas no RN | Arquivo","twitter:image":"https:\/\/www.jornalja.com.br\/economics\/wp-content\/uploads\/sites\/11\/2026\/08\/ja-folhaderosto-facebook.jpg"},"aioseo_meta_data":{"post_id":"58672","title":null,"description":null,"keywords":null,"keyphrases":null,"primary_term":null,"canonical_url":null,"og_title":null,"og_description":null,"og_object_type":"default","og_image_type":"default","og_image_url":null,"og_image_width":null,"og_image_height":null,"og_image_custom_url":null,"og_image_custom_fields":null,"og_video":null,"og_custom_url":null,"og_article_section":null,"og_article_tags":null,"twitter_use_og":false,"twitter_card":"default","twitter_image_type":"default","twitter_image_url":null,"twitter_image_custom_url":null,"twitter_image_custom_fields":null,"twitter_title":null,"twitter_description":null,"schema":{"blockGraphs":[],"customGraphs":[],"default":{"data":{"Article":[],"Course":[],"Dataset":[],"FAQPage":[],"Movie":[],"Person":[],"Product":[],"ProductReview":[],"Car":[],"Recipe":[],"Service":[],"SoftwareApplication":[],"WebPage":[]},"graphName":"","isEnabled":true},"graphs":[],"defaultGraph":"","defaultPostTypeGraph":""},"schema_type":null,"schema_type_options":null,"pillar_content":false,"robots_default":true,"robots_noindex":false,"robots_noarchive":false,"robots_nosnippet":false,"robots_nofollow":false,"robots_noimageindex":false,"robots_noodp":false,"robots_notranslate":false,"robots_max_snippet":null,"robots_max_videopreview":null,"robots_max_imagepreview":"large","priority":null,"frequency":null,"location":null,"local_seo":null,"breadcrumb_settings":null,"limit_modified_date":false,"ai":null,"created":"2020-12-20 20:18:57","updated":"2025-07-20 03:04:55","seo_analyzer_scan_date":null,"focus_keyword":null,"additional_keywords":null,"truseo_locale":null},"jetpack_sharing_enabled":true,"jetpack-related-posts":[{"id":12960,"url":"https:\/\/www.jornalja.com.br\/arquivo\/populacao-culpa-empresas-pela-greve-dos-rodoviarios\/","url_meta":{"origin":58672,"position":0},"title":"Popula\u00e7\u00e3o culpa empresas pela greve","author":"Patr\u00edcia Marini","date":"14 de fevereiro de 2014","format":false,"excerpt":"Pesquisa divulgada na edi\u00e7\u00e3o do jornal Metro desta sexta-feira,14, comprova o velho ditado: \u00e9 poss\u00edvel enganar muitos por algum tempo, mas n\u00e3o \u00e9 poss\u00edvel enganar a todos o tempo inteiro. A principal revela\u00e7\u00e3o foi que 59,8% dos entrevistados apontaram as empresas como as principais respons\u00e1veis pela grave e 46% culparam\u2026","rel":"","context":"Em &quot;X.Categorias velhas&quot;","block_context":{"text":"X.Categorias velhas","link":"https:\/\/www.jornalja.com.br\/arquivo\/category\/x-categorias-velhas\/"},"img":{"alt_text":"","src":"","width":0,"height":0},"classes":[]},{"id":13101,"url":"https:\/\/www.jornalja.com.br\/arquivo\/morre-um-guerreiro-do-texto\/","url_meta":{"origin":58672,"position":1},"title":"Morre um guerreiro do texto","author":"Patr\u00edcia Marini","date":"14 de maio de 2014","format":false,"excerpt":"Por Ricardo Kotscho Reproduzido do blog do autor, 11\/5\/2014; t\u00edtulo original \u201cE l\u00e1 se foi o nosso Myltainho, guerreiro do texto\u201d. Mi\u00fado e franzino, meu amigo Myltainho era um valente e inconformado guerreiro na luta contra as injusti\u00e7as sociais, a hipocrisia, as maracutaias, o autoritarismo, a intoler\u00e2ncia, a viol\u00eancia, o\u2026","rel":"","context":"Em &quot;Geral&quot;","block_context":{"text":"Geral","link":"https:\/\/www.jornalja.com.br\/arquivo\/category\/geral\/"},"img":{"alt_text":"","src":"","width":0,"height":0},"classes":[]},{"id":1280,"url":"https:\/\/www.jornalja.com.br\/arquivo\/o-menino-que-se-tornou-brizola\/","url_meta":{"origin":58672,"position":2},"title":"O Menino que se Tornou Brizola","author":"da Reda\u00e7\u00e3o","date":"28 de julho de 2008","format":false,"excerpt":"Autor: Cleber Dioni A vida de Leonel Brizola, com \u00eanfase para os primeiros anos em Porto Alegre, at\u00e9 o ex\u00edlio no Uruguai e a volta, quinze anos depois. \u00a0\"...\u00c9ramos todos jovens e nos identific\u00e1vamos com aquela massa an\u00f4nima a percorrer as ruas de Porto Alegre, gritando 'Get\u00falio', 'Get\u00falio' e empunhando\u2026","rel":"","context":"Em &quot;Livros&quot;","block_context":{"text":"Livros","link":"https:\/\/www.jornalja.com.br\/arquivo\/category\/livros\/"},"img":{"alt_text":"","src":"https:\/\/i0.wp.com\/www.jornalja.com.br\/wp-content\/uploads\/2008\/07\/brizola.gif?resize=350%2C200&ssl=1","width":350,"height":200},"classes":[]},{"id":13240,"url":"https:\/\/www.jornalja.com.br\/arquivo\/plano-diretor-estamos-construindo-o-caos\/","url_meta":{"origin":58672,"position":3},"title":"Plano diretor: &quot;Estamos construindo o caos&quot;","author":"Patr\u00edcia Marini","date":"26 de maio de 2014","format":false,"excerpt":"Desabafo que arquiteta Eliana Castilhos, delegada da Regi\u00e3o de Planejamento 1, postou nas redes sociais \u00e9 um testemunho do ambiente que se criou no Conselho do Plano Diretor de Porto Alegre, onde a aprova\u00e7\u00e3o de grandes empreendimentos \u00e9 empurrada guela abaixo dos conselheiros. Ao CMDUA Como delegada da Regi\u00e3o de\u2026","rel":"","context":"Em &quot;Geral&quot;","block_context":{"text":"Geral","link":"https:\/\/www.jornalja.com.br\/arquivo\/category\/geral\/"},"img":{"alt_text":"","src":"","width":0,"height":0},"classes":[]},{"id":5440,"url":"https:\/\/www.jornalja.com.br\/arquivo\/casarao-da-venancio-destino-permanece-incerto\/","url_meta":{"origin":58672,"position":4},"title":"Estado ainda n\u00e3o sabe o que fazer com casar\u00e3o abandonado h\u00e1 20 anos","author":"Elmar Bones","date":"6 de julho de 2009","format":false,"excerpt":"O casar\u00e3o amarelo, numa esquina nobre de Porto Alegre (Ven\u00e2ncio Aires com Jo\u00e3o Pessoa), j\u00e1 abrigou uma escola. H\u00e1 duas d\u00e9cadas, pelo menos, est\u00e1 abandonado, porque seu propriet\u00e1rio, o governo do Estado do Rio Grande do Sul, n\u00e3o consegue achar um destino para ele. Planos n\u00e3o faltaram. O governador Ol\u00edvio\u2026","rel":"","context":"Em &quot;X.Categorias velhas&quot;","block_context":{"text":"X.Categorias velhas","link":"https:\/\/www.jornalja.com.br\/arquivo\/category\/x-categorias-velhas\/"},"img":{"alt_text":"geraldo1","src":"https:\/\/i0.wp.com\/www.jornalja.com.br\/wp-content\/uploads\/2009\/07\/geraldo1.jpg?resize=350%2C200&ssl=1","width":350,"height":200},"classes":[]},{"id":13124,"url":"https:\/\/www.jornalja.com.br\/arquivo\/sangue-latino-no-iecine\/","url_meta":{"origin":58672,"position":5},"title":"Sangue latino no IECINE","author":"da Reda\u00e7\u00e3o","date":"18 de maio de 2014","format":false,"excerpt":"Francisco Ribeiro O Instituto Estadual de Cinema (IECINE) tem a frente, desde abril \u00faltimo, um novo diretor, o cineasta colombiano Juan Zapata, 36, que substitui Luiz Alberto Cassol. Radicado h\u00e1 dez anos em Porto Alegre, Zapata tem diante de si o desafio de conduzir at\u00e9 o final do ano um\u2026","rel":"","context":"Em &quot;Cultura-Geral&quot;","block_context":{"text":"Cultura-Geral","link":"https:\/\/www.jornalja.com.br\/arquivo\/category\/materiasecundaria\/"},"img":{"alt_text":"","src":"","width":0,"height":0},"classes":[]}],"jetpack_shortlink":"https:\/\/wp.me\/pbQjBd-fgk","jetpack_featured_media_url":"","_links":{"self":[{"href":"https:\/\/www.jornalja.com.br\/arquivo\/wp-json\/wp\/v2\/posts\/58672","targetHints":{"allow":["GET"]}}],"collection":[{"href":"https:\/\/www.jornalja.com.br\/arquivo\/wp-json\/wp\/v2\/posts"}],"about":[{"href":"https:\/\/www.jornalja.com.br\/arquivo\/wp-json\/wp\/v2\/types\/post"}],"author":[{"embeddable":true,"href":"https:\/\/www.jornalja.com.br\/arquivo\/wp-json\/wp\/v2\/users\/4"}],"replies":[{"embeddable":true,"href":"https:\/\/www.jornalja.com.br\/arquivo\/wp-json\/wp\/v2\/comments?post=58672"}],"version-history":[{"count":0,"href":"https:\/\/www.jornalja.com.br\/arquivo\/wp-json\/wp\/v2\/posts\/58672\/revisions"}],"wp:attachment":[{"href":"https:\/\/www.jornalja.com.br\/arquivo\/wp-json\/wp\/v2\/media?parent=58672"}],"wp:term":[{"taxonomy":"category","embeddable":true,"href":"https:\/\/www.jornalja.com.br\/arquivo\/wp-json\/wp\/v2\/categories?post=58672"},{"taxonomy":"post_tag","embeddable":true,"href":"https:\/\/www.jornalja.com.br\/arquivo\/wp-json\/wp\/v2\/tags?post=58672"}],"curies":[{"name":"wp","href":"https:\/\/api.w.org\/{rel}","templated":true}]}}