{"id":58735,"date":"2018-01-05T14:27:46","date_gmt":"2018-01-05T16:27:46","guid":{"rendered":"https:\/\/www.jornalja.com.br\/?p=58735"},"modified":"2018-01-05T14:27:46","modified_gmt":"2018-01-05T16:27:46","slug":"prefeitura-recebe-aval-de-emprestimo-de-r-120-milhoes-para-recomecar-obras-da-copa","status":"publish","type":"post","link":"https:\/\/www.jornalja.com.br\/arquivo\/prefeitura-recebe-aval-de-emprestimo-de-r-120-milhoes-para-recomecar-obras-da-copa\/","title":{"rendered":"Prefeitura recebe aval de empr\u00e9stimo de R$ 120 milh\u00f5es para recome\u00e7ar \u201cobras da Copa\u201d"},"content":{"rendered":"<p>Ap\u00f3s um ano paralisadas por d\u00edvidas com as empresas respons\u00e1veis pelos trabalhos, as &#8220;obras da Copa&#8221; em Porto Alegre podem ser retomadas em breve. A Prefeitura obteve o aval da Secretaria do Tesouro Nacional para a libera\u00e7\u00e3o do empr\u00e9stimo de R$ 120 milh\u00f5es junto ao Banrisul para p\\agamento de d\u00edvidas e rein\u00edcio das obras.<br \/>\nA assinatura do contrato com a institui\u00e7\u00e3o financeira deve ocorrer ainda neste m\u00eas.\u00a0\u201cVencemos a etapa mais importante\u201d, diz o secret\u00e1rio de Planejamento e Gest\u00e3o, Jos\u00e9 Alfredo Parode.<br \/>\nO Executivo Municipal ter\u00e1 prazo de car\u00eancia de dois anos e precisar\u00e1 pagar a d\u00edvida em at\u00e9 oito anos. Est\u00e1 previsto o ingresso de R$ 84,4 milh\u00f5es em 2018 e outros R$ 35,5 milh\u00f5es em 2019.<br \/>\nConforme a prefeitura, os recursos ser\u00e3o usados para a quita\u00e7\u00e3o de d\u00edvidas com as empresas, na ordem de R$ 45 milh\u00f5es, e destinados ao financiamento da contrapartida das obras de mobilidade urbana, para a execu\u00e7\u00e3o de projetos. As prioridades devem ser as obras das trincheira da Anita Garibaldi e da Cear\u00e1, que ficariam prontas com mais tr\u00eas meses de trabalho, e ainda a retomada dos trabalhos de duplica\u00e7\u00e3o da Avenida Tronco e os pavimento dos corredores de \u00f4nibus na Jo\u00e3o Pessoa, Bento Gon\u00e7alves e Prot\u00e1sio Alves.<br \/>\nEm junho de 2017, a C\u00e2mara de Vereadores aprovou o projeto de lei que autorizava a prefeitura a financiar os recursos. A lei foi sancionada em agosto. Em setembro, a prefeitura escolheu o Banrisul como parceiro financeiro para garantir a conclus\u00e3o dos trabalhos. A an\u00e1lise da documenta\u00e7\u00e3o feita pelo banco foi conclu\u00edda em dezembro, quando a STN foi comunicada das inten\u00e7\u00f5es da prefeitura em buscar o empr\u00e9stimo.<br \/>\n<span class=\"intertit\">Obras est\u00e3o paralisadas desde janeiro de 2017 <\/span><br \/>\nDas obras para a Copa de 2014, seis foram conclu\u00eddas, nove est\u00e3o em andamento e duas ainda n\u00e3o iniciaram \u2013 trincheira da Pl\u00ednio Brasil Milano e segundo trecho da Volunt\u00e1rios da P\u00e1tria. Dos R$ 640 milh\u00f5es, custo total das obras, j\u00e1 foram pagos R$ 359 milh\u00f5es.<br \/>\nO caso da Tronco \u00e9 mais complexo. \u00c9 a obra iniciada menos avan\u00e7ada, com cerca de 30%, e a previs\u00e3o da prefeitura \u00e9 que dure mais dois anos, a partir da retomada. J\u00e1 foram pagos R$ 38 milh\u00f5es, faltando para a conclus\u00e3o mais R$ 112 milh\u00f5es.<br \/>\n<span class=\"intertit\">Desapropria\u00e7\u00f5es e reassentamentos<\/span><br \/>\nAl\u00e9m da situa\u00e7\u00e3o financeira, algumas obras esbarram em quest\u00f5es jur\u00eddicas. No caso da Tronco, a dificuldade \u00e9 em rela\u00e7\u00e3o ao reassentamento das fam\u00edlias que t\u00eam suas casas no tra\u00e7ado previsto da avenida. Segundo a prefeitura, das 1.525 fam\u00edlias que precisariam ser removidas em fun\u00e7\u00e3o das obras, hoje restam 193. H\u00e1 ainda casos de fam\u00edlias que n\u00e3o querem deixar o local.<br \/>\nNa Volunt\u00e1rios da P\u00e1tria faltou dinheiro para pagar as desapropria\u00e7\u00f5es. O primeiro trecho da avenida, do viaduto da Concei\u00e7\u00e3o at\u00e9 a Ramiro Barcelos, j\u00e1 est\u00e1 praticamente pronto, 94% conclu\u00eddo. Por\u00e9m, no segundo trecho, da Ramiro at\u00e9 a Sert\u00f3rio, as obras ainda nem come\u00e7aram. A prefeitura afirma que os R$ 20 milh\u00f5es previstos para as desapropria\u00e7\u00f5es foram gastos no primeiro trecho. O valor estimado para a obra do segundo trecho \u00e9 de R$ 43 milh\u00f5es.<br \/>\nEst\u00e1 em tramita\u00e7\u00e3o ainda um pedido da prefeitura que autoriza a Caixa Econ\u00f4mica Federal a redirecionar R$ 115,07 milh\u00f5es de um total de R$ 249,4 milh\u00f5es destinados a obras em corredores de \u00f4nibus para as demais interven\u00e7\u00f5es de mobilidade.<br \/>\nJ\u00e1 est\u00e3o conclu\u00eddos os trabalhos de duplica\u00e7\u00e3o da avenida Edvaldo Pereira Paiva (Beira-Rio), um trecho do corredor de \u00f4nibus da avenida Padre Cacique, a constru\u00e7\u00e3o dos viadutos Pinheiro Borda, J\u00falio de Castilhos e Bento Gon\u00e7alves, e a qualifica\u00e7\u00e3o do entorno do est\u00e1dio Beira-Rio.<br \/>\nEst\u00e3o paradas a execu\u00e7\u00e3o das trincheiras da rua Anita Garibaldi e das avenidas Crist\u00f3v\u00e3o Colombo e Cear\u00e1, a duplica\u00e7\u00e3o do trecho da avenida Volunt\u00e1rios da P\u00e1tria entre a rodovi\u00e1ria e a rua Ramiro Barcelos, o prolongamento da avenida Severo Dullius, a pavimenta\u00e7\u00e3o dos corredores de BRT das avenidas Prot\u00e1sio Alves, Bento Gon\u00e7alves e de um trecho da Jo\u00e3o Pessoa, e a duplica\u00e7\u00e3o da avenida Tronco.<br \/>\nDuas obras nem come\u00e7aram, a constru\u00e7\u00e3o da trincheira da avenida Pl\u00ednio Brasil Milano e a duplica\u00e7\u00e3o da Volunt\u00e1rios da P\u00e1tria entre a Ramiro Barcelos e a avenida Sert\u00f3rio.<br \/>\n&nbsp;<\/p>\n","protected":false},"excerpt":{"rendered":"<p>Ap\u00f3s um ano paralisadas por d\u00edvidas com as empresas respons\u00e1veis pelos trabalhos, as &#8220;obras da Copa&#8221; em Porto Alegre podem ser retomadas em breve. A Prefeitura obteve o aval da Secretaria do Tesouro Nacional para a libera\u00e7\u00e3o do empr\u00e9stimo de R$ 120 milh\u00f5es junto ao Banrisul para p\\agamento de d\u00edvidas e rein\u00edcio das obras. A [&hellip;]<\/p>\n","protected":false},"author":4,"featured_media":58736,"comment_status":"open","ping_status":"closed","sticky":false,"template":"","format":"standard","meta":{"_jetpack_newsletter_access":"","_jetpack_dont_email_post_to_subs":false,"_jetpack_newsletter_tier_id":0,"_jetpack_memberships_contains_paywalled_content":false,"_jetpack_feature_clip_id":0,"_jetpack_memberships_contains_paid_content":false,"footnotes":"","jetpack_post_was_ever_published":false},"categories":[26],"tags":[],"class_list":["post-58735","post","type-post","status-publish","format-standard","has-post-thumbnail","hentry","category-geral"],"aioseo_notices":[],"aioseo_head":"\n\t\t<!-- All in One SEO 5.0.1.1 - aioseo.com -->\n\t<meta name=\"robots\" content=\"max-image-preview:large\" \/>\n\t<meta name=\"author\" content=\"da Reda\u00e7\u00e3o\"\/>\n\t<link rel=\"canonical\" href=\"https:\/\/www.jornalja.com.br\/arquivo\/prefeitura-recebe-aval-de-emprestimo-de-r-120-milhoes-para-recomecar-obras-da-copa\/\" \/>\n\t<meta name=\"generator\" content=\"All in One SEO (AIOSEO) 5.0.1.1\" \/>\n\t\t<meta property=\"og:locale\" content=\"pt_BR\" \/>\n\t\t<meta property=\"og:site_name\" content=\"Arquivo | Jornal J\u00c1 | Porto Alegre\" \/>\n\t\t<meta property=\"og:type\" content=\"article\" \/>\n\t\t<meta property=\"og:title\" content=\"Prefeitura recebe aval de empr\u00e9stimo de R$ 120 milh\u00f5es para recome\u00e7ar \u201cobras da Copa\u201d | Arquivo\" \/>\n\t\t<meta property=\"og:url\" content=\"https:\/\/www.jornalja.com.br\/arquivo\/prefeitura-recebe-aval-de-emprestimo-de-r-120-milhoes-para-recomecar-obras-da-copa\/\" \/>\n\t\t<meta property=\"og:image\" content=\"https:\/\/www.jornalja.com.br\/economics\/wp-content\/uploads\/sites\/11\/2026\/08\/ja-folhaderosto-facebook.jpg\" \/>\n\t\t<meta property=\"og:image:secure_url\" content=\"https:\/\/www.jornalja.com.br\/economics\/wp-content\/uploads\/sites\/11\/2026\/08\/ja-folhaderosto-facebook.jpg\" \/>\n\t\t<meta property=\"article:published_time\" content=\"2018-01-05T16:27:46+00:00\" \/>\n\t\t<meta property=\"article:modified_time\" content=\"2018-01-05T16:27:46+00:00\" \/>\n\t\t<meta name=\"twitter:card\" content=\"summary\" \/>\n\t\t<meta name=\"twitter:title\" content=\"Prefeitura recebe aval de empr\u00e9stimo de R$ 120 milh\u00f5es para recome\u00e7ar \u201cobras da Copa\u201d | Arquivo\" \/>\n\t\t<meta name=\"twitter:image\" content=\"https:\/\/www.jornalja.com.br\/economics\/wp-content\/uploads\/sites\/11\/2026\/08\/ja-folhaderosto-facebook.jpg\" \/>\n\t\t<script type=\"application\/ld+json\" class=\"aioseo-schema\">\n\t\t\t{\"@context\":\"https:\\\/\\\/schema.org\",\"@graph\":[{\"@type\":\"BlogPosting\",\"@id\":\"https:\\\/\\\/www.jornalja.com.br\\\/arquivo\\\/prefeitura-recebe-aval-de-emprestimo-de-r-120-milhoes-para-recomecar-obras-da-copa\\\/#blogposting\",\"name\":\"Prefeitura recebe aval de empr\\u00e9stimo de R$ 120 milh\\u00f5es para recome\\u00e7ar \\u201cobras da Copa\\u201d | Arquivo\",\"headline\":\"Prefeitura recebe aval de empr\\u00e9stimo de R$ 120 milh\\u00f5es para recome\\u00e7ar \\u201cobras da Copa\\u201d\",\"author\":{\"@id\":\"https:\\\/\\\/www.jornalja.com.br\\\/arquivo\\\/author\\\/daredacao\\\/#author\"},\"publisher\":{\"@id\":\"https:\\\/\\\/www.jornalja.com.br\\\/arquivo\\\/#organization\"},\"image\":{\"@type\":\"ImageObject\",\"url\":58736},\"datePublished\":\"2018-01-05T14:27:46-02:00\",\"dateModified\":\"2018-01-05T14:27:46-02:00\",\"inLanguage\":\"pt-BR\",\"mainEntityOfPage\":{\"@id\":\"https:\\\/\\\/www.jornalja.com.br\\\/arquivo\\\/prefeitura-recebe-aval-de-emprestimo-de-r-120-milhoes-para-recomecar-obras-da-copa\\\/#webpage\"},\"isPartOf\":{\"@id\":\"https:\\\/\\\/www.jornalja.com.br\\\/arquivo\\\/prefeitura-recebe-aval-de-emprestimo-de-r-120-milhoes-para-recomecar-obras-da-copa\\\/#webpage\"},\"articleSection\":\"Geral\"},{\"@type\":\"BreadcrumbList\",\"@id\":\"https:\\\/\\\/www.jornalja.com.br\\\/arquivo\\\/prefeitura-recebe-aval-de-emprestimo-de-r-120-milhoes-para-recomecar-obras-da-copa\\\/#breadcrumblist\",\"itemListElement\":[{\"@type\":\"ListItem\",\"@id\":\"https:\\\/\\\/www.jornalja.com.br\\\/arquivo#listItem\",\"position\":1,\"name\":\"Home\",\"item\":\"https:\\\/\\\/www.jornalja.com.br\\\/arquivo\",\"nextItem\":{\"@type\":\"ListItem\",\"@id\":\"https:\\\/\\\/www.jornalja.com.br\\\/arquivo\\\/category\\\/geral\\\/#listItem\",\"name\":\"Geral\"}},{\"@type\":\"ListItem\",\"@id\":\"https:\\\/\\\/www.jornalja.com.br\\\/arquivo\\\/category\\\/geral\\\/#listItem\",\"position\":2,\"name\":\"Geral\",\"item\":\"https:\\\/\\\/www.jornalja.com.br\\\/arquivo\\\/category\\\/geral\\\/\",\"nextItem\":{\"@type\":\"ListItem\",\"@id\":\"https:\\\/\\\/www.jornalja.com.br\\\/arquivo\\\/prefeitura-recebe-aval-de-emprestimo-de-r-120-milhoes-para-recomecar-obras-da-copa\\\/#listItem\",\"name\":\"Prefeitura recebe aval de empr\\u00e9stimo de R$ 120 milh\\u00f5es para recome\\u00e7ar \\u201cobras da Copa\\u201d\"},\"previousItem\":{\"@type\":\"ListItem\",\"@id\":\"https:\\\/\\\/www.jornalja.com.br\\\/arquivo#listItem\",\"name\":\"Home\"}},{\"@type\":\"ListItem\",\"@id\":\"https:\\\/\\\/www.jornalja.com.br\\\/arquivo\\\/prefeitura-recebe-aval-de-emprestimo-de-r-120-milhoes-para-recomecar-obras-da-copa\\\/#listItem\",\"position\":3,\"name\":\"Prefeitura recebe aval de empr\\u00e9stimo de R$ 120 milh\\u00f5es para recome\\u00e7ar \\u201cobras da Copa\\u201d\",\"previousItem\":{\"@type\":\"ListItem\",\"@id\":\"https:\\\/\\\/www.jornalja.com.br\\\/arquivo\\\/category\\\/geral\\\/#listItem\",\"name\":\"Geral\"}}]},{\"@type\":\"Organization\",\"@id\":\"https:\\\/\\\/www.jornalja.com.br\\\/arquivo\\\/#organization\",\"name\":\"Jornal J\\u00c1\",\"description\":\"Jornal J\\u00c1 | Porto Alegre\",\"url\":\"https:\\\/\\\/www.jornalja.com.br\\\/arquivo\\\/\",\"telephone\":\"+555133307272\",\"logo\":{\"@type\":\"ImageObject\",\"url\":\"https:\\\/\\\/www.jornalja.com.br\\\/wp-content\\\/uploads\\\/cards\\\/JAslogan.png\",\"@id\":\"https:\\\/\\\/www.jornalja.com.br\\\/arquivo\\\/prefeitura-recebe-aval-de-emprestimo-de-r-120-milhoes-para-recomecar-obras-da-copa\\\/#organizationLogo\"},\"image\":{\"@id\":\"https:\\\/\\\/www.jornalja.com.br\\\/arquivo\\\/prefeitura-recebe-aval-de-emprestimo-de-r-120-milhoes-para-recomecar-obras-da-copa\\\/#organizationLogo\"}},{\"@type\":\"Person\",\"@id\":\"https:\\\/\\\/www.jornalja.com.br\\\/arquivo\\\/author\\\/daredacao\\\/#author\",\"url\":\"https:\\\/\\\/www.jornalja.com.br\\\/arquivo\\\/author\\\/daredacao\\\/\",\"name\":\"da Reda\\u00e7\\u00e3o\",\"image\":{\"@type\":\"ImageObject\",\"@id\":\"https:\\\/\\\/www.jornalja.com.br\\\/arquivo\\\/prefeitura-recebe-aval-de-emprestimo-de-r-120-milhoes-para-recomecar-obras-da-copa\\\/#authorImage\",\"url\":\"https:\\\/\\\/secure.gravatar.com\\\/avatar\\\/469fd857d6605ad19919d27ed29d35a968a25f6e8fd9318356bbb7f57aae9c65?s=96&d=mm&r=g\",\"width\":96,\"height\":96,\"caption\":\"da Reda\\u00e7\\u00e3o\"}},{\"@type\":\"WebPage\",\"@id\":\"https:\\\/\\\/www.jornalja.com.br\\\/arquivo\\\/prefeitura-recebe-aval-de-emprestimo-de-r-120-milhoes-para-recomecar-obras-da-copa\\\/#webpage\",\"url\":\"https:\\\/\\\/www.jornalja.com.br\\\/arquivo\\\/prefeitura-recebe-aval-de-emprestimo-de-r-120-milhoes-para-recomecar-obras-da-copa\\\/\",\"name\":\"Prefeitura recebe aval de empr\\u00e9stimo de R$ 120 milh\\u00f5es para recome\\u00e7ar \\u201cobras da Copa\\u201d | Arquivo\",\"inLanguage\":\"pt-BR\",\"isPartOf\":{\"@id\":\"https:\\\/\\\/www.jornalja.com.br\\\/arquivo\\\/#website\"},\"breadcrumb\":{\"@id\":\"https:\\\/\\\/www.jornalja.com.br\\\/arquivo\\\/prefeitura-recebe-aval-de-emprestimo-de-r-120-milhoes-para-recomecar-obras-da-copa\\\/#breadcrumblist\"},\"author\":{\"@id\":\"https:\\\/\\\/www.jornalja.com.br\\\/arquivo\\\/author\\\/daredacao\\\/#author\"},\"creator\":{\"@id\":\"https:\\\/\\\/www.jornalja.com.br\\\/arquivo\\\/author\\\/daredacao\\\/#author\"},\"image\":{\"@type\":\"ImageObject\",\"url\":58736,\"@id\":\"https:\\\/\\\/www.jornalja.com.br\\\/arquivo\\\/prefeitura-recebe-aval-de-emprestimo-de-r-120-milhoes-para-recomecar-obras-da-copa\\\/#mainImage\"},\"primaryImageOfPage\":{\"@id\":\"https:\\\/\\\/www.jornalja.com.br\\\/arquivo\\\/prefeitura-recebe-aval-de-emprestimo-de-r-120-milhoes-para-recomecar-obras-da-copa\\\/#mainImage\"},\"datePublished\":\"2018-01-05T14:27:46-02:00\",\"dateModified\":\"2018-01-05T14:27:46-02:00\"},{\"@type\":\"WebSite\",\"@id\":\"https:\\\/\\\/www.jornalja.com.br\\\/arquivo\\\/#website\",\"url\":\"https:\\\/\\\/www.jornalja.com.br\\\/arquivo\\\/\",\"name\":\"Arquivo\",\"description\":\"Jornal J\\u00c1 | Porto Alegre\",\"inLanguage\":\"pt-BR\",\"publisher\":{\"@id\":\"https:\\\/\\\/www.jornalja.com.br\\\/arquivo\\\/#organization\"}}]}\n\t\t<\/script>\n\t\t<!-- All in One SEO -->\n\n","aioseo_head_json":{"title":"Prefeitura recebe aval de empr\u00e9stimo de R$ 120 milh\u00f5es para recome\u00e7ar \u201cobras da Copa\u201d | Arquivo","description":"","canonical_url":"https:\/\/www.jornalja.com.br\/arquivo\/prefeitura-recebe-aval-de-emprestimo-de-r-120-milhoes-para-recomecar-obras-da-copa\/","robots":"max-image-preview:large","keywords":"","webmasterTools":{"miscellaneous":""},"schema":{"@context":"https:\/\/schema.org","@graph":[{"@type":"BlogPosting","@id":"https:\/\/www.jornalja.com.br\/arquivo\/prefeitura-recebe-aval-de-emprestimo-de-r-120-milhoes-para-recomecar-obras-da-copa\/#blogposting","name":"Prefeitura recebe aval de empr\u00e9stimo de R$ 120 milh\u00f5es para recome\u00e7ar \u201cobras da Copa\u201d | Arquivo","headline":"Prefeitura recebe aval de empr\u00e9stimo de R$ 120 milh\u00f5es para recome\u00e7ar \u201cobras da Copa\u201d","author":{"@id":"https:\/\/www.jornalja.com.br\/arquivo\/author\/daredacao\/#author"},"publisher":{"@id":"https:\/\/www.jornalja.com.br\/arquivo\/#organization"},"image":{"@type":"ImageObject","url":58736},"datePublished":"2018-01-05T14:27:46-02:00","dateModified":"2018-01-05T14:27:46-02:00","inLanguage":"pt-BR","mainEntityOfPage":{"@id":"https:\/\/www.jornalja.com.br\/arquivo\/prefeitura-recebe-aval-de-emprestimo-de-r-120-milhoes-para-recomecar-obras-da-copa\/#webpage"},"isPartOf":{"@id":"https:\/\/www.jornalja.com.br\/arquivo\/prefeitura-recebe-aval-de-emprestimo-de-r-120-milhoes-para-recomecar-obras-da-copa\/#webpage"},"articleSection":"Geral"},{"@type":"BreadcrumbList","@id":"https:\/\/www.jornalja.com.br\/arquivo\/prefeitura-recebe-aval-de-emprestimo-de-r-120-milhoes-para-recomecar-obras-da-copa\/#breadcrumblist","itemListElement":[{"@type":"ListItem","@id":"https:\/\/www.jornalja.com.br\/arquivo#listItem","position":1,"name":"Home","item":"https:\/\/www.jornalja.com.br\/arquivo","nextItem":{"@type":"ListItem","@id":"https:\/\/www.jornalja.com.br\/arquivo\/category\/geral\/#listItem","name":"Geral"}},{"@type":"ListItem","@id":"https:\/\/www.jornalja.com.br\/arquivo\/category\/geral\/#listItem","position":2,"name":"Geral","item":"https:\/\/www.jornalja.com.br\/arquivo\/category\/geral\/","nextItem":{"@type":"ListItem","@id":"https:\/\/www.jornalja.com.br\/arquivo\/prefeitura-recebe-aval-de-emprestimo-de-r-120-milhoes-para-recomecar-obras-da-copa\/#listItem","name":"Prefeitura recebe aval de empr\u00e9stimo de R$ 120 milh\u00f5es para recome\u00e7ar \u201cobras da Copa\u201d"},"previousItem":{"@type":"ListItem","@id":"https:\/\/www.jornalja.com.br\/arquivo#listItem","name":"Home"}},{"@type":"ListItem","@id":"https:\/\/www.jornalja.com.br\/arquivo\/prefeitura-recebe-aval-de-emprestimo-de-r-120-milhoes-para-recomecar-obras-da-copa\/#listItem","position":3,"name":"Prefeitura recebe aval de empr\u00e9stimo de R$ 120 milh\u00f5es para recome\u00e7ar \u201cobras da Copa\u201d","previousItem":{"@type":"ListItem","@id":"https:\/\/www.jornalja.com.br\/arquivo\/category\/geral\/#listItem","name":"Geral"}}]},{"@type":"Organization","@id":"https:\/\/www.jornalja.com.br\/arquivo\/#organization","name":"Jornal J\u00c1","description":"Jornal J\u00c1 | Porto Alegre","url":"https:\/\/www.jornalja.com.br\/arquivo\/","telephone":"+555133307272","logo":{"@type":"ImageObject","url":"https:\/\/www.jornalja.com.br\/wp-content\/uploads\/cards\/JAslogan.png","@id":"https:\/\/www.jornalja.com.br\/arquivo\/prefeitura-recebe-aval-de-emprestimo-de-r-120-milhoes-para-recomecar-obras-da-copa\/#organizationLogo"},"image":{"@id":"https:\/\/www.jornalja.com.br\/arquivo\/prefeitura-recebe-aval-de-emprestimo-de-r-120-milhoes-para-recomecar-obras-da-copa\/#organizationLogo"}},{"@type":"Person","@id":"https:\/\/www.jornalja.com.br\/arquivo\/author\/daredacao\/#author","url":"https:\/\/www.jornalja.com.br\/arquivo\/author\/daredacao\/","name":"da Reda\u00e7\u00e3o","image":{"@type":"ImageObject","@id":"https:\/\/www.jornalja.com.br\/arquivo\/prefeitura-recebe-aval-de-emprestimo-de-r-120-milhoes-para-recomecar-obras-da-copa\/#authorImage","url":"https:\/\/secure.gravatar.com\/avatar\/469fd857d6605ad19919d27ed29d35a968a25f6e8fd9318356bbb7f57aae9c65?s=96&d=mm&r=g","width":96,"height":96,"caption":"da Reda\u00e7\u00e3o"}},{"@type":"WebPage","@id":"https:\/\/www.jornalja.com.br\/arquivo\/prefeitura-recebe-aval-de-emprestimo-de-r-120-milhoes-para-recomecar-obras-da-copa\/#webpage","url":"https:\/\/www.jornalja.com.br\/arquivo\/prefeitura-recebe-aval-de-emprestimo-de-r-120-milhoes-para-recomecar-obras-da-copa\/","name":"Prefeitura recebe aval de empr\u00e9stimo de R$ 120 milh\u00f5es para recome\u00e7ar \u201cobras da Copa\u201d | Arquivo","inLanguage":"pt-BR","isPartOf":{"@id":"https:\/\/www.jornalja.com.br\/arquivo\/#website"},"breadcrumb":{"@id":"https:\/\/www.jornalja.com.br\/arquivo\/prefeitura-recebe-aval-de-emprestimo-de-r-120-milhoes-para-recomecar-obras-da-copa\/#breadcrumblist"},"author":{"@id":"https:\/\/www.jornalja.com.br\/arquivo\/author\/daredacao\/#author"},"creator":{"@id":"https:\/\/www.jornalja.com.br\/arquivo\/author\/daredacao\/#author"},"image":{"@type":"ImageObject","url":58736,"@id":"https:\/\/www.jornalja.com.br\/arquivo\/prefeitura-recebe-aval-de-emprestimo-de-r-120-milhoes-para-recomecar-obras-da-copa\/#mainImage"},"primaryImageOfPage":{"@id":"https:\/\/www.jornalja.com.br\/arquivo\/prefeitura-recebe-aval-de-emprestimo-de-r-120-milhoes-para-recomecar-obras-da-copa\/#mainImage"},"datePublished":"2018-01-05T14:27:46-02:00","dateModified":"2018-01-05T14:27:46-02:00"},{"@type":"WebSite","@id":"https:\/\/www.jornalja.com.br\/arquivo\/#website","url":"https:\/\/www.jornalja.com.br\/arquivo\/","name":"Arquivo","description":"Jornal J\u00c1 | Porto Alegre","inLanguage":"pt-BR","publisher":{"@id":"https:\/\/www.jornalja.com.br\/arquivo\/#organization"}}]},"og:locale":"pt_BR","og:site_name":"Arquivo | Jornal J\u00c1 | Porto Alegre","og:type":"article","og:title":"Prefeitura recebe aval de empr\u00e9stimo de R$ 120 milh\u00f5es para recome\u00e7ar \u201cobras da Copa\u201d | Arquivo","og:url":"https:\/\/www.jornalja.com.br\/arquivo\/prefeitura-recebe-aval-de-emprestimo-de-r-120-milhoes-para-recomecar-obras-da-copa\/","og:image":"https:\/\/www.jornalja.com.br\/economics\/wp-content\/uploads\/sites\/11\/2026\/08\/ja-folhaderosto-facebook.jpg","og:image:secure_url":"https:\/\/www.jornalja.com.br\/economics\/wp-content\/uploads\/sites\/11\/2026\/08\/ja-folhaderosto-facebook.jpg","article:published_time":"2018-01-05T16:27:46+00:00","article:modified_time":"2018-01-05T16:27:46+00:00","twitter:card":"summary","twitter:title":"Prefeitura recebe aval de empr\u00e9stimo de R$ 120 milh\u00f5es para recome\u00e7ar \u201cobras da Copa\u201d | Arquivo","twitter:image":"https:\/\/www.jornalja.com.br\/economics\/wp-content\/uploads\/sites\/11\/2026\/08\/ja-folhaderosto-facebook.jpg"},"aioseo_meta_data":{"post_id":"58735","title":null,"description":null,"keywords":null,"keyphrases":null,"primary_term":null,"canonical_url":null,"og_title":null,"og_description":null,"og_object_type":"default","og_image_type":"default","og_image_url":null,"og_image_width":null,"og_image_height":null,"og_image_custom_url":null,"og_image_custom_fields":null,"og_video":null,"og_custom_url":null,"og_article_section":null,"og_article_tags":null,"twitter_use_og":false,"twitter_card":"default","twitter_image_type":"default","twitter_image_url":null,"twitter_image_custom_url":null,"twitter_image_custom_fields":null,"twitter_title":null,"twitter_description":null,"schema":{"blockGraphs":[],"customGraphs":[],"default":{"data":{"Article":[],"Course":[],"Dataset":[],"FAQPage":[],"Movie":[],"Person":[],"Product":[],"ProductReview":[],"Car":[],"Recipe":[],"Service":[],"SoftwareApplication":[],"WebPage":[]},"graphName":"","isEnabled":true},"graphs":[],"defaultGraph":"","defaultPostTypeGraph":""},"schema_type":null,"schema_type_options":null,"pillar_content":false,"robots_default":true,"robots_noindex":false,"robots_noarchive":false,"robots_nosnippet":false,"robots_nofollow":false,"robots_noimageindex":false,"robots_noodp":false,"robots_notranslate":false,"robots_max_snippet":null,"robots_max_videopreview":null,"robots_max_imagepreview":"large","priority":null,"frequency":null,"location":null,"local_seo":null,"breadcrumb_settings":null,"limit_modified_date":false,"ai":null,"created":"2020-12-20 20:18:57","updated":"2025-07-20 03:04:55","seo_analyzer_scan_date":null,"focus_keyword":null,"additional_keywords":null,"truseo_locale":null},"jetpack_sharing_enabled":true,"jetpack-related-posts":[{"id":5440,"url":"https:\/\/www.jornalja.com.br\/arquivo\/casarao-da-venancio-destino-permanece-incerto\/","url_meta":{"origin":58735,"position":0},"title":"Estado ainda n\u00e3o sabe o que fazer com casar\u00e3o abandonado h\u00e1 20 anos","author":"Elmar Bones","date":"6 de julho de 2009","format":false,"excerpt":"O casar\u00e3o amarelo, numa esquina nobre de Porto Alegre (Ven\u00e2ncio Aires com Jo\u00e3o Pessoa), j\u00e1 abrigou uma escola. H\u00e1 duas d\u00e9cadas, pelo menos, est\u00e1 abandonado, porque seu propriet\u00e1rio, o governo do Estado do Rio Grande do Sul, n\u00e3o consegue achar um destino para ele. Planos n\u00e3o faltaram. O governador Ol\u00edvio\u2026","rel":"","context":"Em &quot;X.Categorias velhas&quot;","block_context":{"text":"X.Categorias velhas","link":"https:\/\/www.jornalja.com.br\/arquivo\/category\/x-categorias-velhas\/"},"img":{"alt_text":"geraldo1","src":"https:\/\/i0.wp.com\/www.jornalja.com.br\/wp-content\/uploads\/2009\/07\/geraldo1.jpg?resize=350%2C200&ssl=1","width":350,"height":200},"classes":[]},{"id":12960,"url":"https:\/\/www.jornalja.com.br\/arquivo\/populacao-culpa-empresas-pela-greve-dos-rodoviarios\/","url_meta":{"origin":58735,"position":1},"title":"Popula\u00e7\u00e3o culpa empresas pela greve","author":"Patr\u00edcia Marini","date":"14 de fevereiro de 2014","format":false,"excerpt":"Pesquisa divulgada na edi\u00e7\u00e3o do jornal Metro desta sexta-feira,14, comprova o velho ditado: \u00e9 poss\u00edvel enganar muitos por algum tempo, mas n\u00e3o \u00e9 poss\u00edvel enganar a todos o tempo inteiro. A principal revela\u00e7\u00e3o foi que 59,8% dos entrevistados apontaram as empresas como as principais respons\u00e1veis pela grave e 46% culparam\u2026","rel":"","context":"Em &quot;X.Categorias velhas&quot;","block_context":{"text":"X.Categorias velhas","link":"https:\/\/www.jornalja.com.br\/arquivo\/category\/x-categorias-velhas\/"},"img":{"alt_text":"","src":"","width":0,"height":0},"classes":[]},{"id":13240,"url":"https:\/\/www.jornalja.com.br\/arquivo\/plano-diretor-estamos-construindo-o-caos\/","url_meta":{"origin":58735,"position":2},"title":"Plano diretor: &quot;Estamos construindo o caos&quot;","author":"Patr\u00edcia Marini","date":"26 de maio de 2014","format":false,"excerpt":"Desabafo que arquiteta Eliana Castilhos, delegada da Regi\u00e3o de Planejamento 1, postou nas redes sociais \u00e9 um testemunho do ambiente que se criou no Conselho do Plano Diretor de Porto Alegre, onde a aprova\u00e7\u00e3o de grandes empreendimentos \u00e9 empurrada guela abaixo dos conselheiros. Ao CMDUA Como delegada da Regi\u00e3o de\u2026","rel":"","context":"Em &quot;Geral&quot;","block_context":{"text":"Geral","link":"https:\/\/www.jornalja.com.br\/arquivo\/category\/geral\/"},"img":{"alt_text":"","src":"","width":0,"height":0},"classes":[]},{"id":1280,"url":"https:\/\/www.jornalja.com.br\/arquivo\/o-menino-que-se-tornou-brizola\/","url_meta":{"origin":58735,"position":3},"title":"O Menino que se Tornou Brizola","author":"da Reda\u00e7\u00e3o","date":"28 de julho de 2008","format":false,"excerpt":"Autor: Cleber Dioni A vida de Leonel Brizola, com \u00eanfase para os primeiros anos em Porto Alegre, at\u00e9 o ex\u00edlio no Uruguai e a volta, quinze anos depois. \u00a0\"...\u00c9ramos todos jovens e nos identific\u00e1vamos com aquela massa an\u00f4nima a percorrer as ruas de Porto Alegre, gritando 'Get\u00falio', 'Get\u00falio' e empunhando\u2026","rel":"","context":"Em &quot;Livros&quot;","block_context":{"text":"Livros","link":"https:\/\/www.jornalja.com.br\/arquivo\/category\/livros\/"},"img":{"alt_text":"","src":"https:\/\/i0.wp.com\/www.jornalja.com.br\/wp-content\/uploads\/2008\/07\/brizola.gif?resize=350%2C200&ssl=1","width":350,"height":200},"classes":[]},{"id":13101,"url":"https:\/\/www.jornalja.com.br\/arquivo\/morre-um-guerreiro-do-texto\/","url_meta":{"origin":58735,"position":4},"title":"Morre um guerreiro do texto","author":"Patr\u00edcia Marini","date":"14 de maio de 2014","format":false,"excerpt":"Por Ricardo Kotscho Reproduzido do blog do autor, 11\/5\/2014; t\u00edtulo original \u201cE l\u00e1 se foi o nosso Myltainho, guerreiro do texto\u201d. Mi\u00fado e franzino, meu amigo Myltainho era um valente e inconformado guerreiro na luta contra as injusti\u00e7as sociais, a hipocrisia, as maracutaias, o autoritarismo, a intoler\u00e2ncia, a viol\u00eancia, o\u2026","rel":"","context":"Em &quot;Geral&quot;","block_context":{"text":"Geral","link":"https:\/\/www.jornalja.com.br\/arquivo\/category\/geral\/"},"img":{"alt_text":"","src":"","width":0,"height":0},"classes":[]},{"id":13124,"url":"https:\/\/www.jornalja.com.br\/arquivo\/sangue-latino-no-iecine\/","url_meta":{"origin":58735,"position":5},"title":"Sangue latino no IECINE","author":"da Reda\u00e7\u00e3o","date":"18 de maio de 2014","format":false,"excerpt":"Francisco Ribeiro O Instituto Estadual de Cinema (IECINE) tem a frente, desde abril \u00faltimo, um novo diretor, o cineasta colombiano Juan Zapata, 36, que substitui Luiz Alberto Cassol. Radicado h\u00e1 dez anos em Porto Alegre, Zapata tem diante de si o desafio de conduzir at\u00e9 o final do ano um\u2026","rel":"","context":"Em &quot;Cultura-Geral&quot;","block_context":{"text":"Cultura-Geral","link":"https:\/\/www.jornalja.com.br\/arquivo\/category\/materiasecundaria\/"},"img":{"alt_text":"","src":"","width":0,"height":0},"classes":[]}],"jetpack_shortlink":"https:\/\/wp.me\/pbQjBd-fhl","jetpack_featured_media_url":"","_links":{"self":[{"href":"https:\/\/www.jornalja.com.br\/arquivo\/wp-json\/wp\/v2\/posts\/58735","targetHints":{"allow":["GET"]}}],"collection":[{"href":"https:\/\/www.jornalja.com.br\/arquivo\/wp-json\/wp\/v2\/posts"}],"about":[{"href":"https:\/\/www.jornalja.com.br\/arquivo\/wp-json\/wp\/v2\/types\/post"}],"author":[{"embeddable":true,"href":"https:\/\/www.jornalja.com.br\/arquivo\/wp-json\/wp\/v2\/users\/4"}],"replies":[{"embeddable":true,"href":"https:\/\/www.jornalja.com.br\/arquivo\/wp-json\/wp\/v2\/comments?post=58735"}],"version-history":[{"count":0,"href":"https:\/\/www.jornalja.com.br\/arquivo\/wp-json\/wp\/v2\/posts\/58735\/revisions"}],"wp:attachment":[{"href":"https:\/\/www.jornalja.com.br\/arquivo\/wp-json\/wp\/v2\/media?parent=58735"}],"wp:term":[{"taxonomy":"category","embeddable":true,"href":"https:\/\/www.jornalja.com.br\/arquivo\/wp-json\/wp\/v2\/categories?post=58735"},{"taxonomy":"post_tag","embeddable":true,"href":"https:\/\/www.jornalja.com.br\/arquivo\/wp-json\/wp\/v2\/tags?post=58735"}],"curies":[{"name":"wp","href":"https:\/\/api.w.org\/{rel}","templated":true}]}}