{"id":58769,"date":"2018-01-09T12:07:06","date_gmt":"2018-01-09T14:07:06","guid":{"rendered":"https:\/\/www.jornalja.com.br\/?p=58769"},"modified":"2018-01-09T12:07:06","modified_gmt":"2018-01-09T14:07:06","slug":"caso-kiss-mp-entra-com-recurso-contra-decisao-de-nao-levar-reus-para-julgamento-no-tribunal-do-juri","status":"publish","type":"post","link":"https:\/\/www.jornalja.com.br\/arquivo\/caso-kiss-mp-entra-com-recurso-contra-decisao-de-nao-levar-reus-para-julgamento-no-tribunal-do-juri\/","title":{"rendered":"Caso Kiss: MP entra com recurso contra decis\u00e3o de n\u00e3o levar r\u00e9us para julgamento no tribunal do j\u00fari\u00a0"},"content":{"rendered":"<p>A Procuradoria de Recursos do Minist\u00e9rio P\u00fablico ga\u00facho interp\u00f4s embargos de declara\u00e7\u00e3o contra a decis\u00e3o do 1\u00ba Grupo Criminal do TJ\/RS que julgou o recurso dos quatro r\u00e9us do processo principal que apura as responsabilidades no caso da boate Kiss. Como houve empate nos votos dos desembargadores, no entendimento daquele colegiado o resultado teria o efeito de excluir a compet\u00eancia do Tribunal do J\u00fari para o julgamento dos acusados.<br \/>\nNos embargos de declara\u00e7\u00e3o interpostos, o Minist\u00e9rio P\u00fablico sustenta que a decis\u00e3o deixou de considerar que, comprovada a materialidade e existindo ind\u00edcios suficientes da autoria, \u00e9 imperativa a pron\u00fancia dos r\u00e9us para que sejam submetidos a julgamento perante o Tribunal do J\u00fari. \u201cIsso porque o dolo, no sistema penal brasileiro, encontra-se localizado no tipo penal e \u00e9, por isso, mat\u00e9ria de m\u00e9rito. Sendo assim, apreci\u00e1-lo \u00e9, por disposi\u00e7\u00e3o constitucional expressa, compet\u00eancia do Tribunal do J\u00fari\u201d, pontuou o recurso ingressado pelo MP.<br \/>\nO recurso ainda assinala que a exclus\u00e3o do julgamento pelo Tribunal do J\u00fari poder\u00e1 ocorrer somente quando n\u00e3o houver absolutamente nenhum elemento que indique a presen\u00e7a do dolo de matar, direto ou eventual. \u201cSe existir qualquer ind\u00edcio que aponte no sentido da possibilidade de exist\u00eancia do dolo, deve o acusado ser submetido a julgamento pelo J\u00fari\u201d, sustenta o recurso assinado pelo coordenador da Procuradoria de Recursos, Luiz Fernando Calil de Freitas, e pelo promotor-assessor Rodrigo Azambuja.<br \/>\nO Minist\u00e9rio P\u00fablico tamb\u00e9m aponta que a decis\u00e3o do 1\u00ba Grupo Criminal do TJRS n\u00e3o levou em considera\u00e7\u00e3o dispositivos da Constitui\u00e7\u00e3o Federal. Isso porque com o empate de votos dos desembargadores sobre a exist\u00eancia de ind\u00edcios suficientes em crime doloso contra a vida se resolve em favor da coletividade; uma vez que, como \u00e9 apropriado, na fase da pron\u00fancia vigora o princ\u00edpio do \u201cin dubio pro societate\u201d, que foi desconsiderado pela decis\u00e3o.<br \/>\nN\u00e3o h\u00e1 um prazo definido pra aprecia\u00e7\u00e3o do recurso pelo TJ. Respondem pelas 242 mortes no inc\u00eandio na boate Kiss, ocorrido em 29 de janeiro de 2013 na cidade de Santa Maria, quatro r\u00e9us. Os ex-donos da casa noturna, Elissandro Spohr e Mauro Hoffmann e os integrantes da banda\u00a0Gurizada Fandangueira, Marcelo de Jesus dos Santos e Luciano Bonilha Le\u00e3o.<\/p>\n","protected":false},"excerpt":{"rendered":"<p>A Procuradoria de Recursos do Minist\u00e9rio P\u00fablico ga\u00facho interp\u00f4s embargos de declara\u00e7\u00e3o contra a decis\u00e3o do 1\u00ba Grupo Criminal do TJ\/RS que julgou o recurso dos quatro r\u00e9us do processo principal que apura as responsabilidades no caso da boate Kiss. Como houve empate nos votos dos desembargadores, no entendimento daquele colegiado o resultado teria o [&hellip;]<\/p>\n","protected":false},"author":4,"featured_media":0,"comment_status":"open","ping_status":"closed","sticky":false,"template":"","format":"standard","meta":{"_jetpack_newsletter_access":"","_jetpack_dont_email_post_to_subs":false,"_jetpack_newsletter_tier_id":0,"_jetpack_memberships_contains_paywalled_content":false,"_jetpack_feature_clip_id":0,"_jetpack_memberships_contains_paid_content":false,"footnotes":"","jetpack_post_was_ever_published":false},"categories":[2022],"tags":[],"class_list":["post-58769","post","type-post","status-publish","format-standard","hentry","category-notas"],"aioseo_notices":[],"aioseo_head":"\n\t\t<!-- All in One SEO 5.0.1.1 - aioseo.com -->\n\t<meta name=\"robots\" content=\"max-image-preview:large\" \/>\n\t<meta name=\"author\" content=\"da Reda\u00e7\u00e3o\"\/>\n\t<link rel=\"canonical\" href=\"https:\/\/www.jornalja.com.br\/arquivo\/caso-kiss-mp-entra-com-recurso-contra-decisao-de-nao-levar-reus-para-julgamento-no-tribunal-do-juri\/\" \/>\n\t<meta name=\"generator\" content=\"All in One SEO (AIOSEO) 5.0.1.1\" \/>\n\t\t<meta property=\"og:locale\" content=\"pt_BR\" \/>\n\t\t<meta property=\"og:site_name\" content=\"Arquivo | Jornal J\u00c1 | Porto Alegre\" \/>\n\t\t<meta property=\"og:type\" content=\"article\" \/>\n\t\t<meta property=\"og:title\" content=\"Caso Kiss: MP entra com recurso contra decis\u00e3o de n\u00e3o levar r\u00e9us para julgamento no tribunal do j\u00fari | Arquivo\" \/>\n\t\t<meta property=\"og:url\" content=\"https:\/\/www.jornalja.com.br\/arquivo\/caso-kiss-mp-entra-com-recurso-contra-decisao-de-nao-levar-reus-para-julgamento-no-tribunal-do-juri\/\" \/>\n\t\t<meta property=\"og:image\" content=\"https:\/\/www.jornalja.com.br\/economics\/wp-content\/uploads\/sites\/11\/2026\/08\/ja-folhaderosto-facebook.jpg\" \/>\n\t\t<meta property=\"og:image:secure_url\" content=\"https:\/\/www.jornalja.com.br\/economics\/wp-content\/uploads\/sites\/11\/2026\/08\/ja-folhaderosto-facebook.jpg\" \/>\n\t\t<meta property=\"article:published_time\" content=\"2018-01-09T14:07:06+00:00\" \/>\n\t\t<meta property=\"article:modified_time\" content=\"2018-01-09T14:07:06+00:00\" \/>\n\t\t<meta name=\"twitter:card\" content=\"summary\" \/>\n\t\t<meta name=\"twitter:title\" content=\"Caso Kiss: MP entra com recurso contra decis\u00e3o de n\u00e3o levar r\u00e9us para julgamento no tribunal do j\u00fari | Arquivo\" \/>\n\t\t<meta name=\"twitter:image\" content=\"https:\/\/www.jornalja.com.br\/economics\/wp-content\/uploads\/sites\/11\/2026\/08\/ja-folhaderosto-facebook.jpg\" \/>\n\t\t<script type=\"application\/ld+json\" class=\"aioseo-schema\">\n\t\t\t{\"@context\":\"https:\\\/\\\/schema.org\",\"@graph\":[{\"@type\":\"BlogPosting\",\"@id\":\"https:\\\/\\\/www.jornalja.com.br\\\/arquivo\\\/caso-kiss-mp-entra-com-recurso-contra-decisao-de-nao-levar-reus-para-julgamento-no-tribunal-do-juri\\\/#blogposting\",\"name\":\"Caso Kiss: MP entra com recurso contra decis\\u00e3o de n\\u00e3o levar r\\u00e9us para julgamento no tribunal do j\\u00fari | Arquivo\",\"headline\":\"Caso Kiss: MP entra com recurso contra decis\\u00e3o de n\\u00e3o levar r\\u00e9us para julgamento no tribunal do j\\u00fari\\u00a0\",\"author\":{\"@id\":\"https:\\\/\\\/www.jornalja.com.br\\\/arquivo\\\/author\\\/daredacao\\\/#author\"},\"publisher\":{\"@id\":\"https:\\\/\\\/www.jornalja.com.br\\\/arquivo\\\/#organization\"},\"image\":{\"@type\":\"ImageObject\",\"url\":\"https:\\\/\\\/www.jornalja.com.br\\\/wp-content\\\/uploads\\\/cards\\\/JAslogan.png\",\"@id\":\"https:\\\/\\\/www.jornalja.com.br\\\/arquivo\\\/#articleImage\"},\"datePublished\":\"2018-01-09T12:07:06-02:00\",\"dateModified\":\"2018-01-09T12:07:06-02:00\",\"inLanguage\":\"pt-BR\",\"mainEntityOfPage\":{\"@id\":\"https:\\\/\\\/www.jornalja.com.br\\\/arquivo\\\/caso-kiss-mp-entra-com-recurso-contra-decisao-de-nao-levar-reus-para-julgamento-no-tribunal-do-juri\\\/#webpage\"},\"isPartOf\":{\"@id\":\"https:\\\/\\\/www.jornalja.com.br\\\/arquivo\\\/caso-kiss-mp-entra-com-recurso-contra-decisao-de-nao-levar-reus-para-julgamento-no-tribunal-do-juri\\\/#webpage\"},\"articleSection\":\"NOTAS\"},{\"@type\":\"BreadcrumbList\",\"@id\":\"https:\\\/\\\/www.jornalja.com.br\\\/arquivo\\\/caso-kiss-mp-entra-com-recurso-contra-decisao-de-nao-levar-reus-para-julgamento-no-tribunal-do-juri\\\/#breadcrumblist\",\"itemListElement\":[{\"@type\":\"ListItem\",\"@id\":\"https:\\\/\\\/www.jornalja.com.br\\\/arquivo#listItem\",\"position\":1,\"name\":\"Home\",\"item\":\"https:\\\/\\\/www.jornalja.com.br\\\/arquivo\",\"nextItem\":{\"@type\":\"ListItem\",\"@id\":\"https:\\\/\\\/www.jornalja.com.br\\\/arquivo\\\/category\\\/notas\\\/#listItem\",\"name\":\"NOTAS\"}},{\"@type\":\"ListItem\",\"@id\":\"https:\\\/\\\/www.jornalja.com.br\\\/arquivo\\\/category\\\/notas\\\/#listItem\",\"position\":2,\"name\":\"NOTAS\",\"item\":\"https:\\\/\\\/www.jornalja.com.br\\\/arquivo\\\/category\\\/notas\\\/\",\"nextItem\":{\"@type\":\"ListItem\",\"@id\":\"https:\\\/\\\/www.jornalja.com.br\\\/arquivo\\\/caso-kiss-mp-entra-com-recurso-contra-decisao-de-nao-levar-reus-para-julgamento-no-tribunal-do-juri\\\/#listItem\",\"name\":\"Caso Kiss: MP entra com recurso contra decis\\u00e3o de n\\u00e3o levar r\\u00e9us para julgamento no tribunal do j\\u00fari\\u00a0\"},\"previousItem\":{\"@type\":\"ListItem\",\"@id\":\"https:\\\/\\\/www.jornalja.com.br\\\/arquivo#listItem\",\"name\":\"Home\"}},{\"@type\":\"ListItem\",\"@id\":\"https:\\\/\\\/www.jornalja.com.br\\\/arquivo\\\/caso-kiss-mp-entra-com-recurso-contra-decisao-de-nao-levar-reus-para-julgamento-no-tribunal-do-juri\\\/#listItem\",\"position\":3,\"name\":\"Caso Kiss: MP entra com recurso contra decis\\u00e3o de n\\u00e3o levar r\\u00e9us para julgamento no tribunal do j\\u00fari\\u00a0\",\"previousItem\":{\"@type\":\"ListItem\",\"@id\":\"https:\\\/\\\/www.jornalja.com.br\\\/arquivo\\\/category\\\/notas\\\/#listItem\",\"name\":\"NOTAS\"}}]},{\"@type\":\"Organization\",\"@id\":\"https:\\\/\\\/www.jornalja.com.br\\\/arquivo\\\/#organization\",\"name\":\"Jornal J\\u00c1\",\"description\":\"Jornal J\\u00c1 | Porto Alegre\",\"url\":\"https:\\\/\\\/www.jornalja.com.br\\\/arquivo\\\/\",\"telephone\":\"+555133307272\",\"logo\":{\"@type\":\"ImageObject\",\"url\":\"https:\\\/\\\/www.jornalja.com.br\\\/wp-content\\\/uploads\\\/cards\\\/JAslogan.png\",\"@id\":\"https:\\\/\\\/www.jornalja.com.br\\\/arquivo\\\/caso-kiss-mp-entra-com-recurso-contra-decisao-de-nao-levar-reus-para-julgamento-no-tribunal-do-juri\\\/#organizationLogo\"},\"image\":{\"@id\":\"https:\\\/\\\/www.jornalja.com.br\\\/arquivo\\\/caso-kiss-mp-entra-com-recurso-contra-decisao-de-nao-levar-reus-para-julgamento-no-tribunal-do-juri\\\/#organizationLogo\"}},{\"@type\":\"Person\",\"@id\":\"https:\\\/\\\/www.jornalja.com.br\\\/arquivo\\\/author\\\/daredacao\\\/#author\",\"url\":\"https:\\\/\\\/www.jornalja.com.br\\\/arquivo\\\/author\\\/daredacao\\\/\",\"name\":\"da Reda\\u00e7\\u00e3o\",\"image\":{\"@type\":\"ImageObject\",\"@id\":\"https:\\\/\\\/www.jornalja.com.br\\\/arquivo\\\/caso-kiss-mp-entra-com-recurso-contra-decisao-de-nao-levar-reus-para-julgamento-no-tribunal-do-juri\\\/#authorImage\",\"url\":\"https:\\\/\\\/secure.gravatar.com\\\/avatar\\\/469fd857d6605ad19919d27ed29d35a968a25f6e8fd9318356bbb7f57aae9c65?s=96&d=mm&r=g\",\"width\":96,\"height\":96,\"caption\":\"da Reda\\u00e7\\u00e3o\"}},{\"@type\":\"WebPage\",\"@id\":\"https:\\\/\\\/www.jornalja.com.br\\\/arquivo\\\/caso-kiss-mp-entra-com-recurso-contra-decisao-de-nao-levar-reus-para-julgamento-no-tribunal-do-juri\\\/#webpage\",\"url\":\"https:\\\/\\\/www.jornalja.com.br\\\/arquivo\\\/caso-kiss-mp-entra-com-recurso-contra-decisao-de-nao-levar-reus-para-julgamento-no-tribunal-do-juri\\\/\",\"name\":\"Caso Kiss: MP entra com recurso contra decis\\u00e3o de n\\u00e3o levar r\\u00e9us para julgamento no tribunal do j\\u00fari | Arquivo\",\"inLanguage\":\"pt-BR\",\"isPartOf\":{\"@id\":\"https:\\\/\\\/www.jornalja.com.br\\\/arquivo\\\/#website\"},\"breadcrumb\":{\"@id\":\"https:\\\/\\\/www.jornalja.com.br\\\/arquivo\\\/caso-kiss-mp-entra-com-recurso-contra-decisao-de-nao-levar-reus-para-julgamento-no-tribunal-do-juri\\\/#breadcrumblist\"},\"author\":{\"@id\":\"https:\\\/\\\/www.jornalja.com.br\\\/arquivo\\\/author\\\/daredacao\\\/#author\"},\"creator\":{\"@id\":\"https:\\\/\\\/www.jornalja.com.br\\\/arquivo\\\/author\\\/daredacao\\\/#author\"},\"datePublished\":\"2018-01-09T12:07:06-02:00\",\"dateModified\":\"2018-01-09T12:07:06-02:00\"},{\"@type\":\"WebSite\",\"@id\":\"https:\\\/\\\/www.jornalja.com.br\\\/arquivo\\\/#website\",\"url\":\"https:\\\/\\\/www.jornalja.com.br\\\/arquivo\\\/\",\"name\":\"Arquivo\",\"description\":\"Jornal J\\u00c1 | Porto Alegre\",\"inLanguage\":\"pt-BR\",\"publisher\":{\"@id\":\"https:\\\/\\\/www.jornalja.com.br\\\/arquivo\\\/#organization\"}}]}\n\t\t<\/script>\n\t\t<!-- All in One SEO -->\n\n","aioseo_head_json":{"title":"Caso Kiss: MP entra com recurso contra decis\u00e3o de n\u00e3o levar r\u00e9us para julgamento no tribunal do j\u00fari | Arquivo","description":"","canonical_url":"https:\/\/www.jornalja.com.br\/arquivo\/caso-kiss-mp-entra-com-recurso-contra-decisao-de-nao-levar-reus-para-julgamento-no-tribunal-do-juri\/","robots":"max-image-preview:large","keywords":"","webmasterTools":{"miscellaneous":""},"schema":{"@context":"https:\/\/schema.org","@graph":[{"@type":"BlogPosting","@id":"https:\/\/www.jornalja.com.br\/arquivo\/caso-kiss-mp-entra-com-recurso-contra-decisao-de-nao-levar-reus-para-julgamento-no-tribunal-do-juri\/#blogposting","name":"Caso Kiss: MP entra com recurso contra decis\u00e3o de n\u00e3o levar r\u00e9us para julgamento no tribunal do j\u00fari | Arquivo","headline":"Caso Kiss: MP entra com recurso contra decis\u00e3o de n\u00e3o levar r\u00e9us para julgamento no tribunal do j\u00fari\u00a0","author":{"@id":"https:\/\/www.jornalja.com.br\/arquivo\/author\/daredacao\/#author"},"publisher":{"@id":"https:\/\/www.jornalja.com.br\/arquivo\/#organization"},"image":{"@type":"ImageObject","url":"https:\/\/www.jornalja.com.br\/wp-content\/uploads\/cards\/JAslogan.png","@id":"https:\/\/www.jornalja.com.br\/arquivo\/#articleImage"},"datePublished":"2018-01-09T12:07:06-02:00","dateModified":"2018-01-09T12:07:06-02:00","inLanguage":"pt-BR","mainEntityOfPage":{"@id":"https:\/\/www.jornalja.com.br\/arquivo\/caso-kiss-mp-entra-com-recurso-contra-decisao-de-nao-levar-reus-para-julgamento-no-tribunal-do-juri\/#webpage"},"isPartOf":{"@id":"https:\/\/www.jornalja.com.br\/arquivo\/caso-kiss-mp-entra-com-recurso-contra-decisao-de-nao-levar-reus-para-julgamento-no-tribunal-do-juri\/#webpage"},"articleSection":"NOTAS"},{"@type":"BreadcrumbList","@id":"https:\/\/www.jornalja.com.br\/arquivo\/caso-kiss-mp-entra-com-recurso-contra-decisao-de-nao-levar-reus-para-julgamento-no-tribunal-do-juri\/#breadcrumblist","itemListElement":[{"@type":"ListItem","@id":"https:\/\/www.jornalja.com.br\/arquivo#listItem","position":1,"name":"Home","item":"https:\/\/www.jornalja.com.br\/arquivo","nextItem":{"@type":"ListItem","@id":"https:\/\/www.jornalja.com.br\/arquivo\/category\/notas\/#listItem","name":"NOTAS"}},{"@type":"ListItem","@id":"https:\/\/www.jornalja.com.br\/arquivo\/category\/notas\/#listItem","position":2,"name":"NOTAS","item":"https:\/\/www.jornalja.com.br\/arquivo\/category\/notas\/","nextItem":{"@type":"ListItem","@id":"https:\/\/www.jornalja.com.br\/arquivo\/caso-kiss-mp-entra-com-recurso-contra-decisao-de-nao-levar-reus-para-julgamento-no-tribunal-do-juri\/#listItem","name":"Caso Kiss: MP entra com recurso contra decis\u00e3o de n\u00e3o levar r\u00e9us para julgamento no tribunal do j\u00fari\u00a0"},"previousItem":{"@type":"ListItem","@id":"https:\/\/www.jornalja.com.br\/arquivo#listItem","name":"Home"}},{"@type":"ListItem","@id":"https:\/\/www.jornalja.com.br\/arquivo\/caso-kiss-mp-entra-com-recurso-contra-decisao-de-nao-levar-reus-para-julgamento-no-tribunal-do-juri\/#listItem","position":3,"name":"Caso Kiss: MP entra com recurso contra decis\u00e3o de n\u00e3o levar r\u00e9us para julgamento no tribunal do j\u00fari\u00a0","previousItem":{"@type":"ListItem","@id":"https:\/\/www.jornalja.com.br\/arquivo\/category\/notas\/#listItem","name":"NOTAS"}}]},{"@type":"Organization","@id":"https:\/\/www.jornalja.com.br\/arquivo\/#organization","name":"Jornal J\u00c1","description":"Jornal J\u00c1 | Porto Alegre","url":"https:\/\/www.jornalja.com.br\/arquivo\/","telephone":"+555133307272","logo":{"@type":"ImageObject","url":"https:\/\/www.jornalja.com.br\/wp-content\/uploads\/cards\/JAslogan.png","@id":"https:\/\/www.jornalja.com.br\/arquivo\/caso-kiss-mp-entra-com-recurso-contra-decisao-de-nao-levar-reus-para-julgamento-no-tribunal-do-juri\/#organizationLogo"},"image":{"@id":"https:\/\/www.jornalja.com.br\/arquivo\/caso-kiss-mp-entra-com-recurso-contra-decisao-de-nao-levar-reus-para-julgamento-no-tribunal-do-juri\/#organizationLogo"}},{"@type":"Person","@id":"https:\/\/www.jornalja.com.br\/arquivo\/author\/daredacao\/#author","url":"https:\/\/www.jornalja.com.br\/arquivo\/author\/daredacao\/","name":"da Reda\u00e7\u00e3o","image":{"@type":"ImageObject","@id":"https:\/\/www.jornalja.com.br\/arquivo\/caso-kiss-mp-entra-com-recurso-contra-decisao-de-nao-levar-reus-para-julgamento-no-tribunal-do-juri\/#authorImage","url":"https:\/\/secure.gravatar.com\/avatar\/469fd857d6605ad19919d27ed29d35a968a25f6e8fd9318356bbb7f57aae9c65?s=96&d=mm&r=g","width":96,"height":96,"caption":"da Reda\u00e7\u00e3o"}},{"@type":"WebPage","@id":"https:\/\/www.jornalja.com.br\/arquivo\/caso-kiss-mp-entra-com-recurso-contra-decisao-de-nao-levar-reus-para-julgamento-no-tribunal-do-juri\/#webpage","url":"https:\/\/www.jornalja.com.br\/arquivo\/caso-kiss-mp-entra-com-recurso-contra-decisao-de-nao-levar-reus-para-julgamento-no-tribunal-do-juri\/","name":"Caso Kiss: MP entra com recurso contra decis\u00e3o de n\u00e3o levar r\u00e9us para julgamento no tribunal do j\u00fari | Arquivo","inLanguage":"pt-BR","isPartOf":{"@id":"https:\/\/www.jornalja.com.br\/arquivo\/#website"},"breadcrumb":{"@id":"https:\/\/www.jornalja.com.br\/arquivo\/caso-kiss-mp-entra-com-recurso-contra-decisao-de-nao-levar-reus-para-julgamento-no-tribunal-do-juri\/#breadcrumblist"},"author":{"@id":"https:\/\/www.jornalja.com.br\/arquivo\/author\/daredacao\/#author"},"creator":{"@id":"https:\/\/www.jornalja.com.br\/arquivo\/author\/daredacao\/#author"},"datePublished":"2018-01-09T12:07:06-02:00","dateModified":"2018-01-09T12:07:06-02:00"},{"@type":"WebSite","@id":"https:\/\/www.jornalja.com.br\/arquivo\/#website","url":"https:\/\/www.jornalja.com.br\/arquivo\/","name":"Arquivo","description":"Jornal J\u00c1 | Porto Alegre","inLanguage":"pt-BR","publisher":{"@id":"https:\/\/www.jornalja.com.br\/arquivo\/#organization"}}]},"og:locale":"pt_BR","og:site_name":"Arquivo | Jornal J\u00c1 | Porto Alegre","og:type":"article","og:title":"Caso Kiss: MP entra com recurso contra decis\u00e3o de n\u00e3o levar r\u00e9us para julgamento no tribunal do j\u00fari | Arquivo","og:url":"https:\/\/www.jornalja.com.br\/arquivo\/caso-kiss-mp-entra-com-recurso-contra-decisao-de-nao-levar-reus-para-julgamento-no-tribunal-do-juri\/","og:image":"https:\/\/www.jornalja.com.br\/economics\/wp-content\/uploads\/sites\/11\/2026\/08\/ja-folhaderosto-facebook.jpg","og:image:secure_url":"https:\/\/www.jornalja.com.br\/economics\/wp-content\/uploads\/sites\/11\/2026\/08\/ja-folhaderosto-facebook.jpg","article:published_time":"2018-01-09T14:07:06+00:00","article:modified_time":"2018-01-09T14:07:06+00:00","twitter:card":"summary","twitter:title":"Caso Kiss: MP entra com recurso contra decis\u00e3o de n\u00e3o levar r\u00e9us para julgamento no tribunal do j\u00fari | Arquivo","twitter:image":"https:\/\/www.jornalja.com.br\/economics\/wp-content\/uploads\/sites\/11\/2026\/08\/ja-folhaderosto-facebook.jpg"},"aioseo_meta_data":{"post_id":"58769","title":null,"description":null,"keywords":null,"keyphrases":null,"primary_term":null,"canonical_url":null,"og_title":null,"og_description":null,"og_object_type":"default","og_image_type":"default","og_image_url":null,"og_image_width":null,"og_image_height":null,"og_image_custom_url":null,"og_image_custom_fields":null,"og_video":null,"og_custom_url":null,"og_article_section":null,"og_article_tags":null,"twitter_use_og":false,"twitter_card":"default","twitter_image_type":"default","twitter_image_url":null,"twitter_image_custom_url":null,"twitter_image_custom_fields":null,"twitter_title":null,"twitter_description":null,"schema":{"blockGraphs":[],"customGraphs":[],"default":{"data":{"Article":[],"Course":[],"Dataset":[],"FAQPage":[],"Movie":[],"Person":[],"Product":[],"ProductReview":[],"Car":[],"Recipe":[],"Service":[],"SoftwareApplication":[],"WebPage":[]},"graphName":"","isEnabled":true},"graphs":[]},"schema_type":null,"schema_type_options":null,"pillar_content":false,"robots_default":true,"robots_noindex":false,"robots_noarchive":false,"robots_nosnippet":false,"robots_nofollow":false,"robots_noimageindex":false,"robots_noodp":false,"robots_notranslate":false,"robots_max_snippet":null,"robots_max_videopreview":null,"robots_max_imagepreview":"large","priority":null,"frequency":null,"location":null,"local_seo":null,"breadcrumb_settings":null,"limit_modified_date":false,"ai":null,"created":"2020-12-20 20:18:57","updated":"2025-07-20 03:04:55","seo_analyzer_scan_date":null,"focus_keyword":null,"additional_keywords":null,"truseo_locale":null},"jetpack_sharing_enabled":true,"jetpack-related-posts":[{"id":13109,"url":"https:\/\/www.jornalja.com.br\/arquivo\/judiciario-reconhece-poluicao-eletromagnetica\/","url_meta":{"origin":58769,"position":0},"title":"Judici\u00e1rio reconhece polui\u00e7\u00e3o eletromagn\u00e9tica","author":"Patr\u00edcia Marini","date":"16 de maio de 2014","format":false,"excerpt":"A\u00e7\u00e3o de duas associa\u00e7\u00f5es de moradores foi acolhida pelo Tribunal de Justi\u00e7a de S\u00e3o Paulo que. em decis\u00e3o in\u00e9dita, determinou a redu\u00e7\u00e3o do campo eletromagn\u00e9tico gerado pelas linhas de transmiss\u00e3o de energia que cortam os bairros City Boa\u00e7ava e Alto de Pinheiros. \u00c9 a primeira vez que um tribunal do\u2026","rel":"","context":"Em &quot;X.Categorias velhas&quot;","block_context":{"text":"X.Categorias velhas","link":"https:\/\/www.jornalja.com.br\/arquivo\/category\/x-categorias-velhas\/"},"img":{"alt_text":"","src":"","width":0,"height":0},"classes":[]},{"id":14241,"url":"https:\/\/www.jornalja.com.br\/arquivo\/o-guaiba-nas-imagens-poeticas-de-achutti\/","url_meta":{"origin":58769,"position":1},"title":"O Gua\u00edba nas imagens po\u00e9ticas de Achutti","author":"da Reda\u00e7\u00e3o","date":"18 de junho de 2014","format":false,"excerpt":"Em \u201cO Gua\u00edba por Achutti\u201d \u2013 obra financiada via Minist\u00e9rio da Cultura, produ\u00e7\u00e3o executiva de Pedro Longhi, e Fl\u00e1vio Wild como designer \u2013, o fot\u00f3grafo revela a beleza e as mazelas de um espa\u00e7o aqu\u00e1tico de \u00e1guas sempre renovadas, cheio de hist\u00f3rias e lendas como as das cidades que foram\u2026","rel":"","context":"Em &quot;Cultura-Geral&quot;","block_context":{"text":"Cultura-Geral","link":"https:\/\/www.jornalja.com.br\/arquivo\/category\/materiasecundaria\/"},"img":{"alt_text":"","src":"","width":0,"height":0},"classes":[]},{"id":13128,"url":"https:\/\/www.jornalja.com.br\/arquivo\/maconha-terra-diz-que-uso-medicinal-e-desculpa\/","url_meta":{"origin":58769,"position":2},"title":"Maconha: Terra diz que uso medicinal \u00e9 desculpa","author":"Patr\u00edcia Marini","date":"4 de junho de 2014","format":false,"excerpt":"A condi\u00e7\u00e3o de pol\u00edtico, em \u00e9poca de campanha de campanha eleitoral, tira for\u00e7a do discurso do m\u00e9dico Osmar Terra contra a legaliza\u00e7\u00e3o da maconha. A tese dele de que a libera\u00e7\u00e3o vai ampliar exponencialmente o consumo \u00e9 discutivel, o consumo \u00e9 corrente. Mas seus alertas quanto aos riscos tem que\u2026","rel":"","context":"Em &quot;X.Categorias velhas&quot;","block_context":{"text":"X.Categorias velhas","link":"https:\/\/www.jornalja.com.br\/arquivo\/category\/x-categorias-velhas\/"},"img":{"alt_text":"","src":"","width":0,"height":0},"classes":[]},{"id":13240,"url":"https:\/\/www.jornalja.com.br\/arquivo\/plano-diretor-estamos-construindo-o-caos\/","url_meta":{"origin":58769,"position":3},"title":"Plano diretor: &quot;Estamos construindo o caos&quot;","author":"Patr\u00edcia Marini","date":"26 de maio de 2014","format":false,"excerpt":"Desabafo que arquiteta Eliana Castilhos, delegada da Regi\u00e3o de Planejamento 1, postou nas redes sociais \u00e9 um testemunho do ambiente que se criou no Conselho do Plano Diretor de Porto Alegre, onde a aprova\u00e7\u00e3o de grandes empreendimentos \u00e9 empurrada guela abaixo dos conselheiros. Ao CMDUA Como delegada da Regi\u00e3o de\u2026","rel":"","context":"Em &quot;Geral&quot;","block_context":{"text":"Geral","link":"https:\/\/www.jornalja.com.br\/arquivo\/category\/geral\/"},"img":{"alt_text":"","src":"","width":0,"height":0},"classes":[]},{"id":13124,"url":"https:\/\/www.jornalja.com.br\/arquivo\/sangue-latino-no-iecine\/","url_meta":{"origin":58769,"position":4},"title":"Sangue latino no IECINE","author":"da Reda\u00e7\u00e3o","date":"18 de maio de 2014","format":false,"excerpt":"Francisco Ribeiro O Instituto Estadual de Cinema (IECINE) tem a frente, desde abril \u00faltimo, um novo diretor, o cineasta colombiano Juan Zapata, 36, que substitui Luiz Alberto Cassol. Radicado h\u00e1 dez anos em Porto Alegre, Zapata tem diante de si o desafio de conduzir at\u00e9 o final do ano um\u2026","rel":"","context":"Em &quot;Cultura-Geral&quot;","block_context":{"text":"Cultura-Geral","link":"https:\/\/www.jornalja.com.br\/arquivo\/category\/materiasecundaria\/"},"img":{"alt_text":"","src":"","width":0,"height":0},"classes":[]},{"id":13101,"url":"https:\/\/www.jornalja.com.br\/arquivo\/morre-um-guerreiro-do-texto\/","url_meta":{"origin":58769,"position":5},"title":"Morre um guerreiro do texto","author":"Patr\u00edcia Marini","date":"14 de maio de 2014","format":false,"excerpt":"Por Ricardo Kotscho Reproduzido do blog do autor, 11\/5\/2014; t\u00edtulo original \u201cE l\u00e1 se foi o nosso Myltainho, guerreiro do texto\u201d. Mi\u00fado e franzino, meu amigo Myltainho era um valente e inconformado guerreiro na luta contra as injusti\u00e7as sociais, a hipocrisia, as maracutaias, o autoritarismo, a intoler\u00e2ncia, a viol\u00eancia, o\u2026","rel":"","context":"Em &quot;Geral&quot;","block_context":{"text":"Geral","link":"https:\/\/www.jornalja.com.br\/arquivo\/category\/geral\/"},"img":{"alt_text":"","src":"","width":0,"height":0},"classes":[]}],"jetpack_shortlink":"https:\/\/wp.me\/pbQjBd-fhT","jetpack_featured_media_url":"","_links":{"self":[{"href":"https:\/\/www.jornalja.com.br\/arquivo\/wp-json\/wp\/v2\/posts\/58769","targetHints":{"allow":["GET"]}}],"collection":[{"href":"https:\/\/www.jornalja.com.br\/arquivo\/wp-json\/wp\/v2\/posts"}],"about":[{"href":"https:\/\/www.jornalja.com.br\/arquivo\/wp-json\/wp\/v2\/types\/post"}],"author":[{"embeddable":true,"href":"https:\/\/www.jornalja.com.br\/arquivo\/wp-json\/wp\/v2\/users\/4"}],"replies":[{"embeddable":true,"href":"https:\/\/www.jornalja.com.br\/arquivo\/wp-json\/wp\/v2\/comments?post=58769"}],"version-history":[{"count":0,"href":"https:\/\/www.jornalja.com.br\/arquivo\/wp-json\/wp\/v2\/posts\/58769\/revisions"}],"wp:attachment":[{"href":"https:\/\/www.jornalja.com.br\/arquivo\/wp-json\/wp\/v2\/media?parent=58769"}],"wp:term":[{"taxonomy":"category","embeddable":true,"href":"https:\/\/www.jornalja.com.br\/arquivo\/wp-json\/wp\/v2\/categories?post=58769"},{"taxonomy":"post_tag","embeddable":true,"href":"https:\/\/www.jornalja.com.br\/arquivo\/wp-json\/wp\/v2\/tags?post=58769"}],"curies":[{"name":"wp","href":"https:\/\/api.w.org\/{rel}","templated":true}]}}