{"id":58784,"date":"2018-01-10T11:24:41","date_gmt":"2018-01-10T13:24:41","guid":{"rendered":"https:\/\/www.jornalja.com.br\/?p=58784"},"modified":"2018-01-10T11:24:41","modified_gmt":"2018-01-10T13:24:41","slug":"alimentos-fazem-inflacao-oficial-ter-a-menor-taxa-em-19-anos-de-295","status":"publish","type":"post","link":"https:\/\/www.jornalja.com.br\/arquivo\/alimentos-fazem-inflacao-oficial-ter-a-menor-taxa-em-19-anos-de-295\/","title":{"rendered":"Alimentos fazem infla\u00e7\u00e3o oficial ter a menor taxa em 19 anos, de 2,95%"},"content":{"rendered":"<p>O \u00cdndice Nacional de Pre\u00e7os ao Consumidor Amplo (IPCA), a infla\u00e7\u00e3o oficial do pa\u00eds, fechou em 2017 com alta acumulada de 2,95%, resultado 3,34 pontos percentuais inferiores aos 6,29% de 2016. \u00c9 o menor n\u00famero desde a taxa de 1998 quando ficou em 1,65%.<br \/>\n<span style=\"color: #333333\"><span style=\"font-family: 'Open Sans', sans-serif\">Os dados foram divulgados nesta quarta-feira, 10\/01, no Rio de Janeiro, pelo Instituto Brasileiro de Geografia e Estat\u00edstica (IBGE) e indicam que, em dezembro, o IPCA fechou em 0,44%, ficando 0,16 ponto percentual acima do resultado de novembro (0,28%). Essa foi a maior varia\u00e7\u00e3o mensal de 2017. Em 2016, o IPCA de dezembro atingiu 0,3%.<\/span><\/span><br \/>\n<span class=\"intertit\">Alimenta\u00e7\u00e3o consumida em casa influencia \u00edndice<\/span><br \/>\n<span style=\"color: #333333\"><span style=\"font-family: 'Open Sans', sans-serif\">Dos nove grupos que comp\u00f5em o IPCA, o setor de Alimenta\u00e7\u00e3o e Bebidas foi o que mais contribuiu para conter a infla\u00e7\u00e3o. Respons\u00e1vel por cerca de 25% das despesas das fam\u00edlias, o grupo acusou queda acumulada (defla\u00e7\u00e3o) de 1,87%.<\/span><\/span><br \/>\n<span style=\"color: #333333\"><span style=\"font-family: 'Open Sans', sans-serif\">O resultado decorreu da redu\u00e7\u00e3o de 4,85% no pre\u00e7o dos alimentos consumidos em casa, com destaque para as frutas (-16,52%), que tiveram o maior impacto negativo (-0,19 ponto percentual).<\/span><\/span><br \/>\n<span style=\"color: #333333\"><span style=\"font-family: 'Open Sans', sans-serif\">Segundo o gerente do Sistema Nacional de \u00cdndices de Pre\u00e7os ao Consumidor do IBGE, Fernando Gon\u00e7alves, a defla\u00e7\u00e3o dos alimentos foi consequ\u00eancia da produ\u00e7\u00e3o agr\u00edcola, que teve uma safra cerca de 30% maior que a de 2016.<\/span><\/span><br \/>\n<span style=\"color: #333333\">\u201c<span style=\"font-family: 'Open Sans', sans-serif\">Essa situa\u00e7\u00e3o levou o consumidor a pagar mais barato (-1,87%) do que no ano anterior. \u00c9 a primeira vez que o grupo apresenta defla\u00e7\u00e3o desde a implanta\u00e7\u00e3o do Plano Real\u201d, disse.<\/span><\/span><br \/>\n<span class=\"intertit\" style=\"color: #333333\"><span style=\"font-family: 'Open Sans', sans-serif\">\u00cdndice abaixo da meta<\/span><\/span><br \/>\n<span style=\"color: #333333\"><span style=\"font-family: 'Open Sans', sans-serif\">A infla\u00e7\u00e3o de 2017 de 2,95% ficou abaixo do piso inferior da meta fixada pelo Comit\u00ea de Pol\u00edtica Monet\u00e1ria (Copom), que era de 4,5% (com toler\u00e2ncia de 1,5 ponto percentual para mais ou para menos).<\/span><\/span><br \/>\n<span style=\"color: #333333\"><span style=\"font-family: 'Open Sans', sans-serif\">Para 2017, o governo havia fixado uma meta inflacion\u00e1ria de 4,5%, com possibilidade de varia\u00e7\u00e3o de 1,5% para cima ou para baixo, ou seja, entre 3% e 6%.<\/span><\/span><br \/>\n<span style=\"color: #333333\"><span style=\"font-family: 'Open Sans', sans-serif\">Em dezembro o IPCA fechou com alta de 0,44%, a maior varia\u00e7\u00e3o mensal do ano e um resultado 0,16 ponto percentual acima do 0,28% de novembro. Em 2016, o IPCA fechou dezembro com alta de 0,3%.<\/span><\/span><br \/>\n<span style=\"color: #333333\"><span style=\"font-family: 'Open Sans', sans-serif\">A alta do \u00faltimo m\u00eas do ano foi influenciada pela acelera\u00e7\u00e3o na taxa dos grupos Alimenta\u00e7\u00e3o e Bebidas, que passou de uma defla\u00e7\u00e3o de 0,38% em novembro para 0,54%; e Transportes (de 0,52% para 1,23%).<\/span><\/span><br \/>\n&nbsp;<\/p>\n","protected":false},"excerpt":{"rendered":"<p>O \u00cdndice Nacional de Pre\u00e7os ao Consumidor Amplo (IPCA), a infla\u00e7\u00e3o oficial do pa\u00eds, fechou em 2017 com alta acumulada de 2,95%, resultado 3,34 pontos percentuais inferiores aos 6,29% de 2016. \u00c9 o menor n\u00famero desde a taxa de 1998 quando ficou em 1,65%. Os dados foram divulgados nesta quarta-feira, 10\/01, no Rio de Janeiro, [&hellip;]<\/p>\n","protected":false},"author":4,"featured_media":58786,"comment_status":"open","ping_status":"closed","sticky":false,"template":"","format":"standard","meta":{"_jetpack_newsletter_access":"","_jetpack_dont_email_post_to_subs":false,"_jetpack_newsletter_tier_id":0,"_jetpack_memberships_contains_paywalled_content":false,"_jetpack_feature_clip_id":0,"_jetpack_memberships_contains_paid_content":false,"footnotes":"","jetpack_post_was_ever_published":false},"categories":[26],"tags":[],"class_list":["post-58784","post","type-post","status-publish","format-standard","has-post-thumbnail","hentry","category-geral"],"aioseo_notices":[],"aioseo_head":"\n\t\t<!-- All in One SEO 5.0.1.1 - aioseo.com -->\n\t<meta name=\"robots\" content=\"max-image-preview:large\" \/>\n\t<meta name=\"author\" content=\"da Reda\u00e7\u00e3o\"\/>\n\t<link rel=\"canonical\" href=\"https:\/\/www.jornalja.com.br\/arquivo\/alimentos-fazem-inflacao-oficial-ter-a-menor-taxa-em-19-anos-de-295\/\" \/>\n\t<meta name=\"generator\" content=\"All in One SEO (AIOSEO) 5.0.1.1\" \/>\n\t\t<meta property=\"og:locale\" content=\"pt_BR\" \/>\n\t\t<meta property=\"og:site_name\" content=\"Arquivo | Jornal J\u00c1 | Porto Alegre\" \/>\n\t\t<meta property=\"og:type\" content=\"article\" \/>\n\t\t<meta property=\"og:title\" content=\"Alimentos fazem infla\u00e7\u00e3o oficial ter a menor taxa em 19 anos, de 2,95% | Arquivo\" \/>\n\t\t<meta property=\"og:url\" content=\"https:\/\/www.jornalja.com.br\/arquivo\/alimentos-fazem-inflacao-oficial-ter-a-menor-taxa-em-19-anos-de-295\/\" \/>\n\t\t<meta property=\"og:image\" content=\"https:\/\/www.jornalja.com.br\/economics\/wp-content\/uploads\/sites\/11\/2026\/08\/ja-folhaderosto-facebook.jpg\" \/>\n\t\t<meta property=\"og:image:secure_url\" content=\"https:\/\/www.jornalja.com.br\/economics\/wp-content\/uploads\/sites\/11\/2026\/08\/ja-folhaderosto-facebook.jpg\" \/>\n\t\t<meta property=\"article:published_time\" content=\"2018-01-10T13:24:41+00:00\" \/>\n\t\t<meta property=\"article:modified_time\" content=\"2018-01-10T13:24:41+00:00\" \/>\n\t\t<meta name=\"twitter:card\" content=\"summary\" \/>\n\t\t<meta name=\"twitter:title\" content=\"Alimentos fazem infla\u00e7\u00e3o oficial ter a menor taxa em 19 anos, de 2,95% | Arquivo\" \/>\n\t\t<meta name=\"twitter:image\" content=\"https:\/\/www.jornalja.com.br\/economics\/wp-content\/uploads\/sites\/11\/2026\/08\/ja-folhaderosto-facebook.jpg\" \/>\n\t\t<script type=\"application\/ld+json\" class=\"aioseo-schema\">\n\t\t\t{\"@context\":\"https:\\\/\\\/schema.org\",\"@graph\":[{\"@type\":\"BlogPosting\",\"@id\":\"https:\\\/\\\/www.jornalja.com.br\\\/arquivo\\\/alimentos-fazem-inflacao-oficial-ter-a-menor-taxa-em-19-anos-de-295\\\/#blogposting\",\"name\":\"Alimentos fazem infla\\u00e7\\u00e3o oficial ter a menor taxa em 19 anos, de 2,95% | Arquivo\",\"headline\":\"Alimentos fazem infla\\u00e7\\u00e3o oficial ter a menor taxa em 19 anos, de 2,95%\",\"author\":{\"@id\":\"https:\\\/\\\/www.jornalja.com.br\\\/arquivo\\\/author\\\/daredacao\\\/#author\"},\"publisher\":{\"@id\":\"https:\\\/\\\/www.jornalja.com.br\\\/arquivo\\\/#organization\"},\"image\":{\"@type\":\"ImageObject\",\"url\":58786},\"datePublished\":\"2018-01-10T11:24:41-02:00\",\"dateModified\":\"2018-01-10T11:24:41-02:00\",\"inLanguage\":\"pt-BR\",\"mainEntityOfPage\":{\"@id\":\"https:\\\/\\\/www.jornalja.com.br\\\/arquivo\\\/alimentos-fazem-inflacao-oficial-ter-a-menor-taxa-em-19-anos-de-295\\\/#webpage\"},\"isPartOf\":{\"@id\":\"https:\\\/\\\/www.jornalja.com.br\\\/arquivo\\\/alimentos-fazem-inflacao-oficial-ter-a-menor-taxa-em-19-anos-de-295\\\/#webpage\"},\"articleSection\":\"Geral\"},{\"@type\":\"BreadcrumbList\",\"@id\":\"https:\\\/\\\/www.jornalja.com.br\\\/arquivo\\\/alimentos-fazem-inflacao-oficial-ter-a-menor-taxa-em-19-anos-de-295\\\/#breadcrumblist\",\"itemListElement\":[{\"@type\":\"ListItem\",\"@id\":\"https:\\\/\\\/www.jornalja.com.br\\\/arquivo#listItem\",\"position\":1,\"name\":\"Home\",\"item\":\"https:\\\/\\\/www.jornalja.com.br\\\/arquivo\",\"nextItem\":{\"@type\":\"ListItem\",\"@id\":\"https:\\\/\\\/www.jornalja.com.br\\\/arquivo\\\/category\\\/geral\\\/#listItem\",\"name\":\"Geral\"}},{\"@type\":\"ListItem\",\"@id\":\"https:\\\/\\\/www.jornalja.com.br\\\/arquivo\\\/category\\\/geral\\\/#listItem\",\"position\":2,\"name\":\"Geral\",\"item\":\"https:\\\/\\\/www.jornalja.com.br\\\/arquivo\\\/category\\\/geral\\\/\",\"nextItem\":{\"@type\":\"ListItem\",\"@id\":\"https:\\\/\\\/www.jornalja.com.br\\\/arquivo\\\/alimentos-fazem-inflacao-oficial-ter-a-menor-taxa-em-19-anos-de-295\\\/#listItem\",\"name\":\"Alimentos fazem infla\\u00e7\\u00e3o oficial ter a menor taxa em 19 anos, de 2,95%\"},\"previousItem\":{\"@type\":\"ListItem\",\"@id\":\"https:\\\/\\\/www.jornalja.com.br\\\/arquivo#listItem\",\"name\":\"Home\"}},{\"@type\":\"ListItem\",\"@id\":\"https:\\\/\\\/www.jornalja.com.br\\\/arquivo\\\/alimentos-fazem-inflacao-oficial-ter-a-menor-taxa-em-19-anos-de-295\\\/#listItem\",\"position\":3,\"name\":\"Alimentos fazem infla\\u00e7\\u00e3o oficial ter a menor taxa em 19 anos, de 2,95%\",\"previousItem\":{\"@type\":\"ListItem\",\"@id\":\"https:\\\/\\\/www.jornalja.com.br\\\/arquivo\\\/category\\\/geral\\\/#listItem\",\"name\":\"Geral\"}}]},{\"@type\":\"Organization\",\"@id\":\"https:\\\/\\\/www.jornalja.com.br\\\/arquivo\\\/#organization\",\"name\":\"Jornal J\\u00c1\",\"description\":\"Jornal J\\u00c1 | Porto Alegre\",\"url\":\"https:\\\/\\\/www.jornalja.com.br\\\/arquivo\\\/\",\"telephone\":\"+555133307272\",\"logo\":{\"@type\":\"ImageObject\",\"url\":\"https:\\\/\\\/www.jornalja.com.br\\\/wp-content\\\/uploads\\\/cards\\\/JAslogan.png\",\"@id\":\"https:\\\/\\\/www.jornalja.com.br\\\/arquivo\\\/alimentos-fazem-inflacao-oficial-ter-a-menor-taxa-em-19-anos-de-295\\\/#organizationLogo\"},\"image\":{\"@id\":\"https:\\\/\\\/www.jornalja.com.br\\\/arquivo\\\/alimentos-fazem-inflacao-oficial-ter-a-menor-taxa-em-19-anos-de-295\\\/#organizationLogo\"}},{\"@type\":\"Person\",\"@id\":\"https:\\\/\\\/www.jornalja.com.br\\\/arquivo\\\/author\\\/daredacao\\\/#author\",\"url\":\"https:\\\/\\\/www.jornalja.com.br\\\/arquivo\\\/author\\\/daredacao\\\/\",\"name\":\"da Reda\\u00e7\\u00e3o\",\"image\":{\"@type\":\"ImageObject\",\"@id\":\"https:\\\/\\\/www.jornalja.com.br\\\/arquivo\\\/alimentos-fazem-inflacao-oficial-ter-a-menor-taxa-em-19-anos-de-295\\\/#authorImage\",\"url\":\"https:\\\/\\\/secure.gravatar.com\\\/avatar\\\/469fd857d6605ad19919d27ed29d35a968a25f6e8fd9318356bbb7f57aae9c65?s=96&d=mm&r=g\",\"width\":96,\"height\":96,\"caption\":\"da Reda\\u00e7\\u00e3o\"}},{\"@type\":\"WebPage\",\"@id\":\"https:\\\/\\\/www.jornalja.com.br\\\/arquivo\\\/alimentos-fazem-inflacao-oficial-ter-a-menor-taxa-em-19-anos-de-295\\\/#webpage\",\"url\":\"https:\\\/\\\/www.jornalja.com.br\\\/arquivo\\\/alimentos-fazem-inflacao-oficial-ter-a-menor-taxa-em-19-anos-de-295\\\/\",\"name\":\"Alimentos fazem infla\\u00e7\\u00e3o oficial ter a menor taxa em 19 anos, de 2,95% | Arquivo\",\"inLanguage\":\"pt-BR\",\"isPartOf\":{\"@id\":\"https:\\\/\\\/www.jornalja.com.br\\\/arquivo\\\/#website\"},\"breadcrumb\":{\"@id\":\"https:\\\/\\\/www.jornalja.com.br\\\/arquivo\\\/alimentos-fazem-inflacao-oficial-ter-a-menor-taxa-em-19-anos-de-295\\\/#breadcrumblist\"},\"author\":{\"@id\":\"https:\\\/\\\/www.jornalja.com.br\\\/arquivo\\\/author\\\/daredacao\\\/#author\"},\"creator\":{\"@id\":\"https:\\\/\\\/www.jornalja.com.br\\\/arquivo\\\/author\\\/daredacao\\\/#author\"},\"image\":{\"@type\":\"ImageObject\",\"url\":58786,\"@id\":\"https:\\\/\\\/www.jornalja.com.br\\\/arquivo\\\/alimentos-fazem-inflacao-oficial-ter-a-menor-taxa-em-19-anos-de-295\\\/#mainImage\"},\"primaryImageOfPage\":{\"@id\":\"https:\\\/\\\/www.jornalja.com.br\\\/arquivo\\\/alimentos-fazem-inflacao-oficial-ter-a-menor-taxa-em-19-anos-de-295\\\/#mainImage\"},\"datePublished\":\"2018-01-10T11:24:41-02:00\",\"dateModified\":\"2018-01-10T11:24:41-02:00\"},{\"@type\":\"WebSite\",\"@id\":\"https:\\\/\\\/www.jornalja.com.br\\\/arquivo\\\/#website\",\"url\":\"https:\\\/\\\/www.jornalja.com.br\\\/arquivo\\\/\",\"name\":\"Arquivo\",\"description\":\"Jornal J\\u00c1 | Porto Alegre\",\"inLanguage\":\"pt-BR\",\"publisher\":{\"@id\":\"https:\\\/\\\/www.jornalja.com.br\\\/arquivo\\\/#organization\"}}]}\n\t\t<\/script>\n\t\t<!-- All in One SEO -->\n\n","aioseo_head_json":{"title":"Alimentos fazem infla\u00e7\u00e3o oficial ter a menor taxa em 19 anos, de 2,95% | Arquivo","description":"","canonical_url":"https:\/\/www.jornalja.com.br\/arquivo\/alimentos-fazem-inflacao-oficial-ter-a-menor-taxa-em-19-anos-de-295\/","robots":"max-image-preview:large","keywords":"","webmasterTools":{"miscellaneous":""},"schema":{"@context":"https:\/\/schema.org","@graph":[{"@type":"BlogPosting","@id":"https:\/\/www.jornalja.com.br\/arquivo\/alimentos-fazem-inflacao-oficial-ter-a-menor-taxa-em-19-anos-de-295\/#blogposting","name":"Alimentos fazem infla\u00e7\u00e3o oficial ter a menor taxa em 19 anos, de 2,95% | Arquivo","headline":"Alimentos fazem infla\u00e7\u00e3o oficial ter a menor taxa em 19 anos, de 2,95%","author":{"@id":"https:\/\/www.jornalja.com.br\/arquivo\/author\/daredacao\/#author"},"publisher":{"@id":"https:\/\/www.jornalja.com.br\/arquivo\/#organization"},"image":{"@type":"ImageObject","url":58786},"datePublished":"2018-01-10T11:24:41-02:00","dateModified":"2018-01-10T11:24:41-02:00","inLanguage":"pt-BR","mainEntityOfPage":{"@id":"https:\/\/www.jornalja.com.br\/arquivo\/alimentos-fazem-inflacao-oficial-ter-a-menor-taxa-em-19-anos-de-295\/#webpage"},"isPartOf":{"@id":"https:\/\/www.jornalja.com.br\/arquivo\/alimentos-fazem-inflacao-oficial-ter-a-menor-taxa-em-19-anos-de-295\/#webpage"},"articleSection":"Geral"},{"@type":"BreadcrumbList","@id":"https:\/\/www.jornalja.com.br\/arquivo\/alimentos-fazem-inflacao-oficial-ter-a-menor-taxa-em-19-anos-de-295\/#breadcrumblist","itemListElement":[{"@type":"ListItem","@id":"https:\/\/www.jornalja.com.br\/arquivo#listItem","position":1,"name":"Home","item":"https:\/\/www.jornalja.com.br\/arquivo","nextItem":{"@type":"ListItem","@id":"https:\/\/www.jornalja.com.br\/arquivo\/category\/geral\/#listItem","name":"Geral"}},{"@type":"ListItem","@id":"https:\/\/www.jornalja.com.br\/arquivo\/category\/geral\/#listItem","position":2,"name":"Geral","item":"https:\/\/www.jornalja.com.br\/arquivo\/category\/geral\/","nextItem":{"@type":"ListItem","@id":"https:\/\/www.jornalja.com.br\/arquivo\/alimentos-fazem-inflacao-oficial-ter-a-menor-taxa-em-19-anos-de-295\/#listItem","name":"Alimentos fazem infla\u00e7\u00e3o oficial ter a menor taxa em 19 anos, de 2,95%"},"previousItem":{"@type":"ListItem","@id":"https:\/\/www.jornalja.com.br\/arquivo#listItem","name":"Home"}},{"@type":"ListItem","@id":"https:\/\/www.jornalja.com.br\/arquivo\/alimentos-fazem-inflacao-oficial-ter-a-menor-taxa-em-19-anos-de-295\/#listItem","position":3,"name":"Alimentos fazem infla\u00e7\u00e3o oficial ter a menor taxa em 19 anos, de 2,95%","previousItem":{"@type":"ListItem","@id":"https:\/\/www.jornalja.com.br\/arquivo\/category\/geral\/#listItem","name":"Geral"}}]},{"@type":"Organization","@id":"https:\/\/www.jornalja.com.br\/arquivo\/#organization","name":"Jornal J\u00c1","description":"Jornal J\u00c1 | Porto Alegre","url":"https:\/\/www.jornalja.com.br\/arquivo\/","telephone":"+555133307272","logo":{"@type":"ImageObject","url":"https:\/\/www.jornalja.com.br\/wp-content\/uploads\/cards\/JAslogan.png","@id":"https:\/\/www.jornalja.com.br\/arquivo\/alimentos-fazem-inflacao-oficial-ter-a-menor-taxa-em-19-anos-de-295\/#organizationLogo"},"image":{"@id":"https:\/\/www.jornalja.com.br\/arquivo\/alimentos-fazem-inflacao-oficial-ter-a-menor-taxa-em-19-anos-de-295\/#organizationLogo"}},{"@type":"Person","@id":"https:\/\/www.jornalja.com.br\/arquivo\/author\/daredacao\/#author","url":"https:\/\/www.jornalja.com.br\/arquivo\/author\/daredacao\/","name":"da Reda\u00e7\u00e3o","image":{"@type":"ImageObject","@id":"https:\/\/www.jornalja.com.br\/arquivo\/alimentos-fazem-inflacao-oficial-ter-a-menor-taxa-em-19-anos-de-295\/#authorImage","url":"https:\/\/secure.gravatar.com\/avatar\/469fd857d6605ad19919d27ed29d35a968a25f6e8fd9318356bbb7f57aae9c65?s=96&d=mm&r=g","width":96,"height":96,"caption":"da Reda\u00e7\u00e3o"}},{"@type":"WebPage","@id":"https:\/\/www.jornalja.com.br\/arquivo\/alimentos-fazem-inflacao-oficial-ter-a-menor-taxa-em-19-anos-de-295\/#webpage","url":"https:\/\/www.jornalja.com.br\/arquivo\/alimentos-fazem-inflacao-oficial-ter-a-menor-taxa-em-19-anos-de-295\/","name":"Alimentos fazem infla\u00e7\u00e3o oficial ter a menor taxa em 19 anos, de 2,95% | Arquivo","inLanguage":"pt-BR","isPartOf":{"@id":"https:\/\/www.jornalja.com.br\/arquivo\/#website"},"breadcrumb":{"@id":"https:\/\/www.jornalja.com.br\/arquivo\/alimentos-fazem-inflacao-oficial-ter-a-menor-taxa-em-19-anos-de-295\/#breadcrumblist"},"author":{"@id":"https:\/\/www.jornalja.com.br\/arquivo\/author\/daredacao\/#author"},"creator":{"@id":"https:\/\/www.jornalja.com.br\/arquivo\/author\/daredacao\/#author"},"image":{"@type":"ImageObject","url":58786,"@id":"https:\/\/www.jornalja.com.br\/arquivo\/alimentos-fazem-inflacao-oficial-ter-a-menor-taxa-em-19-anos-de-295\/#mainImage"},"primaryImageOfPage":{"@id":"https:\/\/www.jornalja.com.br\/arquivo\/alimentos-fazem-inflacao-oficial-ter-a-menor-taxa-em-19-anos-de-295\/#mainImage"},"datePublished":"2018-01-10T11:24:41-02:00","dateModified":"2018-01-10T11:24:41-02:00"},{"@type":"WebSite","@id":"https:\/\/www.jornalja.com.br\/arquivo\/#website","url":"https:\/\/www.jornalja.com.br\/arquivo\/","name":"Arquivo","description":"Jornal J\u00c1 | Porto Alegre","inLanguage":"pt-BR","publisher":{"@id":"https:\/\/www.jornalja.com.br\/arquivo\/#organization"}}]},"og:locale":"pt_BR","og:site_name":"Arquivo | Jornal J\u00c1 | Porto Alegre","og:type":"article","og:title":"Alimentos fazem infla\u00e7\u00e3o oficial ter a menor taxa em 19 anos, de 2,95% | Arquivo","og:url":"https:\/\/www.jornalja.com.br\/arquivo\/alimentos-fazem-inflacao-oficial-ter-a-menor-taxa-em-19-anos-de-295\/","og:image":"https:\/\/www.jornalja.com.br\/economics\/wp-content\/uploads\/sites\/11\/2026\/08\/ja-folhaderosto-facebook.jpg","og:image:secure_url":"https:\/\/www.jornalja.com.br\/economics\/wp-content\/uploads\/sites\/11\/2026\/08\/ja-folhaderosto-facebook.jpg","article:published_time":"2018-01-10T13:24:41+00:00","article:modified_time":"2018-01-10T13:24:41+00:00","twitter:card":"summary","twitter:title":"Alimentos fazem infla\u00e7\u00e3o oficial ter a menor taxa em 19 anos, de 2,95% | Arquivo","twitter:image":"https:\/\/www.jornalja.com.br\/economics\/wp-content\/uploads\/sites\/11\/2026\/08\/ja-folhaderosto-facebook.jpg"},"aioseo_meta_data":{"post_id":"58784","title":null,"description":null,"keywords":null,"keyphrases":null,"primary_term":null,"canonical_url":null,"og_title":null,"og_description":null,"og_object_type":"default","og_image_type":"default","og_image_url":null,"og_image_width":null,"og_image_height":null,"og_image_custom_url":null,"og_image_custom_fields":null,"og_video":null,"og_custom_url":null,"og_article_section":null,"og_article_tags":null,"twitter_use_og":false,"twitter_card":"default","twitter_image_type":"default","twitter_image_url":null,"twitter_image_custom_url":null,"twitter_image_custom_fields":null,"twitter_title":null,"twitter_description":null,"schema":{"blockGraphs":[],"customGraphs":[],"default":{"data":{"Article":[],"Course":[],"Dataset":[],"FAQPage":[],"Movie":[],"Person":[],"Product":[],"ProductReview":[],"Car":[],"Recipe":[],"Service":[],"SoftwareApplication":[],"WebPage":[]},"graphName":"","isEnabled":true},"graphs":[],"defaultGraph":"","defaultPostTypeGraph":""},"schema_type":null,"schema_type_options":null,"pillar_content":false,"robots_default":true,"robots_noindex":false,"robots_noarchive":false,"robots_nosnippet":false,"robots_nofollow":false,"robots_noimageindex":false,"robots_noodp":false,"robots_notranslate":false,"robots_max_snippet":null,"robots_max_videopreview":null,"robots_max_imagepreview":"large","priority":null,"frequency":null,"location":null,"local_seo":null,"breadcrumb_settings":null,"limit_modified_date":false,"ai":null,"created":"2020-12-20 20:18:57","updated":"2025-07-20 03:05:38","seo_analyzer_scan_date":null,"focus_keyword":null,"additional_keywords":null,"truseo_locale":null},"jetpack_sharing_enabled":true,"jetpack-related-posts":[{"id":13124,"url":"https:\/\/www.jornalja.com.br\/arquivo\/sangue-latino-no-iecine\/","url_meta":{"origin":58784,"position":0},"title":"Sangue latino no IECINE","author":"da Reda\u00e7\u00e3o","date":"18 de maio de 2014","format":false,"excerpt":"Francisco Ribeiro O Instituto Estadual de Cinema (IECINE) tem a frente, desde abril \u00faltimo, um novo diretor, o cineasta colombiano Juan Zapata, 36, que substitui Luiz Alberto Cassol. Radicado h\u00e1 dez anos em Porto Alegre, Zapata tem diante de si o desafio de conduzir at\u00e9 o final do ano um\u2026","rel":"","context":"Em &quot;Cultura-Geral&quot;","block_context":{"text":"Cultura-Geral","link":"https:\/\/www.jornalja.com.br\/arquivo\/category\/materiasecundaria\/"},"img":{"alt_text":"","src":"","width":0,"height":0},"classes":[]},{"id":5440,"url":"https:\/\/www.jornalja.com.br\/arquivo\/casarao-da-venancio-destino-permanece-incerto\/","url_meta":{"origin":58784,"position":1},"title":"Estado ainda n\u00e3o sabe o que fazer com casar\u00e3o abandonado h\u00e1 20 anos","author":"Elmar Bones","date":"6 de julho de 2009","format":false,"excerpt":"O casar\u00e3o amarelo, numa esquina nobre de Porto Alegre (Ven\u00e2ncio Aires com Jo\u00e3o Pessoa), j\u00e1 abrigou uma escola. H\u00e1 duas d\u00e9cadas, pelo menos, est\u00e1 abandonado, porque seu propriet\u00e1rio, o governo do Estado do Rio Grande do Sul, n\u00e3o consegue achar um destino para ele. Planos n\u00e3o faltaram. O governador Ol\u00edvio\u2026","rel":"","context":"Em &quot;X.Categorias velhas&quot;","block_context":{"text":"X.Categorias velhas","link":"https:\/\/www.jornalja.com.br\/arquivo\/category\/x-categorias-velhas\/"},"img":{"alt_text":"geraldo1","src":"https:\/\/i0.wp.com\/www.jornalja.com.br\/wp-content\/uploads\/2009\/07\/geraldo1.jpg?resize=350%2C200&ssl=1","width":350,"height":200},"classes":[]},{"id":14241,"url":"https:\/\/www.jornalja.com.br\/arquivo\/o-guaiba-nas-imagens-poeticas-de-achutti\/","url_meta":{"origin":58784,"position":2},"title":"O Gua\u00edba nas imagens po\u00e9ticas de Achutti","author":"da Reda\u00e7\u00e3o","date":"18 de junho de 2014","format":false,"excerpt":"Em \u201cO Gua\u00edba por Achutti\u201d \u2013 obra financiada via Minist\u00e9rio da Cultura, produ\u00e7\u00e3o executiva de Pedro Longhi, e Fl\u00e1vio Wild como designer \u2013, o fot\u00f3grafo revela a beleza e as mazelas de um espa\u00e7o aqu\u00e1tico de \u00e1guas sempre renovadas, cheio de hist\u00f3rias e lendas como as das cidades que foram\u2026","rel":"","context":"Em &quot;Cultura-Geral&quot;","block_context":{"text":"Cultura-Geral","link":"https:\/\/www.jornalja.com.br\/arquivo\/category\/materiasecundaria\/"},"img":{"alt_text":"","src":"","width":0,"height":0},"classes":[]},{"id":13240,"url":"https:\/\/www.jornalja.com.br\/arquivo\/plano-diretor-estamos-construindo-o-caos\/","url_meta":{"origin":58784,"position":3},"title":"Plano diretor: &quot;Estamos construindo o caos&quot;","author":"Patr\u00edcia Marini","date":"26 de maio de 2014","format":false,"excerpt":"Desabafo que arquiteta Eliana Castilhos, delegada da Regi\u00e3o de Planejamento 1, postou nas redes sociais \u00e9 um testemunho do ambiente que se criou no Conselho do Plano Diretor de Porto Alegre, onde a aprova\u00e7\u00e3o de grandes empreendimentos \u00e9 empurrada guela abaixo dos conselheiros. Ao CMDUA Como delegada da Regi\u00e3o de\u2026","rel":"","context":"Em &quot;Geral&quot;","block_context":{"text":"Geral","link":"https:\/\/www.jornalja.com.br\/arquivo\/category\/geral\/"},"img":{"alt_text":"","src":"","width":0,"height":0},"classes":[]}],"jetpack_shortlink":"https:\/\/wp.me\/pbQjBd-fi8","jetpack_featured_media_url":"","_links":{"self":[{"href":"https:\/\/www.jornalja.com.br\/arquivo\/wp-json\/wp\/v2\/posts\/58784","targetHints":{"allow":["GET"]}}],"collection":[{"href":"https:\/\/www.jornalja.com.br\/arquivo\/wp-json\/wp\/v2\/posts"}],"about":[{"href":"https:\/\/www.jornalja.com.br\/arquivo\/wp-json\/wp\/v2\/types\/post"}],"author":[{"embeddable":true,"href":"https:\/\/www.jornalja.com.br\/arquivo\/wp-json\/wp\/v2\/users\/4"}],"replies":[{"embeddable":true,"href":"https:\/\/www.jornalja.com.br\/arquivo\/wp-json\/wp\/v2\/comments?post=58784"}],"version-history":[{"count":0,"href":"https:\/\/www.jornalja.com.br\/arquivo\/wp-json\/wp\/v2\/posts\/58784\/revisions"}],"wp:attachment":[{"href":"https:\/\/www.jornalja.com.br\/arquivo\/wp-json\/wp\/v2\/media?parent=58784"}],"wp:term":[{"taxonomy":"category","embeddable":true,"href":"https:\/\/www.jornalja.com.br\/arquivo\/wp-json\/wp\/v2\/categories?post=58784"},{"taxonomy":"post_tag","embeddable":true,"href":"https:\/\/www.jornalja.com.br\/arquivo\/wp-json\/wp\/v2\/tags?post=58784"}],"curies":[{"name":"wp","href":"https:\/\/api.w.org\/{rel}","templated":true}]}}