{"id":58791,"date":"2018-01-10T16:09:33","date_gmt":"2018-01-10T18:09:33","guid":{"rendered":"https:\/\/www.jornalja.com.br\/?p=58791"},"modified":"2018-01-10T16:09:33","modified_gmt":"2018-01-10T18:09:33","slug":"com-recorde-nos-embarques-de-soja-exportacoes-do-agronegocio-gaucho-registram-aumento-de-34-em-2017","status":"publish","type":"post","link":"https:\/\/www.jornalja.com.br\/arquivo\/com-recorde-nos-embarques-de-soja-exportacoes-do-agronegocio-gaucho-registram-aumento-de-34-em-2017\/","title":{"rendered":"Com recorde nos embarques de soja, exporta\u00e7\u00f5es do agroneg\u00f3cio ga\u00facho registram aumento de 3,4% em 2017"},"content":{"rendered":"<p>2017 foi o ano com maior volume de soja em gr\u00e3o exportado pelo Rio Grande do Sul, desde o in\u00edcio da s\u00e9rie hist\u00f3rica em 2007, totalizando 12 milh\u00f5es de toneladas.<br \/>\nCom esse recorde, as exporta\u00e7\u00f5es do agroneg\u00f3cio ga\u00facho registraram alta de\u00a0 3,4%, devido ao aumento no volume embarcado (9,9%) e queda nos pre\u00e7os m\u00e9dios (-6,0%), totalizando\u00a0US$ 11,4\u00a0bilh\u00f5es.<br \/>\nO complexo soja (US$ 5,5 bilh\u00f5es) liderou o ranking de setores mais importantes para as exporta\u00e7\u00f5es do agroneg\u00f3cio ga\u00facho em 2017, seguido por carnes (US$ 2,0 bilh\u00f5es), fumo e seus produtos (US$ 1,6\u00a0bilh\u00e3o), produtos florestais (US$ 596,9 milh\u00f5es) e cereais, farinhas e prepara\u00e7\u00f5es (US$ 386,9 milh\u00f5es).<br \/>\nComparativamente ao ano de 2016, a soja foi o setor que apresentou o maior crescimento absoluto no valor exportado (mais US$ 625,1 milh\u00f5es, 12,9%). O incremento de 23,6% no volume das vendas externas de soja em gr\u00e3o foi o principal respons\u00e1vel por esse desempenho.<br \/>\nOs setores com queda no valor exportado no ano passado s\u00e3o produtos florestais (menos US$ 182,0 milh\u00f5es, -23,4%), m\u00e1quinas e implementos agr\u00edcolas (menos US$ 155,4 milh\u00f5es, -61,7%) e couros e peleteria (menos US$ 55,5 milh\u00f5es, -12,9%).<br \/>\nOs principais destinos das vendas ga\u00fachas do agroneg\u00f3cio para o exterior foram China (44,9%), Uni\u00e3o Europeia (14,1%), R\u00fassia (3,3%), Estados Unidos (3,2%) e Coreia do Sul (2,5%). Esses destinos concentraram 68,1% das exporta\u00e7\u00f5es do per\u00edodo.<\/p>\n","protected":false},"excerpt":{"rendered":"<p>2017 foi o ano com maior volume de soja em gr\u00e3o exportado pelo Rio Grande do Sul, desde o in\u00edcio da s\u00e9rie hist\u00f3rica em 2007, totalizando 12 milh\u00f5es de toneladas. Com esse recorde, as exporta\u00e7\u00f5es do agroneg\u00f3cio ga\u00facho registraram alta de\u00a0 3,4%, devido ao aumento no volume embarcado (9,9%) e queda nos pre\u00e7os m\u00e9dios (-6,0%), [&hellip;]<\/p>\n","protected":false},"author":4,"featured_media":0,"comment_status":"open","ping_status":"closed","sticky":false,"template":"","format":"standard","meta":{"_jetpack_newsletter_access":"","_jetpack_dont_email_post_to_subs":false,"_jetpack_newsletter_tier_id":0,"_jetpack_memberships_contains_paywalled_content":false,"_jetpack_feature_clip_id":0,"_jetpack_memberships_contains_paid_content":false,"footnotes":"","jetpack_post_was_ever_published":false},"categories":[2022],"tags":[],"class_list":["post-58791","post","type-post","status-publish","format-standard","hentry","category-notas"],"aioseo_notices":[],"aioseo_head":"\n\t\t<!-- All in One SEO 5.0.1.1 - aioseo.com -->\n\t<meta name=\"robots\" content=\"max-image-preview:large\" \/>\n\t<meta name=\"author\" content=\"da Reda\u00e7\u00e3o\"\/>\n\t<link rel=\"canonical\" href=\"https:\/\/www.jornalja.com.br\/arquivo\/com-recorde-nos-embarques-de-soja-exportacoes-do-agronegocio-gaucho-registram-aumento-de-34-em-2017\/\" \/>\n\t<meta name=\"generator\" content=\"All in One SEO (AIOSEO) 5.0.1.1\" \/>\n\t\t<meta property=\"og:locale\" content=\"pt_BR\" \/>\n\t\t<meta property=\"og:site_name\" content=\"Arquivo | Jornal J\u00c1 | Porto Alegre\" \/>\n\t\t<meta property=\"og:type\" content=\"article\" \/>\n\t\t<meta property=\"og:title\" content=\"Com recorde nos embarques de soja, exporta\u00e7\u00f5es do agroneg\u00f3cio ga\u00facho registram aumento de 3,4% em 2017 | Arquivo\" \/>\n\t\t<meta property=\"og:url\" content=\"https:\/\/www.jornalja.com.br\/arquivo\/com-recorde-nos-embarques-de-soja-exportacoes-do-agronegocio-gaucho-registram-aumento-de-34-em-2017\/\" \/>\n\t\t<meta property=\"og:image\" content=\"https:\/\/www.jornalja.com.br\/economics\/wp-content\/uploads\/sites\/11\/2026\/08\/ja-folhaderosto-facebook.jpg\" \/>\n\t\t<meta property=\"og:image:secure_url\" content=\"https:\/\/www.jornalja.com.br\/economics\/wp-content\/uploads\/sites\/11\/2026\/08\/ja-folhaderosto-facebook.jpg\" \/>\n\t\t<meta property=\"article:published_time\" content=\"2018-01-10T18:09:33+00:00\" \/>\n\t\t<meta property=\"article:modified_time\" content=\"2018-01-10T18:09:33+00:00\" \/>\n\t\t<meta name=\"twitter:card\" content=\"summary\" \/>\n\t\t<meta name=\"twitter:title\" content=\"Com recorde nos embarques de soja, exporta\u00e7\u00f5es do agroneg\u00f3cio ga\u00facho registram aumento de 3,4% em 2017 | Arquivo\" \/>\n\t\t<meta name=\"twitter:image\" content=\"https:\/\/www.jornalja.com.br\/economics\/wp-content\/uploads\/sites\/11\/2026\/08\/ja-folhaderosto-facebook.jpg\" \/>\n\t\t<script type=\"application\/ld+json\" class=\"aioseo-schema\">\n\t\t\t{\"@context\":\"https:\\\/\\\/schema.org\",\"@graph\":[{\"@type\":\"BlogPosting\",\"@id\":\"https:\\\/\\\/www.jornalja.com.br\\\/arquivo\\\/com-recorde-nos-embarques-de-soja-exportacoes-do-agronegocio-gaucho-registram-aumento-de-34-em-2017\\\/#blogposting\",\"name\":\"Com recorde nos embarques de soja, exporta\\u00e7\\u00f5es do agroneg\\u00f3cio ga\\u00facho registram aumento de 3,4% em 2017 | Arquivo\",\"headline\":\"Com recorde nos embarques de soja, exporta\\u00e7\\u00f5es do agroneg\\u00f3cio ga\\u00facho registram aumento de 3,4% em 2017\",\"author\":{\"@id\":\"https:\\\/\\\/www.jornalja.com.br\\\/arquivo\\\/author\\\/daredacao\\\/#author\"},\"publisher\":{\"@id\":\"https:\\\/\\\/www.jornalja.com.br\\\/arquivo\\\/#organization\"},\"image\":{\"@type\":\"ImageObject\",\"url\":\"https:\\\/\\\/www.jornalja.com.br\\\/wp-content\\\/uploads\\\/cards\\\/JAslogan.png\",\"@id\":\"https:\\\/\\\/www.jornalja.com.br\\\/arquivo\\\/#articleImage\"},\"datePublished\":\"2018-01-10T16:09:33-02:00\",\"dateModified\":\"2018-01-10T16:09:33-02:00\",\"inLanguage\":\"pt-BR\",\"mainEntityOfPage\":{\"@id\":\"https:\\\/\\\/www.jornalja.com.br\\\/arquivo\\\/com-recorde-nos-embarques-de-soja-exportacoes-do-agronegocio-gaucho-registram-aumento-de-34-em-2017\\\/#webpage\"},\"isPartOf\":{\"@id\":\"https:\\\/\\\/www.jornalja.com.br\\\/arquivo\\\/com-recorde-nos-embarques-de-soja-exportacoes-do-agronegocio-gaucho-registram-aumento-de-34-em-2017\\\/#webpage\"},\"articleSection\":\"NOTAS\"},{\"@type\":\"BreadcrumbList\",\"@id\":\"https:\\\/\\\/www.jornalja.com.br\\\/arquivo\\\/com-recorde-nos-embarques-de-soja-exportacoes-do-agronegocio-gaucho-registram-aumento-de-34-em-2017\\\/#breadcrumblist\",\"itemListElement\":[{\"@type\":\"ListItem\",\"@id\":\"https:\\\/\\\/www.jornalja.com.br\\\/arquivo#listItem\",\"position\":1,\"name\":\"Home\",\"item\":\"https:\\\/\\\/www.jornalja.com.br\\\/arquivo\",\"nextItem\":{\"@type\":\"ListItem\",\"@id\":\"https:\\\/\\\/www.jornalja.com.br\\\/arquivo\\\/category\\\/notas\\\/#listItem\",\"name\":\"NOTAS\"}},{\"@type\":\"ListItem\",\"@id\":\"https:\\\/\\\/www.jornalja.com.br\\\/arquivo\\\/category\\\/notas\\\/#listItem\",\"position\":2,\"name\":\"NOTAS\",\"item\":\"https:\\\/\\\/www.jornalja.com.br\\\/arquivo\\\/category\\\/notas\\\/\",\"nextItem\":{\"@type\":\"ListItem\",\"@id\":\"https:\\\/\\\/www.jornalja.com.br\\\/arquivo\\\/com-recorde-nos-embarques-de-soja-exportacoes-do-agronegocio-gaucho-registram-aumento-de-34-em-2017\\\/#listItem\",\"name\":\"Com recorde nos embarques de soja, exporta\\u00e7\\u00f5es do agroneg\\u00f3cio ga\\u00facho registram aumento de 3,4% em 2017\"},\"previousItem\":{\"@type\":\"ListItem\",\"@id\":\"https:\\\/\\\/www.jornalja.com.br\\\/arquivo#listItem\",\"name\":\"Home\"}},{\"@type\":\"ListItem\",\"@id\":\"https:\\\/\\\/www.jornalja.com.br\\\/arquivo\\\/com-recorde-nos-embarques-de-soja-exportacoes-do-agronegocio-gaucho-registram-aumento-de-34-em-2017\\\/#listItem\",\"position\":3,\"name\":\"Com recorde nos embarques de soja, exporta\\u00e7\\u00f5es do agroneg\\u00f3cio ga\\u00facho registram aumento de 3,4% em 2017\",\"previousItem\":{\"@type\":\"ListItem\",\"@id\":\"https:\\\/\\\/www.jornalja.com.br\\\/arquivo\\\/category\\\/notas\\\/#listItem\",\"name\":\"NOTAS\"}}]},{\"@type\":\"Organization\",\"@id\":\"https:\\\/\\\/www.jornalja.com.br\\\/arquivo\\\/#organization\",\"name\":\"Jornal J\\u00c1\",\"description\":\"Jornal J\\u00c1 | Porto Alegre\",\"url\":\"https:\\\/\\\/www.jornalja.com.br\\\/arquivo\\\/\",\"telephone\":\"+555133307272\",\"logo\":{\"@type\":\"ImageObject\",\"url\":\"https:\\\/\\\/www.jornalja.com.br\\\/wp-content\\\/uploads\\\/cards\\\/JAslogan.png\",\"@id\":\"https:\\\/\\\/www.jornalja.com.br\\\/arquivo\\\/com-recorde-nos-embarques-de-soja-exportacoes-do-agronegocio-gaucho-registram-aumento-de-34-em-2017\\\/#organizationLogo\"},\"image\":{\"@id\":\"https:\\\/\\\/www.jornalja.com.br\\\/arquivo\\\/com-recorde-nos-embarques-de-soja-exportacoes-do-agronegocio-gaucho-registram-aumento-de-34-em-2017\\\/#organizationLogo\"}},{\"@type\":\"Person\",\"@id\":\"https:\\\/\\\/www.jornalja.com.br\\\/arquivo\\\/author\\\/daredacao\\\/#author\",\"url\":\"https:\\\/\\\/www.jornalja.com.br\\\/arquivo\\\/author\\\/daredacao\\\/\",\"name\":\"da Reda\\u00e7\\u00e3o\",\"image\":{\"@type\":\"ImageObject\",\"@id\":\"https:\\\/\\\/www.jornalja.com.br\\\/arquivo\\\/com-recorde-nos-embarques-de-soja-exportacoes-do-agronegocio-gaucho-registram-aumento-de-34-em-2017\\\/#authorImage\",\"url\":\"https:\\\/\\\/secure.gravatar.com\\\/avatar\\\/469fd857d6605ad19919d27ed29d35a968a25f6e8fd9318356bbb7f57aae9c65?s=96&d=mm&r=g\",\"width\":96,\"height\":96,\"caption\":\"da Reda\\u00e7\\u00e3o\"}},{\"@type\":\"WebPage\",\"@id\":\"https:\\\/\\\/www.jornalja.com.br\\\/arquivo\\\/com-recorde-nos-embarques-de-soja-exportacoes-do-agronegocio-gaucho-registram-aumento-de-34-em-2017\\\/#webpage\",\"url\":\"https:\\\/\\\/www.jornalja.com.br\\\/arquivo\\\/com-recorde-nos-embarques-de-soja-exportacoes-do-agronegocio-gaucho-registram-aumento-de-34-em-2017\\\/\",\"name\":\"Com recorde nos embarques de soja, exporta\\u00e7\\u00f5es do agroneg\\u00f3cio ga\\u00facho registram aumento de 3,4% em 2017 | Arquivo\",\"inLanguage\":\"pt-BR\",\"isPartOf\":{\"@id\":\"https:\\\/\\\/www.jornalja.com.br\\\/arquivo\\\/#website\"},\"breadcrumb\":{\"@id\":\"https:\\\/\\\/www.jornalja.com.br\\\/arquivo\\\/com-recorde-nos-embarques-de-soja-exportacoes-do-agronegocio-gaucho-registram-aumento-de-34-em-2017\\\/#breadcrumblist\"},\"author\":{\"@id\":\"https:\\\/\\\/www.jornalja.com.br\\\/arquivo\\\/author\\\/daredacao\\\/#author\"},\"creator\":{\"@id\":\"https:\\\/\\\/www.jornalja.com.br\\\/arquivo\\\/author\\\/daredacao\\\/#author\"},\"datePublished\":\"2018-01-10T16:09:33-02:00\",\"dateModified\":\"2018-01-10T16:09:33-02:00\"},{\"@type\":\"WebSite\",\"@id\":\"https:\\\/\\\/www.jornalja.com.br\\\/arquivo\\\/#website\",\"url\":\"https:\\\/\\\/www.jornalja.com.br\\\/arquivo\\\/\",\"name\":\"Arquivo\",\"description\":\"Jornal J\\u00c1 | Porto Alegre\",\"inLanguage\":\"pt-BR\",\"publisher\":{\"@id\":\"https:\\\/\\\/www.jornalja.com.br\\\/arquivo\\\/#organization\"}}]}\n\t\t<\/script>\n\t\t<!-- All in One SEO -->\n\n","aioseo_head_json":{"title":"Com recorde nos embarques de soja, exporta\u00e7\u00f5es do agroneg\u00f3cio ga\u00facho registram aumento de 3,4% em 2017 | Arquivo","description":"","canonical_url":"https:\/\/www.jornalja.com.br\/arquivo\/com-recorde-nos-embarques-de-soja-exportacoes-do-agronegocio-gaucho-registram-aumento-de-34-em-2017\/","robots":"max-image-preview:large","keywords":"","webmasterTools":{"miscellaneous":""},"schema":{"@context":"https:\/\/schema.org","@graph":[{"@type":"BlogPosting","@id":"https:\/\/www.jornalja.com.br\/arquivo\/com-recorde-nos-embarques-de-soja-exportacoes-do-agronegocio-gaucho-registram-aumento-de-34-em-2017\/#blogposting","name":"Com recorde nos embarques de soja, exporta\u00e7\u00f5es do agroneg\u00f3cio ga\u00facho registram aumento de 3,4% em 2017 | Arquivo","headline":"Com recorde nos embarques de soja, exporta\u00e7\u00f5es do agroneg\u00f3cio ga\u00facho registram aumento de 3,4% em 2017","author":{"@id":"https:\/\/www.jornalja.com.br\/arquivo\/author\/daredacao\/#author"},"publisher":{"@id":"https:\/\/www.jornalja.com.br\/arquivo\/#organization"},"image":{"@type":"ImageObject","url":"https:\/\/www.jornalja.com.br\/wp-content\/uploads\/cards\/JAslogan.png","@id":"https:\/\/www.jornalja.com.br\/arquivo\/#articleImage"},"datePublished":"2018-01-10T16:09:33-02:00","dateModified":"2018-01-10T16:09:33-02:00","inLanguage":"pt-BR","mainEntityOfPage":{"@id":"https:\/\/www.jornalja.com.br\/arquivo\/com-recorde-nos-embarques-de-soja-exportacoes-do-agronegocio-gaucho-registram-aumento-de-34-em-2017\/#webpage"},"isPartOf":{"@id":"https:\/\/www.jornalja.com.br\/arquivo\/com-recorde-nos-embarques-de-soja-exportacoes-do-agronegocio-gaucho-registram-aumento-de-34-em-2017\/#webpage"},"articleSection":"NOTAS"},{"@type":"BreadcrumbList","@id":"https:\/\/www.jornalja.com.br\/arquivo\/com-recorde-nos-embarques-de-soja-exportacoes-do-agronegocio-gaucho-registram-aumento-de-34-em-2017\/#breadcrumblist","itemListElement":[{"@type":"ListItem","@id":"https:\/\/www.jornalja.com.br\/arquivo#listItem","position":1,"name":"Home","item":"https:\/\/www.jornalja.com.br\/arquivo","nextItem":{"@type":"ListItem","@id":"https:\/\/www.jornalja.com.br\/arquivo\/category\/notas\/#listItem","name":"NOTAS"}},{"@type":"ListItem","@id":"https:\/\/www.jornalja.com.br\/arquivo\/category\/notas\/#listItem","position":2,"name":"NOTAS","item":"https:\/\/www.jornalja.com.br\/arquivo\/category\/notas\/","nextItem":{"@type":"ListItem","@id":"https:\/\/www.jornalja.com.br\/arquivo\/com-recorde-nos-embarques-de-soja-exportacoes-do-agronegocio-gaucho-registram-aumento-de-34-em-2017\/#listItem","name":"Com recorde nos embarques de soja, exporta\u00e7\u00f5es do agroneg\u00f3cio ga\u00facho registram aumento de 3,4% em 2017"},"previousItem":{"@type":"ListItem","@id":"https:\/\/www.jornalja.com.br\/arquivo#listItem","name":"Home"}},{"@type":"ListItem","@id":"https:\/\/www.jornalja.com.br\/arquivo\/com-recorde-nos-embarques-de-soja-exportacoes-do-agronegocio-gaucho-registram-aumento-de-34-em-2017\/#listItem","position":3,"name":"Com recorde nos embarques de soja, exporta\u00e7\u00f5es do agroneg\u00f3cio ga\u00facho registram aumento de 3,4% em 2017","previousItem":{"@type":"ListItem","@id":"https:\/\/www.jornalja.com.br\/arquivo\/category\/notas\/#listItem","name":"NOTAS"}}]},{"@type":"Organization","@id":"https:\/\/www.jornalja.com.br\/arquivo\/#organization","name":"Jornal J\u00c1","description":"Jornal J\u00c1 | Porto Alegre","url":"https:\/\/www.jornalja.com.br\/arquivo\/","telephone":"+555133307272","logo":{"@type":"ImageObject","url":"https:\/\/www.jornalja.com.br\/wp-content\/uploads\/cards\/JAslogan.png","@id":"https:\/\/www.jornalja.com.br\/arquivo\/com-recorde-nos-embarques-de-soja-exportacoes-do-agronegocio-gaucho-registram-aumento-de-34-em-2017\/#organizationLogo"},"image":{"@id":"https:\/\/www.jornalja.com.br\/arquivo\/com-recorde-nos-embarques-de-soja-exportacoes-do-agronegocio-gaucho-registram-aumento-de-34-em-2017\/#organizationLogo"}},{"@type":"Person","@id":"https:\/\/www.jornalja.com.br\/arquivo\/author\/daredacao\/#author","url":"https:\/\/www.jornalja.com.br\/arquivo\/author\/daredacao\/","name":"da Reda\u00e7\u00e3o","image":{"@type":"ImageObject","@id":"https:\/\/www.jornalja.com.br\/arquivo\/com-recorde-nos-embarques-de-soja-exportacoes-do-agronegocio-gaucho-registram-aumento-de-34-em-2017\/#authorImage","url":"https:\/\/secure.gravatar.com\/avatar\/469fd857d6605ad19919d27ed29d35a968a25f6e8fd9318356bbb7f57aae9c65?s=96&d=mm&r=g","width":96,"height":96,"caption":"da Reda\u00e7\u00e3o"}},{"@type":"WebPage","@id":"https:\/\/www.jornalja.com.br\/arquivo\/com-recorde-nos-embarques-de-soja-exportacoes-do-agronegocio-gaucho-registram-aumento-de-34-em-2017\/#webpage","url":"https:\/\/www.jornalja.com.br\/arquivo\/com-recorde-nos-embarques-de-soja-exportacoes-do-agronegocio-gaucho-registram-aumento-de-34-em-2017\/","name":"Com recorde nos embarques de soja, exporta\u00e7\u00f5es do agroneg\u00f3cio ga\u00facho registram aumento de 3,4% em 2017 | Arquivo","inLanguage":"pt-BR","isPartOf":{"@id":"https:\/\/www.jornalja.com.br\/arquivo\/#website"},"breadcrumb":{"@id":"https:\/\/www.jornalja.com.br\/arquivo\/com-recorde-nos-embarques-de-soja-exportacoes-do-agronegocio-gaucho-registram-aumento-de-34-em-2017\/#breadcrumblist"},"author":{"@id":"https:\/\/www.jornalja.com.br\/arquivo\/author\/daredacao\/#author"},"creator":{"@id":"https:\/\/www.jornalja.com.br\/arquivo\/author\/daredacao\/#author"},"datePublished":"2018-01-10T16:09:33-02:00","dateModified":"2018-01-10T16:09:33-02:00"},{"@type":"WebSite","@id":"https:\/\/www.jornalja.com.br\/arquivo\/#website","url":"https:\/\/www.jornalja.com.br\/arquivo\/","name":"Arquivo","description":"Jornal J\u00c1 | Porto Alegre","inLanguage":"pt-BR","publisher":{"@id":"https:\/\/www.jornalja.com.br\/arquivo\/#organization"}}]},"og:locale":"pt_BR","og:site_name":"Arquivo | Jornal J\u00c1 | Porto Alegre","og:type":"article","og:title":"Com recorde nos embarques de soja, exporta\u00e7\u00f5es do agroneg\u00f3cio ga\u00facho registram aumento de 3,4% em 2017 | Arquivo","og:url":"https:\/\/www.jornalja.com.br\/arquivo\/com-recorde-nos-embarques-de-soja-exportacoes-do-agronegocio-gaucho-registram-aumento-de-34-em-2017\/","og:image":"https:\/\/www.jornalja.com.br\/economics\/wp-content\/uploads\/sites\/11\/2026\/08\/ja-folhaderosto-facebook.jpg","og:image:secure_url":"https:\/\/www.jornalja.com.br\/economics\/wp-content\/uploads\/sites\/11\/2026\/08\/ja-folhaderosto-facebook.jpg","article:published_time":"2018-01-10T18:09:33+00:00","article:modified_time":"2018-01-10T18:09:33+00:00","twitter:card":"summary","twitter:title":"Com recorde nos embarques de soja, exporta\u00e7\u00f5es do agroneg\u00f3cio ga\u00facho registram aumento de 3,4% em 2017 | Arquivo","twitter:image":"https:\/\/www.jornalja.com.br\/economics\/wp-content\/uploads\/sites\/11\/2026\/08\/ja-folhaderosto-facebook.jpg"},"aioseo_meta_data":{"post_id":"58791","title":null,"description":null,"keywords":null,"keyphrases":null,"primary_term":null,"canonical_url":null,"og_title":null,"og_description":null,"og_object_type":"default","og_image_type":"default","og_image_url":null,"og_image_width":null,"og_image_height":null,"og_image_custom_url":null,"og_image_custom_fields":null,"og_video":null,"og_custom_url":null,"og_article_section":null,"og_article_tags":null,"twitter_use_og":false,"twitter_card":"default","twitter_image_type":"default","twitter_image_url":null,"twitter_image_custom_url":null,"twitter_image_custom_fields":null,"twitter_title":null,"twitter_description":null,"schema":{"blockGraphs":[],"customGraphs":[],"default":{"data":{"Article":[],"Course":[],"Dataset":[],"FAQPage":[],"Movie":[],"Person":[],"Product":[],"ProductReview":[],"Car":[],"Recipe":[],"Service":[],"SoftwareApplication":[],"WebPage":[]},"graphName":"","isEnabled":true},"graphs":[]},"schema_type":null,"schema_type_options":null,"pillar_content":false,"robots_default":true,"robots_noindex":false,"robots_noarchive":false,"robots_nosnippet":false,"robots_nofollow":false,"robots_noimageindex":false,"robots_noodp":false,"robots_notranslate":false,"robots_max_snippet":null,"robots_max_videopreview":null,"robots_max_imagepreview":"large","priority":null,"frequency":null,"location":null,"local_seo":null,"breadcrumb_settings":null,"limit_modified_date":false,"ai":null,"created":"2020-12-20 20:18:57","updated":"2025-07-20 03:05:38","seo_analyzer_scan_date":null,"focus_keyword":null,"additional_keywords":null,"truseo_locale":null},"jetpack_sharing_enabled":true,"jetpack-related-posts":[{"id":13124,"url":"https:\/\/www.jornalja.com.br\/arquivo\/sangue-latino-no-iecine\/","url_meta":{"origin":58791,"position":0},"title":"Sangue latino no IECINE","author":"da Reda\u00e7\u00e3o","date":"18 de maio de 2014","format":false,"excerpt":"Francisco Ribeiro O Instituto Estadual de Cinema (IECINE) tem a frente, desde abril \u00faltimo, um novo diretor, o cineasta colombiano Juan Zapata, 36, que substitui Luiz Alberto Cassol. Radicado h\u00e1 dez anos em Porto Alegre, Zapata tem diante de si o desafio de conduzir at\u00e9 o final do ano um\u2026","rel":"","context":"Em &quot;Cultura-Geral&quot;","block_context":{"text":"Cultura-Geral","link":"https:\/\/www.jornalja.com.br\/arquivo\/category\/materiasecundaria\/"},"img":{"alt_text":"","src":"","width":0,"height":0},"classes":[]},{"id":14241,"url":"https:\/\/www.jornalja.com.br\/arquivo\/o-guaiba-nas-imagens-poeticas-de-achutti\/","url_meta":{"origin":58791,"position":1},"title":"O Gua\u00edba nas imagens po\u00e9ticas de Achutti","author":"da Reda\u00e7\u00e3o","date":"18 de junho de 2014","format":false,"excerpt":"Em \u201cO Gua\u00edba por Achutti\u201d \u2013 obra financiada via Minist\u00e9rio da Cultura, produ\u00e7\u00e3o executiva de Pedro Longhi, e Fl\u00e1vio Wild como designer \u2013, o fot\u00f3grafo revela a beleza e as mazelas de um espa\u00e7o aqu\u00e1tico de \u00e1guas sempre renovadas, cheio de hist\u00f3rias e lendas como as das cidades que foram\u2026","rel":"","context":"Em &quot;Cultura-Geral&quot;","block_context":{"text":"Cultura-Geral","link":"https:\/\/www.jornalja.com.br\/arquivo\/category\/materiasecundaria\/"},"img":{"alt_text":"","src":"","width":0,"height":0},"classes":[]},{"id":13240,"url":"https:\/\/www.jornalja.com.br\/arquivo\/plano-diretor-estamos-construindo-o-caos\/","url_meta":{"origin":58791,"position":2},"title":"Plano diretor: &quot;Estamos construindo o caos&quot;","author":"Patr\u00edcia Marini","date":"26 de maio de 2014","format":false,"excerpt":"Desabafo que arquiteta Eliana Castilhos, delegada da Regi\u00e3o de Planejamento 1, postou nas redes sociais \u00e9 um testemunho do ambiente que se criou no Conselho do Plano Diretor de Porto Alegre, onde a aprova\u00e7\u00e3o de grandes empreendimentos \u00e9 empurrada guela abaixo dos conselheiros. Ao CMDUA Como delegada da Regi\u00e3o de\u2026","rel":"","context":"Em &quot;Geral&quot;","block_context":{"text":"Geral","link":"https:\/\/www.jornalja.com.br\/arquivo\/category\/geral\/"},"img":{"alt_text":"","src":"","width":0,"height":0},"classes":[]}],"jetpack_shortlink":"https:\/\/wp.me\/pbQjBd-fif","jetpack_featured_media_url":"","_links":{"self":[{"href":"https:\/\/www.jornalja.com.br\/arquivo\/wp-json\/wp\/v2\/posts\/58791","targetHints":{"allow":["GET"]}}],"collection":[{"href":"https:\/\/www.jornalja.com.br\/arquivo\/wp-json\/wp\/v2\/posts"}],"about":[{"href":"https:\/\/www.jornalja.com.br\/arquivo\/wp-json\/wp\/v2\/types\/post"}],"author":[{"embeddable":true,"href":"https:\/\/www.jornalja.com.br\/arquivo\/wp-json\/wp\/v2\/users\/4"}],"replies":[{"embeddable":true,"href":"https:\/\/www.jornalja.com.br\/arquivo\/wp-json\/wp\/v2\/comments?post=58791"}],"version-history":[{"count":0,"href":"https:\/\/www.jornalja.com.br\/arquivo\/wp-json\/wp\/v2\/posts\/58791\/revisions"}],"wp:attachment":[{"href":"https:\/\/www.jornalja.com.br\/arquivo\/wp-json\/wp\/v2\/media?parent=58791"}],"wp:term":[{"taxonomy":"category","embeddable":true,"href":"https:\/\/www.jornalja.com.br\/arquivo\/wp-json\/wp\/v2\/categories?post=58791"},{"taxonomy":"post_tag","embeddable":true,"href":"https:\/\/www.jornalja.com.br\/arquivo\/wp-json\/wp\/v2\/tags?post=58791"}],"curies":[{"name":"wp","href":"https:\/\/api.w.org\/{rel}","templated":true}]}}