{"id":58808,"date":"2018-01-11T09:49:36","date_gmt":"2018-01-11T11:49:36","guid":{"rendered":"https:\/\/www.jornalja.com.br\/?p=58808"},"modified":"2018-01-11T09:49:36","modified_gmt":"2018-01-11T11:49:36","slug":"salario-minimo-abaixo-da-inflacao-pela-segunda-vez-e-o-menor-reajuste-em-24-anos","status":"publish","type":"post","link":"https:\/\/www.jornalja.com.br\/arquivo\/salario-minimo-abaixo-da-inflacao-pela-segunda-vez-e-o-menor-reajuste-em-24-anos\/","title":{"rendered":"Sal\u00e1rio M\u00ednimo: abaixo da infla\u00e7\u00e3o pela segunda vez e o menor aumento em 24 anos"},"content":{"rendered":"<p>Com a divulga\u00e7\u00e3o do \u00cdndice Nacional de Pre\u00e7os ao Consumidor (INPC), nesta quarta-feira, constata-se que o sal\u00e1rio m\u00ednimo, fixado no fim do ano, ficou pelo segundo ano consecutivo abaixo da infla\u00e7\u00e3o.<br \/>\nO INPC aumentou 2,07% em 2017. O sal\u00e1rio m\u00ednimo foi reajustado em 1,81%, com base numa estimativa de dezembro.<br \/>\nA diferen\u00e7a \u00e9 aparentemente m\u00ednima: 0,26% de perda em rela\u00e7\u00e3o ao INPC.\u00a0 No detalhe, v\u00ea-se que os preju\u00edzos aos assalariados \u00e9 significativo, n\u00e3o s\u00f3 pelo valor mas, tamb\u00e9m, pela tend\u00eancia que se configura.<br \/>\nO m\u00ednimo, depois do reajuste, passou de R$ 937 para R$ 954. Um aumento de R$ 17 reais.<br \/>\nAl\u00e9m de ficar abaixo da infla\u00e7\u00e3o pela segunda por dois anos consecutivos, foi o menor aumento em 24 anos.<br \/>\nFora isso, \u00e9 preciso considerar que o INPC, que cresceu 2,07% no ano, mede a infla\u00e7\u00e3o apenas na faixa dos que ganham\u00a0de um a cinco sal\u00e1rios m\u00ednimos, na condi\u00e7\u00e3o de assalariado. N\u00e3o \u00e9 o \u00edndice oficial da infla\u00e7\u00e3o.<br \/>\nO \u00edndice oficial da infla\u00e7\u00e3o \u00e9 o IPCA, que mede perda do poder aquisitivo da faixas de um a 40 sal\u00e1rios m\u00ednimos, qualquer que seja a fonte de renda.<br \/>\nE o IPCA, que \u00e9 a refer\u00eancia para todos os reajustes na economia, cresceu 2.95% em 2017.<br \/>\nA perda real do sal\u00e1rio m\u00ednimo seria muito maior.<br \/>\n<img loading=\"lazy\" decoding=\"async\" class=\"alignleft size-full wp-image-58840\" src=\"https:\/\/www.jornalja.com.br\/wp-content\/uploads\/2018\/01\/blogger-image-1202429678.jpg\" alt=\"\" width=\"640\" height=\"388\" \/>Os reajustes menores do que a infla\u00e7\u00e3o nos dois \u00faltimos anos revelam uma invers\u00e3o da tend\u00eancia dos \u00faltimos quinze anos, de reajustes sempre acima do \u00edndice inflacion\u00e1rio.<br \/>\nSinal de que o governo de Michel Temer consagrou a tese de que os sal\u00e1rios altos travam a economia e aumentam a infla\u00e7\u00e3o.<br \/>\nTanto que o destaque no jornal O Globo, carro chefe do maior sistema de comunica\u00e7\u00e3o do pa\u00eds, n\u00e3o foi a perda dos sal\u00e1rios. Foi que &#8220;infla\u00e7\u00e3o menor estimula a retomada da economia&#8221;.<\/p>\n","protected":false},"excerpt":{"rendered":"<p>Com a divulga\u00e7\u00e3o do \u00cdndice Nacional de Pre\u00e7os ao Consumidor (INPC), nesta quarta-feira, constata-se que o sal\u00e1rio m\u00ednimo, fixado no fim do ano, ficou pelo segundo ano consecutivo abaixo da infla\u00e7\u00e3o. O INPC aumentou 2,07% em 2017. O sal\u00e1rio m\u00ednimo foi reajustado em 1,81%, com base numa estimativa de dezembro. A diferen\u00e7a \u00e9 aparentemente m\u00ednima: [&hellip;]<\/p>\n","protected":false},"author":4,"featured_media":58826,"comment_status":"open","ping_status":"closed","sticky":false,"template":"","format":"standard","meta":{"_jetpack_newsletter_access":"","_jetpack_dont_email_post_to_subs":false,"_jetpack_newsletter_tier_id":0,"_jetpack_memberships_contains_paywalled_content":false,"_jetpack_feature_clip_id":0,"_jetpack_memberships_contains_paid_content":false,"footnotes":"","jetpack_post_was_ever_published":false},"categories":[26],"tags":[],"class_list":["post-58808","post","type-post","status-publish","format-standard","has-post-thumbnail","hentry","category-geral"],"aioseo_notices":[],"aioseo_head":"\n\t\t<!-- All in One SEO 5.0.1.1 - aioseo.com -->\n\t<meta name=\"robots\" content=\"max-image-preview:large\" \/>\n\t<meta name=\"author\" content=\"da Reda\u00e7\u00e3o\"\/>\n\t<link rel=\"canonical\" href=\"https:\/\/www.jornalja.com.br\/arquivo\/salario-minimo-abaixo-da-inflacao-pela-segunda-vez-e-o-menor-reajuste-em-24-anos\/\" \/>\n\t<meta name=\"generator\" content=\"All in One SEO (AIOSEO) 5.0.1.1\" \/>\n\t\t<meta property=\"og:locale\" content=\"pt_BR\" \/>\n\t\t<meta property=\"og:site_name\" content=\"Arquivo | Jornal J\u00c1 | Porto Alegre\" \/>\n\t\t<meta property=\"og:type\" content=\"article\" \/>\n\t\t<meta property=\"og:title\" content=\"Sal\u00e1rio M\u00ednimo: abaixo da infla\u00e7\u00e3o pela segunda vez e o menor aumento em 24 anos | Arquivo\" \/>\n\t\t<meta property=\"og:url\" content=\"https:\/\/www.jornalja.com.br\/arquivo\/salario-minimo-abaixo-da-inflacao-pela-segunda-vez-e-o-menor-reajuste-em-24-anos\/\" \/>\n\t\t<meta property=\"og:image\" content=\"https:\/\/www.jornalja.com.br\/wp-content\/uploads\/2018\/01\/blogger-image-1202429678.jpg\" \/>\n\t\t<meta property=\"og:image:secure_url\" content=\"https:\/\/www.jornalja.com.br\/wp-content\/uploads\/2018\/01\/blogger-image-1202429678.jpg\" \/>\n\t\t<meta property=\"article:published_time\" content=\"2018-01-11T11:49:36+00:00\" \/>\n\t\t<meta property=\"article:modified_time\" content=\"2018-01-11T11:49:36+00:00\" \/>\n\t\t<meta name=\"twitter:card\" content=\"summary\" \/>\n\t\t<meta name=\"twitter:title\" content=\"Sal\u00e1rio M\u00ednimo: abaixo da infla\u00e7\u00e3o pela segunda vez e o menor aumento em 24 anos | Arquivo\" \/>\n\t\t<meta name=\"twitter:image\" content=\"https:\/\/www.jornalja.com.br\/economics\/wp-content\/uploads\/sites\/11\/2026\/08\/ja-folhaderosto-facebook.jpg\" \/>\n\t\t<script type=\"application\/ld+json\" class=\"aioseo-schema\">\n\t\t\t{\"@context\":\"https:\\\/\\\/schema.org\",\"@graph\":[{\"@type\":\"BlogPosting\",\"@id\":\"https:\\\/\\\/www.jornalja.com.br\\\/arquivo\\\/salario-minimo-abaixo-da-inflacao-pela-segunda-vez-e-o-menor-reajuste-em-24-anos\\\/#blogposting\",\"name\":\"Sal\\u00e1rio M\\u00ednimo: abaixo da infla\\u00e7\\u00e3o pela segunda vez e o menor aumento em 24 anos | Arquivo\",\"headline\":\"Sal\\u00e1rio M\\u00ednimo: abaixo da infla\\u00e7\\u00e3o pela segunda vez e o menor aumento em 24 anos\",\"author\":{\"@id\":\"https:\\\/\\\/www.jornalja.com.br\\\/arquivo\\\/author\\\/daredacao\\\/#author\"},\"publisher\":{\"@id\":\"https:\\\/\\\/www.jornalja.com.br\\\/arquivo\\\/#organization\"},\"image\":{\"@type\":\"ImageObject\",\"url\":58826},\"datePublished\":\"2018-01-11T09:49:36-02:00\",\"dateModified\":\"2018-01-11T09:49:36-02:00\",\"inLanguage\":\"pt-BR\",\"commentCount\":1,\"mainEntityOfPage\":{\"@id\":\"https:\\\/\\\/www.jornalja.com.br\\\/arquivo\\\/salario-minimo-abaixo-da-inflacao-pela-segunda-vez-e-o-menor-reajuste-em-24-anos\\\/#webpage\"},\"isPartOf\":{\"@id\":\"https:\\\/\\\/www.jornalja.com.br\\\/arquivo\\\/salario-minimo-abaixo-da-inflacao-pela-segunda-vez-e-o-menor-reajuste-em-24-anos\\\/#webpage\"},\"articleSection\":\"Geral\"},{\"@type\":\"BreadcrumbList\",\"@id\":\"https:\\\/\\\/www.jornalja.com.br\\\/arquivo\\\/salario-minimo-abaixo-da-inflacao-pela-segunda-vez-e-o-menor-reajuste-em-24-anos\\\/#breadcrumblist\",\"itemListElement\":[{\"@type\":\"ListItem\",\"@id\":\"https:\\\/\\\/www.jornalja.com.br\\\/arquivo#listItem\",\"position\":1,\"name\":\"Home\",\"item\":\"https:\\\/\\\/www.jornalja.com.br\\\/arquivo\",\"nextItem\":{\"@type\":\"ListItem\",\"@id\":\"https:\\\/\\\/www.jornalja.com.br\\\/arquivo\\\/category\\\/geral\\\/#listItem\",\"name\":\"Geral\"}},{\"@type\":\"ListItem\",\"@id\":\"https:\\\/\\\/www.jornalja.com.br\\\/arquivo\\\/category\\\/geral\\\/#listItem\",\"position\":2,\"name\":\"Geral\",\"item\":\"https:\\\/\\\/www.jornalja.com.br\\\/arquivo\\\/category\\\/geral\\\/\",\"nextItem\":{\"@type\":\"ListItem\",\"@id\":\"https:\\\/\\\/www.jornalja.com.br\\\/arquivo\\\/salario-minimo-abaixo-da-inflacao-pela-segunda-vez-e-o-menor-reajuste-em-24-anos\\\/#listItem\",\"name\":\"Sal\\u00e1rio M\\u00ednimo: abaixo da infla\\u00e7\\u00e3o pela segunda vez e o menor aumento em 24 anos\"},\"previousItem\":{\"@type\":\"ListItem\",\"@id\":\"https:\\\/\\\/www.jornalja.com.br\\\/arquivo#listItem\",\"name\":\"Home\"}},{\"@type\":\"ListItem\",\"@id\":\"https:\\\/\\\/www.jornalja.com.br\\\/arquivo\\\/salario-minimo-abaixo-da-inflacao-pela-segunda-vez-e-o-menor-reajuste-em-24-anos\\\/#listItem\",\"position\":3,\"name\":\"Sal\\u00e1rio M\\u00ednimo: abaixo da infla\\u00e7\\u00e3o pela segunda vez e o menor aumento em 24 anos\",\"previousItem\":{\"@type\":\"ListItem\",\"@id\":\"https:\\\/\\\/www.jornalja.com.br\\\/arquivo\\\/category\\\/geral\\\/#listItem\",\"name\":\"Geral\"}}]},{\"@type\":\"Organization\",\"@id\":\"https:\\\/\\\/www.jornalja.com.br\\\/arquivo\\\/#organization\",\"name\":\"Jornal J\\u00c1\",\"description\":\"Jornal J\\u00c1 | Porto Alegre\",\"url\":\"https:\\\/\\\/www.jornalja.com.br\\\/arquivo\\\/\",\"telephone\":\"+555133307272\",\"logo\":{\"@type\":\"ImageObject\",\"url\":\"https:\\\/\\\/www.jornalja.com.br\\\/wp-content\\\/uploads\\\/cards\\\/JAslogan.png\",\"@id\":\"https:\\\/\\\/www.jornalja.com.br\\\/arquivo\\\/salario-minimo-abaixo-da-inflacao-pela-segunda-vez-e-o-menor-reajuste-em-24-anos\\\/#organizationLogo\"},\"image\":{\"@id\":\"https:\\\/\\\/www.jornalja.com.br\\\/arquivo\\\/salario-minimo-abaixo-da-inflacao-pela-segunda-vez-e-o-menor-reajuste-em-24-anos\\\/#organizationLogo\"}},{\"@type\":\"Person\",\"@id\":\"https:\\\/\\\/www.jornalja.com.br\\\/arquivo\\\/author\\\/daredacao\\\/#author\",\"url\":\"https:\\\/\\\/www.jornalja.com.br\\\/arquivo\\\/author\\\/daredacao\\\/\",\"name\":\"da Reda\\u00e7\\u00e3o\",\"image\":{\"@type\":\"ImageObject\",\"@id\":\"https:\\\/\\\/www.jornalja.com.br\\\/arquivo\\\/salario-minimo-abaixo-da-inflacao-pela-segunda-vez-e-o-menor-reajuste-em-24-anos\\\/#authorImage\",\"url\":\"https:\\\/\\\/secure.gravatar.com\\\/avatar\\\/469fd857d6605ad19919d27ed29d35a968a25f6e8fd9318356bbb7f57aae9c65?s=96&d=mm&r=g\",\"width\":96,\"height\":96,\"caption\":\"da Reda\\u00e7\\u00e3o\"}},{\"@type\":\"WebPage\",\"@id\":\"https:\\\/\\\/www.jornalja.com.br\\\/arquivo\\\/salario-minimo-abaixo-da-inflacao-pela-segunda-vez-e-o-menor-reajuste-em-24-anos\\\/#webpage\",\"url\":\"https:\\\/\\\/www.jornalja.com.br\\\/arquivo\\\/salario-minimo-abaixo-da-inflacao-pela-segunda-vez-e-o-menor-reajuste-em-24-anos\\\/\",\"name\":\"Sal\\u00e1rio M\\u00ednimo: abaixo da infla\\u00e7\\u00e3o pela segunda vez e o menor aumento em 24 anos | Arquivo\",\"inLanguage\":\"pt-BR\",\"isPartOf\":{\"@id\":\"https:\\\/\\\/www.jornalja.com.br\\\/arquivo\\\/#website\"},\"breadcrumb\":{\"@id\":\"https:\\\/\\\/www.jornalja.com.br\\\/arquivo\\\/salario-minimo-abaixo-da-inflacao-pela-segunda-vez-e-o-menor-reajuste-em-24-anos\\\/#breadcrumblist\"},\"author\":{\"@id\":\"https:\\\/\\\/www.jornalja.com.br\\\/arquivo\\\/author\\\/daredacao\\\/#author\"},\"creator\":{\"@id\":\"https:\\\/\\\/www.jornalja.com.br\\\/arquivo\\\/author\\\/daredacao\\\/#author\"},\"image\":{\"@type\":\"ImageObject\",\"url\":58826,\"@id\":\"https:\\\/\\\/www.jornalja.com.br\\\/arquivo\\\/salario-minimo-abaixo-da-inflacao-pela-segunda-vez-e-o-menor-reajuste-em-24-anos\\\/#mainImage\"},\"primaryImageOfPage\":{\"@id\":\"https:\\\/\\\/www.jornalja.com.br\\\/arquivo\\\/salario-minimo-abaixo-da-inflacao-pela-segunda-vez-e-o-menor-reajuste-em-24-anos\\\/#mainImage\"},\"datePublished\":\"2018-01-11T09:49:36-02:00\",\"dateModified\":\"2018-01-11T09:49:36-02:00\"},{\"@type\":\"WebSite\",\"@id\":\"https:\\\/\\\/www.jornalja.com.br\\\/arquivo\\\/#website\",\"url\":\"https:\\\/\\\/www.jornalja.com.br\\\/arquivo\\\/\",\"name\":\"Arquivo\",\"description\":\"Jornal J\\u00c1 | Porto Alegre\",\"inLanguage\":\"pt-BR\",\"publisher\":{\"@id\":\"https:\\\/\\\/www.jornalja.com.br\\\/arquivo\\\/#organization\"}}]}\n\t\t<\/script>\n\t\t<!-- All in One SEO -->\n\n","aioseo_head_json":{"title":"Sal\u00e1rio M\u00ednimo: abaixo da infla\u00e7\u00e3o pela segunda vez e o menor aumento em 24 anos | Arquivo","description":"","canonical_url":"https:\/\/www.jornalja.com.br\/arquivo\/salario-minimo-abaixo-da-inflacao-pela-segunda-vez-e-o-menor-reajuste-em-24-anos\/","robots":"max-image-preview:large","keywords":"","webmasterTools":{"miscellaneous":""},"schema":{"@context":"https:\/\/schema.org","@graph":[{"@type":"BlogPosting","@id":"https:\/\/www.jornalja.com.br\/arquivo\/salario-minimo-abaixo-da-inflacao-pela-segunda-vez-e-o-menor-reajuste-em-24-anos\/#blogposting","name":"Sal\u00e1rio M\u00ednimo: abaixo da infla\u00e7\u00e3o pela segunda vez e o menor aumento em 24 anos | Arquivo","headline":"Sal\u00e1rio M\u00ednimo: abaixo da infla\u00e7\u00e3o pela segunda vez e o menor aumento em 24 anos","author":{"@id":"https:\/\/www.jornalja.com.br\/arquivo\/author\/daredacao\/#author"},"publisher":{"@id":"https:\/\/www.jornalja.com.br\/arquivo\/#organization"},"image":{"@type":"ImageObject","url":58826},"datePublished":"2018-01-11T09:49:36-02:00","dateModified":"2018-01-11T09:49:36-02:00","inLanguage":"pt-BR","commentCount":1,"mainEntityOfPage":{"@id":"https:\/\/www.jornalja.com.br\/arquivo\/salario-minimo-abaixo-da-inflacao-pela-segunda-vez-e-o-menor-reajuste-em-24-anos\/#webpage"},"isPartOf":{"@id":"https:\/\/www.jornalja.com.br\/arquivo\/salario-minimo-abaixo-da-inflacao-pela-segunda-vez-e-o-menor-reajuste-em-24-anos\/#webpage"},"articleSection":"Geral"},{"@type":"BreadcrumbList","@id":"https:\/\/www.jornalja.com.br\/arquivo\/salario-minimo-abaixo-da-inflacao-pela-segunda-vez-e-o-menor-reajuste-em-24-anos\/#breadcrumblist","itemListElement":[{"@type":"ListItem","@id":"https:\/\/www.jornalja.com.br\/arquivo#listItem","position":1,"name":"Home","item":"https:\/\/www.jornalja.com.br\/arquivo","nextItem":{"@type":"ListItem","@id":"https:\/\/www.jornalja.com.br\/arquivo\/category\/geral\/#listItem","name":"Geral"}},{"@type":"ListItem","@id":"https:\/\/www.jornalja.com.br\/arquivo\/category\/geral\/#listItem","position":2,"name":"Geral","item":"https:\/\/www.jornalja.com.br\/arquivo\/category\/geral\/","nextItem":{"@type":"ListItem","@id":"https:\/\/www.jornalja.com.br\/arquivo\/salario-minimo-abaixo-da-inflacao-pela-segunda-vez-e-o-menor-reajuste-em-24-anos\/#listItem","name":"Sal\u00e1rio M\u00ednimo: abaixo da infla\u00e7\u00e3o pela segunda vez e o menor aumento em 24 anos"},"previousItem":{"@type":"ListItem","@id":"https:\/\/www.jornalja.com.br\/arquivo#listItem","name":"Home"}},{"@type":"ListItem","@id":"https:\/\/www.jornalja.com.br\/arquivo\/salario-minimo-abaixo-da-inflacao-pela-segunda-vez-e-o-menor-reajuste-em-24-anos\/#listItem","position":3,"name":"Sal\u00e1rio M\u00ednimo: abaixo da infla\u00e7\u00e3o pela segunda vez e o menor aumento em 24 anos","previousItem":{"@type":"ListItem","@id":"https:\/\/www.jornalja.com.br\/arquivo\/category\/geral\/#listItem","name":"Geral"}}]},{"@type":"Organization","@id":"https:\/\/www.jornalja.com.br\/arquivo\/#organization","name":"Jornal J\u00c1","description":"Jornal J\u00c1 | Porto Alegre","url":"https:\/\/www.jornalja.com.br\/arquivo\/","telephone":"+555133307272","logo":{"@type":"ImageObject","url":"https:\/\/www.jornalja.com.br\/wp-content\/uploads\/cards\/JAslogan.png","@id":"https:\/\/www.jornalja.com.br\/arquivo\/salario-minimo-abaixo-da-inflacao-pela-segunda-vez-e-o-menor-reajuste-em-24-anos\/#organizationLogo"},"image":{"@id":"https:\/\/www.jornalja.com.br\/arquivo\/salario-minimo-abaixo-da-inflacao-pela-segunda-vez-e-o-menor-reajuste-em-24-anos\/#organizationLogo"}},{"@type":"Person","@id":"https:\/\/www.jornalja.com.br\/arquivo\/author\/daredacao\/#author","url":"https:\/\/www.jornalja.com.br\/arquivo\/author\/daredacao\/","name":"da Reda\u00e7\u00e3o","image":{"@type":"ImageObject","@id":"https:\/\/www.jornalja.com.br\/arquivo\/salario-minimo-abaixo-da-inflacao-pela-segunda-vez-e-o-menor-reajuste-em-24-anos\/#authorImage","url":"https:\/\/secure.gravatar.com\/avatar\/469fd857d6605ad19919d27ed29d35a968a25f6e8fd9318356bbb7f57aae9c65?s=96&d=mm&r=g","width":96,"height":96,"caption":"da Reda\u00e7\u00e3o"}},{"@type":"WebPage","@id":"https:\/\/www.jornalja.com.br\/arquivo\/salario-minimo-abaixo-da-inflacao-pela-segunda-vez-e-o-menor-reajuste-em-24-anos\/#webpage","url":"https:\/\/www.jornalja.com.br\/arquivo\/salario-minimo-abaixo-da-inflacao-pela-segunda-vez-e-o-menor-reajuste-em-24-anos\/","name":"Sal\u00e1rio M\u00ednimo: abaixo da infla\u00e7\u00e3o pela segunda vez e o menor aumento em 24 anos | Arquivo","inLanguage":"pt-BR","isPartOf":{"@id":"https:\/\/www.jornalja.com.br\/arquivo\/#website"},"breadcrumb":{"@id":"https:\/\/www.jornalja.com.br\/arquivo\/salario-minimo-abaixo-da-inflacao-pela-segunda-vez-e-o-menor-reajuste-em-24-anos\/#breadcrumblist"},"author":{"@id":"https:\/\/www.jornalja.com.br\/arquivo\/author\/daredacao\/#author"},"creator":{"@id":"https:\/\/www.jornalja.com.br\/arquivo\/author\/daredacao\/#author"},"image":{"@type":"ImageObject","url":58826,"@id":"https:\/\/www.jornalja.com.br\/arquivo\/salario-minimo-abaixo-da-inflacao-pela-segunda-vez-e-o-menor-reajuste-em-24-anos\/#mainImage"},"primaryImageOfPage":{"@id":"https:\/\/www.jornalja.com.br\/arquivo\/salario-minimo-abaixo-da-inflacao-pela-segunda-vez-e-o-menor-reajuste-em-24-anos\/#mainImage"},"datePublished":"2018-01-11T09:49:36-02:00","dateModified":"2018-01-11T09:49:36-02:00"},{"@type":"WebSite","@id":"https:\/\/www.jornalja.com.br\/arquivo\/#website","url":"https:\/\/www.jornalja.com.br\/arquivo\/","name":"Arquivo","description":"Jornal J\u00c1 | Porto Alegre","inLanguage":"pt-BR","publisher":{"@id":"https:\/\/www.jornalja.com.br\/arquivo\/#organization"}}]},"og:locale":"pt_BR","og:site_name":"Arquivo | Jornal J\u00c1 | Porto Alegre","og:type":"article","og:title":"Sal\u00e1rio M\u00ednimo: abaixo da infla\u00e7\u00e3o pela segunda vez e o menor aumento em 24 anos | Arquivo","og:url":"https:\/\/www.jornalja.com.br\/arquivo\/salario-minimo-abaixo-da-inflacao-pela-segunda-vez-e-o-menor-reajuste-em-24-anos\/","og:image":"https:\/\/www.jornalja.com.br\/wp-content\/uploads\/2018\/01\/blogger-image-1202429678.jpg","og:image:secure_url":"https:\/\/www.jornalja.com.br\/wp-content\/uploads\/2018\/01\/blogger-image-1202429678.jpg","article:published_time":"2018-01-11T11:49:36+00:00","article:modified_time":"2018-01-11T11:49:36+00:00","twitter:card":"summary","twitter:title":"Sal\u00e1rio M\u00ednimo: abaixo da infla\u00e7\u00e3o pela segunda vez e o menor aumento em 24 anos | Arquivo","twitter:image":"https:\/\/www.jornalja.com.br\/economics\/wp-content\/uploads\/sites\/11\/2026\/08\/ja-folhaderosto-facebook.jpg"},"aioseo_meta_data":{"post_id":"58808","title":null,"description":null,"keywords":null,"keyphrases":null,"primary_term":null,"canonical_url":null,"og_title":null,"og_description":null,"og_object_type":"default","og_image_type":"default","og_image_url":null,"og_image_width":null,"og_image_height":null,"og_image_custom_url":null,"og_image_custom_fields":null,"og_video":null,"og_custom_url":null,"og_article_section":null,"og_article_tags":null,"twitter_use_og":false,"twitter_card":"default","twitter_image_type":"default","twitter_image_url":null,"twitter_image_custom_url":null,"twitter_image_custom_fields":null,"twitter_title":null,"twitter_description":null,"schema":{"blockGraphs":[],"customGraphs":[],"default":{"data":{"Article":[],"Course":[],"Dataset":[],"FAQPage":[],"Movie":[],"Person":[],"Product":[],"ProductReview":[],"Car":[],"Recipe":[],"Service":[],"SoftwareApplication":[],"WebPage":[]},"graphName":"","isEnabled":true},"graphs":[],"defaultGraph":"","defaultPostTypeGraph":""},"schema_type":null,"schema_type_options":null,"pillar_content":false,"robots_default":true,"robots_noindex":false,"robots_noarchive":false,"robots_nosnippet":false,"robots_nofollow":false,"robots_noimageindex":false,"robots_noodp":false,"robots_notranslate":false,"robots_max_snippet":null,"robots_max_videopreview":null,"robots_max_imagepreview":"large","priority":null,"frequency":null,"location":null,"local_seo":null,"breadcrumb_settings":null,"limit_modified_date":false,"ai":null,"created":"2020-12-20 20:18:57","updated":"2025-07-20 03:05:38","seo_analyzer_scan_date":null,"focus_keyword":null,"additional_keywords":null,"truseo_locale":null},"jetpack_sharing_enabled":true,"jetpack-related-posts":[{"id":13240,"url":"https:\/\/www.jornalja.com.br\/arquivo\/plano-diretor-estamos-construindo-o-caos\/","url_meta":{"origin":58808,"position":0},"title":"Plano diretor: &quot;Estamos construindo o caos&quot;","author":"Patr\u00edcia Marini","date":"26 de maio de 2014","format":false,"excerpt":"Desabafo que arquiteta Eliana Castilhos, delegada da Regi\u00e3o de Planejamento 1, postou nas redes sociais \u00e9 um testemunho do ambiente que se criou no Conselho do Plano Diretor de Porto Alegre, onde a aprova\u00e7\u00e3o de grandes empreendimentos \u00e9 empurrada guela abaixo dos conselheiros. Ao CMDUA Como delegada da Regi\u00e3o de\u2026","rel":"","context":"Em &quot;Geral&quot;","block_context":{"text":"Geral","link":"https:\/\/www.jornalja.com.br\/arquivo\/category\/geral\/"},"img":{"alt_text":"","src":"","width":0,"height":0},"classes":[]},{"id":13124,"url":"https:\/\/www.jornalja.com.br\/arquivo\/sangue-latino-no-iecine\/","url_meta":{"origin":58808,"position":1},"title":"Sangue latino no IECINE","author":"da Reda\u00e7\u00e3o","date":"18 de maio de 2014","format":false,"excerpt":"Francisco Ribeiro O Instituto Estadual de Cinema (IECINE) tem a frente, desde abril \u00faltimo, um novo diretor, o cineasta colombiano Juan Zapata, 36, que substitui Luiz Alberto Cassol. Radicado h\u00e1 dez anos em Porto Alegre, Zapata tem diante de si o desafio de conduzir at\u00e9 o final do ano um\u2026","rel":"","context":"Em &quot;Cultura-Geral&quot;","block_context":{"text":"Cultura-Geral","link":"https:\/\/www.jornalja.com.br\/arquivo\/category\/materiasecundaria\/"},"img":{"alt_text":"","src":"","width":0,"height":0},"classes":[]},{"id":5440,"url":"https:\/\/www.jornalja.com.br\/arquivo\/casarao-da-venancio-destino-permanece-incerto\/","url_meta":{"origin":58808,"position":2},"title":"Estado ainda n\u00e3o sabe o que fazer com casar\u00e3o abandonado h\u00e1 20 anos","author":"Elmar Bones","date":"6 de julho de 2009","format":false,"excerpt":"O casar\u00e3o amarelo, numa esquina nobre de Porto Alegre (Ven\u00e2ncio Aires com Jo\u00e3o Pessoa), j\u00e1 abrigou uma escola. H\u00e1 duas d\u00e9cadas, pelo menos, est\u00e1 abandonado, porque seu propriet\u00e1rio, o governo do Estado do Rio Grande do Sul, n\u00e3o consegue achar um destino para ele. Planos n\u00e3o faltaram. O governador Ol\u00edvio\u2026","rel":"","context":"Em &quot;X.Categorias velhas&quot;","block_context":{"text":"X.Categorias velhas","link":"https:\/\/www.jornalja.com.br\/arquivo\/category\/x-categorias-velhas\/"},"img":{"alt_text":"geraldo1","src":"https:\/\/i0.wp.com\/www.jornalja.com.br\/wp-content\/uploads\/2009\/07\/geraldo1.jpg?resize=350%2C200&ssl=1","width":350,"height":200},"classes":[]},{"id":13101,"url":"https:\/\/www.jornalja.com.br\/arquivo\/morre-um-guerreiro-do-texto\/","url_meta":{"origin":58808,"position":3},"title":"Morre um guerreiro do texto","author":"Patr\u00edcia Marini","date":"14 de maio de 2014","format":false,"excerpt":"Por Ricardo Kotscho Reproduzido do blog do autor, 11\/5\/2014; t\u00edtulo original \u201cE l\u00e1 se foi o nosso Myltainho, guerreiro do texto\u201d. Mi\u00fado e franzino, meu amigo Myltainho era um valente e inconformado guerreiro na luta contra as injusti\u00e7as sociais, a hipocrisia, as maracutaias, o autoritarismo, a intoler\u00e2ncia, a viol\u00eancia, o\u2026","rel":"","context":"Em &quot;Geral&quot;","block_context":{"text":"Geral","link":"https:\/\/www.jornalja.com.br\/arquivo\/category\/geral\/"},"img":{"alt_text":"","src":"","width":0,"height":0},"classes":[]},{"id":14241,"url":"https:\/\/www.jornalja.com.br\/arquivo\/o-guaiba-nas-imagens-poeticas-de-achutti\/","url_meta":{"origin":58808,"position":4},"title":"O Gua\u00edba nas imagens po\u00e9ticas de Achutti","author":"da Reda\u00e7\u00e3o","date":"18 de junho de 2014","format":false,"excerpt":"Em \u201cO Gua\u00edba por Achutti\u201d \u2013 obra financiada via Minist\u00e9rio da Cultura, produ\u00e7\u00e3o executiva de Pedro Longhi, e Fl\u00e1vio Wild como designer \u2013, o fot\u00f3grafo revela a beleza e as mazelas de um espa\u00e7o aqu\u00e1tico de \u00e1guas sempre renovadas, cheio de hist\u00f3rias e lendas como as das cidades que foram\u2026","rel":"","context":"Em &quot;Cultura-Geral&quot;","block_context":{"text":"Cultura-Geral","link":"https:\/\/www.jornalja.com.br\/arquivo\/category\/materiasecundaria\/"},"img":{"alt_text":"","src":"","width":0,"height":0},"classes":[]}],"jetpack_shortlink":"https:\/\/wp.me\/pbQjBd-fiw","jetpack_featured_media_url":"","_links":{"self":[{"href":"https:\/\/www.jornalja.com.br\/arquivo\/wp-json\/wp\/v2\/posts\/58808","targetHints":{"allow":["GET"]}}],"collection":[{"href":"https:\/\/www.jornalja.com.br\/arquivo\/wp-json\/wp\/v2\/posts"}],"about":[{"href":"https:\/\/www.jornalja.com.br\/arquivo\/wp-json\/wp\/v2\/types\/post"}],"author":[{"embeddable":true,"href":"https:\/\/www.jornalja.com.br\/arquivo\/wp-json\/wp\/v2\/users\/4"}],"replies":[{"embeddable":true,"href":"https:\/\/www.jornalja.com.br\/arquivo\/wp-json\/wp\/v2\/comments?post=58808"}],"version-history":[{"count":0,"href":"https:\/\/www.jornalja.com.br\/arquivo\/wp-json\/wp\/v2\/posts\/58808\/revisions"}],"wp:attachment":[{"href":"https:\/\/www.jornalja.com.br\/arquivo\/wp-json\/wp\/v2\/media?parent=58808"}],"wp:term":[{"taxonomy":"category","embeddable":true,"href":"https:\/\/www.jornalja.com.br\/arquivo\/wp-json\/wp\/v2\/categories?post=58808"},{"taxonomy":"post_tag","embeddable":true,"href":"https:\/\/www.jornalja.com.br\/arquivo\/wp-json\/wp\/v2\/tags?post=58808"}],"curies":[{"name":"wp","href":"https:\/\/api.w.org\/{rel}","templated":true}]}}