{"id":58830,"date":"2018-01-11T14:01:42","date_gmt":"2018-01-11T16:01:42","guid":{"rendered":"https:\/\/www.jornalja.com.br\/?p=58830"},"modified":"2018-01-11T14:01:42","modified_gmt":"2018-01-11T16:01:42","slug":"santander-tera-que-realizar-duas-exposicoes-sobre-diversidade-como-pena-por-cancelar-queermuseu","status":"publish","type":"post","link":"https:\/\/www.jornalja.com.br\/arquivo\/santander-tera-que-realizar-duas-exposicoes-sobre-diversidade-como-pena-por-cancelar-queermuseu\/","title":{"rendered":"Santander ter\u00e1 que realizar duas exposi\u00e7\u00f5es sobre diversidade como pena por cancelar Queermuseu"},"content":{"rendered":"<p>O Minist\u00e9rio P\u00fablico Federal no Rio Grande do Sul (MPF\/RS) fez um acordo com o Santander Cultural para que sejam realizadas duas novas exposi\u00e7\u00f5es enfatizando temas sobre diferen\u00e7a e diversidade, na \u00f3tica dos Direitos Humanos.<br \/>\nConforme o MPF, a medida se deu no \u00e2mbito da apura\u00e7\u00e3o do MPF em rela\u00e7\u00e3o a eventual les\u00e3o \u00e0 liberdade de express\u00e3o art\u00edstica em decorr\u00eancia do encerramento antecipado em 30 dias da exposi\u00e7\u00e3o \u201cQueermuseu \u2013 Cartografias da Diferen\u00e7a na Arte Brasileira\u201d, ap\u00f3s acusa\u00e7\u00f5es de grupos conservadores de que as obras faziam apologia \u00e0 pedofilia, zoofilia e ofendiam s\u00edmbolos religiosos &#8211;\u00a0o que n\u00e3o foi verificado pelo MPF.<br \/>\nA partir do termo assinado com o MPF\/RS, o Santander Cultural se compromete a patrocinar duas exposi\u00e7\u00f5es sobre diferen\u00e7a e diversidade, que conjuntamente permanecer\u00e3o abertas por aproximadamente 120 dias.<br \/>\nEm uma das novas exposi\u00e7\u00f5es, o centro cultural abordar\u00e1 a quest\u00e3o da intoler\u00e2ncia a partir de quatro eixos centrais: g\u00eanero e orienta\u00e7\u00e3o sexual, \u00e9tnica e de ra\u00e7a, liberdade de express\u00e3o e outras formas de intoler\u00e2ncia atrav\u00e9s dos tempos. J\u00e1 a outra\u00a0exposi\u00e7\u00e3o\u00a0tratar\u00e1\u00a0sobre as formas de empoderamento das mulheres na sociedade contempor\u00e2nea, assim como a diversidade feminina, incluindo quest\u00f5es culturais, \u00e9tnicas e de ra\u00e7a, de orienta\u00e7\u00e3o sexual e de g\u00eanero.<br \/>\n&#8220;Ambas as tem\u00e1ticas s\u00e3o altamente relevantes nos dias de hoje&#8221;, refor\u00e7a o procurador regional dos Direitos do Cidad\u00e3o (PRDC), Enrico Rodrigues de Freitas. &#8220;A intoler\u00e2ncia,\u00a0em especial quanto \u00e0s quest\u00f5es de g\u00eanero e orienta\u00e7\u00e3o sexual,\u00a0est\u00e1 diretamente ligada ao encerramento precoce da &#8216;Queermuseu&#8217;, ent\u00e3o nada mais coerente do que debat\u00ea-la por meio de uma nova exposi\u00e7\u00e3o. J\u00e1 a mostra sobre o empoderamento feminino \u00e9 outra perspectiva da quest\u00e3o de g\u00eanero, que igualmente temos que trazer \u00e0 luz, inclusive sob o prisma da orienta\u00e7\u00e3o sexual, e por meio do debate buscar evoluir.&#8221;<br \/>\nCaso o acordo n\u00e3o seja cumprido, o Santander Cultural pagar\u00e1 multa de R$ 800 mil \u2013 valor sujeito a atualiza\u00e7\u00e3o monet\u00e1ria e juros de mora com base nos crit\u00e9rios adotados pela Justi\u00e7a Federal<\/p>\n","protected":false},"excerpt":{"rendered":"<p>O Minist\u00e9rio P\u00fablico Federal no Rio Grande do Sul (MPF\/RS) fez um acordo com o Santander Cultural para que sejam realizadas duas novas exposi\u00e7\u00f5es enfatizando temas sobre diferen\u00e7a e diversidade, na \u00f3tica dos Direitos Humanos. Conforme o MPF, a medida se deu no \u00e2mbito da apura\u00e7\u00e3o do MPF em rela\u00e7\u00e3o a eventual les\u00e3o \u00e0 liberdade [&hellip;]<\/p>\n","protected":false},"author":4,"featured_media":58832,"comment_status":"open","ping_status":"closed","sticky":false,"template":"","format":"standard","meta":{"_jetpack_newsletter_access":"","_jetpack_dont_email_post_to_subs":false,"_jetpack_newsletter_tier_id":0,"_jetpack_memberships_contains_paywalled_content":false,"_jetpack_feature_clip_id":0,"_jetpack_memberships_contains_paid_content":false,"footnotes":"","jetpack_post_was_ever_published":false},"categories":[26],"tags":[],"class_list":["post-58830","post","type-post","status-publish","format-standard","has-post-thumbnail","hentry","category-geral"],"aioseo_notices":[],"aioseo_head":"\n\t\t<!-- All in One SEO 5.0.1.1 - aioseo.com -->\n\t<meta name=\"robots\" content=\"max-image-preview:large\" \/>\n\t<meta name=\"author\" content=\"da Reda\u00e7\u00e3o\"\/>\n\t<link rel=\"canonical\" href=\"https:\/\/www.jornalja.com.br\/arquivo\/santander-tera-que-realizar-duas-exposicoes-sobre-diversidade-como-pena-por-cancelar-queermuseu\/\" \/>\n\t<meta name=\"generator\" content=\"All in One SEO (AIOSEO) 5.0.1.1\" \/>\n\t\t<meta property=\"og:locale\" content=\"pt_BR\" \/>\n\t\t<meta property=\"og:site_name\" content=\"Arquivo | Jornal J\u00c1 | Porto Alegre\" \/>\n\t\t<meta property=\"og:type\" content=\"article\" \/>\n\t\t<meta property=\"og:title\" content=\"Santander ter\u00e1 que realizar duas exposi\u00e7\u00f5es sobre diversidade como pena por cancelar Queermuseu | Arquivo\" \/>\n\t\t<meta property=\"og:url\" content=\"https:\/\/www.jornalja.com.br\/arquivo\/santander-tera-que-realizar-duas-exposicoes-sobre-diversidade-como-pena-por-cancelar-queermuseu\/\" \/>\n\t\t<meta property=\"og:image\" content=\"https:\/\/www.jornalja.com.br\/economics\/wp-content\/uploads\/sites\/11\/2026\/08\/ja-folhaderosto-facebook.jpg\" \/>\n\t\t<meta property=\"og:image:secure_url\" content=\"https:\/\/www.jornalja.com.br\/economics\/wp-content\/uploads\/sites\/11\/2026\/08\/ja-folhaderosto-facebook.jpg\" \/>\n\t\t<meta property=\"article:published_time\" content=\"2018-01-11T16:01:42+00:00\" \/>\n\t\t<meta property=\"article:modified_time\" content=\"2018-01-11T16:01:42+00:00\" \/>\n\t\t<meta name=\"twitter:card\" content=\"summary\" \/>\n\t\t<meta name=\"twitter:title\" content=\"Santander ter\u00e1 que realizar duas exposi\u00e7\u00f5es sobre diversidade como pena por cancelar Queermuseu | Arquivo\" \/>\n\t\t<meta name=\"twitter:image\" content=\"https:\/\/www.jornalja.com.br\/economics\/wp-content\/uploads\/sites\/11\/2026\/08\/ja-folhaderosto-facebook.jpg\" \/>\n\t\t<script type=\"application\/ld+json\" class=\"aioseo-schema\">\n\t\t\t{\"@context\":\"https:\\\/\\\/schema.org\",\"@graph\":[{\"@type\":\"BlogPosting\",\"@id\":\"https:\\\/\\\/www.jornalja.com.br\\\/arquivo\\\/santander-tera-que-realizar-duas-exposicoes-sobre-diversidade-como-pena-por-cancelar-queermuseu\\\/#blogposting\",\"name\":\"Santander ter\\u00e1 que realizar duas exposi\\u00e7\\u00f5es sobre diversidade como pena por cancelar Queermuseu | Arquivo\",\"headline\":\"Santander ter\\u00e1 que realizar duas exposi\\u00e7\\u00f5es sobre diversidade como pena por cancelar Queermuseu\",\"author\":{\"@id\":\"https:\\\/\\\/www.jornalja.com.br\\\/arquivo\\\/author\\\/daredacao\\\/#author\"},\"publisher\":{\"@id\":\"https:\\\/\\\/www.jornalja.com.br\\\/arquivo\\\/#organization\"},\"image\":{\"@type\":\"ImageObject\",\"url\":58832},\"datePublished\":\"2018-01-11T14:01:42-02:00\",\"dateModified\":\"2018-01-11T14:01:42-02:00\",\"inLanguage\":\"pt-BR\",\"mainEntityOfPage\":{\"@id\":\"https:\\\/\\\/www.jornalja.com.br\\\/arquivo\\\/santander-tera-que-realizar-duas-exposicoes-sobre-diversidade-como-pena-por-cancelar-queermuseu\\\/#webpage\"},\"isPartOf\":{\"@id\":\"https:\\\/\\\/www.jornalja.com.br\\\/arquivo\\\/santander-tera-que-realizar-duas-exposicoes-sobre-diversidade-como-pena-por-cancelar-queermuseu\\\/#webpage\"},\"articleSection\":\"Geral\"},{\"@type\":\"BreadcrumbList\",\"@id\":\"https:\\\/\\\/www.jornalja.com.br\\\/arquivo\\\/santander-tera-que-realizar-duas-exposicoes-sobre-diversidade-como-pena-por-cancelar-queermuseu\\\/#breadcrumblist\",\"itemListElement\":[{\"@type\":\"ListItem\",\"@id\":\"https:\\\/\\\/www.jornalja.com.br\\\/arquivo#listItem\",\"position\":1,\"name\":\"Home\",\"item\":\"https:\\\/\\\/www.jornalja.com.br\\\/arquivo\",\"nextItem\":{\"@type\":\"ListItem\",\"@id\":\"https:\\\/\\\/www.jornalja.com.br\\\/arquivo\\\/category\\\/geral\\\/#listItem\",\"name\":\"Geral\"}},{\"@type\":\"ListItem\",\"@id\":\"https:\\\/\\\/www.jornalja.com.br\\\/arquivo\\\/category\\\/geral\\\/#listItem\",\"position\":2,\"name\":\"Geral\",\"item\":\"https:\\\/\\\/www.jornalja.com.br\\\/arquivo\\\/category\\\/geral\\\/\",\"nextItem\":{\"@type\":\"ListItem\",\"@id\":\"https:\\\/\\\/www.jornalja.com.br\\\/arquivo\\\/santander-tera-que-realizar-duas-exposicoes-sobre-diversidade-como-pena-por-cancelar-queermuseu\\\/#listItem\",\"name\":\"Santander ter\\u00e1 que realizar duas exposi\\u00e7\\u00f5es sobre diversidade como pena por cancelar Queermuseu\"},\"previousItem\":{\"@type\":\"ListItem\",\"@id\":\"https:\\\/\\\/www.jornalja.com.br\\\/arquivo#listItem\",\"name\":\"Home\"}},{\"@type\":\"ListItem\",\"@id\":\"https:\\\/\\\/www.jornalja.com.br\\\/arquivo\\\/santander-tera-que-realizar-duas-exposicoes-sobre-diversidade-como-pena-por-cancelar-queermuseu\\\/#listItem\",\"position\":3,\"name\":\"Santander ter\\u00e1 que realizar duas exposi\\u00e7\\u00f5es sobre diversidade como pena por cancelar Queermuseu\",\"previousItem\":{\"@type\":\"ListItem\",\"@id\":\"https:\\\/\\\/www.jornalja.com.br\\\/arquivo\\\/category\\\/geral\\\/#listItem\",\"name\":\"Geral\"}}]},{\"@type\":\"Organization\",\"@id\":\"https:\\\/\\\/www.jornalja.com.br\\\/arquivo\\\/#organization\",\"name\":\"Jornal J\\u00c1\",\"description\":\"Jornal J\\u00c1 | Porto Alegre\",\"url\":\"https:\\\/\\\/www.jornalja.com.br\\\/arquivo\\\/\",\"telephone\":\"+555133307272\",\"logo\":{\"@type\":\"ImageObject\",\"url\":\"https:\\\/\\\/www.jornalja.com.br\\\/wp-content\\\/uploads\\\/cards\\\/JAslogan.png\",\"@id\":\"https:\\\/\\\/www.jornalja.com.br\\\/arquivo\\\/santander-tera-que-realizar-duas-exposicoes-sobre-diversidade-como-pena-por-cancelar-queermuseu\\\/#organizationLogo\"},\"image\":{\"@id\":\"https:\\\/\\\/www.jornalja.com.br\\\/arquivo\\\/santander-tera-que-realizar-duas-exposicoes-sobre-diversidade-como-pena-por-cancelar-queermuseu\\\/#organizationLogo\"}},{\"@type\":\"Person\",\"@id\":\"https:\\\/\\\/www.jornalja.com.br\\\/arquivo\\\/author\\\/daredacao\\\/#author\",\"url\":\"https:\\\/\\\/www.jornalja.com.br\\\/arquivo\\\/author\\\/daredacao\\\/\",\"name\":\"da Reda\\u00e7\\u00e3o\",\"image\":{\"@type\":\"ImageObject\",\"@id\":\"https:\\\/\\\/www.jornalja.com.br\\\/arquivo\\\/santander-tera-que-realizar-duas-exposicoes-sobre-diversidade-como-pena-por-cancelar-queermuseu\\\/#authorImage\",\"url\":\"https:\\\/\\\/secure.gravatar.com\\\/avatar\\\/469fd857d6605ad19919d27ed29d35a968a25f6e8fd9318356bbb7f57aae9c65?s=96&d=mm&r=g\",\"width\":96,\"height\":96,\"caption\":\"da Reda\\u00e7\\u00e3o\"}},{\"@type\":\"WebPage\",\"@id\":\"https:\\\/\\\/www.jornalja.com.br\\\/arquivo\\\/santander-tera-que-realizar-duas-exposicoes-sobre-diversidade-como-pena-por-cancelar-queermuseu\\\/#webpage\",\"url\":\"https:\\\/\\\/www.jornalja.com.br\\\/arquivo\\\/santander-tera-que-realizar-duas-exposicoes-sobre-diversidade-como-pena-por-cancelar-queermuseu\\\/\",\"name\":\"Santander ter\\u00e1 que realizar duas exposi\\u00e7\\u00f5es sobre diversidade como pena por cancelar Queermuseu | Arquivo\",\"inLanguage\":\"pt-BR\",\"isPartOf\":{\"@id\":\"https:\\\/\\\/www.jornalja.com.br\\\/arquivo\\\/#website\"},\"breadcrumb\":{\"@id\":\"https:\\\/\\\/www.jornalja.com.br\\\/arquivo\\\/santander-tera-que-realizar-duas-exposicoes-sobre-diversidade-como-pena-por-cancelar-queermuseu\\\/#breadcrumblist\"},\"author\":{\"@id\":\"https:\\\/\\\/www.jornalja.com.br\\\/arquivo\\\/author\\\/daredacao\\\/#author\"},\"creator\":{\"@id\":\"https:\\\/\\\/www.jornalja.com.br\\\/arquivo\\\/author\\\/daredacao\\\/#author\"},\"image\":{\"@type\":\"ImageObject\",\"url\":58832,\"@id\":\"https:\\\/\\\/www.jornalja.com.br\\\/arquivo\\\/santander-tera-que-realizar-duas-exposicoes-sobre-diversidade-como-pena-por-cancelar-queermuseu\\\/#mainImage\"},\"primaryImageOfPage\":{\"@id\":\"https:\\\/\\\/www.jornalja.com.br\\\/arquivo\\\/santander-tera-que-realizar-duas-exposicoes-sobre-diversidade-como-pena-por-cancelar-queermuseu\\\/#mainImage\"},\"datePublished\":\"2018-01-11T14:01:42-02:00\",\"dateModified\":\"2018-01-11T14:01:42-02:00\"},{\"@type\":\"WebSite\",\"@id\":\"https:\\\/\\\/www.jornalja.com.br\\\/arquivo\\\/#website\",\"url\":\"https:\\\/\\\/www.jornalja.com.br\\\/arquivo\\\/\",\"name\":\"Arquivo\",\"description\":\"Jornal J\\u00c1 | Porto Alegre\",\"inLanguage\":\"pt-BR\",\"publisher\":{\"@id\":\"https:\\\/\\\/www.jornalja.com.br\\\/arquivo\\\/#organization\"}}]}\n\t\t<\/script>\n\t\t<!-- All in One SEO -->\n\n","aioseo_head_json":{"title":"Santander ter\u00e1 que realizar duas exposi\u00e7\u00f5es sobre diversidade como pena por cancelar Queermuseu | Arquivo","description":"","canonical_url":"https:\/\/www.jornalja.com.br\/arquivo\/santander-tera-que-realizar-duas-exposicoes-sobre-diversidade-como-pena-por-cancelar-queermuseu\/","robots":"max-image-preview:large","keywords":"","webmasterTools":{"miscellaneous":""},"schema":{"@context":"https:\/\/schema.org","@graph":[{"@type":"BlogPosting","@id":"https:\/\/www.jornalja.com.br\/arquivo\/santander-tera-que-realizar-duas-exposicoes-sobre-diversidade-como-pena-por-cancelar-queermuseu\/#blogposting","name":"Santander ter\u00e1 que realizar duas exposi\u00e7\u00f5es sobre diversidade como pena por cancelar Queermuseu | Arquivo","headline":"Santander ter\u00e1 que realizar duas exposi\u00e7\u00f5es sobre diversidade como pena por cancelar Queermuseu","author":{"@id":"https:\/\/www.jornalja.com.br\/arquivo\/author\/daredacao\/#author"},"publisher":{"@id":"https:\/\/www.jornalja.com.br\/arquivo\/#organization"},"image":{"@type":"ImageObject","url":58832},"datePublished":"2018-01-11T14:01:42-02:00","dateModified":"2018-01-11T14:01:42-02:00","inLanguage":"pt-BR","mainEntityOfPage":{"@id":"https:\/\/www.jornalja.com.br\/arquivo\/santander-tera-que-realizar-duas-exposicoes-sobre-diversidade-como-pena-por-cancelar-queermuseu\/#webpage"},"isPartOf":{"@id":"https:\/\/www.jornalja.com.br\/arquivo\/santander-tera-que-realizar-duas-exposicoes-sobre-diversidade-como-pena-por-cancelar-queermuseu\/#webpage"},"articleSection":"Geral"},{"@type":"BreadcrumbList","@id":"https:\/\/www.jornalja.com.br\/arquivo\/santander-tera-que-realizar-duas-exposicoes-sobre-diversidade-como-pena-por-cancelar-queermuseu\/#breadcrumblist","itemListElement":[{"@type":"ListItem","@id":"https:\/\/www.jornalja.com.br\/arquivo#listItem","position":1,"name":"Home","item":"https:\/\/www.jornalja.com.br\/arquivo","nextItem":{"@type":"ListItem","@id":"https:\/\/www.jornalja.com.br\/arquivo\/category\/geral\/#listItem","name":"Geral"}},{"@type":"ListItem","@id":"https:\/\/www.jornalja.com.br\/arquivo\/category\/geral\/#listItem","position":2,"name":"Geral","item":"https:\/\/www.jornalja.com.br\/arquivo\/category\/geral\/","nextItem":{"@type":"ListItem","@id":"https:\/\/www.jornalja.com.br\/arquivo\/santander-tera-que-realizar-duas-exposicoes-sobre-diversidade-como-pena-por-cancelar-queermuseu\/#listItem","name":"Santander ter\u00e1 que realizar duas exposi\u00e7\u00f5es sobre diversidade como pena por cancelar Queermuseu"},"previousItem":{"@type":"ListItem","@id":"https:\/\/www.jornalja.com.br\/arquivo#listItem","name":"Home"}},{"@type":"ListItem","@id":"https:\/\/www.jornalja.com.br\/arquivo\/santander-tera-que-realizar-duas-exposicoes-sobre-diversidade-como-pena-por-cancelar-queermuseu\/#listItem","position":3,"name":"Santander ter\u00e1 que realizar duas exposi\u00e7\u00f5es sobre diversidade como pena por cancelar Queermuseu","previousItem":{"@type":"ListItem","@id":"https:\/\/www.jornalja.com.br\/arquivo\/category\/geral\/#listItem","name":"Geral"}}]},{"@type":"Organization","@id":"https:\/\/www.jornalja.com.br\/arquivo\/#organization","name":"Jornal J\u00c1","description":"Jornal J\u00c1 | Porto Alegre","url":"https:\/\/www.jornalja.com.br\/arquivo\/","telephone":"+555133307272","logo":{"@type":"ImageObject","url":"https:\/\/www.jornalja.com.br\/wp-content\/uploads\/cards\/JAslogan.png","@id":"https:\/\/www.jornalja.com.br\/arquivo\/santander-tera-que-realizar-duas-exposicoes-sobre-diversidade-como-pena-por-cancelar-queermuseu\/#organizationLogo"},"image":{"@id":"https:\/\/www.jornalja.com.br\/arquivo\/santander-tera-que-realizar-duas-exposicoes-sobre-diversidade-como-pena-por-cancelar-queermuseu\/#organizationLogo"}},{"@type":"Person","@id":"https:\/\/www.jornalja.com.br\/arquivo\/author\/daredacao\/#author","url":"https:\/\/www.jornalja.com.br\/arquivo\/author\/daredacao\/","name":"da Reda\u00e7\u00e3o","image":{"@type":"ImageObject","@id":"https:\/\/www.jornalja.com.br\/arquivo\/santander-tera-que-realizar-duas-exposicoes-sobre-diversidade-como-pena-por-cancelar-queermuseu\/#authorImage","url":"https:\/\/secure.gravatar.com\/avatar\/469fd857d6605ad19919d27ed29d35a968a25f6e8fd9318356bbb7f57aae9c65?s=96&d=mm&r=g","width":96,"height":96,"caption":"da Reda\u00e7\u00e3o"}},{"@type":"WebPage","@id":"https:\/\/www.jornalja.com.br\/arquivo\/santander-tera-que-realizar-duas-exposicoes-sobre-diversidade-como-pena-por-cancelar-queermuseu\/#webpage","url":"https:\/\/www.jornalja.com.br\/arquivo\/santander-tera-que-realizar-duas-exposicoes-sobre-diversidade-como-pena-por-cancelar-queermuseu\/","name":"Santander ter\u00e1 que realizar duas exposi\u00e7\u00f5es sobre diversidade como pena por cancelar Queermuseu | Arquivo","inLanguage":"pt-BR","isPartOf":{"@id":"https:\/\/www.jornalja.com.br\/arquivo\/#website"},"breadcrumb":{"@id":"https:\/\/www.jornalja.com.br\/arquivo\/santander-tera-que-realizar-duas-exposicoes-sobre-diversidade-como-pena-por-cancelar-queermuseu\/#breadcrumblist"},"author":{"@id":"https:\/\/www.jornalja.com.br\/arquivo\/author\/daredacao\/#author"},"creator":{"@id":"https:\/\/www.jornalja.com.br\/arquivo\/author\/daredacao\/#author"},"image":{"@type":"ImageObject","url":58832,"@id":"https:\/\/www.jornalja.com.br\/arquivo\/santander-tera-que-realizar-duas-exposicoes-sobre-diversidade-como-pena-por-cancelar-queermuseu\/#mainImage"},"primaryImageOfPage":{"@id":"https:\/\/www.jornalja.com.br\/arquivo\/santander-tera-que-realizar-duas-exposicoes-sobre-diversidade-como-pena-por-cancelar-queermuseu\/#mainImage"},"datePublished":"2018-01-11T14:01:42-02:00","dateModified":"2018-01-11T14:01:42-02:00"},{"@type":"WebSite","@id":"https:\/\/www.jornalja.com.br\/arquivo\/#website","url":"https:\/\/www.jornalja.com.br\/arquivo\/","name":"Arquivo","description":"Jornal J\u00c1 | Porto Alegre","inLanguage":"pt-BR","publisher":{"@id":"https:\/\/www.jornalja.com.br\/arquivo\/#organization"}}]},"og:locale":"pt_BR","og:site_name":"Arquivo | Jornal J\u00c1 | Porto Alegre","og:type":"article","og:title":"Santander ter\u00e1 que realizar duas exposi\u00e7\u00f5es sobre diversidade como pena por cancelar Queermuseu | Arquivo","og:url":"https:\/\/www.jornalja.com.br\/arquivo\/santander-tera-que-realizar-duas-exposicoes-sobre-diversidade-como-pena-por-cancelar-queermuseu\/","og:image":"https:\/\/www.jornalja.com.br\/economics\/wp-content\/uploads\/sites\/11\/2026\/08\/ja-folhaderosto-facebook.jpg","og:image:secure_url":"https:\/\/www.jornalja.com.br\/economics\/wp-content\/uploads\/sites\/11\/2026\/08\/ja-folhaderosto-facebook.jpg","article:published_time":"2018-01-11T16:01:42+00:00","article:modified_time":"2018-01-11T16:01:42+00:00","twitter:card":"summary","twitter:title":"Santander ter\u00e1 que realizar duas exposi\u00e7\u00f5es sobre diversidade como pena por cancelar Queermuseu | Arquivo","twitter:image":"https:\/\/www.jornalja.com.br\/economics\/wp-content\/uploads\/sites\/11\/2026\/08\/ja-folhaderosto-facebook.jpg"},"aioseo_meta_data":{"post_id":"58830","title":null,"description":null,"keywords":null,"keyphrases":null,"primary_term":null,"canonical_url":null,"og_title":null,"og_description":null,"og_object_type":"default","og_image_type":"default","og_image_url":null,"og_image_width":null,"og_image_height":null,"og_image_custom_url":null,"og_image_custom_fields":null,"og_video":null,"og_custom_url":null,"og_article_section":null,"og_article_tags":null,"twitter_use_og":false,"twitter_card":"default","twitter_image_type":"default","twitter_image_url":null,"twitter_image_custom_url":null,"twitter_image_custom_fields":null,"twitter_title":null,"twitter_description":null,"schema":{"blockGraphs":[],"customGraphs":[],"default":{"data":{"Article":[],"Course":[],"Dataset":[],"FAQPage":[],"Movie":[],"Person":[],"Product":[],"ProductReview":[],"Car":[],"Recipe":[],"Service":[],"SoftwareApplication":[],"WebPage":[]},"graphName":"","isEnabled":true},"graphs":[],"defaultGraph":"","defaultPostTypeGraph":""},"schema_type":null,"schema_type_options":null,"pillar_content":false,"robots_default":true,"robots_noindex":false,"robots_noarchive":false,"robots_nosnippet":false,"robots_nofollow":false,"robots_noimageindex":false,"robots_noodp":false,"robots_notranslate":false,"robots_max_snippet":null,"robots_max_videopreview":null,"robots_max_imagepreview":"large","priority":null,"frequency":null,"location":null,"local_seo":null,"breadcrumb_settings":null,"limit_modified_date":false,"ai":null,"created":"2020-12-20 20:18:57","updated":"2025-07-20 03:06:43","seo_analyzer_scan_date":null,"focus_keyword":null,"additional_keywords":null,"truseo_locale":null},"jetpack_sharing_enabled":true,"jetpack-related-posts":[{"id":13109,"url":"https:\/\/www.jornalja.com.br\/arquivo\/judiciario-reconhece-poluicao-eletromagnetica\/","url_meta":{"origin":58830,"position":0},"title":"Judici\u00e1rio reconhece polui\u00e7\u00e3o eletromagn\u00e9tica","author":"Patr\u00edcia Marini","date":"16 de maio de 2014","format":false,"excerpt":"A\u00e7\u00e3o de duas associa\u00e7\u00f5es de moradores foi acolhida pelo Tribunal de Justi\u00e7a de S\u00e3o Paulo que. em decis\u00e3o in\u00e9dita, determinou a redu\u00e7\u00e3o do campo eletromagn\u00e9tico gerado pelas linhas de transmiss\u00e3o de energia que cortam os bairros City Boa\u00e7ava e Alto de Pinheiros. \u00c9 a primeira vez que um tribunal do\u2026","rel":"","context":"Em &quot;X.Categorias velhas&quot;","block_context":{"text":"X.Categorias velhas","link":"https:\/\/www.jornalja.com.br\/arquivo\/category\/x-categorias-velhas\/"},"img":{"alt_text":"","src":"","width":0,"height":0},"classes":[]},{"id":13124,"url":"https:\/\/www.jornalja.com.br\/arquivo\/sangue-latino-no-iecine\/","url_meta":{"origin":58830,"position":1},"title":"Sangue latino no IECINE","author":"da Reda\u00e7\u00e3o","date":"18 de maio de 2014","format":false,"excerpt":"Francisco Ribeiro O Instituto Estadual de Cinema (IECINE) tem a frente, desde abril \u00faltimo, um novo diretor, o cineasta colombiano Juan Zapata, 36, que substitui Luiz Alberto Cassol. Radicado h\u00e1 dez anos em Porto Alegre, Zapata tem diante de si o desafio de conduzir at\u00e9 o final do ano um\u2026","rel":"","context":"Em &quot;Cultura-Geral&quot;","block_context":{"text":"Cultura-Geral","link":"https:\/\/www.jornalja.com.br\/arquivo\/category\/materiasecundaria\/"},"img":{"alt_text":"","src":"","width":0,"height":0},"classes":[]},{"id":13128,"url":"https:\/\/www.jornalja.com.br\/arquivo\/maconha-terra-diz-que-uso-medicinal-e-desculpa\/","url_meta":{"origin":58830,"position":2},"title":"Maconha: Terra diz que uso medicinal \u00e9 desculpa","author":"Patr\u00edcia Marini","date":"4 de junho de 2014","format":false,"excerpt":"A condi\u00e7\u00e3o de pol\u00edtico, em \u00e9poca de campanha de campanha eleitoral, tira for\u00e7a do discurso do m\u00e9dico Osmar Terra contra a legaliza\u00e7\u00e3o da maconha. A tese dele de que a libera\u00e7\u00e3o vai ampliar exponencialmente o consumo \u00e9 discutivel, o consumo \u00e9 corrente. Mas seus alertas quanto aos riscos tem que\u2026","rel":"","context":"Em &quot;X.Categorias velhas&quot;","block_context":{"text":"X.Categorias velhas","link":"https:\/\/www.jornalja.com.br\/arquivo\/category\/x-categorias-velhas\/"},"img":{"alt_text":"","src":"","width":0,"height":0},"classes":[]},{"id":5440,"url":"https:\/\/www.jornalja.com.br\/arquivo\/casarao-da-venancio-destino-permanece-incerto\/","url_meta":{"origin":58830,"position":3},"title":"Estado ainda n\u00e3o sabe o que fazer com casar\u00e3o abandonado h\u00e1 20 anos","author":"Elmar Bones","date":"6 de julho de 2009","format":false,"excerpt":"O casar\u00e3o amarelo, numa esquina nobre de Porto Alegre (Ven\u00e2ncio Aires com Jo\u00e3o Pessoa), j\u00e1 abrigou uma escola. H\u00e1 duas d\u00e9cadas, pelo menos, est\u00e1 abandonado, porque seu propriet\u00e1rio, o governo do Estado do Rio Grande do Sul, n\u00e3o consegue achar um destino para ele. Planos n\u00e3o faltaram. O governador Ol\u00edvio\u2026","rel":"","context":"Em &quot;X.Categorias velhas&quot;","block_context":{"text":"X.Categorias velhas","link":"https:\/\/www.jornalja.com.br\/arquivo\/category\/x-categorias-velhas\/"},"img":{"alt_text":"geraldo1","src":"https:\/\/i0.wp.com\/www.jornalja.com.br\/wp-content\/uploads\/2009\/07\/geraldo1.jpg?resize=350%2C200&ssl=1","width":350,"height":200},"classes":[]},{"id":14241,"url":"https:\/\/www.jornalja.com.br\/arquivo\/o-guaiba-nas-imagens-poeticas-de-achutti\/","url_meta":{"origin":58830,"position":4},"title":"O Gua\u00edba nas imagens po\u00e9ticas de Achutti","author":"da Reda\u00e7\u00e3o","date":"18 de junho de 2014","format":false,"excerpt":"Em \u201cO Gua\u00edba por Achutti\u201d \u2013 obra financiada via Minist\u00e9rio da Cultura, produ\u00e7\u00e3o executiva de Pedro Longhi, e Fl\u00e1vio Wild como designer \u2013, o fot\u00f3grafo revela a beleza e as mazelas de um espa\u00e7o aqu\u00e1tico de \u00e1guas sempre renovadas, cheio de hist\u00f3rias e lendas como as das cidades que foram\u2026","rel":"","context":"Em &quot;Cultura-Geral&quot;","block_context":{"text":"Cultura-Geral","link":"https:\/\/www.jornalja.com.br\/arquivo\/category\/materiasecundaria\/"},"img":{"alt_text":"","src":"","width":0,"height":0},"classes":[]},{"id":13239,"url":"https:\/\/www.jornalja.com.br\/arquivo\/conselho-desdenha-do-plano-diretor\/","url_meta":{"origin":58830,"position":5},"title":"Porto Alegre: Conselho detona Plano Diretor","author":"Patr\u00edcia Marini","date":"25 de maio de 2014","format":false,"excerpt":"Den\u00fancia do arquiteto e \u00a0urbanista Ibir\u00e1 Santos Lucas. Ele diz que os conselheiros est\u00e3o votando com \"enorme irresponsabilidade\". \"Mudam regime com a maior naturalidade,,,regularizam absurdos de constru\u00e7\u00f5es irregulares... \"O CMDUA est\u00e1 flexibilizando a lei do plano diretor, de uma forma impactante na vida da cidade. Mudam regime com a maior\u2026","rel":"","context":"Em &quot;Geral&quot;","block_context":{"text":"Geral","link":"https:\/\/www.jornalja.com.br\/arquivo\/category\/geral\/"},"img":{"alt_text":"","src":"","width":0,"height":0},"classes":[]}],"jetpack_shortlink":"https:\/\/wp.me\/pbQjBd-fiS","jetpack_featured_media_url":"","_links":{"self":[{"href":"https:\/\/www.jornalja.com.br\/arquivo\/wp-json\/wp\/v2\/posts\/58830","targetHints":{"allow":["GET"]}}],"collection":[{"href":"https:\/\/www.jornalja.com.br\/arquivo\/wp-json\/wp\/v2\/posts"}],"about":[{"href":"https:\/\/www.jornalja.com.br\/arquivo\/wp-json\/wp\/v2\/types\/post"}],"author":[{"embeddable":true,"href":"https:\/\/www.jornalja.com.br\/arquivo\/wp-json\/wp\/v2\/users\/4"}],"replies":[{"embeddable":true,"href":"https:\/\/www.jornalja.com.br\/arquivo\/wp-json\/wp\/v2\/comments?post=58830"}],"version-history":[{"count":0,"href":"https:\/\/www.jornalja.com.br\/arquivo\/wp-json\/wp\/v2\/posts\/58830\/revisions"}],"wp:attachment":[{"href":"https:\/\/www.jornalja.com.br\/arquivo\/wp-json\/wp\/v2\/media?parent=58830"}],"wp:term":[{"taxonomy":"category","embeddable":true,"href":"https:\/\/www.jornalja.com.br\/arquivo\/wp-json\/wp\/v2\/categories?post=58830"},{"taxonomy":"post_tag","embeddable":true,"href":"https:\/\/www.jornalja.com.br\/arquivo\/wp-json\/wp\/v2\/tags?post=58830"}],"curies":[{"name":"wp","href":"https:\/\/api.w.org\/{rel}","templated":true}]}}