{"id":58892,"date":"2018-01-15T17:01:57","date_gmt":"2018-01-15T19:01:57","guid":{"rendered":"https:\/\/www.jornalja.com.br\/?p=58892"},"modified":"2018-01-15T17:01:57","modified_gmt":"2018-01-15T19:01:57","slug":"mesmo-com-cortes-federais-emater-tera-mais-recursos-em-2018","status":"publish","type":"post","link":"https:\/\/www.jornalja.com.br\/arquivo\/mesmo-com-cortes-federais-emater-tera-mais-recursos-em-2018\/","title":{"rendered":"Mesmo com cortes federais Emater ter\u00e1 mais recursos em 2018"},"content":{"rendered":"<p style=\"font-weight: 400\"><span class=\"assina\">GERALDO HASSE<\/span><\/p>\n<p style=\"font-weight: 400\">Marginalizada pelo governo federal, que vem esvaziando a pol\u00edtica nacional de assist\u00eancia t\u00e9cnica e extens\u00e3o rural \u00e0 agricultura familiar, a Emater-RS conseguiu um milagre: ampliar seu or\u00e7amento de R$ 168 milh\u00f5es (2017) para R$ 205 milh\u00f5es (2018).<\/p>\n<p style=\"font-weight: 400\">Como se explica o aumento de 22% num momento de cortes, conten\u00e7\u00e3o e enxugamento de recursos?<\/p>\n<p style=\"font-weight: 400\">A resposta \u00e9 de Lino Moura, diretor t\u00e9cnico da Emater-RS: o salto or\u00e7ament\u00e1rio deve-se ao governo Sartori, que responde este ano por 70% do custeio das atividades da empresa, presente em todos (menos quatro) munic\u00edpios ga\u00fachos e tem 2 206 funcion\u00e1rios, 85% deles voltados para a assist\u00eancia a 218 mil fam\u00edlias de agricultores familiares, incluindo 5 mil fam\u00edlias em assentamentos da reforma agr\u00e1ria.<\/p>\n<p style=\"font-weight: 400\">Dos 30% restantes, 15% v\u00eam de munic\u00edpios, 10% de receitas pr\u00f3prias (presta\u00e7\u00e3o de servi\u00e7os) e apenas 5% do governo federal, que n\u00e3o disfar\u00e7a o esfor\u00e7o para reduzir a ajuda t\u00e9cnica estatal aos pequenos agricultores, bem de acordo com o esp\u00edrito privatista de Michel Temer.<\/p>\n<p style=\"font-weight: 400\">Ao apostar na Emater, o governo Sartori torna clara sua op\u00e7\u00e3o preferencial pela terceiriza\u00e7\u00e3o, que custa menos do que a manuten\u00e7\u00e3o de institui\u00e7\u00f5es estaduais de estudos e pesquisas como a Fepagro, a FEE e a Funda\u00e7\u00e3o Zoobot\u00e2nica, colocadas h\u00e1 um ano em extin\u00e7\u00e3o como medidas de economia.<\/p>\n<p style=\"font-weight: 400\">A assist\u00eancia t\u00e9cnica e a extens\u00e3o rural s\u00e3o atividades fundamentais para que os agricultores \u2013 principalmente os mais isolados e menos letrados &#8211; assimilem e incorporem os conhecimentos levantados pelos pesquisadores agropecu\u00e1rios em laborat\u00f3rios e lavouras experimentais.<\/p>\n<p style=\"font-weight: 400\">Exercidas por agr\u00f4nomos, assistentes sociais, t\u00e9cnicos agr\u00edcolas e veterin\u00e1rios, as duas pr\u00e1ticas foram introduzidas no Brasil em 1948 por associa\u00e7\u00f5es de cr\u00e9dito e assist\u00eancia rural (ACAR), que atuavam nos estados sob a orienta\u00e7\u00e3o do Minist\u00e9rio da Agricultura. Nos governos militares, as duas atividades, conhecidas pela sigla ATER, passaram a ser comandadas pela\u00a0Empresa Brasileira de Assist\u00eancia T\u00e9cnica e Extens\u00e3o Rural (Embrater).<\/p>\n<p style=\"font-weight: 400\">O chamado extensionismo viveu ent\u00e3o sua fase \u00e1urea at\u00e9 o governo Collor (1990-1992) declarar guerra \u00e0s estatais. Desde ent\u00e3o, a ATER viveu meio \u00e0 sombra da Embrapa, tornando-se crescentemente dependente de aportes dos governos estaduais e municipais.<\/p>\n<p style=\"font-weight: 400\">Em maio de 2014, a presidente Dilma Rousseff criou a Ag\u00eancia Nacional de Assist\u00eancia T\u00e9cnica e Extens\u00e3o Rural (Anater), hoje presidida pelo t\u00e9cnico agr\u00edcola e advogado mineiro\u00a0Valmisoney Moreira Jardim.<\/p>\n<p style=\"font-weight: 400\">Quando Dilma assinou a lei da Anater, o governo divulgou que, no ano seguinte (2015), a ag\u00eancia teria R$ 1 bilh\u00e3o para aplicar na assist\u00eancia \u00e0 agricultura familiar, assentados, pescadores e quilombolas (em 2012 a ATER da agricultura familiar disp\u00f4s de R$ 350 milh\u00f5es).<\/p>\n<p style=\"font-weight: 400\">Com os profundos cortes or\u00e7ament\u00e1rios estabelecidos pelo novo ministro da Fazenda, Joaquim Levy, a generosa previs\u00e3o n\u00e3o se concretizou. A pr\u00f3pria Anater teve problemas para se organizar. Em 2016, a situa\u00e7\u00e3o piorou: com a extin\u00e7\u00e3o do Minist\u00e9rio do Desenvolvimento Agr\u00e1rio, transformado num departamento do Minist\u00e9rio da Agricultura, a ATER disp\u00f4s de R$ 200 milh\u00f5es.<\/p>\n<p style=\"font-weight: 400\">Em 2017 o or\u00e7amento previsto foi de R$ 122,29 milh\u00f5es mas at\u00e9 meados de dezembro s\u00f3 tinha sido executado o equivalente a R$ 64 milh\u00f5es.<\/p>\n<p style=\"font-weight: 400\">No or\u00e7amento federal de 2018 a a\u00e7\u00e3o de ATER tem uma previs\u00e3o or\u00e7ament\u00e1ria de R$ 133 milh\u00f5es. Por a\u00ed se v\u00ea quem est\u00e1 pagando os servi\u00e7os das Emateres.<\/p>\n<p style=\"font-weight: 400\">Atualmente, os 27 Estados disponibilizam mais de R$ 2 bilh\u00f5es para a ATER da agricultura familiar. Os tr\u00eas estados do Sul mais Minas Gerais desembolsam mais de R$ 1 bilh\u00e3o.<\/p>\n","protected":false},"excerpt":{"rendered":"<p>GERALDO HASSE Marginalizada pelo governo federal, que vem esvaziando a pol\u00edtica nacional de assist\u00eancia t\u00e9cnica e extens\u00e3o rural \u00e0 agricultura familiar, a Emater-RS conseguiu um milagre: ampliar seu or\u00e7amento de R$ 168 milh\u00f5es (2017) para R$ 205 milh\u00f5es (2018). Como se explica o aumento de 22% num momento de cortes, conten\u00e7\u00e3o e enxugamento de recursos? [&hellip;]<\/p>\n","protected":false},"author":4,"featured_media":58911,"comment_status":"open","ping_status":"closed","sticky":false,"template":"","format":"standard","meta":{"_jetpack_newsletter_access":"","_jetpack_dont_email_post_to_subs":false,"_jetpack_newsletter_tier_id":0,"_jetpack_memberships_contains_paywalled_content":false,"_jetpack_feature_clip_id":0,"_jetpack_memberships_contains_paid_content":false,"footnotes":"","jetpack_post_was_ever_published":false},"categories":[26],"tags":[],"class_list":["post-58892","post","type-post","status-publish","format-standard","has-post-thumbnail","hentry","category-geral"],"aioseo_notices":[],"aioseo_head":"\n\t\t<!-- All in One SEO 5.0.1.1 - aioseo.com -->\n\t<meta name=\"robots\" content=\"max-image-preview:large\" \/>\n\t<meta name=\"author\" content=\"da Reda\u00e7\u00e3o\"\/>\n\t<link rel=\"canonical\" href=\"https:\/\/www.jornalja.com.br\/arquivo\/mesmo-com-cortes-federais-emater-tera-mais-recursos-em-2018\/\" \/>\n\t<meta name=\"generator\" content=\"All in One SEO (AIOSEO) 5.0.1.1\" \/>\n\t\t<meta property=\"og:locale\" content=\"pt_BR\" \/>\n\t\t<meta property=\"og:site_name\" content=\"Arquivo | Jornal J\u00c1 | Porto Alegre\" \/>\n\t\t<meta property=\"og:type\" content=\"article\" \/>\n\t\t<meta property=\"og:title\" content=\"Mesmo com cortes federais Emater ter\u00e1 mais recursos em 2018 | Arquivo\" \/>\n\t\t<meta property=\"og:url\" content=\"https:\/\/www.jornalja.com.br\/arquivo\/mesmo-com-cortes-federais-emater-tera-mais-recursos-em-2018\/\" \/>\n\t\t<meta property=\"og:image\" content=\"https:\/\/www.jornalja.com.br\/economics\/wp-content\/uploads\/sites\/11\/2026\/08\/ja-folhaderosto-facebook.jpg\" \/>\n\t\t<meta property=\"og:image:secure_url\" content=\"https:\/\/www.jornalja.com.br\/economics\/wp-content\/uploads\/sites\/11\/2026\/08\/ja-folhaderosto-facebook.jpg\" \/>\n\t\t<meta property=\"article:published_time\" content=\"2018-01-15T19:01:57+00:00\" \/>\n\t\t<meta property=\"article:modified_time\" content=\"2018-01-15T19:01:57+00:00\" \/>\n\t\t<meta name=\"twitter:card\" content=\"summary\" \/>\n\t\t<meta name=\"twitter:title\" content=\"Mesmo com cortes federais Emater ter\u00e1 mais recursos em 2018 | Arquivo\" \/>\n\t\t<meta name=\"twitter:image\" content=\"https:\/\/www.jornalja.com.br\/economics\/wp-content\/uploads\/sites\/11\/2026\/08\/ja-folhaderosto-facebook.jpg\" \/>\n\t\t<script type=\"application\/ld+json\" class=\"aioseo-schema\">\n\t\t\t{\"@context\":\"https:\\\/\\\/schema.org\",\"@graph\":[{\"@type\":\"BlogPosting\",\"@id\":\"https:\\\/\\\/www.jornalja.com.br\\\/arquivo\\\/mesmo-com-cortes-federais-emater-tera-mais-recursos-em-2018\\\/#blogposting\",\"name\":\"Mesmo com cortes federais Emater ter\\u00e1 mais recursos em 2018 | Arquivo\",\"headline\":\"Mesmo com cortes federais Emater ter\\u00e1 mais recursos em 2018\",\"author\":{\"@id\":\"https:\\\/\\\/www.jornalja.com.br\\\/arquivo\\\/author\\\/daredacao\\\/#author\"},\"publisher\":{\"@id\":\"https:\\\/\\\/www.jornalja.com.br\\\/arquivo\\\/#organization\"},\"image\":{\"@type\":\"ImageObject\",\"url\":58911},\"datePublished\":\"2018-01-15T17:01:57-02:00\",\"dateModified\":\"2018-01-15T17:01:57-02:00\",\"inLanguage\":\"pt-BR\",\"mainEntityOfPage\":{\"@id\":\"https:\\\/\\\/www.jornalja.com.br\\\/arquivo\\\/mesmo-com-cortes-federais-emater-tera-mais-recursos-em-2018\\\/#webpage\"},\"isPartOf\":{\"@id\":\"https:\\\/\\\/www.jornalja.com.br\\\/arquivo\\\/mesmo-com-cortes-federais-emater-tera-mais-recursos-em-2018\\\/#webpage\"},\"articleSection\":\"Geral\"},{\"@type\":\"BreadcrumbList\",\"@id\":\"https:\\\/\\\/www.jornalja.com.br\\\/arquivo\\\/mesmo-com-cortes-federais-emater-tera-mais-recursos-em-2018\\\/#breadcrumblist\",\"itemListElement\":[{\"@type\":\"ListItem\",\"@id\":\"https:\\\/\\\/www.jornalja.com.br\\\/arquivo#listItem\",\"position\":1,\"name\":\"Home\",\"item\":\"https:\\\/\\\/www.jornalja.com.br\\\/arquivo\",\"nextItem\":{\"@type\":\"ListItem\",\"@id\":\"https:\\\/\\\/www.jornalja.com.br\\\/arquivo\\\/category\\\/geral\\\/#listItem\",\"name\":\"Geral\"}},{\"@type\":\"ListItem\",\"@id\":\"https:\\\/\\\/www.jornalja.com.br\\\/arquivo\\\/category\\\/geral\\\/#listItem\",\"position\":2,\"name\":\"Geral\",\"item\":\"https:\\\/\\\/www.jornalja.com.br\\\/arquivo\\\/category\\\/geral\\\/\",\"nextItem\":{\"@type\":\"ListItem\",\"@id\":\"https:\\\/\\\/www.jornalja.com.br\\\/arquivo\\\/mesmo-com-cortes-federais-emater-tera-mais-recursos-em-2018\\\/#listItem\",\"name\":\"Mesmo com cortes federais Emater ter\\u00e1 mais recursos em 2018\"},\"previousItem\":{\"@type\":\"ListItem\",\"@id\":\"https:\\\/\\\/www.jornalja.com.br\\\/arquivo#listItem\",\"name\":\"Home\"}},{\"@type\":\"ListItem\",\"@id\":\"https:\\\/\\\/www.jornalja.com.br\\\/arquivo\\\/mesmo-com-cortes-federais-emater-tera-mais-recursos-em-2018\\\/#listItem\",\"position\":3,\"name\":\"Mesmo com cortes federais Emater ter\\u00e1 mais recursos em 2018\",\"previousItem\":{\"@type\":\"ListItem\",\"@id\":\"https:\\\/\\\/www.jornalja.com.br\\\/arquivo\\\/category\\\/geral\\\/#listItem\",\"name\":\"Geral\"}}]},{\"@type\":\"Organization\",\"@id\":\"https:\\\/\\\/www.jornalja.com.br\\\/arquivo\\\/#organization\",\"name\":\"Jornal J\\u00c1\",\"description\":\"Jornal J\\u00c1 | Porto Alegre\",\"url\":\"https:\\\/\\\/www.jornalja.com.br\\\/arquivo\\\/\",\"telephone\":\"+555133307272\",\"logo\":{\"@type\":\"ImageObject\",\"url\":\"https:\\\/\\\/www.jornalja.com.br\\\/wp-content\\\/uploads\\\/cards\\\/JAslogan.png\",\"@id\":\"https:\\\/\\\/www.jornalja.com.br\\\/arquivo\\\/mesmo-com-cortes-federais-emater-tera-mais-recursos-em-2018\\\/#organizationLogo\"},\"image\":{\"@id\":\"https:\\\/\\\/www.jornalja.com.br\\\/arquivo\\\/mesmo-com-cortes-federais-emater-tera-mais-recursos-em-2018\\\/#organizationLogo\"}},{\"@type\":\"Person\",\"@id\":\"https:\\\/\\\/www.jornalja.com.br\\\/arquivo\\\/author\\\/daredacao\\\/#author\",\"url\":\"https:\\\/\\\/www.jornalja.com.br\\\/arquivo\\\/author\\\/daredacao\\\/\",\"name\":\"da Reda\\u00e7\\u00e3o\",\"image\":{\"@type\":\"ImageObject\",\"@id\":\"https:\\\/\\\/www.jornalja.com.br\\\/arquivo\\\/mesmo-com-cortes-federais-emater-tera-mais-recursos-em-2018\\\/#authorImage\",\"url\":\"https:\\\/\\\/secure.gravatar.com\\\/avatar\\\/469fd857d6605ad19919d27ed29d35a968a25f6e8fd9318356bbb7f57aae9c65?s=96&d=mm&r=g\",\"width\":96,\"height\":96,\"caption\":\"da Reda\\u00e7\\u00e3o\"}},{\"@type\":\"WebPage\",\"@id\":\"https:\\\/\\\/www.jornalja.com.br\\\/arquivo\\\/mesmo-com-cortes-federais-emater-tera-mais-recursos-em-2018\\\/#webpage\",\"url\":\"https:\\\/\\\/www.jornalja.com.br\\\/arquivo\\\/mesmo-com-cortes-federais-emater-tera-mais-recursos-em-2018\\\/\",\"name\":\"Mesmo com cortes federais Emater ter\\u00e1 mais recursos em 2018 | Arquivo\",\"inLanguage\":\"pt-BR\",\"isPartOf\":{\"@id\":\"https:\\\/\\\/www.jornalja.com.br\\\/arquivo\\\/#website\"},\"breadcrumb\":{\"@id\":\"https:\\\/\\\/www.jornalja.com.br\\\/arquivo\\\/mesmo-com-cortes-federais-emater-tera-mais-recursos-em-2018\\\/#breadcrumblist\"},\"author\":{\"@id\":\"https:\\\/\\\/www.jornalja.com.br\\\/arquivo\\\/author\\\/daredacao\\\/#author\"},\"creator\":{\"@id\":\"https:\\\/\\\/www.jornalja.com.br\\\/arquivo\\\/author\\\/daredacao\\\/#author\"},\"image\":{\"@type\":\"ImageObject\",\"url\":58911,\"@id\":\"https:\\\/\\\/www.jornalja.com.br\\\/arquivo\\\/mesmo-com-cortes-federais-emater-tera-mais-recursos-em-2018\\\/#mainImage\"},\"primaryImageOfPage\":{\"@id\":\"https:\\\/\\\/www.jornalja.com.br\\\/arquivo\\\/mesmo-com-cortes-federais-emater-tera-mais-recursos-em-2018\\\/#mainImage\"},\"datePublished\":\"2018-01-15T17:01:57-02:00\",\"dateModified\":\"2018-01-15T17:01:57-02:00\"},{\"@type\":\"WebSite\",\"@id\":\"https:\\\/\\\/www.jornalja.com.br\\\/arquivo\\\/#website\",\"url\":\"https:\\\/\\\/www.jornalja.com.br\\\/arquivo\\\/\",\"name\":\"Arquivo\",\"description\":\"Jornal J\\u00c1 | Porto Alegre\",\"inLanguage\":\"pt-BR\",\"publisher\":{\"@id\":\"https:\\\/\\\/www.jornalja.com.br\\\/arquivo\\\/#organization\"}}]}\n\t\t<\/script>\n\t\t<!-- All in One SEO -->\n\n","aioseo_head_json":{"title":"Mesmo com cortes federais Emater ter\u00e1 mais recursos em 2018 | Arquivo","description":"","canonical_url":"https:\/\/www.jornalja.com.br\/arquivo\/mesmo-com-cortes-federais-emater-tera-mais-recursos-em-2018\/","robots":"max-image-preview:large","keywords":"","webmasterTools":{"miscellaneous":""},"schema":{"@context":"https:\/\/schema.org","@graph":[{"@type":"BlogPosting","@id":"https:\/\/www.jornalja.com.br\/arquivo\/mesmo-com-cortes-federais-emater-tera-mais-recursos-em-2018\/#blogposting","name":"Mesmo com cortes federais Emater ter\u00e1 mais recursos em 2018 | Arquivo","headline":"Mesmo com cortes federais Emater ter\u00e1 mais recursos em 2018","author":{"@id":"https:\/\/www.jornalja.com.br\/arquivo\/author\/daredacao\/#author"},"publisher":{"@id":"https:\/\/www.jornalja.com.br\/arquivo\/#organization"},"image":{"@type":"ImageObject","url":58911},"datePublished":"2018-01-15T17:01:57-02:00","dateModified":"2018-01-15T17:01:57-02:00","inLanguage":"pt-BR","mainEntityOfPage":{"@id":"https:\/\/www.jornalja.com.br\/arquivo\/mesmo-com-cortes-federais-emater-tera-mais-recursos-em-2018\/#webpage"},"isPartOf":{"@id":"https:\/\/www.jornalja.com.br\/arquivo\/mesmo-com-cortes-federais-emater-tera-mais-recursos-em-2018\/#webpage"},"articleSection":"Geral"},{"@type":"BreadcrumbList","@id":"https:\/\/www.jornalja.com.br\/arquivo\/mesmo-com-cortes-federais-emater-tera-mais-recursos-em-2018\/#breadcrumblist","itemListElement":[{"@type":"ListItem","@id":"https:\/\/www.jornalja.com.br\/arquivo#listItem","position":1,"name":"Home","item":"https:\/\/www.jornalja.com.br\/arquivo","nextItem":{"@type":"ListItem","@id":"https:\/\/www.jornalja.com.br\/arquivo\/category\/geral\/#listItem","name":"Geral"}},{"@type":"ListItem","@id":"https:\/\/www.jornalja.com.br\/arquivo\/category\/geral\/#listItem","position":2,"name":"Geral","item":"https:\/\/www.jornalja.com.br\/arquivo\/category\/geral\/","nextItem":{"@type":"ListItem","@id":"https:\/\/www.jornalja.com.br\/arquivo\/mesmo-com-cortes-federais-emater-tera-mais-recursos-em-2018\/#listItem","name":"Mesmo com cortes federais Emater ter\u00e1 mais recursos em 2018"},"previousItem":{"@type":"ListItem","@id":"https:\/\/www.jornalja.com.br\/arquivo#listItem","name":"Home"}},{"@type":"ListItem","@id":"https:\/\/www.jornalja.com.br\/arquivo\/mesmo-com-cortes-federais-emater-tera-mais-recursos-em-2018\/#listItem","position":3,"name":"Mesmo com cortes federais Emater ter\u00e1 mais recursos em 2018","previousItem":{"@type":"ListItem","@id":"https:\/\/www.jornalja.com.br\/arquivo\/category\/geral\/#listItem","name":"Geral"}}]},{"@type":"Organization","@id":"https:\/\/www.jornalja.com.br\/arquivo\/#organization","name":"Jornal J\u00c1","description":"Jornal J\u00c1 | Porto Alegre","url":"https:\/\/www.jornalja.com.br\/arquivo\/","telephone":"+555133307272","logo":{"@type":"ImageObject","url":"https:\/\/www.jornalja.com.br\/wp-content\/uploads\/cards\/JAslogan.png","@id":"https:\/\/www.jornalja.com.br\/arquivo\/mesmo-com-cortes-federais-emater-tera-mais-recursos-em-2018\/#organizationLogo"},"image":{"@id":"https:\/\/www.jornalja.com.br\/arquivo\/mesmo-com-cortes-federais-emater-tera-mais-recursos-em-2018\/#organizationLogo"}},{"@type":"Person","@id":"https:\/\/www.jornalja.com.br\/arquivo\/author\/daredacao\/#author","url":"https:\/\/www.jornalja.com.br\/arquivo\/author\/daredacao\/","name":"da Reda\u00e7\u00e3o","image":{"@type":"ImageObject","@id":"https:\/\/www.jornalja.com.br\/arquivo\/mesmo-com-cortes-federais-emater-tera-mais-recursos-em-2018\/#authorImage","url":"https:\/\/secure.gravatar.com\/avatar\/469fd857d6605ad19919d27ed29d35a968a25f6e8fd9318356bbb7f57aae9c65?s=96&d=mm&r=g","width":96,"height":96,"caption":"da Reda\u00e7\u00e3o"}},{"@type":"WebPage","@id":"https:\/\/www.jornalja.com.br\/arquivo\/mesmo-com-cortes-federais-emater-tera-mais-recursos-em-2018\/#webpage","url":"https:\/\/www.jornalja.com.br\/arquivo\/mesmo-com-cortes-federais-emater-tera-mais-recursos-em-2018\/","name":"Mesmo com cortes federais Emater ter\u00e1 mais recursos em 2018 | Arquivo","inLanguage":"pt-BR","isPartOf":{"@id":"https:\/\/www.jornalja.com.br\/arquivo\/#website"},"breadcrumb":{"@id":"https:\/\/www.jornalja.com.br\/arquivo\/mesmo-com-cortes-federais-emater-tera-mais-recursos-em-2018\/#breadcrumblist"},"author":{"@id":"https:\/\/www.jornalja.com.br\/arquivo\/author\/daredacao\/#author"},"creator":{"@id":"https:\/\/www.jornalja.com.br\/arquivo\/author\/daredacao\/#author"},"image":{"@type":"ImageObject","url":58911,"@id":"https:\/\/www.jornalja.com.br\/arquivo\/mesmo-com-cortes-federais-emater-tera-mais-recursos-em-2018\/#mainImage"},"primaryImageOfPage":{"@id":"https:\/\/www.jornalja.com.br\/arquivo\/mesmo-com-cortes-federais-emater-tera-mais-recursos-em-2018\/#mainImage"},"datePublished":"2018-01-15T17:01:57-02:00","dateModified":"2018-01-15T17:01:57-02:00"},{"@type":"WebSite","@id":"https:\/\/www.jornalja.com.br\/arquivo\/#website","url":"https:\/\/www.jornalja.com.br\/arquivo\/","name":"Arquivo","description":"Jornal J\u00c1 | Porto Alegre","inLanguage":"pt-BR","publisher":{"@id":"https:\/\/www.jornalja.com.br\/arquivo\/#organization"}}]},"og:locale":"pt_BR","og:site_name":"Arquivo | Jornal J\u00c1 | Porto Alegre","og:type":"article","og:title":"Mesmo com cortes federais Emater ter\u00e1 mais recursos em 2018 | Arquivo","og:url":"https:\/\/www.jornalja.com.br\/arquivo\/mesmo-com-cortes-federais-emater-tera-mais-recursos-em-2018\/","og:image":"https:\/\/www.jornalja.com.br\/economics\/wp-content\/uploads\/sites\/11\/2026\/08\/ja-folhaderosto-facebook.jpg","og:image:secure_url":"https:\/\/www.jornalja.com.br\/economics\/wp-content\/uploads\/sites\/11\/2026\/08\/ja-folhaderosto-facebook.jpg","article:published_time":"2018-01-15T19:01:57+00:00","article:modified_time":"2018-01-15T19:01:57+00:00","twitter:card":"summary","twitter:title":"Mesmo com cortes federais Emater ter\u00e1 mais recursos em 2018 | Arquivo","twitter:image":"https:\/\/www.jornalja.com.br\/economics\/wp-content\/uploads\/sites\/11\/2026\/08\/ja-folhaderosto-facebook.jpg"},"aioseo_meta_data":{"post_id":"58892","title":null,"description":null,"keywords":null,"keyphrases":null,"primary_term":null,"canonical_url":null,"og_title":null,"og_description":null,"og_object_type":"default","og_image_type":"default","og_image_url":null,"og_image_width":null,"og_image_height":null,"og_image_custom_url":null,"og_image_custom_fields":null,"og_video":null,"og_custom_url":null,"og_article_section":null,"og_article_tags":null,"twitter_use_og":false,"twitter_card":"default","twitter_image_type":"default","twitter_image_url":null,"twitter_image_custom_url":null,"twitter_image_custom_fields":null,"twitter_title":null,"twitter_description":null,"schema":{"blockGraphs":[],"customGraphs":[],"default":{"data":{"Article":[],"Course":[],"Dataset":[],"FAQPage":[],"Movie":[],"Person":[],"Product":[],"ProductReview":[],"Car":[],"Recipe":[],"Service":[],"SoftwareApplication":[],"WebPage":[]},"graphName":"","isEnabled":true},"graphs":[],"defaultGraph":"","defaultPostTypeGraph":""},"schema_type":null,"schema_type_options":null,"pillar_content":false,"robots_default":true,"robots_noindex":false,"robots_noarchive":false,"robots_nosnippet":false,"robots_nofollow":false,"robots_noimageindex":false,"robots_noodp":false,"robots_notranslate":false,"robots_max_snippet":null,"robots_max_videopreview":null,"robots_max_imagepreview":"large","priority":null,"frequency":null,"location":null,"local_seo":null,"breadcrumb_settings":null,"limit_modified_date":false,"ai":null,"created":"2020-12-20 20:18:57","updated":"2025-07-20 03:06:43","seo_analyzer_scan_date":null,"focus_keyword":null,"additional_keywords":null,"truseo_locale":null},"jetpack_sharing_enabled":true,"jetpack-related-posts":[{"id":13128,"url":"https:\/\/www.jornalja.com.br\/arquivo\/maconha-terra-diz-que-uso-medicinal-e-desculpa\/","url_meta":{"origin":58892,"position":0},"title":"Maconha: Terra diz que uso medicinal \u00e9 desculpa","author":"Patr\u00edcia Marini","date":"4 de junho de 2014","format":false,"excerpt":"A condi\u00e7\u00e3o de pol\u00edtico, em \u00e9poca de campanha de campanha eleitoral, tira for\u00e7a do discurso do m\u00e9dico Osmar Terra contra a legaliza\u00e7\u00e3o da maconha. A tese dele de que a libera\u00e7\u00e3o vai ampliar exponencialmente o consumo \u00e9 discutivel, o consumo \u00e9 corrente. Mas seus alertas quanto aos riscos tem que\u2026","rel":"","context":"Em &quot;X.Categorias velhas&quot;","block_context":{"text":"X.Categorias velhas","link":"https:\/\/www.jornalja.com.br\/arquivo\/category\/x-categorias-velhas\/"},"img":{"alt_text":"","src":"","width":0,"height":0},"classes":[]},{"id":13109,"url":"https:\/\/www.jornalja.com.br\/arquivo\/judiciario-reconhece-poluicao-eletromagnetica\/","url_meta":{"origin":58892,"position":1},"title":"Judici\u00e1rio reconhece polui\u00e7\u00e3o eletromagn\u00e9tica","author":"Patr\u00edcia Marini","date":"16 de maio de 2014","format":false,"excerpt":"A\u00e7\u00e3o de duas associa\u00e7\u00f5es de moradores foi acolhida pelo Tribunal de Justi\u00e7a de S\u00e3o Paulo que. em decis\u00e3o in\u00e9dita, determinou a redu\u00e7\u00e3o do campo eletromagn\u00e9tico gerado pelas linhas de transmiss\u00e3o de energia que cortam os bairros City Boa\u00e7ava e Alto de Pinheiros. \u00c9 a primeira vez que um tribunal do\u2026","rel":"","context":"Em &quot;X.Categorias velhas&quot;","block_context":{"text":"X.Categorias velhas","link":"https:\/\/www.jornalja.com.br\/arquivo\/category\/x-categorias-velhas\/"},"img":{"alt_text":"","src":"","width":0,"height":0},"classes":[]},{"id":13240,"url":"https:\/\/www.jornalja.com.br\/arquivo\/plano-diretor-estamos-construindo-o-caos\/","url_meta":{"origin":58892,"position":2},"title":"Plano diretor: &quot;Estamos construindo o caos&quot;","author":"Patr\u00edcia Marini","date":"26 de maio de 2014","format":false,"excerpt":"Desabafo que arquiteta Eliana Castilhos, delegada da Regi\u00e3o de Planejamento 1, postou nas redes sociais \u00e9 um testemunho do ambiente que se criou no Conselho do Plano Diretor de Porto Alegre, onde a aprova\u00e7\u00e3o de grandes empreendimentos \u00e9 empurrada guela abaixo dos conselheiros. Ao CMDUA Como delegada da Regi\u00e3o de\u2026","rel":"","context":"Em &quot;Geral&quot;","block_context":{"text":"Geral","link":"https:\/\/www.jornalja.com.br\/arquivo\/category\/geral\/"},"img":{"alt_text":"","src":"","width":0,"height":0},"classes":[]},{"id":5440,"url":"https:\/\/www.jornalja.com.br\/arquivo\/casarao-da-venancio-destino-permanece-incerto\/","url_meta":{"origin":58892,"position":3},"title":"Estado ainda n\u00e3o sabe o que fazer com casar\u00e3o abandonado h\u00e1 20 anos","author":"Elmar Bones","date":"6 de julho de 2009","format":false,"excerpt":"O casar\u00e3o amarelo, numa esquina nobre de Porto Alegre (Ven\u00e2ncio Aires com Jo\u00e3o Pessoa), j\u00e1 abrigou uma escola. H\u00e1 duas d\u00e9cadas, pelo menos, est\u00e1 abandonado, porque seu propriet\u00e1rio, o governo do Estado do Rio Grande do Sul, n\u00e3o consegue achar um destino para ele. Planos n\u00e3o faltaram. O governador Ol\u00edvio\u2026","rel":"","context":"Em &quot;X.Categorias velhas&quot;","block_context":{"text":"X.Categorias velhas","link":"https:\/\/www.jornalja.com.br\/arquivo\/category\/x-categorias-velhas\/"},"img":{"alt_text":"geraldo1","src":"https:\/\/i0.wp.com\/www.jornalja.com.br\/wp-content\/uploads\/2009\/07\/geraldo1.jpg?resize=350%2C200&ssl=1","width":350,"height":200},"classes":[]},{"id":12960,"url":"https:\/\/www.jornalja.com.br\/arquivo\/populacao-culpa-empresas-pela-greve-dos-rodoviarios\/","url_meta":{"origin":58892,"position":4},"title":"Popula\u00e7\u00e3o culpa empresas pela greve","author":"Patr\u00edcia Marini","date":"14 de fevereiro de 2014","format":false,"excerpt":"Pesquisa divulgada na edi\u00e7\u00e3o do jornal Metro desta sexta-feira,14, comprova o velho ditado: \u00e9 poss\u00edvel enganar muitos por algum tempo, mas n\u00e3o \u00e9 poss\u00edvel enganar a todos o tempo inteiro. A principal revela\u00e7\u00e3o foi que 59,8% dos entrevistados apontaram as empresas como as principais respons\u00e1veis pela grave e 46% culparam\u2026","rel":"","context":"Em &quot;X.Categorias velhas&quot;","block_context":{"text":"X.Categorias velhas","link":"https:\/\/www.jornalja.com.br\/arquivo\/category\/x-categorias-velhas\/"},"img":{"alt_text":"","src":"","width":0,"height":0},"classes":[]},{"id":13124,"url":"https:\/\/www.jornalja.com.br\/arquivo\/sangue-latino-no-iecine\/","url_meta":{"origin":58892,"position":5},"title":"Sangue latino no IECINE","author":"da Reda\u00e7\u00e3o","date":"18 de maio de 2014","format":false,"excerpt":"Francisco Ribeiro O Instituto Estadual de Cinema (IECINE) tem a frente, desde abril \u00faltimo, um novo diretor, o cineasta colombiano Juan Zapata, 36, que substitui Luiz Alberto Cassol. Radicado h\u00e1 dez anos em Porto Alegre, Zapata tem diante de si o desafio de conduzir at\u00e9 o final do ano um\u2026","rel":"","context":"Em &quot;Cultura-Geral&quot;","block_context":{"text":"Cultura-Geral","link":"https:\/\/www.jornalja.com.br\/arquivo\/category\/materiasecundaria\/"},"img":{"alt_text":"","src":"","width":0,"height":0},"classes":[]}],"jetpack_shortlink":"https:\/\/wp.me\/pbQjBd-fjS","jetpack_featured_media_url":"","_links":{"self":[{"href":"https:\/\/www.jornalja.com.br\/arquivo\/wp-json\/wp\/v2\/posts\/58892","targetHints":{"allow":["GET"]}}],"collection":[{"href":"https:\/\/www.jornalja.com.br\/arquivo\/wp-json\/wp\/v2\/posts"}],"about":[{"href":"https:\/\/www.jornalja.com.br\/arquivo\/wp-json\/wp\/v2\/types\/post"}],"author":[{"embeddable":true,"href":"https:\/\/www.jornalja.com.br\/arquivo\/wp-json\/wp\/v2\/users\/4"}],"replies":[{"embeddable":true,"href":"https:\/\/www.jornalja.com.br\/arquivo\/wp-json\/wp\/v2\/comments?post=58892"}],"version-history":[{"count":0,"href":"https:\/\/www.jornalja.com.br\/arquivo\/wp-json\/wp\/v2\/posts\/58892\/revisions"}],"wp:attachment":[{"href":"https:\/\/www.jornalja.com.br\/arquivo\/wp-json\/wp\/v2\/media?parent=58892"}],"wp:term":[{"taxonomy":"category","embeddable":true,"href":"https:\/\/www.jornalja.com.br\/arquivo\/wp-json\/wp\/v2\/categories?post=58892"},{"taxonomy":"post_tag","embeddable":true,"href":"https:\/\/www.jornalja.com.br\/arquivo\/wp-json\/wp\/v2\/tags?post=58892"}],"curies":[{"name":"wp","href":"https:\/\/api.w.org\/{rel}","templated":true}]}}