{"id":59058,"date":"2018-01-19T19:17:43","date_gmt":"2018-01-19T21:17:43","guid":{"rendered":"https:\/\/www.jornalja.com.br\/?p=59058"},"modified":"2018-01-19T19:17:43","modified_gmt":"2018-01-19T21:17:43","slug":"acampamento-pro-lula-no-anfiteatro-por-do-sol-comeca-segunda-feira","status":"publish","type":"post","link":"https:\/\/www.jornalja.com.br\/arquivo\/acampamento-pro-lula-no-anfiteatro-por-do-sol-comeca-segunda-feira\/","title":{"rendered":"Manifestantes ficar\u00e3o a 1,5 km do Tribunal que vai julgar Lula"},"content":{"rendered":"<p>A partir da manh\u00e3 de segunda-feira, integrantes de movimentos sociais come\u00e7am a chegar a Porto Alegre para acompanhar o julgamento do ex-presidente Luiz In\u00e1cio Lula da Silva, que ocorrer\u00e1 na quarta-feira, 24\/01.<br \/>\nNesta sexta-feira, 19\/01, movimentos sociais e Minist\u00e9rio P\u00fablico Federal fecharam um acordo para que o acampamento em apoio a Lula ocorra na regi\u00e3o do Anfiteatro P\u00f4r-do-Sol, cerca de 1,5 quil\u00f4metros do pr\u00e9dio do TRF4, onde ocorrer\u00e1 o julgamento no dia 24.<br \/>\nEm entrevista, a Frente Brasil Popular, coordenadora dos eventos pr\u00f3-Lula, anunciou que a ocupa\u00e7\u00e3o do anfiteatro ir\u00e1 come\u00e7ar na segunda-feira, ap\u00f3s uma marcha, que entrar\u00e1 em Porto Alegre pela ponte do Gua\u00edba e seguir\u00e1 pela Avenida da Legalidade, passar\u00e1 pela Borges de Medeiros e Avenida Ipiranga at\u00e9 chegar ao anfiteatro, na beira do Gua\u00edba.<br \/>\nNo documento, assinado pelo MPF, representantes de Movimentos Sociais, Governo do Estado e Munic\u00edpio de Porto Alegre, tamb\u00e9m fica estabelecida a limita\u00e7\u00e3o do tr\u00e1fego de ve\u00edculos na Avenida Edvaldo Pereira Paiva entre a R\u00f3tula das Cuias e o Est\u00e1dio Beira Rio, permitindo-se acesso de \u00f4nibus e caminh\u00f5es para estacionamento aos Movimentos Sociais, embarque e desembarque de pessoas e carga e descarga de material, atrav\u00e9s da Avenida Ipiranga at\u00e9 a rua Edvaldo Pereira Paiva.<br \/>\nO acordo determina ainda que os movimentos sociais, organizadores dos eventos, se comprometem a n\u00e3o acampar no Parque Maur\u00edcio Sirotski Sobrinho (Parque Harmonia). O parque estar\u00e1 fechado para o p\u00fablico a partir do meio\u2013dia do dia 23.<br \/>\n<span class=\"intertit\">Movimentos sociais esperam ao menos 30 mil pessoas e presen\u00e7a de Lula no dia anterior<\/span><br \/>\nConforme o coordenador do Movimento dos Trabalhadores Rurais Sem-Terra (MST), Cedenir Oliveira, ao menos 30 mil pessoas, entre integrantes de caravanas do interior do Rio Grande do Sul e de fora do estado devem vir a porto alegre e participar das manifesta\u00e7\u00f5es. \u201cNo dia, nossa expectativa \u00e9 reunir 50 mil pessoas, em um ato a favor da democracia e pac\u00edfico\u201d, disse.<br \/>\nAl\u00e9m do acampamento e vig\u00edlia que ocorrer\u00e1 no anfiteatro, um grande ato na esquina democr\u00e1tica, Centro de Porto Alegre, est\u00e1 programado no dia 23, a partir das 17h, com a poss\u00edvel participa\u00e7\u00e3o de Lula. \u201cAinda n\u00e3o est\u00e1 totalmente confirmada a presen\u00e7a de Lula, vai depender de um aval de seus advogados, mas h\u00e1 ao menos 80% de chance de ele vir e participar\u201d, explicou o vice-presidente do PT ga\u00facho, Carlos Pestana.<br \/>\nNo dia do julgamento, Lula estar\u00e1 em S\u00e3o Paulo, onde tamb\u00e9m participa de atos a favor de sua candidatura. O\u00a0julgamento da apela\u00e7\u00e3o da senten\u00e7a de Lula, condenado pelo juiz Sergio Moro a nove anos e meio de pris\u00e3o, ser\u00e1 transmitido ao vivo pela internet. Os manifestantes ir\u00e3o acompanhar a sess\u00e3o por tel\u00f5es no anfiteatro e n\u00e3o poder\u00e3o se aproximar de menos \u00a0de 50 metros do pr\u00e9dio do TRF4.<br \/>\nCerca de 300 jornalistas v\u00e3o acompanhar o julgamento na sala reservada \u00e0 imprensa no TRF4. S\u00e3o mais de 200 profissionais brasileiros e 43 correspondentes estrangeiros. A Secretaria de Seguran\u00e7a deve confirmar na segunda-feira todo o esquema de seguran\u00e7a para o dia do julgamento. Mas policiais dos BOEs de Porto Alegre, Santa Maria e Passo Fundo j\u00e1 est\u00e3o sendo preparados para o evento.<br \/>\nA Frente Brasil Popular destacou ainda que, para garantir tranquilidade das manifesta\u00e7\u00f5es e da popula\u00e7\u00e3o, mais de 2 mil pessoas ir\u00e3o atuar na seguran\u00e7a e organiza\u00e7\u00e3o dos atos. \u201cA popula\u00e7\u00e3o, e a imprensa, v\u00e3o se surpreender com a organiza\u00e7\u00e3o e a pacificidade do movimento. N\u00e3o pretendemos, de maneira alguma, incitar nenhum ato que comprometa a cidade ou algu\u00e9m\u201d, disse Cedenir, do MST.<br \/>\n\u201cIndependente do resultado, ser\u00e1 uma manifesta\u00e7\u00e3o pac\u00edfica. E que fique claro que Lula ser\u00e1 o candidato do PT \u00e0 presid\u00eancia. Na quarta-feira, a luta pela democracia apenas come\u00e7a\u201d, disse Augusto Pestana.<br \/>\n<span class=\"intertit\">Agenda das manifesta\u00e7\u00f5es pr\u00f3-Lula<\/span><br \/>\n<strong>Dia 22\/01<\/strong><br \/>\n10h &#8211; Semin\u00e1rio Internacional pela Democracia<br \/>\nLocal: FETRAFI &#8211; Cel Fernando Machado, 820 &#8211; Porto Alegre.<br \/>\n18h &#8211; Ato de Juristas e Intelectuais em Defesa da Democracia<br \/>\nLocal: FETRAFI &#8211; Cel Fernando Machado, 820 &#8211; Porto Alegre<br \/>\n20h &#8211; Sarau das juventudes<br \/>\nLocal: Acampamento dos Movimentos Sociais<br \/>\n<strong>Dia 23\/01<\/strong><br \/>\n9h &#8211; Mulheres pela democracia e pelo direito de Lula ser candidato!<br \/>\nLocal: Teatro Dante Barone &#8211; Assembleia Legislativa do RS<br \/>\n14h -A\u00e7\u00e3o Global Anti Davos &#8211; Contra o Ataque Neoliberal. Em defesa da democracia, da soberania das na\u00e7\u00f5es e dos direitos das trabalhadoras e trabalhadores<br \/>\nLocal: Teatro Dante Barone &#8211; Assembleia Legislativa do RS<br \/>\nPresen\u00e7as: Senador Paulo Paim (PT\/RS), Senador Roberto Requi\u00e3o (MDB\/PR), Deputada Alice Portugal (PCdoB\/BA), Gilberto Leal (Conen), Marianna Dias (UNE), Salete Carolo (MST), Guilherme Boullos (MTST), Deputado Estadual Edegar Pretto &#8211; Presidente da AL\/RS<br \/>\n17h \u2013 Concentra\u00e7\u00e3o para a Grande Marcha na Esquina Democr\u00e1tica (Centro de Porto Alegre) e Ato pol\u00edtico cultural. Ap\u00f3s caminhada at\u00e9 acampamento no Anfiteatro e in\u00edcio da vig\u00edlia.<br \/>\n<strong>Dia 24\/01<\/strong><br \/>\n6h30 \u2013 Vig\u00edlia e ato p\u00fablico no anfiteatro para acompanhamento do julgamento. Ap\u00f3s resultado haver\u00e1 um ato simb\u00f3lico em defesa da democracia no anfiteatro.<br \/>\n&nbsp;<\/p>\n","protected":false},"excerpt":{"rendered":"<p>A partir da manh\u00e3 de segunda-feira, integrantes de movimentos sociais come\u00e7am a chegar a Porto Alegre para acompanhar o julgamento do ex-presidente Luiz In\u00e1cio Lula da Silva, que ocorrer\u00e1 na quarta-feira, 24\/01. Nesta sexta-feira, 19\/01, movimentos sociais e Minist\u00e9rio P\u00fablico Federal fecharam um acordo para que o acampamento em apoio a Lula ocorra na regi\u00e3o [&hellip;]<\/p>\n","protected":false},"author":4,"featured_media":59060,"comment_status":"open","ping_status":"closed","sticky":false,"template":"","format":"standard","meta":{"_jetpack_newsletter_access":"","_jetpack_dont_email_post_to_subs":false,"_jetpack_newsletter_tier_id":0,"_jetpack_memberships_contains_paywalled_content":false,"_jetpack_feature_clip_id":0,"_jetpack_memberships_contains_paid_content":false,"footnotes":"","jetpack_post_was_ever_published":false},"categories":[26],"tags":[],"class_list":["post-59058","post","type-post","status-publish","format-standard","has-post-thumbnail","hentry","category-geral"],"aioseo_notices":[],"aioseo_head":"\n\t\t<!-- All in One SEO 5.0.1.1 - aioseo.com -->\n\t<meta name=\"robots\" content=\"max-image-preview:large\" \/>\n\t<meta name=\"author\" content=\"da Reda\u00e7\u00e3o\"\/>\n\t<link rel=\"canonical\" href=\"https:\/\/www.jornalja.com.br\/arquivo\/acampamento-pro-lula-no-anfiteatro-por-do-sol-comeca-segunda-feira\/\" \/>\n\t<meta name=\"generator\" content=\"All in One SEO (AIOSEO) 5.0.1.1\" \/>\n\t\t<meta property=\"og:locale\" content=\"pt_BR\" \/>\n\t\t<meta property=\"og:site_name\" content=\"Arquivo | Jornal J\u00c1 | Porto Alegre\" \/>\n\t\t<meta property=\"og:type\" content=\"article\" \/>\n\t\t<meta property=\"og:title\" content=\"Manifestantes ficar\u00e3o a 1,5 km do Tribunal que vai julgar Lula | Arquivo\" \/>\n\t\t<meta property=\"og:url\" content=\"https:\/\/www.jornalja.com.br\/arquivo\/acampamento-pro-lula-no-anfiteatro-por-do-sol-comeca-segunda-feira\/\" \/>\n\t\t<meta property=\"og:image\" content=\"https:\/\/www.jornalja.com.br\/economics\/wp-content\/uploads\/sites\/11\/2026\/08\/ja-folhaderosto-facebook.jpg\" \/>\n\t\t<meta property=\"og:image:secure_url\" content=\"https:\/\/www.jornalja.com.br\/economics\/wp-content\/uploads\/sites\/11\/2026\/08\/ja-folhaderosto-facebook.jpg\" \/>\n\t\t<meta property=\"article:published_time\" content=\"2018-01-19T21:17:43+00:00\" \/>\n\t\t<meta property=\"article:modified_time\" content=\"2018-01-19T21:17:43+00:00\" \/>\n\t\t<meta name=\"twitter:card\" content=\"summary\" \/>\n\t\t<meta name=\"twitter:title\" content=\"Manifestantes ficar\u00e3o a 1,5 km do Tribunal que vai julgar Lula | Arquivo\" \/>\n\t\t<meta name=\"twitter:image\" content=\"https:\/\/www.jornalja.com.br\/economics\/wp-content\/uploads\/sites\/11\/2026\/08\/ja-folhaderosto-facebook.jpg\" \/>\n\t\t<script type=\"application\/ld+json\" class=\"aioseo-schema\">\n\t\t\t{\"@context\":\"https:\\\/\\\/schema.org\",\"@graph\":[{\"@type\":\"BlogPosting\",\"@id\":\"https:\\\/\\\/www.jornalja.com.br\\\/arquivo\\\/acampamento-pro-lula-no-anfiteatro-por-do-sol-comeca-segunda-feira\\\/#blogposting\",\"name\":\"Manifestantes ficar\\u00e3o a 1,5 km do Tribunal que vai julgar Lula | Arquivo\",\"headline\":\"Manifestantes ficar\\u00e3o a 1,5 km do Tribunal que vai julgar Lula\",\"author\":{\"@id\":\"https:\\\/\\\/www.jornalja.com.br\\\/arquivo\\\/author\\\/daredacao\\\/#author\"},\"publisher\":{\"@id\":\"https:\\\/\\\/www.jornalja.com.br\\\/arquivo\\\/#organization\"},\"image\":{\"@type\":\"ImageObject\",\"url\":59060},\"datePublished\":\"2018-01-19T19:17:43-02:00\",\"dateModified\":\"2018-01-19T19:17:43-02:00\",\"inLanguage\":\"pt-BR\",\"mainEntityOfPage\":{\"@id\":\"https:\\\/\\\/www.jornalja.com.br\\\/arquivo\\\/acampamento-pro-lula-no-anfiteatro-por-do-sol-comeca-segunda-feira\\\/#webpage\"},\"isPartOf\":{\"@id\":\"https:\\\/\\\/www.jornalja.com.br\\\/arquivo\\\/acampamento-pro-lula-no-anfiteatro-por-do-sol-comeca-segunda-feira\\\/#webpage\"},\"articleSection\":\"Geral\"},{\"@type\":\"BreadcrumbList\",\"@id\":\"https:\\\/\\\/www.jornalja.com.br\\\/arquivo\\\/acampamento-pro-lula-no-anfiteatro-por-do-sol-comeca-segunda-feira\\\/#breadcrumblist\",\"itemListElement\":[{\"@type\":\"ListItem\",\"@id\":\"https:\\\/\\\/www.jornalja.com.br\\\/arquivo#listItem\",\"position\":1,\"name\":\"Home\",\"item\":\"https:\\\/\\\/www.jornalja.com.br\\\/arquivo\",\"nextItem\":{\"@type\":\"ListItem\",\"@id\":\"https:\\\/\\\/www.jornalja.com.br\\\/arquivo\\\/category\\\/geral\\\/#listItem\",\"name\":\"Geral\"}},{\"@type\":\"ListItem\",\"@id\":\"https:\\\/\\\/www.jornalja.com.br\\\/arquivo\\\/category\\\/geral\\\/#listItem\",\"position\":2,\"name\":\"Geral\",\"item\":\"https:\\\/\\\/www.jornalja.com.br\\\/arquivo\\\/category\\\/geral\\\/\",\"nextItem\":{\"@type\":\"ListItem\",\"@id\":\"https:\\\/\\\/www.jornalja.com.br\\\/arquivo\\\/acampamento-pro-lula-no-anfiteatro-por-do-sol-comeca-segunda-feira\\\/#listItem\",\"name\":\"Manifestantes ficar\\u00e3o a 1,5 km do Tribunal que vai julgar Lula\"},\"previousItem\":{\"@type\":\"ListItem\",\"@id\":\"https:\\\/\\\/www.jornalja.com.br\\\/arquivo#listItem\",\"name\":\"Home\"}},{\"@type\":\"ListItem\",\"@id\":\"https:\\\/\\\/www.jornalja.com.br\\\/arquivo\\\/acampamento-pro-lula-no-anfiteatro-por-do-sol-comeca-segunda-feira\\\/#listItem\",\"position\":3,\"name\":\"Manifestantes ficar\\u00e3o a 1,5 km do Tribunal que vai julgar Lula\",\"previousItem\":{\"@type\":\"ListItem\",\"@id\":\"https:\\\/\\\/www.jornalja.com.br\\\/arquivo\\\/category\\\/geral\\\/#listItem\",\"name\":\"Geral\"}}]},{\"@type\":\"Organization\",\"@id\":\"https:\\\/\\\/www.jornalja.com.br\\\/arquivo\\\/#organization\",\"name\":\"Jornal J\\u00c1\",\"description\":\"Jornal J\\u00c1 | Porto Alegre\",\"url\":\"https:\\\/\\\/www.jornalja.com.br\\\/arquivo\\\/\",\"telephone\":\"+555133307272\",\"logo\":{\"@type\":\"ImageObject\",\"url\":\"https:\\\/\\\/www.jornalja.com.br\\\/wp-content\\\/uploads\\\/cards\\\/JAslogan.png\",\"@id\":\"https:\\\/\\\/www.jornalja.com.br\\\/arquivo\\\/acampamento-pro-lula-no-anfiteatro-por-do-sol-comeca-segunda-feira\\\/#organizationLogo\"},\"image\":{\"@id\":\"https:\\\/\\\/www.jornalja.com.br\\\/arquivo\\\/acampamento-pro-lula-no-anfiteatro-por-do-sol-comeca-segunda-feira\\\/#organizationLogo\"}},{\"@type\":\"Person\",\"@id\":\"https:\\\/\\\/www.jornalja.com.br\\\/arquivo\\\/author\\\/daredacao\\\/#author\",\"url\":\"https:\\\/\\\/www.jornalja.com.br\\\/arquivo\\\/author\\\/daredacao\\\/\",\"name\":\"da Reda\\u00e7\\u00e3o\",\"image\":{\"@type\":\"ImageObject\",\"@id\":\"https:\\\/\\\/www.jornalja.com.br\\\/arquivo\\\/acampamento-pro-lula-no-anfiteatro-por-do-sol-comeca-segunda-feira\\\/#authorImage\",\"url\":\"https:\\\/\\\/secure.gravatar.com\\\/avatar\\\/469fd857d6605ad19919d27ed29d35a968a25f6e8fd9318356bbb7f57aae9c65?s=96&d=mm&r=g\",\"width\":96,\"height\":96,\"caption\":\"da Reda\\u00e7\\u00e3o\"}},{\"@type\":\"WebPage\",\"@id\":\"https:\\\/\\\/www.jornalja.com.br\\\/arquivo\\\/acampamento-pro-lula-no-anfiteatro-por-do-sol-comeca-segunda-feira\\\/#webpage\",\"url\":\"https:\\\/\\\/www.jornalja.com.br\\\/arquivo\\\/acampamento-pro-lula-no-anfiteatro-por-do-sol-comeca-segunda-feira\\\/\",\"name\":\"Manifestantes ficar\\u00e3o a 1,5 km do Tribunal que vai julgar Lula | Arquivo\",\"inLanguage\":\"pt-BR\",\"isPartOf\":{\"@id\":\"https:\\\/\\\/www.jornalja.com.br\\\/arquivo\\\/#website\"},\"breadcrumb\":{\"@id\":\"https:\\\/\\\/www.jornalja.com.br\\\/arquivo\\\/acampamento-pro-lula-no-anfiteatro-por-do-sol-comeca-segunda-feira\\\/#breadcrumblist\"},\"author\":{\"@id\":\"https:\\\/\\\/www.jornalja.com.br\\\/arquivo\\\/author\\\/daredacao\\\/#author\"},\"creator\":{\"@id\":\"https:\\\/\\\/www.jornalja.com.br\\\/arquivo\\\/author\\\/daredacao\\\/#author\"},\"image\":{\"@type\":\"ImageObject\",\"url\":59060,\"@id\":\"https:\\\/\\\/www.jornalja.com.br\\\/arquivo\\\/acampamento-pro-lula-no-anfiteatro-por-do-sol-comeca-segunda-feira\\\/#mainImage\"},\"primaryImageOfPage\":{\"@id\":\"https:\\\/\\\/www.jornalja.com.br\\\/arquivo\\\/acampamento-pro-lula-no-anfiteatro-por-do-sol-comeca-segunda-feira\\\/#mainImage\"},\"datePublished\":\"2018-01-19T19:17:43-02:00\",\"dateModified\":\"2018-01-19T19:17:43-02:00\"},{\"@type\":\"WebSite\",\"@id\":\"https:\\\/\\\/www.jornalja.com.br\\\/arquivo\\\/#website\",\"url\":\"https:\\\/\\\/www.jornalja.com.br\\\/arquivo\\\/\",\"name\":\"Arquivo\",\"description\":\"Jornal J\\u00c1 | Porto Alegre\",\"inLanguage\":\"pt-BR\",\"publisher\":{\"@id\":\"https:\\\/\\\/www.jornalja.com.br\\\/arquivo\\\/#organization\"}}]}\n\t\t<\/script>\n\t\t<!-- All in One SEO -->\n\n","aioseo_head_json":{"title":"Manifestantes ficar\u00e3o a 1,5 km do Tribunal que vai julgar Lula | Arquivo","description":"","canonical_url":"https:\/\/www.jornalja.com.br\/arquivo\/acampamento-pro-lula-no-anfiteatro-por-do-sol-comeca-segunda-feira\/","robots":"max-image-preview:large","keywords":"","webmasterTools":{"miscellaneous":""},"schema":{"@context":"https:\/\/schema.org","@graph":[{"@type":"BlogPosting","@id":"https:\/\/www.jornalja.com.br\/arquivo\/acampamento-pro-lula-no-anfiteatro-por-do-sol-comeca-segunda-feira\/#blogposting","name":"Manifestantes ficar\u00e3o a 1,5 km do Tribunal que vai julgar Lula | Arquivo","headline":"Manifestantes ficar\u00e3o a 1,5 km do Tribunal que vai julgar Lula","author":{"@id":"https:\/\/www.jornalja.com.br\/arquivo\/author\/daredacao\/#author"},"publisher":{"@id":"https:\/\/www.jornalja.com.br\/arquivo\/#organization"},"image":{"@type":"ImageObject","url":59060},"datePublished":"2018-01-19T19:17:43-02:00","dateModified":"2018-01-19T19:17:43-02:00","inLanguage":"pt-BR","mainEntityOfPage":{"@id":"https:\/\/www.jornalja.com.br\/arquivo\/acampamento-pro-lula-no-anfiteatro-por-do-sol-comeca-segunda-feira\/#webpage"},"isPartOf":{"@id":"https:\/\/www.jornalja.com.br\/arquivo\/acampamento-pro-lula-no-anfiteatro-por-do-sol-comeca-segunda-feira\/#webpage"},"articleSection":"Geral"},{"@type":"BreadcrumbList","@id":"https:\/\/www.jornalja.com.br\/arquivo\/acampamento-pro-lula-no-anfiteatro-por-do-sol-comeca-segunda-feira\/#breadcrumblist","itemListElement":[{"@type":"ListItem","@id":"https:\/\/www.jornalja.com.br\/arquivo#listItem","position":1,"name":"Home","item":"https:\/\/www.jornalja.com.br\/arquivo","nextItem":{"@type":"ListItem","@id":"https:\/\/www.jornalja.com.br\/arquivo\/category\/geral\/#listItem","name":"Geral"}},{"@type":"ListItem","@id":"https:\/\/www.jornalja.com.br\/arquivo\/category\/geral\/#listItem","position":2,"name":"Geral","item":"https:\/\/www.jornalja.com.br\/arquivo\/category\/geral\/","nextItem":{"@type":"ListItem","@id":"https:\/\/www.jornalja.com.br\/arquivo\/acampamento-pro-lula-no-anfiteatro-por-do-sol-comeca-segunda-feira\/#listItem","name":"Manifestantes ficar\u00e3o a 1,5 km do Tribunal que vai julgar Lula"},"previousItem":{"@type":"ListItem","@id":"https:\/\/www.jornalja.com.br\/arquivo#listItem","name":"Home"}},{"@type":"ListItem","@id":"https:\/\/www.jornalja.com.br\/arquivo\/acampamento-pro-lula-no-anfiteatro-por-do-sol-comeca-segunda-feira\/#listItem","position":3,"name":"Manifestantes ficar\u00e3o a 1,5 km do Tribunal que vai julgar Lula","previousItem":{"@type":"ListItem","@id":"https:\/\/www.jornalja.com.br\/arquivo\/category\/geral\/#listItem","name":"Geral"}}]},{"@type":"Organization","@id":"https:\/\/www.jornalja.com.br\/arquivo\/#organization","name":"Jornal J\u00c1","description":"Jornal J\u00c1 | Porto Alegre","url":"https:\/\/www.jornalja.com.br\/arquivo\/","telephone":"+555133307272","logo":{"@type":"ImageObject","url":"https:\/\/www.jornalja.com.br\/wp-content\/uploads\/cards\/JAslogan.png","@id":"https:\/\/www.jornalja.com.br\/arquivo\/acampamento-pro-lula-no-anfiteatro-por-do-sol-comeca-segunda-feira\/#organizationLogo"},"image":{"@id":"https:\/\/www.jornalja.com.br\/arquivo\/acampamento-pro-lula-no-anfiteatro-por-do-sol-comeca-segunda-feira\/#organizationLogo"}},{"@type":"Person","@id":"https:\/\/www.jornalja.com.br\/arquivo\/author\/daredacao\/#author","url":"https:\/\/www.jornalja.com.br\/arquivo\/author\/daredacao\/","name":"da Reda\u00e7\u00e3o","image":{"@type":"ImageObject","@id":"https:\/\/www.jornalja.com.br\/arquivo\/acampamento-pro-lula-no-anfiteatro-por-do-sol-comeca-segunda-feira\/#authorImage","url":"https:\/\/secure.gravatar.com\/avatar\/469fd857d6605ad19919d27ed29d35a968a25f6e8fd9318356bbb7f57aae9c65?s=96&d=mm&r=g","width":96,"height":96,"caption":"da Reda\u00e7\u00e3o"}},{"@type":"WebPage","@id":"https:\/\/www.jornalja.com.br\/arquivo\/acampamento-pro-lula-no-anfiteatro-por-do-sol-comeca-segunda-feira\/#webpage","url":"https:\/\/www.jornalja.com.br\/arquivo\/acampamento-pro-lula-no-anfiteatro-por-do-sol-comeca-segunda-feira\/","name":"Manifestantes ficar\u00e3o a 1,5 km do Tribunal que vai julgar Lula | Arquivo","inLanguage":"pt-BR","isPartOf":{"@id":"https:\/\/www.jornalja.com.br\/arquivo\/#website"},"breadcrumb":{"@id":"https:\/\/www.jornalja.com.br\/arquivo\/acampamento-pro-lula-no-anfiteatro-por-do-sol-comeca-segunda-feira\/#breadcrumblist"},"author":{"@id":"https:\/\/www.jornalja.com.br\/arquivo\/author\/daredacao\/#author"},"creator":{"@id":"https:\/\/www.jornalja.com.br\/arquivo\/author\/daredacao\/#author"},"image":{"@type":"ImageObject","url":59060,"@id":"https:\/\/www.jornalja.com.br\/arquivo\/acampamento-pro-lula-no-anfiteatro-por-do-sol-comeca-segunda-feira\/#mainImage"},"primaryImageOfPage":{"@id":"https:\/\/www.jornalja.com.br\/arquivo\/acampamento-pro-lula-no-anfiteatro-por-do-sol-comeca-segunda-feira\/#mainImage"},"datePublished":"2018-01-19T19:17:43-02:00","dateModified":"2018-01-19T19:17:43-02:00"},{"@type":"WebSite","@id":"https:\/\/www.jornalja.com.br\/arquivo\/#website","url":"https:\/\/www.jornalja.com.br\/arquivo\/","name":"Arquivo","description":"Jornal J\u00c1 | Porto Alegre","inLanguage":"pt-BR","publisher":{"@id":"https:\/\/www.jornalja.com.br\/arquivo\/#organization"}}]},"og:locale":"pt_BR","og:site_name":"Arquivo | Jornal J\u00c1 | Porto Alegre","og:type":"article","og:title":"Manifestantes ficar\u00e3o a 1,5 km do Tribunal que vai julgar Lula | Arquivo","og:url":"https:\/\/www.jornalja.com.br\/arquivo\/acampamento-pro-lula-no-anfiteatro-por-do-sol-comeca-segunda-feira\/","og:image":"https:\/\/www.jornalja.com.br\/economics\/wp-content\/uploads\/sites\/11\/2026\/08\/ja-folhaderosto-facebook.jpg","og:image:secure_url":"https:\/\/www.jornalja.com.br\/economics\/wp-content\/uploads\/sites\/11\/2026\/08\/ja-folhaderosto-facebook.jpg","article:published_time":"2018-01-19T21:17:43+00:00","article:modified_time":"2018-01-19T21:17:43+00:00","twitter:card":"summary","twitter:title":"Manifestantes ficar\u00e3o a 1,5 km do Tribunal que vai julgar Lula | Arquivo","twitter:image":"https:\/\/www.jornalja.com.br\/economics\/wp-content\/uploads\/sites\/11\/2026\/08\/ja-folhaderosto-facebook.jpg"},"aioseo_meta_data":{"post_id":"59058","title":null,"description":null,"keywords":null,"keyphrases":null,"primary_term":null,"canonical_url":null,"og_title":null,"og_description":null,"og_object_type":"default","og_image_type":"default","og_image_url":null,"og_image_width":null,"og_image_height":null,"og_image_custom_url":null,"og_image_custom_fields":null,"og_video":null,"og_custom_url":null,"og_article_section":null,"og_article_tags":null,"twitter_use_og":false,"twitter_card":"default","twitter_image_type":"default","twitter_image_url":null,"twitter_image_custom_url":null,"twitter_image_custom_fields":null,"twitter_title":null,"twitter_description":null,"schema":{"blockGraphs":[],"customGraphs":[],"default":{"data":{"Article":[],"Course":[],"Dataset":[],"FAQPage":[],"Movie":[],"Person":[],"Product":[],"ProductReview":[],"Car":[],"Recipe":[],"Service":[],"SoftwareApplication":[],"WebPage":[]},"graphName":"","isEnabled":true},"graphs":[],"defaultGraph":"","defaultPostTypeGraph":""},"schema_type":null,"schema_type_options":null,"pillar_content":false,"robots_default":true,"robots_noindex":false,"robots_noarchive":false,"robots_nosnippet":false,"robots_nofollow":false,"robots_noimageindex":false,"robots_noodp":false,"robots_notranslate":false,"robots_max_snippet":null,"robots_max_videopreview":null,"robots_max_imagepreview":"large","priority":null,"frequency":null,"location":null,"local_seo":null,"breadcrumb_settings":null,"limit_modified_date":false,"ai":null,"created":"2020-12-20 20:18:56","updated":"2025-07-20 03:10:47","seo_analyzer_scan_date":null,"focus_keyword":null,"additional_keywords":null,"truseo_locale":null},"jetpack_sharing_enabled":true,"jetpack-related-posts":[{"id":14241,"url":"https:\/\/www.jornalja.com.br\/arquivo\/o-guaiba-nas-imagens-poeticas-de-achutti\/","url_meta":{"origin":59058,"position":0},"title":"O Gua\u00edba nas imagens po\u00e9ticas de Achutti","author":"da Reda\u00e7\u00e3o","date":"18 de junho de 2014","format":false,"excerpt":"Em \u201cO Gua\u00edba por Achutti\u201d \u2013 obra financiada via Minist\u00e9rio da Cultura, produ\u00e7\u00e3o executiva de Pedro Longhi, e Fl\u00e1vio Wild como designer \u2013, o fot\u00f3grafo revela a beleza e as mazelas de um espa\u00e7o aqu\u00e1tico de \u00e1guas sempre renovadas, cheio de hist\u00f3rias e lendas como as das cidades que foram\u2026","rel":"","context":"Em &quot;Cultura-Geral&quot;","block_context":{"text":"Cultura-Geral","link":"https:\/\/www.jornalja.com.br\/arquivo\/category\/materiasecundaria\/"},"img":{"alt_text":"","src":"","width":0,"height":0},"classes":[]},{"id":12960,"url":"https:\/\/www.jornalja.com.br\/arquivo\/populacao-culpa-empresas-pela-greve-dos-rodoviarios\/","url_meta":{"origin":59058,"position":1},"title":"Popula\u00e7\u00e3o culpa empresas pela greve","author":"Patr\u00edcia Marini","date":"14 de fevereiro de 2014","format":false,"excerpt":"Pesquisa divulgada na edi\u00e7\u00e3o do jornal Metro desta sexta-feira,14, comprova o velho ditado: \u00e9 poss\u00edvel enganar muitos por algum tempo, mas n\u00e3o \u00e9 poss\u00edvel enganar a todos o tempo inteiro. A principal revela\u00e7\u00e3o foi que 59,8% dos entrevistados apontaram as empresas como as principais respons\u00e1veis pela grave e 46% culparam\u2026","rel":"","context":"Em &quot;X.Categorias velhas&quot;","block_context":{"text":"X.Categorias velhas","link":"https:\/\/www.jornalja.com.br\/arquivo\/category\/x-categorias-velhas\/"},"img":{"alt_text":"","src":"","width":0,"height":0},"classes":[]},{"id":13240,"url":"https:\/\/www.jornalja.com.br\/arquivo\/plano-diretor-estamos-construindo-o-caos\/","url_meta":{"origin":59058,"position":2},"title":"Plano diretor: &quot;Estamos construindo o caos&quot;","author":"Patr\u00edcia Marini","date":"26 de maio de 2014","format":false,"excerpt":"Desabafo que arquiteta Eliana Castilhos, delegada da Regi\u00e3o de Planejamento 1, postou nas redes sociais \u00e9 um testemunho do ambiente que se criou no Conselho do Plano Diretor de Porto Alegre, onde a aprova\u00e7\u00e3o de grandes empreendimentos \u00e9 empurrada guela abaixo dos conselheiros. Ao CMDUA Como delegada da Regi\u00e3o de\u2026","rel":"","context":"Em &quot;Geral&quot;","block_context":{"text":"Geral","link":"https:\/\/www.jornalja.com.br\/arquivo\/category\/geral\/"},"img":{"alt_text":"","src":"","width":0,"height":0},"classes":[]},{"id":13124,"url":"https:\/\/www.jornalja.com.br\/arquivo\/sangue-latino-no-iecine\/","url_meta":{"origin":59058,"position":3},"title":"Sangue latino no IECINE","author":"da Reda\u00e7\u00e3o","date":"18 de maio de 2014","format":false,"excerpt":"Francisco Ribeiro O Instituto Estadual de Cinema (IECINE) tem a frente, desde abril \u00faltimo, um novo diretor, o cineasta colombiano Juan Zapata, 36, que substitui Luiz Alberto Cassol. Radicado h\u00e1 dez anos em Porto Alegre, Zapata tem diante de si o desafio de conduzir at\u00e9 o final do ano um\u2026","rel":"","context":"Em &quot;Cultura-Geral&quot;","block_context":{"text":"Cultura-Geral","link":"https:\/\/www.jornalja.com.br\/arquivo\/category\/materiasecundaria\/"},"img":{"alt_text":"","src":"","width":0,"height":0},"classes":[]},{"id":1280,"url":"https:\/\/www.jornalja.com.br\/arquivo\/o-menino-que-se-tornou-brizola\/","url_meta":{"origin":59058,"position":4},"title":"O Menino que se Tornou Brizola","author":"da Reda\u00e7\u00e3o","date":"28 de julho de 2008","format":false,"excerpt":"Autor: Cleber Dioni A vida de Leonel Brizola, com \u00eanfase para os primeiros anos em Porto Alegre, at\u00e9 o ex\u00edlio no Uruguai e a volta, quinze anos depois. \u00a0\"...\u00c9ramos todos jovens e nos identific\u00e1vamos com aquela massa an\u00f4nima a percorrer as ruas de Porto Alegre, gritando 'Get\u00falio', 'Get\u00falio' e empunhando\u2026","rel":"","context":"Em &quot;Livros&quot;","block_context":{"text":"Livros","link":"https:\/\/www.jornalja.com.br\/arquivo\/category\/livros\/"},"img":{"alt_text":"","src":"https:\/\/i0.wp.com\/www.jornalja.com.br\/wp-content\/uploads\/2008\/07\/brizola.gif?resize=350%2C200&ssl=1","width":350,"height":200},"classes":[]},{"id":5440,"url":"https:\/\/www.jornalja.com.br\/arquivo\/casarao-da-venancio-destino-permanece-incerto\/","url_meta":{"origin":59058,"position":5},"title":"Estado ainda n\u00e3o sabe o que fazer com casar\u00e3o abandonado h\u00e1 20 anos","author":"Elmar Bones","date":"6 de julho de 2009","format":false,"excerpt":"O casar\u00e3o amarelo, numa esquina nobre de Porto Alegre (Ven\u00e2ncio Aires com Jo\u00e3o Pessoa), j\u00e1 abrigou uma escola. H\u00e1 duas d\u00e9cadas, pelo menos, est\u00e1 abandonado, porque seu propriet\u00e1rio, o governo do Estado do Rio Grande do Sul, n\u00e3o consegue achar um destino para ele. Planos n\u00e3o faltaram. O governador Ol\u00edvio\u2026","rel":"","context":"Em &quot;X.Categorias velhas&quot;","block_context":{"text":"X.Categorias velhas","link":"https:\/\/www.jornalja.com.br\/arquivo\/category\/x-categorias-velhas\/"},"img":{"alt_text":"geraldo1","src":"https:\/\/i0.wp.com\/www.jornalja.com.br\/wp-content\/uploads\/2009\/07\/geraldo1.jpg?resize=350%2C200&ssl=1","width":350,"height":200},"classes":[]}],"jetpack_shortlink":"https:\/\/wp.me\/pbQjBd-fmy","jetpack_featured_media_url":"","_links":{"self":[{"href":"https:\/\/www.jornalja.com.br\/arquivo\/wp-json\/wp\/v2\/posts\/59058","targetHints":{"allow":["GET"]}}],"collection":[{"href":"https:\/\/www.jornalja.com.br\/arquivo\/wp-json\/wp\/v2\/posts"}],"about":[{"href":"https:\/\/www.jornalja.com.br\/arquivo\/wp-json\/wp\/v2\/types\/post"}],"author":[{"embeddable":true,"href":"https:\/\/www.jornalja.com.br\/arquivo\/wp-json\/wp\/v2\/users\/4"}],"replies":[{"embeddable":true,"href":"https:\/\/www.jornalja.com.br\/arquivo\/wp-json\/wp\/v2\/comments?post=59058"}],"version-history":[{"count":0,"href":"https:\/\/www.jornalja.com.br\/arquivo\/wp-json\/wp\/v2\/posts\/59058\/revisions"}],"wp:attachment":[{"href":"https:\/\/www.jornalja.com.br\/arquivo\/wp-json\/wp\/v2\/media?parent=59058"}],"wp:term":[{"taxonomy":"category","embeddable":true,"href":"https:\/\/www.jornalja.com.br\/arquivo\/wp-json\/wp\/v2\/categories?post=59058"},{"taxonomy":"post_tag","embeddable":true,"href":"https:\/\/www.jornalja.com.br\/arquivo\/wp-json\/wp\/v2\/tags?post=59058"}],"curies":[{"name":"wp","href":"https:\/\/api.w.org\/{rel}","templated":true}]}}