{"id":59088,"date":"2018-01-22T10:33:23","date_gmt":"2018-01-22T12:33:23","guid":{"rendered":"https:\/\/www.jornalja.com.br\/?p=59088"},"modified":"2018-01-22T10:33:23","modified_gmt":"2018-01-22T12:33:23","slug":"porto-alegre-sera-a-capital-politica-do-brasil-nesta-semana","status":"publish","type":"post","link":"https:\/\/www.jornalja.com.br\/arquivo\/porto-alegre-sera-a-capital-politica-do-brasil-nesta-semana\/","title":{"rendered":"Porto Alegre ser\u00e1 a capital pol\u00edtica do Brasil nesta semana"},"content":{"rendered":"<p>Os primeiros a chegar s\u00e3o integrantes do Movimento dos Trabalhadores Rurais Sem Terra (MST) de Santa Catarina, de onde s\u00e3o esperados 80 \u00f4nibus nos pr\u00f3ximos dias.<br \/>\n\u2014 Teremos 5 mil catarinenses aqui. Muita gente tamb\u00e9m est\u00e1 vindo por conta pr\u00f3pria, de carro e de avi\u00e3o \u2014 disse uma das organizadoras.<br \/>\nConforme a Frente Brasil Popular, que re\u00fane organiza\u00e7\u00f5es sociais e partidos de esquerda, pelo menos 225 caravanas est\u00e3o confirmadas. O presidente da Central \u00danica dos Trabalhadores (CUT) no Estado, Claudir Nespolo, estima que 50 mil pessoas venham \u00e0 Capital para se solidarizar a Lula.<br \/>\nNo entorno do TRF4, dezenas de policiais militares j\u00e1 est\u00e3o posicionados e acompanham a movimenta\u00e7\u00e3o de longe, inclusive por helic\u00f3ptero. A Brigada Militar transformou o Parque Maur\u00edcio Sirotsky Sobrinho em QG \u2014 um dos gazebos inclusive est\u00e1 sendo utilizado para abrigar os cavalos usados no policiamento.<br \/>\nNa semana em que o\u00a0\u00a0Tribunal Regional Federal da 4\u00aa Regi\u00e3o (TRF4) julga o recurso\u00a0do ex-presidente \u00a0Luiz In\u00e1cio Lula da Silva, Porto Alegre ter\u00e1 sua rotina alterada. Al\u00e9m de um grande esquema de seguran\u00e7a, est\u00e3o previstas uma s\u00e9rie de eventos e manifesta\u00e7\u00f5es, tanto a favor quanto contra Lula, nos pr\u00f3ximos dias.<br \/>\n<span class=\"intertit\">Confira os principais atos previstos:<\/span><br \/>\n<strong>Segunda-feira (22)<\/strong><br \/>\n6h30min<br \/>\nMarcha da Via Campesina<br \/>\nLocal: in\u00edcio na frente do antigo posto da Receita Estadual, na BR-116, pr\u00f3ximo \u00e0 ponte do Gua\u00edba, com destino ao Anfiteatro P\u00f4r do Sol<br \/>\n9h<br \/>\nDi\u00e1logos internacionais sobre a democracia<br \/>\nLocal: audit\u00f3rio da Federa\u00e7\u00e3o dos Trabalhadores e Trabalhadoras em Institui\u00e7\u00f5es Financeiras do RS (Fetrafi), na Rua Coronel Fernando Machado, 820, Centro<br \/>\n11h<br \/>\nConversa com Ana Buarque de Hollanda<br \/>\nLocal: Nossa Cara, na Rua Felipe Camar\u00e3o, 677<br \/>\n13h30min<br \/>\nAto da Juventude em defesa da democracia e do direito de Lula ser candidato e de transfer\u00eancia da sede da UNE para Porto Alegre<br \/>\nLocal: DCE da UFRGS<br \/>\n18h<br \/>\nAto de juristas e intelectuais em defesa da democracia. Nomes confirmados incluem Celso Amorim (ex-ministro da Defesa) e Eug\u00eanio Arag\u00e3o (ex-ministro da Justi\u00e7a)<br \/>\nLocal: audit\u00f3rio da Fetrafi<br \/>\n20h<br \/>\nSarau das juventudes<br \/>\nLocal: Acampamento dos movimentos sociais, no Anfiteatro P\u00f4r do Sol<br \/>\n<strong>Ter\u00e7a-feira (23)<\/strong><br \/>\n9h<br \/>\nMulheres pela democracia e pelo direto de Lula ser candidato. Nomes confirmados incluem a ex-presidente Dilma Rousseff e a presidente do PT, Gleisi Hoffmann<br \/>\nLocal: Teatro Dante Barone, na Assembleia Legislativa<br \/>\n10h<br \/>\nInaugura\u00e7\u00e3o da Tenda da Liberdade de Express\u00e3o e Diversidade Cultural com Lula. O espa\u00e7o abrigar\u00e1, ao longo do dia, manifesta\u00e7\u00f5es culturais de diversos artistas, como a cantora Ana Ca\u00f1as e o cantor Chico C\u00e9sar.<br \/>\nLocal: Largo Glenio Peres<br \/>\n14h<br \/>\nA\u00e7\u00e3o global anti-Davos _ Contra o ataque neoliberal<br \/>\nLocal: Teatro Dante Barone, na Assembleia Legislativa<br \/>\n16h<br \/>\nConcentra\u00e7\u00e3o para marcha e ato pol\u00edtico cultural. Caminhada at\u00e9 o Acampamento da Resist\u00eancia, no Anfiteatro P\u00f4r do Sol. Lula \u00e9 esperado, mas a presen\u00e7a n\u00e3o est\u00e1 confirmada<br \/>\nLocal: Esquina Democr\u00e1tica, no Centro, at\u00e9 o Anfiteatro P\u00f4r do Sol<br \/>\nNoite<br \/>\nIn\u00edcio da vig\u00edlia para o julgamento, no Anfiteatro P\u00f4r do Sol<br \/>\n<strong>Quarta-feira (24)<\/strong><br \/>\nTodo o dia<br \/>\nVig\u00edlia e ato p\u00fablico no Anfiteatro P\u00f4r do Sol<br \/>\n<strong>Contra Lula<\/strong><br \/>\n<strong>Ter\u00e7a-feira (23)<\/strong><br \/>\n18h<br \/>\nAto em defesa da Justi\u00e7a, promovido pelo Vem pra Rua<br \/>\nLocal: Parque Moinhos de Vento<br \/>\n<strong>Quarta-feira (24)<\/strong><br \/>\n18h<br \/>\nCarnaLula, organizado pelo Movimento Brasil Livre (MBL), com a Banda Loka Liberal<br \/>\nLocal: Parque Moinhos de Vento<br \/>\n&nbsp;<\/p>\n","protected":false},"excerpt":{"rendered":"<p>Os primeiros a chegar s\u00e3o integrantes do Movimento dos Trabalhadores Rurais Sem Terra (MST) de Santa Catarina, de onde s\u00e3o esperados 80 \u00f4nibus nos pr\u00f3ximos dias. \u2014 Teremos 5 mil catarinenses aqui. Muita gente tamb\u00e9m est\u00e1 vindo por conta pr\u00f3pria, de carro e de avi\u00e3o \u2014 disse uma das organizadoras. Conforme a Frente Brasil Popular, [&hellip;]<\/p>\n","protected":false},"author":4,"featured_media":59096,"comment_status":"open","ping_status":"closed","sticky":false,"template":"","format":"standard","meta":{"_jetpack_newsletter_access":"","_jetpack_dont_email_post_to_subs":false,"_jetpack_newsletter_tier_id":0,"_jetpack_memberships_contains_paywalled_content":false,"_jetpack_feature_clip_id":0,"_jetpack_memberships_contains_paid_content":false,"footnotes":"","jetpack_post_was_ever_published":false},"categories":[26],"tags":[],"class_list":["post-59088","post","type-post","status-publish","format-standard","has-post-thumbnail","hentry","category-geral"],"aioseo_notices":[],"aioseo_head":"\n\t\t<!-- All in One SEO 5.0.1.1 - aioseo.com -->\n\t<meta name=\"robots\" content=\"max-image-preview:large\" \/>\n\t<meta name=\"author\" content=\"da Reda\u00e7\u00e3o\"\/>\n\t<link rel=\"canonical\" href=\"https:\/\/www.jornalja.com.br\/arquivo\/porto-alegre-sera-a-capital-politica-do-brasil-nesta-semana\/\" \/>\n\t<meta name=\"generator\" content=\"All in One SEO (AIOSEO) 5.0.1.1\" \/>\n\t\t<meta property=\"og:locale\" content=\"pt_BR\" \/>\n\t\t<meta property=\"og:site_name\" content=\"Arquivo | Jornal J\u00c1 | Porto Alegre\" \/>\n\t\t<meta property=\"og:type\" content=\"article\" \/>\n\t\t<meta property=\"og:title\" content=\"Porto Alegre ser\u00e1 a capital pol\u00edtica do Brasil nesta semana | Arquivo\" \/>\n\t\t<meta property=\"og:url\" content=\"https:\/\/www.jornalja.com.br\/arquivo\/porto-alegre-sera-a-capital-politica-do-brasil-nesta-semana\/\" \/>\n\t\t<meta property=\"og:image\" content=\"https:\/\/www.jornalja.com.br\/economics\/wp-content\/uploads\/sites\/11\/2026\/08\/ja-folhaderosto-facebook.jpg\" \/>\n\t\t<meta property=\"og:image:secure_url\" content=\"https:\/\/www.jornalja.com.br\/economics\/wp-content\/uploads\/sites\/11\/2026\/08\/ja-folhaderosto-facebook.jpg\" \/>\n\t\t<meta property=\"article:published_time\" content=\"2018-01-22T12:33:23+00:00\" \/>\n\t\t<meta property=\"article:modified_time\" content=\"2018-01-22T12:33:23+00:00\" \/>\n\t\t<meta name=\"twitter:card\" content=\"summary\" \/>\n\t\t<meta name=\"twitter:title\" content=\"Porto Alegre ser\u00e1 a capital pol\u00edtica do Brasil nesta semana | Arquivo\" \/>\n\t\t<meta name=\"twitter:image\" content=\"https:\/\/www.jornalja.com.br\/economics\/wp-content\/uploads\/sites\/11\/2026\/08\/ja-folhaderosto-facebook.jpg\" \/>\n\t\t<script type=\"application\/ld+json\" class=\"aioseo-schema\">\n\t\t\t{\"@context\":\"https:\\\/\\\/schema.org\",\"@graph\":[{\"@type\":\"BlogPosting\",\"@id\":\"https:\\\/\\\/www.jornalja.com.br\\\/arquivo\\\/porto-alegre-sera-a-capital-politica-do-brasil-nesta-semana\\\/#blogposting\",\"name\":\"Porto Alegre ser\\u00e1 a capital pol\\u00edtica do Brasil nesta semana | Arquivo\",\"headline\":\"Porto Alegre ser\\u00e1 a capital pol\\u00edtica do Brasil nesta semana\",\"author\":{\"@id\":\"https:\\\/\\\/www.jornalja.com.br\\\/arquivo\\\/author\\\/daredacao\\\/#author\"},\"publisher\":{\"@id\":\"https:\\\/\\\/www.jornalja.com.br\\\/arquivo\\\/#organization\"},\"image\":{\"@type\":\"ImageObject\",\"url\":59096},\"datePublished\":\"2018-01-22T10:33:23-02:00\",\"dateModified\":\"2018-01-22T10:33:23-02:00\",\"inLanguage\":\"pt-BR\",\"mainEntityOfPage\":{\"@id\":\"https:\\\/\\\/www.jornalja.com.br\\\/arquivo\\\/porto-alegre-sera-a-capital-politica-do-brasil-nesta-semana\\\/#webpage\"},\"isPartOf\":{\"@id\":\"https:\\\/\\\/www.jornalja.com.br\\\/arquivo\\\/porto-alegre-sera-a-capital-politica-do-brasil-nesta-semana\\\/#webpage\"},\"articleSection\":\"Geral\"},{\"@type\":\"BreadcrumbList\",\"@id\":\"https:\\\/\\\/www.jornalja.com.br\\\/arquivo\\\/porto-alegre-sera-a-capital-politica-do-brasil-nesta-semana\\\/#breadcrumblist\",\"itemListElement\":[{\"@type\":\"ListItem\",\"@id\":\"https:\\\/\\\/www.jornalja.com.br\\\/arquivo#listItem\",\"position\":1,\"name\":\"Home\",\"item\":\"https:\\\/\\\/www.jornalja.com.br\\\/arquivo\",\"nextItem\":{\"@type\":\"ListItem\",\"@id\":\"https:\\\/\\\/www.jornalja.com.br\\\/arquivo\\\/category\\\/geral\\\/#listItem\",\"name\":\"Geral\"}},{\"@type\":\"ListItem\",\"@id\":\"https:\\\/\\\/www.jornalja.com.br\\\/arquivo\\\/category\\\/geral\\\/#listItem\",\"position\":2,\"name\":\"Geral\",\"item\":\"https:\\\/\\\/www.jornalja.com.br\\\/arquivo\\\/category\\\/geral\\\/\",\"nextItem\":{\"@type\":\"ListItem\",\"@id\":\"https:\\\/\\\/www.jornalja.com.br\\\/arquivo\\\/porto-alegre-sera-a-capital-politica-do-brasil-nesta-semana\\\/#listItem\",\"name\":\"Porto Alegre ser\\u00e1 a capital pol\\u00edtica do Brasil nesta semana\"},\"previousItem\":{\"@type\":\"ListItem\",\"@id\":\"https:\\\/\\\/www.jornalja.com.br\\\/arquivo#listItem\",\"name\":\"Home\"}},{\"@type\":\"ListItem\",\"@id\":\"https:\\\/\\\/www.jornalja.com.br\\\/arquivo\\\/porto-alegre-sera-a-capital-politica-do-brasil-nesta-semana\\\/#listItem\",\"position\":3,\"name\":\"Porto Alegre ser\\u00e1 a capital pol\\u00edtica do Brasil nesta semana\",\"previousItem\":{\"@type\":\"ListItem\",\"@id\":\"https:\\\/\\\/www.jornalja.com.br\\\/arquivo\\\/category\\\/geral\\\/#listItem\",\"name\":\"Geral\"}}]},{\"@type\":\"Organization\",\"@id\":\"https:\\\/\\\/www.jornalja.com.br\\\/arquivo\\\/#organization\",\"name\":\"Jornal J\\u00c1\",\"description\":\"Jornal J\\u00c1 | Porto Alegre\",\"url\":\"https:\\\/\\\/www.jornalja.com.br\\\/arquivo\\\/\",\"telephone\":\"+555133307272\",\"logo\":{\"@type\":\"ImageObject\",\"url\":\"https:\\\/\\\/www.jornalja.com.br\\\/wp-content\\\/uploads\\\/cards\\\/JAslogan.png\",\"@id\":\"https:\\\/\\\/www.jornalja.com.br\\\/arquivo\\\/porto-alegre-sera-a-capital-politica-do-brasil-nesta-semana\\\/#organizationLogo\"},\"image\":{\"@id\":\"https:\\\/\\\/www.jornalja.com.br\\\/arquivo\\\/porto-alegre-sera-a-capital-politica-do-brasil-nesta-semana\\\/#organizationLogo\"}},{\"@type\":\"Person\",\"@id\":\"https:\\\/\\\/www.jornalja.com.br\\\/arquivo\\\/author\\\/daredacao\\\/#author\",\"url\":\"https:\\\/\\\/www.jornalja.com.br\\\/arquivo\\\/author\\\/daredacao\\\/\",\"name\":\"da Reda\\u00e7\\u00e3o\",\"image\":{\"@type\":\"ImageObject\",\"@id\":\"https:\\\/\\\/www.jornalja.com.br\\\/arquivo\\\/porto-alegre-sera-a-capital-politica-do-brasil-nesta-semana\\\/#authorImage\",\"url\":\"https:\\\/\\\/secure.gravatar.com\\\/avatar\\\/469fd857d6605ad19919d27ed29d35a968a25f6e8fd9318356bbb7f57aae9c65?s=96&d=mm&r=g\",\"width\":96,\"height\":96,\"caption\":\"da Reda\\u00e7\\u00e3o\"}},{\"@type\":\"WebPage\",\"@id\":\"https:\\\/\\\/www.jornalja.com.br\\\/arquivo\\\/porto-alegre-sera-a-capital-politica-do-brasil-nesta-semana\\\/#webpage\",\"url\":\"https:\\\/\\\/www.jornalja.com.br\\\/arquivo\\\/porto-alegre-sera-a-capital-politica-do-brasil-nesta-semana\\\/\",\"name\":\"Porto Alegre ser\\u00e1 a capital pol\\u00edtica do Brasil nesta semana | Arquivo\",\"inLanguage\":\"pt-BR\",\"isPartOf\":{\"@id\":\"https:\\\/\\\/www.jornalja.com.br\\\/arquivo\\\/#website\"},\"breadcrumb\":{\"@id\":\"https:\\\/\\\/www.jornalja.com.br\\\/arquivo\\\/porto-alegre-sera-a-capital-politica-do-brasil-nesta-semana\\\/#breadcrumblist\"},\"author\":{\"@id\":\"https:\\\/\\\/www.jornalja.com.br\\\/arquivo\\\/author\\\/daredacao\\\/#author\"},\"creator\":{\"@id\":\"https:\\\/\\\/www.jornalja.com.br\\\/arquivo\\\/author\\\/daredacao\\\/#author\"},\"image\":{\"@type\":\"ImageObject\",\"url\":59096,\"@id\":\"https:\\\/\\\/www.jornalja.com.br\\\/arquivo\\\/porto-alegre-sera-a-capital-politica-do-brasil-nesta-semana\\\/#mainImage\"},\"primaryImageOfPage\":{\"@id\":\"https:\\\/\\\/www.jornalja.com.br\\\/arquivo\\\/porto-alegre-sera-a-capital-politica-do-brasil-nesta-semana\\\/#mainImage\"},\"datePublished\":\"2018-01-22T10:33:23-02:00\",\"dateModified\":\"2018-01-22T10:33:23-02:00\"},{\"@type\":\"WebSite\",\"@id\":\"https:\\\/\\\/www.jornalja.com.br\\\/arquivo\\\/#website\",\"url\":\"https:\\\/\\\/www.jornalja.com.br\\\/arquivo\\\/\",\"name\":\"Arquivo\",\"description\":\"Jornal J\\u00c1 | Porto Alegre\",\"inLanguage\":\"pt-BR\",\"publisher\":{\"@id\":\"https:\\\/\\\/www.jornalja.com.br\\\/arquivo\\\/#organization\"}}]}\n\t\t<\/script>\n\t\t<!-- All in One SEO -->\n\n","aioseo_head_json":{"title":"Porto Alegre ser\u00e1 a capital pol\u00edtica do Brasil nesta semana | Arquivo","description":"","canonical_url":"https:\/\/www.jornalja.com.br\/arquivo\/porto-alegre-sera-a-capital-politica-do-brasil-nesta-semana\/","robots":"max-image-preview:large","keywords":"","webmasterTools":{"miscellaneous":""},"schema":{"@context":"https:\/\/schema.org","@graph":[{"@type":"BlogPosting","@id":"https:\/\/www.jornalja.com.br\/arquivo\/porto-alegre-sera-a-capital-politica-do-brasil-nesta-semana\/#blogposting","name":"Porto Alegre ser\u00e1 a capital pol\u00edtica do Brasil nesta semana | Arquivo","headline":"Porto Alegre ser\u00e1 a capital pol\u00edtica do Brasil nesta semana","author":{"@id":"https:\/\/www.jornalja.com.br\/arquivo\/author\/daredacao\/#author"},"publisher":{"@id":"https:\/\/www.jornalja.com.br\/arquivo\/#organization"},"image":{"@type":"ImageObject","url":59096},"datePublished":"2018-01-22T10:33:23-02:00","dateModified":"2018-01-22T10:33:23-02:00","inLanguage":"pt-BR","mainEntityOfPage":{"@id":"https:\/\/www.jornalja.com.br\/arquivo\/porto-alegre-sera-a-capital-politica-do-brasil-nesta-semana\/#webpage"},"isPartOf":{"@id":"https:\/\/www.jornalja.com.br\/arquivo\/porto-alegre-sera-a-capital-politica-do-brasil-nesta-semana\/#webpage"},"articleSection":"Geral"},{"@type":"BreadcrumbList","@id":"https:\/\/www.jornalja.com.br\/arquivo\/porto-alegre-sera-a-capital-politica-do-brasil-nesta-semana\/#breadcrumblist","itemListElement":[{"@type":"ListItem","@id":"https:\/\/www.jornalja.com.br\/arquivo#listItem","position":1,"name":"Home","item":"https:\/\/www.jornalja.com.br\/arquivo","nextItem":{"@type":"ListItem","@id":"https:\/\/www.jornalja.com.br\/arquivo\/category\/geral\/#listItem","name":"Geral"}},{"@type":"ListItem","@id":"https:\/\/www.jornalja.com.br\/arquivo\/category\/geral\/#listItem","position":2,"name":"Geral","item":"https:\/\/www.jornalja.com.br\/arquivo\/category\/geral\/","nextItem":{"@type":"ListItem","@id":"https:\/\/www.jornalja.com.br\/arquivo\/porto-alegre-sera-a-capital-politica-do-brasil-nesta-semana\/#listItem","name":"Porto Alegre ser\u00e1 a capital pol\u00edtica do Brasil nesta semana"},"previousItem":{"@type":"ListItem","@id":"https:\/\/www.jornalja.com.br\/arquivo#listItem","name":"Home"}},{"@type":"ListItem","@id":"https:\/\/www.jornalja.com.br\/arquivo\/porto-alegre-sera-a-capital-politica-do-brasil-nesta-semana\/#listItem","position":3,"name":"Porto Alegre ser\u00e1 a capital pol\u00edtica do Brasil nesta semana","previousItem":{"@type":"ListItem","@id":"https:\/\/www.jornalja.com.br\/arquivo\/category\/geral\/#listItem","name":"Geral"}}]},{"@type":"Organization","@id":"https:\/\/www.jornalja.com.br\/arquivo\/#organization","name":"Jornal J\u00c1","description":"Jornal J\u00c1 | Porto Alegre","url":"https:\/\/www.jornalja.com.br\/arquivo\/","telephone":"+555133307272","logo":{"@type":"ImageObject","url":"https:\/\/www.jornalja.com.br\/wp-content\/uploads\/cards\/JAslogan.png","@id":"https:\/\/www.jornalja.com.br\/arquivo\/porto-alegre-sera-a-capital-politica-do-brasil-nesta-semana\/#organizationLogo"},"image":{"@id":"https:\/\/www.jornalja.com.br\/arquivo\/porto-alegre-sera-a-capital-politica-do-brasil-nesta-semana\/#organizationLogo"}},{"@type":"Person","@id":"https:\/\/www.jornalja.com.br\/arquivo\/author\/daredacao\/#author","url":"https:\/\/www.jornalja.com.br\/arquivo\/author\/daredacao\/","name":"da Reda\u00e7\u00e3o","image":{"@type":"ImageObject","@id":"https:\/\/www.jornalja.com.br\/arquivo\/porto-alegre-sera-a-capital-politica-do-brasil-nesta-semana\/#authorImage","url":"https:\/\/secure.gravatar.com\/avatar\/469fd857d6605ad19919d27ed29d35a968a25f6e8fd9318356bbb7f57aae9c65?s=96&d=mm&r=g","width":96,"height":96,"caption":"da Reda\u00e7\u00e3o"}},{"@type":"WebPage","@id":"https:\/\/www.jornalja.com.br\/arquivo\/porto-alegre-sera-a-capital-politica-do-brasil-nesta-semana\/#webpage","url":"https:\/\/www.jornalja.com.br\/arquivo\/porto-alegre-sera-a-capital-politica-do-brasil-nesta-semana\/","name":"Porto Alegre ser\u00e1 a capital pol\u00edtica do Brasil nesta semana | Arquivo","inLanguage":"pt-BR","isPartOf":{"@id":"https:\/\/www.jornalja.com.br\/arquivo\/#website"},"breadcrumb":{"@id":"https:\/\/www.jornalja.com.br\/arquivo\/porto-alegre-sera-a-capital-politica-do-brasil-nesta-semana\/#breadcrumblist"},"author":{"@id":"https:\/\/www.jornalja.com.br\/arquivo\/author\/daredacao\/#author"},"creator":{"@id":"https:\/\/www.jornalja.com.br\/arquivo\/author\/daredacao\/#author"},"image":{"@type":"ImageObject","url":59096,"@id":"https:\/\/www.jornalja.com.br\/arquivo\/porto-alegre-sera-a-capital-politica-do-brasil-nesta-semana\/#mainImage"},"primaryImageOfPage":{"@id":"https:\/\/www.jornalja.com.br\/arquivo\/porto-alegre-sera-a-capital-politica-do-brasil-nesta-semana\/#mainImage"},"datePublished":"2018-01-22T10:33:23-02:00","dateModified":"2018-01-22T10:33:23-02:00"},{"@type":"WebSite","@id":"https:\/\/www.jornalja.com.br\/arquivo\/#website","url":"https:\/\/www.jornalja.com.br\/arquivo\/","name":"Arquivo","description":"Jornal J\u00c1 | Porto Alegre","inLanguage":"pt-BR","publisher":{"@id":"https:\/\/www.jornalja.com.br\/arquivo\/#organization"}}]},"og:locale":"pt_BR","og:site_name":"Arquivo | Jornal J\u00c1 | Porto Alegre","og:type":"article","og:title":"Porto Alegre ser\u00e1 a capital pol\u00edtica do Brasil nesta semana | Arquivo","og:url":"https:\/\/www.jornalja.com.br\/arquivo\/porto-alegre-sera-a-capital-politica-do-brasil-nesta-semana\/","og:image":"https:\/\/www.jornalja.com.br\/economics\/wp-content\/uploads\/sites\/11\/2026\/08\/ja-folhaderosto-facebook.jpg","og:image:secure_url":"https:\/\/www.jornalja.com.br\/economics\/wp-content\/uploads\/sites\/11\/2026\/08\/ja-folhaderosto-facebook.jpg","article:published_time":"2018-01-22T12:33:23+00:00","article:modified_time":"2018-01-22T12:33:23+00:00","twitter:card":"summary","twitter:title":"Porto Alegre ser\u00e1 a capital pol\u00edtica do Brasil nesta semana | Arquivo","twitter:image":"https:\/\/www.jornalja.com.br\/economics\/wp-content\/uploads\/sites\/11\/2026\/08\/ja-folhaderosto-facebook.jpg"},"aioseo_meta_data":{"post_id":"59088","title":null,"description":null,"keywords":null,"keyphrases":null,"primary_term":null,"canonical_url":null,"og_title":null,"og_description":null,"og_object_type":"default","og_image_type":"default","og_image_url":null,"og_image_width":null,"og_image_height":null,"og_image_custom_url":null,"og_image_custom_fields":null,"og_video":null,"og_custom_url":null,"og_article_section":null,"og_article_tags":null,"twitter_use_og":false,"twitter_card":"default","twitter_image_type":"default","twitter_image_url":null,"twitter_image_custom_url":null,"twitter_image_custom_fields":null,"twitter_title":null,"twitter_description":null,"schema":{"blockGraphs":[],"customGraphs":[],"default":{"data":{"Article":[],"Course":[],"Dataset":[],"FAQPage":[],"Movie":[],"Person":[],"Product":[],"ProductReview":[],"Car":[],"Recipe":[],"Service":[],"SoftwareApplication":[],"WebPage":[]},"graphName":"","isEnabled":true},"graphs":[],"defaultGraph":"","defaultPostTypeGraph":""},"schema_type":null,"schema_type_options":null,"pillar_content":false,"robots_default":true,"robots_noindex":false,"robots_noarchive":false,"robots_nosnippet":false,"robots_nofollow":false,"robots_noimageindex":false,"robots_noodp":false,"robots_notranslate":false,"robots_max_snippet":null,"robots_max_videopreview":null,"robots_max_imagepreview":"large","priority":null,"frequency":null,"location":null,"local_seo":null,"breadcrumb_settings":null,"limit_modified_date":false,"ai":null,"created":"2020-12-20 20:18:56","updated":"2025-07-20 03:10:47","seo_analyzer_scan_date":null,"focus_keyword":null,"additional_keywords":null,"truseo_locale":null},"jetpack_sharing_enabled":true,"jetpack-related-posts":[{"id":13109,"url":"https:\/\/www.jornalja.com.br\/arquivo\/judiciario-reconhece-poluicao-eletromagnetica\/","url_meta":{"origin":59088,"position":0},"title":"Judici\u00e1rio reconhece polui\u00e7\u00e3o eletromagn\u00e9tica","author":"Patr\u00edcia Marini","date":"16 de maio de 2014","format":false,"excerpt":"A\u00e7\u00e3o de duas associa\u00e7\u00f5es de moradores foi acolhida pelo Tribunal de Justi\u00e7a de S\u00e3o Paulo que. em decis\u00e3o in\u00e9dita, determinou a redu\u00e7\u00e3o do campo eletromagn\u00e9tico gerado pelas linhas de transmiss\u00e3o de energia que cortam os bairros City Boa\u00e7ava e Alto de Pinheiros. \u00c9 a primeira vez que um tribunal do\u2026","rel":"","context":"Em &quot;X.Categorias velhas&quot;","block_context":{"text":"X.Categorias velhas","link":"https:\/\/www.jornalja.com.br\/arquivo\/category\/x-categorias-velhas\/"},"img":{"alt_text":"","src":"","width":0,"height":0},"classes":[]},{"id":13124,"url":"https:\/\/www.jornalja.com.br\/arquivo\/sangue-latino-no-iecine\/","url_meta":{"origin":59088,"position":1},"title":"Sangue latino no IECINE","author":"da Reda\u00e7\u00e3o","date":"18 de maio de 2014","format":false,"excerpt":"Francisco Ribeiro O Instituto Estadual de Cinema (IECINE) tem a frente, desde abril \u00faltimo, um novo diretor, o cineasta colombiano Juan Zapata, 36, que substitui Luiz Alberto Cassol. Radicado h\u00e1 dez anos em Porto Alegre, Zapata tem diante de si o desafio de conduzir at\u00e9 o final do ano um\u2026","rel":"","context":"Em &quot;Cultura-Geral&quot;","block_context":{"text":"Cultura-Geral","link":"https:\/\/www.jornalja.com.br\/arquivo\/category\/materiasecundaria\/"},"img":{"alt_text":"","src":"","width":0,"height":0},"classes":[]},{"id":5440,"url":"https:\/\/www.jornalja.com.br\/arquivo\/casarao-da-venancio-destino-permanece-incerto\/","url_meta":{"origin":59088,"position":2},"title":"Estado ainda n\u00e3o sabe o que fazer com casar\u00e3o abandonado h\u00e1 20 anos","author":"Elmar Bones","date":"6 de julho de 2009","format":false,"excerpt":"O casar\u00e3o amarelo, numa esquina nobre de Porto Alegre (Ven\u00e2ncio Aires com Jo\u00e3o Pessoa), j\u00e1 abrigou uma escola. H\u00e1 duas d\u00e9cadas, pelo menos, est\u00e1 abandonado, porque seu propriet\u00e1rio, o governo do Estado do Rio Grande do Sul, n\u00e3o consegue achar um destino para ele. Planos n\u00e3o faltaram. O governador Ol\u00edvio\u2026","rel":"","context":"Em &quot;X.Categorias velhas&quot;","block_context":{"text":"X.Categorias velhas","link":"https:\/\/www.jornalja.com.br\/arquivo\/category\/x-categorias-velhas\/"},"img":{"alt_text":"geraldo1","src":"https:\/\/i0.wp.com\/www.jornalja.com.br\/wp-content\/uploads\/2009\/07\/geraldo1.jpg?resize=350%2C200&ssl=1","width":350,"height":200},"classes":[]},{"id":13240,"url":"https:\/\/www.jornalja.com.br\/arquivo\/plano-diretor-estamos-construindo-o-caos\/","url_meta":{"origin":59088,"position":3},"title":"Plano diretor: &quot;Estamos construindo o caos&quot;","author":"Patr\u00edcia Marini","date":"26 de maio de 2014","format":false,"excerpt":"Desabafo que arquiteta Eliana Castilhos, delegada da Regi\u00e3o de Planejamento 1, postou nas redes sociais \u00e9 um testemunho do ambiente que se criou no Conselho do Plano Diretor de Porto Alegre, onde a aprova\u00e7\u00e3o de grandes empreendimentos \u00e9 empurrada guela abaixo dos conselheiros. Ao CMDUA Como delegada da Regi\u00e3o de\u2026","rel":"","context":"Em &quot;Geral&quot;","block_context":{"text":"Geral","link":"https:\/\/www.jornalja.com.br\/arquivo\/category\/geral\/"},"img":{"alt_text":"","src":"","width":0,"height":0},"classes":[]},{"id":12960,"url":"https:\/\/www.jornalja.com.br\/arquivo\/populacao-culpa-empresas-pela-greve-dos-rodoviarios\/","url_meta":{"origin":59088,"position":4},"title":"Popula\u00e7\u00e3o culpa empresas pela greve","author":"Patr\u00edcia Marini","date":"14 de fevereiro de 2014","format":false,"excerpt":"Pesquisa divulgada na edi\u00e7\u00e3o do jornal Metro desta sexta-feira,14, comprova o velho ditado: \u00e9 poss\u00edvel enganar muitos por algum tempo, mas n\u00e3o \u00e9 poss\u00edvel enganar a todos o tempo inteiro. A principal revela\u00e7\u00e3o foi que 59,8% dos entrevistados apontaram as empresas como as principais respons\u00e1veis pela grave e 46% culparam\u2026","rel":"","context":"Em &quot;X.Categorias velhas&quot;","block_context":{"text":"X.Categorias velhas","link":"https:\/\/www.jornalja.com.br\/arquivo\/category\/x-categorias-velhas\/"},"img":{"alt_text":"","src":"","width":0,"height":0},"classes":[]},{"id":13101,"url":"https:\/\/www.jornalja.com.br\/arquivo\/morre-um-guerreiro-do-texto\/","url_meta":{"origin":59088,"position":5},"title":"Morre um guerreiro do texto","author":"Patr\u00edcia Marini","date":"14 de maio de 2014","format":false,"excerpt":"Por Ricardo Kotscho Reproduzido do blog do autor, 11\/5\/2014; t\u00edtulo original \u201cE l\u00e1 se foi o nosso Myltainho, guerreiro do texto\u201d. Mi\u00fado e franzino, meu amigo Myltainho era um valente e inconformado guerreiro na luta contra as injusti\u00e7as sociais, a hipocrisia, as maracutaias, o autoritarismo, a intoler\u00e2ncia, a viol\u00eancia, o\u2026","rel":"","context":"Em &quot;Geral&quot;","block_context":{"text":"Geral","link":"https:\/\/www.jornalja.com.br\/arquivo\/category\/geral\/"},"img":{"alt_text":"","src":"","width":0,"height":0},"classes":[]}],"jetpack_shortlink":"https:\/\/wp.me\/pbQjBd-fn2","jetpack_featured_media_url":"","_links":{"self":[{"href":"https:\/\/www.jornalja.com.br\/arquivo\/wp-json\/wp\/v2\/posts\/59088","targetHints":{"allow":["GET"]}}],"collection":[{"href":"https:\/\/www.jornalja.com.br\/arquivo\/wp-json\/wp\/v2\/posts"}],"about":[{"href":"https:\/\/www.jornalja.com.br\/arquivo\/wp-json\/wp\/v2\/types\/post"}],"author":[{"embeddable":true,"href":"https:\/\/www.jornalja.com.br\/arquivo\/wp-json\/wp\/v2\/users\/4"}],"replies":[{"embeddable":true,"href":"https:\/\/www.jornalja.com.br\/arquivo\/wp-json\/wp\/v2\/comments?post=59088"}],"version-history":[{"count":0,"href":"https:\/\/www.jornalja.com.br\/arquivo\/wp-json\/wp\/v2\/posts\/59088\/revisions"}],"wp:attachment":[{"href":"https:\/\/www.jornalja.com.br\/arquivo\/wp-json\/wp\/v2\/media?parent=59088"}],"wp:term":[{"taxonomy":"category","embeddable":true,"href":"https:\/\/www.jornalja.com.br\/arquivo\/wp-json\/wp\/v2\/categories?post=59088"},{"taxonomy":"post_tag","embeddable":true,"href":"https:\/\/www.jornalja.com.br\/arquivo\/wp-json\/wp\/v2\/tags?post=59088"}],"curies":[{"name":"wp","href":"https:\/\/api.w.org\/{rel}","templated":true}]}}