{"id":59142,"date":"2018-01-23T15:47:58","date_gmt":"2018-01-23T17:47:58","guid":{"rendered":"https:\/\/www.jornalja.com.br\/?p=59142"},"modified":"2018-01-23T15:47:58","modified_gmt":"2018-01-23T17:47:58","slug":"trf4-absolveu-menos-de-10-dos-condenados-por-moro-na-lava-jato","status":"publish","type":"post","link":"https:\/\/www.jornalja.com.br\/arquivo\/trf4-absolveu-menos-de-10-dos-condenados-por-moro-na-lava-jato\/","title":{"rendered":"TRF4 absolveu menos de 10% dos condenados por Moro na Lava Jato"},"content":{"rendered":"<p>A julgar pelo hist\u00f3rico, a defesa do ex-presidente Lu\u00eds In\u00e1cio Lula da Silva ter\u00e1 uma miss\u00e3o dif\u00edcil na pr\u00f3xima quarta-feira, 24\/01, em Porto Alegre.<br \/>\nAt\u00e9 hoje, dos 77 condenados pelo juiz Sergio Moro em 1\u00aa inst\u00e2ncia na Opera\u00e7\u00e3o Lava Jato, apenas cinco foram absolvidos no Tribunal Regional Federal da 4\u00aa Regi\u00e3o (TRF4). O \u00edndice de absolvi\u00e7\u00e3o na 8\u00aa Turma Criminal da Corte \u00e9 de 6,5%.<br \/>\nA Turma respons\u00e1vel pelo julgamento \u00e9 formada pelos desembargadores: Jo\u00e3o Pedro Gebran, Leandro Paulsen e Victor Laus.<br \/>\n<span class=\"intertit\">Absolvi\u00e7\u00f5es<\/span><br \/>\nAt\u00e9 o momento, 98 decis\u00f5es de Moro \u2013 um condenado pode ter mais de uma senten\u00e7a \u2013 foram analisadas pelo TRF4 em 23 recursos. Desses, foram absolvidos o ex-tesoureiro do PT Jo\u00e3o Vaccari Neto (duas vezes), os executivos da empreiteira OAS, Mateus Coutinho de S\u00e1 Oliveira e Fernando Augusto Stremel Andrade, o operador Andr\u00e9 Cat\u00e3o de Miranda e tamb\u00e9m Maria Dirce Penasso, m\u00e3e da operadora Nelma Kodama.<br \/>\nVaccari foi condenado em cinco a\u00e7\u00f5es penais a 45 anos e seis meses, por crimes como corrup\u00e7\u00e3o e lavagem de dinheiro. Tr\u00eas senten\u00e7as de Moro j\u00e1 foram analisadas pela Corte \u2013 uma de quinze anos e quatro meses, outra de nove anos; onde o ex-tesoureiro foi absolvido. E uma terceira, de dez anos, onde a foi aumentada para 24 anos.<br \/>\nNo caso de Lula, o Tribunal Regional Federal da 4\u00aa Regi\u00e3o avan\u00e7ou 7 a\u00e7\u00f5es para tornar poss\u00edvel o julgamento em tempo menor do que outras a\u00e7\u00f5es. Os\u00a0sete processos chegaram ao tribunal regional\u00a0entre os dias 9 de agosto de 2016 e 21 de agosto de 2017, sendo que do ex-presidente chegou dia 23 de agosto de 2017. O tempo m\u00e9dio entre a decis\u00e3o em primeira inst\u00e2ncia e a o julgamento em segunda inst\u00e2ncia era de 14 meses. Com o processo de\u00a0Lula\u00a0o tempo foi de 5 meses.<br \/>\nEm junho passado, Lula foi condenado em primeira inst\u00e2ncia na Lava Jato por corrup\u00e7\u00e3o passiva e lavagem de dinheiro a 9 anos e 6 meses de pris\u00e3o, e recorre em liberdade. O TRF4 julga os processos a Lava Jato em segunda inst\u00e2ncia. Caso seja condenado, caber\u00e1 ao Supremo Tribunal Eleitoral decidir se Lula poder\u00e1 obter registro da sua candidatura ao pleito do pr\u00f3ximo outubro.<br \/>\n<span class=\"intertit\">Os ju\u00edzes:<\/span><br \/>\n<strong><img loading=\"lazy\" decoding=\"async\" class=\"alignleft wp-image-59145 size-thumbnail\" src=\"https:\/\/www.jornalja.com.br\/wp-content\/uploads\/2018\/01\/3-133x250.jpg\" alt=\"\" width=\"133\" height=\"250\" \/>Jo\u00e3o Pedro Gebran Neto, 52 anos<\/strong><br \/>\nTido como um juiz rigoroso, principalmente na relatoria dos processos da Lava Jato, o paranaense Jo\u00e3o Pedro Gebran Neto tem 52 anos, foi promotor de Justi\u00e7a e juiz federal antes de se tornar desembargador federal, nomeado pela ex-presidente Dilma Rousseff em novembro de 2013.<br \/>\nFormado em direito em 1988 pela Faculdade de Direito de Curitiba e mestre pela Universidade Federal do Paran\u00e1 (UFPR) em 2001, Gebran foi colega do juiz Sergio Moro na p\u00f3s-gradua\u00e7\u00e3o da UFPR. Questionado v\u00e1rias vezes por sua amizade com Moro, j\u00e1 ponderou que \u201ceventual amizade entre julgadores de primeiro e segundo graus de jurisdi\u00e7\u00e3o n\u00e3o provocam suspei\u00e7\u00e3o\u201d.<br \/>\n<strong><img loading=\"lazy\" decoding=\"async\" class=\"alignleft wp-image-59144 size-thumbnail\" src=\"https:\/\/www.jornalja.com.br\/wp-content\/uploads\/2018\/01\/2-150x250.jpg\" alt=\"\" width=\"150\" height=\"250\" \/>Leandro Paulsen, 47 anos<\/strong><br \/>\nLeandro Paulsen, 47 anos, \u00e9 o mais jovem e na Lava Jato seus votos costumam acompanhar os dos outros julgadores.<br \/>\nSua forma\u00e7\u00e3o inicial \u00e9 na \u00e1rea tribut\u00e1ria, mas tem especializado como penalista. \u00danico ga\u00facho da Turma, formou-se em direito na PUC-RS e tamb\u00e9m \u00e9 especialista em filosofia e economia pol\u00edtica pela mesma universidade, onde leciona. Ingressou no TRF4 ao lado de Gebran, em 2013, tamb\u00e9m nomeado por Dilma. Antes, foi juiz auxiliar da vice-presid\u00eancia do TRF4 (2012-2013) e da ministra Ellen Gracie no Supremo Tribunal Federal, entre 2007 e 2010.<br \/>\n<strong><img loading=\"lazy\" decoding=\"async\" class=\"alignleft wp-image-59143 size-thumbnail\" src=\"https:\/\/www.jornalja.com.br\/wp-content\/uploads\/2018\/01\/1-154x250.jpg\" alt=\"\" width=\"154\" height=\"250\" \/>Victor Luiz dos Santos Laus, 54 anos<\/strong><br \/>\nConsiderado o mais severo dos desembargadores, Victor Luiz dos Santos Laus. Est\u00e1 no TRF4 desde 2003, oriundo do Minist\u00e9rio P\u00fablico Federal, onde ele ocupava uma cadeira de procurador.<br \/>\nA fama de rigoroso do desembargador \u00e9 compartilhada pelos advogados que atuam no tribunal. Considerado detalhista ao extremo, ele chega a interromper exposi\u00e7\u00e3o oral de defensores quando topa com uma informa\u00e7\u00e3o falada que n\u00e3o est\u00e1 nos autos.<br \/>\nDe perfil conservador, Laus foi nomeado pelo ex-presidente Fernando Henrique Cardoso ao encabe\u00e7ar uma lista tr\u00edplice feita pelo Minist\u00e9rio P\u00fablico Federal. Tem 54 anos, \u00e9 natural de Joa\u00e7aba (SC) e se formou em direito pela Universidade Federal de Santa Catarina. Foi promotor de Justi\u00e7a e servidor do tribunal estadual.<br \/>\n<span class=\"intertit\">Quem mais ser\u00e1 julgado<\/span><br \/>\nAl\u00e9m de Lula, recorreram contra a senten\u00e7a de S\u00e9rgio Moro o ex-presidente da OAS, Jos\u00e9 Aldemario Pinheiro Filho (condenado em primeira inst\u00e2ncia a 10 anos e 8 meses), o ex-diretor da \u00e1rea internacional da OAS, Agenor Franklin Magalh\u00e3es Medeiros (condenado a 6 anos) e o ex-presidente do Instituto Lula Paulo Okamotto (absolvido em primeira inst\u00e2ncia, mas requer troca dos fundamentos da senten\u00e7a). O Minist\u00e9rio P\u00fablico Federal (MPF) recorreu contra a absolvi\u00e7\u00e3o em primeira inst\u00e2ncia de tr\u00eas executivos da OAS: Paulo Roberto Valente Gordilho, Roberto Moreira Ferreira e F\u00e1bio Hori Yonamine.<\/p>\n","protected":false},"excerpt":{"rendered":"<p>A julgar pelo hist\u00f3rico, a defesa do ex-presidente Lu\u00eds In\u00e1cio Lula da Silva ter\u00e1 uma miss\u00e3o dif\u00edcil na pr\u00f3xima quarta-feira, 24\/01, em Porto Alegre. At\u00e9 hoje, dos 77 condenados pelo juiz Sergio Moro em 1\u00aa inst\u00e2ncia na Opera\u00e7\u00e3o Lava Jato, apenas cinco foram absolvidos no Tribunal Regional Federal da 4\u00aa Regi\u00e3o (TRF4). O \u00edndice de [&hellip;]<\/p>\n","protected":false},"author":4,"featured_media":59146,"comment_status":"open","ping_status":"closed","sticky":false,"template":"","format":"standard","meta":{"_jetpack_newsletter_access":"","_jetpack_dont_email_post_to_subs":false,"_jetpack_newsletter_tier_id":0,"_jetpack_memberships_contains_paywalled_content":false,"_jetpack_feature_clip_id":0,"_jetpack_memberships_contains_paid_content":false,"footnotes":"","jetpack_post_was_ever_published":false},"categories":[26],"tags":[],"class_list":["post-59142","post","type-post","status-publish","format-standard","has-post-thumbnail","hentry","category-geral"],"aioseo_notices":[],"aioseo_head":"\n\t\t<!-- All in One SEO 5.0.1.1 - aioseo.com -->\n\t<meta name=\"robots\" content=\"max-image-preview:large\" \/>\n\t<meta name=\"author\" content=\"da Reda\u00e7\u00e3o\"\/>\n\t<link rel=\"canonical\" href=\"https:\/\/www.jornalja.com.br\/arquivo\/trf4-absolveu-menos-de-10-dos-condenados-por-moro-na-lava-jato\/\" \/>\n\t<meta name=\"generator\" content=\"All in One SEO (AIOSEO) 5.0.1.1\" \/>\n\t\t<meta property=\"og:locale\" content=\"pt_BR\" \/>\n\t\t<meta property=\"og:site_name\" content=\"Arquivo | Jornal J\u00c1 | Porto Alegre\" \/>\n\t\t<meta property=\"og:type\" content=\"article\" \/>\n\t\t<meta property=\"og:title\" content=\"TRF4 absolveu menos de 10% dos condenados por Moro na Lava Jato | Arquivo\" \/>\n\t\t<meta property=\"og:url\" content=\"https:\/\/www.jornalja.com.br\/arquivo\/trf4-absolveu-menos-de-10-dos-condenados-por-moro-na-lava-jato\/\" \/>\n\t\t<meta property=\"og:image\" content=\"https:\/\/www.jornalja.com.br\/wp-content\/uploads\/2018\/01\/3-133x250.jpg\" \/>\n\t\t<meta property=\"og:image:secure_url\" content=\"https:\/\/www.jornalja.com.br\/wp-content\/uploads\/2018\/01\/3-133x250.jpg\" \/>\n\t\t<meta property=\"article:published_time\" content=\"2018-01-23T17:47:58+00:00\" \/>\n\t\t<meta property=\"article:modified_time\" content=\"2018-01-23T17:47:58+00:00\" \/>\n\t\t<meta name=\"twitter:card\" content=\"summary\" \/>\n\t\t<meta name=\"twitter:title\" content=\"TRF4 absolveu menos de 10% dos condenados por Moro na Lava Jato | Arquivo\" \/>\n\t\t<meta name=\"twitter:image\" content=\"https:\/\/www.jornalja.com.br\/economics\/wp-content\/uploads\/sites\/11\/2026\/08\/ja-folhaderosto-facebook.jpg\" \/>\n\t\t<script type=\"application\/ld+json\" class=\"aioseo-schema\">\n\t\t\t{\"@context\":\"https:\\\/\\\/schema.org\",\"@graph\":[{\"@type\":\"BlogPosting\",\"@id\":\"https:\\\/\\\/www.jornalja.com.br\\\/arquivo\\\/trf4-absolveu-menos-de-10-dos-condenados-por-moro-na-lava-jato\\\/#blogposting\",\"name\":\"TRF4 absolveu menos de 10% dos condenados por Moro na Lava Jato | Arquivo\",\"headline\":\"TRF4 absolveu menos de 10% dos condenados por Moro na Lava Jato\",\"author\":{\"@id\":\"https:\\\/\\\/www.jornalja.com.br\\\/arquivo\\\/author\\\/daredacao\\\/#author\"},\"publisher\":{\"@id\":\"https:\\\/\\\/www.jornalja.com.br\\\/arquivo\\\/#organization\"},\"image\":{\"@type\":\"ImageObject\",\"url\":59146},\"datePublished\":\"2018-01-23T15:47:58-02:00\",\"dateModified\":\"2018-01-23T15:47:58-02:00\",\"inLanguage\":\"pt-BR\",\"mainEntityOfPage\":{\"@id\":\"https:\\\/\\\/www.jornalja.com.br\\\/arquivo\\\/trf4-absolveu-menos-de-10-dos-condenados-por-moro-na-lava-jato\\\/#webpage\"},\"isPartOf\":{\"@id\":\"https:\\\/\\\/www.jornalja.com.br\\\/arquivo\\\/trf4-absolveu-menos-de-10-dos-condenados-por-moro-na-lava-jato\\\/#webpage\"},\"articleSection\":\"Geral\"},{\"@type\":\"BreadcrumbList\",\"@id\":\"https:\\\/\\\/www.jornalja.com.br\\\/arquivo\\\/trf4-absolveu-menos-de-10-dos-condenados-por-moro-na-lava-jato\\\/#breadcrumblist\",\"itemListElement\":[{\"@type\":\"ListItem\",\"@id\":\"https:\\\/\\\/www.jornalja.com.br\\\/arquivo#listItem\",\"position\":1,\"name\":\"Home\",\"item\":\"https:\\\/\\\/www.jornalja.com.br\\\/arquivo\",\"nextItem\":{\"@type\":\"ListItem\",\"@id\":\"https:\\\/\\\/www.jornalja.com.br\\\/arquivo\\\/category\\\/geral\\\/#listItem\",\"name\":\"Geral\"}},{\"@type\":\"ListItem\",\"@id\":\"https:\\\/\\\/www.jornalja.com.br\\\/arquivo\\\/category\\\/geral\\\/#listItem\",\"position\":2,\"name\":\"Geral\",\"item\":\"https:\\\/\\\/www.jornalja.com.br\\\/arquivo\\\/category\\\/geral\\\/\",\"nextItem\":{\"@type\":\"ListItem\",\"@id\":\"https:\\\/\\\/www.jornalja.com.br\\\/arquivo\\\/trf4-absolveu-menos-de-10-dos-condenados-por-moro-na-lava-jato\\\/#listItem\",\"name\":\"TRF4 absolveu menos de 10% dos condenados por Moro na Lava Jato\"},\"previousItem\":{\"@type\":\"ListItem\",\"@id\":\"https:\\\/\\\/www.jornalja.com.br\\\/arquivo#listItem\",\"name\":\"Home\"}},{\"@type\":\"ListItem\",\"@id\":\"https:\\\/\\\/www.jornalja.com.br\\\/arquivo\\\/trf4-absolveu-menos-de-10-dos-condenados-por-moro-na-lava-jato\\\/#listItem\",\"position\":3,\"name\":\"TRF4 absolveu menos de 10% dos condenados por Moro na Lava Jato\",\"previousItem\":{\"@type\":\"ListItem\",\"@id\":\"https:\\\/\\\/www.jornalja.com.br\\\/arquivo\\\/category\\\/geral\\\/#listItem\",\"name\":\"Geral\"}}]},{\"@type\":\"Organization\",\"@id\":\"https:\\\/\\\/www.jornalja.com.br\\\/arquivo\\\/#organization\",\"name\":\"Jornal J\\u00c1\",\"description\":\"Jornal J\\u00c1 | Porto Alegre\",\"url\":\"https:\\\/\\\/www.jornalja.com.br\\\/arquivo\\\/\",\"telephone\":\"+555133307272\",\"logo\":{\"@type\":\"ImageObject\",\"url\":\"https:\\\/\\\/www.jornalja.com.br\\\/wp-content\\\/uploads\\\/cards\\\/JAslogan.png\",\"@id\":\"https:\\\/\\\/www.jornalja.com.br\\\/arquivo\\\/trf4-absolveu-menos-de-10-dos-condenados-por-moro-na-lava-jato\\\/#organizationLogo\"},\"image\":{\"@id\":\"https:\\\/\\\/www.jornalja.com.br\\\/arquivo\\\/trf4-absolveu-menos-de-10-dos-condenados-por-moro-na-lava-jato\\\/#organizationLogo\"}},{\"@type\":\"Person\",\"@id\":\"https:\\\/\\\/www.jornalja.com.br\\\/arquivo\\\/author\\\/daredacao\\\/#author\",\"url\":\"https:\\\/\\\/www.jornalja.com.br\\\/arquivo\\\/author\\\/daredacao\\\/\",\"name\":\"da Reda\\u00e7\\u00e3o\",\"image\":{\"@type\":\"ImageObject\",\"@id\":\"https:\\\/\\\/www.jornalja.com.br\\\/arquivo\\\/trf4-absolveu-menos-de-10-dos-condenados-por-moro-na-lava-jato\\\/#authorImage\",\"url\":\"https:\\\/\\\/secure.gravatar.com\\\/avatar\\\/469fd857d6605ad19919d27ed29d35a968a25f6e8fd9318356bbb7f57aae9c65?s=96&d=mm&r=g\",\"width\":96,\"height\":96,\"caption\":\"da Reda\\u00e7\\u00e3o\"}},{\"@type\":\"WebPage\",\"@id\":\"https:\\\/\\\/www.jornalja.com.br\\\/arquivo\\\/trf4-absolveu-menos-de-10-dos-condenados-por-moro-na-lava-jato\\\/#webpage\",\"url\":\"https:\\\/\\\/www.jornalja.com.br\\\/arquivo\\\/trf4-absolveu-menos-de-10-dos-condenados-por-moro-na-lava-jato\\\/\",\"name\":\"TRF4 absolveu menos de 10% dos condenados por Moro na Lava Jato | Arquivo\",\"inLanguage\":\"pt-BR\",\"isPartOf\":{\"@id\":\"https:\\\/\\\/www.jornalja.com.br\\\/arquivo\\\/#website\"},\"breadcrumb\":{\"@id\":\"https:\\\/\\\/www.jornalja.com.br\\\/arquivo\\\/trf4-absolveu-menos-de-10-dos-condenados-por-moro-na-lava-jato\\\/#breadcrumblist\"},\"author\":{\"@id\":\"https:\\\/\\\/www.jornalja.com.br\\\/arquivo\\\/author\\\/daredacao\\\/#author\"},\"creator\":{\"@id\":\"https:\\\/\\\/www.jornalja.com.br\\\/arquivo\\\/author\\\/daredacao\\\/#author\"},\"image\":{\"@type\":\"ImageObject\",\"url\":59146,\"@id\":\"https:\\\/\\\/www.jornalja.com.br\\\/arquivo\\\/trf4-absolveu-menos-de-10-dos-condenados-por-moro-na-lava-jato\\\/#mainImage\"},\"primaryImageOfPage\":{\"@id\":\"https:\\\/\\\/www.jornalja.com.br\\\/arquivo\\\/trf4-absolveu-menos-de-10-dos-condenados-por-moro-na-lava-jato\\\/#mainImage\"},\"datePublished\":\"2018-01-23T15:47:58-02:00\",\"dateModified\":\"2018-01-23T15:47:58-02:00\"},{\"@type\":\"WebSite\",\"@id\":\"https:\\\/\\\/www.jornalja.com.br\\\/arquivo\\\/#website\",\"url\":\"https:\\\/\\\/www.jornalja.com.br\\\/arquivo\\\/\",\"name\":\"Arquivo\",\"description\":\"Jornal J\\u00c1 | Porto Alegre\",\"inLanguage\":\"pt-BR\",\"publisher\":{\"@id\":\"https:\\\/\\\/www.jornalja.com.br\\\/arquivo\\\/#organization\"}}]}\n\t\t<\/script>\n\t\t<!-- All in One SEO -->\n\n","aioseo_head_json":{"title":"TRF4 absolveu menos de 10% dos condenados por Moro na Lava Jato | Arquivo","description":"","canonical_url":"https:\/\/www.jornalja.com.br\/arquivo\/trf4-absolveu-menos-de-10-dos-condenados-por-moro-na-lava-jato\/","robots":"max-image-preview:large","keywords":"","webmasterTools":{"miscellaneous":""},"schema":{"@context":"https:\/\/schema.org","@graph":[{"@type":"BlogPosting","@id":"https:\/\/www.jornalja.com.br\/arquivo\/trf4-absolveu-menos-de-10-dos-condenados-por-moro-na-lava-jato\/#blogposting","name":"TRF4 absolveu menos de 10% dos condenados por Moro na Lava Jato | Arquivo","headline":"TRF4 absolveu menos de 10% dos condenados por Moro na Lava Jato","author":{"@id":"https:\/\/www.jornalja.com.br\/arquivo\/author\/daredacao\/#author"},"publisher":{"@id":"https:\/\/www.jornalja.com.br\/arquivo\/#organization"},"image":{"@type":"ImageObject","url":59146},"datePublished":"2018-01-23T15:47:58-02:00","dateModified":"2018-01-23T15:47:58-02:00","inLanguage":"pt-BR","mainEntityOfPage":{"@id":"https:\/\/www.jornalja.com.br\/arquivo\/trf4-absolveu-menos-de-10-dos-condenados-por-moro-na-lava-jato\/#webpage"},"isPartOf":{"@id":"https:\/\/www.jornalja.com.br\/arquivo\/trf4-absolveu-menos-de-10-dos-condenados-por-moro-na-lava-jato\/#webpage"},"articleSection":"Geral"},{"@type":"BreadcrumbList","@id":"https:\/\/www.jornalja.com.br\/arquivo\/trf4-absolveu-menos-de-10-dos-condenados-por-moro-na-lava-jato\/#breadcrumblist","itemListElement":[{"@type":"ListItem","@id":"https:\/\/www.jornalja.com.br\/arquivo#listItem","position":1,"name":"Home","item":"https:\/\/www.jornalja.com.br\/arquivo","nextItem":{"@type":"ListItem","@id":"https:\/\/www.jornalja.com.br\/arquivo\/category\/geral\/#listItem","name":"Geral"}},{"@type":"ListItem","@id":"https:\/\/www.jornalja.com.br\/arquivo\/category\/geral\/#listItem","position":2,"name":"Geral","item":"https:\/\/www.jornalja.com.br\/arquivo\/category\/geral\/","nextItem":{"@type":"ListItem","@id":"https:\/\/www.jornalja.com.br\/arquivo\/trf4-absolveu-menos-de-10-dos-condenados-por-moro-na-lava-jato\/#listItem","name":"TRF4 absolveu menos de 10% dos condenados por Moro na Lava Jato"},"previousItem":{"@type":"ListItem","@id":"https:\/\/www.jornalja.com.br\/arquivo#listItem","name":"Home"}},{"@type":"ListItem","@id":"https:\/\/www.jornalja.com.br\/arquivo\/trf4-absolveu-menos-de-10-dos-condenados-por-moro-na-lava-jato\/#listItem","position":3,"name":"TRF4 absolveu menos de 10% dos condenados por Moro na Lava Jato","previousItem":{"@type":"ListItem","@id":"https:\/\/www.jornalja.com.br\/arquivo\/category\/geral\/#listItem","name":"Geral"}}]},{"@type":"Organization","@id":"https:\/\/www.jornalja.com.br\/arquivo\/#organization","name":"Jornal J\u00c1","description":"Jornal J\u00c1 | Porto Alegre","url":"https:\/\/www.jornalja.com.br\/arquivo\/","telephone":"+555133307272","logo":{"@type":"ImageObject","url":"https:\/\/www.jornalja.com.br\/wp-content\/uploads\/cards\/JAslogan.png","@id":"https:\/\/www.jornalja.com.br\/arquivo\/trf4-absolveu-menos-de-10-dos-condenados-por-moro-na-lava-jato\/#organizationLogo"},"image":{"@id":"https:\/\/www.jornalja.com.br\/arquivo\/trf4-absolveu-menos-de-10-dos-condenados-por-moro-na-lava-jato\/#organizationLogo"}},{"@type":"Person","@id":"https:\/\/www.jornalja.com.br\/arquivo\/author\/daredacao\/#author","url":"https:\/\/www.jornalja.com.br\/arquivo\/author\/daredacao\/","name":"da Reda\u00e7\u00e3o","image":{"@type":"ImageObject","@id":"https:\/\/www.jornalja.com.br\/arquivo\/trf4-absolveu-menos-de-10-dos-condenados-por-moro-na-lava-jato\/#authorImage","url":"https:\/\/secure.gravatar.com\/avatar\/469fd857d6605ad19919d27ed29d35a968a25f6e8fd9318356bbb7f57aae9c65?s=96&d=mm&r=g","width":96,"height":96,"caption":"da Reda\u00e7\u00e3o"}},{"@type":"WebPage","@id":"https:\/\/www.jornalja.com.br\/arquivo\/trf4-absolveu-menos-de-10-dos-condenados-por-moro-na-lava-jato\/#webpage","url":"https:\/\/www.jornalja.com.br\/arquivo\/trf4-absolveu-menos-de-10-dos-condenados-por-moro-na-lava-jato\/","name":"TRF4 absolveu menos de 10% dos condenados por Moro na Lava Jato | Arquivo","inLanguage":"pt-BR","isPartOf":{"@id":"https:\/\/www.jornalja.com.br\/arquivo\/#website"},"breadcrumb":{"@id":"https:\/\/www.jornalja.com.br\/arquivo\/trf4-absolveu-menos-de-10-dos-condenados-por-moro-na-lava-jato\/#breadcrumblist"},"author":{"@id":"https:\/\/www.jornalja.com.br\/arquivo\/author\/daredacao\/#author"},"creator":{"@id":"https:\/\/www.jornalja.com.br\/arquivo\/author\/daredacao\/#author"},"image":{"@type":"ImageObject","url":59146,"@id":"https:\/\/www.jornalja.com.br\/arquivo\/trf4-absolveu-menos-de-10-dos-condenados-por-moro-na-lava-jato\/#mainImage"},"primaryImageOfPage":{"@id":"https:\/\/www.jornalja.com.br\/arquivo\/trf4-absolveu-menos-de-10-dos-condenados-por-moro-na-lava-jato\/#mainImage"},"datePublished":"2018-01-23T15:47:58-02:00","dateModified":"2018-01-23T15:47:58-02:00"},{"@type":"WebSite","@id":"https:\/\/www.jornalja.com.br\/arquivo\/#website","url":"https:\/\/www.jornalja.com.br\/arquivo\/","name":"Arquivo","description":"Jornal J\u00c1 | Porto Alegre","inLanguage":"pt-BR","publisher":{"@id":"https:\/\/www.jornalja.com.br\/arquivo\/#organization"}}]},"og:locale":"pt_BR","og:site_name":"Arquivo | Jornal J\u00c1 | Porto Alegre","og:type":"article","og:title":"TRF4 absolveu menos de 10% dos condenados por Moro na Lava Jato | Arquivo","og:url":"https:\/\/www.jornalja.com.br\/arquivo\/trf4-absolveu-menos-de-10-dos-condenados-por-moro-na-lava-jato\/","og:image":"https:\/\/www.jornalja.com.br\/wp-content\/uploads\/2018\/01\/3-133x250.jpg","og:image:secure_url":"https:\/\/www.jornalja.com.br\/wp-content\/uploads\/2018\/01\/3-133x250.jpg","article:published_time":"2018-01-23T17:47:58+00:00","article:modified_time":"2018-01-23T17:47:58+00:00","twitter:card":"summary","twitter:title":"TRF4 absolveu menos de 10% dos condenados por Moro na Lava Jato | Arquivo","twitter:image":"https:\/\/www.jornalja.com.br\/economics\/wp-content\/uploads\/sites\/11\/2026\/08\/ja-folhaderosto-facebook.jpg"},"aioseo_meta_data":{"post_id":"59142","title":null,"description":null,"keywords":null,"keyphrases":null,"primary_term":null,"canonical_url":null,"og_title":null,"og_description":null,"og_object_type":"default","og_image_type":"default","og_image_url":null,"og_image_width":null,"og_image_height":null,"og_image_custom_url":null,"og_image_custom_fields":null,"og_video":null,"og_custom_url":null,"og_article_section":null,"og_article_tags":null,"twitter_use_og":false,"twitter_card":"default","twitter_image_type":"default","twitter_image_url":null,"twitter_image_custom_url":null,"twitter_image_custom_fields":null,"twitter_title":null,"twitter_description":null,"schema":{"blockGraphs":[],"customGraphs":[],"default":{"data":{"Article":[],"Course":[],"Dataset":[],"FAQPage":[],"Movie":[],"Person":[],"Product":[],"ProductReview":[],"Car":[],"Recipe":[],"Service":[],"SoftwareApplication":[],"WebPage":[]},"graphName":"","isEnabled":true},"graphs":[]},"schema_type":null,"schema_type_options":null,"pillar_content":false,"robots_default":true,"robots_noindex":false,"robots_noarchive":false,"robots_nosnippet":false,"robots_nofollow":false,"robots_noimageindex":false,"robots_noodp":false,"robots_notranslate":false,"robots_max_snippet":null,"robots_max_videopreview":null,"robots_max_imagepreview":"large","priority":null,"frequency":null,"location":null,"local_seo":null,"breadcrumb_settings":null,"limit_modified_date":false,"ai":null,"created":"2020-12-20 20:18:56","updated":"2025-07-20 03:11:20","seo_analyzer_scan_date":null,"focus_keyword":null,"additional_keywords":null,"truseo_locale":null},"jetpack_sharing_enabled":true,"jetpack-related-posts":[{"id":5440,"url":"https:\/\/www.jornalja.com.br\/arquivo\/casarao-da-venancio-destino-permanece-incerto\/","url_meta":{"origin":59142,"position":0},"title":"Estado ainda n\u00e3o sabe o que fazer com casar\u00e3o abandonado h\u00e1 20 anos","author":"Elmar Bones","date":"6 de julho de 2009","format":false,"excerpt":"O casar\u00e3o amarelo, numa esquina nobre de Porto Alegre (Ven\u00e2ncio Aires com Jo\u00e3o Pessoa), j\u00e1 abrigou uma escola. H\u00e1 duas d\u00e9cadas, pelo menos, est\u00e1 abandonado, porque seu propriet\u00e1rio, o governo do Estado do Rio Grande do Sul, n\u00e3o consegue achar um destino para ele. Planos n\u00e3o faltaram. O governador Ol\u00edvio\u2026","rel":"","context":"Em &quot;X.Categorias velhas&quot;","block_context":{"text":"X.Categorias velhas","link":"https:\/\/www.jornalja.com.br\/arquivo\/category\/x-categorias-velhas\/"},"img":{"alt_text":"geraldo1","src":"https:\/\/i0.wp.com\/www.jornalja.com.br\/wp-content\/uploads\/2009\/07\/geraldo1.jpg?resize=350%2C200&ssl=1","width":350,"height":200},"classes":[]},{"id":14241,"url":"https:\/\/www.jornalja.com.br\/arquivo\/o-guaiba-nas-imagens-poeticas-de-achutti\/","url_meta":{"origin":59142,"position":1},"title":"O Gua\u00edba nas imagens po\u00e9ticas de Achutti","author":"da Reda\u00e7\u00e3o","date":"18 de junho de 2014","format":false,"excerpt":"Em \u201cO Gua\u00edba por Achutti\u201d \u2013 obra financiada via Minist\u00e9rio da Cultura, produ\u00e7\u00e3o executiva de Pedro Longhi, e Fl\u00e1vio Wild como designer \u2013, o fot\u00f3grafo revela a beleza e as mazelas de um espa\u00e7o aqu\u00e1tico de \u00e1guas sempre renovadas, cheio de hist\u00f3rias e lendas como as das cidades que foram\u2026","rel":"","context":"Em &quot;Cultura-Geral&quot;","block_context":{"text":"Cultura-Geral","link":"https:\/\/www.jornalja.com.br\/arquivo\/category\/materiasecundaria\/"},"img":{"alt_text":"","src":"","width":0,"height":0},"classes":[]},{"id":13128,"url":"https:\/\/www.jornalja.com.br\/arquivo\/maconha-terra-diz-que-uso-medicinal-e-desculpa\/","url_meta":{"origin":59142,"position":2},"title":"Maconha: Terra diz que uso medicinal \u00e9 desculpa","author":"Patr\u00edcia Marini","date":"4 de junho de 2014","format":false,"excerpt":"A condi\u00e7\u00e3o de pol\u00edtico, em \u00e9poca de campanha de campanha eleitoral, tira for\u00e7a do discurso do m\u00e9dico Osmar Terra contra a legaliza\u00e7\u00e3o da maconha. A tese dele de que a libera\u00e7\u00e3o vai ampliar exponencialmente o consumo \u00e9 discutivel, o consumo \u00e9 corrente. Mas seus alertas quanto aos riscos tem que\u2026","rel":"","context":"Em &quot;X.Categorias velhas&quot;","block_context":{"text":"X.Categorias velhas","link":"https:\/\/www.jornalja.com.br\/arquivo\/category\/x-categorias-velhas\/"},"img":{"alt_text":"","src":"","width":0,"height":0},"classes":[]},{"id":13240,"url":"https:\/\/www.jornalja.com.br\/arquivo\/plano-diretor-estamos-construindo-o-caos\/","url_meta":{"origin":59142,"position":3},"title":"Plano diretor: &quot;Estamos construindo o caos&quot;","author":"Patr\u00edcia Marini","date":"26 de maio de 2014","format":false,"excerpt":"Desabafo que arquiteta Eliana Castilhos, delegada da Regi\u00e3o de Planejamento 1, postou nas redes sociais \u00e9 um testemunho do ambiente que se criou no Conselho do Plano Diretor de Porto Alegre, onde a aprova\u00e7\u00e3o de grandes empreendimentos \u00e9 empurrada guela abaixo dos conselheiros. Ao CMDUA Como delegada da Regi\u00e3o de\u2026","rel":"","context":"Em &quot;Geral&quot;","block_context":{"text":"Geral","link":"https:\/\/www.jornalja.com.br\/arquivo\/category\/geral\/"},"img":{"alt_text":"","src":"","width":0,"height":0},"classes":[]},{"id":13124,"url":"https:\/\/www.jornalja.com.br\/arquivo\/sangue-latino-no-iecine\/","url_meta":{"origin":59142,"position":4},"title":"Sangue latino no IECINE","author":"da Reda\u00e7\u00e3o","date":"18 de maio de 2014","format":false,"excerpt":"Francisco Ribeiro O Instituto Estadual de Cinema (IECINE) tem a frente, desde abril \u00faltimo, um novo diretor, o cineasta colombiano Juan Zapata, 36, que substitui Luiz Alberto Cassol. Radicado h\u00e1 dez anos em Porto Alegre, Zapata tem diante de si o desafio de conduzir at\u00e9 o final do ano um\u2026","rel":"","context":"Em &quot;Cultura-Geral&quot;","block_context":{"text":"Cultura-Geral","link":"https:\/\/www.jornalja.com.br\/arquivo\/category\/materiasecundaria\/"},"img":{"alt_text":"","src":"","width":0,"height":0},"classes":[]},{"id":13239,"url":"https:\/\/www.jornalja.com.br\/arquivo\/conselho-desdenha-do-plano-diretor\/","url_meta":{"origin":59142,"position":5},"title":"Porto Alegre: Conselho detona Plano Diretor","author":"Patr\u00edcia Marini","date":"25 de maio de 2014","format":false,"excerpt":"Den\u00fancia do arquiteto e \u00a0urbanista Ibir\u00e1 Santos Lucas. Ele diz que os conselheiros est\u00e3o votando com \"enorme irresponsabilidade\". \"Mudam regime com a maior naturalidade,,,regularizam absurdos de constru\u00e7\u00f5es irregulares... \"O CMDUA est\u00e1 flexibilizando a lei do plano diretor, de uma forma impactante na vida da cidade. Mudam regime com a maior\u2026","rel":"","context":"Em &quot;Geral&quot;","block_context":{"text":"Geral","link":"https:\/\/www.jornalja.com.br\/arquivo\/category\/geral\/"},"img":{"alt_text":"","src":"","width":0,"height":0},"classes":[]}],"jetpack_shortlink":"https:\/\/wp.me\/pbQjBd-fnU","jetpack_featured_media_url":"","_links":{"self":[{"href":"https:\/\/www.jornalja.com.br\/arquivo\/wp-json\/wp\/v2\/posts\/59142","targetHints":{"allow":["GET"]}}],"collection":[{"href":"https:\/\/www.jornalja.com.br\/arquivo\/wp-json\/wp\/v2\/posts"}],"about":[{"href":"https:\/\/www.jornalja.com.br\/arquivo\/wp-json\/wp\/v2\/types\/post"}],"author":[{"embeddable":true,"href":"https:\/\/www.jornalja.com.br\/arquivo\/wp-json\/wp\/v2\/users\/4"}],"replies":[{"embeddable":true,"href":"https:\/\/www.jornalja.com.br\/arquivo\/wp-json\/wp\/v2\/comments?post=59142"}],"version-history":[{"count":0,"href":"https:\/\/www.jornalja.com.br\/arquivo\/wp-json\/wp\/v2\/posts\/59142\/revisions"}],"wp:attachment":[{"href":"https:\/\/www.jornalja.com.br\/arquivo\/wp-json\/wp\/v2\/media?parent=59142"}],"wp:term":[{"taxonomy":"category","embeddable":true,"href":"https:\/\/www.jornalja.com.br\/arquivo\/wp-json\/wp\/v2\/categories?post=59142"},{"taxonomy":"post_tag","embeddable":true,"href":"https:\/\/www.jornalja.com.br\/arquivo\/wp-json\/wp\/v2\/tags?post=59142"}],"curies":[{"name":"wp","href":"https:\/\/api.w.org\/{rel}","templated":true}]}}