{"id":59204,"date":"2018-01-24T14:23:19","date_gmt":"2018-01-24T16:23:19","guid":{"rendered":"https:\/\/www.jornalja.com.br\/?p=59204"},"modified":"2018-01-24T14:23:19","modified_gmt":"2018-01-24T16:23:19","slug":"relator-vota-por-aumentar-pena-de-lula-para-12-anos-e-um-mes","status":"publish","type":"post","link":"https:\/\/www.jornalja.com.br\/arquivo\/relator-vota-por-aumentar-pena-de-lula-para-12-anos-e-um-mes\/","title":{"rendered":"Relator vota por aumentar pena de Lula para 12 anos e um m\u00eas"},"content":{"rendered":"<p>Ap\u00f3s mais de tr\u00eas horas, o desembargador jo\u00e3o Pedro Gebran Neto, relator do processo que julga Lula na segunda inst\u00e2ncia, aumentou a pena do ex-presidente Lula de nove anos e meio para 12 anos e um m\u00eas pelos crimes de corrup\u00e7\u00e3o e lavagem de dinheiro no caso do tr\u00edplex no Guaruj\u00e1.<br \/>\nEm seu voto, Gebran\u00a0disse que h\u00e1 provas &#8220;acima do razo\u00e1vel de que o apartamento tr\u00edplex desde o in\u00edcio foi reservado para o sr. Luiz In\u00e1cio Lula da Silva e assim permaneceu ap\u00f3s a OAS assumir o empreendimento&#8221;.<br \/>\nGebran citou tamb\u00e9m a influ\u00eancia de Lula sobre a nomea\u00e7\u00e3o de diretores da Petrobras e lembrou depoimentos de delatores. &#8220;H\u00e1 provas acima de razo\u00e1veis de que o ex-presidente foi um dos articuladores, sen\u00e3o o principal, de um amplo esquema de corrup\u00e7\u00e3o.&#8221;<br \/>\nPor volta das 14h a sess\u00e3o foi interrompida por uma hora para almo\u00e7o. Mais dois desembargadores ir\u00e3o votar:\u00a0Leandro Paulsen e Victor Laus.<br \/>\n<span class=\"intertit\">\u201cLamentavelmente, Lula se corrompeu\u201d, diz procurador<\/span><br \/>\nO procurador Regional da Rep\u00fablica Maur\u00edcio Gotardo Gerum, que falou mais cedo pela acusa\u00e7\u00e3o, afirmou que o ex-chefe do Executivo se corrompeu e que a defesa n\u00e3o conseguiu apresentar qualquer elemento probat\u00f3rio consistente que afastasse a acusa\u00e7\u00e3o dos crimes de corrup\u00e7\u00e3o passiva e lavagem de dinheiro. \u201cLamentavelmente, Lula se corrompeu\u201d, resumiu.<br \/>\nNa sustenta\u00e7\u00e3o, o procurador acusou o petista de ser o verdadeiro dono do triplex. E rebateu a tese da defesa de que Lula n\u00e3o atuava na indica\u00e7\u00e3o de diretores da Petrobras. \u201cEra evidente e transparece nos autos a atua\u00e7\u00e3o de Lula na indica\u00e7\u00e3o de diretores da Petrobras\u201d, afirmou. Disse tamb\u00e9m que, ao assumirem os cargos, os diretores da estatal assumiam, o que chamou de, \u201ccl\u00e1usula de corrup\u00e7\u00e3o\u201d.<br \/>\n<span class=\"intertit\">Defesa diz que houve cerceamento e pede nulidade de processo contra Lula<\/span><br \/>\n<figure id=\"attachment_59207\" aria-describedby=\"caption-attachment-59207\" style=\"width: 400px\" class=\"wp-caption alignnone\"><img loading=\"lazy\" decoding=\"async\" class=\"size-medium wp-image-59207\" src=\"https:\/\/www.jornalja.com.br\/wp-content\/uploads\/2018\/01\/38974224655_711b7c7899_k-400x247.jpg\" alt=\"\" width=\"400\" height=\"247\" \/><figcaption id=\"caption-attachment-59207\" class=\"wp-caption-text\">O advogado Cristiano Zanin fala no julgamento de Lula \/ TRF4<\/figcaption><\/figure><br \/>\nJ\u00e1 o advogado do ex-presidente Luiz In\u00e1cio Lula da Silva, Cristiano Zanin, disse que o processo \u00e9 nulo e que, na senten\u00e7a, n\u00e3o foi feita prova da culpa, mas, sim, da inoc\u00eancia do ex-presidente. Na alega\u00e7\u00e3o, Zanin apontou uma s\u00e9rie de inconsist\u00eancias no processo.<br \/>\nZanin embasou a apela\u00e7\u00e3o ao defender que houve cerceamento de defesa, problemas na escolha da jurisdi\u00e7\u00e3o e parcialidade do juiz federal S\u00e9rgio Moro, respons\u00e1vel pelo processo em primeira inst\u00e2ncia.<br \/>\nO advogado tamb\u00e9m criticou o conceito de tipicidade do crime de corrup\u00e7\u00e3o passiva. \u201cO crime de corrup\u00e7\u00e3o passiva se tipifica quando o funcion\u00e1rio p\u00fablico recebe uma vantagem indevida. Ent\u00e3o \u00e9 preciso estabelecer o nexo. Aqui na senten\u00e7a, o juiz diz que houve atos de of\u00edcio indeterminados. Significa reconhecer que n\u00e3o h\u00e1 atos de of\u00edcios nesse processo. Crimes n\u00e3o pode ser fluidos.\u201d<br \/>\nAntes de Zanin, falaram os advogados Ren\u00e9 Dotti &#8211; que \u00e9 assistente da acusa\u00e7\u00e3o e representa a Petrobras -, Fernando Augusto Henriques Fernandes &#8211; defensor do ex-presidente do Instituto Lula, Paulo Okamotto. As demais defesas abriram m\u00e3o das manifesta\u00e7\u00f5es.<br \/>\n&nbsp;<\/p>\n","protected":false},"excerpt":{"rendered":"<p>Ap\u00f3s mais de tr\u00eas horas, o desembargador jo\u00e3o Pedro Gebran Neto, relator do processo que julga Lula na segunda inst\u00e2ncia, aumentou a pena do ex-presidente Lula de nove anos e meio para 12 anos e um m\u00eas pelos crimes de corrup\u00e7\u00e3o e lavagem de dinheiro no caso do tr\u00edplex no Guaruj\u00e1. Em seu voto, Gebran\u00a0disse [&hellip;]<\/p>\n","protected":false},"author":4,"featured_media":59205,"comment_status":"open","ping_status":"closed","sticky":false,"template":"","format":"standard","meta":{"_jetpack_newsletter_access":"","_jetpack_dont_email_post_to_subs":false,"_jetpack_newsletter_tier_id":0,"_jetpack_memberships_contains_paywalled_content":false,"_jetpack_feature_clip_id":0,"_jetpack_memberships_contains_paid_content":false,"footnotes":"","jetpack_post_was_ever_published":false},"categories":[26],"tags":[],"class_list":["post-59204","post","type-post","status-publish","format-standard","has-post-thumbnail","hentry","category-geral"],"aioseo_notices":[],"aioseo_head":"\n\t\t<!-- All in One SEO 5.0.1.1 - aioseo.com -->\n\t<meta name=\"robots\" content=\"max-image-preview:large\" \/>\n\t<meta name=\"author\" content=\"da Reda\u00e7\u00e3o\"\/>\n\t<link rel=\"canonical\" href=\"https:\/\/www.jornalja.com.br\/arquivo\/relator-vota-por-aumentar-pena-de-lula-para-12-anos-e-um-mes\/\" \/>\n\t<meta name=\"generator\" content=\"All in One SEO (AIOSEO) 5.0.1.1\" \/>\n\t\t<meta property=\"og:locale\" content=\"pt_BR\" \/>\n\t\t<meta property=\"og:site_name\" content=\"Arquivo | Jornal J\u00c1 | Porto Alegre\" \/>\n\t\t<meta property=\"og:type\" content=\"article\" \/>\n\t\t<meta property=\"og:title\" content=\"Relator vota por aumentar pena de Lula para 12 anos e um m\u00eas | Arquivo\" \/>\n\t\t<meta property=\"og:url\" content=\"https:\/\/www.jornalja.com.br\/arquivo\/relator-vota-por-aumentar-pena-de-lula-para-12-anos-e-um-mes\/\" \/>\n\t\t<meta property=\"og:image\" content=\"https:\/\/www.jornalja.com.br\/wp-content\/uploads\/2018\/01\/38974224655_711b7c7899_k-400x247.jpg\" \/>\n\t\t<meta property=\"og:image:secure_url\" content=\"https:\/\/www.jornalja.com.br\/wp-content\/uploads\/2018\/01\/38974224655_711b7c7899_k-400x247.jpg\" \/>\n\t\t<meta property=\"article:published_time\" content=\"2018-01-24T16:23:19+00:00\" \/>\n\t\t<meta property=\"article:modified_time\" content=\"2018-01-24T16:23:19+00:00\" \/>\n\t\t<meta name=\"twitter:card\" content=\"summary\" \/>\n\t\t<meta name=\"twitter:title\" content=\"Relator vota por aumentar pena de Lula para 12 anos e um m\u00eas | Arquivo\" \/>\n\t\t<meta name=\"twitter:image\" content=\"https:\/\/www.jornalja.com.br\/economics\/wp-content\/uploads\/sites\/11\/2026\/08\/ja-folhaderosto-facebook.jpg\" \/>\n\t\t<script type=\"application\/ld+json\" class=\"aioseo-schema\">\n\t\t\t{\"@context\":\"https:\\\/\\\/schema.org\",\"@graph\":[{\"@type\":\"BlogPosting\",\"@id\":\"https:\\\/\\\/www.jornalja.com.br\\\/arquivo\\\/relator-vota-por-aumentar-pena-de-lula-para-12-anos-e-um-mes\\\/#blogposting\",\"name\":\"Relator vota por aumentar pena de Lula para 12 anos e um m\\u00eas | Arquivo\",\"headline\":\"Relator vota por aumentar pena de Lula para 12 anos e um m\\u00eas\",\"author\":{\"@id\":\"https:\\\/\\\/www.jornalja.com.br\\\/arquivo\\\/author\\\/daredacao\\\/#author\"},\"publisher\":{\"@id\":\"https:\\\/\\\/www.jornalja.com.br\\\/arquivo\\\/#organization\"},\"image\":{\"@type\":\"ImageObject\",\"url\":59205},\"datePublished\":\"2018-01-24T14:23:19-02:00\",\"dateModified\":\"2018-01-24T14:23:19-02:00\",\"inLanguage\":\"pt-BR\",\"mainEntityOfPage\":{\"@id\":\"https:\\\/\\\/www.jornalja.com.br\\\/arquivo\\\/relator-vota-por-aumentar-pena-de-lula-para-12-anos-e-um-mes\\\/#webpage\"},\"isPartOf\":{\"@id\":\"https:\\\/\\\/www.jornalja.com.br\\\/arquivo\\\/relator-vota-por-aumentar-pena-de-lula-para-12-anos-e-um-mes\\\/#webpage\"},\"articleSection\":\"Geral\"},{\"@type\":\"BreadcrumbList\",\"@id\":\"https:\\\/\\\/www.jornalja.com.br\\\/arquivo\\\/relator-vota-por-aumentar-pena-de-lula-para-12-anos-e-um-mes\\\/#breadcrumblist\",\"itemListElement\":[{\"@type\":\"ListItem\",\"@id\":\"https:\\\/\\\/www.jornalja.com.br\\\/arquivo#listItem\",\"position\":1,\"name\":\"Home\",\"item\":\"https:\\\/\\\/www.jornalja.com.br\\\/arquivo\",\"nextItem\":{\"@type\":\"ListItem\",\"@id\":\"https:\\\/\\\/www.jornalja.com.br\\\/arquivo\\\/category\\\/geral\\\/#listItem\",\"name\":\"Geral\"}},{\"@type\":\"ListItem\",\"@id\":\"https:\\\/\\\/www.jornalja.com.br\\\/arquivo\\\/category\\\/geral\\\/#listItem\",\"position\":2,\"name\":\"Geral\",\"item\":\"https:\\\/\\\/www.jornalja.com.br\\\/arquivo\\\/category\\\/geral\\\/\",\"nextItem\":{\"@type\":\"ListItem\",\"@id\":\"https:\\\/\\\/www.jornalja.com.br\\\/arquivo\\\/relator-vota-por-aumentar-pena-de-lula-para-12-anos-e-um-mes\\\/#listItem\",\"name\":\"Relator vota por aumentar pena de Lula para 12 anos e um m\\u00eas\"},\"previousItem\":{\"@type\":\"ListItem\",\"@id\":\"https:\\\/\\\/www.jornalja.com.br\\\/arquivo#listItem\",\"name\":\"Home\"}},{\"@type\":\"ListItem\",\"@id\":\"https:\\\/\\\/www.jornalja.com.br\\\/arquivo\\\/relator-vota-por-aumentar-pena-de-lula-para-12-anos-e-um-mes\\\/#listItem\",\"position\":3,\"name\":\"Relator vota por aumentar pena de Lula para 12 anos e um m\\u00eas\",\"previousItem\":{\"@type\":\"ListItem\",\"@id\":\"https:\\\/\\\/www.jornalja.com.br\\\/arquivo\\\/category\\\/geral\\\/#listItem\",\"name\":\"Geral\"}}]},{\"@type\":\"Organization\",\"@id\":\"https:\\\/\\\/www.jornalja.com.br\\\/arquivo\\\/#organization\",\"name\":\"Jornal J\\u00c1\",\"description\":\"Jornal J\\u00c1 | Porto Alegre\",\"url\":\"https:\\\/\\\/www.jornalja.com.br\\\/arquivo\\\/\",\"telephone\":\"+555133307272\",\"logo\":{\"@type\":\"ImageObject\",\"url\":\"https:\\\/\\\/www.jornalja.com.br\\\/wp-content\\\/uploads\\\/cards\\\/JAslogan.png\",\"@id\":\"https:\\\/\\\/www.jornalja.com.br\\\/arquivo\\\/relator-vota-por-aumentar-pena-de-lula-para-12-anos-e-um-mes\\\/#organizationLogo\"},\"image\":{\"@id\":\"https:\\\/\\\/www.jornalja.com.br\\\/arquivo\\\/relator-vota-por-aumentar-pena-de-lula-para-12-anos-e-um-mes\\\/#organizationLogo\"}},{\"@type\":\"Person\",\"@id\":\"https:\\\/\\\/www.jornalja.com.br\\\/arquivo\\\/author\\\/daredacao\\\/#author\",\"url\":\"https:\\\/\\\/www.jornalja.com.br\\\/arquivo\\\/author\\\/daredacao\\\/\",\"name\":\"da Reda\\u00e7\\u00e3o\",\"image\":{\"@type\":\"ImageObject\",\"@id\":\"https:\\\/\\\/www.jornalja.com.br\\\/arquivo\\\/relator-vota-por-aumentar-pena-de-lula-para-12-anos-e-um-mes\\\/#authorImage\",\"url\":\"https:\\\/\\\/secure.gravatar.com\\\/avatar\\\/469fd857d6605ad19919d27ed29d35a968a25f6e8fd9318356bbb7f57aae9c65?s=96&d=mm&r=g\",\"width\":96,\"height\":96,\"caption\":\"da Reda\\u00e7\\u00e3o\"}},{\"@type\":\"WebPage\",\"@id\":\"https:\\\/\\\/www.jornalja.com.br\\\/arquivo\\\/relator-vota-por-aumentar-pena-de-lula-para-12-anos-e-um-mes\\\/#webpage\",\"url\":\"https:\\\/\\\/www.jornalja.com.br\\\/arquivo\\\/relator-vota-por-aumentar-pena-de-lula-para-12-anos-e-um-mes\\\/\",\"name\":\"Relator vota por aumentar pena de Lula para 12 anos e um m\\u00eas | Arquivo\",\"inLanguage\":\"pt-BR\",\"isPartOf\":{\"@id\":\"https:\\\/\\\/www.jornalja.com.br\\\/arquivo\\\/#website\"},\"breadcrumb\":{\"@id\":\"https:\\\/\\\/www.jornalja.com.br\\\/arquivo\\\/relator-vota-por-aumentar-pena-de-lula-para-12-anos-e-um-mes\\\/#breadcrumblist\"},\"author\":{\"@id\":\"https:\\\/\\\/www.jornalja.com.br\\\/arquivo\\\/author\\\/daredacao\\\/#author\"},\"creator\":{\"@id\":\"https:\\\/\\\/www.jornalja.com.br\\\/arquivo\\\/author\\\/daredacao\\\/#author\"},\"image\":{\"@type\":\"ImageObject\",\"url\":59205,\"@id\":\"https:\\\/\\\/www.jornalja.com.br\\\/arquivo\\\/relator-vota-por-aumentar-pena-de-lula-para-12-anos-e-um-mes\\\/#mainImage\"},\"primaryImageOfPage\":{\"@id\":\"https:\\\/\\\/www.jornalja.com.br\\\/arquivo\\\/relator-vota-por-aumentar-pena-de-lula-para-12-anos-e-um-mes\\\/#mainImage\"},\"datePublished\":\"2018-01-24T14:23:19-02:00\",\"dateModified\":\"2018-01-24T14:23:19-02:00\"},{\"@type\":\"WebSite\",\"@id\":\"https:\\\/\\\/www.jornalja.com.br\\\/arquivo\\\/#website\",\"url\":\"https:\\\/\\\/www.jornalja.com.br\\\/arquivo\\\/\",\"name\":\"Arquivo\",\"description\":\"Jornal J\\u00c1 | Porto Alegre\",\"inLanguage\":\"pt-BR\",\"publisher\":{\"@id\":\"https:\\\/\\\/www.jornalja.com.br\\\/arquivo\\\/#organization\"}}]}\n\t\t<\/script>\n\t\t<!-- All in One SEO -->\n\n","aioseo_head_json":{"title":"Relator vota por aumentar pena de Lula para 12 anos e um m\u00eas | Arquivo","description":"","canonical_url":"https:\/\/www.jornalja.com.br\/arquivo\/relator-vota-por-aumentar-pena-de-lula-para-12-anos-e-um-mes\/","robots":"max-image-preview:large","keywords":"","webmasterTools":{"miscellaneous":""},"schema":{"@context":"https:\/\/schema.org","@graph":[{"@type":"BlogPosting","@id":"https:\/\/www.jornalja.com.br\/arquivo\/relator-vota-por-aumentar-pena-de-lula-para-12-anos-e-um-mes\/#blogposting","name":"Relator vota por aumentar pena de Lula para 12 anos e um m\u00eas | Arquivo","headline":"Relator vota por aumentar pena de Lula para 12 anos e um m\u00eas","author":{"@id":"https:\/\/www.jornalja.com.br\/arquivo\/author\/daredacao\/#author"},"publisher":{"@id":"https:\/\/www.jornalja.com.br\/arquivo\/#organization"},"image":{"@type":"ImageObject","url":59205},"datePublished":"2018-01-24T14:23:19-02:00","dateModified":"2018-01-24T14:23:19-02:00","inLanguage":"pt-BR","mainEntityOfPage":{"@id":"https:\/\/www.jornalja.com.br\/arquivo\/relator-vota-por-aumentar-pena-de-lula-para-12-anos-e-um-mes\/#webpage"},"isPartOf":{"@id":"https:\/\/www.jornalja.com.br\/arquivo\/relator-vota-por-aumentar-pena-de-lula-para-12-anos-e-um-mes\/#webpage"},"articleSection":"Geral"},{"@type":"BreadcrumbList","@id":"https:\/\/www.jornalja.com.br\/arquivo\/relator-vota-por-aumentar-pena-de-lula-para-12-anos-e-um-mes\/#breadcrumblist","itemListElement":[{"@type":"ListItem","@id":"https:\/\/www.jornalja.com.br\/arquivo#listItem","position":1,"name":"Home","item":"https:\/\/www.jornalja.com.br\/arquivo","nextItem":{"@type":"ListItem","@id":"https:\/\/www.jornalja.com.br\/arquivo\/category\/geral\/#listItem","name":"Geral"}},{"@type":"ListItem","@id":"https:\/\/www.jornalja.com.br\/arquivo\/category\/geral\/#listItem","position":2,"name":"Geral","item":"https:\/\/www.jornalja.com.br\/arquivo\/category\/geral\/","nextItem":{"@type":"ListItem","@id":"https:\/\/www.jornalja.com.br\/arquivo\/relator-vota-por-aumentar-pena-de-lula-para-12-anos-e-um-mes\/#listItem","name":"Relator vota por aumentar pena de Lula para 12 anos e um m\u00eas"},"previousItem":{"@type":"ListItem","@id":"https:\/\/www.jornalja.com.br\/arquivo#listItem","name":"Home"}},{"@type":"ListItem","@id":"https:\/\/www.jornalja.com.br\/arquivo\/relator-vota-por-aumentar-pena-de-lula-para-12-anos-e-um-mes\/#listItem","position":3,"name":"Relator vota por aumentar pena de Lula para 12 anos e um m\u00eas","previousItem":{"@type":"ListItem","@id":"https:\/\/www.jornalja.com.br\/arquivo\/category\/geral\/#listItem","name":"Geral"}}]},{"@type":"Organization","@id":"https:\/\/www.jornalja.com.br\/arquivo\/#organization","name":"Jornal J\u00c1","description":"Jornal J\u00c1 | Porto Alegre","url":"https:\/\/www.jornalja.com.br\/arquivo\/","telephone":"+555133307272","logo":{"@type":"ImageObject","url":"https:\/\/www.jornalja.com.br\/wp-content\/uploads\/cards\/JAslogan.png","@id":"https:\/\/www.jornalja.com.br\/arquivo\/relator-vota-por-aumentar-pena-de-lula-para-12-anos-e-um-mes\/#organizationLogo"},"image":{"@id":"https:\/\/www.jornalja.com.br\/arquivo\/relator-vota-por-aumentar-pena-de-lula-para-12-anos-e-um-mes\/#organizationLogo"}},{"@type":"Person","@id":"https:\/\/www.jornalja.com.br\/arquivo\/author\/daredacao\/#author","url":"https:\/\/www.jornalja.com.br\/arquivo\/author\/daredacao\/","name":"da Reda\u00e7\u00e3o","image":{"@type":"ImageObject","@id":"https:\/\/www.jornalja.com.br\/arquivo\/relator-vota-por-aumentar-pena-de-lula-para-12-anos-e-um-mes\/#authorImage","url":"https:\/\/secure.gravatar.com\/avatar\/469fd857d6605ad19919d27ed29d35a968a25f6e8fd9318356bbb7f57aae9c65?s=96&d=mm&r=g","width":96,"height":96,"caption":"da Reda\u00e7\u00e3o"}},{"@type":"WebPage","@id":"https:\/\/www.jornalja.com.br\/arquivo\/relator-vota-por-aumentar-pena-de-lula-para-12-anos-e-um-mes\/#webpage","url":"https:\/\/www.jornalja.com.br\/arquivo\/relator-vota-por-aumentar-pena-de-lula-para-12-anos-e-um-mes\/","name":"Relator vota por aumentar pena de Lula para 12 anos e um m\u00eas | Arquivo","inLanguage":"pt-BR","isPartOf":{"@id":"https:\/\/www.jornalja.com.br\/arquivo\/#website"},"breadcrumb":{"@id":"https:\/\/www.jornalja.com.br\/arquivo\/relator-vota-por-aumentar-pena-de-lula-para-12-anos-e-um-mes\/#breadcrumblist"},"author":{"@id":"https:\/\/www.jornalja.com.br\/arquivo\/author\/daredacao\/#author"},"creator":{"@id":"https:\/\/www.jornalja.com.br\/arquivo\/author\/daredacao\/#author"},"image":{"@type":"ImageObject","url":59205,"@id":"https:\/\/www.jornalja.com.br\/arquivo\/relator-vota-por-aumentar-pena-de-lula-para-12-anos-e-um-mes\/#mainImage"},"primaryImageOfPage":{"@id":"https:\/\/www.jornalja.com.br\/arquivo\/relator-vota-por-aumentar-pena-de-lula-para-12-anos-e-um-mes\/#mainImage"},"datePublished":"2018-01-24T14:23:19-02:00","dateModified":"2018-01-24T14:23:19-02:00"},{"@type":"WebSite","@id":"https:\/\/www.jornalja.com.br\/arquivo\/#website","url":"https:\/\/www.jornalja.com.br\/arquivo\/","name":"Arquivo","description":"Jornal J\u00c1 | Porto Alegre","inLanguage":"pt-BR","publisher":{"@id":"https:\/\/www.jornalja.com.br\/arquivo\/#organization"}}]},"og:locale":"pt_BR","og:site_name":"Arquivo | Jornal J\u00c1 | Porto Alegre","og:type":"article","og:title":"Relator vota por aumentar pena de Lula para 12 anos e um m\u00eas | Arquivo","og:url":"https:\/\/www.jornalja.com.br\/arquivo\/relator-vota-por-aumentar-pena-de-lula-para-12-anos-e-um-mes\/","og:image":"https:\/\/www.jornalja.com.br\/wp-content\/uploads\/2018\/01\/38974224655_711b7c7899_k-400x247.jpg","og:image:secure_url":"https:\/\/www.jornalja.com.br\/wp-content\/uploads\/2018\/01\/38974224655_711b7c7899_k-400x247.jpg","article:published_time":"2018-01-24T16:23:19+00:00","article:modified_time":"2018-01-24T16:23:19+00:00","twitter:card":"summary","twitter:title":"Relator vota por aumentar pena de Lula para 12 anos e um m\u00eas | Arquivo","twitter:image":"https:\/\/www.jornalja.com.br\/economics\/wp-content\/uploads\/sites\/11\/2026\/08\/ja-folhaderosto-facebook.jpg"},"aioseo_meta_data":{"post_id":"59204","title":null,"description":null,"keywords":null,"keyphrases":null,"primary_term":null,"canonical_url":null,"og_title":null,"og_description":null,"og_object_type":"default","og_image_type":"default","og_image_url":null,"og_image_width":null,"og_image_height":null,"og_image_custom_url":null,"og_image_custom_fields":null,"og_video":null,"og_custom_url":null,"og_article_section":null,"og_article_tags":null,"twitter_use_og":false,"twitter_card":"default","twitter_image_type":"default","twitter_image_url":null,"twitter_image_custom_url":null,"twitter_image_custom_fields":null,"twitter_title":null,"twitter_description":null,"schema":{"blockGraphs":[],"customGraphs":[],"default":{"data":{"Article":[],"Course":[],"Dataset":[],"FAQPage":[],"Movie":[],"Person":[],"Product":[],"ProductReview":[],"Car":[],"Recipe":[],"Service":[],"SoftwareApplication":[],"WebPage":[]},"graphName":"","isEnabled":true},"graphs":[]},"schema_type":null,"schema_type_options":null,"pillar_content":false,"robots_default":true,"robots_noindex":false,"robots_noarchive":false,"robots_nosnippet":false,"robots_nofollow":false,"robots_noimageindex":false,"robots_noodp":false,"robots_notranslate":false,"robots_max_snippet":null,"robots_max_videopreview":null,"robots_max_imagepreview":"large","priority":null,"frequency":null,"location":null,"local_seo":null,"breadcrumb_settings":null,"limit_modified_date":false,"ai":null,"created":"2020-12-20 20:18:03","updated":"2025-07-20 03:11:20","seo_analyzer_scan_date":null,"focus_keyword":null,"additional_keywords":null,"truseo_locale":null},"jetpack_sharing_enabled":true,"jetpack-related-posts":[{"id":13240,"url":"https:\/\/www.jornalja.com.br\/arquivo\/plano-diretor-estamos-construindo-o-caos\/","url_meta":{"origin":59204,"position":0},"title":"Plano diretor: &quot;Estamos construindo o caos&quot;","author":"Patr\u00edcia Marini","date":"26 de maio de 2014","format":false,"excerpt":"Desabafo que arquiteta Eliana Castilhos, delegada da Regi\u00e3o de Planejamento 1, postou nas redes sociais \u00e9 um testemunho do ambiente que se criou no Conselho do Plano Diretor de Porto Alegre, onde a aprova\u00e7\u00e3o de grandes empreendimentos \u00e9 empurrada guela abaixo dos conselheiros. Ao CMDUA Como delegada da Regi\u00e3o de\u2026","rel":"","context":"Em &quot;Geral&quot;","block_context":{"text":"Geral","link":"https:\/\/www.jornalja.com.br\/arquivo\/category\/geral\/"},"img":{"alt_text":"","src":"","width":0,"height":0},"classes":[]},{"id":13239,"url":"https:\/\/www.jornalja.com.br\/arquivo\/conselho-desdenha-do-plano-diretor\/","url_meta":{"origin":59204,"position":1},"title":"Porto Alegre: Conselho detona Plano Diretor","author":"Patr\u00edcia Marini","date":"25 de maio de 2014","format":false,"excerpt":"Den\u00fancia do arquiteto e \u00a0urbanista Ibir\u00e1 Santos Lucas. Ele diz que os conselheiros est\u00e3o votando com \"enorme irresponsabilidade\". \"Mudam regime com a maior naturalidade,,,regularizam absurdos de constru\u00e7\u00f5es irregulares... \"O CMDUA est\u00e1 flexibilizando a lei do plano diretor, de uma forma impactante na vida da cidade. Mudam regime com a maior\u2026","rel":"","context":"Em &quot;Geral&quot;","block_context":{"text":"Geral","link":"https:\/\/www.jornalja.com.br\/arquivo\/category\/geral\/"},"img":{"alt_text":"","src":"","width":0,"height":0},"classes":[]},{"id":14241,"url":"https:\/\/www.jornalja.com.br\/arquivo\/o-guaiba-nas-imagens-poeticas-de-achutti\/","url_meta":{"origin":59204,"position":2},"title":"O Gua\u00edba nas imagens po\u00e9ticas de Achutti","author":"da Reda\u00e7\u00e3o","date":"18 de junho de 2014","format":false,"excerpt":"Em \u201cO Gua\u00edba por Achutti\u201d \u2013 obra financiada via Minist\u00e9rio da Cultura, produ\u00e7\u00e3o executiva de Pedro Longhi, e Fl\u00e1vio Wild como designer \u2013, o fot\u00f3grafo revela a beleza e as mazelas de um espa\u00e7o aqu\u00e1tico de \u00e1guas sempre renovadas, cheio de hist\u00f3rias e lendas como as das cidades que foram\u2026","rel":"","context":"Em &quot;Cultura-Geral&quot;","block_context":{"text":"Cultura-Geral","link":"https:\/\/www.jornalja.com.br\/arquivo\/category\/materiasecundaria\/"},"img":{"alt_text":"","src":"","width":0,"height":0},"classes":[]},{"id":13109,"url":"https:\/\/www.jornalja.com.br\/arquivo\/judiciario-reconhece-poluicao-eletromagnetica\/","url_meta":{"origin":59204,"position":3},"title":"Judici\u00e1rio reconhece polui\u00e7\u00e3o eletromagn\u00e9tica","author":"Patr\u00edcia Marini","date":"16 de maio de 2014","format":false,"excerpt":"A\u00e7\u00e3o de duas associa\u00e7\u00f5es de moradores foi acolhida pelo Tribunal de Justi\u00e7a de S\u00e3o Paulo que. em decis\u00e3o in\u00e9dita, determinou a redu\u00e7\u00e3o do campo eletromagn\u00e9tico gerado pelas linhas de transmiss\u00e3o de energia que cortam os bairros City Boa\u00e7ava e Alto de Pinheiros. \u00c9 a primeira vez que um tribunal do\u2026","rel":"","context":"Em &quot;X.Categorias velhas&quot;","block_context":{"text":"X.Categorias velhas","link":"https:\/\/www.jornalja.com.br\/arquivo\/category\/x-categorias-velhas\/"},"img":{"alt_text":"","src":"","width":0,"height":0},"classes":[]},{"id":5440,"url":"https:\/\/www.jornalja.com.br\/arquivo\/casarao-da-venancio-destino-permanece-incerto\/","url_meta":{"origin":59204,"position":4},"title":"Estado ainda n\u00e3o sabe o que fazer com casar\u00e3o abandonado h\u00e1 20 anos","author":"Elmar Bones","date":"6 de julho de 2009","format":false,"excerpt":"O casar\u00e3o amarelo, numa esquina nobre de Porto Alegre (Ven\u00e2ncio Aires com Jo\u00e3o Pessoa), j\u00e1 abrigou uma escola. H\u00e1 duas d\u00e9cadas, pelo menos, est\u00e1 abandonado, porque seu propriet\u00e1rio, o governo do Estado do Rio Grande do Sul, n\u00e3o consegue achar um destino para ele. Planos n\u00e3o faltaram. O governador Ol\u00edvio\u2026","rel":"","context":"Em &quot;X.Categorias velhas&quot;","block_context":{"text":"X.Categorias velhas","link":"https:\/\/www.jornalja.com.br\/arquivo\/category\/x-categorias-velhas\/"},"img":{"alt_text":"geraldo1","src":"https:\/\/i0.wp.com\/www.jornalja.com.br\/wp-content\/uploads\/2009\/07\/geraldo1.jpg?resize=350%2C200&ssl=1","width":350,"height":200},"classes":[]},{"id":13128,"url":"https:\/\/www.jornalja.com.br\/arquivo\/maconha-terra-diz-que-uso-medicinal-e-desculpa\/","url_meta":{"origin":59204,"position":5},"title":"Maconha: Terra diz que uso medicinal \u00e9 desculpa","author":"Patr\u00edcia Marini","date":"4 de junho de 2014","format":false,"excerpt":"A condi\u00e7\u00e3o de pol\u00edtico, em \u00e9poca de campanha de campanha eleitoral, tira for\u00e7a do discurso do m\u00e9dico Osmar Terra contra a legaliza\u00e7\u00e3o da maconha. A tese dele de que a libera\u00e7\u00e3o vai ampliar exponencialmente o consumo \u00e9 discutivel, o consumo \u00e9 corrente. Mas seus alertas quanto aos riscos tem que\u2026","rel":"","context":"Em &quot;X.Categorias velhas&quot;","block_context":{"text":"X.Categorias velhas","link":"https:\/\/www.jornalja.com.br\/arquivo\/category\/x-categorias-velhas\/"},"img":{"alt_text":"","src":"","width":0,"height":0},"classes":[]}],"jetpack_shortlink":"https:\/\/wp.me\/pbQjBd-foU","jetpack_featured_media_url":"","_links":{"self":[{"href":"https:\/\/www.jornalja.com.br\/arquivo\/wp-json\/wp\/v2\/posts\/59204","targetHints":{"allow":["GET"]}}],"collection":[{"href":"https:\/\/www.jornalja.com.br\/arquivo\/wp-json\/wp\/v2\/posts"}],"about":[{"href":"https:\/\/www.jornalja.com.br\/arquivo\/wp-json\/wp\/v2\/types\/post"}],"author":[{"embeddable":true,"href":"https:\/\/www.jornalja.com.br\/arquivo\/wp-json\/wp\/v2\/users\/4"}],"replies":[{"embeddable":true,"href":"https:\/\/www.jornalja.com.br\/arquivo\/wp-json\/wp\/v2\/comments?post=59204"}],"version-history":[{"count":0,"href":"https:\/\/www.jornalja.com.br\/arquivo\/wp-json\/wp\/v2\/posts\/59204\/revisions"}],"wp:attachment":[{"href":"https:\/\/www.jornalja.com.br\/arquivo\/wp-json\/wp\/v2\/media?parent=59204"}],"wp:term":[{"taxonomy":"category","embeddable":true,"href":"https:\/\/www.jornalja.com.br\/arquivo\/wp-json\/wp\/v2\/categories?post=59204"},{"taxonomy":"post_tag","embeddable":true,"href":"https:\/\/www.jornalja.com.br\/arquivo\/wp-json\/wp\/v2\/tags?post=59204"}],"curies":[{"name":"wp","href":"https:\/\/api.w.org\/{rel}","templated":true}]}}