{"id":59245,"date":"2018-01-24T22:18:54","date_gmt":"2018-01-25T00:18:54","guid":{"rendered":"https:\/\/www.jornalja.com.br\/?p=59245"},"modified":"2018-01-24T22:18:54","modified_gmt":"2018-01-25T00:18:54","slug":"abaixo-de-sol-e-chuva-apoiadores-de-lula-mantiveram-vigilia-em-porto-alegre","status":"publish","type":"post","link":"https:\/\/www.jornalja.com.br\/arquivo\/abaixo-de-sol-e-chuva-apoiadores-de-lula-mantiveram-vigilia-em-porto-alegre\/","title":{"rendered":"Abaixo de sol e chuva, apoiadores de Lula mantiveram vig\u00edlia"},"content":{"rendered":"<p>O dia come\u00e7ou quente. Quando o presidente da 8\u00aa turma do Tribunal Regional Federal da 4\u00aa Regi\u00e3o (TRF-4), Leandro Paulsen, deu in\u00edcio \u00e0 sess\u00e3o do julgamento de Lula,\u00a0 pontualmente \u00e0s oito e meia da manh\u00e3, a temperatura j\u00e1 era alta em Porto Alegre.<br \/>\nMilhares de apoiadores do ex-presidente Lula j\u00e1 se concentravam no anfiteatro P\u00f4r do Sol, em vig\u00edlia. Caravanas n\u00e3o paravam de chegar, do interior do Estado, Santa Catarina, Paran\u00e1, Uruguai.<br \/>\nOs militantes se reuniam em torno de dois carros de som, dos grupos percussivos e dos espa\u00e7os com sombra. Em um dos trios el\u00e9tricos, dois trovadores da regi\u00e3o das miss\u00f5es. \u201cLula n\u00e3o vai para a cadeia por causa dessa quadrilha\u201d, atacou um. \u201cEle s\u00f3 vai ser preso se for nos bra\u00e7os da nossa gente\u201d, respondeu o outro.<br \/>\nAo longo da manh\u00e3 foram se juntando artistas de outros estados, misturando os sotaques. Lideran\u00e7as do Partido dos Trabalhadores e de diversos movimentos se revezavam nas falas.<br \/>\n<figure id=\"attachment_59248\" aria-describedby=\"caption-attachment-59248\" style=\"width: 1150px\" class=\"wp-caption alignnone\"><img loading=\"lazy\" decoding=\"async\" class=\"wp-image-59248 size-full\" src=\"https:\/\/www.jornalja.com.br\/wp-content\/uploads\/2018\/01\/IMG_20180124_101001237.jpg\" alt=\"\" width=\"1150\" height=\"647\" \/><figcaption id=\"caption-attachment-59248\" class=\"wp-caption-text\">No No carro de som, o discurso das lideran\u00e7as; no asfalto, percuss\u00e3o, luminosos e fuma\u00e7a vermelha \/ Matheus Chaparini \/ J\u00c1<\/figcaption><\/figure><br \/>\nH\u00e1 um quil\u00f4metro, centenas de policiais e viaturas e diversas barreiras at\u00e9 o pr\u00e9dio\u00a0 onde transcorria o julgamento. O primeiro voto foi o do relator, o desembargador Jo\u00e3o Pedro Gebran Neto. Ap\u00f3s tr\u00eas horas e meia de leitura, apresentou sua senten\u00e7a, que viria a ser confirmada por seus dois colegas: doze anos e um m\u00eas de pris\u00e3o em regime fechado pelos crimes de corrup\u00e7\u00e3o passiva e lavagem de dinheiro.<br \/>\nAp\u00f3s o voto, a sess\u00e3o foi interrompida para o almo\u00e7o. Neste momento alguns manifestantes come\u00e7aram a deixar a vig\u00edlia. Bon\u00e9s da CUT, camisas do PT e faixinhas \u201cLula vale a luta\u201d se espalharam pelos restaurantes da regi\u00e3o central.<br \/>\nNo meio da tarde, o tempo come\u00e7ou a virar em Porto Alegre. Quando o desembargador Victor dos Santos Laus concluiu o \u00faltimo voto da tarde, decretando os tr\u00eas a zero, a chuva que se anunciava caiu forte sobre a Capital ga\u00facha. A manifesta\u00e7\u00e3o rapidamente dispersou.<br \/>\nAbaixo de muita \u00e1gua, se ouvia um samba afinado. A bateria do n\u00facleo Santa Margarida, do PT do Rio de Janeiro, seguia firme. \u201cEu sou resist\u00eancia \/ At\u00e9 o Lula assumir a presid\u00eancia\u201d.<br \/>\n<figure id=\"attachment_59220\" aria-describedby=\"caption-attachment-59220\" style=\"width: 266px\" class=\"wp-caption alignnone\"><img loading=\"lazy\" decoding=\"async\" class=\"size-medium wp-image-59220\" src=\"https:\/\/www.jornalja.com.br\/wp-content\/uploads\/2018\/01\/27265733_10209329714034618_1368010715_o-266x400.jpg\" alt=\"\" width=\"266\" height=\"400\" \/><figcaption id=\"caption-attachment-59220\" class=\"wp-caption-text\">Ricardo Stricher \/ J\u00c1<\/figcaption><\/figure><br \/>\n<figure id=\"attachment_59214\" aria-describedby=\"caption-attachment-59214\" style=\"width: 400px\" class=\"wp-caption alignnone\"><img loading=\"lazy\" decoding=\"async\" class=\"size-medium wp-image-59214\" src=\"https:\/\/www.jornalja.com.br\/wp-content\/uploads\/2018\/01\/27330109_10209329701234298_1464960672_o-400x266.jpg\" alt=\"\" width=\"400\" height=\"266\" \/><figcaption id=\"caption-attachment-59214\" class=\"wp-caption-text\">Ricardo Stricher \/ J\u00c1<\/figcaption><\/figure><br \/>\n<figure id=\"attachment_59252\" aria-describedby=\"caption-attachment-59252\" style=\"width: 400px\" class=\"wp-caption alignnone\"><img loading=\"lazy\" decoding=\"async\" class=\"size-medium wp-image-59252\" src=\"https:\/\/www.jornalja.com.br\/wp-content\/uploads\/2018\/01\/27393338_10209329695514155_356609877_o-400x266.jpg\" alt=\"\" width=\"400\" height=\"266\" \/><figcaption id=\"caption-attachment-59252\" class=\"wp-caption-text\">Ricardo Stricher \/ J\u00c1<\/figcaption><\/figure><br \/>\n<figure id=\"attachment_59253\" aria-describedby=\"caption-attachment-59253\" style=\"width: 400px\" class=\"wp-caption alignnone\"><img loading=\"lazy\" decoding=\"async\" class=\"size-medium wp-image-59253\" src=\"https:\/\/www.jornalja.com.br\/wp-content\/uploads\/2018\/01\/27330375_10209329696554181_443898152_o-400x266.jpg\" alt=\"\" width=\"400\" height=\"266\" \/><figcaption id=\"caption-attachment-59253\" class=\"wp-caption-text\">Ricardo Stricher \/ J\u00c1<\/figcaption><\/figure><\/p>\n","protected":false},"excerpt":{"rendered":"<p>O dia come\u00e7ou quente. Quando o presidente da 8\u00aa turma do Tribunal Regional Federal da 4\u00aa Regi\u00e3o (TRF-4), Leandro Paulsen, deu in\u00edcio \u00e0 sess\u00e3o do julgamento de Lula,\u00a0 pontualmente \u00e0s oito e meia da manh\u00e3, a temperatura j\u00e1 era alta em Porto Alegre. Milhares de apoiadores do ex-presidente Lula j\u00e1 se concentravam no anfiteatro P\u00f4r [&hellip;]<\/p>\n","protected":false},"author":4,"featured_media":59247,"comment_status":"open","ping_status":"closed","sticky":false,"template":"","format":"standard","meta":{"_jetpack_newsletter_access":"","_jetpack_dont_email_post_to_subs":false,"_jetpack_newsletter_tier_id":0,"_jetpack_memberships_contains_paywalled_content":false,"_jetpack_feature_clip_id":0,"_jetpack_memberships_contains_paid_content":false,"footnotes":"","jetpack_post_was_ever_published":false},"categories":[26],"tags":[],"class_list":["post-59245","post","type-post","status-publish","format-standard","has-post-thumbnail","hentry","category-geral"],"aioseo_notices":[],"aioseo_head":"\n\t\t<!-- All in One SEO 5.0.1.1 - aioseo.com -->\n\t<meta name=\"robots\" content=\"max-image-preview:large\" \/>\n\t<meta name=\"author\" content=\"da Reda\u00e7\u00e3o\"\/>\n\t<link rel=\"canonical\" href=\"https:\/\/www.jornalja.com.br\/arquivo\/abaixo-de-sol-e-chuva-apoiadores-de-lula-mantiveram-vigilia-em-porto-alegre\/\" \/>\n\t<meta name=\"generator\" content=\"All in One SEO (AIOSEO) 5.0.1.1\" \/>\n\t\t<meta property=\"og:locale\" content=\"pt_BR\" \/>\n\t\t<meta property=\"og:site_name\" content=\"Arquivo | Jornal J\u00c1 | Porto Alegre\" \/>\n\t\t<meta property=\"og:type\" content=\"article\" \/>\n\t\t<meta property=\"og:title\" content=\"Abaixo de sol e chuva, apoiadores de Lula mantiveram vig\u00edlia | Arquivo\" \/>\n\t\t<meta property=\"og:url\" content=\"https:\/\/www.jornalja.com.br\/arquivo\/abaixo-de-sol-e-chuva-apoiadores-de-lula-mantiveram-vigilia-em-porto-alegre\/\" \/>\n\t\t<meta property=\"og:image\" content=\"https:\/\/www.jornalja.com.br\/wp-content\/uploads\/2018\/01\/IMG_20180124_101001237.jpg\" \/>\n\t\t<meta property=\"og:image:secure_url\" content=\"https:\/\/www.jornalja.com.br\/wp-content\/uploads\/2018\/01\/IMG_20180124_101001237.jpg\" \/>\n\t\t<meta property=\"article:published_time\" content=\"2018-01-25T00:18:54+00:00\" \/>\n\t\t<meta property=\"article:modified_time\" content=\"2018-01-25T00:18:54+00:00\" \/>\n\t\t<meta name=\"twitter:card\" content=\"summary\" \/>\n\t\t<meta name=\"twitter:title\" content=\"Abaixo de sol e chuva, apoiadores de Lula mantiveram vig\u00edlia | Arquivo\" \/>\n\t\t<meta name=\"twitter:image\" content=\"https:\/\/www.jornalja.com.br\/economics\/wp-content\/uploads\/sites\/11\/2026\/08\/ja-folhaderosto-facebook.jpg\" \/>\n\t\t<script type=\"application\/ld+json\" class=\"aioseo-schema\">\n\t\t\t{\"@context\":\"https:\\\/\\\/schema.org\",\"@graph\":[{\"@type\":\"BlogPosting\",\"@id\":\"https:\\\/\\\/www.jornalja.com.br\\\/arquivo\\\/abaixo-de-sol-e-chuva-apoiadores-de-lula-mantiveram-vigilia-em-porto-alegre\\\/#blogposting\",\"name\":\"Abaixo de sol e chuva, apoiadores de Lula mantiveram vig\\u00edlia | Arquivo\",\"headline\":\"Abaixo de sol e chuva, apoiadores de Lula mantiveram vig\\u00edlia\",\"author\":{\"@id\":\"https:\\\/\\\/www.jornalja.com.br\\\/arquivo\\\/author\\\/daredacao\\\/#author\"},\"publisher\":{\"@id\":\"https:\\\/\\\/www.jornalja.com.br\\\/arquivo\\\/#organization\"},\"image\":{\"@type\":\"ImageObject\",\"url\":59247},\"datePublished\":\"2018-01-24T22:18:54-02:00\",\"dateModified\":\"2018-01-24T22:18:54-02:00\",\"inLanguage\":\"pt-BR\",\"mainEntityOfPage\":{\"@id\":\"https:\\\/\\\/www.jornalja.com.br\\\/arquivo\\\/abaixo-de-sol-e-chuva-apoiadores-de-lula-mantiveram-vigilia-em-porto-alegre\\\/#webpage\"},\"isPartOf\":{\"@id\":\"https:\\\/\\\/www.jornalja.com.br\\\/arquivo\\\/abaixo-de-sol-e-chuva-apoiadores-de-lula-mantiveram-vigilia-em-porto-alegre\\\/#webpage\"},\"articleSection\":\"Geral\"},{\"@type\":\"BreadcrumbList\",\"@id\":\"https:\\\/\\\/www.jornalja.com.br\\\/arquivo\\\/abaixo-de-sol-e-chuva-apoiadores-de-lula-mantiveram-vigilia-em-porto-alegre\\\/#breadcrumblist\",\"itemListElement\":[{\"@type\":\"ListItem\",\"@id\":\"https:\\\/\\\/www.jornalja.com.br\\\/arquivo#listItem\",\"position\":1,\"name\":\"Home\",\"item\":\"https:\\\/\\\/www.jornalja.com.br\\\/arquivo\",\"nextItem\":{\"@type\":\"ListItem\",\"@id\":\"https:\\\/\\\/www.jornalja.com.br\\\/arquivo\\\/category\\\/geral\\\/#listItem\",\"name\":\"Geral\"}},{\"@type\":\"ListItem\",\"@id\":\"https:\\\/\\\/www.jornalja.com.br\\\/arquivo\\\/category\\\/geral\\\/#listItem\",\"position\":2,\"name\":\"Geral\",\"item\":\"https:\\\/\\\/www.jornalja.com.br\\\/arquivo\\\/category\\\/geral\\\/\",\"nextItem\":{\"@type\":\"ListItem\",\"@id\":\"https:\\\/\\\/www.jornalja.com.br\\\/arquivo\\\/abaixo-de-sol-e-chuva-apoiadores-de-lula-mantiveram-vigilia-em-porto-alegre\\\/#listItem\",\"name\":\"Abaixo de sol e chuva, apoiadores de Lula mantiveram vig\\u00edlia\"},\"previousItem\":{\"@type\":\"ListItem\",\"@id\":\"https:\\\/\\\/www.jornalja.com.br\\\/arquivo#listItem\",\"name\":\"Home\"}},{\"@type\":\"ListItem\",\"@id\":\"https:\\\/\\\/www.jornalja.com.br\\\/arquivo\\\/abaixo-de-sol-e-chuva-apoiadores-de-lula-mantiveram-vigilia-em-porto-alegre\\\/#listItem\",\"position\":3,\"name\":\"Abaixo de sol e chuva, apoiadores de Lula mantiveram vig\\u00edlia\",\"previousItem\":{\"@type\":\"ListItem\",\"@id\":\"https:\\\/\\\/www.jornalja.com.br\\\/arquivo\\\/category\\\/geral\\\/#listItem\",\"name\":\"Geral\"}}]},{\"@type\":\"Organization\",\"@id\":\"https:\\\/\\\/www.jornalja.com.br\\\/arquivo\\\/#organization\",\"name\":\"Jornal J\\u00c1\",\"description\":\"Jornal J\\u00c1 | Porto Alegre\",\"url\":\"https:\\\/\\\/www.jornalja.com.br\\\/arquivo\\\/\",\"telephone\":\"+555133307272\",\"logo\":{\"@type\":\"ImageObject\",\"url\":\"https:\\\/\\\/www.jornalja.com.br\\\/wp-content\\\/uploads\\\/cards\\\/JAslogan.png\",\"@id\":\"https:\\\/\\\/www.jornalja.com.br\\\/arquivo\\\/abaixo-de-sol-e-chuva-apoiadores-de-lula-mantiveram-vigilia-em-porto-alegre\\\/#organizationLogo\"},\"image\":{\"@id\":\"https:\\\/\\\/www.jornalja.com.br\\\/arquivo\\\/abaixo-de-sol-e-chuva-apoiadores-de-lula-mantiveram-vigilia-em-porto-alegre\\\/#organizationLogo\"}},{\"@type\":\"Person\",\"@id\":\"https:\\\/\\\/www.jornalja.com.br\\\/arquivo\\\/author\\\/daredacao\\\/#author\",\"url\":\"https:\\\/\\\/www.jornalja.com.br\\\/arquivo\\\/author\\\/daredacao\\\/\",\"name\":\"da Reda\\u00e7\\u00e3o\",\"image\":{\"@type\":\"ImageObject\",\"@id\":\"https:\\\/\\\/www.jornalja.com.br\\\/arquivo\\\/abaixo-de-sol-e-chuva-apoiadores-de-lula-mantiveram-vigilia-em-porto-alegre\\\/#authorImage\",\"url\":\"https:\\\/\\\/secure.gravatar.com\\\/avatar\\\/469fd857d6605ad19919d27ed29d35a968a25f6e8fd9318356bbb7f57aae9c65?s=96&d=mm&r=g\",\"width\":96,\"height\":96,\"caption\":\"da Reda\\u00e7\\u00e3o\"}},{\"@type\":\"WebPage\",\"@id\":\"https:\\\/\\\/www.jornalja.com.br\\\/arquivo\\\/abaixo-de-sol-e-chuva-apoiadores-de-lula-mantiveram-vigilia-em-porto-alegre\\\/#webpage\",\"url\":\"https:\\\/\\\/www.jornalja.com.br\\\/arquivo\\\/abaixo-de-sol-e-chuva-apoiadores-de-lula-mantiveram-vigilia-em-porto-alegre\\\/\",\"name\":\"Abaixo de sol e chuva, apoiadores de Lula mantiveram vig\\u00edlia | Arquivo\",\"inLanguage\":\"pt-BR\",\"isPartOf\":{\"@id\":\"https:\\\/\\\/www.jornalja.com.br\\\/arquivo\\\/#website\"},\"breadcrumb\":{\"@id\":\"https:\\\/\\\/www.jornalja.com.br\\\/arquivo\\\/abaixo-de-sol-e-chuva-apoiadores-de-lula-mantiveram-vigilia-em-porto-alegre\\\/#breadcrumblist\"},\"author\":{\"@id\":\"https:\\\/\\\/www.jornalja.com.br\\\/arquivo\\\/author\\\/daredacao\\\/#author\"},\"creator\":{\"@id\":\"https:\\\/\\\/www.jornalja.com.br\\\/arquivo\\\/author\\\/daredacao\\\/#author\"},\"image\":{\"@type\":\"ImageObject\",\"url\":59247,\"@id\":\"https:\\\/\\\/www.jornalja.com.br\\\/arquivo\\\/abaixo-de-sol-e-chuva-apoiadores-de-lula-mantiveram-vigilia-em-porto-alegre\\\/#mainImage\"},\"primaryImageOfPage\":{\"@id\":\"https:\\\/\\\/www.jornalja.com.br\\\/arquivo\\\/abaixo-de-sol-e-chuva-apoiadores-de-lula-mantiveram-vigilia-em-porto-alegre\\\/#mainImage\"},\"datePublished\":\"2018-01-24T22:18:54-02:00\",\"dateModified\":\"2018-01-24T22:18:54-02:00\"},{\"@type\":\"WebSite\",\"@id\":\"https:\\\/\\\/www.jornalja.com.br\\\/arquivo\\\/#website\",\"url\":\"https:\\\/\\\/www.jornalja.com.br\\\/arquivo\\\/\",\"name\":\"Arquivo\",\"description\":\"Jornal J\\u00c1 | Porto Alegre\",\"inLanguage\":\"pt-BR\",\"publisher\":{\"@id\":\"https:\\\/\\\/www.jornalja.com.br\\\/arquivo\\\/#organization\"}}]}\n\t\t<\/script>\n\t\t<!-- All in One SEO -->\n\n","aioseo_head_json":{"title":"Abaixo de sol e chuva, apoiadores de Lula mantiveram vig\u00edlia | Arquivo","description":"","canonical_url":"https:\/\/www.jornalja.com.br\/arquivo\/abaixo-de-sol-e-chuva-apoiadores-de-lula-mantiveram-vigilia-em-porto-alegre\/","robots":"max-image-preview:large","keywords":"","webmasterTools":{"miscellaneous":""},"schema":{"@context":"https:\/\/schema.org","@graph":[{"@type":"BlogPosting","@id":"https:\/\/www.jornalja.com.br\/arquivo\/abaixo-de-sol-e-chuva-apoiadores-de-lula-mantiveram-vigilia-em-porto-alegre\/#blogposting","name":"Abaixo de sol e chuva, apoiadores de Lula mantiveram vig\u00edlia | Arquivo","headline":"Abaixo de sol e chuva, apoiadores de Lula mantiveram vig\u00edlia","author":{"@id":"https:\/\/www.jornalja.com.br\/arquivo\/author\/daredacao\/#author"},"publisher":{"@id":"https:\/\/www.jornalja.com.br\/arquivo\/#organization"},"image":{"@type":"ImageObject","url":59247},"datePublished":"2018-01-24T22:18:54-02:00","dateModified":"2018-01-24T22:18:54-02:00","inLanguage":"pt-BR","mainEntityOfPage":{"@id":"https:\/\/www.jornalja.com.br\/arquivo\/abaixo-de-sol-e-chuva-apoiadores-de-lula-mantiveram-vigilia-em-porto-alegre\/#webpage"},"isPartOf":{"@id":"https:\/\/www.jornalja.com.br\/arquivo\/abaixo-de-sol-e-chuva-apoiadores-de-lula-mantiveram-vigilia-em-porto-alegre\/#webpage"},"articleSection":"Geral"},{"@type":"BreadcrumbList","@id":"https:\/\/www.jornalja.com.br\/arquivo\/abaixo-de-sol-e-chuva-apoiadores-de-lula-mantiveram-vigilia-em-porto-alegre\/#breadcrumblist","itemListElement":[{"@type":"ListItem","@id":"https:\/\/www.jornalja.com.br\/arquivo#listItem","position":1,"name":"Home","item":"https:\/\/www.jornalja.com.br\/arquivo","nextItem":{"@type":"ListItem","@id":"https:\/\/www.jornalja.com.br\/arquivo\/category\/geral\/#listItem","name":"Geral"}},{"@type":"ListItem","@id":"https:\/\/www.jornalja.com.br\/arquivo\/category\/geral\/#listItem","position":2,"name":"Geral","item":"https:\/\/www.jornalja.com.br\/arquivo\/category\/geral\/","nextItem":{"@type":"ListItem","@id":"https:\/\/www.jornalja.com.br\/arquivo\/abaixo-de-sol-e-chuva-apoiadores-de-lula-mantiveram-vigilia-em-porto-alegre\/#listItem","name":"Abaixo de sol e chuva, apoiadores de Lula mantiveram vig\u00edlia"},"previousItem":{"@type":"ListItem","@id":"https:\/\/www.jornalja.com.br\/arquivo#listItem","name":"Home"}},{"@type":"ListItem","@id":"https:\/\/www.jornalja.com.br\/arquivo\/abaixo-de-sol-e-chuva-apoiadores-de-lula-mantiveram-vigilia-em-porto-alegre\/#listItem","position":3,"name":"Abaixo de sol e chuva, apoiadores de Lula mantiveram vig\u00edlia","previousItem":{"@type":"ListItem","@id":"https:\/\/www.jornalja.com.br\/arquivo\/category\/geral\/#listItem","name":"Geral"}}]},{"@type":"Organization","@id":"https:\/\/www.jornalja.com.br\/arquivo\/#organization","name":"Jornal J\u00c1","description":"Jornal J\u00c1 | Porto Alegre","url":"https:\/\/www.jornalja.com.br\/arquivo\/","telephone":"+555133307272","logo":{"@type":"ImageObject","url":"https:\/\/www.jornalja.com.br\/wp-content\/uploads\/cards\/JAslogan.png","@id":"https:\/\/www.jornalja.com.br\/arquivo\/abaixo-de-sol-e-chuva-apoiadores-de-lula-mantiveram-vigilia-em-porto-alegre\/#organizationLogo"},"image":{"@id":"https:\/\/www.jornalja.com.br\/arquivo\/abaixo-de-sol-e-chuva-apoiadores-de-lula-mantiveram-vigilia-em-porto-alegre\/#organizationLogo"}},{"@type":"Person","@id":"https:\/\/www.jornalja.com.br\/arquivo\/author\/daredacao\/#author","url":"https:\/\/www.jornalja.com.br\/arquivo\/author\/daredacao\/","name":"da Reda\u00e7\u00e3o","image":{"@type":"ImageObject","@id":"https:\/\/www.jornalja.com.br\/arquivo\/abaixo-de-sol-e-chuva-apoiadores-de-lula-mantiveram-vigilia-em-porto-alegre\/#authorImage","url":"https:\/\/secure.gravatar.com\/avatar\/469fd857d6605ad19919d27ed29d35a968a25f6e8fd9318356bbb7f57aae9c65?s=96&d=mm&r=g","width":96,"height":96,"caption":"da Reda\u00e7\u00e3o"}},{"@type":"WebPage","@id":"https:\/\/www.jornalja.com.br\/arquivo\/abaixo-de-sol-e-chuva-apoiadores-de-lula-mantiveram-vigilia-em-porto-alegre\/#webpage","url":"https:\/\/www.jornalja.com.br\/arquivo\/abaixo-de-sol-e-chuva-apoiadores-de-lula-mantiveram-vigilia-em-porto-alegre\/","name":"Abaixo de sol e chuva, apoiadores de Lula mantiveram vig\u00edlia | Arquivo","inLanguage":"pt-BR","isPartOf":{"@id":"https:\/\/www.jornalja.com.br\/arquivo\/#website"},"breadcrumb":{"@id":"https:\/\/www.jornalja.com.br\/arquivo\/abaixo-de-sol-e-chuva-apoiadores-de-lula-mantiveram-vigilia-em-porto-alegre\/#breadcrumblist"},"author":{"@id":"https:\/\/www.jornalja.com.br\/arquivo\/author\/daredacao\/#author"},"creator":{"@id":"https:\/\/www.jornalja.com.br\/arquivo\/author\/daredacao\/#author"},"image":{"@type":"ImageObject","url":59247,"@id":"https:\/\/www.jornalja.com.br\/arquivo\/abaixo-de-sol-e-chuva-apoiadores-de-lula-mantiveram-vigilia-em-porto-alegre\/#mainImage"},"primaryImageOfPage":{"@id":"https:\/\/www.jornalja.com.br\/arquivo\/abaixo-de-sol-e-chuva-apoiadores-de-lula-mantiveram-vigilia-em-porto-alegre\/#mainImage"},"datePublished":"2018-01-24T22:18:54-02:00","dateModified":"2018-01-24T22:18:54-02:00"},{"@type":"WebSite","@id":"https:\/\/www.jornalja.com.br\/arquivo\/#website","url":"https:\/\/www.jornalja.com.br\/arquivo\/","name":"Arquivo","description":"Jornal J\u00c1 | Porto Alegre","inLanguage":"pt-BR","publisher":{"@id":"https:\/\/www.jornalja.com.br\/arquivo\/#organization"}}]},"og:locale":"pt_BR","og:site_name":"Arquivo | Jornal J\u00c1 | Porto Alegre","og:type":"article","og:title":"Abaixo de sol e chuva, apoiadores de Lula mantiveram vig\u00edlia | Arquivo","og:url":"https:\/\/www.jornalja.com.br\/arquivo\/abaixo-de-sol-e-chuva-apoiadores-de-lula-mantiveram-vigilia-em-porto-alegre\/","og:image":"https:\/\/www.jornalja.com.br\/wp-content\/uploads\/2018\/01\/IMG_20180124_101001237.jpg","og:image:secure_url":"https:\/\/www.jornalja.com.br\/wp-content\/uploads\/2018\/01\/IMG_20180124_101001237.jpg","article:published_time":"2018-01-25T00:18:54+00:00","article:modified_time":"2018-01-25T00:18:54+00:00","twitter:card":"summary","twitter:title":"Abaixo de sol e chuva, apoiadores de Lula mantiveram vig\u00edlia | Arquivo","twitter:image":"https:\/\/www.jornalja.com.br\/economics\/wp-content\/uploads\/sites\/11\/2026\/08\/ja-folhaderosto-facebook.jpg"},"aioseo_meta_data":{"post_id":"59245","title":null,"description":null,"keywords":null,"keyphrases":null,"primary_term":null,"canonical_url":null,"og_title":null,"og_description":null,"og_object_type":"default","og_image_type":"default","og_image_url":null,"og_image_width":null,"og_image_height":null,"og_image_custom_url":null,"og_image_custom_fields":null,"og_video":null,"og_custom_url":null,"og_article_section":null,"og_article_tags":null,"twitter_use_og":false,"twitter_card":"default","twitter_image_type":"default","twitter_image_url":null,"twitter_image_custom_url":null,"twitter_image_custom_fields":null,"twitter_title":null,"twitter_description":null,"schema":{"blockGraphs":[],"customGraphs":[],"default":{"data":{"Article":[],"Course":[],"Dataset":[],"FAQPage":[],"Movie":[],"Person":[],"Product":[],"ProductReview":[],"Car":[],"Recipe":[],"Service":[],"SoftwareApplication":[],"WebPage":[]},"graphName":"","isEnabled":true},"graphs":[],"defaultGraph":"","defaultPostTypeGraph":""},"schema_type":null,"schema_type_options":null,"pillar_content":false,"robots_default":true,"robots_noindex":false,"robots_noarchive":false,"robots_nosnippet":false,"robots_nofollow":false,"robots_noimageindex":false,"robots_noodp":false,"robots_notranslate":false,"robots_max_snippet":null,"robots_max_videopreview":null,"robots_max_imagepreview":"large","priority":null,"frequency":null,"location":null,"local_seo":null,"breadcrumb_settings":null,"limit_modified_date":false,"ai":null,"created":"2020-12-20 20:18:03","updated":"2025-07-20 03:12:44","seo_analyzer_scan_date":null,"focus_keyword":null,"additional_keywords":null,"truseo_locale":null},"jetpack_sharing_enabled":true,"jetpack-related-posts":[{"id":13101,"url":"https:\/\/www.jornalja.com.br\/arquivo\/morre-um-guerreiro-do-texto\/","url_meta":{"origin":59245,"position":0},"title":"Morre um guerreiro do texto","author":"Patr\u00edcia Marini","date":"14 de maio de 2014","format":false,"excerpt":"Por Ricardo Kotscho Reproduzido do blog do autor, 11\/5\/2014; t\u00edtulo original \u201cE l\u00e1 se foi o nosso Myltainho, guerreiro do texto\u201d. Mi\u00fado e franzino, meu amigo Myltainho era um valente e inconformado guerreiro na luta contra as injusti\u00e7as sociais, a hipocrisia, as maracutaias, o autoritarismo, a intoler\u00e2ncia, a viol\u00eancia, o\u2026","rel":"","context":"Em &quot;Geral&quot;","block_context":{"text":"Geral","link":"https:\/\/www.jornalja.com.br\/arquivo\/category\/geral\/"},"img":{"alt_text":"","src":"","width":0,"height":0},"classes":[]},{"id":13240,"url":"https:\/\/www.jornalja.com.br\/arquivo\/plano-diretor-estamos-construindo-o-caos\/","url_meta":{"origin":59245,"position":1},"title":"Plano diretor: &quot;Estamos construindo o caos&quot;","author":"Patr\u00edcia Marini","date":"26 de maio de 2014","format":false,"excerpt":"Desabafo que arquiteta Eliana Castilhos, delegada da Regi\u00e3o de Planejamento 1, postou nas redes sociais \u00e9 um testemunho do ambiente que se criou no Conselho do Plano Diretor de Porto Alegre, onde a aprova\u00e7\u00e3o de grandes empreendimentos \u00e9 empurrada guela abaixo dos conselheiros. Ao CMDUA Como delegada da Regi\u00e3o de\u2026","rel":"","context":"Em &quot;Geral&quot;","block_context":{"text":"Geral","link":"https:\/\/www.jornalja.com.br\/arquivo\/category\/geral\/"},"img":{"alt_text":"","src":"","width":0,"height":0},"classes":[]},{"id":5440,"url":"https:\/\/www.jornalja.com.br\/arquivo\/casarao-da-venancio-destino-permanece-incerto\/","url_meta":{"origin":59245,"position":2},"title":"Estado ainda n\u00e3o sabe o que fazer com casar\u00e3o abandonado h\u00e1 20 anos","author":"Elmar Bones","date":"6 de julho de 2009","format":false,"excerpt":"O casar\u00e3o amarelo, numa esquina nobre de Porto Alegre (Ven\u00e2ncio Aires com Jo\u00e3o Pessoa), j\u00e1 abrigou uma escola. H\u00e1 duas d\u00e9cadas, pelo menos, est\u00e1 abandonado, porque seu propriet\u00e1rio, o governo do Estado do Rio Grande do Sul, n\u00e3o consegue achar um destino para ele. Planos n\u00e3o faltaram. O governador Ol\u00edvio\u2026","rel":"","context":"Em &quot;X.Categorias velhas&quot;","block_context":{"text":"X.Categorias velhas","link":"https:\/\/www.jornalja.com.br\/arquivo\/category\/x-categorias-velhas\/"},"img":{"alt_text":"geraldo1","src":"https:\/\/i0.wp.com\/www.jornalja.com.br\/wp-content\/uploads\/2009\/07\/geraldo1.jpg?resize=350%2C200&ssl=1","width":350,"height":200},"classes":[]},{"id":13128,"url":"https:\/\/www.jornalja.com.br\/arquivo\/maconha-terra-diz-que-uso-medicinal-e-desculpa\/","url_meta":{"origin":59245,"position":3},"title":"Maconha: Terra diz que uso medicinal \u00e9 desculpa","author":"Patr\u00edcia Marini","date":"4 de junho de 2014","format":false,"excerpt":"A condi\u00e7\u00e3o de pol\u00edtico, em \u00e9poca de campanha de campanha eleitoral, tira for\u00e7a do discurso do m\u00e9dico Osmar Terra contra a legaliza\u00e7\u00e3o da maconha. A tese dele de que a libera\u00e7\u00e3o vai ampliar exponencialmente o consumo \u00e9 discutivel, o consumo \u00e9 corrente. Mas seus alertas quanto aos riscos tem que\u2026","rel":"","context":"Em &quot;X.Categorias velhas&quot;","block_context":{"text":"X.Categorias velhas","link":"https:\/\/www.jornalja.com.br\/arquivo\/category\/x-categorias-velhas\/"},"img":{"alt_text":"","src":"","width":0,"height":0},"classes":[]},{"id":13239,"url":"https:\/\/www.jornalja.com.br\/arquivo\/conselho-desdenha-do-plano-diretor\/","url_meta":{"origin":59245,"position":4},"title":"Porto Alegre: Conselho detona Plano Diretor","author":"Patr\u00edcia Marini","date":"25 de maio de 2014","format":false,"excerpt":"Den\u00fancia do arquiteto e \u00a0urbanista Ibir\u00e1 Santos Lucas. Ele diz que os conselheiros est\u00e3o votando com \"enorme irresponsabilidade\". \"Mudam regime com a maior naturalidade,,,regularizam absurdos de constru\u00e7\u00f5es irregulares... \"O CMDUA est\u00e1 flexibilizando a lei do plano diretor, de uma forma impactante na vida da cidade. Mudam regime com a maior\u2026","rel":"","context":"Em &quot;Geral&quot;","block_context":{"text":"Geral","link":"https:\/\/www.jornalja.com.br\/arquivo\/category\/geral\/"},"img":{"alt_text":"","src":"","width":0,"height":0},"classes":[]},{"id":14241,"url":"https:\/\/www.jornalja.com.br\/arquivo\/o-guaiba-nas-imagens-poeticas-de-achutti\/","url_meta":{"origin":59245,"position":5},"title":"O Gua\u00edba nas imagens po\u00e9ticas de Achutti","author":"da Reda\u00e7\u00e3o","date":"18 de junho de 2014","format":false,"excerpt":"Em \u201cO Gua\u00edba por Achutti\u201d \u2013 obra financiada via Minist\u00e9rio da Cultura, produ\u00e7\u00e3o executiva de Pedro Longhi, e Fl\u00e1vio Wild como designer \u2013, o fot\u00f3grafo revela a beleza e as mazelas de um espa\u00e7o aqu\u00e1tico de \u00e1guas sempre renovadas, cheio de hist\u00f3rias e lendas como as das cidades que foram\u2026","rel":"","context":"Em &quot;Cultura-Geral&quot;","block_context":{"text":"Cultura-Geral","link":"https:\/\/www.jornalja.com.br\/arquivo\/category\/materiasecundaria\/"},"img":{"alt_text":"","src":"","width":0,"height":0},"classes":[]}],"jetpack_shortlink":"https:\/\/wp.me\/pbQjBd-fpz","jetpack_featured_media_url":"","_links":{"self":[{"href":"https:\/\/www.jornalja.com.br\/arquivo\/wp-json\/wp\/v2\/posts\/59245","targetHints":{"allow":["GET"]}}],"collection":[{"href":"https:\/\/www.jornalja.com.br\/arquivo\/wp-json\/wp\/v2\/posts"}],"about":[{"href":"https:\/\/www.jornalja.com.br\/arquivo\/wp-json\/wp\/v2\/types\/post"}],"author":[{"embeddable":true,"href":"https:\/\/www.jornalja.com.br\/arquivo\/wp-json\/wp\/v2\/users\/4"}],"replies":[{"embeddable":true,"href":"https:\/\/www.jornalja.com.br\/arquivo\/wp-json\/wp\/v2\/comments?post=59245"}],"version-history":[{"count":0,"href":"https:\/\/www.jornalja.com.br\/arquivo\/wp-json\/wp\/v2\/posts\/59245\/revisions"}],"wp:attachment":[{"href":"https:\/\/www.jornalja.com.br\/arquivo\/wp-json\/wp\/v2\/media?parent=59245"}],"wp:term":[{"taxonomy":"category","embeddable":true,"href":"https:\/\/www.jornalja.com.br\/arquivo\/wp-json\/wp\/v2\/categories?post=59245"},{"taxonomy":"post_tag","embeddable":true,"href":"https:\/\/www.jornalja.com.br\/arquivo\/wp-json\/wp\/v2\/tags?post=59245"}],"curies":[{"name":"wp","href":"https:\/\/api.w.org\/{rel}","templated":true}]}}