{"id":59289,"date":"2018-01-26T15:05:31","date_gmt":"2018-01-26T17:05:31","guid":{"rendered":"https:\/\/www.jornalja.com.br\/?p=59289"},"modified":"2018-01-26T15:05:31","modified_gmt":"2018-01-26T17:05:31","slug":"governo-muda-lei-para-transferir-servidores-das-fundacoes-em-extincao","status":"publish","type":"post","link":"https:\/\/www.jornalja.com.br\/arquivo\/governo-muda-lei-para-transferir-servidores-das-fundacoes-em-extincao\/","title":{"rendered":"Governo muda lei para transferir servidores das funda\u00e7\u00f5es em extin\u00e7\u00e3o"},"content":{"rendered":"<p><span class=\"assina\">cleber dioni tentardini <\/span><br \/>\nO governo do estado publicou ontem no Di\u00e1rio Oficial (DOE) altera\u00e7\u00f5es na lei que regulamenta a extin\u00e7\u00e3o das funda\u00e7\u00f5es estaduais.<br \/>\nAgora, o secret\u00e1rio da Moderniza\u00e7\u00e3o Administrativa e dos Recursos Humanos (Smarh),\u00a0Raffaele Di Cameli, \u00e9 quem definir\u00e1 o destino dos servidores das funda\u00e7\u00f5es em processo de extin\u00e7\u00e3o, que n\u00e3o podem ser demitidos.<br \/>\nN\u00e3o se sabe exatamente o prazo fixado pelo governo para efetuar as transfer\u00eancias. Fala-se em duas datas, no dia 30 deste m\u00eas de janeiro e no dia 30 de abril. O jornal tentou contato com o secret\u00e1rio mas sua assessoria informou que ele n\u00e3o poderia atender devido \u00e0s reuni\u00f5es, agendadas por toda a tarde.<br \/>\nO Decreto n\u00ba 53.895 \u00e9 assinado pelo governador Jos\u00e9 Ivo Sartori e pelo chefe da Casa Civil, F\u00e1bio de Oliveira Branco. Altera o Decreto n.\u00ba 53.756, de 18 de outubro de 2017, que regulamenta a Lei n\u00ba 14.982, de 16 de janeiro de 2017, que autoriza a extin\u00e7\u00e3o de funda\u00e7\u00f5es de direito privado da Administra\u00e7\u00e3o P\u00fablica Indireta do Estado do Rio Grande do Sul.<br \/>\nA medida do Executivo estadual \u00e9 um paliativo \u00e0s decis\u00f5es da Justi\u00e7a do Trabalho que desde o ano passado t\u00eam assegurado o direito \u00e0 estabilidade para a maioria dos servidores das funda\u00e7\u00f5es. O governo lan\u00e7ou, inclusive, um programa para demiss\u00e3o volunt\u00e1ria (PDV), que at\u00e9 agora teve baixa ades\u00e3o.<br \/>\nEm novembro de 2017, a <a href=\"https:\/\/www.jornalja.com.br\/frente-juridica-ganha-liminar-impedindo-demissoes-na-fzb\/\">Frente Jur\u00eddica em Defesa das Funda\u00e7\u00f5es ganhou liminares que impedem o governo de demitir os funcion\u00e1rios que completarem tr\u00eas anos de trabalho at\u00e9 31\/12\/2017<\/a>. O governo ficou impedido de dispensar, ou mesmo conceder aviso pr\u00e9vio, inclusive aos trabalhadores que tenham sido admitidos no per\u00edodo de 9 de novembro de 2014 a 31 de dezembro de 2014, sob pena de fixa\u00e7\u00e3o de multa no valor de R$100 mil por descumprimento.\u201d<br \/>\nA FZB \u00e9 um caso \u00e0 parte, porque al\u00e9m da decis\u00e3o trabalhista ela foi contemplada tamb\u00e9m no in\u00edcio deste ano com <a href=\"https:\/\/www.jornalja.com.br\/juiz-concede-liminar-parcial-em-acao-do-ministerio-publico-a-favor-da-zoobotanica\/\">outra medida judicial, esta da 10\u00aa Vara da Fazenda P\u00fablica do Foro Central, onde o\u00a0juiz Eug\u00eanio Couto Terra acolheu parcialmente a liminar\u00a0requerida pelo Minist\u00e9rio P\u00fablico do Rio Grande do Sul, atrav\u00e9s da Promotoria de Justi\u00e7a de Defesa do Meio Ambiente de Porto Alegre<\/a> , que protege o Jardim Bot\u00e3nico e o Museu de Ci\u00eancias Naturais, duas das tr\u00eas institui\u00e7\u00f5es vinculadas \u00e0 Funda\u00e7\u00e3o Zoobot\u00e2nica. Poss\u00edveis transfer\u00eancias, ent\u00e3o, poderiam prejudicar a continuidade dos trabalhos ou a curadoria das cole\u00e7\u00f5es cient\u00edficas.<br \/>\nEntre outras determina\u00e7\u00f5es em rela\u00e7\u00e3o \u00e0 Zoobot\u00e2nica, o governo est\u00e1 impedido de se desfazer de qualquer bem, m\u00f3vel, im\u00f3vel e\u00a0plantas, animais e f\u00f3sseis\u00a0que constituem o patrim\u00f4nio material das institui\u00e7\u00f5es e n\u00e3o poder\u00e1 cancelar conv\u00eanios e contratos com institui\u00e7\u00f5es p\u00fablicas ou privadas at\u00e9 que a Secretaria do Ambiente e Desenvolvimento Sustent\u00e1vel apresente \u201cde forma detalhada e clara\u201d como manter\u00e1 o patrim\u00f4nio e a qualidade dos servi\u00e7os das duas institui\u00e7\u00f5es.<\/p>\n","protected":false},"excerpt":{"rendered":"<p>cleber dioni tentardini O governo do estado publicou ontem no Di\u00e1rio Oficial (DOE) altera\u00e7\u00f5es na lei que regulamenta a extin\u00e7\u00e3o das funda\u00e7\u00f5es estaduais. Agora, o secret\u00e1rio da Moderniza\u00e7\u00e3o Administrativa e dos Recursos Humanos (Smarh),\u00a0Raffaele Di Cameli, \u00e9 quem definir\u00e1 o destino dos servidores das funda\u00e7\u00f5es em processo de extin\u00e7\u00e3o, que n\u00e3o podem ser demitidos. N\u00e3o [&hellip;]<\/p>\n","protected":false},"author":4,"featured_media":59294,"comment_status":"open","ping_status":"closed","sticky":false,"template":"","format":"standard","meta":{"_jetpack_newsletter_access":"","_jetpack_dont_email_post_to_subs":false,"_jetpack_newsletter_tier_id":0,"_jetpack_memberships_contains_paywalled_content":false,"_jetpack_feature_clip_id":0,"_jetpack_memberships_contains_paid_content":false,"footnotes":"","jetpack_post_was_ever_published":false},"categories":[26],"tags":[],"class_list":["post-59289","post","type-post","status-publish","format-standard","has-post-thumbnail","hentry","category-geral"],"aioseo_notices":[],"aioseo_head":"\n\t\t<!-- All in One SEO 5.0.1.1 - aioseo.com -->\n\t<meta name=\"robots\" content=\"max-image-preview:large\" \/>\n\t<meta name=\"author\" content=\"da Reda\u00e7\u00e3o\"\/>\n\t<link rel=\"canonical\" href=\"https:\/\/www.jornalja.com.br\/arquivo\/governo-muda-lei-para-transferir-servidores-das-fundacoes-em-extincao\/\" \/>\n\t<meta name=\"generator\" content=\"All in One SEO (AIOSEO) 5.0.1.1\" \/>\n\t\t<meta property=\"og:locale\" content=\"pt_BR\" \/>\n\t\t<meta property=\"og:site_name\" content=\"Arquivo | Jornal J\u00c1 | Porto Alegre\" \/>\n\t\t<meta property=\"og:type\" content=\"article\" \/>\n\t\t<meta property=\"og:title\" content=\"Governo muda lei para transferir servidores das funda\u00e7\u00f5es em extin\u00e7\u00e3o | Arquivo\" \/>\n\t\t<meta property=\"og:url\" content=\"https:\/\/www.jornalja.com.br\/arquivo\/governo-muda-lei-para-transferir-servidores-das-fundacoes-em-extincao\/\" \/>\n\t\t<meta property=\"og:image\" content=\"https:\/\/www.jornalja.com.br\/economics\/wp-content\/uploads\/sites\/11\/2026\/08\/ja-folhaderosto-facebook.jpg\" \/>\n\t\t<meta property=\"og:image:secure_url\" content=\"https:\/\/www.jornalja.com.br\/economics\/wp-content\/uploads\/sites\/11\/2026\/08\/ja-folhaderosto-facebook.jpg\" \/>\n\t\t<meta property=\"article:published_time\" content=\"2018-01-26T17:05:31+00:00\" \/>\n\t\t<meta property=\"article:modified_time\" content=\"2018-01-26T17:05:31+00:00\" \/>\n\t\t<meta name=\"twitter:card\" content=\"summary\" \/>\n\t\t<meta name=\"twitter:title\" content=\"Governo muda lei para transferir servidores das funda\u00e7\u00f5es em extin\u00e7\u00e3o | Arquivo\" \/>\n\t\t<meta name=\"twitter:image\" content=\"https:\/\/www.jornalja.com.br\/economics\/wp-content\/uploads\/sites\/11\/2026\/08\/ja-folhaderosto-facebook.jpg\" \/>\n\t\t<script type=\"application\/ld+json\" class=\"aioseo-schema\">\n\t\t\t{\"@context\":\"https:\\\/\\\/schema.org\",\"@graph\":[{\"@type\":\"BlogPosting\",\"@id\":\"https:\\\/\\\/www.jornalja.com.br\\\/arquivo\\\/governo-muda-lei-para-transferir-servidores-das-fundacoes-em-extincao\\\/#blogposting\",\"name\":\"Governo muda lei para transferir servidores das funda\\u00e7\\u00f5es em extin\\u00e7\\u00e3o | Arquivo\",\"headline\":\"Governo muda lei para transferir servidores das funda\\u00e7\\u00f5es em extin\\u00e7\\u00e3o\",\"author\":{\"@id\":\"https:\\\/\\\/www.jornalja.com.br\\\/arquivo\\\/author\\\/daredacao\\\/#author\"},\"publisher\":{\"@id\":\"https:\\\/\\\/www.jornalja.com.br\\\/arquivo\\\/#organization\"},\"image\":{\"@type\":\"ImageObject\",\"url\":59294},\"datePublished\":\"2018-01-26T15:05:31-02:00\",\"dateModified\":\"2018-01-26T15:05:31-02:00\",\"inLanguage\":\"pt-BR\",\"mainEntityOfPage\":{\"@id\":\"https:\\\/\\\/www.jornalja.com.br\\\/arquivo\\\/governo-muda-lei-para-transferir-servidores-das-fundacoes-em-extincao\\\/#webpage\"},\"isPartOf\":{\"@id\":\"https:\\\/\\\/www.jornalja.com.br\\\/arquivo\\\/governo-muda-lei-para-transferir-servidores-das-fundacoes-em-extincao\\\/#webpage\"},\"articleSection\":\"Geral\"},{\"@type\":\"BreadcrumbList\",\"@id\":\"https:\\\/\\\/www.jornalja.com.br\\\/arquivo\\\/governo-muda-lei-para-transferir-servidores-das-fundacoes-em-extincao\\\/#breadcrumblist\",\"itemListElement\":[{\"@type\":\"ListItem\",\"@id\":\"https:\\\/\\\/www.jornalja.com.br\\\/arquivo#listItem\",\"position\":1,\"name\":\"Home\",\"item\":\"https:\\\/\\\/www.jornalja.com.br\\\/arquivo\",\"nextItem\":{\"@type\":\"ListItem\",\"@id\":\"https:\\\/\\\/www.jornalja.com.br\\\/arquivo\\\/category\\\/geral\\\/#listItem\",\"name\":\"Geral\"}},{\"@type\":\"ListItem\",\"@id\":\"https:\\\/\\\/www.jornalja.com.br\\\/arquivo\\\/category\\\/geral\\\/#listItem\",\"position\":2,\"name\":\"Geral\",\"item\":\"https:\\\/\\\/www.jornalja.com.br\\\/arquivo\\\/category\\\/geral\\\/\",\"nextItem\":{\"@type\":\"ListItem\",\"@id\":\"https:\\\/\\\/www.jornalja.com.br\\\/arquivo\\\/governo-muda-lei-para-transferir-servidores-das-fundacoes-em-extincao\\\/#listItem\",\"name\":\"Governo muda lei para transferir servidores das funda\\u00e7\\u00f5es em extin\\u00e7\\u00e3o\"},\"previousItem\":{\"@type\":\"ListItem\",\"@id\":\"https:\\\/\\\/www.jornalja.com.br\\\/arquivo#listItem\",\"name\":\"Home\"}},{\"@type\":\"ListItem\",\"@id\":\"https:\\\/\\\/www.jornalja.com.br\\\/arquivo\\\/governo-muda-lei-para-transferir-servidores-das-fundacoes-em-extincao\\\/#listItem\",\"position\":3,\"name\":\"Governo muda lei para transferir servidores das funda\\u00e7\\u00f5es em extin\\u00e7\\u00e3o\",\"previousItem\":{\"@type\":\"ListItem\",\"@id\":\"https:\\\/\\\/www.jornalja.com.br\\\/arquivo\\\/category\\\/geral\\\/#listItem\",\"name\":\"Geral\"}}]},{\"@type\":\"Organization\",\"@id\":\"https:\\\/\\\/www.jornalja.com.br\\\/arquivo\\\/#organization\",\"name\":\"Jornal J\\u00c1\",\"description\":\"Jornal J\\u00c1 | Porto Alegre\",\"url\":\"https:\\\/\\\/www.jornalja.com.br\\\/arquivo\\\/\",\"telephone\":\"+555133307272\",\"logo\":{\"@type\":\"ImageObject\",\"url\":\"https:\\\/\\\/www.jornalja.com.br\\\/wp-content\\\/uploads\\\/cards\\\/JAslogan.png\",\"@id\":\"https:\\\/\\\/www.jornalja.com.br\\\/arquivo\\\/governo-muda-lei-para-transferir-servidores-das-fundacoes-em-extincao\\\/#organizationLogo\"},\"image\":{\"@id\":\"https:\\\/\\\/www.jornalja.com.br\\\/arquivo\\\/governo-muda-lei-para-transferir-servidores-das-fundacoes-em-extincao\\\/#organizationLogo\"}},{\"@type\":\"Person\",\"@id\":\"https:\\\/\\\/www.jornalja.com.br\\\/arquivo\\\/author\\\/daredacao\\\/#author\",\"url\":\"https:\\\/\\\/www.jornalja.com.br\\\/arquivo\\\/author\\\/daredacao\\\/\",\"name\":\"da Reda\\u00e7\\u00e3o\",\"image\":{\"@type\":\"ImageObject\",\"@id\":\"https:\\\/\\\/www.jornalja.com.br\\\/arquivo\\\/governo-muda-lei-para-transferir-servidores-das-fundacoes-em-extincao\\\/#authorImage\",\"url\":\"https:\\\/\\\/secure.gravatar.com\\\/avatar\\\/469fd857d6605ad19919d27ed29d35a968a25f6e8fd9318356bbb7f57aae9c65?s=96&d=mm&r=g\",\"width\":96,\"height\":96,\"caption\":\"da Reda\\u00e7\\u00e3o\"}},{\"@type\":\"WebPage\",\"@id\":\"https:\\\/\\\/www.jornalja.com.br\\\/arquivo\\\/governo-muda-lei-para-transferir-servidores-das-fundacoes-em-extincao\\\/#webpage\",\"url\":\"https:\\\/\\\/www.jornalja.com.br\\\/arquivo\\\/governo-muda-lei-para-transferir-servidores-das-fundacoes-em-extincao\\\/\",\"name\":\"Governo muda lei para transferir servidores das funda\\u00e7\\u00f5es em extin\\u00e7\\u00e3o | Arquivo\",\"inLanguage\":\"pt-BR\",\"isPartOf\":{\"@id\":\"https:\\\/\\\/www.jornalja.com.br\\\/arquivo\\\/#website\"},\"breadcrumb\":{\"@id\":\"https:\\\/\\\/www.jornalja.com.br\\\/arquivo\\\/governo-muda-lei-para-transferir-servidores-das-fundacoes-em-extincao\\\/#breadcrumblist\"},\"author\":{\"@id\":\"https:\\\/\\\/www.jornalja.com.br\\\/arquivo\\\/author\\\/daredacao\\\/#author\"},\"creator\":{\"@id\":\"https:\\\/\\\/www.jornalja.com.br\\\/arquivo\\\/author\\\/daredacao\\\/#author\"},\"image\":{\"@type\":\"ImageObject\",\"url\":59294,\"@id\":\"https:\\\/\\\/www.jornalja.com.br\\\/arquivo\\\/governo-muda-lei-para-transferir-servidores-das-fundacoes-em-extincao\\\/#mainImage\"},\"primaryImageOfPage\":{\"@id\":\"https:\\\/\\\/www.jornalja.com.br\\\/arquivo\\\/governo-muda-lei-para-transferir-servidores-das-fundacoes-em-extincao\\\/#mainImage\"},\"datePublished\":\"2018-01-26T15:05:31-02:00\",\"dateModified\":\"2018-01-26T15:05:31-02:00\"},{\"@type\":\"WebSite\",\"@id\":\"https:\\\/\\\/www.jornalja.com.br\\\/arquivo\\\/#website\",\"url\":\"https:\\\/\\\/www.jornalja.com.br\\\/arquivo\\\/\",\"name\":\"Arquivo\",\"description\":\"Jornal J\\u00c1 | Porto Alegre\",\"inLanguage\":\"pt-BR\",\"publisher\":{\"@id\":\"https:\\\/\\\/www.jornalja.com.br\\\/arquivo\\\/#organization\"}}]}\n\t\t<\/script>\n\t\t<!-- All in One SEO -->\n\n","aioseo_head_json":{"title":"Governo muda lei para transferir servidores das funda\u00e7\u00f5es em extin\u00e7\u00e3o | Arquivo","description":"","canonical_url":"https:\/\/www.jornalja.com.br\/arquivo\/governo-muda-lei-para-transferir-servidores-das-fundacoes-em-extincao\/","robots":"max-image-preview:large","keywords":"","webmasterTools":{"miscellaneous":""},"schema":{"@context":"https:\/\/schema.org","@graph":[{"@type":"BlogPosting","@id":"https:\/\/www.jornalja.com.br\/arquivo\/governo-muda-lei-para-transferir-servidores-das-fundacoes-em-extincao\/#blogposting","name":"Governo muda lei para transferir servidores das funda\u00e7\u00f5es em extin\u00e7\u00e3o | Arquivo","headline":"Governo muda lei para transferir servidores das funda\u00e7\u00f5es em extin\u00e7\u00e3o","author":{"@id":"https:\/\/www.jornalja.com.br\/arquivo\/author\/daredacao\/#author"},"publisher":{"@id":"https:\/\/www.jornalja.com.br\/arquivo\/#organization"},"image":{"@type":"ImageObject","url":59294},"datePublished":"2018-01-26T15:05:31-02:00","dateModified":"2018-01-26T15:05:31-02:00","inLanguage":"pt-BR","mainEntityOfPage":{"@id":"https:\/\/www.jornalja.com.br\/arquivo\/governo-muda-lei-para-transferir-servidores-das-fundacoes-em-extincao\/#webpage"},"isPartOf":{"@id":"https:\/\/www.jornalja.com.br\/arquivo\/governo-muda-lei-para-transferir-servidores-das-fundacoes-em-extincao\/#webpage"},"articleSection":"Geral"},{"@type":"BreadcrumbList","@id":"https:\/\/www.jornalja.com.br\/arquivo\/governo-muda-lei-para-transferir-servidores-das-fundacoes-em-extincao\/#breadcrumblist","itemListElement":[{"@type":"ListItem","@id":"https:\/\/www.jornalja.com.br\/arquivo#listItem","position":1,"name":"Home","item":"https:\/\/www.jornalja.com.br\/arquivo","nextItem":{"@type":"ListItem","@id":"https:\/\/www.jornalja.com.br\/arquivo\/category\/geral\/#listItem","name":"Geral"}},{"@type":"ListItem","@id":"https:\/\/www.jornalja.com.br\/arquivo\/category\/geral\/#listItem","position":2,"name":"Geral","item":"https:\/\/www.jornalja.com.br\/arquivo\/category\/geral\/","nextItem":{"@type":"ListItem","@id":"https:\/\/www.jornalja.com.br\/arquivo\/governo-muda-lei-para-transferir-servidores-das-fundacoes-em-extincao\/#listItem","name":"Governo muda lei para transferir servidores das funda\u00e7\u00f5es em extin\u00e7\u00e3o"},"previousItem":{"@type":"ListItem","@id":"https:\/\/www.jornalja.com.br\/arquivo#listItem","name":"Home"}},{"@type":"ListItem","@id":"https:\/\/www.jornalja.com.br\/arquivo\/governo-muda-lei-para-transferir-servidores-das-fundacoes-em-extincao\/#listItem","position":3,"name":"Governo muda lei para transferir servidores das funda\u00e7\u00f5es em extin\u00e7\u00e3o","previousItem":{"@type":"ListItem","@id":"https:\/\/www.jornalja.com.br\/arquivo\/category\/geral\/#listItem","name":"Geral"}}]},{"@type":"Organization","@id":"https:\/\/www.jornalja.com.br\/arquivo\/#organization","name":"Jornal J\u00c1","description":"Jornal J\u00c1 | Porto Alegre","url":"https:\/\/www.jornalja.com.br\/arquivo\/","telephone":"+555133307272","logo":{"@type":"ImageObject","url":"https:\/\/www.jornalja.com.br\/wp-content\/uploads\/cards\/JAslogan.png","@id":"https:\/\/www.jornalja.com.br\/arquivo\/governo-muda-lei-para-transferir-servidores-das-fundacoes-em-extincao\/#organizationLogo"},"image":{"@id":"https:\/\/www.jornalja.com.br\/arquivo\/governo-muda-lei-para-transferir-servidores-das-fundacoes-em-extincao\/#organizationLogo"}},{"@type":"Person","@id":"https:\/\/www.jornalja.com.br\/arquivo\/author\/daredacao\/#author","url":"https:\/\/www.jornalja.com.br\/arquivo\/author\/daredacao\/","name":"da Reda\u00e7\u00e3o","image":{"@type":"ImageObject","@id":"https:\/\/www.jornalja.com.br\/arquivo\/governo-muda-lei-para-transferir-servidores-das-fundacoes-em-extincao\/#authorImage","url":"https:\/\/secure.gravatar.com\/avatar\/469fd857d6605ad19919d27ed29d35a968a25f6e8fd9318356bbb7f57aae9c65?s=96&d=mm&r=g","width":96,"height":96,"caption":"da Reda\u00e7\u00e3o"}},{"@type":"WebPage","@id":"https:\/\/www.jornalja.com.br\/arquivo\/governo-muda-lei-para-transferir-servidores-das-fundacoes-em-extincao\/#webpage","url":"https:\/\/www.jornalja.com.br\/arquivo\/governo-muda-lei-para-transferir-servidores-das-fundacoes-em-extincao\/","name":"Governo muda lei para transferir servidores das funda\u00e7\u00f5es em extin\u00e7\u00e3o | Arquivo","inLanguage":"pt-BR","isPartOf":{"@id":"https:\/\/www.jornalja.com.br\/arquivo\/#website"},"breadcrumb":{"@id":"https:\/\/www.jornalja.com.br\/arquivo\/governo-muda-lei-para-transferir-servidores-das-fundacoes-em-extincao\/#breadcrumblist"},"author":{"@id":"https:\/\/www.jornalja.com.br\/arquivo\/author\/daredacao\/#author"},"creator":{"@id":"https:\/\/www.jornalja.com.br\/arquivo\/author\/daredacao\/#author"},"image":{"@type":"ImageObject","url":59294,"@id":"https:\/\/www.jornalja.com.br\/arquivo\/governo-muda-lei-para-transferir-servidores-das-fundacoes-em-extincao\/#mainImage"},"primaryImageOfPage":{"@id":"https:\/\/www.jornalja.com.br\/arquivo\/governo-muda-lei-para-transferir-servidores-das-fundacoes-em-extincao\/#mainImage"},"datePublished":"2018-01-26T15:05:31-02:00","dateModified":"2018-01-26T15:05:31-02:00"},{"@type":"WebSite","@id":"https:\/\/www.jornalja.com.br\/arquivo\/#website","url":"https:\/\/www.jornalja.com.br\/arquivo\/","name":"Arquivo","description":"Jornal J\u00c1 | Porto Alegre","inLanguage":"pt-BR","publisher":{"@id":"https:\/\/www.jornalja.com.br\/arquivo\/#organization"}}]},"og:locale":"pt_BR","og:site_name":"Arquivo | Jornal J\u00c1 | Porto Alegre","og:type":"article","og:title":"Governo muda lei para transferir servidores das funda\u00e7\u00f5es em extin\u00e7\u00e3o | Arquivo","og:url":"https:\/\/www.jornalja.com.br\/arquivo\/governo-muda-lei-para-transferir-servidores-das-fundacoes-em-extincao\/","og:image":"https:\/\/www.jornalja.com.br\/economics\/wp-content\/uploads\/sites\/11\/2026\/08\/ja-folhaderosto-facebook.jpg","og:image:secure_url":"https:\/\/www.jornalja.com.br\/economics\/wp-content\/uploads\/sites\/11\/2026\/08\/ja-folhaderosto-facebook.jpg","article:published_time":"2018-01-26T17:05:31+00:00","article:modified_time":"2018-01-26T17:05:31+00:00","twitter:card":"summary","twitter:title":"Governo muda lei para transferir servidores das funda\u00e7\u00f5es em extin\u00e7\u00e3o | Arquivo","twitter:image":"https:\/\/www.jornalja.com.br\/economics\/wp-content\/uploads\/sites\/11\/2026\/08\/ja-folhaderosto-facebook.jpg"},"aioseo_meta_data":{"post_id":"59289","title":null,"description":null,"keywords":null,"keyphrases":null,"primary_term":null,"canonical_url":null,"og_title":null,"og_description":null,"og_object_type":"default","og_image_type":"default","og_image_url":null,"og_image_width":null,"og_image_height":null,"og_image_custom_url":null,"og_image_custom_fields":null,"og_video":null,"og_custom_url":null,"og_article_section":null,"og_article_tags":null,"twitter_use_og":false,"twitter_card":"default","twitter_image_type":"default","twitter_image_url":null,"twitter_image_custom_url":null,"twitter_image_custom_fields":null,"twitter_title":null,"twitter_description":null,"schema":{"blockGraphs":[],"customGraphs":[],"default":{"data":{"Article":[],"Course":[],"Dataset":[],"FAQPage":[],"Movie":[],"Person":[],"Product":[],"ProductReview":[],"Car":[],"Recipe":[],"Service":[],"SoftwareApplication":[],"WebPage":[]},"graphName":"","isEnabled":true},"graphs":[],"defaultGraph":"","defaultPostTypeGraph":""},"schema_type":null,"schema_type_options":null,"pillar_content":false,"robots_default":true,"robots_noindex":false,"robots_noarchive":false,"robots_nosnippet":false,"robots_nofollow":false,"robots_noimageindex":false,"robots_noodp":false,"robots_notranslate":false,"robots_max_snippet":null,"robots_max_videopreview":null,"robots_max_imagepreview":"large","priority":null,"frequency":null,"location":null,"local_seo":null,"breadcrumb_settings":null,"limit_modified_date":false,"ai":null,"created":"2020-12-20 20:18:03","updated":"2025-07-20 03:12:44","seo_analyzer_scan_date":null,"focus_keyword":null,"additional_keywords":null,"truseo_locale":null},"jetpack_sharing_enabled":true,"jetpack-related-posts":[{"id":13128,"url":"https:\/\/www.jornalja.com.br\/arquivo\/maconha-terra-diz-que-uso-medicinal-e-desculpa\/","url_meta":{"origin":59289,"position":0},"title":"Maconha: Terra diz que uso medicinal \u00e9 desculpa","author":"Patr\u00edcia Marini","date":"4 de junho de 2014","format":false,"excerpt":"A condi\u00e7\u00e3o de pol\u00edtico, em \u00e9poca de campanha de campanha eleitoral, tira for\u00e7a do discurso do m\u00e9dico Osmar Terra contra a legaliza\u00e7\u00e3o da maconha. A tese dele de que a libera\u00e7\u00e3o vai ampliar exponencialmente o consumo \u00e9 discutivel, o consumo \u00e9 corrente. Mas seus alertas quanto aos riscos tem que\u2026","rel":"","context":"Em &quot;X.Categorias velhas&quot;","block_context":{"text":"X.Categorias velhas","link":"https:\/\/www.jornalja.com.br\/arquivo\/category\/x-categorias-velhas\/"},"img":{"alt_text":"","src":"","width":0,"height":0},"classes":[]},{"id":13124,"url":"https:\/\/www.jornalja.com.br\/arquivo\/sangue-latino-no-iecine\/","url_meta":{"origin":59289,"position":1},"title":"Sangue latino no IECINE","author":"da Reda\u00e7\u00e3o","date":"18 de maio de 2014","format":false,"excerpt":"Francisco Ribeiro O Instituto Estadual de Cinema (IECINE) tem a frente, desde abril \u00faltimo, um novo diretor, o cineasta colombiano Juan Zapata, 36, que substitui Luiz Alberto Cassol. Radicado h\u00e1 dez anos em Porto Alegre, Zapata tem diante de si o desafio de conduzir at\u00e9 o final do ano um\u2026","rel":"","context":"Em &quot;Cultura-Geral&quot;","block_context":{"text":"Cultura-Geral","link":"https:\/\/www.jornalja.com.br\/arquivo\/category\/materiasecundaria\/"},"img":{"alt_text":"","src":"","width":0,"height":0},"classes":[]},{"id":13109,"url":"https:\/\/www.jornalja.com.br\/arquivo\/judiciario-reconhece-poluicao-eletromagnetica\/","url_meta":{"origin":59289,"position":2},"title":"Judici\u00e1rio reconhece polui\u00e7\u00e3o eletromagn\u00e9tica","author":"Patr\u00edcia Marini","date":"16 de maio de 2014","format":false,"excerpt":"A\u00e7\u00e3o de duas associa\u00e7\u00f5es de moradores foi acolhida pelo Tribunal de Justi\u00e7a de S\u00e3o Paulo que. em decis\u00e3o in\u00e9dita, determinou a redu\u00e7\u00e3o do campo eletromagn\u00e9tico gerado pelas linhas de transmiss\u00e3o de energia que cortam os bairros City Boa\u00e7ava e Alto de Pinheiros. \u00c9 a primeira vez que um tribunal do\u2026","rel":"","context":"Em &quot;X.Categorias velhas&quot;","block_context":{"text":"X.Categorias velhas","link":"https:\/\/www.jornalja.com.br\/arquivo\/category\/x-categorias-velhas\/"},"img":{"alt_text":"","src":"","width":0,"height":0},"classes":[]},{"id":5440,"url":"https:\/\/www.jornalja.com.br\/arquivo\/casarao-da-venancio-destino-permanece-incerto\/","url_meta":{"origin":59289,"position":3},"title":"Estado ainda n\u00e3o sabe o que fazer com casar\u00e3o abandonado h\u00e1 20 anos","author":"Elmar Bones","date":"6 de julho de 2009","format":false,"excerpt":"O casar\u00e3o amarelo, numa esquina nobre de Porto Alegre (Ven\u00e2ncio Aires com Jo\u00e3o Pessoa), j\u00e1 abrigou uma escola. H\u00e1 duas d\u00e9cadas, pelo menos, est\u00e1 abandonado, porque seu propriet\u00e1rio, o governo do Estado do Rio Grande do Sul, n\u00e3o consegue achar um destino para ele. Planos n\u00e3o faltaram. O governador Ol\u00edvio\u2026","rel":"","context":"Em &quot;X.Categorias velhas&quot;","block_context":{"text":"X.Categorias velhas","link":"https:\/\/www.jornalja.com.br\/arquivo\/category\/x-categorias-velhas\/"},"img":{"alt_text":"geraldo1","src":"https:\/\/i0.wp.com\/www.jornalja.com.br\/wp-content\/uploads\/2009\/07\/geraldo1.jpg?resize=350%2C200&ssl=1","width":350,"height":200},"classes":[]},{"id":12960,"url":"https:\/\/www.jornalja.com.br\/arquivo\/populacao-culpa-empresas-pela-greve-dos-rodoviarios\/","url_meta":{"origin":59289,"position":4},"title":"Popula\u00e7\u00e3o culpa empresas pela greve","author":"Patr\u00edcia Marini","date":"14 de fevereiro de 2014","format":false,"excerpt":"Pesquisa divulgada na edi\u00e7\u00e3o do jornal Metro desta sexta-feira,14, comprova o velho ditado: \u00e9 poss\u00edvel enganar muitos por algum tempo, mas n\u00e3o \u00e9 poss\u00edvel enganar a todos o tempo inteiro. A principal revela\u00e7\u00e3o foi que 59,8% dos entrevistados apontaram as empresas como as principais respons\u00e1veis pela grave e 46% culparam\u2026","rel":"","context":"Em &quot;X.Categorias velhas&quot;","block_context":{"text":"X.Categorias velhas","link":"https:\/\/www.jornalja.com.br\/arquivo\/category\/x-categorias-velhas\/"},"img":{"alt_text":"","src":"","width":0,"height":0},"classes":[]},{"id":13240,"url":"https:\/\/www.jornalja.com.br\/arquivo\/plano-diretor-estamos-construindo-o-caos\/","url_meta":{"origin":59289,"position":5},"title":"Plano diretor: &quot;Estamos construindo o caos&quot;","author":"Patr\u00edcia Marini","date":"26 de maio de 2014","format":false,"excerpt":"Desabafo que arquiteta Eliana Castilhos, delegada da Regi\u00e3o de Planejamento 1, postou nas redes sociais \u00e9 um testemunho do ambiente que se criou no Conselho do Plano Diretor de Porto Alegre, onde a aprova\u00e7\u00e3o de grandes empreendimentos \u00e9 empurrada guela abaixo dos conselheiros. Ao CMDUA Como delegada da Regi\u00e3o de\u2026","rel":"","context":"Em &quot;Geral&quot;","block_context":{"text":"Geral","link":"https:\/\/www.jornalja.com.br\/arquivo\/category\/geral\/"},"img":{"alt_text":"","src":"","width":0,"height":0},"classes":[]}],"jetpack_shortlink":"https:\/\/wp.me\/pbQjBd-fqh","jetpack_featured_media_url":"","_links":{"self":[{"href":"https:\/\/www.jornalja.com.br\/arquivo\/wp-json\/wp\/v2\/posts\/59289","targetHints":{"allow":["GET"]}}],"collection":[{"href":"https:\/\/www.jornalja.com.br\/arquivo\/wp-json\/wp\/v2\/posts"}],"about":[{"href":"https:\/\/www.jornalja.com.br\/arquivo\/wp-json\/wp\/v2\/types\/post"}],"author":[{"embeddable":true,"href":"https:\/\/www.jornalja.com.br\/arquivo\/wp-json\/wp\/v2\/users\/4"}],"replies":[{"embeddable":true,"href":"https:\/\/www.jornalja.com.br\/arquivo\/wp-json\/wp\/v2\/comments?post=59289"}],"version-history":[{"count":0,"href":"https:\/\/www.jornalja.com.br\/arquivo\/wp-json\/wp\/v2\/posts\/59289\/revisions"}],"wp:attachment":[{"href":"https:\/\/www.jornalja.com.br\/arquivo\/wp-json\/wp\/v2\/media?parent=59289"}],"wp:term":[{"taxonomy":"category","embeddable":true,"href":"https:\/\/www.jornalja.com.br\/arquivo\/wp-json\/wp\/v2\/categories?post=59289"},{"taxonomy":"post_tag","embeddable":true,"href":"https:\/\/www.jornalja.com.br\/arquivo\/wp-json\/wp\/v2\/tags?post=59289"}],"curies":[{"name":"wp","href":"https:\/\/api.w.org\/{rel}","templated":true}]}}