{"id":59301,"date":"2018-01-26T14:46:00","date_gmt":"2018-01-26T16:46:00","guid":{"rendered":"https:\/\/www.jornalja.com.br\/?p=59301"},"modified":"2018-01-26T14:46:00","modified_gmt":"2018-01-26T16:46:00","slug":"editor-denuncia-sequestro-de-arquivos-do-jornal-ja","status":"publish","type":"post","link":"https:\/\/www.jornalja.com.br\/arquivo\/editor-denuncia-sequestro-de-arquivos-do-jornal-ja\/","title":{"rendered":"Editor denuncia sequestro de arquivos do jornal J\u00c1"},"content":{"rendered":"<p>O editor Elmar Bones est\u00e1 h\u00e1 dois dias tentando reaver os arquivos digitais do jornal J\u00c1 que foram arrestados indevidamente pela Justi\u00e7a na manh\u00e3 do dia 24 de janeiro.<br \/>\nNa manh\u00e3 desta sexta-feira, ele foi \u00e0 10\u00aa Delegacia de Porto Alegre e fez um Boletim de Ocorr\u00eancia pela subtra\u00e7\u00e3o dos equipamentos e arquivos dos trabalhos em andamento. Logo depois, os advogados do jornal, que j\u00e1 tinham entrado com uma peti\u00e7\u00e3o na v\u00e9spera, obtiveram uma liminar ordenando a devolu\u00e7\u00e3o do material com urg\u00eancia.<br \/>\nOs arquivos estavam em tr\u00eas computadores que foram retirados, junto com tr\u00eas impressoras, da Reda\u00e7\u00e3o do jornal na manh\u00e3 de quarta-feira pela oficial de Justi\u00e7a Andreia Daminelli Muniz em cumprimento a um mandado de penhora por conta de uma d\u00edvida com o Banrisul.<br \/>\n\u201cA d\u00edvida existe e a penhora de bens \u00e9 pertinente\u201d, diz o editor. \u201cO problema \u00e9 que al\u00e9m de recolher os nossos instrumentos de trabalho, sem esperar a presen\u00e7a do respons\u00e1vel pela empresa, levaram todos arquivos, com originais de reportagens e livros em andamento, inclusive as mat\u00e9rias da cobertura do julgamento do ex-presidente Lula, para uma edi\u00e7\u00e3o especial que est\u00e1vamos preparando, e a edi\u00e7\u00e3o mensal do jornal, que estava sendo conclu\u00edda.\u201d<br \/>\nBones estava dentro do Tribunal Federal da 4\u00aa Regi\u00e3o acompanhando o julgamento do ex-presidente Lula quando foi avisado. Falou por telefone com a funcion\u00e1ria, mas ela n\u00e3o quis esperar sua chegada ao jornal.<br \/>\nHavia um \u00fanico rep\u00f3rter de plant\u00e3o na Reda\u00e7\u00e3o e n\u00e3o teve tempo sequer de salvar uma c\u00f3pia dos arquivos. Os computadores foram retirados das tomadas sem mesmo terem sido desligados antes. A parte mais antiga do material tem backup, mas h\u00e1 textos e imagens de trabalhos em preparo, al\u00e9m dos projetos editoriais em andamento.<br \/>\nPor volta das 11 horas, a oficial de justi\u00e7a Andreia Daminelli Muniz chegou \u00e0 reda\u00e7\u00e3o do J\u00c1 no segundo andar do pr\u00e9dio da Associa\u00e7\u00e3o Riograndense de Imprensa, acompanhada de tr\u00eas pessoas \u2013 Lefebvre Luz de Saboya (supervisor da ag\u00eancia Bom Fim e preposto do Banrisul), Jo\u00e3o Pedro Torves (advogado de um escrit\u00f3rio de cobran\u00e7a terceirizado) e mais um funcion\u00e1rio cujo nome n\u00e3o ficou registrado. Portava um mandado para penhorar de bens \u201cquantos bastem para garantir a d\u00edvida e demais comina\u00e7\u00f5es legais\u201d.<br \/>\nA d\u00edvida \u00e9 de 155 mil reais em valores atualizados. A servidora da Justi\u00e7a n\u00e3o procurou outros bens para arrolar, escolheu sem hesita\u00e7\u00e3o os computadores, que junto com tr\u00eas impressoras tamb\u00e9m levadas, foram avaliados em 3.750 reais no pr\u00f3prio auto de penhora.<br \/>\nNo documento, a oficial registra: \u201cDepositei os bens com o preposto da parte exequente sr. Lafebvre Luz de Saboya (&#8230;) sendo removidos ao dep\u00f3sito do leiloeiro Norton\u201d.<br \/>\nO leiloeiro Norton Jochims Fernandes, no entanto, relata que apenas as impressoras lhe foram entregues. Um dos computadores foi localizado com o advogado Torves, que, consultado por telefone, recusou-se a permitir acesso aos arquivos, cujo conte\u00fado \u00e9 propriedade intelectual dos seus autores, e n\u00e3o da editora que publica o jornal. Ainda n\u00e3o se sabe para onde foram encaminhados os outros dois computadores.<br \/>\n<figure id=\"attachment_59303\" aria-describedby=\"caption-attachment-59303\" style=\"width: 339px\" class=\"wp-caption alignnone\"><img loading=\"lazy\" decoding=\"async\" class=\"size-medium wp-image-59303\" src=\"https:\/\/www.jornalja.com.br\/wp-content\/uploads\/2018\/01\/IMG_20180126_124044650-e1516991275698-339x400.jpg\" alt=\"\" width=\"339\" height=\"400\" \/><figcaption id=\"caption-attachment-59303\" class=\"wp-caption-text\">BO registrado pelo editor<\/figcaption><\/figure><br \/>\n<figure id=\"attachment_59307\" aria-describedby=\"caption-attachment-59307\" style=\"width: 269px\" class=\"wp-caption alignnone\"><img loading=\"lazy\" decoding=\"async\" class=\"size-medium wp-image-59307\" src=\"https:\/\/www.jornalja.com.br\/wp-content\/uploads\/2018\/01\/Capturar-e1516992267433-269x400.jpg\" alt=\"\" width=\"269\" height=\"400\" \/><figcaption id=\"caption-attachment-59307\" class=\"wp-caption-text\">Auto de penhora<\/figcaption><\/figure><br \/>\n<span class=\"intertit\">Origem da d\u00edvida<\/span><br \/>\n\u201cO ir\u00f4nico, diz o editor, \u00e9 que essa d\u00edvida tem origem numa reportagem premiada pelo pr\u00f3prio Banrisul, que patrocina o principal pr\u00eamio de jornalismo do Rio Grande do Sul, o Premio ARI\u201d.<br \/>\nO pr\u00eamio n\u00e3o impediu que o jornal fosse condenado a pagar uma indeniza\u00e7\u00e3o por dano moral \u00e0 fam\u00edlia do ent\u00e3o governador Germano Rigotto, cujo irm\u00e3o era o personagem central da reportagem que abordava a maior fraude j\u00e1 cometida contra os cofres p\u00fablicos no Estado. <a href=\"https:\/\/www.jornalja.com.br\/caso-ja-uma-reportagem-duas-sentencas\/\">A\u00ed come\u00e7aram as agruras que estrangularam a empresa.<\/a><br \/>\nEm 2008, com um novo governo, a editora voltou a estabelecer rela\u00e7\u00f5es na \u00e1rea estatal. A garantia da editora para contratar o empr\u00e9stimo, em 2008, consistia na sua carteira de anunciantes, entre eles o pr\u00f3prio Banrisul, o banco do Estado.<br \/>\nMas durou pouco. A postura cr\u00edtica do jornal em rela\u00e7\u00e3o aos projetos do governo foi punida com o corte da publicidade estatal.<br \/>\n\u201cFomos ao fundo do po\u00e7o\u201d, diz Bones. Em 2010, o caso J\u00c1 chegou \u00e0 Comiss\u00e3o Interamericana de Direitos Humanos, patrocinado pelo Artigo 19. Em 2013, a a\u00e7\u00e3o foi admitida e entre os preju\u00edzos arrolados como consequ\u00eancia dessa discrimina\u00e7\u00e3o est\u00e1 a d\u00edvida com o Banrisul.<br \/>\nDesde ent\u00e3o, segundo Bones, a editora vem \u201cem penosa recupera\u00e7\u00e3o\u201d, num mercado adverso, \u201cem que o impresso \u00e9 banido das bancas e o digital \u00e9 uma terra de ningu\u00e9m\u201d.<br \/>\nA equipe do jornal est\u00e1 reduzida a seis pessoas, mais colaboradores, alguns volunt\u00e1rios.<br \/>\nNo julgamento do Lula, toda a equipe se empenhou numa cobertura especial que resultaria inclusive numa edi\u00e7\u00e3o impressa com grandes entrevistas e um bastidor do julgamento.<br \/>\nO editor conta: \u201cFui para o tribunal com um entusiasmo quase juvenil. Antes que o primeiro desembargador desse seu voto, recebi um telefonema da reda\u00e7\u00e3o onde estava de plant\u00e3o o rep\u00f3rter Tiago Baltz. A oficiala veio ao telefone, expliquei que os computadores eram instrumento de trabalho, est\u00e1vamos no meio de uma edi\u00e7\u00e3o, que esperasse&#8230; Quando cheguei ao jornal quinze minutos depois, eles j\u00e1 haviam sa\u00eddo, as poucas mesas que restam na nossa reda\u00e7\u00e3o estavam nuas\u201d.<br \/>\n&nbsp;<\/p>\n","protected":false},"excerpt":{"rendered":"<p>O editor Elmar Bones est\u00e1 h\u00e1 dois dias tentando reaver os arquivos digitais do jornal J\u00c1 que foram arrestados indevidamente pela Justi\u00e7a na manh\u00e3 do dia 24 de janeiro. Na manh\u00e3 desta sexta-feira, ele foi \u00e0 10\u00aa Delegacia de Porto Alegre e fez um Boletim de Ocorr\u00eancia pela subtra\u00e7\u00e3o dos equipamentos e arquivos dos trabalhos [&hellip;]<\/p>\n","protected":false},"author":4,"featured_media":59306,"comment_status":"open","ping_status":"closed","sticky":false,"template":"","format":"standard","meta":{"_jetpack_newsletter_access":"","_jetpack_dont_email_post_to_subs":false,"_jetpack_newsletter_tier_id":0,"_jetpack_memberships_contains_paywalled_content":false,"_jetpack_feature_clip_id":0,"_jetpack_memberships_contains_paid_content":false,"footnotes":"","jetpack_post_was_ever_published":false},"categories":[26],"tags":[],"class_list":["post-59301","post","type-post","status-publish","format-standard","has-post-thumbnail","hentry","category-geral"],"aioseo_notices":[],"aioseo_head":"\n\t\t<!-- All in One SEO 5.0.1.1 - aioseo.com -->\n\t<meta name=\"robots\" content=\"max-image-preview:large\" \/>\n\t<meta name=\"author\" content=\"da Reda\u00e7\u00e3o\"\/>\n\t<link rel=\"canonical\" href=\"https:\/\/www.jornalja.com.br\/arquivo\/editor-denuncia-sequestro-de-arquivos-do-jornal-ja\/\" \/>\n\t<meta name=\"generator\" content=\"All in One SEO (AIOSEO) 5.0.1.1\" \/>\n\t\t<meta property=\"og:locale\" content=\"pt_BR\" \/>\n\t\t<meta property=\"og:site_name\" content=\"Arquivo | Jornal J\u00c1 | Porto Alegre\" \/>\n\t\t<meta property=\"og:type\" content=\"article\" \/>\n\t\t<meta property=\"og:title\" content=\"Editor denuncia sequestro de arquivos do jornal J\u00c1 | Arquivo\" \/>\n\t\t<meta property=\"og:url\" content=\"https:\/\/www.jornalja.com.br\/arquivo\/editor-denuncia-sequestro-de-arquivos-do-jornal-ja\/\" \/>\n\t\t<meta property=\"og:image\" content=\"https:\/\/www.jornalja.com.br\/wp-content\/uploads\/2018\/01\/IMG_20180126_124044650-e1516991275698-339x400.jpg\" \/>\n\t\t<meta property=\"og:image:secure_url\" content=\"https:\/\/www.jornalja.com.br\/wp-content\/uploads\/2018\/01\/IMG_20180126_124044650-e1516991275698-339x400.jpg\" \/>\n\t\t<meta property=\"article:published_time\" content=\"2018-01-26T16:46:00+00:00\" \/>\n\t\t<meta property=\"article:modified_time\" content=\"2018-01-26T16:46:00+00:00\" \/>\n\t\t<meta name=\"twitter:card\" content=\"summary\" \/>\n\t\t<meta name=\"twitter:title\" content=\"Editor denuncia sequestro de arquivos do jornal J\u00c1 | Arquivo\" \/>\n\t\t<meta name=\"twitter:image\" content=\"https:\/\/www.jornalja.com.br\/economics\/wp-content\/uploads\/sites\/11\/2026\/08\/ja-folhaderosto-facebook.jpg\" \/>\n\t\t<script type=\"application\/ld+json\" class=\"aioseo-schema\">\n\t\t\t{\"@context\":\"https:\\\/\\\/schema.org\",\"@graph\":[{\"@type\":\"BlogPosting\",\"@id\":\"https:\\\/\\\/www.jornalja.com.br\\\/arquivo\\\/editor-denuncia-sequestro-de-arquivos-do-jornal-ja\\\/#blogposting\",\"name\":\"Editor denuncia sequestro de arquivos do jornal J\\u00c1 | Arquivo\",\"headline\":\"Editor denuncia sequestro de arquivos do jornal J\\u00c1\",\"author\":{\"@id\":\"https:\\\/\\\/www.jornalja.com.br\\\/arquivo\\\/author\\\/daredacao\\\/#author\"},\"publisher\":{\"@id\":\"https:\\\/\\\/www.jornalja.com.br\\\/arquivo\\\/#organization\"},\"image\":{\"@type\":\"ImageObject\",\"url\":59306},\"datePublished\":\"2018-01-26T14:46:00-02:00\",\"dateModified\":\"2018-01-26T14:46:00-02:00\",\"inLanguage\":\"pt-BR\",\"commentCount\":1,\"mainEntityOfPage\":{\"@id\":\"https:\\\/\\\/www.jornalja.com.br\\\/arquivo\\\/editor-denuncia-sequestro-de-arquivos-do-jornal-ja\\\/#webpage\"},\"isPartOf\":{\"@id\":\"https:\\\/\\\/www.jornalja.com.br\\\/arquivo\\\/editor-denuncia-sequestro-de-arquivos-do-jornal-ja\\\/#webpage\"},\"articleSection\":\"Geral\"},{\"@type\":\"BreadcrumbList\",\"@id\":\"https:\\\/\\\/www.jornalja.com.br\\\/arquivo\\\/editor-denuncia-sequestro-de-arquivos-do-jornal-ja\\\/#breadcrumblist\",\"itemListElement\":[{\"@type\":\"ListItem\",\"@id\":\"https:\\\/\\\/www.jornalja.com.br\\\/arquivo#listItem\",\"position\":1,\"name\":\"Home\",\"item\":\"https:\\\/\\\/www.jornalja.com.br\\\/arquivo\",\"nextItem\":{\"@type\":\"ListItem\",\"@id\":\"https:\\\/\\\/www.jornalja.com.br\\\/arquivo\\\/category\\\/geral\\\/#listItem\",\"name\":\"Geral\"}},{\"@type\":\"ListItem\",\"@id\":\"https:\\\/\\\/www.jornalja.com.br\\\/arquivo\\\/category\\\/geral\\\/#listItem\",\"position\":2,\"name\":\"Geral\",\"item\":\"https:\\\/\\\/www.jornalja.com.br\\\/arquivo\\\/category\\\/geral\\\/\",\"nextItem\":{\"@type\":\"ListItem\",\"@id\":\"https:\\\/\\\/www.jornalja.com.br\\\/arquivo\\\/editor-denuncia-sequestro-de-arquivos-do-jornal-ja\\\/#listItem\",\"name\":\"Editor denuncia sequestro de arquivos do jornal J\\u00c1\"},\"previousItem\":{\"@type\":\"ListItem\",\"@id\":\"https:\\\/\\\/www.jornalja.com.br\\\/arquivo#listItem\",\"name\":\"Home\"}},{\"@type\":\"ListItem\",\"@id\":\"https:\\\/\\\/www.jornalja.com.br\\\/arquivo\\\/editor-denuncia-sequestro-de-arquivos-do-jornal-ja\\\/#listItem\",\"position\":3,\"name\":\"Editor denuncia sequestro de arquivos do jornal J\\u00c1\",\"previousItem\":{\"@type\":\"ListItem\",\"@id\":\"https:\\\/\\\/www.jornalja.com.br\\\/arquivo\\\/category\\\/geral\\\/#listItem\",\"name\":\"Geral\"}}]},{\"@type\":\"Organization\",\"@id\":\"https:\\\/\\\/www.jornalja.com.br\\\/arquivo\\\/#organization\",\"name\":\"Jornal J\\u00c1\",\"description\":\"Jornal J\\u00c1 | Porto Alegre\",\"url\":\"https:\\\/\\\/www.jornalja.com.br\\\/arquivo\\\/\",\"telephone\":\"+555133307272\",\"logo\":{\"@type\":\"ImageObject\",\"url\":\"https:\\\/\\\/www.jornalja.com.br\\\/wp-content\\\/uploads\\\/cards\\\/JAslogan.png\",\"@id\":\"https:\\\/\\\/www.jornalja.com.br\\\/arquivo\\\/editor-denuncia-sequestro-de-arquivos-do-jornal-ja\\\/#organizationLogo\"},\"image\":{\"@id\":\"https:\\\/\\\/www.jornalja.com.br\\\/arquivo\\\/editor-denuncia-sequestro-de-arquivos-do-jornal-ja\\\/#organizationLogo\"}},{\"@type\":\"Person\",\"@id\":\"https:\\\/\\\/www.jornalja.com.br\\\/arquivo\\\/author\\\/daredacao\\\/#author\",\"url\":\"https:\\\/\\\/www.jornalja.com.br\\\/arquivo\\\/author\\\/daredacao\\\/\",\"name\":\"da Reda\\u00e7\\u00e3o\",\"image\":{\"@type\":\"ImageObject\",\"@id\":\"https:\\\/\\\/www.jornalja.com.br\\\/arquivo\\\/editor-denuncia-sequestro-de-arquivos-do-jornal-ja\\\/#authorImage\",\"url\":\"https:\\\/\\\/secure.gravatar.com\\\/avatar\\\/469fd857d6605ad19919d27ed29d35a968a25f6e8fd9318356bbb7f57aae9c65?s=96&d=mm&r=g\",\"width\":96,\"height\":96,\"caption\":\"da Reda\\u00e7\\u00e3o\"}},{\"@type\":\"WebPage\",\"@id\":\"https:\\\/\\\/www.jornalja.com.br\\\/arquivo\\\/editor-denuncia-sequestro-de-arquivos-do-jornal-ja\\\/#webpage\",\"url\":\"https:\\\/\\\/www.jornalja.com.br\\\/arquivo\\\/editor-denuncia-sequestro-de-arquivos-do-jornal-ja\\\/\",\"name\":\"Editor denuncia sequestro de arquivos do jornal J\\u00c1 | Arquivo\",\"inLanguage\":\"pt-BR\",\"isPartOf\":{\"@id\":\"https:\\\/\\\/www.jornalja.com.br\\\/arquivo\\\/#website\"},\"breadcrumb\":{\"@id\":\"https:\\\/\\\/www.jornalja.com.br\\\/arquivo\\\/editor-denuncia-sequestro-de-arquivos-do-jornal-ja\\\/#breadcrumblist\"},\"author\":{\"@id\":\"https:\\\/\\\/www.jornalja.com.br\\\/arquivo\\\/author\\\/daredacao\\\/#author\"},\"creator\":{\"@id\":\"https:\\\/\\\/www.jornalja.com.br\\\/arquivo\\\/author\\\/daredacao\\\/#author\"},\"image\":{\"@type\":\"ImageObject\",\"url\":59306,\"@id\":\"https:\\\/\\\/www.jornalja.com.br\\\/arquivo\\\/editor-denuncia-sequestro-de-arquivos-do-jornal-ja\\\/#mainImage\"},\"primaryImageOfPage\":{\"@id\":\"https:\\\/\\\/www.jornalja.com.br\\\/arquivo\\\/editor-denuncia-sequestro-de-arquivos-do-jornal-ja\\\/#mainImage\"},\"datePublished\":\"2018-01-26T14:46:00-02:00\",\"dateModified\":\"2018-01-26T14:46:00-02:00\"},{\"@type\":\"WebSite\",\"@id\":\"https:\\\/\\\/www.jornalja.com.br\\\/arquivo\\\/#website\",\"url\":\"https:\\\/\\\/www.jornalja.com.br\\\/arquivo\\\/\",\"name\":\"Arquivo\",\"description\":\"Jornal J\\u00c1 | Porto Alegre\",\"inLanguage\":\"pt-BR\",\"publisher\":{\"@id\":\"https:\\\/\\\/www.jornalja.com.br\\\/arquivo\\\/#organization\"}}]}\n\t\t<\/script>\n\t\t<!-- All in One SEO -->\n\n","aioseo_head_json":{"title":"Editor denuncia sequestro de arquivos do jornal J\u00c1 | Arquivo","description":"","canonical_url":"https:\/\/www.jornalja.com.br\/arquivo\/editor-denuncia-sequestro-de-arquivos-do-jornal-ja\/","robots":"max-image-preview:large","keywords":"","webmasterTools":{"miscellaneous":""},"schema":{"@context":"https:\/\/schema.org","@graph":[{"@type":"BlogPosting","@id":"https:\/\/www.jornalja.com.br\/arquivo\/editor-denuncia-sequestro-de-arquivos-do-jornal-ja\/#blogposting","name":"Editor denuncia sequestro de arquivos do jornal J\u00c1 | Arquivo","headline":"Editor denuncia sequestro de arquivos do jornal J\u00c1","author":{"@id":"https:\/\/www.jornalja.com.br\/arquivo\/author\/daredacao\/#author"},"publisher":{"@id":"https:\/\/www.jornalja.com.br\/arquivo\/#organization"},"image":{"@type":"ImageObject","url":59306},"datePublished":"2018-01-26T14:46:00-02:00","dateModified":"2018-01-26T14:46:00-02:00","inLanguage":"pt-BR","commentCount":1,"mainEntityOfPage":{"@id":"https:\/\/www.jornalja.com.br\/arquivo\/editor-denuncia-sequestro-de-arquivos-do-jornal-ja\/#webpage"},"isPartOf":{"@id":"https:\/\/www.jornalja.com.br\/arquivo\/editor-denuncia-sequestro-de-arquivos-do-jornal-ja\/#webpage"},"articleSection":"Geral"},{"@type":"BreadcrumbList","@id":"https:\/\/www.jornalja.com.br\/arquivo\/editor-denuncia-sequestro-de-arquivos-do-jornal-ja\/#breadcrumblist","itemListElement":[{"@type":"ListItem","@id":"https:\/\/www.jornalja.com.br\/arquivo#listItem","position":1,"name":"Home","item":"https:\/\/www.jornalja.com.br\/arquivo","nextItem":{"@type":"ListItem","@id":"https:\/\/www.jornalja.com.br\/arquivo\/category\/geral\/#listItem","name":"Geral"}},{"@type":"ListItem","@id":"https:\/\/www.jornalja.com.br\/arquivo\/category\/geral\/#listItem","position":2,"name":"Geral","item":"https:\/\/www.jornalja.com.br\/arquivo\/category\/geral\/","nextItem":{"@type":"ListItem","@id":"https:\/\/www.jornalja.com.br\/arquivo\/editor-denuncia-sequestro-de-arquivos-do-jornal-ja\/#listItem","name":"Editor denuncia sequestro de arquivos do jornal J\u00c1"},"previousItem":{"@type":"ListItem","@id":"https:\/\/www.jornalja.com.br\/arquivo#listItem","name":"Home"}},{"@type":"ListItem","@id":"https:\/\/www.jornalja.com.br\/arquivo\/editor-denuncia-sequestro-de-arquivos-do-jornal-ja\/#listItem","position":3,"name":"Editor denuncia sequestro de arquivos do jornal J\u00c1","previousItem":{"@type":"ListItem","@id":"https:\/\/www.jornalja.com.br\/arquivo\/category\/geral\/#listItem","name":"Geral"}}]},{"@type":"Organization","@id":"https:\/\/www.jornalja.com.br\/arquivo\/#organization","name":"Jornal J\u00c1","description":"Jornal J\u00c1 | Porto Alegre","url":"https:\/\/www.jornalja.com.br\/arquivo\/","telephone":"+555133307272","logo":{"@type":"ImageObject","url":"https:\/\/www.jornalja.com.br\/wp-content\/uploads\/cards\/JAslogan.png","@id":"https:\/\/www.jornalja.com.br\/arquivo\/editor-denuncia-sequestro-de-arquivos-do-jornal-ja\/#organizationLogo"},"image":{"@id":"https:\/\/www.jornalja.com.br\/arquivo\/editor-denuncia-sequestro-de-arquivos-do-jornal-ja\/#organizationLogo"}},{"@type":"Person","@id":"https:\/\/www.jornalja.com.br\/arquivo\/author\/daredacao\/#author","url":"https:\/\/www.jornalja.com.br\/arquivo\/author\/daredacao\/","name":"da Reda\u00e7\u00e3o","image":{"@type":"ImageObject","@id":"https:\/\/www.jornalja.com.br\/arquivo\/editor-denuncia-sequestro-de-arquivos-do-jornal-ja\/#authorImage","url":"https:\/\/secure.gravatar.com\/avatar\/469fd857d6605ad19919d27ed29d35a968a25f6e8fd9318356bbb7f57aae9c65?s=96&d=mm&r=g","width":96,"height":96,"caption":"da Reda\u00e7\u00e3o"}},{"@type":"WebPage","@id":"https:\/\/www.jornalja.com.br\/arquivo\/editor-denuncia-sequestro-de-arquivos-do-jornal-ja\/#webpage","url":"https:\/\/www.jornalja.com.br\/arquivo\/editor-denuncia-sequestro-de-arquivos-do-jornal-ja\/","name":"Editor denuncia sequestro de arquivos do jornal J\u00c1 | Arquivo","inLanguage":"pt-BR","isPartOf":{"@id":"https:\/\/www.jornalja.com.br\/arquivo\/#website"},"breadcrumb":{"@id":"https:\/\/www.jornalja.com.br\/arquivo\/editor-denuncia-sequestro-de-arquivos-do-jornal-ja\/#breadcrumblist"},"author":{"@id":"https:\/\/www.jornalja.com.br\/arquivo\/author\/daredacao\/#author"},"creator":{"@id":"https:\/\/www.jornalja.com.br\/arquivo\/author\/daredacao\/#author"},"image":{"@type":"ImageObject","url":59306,"@id":"https:\/\/www.jornalja.com.br\/arquivo\/editor-denuncia-sequestro-de-arquivos-do-jornal-ja\/#mainImage"},"primaryImageOfPage":{"@id":"https:\/\/www.jornalja.com.br\/arquivo\/editor-denuncia-sequestro-de-arquivos-do-jornal-ja\/#mainImage"},"datePublished":"2018-01-26T14:46:00-02:00","dateModified":"2018-01-26T14:46:00-02:00"},{"@type":"WebSite","@id":"https:\/\/www.jornalja.com.br\/arquivo\/#website","url":"https:\/\/www.jornalja.com.br\/arquivo\/","name":"Arquivo","description":"Jornal J\u00c1 | Porto Alegre","inLanguage":"pt-BR","publisher":{"@id":"https:\/\/www.jornalja.com.br\/arquivo\/#organization"}}]},"og:locale":"pt_BR","og:site_name":"Arquivo | Jornal J\u00c1 | Porto Alegre","og:type":"article","og:title":"Editor denuncia sequestro de arquivos do jornal J\u00c1 | Arquivo","og:url":"https:\/\/www.jornalja.com.br\/arquivo\/editor-denuncia-sequestro-de-arquivos-do-jornal-ja\/","og:image":"https:\/\/www.jornalja.com.br\/wp-content\/uploads\/2018\/01\/IMG_20180126_124044650-e1516991275698-339x400.jpg","og:image:secure_url":"https:\/\/www.jornalja.com.br\/wp-content\/uploads\/2018\/01\/IMG_20180126_124044650-e1516991275698-339x400.jpg","article:published_time":"2018-01-26T16:46:00+00:00","article:modified_time":"2018-01-26T16:46:00+00:00","twitter:card":"summary","twitter:title":"Editor denuncia sequestro de arquivos do jornal J\u00c1 | Arquivo","twitter:image":"https:\/\/www.jornalja.com.br\/economics\/wp-content\/uploads\/sites\/11\/2026\/08\/ja-folhaderosto-facebook.jpg"},"aioseo_meta_data":{"post_id":"59301","title":null,"description":null,"keywords":null,"keyphrases":null,"primary_term":null,"canonical_url":null,"og_title":null,"og_description":null,"og_object_type":"default","og_image_type":"default","og_image_url":null,"og_image_width":null,"og_image_height":null,"og_image_custom_url":null,"og_image_custom_fields":null,"og_video":null,"og_custom_url":null,"og_article_section":null,"og_article_tags":null,"twitter_use_og":false,"twitter_card":"default","twitter_image_type":"default","twitter_image_url":null,"twitter_image_custom_url":null,"twitter_image_custom_fields":null,"twitter_title":null,"twitter_description":null,"schema":{"blockGraphs":[],"customGraphs":[],"default":{"data":{"Article":[],"Course":[],"Dataset":[],"FAQPage":[],"Movie":[],"Person":[],"Product":[],"ProductReview":[],"Car":[],"Recipe":[],"Service":[],"SoftwareApplication":[],"WebPage":[]},"graphName":"","isEnabled":true},"graphs":[]},"schema_type":null,"schema_type_options":null,"pillar_content":false,"robots_default":true,"robots_noindex":false,"robots_noarchive":false,"robots_nosnippet":false,"robots_nofollow":false,"robots_noimageindex":false,"robots_noodp":false,"robots_notranslate":false,"robots_max_snippet":null,"robots_max_videopreview":null,"robots_max_imagepreview":"large","priority":null,"frequency":null,"location":null,"local_seo":null,"breadcrumb_settings":null,"limit_modified_date":false,"ai":null,"created":"2020-12-20 20:18:03","updated":"2025-07-20 03:12:44","seo_analyzer_scan_date":null,"focus_keyword":null,"additional_keywords":null,"truseo_locale":null},"jetpack_sharing_enabled":true,"jetpack-related-posts":[{"id":13101,"url":"https:\/\/www.jornalja.com.br\/arquivo\/morre-um-guerreiro-do-texto\/","url_meta":{"origin":59301,"position":0},"title":"Morre um guerreiro do texto","author":"Patr\u00edcia Marini","date":"14 de maio de 2014","format":false,"excerpt":"Por Ricardo Kotscho Reproduzido do blog do autor, 11\/5\/2014; t\u00edtulo original \u201cE l\u00e1 se foi o nosso Myltainho, guerreiro do texto\u201d. Mi\u00fado e franzino, meu amigo Myltainho era um valente e inconformado guerreiro na luta contra as injusti\u00e7as sociais, a hipocrisia, as maracutaias, o autoritarismo, a intoler\u00e2ncia, a viol\u00eancia, o\u2026","rel":"","context":"Em &quot;Geral&quot;","block_context":{"text":"Geral","link":"https:\/\/www.jornalja.com.br\/arquivo\/category\/geral\/"},"img":{"alt_text":"","src":"","width":0,"height":0},"classes":[]},{"id":12960,"url":"https:\/\/www.jornalja.com.br\/arquivo\/populacao-culpa-empresas-pela-greve-dos-rodoviarios\/","url_meta":{"origin":59301,"position":1},"title":"Popula\u00e7\u00e3o culpa empresas pela greve","author":"Patr\u00edcia Marini","date":"14 de fevereiro de 2014","format":false,"excerpt":"Pesquisa divulgada na edi\u00e7\u00e3o do jornal Metro desta sexta-feira,14, comprova o velho ditado: \u00e9 poss\u00edvel enganar muitos por algum tempo, mas n\u00e3o \u00e9 poss\u00edvel enganar a todos o tempo inteiro. A principal revela\u00e7\u00e3o foi que 59,8% dos entrevistados apontaram as empresas como as principais respons\u00e1veis pela grave e 46% culparam\u2026","rel":"","context":"Em &quot;X.Categorias velhas&quot;","block_context":{"text":"X.Categorias velhas","link":"https:\/\/www.jornalja.com.br\/arquivo\/category\/x-categorias-velhas\/"},"img":{"alt_text":"","src":"","width":0,"height":0},"classes":[]},{"id":1280,"url":"https:\/\/www.jornalja.com.br\/arquivo\/o-menino-que-se-tornou-brizola\/","url_meta":{"origin":59301,"position":2},"title":"O Menino que se Tornou Brizola","author":"da Reda\u00e7\u00e3o","date":"28 de julho de 2008","format":false,"excerpt":"Autor: Cleber Dioni A vida de Leonel Brizola, com \u00eanfase para os primeiros anos em Porto Alegre, at\u00e9 o ex\u00edlio no Uruguai e a volta, quinze anos depois. \u00a0\"...\u00c9ramos todos jovens e nos identific\u00e1vamos com aquela massa an\u00f4nima a percorrer as ruas de Porto Alegre, gritando 'Get\u00falio', 'Get\u00falio' e empunhando\u2026","rel":"","context":"Em &quot;Livros&quot;","block_context":{"text":"Livros","link":"https:\/\/www.jornalja.com.br\/arquivo\/category\/livros\/"},"img":{"alt_text":"","src":"https:\/\/i0.wp.com\/www.jornalja.com.br\/wp-content\/uploads\/2008\/07\/brizola.gif?resize=350%2C200&ssl=1","width":350,"height":200},"classes":[]},{"id":14241,"url":"https:\/\/www.jornalja.com.br\/arquivo\/o-guaiba-nas-imagens-poeticas-de-achutti\/","url_meta":{"origin":59301,"position":3},"title":"O Gua\u00edba nas imagens po\u00e9ticas de Achutti","author":"da Reda\u00e7\u00e3o","date":"18 de junho de 2014","format":false,"excerpt":"Em \u201cO Gua\u00edba por Achutti\u201d \u2013 obra financiada via Minist\u00e9rio da Cultura, produ\u00e7\u00e3o executiva de Pedro Longhi, e Fl\u00e1vio Wild como designer \u2013, o fot\u00f3grafo revela a beleza e as mazelas de um espa\u00e7o aqu\u00e1tico de \u00e1guas sempre renovadas, cheio de hist\u00f3rias e lendas como as das cidades que foram\u2026","rel":"","context":"Em &quot;Cultura-Geral&quot;","block_context":{"text":"Cultura-Geral","link":"https:\/\/www.jornalja.com.br\/arquivo\/category\/materiasecundaria\/"},"img":{"alt_text":"","src":"","width":0,"height":0},"classes":[]},{"id":13109,"url":"https:\/\/www.jornalja.com.br\/arquivo\/judiciario-reconhece-poluicao-eletromagnetica\/","url_meta":{"origin":59301,"position":4},"title":"Judici\u00e1rio reconhece polui\u00e7\u00e3o eletromagn\u00e9tica","author":"Patr\u00edcia Marini","date":"16 de maio de 2014","format":false,"excerpt":"A\u00e7\u00e3o de duas associa\u00e7\u00f5es de moradores foi acolhida pelo Tribunal de Justi\u00e7a de S\u00e3o Paulo que. em decis\u00e3o in\u00e9dita, determinou a redu\u00e7\u00e3o do campo eletromagn\u00e9tico gerado pelas linhas de transmiss\u00e3o de energia que cortam os bairros City Boa\u00e7ava e Alto de Pinheiros. \u00c9 a primeira vez que um tribunal do\u2026","rel":"","context":"Em &quot;X.Categorias velhas&quot;","block_context":{"text":"X.Categorias velhas","link":"https:\/\/www.jornalja.com.br\/arquivo\/category\/x-categorias-velhas\/"},"img":{"alt_text":"","src":"","width":0,"height":0},"classes":[]},{"id":13239,"url":"https:\/\/www.jornalja.com.br\/arquivo\/conselho-desdenha-do-plano-diretor\/","url_meta":{"origin":59301,"position":5},"title":"Porto Alegre: Conselho detona Plano Diretor","author":"Patr\u00edcia Marini","date":"25 de maio de 2014","format":false,"excerpt":"Den\u00fancia do arquiteto e \u00a0urbanista Ibir\u00e1 Santos Lucas. Ele diz que os conselheiros est\u00e3o votando com \"enorme irresponsabilidade\". \"Mudam regime com a maior naturalidade,,,regularizam absurdos de constru\u00e7\u00f5es irregulares... \"O CMDUA est\u00e1 flexibilizando a lei do plano diretor, de uma forma impactante na vida da cidade. Mudam regime com a maior\u2026","rel":"","context":"Em &quot;Geral&quot;","block_context":{"text":"Geral","link":"https:\/\/www.jornalja.com.br\/arquivo\/category\/geral\/"},"img":{"alt_text":"","src":"","width":0,"height":0},"classes":[]}],"jetpack_shortlink":"https:\/\/wp.me\/pbQjBd-fqt","jetpack_featured_media_url":"","_links":{"self":[{"href":"https:\/\/www.jornalja.com.br\/arquivo\/wp-json\/wp\/v2\/posts\/59301","targetHints":{"allow":["GET"]}}],"collection":[{"href":"https:\/\/www.jornalja.com.br\/arquivo\/wp-json\/wp\/v2\/posts"}],"about":[{"href":"https:\/\/www.jornalja.com.br\/arquivo\/wp-json\/wp\/v2\/types\/post"}],"author":[{"embeddable":true,"href":"https:\/\/www.jornalja.com.br\/arquivo\/wp-json\/wp\/v2\/users\/4"}],"replies":[{"embeddable":true,"href":"https:\/\/www.jornalja.com.br\/arquivo\/wp-json\/wp\/v2\/comments?post=59301"}],"version-history":[{"count":0,"href":"https:\/\/www.jornalja.com.br\/arquivo\/wp-json\/wp\/v2\/posts\/59301\/revisions"}],"wp:attachment":[{"href":"https:\/\/www.jornalja.com.br\/arquivo\/wp-json\/wp\/v2\/media?parent=59301"}],"wp:term":[{"taxonomy":"category","embeddable":true,"href":"https:\/\/www.jornalja.com.br\/arquivo\/wp-json\/wp\/v2\/categories?post=59301"},{"taxonomy":"post_tag","embeddable":true,"href":"https:\/\/www.jornalja.com.br\/arquivo\/wp-json\/wp\/v2\/tags?post=59301"}],"curies":[{"name":"wp","href":"https:\/\/api.w.org\/{rel}","templated":true}]}}