{"id":59344,"date":"2018-01-29T18:30:15","date_gmt":"2018-01-29T20:30:15","guid":{"rendered":"https:\/\/www.jornalja.com.br\/?p=59344"},"modified":"2018-01-29T18:30:15","modified_gmt":"2018-01-29T20:30:15","slug":"por-falta-de-quorum-votacao-de-regime-de-recuperacao-fiscal-e-adiada-na-alrs","status":"publish","type":"post","link":"https:\/\/www.jornalja.com.br\/arquivo\/por-falta-de-quorum-votacao-de-regime-de-recuperacao-fiscal-e-adiada-na-alrs\/","title":{"rendered":"Falta de qu\u00f3rum adia vota\u00e7\u00e3o na primeira sess\u00e3o extraordin\u00e1ria"},"content":{"rendered":"<p>Com uma hora e meia de dura\u00e7\u00e3o, foi encerrada a sess\u00e3o extraordin\u00e1ria desta segunda-feira, 29, convocada para votar os projetos que permitem ao Rio Grande do Sul aderir ao chamado Regime de Recupera\u00e7\u00e3o Fiscal (RRF), do governo federal.<br \/>\nCom o registro de presen\u00e7a de 26 deputados, n\u00e3o houve qu\u00f3rum para prosseguir a discuss\u00e3o. S\u00e3o exigidos no m\u00ednimo 28 parlamentares para o in\u00edcio dos trabalhos. Foi uma vit\u00f3ria da estrat\u00e9gia da oposi\u00e7\u00e3o.<br \/>\nUma nova tentativa do governo ser\u00e1 realizada nesta ter\u00e7a, quando os parlamentares voltam ao plen\u00e1rio para nova sess\u00e3o. O governo Sartori convocou sess\u00f5es extraordin\u00e1rias para tr\u00eas dias seguidos, segunda, ter\u00e7a e quarta-feira.<br \/>\nNo in\u00edcio dos debates, alguns deputados da oposi\u00e7\u00e3o argumentaram que n\u00e3o haveria necessidade do Executivo\u00a0convocar a Assembleia nos \u00faltimos dias do\u00a0recesso parlamentar, j\u00e1 que\u00a0na quinta-feira (1\u00ba) come\u00e7a o ano legislativo. Tamb\u00e9m criticaram a proposta de ades\u00e3o ao Regime de Recupera\u00e7\u00e3o Fiscal da Uni\u00e3o.<br \/>\n&#8220;Trata-se de uma proposta de um governo golpista de Bras\u00edlia\u00a0para um governo incapaz que n\u00e3o tem a grandeza do povo do\u00a0Rio Grande do Sul. Se tivesse a grandeza do povo ga\u00facho, este governo jamais aceitaria este\u00a0Regime de Condena\u00e7\u00e3o Fiscal&#8221;, declarou o deputado Tarc\u00edsio Zimmermann (PT). Na mesma linha, o deputado Enio Bacci, PDT, disse que a ades\u00e3o vai proibir, entre outros pontos, por seis anos, a cria\u00e7\u00e3o de novas vagas na Brigada Militar.<br \/>\nPelo governo, o deputado Vilmar Zanchin (PMDB) utilizou a tribuna para uma comunica\u00e7\u00e3o de lideran\u00e7a. Ele defendeu a aprova\u00e7\u00e3o dos quatro projetos em pauta, destacando que sua bancada \u00e9 favor\u00e1vel as propostas.<br \/>\nAp\u00f3s encerramento da sess\u00e3o, j\u00e1 que durante uma hora e meia n\u00e3o foi alcan\u00e7ado o qu\u00f3rum, o secret\u00e1rio-chefe da Casa Civil, F\u00e1bio Branco, lamentou: \u201cPor quest\u00f5es de plen\u00e1rio, perdemos o quorum da sess\u00e3o de hoje. Manobra da oposi\u00e7\u00e3o deu certo para eles e errado para o Rio Grande. Mas sigamos em frente trabalhando com coragem e humildade. N\u00e3o se brinca com o futuro do Estado. Votar contra projetos do governo \u00e9 papel da oposi\u00e7\u00e3o. O que estamos vivendo \u00e9 o jogo do &#8216;quanto pior, melhor'&#8221;, afirmou.<br \/>\nA ades\u00e3o ao regime prev\u00ea a suspens\u00e3o do pagamento das parcelas da d\u00edvida do Estado com a Uni\u00e3o pelo prazo de at\u00e9 36 meses, prorrog\u00e1vel por igual per\u00edodo. Em troca, o Estado tem que dar contrapartidas, como as privatiza\u00e7\u00f5es de estatais, a manuten\u00e7\u00e3o da al\u00edquota do ICMS e n\u00e3o aumento de sal\u00e1rios no per\u00edodo, entre outros pontos. O governo alega que isso representaria um al\u00edvio financeiro de R$ 11,3 bilh\u00f5es at\u00e9 2020, al\u00e9m de permitir ao Estado a contrata\u00e7\u00e3o de novos empr\u00e9stimos nacionais e internacionais.<br \/>\n&nbsp;<\/p>\n","protected":false},"excerpt":{"rendered":"<p>Com uma hora e meia de dura\u00e7\u00e3o, foi encerrada a sess\u00e3o extraordin\u00e1ria desta segunda-feira, 29, convocada para votar os projetos que permitem ao Rio Grande do Sul aderir ao chamado Regime de Recupera\u00e7\u00e3o Fiscal (RRF), do governo federal. Com o registro de presen\u00e7a de 26 deputados, n\u00e3o houve qu\u00f3rum para prosseguir a discuss\u00e3o. S\u00e3o exigidos [&hellip;]<\/p>\n","protected":false},"author":4,"featured_media":59345,"comment_status":"open","ping_status":"closed","sticky":false,"template":"","format":"standard","meta":{"_jetpack_newsletter_access":"","_jetpack_dont_email_post_to_subs":false,"_jetpack_newsletter_tier_id":0,"_jetpack_memberships_contains_paywalled_content":false,"_jetpack_feature_clip_id":0,"_jetpack_memberships_contains_paid_content":false,"footnotes":"","jetpack_post_was_ever_published":false},"categories":[26],"tags":[],"class_list":["post-59344","post","type-post","status-publish","format-standard","has-post-thumbnail","hentry","category-geral"],"aioseo_notices":[],"aioseo_head":"\n\t\t<!-- All in One SEO 5.0.1.1 - aioseo.com -->\n\t<meta name=\"robots\" content=\"max-image-preview:large\" \/>\n\t<meta name=\"author\" content=\"da Reda\u00e7\u00e3o\"\/>\n\t<link rel=\"canonical\" href=\"https:\/\/www.jornalja.com.br\/arquivo\/por-falta-de-quorum-votacao-de-regime-de-recuperacao-fiscal-e-adiada-na-alrs\/\" \/>\n\t<meta name=\"generator\" content=\"All in One SEO (AIOSEO) 5.0.1.1\" \/>\n\t\t<meta property=\"og:locale\" content=\"pt_BR\" \/>\n\t\t<meta property=\"og:site_name\" content=\"Arquivo | Jornal J\u00c1 | Porto Alegre\" \/>\n\t\t<meta property=\"og:type\" content=\"article\" \/>\n\t\t<meta property=\"og:title\" content=\"Falta de qu\u00f3rum adia vota\u00e7\u00e3o na primeira sess\u00e3o extraordin\u00e1ria | Arquivo\" \/>\n\t\t<meta property=\"og:url\" content=\"https:\/\/www.jornalja.com.br\/arquivo\/por-falta-de-quorum-votacao-de-regime-de-recuperacao-fiscal-e-adiada-na-alrs\/\" \/>\n\t\t<meta property=\"og:image\" content=\"https:\/\/www.jornalja.com.br\/economics\/wp-content\/uploads\/sites\/11\/2026\/08\/ja-folhaderosto-facebook.jpg\" \/>\n\t\t<meta property=\"og:image:secure_url\" content=\"https:\/\/www.jornalja.com.br\/economics\/wp-content\/uploads\/sites\/11\/2026\/08\/ja-folhaderosto-facebook.jpg\" \/>\n\t\t<meta property=\"article:published_time\" content=\"2018-01-29T20:30:15+00:00\" \/>\n\t\t<meta property=\"article:modified_time\" content=\"2018-01-29T20:30:15+00:00\" \/>\n\t\t<meta name=\"twitter:card\" content=\"summary\" \/>\n\t\t<meta name=\"twitter:title\" content=\"Falta de qu\u00f3rum adia vota\u00e7\u00e3o na primeira sess\u00e3o extraordin\u00e1ria | Arquivo\" \/>\n\t\t<meta name=\"twitter:image\" content=\"https:\/\/www.jornalja.com.br\/economics\/wp-content\/uploads\/sites\/11\/2026\/08\/ja-folhaderosto-facebook.jpg\" \/>\n\t\t<script type=\"application\/ld+json\" class=\"aioseo-schema\">\n\t\t\t{\"@context\":\"https:\\\/\\\/schema.org\",\"@graph\":[{\"@type\":\"BlogPosting\",\"@id\":\"https:\\\/\\\/www.jornalja.com.br\\\/arquivo\\\/por-falta-de-quorum-votacao-de-regime-de-recuperacao-fiscal-e-adiada-na-alrs\\\/#blogposting\",\"name\":\"Falta de qu\\u00f3rum adia vota\\u00e7\\u00e3o na primeira sess\\u00e3o extraordin\\u00e1ria | Arquivo\",\"headline\":\"Falta de qu\\u00f3rum adia vota\\u00e7\\u00e3o na primeira sess\\u00e3o extraordin\\u00e1ria\",\"author\":{\"@id\":\"https:\\\/\\\/www.jornalja.com.br\\\/arquivo\\\/author\\\/daredacao\\\/#author\"},\"publisher\":{\"@id\":\"https:\\\/\\\/www.jornalja.com.br\\\/arquivo\\\/#organization\"},\"image\":{\"@type\":\"ImageObject\",\"url\":59345},\"datePublished\":\"2018-01-29T18:30:15-02:00\",\"dateModified\":\"2018-01-29T18:30:15-02:00\",\"inLanguage\":\"pt-BR\",\"mainEntityOfPage\":{\"@id\":\"https:\\\/\\\/www.jornalja.com.br\\\/arquivo\\\/por-falta-de-quorum-votacao-de-regime-de-recuperacao-fiscal-e-adiada-na-alrs\\\/#webpage\"},\"isPartOf\":{\"@id\":\"https:\\\/\\\/www.jornalja.com.br\\\/arquivo\\\/por-falta-de-quorum-votacao-de-regime-de-recuperacao-fiscal-e-adiada-na-alrs\\\/#webpage\"},\"articleSection\":\"Geral\"},{\"@type\":\"BreadcrumbList\",\"@id\":\"https:\\\/\\\/www.jornalja.com.br\\\/arquivo\\\/por-falta-de-quorum-votacao-de-regime-de-recuperacao-fiscal-e-adiada-na-alrs\\\/#breadcrumblist\",\"itemListElement\":[{\"@type\":\"ListItem\",\"@id\":\"https:\\\/\\\/www.jornalja.com.br\\\/arquivo#listItem\",\"position\":1,\"name\":\"Home\",\"item\":\"https:\\\/\\\/www.jornalja.com.br\\\/arquivo\",\"nextItem\":{\"@type\":\"ListItem\",\"@id\":\"https:\\\/\\\/www.jornalja.com.br\\\/arquivo\\\/category\\\/geral\\\/#listItem\",\"name\":\"Geral\"}},{\"@type\":\"ListItem\",\"@id\":\"https:\\\/\\\/www.jornalja.com.br\\\/arquivo\\\/category\\\/geral\\\/#listItem\",\"position\":2,\"name\":\"Geral\",\"item\":\"https:\\\/\\\/www.jornalja.com.br\\\/arquivo\\\/category\\\/geral\\\/\",\"nextItem\":{\"@type\":\"ListItem\",\"@id\":\"https:\\\/\\\/www.jornalja.com.br\\\/arquivo\\\/por-falta-de-quorum-votacao-de-regime-de-recuperacao-fiscal-e-adiada-na-alrs\\\/#listItem\",\"name\":\"Falta de qu\\u00f3rum adia vota\\u00e7\\u00e3o na primeira sess\\u00e3o extraordin\\u00e1ria\"},\"previousItem\":{\"@type\":\"ListItem\",\"@id\":\"https:\\\/\\\/www.jornalja.com.br\\\/arquivo#listItem\",\"name\":\"Home\"}},{\"@type\":\"ListItem\",\"@id\":\"https:\\\/\\\/www.jornalja.com.br\\\/arquivo\\\/por-falta-de-quorum-votacao-de-regime-de-recuperacao-fiscal-e-adiada-na-alrs\\\/#listItem\",\"position\":3,\"name\":\"Falta de qu\\u00f3rum adia vota\\u00e7\\u00e3o na primeira sess\\u00e3o extraordin\\u00e1ria\",\"previousItem\":{\"@type\":\"ListItem\",\"@id\":\"https:\\\/\\\/www.jornalja.com.br\\\/arquivo\\\/category\\\/geral\\\/#listItem\",\"name\":\"Geral\"}}]},{\"@type\":\"Organization\",\"@id\":\"https:\\\/\\\/www.jornalja.com.br\\\/arquivo\\\/#organization\",\"name\":\"Jornal J\\u00c1\",\"description\":\"Jornal J\\u00c1 | Porto Alegre\",\"url\":\"https:\\\/\\\/www.jornalja.com.br\\\/arquivo\\\/\",\"telephone\":\"+555133307272\",\"logo\":{\"@type\":\"ImageObject\",\"url\":\"https:\\\/\\\/www.jornalja.com.br\\\/wp-content\\\/uploads\\\/cards\\\/JAslogan.png\",\"@id\":\"https:\\\/\\\/www.jornalja.com.br\\\/arquivo\\\/por-falta-de-quorum-votacao-de-regime-de-recuperacao-fiscal-e-adiada-na-alrs\\\/#organizationLogo\"},\"image\":{\"@id\":\"https:\\\/\\\/www.jornalja.com.br\\\/arquivo\\\/por-falta-de-quorum-votacao-de-regime-de-recuperacao-fiscal-e-adiada-na-alrs\\\/#organizationLogo\"}},{\"@type\":\"Person\",\"@id\":\"https:\\\/\\\/www.jornalja.com.br\\\/arquivo\\\/author\\\/daredacao\\\/#author\",\"url\":\"https:\\\/\\\/www.jornalja.com.br\\\/arquivo\\\/author\\\/daredacao\\\/\",\"name\":\"da Reda\\u00e7\\u00e3o\",\"image\":{\"@type\":\"ImageObject\",\"@id\":\"https:\\\/\\\/www.jornalja.com.br\\\/arquivo\\\/por-falta-de-quorum-votacao-de-regime-de-recuperacao-fiscal-e-adiada-na-alrs\\\/#authorImage\",\"url\":\"https:\\\/\\\/secure.gravatar.com\\\/avatar\\\/469fd857d6605ad19919d27ed29d35a968a25f6e8fd9318356bbb7f57aae9c65?s=96&d=mm&r=g\",\"width\":96,\"height\":96,\"caption\":\"da Reda\\u00e7\\u00e3o\"}},{\"@type\":\"WebPage\",\"@id\":\"https:\\\/\\\/www.jornalja.com.br\\\/arquivo\\\/por-falta-de-quorum-votacao-de-regime-de-recuperacao-fiscal-e-adiada-na-alrs\\\/#webpage\",\"url\":\"https:\\\/\\\/www.jornalja.com.br\\\/arquivo\\\/por-falta-de-quorum-votacao-de-regime-de-recuperacao-fiscal-e-adiada-na-alrs\\\/\",\"name\":\"Falta de qu\\u00f3rum adia vota\\u00e7\\u00e3o na primeira sess\\u00e3o extraordin\\u00e1ria | Arquivo\",\"inLanguage\":\"pt-BR\",\"isPartOf\":{\"@id\":\"https:\\\/\\\/www.jornalja.com.br\\\/arquivo\\\/#website\"},\"breadcrumb\":{\"@id\":\"https:\\\/\\\/www.jornalja.com.br\\\/arquivo\\\/por-falta-de-quorum-votacao-de-regime-de-recuperacao-fiscal-e-adiada-na-alrs\\\/#breadcrumblist\"},\"author\":{\"@id\":\"https:\\\/\\\/www.jornalja.com.br\\\/arquivo\\\/author\\\/daredacao\\\/#author\"},\"creator\":{\"@id\":\"https:\\\/\\\/www.jornalja.com.br\\\/arquivo\\\/author\\\/daredacao\\\/#author\"},\"image\":{\"@type\":\"ImageObject\",\"url\":59345,\"@id\":\"https:\\\/\\\/www.jornalja.com.br\\\/arquivo\\\/por-falta-de-quorum-votacao-de-regime-de-recuperacao-fiscal-e-adiada-na-alrs\\\/#mainImage\"},\"primaryImageOfPage\":{\"@id\":\"https:\\\/\\\/www.jornalja.com.br\\\/arquivo\\\/por-falta-de-quorum-votacao-de-regime-de-recuperacao-fiscal-e-adiada-na-alrs\\\/#mainImage\"},\"datePublished\":\"2018-01-29T18:30:15-02:00\",\"dateModified\":\"2018-01-29T18:30:15-02:00\"},{\"@type\":\"WebSite\",\"@id\":\"https:\\\/\\\/www.jornalja.com.br\\\/arquivo\\\/#website\",\"url\":\"https:\\\/\\\/www.jornalja.com.br\\\/arquivo\\\/\",\"name\":\"Arquivo\",\"description\":\"Jornal J\\u00c1 | Porto Alegre\",\"inLanguage\":\"pt-BR\",\"publisher\":{\"@id\":\"https:\\\/\\\/www.jornalja.com.br\\\/arquivo\\\/#organization\"}}]}\n\t\t<\/script>\n\t\t<!-- All in One SEO -->\n\n","aioseo_head_json":{"title":"Falta de qu\u00f3rum adia vota\u00e7\u00e3o na primeira sess\u00e3o extraordin\u00e1ria | Arquivo","description":"","canonical_url":"https:\/\/www.jornalja.com.br\/arquivo\/por-falta-de-quorum-votacao-de-regime-de-recuperacao-fiscal-e-adiada-na-alrs\/","robots":"max-image-preview:large","keywords":"","webmasterTools":{"miscellaneous":""},"schema":{"@context":"https:\/\/schema.org","@graph":[{"@type":"BlogPosting","@id":"https:\/\/www.jornalja.com.br\/arquivo\/por-falta-de-quorum-votacao-de-regime-de-recuperacao-fiscal-e-adiada-na-alrs\/#blogposting","name":"Falta de qu\u00f3rum adia vota\u00e7\u00e3o na primeira sess\u00e3o extraordin\u00e1ria | Arquivo","headline":"Falta de qu\u00f3rum adia vota\u00e7\u00e3o na primeira sess\u00e3o extraordin\u00e1ria","author":{"@id":"https:\/\/www.jornalja.com.br\/arquivo\/author\/daredacao\/#author"},"publisher":{"@id":"https:\/\/www.jornalja.com.br\/arquivo\/#organization"},"image":{"@type":"ImageObject","url":59345},"datePublished":"2018-01-29T18:30:15-02:00","dateModified":"2018-01-29T18:30:15-02:00","inLanguage":"pt-BR","mainEntityOfPage":{"@id":"https:\/\/www.jornalja.com.br\/arquivo\/por-falta-de-quorum-votacao-de-regime-de-recuperacao-fiscal-e-adiada-na-alrs\/#webpage"},"isPartOf":{"@id":"https:\/\/www.jornalja.com.br\/arquivo\/por-falta-de-quorum-votacao-de-regime-de-recuperacao-fiscal-e-adiada-na-alrs\/#webpage"},"articleSection":"Geral"},{"@type":"BreadcrumbList","@id":"https:\/\/www.jornalja.com.br\/arquivo\/por-falta-de-quorum-votacao-de-regime-de-recuperacao-fiscal-e-adiada-na-alrs\/#breadcrumblist","itemListElement":[{"@type":"ListItem","@id":"https:\/\/www.jornalja.com.br\/arquivo#listItem","position":1,"name":"Home","item":"https:\/\/www.jornalja.com.br\/arquivo","nextItem":{"@type":"ListItem","@id":"https:\/\/www.jornalja.com.br\/arquivo\/category\/geral\/#listItem","name":"Geral"}},{"@type":"ListItem","@id":"https:\/\/www.jornalja.com.br\/arquivo\/category\/geral\/#listItem","position":2,"name":"Geral","item":"https:\/\/www.jornalja.com.br\/arquivo\/category\/geral\/","nextItem":{"@type":"ListItem","@id":"https:\/\/www.jornalja.com.br\/arquivo\/por-falta-de-quorum-votacao-de-regime-de-recuperacao-fiscal-e-adiada-na-alrs\/#listItem","name":"Falta de qu\u00f3rum adia vota\u00e7\u00e3o na primeira sess\u00e3o extraordin\u00e1ria"},"previousItem":{"@type":"ListItem","@id":"https:\/\/www.jornalja.com.br\/arquivo#listItem","name":"Home"}},{"@type":"ListItem","@id":"https:\/\/www.jornalja.com.br\/arquivo\/por-falta-de-quorum-votacao-de-regime-de-recuperacao-fiscal-e-adiada-na-alrs\/#listItem","position":3,"name":"Falta de qu\u00f3rum adia vota\u00e7\u00e3o na primeira sess\u00e3o extraordin\u00e1ria","previousItem":{"@type":"ListItem","@id":"https:\/\/www.jornalja.com.br\/arquivo\/category\/geral\/#listItem","name":"Geral"}}]},{"@type":"Organization","@id":"https:\/\/www.jornalja.com.br\/arquivo\/#organization","name":"Jornal J\u00c1","description":"Jornal J\u00c1 | Porto Alegre","url":"https:\/\/www.jornalja.com.br\/arquivo\/","telephone":"+555133307272","logo":{"@type":"ImageObject","url":"https:\/\/www.jornalja.com.br\/wp-content\/uploads\/cards\/JAslogan.png","@id":"https:\/\/www.jornalja.com.br\/arquivo\/por-falta-de-quorum-votacao-de-regime-de-recuperacao-fiscal-e-adiada-na-alrs\/#organizationLogo"},"image":{"@id":"https:\/\/www.jornalja.com.br\/arquivo\/por-falta-de-quorum-votacao-de-regime-de-recuperacao-fiscal-e-adiada-na-alrs\/#organizationLogo"}},{"@type":"Person","@id":"https:\/\/www.jornalja.com.br\/arquivo\/author\/daredacao\/#author","url":"https:\/\/www.jornalja.com.br\/arquivo\/author\/daredacao\/","name":"da Reda\u00e7\u00e3o","image":{"@type":"ImageObject","@id":"https:\/\/www.jornalja.com.br\/arquivo\/por-falta-de-quorum-votacao-de-regime-de-recuperacao-fiscal-e-adiada-na-alrs\/#authorImage","url":"https:\/\/secure.gravatar.com\/avatar\/469fd857d6605ad19919d27ed29d35a968a25f6e8fd9318356bbb7f57aae9c65?s=96&d=mm&r=g","width":96,"height":96,"caption":"da Reda\u00e7\u00e3o"}},{"@type":"WebPage","@id":"https:\/\/www.jornalja.com.br\/arquivo\/por-falta-de-quorum-votacao-de-regime-de-recuperacao-fiscal-e-adiada-na-alrs\/#webpage","url":"https:\/\/www.jornalja.com.br\/arquivo\/por-falta-de-quorum-votacao-de-regime-de-recuperacao-fiscal-e-adiada-na-alrs\/","name":"Falta de qu\u00f3rum adia vota\u00e7\u00e3o na primeira sess\u00e3o extraordin\u00e1ria | Arquivo","inLanguage":"pt-BR","isPartOf":{"@id":"https:\/\/www.jornalja.com.br\/arquivo\/#website"},"breadcrumb":{"@id":"https:\/\/www.jornalja.com.br\/arquivo\/por-falta-de-quorum-votacao-de-regime-de-recuperacao-fiscal-e-adiada-na-alrs\/#breadcrumblist"},"author":{"@id":"https:\/\/www.jornalja.com.br\/arquivo\/author\/daredacao\/#author"},"creator":{"@id":"https:\/\/www.jornalja.com.br\/arquivo\/author\/daredacao\/#author"},"image":{"@type":"ImageObject","url":59345,"@id":"https:\/\/www.jornalja.com.br\/arquivo\/por-falta-de-quorum-votacao-de-regime-de-recuperacao-fiscal-e-adiada-na-alrs\/#mainImage"},"primaryImageOfPage":{"@id":"https:\/\/www.jornalja.com.br\/arquivo\/por-falta-de-quorum-votacao-de-regime-de-recuperacao-fiscal-e-adiada-na-alrs\/#mainImage"},"datePublished":"2018-01-29T18:30:15-02:00","dateModified":"2018-01-29T18:30:15-02:00"},{"@type":"WebSite","@id":"https:\/\/www.jornalja.com.br\/arquivo\/#website","url":"https:\/\/www.jornalja.com.br\/arquivo\/","name":"Arquivo","description":"Jornal J\u00c1 | Porto Alegre","inLanguage":"pt-BR","publisher":{"@id":"https:\/\/www.jornalja.com.br\/arquivo\/#organization"}}]},"og:locale":"pt_BR","og:site_name":"Arquivo | Jornal J\u00c1 | Porto Alegre","og:type":"article","og:title":"Falta de qu\u00f3rum adia vota\u00e7\u00e3o na primeira sess\u00e3o extraordin\u00e1ria | Arquivo","og:url":"https:\/\/www.jornalja.com.br\/arquivo\/por-falta-de-quorum-votacao-de-regime-de-recuperacao-fiscal-e-adiada-na-alrs\/","og:image":"https:\/\/www.jornalja.com.br\/economics\/wp-content\/uploads\/sites\/11\/2026\/08\/ja-folhaderosto-facebook.jpg","og:image:secure_url":"https:\/\/www.jornalja.com.br\/economics\/wp-content\/uploads\/sites\/11\/2026\/08\/ja-folhaderosto-facebook.jpg","article:published_time":"2018-01-29T20:30:15+00:00","article:modified_time":"2018-01-29T20:30:15+00:00","twitter:card":"summary","twitter:title":"Falta de qu\u00f3rum adia vota\u00e7\u00e3o na primeira sess\u00e3o extraordin\u00e1ria | Arquivo","twitter:image":"https:\/\/www.jornalja.com.br\/economics\/wp-content\/uploads\/sites\/11\/2026\/08\/ja-folhaderosto-facebook.jpg"},"aioseo_meta_data":{"post_id":"59344","title":null,"description":null,"keywords":null,"keyphrases":null,"primary_term":null,"canonical_url":null,"og_title":null,"og_description":null,"og_object_type":"default","og_image_type":"default","og_image_url":null,"og_image_width":null,"og_image_height":null,"og_image_custom_url":null,"og_image_custom_fields":null,"og_video":null,"og_custom_url":null,"og_article_section":null,"og_article_tags":null,"twitter_use_og":false,"twitter_card":"default","twitter_image_type":"default","twitter_image_url":null,"twitter_image_custom_url":null,"twitter_image_custom_fields":null,"twitter_title":null,"twitter_description":null,"schema":{"blockGraphs":[],"customGraphs":[],"default":{"data":{"Article":[],"Course":[],"Dataset":[],"FAQPage":[],"Movie":[],"Person":[],"Product":[],"ProductReview":[],"Car":[],"Recipe":[],"Service":[],"SoftwareApplication":[],"WebPage":[]},"graphName":"","isEnabled":true},"graphs":[],"defaultGraph":"","defaultPostTypeGraph":""},"schema_type":null,"schema_type_options":null,"pillar_content":false,"robots_default":true,"robots_noindex":false,"robots_noarchive":false,"robots_nosnippet":false,"robots_nofollow":false,"robots_noimageindex":false,"robots_noodp":false,"robots_notranslate":false,"robots_max_snippet":null,"robots_max_videopreview":null,"robots_max_imagepreview":"large","priority":null,"frequency":null,"location":null,"local_seo":null,"breadcrumb_settings":null,"limit_modified_date":false,"ai":null,"created":"2020-12-20 20:18:03","updated":"2025-07-20 03:14:13","seo_analyzer_scan_date":null,"focus_keyword":null,"additional_keywords":null,"truseo_locale":null},"jetpack_sharing_enabled":true,"jetpack-related-posts":[{"id":5440,"url":"https:\/\/www.jornalja.com.br\/arquivo\/casarao-da-venancio-destino-permanece-incerto\/","url_meta":{"origin":59344,"position":0},"title":"Estado ainda n\u00e3o sabe o que fazer com casar\u00e3o abandonado h\u00e1 20 anos","author":"Elmar Bones","date":"6 de julho de 2009","format":false,"excerpt":"O casar\u00e3o amarelo, numa esquina nobre de Porto Alegre (Ven\u00e2ncio Aires com Jo\u00e3o Pessoa), j\u00e1 abrigou uma escola. H\u00e1 duas d\u00e9cadas, pelo menos, est\u00e1 abandonado, porque seu propriet\u00e1rio, o governo do Estado do Rio Grande do Sul, n\u00e3o consegue achar um destino para ele. Planos n\u00e3o faltaram. O governador Ol\u00edvio\u2026","rel":"","context":"Em &quot;X.Categorias velhas&quot;","block_context":{"text":"X.Categorias velhas","link":"https:\/\/www.jornalja.com.br\/arquivo\/category\/x-categorias-velhas\/"},"img":{"alt_text":"geraldo1","src":"https:\/\/i0.wp.com\/www.jornalja.com.br\/wp-content\/uploads\/2009\/07\/geraldo1.jpg?resize=350%2C200&ssl=1","width":350,"height":200},"classes":[]},{"id":13128,"url":"https:\/\/www.jornalja.com.br\/arquivo\/maconha-terra-diz-que-uso-medicinal-e-desculpa\/","url_meta":{"origin":59344,"position":1},"title":"Maconha: Terra diz que uso medicinal \u00e9 desculpa","author":"Patr\u00edcia Marini","date":"4 de junho de 2014","format":false,"excerpt":"A condi\u00e7\u00e3o de pol\u00edtico, em \u00e9poca de campanha de campanha eleitoral, tira for\u00e7a do discurso do m\u00e9dico Osmar Terra contra a legaliza\u00e7\u00e3o da maconha. A tese dele de que a libera\u00e7\u00e3o vai ampliar exponencialmente o consumo \u00e9 discutivel, o consumo \u00e9 corrente. Mas seus alertas quanto aos riscos tem que\u2026","rel":"","context":"Em &quot;X.Categorias velhas&quot;","block_context":{"text":"X.Categorias velhas","link":"https:\/\/www.jornalja.com.br\/arquivo\/category\/x-categorias-velhas\/"},"img":{"alt_text":"","src":"","width":0,"height":0},"classes":[]},{"id":12960,"url":"https:\/\/www.jornalja.com.br\/arquivo\/populacao-culpa-empresas-pela-greve-dos-rodoviarios\/","url_meta":{"origin":59344,"position":2},"title":"Popula\u00e7\u00e3o culpa empresas pela greve","author":"Patr\u00edcia Marini","date":"14 de fevereiro de 2014","format":false,"excerpt":"Pesquisa divulgada na edi\u00e7\u00e3o do jornal Metro desta sexta-feira,14, comprova o velho ditado: \u00e9 poss\u00edvel enganar muitos por algum tempo, mas n\u00e3o \u00e9 poss\u00edvel enganar a todos o tempo inteiro. A principal revela\u00e7\u00e3o foi que 59,8% dos entrevistados apontaram as empresas como as principais respons\u00e1veis pela grave e 46% culparam\u2026","rel":"","context":"Em &quot;X.Categorias velhas&quot;","block_context":{"text":"X.Categorias velhas","link":"https:\/\/www.jornalja.com.br\/arquivo\/category\/x-categorias-velhas\/"},"img":{"alt_text":"","src":"","width":0,"height":0},"classes":[]},{"id":13124,"url":"https:\/\/www.jornalja.com.br\/arquivo\/sangue-latino-no-iecine\/","url_meta":{"origin":59344,"position":3},"title":"Sangue latino no IECINE","author":"da Reda\u00e7\u00e3o","date":"18 de maio de 2014","format":false,"excerpt":"Francisco Ribeiro O Instituto Estadual de Cinema (IECINE) tem a frente, desde abril \u00faltimo, um novo diretor, o cineasta colombiano Juan Zapata, 36, que substitui Luiz Alberto Cassol. Radicado h\u00e1 dez anos em Porto Alegre, Zapata tem diante de si o desafio de conduzir at\u00e9 o final do ano um\u2026","rel":"","context":"Em &quot;Cultura-Geral&quot;","block_context":{"text":"Cultura-Geral","link":"https:\/\/www.jornalja.com.br\/arquivo\/category\/materiasecundaria\/"},"img":{"alt_text":"","src":"","width":0,"height":0},"classes":[]},{"id":13101,"url":"https:\/\/www.jornalja.com.br\/arquivo\/morre-um-guerreiro-do-texto\/","url_meta":{"origin":59344,"position":4},"title":"Morre um guerreiro do texto","author":"Patr\u00edcia Marini","date":"14 de maio de 2014","format":false,"excerpt":"Por Ricardo Kotscho Reproduzido do blog do autor, 11\/5\/2014; t\u00edtulo original \u201cE l\u00e1 se foi o nosso Myltainho, guerreiro do texto\u201d. Mi\u00fado e franzino, meu amigo Myltainho era um valente e inconformado guerreiro na luta contra as injusti\u00e7as sociais, a hipocrisia, as maracutaias, o autoritarismo, a intoler\u00e2ncia, a viol\u00eancia, o\u2026","rel":"","context":"Em &quot;Geral&quot;","block_context":{"text":"Geral","link":"https:\/\/www.jornalja.com.br\/arquivo\/category\/geral\/"},"img":{"alt_text":"","src":"","width":0,"height":0},"classes":[]},{"id":13240,"url":"https:\/\/www.jornalja.com.br\/arquivo\/plano-diretor-estamos-construindo-o-caos\/","url_meta":{"origin":59344,"position":5},"title":"Plano diretor: &quot;Estamos construindo o caos&quot;","author":"Patr\u00edcia Marini","date":"26 de maio de 2014","format":false,"excerpt":"Desabafo que arquiteta Eliana Castilhos, delegada da Regi\u00e3o de Planejamento 1, postou nas redes sociais \u00e9 um testemunho do ambiente que se criou no Conselho do Plano Diretor de Porto Alegre, onde a aprova\u00e7\u00e3o de grandes empreendimentos \u00e9 empurrada guela abaixo dos conselheiros. Ao CMDUA Como delegada da Regi\u00e3o de\u2026","rel":"","context":"Em &quot;Geral&quot;","block_context":{"text":"Geral","link":"https:\/\/www.jornalja.com.br\/arquivo\/category\/geral\/"},"img":{"alt_text":"","src":"","width":0,"height":0},"classes":[]}],"jetpack_shortlink":"https:\/\/wp.me\/pbQjBd-fra","jetpack_featured_media_url":"","_links":{"self":[{"href":"https:\/\/www.jornalja.com.br\/arquivo\/wp-json\/wp\/v2\/posts\/59344","targetHints":{"allow":["GET"]}}],"collection":[{"href":"https:\/\/www.jornalja.com.br\/arquivo\/wp-json\/wp\/v2\/posts"}],"about":[{"href":"https:\/\/www.jornalja.com.br\/arquivo\/wp-json\/wp\/v2\/types\/post"}],"author":[{"embeddable":true,"href":"https:\/\/www.jornalja.com.br\/arquivo\/wp-json\/wp\/v2\/users\/4"}],"replies":[{"embeddable":true,"href":"https:\/\/www.jornalja.com.br\/arquivo\/wp-json\/wp\/v2\/comments?post=59344"}],"version-history":[{"count":0,"href":"https:\/\/www.jornalja.com.br\/arquivo\/wp-json\/wp\/v2\/posts\/59344\/revisions"}],"wp:attachment":[{"href":"https:\/\/www.jornalja.com.br\/arquivo\/wp-json\/wp\/v2\/media?parent=59344"}],"wp:term":[{"taxonomy":"category","embeddable":true,"href":"https:\/\/www.jornalja.com.br\/arquivo\/wp-json\/wp\/v2\/categories?post=59344"},{"taxonomy":"post_tag","embeddable":true,"href":"https:\/\/www.jornalja.com.br\/arquivo\/wp-json\/wp\/v2\/tags?post=59344"}],"curies":[{"name":"wp","href":"https:\/\/api.w.org\/{rel}","templated":true}]}}