{"id":59377,"date":"2018-01-30T19:39:54","date_gmt":"2018-01-30T21:39:54","guid":{"rendered":"https:\/\/www.jornalja.com.br\/?p=59377"},"modified":"2018-01-30T19:39:54","modified_gmt":"2018-01-30T21:39:54","slug":"oposicao-tranca-pauta-e-votacao-de-recuperacao-fiscal-e-novamente-adiada","status":"publish","type":"post","link":"https:\/\/www.jornalja.com.br\/arquivo\/oposicao-tranca-pauta-e-votacao-de-recuperacao-fiscal-e-novamente-adiada\/","title":{"rendered":"Oposi\u00e7\u00e3o tranca pauta e vota\u00e7\u00e3o de Recupera\u00e7\u00e3o Fiscal \u00e9 novamente adiada"},"content":{"rendered":"<p>Apesar da peregrina\u00e7\u00e3o do governador Sartori em programas de TV nesta ter\u00e7a-feira, e de deputados da base aliada na Assembleia Legislativa manterem o qu\u00f3rum para poss\u00edvel vota\u00e7\u00e3o, foi adiada novamente, para esta quarta-feira (31), \u00e0s 14h, a vota\u00e7\u00e3o do Projeto de Lei Complementar (PLC) que prev\u00ea a ades\u00e3o do Rio Grande do Sul ao Regime de Recupera\u00e7\u00e3o Fiscal (RRF) e das Propostas de Emenda Constitucional (PECs) que retiram a exig\u00eancia de plebiscito para a aliena\u00e7\u00e3o de estatais \u2013 CRM, CEEE e Sulg\u00e1s.<br \/>\nAp\u00f3s quatro horas de sess\u00e3o nesta ter\u00e7a, 30\/01, apenas o requerimento para realizar sess\u00e3o extraordin\u00e1ria foi votado e aprovado por 30 votos a 19.<br \/>\nDurante todo o per\u00edodo de discuss\u00e3o, havia qu\u00f3rum para aprecia\u00e7\u00e3o das medidas. Por\u00e9m, os parlamentares da oposi\u00e7\u00e3o se revezaram na tribuna, ocupando todo o tempo da sess\u00e3o, n\u00e3o permitindo que as mat\u00e9rias fossem discutidas.<br \/>\nAntes do encerramento da sess\u00e3o, o l\u00edder do governo, deputado Gabriel Souza (PMDB), chegou a apresentar requerimento para que o presidente da AL convocasse uma nova sess\u00e3o extraordin\u00e1ria ainda nesta ter\u00e7a-feira (30) e outra na manh\u00e3 de quarta-feira (31) para vencer a pauta, al\u00e9m da sess\u00e3o j\u00e1 prevista para a tarde de quarta-feira. Edegar Pretto indeferiu o pedido por faltar, no documento, embasamento legal ou regimental.<br \/>\nNa sess\u00e3o de hoje, a deputada Miriam Marroni (PT) lembrou que no governo Tarso Genro foi feita uma negocia\u00e7\u00e3o estruturante da d\u00edvida do Estado com a Uni\u00e3o e que a negocia\u00e7\u00e3o que agora se prop\u00f5e humilha o povo ga\u00facho. &#8220;Essa negocia\u00e7\u00e3o n\u00f3s n\u00e3o podemos aceitar. N\u00e3o \u00e9 porque somos oposi\u00e7\u00e3o, \u00e9 porque ela n\u00e3o \u00e9 boa para o Estado do RS&#8221;, afirmou, comparando a negocia\u00e7\u00e3o atual com agiotagem.<br \/>\nJ\u00e1 o deputado Marcel van Hattem (PP) disse que as propostas do governo n\u00e3o s\u00e3o as melhores alternativas, mas s\u00e3o as que se tem. &#8220;A melhor seria privatizar ainda mais&#8221;, completou. Citou emenda apresentada pelo deputado S\u00e9rgio Turra (PP) ao projeto de ades\u00e3o ao Regime de Recupera\u00e7\u00e3o Fiscal para que n\u00e3o haja aumento de impostos (ICMS, IPVA e ITCMD) durante a vig\u00eancia do plano, caso seja aprovado.<br \/>\nServidores e representante de sindicatos lotaram galerias e o lado de fora da ALRS em mais um dia de protestos contra o pacote de Sartori. A sess\u00e3o chegou em alguns momentos a ser interrompida devido a barulhos das pessoas nas galerias do plen\u00e1rio.<br \/>\nAp\u00f3s a sess\u00e3o, o secret\u00e1rio-chefe da Casa Civil, F\u00e1bio Branco, comentou o resultado do segundo dia de discuss\u00f5es: \u201cEsse al\u00edvio financeiro resulta da suspens\u00e3o do pagamento da d\u00edvida com a Uni\u00e3o por tr\u00eas anos (prorrog\u00e1veis por mais tr\u00eas). Isso dar\u00e1 a oportunidade para o Estado encaminhar seu equil\u00edbrio financeiro, sendo um passo decisivo na recupera\u00e7\u00e3o estrutural. Sem isso, faltar\u00e1 dinheiro para pagar sal\u00e1rios e para honrar os compromissos mais b\u00e1sicos, como os repasses aos hospitais, repasses aos munic\u00edpios, entre outros\u201d.<br \/>\nA ades\u00e3o ao RRF prev\u00ea a suspens\u00e3o do pagamento das parcelas da d\u00edvida do Estado com a Uni\u00e3o pelo prazo de at\u00e9 36 meses, prorrog\u00e1vel por igual per\u00edodo. De acordo com proje\u00e7\u00e3o da Secretaria da Fazenda (Sefaz), isso representaria um al\u00edvio financeiro de R$ 11,3 bilh\u00f5es at\u00e9 2020, al\u00e9m de permitir a contrata\u00e7\u00e3o de novos empr\u00e9stimos nacionais e internacionais, diz o governo.<\/p>\n","protected":false},"excerpt":{"rendered":"<p>Apesar da peregrina\u00e7\u00e3o do governador Sartori em programas de TV nesta ter\u00e7a-feira, e de deputados da base aliada na Assembleia Legislativa manterem o qu\u00f3rum para poss\u00edvel vota\u00e7\u00e3o, foi adiada novamente, para esta quarta-feira (31), \u00e0s 14h, a vota\u00e7\u00e3o do Projeto de Lei Complementar (PLC) que prev\u00ea a ades\u00e3o do Rio Grande do Sul ao Regime [&hellip;]<\/p>\n","protected":false},"author":4,"featured_media":59378,"comment_status":"open","ping_status":"closed","sticky":false,"template":"","format":"standard","meta":{"_jetpack_newsletter_access":"","_jetpack_dont_email_post_to_subs":false,"_jetpack_newsletter_tier_id":0,"_jetpack_memberships_contains_paywalled_content":false,"_jetpack_feature_clip_id":0,"_jetpack_memberships_contains_paid_content":false,"footnotes":"","jetpack_post_was_ever_published":false},"categories":[26],"tags":[],"class_list":["post-59377","post","type-post","status-publish","format-standard","has-post-thumbnail","hentry","category-geral"],"aioseo_notices":[],"aioseo_head":"\n\t\t<!-- All in One SEO 5.0.1.1 - aioseo.com -->\n\t<meta name=\"robots\" content=\"max-image-preview:large\" \/>\n\t<meta name=\"author\" content=\"da Reda\u00e7\u00e3o\"\/>\n\t<link rel=\"canonical\" href=\"https:\/\/www.jornalja.com.br\/arquivo\/oposicao-tranca-pauta-e-votacao-de-recuperacao-fiscal-e-novamente-adiada\/\" \/>\n\t<meta name=\"generator\" content=\"All in One SEO (AIOSEO) 5.0.1.1\" \/>\n\t\t<meta property=\"og:locale\" content=\"pt_BR\" \/>\n\t\t<meta property=\"og:site_name\" content=\"Arquivo | Jornal J\u00c1 | Porto Alegre\" \/>\n\t\t<meta property=\"og:type\" content=\"article\" \/>\n\t\t<meta property=\"og:title\" content=\"Oposi\u00e7\u00e3o tranca pauta e vota\u00e7\u00e3o de Recupera\u00e7\u00e3o Fiscal \u00e9 novamente adiada | Arquivo\" \/>\n\t\t<meta property=\"og:url\" content=\"https:\/\/www.jornalja.com.br\/arquivo\/oposicao-tranca-pauta-e-votacao-de-recuperacao-fiscal-e-novamente-adiada\/\" \/>\n\t\t<meta property=\"og:image\" content=\"https:\/\/www.jornalja.com.br\/economics\/wp-content\/uploads\/sites\/11\/2026\/08\/ja-folhaderosto-facebook.jpg\" \/>\n\t\t<meta property=\"og:image:secure_url\" content=\"https:\/\/www.jornalja.com.br\/economics\/wp-content\/uploads\/sites\/11\/2026\/08\/ja-folhaderosto-facebook.jpg\" \/>\n\t\t<meta property=\"article:published_time\" content=\"2018-01-30T21:39:54+00:00\" \/>\n\t\t<meta property=\"article:modified_time\" content=\"2018-01-30T21:39:54+00:00\" \/>\n\t\t<meta name=\"twitter:card\" content=\"summary\" \/>\n\t\t<meta name=\"twitter:title\" content=\"Oposi\u00e7\u00e3o tranca pauta e vota\u00e7\u00e3o de Recupera\u00e7\u00e3o Fiscal \u00e9 novamente adiada | Arquivo\" \/>\n\t\t<meta name=\"twitter:image\" content=\"https:\/\/www.jornalja.com.br\/economics\/wp-content\/uploads\/sites\/11\/2026\/08\/ja-folhaderosto-facebook.jpg\" \/>\n\t\t<script type=\"application\/ld+json\" class=\"aioseo-schema\">\n\t\t\t{\"@context\":\"https:\\\/\\\/schema.org\",\"@graph\":[{\"@type\":\"BlogPosting\",\"@id\":\"https:\\\/\\\/www.jornalja.com.br\\\/arquivo\\\/oposicao-tranca-pauta-e-votacao-de-recuperacao-fiscal-e-novamente-adiada\\\/#blogposting\",\"name\":\"Oposi\\u00e7\\u00e3o tranca pauta e vota\\u00e7\\u00e3o de Recupera\\u00e7\\u00e3o Fiscal \\u00e9 novamente adiada | Arquivo\",\"headline\":\"Oposi\\u00e7\\u00e3o tranca pauta e vota\\u00e7\\u00e3o de Recupera\\u00e7\\u00e3o Fiscal \\u00e9 novamente adiada\",\"author\":{\"@id\":\"https:\\\/\\\/www.jornalja.com.br\\\/arquivo\\\/author\\\/daredacao\\\/#author\"},\"publisher\":{\"@id\":\"https:\\\/\\\/www.jornalja.com.br\\\/arquivo\\\/#organization\"},\"image\":{\"@type\":\"ImageObject\",\"url\":59378},\"datePublished\":\"2018-01-30T19:39:54-02:00\",\"dateModified\":\"2018-01-30T19:39:54-02:00\",\"inLanguage\":\"pt-BR\",\"mainEntityOfPage\":{\"@id\":\"https:\\\/\\\/www.jornalja.com.br\\\/arquivo\\\/oposicao-tranca-pauta-e-votacao-de-recuperacao-fiscal-e-novamente-adiada\\\/#webpage\"},\"isPartOf\":{\"@id\":\"https:\\\/\\\/www.jornalja.com.br\\\/arquivo\\\/oposicao-tranca-pauta-e-votacao-de-recuperacao-fiscal-e-novamente-adiada\\\/#webpage\"},\"articleSection\":\"Geral\"},{\"@type\":\"BreadcrumbList\",\"@id\":\"https:\\\/\\\/www.jornalja.com.br\\\/arquivo\\\/oposicao-tranca-pauta-e-votacao-de-recuperacao-fiscal-e-novamente-adiada\\\/#breadcrumblist\",\"itemListElement\":[{\"@type\":\"ListItem\",\"@id\":\"https:\\\/\\\/www.jornalja.com.br\\\/arquivo#listItem\",\"position\":1,\"name\":\"Home\",\"item\":\"https:\\\/\\\/www.jornalja.com.br\\\/arquivo\",\"nextItem\":{\"@type\":\"ListItem\",\"@id\":\"https:\\\/\\\/www.jornalja.com.br\\\/arquivo\\\/category\\\/geral\\\/#listItem\",\"name\":\"Geral\"}},{\"@type\":\"ListItem\",\"@id\":\"https:\\\/\\\/www.jornalja.com.br\\\/arquivo\\\/category\\\/geral\\\/#listItem\",\"position\":2,\"name\":\"Geral\",\"item\":\"https:\\\/\\\/www.jornalja.com.br\\\/arquivo\\\/category\\\/geral\\\/\",\"nextItem\":{\"@type\":\"ListItem\",\"@id\":\"https:\\\/\\\/www.jornalja.com.br\\\/arquivo\\\/oposicao-tranca-pauta-e-votacao-de-recuperacao-fiscal-e-novamente-adiada\\\/#listItem\",\"name\":\"Oposi\\u00e7\\u00e3o tranca pauta e vota\\u00e7\\u00e3o de Recupera\\u00e7\\u00e3o Fiscal \\u00e9 novamente adiada\"},\"previousItem\":{\"@type\":\"ListItem\",\"@id\":\"https:\\\/\\\/www.jornalja.com.br\\\/arquivo#listItem\",\"name\":\"Home\"}},{\"@type\":\"ListItem\",\"@id\":\"https:\\\/\\\/www.jornalja.com.br\\\/arquivo\\\/oposicao-tranca-pauta-e-votacao-de-recuperacao-fiscal-e-novamente-adiada\\\/#listItem\",\"position\":3,\"name\":\"Oposi\\u00e7\\u00e3o tranca pauta e vota\\u00e7\\u00e3o de Recupera\\u00e7\\u00e3o Fiscal \\u00e9 novamente adiada\",\"previousItem\":{\"@type\":\"ListItem\",\"@id\":\"https:\\\/\\\/www.jornalja.com.br\\\/arquivo\\\/category\\\/geral\\\/#listItem\",\"name\":\"Geral\"}}]},{\"@type\":\"Organization\",\"@id\":\"https:\\\/\\\/www.jornalja.com.br\\\/arquivo\\\/#organization\",\"name\":\"Jornal J\\u00c1\",\"description\":\"Jornal J\\u00c1 | Porto Alegre\",\"url\":\"https:\\\/\\\/www.jornalja.com.br\\\/arquivo\\\/\",\"telephone\":\"+555133307272\",\"logo\":{\"@type\":\"ImageObject\",\"url\":\"https:\\\/\\\/www.jornalja.com.br\\\/wp-content\\\/uploads\\\/cards\\\/JAslogan.png\",\"@id\":\"https:\\\/\\\/www.jornalja.com.br\\\/arquivo\\\/oposicao-tranca-pauta-e-votacao-de-recuperacao-fiscal-e-novamente-adiada\\\/#organizationLogo\"},\"image\":{\"@id\":\"https:\\\/\\\/www.jornalja.com.br\\\/arquivo\\\/oposicao-tranca-pauta-e-votacao-de-recuperacao-fiscal-e-novamente-adiada\\\/#organizationLogo\"}},{\"@type\":\"Person\",\"@id\":\"https:\\\/\\\/www.jornalja.com.br\\\/arquivo\\\/author\\\/daredacao\\\/#author\",\"url\":\"https:\\\/\\\/www.jornalja.com.br\\\/arquivo\\\/author\\\/daredacao\\\/\",\"name\":\"da Reda\\u00e7\\u00e3o\",\"image\":{\"@type\":\"ImageObject\",\"@id\":\"https:\\\/\\\/www.jornalja.com.br\\\/arquivo\\\/oposicao-tranca-pauta-e-votacao-de-recuperacao-fiscal-e-novamente-adiada\\\/#authorImage\",\"url\":\"https:\\\/\\\/secure.gravatar.com\\\/avatar\\\/469fd857d6605ad19919d27ed29d35a968a25f6e8fd9318356bbb7f57aae9c65?s=96&d=mm&r=g\",\"width\":96,\"height\":96,\"caption\":\"da Reda\\u00e7\\u00e3o\"}},{\"@type\":\"WebPage\",\"@id\":\"https:\\\/\\\/www.jornalja.com.br\\\/arquivo\\\/oposicao-tranca-pauta-e-votacao-de-recuperacao-fiscal-e-novamente-adiada\\\/#webpage\",\"url\":\"https:\\\/\\\/www.jornalja.com.br\\\/arquivo\\\/oposicao-tranca-pauta-e-votacao-de-recuperacao-fiscal-e-novamente-adiada\\\/\",\"name\":\"Oposi\\u00e7\\u00e3o tranca pauta e vota\\u00e7\\u00e3o de Recupera\\u00e7\\u00e3o Fiscal \\u00e9 novamente adiada | Arquivo\",\"inLanguage\":\"pt-BR\",\"isPartOf\":{\"@id\":\"https:\\\/\\\/www.jornalja.com.br\\\/arquivo\\\/#website\"},\"breadcrumb\":{\"@id\":\"https:\\\/\\\/www.jornalja.com.br\\\/arquivo\\\/oposicao-tranca-pauta-e-votacao-de-recuperacao-fiscal-e-novamente-adiada\\\/#breadcrumblist\"},\"author\":{\"@id\":\"https:\\\/\\\/www.jornalja.com.br\\\/arquivo\\\/author\\\/daredacao\\\/#author\"},\"creator\":{\"@id\":\"https:\\\/\\\/www.jornalja.com.br\\\/arquivo\\\/author\\\/daredacao\\\/#author\"},\"image\":{\"@type\":\"ImageObject\",\"url\":59378,\"@id\":\"https:\\\/\\\/www.jornalja.com.br\\\/arquivo\\\/oposicao-tranca-pauta-e-votacao-de-recuperacao-fiscal-e-novamente-adiada\\\/#mainImage\"},\"primaryImageOfPage\":{\"@id\":\"https:\\\/\\\/www.jornalja.com.br\\\/arquivo\\\/oposicao-tranca-pauta-e-votacao-de-recuperacao-fiscal-e-novamente-adiada\\\/#mainImage\"},\"datePublished\":\"2018-01-30T19:39:54-02:00\",\"dateModified\":\"2018-01-30T19:39:54-02:00\"},{\"@type\":\"WebSite\",\"@id\":\"https:\\\/\\\/www.jornalja.com.br\\\/arquivo\\\/#website\",\"url\":\"https:\\\/\\\/www.jornalja.com.br\\\/arquivo\\\/\",\"name\":\"Arquivo\",\"description\":\"Jornal J\\u00c1 | Porto Alegre\",\"inLanguage\":\"pt-BR\",\"publisher\":{\"@id\":\"https:\\\/\\\/www.jornalja.com.br\\\/arquivo\\\/#organization\"}}]}\n\t\t<\/script>\n\t\t<!-- All in One SEO -->\n\n","aioseo_head_json":{"title":"Oposi\u00e7\u00e3o tranca pauta e vota\u00e7\u00e3o de Recupera\u00e7\u00e3o Fiscal \u00e9 novamente adiada | Arquivo","description":"","canonical_url":"https:\/\/www.jornalja.com.br\/arquivo\/oposicao-tranca-pauta-e-votacao-de-recuperacao-fiscal-e-novamente-adiada\/","robots":"max-image-preview:large","keywords":"","webmasterTools":{"miscellaneous":""},"schema":{"@context":"https:\/\/schema.org","@graph":[{"@type":"BlogPosting","@id":"https:\/\/www.jornalja.com.br\/arquivo\/oposicao-tranca-pauta-e-votacao-de-recuperacao-fiscal-e-novamente-adiada\/#blogposting","name":"Oposi\u00e7\u00e3o tranca pauta e vota\u00e7\u00e3o de Recupera\u00e7\u00e3o Fiscal \u00e9 novamente adiada | Arquivo","headline":"Oposi\u00e7\u00e3o tranca pauta e vota\u00e7\u00e3o de Recupera\u00e7\u00e3o Fiscal \u00e9 novamente adiada","author":{"@id":"https:\/\/www.jornalja.com.br\/arquivo\/author\/daredacao\/#author"},"publisher":{"@id":"https:\/\/www.jornalja.com.br\/arquivo\/#organization"},"image":{"@type":"ImageObject","url":59378},"datePublished":"2018-01-30T19:39:54-02:00","dateModified":"2018-01-30T19:39:54-02:00","inLanguage":"pt-BR","mainEntityOfPage":{"@id":"https:\/\/www.jornalja.com.br\/arquivo\/oposicao-tranca-pauta-e-votacao-de-recuperacao-fiscal-e-novamente-adiada\/#webpage"},"isPartOf":{"@id":"https:\/\/www.jornalja.com.br\/arquivo\/oposicao-tranca-pauta-e-votacao-de-recuperacao-fiscal-e-novamente-adiada\/#webpage"},"articleSection":"Geral"},{"@type":"BreadcrumbList","@id":"https:\/\/www.jornalja.com.br\/arquivo\/oposicao-tranca-pauta-e-votacao-de-recuperacao-fiscal-e-novamente-adiada\/#breadcrumblist","itemListElement":[{"@type":"ListItem","@id":"https:\/\/www.jornalja.com.br\/arquivo#listItem","position":1,"name":"Home","item":"https:\/\/www.jornalja.com.br\/arquivo","nextItem":{"@type":"ListItem","@id":"https:\/\/www.jornalja.com.br\/arquivo\/category\/geral\/#listItem","name":"Geral"}},{"@type":"ListItem","@id":"https:\/\/www.jornalja.com.br\/arquivo\/category\/geral\/#listItem","position":2,"name":"Geral","item":"https:\/\/www.jornalja.com.br\/arquivo\/category\/geral\/","nextItem":{"@type":"ListItem","@id":"https:\/\/www.jornalja.com.br\/arquivo\/oposicao-tranca-pauta-e-votacao-de-recuperacao-fiscal-e-novamente-adiada\/#listItem","name":"Oposi\u00e7\u00e3o tranca pauta e vota\u00e7\u00e3o de Recupera\u00e7\u00e3o Fiscal \u00e9 novamente adiada"},"previousItem":{"@type":"ListItem","@id":"https:\/\/www.jornalja.com.br\/arquivo#listItem","name":"Home"}},{"@type":"ListItem","@id":"https:\/\/www.jornalja.com.br\/arquivo\/oposicao-tranca-pauta-e-votacao-de-recuperacao-fiscal-e-novamente-adiada\/#listItem","position":3,"name":"Oposi\u00e7\u00e3o tranca pauta e vota\u00e7\u00e3o de Recupera\u00e7\u00e3o Fiscal \u00e9 novamente adiada","previousItem":{"@type":"ListItem","@id":"https:\/\/www.jornalja.com.br\/arquivo\/category\/geral\/#listItem","name":"Geral"}}]},{"@type":"Organization","@id":"https:\/\/www.jornalja.com.br\/arquivo\/#organization","name":"Jornal J\u00c1","description":"Jornal J\u00c1 | Porto Alegre","url":"https:\/\/www.jornalja.com.br\/arquivo\/","telephone":"+555133307272","logo":{"@type":"ImageObject","url":"https:\/\/www.jornalja.com.br\/wp-content\/uploads\/cards\/JAslogan.png","@id":"https:\/\/www.jornalja.com.br\/arquivo\/oposicao-tranca-pauta-e-votacao-de-recuperacao-fiscal-e-novamente-adiada\/#organizationLogo"},"image":{"@id":"https:\/\/www.jornalja.com.br\/arquivo\/oposicao-tranca-pauta-e-votacao-de-recuperacao-fiscal-e-novamente-adiada\/#organizationLogo"}},{"@type":"Person","@id":"https:\/\/www.jornalja.com.br\/arquivo\/author\/daredacao\/#author","url":"https:\/\/www.jornalja.com.br\/arquivo\/author\/daredacao\/","name":"da Reda\u00e7\u00e3o","image":{"@type":"ImageObject","@id":"https:\/\/www.jornalja.com.br\/arquivo\/oposicao-tranca-pauta-e-votacao-de-recuperacao-fiscal-e-novamente-adiada\/#authorImage","url":"https:\/\/secure.gravatar.com\/avatar\/469fd857d6605ad19919d27ed29d35a968a25f6e8fd9318356bbb7f57aae9c65?s=96&d=mm&r=g","width":96,"height":96,"caption":"da Reda\u00e7\u00e3o"}},{"@type":"WebPage","@id":"https:\/\/www.jornalja.com.br\/arquivo\/oposicao-tranca-pauta-e-votacao-de-recuperacao-fiscal-e-novamente-adiada\/#webpage","url":"https:\/\/www.jornalja.com.br\/arquivo\/oposicao-tranca-pauta-e-votacao-de-recuperacao-fiscal-e-novamente-adiada\/","name":"Oposi\u00e7\u00e3o tranca pauta e vota\u00e7\u00e3o de Recupera\u00e7\u00e3o Fiscal \u00e9 novamente adiada | Arquivo","inLanguage":"pt-BR","isPartOf":{"@id":"https:\/\/www.jornalja.com.br\/arquivo\/#website"},"breadcrumb":{"@id":"https:\/\/www.jornalja.com.br\/arquivo\/oposicao-tranca-pauta-e-votacao-de-recuperacao-fiscal-e-novamente-adiada\/#breadcrumblist"},"author":{"@id":"https:\/\/www.jornalja.com.br\/arquivo\/author\/daredacao\/#author"},"creator":{"@id":"https:\/\/www.jornalja.com.br\/arquivo\/author\/daredacao\/#author"},"image":{"@type":"ImageObject","url":59378,"@id":"https:\/\/www.jornalja.com.br\/arquivo\/oposicao-tranca-pauta-e-votacao-de-recuperacao-fiscal-e-novamente-adiada\/#mainImage"},"primaryImageOfPage":{"@id":"https:\/\/www.jornalja.com.br\/arquivo\/oposicao-tranca-pauta-e-votacao-de-recuperacao-fiscal-e-novamente-adiada\/#mainImage"},"datePublished":"2018-01-30T19:39:54-02:00","dateModified":"2018-01-30T19:39:54-02:00"},{"@type":"WebSite","@id":"https:\/\/www.jornalja.com.br\/arquivo\/#website","url":"https:\/\/www.jornalja.com.br\/arquivo\/","name":"Arquivo","description":"Jornal J\u00c1 | Porto Alegre","inLanguage":"pt-BR","publisher":{"@id":"https:\/\/www.jornalja.com.br\/arquivo\/#organization"}}]},"og:locale":"pt_BR","og:site_name":"Arquivo | Jornal J\u00c1 | Porto Alegre","og:type":"article","og:title":"Oposi\u00e7\u00e3o tranca pauta e vota\u00e7\u00e3o de Recupera\u00e7\u00e3o Fiscal \u00e9 novamente adiada | Arquivo","og:url":"https:\/\/www.jornalja.com.br\/arquivo\/oposicao-tranca-pauta-e-votacao-de-recuperacao-fiscal-e-novamente-adiada\/","og:image":"https:\/\/www.jornalja.com.br\/economics\/wp-content\/uploads\/sites\/11\/2026\/08\/ja-folhaderosto-facebook.jpg","og:image:secure_url":"https:\/\/www.jornalja.com.br\/economics\/wp-content\/uploads\/sites\/11\/2026\/08\/ja-folhaderosto-facebook.jpg","article:published_time":"2018-01-30T21:39:54+00:00","article:modified_time":"2018-01-30T21:39:54+00:00","twitter:card":"summary","twitter:title":"Oposi\u00e7\u00e3o tranca pauta e vota\u00e7\u00e3o de Recupera\u00e7\u00e3o Fiscal \u00e9 novamente adiada | Arquivo","twitter:image":"https:\/\/www.jornalja.com.br\/economics\/wp-content\/uploads\/sites\/11\/2026\/08\/ja-folhaderosto-facebook.jpg"},"aioseo_meta_data":{"post_id":"59377","title":null,"description":null,"keywords":null,"keyphrases":null,"primary_term":null,"canonical_url":null,"og_title":null,"og_description":null,"og_object_type":"default","og_image_type":"default","og_image_url":null,"og_image_width":null,"og_image_height":null,"og_image_custom_url":null,"og_image_custom_fields":null,"og_video":null,"og_custom_url":null,"og_article_section":null,"og_article_tags":null,"twitter_use_og":false,"twitter_card":"default","twitter_image_type":"default","twitter_image_url":null,"twitter_image_custom_url":null,"twitter_image_custom_fields":null,"twitter_title":null,"twitter_description":null,"schema":{"blockGraphs":[],"customGraphs":[],"default":{"data":{"Article":[],"Course":[],"Dataset":[],"FAQPage":[],"Movie":[],"Person":[],"Product":[],"ProductReview":[],"Car":[],"Recipe":[],"Service":[],"SoftwareApplication":[],"WebPage":[]},"graphName":"","isEnabled":true},"graphs":[],"defaultGraph":"","defaultPostTypeGraph":""},"schema_type":null,"schema_type_options":null,"pillar_content":false,"robots_default":true,"robots_noindex":false,"robots_noarchive":false,"robots_nosnippet":false,"robots_nofollow":false,"robots_noimageindex":false,"robots_noodp":false,"robots_notranslate":false,"robots_max_snippet":null,"robots_max_videopreview":null,"robots_max_imagepreview":"large","priority":null,"frequency":null,"location":null,"local_seo":null,"breadcrumb_settings":null,"limit_modified_date":false,"ai":null,"created":"2020-12-20 20:18:03","updated":"2025-07-20 03:14:13","seo_analyzer_scan_date":null,"focus_keyword":null,"additional_keywords":null,"truseo_locale":null},"jetpack_sharing_enabled":true,"jetpack-related-posts":[{"id":13239,"url":"https:\/\/www.jornalja.com.br\/arquivo\/conselho-desdenha-do-plano-diretor\/","url_meta":{"origin":59377,"position":0},"title":"Porto Alegre: Conselho detona Plano Diretor","author":"Patr\u00edcia Marini","date":"25 de maio de 2014","format":false,"excerpt":"Den\u00fancia do arquiteto e \u00a0urbanista Ibir\u00e1 Santos Lucas. Ele diz que os conselheiros est\u00e3o votando com \"enorme irresponsabilidade\". \"Mudam regime com a maior naturalidade,,,regularizam absurdos de constru\u00e7\u00f5es irregulares... \"O CMDUA est\u00e1 flexibilizando a lei do plano diretor, de uma forma impactante na vida da cidade. Mudam regime com a maior\u2026","rel":"","context":"Em &quot;Geral&quot;","block_context":{"text":"Geral","link":"https:\/\/www.jornalja.com.br\/arquivo\/category\/geral\/"},"img":{"alt_text":"","src":"","width":0,"height":0},"classes":[]},{"id":13240,"url":"https:\/\/www.jornalja.com.br\/arquivo\/plano-diretor-estamos-construindo-o-caos\/","url_meta":{"origin":59377,"position":1},"title":"Plano diretor: &quot;Estamos construindo o caos&quot;","author":"Patr\u00edcia Marini","date":"26 de maio de 2014","format":false,"excerpt":"Desabafo que arquiteta Eliana Castilhos, delegada da Regi\u00e3o de Planejamento 1, postou nas redes sociais \u00e9 um testemunho do ambiente que se criou no Conselho do Plano Diretor de Porto Alegre, onde a aprova\u00e7\u00e3o de grandes empreendimentos \u00e9 empurrada guela abaixo dos conselheiros. Ao CMDUA Como delegada da Regi\u00e3o de\u2026","rel":"","context":"Em &quot;Geral&quot;","block_context":{"text":"Geral","link":"https:\/\/www.jornalja.com.br\/arquivo\/category\/geral\/"},"img":{"alt_text":"","src":"","width":0,"height":0},"classes":[]},{"id":13101,"url":"https:\/\/www.jornalja.com.br\/arquivo\/morre-um-guerreiro-do-texto\/","url_meta":{"origin":59377,"position":2},"title":"Morre um guerreiro do texto","author":"Patr\u00edcia Marini","date":"14 de maio de 2014","format":false,"excerpt":"Por Ricardo Kotscho Reproduzido do blog do autor, 11\/5\/2014; t\u00edtulo original \u201cE l\u00e1 se foi o nosso Myltainho, guerreiro do texto\u201d. Mi\u00fado e franzino, meu amigo Myltainho era um valente e inconformado guerreiro na luta contra as injusti\u00e7as sociais, a hipocrisia, as maracutaias, o autoritarismo, a intoler\u00e2ncia, a viol\u00eancia, o\u2026","rel":"","context":"Em &quot;Geral&quot;","block_context":{"text":"Geral","link":"https:\/\/www.jornalja.com.br\/arquivo\/category\/geral\/"},"img":{"alt_text":"","src":"","width":0,"height":0},"classes":[]},{"id":13124,"url":"https:\/\/www.jornalja.com.br\/arquivo\/sangue-latino-no-iecine\/","url_meta":{"origin":59377,"position":3},"title":"Sangue latino no IECINE","author":"da Reda\u00e7\u00e3o","date":"18 de maio de 2014","format":false,"excerpt":"Francisco Ribeiro O Instituto Estadual de Cinema (IECINE) tem a frente, desde abril \u00faltimo, um novo diretor, o cineasta colombiano Juan Zapata, 36, que substitui Luiz Alberto Cassol. Radicado h\u00e1 dez anos em Porto Alegre, Zapata tem diante de si o desafio de conduzir at\u00e9 o final do ano um\u2026","rel":"","context":"Em &quot;Cultura-Geral&quot;","block_context":{"text":"Cultura-Geral","link":"https:\/\/www.jornalja.com.br\/arquivo\/category\/materiasecundaria\/"},"img":{"alt_text":"","src":"","width":0,"height":0},"classes":[]},{"id":12960,"url":"https:\/\/www.jornalja.com.br\/arquivo\/populacao-culpa-empresas-pela-greve-dos-rodoviarios\/","url_meta":{"origin":59377,"position":4},"title":"Popula\u00e7\u00e3o culpa empresas pela greve","author":"Patr\u00edcia Marini","date":"14 de fevereiro de 2014","format":false,"excerpt":"Pesquisa divulgada na edi\u00e7\u00e3o do jornal Metro desta sexta-feira,14, comprova o velho ditado: \u00e9 poss\u00edvel enganar muitos por algum tempo, mas n\u00e3o \u00e9 poss\u00edvel enganar a todos o tempo inteiro. A principal revela\u00e7\u00e3o foi que 59,8% dos entrevistados apontaram as empresas como as principais respons\u00e1veis pela grave e 46% culparam\u2026","rel":"","context":"Em &quot;X.Categorias velhas&quot;","block_context":{"text":"X.Categorias velhas","link":"https:\/\/www.jornalja.com.br\/arquivo\/category\/x-categorias-velhas\/"},"img":{"alt_text":"","src":"","width":0,"height":0},"classes":[]}],"jetpack_shortlink":"https:\/\/wp.me\/pbQjBd-frH","jetpack_featured_media_url":"","_links":{"self":[{"href":"https:\/\/www.jornalja.com.br\/arquivo\/wp-json\/wp\/v2\/posts\/59377","targetHints":{"allow":["GET"]}}],"collection":[{"href":"https:\/\/www.jornalja.com.br\/arquivo\/wp-json\/wp\/v2\/posts"}],"about":[{"href":"https:\/\/www.jornalja.com.br\/arquivo\/wp-json\/wp\/v2\/types\/post"}],"author":[{"embeddable":true,"href":"https:\/\/www.jornalja.com.br\/arquivo\/wp-json\/wp\/v2\/users\/4"}],"replies":[{"embeddable":true,"href":"https:\/\/www.jornalja.com.br\/arquivo\/wp-json\/wp\/v2\/comments?post=59377"}],"version-history":[{"count":0,"href":"https:\/\/www.jornalja.com.br\/arquivo\/wp-json\/wp\/v2\/posts\/59377\/revisions"}],"wp:attachment":[{"href":"https:\/\/www.jornalja.com.br\/arquivo\/wp-json\/wp\/v2\/media?parent=59377"}],"wp:term":[{"taxonomy":"category","embeddable":true,"href":"https:\/\/www.jornalja.com.br\/arquivo\/wp-json\/wp\/v2\/categories?post=59377"},{"taxonomy":"post_tag","embeddable":true,"href":"https:\/\/www.jornalja.com.br\/arquivo\/wp-json\/wp\/v2\/tags?post=59377"}],"curies":[{"name":"wp","href":"https:\/\/api.w.org\/{rel}","templated":true}]}}