{"id":59407,"date":"2018-01-31T16:15:48","date_gmt":"2018-01-31T18:15:48","guid":{"rendered":"https:\/\/www.jornalja.com.br\/?p=59407"},"modified":"2018-01-31T16:15:48","modified_gmt":"2018-01-31T18:15:48","slug":"governo-do-parana-investe-r-20-bilhoes-em-saude-educacao-e-seguranca","status":"publish","type":"post","link":"https:\/\/www.jornalja.com.br\/arquivo\/governo-do-parana-investe-r-20-bilhoes-em-saude-educacao-e-seguranca\/","title":{"rendered":"Governo do Paran\u00e1 investe R$ 20 bilh\u00f5es em sa\u00fade, educa\u00e7\u00e3o e seguran\u00e7a"},"content":{"rendered":"<p>Balan\u00e7o do exerc\u00edcio de 2017, publicado no Di\u00e1rio Oficial desta ter\u00e7a-feira (30), mostra que o Paran\u00e1 destinou R$ 20,4 bilh\u00f5es para as \u00e1reas de sa\u00fade, educa\u00e7\u00e3o e seguran\u00e7a p\u00fablica, o que representa um incremento de R$ 1,92 bilh\u00e3o na compara\u00e7\u00e3o com o valor aplicado em 2016.<br \/>\nApesar do cen\u00e1rio econ\u00f4mico do pa\u00eds, o Estado encerrou 2017 com super\u00e1vit or\u00e7ament\u00e1rio ajustado (resultado de receitas menos despesas) de R$ 1,97 bilh\u00e3o.<br \/>\nOs n\u00fameros do fechamento do ano passado foram apresentados pelo secret\u00e1rio da Fazenda, Mauro Ricardo Costa, em entrevista coletiva realizada na manh\u00e3 desta quarta-feira (31), em Curitiba. \u201cO ajuste fiscal permitiu ao Estado finalizar o exerc\u00edcio de 2017 no azul, pagando as contas em dia, reduzindo a d\u00edvida consolidada e investindo em \u00e1reas importantes para os paranaenses\u201d, afirmou Costa.<br \/>\nO secret\u00e1rio explicou que o resultado or\u00e7ament\u00e1rio ajustado apresentou super\u00e1vit de R$ 1,97 bilh\u00e3o e inclui R$ 2,73 bilh\u00f5es em receita oriunda de super\u00e1vit financeiro apurado no exerc\u00edcio de 2016 e usado na abertura de cr\u00e9ditos suplementares em 2017.<br \/>\nO resultado prim\u00e1rio ajustado (que n\u00e3o inclui receitas e despesas financeiras) tamb\u00e9m foi positivo em R$ 1,29 bilh\u00e3o. Costa ressalta que em 2017 o Paran\u00e1 contabilizou R$ 2,28 bilh\u00f5es em receitas n\u00e3o prim\u00e1rias (rendimentos de aplica\u00e7\u00f5es financeiras, opera\u00e7\u00f5es de cr\u00e9dito e aliena\u00e7\u00e3o de bens, como parte das a\u00e7\u00f5es da Sanepar) que custearam despesas prim\u00e1rias (como gastos com pessoal, custeio e investimentos).<br \/>\nDe acordo com os demonstrativos, a receita corrente l\u00edquida (que desconta as transfer\u00eancias constitucionais aos munic\u00edpios) cresceu 7,3% em 2017 \u2013 passou de R$ 34,13 bilh\u00f5es para R$ 36,61 bilh\u00f5es de um ano para o outro.<br \/>\n<strong>PESSOAL<\/strong>\u00a0&#8211; Mas, segundo o secret\u00e1rio, mesmo com melhora na receita h\u00e1 uma grande preocupa\u00e7\u00e3o no curto prazo: o aumento de gastos com pessoal, devido ao crescimento vegetativo da folha de pagamento dos servidores ativos, e tamb\u00e9m o incremento nas despesas com pagamentos de inativos e pensionistas.<br \/>\n\u201cApesar de o resultado publicado demonstrar comprometimento com pessoal e encargos sociais de 45,13% da Receita Corrente L\u00edquida no poder executivo, o comprometimento real alcan\u00e7a o percentual de 52,86% desconsiderando as receitas extraordin\u00e1rias e exclus\u00f5es de despesas aceitas pelo Tribunal de Contas\u201d, explica.<br \/>\nComo exemplo, ele mostrou que os gastos do Tesouro com previd\u00eancia social aumentaram 14% &#8211; passando de R$ 3,75 bilh\u00f5es em 2016 para R$ 4,28 bilh\u00f5es em 2017. \u201cN\u00e3o vejo possibilidade de redu\u00e7\u00e3o dos gastos, mas da diminui\u00e7\u00e3o do ritmo de crescimento\u201d, respondeu, ao ser questionado sobre o que mudaria com a reforma na previd\u00eancia.<br \/>\n<strong>SA\u00daDE E EDUCA\u00c7\u00c3O<\/strong>\u00a0\u2013 Em 2017, o Governo do Paran\u00e1 investiu 12,07% em sa\u00fade e 36,26% em educa\u00e7\u00e3o e ficou acima das porcentagens m\u00ednimas estabelecidas para as duas \u00e1reas \u2013 12% e 30%, respectivamente.<br \/>\nEm a\u00e7\u00f5es e servi\u00e7os p\u00fablicos de sa\u00fade o Estado aplicou R$ 5,15 bilh\u00f5es em 2017, ante R$ 4,63 bilh\u00f5es em 2016, um crescimento de 11,13%. A diferen\u00e7a \u00e9 de R$ 516 milh\u00f5es a mais.\u00a0Se for considerada apenas a receita l\u00edquida de impostos, o Estado aplicou 12,07% da RLI em sa\u00fade, ou R$ 3,65 bilh\u00f5es.<br \/>\nNa educa\u00e7\u00e3o, os investimentos somaram R$ 10,8 bilh\u00f5es e, em 2016, foram R$ 10 bilh\u00f5es. O salto de um ano para o outro foi de 8,6% ou R$ 861 milh\u00f5es. O governo aplicou 36,26% da receita l\u00edquida de impostos na \u00e1rea.<br \/>\nNo caso da seguran\u00e7a p\u00fablica, os recursos aplicados na \u00e1rea em 2017 cresceram 14,18% e somaram R$ 4,35 bilh\u00f5es, ante R$ 3,81 bilh\u00f5es registrados no ano de 2016 \u2013 o acr\u00e9scimo foi de R$ 540 milh\u00f5es.<br \/>\n<strong>RECORDE\u00a0<\/strong>&#8211; Costa destacou que, al\u00e9m de aplicar em sa\u00fade, educa\u00e7\u00e3o e seguran\u00e7a, o Paran\u00e1 est\u00e1 investindo em outras \u00e1reas, com destaque para infraestrutura. \u201cOs investimentos no ano somaram R$ 6,78 bilh\u00f5es, um recorde, e outros R$ 8,4 bilh\u00f5es est\u00e3o previstos para 2018\u201d, acrescentou.<br \/>\n\u201cN\u00f3s investimos no ano passado R$ 3,8 bilh\u00f5es dos recursos do or\u00e7amento fiscal. Isso representa aproximadamente 10,4% da nossa receita corrente l\u00edquida aplicada em investimentos\u201d, diz. \u201cDesconhe\u00e7o alguma outra unidade da federa\u00e7\u00e3o que aplique essa percentagem em investimento. \u00c9 um recorde e \u00e9 algo que diferencia o Estado do Paran\u00e1. Isso demonstra que o ajuste fiscal deu certo, os resultados s\u00e3o espetaculares e merecem ser compartilhados com toda a popula\u00e7\u00e3o.\u201d<br \/>\n<strong>D\u00cdVIDA\u00a0<\/strong>\u2013 O Paran\u00e1 apresentou super\u00e1vit nominal de R$ 2,5 bilh\u00f5es, diminuindo sua d\u00edvida consolidada l\u00edquida. Costa mostrou que houve redu\u00e7\u00e3o de 67,71% do n\u00edvel de endividamento do Estado. Em 2010, estava em 90,87% da receita corrente l\u00edquida e, em 2017, caiu para 29,34% da RCL. A d\u00edvida l\u00edquida do Estado somava R$ 10,74 bilh\u00f5es no fim de 2017. O valor est\u00e1 abaixo do limite de endividamento, que seria de R$ 73,23 bilh\u00f5es.<br \/>\n(Com informa\u00e7\u00f5es da Assessoria de Imprensa<\/p>\n","protected":false},"excerpt":{"rendered":"<p>Balan\u00e7o do exerc\u00edcio de 2017, publicado no Di\u00e1rio Oficial desta ter\u00e7a-feira (30), mostra que o Paran\u00e1 destinou R$ 20,4 bilh\u00f5es para as \u00e1reas de sa\u00fade, educa\u00e7\u00e3o e seguran\u00e7a p\u00fablica, o que representa um incremento de R$ 1,92 bilh\u00e3o na compara\u00e7\u00e3o com o valor aplicado em 2016. Apesar do cen\u00e1rio econ\u00f4mico do pa\u00eds, o Estado encerrou [&hellip;]<\/p>\n","protected":false},"author":4,"featured_media":59410,"comment_status":"open","ping_status":"closed","sticky":false,"template":"","format":"standard","meta":{"_jetpack_newsletter_access":"","_jetpack_dont_email_post_to_subs":false,"_jetpack_newsletter_tier_id":0,"_jetpack_memberships_contains_paywalled_content":false,"_jetpack_feature_clip_id":0,"_jetpack_memberships_contains_paid_content":false,"footnotes":"","jetpack_post_was_ever_published":false},"categories":[26],"tags":[],"class_list":["post-59407","post","type-post","status-publish","format-standard","has-post-thumbnail","hentry","category-geral"],"aioseo_notices":[],"aioseo_head":"\n\t\t<!-- All in One SEO 5.0.1.1 - aioseo.com -->\n\t<meta name=\"robots\" content=\"max-image-preview:large\" \/>\n\t<meta name=\"author\" content=\"da Reda\u00e7\u00e3o\"\/>\n\t<link rel=\"canonical\" href=\"https:\/\/www.jornalja.com.br\/arquivo\/governo-do-parana-investe-r-20-bilhoes-em-saude-educacao-e-seguranca\/\" \/>\n\t<meta name=\"generator\" content=\"All in One SEO (AIOSEO) 5.0.1.1\" \/>\n\t\t<meta property=\"og:locale\" content=\"pt_BR\" \/>\n\t\t<meta property=\"og:site_name\" content=\"Arquivo | Jornal J\u00c1 | Porto Alegre\" \/>\n\t\t<meta property=\"og:type\" content=\"article\" \/>\n\t\t<meta property=\"og:title\" content=\"Governo do Paran\u00e1 investe R$ 20 bilh\u00f5es em sa\u00fade, educa\u00e7\u00e3o e seguran\u00e7a | Arquivo\" \/>\n\t\t<meta property=\"og:url\" content=\"https:\/\/www.jornalja.com.br\/arquivo\/governo-do-parana-investe-r-20-bilhoes-em-saude-educacao-e-seguranca\/\" \/>\n\t\t<meta property=\"og:image\" content=\"https:\/\/www.jornalja.com.br\/economics\/wp-content\/uploads\/sites\/11\/2026\/08\/ja-folhaderosto-facebook.jpg\" \/>\n\t\t<meta property=\"og:image:secure_url\" content=\"https:\/\/www.jornalja.com.br\/economics\/wp-content\/uploads\/sites\/11\/2026\/08\/ja-folhaderosto-facebook.jpg\" \/>\n\t\t<meta property=\"article:published_time\" content=\"2018-01-31T18:15:48+00:00\" \/>\n\t\t<meta property=\"article:modified_time\" content=\"2018-01-31T18:15:48+00:00\" \/>\n\t\t<meta name=\"twitter:card\" content=\"summary\" \/>\n\t\t<meta name=\"twitter:title\" content=\"Governo do Paran\u00e1 investe R$ 20 bilh\u00f5es em sa\u00fade, educa\u00e7\u00e3o e seguran\u00e7a | Arquivo\" \/>\n\t\t<meta name=\"twitter:image\" content=\"https:\/\/www.jornalja.com.br\/economics\/wp-content\/uploads\/sites\/11\/2026\/08\/ja-folhaderosto-facebook.jpg\" \/>\n\t\t<script type=\"application\/ld+json\" class=\"aioseo-schema\">\n\t\t\t{\"@context\":\"https:\\\/\\\/schema.org\",\"@graph\":[{\"@type\":\"BlogPosting\",\"@id\":\"https:\\\/\\\/www.jornalja.com.br\\\/arquivo\\\/governo-do-parana-investe-r-20-bilhoes-em-saude-educacao-e-seguranca\\\/#blogposting\",\"name\":\"Governo do Paran\\u00e1 investe R$ 20 bilh\\u00f5es em sa\\u00fade, educa\\u00e7\\u00e3o e seguran\\u00e7a | Arquivo\",\"headline\":\"Governo do Paran\\u00e1 investe R$ 20 bilh\\u00f5es em sa\\u00fade, educa\\u00e7\\u00e3o e seguran\\u00e7a\",\"author\":{\"@id\":\"https:\\\/\\\/www.jornalja.com.br\\\/arquivo\\\/author\\\/daredacao\\\/#author\"},\"publisher\":{\"@id\":\"https:\\\/\\\/www.jornalja.com.br\\\/arquivo\\\/#organization\"},\"image\":{\"@type\":\"ImageObject\",\"url\":59410},\"datePublished\":\"2018-01-31T16:15:48-02:00\",\"dateModified\":\"2018-01-31T16:15:48-02:00\",\"inLanguage\":\"pt-BR\",\"mainEntityOfPage\":{\"@id\":\"https:\\\/\\\/www.jornalja.com.br\\\/arquivo\\\/governo-do-parana-investe-r-20-bilhoes-em-saude-educacao-e-seguranca\\\/#webpage\"},\"isPartOf\":{\"@id\":\"https:\\\/\\\/www.jornalja.com.br\\\/arquivo\\\/governo-do-parana-investe-r-20-bilhoes-em-saude-educacao-e-seguranca\\\/#webpage\"},\"articleSection\":\"Geral\"},{\"@type\":\"BreadcrumbList\",\"@id\":\"https:\\\/\\\/www.jornalja.com.br\\\/arquivo\\\/governo-do-parana-investe-r-20-bilhoes-em-saude-educacao-e-seguranca\\\/#breadcrumblist\",\"itemListElement\":[{\"@type\":\"ListItem\",\"@id\":\"https:\\\/\\\/www.jornalja.com.br\\\/arquivo#listItem\",\"position\":1,\"name\":\"Home\",\"item\":\"https:\\\/\\\/www.jornalja.com.br\\\/arquivo\",\"nextItem\":{\"@type\":\"ListItem\",\"@id\":\"https:\\\/\\\/www.jornalja.com.br\\\/arquivo\\\/category\\\/geral\\\/#listItem\",\"name\":\"Geral\"}},{\"@type\":\"ListItem\",\"@id\":\"https:\\\/\\\/www.jornalja.com.br\\\/arquivo\\\/category\\\/geral\\\/#listItem\",\"position\":2,\"name\":\"Geral\",\"item\":\"https:\\\/\\\/www.jornalja.com.br\\\/arquivo\\\/category\\\/geral\\\/\",\"nextItem\":{\"@type\":\"ListItem\",\"@id\":\"https:\\\/\\\/www.jornalja.com.br\\\/arquivo\\\/governo-do-parana-investe-r-20-bilhoes-em-saude-educacao-e-seguranca\\\/#listItem\",\"name\":\"Governo do Paran\\u00e1 investe R$ 20 bilh\\u00f5es em sa\\u00fade, educa\\u00e7\\u00e3o e seguran\\u00e7a\"},\"previousItem\":{\"@type\":\"ListItem\",\"@id\":\"https:\\\/\\\/www.jornalja.com.br\\\/arquivo#listItem\",\"name\":\"Home\"}},{\"@type\":\"ListItem\",\"@id\":\"https:\\\/\\\/www.jornalja.com.br\\\/arquivo\\\/governo-do-parana-investe-r-20-bilhoes-em-saude-educacao-e-seguranca\\\/#listItem\",\"position\":3,\"name\":\"Governo do Paran\\u00e1 investe R$ 20 bilh\\u00f5es em sa\\u00fade, educa\\u00e7\\u00e3o e seguran\\u00e7a\",\"previousItem\":{\"@type\":\"ListItem\",\"@id\":\"https:\\\/\\\/www.jornalja.com.br\\\/arquivo\\\/category\\\/geral\\\/#listItem\",\"name\":\"Geral\"}}]},{\"@type\":\"Organization\",\"@id\":\"https:\\\/\\\/www.jornalja.com.br\\\/arquivo\\\/#organization\",\"name\":\"Jornal J\\u00c1\",\"description\":\"Jornal J\\u00c1 | Porto Alegre\",\"url\":\"https:\\\/\\\/www.jornalja.com.br\\\/arquivo\\\/\",\"telephone\":\"+555133307272\",\"logo\":{\"@type\":\"ImageObject\",\"url\":\"https:\\\/\\\/www.jornalja.com.br\\\/wp-content\\\/uploads\\\/cards\\\/JAslogan.png\",\"@id\":\"https:\\\/\\\/www.jornalja.com.br\\\/arquivo\\\/governo-do-parana-investe-r-20-bilhoes-em-saude-educacao-e-seguranca\\\/#organizationLogo\"},\"image\":{\"@id\":\"https:\\\/\\\/www.jornalja.com.br\\\/arquivo\\\/governo-do-parana-investe-r-20-bilhoes-em-saude-educacao-e-seguranca\\\/#organizationLogo\"}},{\"@type\":\"Person\",\"@id\":\"https:\\\/\\\/www.jornalja.com.br\\\/arquivo\\\/author\\\/daredacao\\\/#author\",\"url\":\"https:\\\/\\\/www.jornalja.com.br\\\/arquivo\\\/author\\\/daredacao\\\/\",\"name\":\"da Reda\\u00e7\\u00e3o\",\"image\":{\"@type\":\"ImageObject\",\"@id\":\"https:\\\/\\\/www.jornalja.com.br\\\/arquivo\\\/governo-do-parana-investe-r-20-bilhoes-em-saude-educacao-e-seguranca\\\/#authorImage\",\"url\":\"https:\\\/\\\/secure.gravatar.com\\\/avatar\\\/469fd857d6605ad19919d27ed29d35a968a25f6e8fd9318356bbb7f57aae9c65?s=96&d=mm&r=g\",\"width\":96,\"height\":96,\"caption\":\"da Reda\\u00e7\\u00e3o\"}},{\"@type\":\"WebPage\",\"@id\":\"https:\\\/\\\/www.jornalja.com.br\\\/arquivo\\\/governo-do-parana-investe-r-20-bilhoes-em-saude-educacao-e-seguranca\\\/#webpage\",\"url\":\"https:\\\/\\\/www.jornalja.com.br\\\/arquivo\\\/governo-do-parana-investe-r-20-bilhoes-em-saude-educacao-e-seguranca\\\/\",\"name\":\"Governo do Paran\\u00e1 investe R$ 20 bilh\\u00f5es em sa\\u00fade, educa\\u00e7\\u00e3o e seguran\\u00e7a | Arquivo\",\"inLanguage\":\"pt-BR\",\"isPartOf\":{\"@id\":\"https:\\\/\\\/www.jornalja.com.br\\\/arquivo\\\/#website\"},\"breadcrumb\":{\"@id\":\"https:\\\/\\\/www.jornalja.com.br\\\/arquivo\\\/governo-do-parana-investe-r-20-bilhoes-em-saude-educacao-e-seguranca\\\/#breadcrumblist\"},\"author\":{\"@id\":\"https:\\\/\\\/www.jornalja.com.br\\\/arquivo\\\/author\\\/daredacao\\\/#author\"},\"creator\":{\"@id\":\"https:\\\/\\\/www.jornalja.com.br\\\/arquivo\\\/author\\\/daredacao\\\/#author\"},\"image\":{\"@type\":\"ImageObject\",\"url\":59410,\"@id\":\"https:\\\/\\\/www.jornalja.com.br\\\/arquivo\\\/governo-do-parana-investe-r-20-bilhoes-em-saude-educacao-e-seguranca\\\/#mainImage\"},\"primaryImageOfPage\":{\"@id\":\"https:\\\/\\\/www.jornalja.com.br\\\/arquivo\\\/governo-do-parana-investe-r-20-bilhoes-em-saude-educacao-e-seguranca\\\/#mainImage\"},\"datePublished\":\"2018-01-31T16:15:48-02:00\",\"dateModified\":\"2018-01-31T16:15:48-02:00\"},{\"@type\":\"WebSite\",\"@id\":\"https:\\\/\\\/www.jornalja.com.br\\\/arquivo\\\/#website\",\"url\":\"https:\\\/\\\/www.jornalja.com.br\\\/arquivo\\\/\",\"name\":\"Arquivo\",\"description\":\"Jornal J\\u00c1 | Porto Alegre\",\"inLanguage\":\"pt-BR\",\"publisher\":{\"@id\":\"https:\\\/\\\/www.jornalja.com.br\\\/arquivo\\\/#organization\"}}]}\n\t\t<\/script>\n\t\t<!-- All in One SEO -->\n\n","aioseo_head_json":{"title":"Governo do Paran\u00e1 investe R$ 20 bilh\u00f5es em sa\u00fade, educa\u00e7\u00e3o e seguran\u00e7a | Arquivo","description":"","canonical_url":"https:\/\/www.jornalja.com.br\/arquivo\/governo-do-parana-investe-r-20-bilhoes-em-saude-educacao-e-seguranca\/","robots":"max-image-preview:large","keywords":"","webmasterTools":{"miscellaneous":""},"schema":{"@context":"https:\/\/schema.org","@graph":[{"@type":"BlogPosting","@id":"https:\/\/www.jornalja.com.br\/arquivo\/governo-do-parana-investe-r-20-bilhoes-em-saude-educacao-e-seguranca\/#blogposting","name":"Governo do Paran\u00e1 investe R$ 20 bilh\u00f5es em sa\u00fade, educa\u00e7\u00e3o e seguran\u00e7a | Arquivo","headline":"Governo do Paran\u00e1 investe R$ 20 bilh\u00f5es em sa\u00fade, educa\u00e7\u00e3o e seguran\u00e7a","author":{"@id":"https:\/\/www.jornalja.com.br\/arquivo\/author\/daredacao\/#author"},"publisher":{"@id":"https:\/\/www.jornalja.com.br\/arquivo\/#organization"},"image":{"@type":"ImageObject","url":59410},"datePublished":"2018-01-31T16:15:48-02:00","dateModified":"2018-01-31T16:15:48-02:00","inLanguage":"pt-BR","mainEntityOfPage":{"@id":"https:\/\/www.jornalja.com.br\/arquivo\/governo-do-parana-investe-r-20-bilhoes-em-saude-educacao-e-seguranca\/#webpage"},"isPartOf":{"@id":"https:\/\/www.jornalja.com.br\/arquivo\/governo-do-parana-investe-r-20-bilhoes-em-saude-educacao-e-seguranca\/#webpage"},"articleSection":"Geral"},{"@type":"BreadcrumbList","@id":"https:\/\/www.jornalja.com.br\/arquivo\/governo-do-parana-investe-r-20-bilhoes-em-saude-educacao-e-seguranca\/#breadcrumblist","itemListElement":[{"@type":"ListItem","@id":"https:\/\/www.jornalja.com.br\/arquivo#listItem","position":1,"name":"Home","item":"https:\/\/www.jornalja.com.br\/arquivo","nextItem":{"@type":"ListItem","@id":"https:\/\/www.jornalja.com.br\/arquivo\/category\/geral\/#listItem","name":"Geral"}},{"@type":"ListItem","@id":"https:\/\/www.jornalja.com.br\/arquivo\/category\/geral\/#listItem","position":2,"name":"Geral","item":"https:\/\/www.jornalja.com.br\/arquivo\/category\/geral\/","nextItem":{"@type":"ListItem","@id":"https:\/\/www.jornalja.com.br\/arquivo\/governo-do-parana-investe-r-20-bilhoes-em-saude-educacao-e-seguranca\/#listItem","name":"Governo do Paran\u00e1 investe R$ 20 bilh\u00f5es em sa\u00fade, educa\u00e7\u00e3o e seguran\u00e7a"},"previousItem":{"@type":"ListItem","@id":"https:\/\/www.jornalja.com.br\/arquivo#listItem","name":"Home"}},{"@type":"ListItem","@id":"https:\/\/www.jornalja.com.br\/arquivo\/governo-do-parana-investe-r-20-bilhoes-em-saude-educacao-e-seguranca\/#listItem","position":3,"name":"Governo do Paran\u00e1 investe R$ 20 bilh\u00f5es em sa\u00fade, educa\u00e7\u00e3o e seguran\u00e7a","previousItem":{"@type":"ListItem","@id":"https:\/\/www.jornalja.com.br\/arquivo\/category\/geral\/#listItem","name":"Geral"}}]},{"@type":"Organization","@id":"https:\/\/www.jornalja.com.br\/arquivo\/#organization","name":"Jornal J\u00c1","description":"Jornal J\u00c1 | Porto Alegre","url":"https:\/\/www.jornalja.com.br\/arquivo\/","telephone":"+555133307272","logo":{"@type":"ImageObject","url":"https:\/\/www.jornalja.com.br\/wp-content\/uploads\/cards\/JAslogan.png","@id":"https:\/\/www.jornalja.com.br\/arquivo\/governo-do-parana-investe-r-20-bilhoes-em-saude-educacao-e-seguranca\/#organizationLogo"},"image":{"@id":"https:\/\/www.jornalja.com.br\/arquivo\/governo-do-parana-investe-r-20-bilhoes-em-saude-educacao-e-seguranca\/#organizationLogo"}},{"@type":"Person","@id":"https:\/\/www.jornalja.com.br\/arquivo\/author\/daredacao\/#author","url":"https:\/\/www.jornalja.com.br\/arquivo\/author\/daredacao\/","name":"da Reda\u00e7\u00e3o","image":{"@type":"ImageObject","@id":"https:\/\/www.jornalja.com.br\/arquivo\/governo-do-parana-investe-r-20-bilhoes-em-saude-educacao-e-seguranca\/#authorImage","url":"https:\/\/secure.gravatar.com\/avatar\/469fd857d6605ad19919d27ed29d35a968a25f6e8fd9318356bbb7f57aae9c65?s=96&d=mm&r=g","width":96,"height":96,"caption":"da Reda\u00e7\u00e3o"}},{"@type":"WebPage","@id":"https:\/\/www.jornalja.com.br\/arquivo\/governo-do-parana-investe-r-20-bilhoes-em-saude-educacao-e-seguranca\/#webpage","url":"https:\/\/www.jornalja.com.br\/arquivo\/governo-do-parana-investe-r-20-bilhoes-em-saude-educacao-e-seguranca\/","name":"Governo do Paran\u00e1 investe R$ 20 bilh\u00f5es em sa\u00fade, educa\u00e7\u00e3o e seguran\u00e7a | Arquivo","inLanguage":"pt-BR","isPartOf":{"@id":"https:\/\/www.jornalja.com.br\/arquivo\/#website"},"breadcrumb":{"@id":"https:\/\/www.jornalja.com.br\/arquivo\/governo-do-parana-investe-r-20-bilhoes-em-saude-educacao-e-seguranca\/#breadcrumblist"},"author":{"@id":"https:\/\/www.jornalja.com.br\/arquivo\/author\/daredacao\/#author"},"creator":{"@id":"https:\/\/www.jornalja.com.br\/arquivo\/author\/daredacao\/#author"},"image":{"@type":"ImageObject","url":59410,"@id":"https:\/\/www.jornalja.com.br\/arquivo\/governo-do-parana-investe-r-20-bilhoes-em-saude-educacao-e-seguranca\/#mainImage"},"primaryImageOfPage":{"@id":"https:\/\/www.jornalja.com.br\/arquivo\/governo-do-parana-investe-r-20-bilhoes-em-saude-educacao-e-seguranca\/#mainImage"},"datePublished":"2018-01-31T16:15:48-02:00","dateModified":"2018-01-31T16:15:48-02:00"},{"@type":"WebSite","@id":"https:\/\/www.jornalja.com.br\/arquivo\/#website","url":"https:\/\/www.jornalja.com.br\/arquivo\/","name":"Arquivo","description":"Jornal J\u00c1 | Porto Alegre","inLanguage":"pt-BR","publisher":{"@id":"https:\/\/www.jornalja.com.br\/arquivo\/#organization"}}]},"og:locale":"pt_BR","og:site_name":"Arquivo | Jornal J\u00c1 | Porto Alegre","og:type":"article","og:title":"Governo do Paran\u00e1 investe R$ 20 bilh\u00f5es em sa\u00fade, educa\u00e7\u00e3o e seguran\u00e7a | Arquivo","og:url":"https:\/\/www.jornalja.com.br\/arquivo\/governo-do-parana-investe-r-20-bilhoes-em-saude-educacao-e-seguranca\/","og:image":"https:\/\/www.jornalja.com.br\/economics\/wp-content\/uploads\/sites\/11\/2026\/08\/ja-folhaderosto-facebook.jpg","og:image:secure_url":"https:\/\/www.jornalja.com.br\/economics\/wp-content\/uploads\/sites\/11\/2026\/08\/ja-folhaderosto-facebook.jpg","article:published_time":"2018-01-31T18:15:48+00:00","article:modified_time":"2018-01-31T18:15:48+00:00","twitter:card":"summary","twitter:title":"Governo do Paran\u00e1 investe R$ 20 bilh\u00f5es em sa\u00fade, educa\u00e7\u00e3o e seguran\u00e7a | Arquivo","twitter:image":"https:\/\/www.jornalja.com.br\/economics\/wp-content\/uploads\/sites\/11\/2026\/08\/ja-folhaderosto-facebook.jpg"},"aioseo_meta_data":{"post_id":"59407","title":null,"description":null,"keywords":null,"keyphrases":null,"primary_term":null,"canonical_url":null,"og_title":null,"og_description":null,"og_object_type":"default","og_image_type":"default","og_image_url":null,"og_image_width":null,"og_image_height":null,"og_image_custom_url":null,"og_image_custom_fields":null,"og_video":null,"og_custom_url":null,"og_article_section":null,"og_article_tags":null,"twitter_use_og":false,"twitter_card":"default","twitter_image_type":"default","twitter_image_url":null,"twitter_image_custom_url":null,"twitter_image_custom_fields":null,"twitter_title":null,"twitter_description":null,"schema":{"blockGraphs":[],"customGraphs":[],"default":{"data":{"Article":[],"Course":[],"Dataset":[],"FAQPage":[],"Movie":[],"Person":[],"Product":[],"ProductReview":[],"Car":[],"Recipe":[],"Service":[],"SoftwareApplication":[],"WebPage":[]},"graphName":"","isEnabled":true},"graphs":[],"defaultGraph":"","defaultPostTypeGraph":""},"schema_type":null,"schema_type_options":null,"pillar_content":false,"robots_default":true,"robots_noindex":false,"robots_noarchive":false,"robots_nosnippet":false,"robots_nofollow":false,"robots_noimageindex":false,"robots_noodp":false,"robots_notranslate":false,"robots_max_snippet":null,"robots_max_videopreview":null,"robots_max_imagepreview":"large","priority":null,"frequency":null,"location":null,"local_seo":null,"breadcrumb_settings":null,"limit_modified_date":false,"ai":null,"created":"2020-12-20 20:18:03","updated":"2025-07-20 03:14:13","seo_analyzer_scan_date":null,"focus_keyword":null,"additional_keywords":null,"truseo_locale":null},"jetpack_sharing_enabled":true,"jetpack-related-posts":[{"id":5440,"url":"https:\/\/www.jornalja.com.br\/arquivo\/casarao-da-venancio-destino-permanece-incerto\/","url_meta":{"origin":59407,"position":0},"title":"Estado ainda n\u00e3o sabe o que fazer com casar\u00e3o abandonado h\u00e1 20 anos","author":"Elmar Bones","date":"6 de julho de 2009","format":false,"excerpt":"O casar\u00e3o amarelo, numa esquina nobre de Porto Alegre (Ven\u00e2ncio Aires com Jo\u00e3o Pessoa), j\u00e1 abrigou uma escola. H\u00e1 duas d\u00e9cadas, pelo menos, est\u00e1 abandonado, porque seu propriet\u00e1rio, o governo do Estado do Rio Grande do Sul, n\u00e3o consegue achar um destino para ele. Planos n\u00e3o faltaram. O governador Ol\u00edvio\u2026","rel":"","context":"Em &quot;X.Categorias velhas&quot;","block_context":{"text":"X.Categorias velhas","link":"https:\/\/www.jornalja.com.br\/arquivo\/category\/x-categorias-velhas\/"},"img":{"alt_text":"geraldo1","src":"https:\/\/i0.wp.com\/www.jornalja.com.br\/wp-content\/uploads\/2009\/07\/geraldo1.jpg?resize=350%2C200&ssl=1","width":350,"height":200},"classes":[]},{"id":12960,"url":"https:\/\/www.jornalja.com.br\/arquivo\/populacao-culpa-empresas-pela-greve-dos-rodoviarios\/","url_meta":{"origin":59407,"position":1},"title":"Popula\u00e7\u00e3o culpa empresas pela greve","author":"Patr\u00edcia Marini","date":"14 de fevereiro de 2014","format":false,"excerpt":"Pesquisa divulgada na edi\u00e7\u00e3o do jornal Metro desta sexta-feira,14, comprova o velho ditado: \u00e9 poss\u00edvel enganar muitos por algum tempo, mas n\u00e3o \u00e9 poss\u00edvel enganar a todos o tempo inteiro. A principal revela\u00e7\u00e3o foi que 59,8% dos entrevistados apontaram as empresas como as principais respons\u00e1veis pela grave e 46% culparam\u2026","rel":"","context":"Em &quot;X.Categorias velhas&quot;","block_context":{"text":"X.Categorias velhas","link":"https:\/\/www.jornalja.com.br\/arquivo\/category\/x-categorias-velhas\/"},"img":{"alt_text":"","src":"","width":0,"height":0},"classes":[]},{"id":13124,"url":"https:\/\/www.jornalja.com.br\/arquivo\/sangue-latino-no-iecine\/","url_meta":{"origin":59407,"position":2},"title":"Sangue latino no IECINE","author":"da Reda\u00e7\u00e3o","date":"18 de maio de 2014","format":false,"excerpt":"Francisco Ribeiro O Instituto Estadual de Cinema (IECINE) tem a frente, desde abril \u00faltimo, um novo diretor, o cineasta colombiano Juan Zapata, 36, que substitui Luiz Alberto Cassol. Radicado h\u00e1 dez anos em Porto Alegre, Zapata tem diante de si o desafio de conduzir at\u00e9 o final do ano um\u2026","rel":"","context":"Em &quot;Cultura-Geral&quot;","block_context":{"text":"Cultura-Geral","link":"https:\/\/www.jornalja.com.br\/arquivo\/category\/materiasecundaria\/"},"img":{"alt_text":"","src":"","width":0,"height":0},"classes":[]},{"id":13240,"url":"https:\/\/www.jornalja.com.br\/arquivo\/plano-diretor-estamos-construindo-o-caos\/","url_meta":{"origin":59407,"position":3},"title":"Plano diretor: &quot;Estamos construindo o caos&quot;","author":"Patr\u00edcia Marini","date":"26 de maio de 2014","format":false,"excerpt":"Desabafo que arquiteta Eliana Castilhos, delegada da Regi\u00e3o de Planejamento 1, postou nas redes sociais \u00e9 um testemunho do ambiente que se criou no Conselho do Plano Diretor de Porto Alegre, onde a aprova\u00e7\u00e3o de grandes empreendimentos \u00e9 empurrada guela abaixo dos conselheiros. Ao CMDUA Como delegada da Regi\u00e3o de\u2026","rel":"","context":"Em &quot;Geral&quot;","block_context":{"text":"Geral","link":"https:\/\/www.jornalja.com.br\/arquivo\/category\/geral\/"},"img":{"alt_text":"","src":"","width":0,"height":0},"classes":[]},{"id":13101,"url":"https:\/\/www.jornalja.com.br\/arquivo\/morre-um-guerreiro-do-texto\/","url_meta":{"origin":59407,"position":4},"title":"Morre um guerreiro do texto","author":"Patr\u00edcia Marini","date":"14 de maio de 2014","format":false,"excerpt":"Por Ricardo Kotscho Reproduzido do blog do autor, 11\/5\/2014; t\u00edtulo original \u201cE l\u00e1 se foi o nosso Myltainho, guerreiro do texto\u201d. Mi\u00fado e franzino, meu amigo Myltainho era um valente e inconformado guerreiro na luta contra as injusti\u00e7as sociais, a hipocrisia, as maracutaias, o autoritarismo, a intoler\u00e2ncia, a viol\u00eancia, o\u2026","rel":"","context":"Em &quot;Geral&quot;","block_context":{"text":"Geral","link":"https:\/\/www.jornalja.com.br\/arquivo\/category\/geral\/"},"img":{"alt_text":"","src":"","width":0,"height":0},"classes":[]},{"id":13109,"url":"https:\/\/www.jornalja.com.br\/arquivo\/judiciario-reconhece-poluicao-eletromagnetica\/","url_meta":{"origin":59407,"position":5},"title":"Judici\u00e1rio reconhece polui\u00e7\u00e3o eletromagn\u00e9tica","author":"Patr\u00edcia Marini","date":"16 de maio de 2014","format":false,"excerpt":"A\u00e7\u00e3o de duas associa\u00e7\u00f5es de moradores foi acolhida pelo Tribunal de Justi\u00e7a de S\u00e3o Paulo que. em decis\u00e3o in\u00e9dita, determinou a redu\u00e7\u00e3o do campo eletromagn\u00e9tico gerado pelas linhas de transmiss\u00e3o de energia que cortam os bairros City Boa\u00e7ava e Alto de Pinheiros. \u00c9 a primeira vez que um tribunal do\u2026","rel":"","context":"Em &quot;X.Categorias velhas&quot;","block_context":{"text":"X.Categorias velhas","link":"https:\/\/www.jornalja.com.br\/arquivo\/category\/x-categorias-velhas\/"},"img":{"alt_text":"","src":"","width":0,"height":0},"classes":[]}],"jetpack_shortlink":"https:\/\/wp.me\/pbQjBd-fsb","jetpack_featured_media_url":"","_links":{"self":[{"href":"https:\/\/www.jornalja.com.br\/arquivo\/wp-json\/wp\/v2\/posts\/59407","targetHints":{"allow":["GET"]}}],"collection":[{"href":"https:\/\/www.jornalja.com.br\/arquivo\/wp-json\/wp\/v2\/posts"}],"about":[{"href":"https:\/\/www.jornalja.com.br\/arquivo\/wp-json\/wp\/v2\/types\/post"}],"author":[{"embeddable":true,"href":"https:\/\/www.jornalja.com.br\/arquivo\/wp-json\/wp\/v2\/users\/4"}],"replies":[{"embeddable":true,"href":"https:\/\/www.jornalja.com.br\/arquivo\/wp-json\/wp\/v2\/comments?post=59407"}],"version-history":[{"count":0,"href":"https:\/\/www.jornalja.com.br\/arquivo\/wp-json\/wp\/v2\/posts\/59407\/revisions"}],"wp:attachment":[{"href":"https:\/\/www.jornalja.com.br\/arquivo\/wp-json\/wp\/v2\/media?parent=59407"}],"wp:term":[{"taxonomy":"category","embeddable":true,"href":"https:\/\/www.jornalja.com.br\/arquivo\/wp-json\/wp\/v2\/categories?post=59407"},{"taxonomy":"post_tag","embeddable":true,"href":"https:\/\/www.jornalja.com.br\/arquivo\/wp-json\/wp\/v2\/tags?post=59407"}],"curies":[{"name":"wp","href":"https:\/\/api.w.org\/{rel}","templated":true}]}}