{"id":59440,"date":"2018-01-31T17:41:28","date_gmt":"2018-01-31T19:41:28","guid":{"rendered":"https:\/\/www.jornalja.com.br\/?p=59440"},"modified":"2018-01-31T17:41:28","modified_gmt":"2018-01-31T19:41:28","slug":"radar-meteorologico-fara-cobertura-de-40-municipios-em-sc","status":"publish","type":"post","link":"https:\/\/www.jornalja.com.br\/arquivo\/radar-meteorologico-fara-cobertura-de-40-municipios-em-sc\/","title":{"rendered":"Radar meteorol\u00f3gico far\u00e1 cobertura de 40 munic\u00edpios em SC"},"content":{"rendered":"<p>J\u00e1 est\u00e1 em Ararangu\u00e1, cidade catarinense na divisa com o Rio Grande do Sul, o radar meteorol\u00f3gico que vai monitorar as condi\u00e7\u00f5es clim\u00e1ticas na regi\u00e3o sul do Estado..<br \/>\nNesta ter\u00e7a, 30, t\u00e9cnicos da Defesa Civil SC transportaram o equipamento at\u00e9 a base, no Morro dos Conventos.<br \/>\nApesar de ter um peso aproximado de 4 toneladas, o transporte \u00e9 simples, j\u00e1 que o radar foi feito para ser deslocado. Uma viatura camioneta F-4000 auxiliou no transporte.<br \/>\nAp\u00f3s estacionar o aparelho no local e ajustes necess\u00e1rios nos equipamentos, o radar j\u00e1 cumpre sua fun\u00e7\u00e3o, o monitoramento de curt\u00edssimo prazo.<br \/>\nO alcance \u00e9 entre 100 e 150 km, ou seja, 41 munic\u00edpios abrangidos.<br \/>\nEm breve as imagens estar\u00e3o dispon\u00edveis para o p\u00fablico, assim como as imagens dos radares do Vale e do Oeste.<br \/>\nA data prevista de inaugura\u00e7\u00e3o \u00e9 22 de fevereiro deste ano. O investimento no Radar Sul (Ararangu\u00e1) \u00e9 de R$ 3,4 milh\u00f5es. Os recursos s\u00e3o do Pacto por Santa Catarina, financiados pelo Banco do Brasil.<br \/>\nO secret\u00e1rio executivo da Ag\u00eancia de Desenvolvimento Regional (ADR) de Ararangu\u00e1, Heriberto Afonso Schmidt, acompanhou a chegada do equipamento e a instala\u00e7\u00e3o em Ararangu\u00e1, junto ao Farol da Marinha. \u201cNo passado j\u00e1 sofremos muito com eventos clim\u00e1ticos, e agora nossa regi\u00e3o est\u00e1 bem servida no quesito preven\u00e7\u00e3o\u201d, disse Schmidt.<br \/>\n<strong>Dados t\u00e9cnicos<\/strong><br \/>\nO radar do Sul possui o modelo Banda X e foi fabricado pela empresa Norte Americana Enterprise Electronics Corporation (E.E.C).<br \/>\nO radar est\u00e1 numa carreta reboque de 2,63 m de largura e 5,64 m de comprimento. A altura da base at\u00e9 o topo da radome (equipamento que protege a antena) \u00e9 de 3,50 m.<br \/>\nEm casos extremos, ele poder\u00e1 ser deslocado para qualquer regi\u00e3o do Estado para auxiliar no gerenciamento do evento no local.<br \/>\nMunic\u00edpios pertencentes \u00e0 cobertura do radar m\u00f3vel: Urubici, Rio Fortuna, S\u00e3o Martinho, Imaru\u00ed, Laguna, Capivari de Baixo, Gravata, Armaz\u00e9m, Bra\u00e7o de Norte, Gr\u00e3o Par\u00e1, Orleans, Lauro Muller, Treviso, Urussanga, Pedras Grandes, Tubar\u00e3o, Jaguaruna, Treze de Maio, Cocal do Sul, Sider\u00f3polis, Nova Veneza, Crici\u00fama, Morro da Fuma\u00e7a, Sang\u00e3o, I\u00e7ara, Ararangu\u00e1, Maracaj\u00e1, Forquilhinha, Morro Grande, Meleiro, Timb\u00e9 do Sul, Turvo, Balne\u00e1rio Arroio do Silva, Ermo, Jacinto Machado, Sombrio, Santa Rosa do Sul, Balne\u00e1rio Gaivota, Praia Grande, S\u00e3o Jo\u00e3o do Sul e Passo de Torres.<br \/>\n<strong>100% de cobertura meteorol\u00f3gica em SC<\/strong><br \/>\nCom os radares do Vale (Lontras), Oeste (Chapec\u00f3), Santa Catarina passa a ter 100% de cobertura meteorol\u00f3gica. &#8220;As imagens produzidas pelos equipamentos d\u00e3o suporte aos meteorologistas preverem as condi\u00e7\u00f5es do tempo em curto prazo, e a Defesa Civil SC gerar os alertas&#8221;, explica o\u00a0gerente de monitoramento e alerta da Defesa Civil, Frederico Rudorff.<br \/>\n&#8220;Seremos o \u00fanico Estado do pa\u00eds com cobertura plena de radares meteorol\u00f3gicos. Isso \u00e9 um marco para n\u00f3s da secretaria porque possibilita mobilizar toda a estrutura de defesa civil preventivamente antes do desastre&#8221;, acrescenta o\u00a0secret\u00e1rio de Estado da Defesa Civil, Rodrigo Moratelli.<br \/>\n(Com informa\u00e7\u00f5es da Assessoria)<\/p>\n","protected":false},"excerpt":{"rendered":"<p>J\u00e1 est\u00e1 em Ararangu\u00e1, cidade catarinense na divisa com o Rio Grande do Sul, o radar meteorol\u00f3gico que vai monitorar as condi\u00e7\u00f5es clim\u00e1ticas na regi\u00e3o sul do Estado.. Nesta ter\u00e7a, 30, t\u00e9cnicos da Defesa Civil SC transportaram o equipamento at\u00e9 a base, no Morro dos Conventos. Apesar de ter um peso aproximado de 4 toneladas, [&hellip;]<\/p>\n","protected":false},"author":4,"featured_media":59442,"comment_status":"open","ping_status":"closed","sticky":false,"template":"","format":"standard","meta":{"_jetpack_newsletter_access":"","_jetpack_dont_email_post_to_subs":false,"_jetpack_newsletter_tier_id":0,"_jetpack_memberships_contains_paywalled_content":false,"_jetpack_feature_clip_id":0,"_jetpack_memberships_contains_paid_content":false,"footnotes":"","jetpack_post_was_ever_published":false},"categories":[26],"tags":[],"class_list":["post-59440","post","type-post","status-publish","format-standard","has-post-thumbnail","hentry","category-geral"],"aioseo_notices":[],"aioseo_head":"\n\t\t<!-- All in One SEO 5.0.1.1 - aioseo.com -->\n\t<meta name=\"robots\" content=\"max-image-preview:large\" \/>\n\t<meta name=\"author\" content=\"da Reda\u00e7\u00e3o\"\/>\n\t<link rel=\"canonical\" href=\"https:\/\/www.jornalja.com.br\/arquivo\/radar-meteorologico-fara-cobertura-de-40-municipios-em-sc\/\" \/>\n\t<meta name=\"generator\" content=\"All in One SEO (AIOSEO) 5.0.1.1\" \/>\n\t\t<meta property=\"og:locale\" content=\"pt_BR\" \/>\n\t\t<meta property=\"og:site_name\" content=\"Arquivo | Jornal J\u00c1 | Porto Alegre\" \/>\n\t\t<meta property=\"og:type\" content=\"article\" \/>\n\t\t<meta property=\"og:title\" content=\"Radar meteorol\u00f3gico far\u00e1 cobertura de 40 munic\u00edpios em SC | Arquivo\" \/>\n\t\t<meta property=\"og:url\" content=\"https:\/\/www.jornalja.com.br\/arquivo\/radar-meteorologico-fara-cobertura-de-40-municipios-em-sc\/\" \/>\n\t\t<meta property=\"og:image\" content=\"https:\/\/www.jornalja.com.br\/economics\/wp-content\/uploads\/sites\/11\/2026\/08\/ja-folhaderosto-facebook.jpg\" \/>\n\t\t<meta property=\"og:image:secure_url\" content=\"https:\/\/www.jornalja.com.br\/economics\/wp-content\/uploads\/sites\/11\/2026\/08\/ja-folhaderosto-facebook.jpg\" \/>\n\t\t<meta property=\"article:published_time\" content=\"2018-01-31T19:41:28+00:00\" \/>\n\t\t<meta property=\"article:modified_time\" content=\"2018-01-31T19:41:28+00:00\" \/>\n\t\t<meta name=\"twitter:card\" content=\"summary\" \/>\n\t\t<meta name=\"twitter:title\" content=\"Radar meteorol\u00f3gico far\u00e1 cobertura de 40 munic\u00edpios em SC | Arquivo\" \/>\n\t\t<meta name=\"twitter:image\" content=\"https:\/\/www.jornalja.com.br\/economics\/wp-content\/uploads\/sites\/11\/2026\/08\/ja-folhaderosto-facebook.jpg\" \/>\n\t\t<script type=\"application\/ld+json\" class=\"aioseo-schema\">\n\t\t\t{\"@context\":\"https:\\\/\\\/schema.org\",\"@graph\":[{\"@type\":\"BlogPosting\",\"@id\":\"https:\\\/\\\/www.jornalja.com.br\\\/arquivo\\\/radar-meteorologico-fara-cobertura-de-40-municipios-em-sc\\\/#blogposting\",\"name\":\"Radar meteorol\\u00f3gico far\\u00e1 cobertura de 40 munic\\u00edpios em SC | Arquivo\",\"headline\":\"Radar meteorol\\u00f3gico far\\u00e1 cobertura de 40 munic\\u00edpios em SC\",\"author\":{\"@id\":\"https:\\\/\\\/www.jornalja.com.br\\\/arquivo\\\/author\\\/daredacao\\\/#author\"},\"publisher\":{\"@id\":\"https:\\\/\\\/www.jornalja.com.br\\\/arquivo\\\/#organization\"},\"image\":{\"@type\":\"ImageObject\",\"url\":59442},\"datePublished\":\"2018-01-31T17:41:28-02:00\",\"dateModified\":\"2018-01-31T17:41:28-02:00\",\"inLanguage\":\"pt-BR\",\"mainEntityOfPage\":{\"@id\":\"https:\\\/\\\/www.jornalja.com.br\\\/arquivo\\\/radar-meteorologico-fara-cobertura-de-40-municipios-em-sc\\\/#webpage\"},\"isPartOf\":{\"@id\":\"https:\\\/\\\/www.jornalja.com.br\\\/arquivo\\\/radar-meteorologico-fara-cobertura-de-40-municipios-em-sc\\\/#webpage\"},\"articleSection\":\"Geral\"},{\"@type\":\"BreadcrumbList\",\"@id\":\"https:\\\/\\\/www.jornalja.com.br\\\/arquivo\\\/radar-meteorologico-fara-cobertura-de-40-municipios-em-sc\\\/#breadcrumblist\",\"itemListElement\":[{\"@type\":\"ListItem\",\"@id\":\"https:\\\/\\\/www.jornalja.com.br\\\/arquivo#listItem\",\"position\":1,\"name\":\"Home\",\"item\":\"https:\\\/\\\/www.jornalja.com.br\\\/arquivo\",\"nextItem\":{\"@type\":\"ListItem\",\"@id\":\"https:\\\/\\\/www.jornalja.com.br\\\/arquivo\\\/category\\\/geral\\\/#listItem\",\"name\":\"Geral\"}},{\"@type\":\"ListItem\",\"@id\":\"https:\\\/\\\/www.jornalja.com.br\\\/arquivo\\\/category\\\/geral\\\/#listItem\",\"position\":2,\"name\":\"Geral\",\"item\":\"https:\\\/\\\/www.jornalja.com.br\\\/arquivo\\\/category\\\/geral\\\/\",\"nextItem\":{\"@type\":\"ListItem\",\"@id\":\"https:\\\/\\\/www.jornalja.com.br\\\/arquivo\\\/radar-meteorologico-fara-cobertura-de-40-municipios-em-sc\\\/#listItem\",\"name\":\"Radar meteorol\\u00f3gico far\\u00e1 cobertura de 40 munic\\u00edpios em SC\"},\"previousItem\":{\"@type\":\"ListItem\",\"@id\":\"https:\\\/\\\/www.jornalja.com.br\\\/arquivo#listItem\",\"name\":\"Home\"}},{\"@type\":\"ListItem\",\"@id\":\"https:\\\/\\\/www.jornalja.com.br\\\/arquivo\\\/radar-meteorologico-fara-cobertura-de-40-municipios-em-sc\\\/#listItem\",\"position\":3,\"name\":\"Radar meteorol\\u00f3gico far\\u00e1 cobertura de 40 munic\\u00edpios em SC\",\"previousItem\":{\"@type\":\"ListItem\",\"@id\":\"https:\\\/\\\/www.jornalja.com.br\\\/arquivo\\\/category\\\/geral\\\/#listItem\",\"name\":\"Geral\"}}]},{\"@type\":\"Organization\",\"@id\":\"https:\\\/\\\/www.jornalja.com.br\\\/arquivo\\\/#organization\",\"name\":\"Jornal J\\u00c1\",\"description\":\"Jornal J\\u00c1 | Porto Alegre\",\"url\":\"https:\\\/\\\/www.jornalja.com.br\\\/arquivo\\\/\",\"telephone\":\"+555133307272\",\"logo\":{\"@type\":\"ImageObject\",\"url\":\"https:\\\/\\\/www.jornalja.com.br\\\/wp-content\\\/uploads\\\/cards\\\/JAslogan.png\",\"@id\":\"https:\\\/\\\/www.jornalja.com.br\\\/arquivo\\\/radar-meteorologico-fara-cobertura-de-40-municipios-em-sc\\\/#organizationLogo\"},\"image\":{\"@id\":\"https:\\\/\\\/www.jornalja.com.br\\\/arquivo\\\/radar-meteorologico-fara-cobertura-de-40-municipios-em-sc\\\/#organizationLogo\"}},{\"@type\":\"Person\",\"@id\":\"https:\\\/\\\/www.jornalja.com.br\\\/arquivo\\\/author\\\/daredacao\\\/#author\",\"url\":\"https:\\\/\\\/www.jornalja.com.br\\\/arquivo\\\/author\\\/daredacao\\\/\",\"name\":\"da Reda\\u00e7\\u00e3o\",\"image\":{\"@type\":\"ImageObject\",\"@id\":\"https:\\\/\\\/www.jornalja.com.br\\\/arquivo\\\/radar-meteorologico-fara-cobertura-de-40-municipios-em-sc\\\/#authorImage\",\"url\":\"https:\\\/\\\/secure.gravatar.com\\\/avatar\\\/469fd857d6605ad19919d27ed29d35a968a25f6e8fd9318356bbb7f57aae9c65?s=96&d=mm&r=g\",\"width\":96,\"height\":96,\"caption\":\"da Reda\\u00e7\\u00e3o\"}},{\"@type\":\"WebPage\",\"@id\":\"https:\\\/\\\/www.jornalja.com.br\\\/arquivo\\\/radar-meteorologico-fara-cobertura-de-40-municipios-em-sc\\\/#webpage\",\"url\":\"https:\\\/\\\/www.jornalja.com.br\\\/arquivo\\\/radar-meteorologico-fara-cobertura-de-40-municipios-em-sc\\\/\",\"name\":\"Radar meteorol\\u00f3gico far\\u00e1 cobertura de 40 munic\\u00edpios em SC | Arquivo\",\"inLanguage\":\"pt-BR\",\"isPartOf\":{\"@id\":\"https:\\\/\\\/www.jornalja.com.br\\\/arquivo\\\/#website\"},\"breadcrumb\":{\"@id\":\"https:\\\/\\\/www.jornalja.com.br\\\/arquivo\\\/radar-meteorologico-fara-cobertura-de-40-municipios-em-sc\\\/#breadcrumblist\"},\"author\":{\"@id\":\"https:\\\/\\\/www.jornalja.com.br\\\/arquivo\\\/author\\\/daredacao\\\/#author\"},\"creator\":{\"@id\":\"https:\\\/\\\/www.jornalja.com.br\\\/arquivo\\\/author\\\/daredacao\\\/#author\"},\"image\":{\"@type\":\"ImageObject\",\"url\":59442,\"@id\":\"https:\\\/\\\/www.jornalja.com.br\\\/arquivo\\\/radar-meteorologico-fara-cobertura-de-40-municipios-em-sc\\\/#mainImage\"},\"primaryImageOfPage\":{\"@id\":\"https:\\\/\\\/www.jornalja.com.br\\\/arquivo\\\/radar-meteorologico-fara-cobertura-de-40-municipios-em-sc\\\/#mainImage\"},\"datePublished\":\"2018-01-31T17:41:28-02:00\",\"dateModified\":\"2018-01-31T17:41:28-02:00\"},{\"@type\":\"WebSite\",\"@id\":\"https:\\\/\\\/www.jornalja.com.br\\\/arquivo\\\/#website\",\"url\":\"https:\\\/\\\/www.jornalja.com.br\\\/arquivo\\\/\",\"name\":\"Arquivo\",\"description\":\"Jornal J\\u00c1 | Porto Alegre\",\"inLanguage\":\"pt-BR\",\"publisher\":{\"@id\":\"https:\\\/\\\/www.jornalja.com.br\\\/arquivo\\\/#organization\"}}]}\n\t\t<\/script>\n\t\t<!-- All in One SEO -->\n\n","aioseo_head_json":{"title":"Radar meteorol\u00f3gico far\u00e1 cobertura de 40 munic\u00edpios em SC | Arquivo","description":"","canonical_url":"https:\/\/www.jornalja.com.br\/arquivo\/radar-meteorologico-fara-cobertura-de-40-municipios-em-sc\/","robots":"max-image-preview:large","keywords":"","webmasterTools":{"miscellaneous":""},"schema":{"@context":"https:\/\/schema.org","@graph":[{"@type":"BlogPosting","@id":"https:\/\/www.jornalja.com.br\/arquivo\/radar-meteorologico-fara-cobertura-de-40-municipios-em-sc\/#blogposting","name":"Radar meteorol\u00f3gico far\u00e1 cobertura de 40 munic\u00edpios em SC | Arquivo","headline":"Radar meteorol\u00f3gico far\u00e1 cobertura de 40 munic\u00edpios em SC","author":{"@id":"https:\/\/www.jornalja.com.br\/arquivo\/author\/daredacao\/#author"},"publisher":{"@id":"https:\/\/www.jornalja.com.br\/arquivo\/#organization"},"image":{"@type":"ImageObject","url":59442},"datePublished":"2018-01-31T17:41:28-02:00","dateModified":"2018-01-31T17:41:28-02:00","inLanguage":"pt-BR","mainEntityOfPage":{"@id":"https:\/\/www.jornalja.com.br\/arquivo\/radar-meteorologico-fara-cobertura-de-40-municipios-em-sc\/#webpage"},"isPartOf":{"@id":"https:\/\/www.jornalja.com.br\/arquivo\/radar-meteorologico-fara-cobertura-de-40-municipios-em-sc\/#webpage"},"articleSection":"Geral"},{"@type":"BreadcrumbList","@id":"https:\/\/www.jornalja.com.br\/arquivo\/radar-meteorologico-fara-cobertura-de-40-municipios-em-sc\/#breadcrumblist","itemListElement":[{"@type":"ListItem","@id":"https:\/\/www.jornalja.com.br\/arquivo#listItem","position":1,"name":"Home","item":"https:\/\/www.jornalja.com.br\/arquivo","nextItem":{"@type":"ListItem","@id":"https:\/\/www.jornalja.com.br\/arquivo\/category\/geral\/#listItem","name":"Geral"}},{"@type":"ListItem","@id":"https:\/\/www.jornalja.com.br\/arquivo\/category\/geral\/#listItem","position":2,"name":"Geral","item":"https:\/\/www.jornalja.com.br\/arquivo\/category\/geral\/","nextItem":{"@type":"ListItem","@id":"https:\/\/www.jornalja.com.br\/arquivo\/radar-meteorologico-fara-cobertura-de-40-municipios-em-sc\/#listItem","name":"Radar meteorol\u00f3gico far\u00e1 cobertura de 40 munic\u00edpios em SC"},"previousItem":{"@type":"ListItem","@id":"https:\/\/www.jornalja.com.br\/arquivo#listItem","name":"Home"}},{"@type":"ListItem","@id":"https:\/\/www.jornalja.com.br\/arquivo\/radar-meteorologico-fara-cobertura-de-40-municipios-em-sc\/#listItem","position":3,"name":"Radar meteorol\u00f3gico far\u00e1 cobertura de 40 munic\u00edpios em SC","previousItem":{"@type":"ListItem","@id":"https:\/\/www.jornalja.com.br\/arquivo\/category\/geral\/#listItem","name":"Geral"}}]},{"@type":"Organization","@id":"https:\/\/www.jornalja.com.br\/arquivo\/#organization","name":"Jornal J\u00c1","description":"Jornal J\u00c1 | Porto Alegre","url":"https:\/\/www.jornalja.com.br\/arquivo\/","telephone":"+555133307272","logo":{"@type":"ImageObject","url":"https:\/\/www.jornalja.com.br\/wp-content\/uploads\/cards\/JAslogan.png","@id":"https:\/\/www.jornalja.com.br\/arquivo\/radar-meteorologico-fara-cobertura-de-40-municipios-em-sc\/#organizationLogo"},"image":{"@id":"https:\/\/www.jornalja.com.br\/arquivo\/radar-meteorologico-fara-cobertura-de-40-municipios-em-sc\/#organizationLogo"}},{"@type":"Person","@id":"https:\/\/www.jornalja.com.br\/arquivo\/author\/daredacao\/#author","url":"https:\/\/www.jornalja.com.br\/arquivo\/author\/daredacao\/","name":"da Reda\u00e7\u00e3o","image":{"@type":"ImageObject","@id":"https:\/\/www.jornalja.com.br\/arquivo\/radar-meteorologico-fara-cobertura-de-40-municipios-em-sc\/#authorImage","url":"https:\/\/secure.gravatar.com\/avatar\/469fd857d6605ad19919d27ed29d35a968a25f6e8fd9318356bbb7f57aae9c65?s=96&d=mm&r=g","width":96,"height":96,"caption":"da Reda\u00e7\u00e3o"}},{"@type":"WebPage","@id":"https:\/\/www.jornalja.com.br\/arquivo\/radar-meteorologico-fara-cobertura-de-40-municipios-em-sc\/#webpage","url":"https:\/\/www.jornalja.com.br\/arquivo\/radar-meteorologico-fara-cobertura-de-40-municipios-em-sc\/","name":"Radar meteorol\u00f3gico far\u00e1 cobertura de 40 munic\u00edpios em SC | Arquivo","inLanguage":"pt-BR","isPartOf":{"@id":"https:\/\/www.jornalja.com.br\/arquivo\/#website"},"breadcrumb":{"@id":"https:\/\/www.jornalja.com.br\/arquivo\/radar-meteorologico-fara-cobertura-de-40-municipios-em-sc\/#breadcrumblist"},"author":{"@id":"https:\/\/www.jornalja.com.br\/arquivo\/author\/daredacao\/#author"},"creator":{"@id":"https:\/\/www.jornalja.com.br\/arquivo\/author\/daredacao\/#author"},"image":{"@type":"ImageObject","url":59442,"@id":"https:\/\/www.jornalja.com.br\/arquivo\/radar-meteorologico-fara-cobertura-de-40-municipios-em-sc\/#mainImage"},"primaryImageOfPage":{"@id":"https:\/\/www.jornalja.com.br\/arquivo\/radar-meteorologico-fara-cobertura-de-40-municipios-em-sc\/#mainImage"},"datePublished":"2018-01-31T17:41:28-02:00","dateModified":"2018-01-31T17:41:28-02:00"},{"@type":"WebSite","@id":"https:\/\/www.jornalja.com.br\/arquivo\/#website","url":"https:\/\/www.jornalja.com.br\/arquivo\/","name":"Arquivo","description":"Jornal J\u00c1 | Porto Alegre","inLanguage":"pt-BR","publisher":{"@id":"https:\/\/www.jornalja.com.br\/arquivo\/#organization"}}]},"og:locale":"pt_BR","og:site_name":"Arquivo | Jornal J\u00c1 | Porto Alegre","og:type":"article","og:title":"Radar meteorol\u00f3gico far\u00e1 cobertura de 40 munic\u00edpios em SC | Arquivo","og:url":"https:\/\/www.jornalja.com.br\/arquivo\/radar-meteorologico-fara-cobertura-de-40-municipios-em-sc\/","og:image":"https:\/\/www.jornalja.com.br\/economics\/wp-content\/uploads\/sites\/11\/2026\/08\/ja-folhaderosto-facebook.jpg","og:image:secure_url":"https:\/\/www.jornalja.com.br\/economics\/wp-content\/uploads\/sites\/11\/2026\/08\/ja-folhaderosto-facebook.jpg","article:published_time":"2018-01-31T19:41:28+00:00","article:modified_time":"2018-01-31T19:41:28+00:00","twitter:card":"summary","twitter:title":"Radar meteorol\u00f3gico far\u00e1 cobertura de 40 munic\u00edpios em SC | Arquivo","twitter:image":"https:\/\/www.jornalja.com.br\/economics\/wp-content\/uploads\/sites\/11\/2026\/08\/ja-folhaderosto-facebook.jpg"},"aioseo_meta_data":{"post_id":"59440","title":null,"description":null,"keywords":null,"keyphrases":null,"primary_term":null,"canonical_url":null,"og_title":null,"og_description":null,"og_object_type":"default","og_image_type":"default","og_image_url":null,"og_image_width":null,"og_image_height":null,"og_image_custom_url":null,"og_image_custom_fields":null,"og_video":null,"og_custom_url":null,"og_article_section":null,"og_article_tags":null,"twitter_use_og":false,"twitter_card":"default","twitter_image_type":"default","twitter_image_url":null,"twitter_image_custom_url":null,"twitter_image_custom_fields":null,"twitter_title":null,"twitter_description":null,"schema":{"blockGraphs":[],"customGraphs":[],"default":{"data":{"Article":[],"Course":[],"Dataset":[],"FAQPage":[],"Movie":[],"Person":[],"Product":[],"ProductReview":[],"Car":[],"Recipe":[],"Service":[],"SoftwareApplication":[],"WebPage":[]},"graphName":"","isEnabled":true},"graphs":[],"defaultGraph":"","defaultPostTypeGraph":""},"schema_type":null,"schema_type_options":null,"pillar_content":false,"robots_default":true,"robots_noindex":false,"robots_noarchive":false,"robots_nosnippet":false,"robots_nofollow":false,"robots_noimageindex":false,"robots_noodp":false,"robots_notranslate":false,"robots_max_snippet":null,"robots_max_videopreview":null,"robots_max_imagepreview":"large","priority":null,"frequency":null,"location":null,"local_seo":null,"breadcrumb_settings":null,"limit_modified_date":false,"ai":null,"created":"2020-12-20 20:18:03","updated":"2025-07-20 03:22:46","seo_analyzer_scan_date":null,"focus_keyword":null,"additional_keywords":null,"truseo_locale":null},"jetpack_sharing_enabled":true,"jetpack-related-posts":[{"id":14241,"url":"https:\/\/www.jornalja.com.br\/arquivo\/o-guaiba-nas-imagens-poeticas-de-achutti\/","url_meta":{"origin":59440,"position":0},"title":"O Gua\u00edba nas imagens po\u00e9ticas de Achutti","author":"da Reda\u00e7\u00e3o","date":"18 de junho de 2014","format":false,"excerpt":"Em \u201cO Gua\u00edba por Achutti\u201d \u2013 obra financiada via Minist\u00e9rio da Cultura, produ\u00e7\u00e3o executiva de Pedro Longhi, e Fl\u00e1vio Wild como designer \u2013, o fot\u00f3grafo revela a beleza e as mazelas de um espa\u00e7o aqu\u00e1tico de \u00e1guas sempre renovadas, cheio de hist\u00f3rias e lendas como as das cidades que foram\u2026","rel":"","context":"Em &quot;Cultura-Geral&quot;","block_context":{"text":"Cultura-Geral","link":"https:\/\/www.jornalja.com.br\/arquivo\/category\/materiasecundaria\/"},"img":{"alt_text":"","src":"","width":0,"height":0},"classes":[]},{"id":12960,"url":"https:\/\/www.jornalja.com.br\/arquivo\/populacao-culpa-empresas-pela-greve-dos-rodoviarios\/","url_meta":{"origin":59440,"position":1},"title":"Popula\u00e7\u00e3o culpa empresas pela greve","author":"Patr\u00edcia Marini","date":"14 de fevereiro de 2014","format":false,"excerpt":"Pesquisa divulgada na edi\u00e7\u00e3o do jornal Metro desta sexta-feira,14, comprova o velho ditado: \u00e9 poss\u00edvel enganar muitos por algum tempo, mas n\u00e3o \u00e9 poss\u00edvel enganar a todos o tempo inteiro. A principal revela\u00e7\u00e3o foi que 59,8% dos entrevistados apontaram as empresas como as principais respons\u00e1veis pela grave e 46% culparam\u2026","rel":"","context":"Em &quot;X.Categorias velhas&quot;","block_context":{"text":"X.Categorias velhas","link":"https:\/\/www.jornalja.com.br\/arquivo\/category\/x-categorias-velhas\/"},"img":{"alt_text":"","src":"","width":0,"height":0},"classes":[]},{"id":13239,"url":"https:\/\/www.jornalja.com.br\/arquivo\/conselho-desdenha-do-plano-diretor\/","url_meta":{"origin":59440,"position":2},"title":"Porto Alegre: Conselho detona Plano Diretor","author":"Patr\u00edcia Marini","date":"25 de maio de 2014","format":false,"excerpt":"Den\u00fancia do arquiteto e \u00a0urbanista Ibir\u00e1 Santos Lucas. Ele diz que os conselheiros est\u00e3o votando com \"enorme irresponsabilidade\". \"Mudam regime com a maior naturalidade,,,regularizam absurdos de constru\u00e7\u00f5es irregulares... \"O CMDUA est\u00e1 flexibilizando a lei do plano diretor, de uma forma impactante na vida da cidade. Mudam regime com a maior\u2026","rel":"","context":"Em &quot;Geral&quot;","block_context":{"text":"Geral","link":"https:\/\/www.jornalja.com.br\/arquivo\/category\/geral\/"},"img":{"alt_text":"","src":"","width":0,"height":0},"classes":[]},{"id":5440,"url":"https:\/\/www.jornalja.com.br\/arquivo\/casarao-da-venancio-destino-permanece-incerto\/","url_meta":{"origin":59440,"position":3},"title":"Estado ainda n\u00e3o sabe o que fazer com casar\u00e3o abandonado h\u00e1 20 anos","author":"Elmar Bones","date":"6 de julho de 2009","format":false,"excerpt":"O casar\u00e3o amarelo, numa esquina nobre de Porto Alegre (Ven\u00e2ncio Aires com Jo\u00e3o Pessoa), j\u00e1 abrigou uma escola. H\u00e1 duas d\u00e9cadas, pelo menos, est\u00e1 abandonado, porque seu propriet\u00e1rio, o governo do Estado do Rio Grande do Sul, n\u00e3o consegue achar um destino para ele. Planos n\u00e3o faltaram. O governador Ol\u00edvio\u2026","rel":"","context":"Em &quot;X.Categorias velhas&quot;","block_context":{"text":"X.Categorias velhas","link":"https:\/\/www.jornalja.com.br\/arquivo\/category\/x-categorias-velhas\/"},"img":{"alt_text":"geraldo1","src":"https:\/\/i0.wp.com\/www.jornalja.com.br\/wp-content\/uploads\/2009\/07\/geraldo1.jpg?resize=350%2C200&ssl=1","width":350,"height":200},"classes":[]},{"id":13124,"url":"https:\/\/www.jornalja.com.br\/arquivo\/sangue-latino-no-iecine\/","url_meta":{"origin":59440,"position":4},"title":"Sangue latino no IECINE","author":"da Reda\u00e7\u00e3o","date":"18 de maio de 2014","format":false,"excerpt":"Francisco Ribeiro O Instituto Estadual de Cinema (IECINE) tem a frente, desde abril \u00faltimo, um novo diretor, o cineasta colombiano Juan Zapata, 36, que substitui Luiz Alberto Cassol. Radicado h\u00e1 dez anos em Porto Alegre, Zapata tem diante de si o desafio de conduzir at\u00e9 o final do ano um\u2026","rel":"","context":"Em &quot;Cultura-Geral&quot;","block_context":{"text":"Cultura-Geral","link":"https:\/\/www.jornalja.com.br\/arquivo\/category\/materiasecundaria\/"},"img":{"alt_text":"","src":"","width":0,"height":0},"classes":[]},{"id":13128,"url":"https:\/\/www.jornalja.com.br\/arquivo\/maconha-terra-diz-que-uso-medicinal-e-desculpa\/","url_meta":{"origin":59440,"position":5},"title":"Maconha: Terra diz que uso medicinal \u00e9 desculpa","author":"Patr\u00edcia Marini","date":"4 de junho de 2014","format":false,"excerpt":"A condi\u00e7\u00e3o de pol\u00edtico, em \u00e9poca de campanha de campanha eleitoral, tira for\u00e7a do discurso do m\u00e9dico Osmar Terra contra a legaliza\u00e7\u00e3o da maconha. A tese dele de que a libera\u00e7\u00e3o vai ampliar exponencialmente o consumo \u00e9 discutivel, o consumo \u00e9 corrente. Mas seus alertas quanto aos riscos tem que\u2026","rel":"","context":"Em &quot;X.Categorias velhas&quot;","block_context":{"text":"X.Categorias velhas","link":"https:\/\/www.jornalja.com.br\/arquivo\/category\/x-categorias-velhas\/"},"img":{"alt_text":"","src":"","width":0,"height":0},"classes":[]}],"jetpack_shortlink":"https:\/\/wp.me\/pbQjBd-fsI","jetpack_featured_media_url":"","_links":{"self":[{"href":"https:\/\/www.jornalja.com.br\/arquivo\/wp-json\/wp\/v2\/posts\/59440","targetHints":{"allow":["GET"]}}],"collection":[{"href":"https:\/\/www.jornalja.com.br\/arquivo\/wp-json\/wp\/v2\/posts"}],"about":[{"href":"https:\/\/www.jornalja.com.br\/arquivo\/wp-json\/wp\/v2\/types\/post"}],"author":[{"embeddable":true,"href":"https:\/\/www.jornalja.com.br\/arquivo\/wp-json\/wp\/v2\/users\/4"}],"replies":[{"embeddable":true,"href":"https:\/\/www.jornalja.com.br\/arquivo\/wp-json\/wp\/v2\/comments?post=59440"}],"version-history":[{"count":0,"href":"https:\/\/www.jornalja.com.br\/arquivo\/wp-json\/wp\/v2\/posts\/59440\/revisions"}],"wp:attachment":[{"href":"https:\/\/www.jornalja.com.br\/arquivo\/wp-json\/wp\/v2\/media?parent=59440"}],"wp:term":[{"taxonomy":"category","embeddable":true,"href":"https:\/\/www.jornalja.com.br\/arquivo\/wp-json\/wp\/v2\/categories?post=59440"},{"taxonomy":"post_tag","embeddable":true,"href":"https:\/\/www.jornalja.com.br\/arquivo\/wp-json\/wp\/v2\/tags?post=59440"}],"curies":[{"name":"wp","href":"https:\/\/api.w.org\/{rel}","templated":true}]}}