{"id":59448,"date":"2018-01-31T19:43:25","date_gmt":"2018-01-31T21:43:25","guid":{"rendered":"https:\/\/www.jornalja.com.br\/?p=59448"},"modified":"2018-01-31T19:43:25","modified_gmt":"2018-01-31T21:43:25","slug":"apos-tres-dias-de-convocacao-extraordinaria-sartori-e-derrotado-na-assembleia","status":"publish","type":"post","link":"https:\/\/www.jornalja.com.br\/arquivo\/apos-tres-dias-de-convocacao-extraordinaria-sartori-e-derrotado-na-assembleia\/","title":{"rendered":"Ap\u00f3s tr\u00eas dias de convoca\u00e7\u00e3o extraordin\u00e1ria, Sartori \u00e9 derrotado na Assembleia"},"content":{"rendered":"<p>A terceira e \u00faltima sess\u00e3o extraordin\u00e1ria realizada durante o recesso parlamentar, na tarde desta quarta-feira (31), terminou sem que fossem sequer votadas as quatro proposi\u00e7\u00f5es do Executivo, marcando um fracasso pol\u00edtico para o governador Jos\u00e9 Ivo Sartori.<br \/>\nAs quatro horas de dura\u00e7\u00e3o da sess\u00e3o foram utilizadas pelos parlamentares para comunica\u00e7\u00f5es de lideran\u00e7as e para o debate sobre a invers\u00e3o da ordem de vota\u00e7\u00f5es. Nas galerias, houve vaias e protestos. Servidores contr\u00e1rios a privatiza\u00e7\u00f5es tamb\u00e9m fizeram protestos em frente da assembleia, e no final da sess\u00e3o, at\u00e9 alguns fogos foram ouvidos em comemora\u00e7\u00e3o a derrota do governo.<br \/>\nAinda no come\u00e7o da sess\u00e3o, o presidente concluiu a consulta aos l\u00edderes sobre a invers\u00e3o da pauta, para que a ades\u00e3o ao Regime de Recupera\u00e7\u00e3o Fiscal da Uni\u00e3o fosse apreciado antes das tr\u00eas propostas de mudan\u00e7as na Constitui\u00e7\u00e3o Estadual para que a CEEE, CRM e Sulg\u00e1s possam ser federalizadas ou privatizadas sem a necessidade de um plebiscito. N\u00e3o houve acordo para essa invers\u00e3o, j\u00e1 que a manifesta\u00e7\u00e3o dos l\u00edderes favor\u00e1veis representou 30 parlamentares (s\u00e3o necess\u00e1rios, no m\u00ednimo, 37 parlamentares).<br \/>\nCom a decis\u00e3o, o l\u00edder do governo, deputado Gabriel Souza (PMDB), apresentou requerimento para que a invers\u00e3o da pauta fosse apreciada pelo plen\u00e1rio. Mas a mat\u00e9ria n\u00e3o chegou a ser votada, j\u00e1 que o tempo regimental da sess\u00e3o se esgotou.<br \/>\nDurante o encaminhamento da mat\u00e9ria, Gabriel voltou a criticar o presidente da Casa, deputado Edegar Pretto (PT), por n\u00e3o ter seguido a ordem de vota\u00e7\u00f5es solicitada na convoca\u00e7\u00e3o extraordin\u00e1ria do governador Jos\u00e9 Ivo Sartori, mesmo ap\u00f3s o requerimento ter sido aprovado pelo plen\u00e1rio, na sess\u00e3o de ontem (30), por 30 votos a 19. &#8220;Esta convoca\u00e7\u00e3o extraordin\u00e1ria est\u00e1 virando convite porque a Assembleia est\u00e1 se negando a deliberar sobre o projeto mais importante desta legislatura&#8221;, avaliou.<br \/>\nO deputado Tarc\u00edsio Zimmermann (PT) criticou o pronunciamento do l\u00edder do governo na tribuna e afirmou que a oposi\u00e7\u00e3o jogou limpo e nunca negou que se utilizaria de recursos regimentais para evitar &#8220;o crime&#8221; de aprovar o Regime de Recupera\u00e7\u00e3o Fiscal. &#8220;N\u00f3s lutaremos at\u00e9 o fim e utilizaremos todos os recursos regimentais&#8221;, garantiu.<br \/>\n<span class=\"intertit\">Sartori cr\u00edtica deputados: &#8220;Quem vai responder por atrasos de sal\u00e1rios?&#8221;<\/span><br \/>\n<figure id=\"attachment_59450\" aria-describedby=\"caption-attachment-59450\" style=\"width: 1150px\" class=\"wp-caption alignnone\"><img loading=\"lazy\" decoding=\"async\" class=\"wp-image-59450 size-large\" src=\"https:\/\/www.jornalja.com.br\/wp-content\/uploads\/2018\/01\/1517434863_upload-20180131190518_g7a0907-1150x765.jpg\" alt=\"\" width=\"1150\" height=\"765\" \/><figcaption id=\"caption-attachment-59450\" class=\"wp-caption-text\">Para Sartori: &#8220;Manobras de pequeneza infeliz estiveram acima do interesse do RS&#8221; \/ Dani Barcellos \/ Pal\u00e1cio Piratini<\/figcaption><\/figure><br \/>\nAp\u00f3s o t\u00e9rmino dos tr\u00eas dias de convoca\u00e7\u00e3o extraordin\u00e1ria da Assembleia Legislativa sem que nenhuma das quatro propostas da Ordem do Dia fosse votadas, o governador Jos\u00e9 Ivo Sartori fez um pronunciamento no Pal\u00e1cio Piratini no in\u00edcio da noite: &#8220;Passaram tr\u00eas dias e a presid\u00eancia da Assembleia, com o apoio dos deputados da oposi\u00e7\u00e3o, n\u00e3o votou nada. Absolutamente nada. N\u00e3o \u00e9 que foram contra ou a favor &#8211; muito pior: n\u00e3o deixaram votar. Um parlamento que n\u00e3o vota? Isso n\u00e3o \u00e9 poss\u00edvel&#8221;.<br \/>\nAcompanhado de secret\u00e1rios de Estado e deputados, Sartori frisou que as mat\u00e9rias propostas eram de alta relev\u00e2ncia para o futuro do Rio Grande do Sul. &#8220;N\u00e3o foi uma convoca\u00e7\u00e3o pessoal, minha, do Sartori, do meu partido. Foi o governador do Estado que convocou o Parlamento&#8221;. Sartori lamentou: &#8220;\u00c9 a primeira vez na hist\u00f3ria que isso acontece! Uma p\u00e1gina triste para a pol\u00edtica do Rio Grande do Sul e para o nosso Parlamento, que tanto nos honrou\u201d, lamentou.<br \/>\n\u201cQuem vai responder pelo atraso dos sal\u00e1rios? Pelo pagamento dos hospitais? Pelo pagamento aos munic\u00edpios? Se a liminar que suspende o pagamento da d\u00edvida do Estado com a Uni\u00e3o cair amanh\u00e3, esses setores pol\u00edticos v\u00e3o ser responsabilizados. Se o atraso dos sal\u00e1rios aumentar, esses setores pol\u00edticos v\u00e3o ser responsabilizados&#8221;, enfatizou.<br \/>\nPara o governo, a\u00a0ades\u00e3o ao RRF representa a suspens\u00e3o do pagamento das parcelas da d\u00edvida do Estado com a Uni\u00e3o pelo prazo de at\u00e9 36 meses, prorrog\u00e1vel por igual per\u00edodo. De acordo com proje\u00e7\u00e3o da Secretaria da Fazenda (Sefaz), seria um al\u00edvio financeiro de R$ 11,3 bilh\u00f5es at\u00e9 2020, al\u00e9m de permitir a contrata\u00e7\u00e3o de novos empr\u00e9stimos nacionais e internacionais, diz o governo.<\/p>\n<div class=\"fb-social-plugin fb-like fb_iframe_widget\" data-ref=\"below-post\" data-href=\"https:\/\/www.jornalja.com.br\/oposicao-tranca-pauta-e-votacao-de-recuperacao-fiscal-e-novamente-adiada\/\" data-layout=\"button_count\" data-share=\"true\" data-width=\"450\">\n<div class=\"article-paragraph\">\nAs PECs que acabam com o plebiscito para as privatiza\u00e7\u00f5es da CRM, Sulg\u00e1s e CEEE seguem em debate na AL, mas est\u00e3o paradas na Comiss\u00e3o de Constitui\u00e7\u00e3o e Justi\u00e7a e n\u00e3o h\u00e1 previs\u00e3o de quando voltaria a ser debatida.<br \/>\n<span style=\"font-weight: 300\">Para assinar o acordo de recupera\u00e7\u00e3o fiscal, que sequer foi votado na AL, o governo precisaria garantir contrapartidas, sem a venda das estatais, pode n\u00e3o ter ativos par oferecer e n\u00e3o ter como assinar o acordo. <\/span><br \/>\n&nbsp;\n<\/div>\n<\/div>\n<div class=\"fb-social-plugin fb-like fb_iframe_widget\" data-ref=\"below-post\" data-href=\"https:\/\/www.jornalja.com.br\/oposicao-tranca-pauta-e-votacao-de-recuperacao-fiscal-e-novamente-adiada\/\" data-layout=\"button_count\" data-share=\"true\" data-width=\"450\"><\/div>\n","protected":false},"excerpt":{"rendered":"<p>A terceira e \u00faltima sess\u00e3o extraordin\u00e1ria realizada durante o recesso parlamentar, na tarde desta quarta-feira (31), terminou sem que fossem sequer votadas as quatro proposi\u00e7\u00f5es do Executivo, marcando um fracasso pol\u00edtico para o governador Jos\u00e9 Ivo Sartori. As quatro horas de dura\u00e7\u00e3o da sess\u00e3o foram utilizadas pelos parlamentares para comunica\u00e7\u00f5es de lideran\u00e7as e para o [&hellip;]<\/p>\n","protected":false},"author":4,"featured_media":59449,"comment_status":"open","ping_status":"closed","sticky":false,"template":"","format":"standard","meta":{"_jetpack_newsletter_access":"","_jetpack_dont_email_post_to_subs":false,"_jetpack_newsletter_tier_id":0,"_jetpack_memberships_contains_paywalled_content":false,"_jetpack_feature_clip_id":0,"_jetpack_memberships_contains_paid_content":false,"footnotes":"","jetpack_post_was_ever_published":false},"categories":[26],"tags":[],"class_list":["post-59448","post","type-post","status-publish","format-standard","has-post-thumbnail","hentry","category-geral"],"aioseo_notices":[],"aioseo_head":"\n\t\t<!-- All in One SEO 5.0.1.1 - aioseo.com -->\n\t<meta name=\"robots\" content=\"max-image-preview:large\" \/>\n\t<meta name=\"author\" content=\"da Reda\u00e7\u00e3o\"\/>\n\t<link rel=\"canonical\" href=\"https:\/\/www.jornalja.com.br\/arquivo\/apos-tres-dias-de-convocacao-extraordinaria-sartori-e-derrotado-na-assembleia\/\" \/>\n\t<meta name=\"generator\" content=\"All in One SEO (AIOSEO) 5.0.1.1\" \/>\n\t\t<meta property=\"og:locale\" content=\"pt_BR\" \/>\n\t\t<meta property=\"og:site_name\" content=\"Arquivo | Jornal J\u00c1 | Porto Alegre\" \/>\n\t\t<meta property=\"og:type\" content=\"article\" \/>\n\t\t<meta property=\"og:title\" content=\"Ap\u00f3s tr\u00eas dias de convoca\u00e7\u00e3o extraordin\u00e1ria, Sartori \u00e9 derrotado na Assembleia | Arquivo\" \/>\n\t\t<meta property=\"og:url\" content=\"https:\/\/www.jornalja.com.br\/arquivo\/apos-tres-dias-de-convocacao-extraordinaria-sartori-e-derrotado-na-assembleia\/\" \/>\n\t\t<meta property=\"og:image\" content=\"https:\/\/www.jornalja.com.br\/wp-content\/uploads\/2018\/01\/1517434863_upload-20180131190518_g7a0907-1150x765.jpg\" \/>\n\t\t<meta property=\"og:image:secure_url\" content=\"https:\/\/www.jornalja.com.br\/wp-content\/uploads\/2018\/01\/1517434863_upload-20180131190518_g7a0907-1150x765.jpg\" \/>\n\t\t<meta property=\"article:published_time\" content=\"2018-01-31T21:43:25+00:00\" \/>\n\t\t<meta property=\"article:modified_time\" content=\"2018-01-31T21:43:25+00:00\" \/>\n\t\t<meta name=\"twitter:card\" content=\"summary\" \/>\n\t\t<meta name=\"twitter:title\" content=\"Ap\u00f3s tr\u00eas dias de convoca\u00e7\u00e3o extraordin\u00e1ria, Sartori \u00e9 derrotado na Assembleia | Arquivo\" \/>\n\t\t<meta name=\"twitter:image\" content=\"https:\/\/www.jornalja.com.br\/economics\/wp-content\/uploads\/sites\/11\/2026\/08\/ja-folhaderosto-facebook.jpg\" \/>\n\t\t<script type=\"application\/ld+json\" class=\"aioseo-schema\">\n\t\t\t{\"@context\":\"https:\\\/\\\/schema.org\",\"@graph\":[{\"@type\":\"BlogPosting\",\"@id\":\"https:\\\/\\\/www.jornalja.com.br\\\/arquivo\\\/apos-tres-dias-de-convocacao-extraordinaria-sartori-e-derrotado-na-assembleia\\\/#blogposting\",\"name\":\"Ap\\u00f3s tr\\u00eas dias de convoca\\u00e7\\u00e3o extraordin\\u00e1ria, Sartori \\u00e9 derrotado na Assembleia | Arquivo\",\"headline\":\"Ap\\u00f3s tr\\u00eas dias de convoca\\u00e7\\u00e3o extraordin\\u00e1ria, Sartori \\u00e9 derrotado na Assembleia\",\"author\":{\"@id\":\"https:\\\/\\\/www.jornalja.com.br\\\/arquivo\\\/author\\\/daredacao\\\/#author\"},\"publisher\":{\"@id\":\"https:\\\/\\\/www.jornalja.com.br\\\/arquivo\\\/#organization\"},\"image\":{\"@type\":\"ImageObject\",\"url\":59449},\"datePublished\":\"2018-01-31T19:43:25-02:00\",\"dateModified\":\"2018-01-31T19:43:25-02:00\",\"inLanguage\":\"pt-BR\",\"mainEntityOfPage\":{\"@id\":\"https:\\\/\\\/www.jornalja.com.br\\\/arquivo\\\/apos-tres-dias-de-convocacao-extraordinaria-sartori-e-derrotado-na-assembleia\\\/#webpage\"},\"isPartOf\":{\"@id\":\"https:\\\/\\\/www.jornalja.com.br\\\/arquivo\\\/apos-tres-dias-de-convocacao-extraordinaria-sartori-e-derrotado-na-assembleia\\\/#webpage\"},\"articleSection\":\"Geral\"},{\"@type\":\"BreadcrumbList\",\"@id\":\"https:\\\/\\\/www.jornalja.com.br\\\/arquivo\\\/apos-tres-dias-de-convocacao-extraordinaria-sartori-e-derrotado-na-assembleia\\\/#breadcrumblist\",\"itemListElement\":[{\"@type\":\"ListItem\",\"@id\":\"https:\\\/\\\/www.jornalja.com.br\\\/arquivo#listItem\",\"position\":1,\"name\":\"Home\",\"item\":\"https:\\\/\\\/www.jornalja.com.br\\\/arquivo\",\"nextItem\":{\"@type\":\"ListItem\",\"@id\":\"https:\\\/\\\/www.jornalja.com.br\\\/arquivo\\\/category\\\/geral\\\/#listItem\",\"name\":\"Geral\"}},{\"@type\":\"ListItem\",\"@id\":\"https:\\\/\\\/www.jornalja.com.br\\\/arquivo\\\/category\\\/geral\\\/#listItem\",\"position\":2,\"name\":\"Geral\",\"item\":\"https:\\\/\\\/www.jornalja.com.br\\\/arquivo\\\/category\\\/geral\\\/\",\"nextItem\":{\"@type\":\"ListItem\",\"@id\":\"https:\\\/\\\/www.jornalja.com.br\\\/arquivo\\\/apos-tres-dias-de-convocacao-extraordinaria-sartori-e-derrotado-na-assembleia\\\/#listItem\",\"name\":\"Ap\\u00f3s tr\\u00eas dias de convoca\\u00e7\\u00e3o extraordin\\u00e1ria, Sartori \\u00e9 derrotado na Assembleia\"},\"previousItem\":{\"@type\":\"ListItem\",\"@id\":\"https:\\\/\\\/www.jornalja.com.br\\\/arquivo#listItem\",\"name\":\"Home\"}},{\"@type\":\"ListItem\",\"@id\":\"https:\\\/\\\/www.jornalja.com.br\\\/arquivo\\\/apos-tres-dias-de-convocacao-extraordinaria-sartori-e-derrotado-na-assembleia\\\/#listItem\",\"position\":3,\"name\":\"Ap\\u00f3s tr\\u00eas dias de convoca\\u00e7\\u00e3o extraordin\\u00e1ria, Sartori \\u00e9 derrotado na Assembleia\",\"previousItem\":{\"@type\":\"ListItem\",\"@id\":\"https:\\\/\\\/www.jornalja.com.br\\\/arquivo\\\/category\\\/geral\\\/#listItem\",\"name\":\"Geral\"}}]},{\"@type\":\"Organization\",\"@id\":\"https:\\\/\\\/www.jornalja.com.br\\\/arquivo\\\/#organization\",\"name\":\"Jornal J\\u00c1\",\"description\":\"Jornal J\\u00c1 | Porto Alegre\",\"url\":\"https:\\\/\\\/www.jornalja.com.br\\\/arquivo\\\/\",\"telephone\":\"+555133307272\",\"logo\":{\"@type\":\"ImageObject\",\"url\":\"https:\\\/\\\/www.jornalja.com.br\\\/wp-content\\\/uploads\\\/cards\\\/JAslogan.png\",\"@id\":\"https:\\\/\\\/www.jornalja.com.br\\\/arquivo\\\/apos-tres-dias-de-convocacao-extraordinaria-sartori-e-derrotado-na-assembleia\\\/#organizationLogo\"},\"image\":{\"@id\":\"https:\\\/\\\/www.jornalja.com.br\\\/arquivo\\\/apos-tres-dias-de-convocacao-extraordinaria-sartori-e-derrotado-na-assembleia\\\/#organizationLogo\"}},{\"@type\":\"Person\",\"@id\":\"https:\\\/\\\/www.jornalja.com.br\\\/arquivo\\\/author\\\/daredacao\\\/#author\",\"url\":\"https:\\\/\\\/www.jornalja.com.br\\\/arquivo\\\/author\\\/daredacao\\\/\",\"name\":\"da Reda\\u00e7\\u00e3o\",\"image\":{\"@type\":\"ImageObject\",\"@id\":\"https:\\\/\\\/www.jornalja.com.br\\\/arquivo\\\/apos-tres-dias-de-convocacao-extraordinaria-sartori-e-derrotado-na-assembleia\\\/#authorImage\",\"url\":\"https:\\\/\\\/secure.gravatar.com\\\/avatar\\\/469fd857d6605ad19919d27ed29d35a968a25f6e8fd9318356bbb7f57aae9c65?s=96&d=mm&r=g\",\"width\":96,\"height\":96,\"caption\":\"da Reda\\u00e7\\u00e3o\"}},{\"@type\":\"WebPage\",\"@id\":\"https:\\\/\\\/www.jornalja.com.br\\\/arquivo\\\/apos-tres-dias-de-convocacao-extraordinaria-sartori-e-derrotado-na-assembleia\\\/#webpage\",\"url\":\"https:\\\/\\\/www.jornalja.com.br\\\/arquivo\\\/apos-tres-dias-de-convocacao-extraordinaria-sartori-e-derrotado-na-assembleia\\\/\",\"name\":\"Ap\\u00f3s tr\\u00eas dias de convoca\\u00e7\\u00e3o extraordin\\u00e1ria, Sartori \\u00e9 derrotado na Assembleia | Arquivo\",\"inLanguage\":\"pt-BR\",\"isPartOf\":{\"@id\":\"https:\\\/\\\/www.jornalja.com.br\\\/arquivo\\\/#website\"},\"breadcrumb\":{\"@id\":\"https:\\\/\\\/www.jornalja.com.br\\\/arquivo\\\/apos-tres-dias-de-convocacao-extraordinaria-sartori-e-derrotado-na-assembleia\\\/#breadcrumblist\"},\"author\":{\"@id\":\"https:\\\/\\\/www.jornalja.com.br\\\/arquivo\\\/author\\\/daredacao\\\/#author\"},\"creator\":{\"@id\":\"https:\\\/\\\/www.jornalja.com.br\\\/arquivo\\\/author\\\/daredacao\\\/#author\"},\"image\":{\"@type\":\"ImageObject\",\"url\":59449,\"@id\":\"https:\\\/\\\/www.jornalja.com.br\\\/arquivo\\\/apos-tres-dias-de-convocacao-extraordinaria-sartori-e-derrotado-na-assembleia\\\/#mainImage\"},\"primaryImageOfPage\":{\"@id\":\"https:\\\/\\\/www.jornalja.com.br\\\/arquivo\\\/apos-tres-dias-de-convocacao-extraordinaria-sartori-e-derrotado-na-assembleia\\\/#mainImage\"},\"datePublished\":\"2018-01-31T19:43:25-02:00\",\"dateModified\":\"2018-01-31T19:43:25-02:00\"},{\"@type\":\"WebSite\",\"@id\":\"https:\\\/\\\/www.jornalja.com.br\\\/arquivo\\\/#website\",\"url\":\"https:\\\/\\\/www.jornalja.com.br\\\/arquivo\\\/\",\"name\":\"Arquivo\",\"description\":\"Jornal J\\u00c1 | Porto Alegre\",\"inLanguage\":\"pt-BR\",\"publisher\":{\"@id\":\"https:\\\/\\\/www.jornalja.com.br\\\/arquivo\\\/#organization\"}}]}\n\t\t<\/script>\n\t\t<!-- All in One SEO -->\n\n","aioseo_head_json":{"title":"Ap\u00f3s tr\u00eas dias de convoca\u00e7\u00e3o extraordin\u00e1ria, Sartori \u00e9 derrotado na Assembleia | Arquivo","description":"","canonical_url":"https:\/\/www.jornalja.com.br\/arquivo\/apos-tres-dias-de-convocacao-extraordinaria-sartori-e-derrotado-na-assembleia\/","robots":"max-image-preview:large","keywords":"","webmasterTools":{"miscellaneous":""},"schema":{"@context":"https:\/\/schema.org","@graph":[{"@type":"BlogPosting","@id":"https:\/\/www.jornalja.com.br\/arquivo\/apos-tres-dias-de-convocacao-extraordinaria-sartori-e-derrotado-na-assembleia\/#blogposting","name":"Ap\u00f3s tr\u00eas dias de convoca\u00e7\u00e3o extraordin\u00e1ria, Sartori \u00e9 derrotado na Assembleia | Arquivo","headline":"Ap\u00f3s tr\u00eas dias de convoca\u00e7\u00e3o extraordin\u00e1ria, Sartori \u00e9 derrotado na Assembleia","author":{"@id":"https:\/\/www.jornalja.com.br\/arquivo\/author\/daredacao\/#author"},"publisher":{"@id":"https:\/\/www.jornalja.com.br\/arquivo\/#organization"},"image":{"@type":"ImageObject","url":59449},"datePublished":"2018-01-31T19:43:25-02:00","dateModified":"2018-01-31T19:43:25-02:00","inLanguage":"pt-BR","mainEntityOfPage":{"@id":"https:\/\/www.jornalja.com.br\/arquivo\/apos-tres-dias-de-convocacao-extraordinaria-sartori-e-derrotado-na-assembleia\/#webpage"},"isPartOf":{"@id":"https:\/\/www.jornalja.com.br\/arquivo\/apos-tres-dias-de-convocacao-extraordinaria-sartori-e-derrotado-na-assembleia\/#webpage"},"articleSection":"Geral"},{"@type":"BreadcrumbList","@id":"https:\/\/www.jornalja.com.br\/arquivo\/apos-tres-dias-de-convocacao-extraordinaria-sartori-e-derrotado-na-assembleia\/#breadcrumblist","itemListElement":[{"@type":"ListItem","@id":"https:\/\/www.jornalja.com.br\/arquivo#listItem","position":1,"name":"Home","item":"https:\/\/www.jornalja.com.br\/arquivo","nextItem":{"@type":"ListItem","@id":"https:\/\/www.jornalja.com.br\/arquivo\/category\/geral\/#listItem","name":"Geral"}},{"@type":"ListItem","@id":"https:\/\/www.jornalja.com.br\/arquivo\/category\/geral\/#listItem","position":2,"name":"Geral","item":"https:\/\/www.jornalja.com.br\/arquivo\/category\/geral\/","nextItem":{"@type":"ListItem","@id":"https:\/\/www.jornalja.com.br\/arquivo\/apos-tres-dias-de-convocacao-extraordinaria-sartori-e-derrotado-na-assembleia\/#listItem","name":"Ap\u00f3s tr\u00eas dias de convoca\u00e7\u00e3o extraordin\u00e1ria, Sartori \u00e9 derrotado na Assembleia"},"previousItem":{"@type":"ListItem","@id":"https:\/\/www.jornalja.com.br\/arquivo#listItem","name":"Home"}},{"@type":"ListItem","@id":"https:\/\/www.jornalja.com.br\/arquivo\/apos-tres-dias-de-convocacao-extraordinaria-sartori-e-derrotado-na-assembleia\/#listItem","position":3,"name":"Ap\u00f3s tr\u00eas dias de convoca\u00e7\u00e3o extraordin\u00e1ria, Sartori \u00e9 derrotado na Assembleia","previousItem":{"@type":"ListItem","@id":"https:\/\/www.jornalja.com.br\/arquivo\/category\/geral\/#listItem","name":"Geral"}}]},{"@type":"Organization","@id":"https:\/\/www.jornalja.com.br\/arquivo\/#organization","name":"Jornal J\u00c1","description":"Jornal J\u00c1 | Porto Alegre","url":"https:\/\/www.jornalja.com.br\/arquivo\/","telephone":"+555133307272","logo":{"@type":"ImageObject","url":"https:\/\/www.jornalja.com.br\/wp-content\/uploads\/cards\/JAslogan.png","@id":"https:\/\/www.jornalja.com.br\/arquivo\/apos-tres-dias-de-convocacao-extraordinaria-sartori-e-derrotado-na-assembleia\/#organizationLogo"},"image":{"@id":"https:\/\/www.jornalja.com.br\/arquivo\/apos-tres-dias-de-convocacao-extraordinaria-sartori-e-derrotado-na-assembleia\/#organizationLogo"}},{"@type":"Person","@id":"https:\/\/www.jornalja.com.br\/arquivo\/author\/daredacao\/#author","url":"https:\/\/www.jornalja.com.br\/arquivo\/author\/daredacao\/","name":"da Reda\u00e7\u00e3o","image":{"@type":"ImageObject","@id":"https:\/\/www.jornalja.com.br\/arquivo\/apos-tres-dias-de-convocacao-extraordinaria-sartori-e-derrotado-na-assembleia\/#authorImage","url":"https:\/\/secure.gravatar.com\/avatar\/469fd857d6605ad19919d27ed29d35a968a25f6e8fd9318356bbb7f57aae9c65?s=96&d=mm&r=g","width":96,"height":96,"caption":"da Reda\u00e7\u00e3o"}},{"@type":"WebPage","@id":"https:\/\/www.jornalja.com.br\/arquivo\/apos-tres-dias-de-convocacao-extraordinaria-sartori-e-derrotado-na-assembleia\/#webpage","url":"https:\/\/www.jornalja.com.br\/arquivo\/apos-tres-dias-de-convocacao-extraordinaria-sartori-e-derrotado-na-assembleia\/","name":"Ap\u00f3s tr\u00eas dias de convoca\u00e7\u00e3o extraordin\u00e1ria, Sartori \u00e9 derrotado na Assembleia | Arquivo","inLanguage":"pt-BR","isPartOf":{"@id":"https:\/\/www.jornalja.com.br\/arquivo\/#website"},"breadcrumb":{"@id":"https:\/\/www.jornalja.com.br\/arquivo\/apos-tres-dias-de-convocacao-extraordinaria-sartori-e-derrotado-na-assembleia\/#breadcrumblist"},"author":{"@id":"https:\/\/www.jornalja.com.br\/arquivo\/author\/daredacao\/#author"},"creator":{"@id":"https:\/\/www.jornalja.com.br\/arquivo\/author\/daredacao\/#author"},"image":{"@type":"ImageObject","url":59449,"@id":"https:\/\/www.jornalja.com.br\/arquivo\/apos-tres-dias-de-convocacao-extraordinaria-sartori-e-derrotado-na-assembleia\/#mainImage"},"primaryImageOfPage":{"@id":"https:\/\/www.jornalja.com.br\/arquivo\/apos-tres-dias-de-convocacao-extraordinaria-sartori-e-derrotado-na-assembleia\/#mainImage"},"datePublished":"2018-01-31T19:43:25-02:00","dateModified":"2018-01-31T19:43:25-02:00"},{"@type":"WebSite","@id":"https:\/\/www.jornalja.com.br\/arquivo\/#website","url":"https:\/\/www.jornalja.com.br\/arquivo\/","name":"Arquivo","description":"Jornal J\u00c1 | Porto Alegre","inLanguage":"pt-BR","publisher":{"@id":"https:\/\/www.jornalja.com.br\/arquivo\/#organization"}}]},"og:locale":"pt_BR","og:site_name":"Arquivo | Jornal J\u00c1 | Porto Alegre","og:type":"article","og:title":"Ap\u00f3s tr\u00eas dias de convoca\u00e7\u00e3o extraordin\u00e1ria, Sartori \u00e9 derrotado na Assembleia | Arquivo","og:url":"https:\/\/www.jornalja.com.br\/arquivo\/apos-tres-dias-de-convocacao-extraordinaria-sartori-e-derrotado-na-assembleia\/","og:image":"https:\/\/www.jornalja.com.br\/wp-content\/uploads\/2018\/01\/1517434863_upload-20180131190518_g7a0907-1150x765.jpg","og:image:secure_url":"https:\/\/www.jornalja.com.br\/wp-content\/uploads\/2018\/01\/1517434863_upload-20180131190518_g7a0907-1150x765.jpg","article:published_time":"2018-01-31T21:43:25+00:00","article:modified_time":"2018-01-31T21:43:25+00:00","twitter:card":"summary","twitter:title":"Ap\u00f3s tr\u00eas dias de convoca\u00e7\u00e3o extraordin\u00e1ria, Sartori \u00e9 derrotado na Assembleia | Arquivo","twitter:image":"https:\/\/www.jornalja.com.br\/economics\/wp-content\/uploads\/sites\/11\/2026\/08\/ja-folhaderosto-facebook.jpg"},"aioseo_meta_data":{"post_id":"59448","title":null,"description":null,"keywords":null,"keyphrases":null,"primary_term":null,"canonical_url":null,"og_title":null,"og_description":null,"og_object_type":"default","og_image_type":"default","og_image_url":null,"og_image_width":null,"og_image_height":null,"og_image_custom_url":null,"og_image_custom_fields":null,"og_video":null,"og_custom_url":null,"og_article_section":null,"og_article_tags":null,"twitter_use_og":false,"twitter_card":"default","twitter_image_type":"default","twitter_image_url":null,"twitter_image_custom_url":null,"twitter_image_custom_fields":null,"twitter_title":null,"twitter_description":null,"schema":{"blockGraphs":[],"customGraphs":[],"default":{"data":{"Article":[],"Course":[],"Dataset":[],"FAQPage":[],"Movie":[],"Person":[],"Product":[],"ProductReview":[],"Car":[],"Recipe":[],"Service":[],"SoftwareApplication":[],"WebPage":[]},"graphName":"","isEnabled":true},"graphs":[],"defaultGraph":"","defaultPostTypeGraph":""},"schema_type":null,"schema_type_options":null,"pillar_content":false,"robots_default":true,"robots_noindex":false,"robots_noarchive":false,"robots_nosnippet":false,"robots_nofollow":false,"robots_noimageindex":false,"robots_noodp":false,"robots_notranslate":false,"robots_max_snippet":null,"robots_max_videopreview":null,"robots_max_imagepreview":"large","priority":null,"frequency":null,"location":null,"local_seo":null,"breadcrumb_settings":null,"limit_modified_date":false,"ai":null,"created":"2020-12-20 20:18:03","updated":"2025-07-20 03:22:46","seo_analyzer_scan_date":null,"focus_keyword":null,"additional_keywords":null,"truseo_locale":null},"jetpack_sharing_enabled":true,"jetpack-related-posts":[{"id":13101,"url":"https:\/\/www.jornalja.com.br\/arquivo\/morre-um-guerreiro-do-texto\/","url_meta":{"origin":59448,"position":0},"title":"Morre um guerreiro do texto","author":"Patr\u00edcia Marini","date":"14 de maio de 2014","format":false,"excerpt":"Por Ricardo Kotscho Reproduzido do blog do autor, 11\/5\/2014; t\u00edtulo original \u201cE l\u00e1 se foi o nosso Myltainho, guerreiro do texto\u201d. Mi\u00fado e franzino, meu amigo Myltainho era um valente e inconformado guerreiro na luta contra as injusti\u00e7as sociais, a hipocrisia, as maracutaias, o autoritarismo, a intoler\u00e2ncia, a viol\u00eancia, o\u2026","rel":"","context":"Em &quot;Geral&quot;","block_context":{"text":"Geral","link":"https:\/\/www.jornalja.com.br\/arquivo\/category\/geral\/"},"img":{"alt_text":"","src":"","width":0,"height":0},"classes":[]},{"id":13124,"url":"https:\/\/www.jornalja.com.br\/arquivo\/sangue-latino-no-iecine\/","url_meta":{"origin":59448,"position":1},"title":"Sangue latino no IECINE","author":"da Reda\u00e7\u00e3o","date":"18 de maio de 2014","format":false,"excerpt":"Francisco Ribeiro O Instituto Estadual de Cinema (IECINE) tem a frente, desde abril \u00faltimo, um novo diretor, o cineasta colombiano Juan Zapata, 36, que substitui Luiz Alberto Cassol. Radicado h\u00e1 dez anos em Porto Alegre, Zapata tem diante de si o desafio de conduzir at\u00e9 o final do ano um\u2026","rel":"","context":"Em &quot;Cultura-Geral&quot;","block_context":{"text":"Cultura-Geral","link":"https:\/\/www.jornalja.com.br\/arquivo\/category\/materiasecundaria\/"},"img":{"alt_text":"","src":"","width":0,"height":0},"classes":[]},{"id":5440,"url":"https:\/\/www.jornalja.com.br\/arquivo\/casarao-da-venancio-destino-permanece-incerto\/","url_meta":{"origin":59448,"position":2},"title":"Estado ainda n\u00e3o sabe o que fazer com casar\u00e3o abandonado h\u00e1 20 anos","author":"Elmar Bones","date":"6 de julho de 2009","format":false,"excerpt":"O casar\u00e3o amarelo, numa esquina nobre de Porto Alegre (Ven\u00e2ncio Aires com Jo\u00e3o Pessoa), j\u00e1 abrigou uma escola. H\u00e1 duas d\u00e9cadas, pelo menos, est\u00e1 abandonado, porque seu propriet\u00e1rio, o governo do Estado do Rio Grande do Sul, n\u00e3o consegue achar um destino para ele. Planos n\u00e3o faltaram. O governador Ol\u00edvio\u2026","rel":"","context":"Em &quot;X.Categorias velhas&quot;","block_context":{"text":"X.Categorias velhas","link":"https:\/\/www.jornalja.com.br\/arquivo\/category\/x-categorias-velhas\/"},"img":{"alt_text":"geraldo1","src":"https:\/\/i0.wp.com\/www.jornalja.com.br\/wp-content\/uploads\/2009\/07\/geraldo1.jpg?resize=350%2C200&ssl=1","width":350,"height":200},"classes":[]},{"id":13239,"url":"https:\/\/www.jornalja.com.br\/arquivo\/conselho-desdenha-do-plano-diretor\/","url_meta":{"origin":59448,"position":3},"title":"Porto Alegre: Conselho detona Plano Diretor","author":"Patr\u00edcia Marini","date":"25 de maio de 2014","format":false,"excerpt":"Den\u00fancia do arquiteto e \u00a0urbanista Ibir\u00e1 Santos Lucas. Ele diz que os conselheiros est\u00e3o votando com \"enorme irresponsabilidade\". \"Mudam regime com a maior naturalidade,,,regularizam absurdos de constru\u00e7\u00f5es irregulares... \"O CMDUA est\u00e1 flexibilizando a lei do plano diretor, de uma forma impactante na vida da cidade. Mudam regime com a maior\u2026","rel":"","context":"Em &quot;Geral&quot;","block_context":{"text":"Geral","link":"https:\/\/www.jornalja.com.br\/arquivo\/category\/geral\/"},"img":{"alt_text":"","src":"","width":0,"height":0},"classes":[]},{"id":13109,"url":"https:\/\/www.jornalja.com.br\/arquivo\/judiciario-reconhece-poluicao-eletromagnetica\/","url_meta":{"origin":59448,"position":4},"title":"Judici\u00e1rio reconhece polui\u00e7\u00e3o eletromagn\u00e9tica","author":"Patr\u00edcia Marini","date":"16 de maio de 2014","format":false,"excerpt":"A\u00e7\u00e3o de duas associa\u00e7\u00f5es de moradores foi acolhida pelo Tribunal de Justi\u00e7a de S\u00e3o Paulo que. em decis\u00e3o in\u00e9dita, determinou a redu\u00e7\u00e3o do campo eletromagn\u00e9tico gerado pelas linhas de transmiss\u00e3o de energia que cortam os bairros City Boa\u00e7ava e Alto de Pinheiros. \u00c9 a primeira vez que um tribunal do\u2026","rel":"","context":"Em &quot;X.Categorias velhas&quot;","block_context":{"text":"X.Categorias velhas","link":"https:\/\/www.jornalja.com.br\/arquivo\/category\/x-categorias-velhas\/"},"img":{"alt_text":"","src":"","width":0,"height":0},"classes":[]},{"id":12960,"url":"https:\/\/www.jornalja.com.br\/arquivo\/populacao-culpa-empresas-pela-greve-dos-rodoviarios\/","url_meta":{"origin":59448,"position":5},"title":"Popula\u00e7\u00e3o culpa empresas pela greve","author":"Patr\u00edcia Marini","date":"14 de fevereiro de 2014","format":false,"excerpt":"Pesquisa divulgada na edi\u00e7\u00e3o do jornal Metro desta sexta-feira,14, comprova o velho ditado: \u00e9 poss\u00edvel enganar muitos por algum tempo, mas n\u00e3o \u00e9 poss\u00edvel enganar a todos o tempo inteiro. A principal revela\u00e7\u00e3o foi que 59,8% dos entrevistados apontaram as empresas como as principais respons\u00e1veis pela grave e 46% culparam\u2026","rel":"","context":"Em &quot;X.Categorias velhas&quot;","block_context":{"text":"X.Categorias velhas","link":"https:\/\/www.jornalja.com.br\/arquivo\/category\/x-categorias-velhas\/"},"img":{"alt_text":"","src":"","width":0,"height":0},"classes":[]}],"jetpack_shortlink":"https:\/\/wp.me\/pbQjBd-fsQ","jetpack_featured_media_url":"","_links":{"self":[{"href":"https:\/\/www.jornalja.com.br\/arquivo\/wp-json\/wp\/v2\/posts\/59448","targetHints":{"allow":["GET"]}}],"collection":[{"href":"https:\/\/www.jornalja.com.br\/arquivo\/wp-json\/wp\/v2\/posts"}],"about":[{"href":"https:\/\/www.jornalja.com.br\/arquivo\/wp-json\/wp\/v2\/types\/post"}],"author":[{"embeddable":true,"href":"https:\/\/www.jornalja.com.br\/arquivo\/wp-json\/wp\/v2\/users\/4"}],"replies":[{"embeddable":true,"href":"https:\/\/www.jornalja.com.br\/arquivo\/wp-json\/wp\/v2\/comments?post=59448"}],"version-history":[{"count":0,"href":"https:\/\/www.jornalja.com.br\/arquivo\/wp-json\/wp\/v2\/posts\/59448\/revisions"}],"wp:attachment":[{"href":"https:\/\/www.jornalja.com.br\/arquivo\/wp-json\/wp\/v2\/media?parent=59448"}],"wp:term":[{"taxonomy":"category","embeddable":true,"href":"https:\/\/www.jornalja.com.br\/arquivo\/wp-json\/wp\/v2\/categories?post=59448"},{"taxonomy":"post_tag","embeddable":true,"href":"https:\/\/www.jornalja.com.br\/arquivo\/wp-json\/wp\/v2\/tags?post=59448"}],"curies":[{"name":"wp","href":"https:\/\/api.w.org\/{rel}","templated":true}]}}