{"id":59455,"date":"2018-02-01T09:11:53","date_gmt":"2018-02-01T11:11:53","guid":{"rendered":"https:\/\/www.jornalja.com.br\/?p=59455"},"modified":"2018-02-01T09:11:53","modified_gmt":"2018-02-01T11:11:53","slug":"2017-registra-terceiro-ano-de-degradacao-no-mercado-de-trabalho-da-grande-porto-alegre","status":"publish","type":"post","link":"https:\/\/www.jornalja.com.br\/arquivo\/2017-registra-terceiro-ano-de-degradacao-no-mercado-de-trabalho-da-grande-porto-alegre\/","title":{"rendered":"2017 registra terceiro ano de degrada\u00e7\u00e3o no mercado de trabalho da grande Porto Alegre"},"content":{"rendered":"<p>Crescimento da taxa de desemprego, retra\u00e7\u00e3o do n\u00edvel ocupacional e diminui\u00e7\u00e3o de 59 mil pessoas ocupadas caracterizaram o mercado de trabalho na Regi\u00e3o Metropolitana de Porto Alegre, em 2017.<br \/>\nE o rendimento m\u00e9dio real dos ocupados e dos assalariados tamb\u00e9m manteve trajet\u00f3ria de redu\u00e7\u00e3o, como j\u00e1 havia sido verificado nos dois anos anteriores, 2016 e 2015.<br \/>\nEsses dados est\u00e3o no informe anual da Pesquisa de Emprego e Desemprego (PED-RMPA), que foi apresentado na quarta-feira, 31\/01, na Funda\u00e7\u00e3o de Economia e Estat\u00edstica (FEE).<br \/>\nOs dados da PED mostram que a taxa de participa\u00e7\u00e3o diminuiu de 53,1% em 2016 para 51,5% em 2017, o menor n\u00edvel de toda a s\u00e9rie hist\u00f3rica da Pesquisa. A taxa de desemprego total aumentou para 11,2% da PEA em 2017, frente aos 10,7% do ano anterior. O contingente de desempregados teve pequeno acr\u00e9scimo de 3 mil pessoas, sendo estimado em 205 mil indiv\u00edduos.<br \/>\nDe acordo com a pesquisadora da FEE, Iracema Castelo Branco, esse resultado deveu-se \u00e0 redu\u00e7\u00e3o do n\u00edvel ocupacional (menos 58 mil pessoas, ou -3,4%) ter sido superior \u00e0 sa\u00edda de pessoas do mercado de trabalho (menos 55 mil pessoas, ou -2,9%).<br \/>\nNo que diz respeito aos principais setores de atividade econ\u00f4mica, houve grande redu\u00e7\u00e3o no setor de servi\u00e7os (menos 73 mil, ou -7,7%). Os demais setores apresentaram acr\u00e9scimos em seus n\u00edveis ocupacionais: ind\u00fastria de transforma\u00e7\u00e3o (mais 4 mil, ou 1,5%), constru\u00e7\u00e3o (mais 2 mil, ou 1,7%) e com\u00e9rcio; repara\u00e7\u00e3o de ve\u00edculos automotores e motocicletas (mais 7 mil, ou 2,1%).<br \/>\nSegundo a posi\u00e7\u00e3o na ocupa\u00e7\u00e3o, a retra\u00e7\u00e3o do n\u00edvel ocupacional deveu-se \u00e0 diminui\u00e7\u00e3o do emprego assalariado (menos 58 mil, ou -4,9%), determinada pela redu\u00e7\u00e3o no setor privado (menos 30 mil, ou -3,0%) e no setor p\u00fablico (menos 28 mil, ou -14,5%).<br \/>\nO rendimento m\u00e9dio real do trabalho na RMPA, em 2017, apresentou queda para os ocupados (-3,7%) e para os assalariados (-1,1%). O rendimento m\u00e9dio real passou a corresponder a R$ 1.900, e o sal\u00e1rio m\u00e9dio real, a R$ 1.910, sendo estes os menores valores desde o in\u00edcio da s\u00e9rie, em 1993 (Tabela D).<br \/>\nEm 2017, houve redu\u00e7\u00e3o, pelo quarto ano consecutivo, da massa de rendimentos reais dos ocupados (-7,0%) e dos assalariados (-6,0%). Em ambos os casos, esse comportamento foi determinado tanto pela redu\u00e7\u00e3o dos rendimentos reais quanto do n\u00edvel de ocupa\u00e7\u00e3o.<\/p>\n","protected":false},"excerpt":{"rendered":"<p>Crescimento da taxa de desemprego, retra\u00e7\u00e3o do n\u00edvel ocupacional e diminui\u00e7\u00e3o de 59 mil pessoas ocupadas caracterizaram o mercado de trabalho na Regi\u00e3o Metropolitana de Porto Alegre, em 2017. E o rendimento m\u00e9dio real dos ocupados e dos assalariados tamb\u00e9m manteve trajet\u00f3ria de redu\u00e7\u00e3o, como j\u00e1 havia sido verificado nos dois anos anteriores, 2016 e [&hellip;]<\/p>\n","protected":false},"author":4,"featured_media":59458,"comment_status":"open","ping_status":"closed","sticky":false,"template":"","format":"standard","meta":{"_jetpack_newsletter_access":"","_jetpack_dont_email_post_to_subs":false,"_jetpack_newsletter_tier_id":0,"_jetpack_memberships_contains_paywalled_content":false,"_jetpack_feature_clip_id":0,"_jetpack_memberships_contains_paid_content":false,"footnotes":"","jetpack_post_was_ever_published":false},"categories":[26],"tags":[],"class_list":["post-59455","post","type-post","status-publish","format-standard","has-post-thumbnail","hentry","category-geral"],"aioseo_notices":[],"aioseo_head":"\n\t\t<!-- All in One SEO 5.0.1.1 - aioseo.com -->\n\t<meta name=\"robots\" content=\"max-image-preview:large\" \/>\n\t<meta name=\"author\" content=\"da Reda\u00e7\u00e3o\"\/>\n\t<link rel=\"canonical\" href=\"https:\/\/www.jornalja.com.br\/arquivo\/2017-registra-terceiro-ano-de-degradacao-no-mercado-de-trabalho-da-grande-porto-alegre\/\" \/>\n\t<meta name=\"generator\" content=\"All in One SEO (AIOSEO) 5.0.1.1\" \/>\n\t\t<meta property=\"og:locale\" content=\"pt_BR\" \/>\n\t\t<meta property=\"og:site_name\" content=\"Arquivo | Jornal J\u00c1 | Porto Alegre\" \/>\n\t\t<meta property=\"og:type\" content=\"article\" \/>\n\t\t<meta property=\"og:title\" content=\"2017 registra terceiro ano de degrada\u00e7\u00e3o no mercado de trabalho da grande Porto Alegre | Arquivo\" \/>\n\t\t<meta property=\"og:url\" content=\"https:\/\/www.jornalja.com.br\/arquivo\/2017-registra-terceiro-ano-de-degradacao-no-mercado-de-trabalho-da-grande-porto-alegre\/\" \/>\n\t\t<meta property=\"og:image\" content=\"https:\/\/www.jornalja.com.br\/economics\/wp-content\/uploads\/sites\/11\/2026\/08\/ja-folhaderosto-facebook.jpg\" \/>\n\t\t<meta property=\"og:image:secure_url\" content=\"https:\/\/www.jornalja.com.br\/economics\/wp-content\/uploads\/sites\/11\/2026\/08\/ja-folhaderosto-facebook.jpg\" \/>\n\t\t<meta property=\"article:published_time\" content=\"2018-02-01T11:11:53+00:00\" \/>\n\t\t<meta property=\"article:modified_time\" content=\"2018-02-01T11:11:53+00:00\" \/>\n\t\t<meta name=\"twitter:card\" content=\"summary\" \/>\n\t\t<meta name=\"twitter:title\" content=\"2017 registra terceiro ano de degrada\u00e7\u00e3o no mercado de trabalho da grande Porto Alegre | Arquivo\" \/>\n\t\t<meta name=\"twitter:image\" content=\"https:\/\/www.jornalja.com.br\/economics\/wp-content\/uploads\/sites\/11\/2026\/08\/ja-folhaderosto-facebook.jpg\" \/>\n\t\t<script type=\"application\/ld+json\" class=\"aioseo-schema\">\n\t\t\t{\"@context\":\"https:\\\/\\\/schema.org\",\"@graph\":[{\"@type\":\"BlogPosting\",\"@id\":\"https:\\\/\\\/www.jornalja.com.br\\\/arquivo\\\/2017-registra-terceiro-ano-de-degradacao-no-mercado-de-trabalho-da-grande-porto-alegre\\\/#blogposting\",\"name\":\"2017 registra terceiro ano de degrada\\u00e7\\u00e3o no mercado de trabalho da grande Porto Alegre | Arquivo\",\"headline\":\"2017 registra terceiro ano de degrada\\u00e7\\u00e3o no mercado de trabalho da grande Porto Alegre\",\"author\":{\"@id\":\"https:\\\/\\\/www.jornalja.com.br\\\/arquivo\\\/author\\\/daredacao\\\/#author\"},\"publisher\":{\"@id\":\"https:\\\/\\\/www.jornalja.com.br\\\/arquivo\\\/#organization\"},\"image\":{\"@type\":\"ImageObject\",\"url\":59458},\"datePublished\":\"2018-02-01T09:11:53-02:00\",\"dateModified\":\"2018-02-01T09:11:53-02:00\",\"inLanguage\":\"pt-BR\",\"mainEntityOfPage\":{\"@id\":\"https:\\\/\\\/www.jornalja.com.br\\\/arquivo\\\/2017-registra-terceiro-ano-de-degradacao-no-mercado-de-trabalho-da-grande-porto-alegre\\\/#webpage\"},\"isPartOf\":{\"@id\":\"https:\\\/\\\/www.jornalja.com.br\\\/arquivo\\\/2017-registra-terceiro-ano-de-degradacao-no-mercado-de-trabalho-da-grande-porto-alegre\\\/#webpage\"},\"articleSection\":\"Geral\"},{\"@type\":\"BreadcrumbList\",\"@id\":\"https:\\\/\\\/www.jornalja.com.br\\\/arquivo\\\/2017-registra-terceiro-ano-de-degradacao-no-mercado-de-trabalho-da-grande-porto-alegre\\\/#breadcrumblist\",\"itemListElement\":[{\"@type\":\"ListItem\",\"@id\":\"https:\\\/\\\/www.jornalja.com.br\\\/arquivo#listItem\",\"position\":1,\"name\":\"Home\",\"item\":\"https:\\\/\\\/www.jornalja.com.br\\\/arquivo\",\"nextItem\":{\"@type\":\"ListItem\",\"@id\":\"https:\\\/\\\/www.jornalja.com.br\\\/arquivo\\\/category\\\/geral\\\/#listItem\",\"name\":\"Geral\"}},{\"@type\":\"ListItem\",\"@id\":\"https:\\\/\\\/www.jornalja.com.br\\\/arquivo\\\/category\\\/geral\\\/#listItem\",\"position\":2,\"name\":\"Geral\",\"item\":\"https:\\\/\\\/www.jornalja.com.br\\\/arquivo\\\/category\\\/geral\\\/\",\"nextItem\":{\"@type\":\"ListItem\",\"@id\":\"https:\\\/\\\/www.jornalja.com.br\\\/arquivo\\\/2017-registra-terceiro-ano-de-degradacao-no-mercado-de-trabalho-da-grande-porto-alegre\\\/#listItem\",\"name\":\"2017 registra terceiro ano de degrada\\u00e7\\u00e3o no mercado de trabalho da grande Porto Alegre\"},\"previousItem\":{\"@type\":\"ListItem\",\"@id\":\"https:\\\/\\\/www.jornalja.com.br\\\/arquivo#listItem\",\"name\":\"Home\"}},{\"@type\":\"ListItem\",\"@id\":\"https:\\\/\\\/www.jornalja.com.br\\\/arquivo\\\/2017-registra-terceiro-ano-de-degradacao-no-mercado-de-trabalho-da-grande-porto-alegre\\\/#listItem\",\"position\":3,\"name\":\"2017 registra terceiro ano de degrada\\u00e7\\u00e3o no mercado de trabalho da grande Porto Alegre\",\"previousItem\":{\"@type\":\"ListItem\",\"@id\":\"https:\\\/\\\/www.jornalja.com.br\\\/arquivo\\\/category\\\/geral\\\/#listItem\",\"name\":\"Geral\"}}]},{\"@type\":\"Organization\",\"@id\":\"https:\\\/\\\/www.jornalja.com.br\\\/arquivo\\\/#organization\",\"name\":\"Jornal J\\u00c1\",\"description\":\"Jornal J\\u00c1 | Porto Alegre\",\"url\":\"https:\\\/\\\/www.jornalja.com.br\\\/arquivo\\\/\",\"telephone\":\"+555133307272\",\"logo\":{\"@type\":\"ImageObject\",\"url\":\"https:\\\/\\\/www.jornalja.com.br\\\/wp-content\\\/uploads\\\/cards\\\/JAslogan.png\",\"@id\":\"https:\\\/\\\/www.jornalja.com.br\\\/arquivo\\\/2017-registra-terceiro-ano-de-degradacao-no-mercado-de-trabalho-da-grande-porto-alegre\\\/#organizationLogo\"},\"image\":{\"@id\":\"https:\\\/\\\/www.jornalja.com.br\\\/arquivo\\\/2017-registra-terceiro-ano-de-degradacao-no-mercado-de-trabalho-da-grande-porto-alegre\\\/#organizationLogo\"}},{\"@type\":\"Person\",\"@id\":\"https:\\\/\\\/www.jornalja.com.br\\\/arquivo\\\/author\\\/daredacao\\\/#author\",\"url\":\"https:\\\/\\\/www.jornalja.com.br\\\/arquivo\\\/author\\\/daredacao\\\/\",\"name\":\"da Reda\\u00e7\\u00e3o\",\"image\":{\"@type\":\"ImageObject\",\"@id\":\"https:\\\/\\\/www.jornalja.com.br\\\/arquivo\\\/2017-registra-terceiro-ano-de-degradacao-no-mercado-de-trabalho-da-grande-porto-alegre\\\/#authorImage\",\"url\":\"https:\\\/\\\/secure.gravatar.com\\\/avatar\\\/469fd857d6605ad19919d27ed29d35a968a25f6e8fd9318356bbb7f57aae9c65?s=96&d=mm&r=g\",\"width\":96,\"height\":96,\"caption\":\"da Reda\\u00e7\\u00e3o\"}},{\"@type\":\"WebPage\",\"@id\":\"https:\\\/\\\/www.jornalja.com.br\\\/arquivo\\\/2017-registra-terceiro-ano-de-degradacao-no-mercado-de-trabalho-da-grande-porto-alegre\\\/#webpage\",\"url\":\"https:\\\/\\\/www.jornalja.com.br\\\/arquivo\\\/2017-registra-terceiro-ano-de-degradacao-no-mercado-de-trabalho-da-grande-porto-alegre\\\/\",\"name\":\"2017 registra terceiro ano de degrada\\u00e7\\u00e3o no mercado de trabalho da grande Porto Alegre | Arquivo\",\"inLanguage\":\"pt-BR\",\"isPartOf\":{\"@id\":\"https:\\\/\\\/www.jornalja.com.br\\\/arquivo\\\/#website\"},\"breadcrumb\":{\"@id\":\"https:\\\/\\\/www.jornalja.com.br\\\/arquivo\\\/2017-registra-terceiro-ano-de-degradacao-no-mercado-de-trabalho-da-grande-porto-alegre\\\/#breadcrumblist\"},\"author\":{\"@id\":\"https:\\\/\\\/www.jornalja.com.br\\\/arquivo\\\/author\\\/daredacao\\\/#author\"},\"creator\":{\"@id\":\"https:\\\/\\\/www.jornalja.com.br\\\/arquivo\\\/author\\\/daredacao\\\/#author\"},\"image\":{\"@type\":\"ImageObject\",\"url\":59458,\"@id\":\"https:\\\/\\\/www.jornalja.com.br\\\/arquivo\\\/2017-registra-terceiro-ano-de-degradacao-no-mercado-de-trabalho-da-grande-porto-alegre\\\/#mainImage\"},\"primaryImageOfPage\":{\"@id\":\"https:\\\/\\\/www.jornalja.com.br\\\/arquivo\\\/2017-registra-terceiro-ano-de-degradacao-no-mercado-de-trabalho-da-grande-porto-alegre\\\/#mainImage\"},\"datePublished\":\"2018-02-01T09:11:53-02:00\",\"dateModified\":\"2018-02-01T09:11:53-02:00\"},{\"@type\":\"WebSite\",\"@id\":\"https:\\\/\\\/www.jornalja.com.br\\\/arquivo\\\/#website\",\"url\":\"https:\\\/\\\/www.jornalja.com.br\\\/arquivo\\\/\",\"name\":\"Arquivo\",\"description\":\"Jornal J\\u00c1 | Porto Alegre\",\"inLanguage\":\"pt-BR\",\"publisher\":{\"@id\":\"https:\\\/\\\/www.jornalja.com.br\\\/arquivo\\\/#organization\"}}]}\n\t\t<\/script>\n\t\t<!-- All in One SEO -->\n\n","aioseo_head_json":{"title":"2017 registra terceiro ano de degrada\u00e7\u00e3o no mercado de trabalho da grande Porto Alegre | Arquivo","description":"","canonical_url":"https:\/\/www.jornalja.com.br\/arquivo\/2017-registra-terceiro-ano-de-degradacao-no-mercado-de-trabalho-da-grande-porto-alegre\/","robots":"max-image-preview:large","keywords":"","webmasterTools":{"miscellaneous":""},"schema":{"@context":"https:\/\/schema.org","@graph":[{"@type":"BlogPosting","@id":"https:\/\/www.jornalja.com.br\/arquivo\/2017-registra-terceiro-ano-de-degradacao-no-mercado-de-trabalho-da-grande-porto-alegre\/#blogposting","name":"2017 registra terceiro ano de degrada\u00e7\u00e3o no mercado de trabalho da grande Porto Alegre | Arquivo","headline":"2017 registra terceiro ano de degrada\u00e7\u00e3o no mercado de trabalho da grande Porto Alegre","author":{"@id":"https:\/\/www.jornalja.com.br\/arquivo\/author\/daredacao\/#author"},"publisher":{"@id":"https:\/\/www.jornalja.com.br\/arquivo\/#organization"},"image":{"@type":"ImageObject","url":59458},"datePublished":"2018-02-01T09:11:53-02:00","dateModified":"2018-02-01T09:11:53-02:00","inLanguage":"pt-BR","mainEntityOfPage":{"@id":"https:\/\/www.jornalja.com.br\/arquivo\/2017-registra-terceiro-ano-de-degradacao-no-mercado-de-trabalho-da-grande-porto-alegre\/#webpage"},"isPartOf":{"@id":"https:\/\/www.jornalja.com.br\/arquivo\/2017-registra-terceiro-ano-de-degradacao-no-mercado-de-trabalho-da-grande-porto-alegre\/#webpage"},"articleSection":"Geral"},{"@type":"BreadcrumbList","@id":"https:\/\/www.jornalja.com.br\/arquivo\/2017-registra-terceiro-ano-de-degradacao-no-mercado-de-trabalho-da-grande-porto-alegre\/#breadcrumblist","itemListElement":[{"@type":"ListItem","@id":"https:\/\/www.jornalja.com.br\/arquivo#listItem","position":1,"name":"Home","item":"https:\/\/www.jornalja.com.br\/arquivo","nextItem":{"@type":"ListItem","@id":"https:\/\/www.jornalja.com.br\/arquivo\/category\/geral\/#listItem","name":"Geral"}},{"@type":"ListItem","@id":"https:\/\/www.jornalja.com.br\/arquivo\/category\/geral\/#listItem","position":2,"name":"Geral","item":"https:\/\/www.jornalja.com.br\/arquivo\/category\/geral\/","nextItem":{"@type":"ListItem","@id":"https:\/\/www.jornalja.com.br\/arquivo\/2017-registra-terceiro-ano-de-degradacao-no-mercado-de-trabalho-da-grande-porto-alegre\/#listItem","name":"2017 registra terceiro ano de degrada\u00e7\u00e3o no mercado de trabalho da grande Porto Alegre"},"previousItem":{"@type":"ListItem","@id":"https:\/\/www.jornalja.com.br\/arquivo#listItem","name":"Home"}},{"@type":"ListItem","@id":"https:\/\/www.jornalja.com.br\/arquivo\/2017-registra-terceiro-ano-de-degradacao-no-mercado-de-trabalho-da-grande-porto-alegre\/#listItem","position":3,"name":"2017 registra terceiro ano de degrada\u00e7\u00e3o no mercado de trabalho da grande Porto Alegre","previousItem":{"@type":"ListItem","@id":"https:\/\/www.jornalja.com.br\/arquivo\/category\/geral\/#listItem","name":"Geral"}}]},{"@type":"Organization","@id":"https:\/\/www.jornalja.com.br\/arquivo\/#organization","name":"Jornal J\u00c1","description":"Jornal J\u00c1 | Porto Alegre","url":"https:\/\/www.jornalja.com.br\/arquivo\/","telephone":"+555133307272","logo":{"@type":"ImageObject","url":"https:\/\/www.jornalja.com.br\/wp-content\/uploads\/cards\/JAslogan.png","@id":"https:\/\/www.jornalja.com.br\/arquivo\/2017-registra-terceiro-ano-de-degradacao-no-mercado-de-trabalho-da-grande-porto-alegre\/#organizationLogo"},"image":{"@id":"https:\/\/www.jornalja.com.br\/arquivo\/2017-registra-terceiro-ano-de-degradacao-no-mercado-de-trabalho-da-grande-porto-alegre\/#organizationLogo"}},{"@type":"Person","@id":"https:\/\/www.jornalja.com.br\/arquivo\/author\/daredacao\/#author","url":"https:\/\/www.jornalja.com.br\/arquivo\/author\/daredacao\/","name":"da Reda\u00e7\u00e3o","image":{"@type":"ImageObject","@id":"https:\/\/www.jornalja.com.br\/arquivo\/2017-registra-terceiro-ano-de-degradacao-no-mercado-de-trabalho-da-grande-porto-alegre\/#authorImage","url":"https:\/\/secure.gravatar.com\/avatar\/469fd857d6605ad19919d27ed29d35a968a25f6e8fd9318356bbb7f57aae9c65?s=96&d=mm&r=g","width":96,"height":96,"caption":"da Reda\u00e7\u00e3o"}},{"@type":"WebPage","@id":"https:\/\/www.jornalja.com.br\/arquivo\/2017-registra-terceiro-ano-de-degradacao-no-mercado-de-trabalho-da-grande-porto-alegre\/#webpage","url":"https:\/\/www.jornalja.com.br\/arquivo\/2017-registra-terceiro-ano-de-degradacao-no-mercado-de-trabalho-da-grande-porto-alegre\/","name":"2017 registra terceiro ano de degrada\u00e7\u00e3o no mercado de trabalho da grande Porto Alegre | Arquivo","inLanguage":"pt-BR","isPartOf":{"@id":"https:\/\/www.jornalja.com.br\/arquivo\/#website"},"breadcrumb":{"@id":"https:\/\/www.jornalja.com.br\/arquivo\/2017-registra-terceiro-ano-de-degradacao-no-mercado-de-trabalho-da-grande-porto-alegre\/#breadcrumblist"},"author":{"@id":"https:\/\/www.jornalja.com.br\/arquivo\/author\/daredacao\/#author"},"creator":{"@id":"https:\/\/www.jornalja.com.br\/arquivo\/author\/daredacao\/#author"},"image":{"@type":"ImageObject","url":59458,"@id":"https:\/\/www.jornalja.com.br\/arquivo\/2017-registra-terceiro-ano-de-degradacao-no-mercado-de-trabalho-da-grande-porto-alegre\/#mainImage"},"primaryImageOfPage":{"@id":"https:\/\/www.jornalja.com.br\/arquivo\/2017-registra-terceiro-ano-de-degradacao-no-mercado-de-trabalho-da-grande-porto-alegre\/#mainImage"},"datePublished":"2018-02-01T09:11:53-02:00","dateModified":"2018-02-01T09:11:53-02:00"},{"@type":"WebSite","@id":"https:\/\/www.jornalja.com.br\/arquivo\/#website","url":"https:\/\/www.jornalja.com.br\/arquivo\/","name":"Arquivo","description":"Jornal J\u00c1 | Porto Alegre","inLanguage":"pt-BR","publisher":{"@id":"https:\/\/www.jornalja.com.br\/arquivo\/#organization"}}]},"og:locale":"pt_BR","og:site_name":"Arquivo | Jornal J\u00c1 | Porto Alegre","og:type":"article","og:title":"2017 registra terceiro ano de degrada\u00e7\u00e3o no mercado de trabalho da grande Porto Alegre | Arquivo","og:url":"https:\/\/www.jornalja.com.br\/arquivo\/2017-registra-terceiro-ano-de-degradacao-no-mercado-de-trabalho-da-grande-porto-alegre\/","og:image":"https:\/\/www.jornalja.com.br\/economics\/wp-content\/uploads\/sites\/11\/2026\/08\/ja-folhaderosto-facebook.jpg","og:image:secure_url":"https:\/\/www.jornalja.com.br\/economics\/wp-content\/uploads\/sites\/11\/2026\/08\/ja-folhaderosto-facebook.jpg","article:published_time":"2018-02-01T11:11:53+00:00","article:modified_time":"2018-02-01T11:11:53+00:00","twitter:card":"summary","twitter:title":"2017 registra terceiro ano de degrada\u00e7\u00e3o no mercado de trabalho da grande Porto Alegre | Arquivo","twitter:image":"https:\/\/www.jornalja.com.br\/economics\/wp-content\/uploads\/sites\/11\/2026\/08\/ja-folhaderosto-facebook.jpg"},"aioseo_meta_data":{"post_id":"59455","title":null,"description":null,"keywords":null,"keyphrases":null,"primary_term":null,"canonical_url":null,"og_title":null,"og_description":null,"og_object_type":"default","og_image_type":"default","og_image_url":null,"og_image_width":null,"og_image_height":null,"og_image_custom_url":null,"og_image_custom_fields":null,"og_video":null,"og_custom_url":null,"og_article_section":null,"og_article_tags":null,"twitter_use_og":false,"twitter_card":"default","twitter_image_type":"default","twitter_image_url":null,"twitter_image_custom_url":null,"twitter_image_custom_fields":null,"twitter_title":null,"twitter_description":null,"schema":{"blockGraphs":[],"customGraphs":[],"default":{"data":{"Article":[],"Course":[],"Dataset":[],"FAQPage":[],"Movie":[],"Person":[],"Product":[],"ProductReview":[],"Car":[],"Recipe":[],"Service":[],"SoftwareApplication":[],"WebPage":[]},"graphName":"","isEnabled":true},"graphs":[],"defaultGraph":"","defaultPostTypeGraph":""},"schema_type":null,"schema_type_options":null,"pillar_content":false,"robots_default":true,"robots_noindex":false,"robots_noarchive":false,"robots_nosnippet":false,"robots_nofollow":false,"robots_noimageindex":false,"robots_noodp":false,"robots_notranslate":false,"robots_max_snippet":null,"robots_max_videopreview":null,"robots_max_imagepreview":"large","priority":null,"frequency":null,"location":null,"local_seo":null,"breadcrumb_settings":null,"limit_modified_date":false,"ai":null,"created":"2020-12-20 20:18:03","updated":"2025-07-20 03:22:46","seo_analyzer_scan_date":null,"focus_keyword":null,"additional_keywords":null,"truseo_locale":null},"jetpack_sharing_enabled":true,"jetpack-related-posts":[{"id":13124,"url":"https:\/\/www.jornalja.com.br\/arquivo\/sangue-latino-no-iecine\/","url_meta":{"origin":59455,"position":0},"title":"Sangue latino no IECINE","author":"da Reda\u00e7\u00e3o","date":"18 de maio de 2014","format":false,"excerpt":"Francisco Ribeiro O Instituto Estadual de Cinema (IECINE) tem a frente, desde abril \u00faltimo, um novo diretor, o cineasta colombiano Juan Zapata, 36, que substitui Luiz Alberto Cassol. Radicado h\u00e1 dez anos em Porto Alegre, Zapata tem diante de si o desafio de conduzir at\u00e9 o final do ano um\u2026","rel":"","context":"Em &quot;Cultura-Geral&quot;","block_context":{"text":"Cultura-Geral","link":"https:\/\/www.jornalja.com.br\/arquivo\/category\/materiasecundaria\/"},"img":{"alt_text":"","src":"","width":0,"height":0},"classes":[]},{"id":12960,"url":"https:\/\/www.jornalja.com.br\/arquivo\/populacao-culpa-empresas-pela-greve-dos-rodoviarios\/","url_meta":{"origin":59455,"position":1},"title":"Popula\u00e7\u00e3o culpa empresas pela greve","author":"Patr\u00edcia Marini","date":"14 de fevereiro de 2014","format":false,"excerpt":"Pesquisa divulgada na edi\u00e7\u00e3o do jornal Metro desta sexta-feira,14, comprova o velho ditado: \u00e9 poss\u00edvel enganar muitos por algum tempo, mas n\u00e3o \u00e9 poss\u00edvel enganar a todos o tempo inteiro. A principal revela\u00e7\u00e3o foi que 59,8% dos entrevistados apontaram as empresas como as principais respons\u00e1veis pela grave e 46% culparam\u2026","rel":"","context":"Em &quot;X.Categorias velhas&quot;","block_context":{"text":"X.Categorias velhas","link":"https:\/\/www.jornalja.com.br\/arquivo\/category\/x-categorias-velhas\/"},"img":{"alt_text":"","src":"","width":0,"height":0},"classes":[]},{"id":14241,"url":"https:\/\/www.jornalja.com.br\/arquivo\/o-guaiba-nas-imagens-poeticas-de-achutti\/","url_meta":{"origin":59455,"position":2},"title":"O Gua\u00edba nas imagens po\u00e9ticas de Achutti","author":"da Reda\u00e7\u00e3o","date":"18 de junho de 2014","format":false,"excerpt":"Em \u201cO Gua\u00edba por Achutti\u201d \u2013 obra financiada via Minist\u00e9rio da Cultura, produ\u00e7\u00e3o executiva de Pedro Longhi, e Fl\u00e1vio Wild como designer \u2013, o fot\u00f3grafo revela a beleza e as mazelas de um espa\u00e7o aqu\u00e1tico de \u00e1guas sempre renovadas, cheio de hist\u00f3rias e lendas como as das cidades que foram\u2026","rel":"","context":"Em &quot;Cultura-Geral&quot;","block_context":{"text":"Cultura-Geral","link":"https:\/\/www.jornalja.com.br\/arquivo\/category\/materiasecundaria\/"},"img":{"alt_text":"","src":"","width":0,"height":0},"classes":[]},{"id":13240,"url":"https:\/\/www.jornalja.com.br\/arquivo\/plano-diretor-estamos-construindo-o-caos\/","url_meta":{"origin":59455,"position":3},"title":"Plano diretor: &quot;Estamos construindo o caos&quot;","author":"Patr\u00edcia Marini","date":"26 de maio de 2014","format":false,"excerpt":"Desabafo que arquiteta Eliana Castilhos, delegada da Regi\u00e3o de Planejamento 1, postou nas redes sociais \u00e9 um testemunho do ambiente que se criou no Conselho do Plano Diretor de Porto Alegre, onde a aprova\u00e7\u00e3o de grandes empreendimentos \u00e9 empurrada guela abaixo dos conselheiros. Ao CMDUA Como delegada da Regi\u00e3o de\u2026","rel":"","context":"Em &quot;Geral&quot;","block_context":{"text":"Geral","link":"https:\/\/www.jornalja.com.br\/arquivo\/category\/geral\/"},"img":{"alt_text":"","src":"","width":0,"height":0},"classes":[]},{"id":1280,"url":"https:\/\/www.jornalja.com.br\/arquivo\/o-menino-que-se-tornou-brizola\/","url_meta":{"origin":59455,"position":4},"title":"O Menino que se Tornou Brizola","author":"da Reda\u00e7\u00e3o","date":"28 de julho de 2008","format":false,"excerpt":"Autor: Cleber Dioni A vida de Leonel Brizola, com \u00eanfase para os primeiros anos em Porto Alegre, at\u00e9 o ex\u00edlio no Uruguai e a volta, quinze anos depois. \u00a0\"...\u00c9ramos todos jovens e nos identific\u00e1vamos com aquela massa an\u00f4nima a percorrer as ruas de Porto Alegre, gritando 'Get\u00falio', 'Get\u00falio' e empunhando\u2026","rel":"","context":"Em &quot;Livros&quot;","block_context":{"text":"Livros","link":"https:\/\/www.jornalja.com.br\/arquivo\/category\/livros\/"},"img":{"alt_text":"","src":"https:\/\/i0.wp.com\/www.jornalja.com.br\/wp-content\/uploads\/2008\/07\/brizola.gif?resize=350%2C200&ssl=1","width":350,"height":200},"classes":[]},{"id":13128,"url":"https:\/\/www.jornalja.com.br\/arquivo\/maconha-terra-diz-que-uso-medicinal-e-desculpa\/","url_meta":{"origin":59455,"position":5},"title":"Maconha: Terra diz que uso medicinal \u00e9 desculpa","author":"Patr\u00edcia Marini","date":"4 de junho de 2014","format":false,"excerpt":"A condi\u00e7\u00e3o de pol\u00edtico, em \u00e9poca de campanha de campanha eleitoral, tira for\u00e7a do discurso do m\u00e9dico Osmar Terra contra a legaliza\u00e7\u00e3o da maconha. A tese dele de que a libera\u00e7\u00e3o vai ampliar exponencialmente o consumo \u00e9 discutivel, o consumo \u00e9 corrente. Mas seus alertas quanto aos riscos tem que\u2026","rel":"","context":"Em &quot;X.Categorias velhas&quot;","block_context":{"text":"X.Categorias velhas","link":"https:\/\/www.jornalja.com.br\/arquivo\/category\/x-categorias-velhas\/"},"img":{"alt_text":"","src":"","width":0,"height":0},"classes":[]}],"jetpack_shortlink":"https:\/\/wp.me\/pbQjBd-fsX","jetpack_featured_media_url":"","_links":{"self":[{"href":"https:\/\/www.jornalja.com.br\/arquivo\/wp-json\/wp\/v2\/posts\/59455","targetHints":{"allow":["GET"]}}],"collection":[{"href":"https:\/\/www.jornalja.com.br\/arquivo\/wp-json\/wp\/v2\/posts"}],"about":[{"href":"https:\/\/www.jornalja.com.br\/arquivo\/wp-json\/wp\/v2\/types\/post"}],"author":[{"embeddable":true,"href":"https:\/\/www.jornalja.com.br\/arquivo\/wp-json\/wp\/v2\/users\/4"}],"replies":[{"embeddable":true,"href":"https:\/\/www.jornalja.com.br\/arquivo\/wp-json\/wp\/v2\/comments?post=59455"}],"version-history":[{"count":0,"href":"https:\/\/www.jornalja.com.br\/arquivo\/wp-json\/wp\/v2\/posts\/59455\/revisions"}],"wp:attachment":[{"href":"https:\/\/www.jornalja.com.br\/arquivo\/wp-json\/wp\/v2\/media?parent=59455"}],"wp:term":[{"taxonomy":"category","embeddable":true,"href":"https:\/\/www.jornalja.com.br\/arquivo\/wp-json\/wp\/v2\/categories?post=59455"},{"taxonomy":"post_tag","embeddable":true,"href":"https:\/\/www.jornalja.com.br\/arquivo\/wp-json\/wp\/v2\/tags?post=59455"}],"curies":[{"name":"wp","href":"https:\/\/api.w.org\/{rel}","templated":true}]}}