{"id":59462,"date":"2018-02-01T21:38:49","date_gmt":"2018-02-01T23:38:49","guid":{"rendered":"https:\/\/www.jornalja.com.br\/?p=59462"},"modified":"2018-02-01T21:38:49","modified_gmt":"2018-02-01T23:38:49","slug":"marlon-santos-propoe-dialogo-e-diz-que-legislativo-nao-aceita-patrola","status":"publish","type":"post","link":"https:\/\/www.jornalja.com.br\/arquivo\/marlon-santos-propoe-dialogo-e-diz-que-legislativo-nao-aceita-patrola\/","title":{"rendered":"Marlon Santos prop\u00f5e di\u00e1logo e diz que legislativo n\u00e3o aceita \u201cpatrola\u201d"},"content":{"rendered":"<p>Numa sess\u00e3o hist\u00f3rica, sem a presen\u00e7a do governador e com quebra do protocolo, o deputado Marlon Santos, do PDT, assumiu\u00a0 a Presid\u00eancia da Assembleia Legislativa do Rio Grande do Sul na tarde desta quinta-feira.<br \/>\nFalou de improviso, distribuiu beijos (\u201cEu amo voc\u00eas\u201d), lembrou dos tempos em que dormia em pelegos e falou do esfor\u00e7o que sua \u201cpersonagem pol\u00edtica\u201d faz para se afastar do erro e \u201cdas coisas tolas\u201d.<br \/>\nAo dirigir-se ao vice governador Jos\u00e9 Paulo Cairolli, nos diversos trechos em que mencionou a necessidade de di\u00e1logo entre o Executivo e o Legislativo, sendo aplaudido, praticamente o elegeu para resolver o conflito entre os dois poderes, provocado pela derrota do governador Jos\u00e9 Ivo Sartori nas tr\u00eas sess\u00f5es extraordin\u00e1rias desta semana.<br \/>\nFalou de sua condi\u00e7\u00e3o de \u00f3rf\u00e3o de pai e m\u00e3e ainda menino (\u201cA gente perde os sentido da vida\u201d) mas evitou homenagem p\u00f3stuma: \u201cAcredito piamente que a vida segue\u201d. Declarou-se a favor de \u201ctodos os trabalhadores produtivos, mesmo os milion\u00e1rios\u201d. Elogiou seus \u201cantecessores queridos\u201d, ressaltando \u201ca do\u00e7ura de Silvana\u201d (deputada Silvana Covatti, ex-presidente da Casa) e o \u201ccora\u00e7\u00e3o enorme\u201d de Edegar Pretto, que ele sucede no cargo.<br \/>\nDisse que a crise do Estado \u00e9 uma \u201cheran\u00e7a maldita\u201d, quem vem de muitas gera\u00e7\u00f5es e que neste momento estremece amizades e poderes, \u201cuma crise infame\u201d, que todos est\u00e3o interessados em resolver. E alfinetou o governo:<br \/>\n\u201cMas n\u00e3o \u00e9 s\u00f3 mandar pra l\u00e1 e vamos ver\u201d, disse referindo-se aos projetos que o governo enviou para aprovar nas sess\u00f5es extraordin\u00e1rias. \u00a0\u201cO Parlamento \u00e9 manso e ordeiro, ningu\u00e9m negar\u00e1 uma reuni\u00e3o para arredondar um projeto. Agora, querer patrolar&#8230;\u201d. Deu a entender que n\u00e3o foi a oposi\u00e7\u00e3o, nem o PT, que\u00a0 derrotaram o governo.<br \/>\nFoi aplaudido ao dizer que, apesar das urg\u00eancias, \u201c\u00e9 preciso parar um pouquinho e conversar, para harmonizar\u201d. Reagiu aos aplausos com uma frase de efeito: \u201cA Assembleia n\u00e3o \u00e9 o algoz da crise\u201d<br \/>\nLembrou que conheceu colch\u00e3o e \u201ccarne de verdade\u201d aos 18 anos quando serviu o Ex\u00e9rcito, tendo na inf\u00e2ncia dormido em pelegos e se alimantado a p\u00e3o d\u2019\u00e1gua. \u201cEu tive muitos pais, um deles foi o Ex\u00e9rcito\u201d, disse.<br \/>\nExplicou que fazia o registro porque lembrava sempre \u201cdaquele cara\u201d mas que n\u00e3o se vangloriava de ter sido pobre. \u201cA pobreza n\u00e3o ensina nada a ningu\u00e9m. A gente n\u00e3o consegue nem raciocinar, a pobreza inutiliza o homem\u201d, disse sob aplausos.<br \/>\nEncerrou com um in\u00e9dito ato religioso ecum\u00eanico, oficiado pelo padre Edson Pereira e pelo pastor evang\u00e9lico Paulo Gon\u00e7alves.<br \/>\nAl\u00e9m das autoridades devidamente nominadas, um p\u00fablico numeroso ocupou o plen\u00e1rio e as galerias do Parlamento, ficou lotado o teatro Dante Barone e um tel\u00e3o do lado de fora reuniu centenas de pessoas, muitas vindas do Interior, com as quais o novo presidente veio tirar selfies, antes do show de m\u00fasica nativista que encerrou o evento.<br \/>\n&nbsp;<\/p>\n","protected":false},"excerpt":{"rendered":"<p>Numa sess\u00e3o hist\u00f3rica, sem a presen\u00e7a do governador e com quebra do protocolo, o deputado Marlon Santos, do PDT, assumiu\u00a0 a Presid\u00eancia da Assembleia Legislativa do Rio Grande do Sul na tarde desta quinta-feira. Falou de improviso, distribuiu beijos (\u201cEu amo voc\u00eas\u201d), lembrou dos tempos em que dormia em pelegos e falou do esfor\u00e7o que [&hellip;]<\/p>\n","protected":false},"author":4,"featured_media":59466,"comment_status":"open","ping_status":"closed","sticky":false,"template":"","format":"standard","meta":{"_jetpack_newsletter_access":"","_jetpack_dont_email_post_to_subs":false,"_jetpack_newsletter_tier_id":0,"_jetpack_memberships_contains_paywalled_content":false,"_jetpack_feature_clip_id":0,"_jetpack_memberships_contains_paid_content":false,"footnotes":"","jetpack_post_was_ever_published":false},"categories":[26],"tags":[],"class_list":["post-59462","post","type-post","status-publish","format-standard","has-post-thumbnail","hentry","category-geral"],"aioseo_notices":[],"aioseo_head":"\n\t\t<!-- All in One SEO 5.0.1.1 - aioseo.com -->\n\t<meta name=\"robots\" content=\"max-image-preview:large\" \/>\n\t<meta name=\"author\" content=\"da Reda\u00e7\u00e3o\"\/>\n\t<link rel=\"canonical\" href=\"https:\/\/www.jornalja.com.br\/arquivo\/marlon-santos-propoe-dialogo-e-diz-que-legislativo-nao-aceita-patrola\/\" \/>\n\t<meta name=\"generator\" content=\"All in One SEO (AIOSEO) 5.0.1.1\" \/>\n\t\t<meta property=\"og:locale\" content=\"pt_BR\" \/>\n\t\t<meta property=\"og:site_name\" content=\"Arquivo | Jornal J\u00c1 | Porto Alegre\" \/>\n\t\t<meta property=\"og:type\" content=\"article\" \/>\n\t\t<meta property=\"og:title\" content=\"Marlon Santos prop\u00f5e di\u00e1logo e diz que legislativo n\u00e3o aceita \u201cpatrola\u201d | Arquivo\" \/>\n\t\t<meta property=\"og:url\" content=\"https:\/\/www.jornalja.com.br\/arquivo\/marlon-santos-propoe-dialogo-e-diz-que-legislativo-nao-aceita-patrola\/\" \/>\n\t\t<meta property=\"og:image\" content=\"https:\/\/www.jornalja.com.br\/economics\/wp-content\/uploads\/sites\/11\/2026\/08\/ja-folhaderosto-facebook.jpg\" \/>\n\t\t<meta property=\"og:image:secure_url\" content=\"https:\/\/www.jornalja.com.br\/economics\/wp-content\/uploads\/sites\/11\/2026\/08\/ja-folhaderosto-facebook.jpg\" \/>\n\t\t<meta property=\"article:published_time\" content=\"2018-02-01T23:38:49+00:00\" \/>\n\t\t<meta property=\"article:modified_time\" content=\"2018-02-01T23:38:49+00:00\" \/>\n\t\t<meta name=\"twitter:card\" content=\"summary\" \/>\n\t\t<meta name=\"twitter:title\" content=\"Marlon Santos prop\u00f5e di\u00e1logo e diz que legislativo n\u00e3o aceita \u201cpatrola\u201d | Arquivo\" \/>\n\t\t<meta name=\"twitter:image\" content=\"https:\/\/www.jornalja.com.br\/economics\/wp-content\/uploads\/sites\/11\/2026\/08\/ja-folhaderosto-facebook.jpg\" \/>\n\t\t<script type=\"application\/ld+json\" class=\"aioseo-schema\">\n\t\t\t{\"@context\":\"https:\\\/\\\/schema.org\",\"@graph\":[{\"@type\":\"BlogPosting\",\"@id\":\"https:\\\/\\\/www.jornalja.com.br\\\/arquivo\\\/marlon-santos-propoe-dialogo-e-diz-que-legislativo-nao-aceita-patrola\\\/#blogposting\",\"name\":\"Marlon Santos prop\\u00f5e di\\u00e1logo e diz que legislativo n\\u00e3o aceita \\u201cpatrola\\u201d | Arquivo\",\"headline\":\"Marlon Santos prop\\u00f5e di\\u00e1logo e diz que legislativo n\\u00e3o aceita \\u201cpatrola\\u201d\",\"author\":{\"@id\":\"https:\\\/\\\/www.jornalja.com.br\\\/arquivo\\\/author\\\/daredacao\\\/#author\"},\"publisher\":{\"@id\":\"https:\\\/\\\/www.jornalja.com.br\\\/arquivo\\\/#organization\"},\"image\":{\"@type\":\"ImageObject\",\"url\":59466},\"datePublished\":\"2018-02-01T21:38:49-02:00\",\"dateModified\":\"2018-02-01T21:38:49-02:00\",\"inLanguage\":\"pt-BR\",\"commentCount\":1,\"mainEntityOfPage\":{\"@id\":\"https:\\\/\\\/www.jornalja.com.br\\\/arquivo\\\/marlon-santos-propoe-dialogo-e-diz-que-legislativo-nao-aceita-patrola\\\/#webpage\"},\"isPartOf\":{\"@id\":\"https:\\\/\\\/www.jornalja.com.br\\\/arquivo\\\/marlon-santos-propoe-dialogo-e-diz-que-legislativo-nao-aceita-patrola\\\/#webpage\"},\"articleSection\":\"Geral\"},{\"@type\":\"BreadcrumbList\",\"@id\":\"https:\\\/\\\/www.jornalja.com.br\\\/arquivo\\\/marlon-santos-propoe-dialogo-e-diz-que-legislativo-nao-aceita-patrola\\\/#breadcrumblist\",\"itemListElement\":[{\"@type\":\"ListItem\",\"@id\":\"https:\\\/\\\/www.jornalja.com.br\\\/arquivo#listItem\",\"position\":1,\"name\":\"Home\",\"item\":\"https:\\\/\\\/www.jornalja.com.br\\\/arquivo\",\"nextItem\":{\"@type\":\"ListItem\",\"@id\":\"https:\\\/\\\/www.jornalja.com.br\\\/arquivo\\\/category\\\/geral\\\/#listItem\",\"name\":\"Geral\"}},{\"@type\":\"ListItem\",\"@id\":\"https:\\\/\\\/www.jornalja.com.br\\\/arquivo\\\/category\\\/geral\\\/#listItem\",\"position\":2,\"name\":\"Geral\",\"item\":\"https:\\\/\\\/www.jornalja.com.br\\\/arquivo\\\/category\\\/geral\\\/\",\"nextItem\":{\"@type\":\"ListItem\",\"@id\":\"https:\\\/\\\/www.jornalja.com.br\\\/arquivo\\\/marlon-santos-propoe-dialogo-e-diz-que-legislativo-nao-aceita-patrola\\\/#listItem\",\"name\":\"Marlon Santos prop\\u00f5e di\\u00e1logo e diz que legislativo n\\u00e3o aceita \\u201cpatrola\\u201d\"},\"previousItem\":{\"@type\":\"ListItem\",\"@id\":\"https:\\\/\\\/www.jornalja.com.br\\\/arquivo#listItem\",\"name\":\"Home\"}},{\"@type\":\"ListItem\",\"@id\":\"https:\\\/\\\/www.jornalja.com.br\\\/arquivo\\\/marlon-santos-propoe-dialogo-e-diz-que-legislativo-nao-aceita-patrola\\\/#listItem\",\"position\":3,\"name\":\"Marlon Santos prop\\u00f5e di\\u00e1logo e diz que legislativo n\\u00e3o aceita \\u201cpatrola\\u201d\",\"previousItem\":{\"@type\":\"ListItem\",\"@id\":\"https:\\\/\\\/www.jornalja.com.br\\\/arquivo\\\/category\\\/geral\\\/#listItem\",\"name\":\"Geral\"}}]},{\"@type\":\"Organization\",\"@id\":\"https:\\\/\\\/www.jornalja.com.br\\\/arquivo\\\/#organization\",\"name\":\"Jornal J\\u00c1\",\"description\":\"Jornal J\\u00c1 | Porto Alegre\",\"url\":\"https:\\\/\\\/www.jornalja.com.br\\\/arquivo\\\/\",\"telephone\":\"+555133307272\",\"logo\":{\"@type\":\"ImageObject\",\"url\":\"https:\\\/\\\/www.jornalja.com.br\\\/wp-content\\\/uploads\\\/cards\\\/JAslogan.png\",\"@id\":\"https:\\\/\\\/www.jornalja.com.br\\\/arquivo\\\/marlon-santos-propoe-dialogo-e-diz-que-legislativo-nao-aceita-patrola\\\/#organizationLogo\"},\"image\":{\"@id\":\"https:\\\/\\\/www.jornalja.com.br\\\/arquivo\\\/marlon-santos-propoe-dialogo-e-diz-que-legislativo-nao-aceita-patrola\\\/#organizationLogo\"}},{\"@type\":\"Person\",\"@id\":\"https:\\\/\\\/www.jornalja.com.br\\\/arquivo\\\/author\\\/daredacao\\\/#author\",\"url\":\"https:\\\/\\\/www.jornalja.com.br\\\/arquivo\\\/author\\\/daredacao\\\/\",\"name\":\"da Reda\\u00e7\\u00e3o\",\"image\":{\"@type\":\"ImageObject\",\"@id\":\"https:\\\/\\\/www.jornalja.com.br\\\/arquivo\\\/marlon-santos-propoe-dialogo-e-diz-que-legislativo-nao-aceita-patrola\\\/#authorImage\",\"url\":\"https:\\\/\\\/secure.gravatar.com\\\/avatar\\\/469fd857d6605ad19919d27ed29d35a968a25f6e8fd9318356bbb7f57aae9c65?s=96&d=mm&r=g\",\"width\":96,\"height\":96,\"caption\":\"da Reda\\u00e7\\u00e3o\"}},{\"@type\":\"WebPage\",\"@id\":\"https:\\\/\\\/www.jornalja.com.br\\\/arquivo\\\/marlon-santos-propoe-dialogo-e-diz-que-legislativo-nao-aceita-patrola\\\/#webpage\",\"url\":\"https:\\\/\\\/www.jornalja.com.br\\\/arquivo\\\/marlon-santos-propoe-dialogo-e-diz-que-legislativo-nao-aceita-patrola\\\/\",\"name\":\"Marlon Santos prop\\u00f5e di\\u00e1logo e diz que legislativo n\\u00e3o aceita \\u201cpatrola\\u201d | Arquivo\",\"inLanguage\":\"pt-BR\",\"isPartOf\":{\"@id\":\"https:\\\/\\\/www.jornalja.com.br\\\/arquivo\\\/#website\"},\"breadcrumb\":{\"@id\":\"https:\\\/\\\/www.jornalja.com.br\\\/arquivo\\\/marlon-santos-propoe-dialogo-e-diz-que-legislativo-nao-aceita-patrola\\\/#breadcrumblist\"},\"author\":{\"@id\":\"https:\\\/\\\/www.jornalja.com.br\\\/arquivo\\\/author\\\/daredacao\\\/#author\"},\"creator\":{\"@id\":\"https:\\\/\\\/www.jornalja.com.br\\\/arquivo\\\/author\\\/daredacao\\\/#author\"},\"image\":{\"@type\":\"ImageObject\",\"url\":59466,\"@id\":\"https:\\\/\\\/www.jornalja.com.br\\\/arquivo\\\/marlon-santos-propoe-dialogo-e-diz-que-legislativo-nao-aceita-patrola\\\/#mainImage\"},\"primaryImageOfPage\":{\"@id\":\"https:\\\/\\\/www.jornalja.com.br\\\/arquivo\\\/marlon-santos-propoe-dialogo-e-diz-que-legislativo-nao-aceita-patrola\\\/#mainImage\"},\"datePublished\":\"2018-02-01T21:38:49-02:00\",\"dateModified\":\"2018-02-01T21:38:49-02:00\"},{\"@type\":\"WebSite\",\"@id\":\"https:\\\/\\\/www.jornalja.com.br\\\/arquivo\\\/#website\",\"url\":\"https:\\\/\\\/www.jornalja.com.br\\\/arquivo\\\/\",\"name\":\"Arquivo\",\"description\":\"Jornal J\\u00c1 | Porto Alegre\",\"inLanguage\":\"pt-BR\",\"publisher\":{\"@id\":\"https:\\\/\\\/www.jornalja.com.br\\\/arquivo\\\/#organization\"}}]}\n\t\t<\/script>\n\t\t<!-- All in One SEO -->\n\n","aioseo_head_json":{"title":"Marlon Santos prop\u00f5e di\u00e1logo e diz que legislativo n\u00e3o aceita \u201cpatrola\u201d | Arquivo","description":"","canonical_url":"https:\/\/www.jornalja.com.br\/arquivo\/marlon-santos-propoe-dialogo-e-diz-que-legislativo-nao-aceita-patrola\/","robots":"max-image-preview:large","keywords":"","webmasterTools":{"miscellaneous":""},"schema":{"@context":"https:\/\/schema.org","@graph":[{"@type":"BlogPosting","@id":"https:\/\/www.jornalja.com.br\/arquivo\/marlon-santos-propoe-dialogo-e-diz-que-legislativo-nao-aceita-patrola\/#blogposting","name":"Marlon Santos prop\u00f5e di\u00e1logo e diz que legislativo n\u00e3o aceita \u201cpatrola\u201d | Arquivo","headline":"Marlon Santos prop\u00f5e di\u00e1logo e diz que legislativo n\u00e3o aceita \u201cpatrola\u201d","author":{"@id":"https:\/\/www.jornalja.com.br\/arquivo\/author\/daredacao\/#author"},"publisher":{"@id":"https:\/\/www.jornalja.com.br\/arquivo\/#organization"},"image":{"@type":"ImageObject","url":59466},"datePublished":"2018-02-01T21:38:49-02:00","dateModified":"2018-02-01T21:38:49-02:00","inLanguage":"pt-BR","commentCount":1,"mainEntityOfPage":{"@id":"https:\/\/www.jornalja.com.br\/arquivo\/marlon-santos-propoe-dialogo-e-diz-que-legislativo-nao-aceita-patrola\/#webpage"},"isPartOf":{"@id":"https:\/\/www.jornalja.com.br\/arquivo\/marlon-santos-propoe-dialogo-e-diz-que-legislativo-nao-aceita-patrola\/#webpage"},"articleSection":"Geral"},{"@type":"BreadcrumbList","@id":"https:\/\/www.jornalja.com.br\/arquivo\/marlon-santos-propoe-dialogo-e-diz-que-legislativo-nao-aceita-patrola\/#breadcrumblist","itemListElement":[{"@type":"ListItem","@id":"https:\/\/www.jornalja.com.br\/arquivo#listItem","position":1,"name":"Home","item":"https:\/\/www.jornalja.com.br\/arquivo","nextItem":{"@type":"ListItem","@id":"https:\/\/www.jornalja.com.br\/arquivo\/category\/geral\/#listItem","name":"Geral"}},{"@type":"ListItem","@id":"https:\/\/www.jornalja.com.br\/arquivo\/category\/geral\/#listItem","position":2,"name":"Geral","item":"https:\/\/www.jornalja.com.br\/arquivo\/category\/geral\/","nextItem":{"@type":"ListItem","@id":"https:\/\/www.jornalja.com.br\/arquivo\/marlon-santos-propoe-dialogo-e-diz-que-legislativo-nao-aceita-patrola\/#listItem","name":"Marlon Santos prop\u00f5e di\u00e1logo e diz que legislativo n\u00e3o aceita \u201cpatrola\u201d"},"previousItem":{"@type":"ListItem","@id":"https:\/\/www.jornalja.com.br\/arquivo#listItem","name":"Home"}},{"@type":"ListItem","@id":"https:\/\/www.jornalja.com.br\/arquivo\/marlon-santos-propoe-dialogo-e-diz-que-legislativo-nao-aceita-patrola\/#listItem","position":3,"name":"Marlon Santos prop\u00f5e di\u00e1logo e diz que legislativo n\u00e3o aceita \u201cpatrola\u201d","previousItem":{"@type":"ListItem","@id":"https:\/\/www.jornalja.com.br\/arquivo\/category\/geral\/#listItem","name":"Geral"}}]},{"@type":"Organization","@id":"https:\/\/www.jornalja.com.br\/arquivo\/#organization","name":"Jornal J\u00c1","description":"Jornal J\u00c1 | Porto Alegre","url":"https:\/\/www.jornalja.com.br\/arquivo\/","telephone":"+555133307272","logo":{"@type":"ImageObject","url":"https:\/\/www.jornalja.com.br\/wp-content\/uploads\/cards\/JAslogan.png","@id":"https:\/\/www.jornalja.com.br\/arquivo\/marlon-santos-propoe-dialogo-e-diz-que-legislativo-nao-aceita-patrola\/#organizationLogo"},"image":{"@id":"https:\/\/www.jornalja.com.br\/arquivo\/marlon-santos-propoe-dialogo-e-diz-que-legislativo-nao-aceita-patrola\/#organizationLogo"}},{"@type":"Person","@id":"https:\/\/www.jornalja.com.br\/arquivo\/author\/daredacao\/#author","url":"https:\/\/www.jornalja.com.br\/arquivo\/author\/daredacao\/","name":"da Reda\u00e7\u00e3o","image":{"@type":"ImageObject","@id":"https:\/\/www.jornalja.com.br\/arquivo\/marlon-santos-propoe-dialogo-e-diz-que-legislativo-nao-aceita-patrola\/#authorImage","url":"https:\/\/secure.gravatar.com\/avatar\/469fd857d6605ad19919d27ed29d35a968a25f6e8fd9318356bbb7f57aae9c65?s=96&d=mm&r=g","width":96,"height":96,"caption":"da Reda\u00e7\u00e3o"}},{"@type":"WebPage","@id":"https:\/\/www.jornalja.com.br\/arquivo\/marlon-santos-propoe-dialogo-e-diz-que-legislativo-nao-aceita-patrola\/#webpage","url":"https:\/\/www.jornalja.com.br\/arquivo\/marlon-santos-propoe-dialogo-e-diz-que-legislativo-nao-aceita-patrola\/","name":"Marlon Santos prop\u00f5e di\u00e1logo e diz que legislativo n\u00e3o aceita \u201cpatrola\u201d | Arquivo","inLanguage":"pt-BR","isPartOf":{"@id":"https:\/\/www.jornalja.com.br\/arquivo\/#website"},"breadcrumb":{"@id":"https:\/\/www.jornalja.com.br\/arquivo\/marlon-santos-propoe-dialogo-e-diz-que-legislativo-nao-aceita-patrola\/#breadcrumblist"},"author":{"@id":"https:\/\/www.jornalja.com.br\/arquivo\/author\/daredacao\/#author"},"creator":{"@id":"https:\/\/www.jornalja.com.br\/arquivo\/author\/daredacao\/#author"},"image":{"@type":"ImageObject","url":59466,"@id":"https:\/\/www.jornalja.com.br\/arquivo\/marlon-santos-propoe-dialogo-e-diz-que-legislativo-nao-aceita-patrola\/#mainImage"},"primaryImageOfPage":{"@id":"https:\/\/www.jornalja.com.br\/arquivo\/marlon-santos-propoe-dialogo-e-diz-que-legislativo-nao-aceita-patrola\/#mainImage"},"datePublished":"2018-02-01T21:38:49-02:00","dateModified":"2018-02-01T21:38:49-02:00"},{"@type":"WebSite","@id":"https:\/\/www.jornalja.com.br\/arquivo\/#website","url":"https:\/\/www.jornalja.com.br\/arquivo\/","name":"Arquivo","description":"Jornal J\u00c1 | Porto Alegre","inLanguage":"pt-BR","publisher":{"@id":"https:\/\/www.jornalja.com.br\/arquivo\/#organization"}}]},"og:locale":"pt_BR","og:site_name":"Arquivo | Jornal J\u00c1 | Porto Alegre","og:type":"article","og:title":"Marlon Santos prop\u00f5e di\u00e1logo e diz que legislativo n\u00e3o aceita \u201cpatrola\u201d | Arquivo","og:url":"https:\/\/www.jornalja.com.br\/arquivo\/marlon-santos-propoe-dialogo-e-diz-que-legislativo-nao-aceita-patrola\/","og:image":"https:\/\/www.jornalja.com.br\/economics\/wp-content\/uploads\/sites\/11\/2026\/08\/ja-folhaderosto-facebook.jpg","og:image:secure_url":"https:\/\/www.jornalja.com.br\/economics\/wp-content\/uploads\/sites\/11\/2026\/08\/ja-folhaderosto-facebook.jpg","article:published_time":"2018-02-01T23:38:49+00:00","article:modified_time":"2018-02-01T23:38:49+00:00","twitter:card":"summary","twitter:title":"Marlon Santos prop\u00f5e di\u00e1logo e diz que legislativo n\u00e3o aceita \u201cpatrola\u201d | Arquivo","twitter:image":"https:\/\/www.jornalja.com.br\/economics\/wp-content\/uploads\/sites\/11\/2026\/08\/ja-folhaderosto-facebook.jpg"},"aioseo_meta_data":{"post_id":"59462","title":null,"description":null,"keywords":null,"keyphrases":null,"primary_term":null,"canonical_url":null,"og_title":null,"og_description":null,"og_object_type":"default","og_image_type":"default","og_image_url":null,"og_image_width":null,"og_image_height":null,"og_image_custom_url":null,"og_image_custom_fields":null,"og_video":null,"og_custom_url":null,"og_article_section":null,"og_article_tags":null,"twitter_use_og":false,"twitter_card":"default","twitter_image_type":"default","twitter_image_url":null,"twitter_image_custom_url":null,"twitter_image_custom_fields":null,"twitter_title":null,"twitter_description":null,"schema":{"blockGraphs":[],"customGraphs":[],"default":{"data":{"Article":[],"Course":[],"Dataset":[],"FAQPage":[],"Movie":[],"Person":[],"Product":[],"ProductReview":[],"Car":[],"Recipe":[],"Service":[],"SoftwareApplication":[],"WebPage":[]},"graphName":"","isEnabled":true},"graphs":[],"defaultGraph":"","defaultPostTypeGraph":""},"schema_type":null,"schema_type_options":null,"pillar_content":false,"robots_default":true,"robots_noindex":false,"robots_noarchive":false,"robots_nosnippet":false,"robots_nofollow":false,"robots_noimageindex":false,"robots_noodp":false,"robots_notranslate":false,"robots_max_snippet":null,"robots_max_videopreview":null,"robots_max_imagepreview":"large","priority":null,"frequency":null,"location":null,"local_seo":null,"breadcrumb_settings":null,"limit_modified_date":false,"ai":null,"created":"2020-12-20 20:18:03","updated":"2025-07-20 03:22:46","seo_analyzer_scan_date":null,"focus_keyword":null,"additional_keywords":null,"truseo_locale":null},"jetpack_sharing_enabled":true,"jetpack-related-posts":[{"id":13124,"url":"https:\/\/www.jornalja.com.br\/arquivo\/sangue-latino-no-iecine\/","url_meta":{"origin":59462,"position":0},"title":"Sangue latino no IECINE","author":"da Reda\u00e7\u00e3o","date":"18 de maio de 2014","format":false,"excerpt":"Francisco Ribeiro O Instituto Estadual de Cinema (IECINE) tem a frente, desde abril \u00faltimo, um novo diretor, o cineasta colombiano Juan Zapata, 36, que substitui Luiz Alberto Cassol. Radicado h\u00e1 dez anos em Porto Alegre, Zapata tem diante de si o desafio de conduzir at\u00e9 o final do ano um\u2026","rel":"","context":"Em &quot;Cultura-Geral&quot;","block_context":{"text":"Cultura-Geral","link":"https:\/\/www.jornalja.com.br\/arquivo\/category\/materiasecundaria\/"},"img":{"alt_text":"","src":"","width":0,"height":0},"classes":[]},{"id":13240,"url":"https:\/\/www.jornalja.com.br\/arquivo\/plano-diretor-estamos-construindo-o-caos\/","url_meta":{"origin":59462,"position":1},"title":"Plano diretor: &quot;Estamos construindo o caos&quot;","author":"Patr\u00edcia Marini","date":"26 de maio de 2014","format":false,"excerpt":"Desabafo que arquiteta Eliana Castilhos, delegada da Regi\u00e3o de Planejamento 1, postou nas redes sociais \u00e9 um testemunho do ambiente que se criou no Conselho do Plano Diretor de Porto Alegre, onde a aprova\u00e7\u00e3o de grandes empreendimentos \u00e9 empurrada guela abaixo dos conselheiros. Ao CMDUA Como delegada da Regi\u00e3o de\u2026","rel":"","context":"Em &quot;Geral&quot;","block_context":{"text":"Geral","link":"https:\/\/www.jornalja.com.br\/arquivo\/category\/geral\/"},"img":{"alt_text":"","src":"","width":0,"height":0},"classes":[]},{"id":13128,"url":"https:\/\/www.jornalja.com.br\/arquivo\/maconha-terra-diz-que-uso-medicinal-e-desculpa\/","url_meta":{"origin":59462,"position":2},"title":"Maconha: Terra diz que uso medicinal \u00e9 desculpa","author":"Patr\u00edcia Marini","date":"4 de junho de 2014","format":false,"excerpt":"A condi\u00e7\u00e3o de pol\u00edtico, em \u00e9poca de campanha de campanha eleitoral, tira for\u00e7a do discurso do m\u00e9dico Osmar Terra contra a legaliza\u00e7\u00e3o da maconha. A tese dele de que a libera\u00e7\u00e3o vai ampliar exponencialmente o consumo \u00e9 discutivel, o consumo \u00e9 corrente. Mas seus alertas quanto aos riscos tem que\u2026","rel":"","context":"Em &quot;X.Categorias velhas&quot;","block_context":{"text":"X.Categorias velhas","link":"https:\/\/www.jornalja.com.br\/arquivo\/category\/x-categorias-velhas\/"},"img":{"alt_text":"","src":"","width":0,"height":0},"classes":[]},{"id":5440,"url":"https:\/\/www.jornalja.com.br\/arquivo\/casarao-da-venancio-destino-permanece-incerto\/","url_meta":{"origin":59462,"position":3},"title":"Estado ainda n\u00e3o sabe o que fazer com casar\u00e3o abandonado h\u00e1 20 anos","author":"Elmar Bones","date":"6 de julho de 2009","format":false,"excerpt":"O casar\u00e3o amarelo, numa esquina nobre de Porto Alegre (Ven\u00e2ncio Aires com Jo\u00e3o Pessoa), j\u00e1 abrigou uma escola. H\u00e1 duas d\u00e9cadas, pelo menos, est\u00e1 abandonado, porque seu propriet\u00e1rio, o governo do Estado do Rio Grande do Sul, n\u00e3o consegue achar um destino para ele. Planos n\u00e3o faltaram. O governador Ol\u00edvio\u2026","rel":"","context":"Em &quot;X.Categorias velhas&quot;","block_context":{"text":"X.Categorias velhas","link":"https:\/\/www.jornalja.com.br\/arquivo\/category\/x-categorias-velhas\/"},"img":{"alt_text":"geraldo1","src":"https:\/\/i0.wp.com\/www.jornalja.com.br\/wp-content\/uploads\/2009\/07\/geraldo1.jpg?resize=350%2C200&ssl=1","width":350,"height":200},"classes":[]},{"id":12960,"url":"https:\/\/www.jornalja.com.br\/arquivo\/populacao-culpa-empresas-pela-greve-dos-rodoviarios\/","url_meta":{"origin":59462,"position":4},"title":"Popula\u00e7\u00e3o culpa empresas pela greve","author":"Patr\u00edcia Marini","date":"14 de fevereiro de 2014","format":false,"excerpt":"Pesquisa divulgada na edi\u00e7\u00e3o do jornal Metro desta sexta-feira,14, comprova o velho ditado: \u00e9 poss\u00edvel enganar muitos por algum tempo, mas n\u00e3o \u00e9 poss\u00edvel enganar a todos o tempo inteiro. A principal revela\u00e7\u00e3o foi que 59,8% dos entrevistados apontaram as empresas como as principais respons\u00e1veis pela grave e 46% culparam\u2026","rel":"","context":"Em &quot;X.Categorias velhas&quot;","block_context":{"text":"X.Categorias velhas","link":"https:\/\/www.jornalja.com.br\/arquivo\/category\/x-categorias-velhas\/"},"img":{"alt_text":"","src":"","width":0,"height":0},"classes":[]},{"id":13239,"url":"https:\/\/www.jornalja.com.br\/arquivo\/conselho-desdenha-do-plano-diretor\/","url_meta":{"origin":59462,"position":5},"title":"Porto Alegre: Conselho detona Plano Diretor","author":"Patr\u00edcia Marini","date":"25 de maio de 2014","format":false,"excerpt":"Den\u00fancia do arquiteto e \u00a0urbanista Ibir\u00e1 Santos Lucas. Ele diz que os conselheiros est\u00e3o votando com \"enorme irresponsabilidade\". \"Mudam regime com a maior naturalidade,,,regularizam absurdos de constru\u00e7\u00f5es irregulares... \"O CMDUA est\u00e1 flexibilizando a lei do plano diretor, de uma forma impactante na vida da cidade. Mudam regime com a maior\u2026","rel":"","context":"Em &quot;Geral&quot;","block_context":{"text":"Geral","link":"https:\/\/www.jornalja.com.br\/arquivo\/category\/geral\/"},"img":{"alt_text":"","src":"","width":0,"height":0},"classes":[]}],"jetpack_shortlink":"https:\/\/wp.me\/pbQjBd-ft4","jetpack_featured_media_url":"","_links":{"self":[{"href":"https:\/\/www.jornalja.com.br\/arquivo\/wp-json\/wp\/v2\/posts\/59462","targetHints":{"allow":["GET"]}}],"collection":[{"href":"https:\/\/www.jornalja.com.br\/arquivo\/wp-json\/wp\/v2\/posts"}],"about":[{"href":"https:\/\/www.jornalja.com.br\/arquivo\/wp-json\/wp\/v2\/types\/post"}],"author":[{"embeddable":true,"href":"https:\/\/www.jornalja.com.br\/arquivo\/wp-json\/wp\/v2\/users\/4"}],"replies":[{"embeddable":true,"href":"https:\/\/www.jornalja.com.br\/arquivo\/wp-json\/wp\/v2\/comments?post=59462"}],"version-history":[{"count":0,"href":"https:\/\/www.jornalja.com.br\/arquivo\/wp-json\/wp\/v2\/posts\/59462\/revisions"}],"wp:attachment":[{"href":"https:\/\/www.jornalja.com.br\/arquivo\/wp-json\/wp\/v2\/media?parent=59462"}],"wp:term":[{"taxonomy":"category","embeddable":true,"href":"https:\/\/www.jornalja.com.br\/arquivo\/wp-json\/wp\/v2\/categories?post=59462"},{"taxonomy":"post_tag","embeddable":true,"href":"https:\/\/www.jornalja.com.br\/arquivo\/wp-json\/wp\/v2\/tags?post=59462"}],"curies":[{"name":"wp","href":"https:\/\/api.w.org\/{rel}","templated":true}]}}