{"id":59475,"date":"2018-02-02T13:26:58","date_gmt":"2018-02-02T15:26:58","guid":{"rendered":"https:\/\/www.jornalja.com.br\/?p=59475"},"modified":"2018-02-02T13:26:58","modified_gmt":"2018-02-02T15:26:58","slug":"ambientalistas-vao-ao-mp-contra-mudancas-na-lei-dos-agrotoxicos-e-de-especies-ameacadas-de-extincao","status":"publish","type":"post","link":"https:\/\/www.jornalja.com.br\/arquivo\/ambientalistas-vao-ao-mp-contra-mudancas-na-lei-dos-agrotoxicos-e-de-especies-ameacadas-de-extincao\/","title":{"rendered":"Ambientalistas v\u00e3o ao MP contra mudan\u00e7as na lei dos agrot\u00f3xicos"},"content":{"rendered":"<p>Representantes de diversas entidades ambientalistas do Rio Grande do Sul recorreram \u00e0 promotora\u00a0 Annelise Monteiro Steigleder, da Promotoria de Justi\u00e7a de Defesa do Meio Ambiente de Porto Alegre, para tratar sobre altera\u00e7\u00f5es na legisla\u00e7\u00e3o ambiental atrav\u00e9s de decretos publicados em janeiro pelo governo do Estado.<br \/>\nA preocupa\u00e7\u00e3o \u00e9 com o Decreto Estadual n\u00ba 53.888, publicado no Di\u00e1rio Oficial do Estado, no dia 17\/01\/18, que regulamenta a lei Lei n\u00ba 7.747, de 22 de dezembro de 1982 sobre o uso dos agrot\u00f3xicos.<br \/>\nE o Decreto 53.902 alterou o decreto n\u00ba 51.797, de 8 de setembro de 2014, que declara as esp\u00e9cies da fauna silvestre amea\u00e7adas de extin\u00e7\u00e3o no RS, retirando da Funda\u00e7\u00e3o Zoobot\u00e2nica do Rio Grande do Sul a atribui\u00e7\u00e3o de elaborar listas de esp\u00e9cies da fauna amea\u00e7adas, incumbindo a SEMA. Tamb\u00e9m o Decreto n\u00ba 53.903, de 30 de janeiro de 2018, que regulamenta as \u00e1reas reconhecidas como Reserva da Biosfera, tamb\u00e9m fragiliza a legisla\u00e7\u00e3o, no entendimento dos ambientalistas.<br \/>\nForam apresentados documentos e depoimentos explicativos, tanto em termos t\u00e9cnicos sobre a mat\u00e9ria, quanto de sua implica\u00e7\u00e3o pol\u00edtica, quando somados a todos os ataques a que a legisla\u00e7\u00e3o ambiental tem sido submetida, em especial, nesses \u00faltimos anos.<br \/>\nA promotora Annelise vai aguardar informa\u00e7\u00f5es mais espec\u00edficas dos representantes de ONGs para que possa entrar com uma a\u00e7\u00e3o mais efetiva contra o Decreto 53.888. Quanto aos outros dois, ficou-se de agendar nova audi\u00eancia, mas j\u00e1 ser\u00e3o iniciadas as trocas de dados entre promotoria e ambientalistas.<br \/>\nAp\u00f3s a reuni\u00e3o <a href=\"http:\/\/www.youtube.com\/watch?time_continue=619&amp;v=ecz68NTE_2E\">ambientalistas gravaram um v\u00eddeo esclarecendo a popula\u00e7\u00e3o<\/a>.<br \/>\nParticiparam as seguintes entidades: o Movimento Ga\u00facho em Defesa do Meio Ambiente &#8211; Mogdema,\u00a0 Assembleia Permanente de Entidades em Defesa do Meio Ambiente do RS &#8211; Apedema-RS,\u00a0 ABA Agroecologia, Coceargs, N\u00facleo de Ecojornalistas do RS,\u00a0 ING\u00c1 e Greenpeace<\/p>\n","protected":false},"excerpt":{"rendered":"<p>Representantes de diversas entidades ambientalistas do Rio Grande do Sul recorreram \u00e0 promotora\u00a0 Annelise Monteiro Steigleder, da Promotoria de Justi\u00e7a de Defesa do Meio Ambiente de Porto Alegre, para tratar sobre altera\u00e7\u00f5es na legisla\u00e7\u00e3o ambiental atrav\u00e9s de decretos publicados em janeiro pelo governo do Estado. A preocupa\u00e7\u00e3o \u00e9 com o Decreto Estadual n\u00ba 53.888, publicado [&hellip;]<\/p>\n","protected":false},"author":4,"featured_media":59476,"comment_status":"open","ping_status":"closed","sticky":false,"template":"","format":"standard","meta":{"_jetpack_newsletter_access":"","_jetpack_dont_email_post_to_subs":false,"_jetpack_newsletter_tier_id":0,"_jetpack_memberships_contains_paywalled_content":false,"_jetpack_feature_clip_id":0,"_jetpack_memberships_contains_paid_content":false,"footnotes":"","jetpack_post_was_ever_published":false},"categories":[26],"tags":[],"class_list":["post-59475","post","type-post","status-publish","format-standard","has-post-thumbnail","hentry","category-geral"],"aioseo_notices":[],"aioseo_head":"\n\t\t<!-- All in One SEO 5.0.1.1 - aioseo.com -->\n\t<meta name=\"robots\" content=\"max-image-preview:large\" \/>\n\t<meta name=\"author\" content=\"da Reda\u00e7\u00e3o\"\/>\n\t<link rel=\"canonical\" href=\"https:\/\/www.jornalja.com.br\/arquivo\/ambientalistas-vao-ao-mp-contra-mudancas-na-lei-dos-agrotoxicos-e-de-especies-ameacadas-de-extincao\/\" \/>\n\t<meta name=\"generator\" content=\"All in One SEO (AIOSEO) 5.0.1.1\" \/>\n\t\t<meta property=\"og:locale\" content=\"pt_BR\" \/>\n\t\t<meta property=\"og:site_name\" content=\"Arquivo | Jornal J\u00c1 | Porto Alegre\" \/>\n\t\t<meta property=\"og:type\" content=\"article\" \/>\n\t\t<meta property=\"og:title\" content=\"Ambientalistas v\u00e3o ao MP contra mudan\u00e7as na lei dos agrot\u00f3xicos | Arquivo\" \/>\n\t\t<meta property=\"og:url\" content=\"https:\/\/www.jornalja.com.br\/arquivo\/ambientalistas-vao-ao-mp-contra-mudancas-na-lei-dos-agrotoxicos-e-de-especies-ameacadas-de-extincao\/\" \/>\n\t\t<meta property=\"og:image\" content=\"https:\/\/www.jornalja.com.br\/economics\/wp-content\/uploads\/sites\/11\/2026\/08\/ja-folhaderosto-facebook.jpg\" \/>\n\t\t<meta property=\"og:image:secure_url\" content=\"https:\/\/www.jornalja.com.br\/economics\/wp-content\/uploads\/sites\/11\/2026\/08\/ja-folhaderosto-facebook.jpg\" \/>\n\t\t<meta property=\"article:published_time\" content=\"2018-02-02T15:26:58+00:00\" \/>\n\t\t<meta property=\"article:modified_time\" content=\"2018-02-02T15:26:58+00:00\" \/>\n\t\t<meta name=\"twitter:card\" content=\"summary\" \/>\n\t\t<meta name=\"twitter:title\" content=\"Ambientalistas v\u00e3o ao MP contra mudan\u00e7as na lei dos agrot\u00f3xicos | Arquivo\" \/>\n\t\t<meta name=\"twitter:image\" content=\"https:\/\/www.jornalja.com.br\/economics\/wp-content\/uploads\/sites\/11\/2026\/08\/ja-folhaderosto-facebook.jpg\" \/>\n\t\t<script type=\"application\/ld+json\" class=\"aioseo-schema\">\n\t\t\t{\"@context\":\"https:\\\/\\\/schema.org\",\"@graph\":[{\"@type\":\"BlogPosting\",\"@id\":\"https:\\\/\\\/www.jornalja.com.br\\\/arquivo\\\/ambientalistas-vao-ao-mp-contra-mudancas-na-lei-dos-agrotoxicos-e-de-especies-ameacadas-de-extincao\\\/#blogposting\",\"name\":\"Ambientalistas v\\u00e3o ao MP contra mudan\\u00e7as na lei dos agrot\\u00f3xicos | Arquivo\",\"headline\":\"Ambientalistas v\\u00e3o ao MP contra mudan\\u00e7as na lei dos agrot\\u00f3xicos\",\"author\":{\"@id\":\"https:\\\/\\\/www.jornalja.com.br\\\/arquivo\\\/author\\\/daredacao\\\/#author\"},\"publisher\":{\"@id\":\"https:\\\/\\\/www.jornalja.com.br\\\/arquivo\\\/#organization\"},\"image\":{\"@type\":\"ImageObject\",\"url\":59476},\"datePublished\":\"2018-02-02T13:26:58-02:00\",\"dateModified\":\"2018-02-02T13:26:58-02:00\",\"inLanguage\":\"pt-BR\",\"mainEntityOfPage\":{\"@id\":\"https:\\\/\\\/www.jornalja.com.br\\\/arquivo\\\/ambientalistas-vao-ao-mp-contra-mudancas-na-lei-dos-agrotoxicos-e-de-especies-ameacadas-de-extincao\\\/#webpage\"},\"isPartOf\":{\"@id\":\"https:\\\/\\\/www.jornalja.com.br\\\/arquivo\\\/ambientalistas-vao-ao-mp-contra-mudancas-na-lei-dos-agrotoxicos-e-de-especies-ameacadas-de-extincao\\\/#webpage\"},\"articleSection\":\"Geral\"},{\"@type\":\"BreadcrumbList\",\"@id\":\"https:\\\/\\\/www.jornalja.com.br\\\/arquivo\\\/ambientalistas-vao-ao-mp-contra-mudancas-na-lei-dos-agrotoxicos-e-de-especies-ameacadas-de-extincao\\\/#breadcrumblist\",\"itemListElement\":[{\"@type\":\"ListItem\",\"@id\":\"https:\\\/\\\/www.jornalja.com.br\\\/arquivo#listItem\",\"position\":1,\"name\":\"Home\",\"item\":\"https:\\\/\\\/www.jornalja.com.br\\\/arquivo\",\"nextItem\":{\"@type\":\"ListItem\",\"@id\":\"https:\\\/\\\/www.jornalja.com.br\\\/arquivo\\\/category\\\/geral\\\/#listItem\",\"name\":\"Geral\"}},{\"@type\":\"ListItem\",\"@id\":\"https:\\\/\\\/www.jornalja.com.br\\\/arquivo\\\/category\\\/geral\\\/#listItem\",\"position\":2,\"name\":\"Geral\",\"item\":\"https:\\\/\\\/www.jornalja.com.br\\\/arquivo\\\/category\\\/geral\\\/\",\"nextItem\":{\"@type\":\"ListItem\",\"@id\":\"https:\\\/\\\/www.jornalja.com.br\\\/arquivo\\\/ambientalistas-vao-ao-mp-contra-mudancas-na-lei-dos-agrotoxicos-e-de-especies-ameacadas-de-extincao\\\/#listItem\",\"name\":\"Ambientalistas v\\u00e3o ao MP contra mudan\\u00e7as na lei dos agrot\\u00f3xicos\"},\"previousItem\":{\"@type\":\"ListItem\",\"@id\":\"https:\\\/\\\/www.jornalja.com.br\\\/arquivo#listItem\",\"name\":\"Home\"}},{\"@type\":\"ListItem\",\"@id\":\"https:\\\/\\\/www.jornalja.com.br\\\/arquivo\\\/ambientalistas-vao-ao-mp-contra-mudancas-na-lei-dos-agrotoxicos-e-de-especies-ameacadas-de-extincao\\\/#listItem\",\"position\":3,\"name\":\"Ambientalistas v\\u00e3o ao MP contra mudan\\u00e7as na lei dos agrot\\u00f3xicos\",\"previousItem\":{\"@type\":\"ListItem\",\"@id\":\"https:\\\/\\\/www.jornalja.com.br\\\/arquivo\\\/category\\\/geral\\\/#listItem\",\"name\":\"Geral\"}}]},{\"@type\":\"Organization\",\"@id\":\"https:\\\/\\\/www.jornalja.com.br\\\/arquivo\\\/#organization\",\"name\":\"Jornal J\\u00c1\",\"description\":\"Jornal J\\u00c1 | Porto Alegre\",\"url\":\"https:\\\/\\\/www.jornalja.com.br\\\/arquivo\\\/\",\"telephone\":\"+555133307272\",\"logo\":{\"@type\":\"ImageObject\",\"url\":\"https:\\\/\\\/www.jornalja.com.br\\\/wp-content\\\/uploads\\\/cards\\\/JAslogan.png\",\"@id\":\"https:\\\/\\\/www.jornalja.com.br\\\/arquivo\\\/ambientalistas-vao-ao-mp-contra-mudancas-na-lei-dos-agrotoxicos-e-de-especies-ameacadas-de-extincao\\\/#organizationLogo\"},\"image\":{\"@id\":\"https:\\\/\\\/www.jornalja.com.br\\\/arquivo\\\/ambientalistas-vao-ao-mp-contra-mudancas-na-lei-dos-agrotoxicos-e-de-especies-ameacadas-de-extincao\\\/#organizationLogo\"}},{\"@type\":\"Person\",\"@id\":\"https:\\\/\\\/www.jornalja.com.br\\\/arquivo\\\/author\\\/daredacao\\\/#author\",\"url\":\"https:\\\/\\\/www.jornalja.com.br\\\/arquivo\\\/author\\\/daredacao\\\/\",\"name\":\"da Reda\\u00e7\\u00e3o\",\"image\":{\"@type\":\"ImageObject\",\"@id\":\"https:\\\/\\\/www.jornalja.com.br\\\/arquivo\\\/ambientalistas-vao-ao-mp-contra-mudancas-na-lei-dos-agrotoxicos-e-de-especies-ameacadas-de-extincao\\\/#authorImage\",\"url\":\"https:\\\/\\\/secure.gravatar.com\\\/avatar\\\/469fd857d6605ad19919d27ed29d35a968a25f6e8fd9318356bbb7f57aae9c65?s=96&d=mm&r=g\",\"width\":96,\"height\":96,\"caption\":\"da Reda\\u00e7\\u00e3o\"}},{\"@type\":\"WebPage\",\"@id\":\"https:\\\/\\\/www.jornalja.com.br\\\/arquivo\\\/ambientalistas-vao-ao-mp-contra-mudancas-na-lei-dos-agrotoxicos-e-de-especies-ameacadas-de-extincao\\\/#webpage\",\"url\":\"https:\\\/\\\/www.jornalja.com.br\\\/arquivo\\\/ambientalistas-vao-ao-mp-contra-mudancas-na-lei-dos-agrotoxicos-e-de-especies-ameacadas-de-extincao\\\/\",\"name\":\"Ambientalistas v\\u00e3o ao MP contra mudan\\u00e7as na lei dos agrot\\u00f3xicos | Arquivo\",\"inLanguage\":\"pt-BR\",\"isPartOf\":{\"@id\":\"https:\\\/\\\/www.jornalja.com.br\\\/arquivo\\\/#website\"},\"breadcrumb\":{\"@id\":\"https:\\\/\\\/www.jornalja.com.br\\\/arquivo\\\/ambientalistas-vao-ao-mp-contra-mudancas-na-lei-dos-agrotoxicos-e-de-especies-ameacadas-de-extincao\\\/#breadcrumblist\"},\"author\":{\"@id\":\"https:\\\/\\\/www.jornalja.com.br\\\/arquivo\\\/author\\\/daredacao\\\/#author\"},\"creator\":{\"@id\":\"https:\\\/\\\/www.jornalja.com.br\\\/arquivo\\\/author\\\/daredacao\\\/#author\"},\"image\":{\"@type\":\"ImageObject\",\"url\":59476,\"@id\":\"https:\\\/\\\/www.jornalja.com.br\\\/arquivo\\\/ambientalistas-vao-ao-mp-contra-mudancas-na-lei-dos-agrotoxicos-e-de-especies-ameacadas-de-extincao\\\/#mainImage\"},\"primaryImageOfPage\":{\"@id\":\"https:\\\/\\\/www.jornalja.com.br\\\/arquivo\\\/ambientalistas-vao-ao-mp-contra-mudancas-na-lei-dos-agrotoxicos-e-de-especies-ameacadas-de-extincao\\\/#mainImage\"},\"datePublished\":\"2018-02-02T13:26:58-02:00\",\"dateModified\":\"2018-02-02T13:26:58-02:00\"},{\"@type\":\"WebSite\",\"@id\":\"https:\\\/\\\/www.jornalja.com.br\\\/arquivo\\\/#website\",\"url\":\"https:\\\/\\\/www.jornalja.com.br\\\/arquivo\\\/\",\"name\":\"Arquivo\",\"description\":\"Jornal J\\u00c1 | Porto Alegre\",\"inLanguage\":\"pt-BR\",\"publisher\":{\"@id\":\"https:\\\/\\\/www.jornalja.com.br\\\/arquivo\\\/#organization\"}}]}\n\t\t<\/script>\n\t\t<!-- All in One SEO -->\n\n","aioseo_head_json":{"title":"Ambientalistas v\u00e3o ao MP contra mudan\u00e7as na lei dos agrot\u00f3xicos | Arquivo","description":"","canonical_url":"https:\/\/www.jornalja.com.br\/arquivo\/ambientalistas-vao-ao-mp-contra-mudancas-na-lei-dos-agrotoxicos-e-de-especies-ameacadas-de-extincao\/","robots":"max-image-preview:large","keywords":"","webmasterTools":{"miscellaneous":""},"schema":{"@context":"https:\/\/schema.org","@graph":[{"@type":"BlogPosting","@id":"https:\/\/www.jornalja.com.br\/arquivo\/ambientalistas-vao-ao-mp-contra-mudancas-na-lei-dos-agrotoxicos-e-de-especies-ameacadas-de-extincao\/#blogposting","name":"Ambientalistas v\u00e3o ao MP contra mudan\u00e7as na lei dos agrot\u00f3xicos | Arquivo","headline":"Ambientalistas v\u00e3o ao MP contra mudan\u00e7as na lei dos agrot\u00f3xicos","author":{"@id":"https:\/\/www.jornalja.com.br\/arquivo\/author\/daredacao\/#author"},"publisher":{"@id":"https:\/\/www.jornalja.com.br\/arquivo\/#organization"},"image":{"@type":"ImageObject","url":59476},"datePublished":"2018-02-02T13:26:58-02:00","dateModified":"2018-02-02T13:26:58-02:00","inLanguage":"pt-BR","mainEntityOfPage":{"@id":"https:\/\/www.jornalja.com.br\/arquivo\/ambientalistas-vao-ao-mp-contra-mudancas-na-lei-dos-agrotoxicos-e-de-especies-ameacadas-de-extincao\/#webpage"},"isPartOf":{"@id":"https:\/\/www.jornalja.com.br\/arquivo\/ambientalistas-vao-ao-mp-contra-mudancas-na-lei-dos-agrotoxicos-e-de-especies-ameacadas-de-extincao\/#webpage"},"articleSection":"Geral"},{"@type":"BreadcrumbList","@id":"https:\/\/www.jornalja.com.br\/arquivo\/ambientalistas-vao-ao-mp-contra-mudancas-na-lei-dos-agrotoxicos-e-de-especies-ameacadas-de-extincao\/#breadcrumblist","itemListElement":[{"@type":"ListItem","@id":"https:\/\/www.jornalja.com.br\/arquivo#listItem","position":1,"name":"Home","item":"https:\/\/www.jornalja.com.br\/arquivo","nextItem":{"@type":"ListItem","@id":"https:\/\/www.jornalja.com.br\/arquivo\/category\/geral\/#listItem","name":"Geral"}},{"@type":"ListItem","@id":"https:\/\/www.jornalja.com.br\/arquivo\/category\/geral\/#listItem","position":2,"name":"Geral","item":"https:\/\/www.jornalja.com.br\/arquivo\/category\/geral\/","nextItem":{"@type":"ListItem","@id":"https:\/\/www.jornalja.com.br\/arquivo\/ambientalistas-vao-ao-mp-contra-mudancas-na-lei-dos-agrotoxicos-e-de-especies-ameacadas-de-extincao\/#listItem","name":"Ambientalistas v\u00e3o ao MP contra mudan\u00e7as na lei dos agrot\u00f3xicos"},"previousItem":{"@type":"ListItem","@id":"https:\/\/www.jornalja.com.br\/arquivo#listItem","name":"Home"}},{"@type":"ListItem","@id":"https:\/\/www.jornalja.com.br\/arquivo\/ambientalistas-vao-ao-mp-contra-mudancas-na-lei-dos-agrotoxicos-e-de-especies-ameacadas-de-extincao\/#listItem","position":3,"name":"Ambientalistas v\u00e3o ao MP contra mudan\u00e7as na lei dos agrot\u00f3xicos","previousItem":{"@type":"ListItem","@id":"https:\/\/www.jornalja.com.br\/arquivo\/category\/geral\/#listItem","name":"Geral"}}]},{"@type":"Organization","@id":"https:\/\/www.jornalja.com.br\/arquivo\/#organization","name":"Jornal J\u00c1","description":"Jornal J\u00c1 | Porto Alegre","url":"https:\/\/www.jornalja.com.br\/arquivo\/","telephone":"+555133307272","logo":{"@type":"ImageObject","url":"https:\/\/www.jornalja.com.br\/wp-content\/uploads\/cards\/JAslogan.png","@id":"https:\/\/www.jornalja.com.br\/arquivo\/ambientalistas-vao-ao-mp-contra-mudancas-na-lei-dos-agrotoxicos-e-de-especies-ameacadas-de-extincao\/#organizationLogo"},"image":{"@id":"https:\/\/www.jornalja.com.br\/arquivo\/ambientalistas-vao-ao-mp-contra-mudancas-na-lei-dos-agrotoxicos-e-de-especies-ameacadas-de-extincao\/#organizationLogo"}},{"@type":"Person","@id":"https:\/\/www.jornalja.com.br\/arquivo\/author\/daredacao\/#author","url":"https:\/\/www.jornalja.com.br\/arquivo\/author\/daredacao\/","name":"da Reda\u00e7\u00e3o","image":{"@type":"ImageObject","@id":"https:\/\/www.jornalja.com.br\/arquivo\/ambientalistas-vao-ao-mp-contra-mudancas-na-lei-dos-agrotoxicos-e-de-especies-ameacadas-de-extincao\/#authorImage","url":"https:\/\/secure.gravatar.com\/avatar\/469fd857d6605ad19919d27ed29d35a968a25f6e8fd9318356bbb7f57aae9c65?s=96&d=mm&r=g","width":96,"height":96,"caption":"da Reda\u00e7\u00e3o"}},{"@type":"WebPage","@id":"https:\/\/www.jornalja.com.br\/arquivo\/ambientalistas-vao-ao-mp-contra-mudancas-na-lei-dos-agrotoxicos-e-de-especies-ameacadas-de-extincao\/#webpage","url":"https:\/\/www.jornalja.com.br\/arquivo\/ambientalistas-vao-ao-mp-contra-mudancas-na-lei-dos-agrotoxicos-e-de-especies-ameacadas-de-extincao\/","name":"Ambientalistas v\u00e3o ao MP contra mudan\u00e7as na lei dos agrot\u00f3xicos | Arquivo","inLanguage":"pt-BR","isPartOf":{"@id":"https:\/\/www.jornalja.com.br\/arquivo\/#website"},"breadcrumb":{"@id":"https:\/\/www.jornalja.com.br\/arquivo\/ambientalistas-vao-ao-mp-contra-mudancas-na-lei-dos-agrotoxicos-e-de-especies-ameacadas-de-extincao\/#breadcrumblist"},"author":{"@id":"https:\/\/www.jornalja.com.br\/arquivo\/author\/daredacao\/#author"},"creator":{"@id":"https:\/\/www.jornalja.com.br\/arquivo\/author\/daredacao\/#author"},"image":{"@type":"ImageObject","url":59476,"@id":"https:\/\/www.jornalja.com.br\/arquivo\/ambientalistas-vao-ao-mp-contra-mudancas-na-lei-dos-agrotoxicos-e-de-especies-ameacadas-de-extincao\/#mainImage"},"primaryImageOfPage":{"@id":"https:\/\/www.jornalja.com.br\/arquivo\/ambientalistas-vao-ao-mp-contra-mudancas-na-lei-dos-agrotoxicos-e-de-especies-ameacadas-de-extincao\/#mainImage"},"datePublished":"2018-02-02T13:26:58-02:00","dateModified":"2018-02-02T13:26:58-02:00"},{"@type":"WebSite","@id":"https:\/\/www.jornalja.com.br\/arquivo\/#website","url":"https:\/\/www.jornalja.com.br\/arquivo\/","name":"Arquivo","description":"Jornal J\u00c1 | Porto Alegre","inLanguage":"pt-BR","publisher":{"@id":"https:\/\/www.jornalja.com.br\/arquivo\/#organization"}}]},"og:locale":"pt_BR","og:site_name":"Arquivo | Jornal J\u00c1 | Porto Alegre","og:type":"article","og:title":"Ambientalistas v\u00e3o ao MP contra mudan\u00e7as na lei dos agrot\u00f3xicos | Arquivo","og:url":"https:\/\/www.jornalja.com.br\/arquivo\/ambientalistas-vao-ao-mp-contra-mudancas-na-lei-dos-agrotoxicos-e-de-especies-ameacadas-de-extincao\/","og:image":"https:\/\/www.jornalja.com.br\/economics\/wp-content\/uploads\/sites\/11\/2026\/08\/ja-folhaderosto-facebook.jpg","og:image:secure_url":"https:\/\/www.jornalja.com.br\/economics\/wp-content\/uploads\/sites\/11\/2026\/08\/ja-folhaderosto-facebook.jpg","article:published_time":"2018-02-02T15:26:58+00:00","article:modified_time":"2018-02-02T15:26:58+00:00","twitter:card":"summary","twitter:title":"Ambientalistas v\u00e3o ao MP contra mudan\u00e7as na lei dos agrot\u00f3xicos | Arquivo","twitter:image":"https:\/\/www.jornalja.com.br\/economics\/wp-content\/uploads\/sites\/11\/2026\/08\/ja-folhaderosto-facebook.jpg"},"aioseo_meta_data":{"post_id":"59475","title":null,"description":null,"keywords":null,"keyphrases":null,"primary_term":null,"canonical_url":null,"og_title":null,"og_description":null,"og_object_type":"default","og_image_type":"default","og_image_url":null,"og_image_width":null,"og_image_height":null,"og_image_custom_url":null,"og_image_custom_fields":null,"og_video":null,"og_custom_url":null,"og_article_section":null,"og_article_tags":null,"twitter_use_og":false,"twitter_card":"default","twitter_image_type":"default","twitter_image_url":null,"twitter_image_custom_url":null,"twitter_image_custom_fields":null,"twitter_title":null,"twitter_description":null,"schema":{"blockGraphs":[],"customGraphs":[],"default":{"data":{"Article":[],"Course":[],"Dataset":[],"FAQPage":[],"Movie":[],"Person":[],"Product":[],"ProductReview":[],"Car":[],"Recipe":[],"Service":[],"SoftwareApplication":[],"WebPage":[]},"graphName":"","isEnabled":true},"graphs":[],"defaultGraph":"","defaultPostTypeGraph":""},"schema_type":null,"schema_type_options":null,"pillar_content":false,"robots_default":true,"robots_noindex":false,"robots_noarchive":false,"robots_nosnippet":false,"robots_nofollow":false,"robots_noimageindex":false,"robots_noodp":false,"robots_notranslate":false,"robots_max_snippet":null,"robots_max_videopreview":null,"robots_max_imagepreview":"large","priority":null,"frequency":null,"location":null,"local_seo":null,"breadcrumb_settings":null,"limit_modified_date":false,"ai":null,"created":"2020-12-20 20:18:02","updated":"2025-07-20 03:22:46","seo_analyzer_scan_date":null,"focus_keyword":null,"additional_keywords":null,"truseo_locale":null},"jetpack_sharing_enabled":true,"jetpack-related-posts":[{"id":13109,"url":"https:\/\/www.jornalja.com.br\/arquivo\/judiciario-reconhece-poluicao-eletromagnetica\/","url_meta":{"origin":59475,"position":0},"title":"Judici\u00e1rio reconhece polui\u00e7\u00e3o eletromagn\u00e9tica","author":"Patr\u00edcia Marini","date":"16 de maio de 2014","format":false,"excerpt":"A\u00e7\u00e3o de duas associa\u00e7\u00f5es de moradores foi acolhida pelo Tribunal de Justi\u00e7a de S\u00e3o Paulo que. em decis\u00e3o in\u00e9dita, determinou a redu\u00e7\u00e3o do campo eletromagn\u00e9tico gerado pelas linhas de transmiss\u00e3o de energia que cortam os bairros City Boa\u00e7ava e Alto de Pinheiros. \u00c9 a primeira vez que um tribunal do\u2026","rel":"","context":"Em &quot;X.Categorias velhas&quot;","block_context":{"text":"X.Categorias velhas","link":"https:\/\/www.jornalja.com.br\/arquivo\/category\/x-categorias-velhas\/"},"img":{"alt_text":"","src":"","width":0,"height":0},"classes":[]},{"id":14241,"url":"https:\/\/www.jornalja.com.br\/arquivo\/o-guaiba-nas-imagens-poeticas-de-achutti\/","url_meta":{"origin":59475,"position":1},"title":"O Gua\u00edba nas imagens po\u00e9ticas de Achutti","author":"da Reda\u00e7\u00e3o","date":"18 de junho de 2014","format":false,"excerpt":"Em \u201cO Gua\u00edba por Achutti\u201d \u2013 obra financiada via Minist\u00e9rio da Cultura, produ\u00e7\u00e3o executiva de Pedro Longhi, e Fl\u00e1vio Wild como designer \u2013, o fot\u00f3grafo revela a beleza e as mazelas de um espa\u00e7o aqu\u00e1tico de \u00e1guas sempre renovadas, cheio de hist\u00f3rias e lendas como as das cidades que foram\u2026","rel":"","context":"Em &quot;Cultura-Geral&quot;","block_context":{"text":"Cultura-Geral","link":"https:\/\/www.jornalja.com.br\/arquivo\/category\/materiasecundaria\/"},"img":{"alt_text":"","src":"","width":0,"height":0},"classes":[]},{"id":5440,"url":"https:\/\/www.jornalja.com.br\/arquivo\/casarao-da-venancio-destino-permanece-incerto\/","url_meta":{"origin":59475,"position":2},"title":"Estado ainda n\u00e3o sabe o que fazer com casar\u00e3o abandonado h\u00e1 20 anos","author":"Elmar Bones","date":"6 de julho de 2009","format":false,"excerpt":"O casar\u00e3o amarelo, numa esquina nobre de Porto Alegre (Ven\u00e2ncio Aires com Jo\u00e3o Pessoa), j\u00e1 abrigou uma escola. H\u00e1 duas d\u00e9cadas, pelo menos, est\u00e1 abandonado, porque seu propriet\u00e1rio, o governo do Estado do Rio Grande do Sul, n\u00e3o consegue achar um destino para ele. Planos n\u00e3o faltaram. O governador Ol\u00edvio\u2026","rel":"","context":"Em &quot;X.Categorias velhas&quot;","block_context":{"text":"X.Categorias velhas","link":"https:\/\/www.jornalja.com.br\/arquivo\/category\/x-categorias-velhas\/"},"img":{"alt_text":"geraldo1","src":"https:\/\/i0.wp.com\/www.jornalja.com.br\/wp-content\/uploads\/2009\/07\/geraldo1.jpg?resize=350%2C200&ssl=1","width":350,"height":200},"classes":[]},{"id":13128,"url":"https:\/\/www.jornalja.com.br\/arquivo\/maconha-terra-diz-que-uso-medicinal-e-desculpa\/","url_meta":{"origin":59475,"position":3},"title":"Maconha: Terra diz que uso medicinal \u00e9 desculpa","author":"Patr\u00edcia Marini","date":"4 de junho de 2014","format":false,"excerpt":"A condi\u00e7\u00e3o de pol\u00edtico, em \u00e9poca de campanha de campanha eleitoral, tira for\u00e7a do discurso do m\u00e9dico Osmar Terra contra a legaliza\u00e7\u00e3o da maconha. A tese dele de que a libera\u00e7\u00e3o vai ampliar exponencialmente o consumo \u00e9 discutivel, o consumo \u00e9 corrente. Mas seus alertas quanto aos riscos tem que\u2026","rel":"","context":"Em &quot;X.Categorias velhas&quot;","block_context":{"text":"X.Categorias velhas","link":"https:\/\/www.jornalja.com.br\/arquivo\/category\/x-categorias-velhas\/"},"img":{"alt_text":"","src":"","width":0,"height":0},"classes":[]},{"id":13124,"url":"https:\/\/www.jornalja.com.br\/arquivo\/sangue-latino-no-iecine\/","url_meta":{"origin":59475,"position":4},"title":"Sangue latino no IECINE","author":"da Reda\u00e7\u00e3o","date":"18 de maio de 2014","format":false,"excerpt":"Francisco Ribeiro O Instituto Estadual de Cinema (IECINE) tem a frente, desde abril \u00faltimo, um novo diretor, o cineasta colombiano Juan Zapata, 36, que substitui Luiz Alberto Cassol. Radicado h\u00e1 dez anos em Porto Alegre, Zapata tem diante de si o desafio de conduzir at\u00e9 o final do ano um\u2026","rel":"","context":"Em &quot;Cultura-Geral&quot;","block_context":{"text":"Cultura-Geral","link":"https:\/\/www.jornalja.com.br\/arquivo\/category\/materiasecundaria\/"},"img":{"alt_text":"","src":"","width":0,"height":0},"classes":[]},{"id":13239,"url":"https:\/\/www.jornalja.com.br\/arquivo\/conselho-desdenha-do-plano-diretor\/","url_meta":{"origin":59475,"position":5},"title":"Porto Alegre: Conselho detona Plano Diretor","author":"Patr\u00edcia Marini","date":"25 de maio de 2014","format":false,"excerpt":"Den\u00fancia do arquiteto e \u00a0urbanista Ibir\u00e1 Santos Lucas. Ele diz que os conselheiros est\u00e3o votando com \"enorme irresponsabilidade\". \"Mudam regime com a maior naturalidade,,,regularizam absurdos de constru\u00e7\u00f5es irregulares... \"O CMDUA est\u00e1 flexibilizando a lei do plano diretor, de uma forma impactante na vida da cidade. Mudam regime com a maior\u2026","rel":"","context":"Em &quot;Geral&quot;","block_context":{"text":"Geral","link":"https:\/\/www.jornalja.com.br\/arquivo\/category\/geral\/"},"img":{"alt_text":"","src":"","width":0,"height":0},"classes":[]}],"jetpack_shortlink":"https:\/\/wp.me\/pbQjBd-fth","jetpack_featured_media_url":"","_links":{"self":[{"href":"https:\/\/www.jornalja.com.br\/arquivo\/wp-json\/wp\/v2\/posts\/59475","targetHints":{"allow":["GET"]}}],"collection":[{"href":"https:\/\/www.jornalja.com.br\/arquivo\/wp-json\/wp\/v2\/posts"}],"about":[{"href":"https:\/\/www.jornalja.com.br\/arquivo\/wp-json\/wp\/v2\/types\/post"}],"author":[{"embeddable":true,"href":"https:\/\/www.jornalja.com.br\/arquivo\/wp-json\/wp\/v2\/users\/4"}],"replies":[{"embeddable":true,"href":"https:\/\/www.jornalja.com.br\/arquivo\/wp-json\/wp\/v2\/comments?post=59475"}],"version-history":[{"count":0,"href":"https:\/\/www.jornalja.com.br\/arquivo\/wp-json\/wp\/v2\/posts\/59475\/revisions"}],"wp:attachment":[{"href":"https:\/\/www.jornalja.com.br\/arquivo\/wp-json\/wp\/v2\/media?parent=59475"}],"wp:term":[{"taxonomy":"category","embeddable":true,"href":"https:\/\/www.jornalja.com.br\/arquivo\/wp-json\/wp\/v2\/categories?post=59475"},{"taxonomy":"post_tag","embeddable":true,"href":"https:\/\/www.jornalja.com.br\/arquivo\/wp-json\/wp\/v2\/tags?post=59475"}],"curies":[{"name":"wp","href":"https:\/\/api.w.org\/{rel}","templated":true}]}}