{"id":59545,"date":"2018-02-05T08:23:03","date_gmt":"2018-02-05T10:23:03","guid":{"rendered":"https:\/\/www.jornalja.com.br\/?p=59545"},"modified":"2018-02-05T08:23:03","modified_gmt":"2018-02-05T10:23:03","slug":"villaverde-denuncia-retrocesso-na-legislacao-que-regula-o-uso-de-agrotoxicos","status":"publish","type":"post","link":"https:\/\/www.jornalja.com.br\/arquivo\/villaverde-denuncia-retrocesso-na-legislacao-que-regula-o-uso-de-agrotoxicos\/","title":{"rendered":"Villaverde denuncia retrocesso na legisla\u00e7\u00e3o que regula o uso de agrot\u00f3xicos"},"content":{"rendered":"<p>O deputado Ad\u00e3o Villaverde (PT) apoiou a den\u00fancia do F\u00f3rum Ga\u00facho de Combate aos Impactos dos Agrot\u00f3xicos que em nota repudiou o decreto assinado pelo governador Sartori alterando legisla\u00e7\u00e3o pioneira do estado, elaborada pela Assembleia Legislativa em dezembro de 1982, regrando o ingresso de pesticidas agr\u00edcolas no solo ga\u00facho.<br \/>\nSegundo o F\u00f3rum, o decreto estadual 53.888, de 16 de janeiro deste ano, representa \u201cgrave amea\u00e7a \u00e0 sa\u00fade da popula\u00e7\u00e3o ga\u00facha e ao meio ambiente, caracterizando importante retrocesso na Legisla\u00e7\u00e3o que rege a mat\u00e9ria\u201d .<br \/>\n\u201cA mudan\u00e7a permitir\u00e1 o ingresso em nosso estado de produtos n\u00e3o autorizados nos pr\u00f3prios pa\u00edses em que foi criada a s\u00edntese correspondente ao princ\u00edpio ativo, bastando apenas que sejam produzidos nos Pa\u00edses em que os produtos tenham o uso autorizado, o que n\u00e3o se admite em raz\u00e3o do maior risco de preju\u00edzo \u00e0 sa\u00fade e ao meio ambiente\u201d, alerta a entidade .<br \/>\nA lei estadual determinava que para comprovar que o produto tem seu uso autorizado no pa\u00eds de origem, deveria ser apresentada \u201ccertid\u00e3o emitida pelo \u00f3rg\u00e3o competente do respectivo pa\u00eds\u201d. Considerando como \u201cpa\u00eds de origem\u201d, aquele \u201cem que \u00e9 gerada ou manufaturada a tecnologia e aquele de onde o produto \u00e9 importado\u201d.<br \/>\nA altera\u00e7\u00e3o fez com que o texto passasse a afirmar que \u201cpa\u00eds de origem\u201d seria aquele em que o agrot\u00f3xico, componente ou afim for produzido\u201d. Ou seja, tira a base legal que permitia rejeitar um agrot\u00f3xico sem registro no pa\u00eds onde foi sintetizado.<br \/>\nO grupo cita como exemplo o caso da Syngenta, que produz o Paraquat, produto de uso proibido na Su\u00ed\u00e7a, pa\u00eds sede da empresa. \u201cPelo simples fato de produzir nos Estados Unidos passa a ter autoriza\u00e7\u00e3o para comercializ\u00e1-lo em nosso estado. Situa\u00e7\u00f5es similares devem ser esperadas para o caso do Tiram (proibido nos EUA por ser mutag\u00eanico, com impacto sobre o sistema reprodutivo), da parationa met\u00edlica (proibida na Comunidade Europeia por ser neurot\u00f3xica e suspeita de mutag\u00eanica e carcinog\u00eanica) e outros produtos.<br \/>\nVillaverde recorda que homenageou a passagem dos 30 anos da legisla\u00e7\u00e3o 7.747\/1982, destacando sua enorme dimens\u00e3o na preserva\u00e7\u00e3o da sa\u00fade e da vida da popula\u00e7\u00e3o no RS.<br \/>\n\u00c0 \u00e9poca, em 2012, justificou a iniciativa: &#8220;Marco hist\u00f3rico e refer\u00eancia para o regramento legal de outros estados, a lei completa tr\u00eas d\u00e9cadas com n\u00e3o poucas tentativas de mudan\u00e7as, que est\u00e3o sempre rondando o espectro pol\u00edtico e de gest\u00e3o do nosso Estado.<br \/>\n&nbsp;<br \/>\n\u201cO mais lament\u00e1vel \u00e9 que esta legisla\u00e7\u00e3o hist\u00f3rica, exemplo para outros estados, foi gerada ap\u00f3s debates com a sociedade ocorridos especialmente na Comiss\u00e3o de Direitos Humanos, presidida pioneiramente por Antenor Ferrari (MDB) e, depois, pelo ent\u00e3o deputado Jos\u00e9 Ivo Sartori (MDB), que rasga o pr\u00f3prio passado e a hist\u00f3ria ambiental do RS\u201d, recorda Villaverde.<br \/>\n<em>(Com Assessoria)<\/em><\/p>\n","protected":false},"excerpt":{"rendered":"<p>O deputado Ad\u00e3o Villaverde (PT) apoiou a den\u00fancia do F\u00f3rum Ga\u00facho de Combate aos Impactos dos Agrot\u00f3xicos que em nota repudiou o decreto assinado pelo governador Sartori alterando legisla\u00e7\u00e3o pioneira do estado, elaborada pela Assembleia Legislativa em dezembro de 1982, regrando o ingresso de pesticidas agr\u00edcolas no solo ga\u00facho. Segundo o F\u00f3rum, o decreto estadual [&hellip;]<\/p>\n","protected":false},"author":4,"featured_media":59547,"comment_status":"open","ping_status":"closed","sticky":false,"template":"","format":"standard","meta":{"_jetpack_newsletter_access":"","_jetpack_dont_email_post_to_subs":false,"_jetpack_newsletter_tier_id":0,"_jetpack_memberships_contains_paywalled_content":false,"_jetpack_feature_clip_id":0,"_jetpack_memberships_contains_paid_content":false,"footnotes":"","jetpack_post_was_ever_published":false},"categories":[26],"tags":[],"class_list":["post-59545","post","type-post","status-publish","format-standard","has-post-thumbnail","hentry","category-geral"],"aioseo_notices":[],"aioseo_head":"\n\t\t<!-- All in One SEO 5.0.1.1 - aioseo.com -->\n\t<meta name=\"robots\" content=\"max-image-preview:large\" \/>\n\t<meta name=\"author\" content=\"da Reda\u00e7\u00e3o\"\/>\n\t<link rel=\"canonical\" href=\"https:\/\/www.jornalja.com.br\/arquivo\/villaverde-denuncia-retrocesso-na-legislacao-que-regula-o-uso-de-agrotoxicos\/\" \/>\n\t<meta name=\"generator\" content=\"All in One SEO (AIOSEO) 5.0.1.1\" \/>\n\t\t<meta property=\"og:locale\" content=\"pt_BR\" \/>\n\t\t<meta property=\"og:site_name\" content=\"Arquivo | Jornal J\u00c1 | Porto Alegre\" \/>\n\t\t<meta property=\"og:type\" content=\"article\" \/>\n\t\t<meta property=\"og:title\" content=\"Villaverde denuncia retrocesso na legisla\u00e7\u00e3o que regula o uso de agrot\u00f3xicos | Arquivo\" \/>\n\t\t<meta property=\"og:url\" content=\"https:\/\/www.jornalja.com.br\/arquivo\/villaverde-denuncia-retrocesso-na-legislacao-que-regula-o-uso-de-agrotoxicos\/\" \/>\n\t\t<meta property=\"og:image\" content=\"https:\/\/www.jornalja.com.br\/economics\/wp-content\/uploads\/sites\/11\/2026\/08\/ja-folhaderosto-facebook.jpg\" \/>\n\t\t<meta property=\"og:image:secure_url\" content=\"https:\/\/www.jornalja.com.br\/economics\/wp-content\/uploads\/sites\/11\/2026\/08\/ja-folhaderosto-facebook.jpg\" \/>\n\t\t<meta property=\"article:published_time\" content=\"2018-02-05T10:23:03+00:00\" \/>\n\t\t<meta property=\"article:modified_time\" content=\"2018-02-05T10:23:03+00:00\" \/>\n\t\t<meta name=\"twitter:card\" content=\"summary\" \/>\n\t\t<meta name=\"twitter:title\" content=\"Villaverde denuncia retrocesso na legisla\u00e7\u00e3o que regula o uso de agrot\u00f3xicos | Arquivo\" \/>\n\t\t<meta name=\"twitter:image\" content=\"https:\/\/www.jornalja.com.br\/economics\/wp-content\/uploads\/sites\/11\/2026\/08\/ja-folhaderosto-facebook.jpg\" \/>\n\t\t<script type=\"application\/ld+json\" class=\"aioseo-schema\">\n\t\t\t{\"@context\":\"https:\\\/\\\/schema.org\",\"@graph\":[{\"@type\":\"BlogPosting\",\"@id\":\"https:\\\/\\\/www.jornalja.com.br\\\/arquivo\\\/villaverde-denuncia-retrocesso-na-legislacao-que-regula-o-uso-de-agrotoxicos\\\/#blogposting\",\"name\":\"Villaverde denuncia retrocesso na legisla\\u00e7\\u00e3o que regula o uso de agrot\\u00f3xicos | Arquivo\",\"headline\":\"Villaverde denuncia retrocesso na legisla\\u00e7\\u00e3o que regula o uso de agrot\\u00f3xicos\",\"author\":{\"@id\":\"https:\\\/\\\/www.jornalja.com.br\\\/arquivo\\\/author\\\/daredacao\\\/#author\"},\"publisher\":{\"@id\":\"https:\\\/\\\/www.jornalja.com.br\\\/arquivo\\\/#organization\"},\"image\":{\"@type\":\"ImageObject\",\"url\":59547},\"datePublished\":\"2018-02-05T08:23:03-02:00\",\"dateModified\":\"2018-02-05T08:23:03-02:00\",\"inLanguage\":\"pt-BR\",\"mainEntityOfPage\":{\"@id\":\"https:\\\/\\\/www.jornalja.com.br\\\/arquivo\\\/villaverde-denuncia-retrocesso-na-legislacao-que-regula-o-uso-de-agrotoxicos\\\/#webpage\"},\"isPartOf\":{\"@id\":\"https:\\\/\\\/www.jornalja.com.br\\\/arquivo\\\/villaverde-denuncia-retrocesso-na-legislacao-que-regula-o-uso-de-agrotoxicos\\\/#webpage\"},\"articleSection\":\"Geral\"},{\"@type\":\"BreadcrumbList\",\"@id\":\"https:\\\/\\\/www.jornalja.com.br\\\/arquivo\\\/villaverde-denuncia-retrocesso-na-legislacao-que-regula-o-uso-de-agrotoxicos\\\/#breadcrumblist\",\"itemListElement\":[{\"@type\":\"ListItem\",\"@id\":\"https:\\\/\\\/www.jornalja.com.br\\\/arquivo#listItem\",\"position\":1,\"name\":\"Home\",\"item\":\"https:\\\/\\\/www.jornalja.com.br\\\/arquivo\",\"nextItem\":{\"@type\":\"ListItem\",\"@id\":\"https:\\\/\\\/www.jornalja.com.br\\\/arquivo\\\/category\\\/geral\\\/#listItem\",\"name\":\"Geral\"}},{\"@type\":\"ListItem\",\"@id\":\"https:\\\/\\\/www.jornalja.com.br\\\/arquivo\\\/category\\\/geral\\\/#listItem\",\"position\":2,\"name\":\"Geral\",\"item\":\"https:\\\/\\\/www.jornalja.com.br\\\/arquivo\\\/category\\\/geral\\\/\",\"nextItem\":{\"@type\":\"ListItem\",\"@id\":\"https:\\\/\\\/www.jornalja.com.br\\\/arquivo\\\/villaverde-denuncia-retrocesso-na-legislacao-que-regula-o-uso-de-agrotoxicos\\\/#listItem\",\"name\":\"Villaverde denuncia retrocesso na legisla\\u00e7\\u00e3o que regula o uso de agrot\\u00f3xicos\"},\"previousItem\":{\"@type\":\"ListItem\",\"@id\":\"https:\\\/\\\/www.jornalja.com.br\\\/arquivo#listItem\",\"name\":\"Home\"}},{\"@type\":\"ListItem\",\"@id\":\"https:\\\/\\\/www.jornalja.com.br\\\/arquivo\\\/villaverde-denuncia-retrocesso-na-legislacao-que-regula-o-uso-de-agrotoxicos\\\/#listItem\",\"position\":3,\"name\":\"Villaverde denuncia retrocesso na legisla\\u00e7\\u00e3o que regula o uso de agrot\\u00f3xicos\",\"previousItem\":{\"@type\":\"ListItem\",\"@id\":\"https:\\\/\\\/www.jornalja.com.br\\\/arquivo\\\/category\\\/geral\\\/#listItem\",\"name\":\"Geral\"}}]},{\"@type\":\"Organization\",\"@id\":\"https:\\\/\\\/www.jornalja.com.br\\\/arquivo\\\/#organization\",\"name\":\"Jornal J\\u00c1\",\"description\":\"Jornal J\\u00c1 | Porto Alegre\",\"url\":\"https:\\\/\\\/www.jornalja.com.br\\\/arquivo\\\/\",\"telephone\":\"+555133307272\",\"logo\":{\"@type\":\"ImageObject\",\"url\":\"https:\\\/\\\/www.jornalja.com.br\\\/wp-content\\\/uploads\\\/cards\\\/JAslogan.png\",\"@id\":\"https:\\\/\\\/www.jornalja.com.br\\\/arquivo\\\/villaverde-denuncia-retrocesso-na-legislacao-que-regula-o-uso-de-agrotoxicos\\\/#organizationLogo\"},\"image\":{\"@id\":\"https:\\\/\\\/www.jornalja.com.br\\\/arquivo\\\/villaverde-denuncia-retrocesso-na-legislacao-que-regula-o-uso-de-agrotoxicos\\\/#organizationLogo\"}},{\"@type\":\"Person\",\"@id\":\"https:\\\/\\\/www.jornalja.com.br\\\/arquivo\\\/author\\\/daredacao\\\/#author\",\"url\":\"https:\\\/\\\/www.jornalja.com.br\\\/arquivo\\\/author\\\/daredacao\\\/\",\"name\":\"da Reda\\u00e7\\u00e3o\",\"image\":{\"@type\":\"ImageObject\",\"@id\":\"https:\\\/\\\/www.jornalja.com.br\\\/arquivo\\\/villaverde-denuncia-retrocesso-na-legislacao-que-regula-o-uso-de-agrotoxicos\\\/#authorImage\",\"url\":\"https:\\\/\\\/secure.gravatar.com\\\/avatar\\\/469fd857d6605ad19919d27ed29d35a968a25f6e8fd9318356bbb7f57aae9c65?s=96&d=mm&r=g\",\"width\":96,\"height\":96,\"caption\":\"da Reda\\u00e7\\u00e3o\"}},{\"@type\":\"WebPage\",\"@id\":\"https:\\\/\\\/www.jornalja.com.br\\\/arquivo\\\/villaverde-denuncia-retrocesso-na-legislacao-que-regula-o-uso-de-agrotoxicos\\\/#webpage\",\"url\":\"https:\\\/\\\/www.jornalja.com.br\\\/arquivo\\\/villaverde-denuncia-retrocesso-na-legislacao-que-regula-o-uso-de-agrotoxicos\\\/\",\"name\":\"Villaverde denuncia retrocesso na legisla\\u00e7\\u00e3o que regula o uso de agrot\\u00f3xicos | Arquivo\",\"inLanguage\":\"pt-BR\",\"isPartOf\":{\"@id\":\"https:\\\/\\\/www.jornalja.com.br\\\/arquivo\\\/#website\"},\"breadcrumb\":{\"@id\":\"https:\\\/\\\/www.jornalja.com.br\\\/arquivo\\\/villaverde-denuncia-retrocesso-na-legislacao-que-regula-o-uso-de-agrotoxicos\\\/#breadcrumblist\"},\"author\":{\"@id\":\"https:\\\/\\\/www.jornalja.com.br\\\/arquivo\\\/author\\\/daredacao\\\/#author\"},\"creator\":{\"@id\":\"https:\\\/\\\/www.jornalja.com.br\\\/arquivo\\\/author\\\/daredacao\\\/#author\"},\"image\":{\"@type\":\"ImageObject\",\"url\":59547,\"@id\":\"https:\\\/\\\/www.jornalja.com.br\\\/arquivo\\\/villaverde-denuncia-retrocesso-na-legislacao-que-regula-o-uso-de-agrotoxicos\\\/#mainImage\"},\"primaryImageOfPage\":{\"@id\":\"https:\\\/\\\/www.jornalja.com.br\\\/arquivo\\\/villaverde-denuncia-retrocesso-na-legislacao-que-regula-o-uso-de-agrotoxicos\\\/#mainImage\"},\"datePublished\":\"2018-02-05T08:23:03-02:00\",\"dateModified\":\"2018-02-05T08:23:03-02:00\"},{\"@type\":\"WebSite\",\"@id\":\"https:\\\/\\\/www.jornalja.com.br\\\/arquivo\\\/#website\",\"url\":\"https:\\\/\\\/www.jornalja.com.br\\\/arquivo\\\/\",\"name\":\"Arquivo\",\"description\":\"Jornal J\\u00c1 | Porto Alegre\",\"inLanguage\":\"pt-BR\",\"publisher\":{\"@id\":\"https:\\\/\\\/www.jornalja.com.br\\\/arquivo\\\/#organization\"}}]}\n\t\t<\/script>\n\t\t<!-- All in One SEO -->\n\n","aioseo_head_json":{"title":"Villaverde denuncia retrocesso na legisla\u00e7\u00e3o que regula o uso de agrot\u00f3xicos | Arquivo","description":"","canonical_url":"https:\/\/www.jornalja.com.br\/arquivo\/villaverde-denuncia-retrocesso-na-legislacao-que-regula-o-uso-de-agrotoxicos\/","robots":"max-image-preview:large","keywords":"","webmasterTools":{"miscellaneous":""},"schema":{"@context":"https:\/\/schema.org","@graph":[{"@type":"BlogPosting","@id":"https:\/\/www.jornalja.com.br\/arquivo\/villaverde-denuncia-retrocesso-na-legislacao-que-regula-o-uso-de-agrotoxicos\/#blogposting","name":"Villaverde denuncia retrocesso na legisla\u00e7\u00e3o que regula o uso de agrot\u00f3xicos | Arquivo","headline":"Villaverde denuncia retrocesso na legisla\u00e7\u00e3o que regula o uso de agrot\u00f3xicos","author":{"@id":"https:\/\/www.jornalja.com.br\/arquivo\/author\/daredacao\/#author"},"publisher":{"@id":"https:\/\/www.jornalja.com.br\/arquivo\/#organization"},"image":{"@type":"ImageObject","url":59547},"datePublished":"2018-02-05T08:23:03-02:00","dateModified":"2018-02-05T08:23:03-02:00","inLanguage":"pt-BR","mainEntityOfPage":{"@id":"https:\/\/www.jornalja.com.br\/arquivo\/villaverde-denuncia-retrocesso-na-legislacao-que-regula-o-uso-de-agrotoxicos\/#webpage"},"isPartOf":{"@id":"https:\/\/www.jornalja.com.br\/arquivo\/villaverde-denuncia-retrocesso-na-legislacao-que-regula-o-uso-de-agrotoxicos\/#webpage"},"articleSection":"Geral"},{"@type":"BreadcrumbList","@id":"https:\/\/www.jornalja.com.br\/arquivo\/villaverde-denuncia-retrocesso-na-legislacao-que-regula-o-uso-de-agrotoxicos\/#breadcrumblist","itemListElement":[{"@type":"ListItem","@id":"https:\/\/www.jornalja.com.br\/arquivo#listItem","position":1,"name":"Home","item":"https:\/\/www.jornalja.com.br\/arquivo","nextItem":{"@type":"ListItem","@id":"https:\/\/www.jornalja.com.br\/arquivo\/category\/geral\/#listItem","name":"Geral"}},{"@type":"ListItem","@id":"https:\/\/www.jornalja.com.br\/arquivo\/category\/geral\/#listItem","position":2,"name":"Geral","item":"https:\/\/www.jornalja.com.br\/arquivo\/category\/geral\/","nextItem":{"@type":"ListItem","@id":"https:\/\/www.jornalja.com.br\/arquivo\/villaverde-denuncia-retrocesso-na-legislacao-que-regula-o-uso-de-agrotoxicos\/#listItem","name":"Villaverde denuncia retrocesso na legisla\u00e7\u00e3o que regula o uso de agrot\u00f3xicos"},"previousItem":{"@type":"ListItem","@id":"https:\/\/www.jornalja.com.br\/arquivo#listItem","name":"Home"}},{"@type":"ListItem","@id":"https:\/\/www.jornalja.com.br\/arquivo\/villaverde-denuncia-retrocesso-na-legislacao-que-regula-o-uso-de-agrotoxicos\/#listItem","position":3,"name":"Villaverde denuncia retrocesso na legisla\u00e7\u00e3o que regula o uso de agrot\u00f3xicos","previousItem":{"@type":"ListItem","@id":"https:\/\/www.jornalja.com.br\/arquivo\/category\/geral\/#listItem","name":"Geral"}}]},{"@type":"Organization","@id":"https:\/\/www.jornalja.com.br\/arquivo\/#organization","name":"Jornal J\u00c1","description":"Jornal J\u00c1 | Porto Alegre","url":"https:\/\/www.jornalja.com.br\/arquivo\/","telephone":"+555133307272","logo":{"@type":"ImageObject","url":"https:\/\/www.jornalja.com.br\/wp-content\/uploads\/cards\/JAslogan.png","@id":"https:\/\/www.jornalja.com.br\/arquivo\/villaverde-denuncia-retrocesso-na-legislacao-que-regula-o-uso-de-agrotoxicos\/#organizationLogo"},"image":{"@id":"https:\/\/www.jornalja.com.br\/arquivo\/villaverde-denuncia-retrocesso-na-legislacao-que-regula-o-uso-de-agrotoxicos\/#organizationLogo"}},{"@type":"Person","@id":"https:\/\/www.jornalja.com.br\/arquivo\/author\/daredacao\/#author","url":"https:\/\/www.jornalja.com.br\/arquivo\/author\/daredacao\/","name":"da Reda\u00e7\u00e3o","image":{"@type":"ImageObject","@id":"https:\/\/www.jornalja.com.br\/arquivo\/villaverde-denuncia-retrocesso-na-legislacao-que-regula-o-uso-de-agrotoxicos\/#authorImage","url":"https:\/\/secure.gravatar.com\/avatar\/469fd857d6605ad19919d27ed29d35a968a25f6e8fd9318356bbb7f57aae9c65?s=96&d=mm&r=g","width":96,"height":96,"caption":"da Reda\u00e7\u00e3o"}},{"@type":"WebPage","@id":"https:\/\/www.jornalja.com.br\/arquivo\/villaverde-denuncia-retrocesso-na-legislacao-que-regula-o-uso-de-agrotoxicos\/#webpage","url":"https:\/\/www.jornalja.com.br\/arquivo\/villaverde-denuncia-retrocesso-na-legislacao-que-regula-o-uso-de-agrotoxicos\/","name":"Villaverde denuncia retrocesso na legisla\u00e7\u00e3o que regula o uso de agrot\u00f3xicos | Arquivo","inLanguage":"pt-BR","isPartOf":{"@id":"https:\/\/www.jornalja.com.br\/arquivo\/#website"},"breadcrumb":{"@id":"https:\/\/www.jornalja.com.br\/arquivo\/villaverde-denuncia-retrocesso-na-legislacao-que-regula-o-uso-de-agrotoxicos\/#breadcrumblist"},"author":{"@id":"https:\/\/www.jornalja.com.br\/arquivo\/author\/daredacao\/#author"},"creator":{"@id":"https:\/\/www.jornalja.com.br\/arquivo\/author\/daredacao\/#author"},"image":{"@type":"ImageObject","url":59547,"@id":"https:\/\/www.jornalja.com.br\/arquivo\/villaverde-denuncia-retrocesso-na-legislacao-que-regula-o-uso-de-agrotoxicos\/#mainImage"},"primaryImageOfPage":{"@id":"https:\/\/www.jornalja.com.br\/arquivo\/villaverde-denuncia-retrocesso-na-legislacao-que-regula-o-uso-de-agrotoxicos\/#mainImage"},"datePublished":"2018-02-05T08:23:03-02:00","dateModified":"2018-02-05T08:23:03-02:00"},{"@type":"WebSite","@id":"https:\/\/www.jornalja.com.br\/arquivo\/#website","url":"https:\/\/www.jornalja.com.br\/arquivo\/","name":"Arquivo","description":"Jornal J\u00c1 | Porto Alegre","inLanguage":"pt-BR","publisher":{"@id":"https:\/\/www.jornalja.com.br\/arquivo\/#organization"}}]},"og:locale":"pt_BR","og:site_name":"Arquivo | Jornal J\u00c1 | Porto Alegre","og:type":"article","og:title":"Villaverde denuncia retrocesso na legisla\u00e7\u00e3o que regula o uso de agrot\u00f3xicos | Arquivo","og:url":"https:\/\/www.jornalja.com.br\/arquivo\/villaverde-denuncia-retrocesso-na-legislacao-que-regula-o-uso-de-agrotoxicos\/","og:image":"https:\/\/www.jornalja.com.br\/economics\/wp-content\/uploads\/sites\/11\/2026\/08\/ja-folhaderosto-facebook.jpg","og:image:secure_url":"https:\/\/www.jornalja.com.br\/economics\/wp-content\/uploads\/sites\/11\/2026\/08\/ja-folhaderosto-facebook.jpg","article:published_time":"2018-02-05T10:23:03+00:00","article:modified_time":"2018-02-05T10:23:03+00:00","twitter:card":"summary","twitter:title":"Villaverde denuncia retrocesso na legisla\u00e7\u00e3o que regula o uso de agrot\u00f3xicos | Arquivo","twitter:image":"https:\/\/www.jornalja.com.br\/economics\/wp-content\/uploads\/sites\/11\/2026\/08\/ja-folhaderosto-facebook.jpg"},"aioseo_meta_data":{"post_id":"59545","title":null,"description":null,"keywords":null,"keyphrases":null,"primary_term":null,"canonical_url":null,"og_title":null,"og_description":null,"og_object_type":"default","og_image_type":"default","og_image_url":null,"og_image_width":null,"og_image_height":null,"og_image_custom_url":null,"og_image_custom_fields":null,"og_video":null,"og_custom_url":null,"og_article_section":null,"og_article_tags":null,"twitter_use_og":false,"twitter_card":"default","twitter_image_type":"default","twitter_image_url":null,"twitter_image_custom_url":null,"twitter_image_custom_fields":null,"twitter_title":null,"twitter_description":null,"schema":{"blockGraphs":[],"customGraphs":[],"default":{"data":{"Article":[],"Course":[],"Dataset":[],"FAQPage":[],"Movie":[],"Person":[],"Product":[],"ProductReview":[],"Car":[],"Recipe":[],"Service":[],"SoftwareApplication":[],"WebPage":[]},"graphName":"","isEnabled":true},"graphs":[],"defaultGraph":"","defaultPostTypeGraph":""},"schema_type":null,"schema_type_options":null,"pillar_content":false,"robots_default":true,"robots_noindex":false,"robots_noarchive":false,"robots_nosnippet":false,"robots_nofollow":false,"robots_noimageindex":false,"robots_noodp":false,"robots_notranslate":false,"robots_max_snippet":null,"robots_max_videopreview":null,"robots_max_imagepreview":"large","priority":null,"frequency":null,"location":null,"local_seo":null,"breadcrumb_settings":null,"limit_modified_date":false,"ai":null,"created":"2020-12-20 20:18:02","updated":"2025-07-20 03:25:15","seo_analyzer_scan_date":null,"focus_keyword":null,"additional_keywords":null,"truseo_locale":null},"jetpack_sharing_enabled":true,"jetpack-related-posts":[{"id":13124,"url":"https:\/\/www.jornalja.com.br\/arquivo\/sangue-latino-no-iecine\/","url_meta":{"origin":59545,"position":0},"title":"Sangue latino no IECINE","author":"da Reda\u00e7\u00e3o","date":"18 de maio de 2014","format":false,"excerpt":"Francisco Ribeiro O Instituto Estadual de Cinema (IECINE) tem a frente, desde abril \u00faltimo, um novo diretor, o cineasta colombiano Juan Zapata, 36, que substitui Luiz Alberto Cassol. Radicado h\u00e1 dez anos em Porto Alegre, Zapata tem diante de si o desafio de conduzir at\u00e9 o final do ano um\u2026","rel":"","context":"Em &quot;Cultura-Geral&quot;","block_context":{"text":"Cultura-Geral","link":"https:\/\/www.jornalja.com.br\/arquivo\/category\/materiasecundaria\/"},"img":{"alt_text":"","src":"","width":0,"height":0},"classes":[]},{"id":13109,"url":"https:\/\/www.jornalja.com.br\/arquivo\/judiciario-reconhece-poluicao-eletromagnetica\/","url_meta":{"origin":59545,"position":1},"title":"Judici\u00e1rio reconhece polui\u00e7\u00e3o eletromagn\u00e9tica","author":"Patr\u00edcia Marini","date":"16 de maio de 2014","format":false,"excerpt":"A\u00e7\u00e3o de duas associa\u00e7\u00f5es de moradores foi acolhida pelo Tribunal de Justi\u00e7a de S\u00e3o Paulo que. em decis\u00e3o in\u00e9dita, determinou a redu\u00e7\u00e3o do campo eletromagn\u00e9tico gerado pelas linhas de transmiss\u00e3o de energia que cortam os bairros City Boa\u00e7ava e Alto de Pinheiros. \u00c9 a primeira vez que um tribunal do\u2026","rel":"","context":"Em &quot;X.Categorias velhas&quot;","block_context":{"text":"X.Categorias velhas","link":"https:\/\/www.jornalja.com.br\/arquivo\/category\/x-categorias-velhas\/"},"img":{"alt_text":"","src":"","width":0,"height":0},"classes":[]},{"id":13128,"url":"https:\/\/www.jornalja.com.br\/arquivo\/maconha-terra-diz-que-uso-medicinal-e-desculpa\/","url_meta":{"origin":59545,"position":2},"title":"Maconha: Terra diz que uso medicinal \u00e9 desculpa","author":"Patr\u00edcia Marini","date":"4 de junho de 2014","format":false,"excerpt":"A condi\u00e7\u00e3o de pol\u00edtico, em \u00e9poca de campanha de campanha eleitoral, tira for\u00e7a do discurso do m\u00e9dico Osmar Terra contra a legaliza\u00e7\u00e3o da maconha. A tese dele de que a libera\u00e7\u00e3o vai ampliar exponencialmente o consumo \u00e9 discutivel, o consumo \u00e9 corrente. Mas seus alertas quanto aos riscos tem que\u2026","rel":"","context":"Em &quot;X.Categorias velhas&quot;","block_context":{"text":"X.Categorias velhas","link":"https:\/\/www.jornalja.com.br\/arquivo\/category\/x-categorias-velhas\/"},"img":{"alt_text":"","src":"","width":0,"height":0},"classes":[]},{"id":13239,"url":"https:\/\/www.jornalja.com.br\/arquivo\/conselho-desdenha-do-plano-diretor\/","url_meta":{"origin":59545,"position":3},"title":"Porto Alegre: Conselho detona Plano Diretor","author":"Patr\u00edcia Marini","date":"25 de maio de 2014","format":false,"excerpt":"Den\u00fancia do arquiteto e \u00a0urbanista Ibir\u00e1 Santos Lucas. Ele diz que os conselheiros est\u00e3o votando com \"enorme irresponsabilidade\". \"Mudam regime com a maior naturalidade,,,regularizam absurdos de constru\u00e7\u00f5es irregulares... \"O CMDUA est\u00e1 flexibilizando a lei do plano diretor, de uma forma impactante na vida da cidade. Mudam regime com a maior\u2026","rel":"","context":"Em &quot;Geral&quot;","block_context":{"text":"Geral","link":"https:\/\/www.jornalja.com.br\/arquivo\/category\/geral\/"},"img":{"alt_text":"","src":"","width":0,"height":0},"classes":[]},{"id":5440,"url":"https:\/\/www.jornalja.com.br\/arquivo\/casarao-da-venancio-destino-permanece-incerto\/","url_meta":{"origin":59545,"position":4},"title":"Estado ainda n\u00e3o sabe o que fazer com casar\u00e3o abandonado h\u00e1 20 anos","author":"Elmar Bones","date":"6 de julho de 2009","format":false,"excerpt":"O casar\u00e3o amarelo, numa esquina nobre de Porto Alegre (Ven\u00e2ncio Aires com Jo\u00e3o Pessoa), j\u00e1 abrigou uma escola. H\u00e1 duas d\u00e9cadas, pelo menos, est\u00e1 abandonado, porque seu propriet\u00e1rio, o governo do Estado do Rio Grande do Sul, n\u00e3o consegue achar um destino para ele. Planos n\u00e3o faltaram. O governador Ol\u00edvio\u2026","rel":"","context":"Em &quot;X.Categorias velhas&quot;","block_context":{"text":"X.Categorias velhas","link":"https:\/\/www.jornalja.com.br\/arquivo\/category\/x-categorias-velhas\/"},"img":{"alt_text":"geraldo1","src":"https:\/\/i0.wp.com\/www.jornalja.com.br\/wp-content\/uploads\/2009\/07\/geraldo1.jpg?resize=350%2C200&ssl=1","width":350,"height":200},"classes":[]},{"id":12960,"url":"https:\/\/www.jornalja.com.br\/arquivo\/populacao-culpa-empresas-pela-greve-dos-rodoviarios\/","url_meta":{"origin":59545,"position":5},"title":"Popula\u00e7\u00e3o culpa empresas pela greve","author":"Patr\u00edcia Marini","date":"14 de fevereiro de 2014","format":false,"excerpt":"Pesquisa divulgada na edi\u00e7\u00e3o do jornal Metro desta sexta-feira,14, comprova o velho ditado: \u00e9 poss\u00edvel enganar muitos por algum tempo, mas n\u00e3o \u00e9 poss\u00edvel enganar a todos o tempo inteiro. A principal revela\u00e7\u00e3o foi que 59,8% dos entrevistados apontaram as empresas como as principais respons\u00e1veis pela grave e 46% culparam\u2026","rel":"","context":"Em &quot;X.Categorias velhas&quot;","block_context":{"text":"X.Categorias velhas","link":"https:\/\/www.jornalja.com.br\/arquivo\/category\/x-categorias-velhas\/"},"img":{"alt_text":"","src":"","width":0,"height":0},"classes":[]}],"jetpack_shortlink":"https:\/\/wp.me\/pbQjBd-fup","jetpack_featured_media_url":"","_links":{"self":[{"href":"https:\/\/www.jornalja.com.br\/arquivo\/wp-json\/wp\/v2\/posts\/59545","targetHints":{"allow":["GET"]}}],"collection":[{"href":"https:\/\/www.jornalja.com.br\/arquivo\/wp-json\/wp\/v2\/posts"}],"about":[{"href":"https:\/\/www.jornalja.com.br\/arquivo\/wp-json\/wp\/v2\/types\/post"}],"author":[{"embeddable":true,"href":"https:\/\/www.jornalja.com.br\/arquivo\/wp-json\/wp\/v2\/users\/4"}],"replies":[{"embeddable":true,"href":"https:\/\/www.jornalja.com.br\/arquivo\/wp-json\/wp\/v2\/comments?post=59545"}],"version-history":[{"count":0,"href":"https:\/\/www.jornalja.com.br\/arquivo\/wp-json\/wp\/v2\/posts\/59545\/revisions"}],"wp:attachment":[{"href":"https:\/\/www.jornalja.com.br\/arquivo\/wp-json\/wp\/v2\/media?parent=59545"}],"wp:term":[{"taxonomy":"category","embeddable":true,"href":"https:\/\/www.jornalja.com.br\/arquivo\/wp-json\/wp\/v2\/categories?post=59545"},{"taxonomy":"post_tag","embeddable":true,"href":"https:\/\/www.jornalja.com.br\/arquivo\/wp-json\/wp\/v2\/tags?post=59545"}],"curies":[{"name":"wp","href":"https:\/\/api.w.org\/{rel}","templated":true}]}}