{"id":59613,"date":"2018-02-06T16:48:47","date_gmt":"2018-02-06T18:48:47","guid":{"rendered":"https:\/\/www.jornalja.com.br\/?p=59613"},"modified":"2018-02-06T16:48:47","modified_gmt":"2018-02-06T18:48:47","slug":"aes-eletropaulo-condenada-a-indenizar-consumidores-por-erros-na-fatura","status":"publish","type":"post","link":"https:\/\/www.jornalja.com.br\/arquivo\/aes-eletropaulo-condenada-a-indenizar-consumidores-por-erros-na-fatura\/","title":{"rendered":"AES Eletropaulo condenada a indenizar consumidores por cobran\u00e7a indevida"},"content":{"rendered":"<p>O Idec conquistou mais uma vit\u00f3ria na Justi\u00e7a de S\u00e3o Paulo contra a concession\u00e1ria de energia el\u00e9trica AES Eletropaulo em rela\u00e7\u00e3o a cobran\u00e7as indevidas na fatura de energia el\u00e9trica. Em senten\u00e7a divulgada na \u00faltima quarta-feira (31), a ju\u00edza M\u00f4nica Di Stasi Gantus Encinas, da 3\u00aa Vara C\u00edvel do F\u00f3rum Central, julgou procedente a A\u00e7\u00e3o Civil P\u00fablica ajuizada em fevereiro de 2017, com base em relatos recebidos pelo Instituto que demonstravam que a concession\u00e1ria inclu\u00eda na fatura a cobran\u00e7a de seguros e outros servi\u00e7os n\u00e3o solicitados pelos consumidores.<br \/>\nNa decis\u00e3o desta semana, a ju\u00edza tornou definitiva a\u00a0<a href=\"http:\/\/idec.org.br\/em-acao\/em-foco\/vitoria-idec-obtem-liminar-contra-eletropaulo-por-cobrancas-indevidas-na-conta-de-luz\" target=\"_blank\" rel=\"noopener noreferrer\">liminar deferida<\/a>\u00a0em mar\u00e7o de 2017 e ressaltou que a cobran\u00e7a de servi\u00e7os alheios ao fornecimento de energia somente podem ser feitos com a concord\u00e2ncia expressa dos consumidores. Para isso, reconheceu que os documentos apresentados pelo Idec na a\u00e7\u00e3o comprovaram de forma inquestion\u00e1vel que as cobran\u00e7as eram indevidas, pois foram feitas sem a anu\u00eancia dos consumidores.<br \/>\n\u201cA inclus\u00e3o de cobran\u00e7as adicionais na fatura de servi\u00e7os que s\u00e3o essenciais deixa os consumidores em situa\u00e7\u00e3o muito vulner\u00e1vel. Mesmo que n\u00e3o tenha solicitado, ele se v\u00ea obrigado a pagar a conta, para n\u00e3o ter a energia de sua resid\u00eancia cortada, para s\u00f3 depois ter a chance de reclamar. Por isso \u00e9 importante a Justi\u00e7a refor\u00e7ar que as empresas s\u00e3o obrigadas a comprovar a solicita\u00e7\u00e3o do servi\u00e7o, sen\u00e3o n\u00e3o pode haver a cobran\u00e7a\u201d, afirma o pesquisador em Energia do Idec, Clauber Leite.<br \/>\nNa senten\u00e7a, a ju\u00edza determinou que a AES Eletropaulo apresente a rela\u00e7\u00e3o de consumidores indevidamente cobrados com respectivos valores e datas de pagamento; deixe de realizar a cobran\u00e7a de servi\u00e7os at\u00edpicos sem solicita\u00e7\u00e3o expressa do consumidor, sob pena de multa di\u00e1ria de R$ 500,00 para cada cobran\u00e7a, at\u00e9 o limite de R$ 1.000.000,00; devolva em dobro o valor indevidamente cobrado de todos os consumidores, com as devidas corre\u00e7\u00f5es; pague indeniza\u00e7\u00e3o, a t\u00edtulo de danos morais coletivos, no valor de R$ 500.000,00, que dever\u00e1 ser revertida ao Fundo Estadual de Defesa dos Interesses Difusos; e informe a todos os cerca de 20 milh\u00f5es de consumidores sobre os direitos reconhecidos na a\u00e7\u00e3o, inserindo durante tr\u00eas meses essa observa\u00e7\u00e3o nas contas de consumo que vier a emitir.<br \/>\nPara o Idec, essa decis\u00e3o representa uma grande vit\u00f3ria para os consumidores, pois fortalece a prote\u00e7\u00e3o coletiva de direitos e reconhece a vulnerabilidade do consumidor frente \u00e0 empresas que prestam servi\u00e7os essenciais e de forma exclusiva. Al\u00e9m disso, a senten\u00e7a pode servir de precedente para que outras concession\u00e1rias que tamb\u00e9m tenham realizado cobran\u00e7as indevidas, conforme den\u00fancias recebidas pelo Idec, fa\u00e7am o ressarcimento aos consumidores.<br \/>\nO Idec permanecer\u00e1 acompanhando os desdobramentos do caso, mantendo aberto seu canal de comunica\u00e7\u00e3o (e-mail\u00a0<a href=\"mailto:contadeluz@idec.org.br\">contadeluz@idec.org.br<\/a>), e pede que os consumidores fiquem atendos \u00e0s contas de luz para identificar e denunciar irregularidades na cobran\u00e7a de servi\u00e7os alheios ao fornecimento de energia el\u00e9trica.<\/p>\n","protected":false},"excerpt":{"rendered":"<p>O Idec conquistou mais uma vit\u00f3ria na Justi\u00e7a de S\u00e3o Paulo contra a concession\u00e1ria de energia el\u00e9trica AES Eletropaulo em rela\u00e7\u00e3o a cobran\u00e7as indevidas na fatura de energia el\u00e9trica. Em senten\u00e7a divulgada na \u00faltima quarta-feira (31), a ju\u00edza M\u00f4nica Di Stasi Gantus Encinas, da 3\u00aa Vara C\u00edvel do F\u00f3rum Central, julgou procedente a A\u00e7\u00e3o Civil [&hellip;]<\/p>\n","protected":false},"author":4,"featured_media":59615,"comment_status":"open","ping_status":"closed","sticky":false,"template":"","format":"standard","meta":{"_jetpack_newsletter_access":"","_jetpack_dont_email_post_to_subs":false,"_jetpack_newsletter_tier_id":0,"_jetpack_memberships_contains_paywalled_content":false,"_jetpack_feature_clip_id":0,"_jetpack_memberships_contains_paid_content":false,"footnotes":"","jetpack_post_was_ever_published":false},"categories":[26],"tags":[],"class_list":["post-59613","post","type-post","status-publish","format-standard","has-post-thumbnail","hentry","category-geral"],"aioseo_notices":[],"aioseo_head":"\n\t\t<!-- All in One SEO 5.0.1.1 - aioseo.com -->\n\t<meta name=\"robots\" content=\"max-image-preview:large\" \/>\n\t<meta name=\"author\" content=\"da Reda\u00e7\u00e3o\"\/>\n\t<link rel=\"canonical\" href=\"https:\/\/www.jornalja.com.br\/arquivo\/aes-eletropaulo-condenada-a-indenizar-consumidores-por-erros-na-fatura\/\" \/>\n\t<meta name=\"generator\" content=\"All in One SEO (AIOSEO) 5.0.1.1\" \/>\n\t\t<meta property=\"og:locale\" content=\"pt_BR\" \/>\n\t\t<meta property=\"og:site_name\" content=\"Arquivo | Jornal J\u00c1 | Porto Alegre\" \/>\n\t\t<meta property=\"og:type\" content=\"article\" \/>\n\t\t<meta property=\"og:title\" content=\"AES Eletropaulo condenada a indenizar consumidores por cobran\u00e7a indevida | Arquivo\" \/>\n\t\t<meta property=\"og:url\" content=\"https:\/\/www.jornalja.com.br\/arquivo\/aes-eletropaulo-condenada-a-indenizar-consumidores-por-erros-na-fatura\/\" \/>\n\t\t<meta property=\"og:image\" content=\"https:\/\/www.jornalja.com.br\/economics\/wp-content\/uploads\/sites\/11\/2026\/08\/ja-folhaderosto-facebook.jpg\" \/>\n\t\t<meta property=\"og:image:secure_url\" content=\"https:\/\/www.jornalja.com.br\/economics\/wp-content\/uploads\/sites\/11\/2026\/08\/ja-folhaderosto-facebook.jpg\" \/>\n\t\t<meta property=\"article:published_time\" content=\"2018-02-06T18:48:47+00:00\" \/>\n\t\t<meta property=\"article:modified_time\" content=\"2018-02-06T18:48:47+00:00\" \/>\n\t\t<meta name=\"twitter:card\" content=\"summary\" \/>\n\t\t<meta name=\"twitter:title\" content=\"AES Eletropaulo condenada a indenizar consumidores por cobran\u00e7a indevida | Arquivo\" \/>\n\t\t<meta name=\"twitter:image\" content=\"https:\/\/www.jornalja.com.br\/economics\/wp-content\/uploads\/sites\/11\/2026\/08\/ja-folhaderosto-facebook.jpg\" \/>\n\t\t<script type=\"application\/ld+json\" class=\"aioseo-schema\">\n\t\t\t{\"@context\":\"https:\\\/\\\/schema.org\",\"@graph\":[{\"@type\":\"BlogPosting\",\"@id\":\"https:\\\/\\\/www.jornalja.com.br\\\/arquivo\\\/aes-eletropaulo-condenada-a-indenizar-consumidores-por-erros-na-fatura\\\/#blogposting\",\"name\":\"AES Eletropaulo condenada a indenizar consumidores por cobran\\u00e7a indevida | Arquivo\",\"headline\":\"AES Eletropaulo condenada a indenizar consumidores por cobran\\u00e7a indevida\",\"author\":{\"@id\":\"https:\\\/\\\/www.jornalja.com.br\\\/arquivo\\\/author\\\/daredacao\\\/#author\"},\"publisher\":{\"@id\":\"https:\\\/\\\/www.jornalja.com.br\\\/arquivo\\\/#organization\"},\"image\":{\"@type\":\"ImageObject\",\"url\":59615},\"datePublished\":\"2018-02-06T16:48:47-02:00\",\"dateModified\":\"2018-02-06T16:48:47-02:00\",\"inLanguage\":\"pt-BR\",\"mainEntityOfPage\":{\"@id\":\"https:\\\/\\\/www.jornalja.com.br\\\/arquivo\\\/aes-eletropaulo-condenada-a-indenizar-consumidores-por-erros-na-fatura\\\/#webpage\"},\"isPartOf\":{\"@id\":\"https:\\\/\\\/www.jornalja.com.br\\\/arquivo\\\/aes-eletropaulo-condenada-a-indenizar-consumidores-por-erros-na-fatura\\\/#webpage\"},\"articleSection\":\"Geral\"},{\"@type\":\"BreadcrumbList\",\"@id\":\"https:\\\/\\\/www.jornalja.com.br\\\/arquivo\\\/aes-eletropaulo-condenada-a-indenizar-consumidores-por-erros-na-fatura\\\/#breadcrumblist\",\"itemListElement\":[{\"@type\":\"ListItem\",\"@id\":\"https:\\\/\\\/www.jornalja.com.br\\\/arquivo#listItem\",\"position\":1,\"name\":\"Home\",\"item\":\"https:\\\/\\\/www.jornalja.com.br\\\/arquivo\",\"nextItem\":{\"@type\":\"ListItem\",\"@id\":\"https:\\\/\\\/www.jornalja.com.br\\\/arquivo\\\/category\\\/geral\\\/#listItem\",\"name\":\"Geral\"}},{\"@type\":\"ListItem\",\"@id\":\"https:\\\/\\\/www.jornalja.com.br\\\/arquivo\\\/category\\\/geral\\\/#listItem\",\"position\":2,\"name\":\"Geral\",\"item\":\"https:\\\/\\\/www.jornalja.com.br\\\/arquivo\\\/category\\\/geral\\\/\",\"nextItem\":{\"@type\":\"ListItem\",\"@id\":\"https:\\\/\\\/www.jornalja.com.br\\\/arquivo\\\/aes-eletropaulo-condenada-a-indenizar-consumidores-por-erros-na-fatura\\\/#listItem\",\"name\":\"AES Eletropaulo condenada a indenizar consumidores por cobran\\u00e7a indevida\"},\"previousItem\":{\"@type\":\"ListItem\",\"@id\":\"https:\\\/\\\/www.jornalja.com.br\\\/arquivo#listItem\",\"name\":\"Home\"}},{\"@type\":\"ListItem\",\"@id\":\"https:\\\/\\\/www.jornalja.com.br\\\/arquivo\\\/aes-eletropaulo-condenada-a-indenizar-consumidores-por-erros-na-fatura\\\/#listItem\",\"position\":3,\"name\":\"AES Eletropaulo condenada a indenizar consumidores por cobran\\u00e7a indevida\",\"previousItem\":{\"@type\":\"ListItem\",\"@id\":\"https:\\\/\\\/www.jornalja.com.br\\\/arquivo\\\/category\\\/geral\\\/#listItem\",\"name\":\"Geral\"}}]},{\"@type\":\"Organization\",\"@id\":\"https:\\\/\\\/www.jornalja.com.br\\\/arquivo\\\/#organization\",\"name\":\"Jornal J\\u00c1\",\"description\":\"Jornal J\\u00c1 | Porto Alegre\",\"url\":\"https:\\\/\\\/www.jornalja.com.br\\\/arquivo\\\/\",\"telephone\":\"+555133307272\",\"logo\":{\"@type\":\"ImageObject\",\"url\":\"https:\\\/\\\/www.jornalja.com.br\\\/wp-content\\\/uploads\\\/cards\\\/JAslogan.png\",\"@id\":\"https:\\\/\\\/www.jornalja.com.br\\\/arquivo\\\/aes-eletropaulo-condenada-a-indenizar-consumidores-por-erros-na-fatura\\\/#organizationLogo\"},\"image\":{\"@id\":\"https:\\\/\\\/www.jornalja.com.br\\\/arquivo\\\/aes-eletropaulo-condenada-a-indenizar-consumidores-por-erros-na-fatura\\\/#organizationLogo\"}},{\"@type\":\"Person\",\"@id\":\"https:\\\/\\\/www.jornalja.com.br\\\/arquivo\\\/author\\\/daredacao\\\/#author\",\"url\":\"https:\\\/\\\/www.jornalja.com.br\\\/arquivo\\\/author\\\/daredacao\\\/\",\"name\":\"da Reda\\u00e7\\u00e3o\",\"image\":{\"@type\":\"ImageObject\",\"@id\":\"https:\\\/\\\/www.jornalja.com.br\\\/arquivo\\\/aes-eletropaulo-condenada-a-indenizar-consumidores-por-erros-na-fatura\\\/#authorImage\",\"url\":\"https:\\\/\\\/secure.gravatar.com\\\/avatar\\\/469fd857d6605ad19919d27ed29d35a968a25f6e8fd9318356bbb7f57aae9c65?s=96&d=mm&r=g\",\"width\":96,\"height\":96,\"caption\":\"da Reda\\u00e7\\u00e3o\"}},{\"@type\":\"WebPage\",\"@id\":\"https:\\\/\\\/www.jornalja.com.br\\\/arquivo\\\/aes-eletropaulo-condenada-a-indenizar-consumidores-por-erros-na-fatura\\\/#webpage\",\"url\":\"https:\\\/\\\/www.jornalja.com.br\\\/arquivo\\\/aes-eletropaulo-condenada-a-indenizar-consumidores-por-erros-na-fatura\\\/\",\"name\":\"AES Eletropaulo condenada a indenizar consumidores por cobran\\u00e7a indevida | Arquivo\",\"inLanguage\":\"pt-BR\",\"isPartOf\":{\"@id\":\"https:\\\/\\\/www.jornalja.com.br\\\/arquivo\\\/#website\"},\"breadcrumb\":{\"@id\":\"https:\\\/\\\/www.jornalja.com.br\\\/arquivo\\\/aes-eletropaulo-condenada-a-indenizar-consumidores-por-erros-na-fatura\\\/#breadcrumblist\"},\"author\":{\"@id\":\"https:\\\/\\\/www.jornalja.com.br\\\/arquivo\\\/author\\\/daredacao\\\/#author\"},\"creator\":{\"@id\":\"https:\\\/\\\/www.jornalja.com.br\\\/arquivo\\\/author\\\/daredacao\\\/#author\"},\"image\":{\"@type\":\"ImageObject\",\"url\":59615,\"@id\":\"https:\\\/\\\/www.jornalja.com.br\\\/arquivo\\\/aes-eletropaulo-condenada-a-indenizar-consumidores-por-erros-na-fatura\\\/#mainImage\"},\"primaryImageOfPage\":{\"@id\":\"https:\\\/\\\/www.jornalja.com.br\\\/arquivo\\\/aes-eletropaulo-condenada-a-indenizar-consumidores-por-erros-na-fatura\\\/#mainImage\"},\"datePublished\":\"2018-02-06T16:48:47-02:00\",\"dateModified\":\"2018-02-06T16:48:47-02:00\"},{\"@type\":\"WebSite\",\"@id\":\"https:\\\/\\\/www.jornalja.com.br\\\/arquivo\\\/#website\",\"url\":\"https:\\\/\\\/www.jornalja.com.br\\\/arquivo\\\/\",\"name\":\"Arquivo\",\"description\":\"Jornal J\\u00c1 | Porto Alegre\",\"inLanguage\":\"pt-BR\",\"publisher\":{\"@id\":\"https:\\\/\\\/www.jornalja.com.br\\\/arquivo\\\/#organization\"}}]}\n\t\t<\/script>\n\t\t<!-- All in One SEO -->\n\n","aioseo_head_json":{"title":"AES Eletropaulo condenada a indenizar consumidores por cobran\u00e7a indevida | Arquivo","description":"","canonical_url":"https:\/\/www.jornalja.com.br\/arquivo\/aes-eletropaulo-condenada-a-indenizar-consumidores-por-erros-na-fatura\/","robots":"max-image-preview:large","keywords":"","webmasterTools":{"miscellaneous":""},"schema":{"@context":"https:\/\/schema.org","@graph":[{"@type":"BlogPosting","@id":"https:\/\/www.jornalja.com.br\/arquivo\/aes-eletropaulo-condenada-a-indenizar-consumidores-por-erros-na-fatura\/#blogposting","name":"AES Eletropaulo condenada a indenizar consumidores por cobran\u00e7a indevida | Arquivo","headline":"AES Eletropaulo condenada a indenizar consumidores por cobran\u00e7a indevida","author":{"@id":"https:\/\/www.jornalja.com.br\/arquivo\/author\/daredacao\/#author"},"publisher":{"@id":"https:\/\/www.jornalja.com.br\/arquivo\/#organization"},"image":{"@type":"ImageObject","url":59615},"datePublished":"2018-02-06T16:48:47-02:00","dateModified":"2018-02-06T16:48:47-02:00","inLanguage":"pt-BR","mainEntityOfPage":{"@id":"https:\/\/www.jornalja.com.br\/arquivo\/aes-eletropaulo-condenada-a-indenizar-consumidores-por-erros-na-fatura\/#webpage"},"isPartOf":{"@id":"https:\/\/www.jornalja.com.br\/arquivo\/aes-eletropaulo-condenada-a-indenizar-consumidores-por-erros-na-fatura\/#webpage"},"articleSection":"Geral"},{"@type":"BreadcrumbList","@id":"https:\/\/www.jornalja.com.br\/arquivo\/aes-eletropaulo-condenada-a-indenizar-consumidores-por-erros-na-fatura\/#breadcrumblist","itemListElement":[{"@type":"ListItem","@id":"https:\/\/www.jornalja.com.br\/arquivo#listItem","position":1,"name":"Home","item":"https:\/\/www.jornalja.com.br\/arquivo","nextItem":{"@type":"ListItem","@id":"https:\/\/www.jornalja.com.br\/arquivo\/category\/geral\/#listItem","name":"Geral"}},{"@type":"ListItem","@id":"https:\/\/www.jornalja.com.br\/arquivo\/category\/geral\/#listItem","position":2,"name":"Geral","item":"https:\/\/www.jornalja.com.br\/arquivo\/category\/geral\/","nextItem":{"@type":"ListItem","@id":"https:\/\/www.jornalja.com.br\/arquivo\/aes-eletropaulo-condenada-a-indenizar-consumidores-por-erros-na-fatura\/#listItem","name":"AES Eletropaulo condenada a indenizar consumidores por cobran\u00e7a indevida"},"previousItem":{"@type":"ListItem","@id":"https:\/\/www.jornalja.com.br\/arquivo#listItem","name":"Home"}},{"@type":"ListItem","@id":"https:\/\/www.jornalja.com.br\/arquivo\/aes-eletropaulo-condenada-a-indenizar-consumidores-por-erros-na-fatura\/#listItem","position":3,"name":"AES Eletropaulo condenada a indenizar consumidores por cobran\u00e7a indevida","previousItem":{"@type":"ListItem","@id":"https:\/\/www.jornalja.com.br\/arquivo\/category\/geral\/#listItem","name":"Geral"}}]},{"@type":"Organization","@id":"https:\/\/www.jornalja.com.br\/arquivo\/#organization","name":"Jornal J\u00c1","description":"Jornal J\u00c1 | Porto Alegre","url":"https:\/\/www.jornalja.com.br\/arquivo\/","telephone":"+555133307272","logo":{"@type":"ImageObject","url":"https:\/\/www.jornalja.com.br\/wp-content\/uploads\/cards\/JAslogan.png","@id":"https:\/\/www.jornalja.com.br\/arquivo\/aes-eletropaulo-condenada-a-indenizar-consumidores-por-erros-na-fatura\/#organizationLogo"},"image":{"@id":"https:\/\/www.jornalja.com.br\/arquivo\/aes-eletropaulo-condenada-a-indenizar-consumidores-por-erros-na-fatura\/#organizationLogo"}},{"@type":"Person","@id":"https:\/\/www.jornalja.com.br\/arquivo\/author\/daredacao\/#author","url":"https:\/\/www.jornalja.com.br\/arquivo\/author\/daredacao\/","name":"da Reda\u00e7\u00e3o","image":{"@type":"ImageObject","@id":"https:\/\/www.jornalja.com.br\/arquivo\/aes-eletropaulo-condenada-a-indenizar-consumidores-por-erros-na-fatura\/#authorImage","url":"https:\/\/secure.gravatar.com\/avatar\/469fd857d6605ad19919d27ed29d35a968a25f6e8fd9318356bbb7f57aae9c65?s=96&d=mm&r=g","width":96,"height":96,"caption":"da Reda\u00e7\u00e3o"}},{"@type":"WebPage","@id":"https:\/\/www.jornalja.com.br\/arquivo\/aes-eletropaulo-condenada-a-indenizar-consumidores-por-erros-na-fatura\/#webpage","url":"https:\/\/www.jornalja.com.br\/arquivo\/aes-eletropaulo-condenada-a-indenizar-consumidores-por-erros-na-fatura\/","name":"AES Eletropaulo condenada a indenizar consumidores por cobran\u00e7a indevida | Arquivo","inLanguage":"pt-BR","isPartOf":{"@id":"https:\/\/www.jornalja.com.br\/arquivo\/#website"},"breadcrumb":{"@id":"https:\/\/www.jornalja.com.br\/arquivo\/aes-eletropaulo-condenada-a-indenizar-consumidores-por-erros-na-fatura\/#breadcrumblist"},"author":{"@id":"https:\/\/www.jornalja.com.br\/arquivo\/author\/daredacao\/#author"},"creator":{"@id":"https:\/\/www.jornalja.com.br\/arquivo\/author\/daredacao\/#author"},"image":{"@type":"ImageObject","url":59615,"@id":"https:\/\/www.jornalja.com.br\/arquivo\/aes-eletropaulo-condenada-a-indenizar-consumidores-por-erros-na-fatura\/#mainImage"},"primaryImageOfPage":{"@id":"https:\/\/www.jornalja.com.br\/arquivo\/aes-eletropaulo-condenada-a-indenizar-consumidores-por-erros-na-fatura\/#mainImage"},"datePublished":"2018-02-06T16:48:47-02:00","dateModified":"2018-02-06T16:48:47-02:00"},{"@type":"WebSite","@id":"https:\/\/www.jornalja.com.br\/arquivo\/#website","url":"https:\/\/www.jornalja.com.br\/arquivo\/","name":"Arquivo","description":"Jornal J\u00c1 | Porto Alegre","inLanguage":"pt-BR","publisher":{"@id":"https:\/\/www.jornalja.com.br\/arquivo\/#organization"}}]},"og:locale":"pt_BR","og:site_name":"Arquivo | Jornal J\u00c1 | Porto Alegre","og:type":"article","og:title":"AES Eletropaulo condenada a indenizar consumidores por cobran\u00e7a indevida | Arquivo","og:url":"https:\/\/www.jornalja.com.br\/arquivo\/aes-eletropaulo-condenada-a-indenizar-consumidores-por-erros-na-fatura\/","og:image":"https:\/\/www.jornalja.com.br\/economics\/wp-content\/uploads\/sites\/11\/2026\/08\/ja-folhaderosto-facebook.jpg","og:image:secure_url":"https:\/\/www.jornalja.com.br\/economics\/wp-content\/uploads\/sites\/11\/2026\/08\/ja-folhaderosto-facebook.jpg","article:published_time":"2018-02-06T18:48:47+00:00","article:modified_time":"2018-02-06T18:48:47+00:00","twitter:card":"summary","twitter:title":"AES Eletropaulo condenada a indenizar consumidores por cobran\u00e7a indevida | Arquivo","twitter:image":"https:\/\/www.jornalja.com.br\/economics\/wp-content\/uploads\/sites\/11\/2026\/08\/ja-folhaderosto-facebook.jpg"},"aioseo_meta_data":{"post_id":"59613","title":null,"description":null,"keywords":null,"keyphrases":null,"primary_term":null,"canonical_url":null,"og_title":null,"og_description":null,"og_object_type":"default","og_image_type":"default","og_image_url":null,"og_image_width":null,"og_image_height":null,"og_image_custom_url":null,"og_image_custom_fields":null,"og_video":null,"og_custom_url":null,"og_article_section":null,"og_article_tags":null,"twitter_use_og":false,"twitter_card":"default","twitter_image_type":"default","twitter_image_url":null,"twitter_image_custom_url":null,"twitter_image_custom_fields":null,"twitter_title":null,"twitter_description":null,"schema":{"blockGraphs":[],"customGraphs":[],"default":{"data":{"Article":[],"Course":[],"Dataset":[],"FAQPage":[],"Movie":[],"Person":[],"Product":[],"ProductReview":[],"Car":[],"Recipe":[],"Service":[],"SoftwareApplication":[],"WebPage":[]},"graphName":"","isEnabled":true},"graphs":[],"defaultGraph":"","defaultPostTypeGraph":""},"schema_type":null,"schema_type_options":null,"pillar_content":false,"robots_default":true,"robots_noindex":false,"robots_noarchive":false,"robots_nosnippet":false,"robots_nofollow":false,"robots_noimageindex":false,"robots_noodp":false,"robots_notranslate":false,"robots_max_snippet":null,"robots_max_videopreview":null,"robots_max_imagepreview":"large","priority":null,"frequency":null,"location":null,"local_seo":null,"breadcrumb_settings":null,"limit_modified_date":false,"ai":null,"created":"2020-12-20 20:18:02","updated":"2025-07-20 03:28:20","seo_analyzer_scan_date":null,"focus_keyword":null,"additional_keywords":null,"truseo_locale":null},"jetpack_sharing_enabled":true,"jetpack-related-posts":[{"id":13109,"url":"https:\/\/www.jornalja.com.br\/arquivo\/judiciario-reconhece-poluicao-eletromagnetica\/","url_meta":{"origin":59613,"position":0},"title":"Judici\u00e1rio reconhece polui\u00e7\u00e3o eletromagn\u00e9tica","author":"Patr\u00edcia Marini","date":"16 de maio de 2014","format":false,"excerpt":"A\u00e7\u00e3o de duas associa\u00e7\u00f5es de moradores foi acolhida pelo Tribunal de Justi\u00e7a de S\u00e3o Paulo que. em decis\u00e3o in\u00e9dita, determinou a redu\u00e7\u00e3o do campo eletromagn\u00e9tico gerado pelas linhas de transmiss\u00e3o de energia que cortam os bairros City Boa\u00e7ava e Alto de Pinheiros. \u00c9 a primeira vez que um tribunal do\u2026","rel":"","context":"Em &quot;X.Categorias velhas&quot;","block_context":{"text":"X.Categorias velhas","link":"https:\/\/www.jornalja.com.br\/arquivo\/category\/x-categorias-velhas\/"},"img":{"alt_text":"","src":"","width":0,"height":0},"classes":[]},{"id":13101,"url":"https:\/\/www.jornalja.com.br\/arquivo\/morre-um-guerreiro-do-texto\/","url_meta":{"origin":59613,"position":1},"title":"Morre um guerreiro do texto","author":"Patr\u00edcia Marini","date":"14 de maio de 2014","format":false,"excerpt":"Por Ricardo Kotscho Reproduzido do blog do autor, 11\/5\/2014; t\u00edtulo original \u201cE l\u00e1 se foi o nosso Myltainho, guerreiro do texto\u201d. Mi\u00fado e franzino, meu amigo Myltainho era um valente e inconformado guerreiro na luta contra as injusti\u00e7as sociais, a hipocrisia, as maracutaias, o autoritarismo, a intoler\u00e2ncia, a viol\u00eancia, o\u2026","rel":"","context":"Em &quot;Geral&quot;","block_context":{"text":"Geral","link":"https:\/\/www.jornalja.com.br\/arquivo\/category\/geral\/"},"img":{"alt_text":"","src":"","width":0,"height":0},"classes":[]}],"jetpack_shortlink":"https:\/\/wp.me\/pbQjBd-fvv","jetpack_featured_media_url":"","_links":{"self":[{"href":"https:\/\/www.jornalja.com.br\/arquivo\/wp-json\/wp\/v2\/posts\/59613","targetHints":{"allow":["GET"]}}],"collection":[{"href":"https:\/\/www.jornalja.com.br\/arquivo\/wp-json\/wp\/v2\/posts"}],"about":[{"href":"https:\/\/www.jornalja.com.br\/arquivo\/wp-json\/wp\/v2\/types\/post"}],"author":[{"embeddable":true,"href":"https:\/\/www.jornalja.com.br\/arquivo\/wp-json\/wp\/v2\/users\/4"}],"replies":[{"embeddable":true,"href":"https:\/\/www.jornalja.com.br\/arquivo\/wp-json\/wp\/v2\/comments?post=59613"}],"version-history":[{"count":0,"href":"https:\/\/www.jornalja.com.br\/arquivo\/wp-json\/wp\/v2\/posts\/59613\/revisions"}],"wp:attachment":[{"href":"https:\/\/www.jornalja.com.br\/arquivo\/wp-json\/wp\/v2\/media?parent=59613"}],"wp:term":[{"taxonomy":"category","embeddable":true,"href":"https:\/\/www.jornalja.com.br\/arquivo\/wp-json\/wp\/v2\/categories?post=59613"},{"taxonomy":"post_tag","embeddable":true,"href":"https:\/\/www.jornalja.com.br\/arquivo\/wp-json\/wp\/v2\/tags?post=59613"}],"curies":[{"name":"wp","href":"https:\/\/api.w.org\/{rel}","templated":true}]}}