{"id":59618,"date":"2018-02-06T18:22:23","date_gmt":"2018-02-06T20:22:23","guid":{"rendered":"https:\/\/www.jornalja.com.br\/?p=59618"},"modified":"2018-02-06T18:22:23","modified_gmt":"2018-02-06T20:22:23","slug":"lula-critica-auxilio-moradia-ironiza-moro-e-diz-que-fugir-nao-existe","status":"publish","type":"post","link":"https:\/\/www.jornalja.com.br\/arquivo\/lula-critica-auxilio-moradia-ironiza-moro-e-diz-que-fugir-nao-existe\/","title":{"rendered":"Lula critica aux\u00edlio moradia, ironiza Moro e diz que &quot;fugir n\u00e3o existe&quot;"},"content":{"rendered":"<p>Em entrevista \u00e0 R\u00e1dio Jornal, de Pernambuco, na manh\u00e3 desta ter\u00e7a-feira 6, o ex-presidente Lula criticou o aux\u00edlio-moradia pago a magistrados que t\u00eam im\u00f3vel pr\u00f3prio na cidade onde trabalham, entre eles o juiz Sergio Moro, que o condenou em primeira inst\u00e2ncia pela Lava Jato no caso do triplex do Guaruj\u00e1.<br \/>\nQuestionado sobre o benef\u00edcio, que foi noticiado pela Folha, Moro disse que o aux\u00edlio era uma compensa\u00e7\u00e3o pela falta de reajuste da categoria.<br \/>\nLula ironizou: &#8220;Agora aprendi uma nova: o povo brasileiro que n\u00e3o tem aumento de sal\u00e1rio, por favor, fa\u00e7am como juiz Moro e requeiram aux\u00edlio-moradia. Ou fa\u00e7am como os procuradores, porque isso est\u00e1 na imprensa\u201d.<br \/>\n&#8220;Como pode uma pessoa que recebe 30 mil requerer aux\u00edlio-moradia porque n\u00e3o teve aumento de sal\u00e1rio, enquanto o povo est\u00e1 sendo despejado, enquanto as pessoas que ganham um sal\u00e1rio m\u00ednimo n\u00e3o t\u00eam mais Minha Casa, Minha Vida?&#8221;, questionou o ex-presidente.<br \/>\nLula afirmou ainda que vai &#8220;continuar acreditando no poder Judici\u00e1rio&#8221;, onde &#8220;tem muita gente honesta e trabalhadora&#8221;. &#8220;Mas se algu\u00e9m quer fazer pol\u00edtica largue a profiss\u00e3o e dispute a elei\u00e7\u00e3o&#8221;, criticou.<br \/>\n&#8220;Eu estou indignado com o que fez o TRF4 e vou brigar na Justi\u00e7a para que seja reparado porque sou inocente. Vou continuar acreditando nas inst\u00e2ncias superiores para o bem desse pa\u00eds&#8221;, afirmou. Ele declarou tamb\u00e9m que &#8216;se disser que respeita&#8217; a decis\u00e3o do TRF4, &#8220;a minha bisneta quando tiver 16 anos vai me chamar de covarde&#8221;.<\/p>\n<div>\n<div id=\"br_video_player_4f719157d9e7299a4ffa064bbda9a0fc2b1d51da\">\n<div class=\"media-player\">\n<div class=\"media-controls\">\n<div class=\"progress-bar\">\n<div class=\"buffered\">\nO ex-presidente afirmou que n\u00e3o h\u00e1 possibilidade de pedir ex\u00edlio para n\u00e3o ser preso. &#8220;N\u00e3o existe a palavra fugir em minha vida. Escapei da fome at\u00e9 os 5 anos de idade, ent\u00e3o vou encarar qualquer situa\u00e7\u00e3o de cabe\u00e7a erguida&#8221;, disse.<br \/>\nCondenado em\u00a0segunda inst\u00e2ncia\u00a0pela\u00a08\u00aa Turma do Tribunal Regional Federal da 4\u00aa Regi\u00e3o (TRF4), Lula diz acreditar que a pe\u00e7a dos tr\u00eas desembargadores estava preparada &#8220;para salvar mentiras&#8221;. &#8220;Eu imaginava que, ao ir para segunda inst\u00e2ncia, ela serviria para corrigir os equ\u00edvocos da injusti\u00e7a. Fiquei pasmo com os ju\u00edzes preferirem manter a mentira contada a\u00a0estudar os autos do processo\u00a0e me absolver. A \u00fanica explica\u00e7\u00e3o \u00e9 que tentam referendar a mentira contada na primeira inst\u00e2ncia, porque a acusa\u00e7\u00e3o do Moro n\u00e3o tem p\u00e9 nem cabe\u00e7a&#8221;, criticou.<br \/>\nO ex-presidente acredita que\u00a0ser\u00e1 candidato nas elei\u00e7\u00f5es deste ano. &#8220;A\u00a0verdade vir\u00e1 a tona e as pessoas que mentiram ser\u00e3o exoneradas&#8221;, afirmou. E diz por que se mant\u00e9m nas lideran\u00e7as das pesquisas:\u00a0&#8220;\u00c9 uma rela\u00e7\u00e3o verdadeira com o povo brasileiro. A \u00fanica coisa que tenho medo na vida \u00e9 mentir para quem acredita em mim. N\u00e3o posso trair um povo extraordin\u00e1rio que votou em um metal\u00fargico quase analfabeto, acreditando que eu faria por ele o que os doutores nunca fizeram. Os doutores n\u00e3o t\u00eam sentimento, n\u00e3o sabem o que \u00e9 passar fome, por isso n\u00e3o podem governar o pa\u00eds, eles n\u00e3o conhecem parte do povo brasileiro&#8221;, afirma.\n<\/div>\n<div class=\"play-progress\"><\/div>\n<\/div>\n<\/div>\n<\/div>\n<div id=\"truvid_ima_container_580417\"><\/div>\n<\/div>\n<\/div>\n","protected":false},"excerpt":{"rendered":"<p>Em entrevista \u00e0 R\u00e1dio Jornal, de Pernambuco, na manh\u00e3 desta ter\u00e7a-feira 6, o ex-presidente Lula criticou o aux\u00edlio-moradia pago a magistrados que t\u00eam im\u00f3vel pr\u00f3prio na cidade onde trabalham, entre eles o juiz Sergio Moro, que o condenou em primeira inst\u00e2ncia pela Lava Jato no caso do triplex do Guaruj\u00e1. Questionado sobre o benef\u00edcio, que [&hellip;]<\/p>\n","protected":false},"author":4,"featured_media":59621,"comment_status":"open","ping_status":"closed","sticky":false,"template":"","format":"standard","meta":{"_jetpack_newsletter_access":"","_jetpack_dont_email_post_to_subs":false,"_jetpack_newsletter_tier_id":0,"_jetpack_memberships_contains_paywalled_content":false,"_jetpack_feature_clip_id":0,"_jetpack_memberships_contains_paid_content":false,"footnotes":"","jetpack_post_was_ever_published":false},"categories":[26],"tags":[],"class_list":["post-59618","post","type-post","status-publish","format-standard","has-post-thumbnail","hentry","category-geral"],"aioseo_notices":[],"aioseo_head":"\n\t\t<!-- All in One SEO 5.0.1.1 - aioseo.com -->\n\t<meta name=\"robots\" content=\"max-image-preview:large\" \/>\n\t<meta name=\"author\" content=\"da Reda\u00e7\u00e3o\"\/>\n\t<link rel=\"canonical\" href=\"https:\/\/www.jornalja.com.br\/arquivo\/lula-critica-auxilio-moradia-ironiza-moro-e-diz-que-fugir-nao-existe\/\" \/>\n\t<meta name=\"generator\" content=\"All in One SEO (AIOSEO) 5.0.1.1\" \/>\n\t\t<meta property=\"og:locale\" content=\"pt_BR\" \/>\n\t\t<meta property=\"og:site_name\" content=\"Arquivo | Jornal J\u00c1 | Porto Alegre\" \/>\n\t\t<meta property=\"og:type\" content=\"article\" \/>\n\t\t<meta property=\"og:title\" content=\"Lula critica aux\u00edlio moradia, ironiza Moro e diz que &quot;fugir n\u00e3o existe&quot; | Arquivo\" \/>\n\t\t<meta property=\"og:url\" content=\"https:\/\/www.jornalja.com.br\/arquivo\/lula-critica-auxilio-moradia-ironiza-moro-e-diz-que-fugir-nao-existe\/\" \/>\n\t\t<meta property=\"og:image\" content=\"https:\/\/www.jornalja.com.br\/economics\/wp-content\/uploads\/sites\/11\/2026\/08\/ja-folhaderosto-facebook.jpg\" \/>\n\t\t<meta property=\"og:image:secure_url\" content=\"https:\/\/www.jornalja.com.br\/economics\/wp-content\/uploads\/sites\/11\/2026\/08\/ja-folhaderosto-facebook.jpg\" \/>\n\t\t<meta property=\"article:published_time\" content=\"2018-02-06T20:22:23+00:00\" \/>\n\t\t<meta property=\"article:modified_time\" content=\"2018-02-06T20:22:23+00:00\" \/>\n\t\t<meta name=\"twitter:card\" content=\"summary\" \/>\n\t\t<meta name=\"twitter:title\" content=\"Lula critica aux\u00edlio moradia, ironiza Moro e diz que &quot;fugir n\u00e3o existe&quot; | Arquivo\" \/>\n\t\t<meta name=\"twitter:image\" content=\"https:\/\/www.jornalja.com.br\/economics\/wp-content\/uploads\/sites\/11\/2026\/08\/ja-folhaderosto-facebook.jpg\" \/>\n\t\t<script type=\"application\/ld+json\" class=\"aioseo-schema\">\n\t\t\t{\"@context\":\"https:\\\/\\\/schema.org\",\"@graph\":[{\"@type\":\"BlogPosting\",\"@id\":\"https:\\\/\\\/www.jornalja.com.br\\\/arquivo\\\/lula-critica-auxilio-moradia-ironiza-moro-e-diz-que-fugir-nao-existe\\\/#blogposting\",\"name\":\"Lula critica aux\\u00edlio moradia, ironiza Moro e diz que \\\"fugir n\\u00e3o existe\\\" | Arquivo\",\"headline\":\"Lula critica aux\\u00edlio moradia, ironiza Moro e diz que &quot;fugir n\\u00e3o existe&quot;\",\"author\":{\"@id\":\"https:\\\/\\\/www.jornalja.com.br\\\/arquivo\\\/author\\\/daredacao\\\/#author\"},\"publisher\":{\"@id\":\"https:\\\/\\\/www.jornalja.com.br\\\/arquivo\\\/#organization\"},\"image\":{\"@type\":\"ImageObject\",\"url\":59621},\"datePublished\":\"2018-02-06T18:22:23-02:00\",\"dateModified\":\"2018-02-06T18:22:23-02:00\",\"inLanguage\":\"pt-BR\",\"mainEntityOfPage\":{\"@id\":\"https:\\\/\\\/www.jornalja.com.br\\\/arquivo\\\/lula-critica-auxilio-moradia-ironiza-moro-e-diz-que-fugir-nao-existe\\\/#webpage\"},\"isPartOf\":{\"@id\":\"https:\\\/\\\/www.jornalja.com.br\\\/arquivo\\\/lula-critica-auxilio-moradia-ironiza-moro-e-diz-que-fugir-nao-existe\\\/#webpage\"},\"articleSection\":\"Geral\"},{\"@type\":\"BreadcrumbList\",\"@id\":\"https:\\\/\\\/www.jornalja.com.br\\\/arquivo\\\/lula-critica-auxilio-moradia-ironiza-moro-e-diz-que-fugir-nao-existe\\\/#breadcrumblist\",\"itemListElement\":[{\"@type\":\"ListItem\",\"@id\":\"https:\\\/\\\/www.jornalja.com.br\\\/arquivo#listItem\",\"position\":1,\"name\":\"Home\",\"item\":\"https:\\\/\\\/www.jornalja.com.br\\\/arquivo\",\"nextItem\":{\"@type\":\"ListItem\",\"@id\":\"https:\\\/\\\/www.jornalja.com.br\\\/arquivo\\\/category\\\/geral\\\/#listItem\",\"name\":\"Geral\"}},{\"@type\":\"ListItem\",\"@id\":\"https:\\\/\\\/www.jornalja.com.br\\\/arquivo\\\/category\\\/geral\\\/#listItem\",\"position\":2,\"name\":\"Geral\",\"item\":\"https:\\\/\\\/www.jornalja.com.br\\\/arquivo\\\/category\\\/geral\\\/\",\"nextItem\":{\"@type\":\"ListItem\",\"@id\":\"https:\\\/\\\/www.jornalja.com.br\\\/arquivo\\\/lula-critica-auxilio-moradia-ironiza-moro-e-diz-que-fugir-nao-existe\\\/#listItem\",\"name\":\"Lula critica aux\\u00edlio moradia, ironiza Moro e diz que &quot;fugir n\\u00e3o existe&quot;\"},\"previousItem\":{\"@type\":\"ListItem\",\"@id\":\"https:\\\/\\\/www.jornalja.com.br\\\/arquivo#listItem\",\"name\":\"Home\"}},{\"@type\":\"ListItem\",\"@id\":\"https:\\\/\\\/www.jornalja.com.br\\\/arquivo\\\/lula-critica-auxilio-moradia-ironiza-moro-e-diz-que-fugir-nao-existe\\\/#listItem\",\"position\":3,\"name\":\"Lula critica aux\\u00edlio moradia, ironiza Moro e diz que &quot;fugir n\\u00e3o existe&quot;\",\"previousItem\":{\"@type\":\"ListItem\",\"@id\":\"https:\\\/\\\/www.jornalja.com.br\\\/arquivo\\\/category\\\/geral\\\/#listItem\",\"name\":\"Geral\"}}]},{\"@type\":\"Organization\",\"@id\":\"https:\\\/\\\/www.jornalja.com.br\\\/arquivo\\\/#organization\",\"name\":\"Jornal J\\u00c1\",\"description\":\"Jornal J\\u00c1 | Porto Alegre\",\"url\":\"https:\\\/\\\/www.jornalja.com.br\\\/arquivo\\\/\",\"telephone\":\"+555133307272\",\"logo\":{\"@type\":\"ImageObject\",\"url\":\"https:\\\/\\\/www.jornalja.com.br\\\/wp-content\\\/uploads\\\/cards\\\/JAslogan.png\",\"@id\":\"https:\\\/\\\/www.jornalja.com.br\\\/arquivo\\\/lula-critica-auxilio-moradia-ironiza-moro-e-diz-que-fugir-nao-existe\\\/#organizationLogo\"},\"image\":{\"@id\":\"https:\\\/\\\/www.jornalja.com.br\\\/arquivo\\\/lula-critica-auxilio-moradia-ironiza-moro-e-diz-que-fugir-nao-existe\\\/#organizationLogo\"}},{\"@type\":\"Person\",\"@id\":\"https:\\\/\\\/www.jornalja.com.br\\\/arquivo\\\/author\\\/daredacao\\\/#author\",\"url\":\"https:\\\/\\\/www.jornalja.com.br\\\/arquivo\\\/author\\\/daredacao\\\/\",\"name\":\"da Reda\\u00e7\\u00e3o\",\"image\":{\"@type\":\"ImageObject\",\"@id\":\"https:\\\/\\\/www.jornalja.com.br\\\/arquivo\\\/lula-critica-auxilio-moradia-ironiza-moro-e-diz-que-fugir-nao-existe\\\/#authorImage\",\"url\":\"https:\\\/\\\/secure.gravatar.com\\\/avatar\\\/469fd857d6605ad19919d27ed29d35a968a25f6e8fd9318356bbb7f57aae9c65?s=96&d=mm&r=g\",\"width\":96,\"height\":96,\"caption\":\"da Reda\\u00e7\\u00e3o\"}},{\"@type\":\"WebPage\",\"@id\":\"https:\\\/\\\/www.jornalja.com.br\\\/arquivo\\\/lula-critica-auxilio-moradia-ironiza-moro-e-diz-que-fugir-nao-existe\\\/#webpage\",\"url\":\"https:\\\/\\\/www.jornalja.com.br\\\/arquivo\\\/lula-critica-auxilio-moradia-ironiza-moro-e-diz-que-fugir-nao-existe\\\/\",\"name\":\"Lula critica aux\\u00edlio moradia, ironiza Moro e diz que \\\"fugir n\\u00e3o existe\\\" | Arquivo\",\"inLanguage\":\"pt-BR\",\"isPartOf\":{\"@id\":\"https:\\\/\\\/www.jornalja.com.br\\\/arquivo\\\/#website\"},\"breadcrumb\":{\"@id\":\"https:\\\/\\\/www.jornalja.com.br\\\/arquivo\\\/lula-critica-auxilio-moradia-ironiza-moro-e-diz-que-fugir-nao-existe\\\/#breadcrumblist\"},\"author\":{\"@id\":\"https:\\\/\\\/www.jornalja.com.br\\\/arquivo\\\/author\\\/daredacao\\\/#author\"},\"creator\":{\"@id\":\"https:\\\/\\\/www.jornalja.com.br\\\/arquivo\\\/author\\\/daredacao\\\/#author\"},\"image\":{\"@type\":\"ImageObject\",\"url\":59621,\"@id\":\"https:\\\/\\\/www.jornalja.com.br\\\/arquivo\\\/lula-critica-auxilio-moradia-ironiza-moro-e-diz-que-fugir-nao-existe\\\/#mainImage\"},\"primaryImageOfPage\":{\"@id\":\"https:\\\/\\\/www.jornalja.com.br\\\/arquivo\\\/lula-critica-auxilio-moradia-ironiza-moro-e-diz-que-fugir-nao-existe\\\/#mainImage\"},\"datePublished\":\"2018-02-06T18:22:23-02:00\",\"dateModified\":\"2018-02-06T18:22:23-02:00\"},{\"@type\":\"WebSite\",\"@id\":\"https:\\\/\\\/www.jornalja.com.br\\\/arquivo\\\/#website\",\"url\":\"https:\\\/\\\/www.jornalja.com.br\\\/arquivo\\\/\",\"name\":\"Arquivo\",\"description\":\"Jornal J\\u00c1 | Porto Alegre\",\"inLanguage\":\"pt-BR\",\"publisher\":{\"@id\":\"https:\\\/\\\/www.jornalja.com.br\\\/arquivo\\\/#organization\"}}]}\n\t\t<\/script>\n\t\t<!-- All in One SEO -->\n\n","aioseo_head_json":{"title":"Lula critica aux\u00edlio moradia, ironiza Moro e diz que \"fugir n\u00e3o existe\" | Arquivo","description":"","canonical_url":"https:\/\/www.jornalja.com.br\/arquivo\/lula-critica-auxilio-moradia-ironiza-moro-e-diz-que-fugir-nao-existe\/","robots":"max-image-preview:large","keywords":"","webmasterTools":{"miscellaneous":""},"schema":{"@context":"https:\/\/schema.org","@graph":[{"@type":"BlogPosting","@id":"https:\/\/www.jornalja.com.br\/arquivo\/lula-critica-auxilio-moradia-ironiza-moro-e-diz-que-fugir-nao-existe\/#blogposting","name":"Lula critica aux\u00edlio moradia, ironiza Moro e diz que \"fugir n\u00e3o existe\" | Arquivo","headline":"Lula critica aux\u00edlio moradia, ironiza Moro e diz que &quot;fugir n\u00e3o existe&quot;","author":{"@id":"https:\/\/www.jornalja.com.br\/arquivo\/author\/daredacao\/#author"},"publisher":{"@id":"https:\/\/www.jornalja.com.br\/arquivo\/#organization"},"image":{"@type":"ImageObject","url":59621},"datePublished":"2018-02-06T18:22:23-02:00","dateModified":"2018-02-06T18:22:23-02:00","inLanguage":"pt-BR","mainEntityOfPage":{"@id":"https:\/\/www.jornalja.com.br\/arquivo\/lula-critica-auxilio-moradia-ironiza-moro-e-diz-que-fugir-nao-existe\/#webpage"},"isPartOf":{"@id":"https:\/\/www.jornalja.com.br\/arquivo\/lula-critica-auxilio-moradia-ironiza-moro-e-diz-que-fugir-nao-existe\/#webpage"},"articleSection":"Geral"},{"@type":"BreadcrumbList","@id":"https:\/\/www.jornalja.com.br\/arquivo\/lula-critica-auxilio-moradia-ironiza-moro-e-diz-que-fugir-nao-existe\/#breadcrumblist","itemListElement":[{"@type":"ListItem","@id":"https:\/\/www.jornalja.com.br\/arquivo#listItem","position":1,"name":"Home","item":"https:\/\/www.jornalja.com.br\/arquivo","nextItem":{"@type":"ListItem","@id":"https:\/\/www.jornalja.com.br\/arquivo\/category\/geral\/#listItem","name":"Geral"}},{"@type":"ListItem","@id":"https:\/\/www.jornalja.com.br\/arquivo\/category\/geral\/#listItem","position":2,"name":"Geral","item":"https:\/\/www.jornalja.com.br\/arquivo\/category\/geral\/","nextItem":{"@type":"ListItem","@id":"https:\/\/www.jornalja.com.br\/arquivo\/lula-critica-auxilio-moradia-ironiza-moro-e-diz-que-fugir-nao-existe\/#listItem","name":"Lula critica aux\u00edlio moradia, ironiza Moro e diz que &quot;fugir n\u00e3o existe&quot;"},"previousItem":{"@type":"ListItem","@id":"https:\/\/www.jornalja.com.br\/arquivo#listItem","name":"Home"}},{"@type":"ListItem","@id":"https:\/\/www.jornalja.com.br\/arquivo\/lula-critica-auxilio-moradia-ironiza-moro-e-diz-que-fugir-nao-existe\/#listItem","position":3,"name":"Lula critica aux\u00edlio moradia, ironiza Moro e diz que &quot;fugir n\u00e3o existe&quot;","previousItem":{"@type":"ListItem","@id":"https:\/\/www.jornalja.com.br\/arquivo\/category\/geral\/#listItem","name":"Geral"}}]},{"@type":"Organization","@id":"https:\/\/www.jornalja.com.br\/arquivo\/#organization","name":"Jornal J\u00c1","description":"Jornal J\u00c1 | Porto Alegre","url":"https:\/\/www.jornalja.com.br\/arquivo\/","telephone":"+555133307272","logo":{"@type":"ImageObject","url":"https:\/\/www.jornalja.com.br\/wp-content\/uploads\/cards\/JAslogan.png","@id":"https:\/\/www.jornalja.com.br\/arquivo\/lula-critica-auxilio-moradia-ironiza-moro-e-diz-que-fugir-nao-existe\/#organizationLogo"},"image":{"@id":"https:\/\/www.jornalja.com.br\/arquivo\/lula-critica-auxilio-moradia-ironiza-moro-e-diz-que-fugir-nao-existe\/#organizationLogo"}},{"@type":"Person","@id":"https:\/\/www.jornalja.com.br\/arquivo\/author\/daredacao\/#author","url":"https:\/\/www.jornalja.com.br\/arquivo\/author\/daredacao\/","name":"da Reda\u00e7\u00e3o","image":{"@type":"ImageObject","@id":"https:\/\/www.jornalja.com.br\/arquivo\/lula-critica-auxilio-moradia-ironiza-moro-e-diz-que-fugir-nao-existe\/#authorImage","url":"https:\/\/secure.gravatar.com\/avatar\/469fd857d6605ad19919d27ed29d35a968a25f6e8fd9318356bbb7f57aae9c65?s=96&d=mm&r=g","width":96,"height":96,"caption":"da Reda\u00e7\u00e3o"}},{"@type":"WebPage","@id":"https:\/\/www.jornalja.com.br\/arquivo\/lula-critica-auxilio-moradia-ironiza-moro-e-diz-que-fugir-nao-existe\/#webpage","url":"https:\/\/www.jornalja.com.br\/arquivo\/lula-critica-auxilio-moradia-ironiza-moro-e-diz-que-fugir-nao-existe\/","name":"Lula critica aux\u00edlio moradia, ironiza Moro e diz que \"fugir n\u00e3o existe\" | Arquivo","inLanguage":"pt-BR","isPartOf":{"@id":"https:\/\/www.jornalja.com.br\/arquivo\/#website"},"breadcrumb":{"@id":"https:\/\/www.jornalja.com.br\/arquivo\/lula-critica-auxilio-moradia-ironiza-moro-e-diz-que-fugir-nao-existe\/#breadcrumblist"},"author":{"@id":"https:\/\/www.jornalja.com.br\/arquivo\/author\/daredacao\/#author"},"creator":{"@id":"https:\/\/www.jornalja.com.br\/arquivo\/author\/daredacao\/#author"},"image":{"@type":"ImageObject","url":59621,"@id":"https:\/\/www.jornalja.com.br\/arquivo\/lula-critica-auxilio-moradia-ironiza-moro-e-diz-que-fugir-nao-existe\/#mainImage"},"primaryImageOfPage":{"@id":"https:\/\/www.jornalja.com.br\/arquivo\/lula-critica-auxilio-moradia-ironiza-moro-e-diz-que-fugir-nao-existe\/#mainImage"},"datePublished":"2018-02-06T18:22:23-02:00","dateModified":"2018-02-06T18:22:23-02:00"},{"@type":"WebSite","@id":"https:\/\/www.jornalja.com.br\/arquivo\/#website","url":"https:\/\/www.jornalja.com.br\/arquivo\/","name":"Arquivo","description":"Jornal J\u00c1 | Porto Alegre","inLanguage":"pt-BR","publisher":{"@id":"https:\/\/www.jornalja.com.br\/arquivo\/#organization"}}]},"og:locale":"pt_BR","og:site_name":"Arquivo | Jornal J\u00c1 | Porto Alegre","og:type":"article","og:title":"Lula critica aux\u00edlio moradia, ironiza Moro e diz que &quot;fugir n\u00e3o existe&quot; | Arquivo","og:url":"https:\/\/www.jornalja.com.br\/arquivo\/lula-critica-auxilio-moradia-ironiza-moro-e-diz-que-fugir-nao-existe\/","og:image":"https:\/\/www.jornalja.com.br\/economics\/wp-content\/uploads\/sites\/11\/2026\/08\/ja-folhaderosto-facebook.jpg","og:image:secure_url":"https:\/\/www.jornalja.com.br\/economics\/wp-content\/uploads\/sites\/11\/2026\/08\/ja-folhaderosto-facebook.jpg","article:published_time":"2018-02-06T20:22:23+00:00","article:modified_time":"2018-02-06T20:22:23+00:00","twitter:card":"summary","twitter:title":"Lula critica aux\u00edlio moradia, ironiza Moro e diz que &quot;fugir n\u00e3o existe&quot; | Arquivo","twitter:image":"https:\/\/www.jornalja.com.br\/economics\/wp-content\/uploads\/sites\/11\/2026\/08\/ja-folhaderosto-facebook.jpg"},"aioseo_meta_data":{"post_id":"59618","title":null,"description":null,"keywords":null,"keyphrases":null,"primary_term":null,"canonical_url":null,"og_title":null,"og_description":null,"og_object_type":"default","og_image_type":"default","og_image_url":null,"og_image_width":null,"og_image_height":null,"og_image_custom_url":null,"og_image_custom_fields":null,"og_video":null,"og_custom_url":null,"og_article_section":null,"og_article_tags":null,"twitter_use_og":false,"twitter_card":"default","twitter_image_type":"default","twitter_image_url":null,"twitter_image_custom_url":null,"twitter_image_custom_fields":null,"twitter_title":null,"twitter_description":null,"schema":{"blockGraphs":[],"customGraphs":[],"default":{"data":{"Article":[],"Course":[],"Dataset":[],"FAQPage":[],"Movie":[],"Person":[],"Product":[],"ProductReview":[],"Car":[],"Recipe":[],"Service":[],"SoftwareApplication":[],"WebPage":[]},"graphName":"","isEnabled":true},"graphs":[]},"schema_type":null,"schema_type_options":null,"pillar_content":false,"robots_default":true,"robots_noindex":false,"robots_noarchive":false,"robots_nosnippet":false,"robots_nofollow":false,"robots_noimageindex":false,"robots_noodp":false,"robots_notranslate":false,"robots_max_snippet":null,"robots_max_videopreview":null,"robots_max_imagepreview":"large","priority":null,"frequency":null,"location":null,"local_seo":null,"breadcrumb_settings":null,"limit_modified_date":false,"ai":null,"created":"2020-12-20 20:18:02","updated":"2025-07-20 03:28:20","seo_analyzer_scan_date":null,"focus_keyword":null,"additional_keywords":null,"truseo_locale":null},"jetpack_sharing_enabled":true,"jetpack-related-posts":[{"id":5440,"url":"https:\/\/www.jornalja.com.br\/arquivo\/casarao-da-venancio-destino-permanece-incerto\/","url_meta":{"origin":59618,"position":0},"title":"Estado ainda n\u00e3o sabe o que fazer com casar\u00e3o abandonado h\u00e1 20 anos","author":"Elmar Bones","date":"6 de julho de 2009","format":false,"excerpt":"O casar\u00e3o amarelo, numa esquina nobre de Porto Alegre (Ven\u00e2ncio Aires com Jo\u00e3o Pessoa), j\u00e1 abrigou uma escola. H\u00e1 duas d\u00e9cadas, pelo menos, est\u00e1 abandonado, porque seu propriet\u00e1rio, o governo do Estado do Rio Grande do Sul, n\u00e3o consegue achar um destino para ele. Planos n\u00e3o faltaram. O governador Ol\u00edvio\u2026","rel":"","context":"Em &quot;X.Categorias velhas&quot;","block_context":{"text":"X.Categorias velhas","link":"https:\/\/www.jornalja.com.br\/arquivo\/category\/x-categorias-velhas\/"},"img":{"alt_text":"geraldo1","src":"https:\/\/i0.wp.com\/www.jornalja.com.br\/wp-content\/uploads\/2009\/07\/geraldo1.jpg?resize=350%2C200&ssl=1","width":350,"height":200},"classes":[]},{"id":13240,"url":"https:\/\/www.jornalja.com.br\/arquivo\/plano-diretor-estamos-construindo-o-caos\/","url_meta":{"origin":59618,"position":1},"title":"Plano diretor: &quot;Estamos construindo o caos&quot;","author":"Patr\u00edcia Marini","date":"26 de maio de 2014","format":false,"excerpt":"Desabafo que arquiteta Eliana Castilhos, delegada da Regi\u00e3o de Planejamento 1, postou nas redes sociais \u00e9 um testemunho do ambiente que se criou no Conselho do Plano Diretor de Porto Alegre, onde a aprova\u00e7\u00e3o de grandes empreendimentos \u00e9 empurrada guela abaixo dos conselheiros. Ao CMDUA Como delegada da Regi\u00e3o de\u2026","rel":"","context":"Em &quot;Geral&quot;","block_context":{"text":"Geral","link":"https:\/\/www.jornalja.com.br\/arquivo\/category\/geral\/"},"img":{"alt_text":"","src":"","width":0,"height":0},"classes":[]},{"id":13124,"url":"https:\/\/www.jornalja.com.br\/arquivo\/sangue-latino-no-iecine\/","url_meta":{"origin":59618,"position":2},"title":"Sangue latino no IECINE","author":"da Reda\u00e7\u00e3o","date":"18 de maio de 2014","format":false,"excerpt":"Francisco Ribeiro O Instituto Estadual de Cinema (IECINE) tem a frente, desde abril \u00faltimo, um novo diretor, o cineasta colombiano Juan Zapata, 36, que substitui Luiz Alberto Cassol. Radicado h\u00e1 dez anos em Porto Alegre, Zapata tem diante de si o desafio de conduzir at\u00e9 o final do ano um\u2026","rel":"","context":"Em &quot;Cultura-Geral&quot;","block_context":{"text":"Cultura-Geral","link":"https:\/\/www.jornalja.com.br\/arquivo\/category\/materiasecundaria\/"},"img":{"alt_text":"","src":"","width":0,"height":0},"classes":[]},{"id":13239,"url":"https:\/\/www.jornalja.com.br\/arquivo\/conselho-desdenha-do-plano-diretor\/","url_meta":{"origin":59618,"position":3},"title":"Porto Alegre: Conselho detona Plano Diretor","author":"Patr\u00edcia Marini","date":"25 de maio de 2014","format":false,"excerpt":"Den\u00fancia do arquiteto e \u00a0urbanista Ibir\u00e1 Santos Lucas. Ele diz que os conselheiros est\u00e3o votando com \"enorme irresponsabilidade\". \"Mudam regime com a maior naturalidade,,,regularizam absurdos de constru\u00e7\u00f5es irregulares... \"O CMDUA est\u00e1 flexibilizando a lei do plano diretor, de uma forma impactante na vida da cidade. Mudam regime com a maior\u2026","rel":"","context":"Em &quot;Geral&quot;","block_context":{"text":"Geral","link":"https:\/\/www.jornalja.com.br\/arquivo\/category\/geral\/"},"img":{"alt_text":"","src":"","width":0,"height":0},"classes":[]},{"id":13101,"url":"https:\/\/www.jornalja.com.br\/arquivo\/morre-um-guerreiro-do-texto\/","url_meta":{"origin":59618,"position":4},"title":"Morre um guerreiro do texto","author":"Patr\u00edcia Marini","date":"14 de maio de 2014","format":false,"excerpt":"Por Ricardo Kotscho Reproduzido do blog do autor, 11\/5\/2014; t\u00edtulo original \u201cE l\u00e1 se foi o nosso Myltainho, guerreiro do texto\u201d. Mi\u00fado e franzino, meu amigo Myltainho era um valente e inconformado guerreiro na luta contra as injusti\u00e7as sociais, a hipocrisia, as maracutaias, o autoritarismo, a intoler\u00e2ncia, a viol\u00eancia, o\u2026","rel":"","context":"Em &quot;Geral&quot;","block_context":{"text":"Geral","link":"https:\/\/www.jornalja.com.br\/arquivo\/category\/geral\/"},"img":{"alt_text":"","src":"","width":0,"height":0},"classes":[]},{"id":12960,"url":"https:\/\/www.jornalja.com.br\/arquivo\/populacao-culpa-empresas-pela-greve-dos-rodoviarios\/","url_meta":{"origin":59618,"position":5},"title":"Popula\u00e7\u00e3o culpa empresas pela greve","author":"Patr\u00edcia Marini","date":"14 de fevereiro de 2014","format":false,"excerpt":"Pesquisa divulgada na edi\u00e7\u00e3o do jornal Metro desta sexta-feira,14, comprova o velho ditado: \u00e9 poss\u00edvel enganar muitos por algum tempo, mas n\u00e3o \u00e9 poss\u00edvel enganar a todos o tempo inteiro. A principal revela\u00e7\u00e3o foi que 59,8% dos entrevistados apontaram as empresas como as principais respons\u00e1veis pela grave e 46% culparam\u2026","rel":"","context":"Em &quot;X.Categorias velhas&quot;","block_context":{"text":"X.Categorias velhas","link":"https:\/\/www.jornalja.com.br\/arquivo\/category\/x-categorias-velhas\/"},"img":{"alt_text":"","src":"","width":0,"height":0},"classes":[]}],"jetpack_shortlink":"https:\/\/wp.me\/pbQjBd-fvA","jetpack_featured_media_url":"","_links":{"self":[{"href":"https:\/\/www.jornalja.com.br\/arquivo\/wp-json\/wp\/v2\/posts\/59618","targetHints":{"allow":["GET"]}}],"collection":[{"href":"https:\/\/www.jornalja.com.br\/arquivo\/wp-json\/wp\/v2\/posts"}],"about":[{"href":"https:\/\/www.jornalja.com.br\/arquivo\/wp-json\/wp\/v2\/types\/post"}],"author":[{"embeddable":true,"href":"https:\/\/www.jornalja.com.br\/arquivo\/wp-json\/wp\/v2\/users\/4"}],"replies":[{"embeddable":true,"href":"https:\/\/www.jornalja.com.br\/arquivo\/wp-json\/wp\/v2\/comments?post=59618"}],"version-history":[{"count":0,"href":"https:\/\/www.jornalja.com.br\/arquivo\/wp-json\/wp\/v2\/posts\/59618\/revisions"}],"wp:attachment":[{"href":"https:\/\/www.jornalja.com.br\/arquivo\/wp-json\/wp\/v2\/media?parent=59618"}],"wp:term":[{"taxonomy":"category","embeddable":true,"href":"https:\/\/www.jornalja.com.br\/arquivo\/wp-json\/wp\/v2\/categories?post=59618"},{"taxonomy":"post_tag","embeddable":true,"href":"https:\/\/www.jornalja.com.br\/arquivo\/wp-json\/wp\/v2\/tags?post=59618"}],"curies":[{"name":"wp","href":"https:\/\/api.w.org\/{rel}","templated":true}]}}