{"id":59679,"date":"2018-02-08T10:01:39","date_gmt":"2018-02-08T12:01:39","guid":{"rendered":"https:\/\/www.jornalja.com.br\/?p=59679"},"modified":"2018-02-08T10:01:39","modified_gmt":"2018-02-08T12:01:39","slug":"assembleia-da-aval-para-governo-sartori-assinar-regime-de-recuperacao-fiscal-com-a-uniao","status":"publish","type":"post","link":"https:\/\/www.jornalja.com.br\/arquivo\/assembleia-da-aval-para-governo-sartori-assinar-regime-de-recuperacao-fiscal-com-a-uniao\/","title":{"rendered":"Assembleia d\u00e1 aval para Sartori assinar regime de recupera\u00e7\u00e3o fiscal com a Uni\u00e3o"},"content":{"rendered":"<p>Ap\u00f3s derrotas na \u00faltima semana e uma sess\u00e3o nesta quarta-feira que entrou pela madrugada de quinta, 08\/02, o governo Sartori aprovou na Assembleia Legislativa a ades\u00e3o do Estado ao regime de recupera\u00e7\u00e3o fiscal proposto pelo governo federal. O texto foi aprovado com 30 votos favor\u00e1veis e 18 contr\u00e1rios.<br \/>\nA sess\u00e3o, iniciada \u00e0s 18h, chegou ao seu ponto decisivo quando o deputado Gabriel Souza (PMDB), l\u00edder do governo, conseguiu encaminhar a vota\u00e7\u00e3o sem que nenhuma das 21 emendas apresentadas \u00e0 mat\u00e9ria fossem deliberadas. A promessa do governo \u00e9 que as emendas podem serem debatidas e votadas futuramente. Ap\u00f3s muitas horas de debates, passavam das 4h quando a vota\u00e7\u00e3o ocorreu.<br \/>\nDurante a discuss\u00e3o da mat\u00e9ria, parlamentares da oposi\u00e7\u00e3o utilizaram a tribuna para criticar a proposta, que seria &#8220;um cheque em branco&#8221; dado ao Executivo, j\u00e1 que a minuta do contrato entre Estado e Uni\u00e3o n\u00e3o foi apresentada \u00e0 Casa. Manifestaram-se Stela Farias (PT), Miriam Marroni (PT), Jeferson Fernandes (PT), Pedro Ruas (PSOL), Juliana Brizola (PDT), Tarc\u00edsio Zimmermann (PT), Manuela d\u00b4\u00c1vila (PCdoB), Luiz Fernando Mainardi (PT) e\u00a0Juliano Roso (PCdoB).<br \/>\nNas galerias, de um lado servidores e representantes sindicais protestaram contra o governo, enquanto de outro lado, Ccs do governo e empres\u00e1rios criticavam a postura da oposi\u00e7\u00e3o e os servidores, manifestando-se a favor do acordo.<br \/>\nAp\u00f3s a aprova\u00e7\u00e3o , o governador comemorou o resultado. &#8220;Hoje a mudan\u00e7a venceu o atraso. A responsabilidade venceu o radicalismo. Digo mais: a prote\u00e7\u00e3o aos menos favorecidos venceu a defesa dos privil\u00e9gios. Por que digo isso? Porque n\u00e3o foi apenas um projeto que passou, mas a vontade popular de construir um novo Rio Grande&#8221;, afirmou Sartori.<br \/>\nO governador enfatizou que a autoriza\u00e7\u00e3o para o RRF n\u00e3o \u00e9 a solu\u00e7\u00e3o de todos os problemas do Estado. &#8220;Mas \u00e9 um grande passo. H\u00e1 ainda um longo caminho pela frente para encontrarmos o equil\u00edbrio das finan\u00e7as. Jamais vendi ilus\u00e3o. Precisamos continuar fazendo o dever de casa&#8221;, disse.<br \/>\nJ\u00e1 o secret\u00e1rio ga\u00facho da Fazenda, Giovani Feltes, disse esta manh\u00e3 que o Estado poder\u00e1 assinar em mar\u00e7o ou abril o acordo de ades\u00e3o ao Regime de Recupera\u00e7\u00e3o Fiscal dos Estados.<br \/>\nPara o governo, a\u00a0ades\u00e3o ao RRF representa a suspens\u00e3o do pagamento das parcelas da d\u00edvida do Estado com a Uni\u00e3o pelo prazo de at\u00e9 36 meses, prorrog\u00e1vel por igual per\u00edodo. De acordo com proje\u00e7\u00e3o da Secretaria da Fazenda (Sefaz), seria um al\u00edvio financeiro de R$ 11,3 bilh\u00f5es at\u00e9 2020, al\u00e9m de permitir a contrata\u00e7\u00e3o de novos empr\u00e9stimos nacionais e internacionais, diz o governo.<br \/>\nAs PECs que acabam com o plebiscito para as privatiza\u00e7\u00f5es da CRM, Sulg\u00e1s e CEEE seguem em debate na AL, mas est\u00e3o paradas na Comiss\u00e3o de Constitui\u00e7\u00e3o e Justi\u00e7a e n\u00e3o h\u00e1 previs\u00e3o de quando voltaria a ser debatida.<br \/>\nPara assinar o acordo de recupera\u00e7\u00e3o fiscal, o governo precisaria garantir contrapartidas, sem a venda das estatais, pode n\u00e3o ter ativos par oferecer e n\u00e3o ter como assinar o acordo.<br \/>\nA oposi\u00e7\u00e3o pretende questionar na Justi\u00e7a a aprova\u00e7\u00e3o na ALRS. Os parlamentares argumentam que h\u00e1 falta de clareza sobre os pontos do acordo com a Uni\u00e3o.<br \/>\n<span class=\"intertit\">Idas e vindas<\/span><br \/>\nO PLC 249\/2017\u00a0foi protocolado na\u00a0Casa, em regime de urg\u00eancia, no dia\u00a021 de novembro de 2017. Sua delibera\u00e7\u00e3o come\u00e7ou\u00a0na\u00a0sess\u00e3o extraordin\u00e1ria na manh\u00e3 do dia 22 de dezembro de 2017. No entanto, o projeto n\u00e3o foi votado, pois as manifesta\u00e7\u00f5es na tribuna consumiram a totalidade do tempo previsto para uma sess\u00e3o extraordin\u00e1ria, que \u00e9 de quatro horas sem possibilidade de prorroga\u00e7\u00e3o.<br \/>\nDurante os tr\u00eas dias de sess\u00f5es da convoca\u00e7\u00e3o extraordin\u00e1ria do governador Jos\u00e9 Ivo Sartori, de 29 a 31 de janeiro, n\u00e3o houve prosseguimento da discuss\u00e3o do projeto, j\u00e1 que todo o tempo das sess\u00f5es extraordin\u00e1rias foi utilizado com manifesta\u00e7\u00f5es na tribuna.<br \/>\nCom o in\u00edcio do ano legislativo, a expectativa era de que\u00a0o projeto fosse votado na primeira sess\u00e3o ordin\u00e1ria na ter\u00e7a-feira (6), j\u00e1 que trancava a\u00a0pauta do plen\u00e1rio. Isso n\u00e3o ocorreu porque, na segunda-feira (5), a oposi\u00e7\u00e3o conseguiu que\u00a0uma liminar concedida pelo Tribunal de Justi\u00e7a, impedindo que a mat\u00e9ria\u00a0fosse deliberada.\u00a0Pela manh\u00e3 (7), a Assembleia Legislativa, por delibera\u00e7\u00e3o da Mesa Diretora, ingressou no TJ\u00a0para derrubar a liminar,\u00a0o que ocorreu no in\u00edcio da tarde de quarta-feira, permitindo a retomada da vota\u00e7\u00e3o.<br \/>\n&nbsp;<\/p>\n","protected":false},"excerpt":{"rendered":"<p>Ap\u00f3s derrotas na \u00faltima semana e uma sess\u00e3o nesta quarta-feira que entrou pela madrugada de quinta, 08\/02, o governo Sartori aprovou na Assembleia Legislativa a ades\u00e3o do Estado ao regime de recupera\u00e7\u00e3o fiscal proposto pelo governo federal. O texto foi aprovado com 30 votos favor\u00e1veis e 18 contr\u00e1rios. A sess\u00e3o, iniciada \u00e0s 18h, chegou ao [&hellip;]<\/p>\n","protected":false},"author":4,"featured_media":59680,"comment_status":"open","ping_status":"closed","sticky":false,"template":"","format":"standard","meta":{"_jetpack_newsletter_access":"","_jetpack_dont_email_post_to_subs":false,"_jetpack_newsletter_tier_id":0,"_jetpack_memberships_contains_paywalled_content":false,"_jetpack_feature_clip_id":0,"_jetpack_memberships_contains_paid_content":false,"footnotes":"","jetpack_post_was_ever_published":false},"categories":[26],"tags":[],"class_list":["post-59679","post","type-post","status-publish","format-standard","has-post-thumbnail","hentry","category-geral"],"aioseo_notices":[],"aioseo_head":"\n\t\t<!-- All in One SEO 5.0.1.1 - aioseo.com -->\n\t<meta name=\"robots\" content=\"max-image-preview:large\" \/>\n\t<meta name=\"author\" content=\"da Reda\u00e7\u00e3o\"\/>\n\t<link rel=\"canonical\" href=\"https:\/\/www.jornalja.com.br\/arquivo\/assembleia-da-aval-para-governo-sartori-assinar-regime-de-recuperacao-fiscal-com-a-uniao\/\" \/>\n\t<meta name=\"generator\" content=\"All in One SEO (AIOSEO) 5.0.1.1\" \/>\n\t\t<meta property=\"og:locale\" content=\"pt_BR\" \/>\n\t\t<meta property=\"og:site_name\" content=\"Arquivo | Jornal J\u00c1 | Porto Alegre\" \/>\n\t\t<meta property=\"og:type\" content=\"article\" \/>\n\t\t<meta property=\"og:title\" content=\"Assembleia d\u00e1 aval para Sartori assinar regime de recupera\u00e7\u00e3o fiscal com a Uni\u00e3o | Arquivo\" \/>\n\t\t<meta property=\"og:url\" content=\"https:\/\/www.jornalja.com.br\/arquivo\/assembleia-da-aval-para-governo-sartori-assinar-regime-de-recuperacao-fiscal-com-a-uniao\/\" \/>\n\t\t<meta property=\"og:image\" content=\"https:\/\/www.jornalja.com.br\/economics\/wp-content\/uploads\/sites\/11\/2026\/08\/ja-folhaderosto-facebook.jpg\" \/>\n\t\t<meta property=\"og:image:secure_url\" content=\"https:\/\/www.jornalja.com.br\/economics\/wp-content\/uploads\/sites\/11\/2026\/08\/ja-folhaderosto-facebook.jpg\" \/>\n\t\t<meta property=\"article:published_time\" content=\"2018-02-08T12:01:39+00:00\" \/>\n\t\t<meta property=\"article:modified_time\" content=\"2018-02-08T12:01:39+00:00\" \/>\n\t\t<meta name=\"twitter:card\" content=\"summary\" \/>\n\t\t<meta name=\"twitter:title\" content=\"Assembleia d\u00e1 aval para Sartori assinar regime de recupera\u00e7\u00e3o fiscal com a Uni\u00e3o | Arquivo\" \/>\n\t\t<meta name=\"twitter:image\" content=\"https:\/\/www.jornalja.com.br\/economics\/wp-content\/uploads\/sites\/11\/2026\/08\/ja-folhaderosto-facebook.jpg\" \/>\n\t\t<script type=\"application\/ld+json\" class=\"aioseo-schema\">\n\t\t\t{\"@context\":\"https:\\\/\\\/schema.org\",\"@graph\":[{\"@type\":\"BlogPosting\",\"@id\":\"https:\\\/\\\/www.jornalja.com.br\\\/arquivo\\\/assembleia-da-aval-para-governo-sartori-assinar-regime-de-recuperacao-fiscal-com-a-uniao\\\/#blogposting\",\"name\":\"Assembleia d\\u00e1 aval para Sartori assinar regime de recupera\\u00e7\\u00e3o fiscal com a Uni\\u00e3o | Arquivo\",\"headline\":\"Assembleia d\\u00e1 aval para Sartori assinar regime de recupera\\u00e7\\u00e3o fiscal com a Uni\\u00e3o\",\"author\":{\"@id\":\"https:\\\/\\\/www.jornalja.com.br\\\/arquivo\\\/author\\\/daredacao\\\/#author\"},\"publisher\":{\"@id\":\"https:\\\/\\\/www.jornalja.com.br\\\/arquivo\\\/#organization\"},\"image\":{\"@type\":\"ImageObject\",\"url\":59680},\"datePublished\":\"2018-02-08T10:01:39-02:00\",\"dateModified\":\"2018-02-08T10:01:39-02:00\",\"inLanguage\":\"pt-BR\",\"mainEntityOfPage\":{\"@id\":\"https:\\\/\\\/www.jornalja.com.br\\\/arquivo\\\/assembleia-da-aval-para-governo-sartori-assinar-regime-de-recuperacao-fiscal-com-a-uniao\\\/#webpage\"},\"isPartOf\":{\"@id\":\"https:\\\/\\\/www.jornalja.com.br\\\/arquivo\\\/assembleia-da-aval-para-governo-sartori-assinar-regime-de-recuperacao-fiscal-com-a-uniao\\\/#webpage\"},\"articleSection\":\"Geral\"},{\"@type\":\"BreadcrumbList\",\"@id\":\"https:\\\/\\\/www.jornalja.com.br\\\/arquivo\\\/assembleia-da-aval-para-governo-sartori-assinar-regime-de-recuperacao-fiscal-com-a-uniao\\\/#breadcrumblist\",\"itemListElement\":[{\"@type\":\"ListItem\",\"@id\":\"https:\\\/\\\/www.jornalja.com.br\\\/arquivo#listItem\",\"position\":1,\"name\":\"Home\",\"item\":\"https:\\\/\\\/www.jornalja.com.br\\\/arquivo\",\"nextItem\":{\"@type\":\"ListItem\",\"@id\":\"https:\\\/\\\/www.jornalja.com.br\\\/arquivo\\\/category\\\/geral\\\/#listItem\",\"name\":\"Geral\"}},{\"@type\":\"ListItem\",\"@id\":\"https:\\\/\\\/www.jornalja.com.br\\\/arquivo\\\/category\\\/geral\\\/#listItem\",\"position\":2,\"name\":\"Geral\",\"item\":\"https:\\\/\\\/www.jornalja.com.br\\\/arquivo\\\/category\\\/geral\\\/\",\"nextItem\":{\"@type\":\"ListItem\",\"@id\":\"https:\\\/\\\/www.jornalja.com.br\\\/arquivo\\\/assembleia-da-aval-para-governo-sartori-assinar-regime-de-recuperacao-fiscal-com-a-uniao\\\/#listItem\",\"name\":\"Assembleia d\\u00e1 aval para Sartori assinar regime de recupera\\u00e7\\u00e3o fiscal com a Uni\\u00e3o\"},\"previousItem\":{\"@type\":\"ListItem\",\"@id\":\"https:\\\/\\\/www.jornalja.com.br\\\/arquivo#listItem\",\"name\":\"Home\"}},{\"@type\":\"ListItem\",\"@id\":\"https:\\\/\\\/www.jornalja.com.br\\\/arquivo\\\/assembleia-da-aval-para-governo-sartori-assinar-regime-de-recuperacao-fiscal-com-a-uniao\\\/#listItem\",\"position\":3,\"name\":\"Assembleia d\\u00e1 aval para Sartori assinar regime de recupera\\u00e7\\u00e3o fiscal com a Uni\\u00e3o\",\"previousItem\":{\"@type\":\"ListItem\",\"@id\":\"https:\\\/\\\/www.jornalja.com.br\\\/arquivo\\\/category\\\/geral\\\/#listItem\",\"name\":\"Geral\"}}]},{\"@type\":\"Organization\",\"@id\":\"https:\\\/\\\/www.jornalja.com.br\\\/arquivo\\\/#organization\",\"name\":\"Jornal J\\u00c1\",\"description\":\"Jornal J\\u00c1 | Porto Alegre\",\"url\":\"https:\\\/\\\/www.jornalja.com.br\\\/arquivo\\\/\",\"telephone\":\"+555133307272\",\"logo\":{\"@type\":\"ImageObject\",\"url\":\"https:\\\/\\\/www.jornalja.com.br\\\/wp-content\\\/uploads\\\/cards\\\/JAslogan.png\",\"@id\":\"https:\\\/\\\/www.jornalja.com.br\\\/arquivo\\\/assembleia-da-aval-para-governo-sartori-assinar-regime-de-recuperacao-fiscal-com-a-uniao\\\/#organizationLogo\"},\"image\":{\"@id\":\"https:\\\/\\\/www.jornalja.com.br\\\/arquivo\\\/assembleia-da-aval-para-governo-sartori-assinar-regime-de-recuperacao-fiscal-com-a-uniao\\\/#organizationLogo\"}},{\"@type\":\"Person\",\"@id\":\"https:\\\/\\\/www.jornalja.com.br\\\/arquivo\\\/author\\\/daredacao\\\/#author\",\"url\":\"https:\\\/\\\/www.jornalja.com.br\\\/arquivo\\\/author\\\/daredacao\\\/\",\"name\":\"da Reda\\u00e7\\u00e3o\",\"image\":{\"@type\":\"ImageObject\",\"@id\":\"https:\\\/\\\/www.jornalja.com.br\\\/arquivo\\\/assembleia-da-aval-para-governo-sartori-assinar-regime-de-recuperacao-fiscal-com-a-uniao\\\/#authorImage\",\"url\":\"https:\\\/\\\/secure.gravatar.com\\\/avatar\\\/469fd857d6605ad19919d27ed29d35a968a25f6e8fd9318356bbb7f57aae9c65?s=96&d=mm&r=g\",\"width\":96,\"height\":96,\"caption\":\"da Reda\\u00e7\\u00e3o\"}},{\"@type\":\"WebPage\",\"@id\":\"https:\\\/\\\/www.jornalja.com.br\\\/arquivo\\\/assembleia-da-aval-para-governo-sartori-assinar-regime-de-recuperacao-fiscal-com-a-uniao\\\/#webpage\",\"url\":\"https:\\\/\\\/www.jornalja.com.br\\\/arquivo\\\/assembleia-da-aval-para-governo-sartori-assinar-regime-de-recuperacao-fiscal-com-a-uniao\\\/\",\"name\":\"Assembleia d\\u00e1 aval para Sartori assinar regime de recupera\\u00e7\\u00e3o fiscal com a Uni\\u00e3o | Arquivo\",\"inLanguage\":\"pt-BR\",\"isPartOf\":{\"@id\":\"https:\\\/\\\/www.jornalja.com.br\\\/arquivo\\\/#website\"},\"breadcrumb\":{\"@id\":\"https:\\\/\\\/www.jornalja.com.br\\\/arquivo\\\/assembleia-da-aval-para-governo-sartori-assinar-regime-de-recuperacao-fiscal-com-a-uniao\\\/#breadcrumblist\"},\"author\":{\"@id\":\"https:\\\/\\\/www.jornalja.com.br\\\/arquivo\\\/author\\\/daredacao\\\/#author\"},\"creator\":{\"@id\":\"https:\\\/\\\/www.jornalja.com.br\\\/arquivo\\\/author\\\/daredacao\\\/#author\"},\"image\":{\"@type\":\"ImageObject\",\"url\":59680,\"@id\":\"https:\\\/\\\/www.jornalja.com.br\\\/arquivo\\\/assembleia-da-aval-para-governo-sartori-assinar-regime-de-recuperacao-fiscal-com-a-uniao\\\/#mainImage\"},\"primaryImageOfPage\":{\"@id\":\"https:\\\/\\\/www.jornalja.com.br\\\/arquivo\\\/assembleia-da-aval-para-governo-sartori-assinar-regime-de-recuperacao-fiscal-com-a-uniao\\\/#mainImage\"},\"datePublished\":\"2018-02-08T10:01:39-02:00\",\"dateModified\":\"2018-02-08T10:01:39-02:00\"},{\"@type\":\"WebSite\",\"@id\":\"https:\\\/\\\/www.jornalja.com.br\\\/arquivo\\\/#website\",\"url\":\"https:\\\/\\\/www.jornalja.com.br\\\/arquivo\\\/\",\"name\":\"Arquivo\",\"description\":\"Jornal J\\u00c1 | Porto Alegre\",\"inLanguage\":\"pt-BR\",\"publisher\":{\"@id\":\"https:\\\/\\\/www.jornalja.com.br\\\/arquivo\\\/#organization\"}}]}\n\t\t<\/script>\n\t\t<!-- All in One SEO -->\n\n","aioseo_head_json":{"title":"Assembleia d\u00e1 aval para Sartori assinar regime de recupera\u00e7\u00e3o fiscal com a Uni\u00e3o | Arquivo","description":"","canonical_url":"https:\/\/www.jornalja.com.br\/arquivo\/assembleia-da-aval-para-governo-sartori-assinar-regime-de-recuperacao-fiscal-com-a-uniao\/","robots":"max-image-preview:large","keywords":"","webmasterTools":{"miscellaneous":""},"schema":{"@context":"https:\/\/schema.org","@graph":[{"@type":"BlogPosting","@id":"https:\/\/www.jornalja.com.br\/arquivo\/assembleia-da-aval-para-governo-sartori-assinar-regime-de-recuperacao-fiscal-com-a-uniao\/#blogposting","name":"Assembleia d\u00e1 aval para Sartori assinar regime de recupera\u00e7\u00e3o fiscal com a Uni\u00e3o | Arquivo","headline":"Assembleia d\u00e1 aval para Sartori assinar regime de recupera\u00e7\u00e3o fiscal com a Uni\u00e3o","author":{"@id":"https:\/\/www.jornalja.com.br\/arquivo\/author\/daredacao\/#author"},"publisher":{"@id":"https:\/\/www.jornalja.com.br\/arquivo\/#organization"},"image":{"@type":"ImageObject","url":59680},"datePublished":"2018-02-08T10:01:39-02:00","dateModified":"2018-02-08T10:01:39-02:00","inLanguage":"pt-BR","mainEntityOfPage":{"@id":"https:\/\/www.jornalja.com.br\/arquivo\/assembleia-da-aval-para-governo-sartori-assinar-regime-de-recuperacao-fiscal-com-a-uniao\/#webpage"},"isPartOf":{"@id":"https:\/\/www.jornalja.com.br\/arquivo\/assembleia-da-aval-para-governo-sartori-assinar-regime-de-recuperacao-fiscal-com-a-uniao\/#webpage"},"articleSection":"Geral"},{"@type":"BreadcrumbList","@id":"https:\/\/www.jornalja.com.br\/arquivo\/assembleia-da-aval-para-governo-sartori-assinar-regime-de-recuperacao-fiscal-com-a-uniao\/#breadcrumblist","itemListElement":[{"@type":"ListItem","@id":"https:\/\/www.jornalja.com.br\/arquivo#listItem","position":1,"name":"Home","item":"https:\/\/www.jornalja.com.br\/arquivo","nextItem":{"@type":"ListItem","@id":"https:\/\/www.jornalja.com.br\/arquivo\/category\/geral\/#listItem","name":"Geral"}},{"@type":"ListItem","@id":"https:\/\/www.jornalja.com.br\/arquivo\/category\/geral\/#listItem","position":2,"name":"Geral","item":"https:\/\/www.jornalja.com.br\/arquivo\/category\/geral\/","nextItem":{"@type":"ListItem","@id":"https:\/\/www.jornalja.com.br\/arquivo\/assembleia-da-aval-para-governo-sartori-assinar-regime-de-recuperacao-fiscal-com-a-uniao\/#listItem","name":"Assembleia d\u00e1 aval para Sartori assinar regime de recupera\u00e7\u00e3o fiscal com a Uni\u00e3o"},"previousItem":{"@type":"ListItem","@id":"https:\/\/www.jornalja.com.br\/arquivo#listItem","name":"Home"}},{"@type":"ListItem","@id":"https:\/\/www.jornalja.com.br\/arquivo\/assembleia-da-aval-para-governo-sartori-assinar-regime-de-recuperacao-fiscal-com-a-uniao\/#listItem","position":3,"name":"Assembleia d\u00e1 aval para Sartori assinar regime de recupera\u00e7\u00e3o fiscal com a Uni\u00e3o","previousItem":{"@type":"ListItem","@id":"https:\/\/www.jornalja.com.br\/arquivo\/category\/geral\/#listItem","name":"Geral"}}]},{"@type":"Organization","@id":"https:\/\/www.jornalja.com.br\/arquivo\/#organization","name":"Jornal J\u00c1","description":"Jornal J\u00c1 | Porto Alegre","url":"https:\/\/www.jornalja.com.br\/arquivo\/","telephone":"+555133307272","logo":{"@type":"ImageObject","url":"https:\/\/www.jornalja.com.br\/wp-content\/uploads\/cards\/JAslogan.png","@id":"https:\/\/www.jornalja.com.br\/arquivo\/assembleia-da-aval-para-governo-sartori-assinar-regime-de-recuperacao-fiscal-com-a-uniao\/#organizationLogo"},"image":{"@id":"https:\/\/www.jornalja.com.br\/arquivo\/assembleia-da-aval-para-governo-sartori-assinar-regime-de-recuperacao-fiscal-com-a-uniao\/#organizationLogo"}},{"@type":"Person","@id":"https:\/\/www.jornalja.com.br\/arquivo\/author\/daredacao\/#author","url":"https:\/\/www.jornalja.com.br\/arquivo\/author\/daredacao\/","name":"da Reda\u00e7\u00e3o","image":{"@type":"ImageObject","@id":"https:\/\/www.jornalja.com.br\/arquivo\/assembleia-da-aval-para-governo-sartori-assinar-regime-de-recuperacao-fiscal-com-a-uniao\/#authorImage","url":"https:\/\/secure.gravatar.com\/avatar\/469fd857d6605ad19919d27ed29d35a968a25f6e8fd9318356bbb7f57aae9c65?s=96&d=mm&r=g","width":96,"height":96,"caption":"da Reda\u00e7\u00e3o"}},{"@type":"WebPage","@id":"https:\/\/www.jornalja.com.br\/arquivo\/assembleia-da-aval-para-governo-sartori-assinar-regime-de-recuperacao-fiscal-com-a-uniao\/#webpage","url":"https:\/\/www.jornalja.com.br\/arquivo\/assembleia-da-aval-para-governo-sartori-assinar-regime-de-recuperacao-fiscal-com-a-uniao\/","name":"Assembleia d\u00e1 aval para Sartori assinar regime de recupera\u00e7\u00e3o fiscal com a Uni\u00e3o | Arquivo","inLanguage":"pt-BR","isPartOf":{"@id":"https:\/\/www.jornalja.com.br\/arquivo\/#website"},"breadcrumb":{"@id":"https:\/\/www.jornalja.com.br\/arquivo\/assembleia-da-aval-para-governo-sartori-assinar-regime-de-recuperacao-fiscal-com-a-uniao\/#breadcrumblist"},"author":{"@id":"https:\/\/www.jornalja.com.br\/arquivo\/author\/daredacao\/#author"},"creator":{"@id":"https:\/\/www.jornalja.com.br\/arquivo\/author\/daredacao\/#author"},"image":{"@type":"ImageObject","url":59680,"@id":"https:\/\/www.jornalja.com.br\/arquivo\/assembleia-da-aval-para-governo-sartori-assinar-regime-de-recuperacao-fiscal-com-a-uniao\/#mainImage"},"primaryImageOfPage":{"@id":"https:\/\/www.jornalja.com.br\/arquivo\/assembleia-da-aval-para-governo-sartori-assinar-regime-de-recuperacao-fiscal-com-a-uniao\/#mainImage"},"datePublished":"2018-02-08T10:01:39-02:00","dateModified":"2018-02-08T10:01:39-02:00"},{"@type":"WebSite","@id":"https:\/\/www.jornalja.com.br\/arquivo\/#website","url":"https:\/\/www.jornalja.com.br\/arquivo\/","name":"Arquivo","description":"Jornal J\u00c1 | Porto Alegre","inLanguage":"pt-BR","publisher":{"@id":"https:\/\/www.jornalja.com.br\/arquivo\/#organization"}}]},"og:locale":"pt_BR","og:site_name":"Arquivo | Jornal J\u00c1 | Porto Alegre","og:type":"article","og:title":"Assembleia d\u00e1 aval para Sartori assinar regime de recupera\u00e7\u00e3o fiscal com a Uni\u00e3o | Arquivo","og:url":"https:\/\/www.jornalja.com.br\/arquivo\/assembleia-da-aval-para-governo-sartori-assinar-regime-de-recuperacao-fiscal-com-a-uniao\/","og:image":"https:\/\/www.jornalja.com.br\/economics\/wp-content\/uploads\/sites\/11\/2026\/08\/ja-folhaderosto-facebook.jpg","og:image:secure_url":"https:\/\/www.jornalja.com.br\/economics\/wp-content\/uploads\/sites\/11\/2026\/08\/ja-folhaderosto-facebook.jpg","article:published_time":"2018-02-08T12:01:39+00:00","article:modified_time":"2018-02-08T12:01:39+00:00","twitter:card":"summary","twitter:title":"Assembleia d\u00e1 aval para Sartori assinar regime de recupera\u00e7\u00e3o fiscal com a Uni\u00e3o | Arquivo","twitter:image":"https:\/\/www.jornalja.com.br\/economics\/wp-content\/uploads\/sites\/11\/2026\/08\/ja-folhaderosto-facebook.jpg"},"aioseo_meta_data":{"post_id":"59679","title":null,"description":null,"keywords":null,"keyphrases":null,"primary_term":null,"canonical_url":null,"og_title":null,"og_description":null,"og_object_type":"default","og_image_type":"default","og_image_url":null,"og_image_width":null,"og_image_height":null,"og_image_custom_url":null,"og_image_custom_fields":null,"og_video":null,"og_custom_url":null,"og_article_section":null,"og_article_tags":null,"twitter_use_og":false,"twitter_card":"default","twitter_image_type":"default","twitter_image_url":null,"twitter_image_custom_url":null,"twitter_image_custom_fields":null,"twitter_title":null,"twitter_description":null,"schema":{"blockGraphs":[],"customGraphs":[],"default":{"data":{"Article":[],"Course":[],"Dataset":[],"FAQPage":[],"Movie":[],"Person":[],"Product":[],"ProductReview":[],"Car":[],"Recipe":[],"Service":[],"SoftwareApplication":[],"WebPage":[]},"graphName":"","isEnabled":true},"graphs":[]},"schema_type":null,"schema_type_options":null,"pillar_content":false,"robots_default":true,"robots_noindex":false,"robots_noarchive":false,"robots_nosnippet":false,"robots_nofollow":false,"robots_noimageindex":false,"robots_noodp":false,"robots_notranslate":false,"robots_max_snippet":null,"robots_max_videopreview":null,"robots_max_imagepreview":"large","priority":null,"frequency":null,"location":null,"local_seo":null,"breadcrumb_settings":null,"limit_modified_date":false,"ai":null,"created":"2020-12-20 20:18:02","updated":"2025-07-20 03:28:20","seo_analyzer_scan_date":null,"focus_keyword":null,"additional_keywords":null,"truseo_locale":null},"jetpack_sharing_enabled":true,"jetpack-related-posts":[{"id":13239,"url":"https:\/\/www.jornalja.com.br\/arquivo\/conselho-desdenha-do-plano-diretor\/","url_meta":{"origin":59679,"position":0},"title":"Porto Alegre: Conselho detona Plano Diretor","author":"Patr\u00edcia Marini","date":"25 de maio de 2014","format":false,"excerpt":"Den\u00fancia do arquiteto e \u00a0urbanista Ibir\u00e1 Santos Lucas. Ele diz que os conselheiros est\u00e3o votando com \"enorme irresponsabilidade\". \"Mudam regime com a maior naturalidade,,,regularizam absurdos de constru\u00e7\u00f5es irregulares... \"O CMDUA est\u00e1 flexibilizando a lei do plano diretor, de uma forma impactante na vida da cidade. Mudam regime com a maior\u2026","rel":"","context":"Em &quot;Geral&quot;","block_context":{"text":"Geral","link":"https:\/\/www.jornalja.com.br\/arquivo\/category\/geral\/"},"img":{"alt_text":"","src":"","width":0,"height":0},"classes":[]},{"id":13240,"url":"https:\/\/www.jornalja.com.br\/arquivo\/plano-diretor-estamos-construindo-o-caos\/","url_meta":{"origin":59679,"position":1},"title":"Plano diretor: &quot;Estamos construindo o caos&quot;","author":"Patr\u00edcia Marini","date":"26 de maio de 2014","format":false,"excerpt":"Desabafo que arquiteta Eliana Castilhos, delegada da Regi\u00e3o de Planejamento 1, postou nas redes sociais \u00e9 um testemunho do ambiente que se criou no Conselho do Plano Diretor de Porto Alegre, onde a aprova\u00e7\u00e3o de grandes empreendimentos \u00e9 empurrada guela abaixo dos conselheiros. Ao CMDUA Como delegada da Regi\u00e3o de\u2026","rel":"","context":"Em &quot;Geral&quot;","block_context":{"text":"Geral","link":"https:\/\/www.jornalja.com.br\/arquivo\/category\/geral\/"},"img":{"alt_text":"","src":"","width":0,"height":0},"classes":[]},{"id":13109,"url":"https:\/\/www.jornalja.com.br\/arquivo\/judiciario-reconhece-poluicao-eletromagnetica\/","url_meta":{"origin":59679,"position":2},"title":"Judici\u00e1rio reconhece polui\u00e7\u00e3o eletromagn\u00e9tica","author":"Patr\u00edcia Marini","date":"16 de maio de 2014","format":false,"excerpt":"A\u00e7\u00e3o de duas associa\u00e7\u00f5es de moradores foi acolhida pelo Tribunal de Justi\u00e7a de S\u00e3o Paulo que. em decis\u00e3o in\u00e9dita, determinou a redu\u00e7\u00e3o do campo eletromagn\u00e9tico gerado pelas linhas de transmiss\u00e3o de energia que cortam os bairros City Boa\u00e7ava e Alto de Pinheiros. \u00c9 a primeira vez que um tribunal do\u2026","rel":"","context":"Em &quot;X.Categorias velhas&quot;","block_context":{"text":"X.Categorias velhas","link":"https:\/\/www.jornalja.com.br\/arquivo\/category\/x-categorias-velhas\/"},"img":{"alt_text":"","src":"","width":0,"height":0},"classes":[]},{"id":13128,"url":"https:\/\/www.jornalja.com.br\/arquivo\/maconha-terra-diz-que-uso-medicinal-e-desculpa\/","url_meta":{"origin":59679,"position":3},"title":"Maconha: Terra diz que uso medicinal \u00e9 desculpa","author":"Patr\u00edcia Marini","date":"4 de junho de 2014","format":false,"excerpt":"A condi\u00e7\u00e3o de pol\u00edtico, em \u00e9poca de campanha de campanha eleitoral, tira for\u00e7a do discurso do m\u00e9dico Osmar Terra contra a legaliza\u00e7\u00e3o da maconha. A tese dele de que a libera\u00e7\u00e3o vai ampliar exponencialmente o consumo \u00e9 discutivel, o consumo \u00e9 corrente. Mas seus alertas quanto aos riscos tem que\u2026","rel":"","context":"Em &quot;X.Categorias velhas&quot;","block_context":{"text":"X.Categorias velhas","link":"https:\/\/www.jornalja.com.br\/arquivo\/category\/x-categorias-velhas\/"},"img":{"alt_text":"","src":"","width":0,"height":0},"classes":[]},{"id":5440,"url":"https:\/\/www.jornalja.com.br\/arquivo\/casarao-da-venancio-destino-permanece-incerto\/","url_meta":{"origin":59679,"position":4},"title":"Estado ainda n\u00e3o sabe o que fazer com casar\u00e3o abandonado h\u00e1 20 anos","author":"Elmar Bones","date":"6 de julho de 2009","format":false,"excerpt":"O casar\u00e3o amarelo, numa esquina nobre de Porto Alegre (Ven\u00e2ncio Aires com Jo\u00e3o Pessoa), j\u00e1 abrigou uma escola. H\u00e1 duas d\u00e9cadas, pelo menos, est\u00e1 abandonado, porque seu propriet\u00e1rio, o governo do Estado do Rio Grande do Sul, n\u00e3o consegue achar um destino para ele. Planos n\u00e3o faltaram. O governador Ol\u00edvio\u2026","rel":"","context":"Em &quot;X.Categorias velhas&quot;","block_context":{"text":"X.Categorias velhas","link":"https:\/\/www.jornalja.com.br\/arquivo\/category\/x-categorias-velhas\/"},"img":{"alt_text":"geraldo1","src":"https:\/\/i0.wp.com\/www.jornalja.com.br\/wp-content\/uploads\/2009\/07\/geraldo1.jpg?resize=350%2C200&ssl=1","width":350,"height":200},"classes":[]},{"id":13124,"url":"https:\/\/www.jornalja.com.br\/arquivo\/sangue-latino-no-iecine\/","url_meta":{"origin":59679,"position":5},"title":"Sangue latino no IECINE","author":"da Reda\u00e7\u00e3o","date":"18 de maio de 2014","format":false,"excerpt":"Francisco Ribeiro O Instituto Estadual de Cinema (IECINE) tem a frente, desde abril \u00faltimo, um novo diretor, o cineasta colombiano Juan Zapata, 36, que substitui Luiz Alberto Cassol. Radicado h\u00e1 dez anos em Porto Alegre, Zapata tem diante de si o desafio de conduzir at\u00e9 o final do ano um\u2026","rel":"","context":"Em &quot;Cultura-Geral&quot;","block_context":{"text":"Cultura-Geral","link":"https:\/\/www.jornalja.com.br\/arquivo\/category\/materiasecundaria\/"},"img":{"alt_text":"","src":"","width":0,"height":0},"classes":[]}],"jetpack_shortlink":"https:\/\/wp.me\/pbQjBd-fwz","jetpack_featured_media_url":"","_links":{"self":[{"href":"https:\/\/www.jornalja.com.br\/arquivo\/wp-json\/wp\/v2\/posts\/59679","targetHints":{"allow":["GET"]}}],"collection":[{"href":"https:\/\/www.jornalja.com.br\/arquivo\/wp-json\/wp\/v2\/posts"}],"about":[{"href":"https:\/\/www.jornalja.com.br\/arquivo\/wp-json\/wp\/v2\/types\/post"}],"author":[{"embeddable":true,"href":"https:\/\/www.jornalja.com.br\/arquivo\/wp-json\/wp\/v2\/users\/4"}],"replies":[{"embeddable":true,"href":"https:\/\/www.jornalja.com.br\/arquivo\/wp-json\/wp\/v2\/comments?post=59679"}],"version-history":[{"count":0,"href":"https:\/\/www.jornalja.com.br\/arquivo\/wp-json\/wp\/v2\/posts\/59679\/revisions"}],"wp:attachment":[{"href":"https:\/\/www.jornalja.com.br\/arquivo\/wp-json\/wp\/v2\/media?parent=59679"}],"wp:term":[{"taxonomy":"category","embeddable":true,"href":"https:\/\/www.jornalja.com.br\/arquivo\/wp-json\/wp\/v2\/categories?post=59679"},{"taxonomy":"post_tag","embeddable":true,"href":"https:\/\/www.jornalja.com.br\/arquivo\/wp-json\/wp\/v2\/tags?post=59679"}],"curies":[{"name":"wp","href":"https:\/\/api.w.org\/{rel}","templated":true}]}}