{"id":59731,"date":"2018-02-10T15:50:20","date_gmt":"2018-02-10T17:50:20","guid":{"rendered":"https:\/\/www.jornalja.com.br\/?p=59731"},"modified":"2018-02-10T15:50:20","modified_gmt":"2018-02-10T17:50:20","slug":"stf-reconhece-legalidade-do-decreto-sobre-os-quilombos","status":"publish","type":"post","link":"https:\/\/www.jornalja.com.br\/arquivo\/stf-reconhece-legalidade-do-decreto-sobre-os-quilombos\/","title":{"rendered":"STF reconhece legalidade do decreto sobre os quilombos"},"content":{"rendered":"<p>O Supremo Tribunal Federal (STF) decidiu, por 10 votos a 1, que o decreto presidencial que regulamentou, em 2003, a demarca\u00e7\u00e3o de terras de comunidades quilombolas \u00e9 constitucional. Ap\u00f3s 14 anos de tramita\u00e7\u00e3o, os ministros mantiveram as regras de autodetermina\u00e7\u00e3o, pelo qual a pr\u00f3pria comunidade determina quem s\u00e3o e onde est\u00e3o os quilombolas, al\u00e9m do direito \u00e0 posse das terras que eram ocupadas no momento da promulga\u00e7\u00e3o da Constitui\u00e7\u00e3o. A sess\u00e3o ocorreu na \u00faltima quinta-feira, dia 9.<br \/>\nA a\u00e7\u00e3o foi protocolada pelo Democratas em 2004. O partido contestou a constitucionalidade do Decreto 4.887\/2003, sobre os procedimentos para identifica\u00e7\u00e3o, reconhecimento, delimita\u00e7\u00e3o, demarca\u00e7\u00e3o e titula\u00e7\u00e3o das terras ocupadas por remanescentes das comunidades de quilombos.<br \/>\nOrganiza\u00e7\u00f5es n\u00e3o-governamentais que defendem os direitos quilombolas temiam que o Supremo decidisse impor algum \u201cmarco temporal\u201d, uma data para a comprova\u00e7\u00e3o da efetiva ocupa\u00e7\u00e3o das terras. Isso poderia inviabilizar a titula\u00e7\u00e3o de algumas comunidades que tenham sido expulsas \u00e0 for\u00e7a de seus territ\u00f3rios originais.<br \/>\nEm 2012, o ministro C\u00e9zar Peluso acatou integralmente a A\u00e7\u00e3o Direta de Inconstitucionalidade (ADI) 3.239 contra a norma, proposta pelo DEM, em 2003. Peluso foi o relator do caso e j\u00e1 se aposentou. Em agosto, Dias Toffoli considerou o decreto constitucional, mas acolheu parte dos argumentos do partido. Hoje, Gilmar Mendes seguiu a mesma posi\u00e7\u00e3o. Os tr\u00eas defenderam a aplica\u00e7\u00e3o do \u201cmarco temporal\u201d \u00e0s titula\u00e7\u00f5es, tese pela qual s\u00f3 deveriam ter direito ao seu territ\u00f3rio comunidades que estavam em sua posse em 5 de outubro de 1988, data da promulga\u00e7\u00e3o da Constitui\u00e7\u00e3o. Afinal, foram voto vencido &#8211; seis ministros manifestaram-se expressamente contra o \u201cmarco temporal\u201d: Rosa Weber, Edson Fachin, Lu\u00eds Roberto Barroso, Luiz Fux, Ricardo Lewandowski e Celso de Melo.<br \/>\nV\u00e1rios deles repetiram que o \u201cmarco temporal\u201d desconsidera o hist\u00f3rico de viol\u00eancias e remo\u00e7\u00f5es for\u00e7adas sofrido pelos quilombolas e que muitas comunidades n\u00e3o t\u00eam ou tiveram condi\u00e7\u00f5es de entrar com a\u00e7\u00f5es judiciais em defesa de suas terras, de provar que foram expulsas ou que enfrentaram conflitos por causa delas, como determina a vers\u00e3o da tese defendida pelos ruralistas.<br \/>\nEm aparte aos colegas, Toffoli tentou convencer o plen\u00e1rio de que o &#8220;marco temporal&#8221; n\u00e3o prejudicaria os quilombolas. Afinal, n\u00e3o teve sucesso. A ministra Rosa Weber disse que ir\u00e1 retirar de seu voto, proferido em 2015, a cita\u00e7\u00e3o \u00e0 tese. Isso sacramentou a decis\u00e3o de rejeit\u00e1-a, j\u00e1 que Weber abriu a diverg\u00eancia com o relator e sua posi\u00e7\u00e3o foi acompanhada pela maioria dos ministros.<br \/>\nPara o ministro Edson Fachin, as comunidades remanescentes eram invis\u00edveis ao ordenamento jur\u00eddico antes da Constitui\u00e7\u00e3o de 1988. No entendimento da Fachin, os quilombolas eram considerados invasores de terras.<br \/>\n\u201cEssas comunidades eram invis\u00edveis ao ordenamento jur\u00eddico at\u00e9 a Assembleia Constituinte, que originou o texto constitucional, quando o movimento negro obteve, na reda\u00e7\u00e3o do Artigo 68 [do ADCT], e na redemocratiza\u00e7\u00e3o do pa\u00eds, uma vit\u00f3ria contra um evidente racismo incrustado em nossa sociedade e, assim, uma recomposi\u00e7\u00e3o hist\u00f3rica\u201d, argumentou o ministro.<br \/>\nSegundo Barroso, a hip\u00f3tese levantada pelo Democratas em rela\u00e7\u00e3o a possibilidade de fraude na concess\u00e3o dos t\u00edtulos \u00e9 \u201cfantasiosa\u201d. &#8220;A ideia de que pudesse haver fraude \u00e9 um pouco fantasiosa, porque era preciso enganar muita gente. Era preciso que a comunidade quilombola pudesse criar uma sociedade puramente imagin\u00e1ria\u201d, argumentou.<br \/>\nCom informa\u00e7\u00f5es\u00a0da <a href=\"http:\/\/agenciabrasil.ebc.com.br\/\">Agencia Brasil<\/a> e do <a href=\"http:\/\/www.socioambiental.org\/pt-br\/noticias-socioambientais\/em-vitoria-historica-de-quilombolas-stf-declara-constitucional-decreto-de-titulacoes\">Instituto Socioambiental<\/a>.<\/p>\n","protected":false},"excerpt":{"rendered":"<p>O Supremo Tribunal Federal (STF) decidiu, por 10 votos a 1, que o decreto presidencial que regulamentou, em 2003, a demarca\u00e7\u00e3o de terras de comunidades quilombolas \u00e9 constitucional. Ap\u00f3s 14 anos de tramita\u00e7\u00e3o, os ministros mantiveram as regras de autodetermina\u00e7\u00e3o, pelo qual a pr\u00f3pria comunidade determina quem s\u00e3o e onde est\u00e3o os quilombolas, al\u00e9m do [&hellip;]<\/p>\n","protected":false},"author":4,"featured_media":59732,"comment_status":"open","ping_status":"closed","sticky":false,"template":"","format":"standard","meta":{"_jetpack_newsletter_access":"","_jetpack_dont_email_post_to_subs":false,"_jetpack_newsletter_tier_id":0,"_jetpack_memberships_contains_paywalled_content":false,"_jetpack_feature_clip_id":0,"_jetpack_memberships_contains_paid_content":false,"footnotes":"","jetpack_post_was_ever_published":false},"categories":[26],"tags":[],"class_list":["post-59731","post","type-post","status-publish","format-standard","has-post-thumbnail","hentry","category-geral"],"aioseo_notices":[],"aioseo_head":"\n\t\t<!-- All in One SEO 5.0.1.1 - aioseo.com -->\n\t<meta name=\"robots\" content=\"max-image-preview:large\" \/>\n\t<meta name=\"author\" content=\"da Reda\u00e7\u00e3o\"\/>\n\t<link rel=\"canonical\" href=\"https:\/\/www.jornalja.com.br\/arquivo\/stf-reconhece-legalidade-do-decreto-sobre-os-quilombos\/\" \/>\n\t<meta name=\"generator\" content=\"All in One SEO (AIOSEO) 5.0.1.1\" \/>\n\t\t<meta property=\"og:locale\" content=\"pt_BR\" \/>\n\t\t<meta property=\"og:site_name\" content=\"Arquivo | Jornal J\u00c1 | Porto Alegre\" \/>\n\t\t<meta property=\"og:type\" content=\"article\" \/>\n\t\t<meta property=\"og:title\" content=\"STF reconhece legalidade do decreto sobre os quilombos | Arquivo\" \/>\n\t\t<meta property=\"og:url\" content=\"https:\/\/www.jornalja.com.br\/arquivo\/stf-reconhece-legalidade-do-decreto-sobre-os-quilombos\/\" \/>\n\t\t<meta property=\"og:image\" content=\"https:\/\/www.jornalja.com.br\/economics\/wp-content\/uploads\/sites\/11\/2026\/08\/ja-folhaderosto-facebook.jpg\" \/>\n\t\t<meta property=\"og:image:secure_url\" content=\"https:\/\/www.jornalja.com.br\/economics\/wp-content\/uploads\/sites\/11\/2026\/08\/ja-folhaderosto-facebook.jpg\" \/>\n\t\t<meta property=\"article:published_time\" content=\"2018-02-10T17:50:20+00:00\" \/>\n\t\t<meta property=\"article:modified_time\" content=\"2018-02-10T17:50:20+00:00\" \/>\n\t\t<meta name=\"twitter:card\" content=\"summary\" \/>\n\t\t<meta name=\"twitter:title\" content=\"STF reconhece legalidade do decreto sobre os quilombos | Arquivo\" \/>\n\t\t<meta name=\"twitter:image\" content=\"https:\/\/www.jornalja.com.br\/economics\/wp-content\/uploads\/sites\/11\/2026\/08\/ja-folhaderosto-facebook.jpg\" \/>\n\t\t<script type=\"application\/ld+json\" class=\"aioseo-schema\">\n\t\t\t{\"@context\":\"https:\\\/\\\/schema.org\",\"@graph\":[{\"@type\":\"BlogPosting\",\"@id\":\"https:\\\/\\\/www.jornalja.com.br\\\/arquivo\\\/stf-reconhece-legalidade-do-decreto-sobre-os-quilombos\\\/#blogposting\",\"name\":\"STF reconhece legalidade do decreto sobre os quilombos | Arquivo\",\"headline\":\"STF reconhece legalidade do decreto sobre os quilombos\",\"author\":{\"@id\":\"https:\\\/\\\/www.jornalja.com.br\\\/arquivo\\\/author\\\/daredacao\\\/#author\"},\"publisher\":{\"@id\":\"https:\\\/\\\/www.jornalja.com.br\\\/arquivo\\\/#organization\"},\"image\":{\"@type\":\"ImageObject\",\"url\":59732},\"datePublished\":\"2018-02-10T15:50:20-02:00\",\"dateModified\":\"2018-02-10T15:50:20-02:00\",\"inLanguage\":\"pt-BR\",\"mainEntityOfPage\":{\"@id\":\"https:\\\/\\\/www.jornalja.com.br\\\/arquivo\\\/stf-reconhece-legalidade-do-decreto-sobre-os-quilombos\\\/#webpage\"},\"isPartOf\":{\"@id\":\"https:\\\/\\\/www.jornalja.com.br\\\/arquivo\\\/stf-reconhece-legalidade-do-decreto-sobre-os-quilombos\\\/#webpage\"},\"articleSection\":\"Geral\"},{\"@type\":\"BreadcrumbList\",\"@id\":\"https:\\\/\\\/www.jornalja.com.br\\\/arquivo\\\/stf-reconhece-legalidade-do-decreto-sobre-os-quilombos\\\/#breadcrumblist\",\"itemListElement\":[{\"@type\":\"ListItem\",\"@id\":\"https:\\\/\\\/www.jornalja.com.br\\\/arquivo#listItem\",\"position\":1,\"name\":\"Home\",\"item\":\"https:\\\/\\\/www.jornalja.com.br\\\/arquivo\",\"nextItem\":{\"@type\":\"ListItem\",\"@id\":\"https:\\\/\\\/www.jornalja.com.br\\\/arquivo\\\/category\\\/geral\\\/#listItem\",\"name\":\"Geral\"}},{\"@type\":\"ListItem\",\"@id\":\"https:\\\/\\\/www.jornalja.com.br\\\/arquivo\\\/category\\\/geral\\\/#listItem\",\"position\":2,\"name\":\"Geral\",\"item\":\"https:\\\/\\\/www.jornalja.com.br\\\/arquivo\\\/category\\\/geral\\\/\",\"nextItem\":{\"@type\":\"ListItem\",\"@id\":\"https:\\\/\\\/www.jornalja.com.br\\\/arquivo\\\/stf-reconhece-legalidade-do-decreto-sobre-os-quilombos\\\/#listItem\",\"name\":\"STF reconhece legalidade do decreto sobre os quilombos\"},\"previousItem\":{\"@type\":\"ListItem\",\"@id\":\"https:\\\/\\\/www.jornalja.com.br\\\/arquivo#listItem\",\"name\":\"Home\"}},{\"@type\":\"ListItem\",\"@id\":\"https:\\\/\\\/www.jornalja.com.br\\\/arquivo\\\/stf-reconhece-legalidade-do-decreto-sobre-os-quilombos\\\/#listItem\",\"position\":3,\"name\":\"STF reconhece legalidade do decreto sobre os quilombos\",\"previousItem\":{\"@type\":\"ListItem\",\"@id\":\"https:\\\/\\\/www.jornalja.com.br\\\/arquivo\\\/category\\\/geral\\\/#listItem\",\"name\":\"Geral\"}}]},{\"@type\":\"Organization\",\"@id\":\"https:\\\/\\\/www.jornalja.com.br\\\/arquivo\\\/#organization\",\"name\":\"Jornal J\\u00c1\",\"description\":\"Jornal J\\u00c1 | Porto Alegre\",\"url\":\"https:\\\/\\\/www.jornalja.com.br\\\/arquivo\\\/\",\"telephone\":\"+555133307272\",\"logo\":{\"@type\":\"ImageObject\",\"url\":\"https:\\\/\\\/www.jornalja.com.br\\\/wp-content\\\/uploads\\\/cards\\\/JAslogan.png\",\"@id\":\"https:\\\/\\\/www.jornalja.com.br\\\/arquivo\\\/stf-reconhece-legalidade-do-decreto-sobre-os-quilombos\\\/#organizationLogo\"},\"image\":{\"@id\":\"https:\\\/\\\/www.jornalja.com.br\\\/arquivo\\\/stf-reconhece-legalidade-do-decreto-sobre-os-quilombos\\\/#organizationLogo\"}},{\"@type\":\"Person\",\"@id\":\"https:\\\/\\\/www.jornalja.com.br\\\/arquivo\\\/author\\\/daredacao\\\/#author\",\"url\":\"https:\\\/\\\/www.jornalja.com.br\\\/arquivo\\\/author\\\/daredacao\\\/\",\"name\":\"da Reda\\u00e7\\u00e3o\",\"image\":{\"@type\":\"ImageObject\",\"@id\":\"https:\\\/\\\/www.jornalja.com.br\\\/arquivo\\\/stf-reconhece-legalidade-do-decreto-sobre-os-quilombos\\\/#authorImage\",\"url\":\"https:\\\/\\\/secure.gravatar.com\\\/avatar\\\/469fd857d6605ad19919d27ed29d35a968a25f6e8fd9318356bbb7f57aae9c65?s=96&d=mm&r=g\",\"width\":96,\"height\":96,\"caption\":\"da Reda\\u00e7\\u00e3o\"}},{\"@type\":\"WebPage\",\"@id\":\"https:\\\/\\\/www.jornalja.com.br\\\/arquivo\\\/stf-reconhece-legalidade-do-decreto-sobre-os-quilombos\\\/#webpage\",\"url\":\"https:\\\/\\\/www.jornalja.com.br\\\/arquivo\\\/stf-reconhece-legalidade-do-decreto-sobre-os-quilombos\\\/\",\"name\":\"STF reconhece legalidade do decreto sobre os quilombos | Arquivo\",\"inLanguage\":\"pt-BR\",\"isPartOf\":{\"@id\":\"https:\\\/\\\/www.jornalja.com.br\\\/arquivo\\\/#website\"},\"breadcrumb\":{\"@id\":\"https:\\\/\\\/www.jornalja.com.br\\\/arquivo\\\/stf-reconhece-legalidade-do-decreto-sobre-os-quilombos\\\/#breadcrumblist\"},\"author\":{\"@id\":\"https:\\\/\\\/www.jornalja.com.br\\\/arquivo\\\/author\\\/daredacao\\\/#author\"},\"creator\":{\"@id\":\"https:\\\/\\\/www.jornalja.com.br\\\/arquivo\\\/author\\\/daredacao\\\/#author\"},\"image\":{\"@type\":\"ImageObject\",\"url\":59732,\"@id\":\"https:\\\/\\\/www.jornalja.com.br\\\/arquivo\\\/stf-reconhece-legalidade-do-decreto-sobre-os-quilombos\\\/#mainImage\"},\"primaryImageOfPage\":{\"@id\":\"https:\\\/\\\/www.jornalja.com.br\\\/arquivo\\\/stf-reconhece-legalidade-do-decreto-sobre-os-quilombos\\\/#mainImage\"},\"datePublished\":\"2018-02-10T15:50:20-02:00\",\"dateModified\":\"2018-02-10T15:50:20-02:00\"},{\"@type\":\"WebSite\",\"@id\":\"https:\\\/\\\/www.jornalja.com.br\\\/arquivo\\\/#website\",\"url\":\"https:\\\/\\\/www.jornalja.com.br\\\/arquivo\\\/\",\"name\":\"Arquivo\",\"description\":\"Jornal J\\u00c1 | Porto Alegre\",\"inLanguage\":\"pt-BR\",\"publisher\":{\"@id\":\"https:\\\/\\\/www.jornalja.com.br\\\/arquivo\\\/#organization\"}}]}\n\t\t<\/script>\n\t\t<!-- All in One SEO -->\n\n","aioseo_head_json":{"title":"STF reconhece legalidade do decreto sobre os quilombos | Arquivo","description":"","canonical_url":"https:\/\/www.jornalja.com.br\/arquivo\/stf-reconhece-legalidade-do-decreto-sobre-os-quilombos\/","robots":"max-image-preview:large","keywords":"","webmasterTools":{"miscellaneous":""},"schema":{"@context":"https:\/\/schema.org","@graph":[{"@type":"BlogPosting","@id":"https:\/\/www.jornalja.com.br\/arquivo\/stf-reconhece-legalidade-do-decreto-sobre-os-quilombos\/#blogposting","name":"STF reconhece legalidade do decreto sobre os quilombos | Arquivo","headline":"STF reconhece legalidade do decreto sobre os quilombos","author":{"@id":"https:\/\/www.jornalja.com.br\/arquivo\/author\/daredacao\/#author"},"publisher":{"@id":"https:\/\/www.jornalja.com.br\/arquivo\/#organization"},"image":{"@type":"ImageObject","url":59732},"datePublished":"2018-02-10T15:50:20-02:00","dateModified":"2018-02-10T15:50:20-02:00","inLanguage":"pt-BR","mainEntityOfPage":{"@id":"https:\/\/www.jornalja.com.br\/arquivo\/stf-reconhece-legalidade-do-decreto-sobre-os-quilombos\/#webpage"},"isPartOf":{"@id":"https:\/\/www.jornalja.com.br\/arquivo\/stf-reconhece-legalidade-do-decreto-sobre-os-quilombos\/#webpage"},"articleSection":"Geral"},{"@type":"BreadcrumbList","@id":"https:\/\/www.jornalja.com.br\/arquivo\/stf-reconhece-legalidade-do-decreto-sobre-os-quilombos\/#breadcrumblist","itemListElement":[{"@type":"ListItem","@id":"https:\/\/www.jornalja.com.br\/arquivo#listItem","position":1,"name":"Home","item":"https:\/\/www.jornalja.com.br\/arquivo","nextItem":{"@type":"ListItem","@id":"https:\/\/www.jornalja.com.br\/arquivo\/category\/geral\/#listItem","name":"Geral"}},{"@type":"ListItem","@id":"https:\/\/www.jornalja.com.br\/arquivo\/category\/geral\/#listItem","position":2,"name":"Geral","item":"https:\/\/www.jornalja.com.br\/arquivo\/category\/geral\/","nextItem":{"@type":"ListItem","@id":"https:\/\/www.jornalja.com.br\/arquivo\/stf-reconhece-legalidade-do-decreto-sobre-os-quilombos\/#listItem","name":"STF reconhece legalidade do decreto sobre os quilombos"},"previousItem":{"@type":"ListItem","@id":"https:\/\/www.jornalja.com.br\/arquivo#listItem","name":"Home"}},{"@type":"ListItem","@id":"https:\/\/www.jornalja.com.br\/arquivo\/stf-reconhece-legalidade-do-decreto-sobre-os-quilombos\/#listItem","position":3,"name":"STF reconhece legalidade do decreto sobre os quilombos","previousItem":{"@type":"ListItem","@id":"https:\/\/www.jornalja.com.br\/arquivo\/category\/geral\/#listItem","name":"Geral"}}]},{"@type":"Organization","@id":"https:\/\/www.jornalja.com.br\/arquivo\/#organization","name":"Jornal J\u00c1","description":"Jornal J\u00c1 | Porto Alegre","url":"https:\/\/www.jornalja.com.br\/arquivo\/","telephone":"+555133307272","logo":{"@type":"ImageObject","url":"https:\/\/www.jornalja.com.br\/wp-content\/uploads\/cards\/JAslogan.png","@id":"https:\/\/www.jornalja.com.br\/arquivo\/stf-reconhece-legalidade-do-decreto-sobre-os-quilombos\/#organizationLogo"},"image":{"@id":"https:\/\/www.jornalja.com.br\/arquivo\/stf-reconhece-legalidade-do-decreto-sobre-os-quilombos\/#organizationLogo"}},{"@type":"Person","@id":"https:\/\/www.jornalja.com.br\/arquivo\/author\/daredacao\/#author","url":"https:\/\/www.jornalja.com.br\/arquivo\/author\/daredacao\/","name":"da Reda\u00e7\u00e3o","image":{"@type":"ImageObject","@id":"https:\/\/www.jornalja.com.br\/arquivo\/stf-reconhece-legalidade-do-decreto-sobre-os-quilombos\/#authorImage","url":"https:\/\/secure.gravatar.com\/avatar\/469fd857d6605ad19919d27ed29d35a968a25f6e8fd9318356bbb7f57aae9c65?s=96&d=mm&r=g","width":96,"height":96,"caption":"da Reda\u00e7\u00e3o"}},{"@type":"WebPage","@id":"https:\/\/www.jornalja.com.br\/arquivo\/stf-reconhece-legalidade-do-decreto-sobre-os-quilombos\/#webpage","url":"https:\/\/www.jornalja.com.br\/arquivo\/stf-reconhece-legalidade-do-decreto-sobre-os-quilombos\/","name":"STF reconhece legalidade do decreto sobre os quilombos | Arquivo","inLanguage":"pt-BR","isPartOf":{"@id":"https:\/\/www.jornalja.com.br\/arquivo\/#website"},"breadcrumb":{"@id":"https:\/\/www.jornalja.com.br\/arquivo\/stf-reconhece-legalidade-do-decreto-sobre-os-quilombos\/#breadcrumblist"},"author":{"@id":"https:\/\/www.jornalja.com.br\/arquivo\/author\/daredacao\/#author"},"creator":{"@id":"https:\/\/www.jornalja.com.br\/arquivo\/author\/daredacao\/#author"},"image":{"@type":"ImageObject","url":59732,"@id":"https:\/\/www.jornalja.com.br\/arquivo\/stf-reconhece-legalidade-do-decreto-sobre-os-quilombos\/#mainImage"},"primaryImageOfPage":{"@id":"https:\/\/www.jornalja.com.br\/arquivo\/stf-reconhece-legalidade-do-decreto-sobre-os-quilombos\/#mainImage"},"datePublished":"2018-02-10T15:50:20-02:00","dateModified":"2018-02-10T15:50:20-02:00"},{"@type":"WebSite","@id":"https:\/\/www.jornalja.com.br\/arquivo\/#website","url":"https:\/\/www.jornalja.com.br\/arquivo\/","name":"Arquivo","description":"Jornal J\u00c1 | Porto Alegre","inLanguage":"pt-BR","publisher":{"@id":"https:\/\/www.jornalja.com.br\/arquivo\/#organization"}}]},"og:locale":"pt_BR","og:site_name":"Arquivo | Jornal J\u00c1 | Porto Alegre","og:type":"article","og:title":"STF reconhece legalidade do decreto sobre os quilombos | Arquivo","og:url":"https:\/\/www.jornalja.com.br\/arquivo\/stf-reconhece-legalidade-do-decreto-sobre-os-quilombos\/","og:image":"https:\/\/www.jornalja.com.br\/economics\/wp-content\/uploads\/sites\/11\/2026\/08\/ja-folhaderosto-facebook.jpg","og:image:secure_url":"https:\/\/www.jornalja.com.br\/economics\/wp-content\/uploads\/sites\/11\/2026\/08\/ja-folhaderosto-facebook.jpg","article:published_time":"2018-02-10T17:50:20+00:00","article:modified_time":"2018-02-10T17:50:20+00:00","twitter:card":"summary","twitter:title":"STF reconhece legalidade do decreto sobre os quilombos | Arquivo","twitter:image":"https:\/\/www.jornalja.com.br\/economics\/wp-content\/uploads\/sites\/11\/2026\/08\/ja-folhaderosto-facebook.jpg"},"aioseo_meta_data":{"post_id":"59731","title":null,"description":null,"keywords":null,"keyphrases":null,"primary_term":null,"canonical_url":null,"og_title":null,"og_description":null,"og_object_type":"default","og_image_type":"default","og_image_url":null,"og_image_width":null,"og_image_height":null,"og_image_custom_url":null,"og_image_custom_fields":null,"og_video":null,"og_custom_url":null,"og_article_section":null,"og_article_tags":null,"twitter_use_og":false,"twitter_card":"default","twitter_image_type":"default","twitter_image_url":null,"twitter_image_custom_url":null,"twitter_image_custom_fields":null,"twitter_title":null,"twitter_description":null,"schema":{"blockGraphs":[],"customGraphs":[],"default":{"data":{"Article":[],"Course":[],"Dataset":[],"FAQPage":[],"Movie":[],"Person":[],"Product":[],"ProductReview":[],"Car":[],"Recipe":[],"Service":[],"SoftwareApplication":[],"WebPage":[]},"graphName":"","isEnabled":true},"graphs":[]},"schema_type":null,"schema_type_options":null,"pillar_content":false,"robots_default":true,"robots_noindex":false,"robots_noarchive":false,"robots_nosnippet":false,"robots_nofollow":false,"robots_noimageindex":false,"robots_noodp":false,"robots_notranslate":false,"robots_max_snippet":null,"robots_max_videopreview":null,"robots_max_imagepreview":"large","priority":null,"frequency":null,"location":null,"local_seo":null,"breadcrumb_settings":null,"limit_modified_date":false,"ai":null,"created":"2020-12-20 20:18:02","updated":"2025-07-20 03:33:38","seo_analyzer_scan_date":null,"focus_keyword":null,"additional_keywords":null,"truseo_locale":null},"jetpack_sharing_enabled":true,"jetpack-related-posts":[{"id":13128,"url":"https:\/\/www.jornalja.com.br\/arquivo\/maconha-terra-diz-que-uso-medicinal-e-desculpa\/","url_meta":{"origin":59731,"position":0},"title":"Maconha: Terra diz que uso medicinal \u00e9 desculpa","author":"Patr\u00edcia Marini","date":"4 de junho de 2014","format":false,"excerpt":"A condi\u00e7\u00e3o de pol\u00edtico, em \u00e9poca de campanha de campanha eleitoral, tira for\u00e7a do discurso do m\u00e9dico Osmar Terra contra a legaliza\u00e7\u00e3o da maconha. A tese dele de que a libera\u00e7\u00e3o vai ampliar exponencialmente o consumo \u00e9 discutivel, o consumo \u00e9 corrente. Mas seus alertas quanto aos riscos tem que\u2026","rel":"","context":"Em &quot;X.Categorias velhas&quot;","block_context":{"text":"X.Categorias velhas","link":"https:\/\/www.jornalja.com.br\/arquivo\/category\/x-categorias-velhas\/"},"img":{"alt_text":"","src":"","width":0,"height":0},"classes":[]},{"id":13109,"url":"https:\/\/www.jornalja.com.br\/arquivo\/judiciario-reconhece-poluicao-eletromagnetica\/","url_meta":{"origin":59731,"position":1},"title":"Judici\u00e1rio reconhece polui\u00e7\u00e3o eletromagn\u00e9tica","author":"Patr\u00edcia Marini","date":"16 de maio de 2014","format":false,"excerpt":"A\u00e7\u00e3o de duas associa\u00e7\u00f5es de moradores foi acolhida pelo Tribunal de Justi\u00e7a de S\u00e3o Paulo que. em decis\u00e3o in\u00e9dita, determinou a redu\u00e7\u00e3o do campo eletromagn\u00e9tico gerado pelas linhas de transmiss\u00e3o de energia que cortam os bairros City Boa\u00e7ava e Alto de Pinheiros. \u00c9 a primeira vez que um tribunal do\u2026","rel":"","context":"Em &quot;X.Categorias velhas&quot;","block_context":{"text":"X.Categorias velhas","link":"https:\/\/www.jornalja.com.br\/arquivo\/category\/x-categorias-velhas\/"},"img":{"alt_text":"","src":"","width":0,"height":0},"classes":[]},{"id":13101,"url":"https:\/\/www.jornalja.com.br\/arquivo\/morre-um-guerreiro-do-texto\/","url_meta":{"origin":59731,"position":2},"title":"Morre um guerreiro do texto","author":"Patr\u00edcia Marini","date":"14 de maio de 2014","format":false,"excerpt":"Por Ricardo Kotscho Reproduzido do blog do autor, 11\/5\/2014; t\u00edtulo original \u201cE l\u00e1 se foi o nosso Myltainho, guerreiro do texto\u201d. Mi\u00fado e franzino, meu amigo Myltainho era um valente e inconformado guerreiro na luta contra as injusti\u00e7as sociais, a hipocrisia, as maracutaias, o autoritarismo, a intoler\u00e2ncia, a viol\u00eancia, o\u2026","rel":"","context":"Em &quot;Geral&quot;","block_context":{"text":"Geral","link":"https:\/\/www.jornalja.com.br\/arquivo\/category\/geral\/"},"img":{"alt_text":"","src":"","width":0,"height":0},"classes":[]},{"id":13239,"url":"https:\/\/www.jornalja.com.br\/arquivo\/conselho-desdenha-do-plano-diretor\/","url_meta":{"origin":59731,"position":3},"title":"Porto Alegre: Conselho detona Plano Diretor","author":"Patr\u00edcia Marini","date":"25 de maio de 2014","format":false,"excerpt":"Den\u00fancia do arquiteto e \u00a0urbanista Ibir\u00e1 Santos Lucas. Ele diz que os conselheiros est\u00e3o votando com \"enorme irresponsabilidade\". \"Mudam regime com a maior naturalidade,,,regularizam absurdos de constru\u00e7\u00f5es irregulares... \"O CMDUA est\u00e1 flexibilizando a lei do plano diretor, de uma forma impactante na vida da cidade. Mudam regime com a maior\u2026","rel":"","context":"Em &quot;Geral&quot;","block_context":{"text":"Geral","link":"https:\/\/www.jornalja.com.br\/arquivo\/category\/geral\/"},"img":{"alt_text":"","src":"","width":0,"height":0},"classes":[]},{"id":13240,"url":"https:\/\/www.jornalja.com.br\/arquivo\/plano-diretor-estamos-construindo-o-caos\/","url_meta":{"origin":59731,"position":4},"title":"Plano diretor: &quot;Estamos construindo o caos&quot;","author":"Patr\u00edcia Marini","date":"26 de maio de 2014","format":false,"excerpt":"Desabafo que arquiteta Eliana Castilhos, delegada da Regi\u00e3o de Planejamento 1, postou nas redes sociais \u00e9 um testemunho do ambiente que se criou no Conselho do Plano Diretor de Porto Alegre, onde a aprova\u00e7\u00e3o de grandes empreendimentos \u00e9 empurrada guela abaixo dos conselheiros. Ao CMDUA Como delegada da Regi\u00e3o de\u2026","rel":"","context":"Em &quot;Geral&quot;","block_context":{"text":"Geral","link":"https:\/\/www.jornalja.com.br\/arquivo\/category\/geral\/"},"img":{"alt_text":"","src":"","width":0,"height":0},"classes":[]},{"id":13124,"url":"https:\/\/www.jornalja.com.br\/arquivo\/sangue-latino-no-iecine\/","url_meta":{"origin":59731,"position":5},"title":"Sangue latino no IECINE","author":"da Reda\u00e7\u00e3o","date":"18 de maio de 2014","format":false,"excerpt":"Francisco Ribeiro O Instituto Estadual de Cinema (IECINE) tem a frente, desde abril \u00faltimo, um novo diretor, o cineasta colombiano Juan Zapata, 36, que substitui Luiz Alberto Cassol. Radicado h\u00e1 dez anos em Porto Alegre, Zapata tem diante de si o desafio de conduzir at\u00e9 o final do ano um\u2026","rel":"","context":"Em &quot;Cultura-Geral&quot;","block_context":{"text":"Cultura-Geral","link":"https:\/\/www.jornalja.com.br\/arquivo\/category\/materiasecundaria\/"},"img":{"alt_text":"","src":"","width":0,"height":0},"classes":[]}],"jetpack_shortlink":"https:\/\/wp.me\/pbQjBd-fxp","jetpack_featured_media_url":"","_links":{"self":[{"href":"https:\/\/www.jornalja.com.br\/arquivo\/wp-json\/wp\/v2\/posts\/59731","targetHints":{"allow":["GET"]}}],"collection":[{"href":"https:\/\/www.jornalja.com.br\/arquivo\/wp-json\/wp\/v2\/posts"}],"about":[{"href":"https:\/\/www.jornalja.com.br\/arquivo\/wp-json\/wp\/v2\/types\/post"}],"author":[{"embeddable":true,"href":"https:\/\/www.jornalja.com.br\/arquivo\/wp-json\/wp\/v2\/users\/4"}],"replies":[{"embeddable":true,"href":"https:\/\/www.jornalja.com.br\/arquivo\/wp-json\/wp\/v2\/comments?post=59731"}],"version-history":[{"count":0,"href":"https:\/\/www.jornalja.com.br\/arquivo\/wp-json\/wp\/v2\/posts\/59731\/revisions"}],"wp:attachment":[{"href":"https:\/\/www.jornalja.com.br\/arquivo\/wp-json\/wp\/v2\/media?parent=59731"}],"wp:term":[{"taxonomy":"category","embeddable":true,"href":"https:\/\/www.jornalja.com.br\/arquivo\/wp-json\/wp\/v2\/categories?post=59731"},{"taxonomy":"post_tag","embeddable":true,"href":"https:\/\/www.jornalja.com.br\/arquivo\/wp-json\/wp\/v2\/tags?post=59731"}],"curies":[{"name":"wp","href":"https:\/\/api.w.org\/{rel}","templated":true}]}}