{"id":59744,"date":"2018-02-14T09:51:16","date_gmt":"2018-02-14T11:51:16","guid":{"rendered":"https:\/\/www.jornalja.com.br\/?p=59744"},"modified":"2018-02-14T09:51:16","modified_gmt":"2018-02-14T11:51:16","slug":"entidades-sindicais-espalham-100-outdoors-com-fotos-de-deputados-favoraveis-a-reforma-da-previdencia","status":"publish","type":"post","link":"https:\/\/www.jornalja.com.br\/arquivo\/entidades-sindicais-espalham-100-outdoors-com-fotos-de-deputados-favoraveis-a-reforma-da-previdencia\/","title":{"rendered":"Entidades espalham outdoors com fotos de deputados favor\u00e1veis \u00e0 reforma da Previd\u00eancia"},"content":{"rendered":"<p>A CUT-RS, juntamente com outras federa\u00e7\u00f5es e sindicatos espalharam durante o feriad\u00e3o de carnaval 100 outdoors em Porto Alegre e no Interior do Rio Grande do Sul. Os pain\u00e9is mostram nove deputados federais que se manifestaram favor\u00e1veis \u00e0 reforma da Previd\u00eancia do governo de Michel Temer (MDB).<br \/>\nCada cartaz, que ficar\u00e1 exposto ao longo de duas semanas, exibe fotos de tr\u00eas parlamentares e traz as chamadas \u201cEles querem acabar com a sua aposentadoria\u201d e \u201cN\u00e3o \u00e0 reforma da Previd\u00eancia\u201d.<br \/>\n\u201cEstamos mostrando para a sociedade a cara dos deputados da base aliada do golpista Temer que t\u00eam se manifestado a favor dessa antirreforma da Previd\u00eancia, os que querem acabar com o direito \u00e0 aposentadoria\u201d, afirma o presidente da CUT-RS, Claudir Nespolo.<br \/>\nA campanha \u00e9 assinada pelo CPERS Sindicato, Federa\u00e7\u00e3o dos Metal\u00fargicos, Federa\u00e7\u00e3o dos Trabalhadores no Ensino Privado, Federa\u00e7\u00e3o dos Trabalhadores na Alimenta\u00e7\u00e3o, Federa\u00e7\u00e3o dos Trabalhadores na Sa\u00fade, Federa\u00e7\u00e3o Democr\u00e1tica dos Sapateiros, Sindicato dos Petroleiros, Sindicato dos Metal\u00fargicos de Porto Alegre, Sindicato dos Banc\u00e1rios de Porto Alegre, Sindi\u00e1gua, Sindipolo, Sindicato dos Metal\u00fargicos de Canoas e Sindicato dos Rodovi\u00e1rios de Canoas.<br \/>\n<strong>Veja os nomes dos deputados:<\/strong><br \/>\n&#8211; Alceu Moreira (MDB),<br \/>\n&#8211; Darc\u00edsio Perondi (MDB);<br \/>\n&#8211; Jones Martins (MDB);<br \/>\n&#8211; Jos\u00e9 Foga\u00e7a (MDB);<br \/>\n&#8211; Mauro Pereira (MDB);<br \/>\n&#8211; Osmar Terra (MDB), atual ministro do Desenvolvimento Social e Agr\u00e1rio;<br \/>\n&#8211; Ronaldo Nogueira (PTB), ex-ministro do Trabalho;<br \/>\n&#8211; Renato Mooling (PP);<br \/>\n&#8211; Yeda Crusius (PSDB), ex-governadora do Rio Grande do Sul.<br \/>\nJ\u00e1 o governo federal diz que a reforma pretende equilibrar as contas da Previd\u00eancia. Para o minist\u00e9rio da Fazenda, a Previd\u00eancia Social registrou um rombo recorde de R$ 268,8 bilh\u00f5es em 2017.<br \/>\nA discuss\u00e3o da reforma no plen\u00e1rio da C\u00e2mara est\u00e1 prevista para come\u00e7ar na pr\u00f3xima semana. Apesar da proximidade, o governo ainda n\u00e3o possui a quantidade de votos necess\u00e1rios para aprovar o texto.<br \/>\n&nbsp;<\/p>\n","protected":false},"excerpt":{"rendered":"<p>A CUT-RS, juntamente com outras federa\u00e7\u00f5es e sindicatos espalharam durante o feriad\u00e3o de carnaval 100 outdoors em Porto Alegre e no Interior do Rio Grande do Sul. Os pain\u00e9is mostram nove deputados federais que se manifestaram favor\u00e1veis \u00e0 reforma da Previd\u00eancia do governo de Michel Temer (MDB). Cada cartaz, que ficar\u00e1 exposto ao longo de [&hellip;]<\/p>\n","protected":false},"author":4,"featured_media":59745,"comment_status":"open","ping_status":"closed","sticky":false,"template":"","format":"standard","meta":{"_jetpack_newsletter_access":"","_jetpack_dont_email_post_to_subs":false,"_jetpack_newsletter_tier_id":0,"_jetpack_memberships_contains_paywalled_content":false,"_jetpack_feature_clip_id":0,"_jetpack_memberships_contains_paid_content":false,"footnotes":"","jetpack_post_was_ever_published":false},"categories":[26],"tags":[],"class_list":["post-59744","post","type-post","status-publish","format-standard","has-post-thumbnail","hentry","category-geral"],"aioseo_notices":[],"aioseo_head":"\n\t\t<!-- All in One SEO 5.0.1.1 - aioseo.com -->\n\t<meta name=\"robots\" content=\"max-image-preview:large\" \/>\n\t<meta name=\"author\" content=\"da Reda\u00e7\u00e3o\"\/>\n\t<link rel=\"canonical\" href=\"https:\/\/www.jornalja.com.br\/arquivo\/entidades-sindicais-espalham-100-outdoors-com-fotos-de-deputados-favoraveis-a-reforma-da-previdencia\/\" \/>\n\t<meta name=\"generator\" content=\"All in One SEO (AIOSEO) 5.0.1.1\" \/>\n\t\t<meta property=\"og:locale\" content=\"pt_BR\" \/>\n\t\t<meta property=\"og:site_name\" content=\"Arquivo | Jornal J\u00c1 | Porto Alegre\" \/>\n\t\t<meta property=\"og:type\" content=\"article\" \/>\n\t\t<meta property=\"og:title\" content=\"Entidades espalham outdoors com fotos de deputados favor\u00e1veis \u00e0 reforma da Previd\u00eancia | Arquivo\" \/>\n\t\t<meta property=\"og:url\" content=\"https:\/\/www.jornalja.com.br\/arquivo\/entidades-sindicais-espalham-100-outdoors-com-fotos-de-deputados-favoraveis-a-reforma-da-previdencia\/\" \/>\n\t\t<meta property=\"og:image\" content=\"https:\/\/www.jornalja.com.br\/economics\/wp-content\/uploads\/sites\/11\/2026\/08\/ja-folhaderosto-facebook.jpg\" \/>\n\t\t<meta property=\"og:image:secure_url\" content=\"https:\/\/www.jornalja.com.br\/economics\/wp-content\/uploads\/sites\/11\/2026\/08\/ja-folhaderosto-facebook.jpg\" \/>\n\t\t<meta property=\"article:published_time\" content=\"2018-02-14T11:51:16+00:00\" \/>\n\t\t<meta property=\"article:modified_time\" content=\"2018-02-14T11:51:16+00:00\" \/>\n\t\t<meta name=\"twitter:card\" content=\"summary\" \/>\n\t\t<meta name=\"twitter:title\" content=\"Entidades espalham outdoors com fotos de deputados favor\u00e1veis \u00e0 reforma da Previd\u00eancia | Arquivo\" \/>\n\t\t<meta name=\"twitter:image\" content=\"https:\/\/www.jornalja.com.br\/economics\/wp-content\/uploads\/sites\/11\/2026\/08\/ja-folhaderosto-facebook.jpg\" \/>\n\t\t<script type=\"application\/ld+json\" class=\"aioseo-schema\">\n\t\t\t{\"@context\":\"https:\\\/\\\/schema.org\",\"@graph\":[{\"@type\":\"BlogPosting\",\"@id\":\"https:\\\/\\\/www.jornalja.com.br\\\/arquivo\\\/entidades-sindicais-espalham-100-outdoors-com-fotos-de-deputados-favoraveis-a-reforma-da-previdencia\\\/#blogposting\",\"name\":\"Entidades espalham outdoors com fotos de deputados favor\\u00e1veis \\u00e0 reforma da Previd\\u00eancia | Arquivo\",\"headline\":\"Entidades espalham outdoors com fotos de deputados favor\\u00e1veis \\u00e0 reforma da Previd\\u00eancia\",\"author\":{\"@id\":\"https:\\\/\\\/www.jornalja.com.br\\\/arquivo\\\/author\\\/daredacao\\\/#author\"},\"publisher\":{\"@id\":\"https:\\\/\\\/www.jornalja.com.br\\\/arquivo\\\/#organization\"},\"image\":{\"@type\":\"ImageObject\",\"url\":59745},\"datePublished\":\"2018-02-14T09:51:16-02:00\",\"dateModified\":\"2018-02-14T09:51:16-02:00\",\"inLanguage\":\"pt-BR\",\"mainEntityOfPage\":{\"@id\":\"https:\\\/\\\/www.jornalja.com.br\\\/arquivo\\\/entidades-sindicais-espalham-100-outdoors-com-fotos-de-deputados-favoraveis-a-reforma-da-previdencia\\\/#webpage\"},\"isPartOf\":{\"@id\":\"https:\\\/\\\/www.jornalja.com.br\\\/arquivo\\\/entidades-sindicais-espalham-100-outdoors-com-fotos-de-deputados-favoraveis-a-reforma-da-previdencia\\\/#webpage\"},\"articleSection\":\"Geral\"},{\"@type\":\"BreadcrumbList\",\"@id\":\"https:\\\/\\\/www.jornalja.com.br\\\/arquivo\\\/entidades-sindicais-espalham-100-outdoors-com-fotos-de-deputados-favoraveis-a-reforma-da-previdencia\\\/#breadcrumblist\",\"itemListElement\":[{\"@type\":\"ListItem\",\"@id\":\"https:\\\/\\\/www.jornalja.com.br\\\/arquivo#listItem\",\"position\":1,\"name\":\"Home\",\"item\":\"https:\\\/\\\/www.jornalja.com.br\\\/arquivo\",\"nextItem\":{\"@type\":\"ListItem\",\"@id\":\"https:\\\/\\\/www.jornalja.com.br\\\/arquivo\\\/category\\\/geral\\\/#listItem\",\"name\":\"Geral\"}},{\"@type\":\"ListItem\",\"@id\":\"https:\\\/\\\/www.jornalja.com.br\\\/arquivo\\\/category\\\/geral\\\/#listItem\",\"position\":2,\"name\":\"Geral\",\"item\":\"https:\\\/\\\/www.jornalja.com.br\\\/arquivo\\\/category\\\/geral\\\/\",\"nextItem\":{\"@type\":\"ListItem\",\"@id\":\"https:\\\/\\\/www.jornalja.com.br\\\/arquivo\\\/entidades-sindicais-espalham-100-outdoors-com-fotos-de-deputados-favoraveis-a-reforma-da-previdencia\\\/#listItem\",\"name\":\"Entidades espalham outdoors com fotos de deputados favor\\u00e1veis \\u00e0 reforma da Previd\\u00eancia\"},\"previousItem\":{\"@type\":\"ListItem\",\"@id\":\"https:\\\/\\\/www.jornalja.com.br\\\/arquivo#listItem\",\"name\":\"Home\"}},{\"@type\":\"ListItem\",\"@id\":\"https:\\\/\\\/www.jornalja.com.br\\\/arquivo\\\/entidades-sindicais-espalham-100-outdoors-com-fotos-de-deputados-favoraveis-a-reforma-da-previdencia\\\/#listItem\",\"position\":3,\"name\":\"Entidades espalham outdoors com fotos de deputados favor\\u00e1veis \\u00e0 reforma da Previd\\u00eancia\",\"previousItem\":{\"@type\":\"ListItem\",\"@id\":\"https:\\\/\\\/www.jornalja.com.br\\\/arquivo\\\/category\\\/geral\\\/#listItem\",\"name\":\"Geral\"}}]},{\"@type\":\"Organization\",\"@id\":\"https:\\\/\\\/www.jornalja.com.br\\\/arquivo\\\/#organization\",\"name\":\"Jornal J\\u00c1\",\"description\":\"Jornal J\\u00c1 | Porto Alegre\",\"url\":\"https:\\\/\\\/www.jornalja.com.br\\\/arquivo\\\/\",\"telephone\":\"+555133307272\",\"logo\":{\"@type\":\"ImageObject\",\"url\":\"https:\\\/\\\/www.jornalja.com.br\\\/wp-content\\\/uploads\\\/cards\\\/JAslogan.png\",\"@id\":\"https:\\\/\\\/www.jornalja.com.br\\\/arquivo\\\/entidades-sindicais-espalham-100-outdoors-com-fotos-de-deputados-favoraveis-a-reforma-da-previdencia\\\/#organizationLogo\"},\"image\":{\"@id\":\"https:\\\/\\\/www.jornalja.com.br\\\/arquivo\\\/entidades-sindicais-espalham-100-outdoors-com-fotos-de-deputados-favoraveis-a-reforma-da-previdencia\\\/#organizationLogo\"}},{\"@type\":\"Person\",\"@id\":\"https:\\\/\\\/www.jornalja.com.br\\\/arquivo\\\/author\\\/daredacao\\\/#author\",\"url\":\"https:\\\/\\\/www.jornalja.com.br\\\/arquivo\\\/author\\\/daredacao\\\/\",\"name\":\"da Reda\\u00e7\\u00e3o\",\"image\":{\"@type\":\"ImageObject\",\"@id\":\"https:\\\/\\\/www.jornalja.com.br\\\/arquivo\\\/entidades-sindicais-espalham-100-outdoors-com-fotos-de-deputados-favoraveis-a-reforma-da-previdencia\\\/#authorImage\",\"url\":\"https:\\\/\\\/secure.gravatar.com\\\/avatar\\\/469fd857d6605ad19919d27ed29d35a968a25f6e8fd9318356bbb7f57aae9c65?s=96&d=mm&r=g\",\"width\":96,\"height\":96,\"caption\":\"da Reda\\u00e7\\u00e3o\"}},{\"@type\":\"WebPage\",\"@id\":\"https:\\\/\\\/www.jornalja.com.br\\\/arquivo\\\/entidades-sindicais-espalham-100-outdoors-com-fotos-de-deputados-favoraveis-a-reforma-da-previdencia\\\/#webpage\",\"url\":\"https:\\\/\\\/www.jornalja.com.br\\\/arquivo\\\/entidades-sindicais-espalham-100-outdoors-com-fotos-de-deputados-favoraveis-a-reforma-da-previdencia\\\/\",\"name\":\"Entidades espalham outdoors com fotos de deputados favor\\u00e1veis \\u00e0 reforma da Previd\\u00eancia | Arquivo\",\"inLanguage\":\"pt-BR\",\"isPartOf\":{\"@id\":\"https:\\\/\\\/www.jornalja.com.br\\\/arquivo\\\/#website\"},\"breadcrumb\":{\"@id\":\"https:\\\/\\\/www.jornalja.com.br\\\/arquivo\\\/entidades-sindicais-espalham-100-outdoors-com-fotos-de-deputados-favoraveis-a-reforma-da-previdencia\\\/#breadcrumblist\"},\"author\":{\"@id\":\"https:\\\/\\\/www.jornalja.com.br\\\/arquivo\\\/author\\\/daredacao\\\/#author\"},\"creator\":{\"@id\":\"https:\\\/\\\/www.jornalja.com.br\\\/arquivo\\\/author\\\/daredacao\\\/#author\"},\"image\":{\"@type\":\"ImageObject\",\"url\":59745,\"@id\":\"https:\\\/\\\/www.jornalja.com.br\\\/arquivo\\\/entidades-sindicais-espalham-100-outdoors-com-fotos-de-deputados-favoraveis-a-reforma-da-previdencia\\\/#mainImage\"},\"primaryImageOfPage\":{\"@id\":\"https:\\\/\\\/www.jornalja.com.br\\\/arquivo\\\/entidades-sindicais-espalham-100-outdoors-com-fotos-de-deputados-favoraveis-a-reforma-da-previdencia\\\/#mainImage\"},\"datePublished\":\"2018-02-14T09:51:16-02:00\",\"dateModified\":\"2018-02-14T09:51:16-02:00\"},{\"@type\":\"WebSite\",\"@id\":\"https:\\\/\\\/www.jornalja.com.br\\\/arquivo\\\/#website\",\"url\":\"https:\\\/\\\/www.jornalja.com.br\\\/arquivo\\\/\",\"name\":\"Arquivo\",\"description\":\"Jornal J\\u00c1 | Porto Alegre\",\"inLanguage\":\"pt-BR\",\"publisher\":{\"@id\":\"https:\\\/\\\/www.jornalja.com.br\\\/arquivo\\\/#organization\"}}]}\n\t\t<\/script>\n\t\t<!-- All in One SEO -->\n\n","aioseo_head_json":{"title":"Entidades espalham outdoors com fotos de deputados favor\u00e1veis \u00e0 reforma da Previd\u00eancia | Arquivo","description":"","canonical_url":"https:\/\/www.jornalja.com.br\/arquivo\/entidades-sindicais-espalham-100-outdoors-com-fotos-de-deputados-favoraveis-a-reforma-da-previdencia\/","robots":"max-image-preview:large","keywords":"","webmasterTools":{"miscellaneous":""},"schema":{"@context":"https:\/\/schema.org","@graph":[{"@type":"BlogPosting","@id":"https:\/\/www.jornalja.com.br\/arquivo\/entidades-sindicais-espalham-100-outdoors-com-fotos-de-deputados-favoraveis-a-reforma-da-previdencia\/#blogposting","name":"Entidades espalham outdoors com fotos de deputados favor\u00e1veis \u00e0 reforma da Previd\u00eancia | Arquivo","headline":"Entidades espalham outdoors com fotos de deputados favor\u00e1veis \u00e0 reforma da Previd\u00eancia","author":{"@id":"https:\/\/www.jornalja.com.br\/arquivo\/author\/daredacao\/#author"},"publisher":{"@id":"https:\/\/www.jornalja.com.br\/arquivo\/#organization"},"image":{"@type":"ImageObject","url":59745},"datePublished":"2018-02-14T09:51:16-02:00","dateModified":"2018-02-14T09:51:16-02:00","inLanguage":"pt-BR","mainEntityOfPage":{"@id":"https:\/\/www.jornalja.com.br\/arquivo\/entidades-sindicais-espalham-100-outdoors-com-fotos-de-deputados-favoraveis-a-reforma-da-previdencia\/#webpage"},"isPartOf":{"@id":"https:\/\/www.jornalja.com.br\/arquivo\/entidades-sindicais-espalham-100-outdoors-com-fotos-de-deputados-favoraveis-a-reforma-da-previdencia\/#webpage"},"articleSection":"Geral"},{"@type":"BreadcrumbList","@id":"https:\/\/www.jornalja.com.br\/arquivo\/entidades-sindicais-espalham-100-outdoors-com-fotos-de-deputados-favoraveis-a-reforma-da-previdencia\/#breadcrumblist","itemListElement":[{"@type":"ListItem","@id":"https:\/\/www.jornalja.com.br\/arquivo#listItem","position":1,"name":"Home","item":"https:\/\/www.jornalja.com.br\/arquivo","nextItem":{"@type":"ListItem","@id":"https:\/\/www.jornalja.com.br\/arquivo\/category\/geral\/#listItem","name":"Geral"}},{"@type":"ListItem","@id":"https:\/\/www.jornalja.com.br\/arquivo\/category\/geral\/#listItem","position":2,"name":"Geral","item":"https:\/\/www.jornalja.com.br\/arquivo\/category\/geral\/","nextItem":{"@type":"ListItem","@id":"https:\/\/www.jornalja.com.br\/arquivo\/entidades-sindicais-espalham-100-outdoors-com-fotos-de-deputados-favoraveis-a-reforma-da-previdencia\/#listItem","name":"Entidades espalham outdoors com fotos de deputados favor\u00e1veis \u00e0 reforma da Previd\u00eancia"},"previousItem":{"@type":"ListItem","@id":"https:\/\/www.jornalja.com.br\/arquivo#listItem","name":"Home"}},{"@type":"ListItem","@id":"https:\/\/www.jornalja.com.br\/arquivo\/entidades-sindicais-espalham-100-outdoors-com-fotos-de-deputados-favoraveis-a-reforma-da-previdencia\/#listItem","position":3,"name":"Entidades espalham outdoors com fotos de deputados favor\u00e1veis \u00e0 reforma da Previd\u00eancia","previousItem":{"@type":"ListItem","@id":"https:\/\/www.jornalja.com.br\/arquivo\/category\/geral\/#listItem","name":"Geral"}}]},{"@type":"Organization","@id":"https:\/\/www.jornalja.com.br\/arquivo\/#organization","name":"Jornal J\u00c1","description":"Jornal J\u00c1 | Porto Alegre","url":"https:\/\/www.jornalja.com.br\/arquivo\/","telephone":"+555133307272","logo":{"@type":"ImageObject","url":"https:\/\/www.jornalja.com.br\/wp-content\/uploads\/cards\/JAslogan.png","@id":"https:\/\/www.jornalja.com.br\/arquivo\/entidades-sindicais-espalham-100-outdoors-com-fotos-de-deputados-favoraveis-a-reforma-da-previdencia\/#organizationLogo"},"image":{"@id":"https:\/\/www.jornalja.com.br\/arquivo\/entidades-sindicais-espalham-100-outdoors-com-fotos-de-deputados-favoraveis-a-reforma-da-previdencia\/#organizationLogo"}},{"@type":"Person","@id":"https:\/\/www.jornalja.com.br\/arquivo\/author\/daredacao\/#author","url":"https:\/\/www.jornalja.com.br\/arquivo\/author\/daredacao\/","name":"da Reda\u00e7\u00e3o","image":{"@type":"ImageObject","@id":"https:\/\/www.jornalja.com.br\/arquivo\/entidades-sindicais-espalham-100-outdoors-com-fotos-de-deputados-favoraveis-a-reforma-da-previdencia\/#authorImage","url":"https:\/\/secure.gravatar.com\/avatar\/469fd857d6605ad19919d27ed29d35a968a25f6e8fd9318356bbb7f57aae9c65?s=96&d=mm&r=g","width":96,"height":96,"caption":"da Reda\u00e7\u00e3o"}},{"@type":"WebPage","@id":"https:\/\/www.jornalja.com.br\/arquivo\/entidades-sindicais-espalham-100-outdoors-com-fotos-de-deputados-favoraveis-a-reforma-da-previdencia\/#webpage","url":"https:\/\/www.jornalja.com.br\/arquivo\/entidades-sindicais-espalham-100-outdoors-com-fotos-de-deputados-favoraveis-a-reforma-da-previdencia\/","name":"Entidades espalham outdoors com fotos de deputados favor\u00e1veis \u00e0 reforma da Previd\u00eancia | Arquivo","inLanguage":"pt-BR","isPartOf":{"@id":"https:\/\/www.jornalja.com.br\/arquivo\/#website"},"breadcrumb":{"@id":"https:\/\/www.jornalja.com.br\/arquivo\/entidades-sindicais-espalham-100-outdoors-com-fotos-de-deputados-favoraveis-a-reforma-da-previdencia\/#breadcrumblist"},"author":{"@id":"https:\/\/www.jornalja.com.br\/arquivo\/author\/daredacao\/#author"},"creator":{"@id":"https:\/\/www.jornalja.com.br\/arquivo\/author\/daredacao\/#author"},"image":{"@type":"ImageObject","url":59745,"@id":"https:\/\/www.jornalja.com.br\/arquivo\/entidades-sindicais-espalham-100-outdoors-com-fotos-de-deputados-favoraveis-a-reforma-da-previdencia\/#mainImage"},"primaryImageOfPage":{"@id":"https:\/\/www.jornalja.com.br\/arquivo\/entidades-sindicais-espalham-100-outdoors-com-fotos-de-deputados-favoraveis-a-reforma-da-previdencia\/#mainImage"},"datePublished":"2018-02-14T09:51:16-02:00","dateModified":"2018-02-14T09:51:16-02:00"},{"@type":"WebSite","@id":"https:\/\/www.jornalja.com.br\/arquivo\/#website","url":"https:\/\/www.jornalja.com.br\/arquivo\/","name":"Arquivo","description":"Jornal J\u00c1 | Porto Alegre","inLanguage":"pt-BR","publisher":{"@id":"https:\/\/www.jornalja.com.br\/arquivo\/#organization"}}]},"og:locale":"pt_BR","og:site_name":"Arquivo | Jornal J\u00c1 | Porto Alegre","og:type":"article","og:title":"Entidades espalham outdoors com fotos de deputados favor\u00e1veis \u00e0 reforma da Previd\u00eancia | Arquivo","og:url":"https:\/\/www.jornalja.com.br\/arquivo\/entidades-sindicais-espalham-100-outdoors-com-fotos-de-deputados-favoraveis-a-reforma-da-previdencia\/","og:image":"https:\/\/www.jornalja.com.br\/economics\/wp-content\/uploads\/sites\/11\/2026\/08\/ja-folhaderosto-facebook.jpg","og:image:secure_url":"https:\/\/www.jornalja.com.br\/economics\/wp-content\/uploads\/sites\/11\/2026\/08\/ja-folhaderosto-facebook.jpg","article:published_time":"2018-02-14T11:51:16+00:00","article:modified_time":"2018-02-14T11:51:16+00:00","twitter:card":"summary","twitter:title":"Entidades espalham outdoors com fotos de deputados favor\u00e1veis \u00e0 reforma da Previd\u00eancia | Arquivo","twitter:image":"https:\/\/www.jornalja.com.br\/economics\/wp-content\/uploads\/sites\/11\/2026\/08\/ja-folhaderosto-facebook.jpg"},"aioseo_meta_data":{"post_id":"59744","title":null,"description":null,"keywords":null,"keyphrases":null,"primary_term":null,"canonical_url":null,"og_title":null,"og_description":null,"og_object_type":"default","og_image_type":"default","og_image_url":null,"og_image_width":null,"og_image_height":null,"og_image_custom_url":null,"og_image_custom_fields":null,"og_video":null,"og_custom_url":null,"og_article_section":null,"og_article_tags":null,"twitter_use_og":false,"twitter_card":"default","twitter_image_type":"default","twitter_image_url":null,"twitter_image_custom_url":null,"twitter_image_custom_fields":null,"twitter_title":null,"twitter_description":null,"schema":{"blockGraphs":[],"customGraphs":[],"default":{"data":{"Article":[],"Course":[],"Dataset":[],"FAQPage":[],"Movie":[],"Person":[],"Product":[],"ProductReview":[],"Car":[],"Recipe":[],"Service":[],"SoftwareApplication":[],"WebPage":[]},"graphName":"","isEnabled":true},"graphs":[]},"schema_type":null,"schema_type_options":null,"pillar_content":false,"robots_default":true,"robots_noindex":false,"robots_noarchive":false,"robots_nosnippet":false,"robots_nofollow":false,"robots_noimageindex":false,"robots_noodp":false,"robots_notranslate":false,"robots_max_snippet":null,"robots_max_videopreview":null,"robots_max_imagepreview":"large","priority":null,"frequency":null,"location":null,"local_seo":null,"breadcrumb_settings":null,"limit_modified_date":false,"ai":null,"created":"2020-12-20 20:18:02","updated":"2025-07-20 03:33:38","seo_analyzer_scan_date":null,"focus_keyword":null,"additional_keywords":null,"truseo_locale":null},"jetpack_sharing_enabled":true,"jetpack-related-posts":[{"id":13128,"url":"https:\/\/www.jornalja.com.br\/arquivo\/maconha-terra-diz-que-uso-medicinal-e-desculpa\/","url_meta":{"origin":59744,"position":0},"title":"Maconha: Terra diz que uso medicinal \u00e9 desculpa","author":"Patr\u00edcia Marini","date":"4 de junho de 2014","format":false,"excerpt":"A condi\u00e7\u00e3o de pol\u00edtico, em \u00e9poca de campanha de campanha eleitoral, tira for\u00e7a do discurso do m\u00e9dico Osmar Terra contra a legaliza\u00e7\u00e3o da maconha. A tese dele de que a libera\u00e7\u00e3o vai ampliar exponencialmente o consumo \u00e9 discutivel, o consumo \u00e9 corrente. Mas seus alertas quanto aos riscos tem que\u2026","rel":"","context":"Em &quot;X.Categorias velhas&quot;","block_context":{"text":"X.Categorias velhas","link":"https:\/\/www.jornalja.com.br\/arquivo\/category\/x-categorias-velhas\/"},"img":{"alt_text":"","src":"","width":0,"height":0},"classes":[]},{"id":1280,"url":"https:\/\/www.jornalja.com.br\/arquivo\/o-menino-que-se-tornou-brizola\/","url_meta":{"origin":59744,"position":1},"title":"O Menino que se Tornou Brizola","author":"da Reda\u00e7\u00e3o","date":"28 de julho de 2008","format":false,"excerpt":"Autor: Cleber Dioni A vida de Leonel Brizola, com \u00eanfase para os primeiros anos em Porto Alegre, at\u00e9 o ex\u00edlio no Uruguai e a volta, quinze anos depois. \u00a0\"...\u00c9ramos todos jovens e nos identific\u00e1vamos com aquela massa an\u00f4nima a percorrer as ruas de Porto Alegre, gritando 'Get\u00falio', 'Get\u00falio' e empunhando\u2026","rel":"","context":"Em &quot;Livros&quot;","block_context":{"text":"Livros","link":"https:\/\/www.jornalja.com.br\/arquivo\/category\/livros\/"},"img":{"alt_text":"","src":"https:\/\/i0.wp.com\/www.jornalja.com.br\/wp-content\/uploads\/2008\/07\/brizola.gif?resize=350%2C200&ssl=1","width":350,"height":200},"classes":[]},{"id":13240,"url":"https:\/\/www.jornalja.com.br\/arquivo\/plano-diretor-estamos-construindo-o-caos\/","url_meta":{"origin":59744,"position":2},"title":"Plano diretor: &quot;Estamos construindo o caos&quot;","author":"Patr\u00edcia Marini","date":"26 de maio de 2014","format":false,"excerpt":"Desabafo que arquiteta Eliana Castilhos, delegada da Regi\u00e3o de Planejamento 1, postou nas redes sociais \u00e9 um testemunho do ambiente que se criou no Conselho do Plano Diretor de Porto Alegre, onde a aprova\u00e7\u00e3o de grandes empreendimentos \u00e9 empurrada guela abaixo dos conselheiros. Ao CMDUA Como delegada da Regi\u00e3o de\u2026","rel":"","context":"Em &quot;Geral&quot;","block_context":{"text":"Geral","link":"https:\/\/www.jornalja.com.br\/arquivo\/category\/geral\/"},"img":{"alt_text":"","src":"","width":0,"height":0},"classes":[]},{"id":13239,"url":"https:\/\/www.jornalja.com.br\/arquivo\/conselho-desdenha-do-plano-diretor\/","url_meta":{"origin":59744,"position":3},"title":"Porto Alegre: Conselho detona Plano Diretor","author":"Patr\u00edcia Marini","date":"25 de maio de 2014","format":false,"excerpt":"Den\u00fancia do arquiteto e \u00a0urbanista Ibir\u00e1 Santos Lucas. Ele diz que os conselheiros est\u00e3o votando com \"enorme irresponsabilidade\". \"Mudam regime com a maior naturalidade,,,regularizam absurdos de constru\u00e7\u00f5es irregulares... \"O CMDUA est\u00e1 flexibilizando a lei do plano diretor, de uma forma impactante na vida da cidade. Mudam regime com a maior\u2026","rel":"","context":"Em &quot;Geral&quot;","block_context":{"text":"Geral","link":"https:\/\/www.jornalja.com.br\/arquivo\/category\/geral\/"},"img":{"alt_text":"","src":"","width":0,"height":0},"classes":[]},{"id":13124,"url":"https:\/\/www.jornalja.com.br\/arquivo\/sangue-latino-no-iecine\/","url_meta":{"origin":59744,"position":4},"title":"Sangue latino no IECINE","author":"da Reda\u00e7\u00e3o","date":"18 de maio de 2014","format":false,"excerpt":"Francisco Ribeiro O Instituto Estadual de Cinema (IECINE) tem a frente, desde abril \u00faltimo, um novo diretor, o cineasta colombiano Juan Zapata, 36, que substitui Luiz Alberto Cassol. Radicado h\u00e1 dez anos em Porto Alegre, Zapata tem diante de si o desafio de conduzir at\u00e9 o final do ano um\u2026","rel":"","context":"Em &quot;Cultura-Geral&quot;","block_context":{"text":"Cultura-Geral","link":"https:\/\/www.jornalja.com.br\/arquivo\/category\/materiasecundaria\/"},"img":{"alt_text":"","src":"","width":0,"height":0},"classes":[]},{"id":14241,"url":"https:\/\/www.jornalja.com.br\/arquivo\/o-guaiba-nas-imagens-poeticas-de-achutti\/","url_meta":{"origin":59744,"position":5},"title":"O Gua\u00edba nas imagens po\u00e9ticas de Achutti","author":"da Reda\u00e7\u00e3o","date":"18 de junho de 2014","format":false,"excerpt":"Em \u201cO Gua\u00edba por Achutti\u201d \u2013 obra financiada via Minist\u00e9rio da Cultura, produ\u00e7\u00e3o executiva de Pedro Longhi, e Fl\u00e1vio Wild como designer \u2013, o fot\u00f3grafo revela a beleza e as mazelas de um espa\u00e7o aqu\u00e1tico de \u00e1guas sempre renovadas, cheio de hist\u00f3rias e lendas como as das cidades que foram\u2026","rel":"","context":"Em &quot;Cultura-Geral&quot;","block_context":{"text":"Cultura-Geral","link":"https:\/\/www.jornalja.com.br\/arquivo\/category\/materiasecundaria\/"},"img":{"alt_text":"","src":"","width":0,"height":0},"classes":[]}],"jetpack_shortlink":"https:\/\/wp.me\/pbQjBd-fxC","jetpack_featured_media_url":"","_links":{"self":[{"href":"https:\/\/www.jornalja.com.br\/arquivo\/wp-json\/wp\/v2\/posts\/59744","targetHints":{"allow":["GET"]}}],"collection":[{"href":"https:\/\/www.jornalja.com.br\/arquivo\/wp-json\/wp\/v2\/posts"}],"about":[{"href":"https:\/\/www.jornalja.com.br\/arquivo\/wp-json\/wp\/v2\/types\/post"}],"author":[{"embeddable":true,"href":"https:\/\/www.jornalja.com.br\/arquivo\/wp-json\/wp\/v2\/users\/4"}],"replies":[{"embeddable":true,"href":"https:\/\/www.jornalja.com.br\/arquivo\/wp-json\/wp\/v2\/comments?post=59744"}],"version-history":[{"count":0,"href":"https:\/\/www.jornalja.com.br\/arquivo\/wp-json\/wp\/v2\/posts\/59744\/revisions"}],"wp:attachment":[{"href":"https:\/\/www.jornalja.com.br\/arquivo\/wp-json\/wp\/v2\/media?parent=59744"}],"wp:term":[{"taxonomy":"category","embeddable":true,"href":"https:\/\/www.jornalja.com.br\/arquivo\/wp-json\/wp\/v2\/categories?post=59744"},{"taxonomy":"post_tag","embeddable":true,"href":"https:\/\/www.jornalja.com.br\/arquivo\/wp-json\/wp\/v2\/tags?post=59744"}],"curies":[{"name":"wp","href":"https:\/\/api.w.org\/{rel}","templated":true}]}}