{"id":59766,"date":"2018-02-15T08:22:19","date_gmt":"2018-02-15T10:22:19","guid":{"rendered":"https:\/\/www.jornalja.com.br\/?p=59766"},"modified":"2018-02-15T08:22:19","modified_gmt":"2018-02-15T10:22:19","slug":"maior-fraude-contra-os-cofres-publicos-do-estado-completa-22-anos-em-1a-instancia","status":"publish","type":"post","link":"https:\/\/www.jornalja.com.br\/arquivo\/maior-fraude-contra-os-cofres-publicos-do-estado-completa-22-anos-em-1a-instancia\/","title":{"rendered":"Maior fraude contra os cofres p\u00fablicos do RS completa 22 anos em 1\u00aa inst\u00e2ncia"},"content":{"rendered":"<p>Nesta quarta-feira de cinzas, 14 de fevereiro, fecharam-se 22 anos desde que a A\u00e7\u00e3o Civil P\u00fablica foi ajuizada pelo Minist\u00e9rio P\u00fablico Estadual, para reaver (em valores de 1996), R$ 79,9 milh\u00f5es de reais (hoje seriam mais de 500 milh\u00f5es) subtra\u00eddos da Companhia Estadual de Energia El\u00e9trica atrav\u00e9s de licita\u00e7\u00e3o e contratos fraudulentos.<br \/>\n\u00c9 a mais antiga e a maior entre mais de 200 a\u00e7\u00f5es por fraude ao patrim\u00f4nio p\u00fablico do Rio Grande do Sul em andamento na Justi\u00e7a.<br \/>\nO processo ainda est\u00e1 em primeira inst\u00e2ncia, na 2\u00aa Vara da Fazenda em Porto Alegre, em segredo de Justi\u00e7a.<br \/>\nOs dois contratos fraudados foram assinados em 1987, no governo Pedro Simon. A a\u00e7\u00e3o foi ajuizada em 1996, depois de uma das mais longas e rumorosas Comiss\u00f5es Parlamentares de Inqu\u00e9ritos (CPI) instaladas na Assembleia ga\u00facha.<br \/>\n<span class=\"intertit\">CPI foi primeira a apontar corruptores<\/span><br \/>\nA fraude contra a CEEE, denunciada pela ent\u00e3o secret\u00e1ria estadual de Minas e Energia, Dilma Rousseff, foi alvo de uma CPI na Assembleia Legislativa do RS, em 1995. Tumultuada, a CPI s\u00f3 foi conclu\u00edda no ano seguinte, mas foi a primeira no pa\u00eds que apontou as empresas que promoveram a corrup\u00e7\u00e3o de funcion\u00e1rios p\u00fablicos. A Comiss\u00e3o revelou em detalhes como agentes das empresas, organizadas em dois cons\u00f3rcios, agiam, alguns com tr\u00e2nsito livre dentro da companhia.<br \/>\nA CPI, que teve como relator o deputado Pepe Vargas (PT), deu origem a uma A\u00e7\u00e3o Civil P\u00fablica, ajuizada em 1996 pelo Minist\u00e9rio P\u00fablico Estadual que estimou em R$ 79 milh\u00f5es o preju\u00edzo \u00e0 estatal de energia. Houve fraude no edital, na licita\u00e7\u00e3o e nos contratos, segundo o MP.<br \/>\nNa a\u00e7\u00e3o, s\u00e3o r\u00e9us 11 empresas e 23 pessoas f\u00edsicas. Entre as empresas est\u00e3o a Alstom e a Siemens, as duas envolvidas nas fraudes do metr\u00f4 de S\u00e3o Paulo.<br \/>\nEntre as pessoas f\u00edsicas, <a href=\"http:\/\/observatoriodaimprensa.com.br\/imprensa-em-questao\/o-jornal-que-ousou-contar-a-verdade\/\">o principal acusado \u00e9 Lindomar Rigotto, ex- assessor da diretoria financeira da CEEE, irm\u00e3o do ex-governador Germano Rigotto. Lindomar foi assassinado num assalto em fevereiro de 1999<\/a>, no litoral ga\u00facho.<br \/>\nA hist\u00f3ria completa da falcatrua na estatal e os demais fatos que motivaram uma reportagem no jornal J\u00c1 \u2013 como a morte de uma dan\u00e7arina, do pr\u00f3prio Lindomar e a\u00e7\u00f5es judiciais movidas pela fam\u00edlia Rigotto contra os poucos ve\u00edculos de imprensa que ousaram publicar sobre o assunto \u2013 pode ser conferida em <a href=\"http:\/\/observatoriodaimprensa.com.br\/imprensa-em-questao\/desculpa-para-calar-a-opiniao\/\">artigos assinados pelo jornalista Luiz Claudio Cunha para o Observat\u00f3rio da Imprensa<\/a> e, com muito mais detalhes, no livro Uma Reportagem, Duas Senten\u00e7as \u2013 O caso do jornal J\u00c1.<br \/>\n&nbsp;<\/p>\n","protected":false},"excerpt":{"rendered":"<p>Nesta quarta-feira de cinzas, 14 de fevereiro, fecharam-se 22 anos desde que a A\u00e7\u00e3o Civil P\u00fablica foi ajuizada pelo Minist\u00e9rio P\u00fablico Estadual, para reaver (em valores de 1996), R$ 79,9 milh\u00f5es de reais (hoje seriam mais de 500 milh\u00f5es) subtra\u00eddos da Companhia Estadual de Energia El\u00e9trica atrav\u00e9s de licita\u00e7\u00e3o e contratos fraudulentos. \u00c9 a mais [&hellip;]<\/p>\n","protected":false},"author":4,"featured_media":58462,"comment_status":"open","ping_status":"closed","sticky":false,"template":"","format":"standard","meta":{"_jetpack_newsletter_access":"","_jetpack_dont_email_post_to_subs":false,"_jetpack_newsletter_tier_id":0,"_jetpack_memberships_contains_paywalled_content":false,"_jetpack_feature_clip_id":0,"_jetpack_memberships_contains_paid_content":false,"footnotes":"","jetpack_post_was_ever_published":false},"categories":[26],"tags":[],"class_list":["post-59766","post","type-post","status-publish","format-standard","has-post-thumbnail","hentry","category-geral"],"aioseo_notices":[],"aioseo_head":"\n\t\t<!-- All in One SEO 5.0.1.1 - aioseo.com -->\n\t<meta name=\"robots\" content=\"max-image-preview:large\" \/>\n\t<meta name=\"author\" content=\"da Reda\u00e7\u00e3o\"\/>\n\t<link rel=\"canonical\" href=\"https:\/\/www.jornalja.com.br\/arquivo\/maior-fraude-contra-os-cofres-publicos-do-estado-completa-22-anos-em-1a-instancia\/\" \/>\n\t<meta name=\"generator\" content=\"All in One SEO (AIOSEO) 5.0.1.1\" \/>\n\t\t<meta property=\"og:locale\" content=\"pt_BR\" \/>\n\t\t<meta property=\"og:site_name\" content=\"Arquivo | Jornal J\u00c1 | Porto Alegre\" \/>\n\t\t<meta property=\"og:type\" content=\"article\" \/>\n\t\t<meta property=\"og:title\" content=\"Maior fraude contra os cofres p\u00fablicos do RS completa 22 anos em 1\u00aa inst\u00e2ncia | Arquivo\" \/>\n\t\t<meta property=\"og:url\" content=\"https:\/\/www.jornalja.com.br\/arquivo\/maior-fraude-contra-os-cofres-publicos-do-estado-completa-22-anos-em-1a-instancia\/\" \/>\n\t\t<meta property=\"og:image\" content=\"https:\/\/www.jornalja.com.br\/economics\/wp-content\/uploads\/sites\/11\/2026\/08\/ja-folhaderosto-facebook.jpg\" \/>\n\t\t<meta property=\"og:image:secure_url\" content=\"https:\/\/www.jornalja.com.br\/economics\/wp-content\/uploads\/sites\/11\/2026\/08\/ja-folhaderosto-facebook.jpg\" \/>\n\t\t<meta property=\"article:published_time\" content=\"2018-02-15T10:22:19+00:00\" \/>\n\t\t<meta property=\"article:modified_time\" content=\"2018-02-15T10:22:19+00:00\" \/>\n\t\t<meta name=\"twitter:card\" content=\"summary\" \/>\n\t\t<meta name=\"twitter:title\" content=\"Maior fraude contra os cofres p\u00fablicos do RS completa 22 anos em 1\u00aa inst\u00e2ncia | Arquivo\" \/>\n\t\t<meta name=\"twitter:image\" content=\"https:\/\/www.jornalja.com.br\/economics\/wp-content\/uploads\/sites\/11\/2026\/08\/ja-folhaderosto-facebook.jpg\" \/>\n\t\t<script type=\"application\/ld+json\" class=\"aioseo-schema\">\n\t\t\t{\"@context\":\"https:\\\/\\\/schema.org\",\"@graph\":[{\"@type\":\"BlogPosting\",\"@id\":\"https:\\\/\\\/www.jornalja.com.br\\\/arquivo\\\/maior-fraude-contra-os-cofres-publicos-do-estado-completa-22-anos-em-1a-instancia\\\/#blogposting\",\"name\":\"Maior fraude contra os cofres p\\u00fablicos do RS completa 22 anos em 1\\u00aa inst\\u00e2ncia | Arquivo\",\"headline\":\"Maior fraude contra os cofres p\\u00fablicos do RS completa 22 anos em 1\\u00aa inst\\u00e2ncia\",\"author\":{\"@id\":\"https:\\\/\\\/www.jornalja.com.br\\\/arquivo\\\/author\\\/daredacao\\\/#author\"},\"publisher\":{\"@id\":\"https:\\\/\\\/www.jornalja.com.br\\\/arquivo\\\/#organization\"},\"image\":{\"@type\":\"ImageObject\",\"url\":58462},\"datePublished\":\"2018-02-15T08:22:19-02:00\",\"dateModified\":\"2018-02-15T08:22:19-02:00\",\"inLanguage\":\"pt-BR\",\"mainEntityOfPage\":{\"@id\":\"https:\\\/\\\/www.jornalja.com.br\\\/arquivo\\\/maior-fraude-contra-os-cofres-publicos-do-estado-completa-22-anos-em-1a-instancia\\\/#webpage\"},\"isPartOf\":{\"@id\":\"https:\\\/\\\/www.jornalja.com.br\\\/arquivo\\\/maior-fraude-contra-os-cofres-publicos-do-estado-completa-22-anos-em-1a-instancia\\\/#webpage\"},\"articleSection\":\"Geral\"},{\"@type\":\"BreadcrumbList\",\"@id\":\"https:\\\/\\\/www.jornalja.com.br\\\/arquivo\\\/maior-fraude-contra-os-cofres-publicos-do-estado-completa-22-anos-em-1a-instancia\\\/#breadcrumblist\",\"itemListElement\":[{\"@type\":\"ListItem\",\"@id\":\"https:\\\/\\\/www.jornalja.com.br\\\/arquivo#listItem\",\"position\":1,\"name\":\"Home\",\"item\":\"https:\\\/\\\/www.jornalja.com.br\\\/arquivo\",\"nextItem\":{\"@type\":\"ListItem\",\"@id\":\"https:\\\/\\\/www.jornalja.com.br\\\/arquivo\\\/category\\\/geral\\\/#listItem\",\"name\":\"Geral\"}},{\"@type\":\"ListItem\",\"@id\":\"https:\\\/\\\/www.jornalja.com.br\\\/arquivo\\\/category\\\/geral\\\/#listItem\",\"position\":2,\"name\":\"Geral\",\"item\":\"https:\\\/\\\/www.jornalja.com.br\\\/arquivo\\\/category\\\/geral\\\/\",\"nextItem\":{\"@type\":\"ListItem\",\"@id\":\"https:\\\/\\\/www.jornalja.com.br\\\/arquivo\\\/maior-fraude-contra-os-cofres-publicos-do-estado-completa-22-anos-em-1a-instancia\\\/#listItem\",\"name\":\"Maior fraude contra os cofres p\\u00fablicos do RS completa 22 anos em 1\\u00aa inst\\u00e2ncia\"},\"previousItem\":{\"@type\":\"ListItem\",\"@id\":\"https:\\\/\\\/www.jornalja.com.br\\\/arquivo#listItem\",\"name\":\"Home\"}},{\"@type\":\"ListItem\",\"@id\":\"https:\\\/\\\/www.jornalja.com.br\\\/arquivo\\\/maior-fraude-contra-os-cofres-publicos-do-estado-completa-22-anos-em-1a-instancia\\\/#listItem\",\"position\":3,\"name\":\"Maior fraude contra os cofres p\\u00fablicos do RS completa 22 anos em 1\\u00aa inst\\u00e2ncia\",\"previousItem\":{\"@type\":\"ListItem\",\"@id\":\"https:\\\/\\\/www.jornalja.com.br\\\/arquivo\\\/category\\\/geral\\\/#listItem\",\"name\":\"Geral\"}}]},{\"@type\":\"Organization\",\"@id\":\"https:\\\/\\\/www.jornalja.com.br\\\/arquivo\\\/#organization\",\"name\":\"Jornal J\\u00c1\",\"description\":\"Jornal J\\u00c1 | Porto Alegre\",\"url\":\"https:\\\/\\\/www.jornalja.com.br\\\/arquivo\\\/\",\"telephone\":\"+555133307272\",\"logo\":{\"@type\":\"ImageObject\",\"url\":\"https:\\\/\\\/www.jornalja.com.br\\\/wp-content\\\/uploads\\\/cards\\\/JAslogan.png\",\"@id\":\"https:\\\/\\\/www.jornalja.com.br\\\/arquivo\\\/maior-fraude-contra-os-cofres-publicos-do-estado-completa-22-anos-em-1a-instancia\\\/#organizationLogo\"},\"image\":{\"@id\":\"https:\\\/\\\/www.jornalja.com.br\\\/arquivo\\\/maior-fraude-contra-os-cofres-publicos-do-estado-completa-22-anos-em-1a-instancia\\\/#organizationLogo\"}},{\"@type\":\"Person\",\"@id\":\"https:\\\/\\\/www.jornalja.com.br\\\/arquivo\\\/author\\\/daredacao\\\/#author\",\"url\":\"https:\\\/\\\/www.jornalja.com.br\\\/arquivo\\\/author\\\/daredacao\\\/\",\"name\":\"da Reda\\u00e7\\u00e3o\",\"image\":{\"@type\":\"ImageObject\",\"@id\":\"https:\\\/\\\/www.jornalja.com.br\\\/arquivo\\\/maior-fraude-contra-os-cofres-publicos-do-estado-completa-22-anos-em-1a-instancia\\\/#authorImage\",\"url\":\"https:\\\/\\\/secure.gravatar.com\\\/avatar\\\/469fd857d6605ad19919d27ed29d35a968a25f6e8fd9318356bbb7f57aae9c65?s=96&d=mm&r=g\",\"width\":96,\"height\":96,\"caption\":\"da Reda\\u00e7\\u00e3o\"}},{\"@type\":\"WebPage\",\"@id\":\"https:\\\/\\\/www.jornalja.com.br\\\/arquivo\\\/maior-fraude-contra-os-cofres-publicos-do-estado-completa-22-anos-em-1a-instancia\\\/#webpage\",\"url\":\"https:\\\/\\\/www.jornalja.com.br\\\/arquivo\\\/maior-fraude-contra-os-cofres-publicos-do-estado-completa-22-anos-em-1a-instancia\\\/\",\"name\":\"Maior fraude contra os cofres p\\u00fablicos do RS completa 22 anos em 1\\u00aa inst\\u00e2ncia | Arquivo\",\"inLanguage\":\"pt-BR\",\"isPartOf\":{\"@id\":\"https:\\\/\\\/www.jornalja.com.br\\\/arquivo\\\/#website\"},\"breadcrumb\":{\"@id\":\"https:\\\/\\\/www.jornalja.com.br\\\/arquivo\\\/maior-fraude-contra-os-cofres-publicos-do-estado-completa-22-anos-em-1a-instancia\\\/#breadcrumblist\"},\"author\":{\"@id\":\"https:\\\/\\\/www.jornalja.com.br\\\/arquivo\\\/author\\\/daredacao\\\/#author\"},\"creator\":{\"@id\":\"https:\\\/\\\/www.jornalja.com.br\\\/arquivo\\\/author\\\/daredacao\\\/#author\"},\"image\":{\"@type\":\"ImageObject\",\"url\":58462,\"@id\":\"https:\\\/\\\/www.jornalja.com.br\\\/arquivo\\\/maior-fraude-contra-os-cofres-publicos-do-estado-completa-22-anos-em-1a-instancia\\\/#mainImage\"},\"primaryImageOfPage\":{\"@id\":\"https:\\\/\\\/www.jornalja.com.br\\\/arquivo\\\/maior-fraude-contra-os-cofres-publicos-do-estado-completa-22-anos-em-1a-instancia\\\/#mainImage\"},\"datePublished\":\"2018-02-15T08:22:19-02:00\",\"dateModified\":\"2018-02-15T08:22:19-02:00\"},{\"@type\":\"WebSite\",\"@id\":\"https:\\\/\\\/www.jornalja.com.br\\\/arquivo\\\/#website\",\"url\":\"https:\\\/\\\/www.jornalja.com.br\\\/arquivo\\\/\",\"name\":\"Arquivo\",\"description\":\"Jornal J\\u00c1 | Porto Alegre\",\"inLanguage\":\"pt-BR\",\"publisher\":{\"@id\":\"https:\\\/\\\/www.jornalja.com.br\\\/arquivo\\\/#organization\"}}]}\n\t\t<\/script>\n\t\t<!-- All in One SEO -->\n\n","aioseo_head_json":{"title":"Maior fraude contra os cofres p\u00fablicos do RS completa 22 anos em 1\u00aa inst\u00e2ncia | Arquivo","description":"","canonical_url":"https:\/\/www.jornalja.com.br\/arquivo\/maior-fraude-contra-os-cofres-publicos-do-estado-completa-22-anos-em-1a-instancia\/","robots":"max-image-preview:large","keywords":"","webmasterTools":{"miscellaneous":""},"schema":{"@context":"https:\/\/schema.org","@graph":[{"@type":"BlogPosting","@id":"https:\/\/www.jornalja.com.br\/arquivo\/maior-fraude-contra-os-cofres-publicos-do-estado-completa-22-anos-em-1a-instancia\/#blogposting","name":"Maior fraude contra os cofres p\u00fablicos do RS completa 22 anos em 1\u00aa inst\u00e2ncia | Arquivo","headline":"Maior fraude contra os cofres p\u00fablicos do RS completa 22 anos em 1\u00aa inst\u00e2ncia","author":{"@id":"https:\/\/www.jornalja.com.br\/arquivo\/author\/daredacao\/#author"},"publisher":{"@id":"https:\/\/www.jornalja.com.br\/arquivo\/#organization"},"image":{"@type":"ImageObject","url":58462},"datePublished":"2018-02-15T08:22:19-02:00","dateModified":"2018-02-15T08:22:19-02:00","inLanguage":"pt-BR","mainEntityOfPage":{"@id":"https:\/\/www.jornalja.com.br\/arquivo\/maior-fraude-contra-os-cofres-publicos-do-estado-completa-22-anos-em-1a-instancia\/#webpage"},"isPartOf":{"@id":"https:\/\/www.jornalja.com.br\/arquivo\/maior-fraude-contra-os-cofres-publicos-do-estado-completa-22-anos-em-1a-instancia\/#webpage"},"articleSection":"Geral"},{"@type":"BreadcrumbList","@id":"https:\/\/www.jornalja.com.br\/arquivo\/maior-fraude-contra-os-cofres-publicos-do-estado-completa-22-anos-em-1a-instancia\/#breadcrumblist","itemListElement":[{"@type":"ListItem","@id":"https:\/\/www.jornalja.com.br\/arquivo#listItem","position":1,"name":"Home","item":"https:\/\/www.jornalja.com.br\/arquivo","nextItem":{"@type":"ListItem","@id":"https:\/\/www.jornalja.com.br\/arquivo\/category\/geral\/#listItem","name":"Geral"}},{"@type":"ListItem","@id":"https:\/\/www.jornalja.com.br\/arquivo\/category\/geral\/#listItem","position":2,"name":"Geral","item":"https:\/\/www.jornalja.com.br\/arquivo\/category\/geral\/","nextItem":{"@type":"ListItem","@id":"https:\/\/www.jornalja.com.br\/arquivo\/maior-fraude-contra-os-cofres-publicos-do-estado-completa-22-anos-em-1a-instancia\/#listItem","name":"Maior fraude contra os cofres p\u00fablicos do RS completa 22 anos em 1\u00aa inst\u00e2ncia"},"previousItem":{"@type":"ListItem","@id":"https:\/\/www.jornalja.com.br\/arquivo#listItem","name":"Home"}},{"@type":"ListItem","@id":"https:\/\/www.jornalja.com.br\/arquivo\/maior-fraude-contra-os-cofres-publicos-do-estado-completa-22-anos-em-1a-instancia\/#listItem","position":3,"name":"Maior fraude contra os cofres p\u00fablicos do RS completa 22 anos em 1\u00aa inst\u00e2ncia","previousItem":{"@type":"ListItem","@id":"https:\/\/www.jornalja.com.br\/arquivo\/category\/geral\/#listItem","name":"Geral"}}]},{"@type":"Organization","@id":"https:\/\/www.jornalja.com.br\/arquivo\/#organization","name":"Jornal J\u00c1","description":"Jornal J\u00c1 | Porto Alegre","url":"https:\/\/www.jornalja.com.br\/arquivo\/","telephone":"+555133307272","logo":{"@type":"ImageObject","url":"https:\/\/www.jornalja.com.br\/wp-content\/uploads\/cards\/JAslogan.png","@id":"https:\/\/www.jornalja.com.br\/arquivo\/maior-fraude-contra-os-cofres-publicos-do-estado-completa-22-anos-em-1a-instancia\/#organizationLogo"},"image":{"@id":"https:\/\/www.jornalja.com.br\/arquivo\/maior-fraude-contra-os-cofres-publicos-do-estado-completa-22-anos-em-1a-instancia\/#organizationLogo"}},{"@type":"Person","@id":"https:\/\/www.jornalja.com.br\/arquivo\/author\/daredacao\/#author","url":"https:\/\/www.jornalja.com.br\/arquivo\/author\/daredacao\/","name":"da Reda\u00e7\u00e3o","image":{"@type":"ImageObject","@id":"https:\/\/www.jornalja.com.br\/arquivo\/maior-fraude-contra-os-cofres-publicos-do-estado-completa-22-anos-em-1a-instancia\/#authorImage","url":"https:\/\/secure.gravatar.com\/avatar\/469fd857d6605ad19919d27ed29d35a968a25f6e8fd9318356bbb7f57aae9c65?s=96&d=mm&r=g","width":96,"height":96,"caption":"da Reda\u00e7\u00e3o"}},{"@type":"WebPage","@id":"https:\/\/www.jornalja.com.br\/arquivo\/maior-fraude-contra-os-cofres-publicos-do-estado-completa-22-anos-em-1a-instancia\/#webpage","url":"https:\/\/www.jornalja.com.br\/arquivo\/maior-fraude-contra-os-cofres-publicos-do-estado-completa-22-anos-em-1a-instancia\/","name":"Maior fraude contra os cofres p\u00fablicos do RS completa 22 anos em 1\u00aa inst\u00e2ncia | Arquivo","inLanguage":"pt-BR","isPartOf":{"@id":"https:\/\/www.jornalja.com.br\/arquivo\/#website"},"breadcrumb":{"@id":"https:\/\/www.jornalja.com.br\/arquivo\/maior-fraude-contra-os-cofres-publicos-do-estado-completa-22-anos-em-1a-instancia\/#breadcrumblist"},"author":{"@id":"https:\/\/www.jornalja.com.br\/arquivo\/author\/daredacao\/#author"},"creator":{"@id":"https:\/\/www.jornalja.com.br\/arquivo\/author\/daredacao\/#author"},"image":{"@type":"ImageObject","url":58462,"@id":"https:\/\/www.jornalja.com.br\/arquivo\/maior-fraude-contra-os-cofres-publicos-do-estado-completa-22-anos-em-1a-instancia\/#mainImage"},"primaryImageOfPage":{"@id":"https:\/\/www.jornalja.com.br\/arquivo\/maior-fraude-contra-os-cofres-publicos-do-estado-completa-22-anos-em-1a-instancia\/#mainImage"},"datePublished":"2018-02-15T08:22:19-02:00","dateModified":"2018-02-15T08:22:19-02:00"},{"@type":"WebSite","@id":"https:\/\/www.jornalja.com.br\/arquivo\/#website","url":"https:\/\/www.jornalja.com.br\/arquivo\/","name":"Arquivo","description":"Jornal J\u00c1 | Porto Alegre","inLanguage":"pt-BR","publisher":{"@id":"https:\/\/www.jornalja.com.br\/arquivo\/#organization"}}]},"og:locale":"pt_BR","og:site_name":"Arquivo | Jornal J\u00c1 | Porto Alegre","og:type":"article","og:title":"Maior fraude contra os cofres p\u00fablicos do RS completa 22 anos em 1\u00aa inst\u00e2ncia | Arquivo","og:url":"https:\/\/www.jornalja.com.br\/arquivo\/maior-fraude-contra-os-cofres-publicos-do-estado-completa-22-anos-em-1a-instancia\/","og:image":"https:\/\/www.jornalja.com.br\/economics\/wp-content\/uploads\/sites\/11\/2026\/08\/ja-folhaderosto-facebook.jpg","og:image:secure_url":"https:\/\/www.jornalja.com.br\/economics\/wp-content\/uploads\/sites\/11\/2026\/08\/ja-folhaderosto-facebook.jpg","article:published_time":"2018-02-15T10:22:19+00:00","article:modified_time":"2018-02-15T10:22:19+00:00","twitter:card":"summary","twitter:title":"Maior fraude contra os cofres p\u00fablicos do RS completa 22 anos em 1\u00aa inst\u00e2ncia | Arquivo","twitter:image":"https:\/\/www.jornalja.com.br\/economics\/wp-content\/uploads\/sites\/11\/2026\/08\/ja-folhaderosto-facebook.jpg"},"aioseo_meta_data":{"post_id":"59766","title":null,"description":null,"keywords":null,"keyphrases":null,"primary_term":null,"canonical_url":null,"og_title":null,"og_description":null,"og_object_type":"default","og_image_type":"default","og_image_url":null,"og_image_width":null,"og_image_height":null,"og_image_custom_url":null,"og_image_custom_fields":null,"og_video":null,"og_custom_url":null,"og_article_section":null,"og_article_tags":null,"twitter_use_og":false,"twitter_card":"default","twitter_image_type":"default","twitter_image_url":null,"twitter_image_custom_url":null,"twitter_image_custom_fields":null,"twitter_title":null,"twitter_description":null,"schema":{"blockGraphs":[],"customGraphs":[],"default":{"data":{"Article":[],"Course":[],"Dataset":[],"FAQPage":[],"Movie":[],"Person":[],"Product":[],"ProductReview":[],"Car":[],"Recipe":[],"Service":[],"SoftwareApplication":[],"WebPage":[]},"graphName":"","isEnabled":true},"graphs":[]},"schema_type":null,"schema_type_options":null,"pillar_content":false,"robots_default":true,"robots_noindex":false,"robots_noarchive":false,"robots_nosnippet":false,"robots_nofollow":false,"robots_noimageindex":false,"robots_noodp":false,"robots_notranslate":false,"robots_max_snippet":null,"robots_max_videopreview":null,"robots_max_imagepreview":"large","priority":null,"frequency":null,"location":null,"local_seo":null,"breadcrumb_settings":null,"limit_modified_date":false,"ai":null,"created":"2020-12-20 20:18:02","updated":"2025-07-20 03:33:38","seo_analyzer_scan_date":null,"focus_keyword":null,"additional_keywords":null,"truseo_locale":null},"jetpack_sharing_enabled":true,"jetpack-related-posts":[{"id":13109,"url":"https:\/\/www.jornalja.com.br\/arquivo\/judiciario-reconhece-poluicao-eletromagnetica\/","url_meta":{"origin":59766,"position":0},"title":"Judici\u00e1rio reconhece polui\u00e7\u00e3o eletromagn\u00e9tica","author":"Patr\u00edcia Marini","date":"16 de maio de 2014","format":false,"excerpt":"A\u00e7\u00e3o de duas associa\u00e7\u00f5es de moradores foi acolhida pelo Tribunal de Justi\u00e7a de S\u00e3o Paulo que. em decis\u00e3o in\u00e9dita, determinou a redu\u00e7\u00e3o do campo eletromagn\u00e9tico gerado pelas linhas de transmiss\u00e3o de energia que cortam os bairros City Boa\u00e7ava e Alto de Pinheiros. \u00c9 a primeira vez que um tribunal do\u2026","rel":"","context":"Em &quot;X.Categorias velhas&quot;","block_context":{"text":"X.Categorias velhas","link":"https:\/\/www.jornalja.com.br\/arquivo\/category\/x-categorias-velhas\/"},"img":{"alt_text":"","src":"","width":0,"height":0},"classes":[]},{"id":13101,"url":"https:\/\/www.jornalja.com.br\/arquivo\/morre-um-guerreiro-do-texto\/","url_meta":{"origin":59766,"position":1},"title":"Morre um guerreiro do texto","author":"Patr\u00edcia Marini","date":"14 de maio de 2014","format":false,"excerpt":"Por Ricardo Kotscho Reproduzido do blog do autor, 11\/5\/2014; t\u00edtulo original \u201cE l\u00e1 se foi o nosso Myltainho, guerreiro do texto\u201d. Mi\u00fado e franzino, meu amigo Myltainho era um valente e inconformado guerreiro na luta contra as injusti\u00e7as sociais, a hipocrisia, as maracutaias, o autoritarismo, a intoler\u00e2ncia, a viol\u00eancia, o\u2026","rel":"","context":"Em &quot;Geral&quot;","block_context":{"text":"Geral","link":"https:\/\/www.jornalja.com.br\/arquivo\/category\/geral\/"},"img":{"alt_text":"","src":"","width":0,"height":0},"classes":[]},{"id":14241,"url":"https:\/\/www.jornalja.com.br\/arquivo\/o-guaiba-nas-imagens-poeticas-de-achutti\/","url_meta":{"origin":59766,"position":2},"title":"O Gua\u00edba nas imagens po\u00e9ticas de Achutti","author":"da Reda\u00e7\u00e3o","date":"18 de junho de 2014","format":false,"excerpt":"Em \u201cO Gua\u00edba por Achutti\u201d \u2013 obra financiada via Minist\u00e9rio da Cultura, produ\u00e7\u00e3o executiva de Pedro Longhi, e Fl\u00e1vio Wild como designer \u2013, o fot\u00f3grafo revela a beleza e as mazelas de um espa\u00e7o aqu\u00e1tico de \u00e1guas sempre renovadas, cheio de hist\u00f3rias e lendas como as das cidades que foram\u2026","rel":"","context":"Em &quot;Cultura-Geral&quot;","block_context":{"text":"Cultura-Geral","link":"https:\/\/www.jornalja.com.br\/arquivo\/category\/materiasecundaria\/"},"img":{"alt_text":"","src":"","width":0,"height":0},"classes":[]},{"id":1280,"url":"https:\/\/www.jornalja.com.br\/arquivo\/o-menino-que-se-tornou-brizola\/","url_meta":{"origin":59766,"position":3},"title":"O Menino que se Tornou Brizola","author":"da Reda\u00e7\u00e3o","date":"28 de julho de 2008","format":false,"excerpt":"Autor: Cleber Dioni A vida de Leonel Brizola, com \u00eanfase para os primeiros anos em Porto Alegre, at\u00e9 o ex\u00edlio no Uruguai e a volta, quinze anos depois. \u00a0\"...\u00c9ramos todos jovens e nos identific\u00e1vamos com aquela massa an\u00f4nima a percorrer as ruas de Porto Alegre, gritando 'Get\u00falio', 'Get\u00falio' e empunhando\u2026","rel":"","context":"Em &quot;Livros&quot;","block_context":{"text":"Livros","link":"https:\/\/www.jornalja.com.br\/arquivo\/category\/livros\/"},"img":{"alt_text":"","src":"https:\/\/i0.wp.com\/www.jornalja.com.br\/wp-content\/uploads\/2008\/07\/brizola.gif?resize=350%2C200&ssl=1","width":350,"height":200},"classes":[]},{"id":13128,"url":"https:\/\/www.jornalja.com.br\/arquivo\/maconha-terra-diz-que-uso-medicinal-e-desculpa\/","url_meta":{"origin":59766,"position":4},"title":"Maconha: Terra diz que uso medicinal \u00e9 desculpa","author":"Patr\u00edcia Marini","date":"4 de junho de 2014","format":false,"excerpt":"A condi\u00e7\u00e3o de pol\u00edtico, em \u00e9poca de campanha de campanha eleitoral, tira for\u00e7a do discurso do m\u00e9dico Osmar Terra contra a legaliza\u00e7\u00e3o da maconha. A tese dele de que a libera\u00e7\u00e3o vai ampliar exponencialmente o consumo \u00e9 discutivel, o consumo \u00e9 corrente. Mas seus alertas quanto aos riscos tem que\u2026","rel":"","context":"Em &quot;X.Categorias velhas&quot;","block_context":{"text":"X.Categorias velhas","link":"https:\/\/www.jornalja.com.br\/arquivo\/category\/x-categorias-velhas\/"},"img":{"alt_text":"","src":"","width":0,"height":0},"classes":[]},{"id":5440,"url":"https:\/\/www.jornalja.com.br\/arquivo\/casarao-da-venancio-destino-permanece-incerto\/","url_meta":{"origin":59766,"position":5},"title":"Estado ainda n\u00e3o sabe o que fazer com casar\u00e3o abandonado h\u00e1 20 anos","author":"Elmar Bones","date":"6 de julho de 2009","format":false,"excerpt":"O casar\u00e3o amarelo, numa esquina nobre de Porto Alegre (Ven\u00e2ncio Aires com Jo\u00e3o Pessoa), j\u00e1 abrigou uma escola. H\u00e1 duas d\u00e9cadas, pelo menos, est\u00e1 abandonado, porque seu propriet\u00e1rio, o governo do Estado do Rio Grande do Sul, n\u00e3o consegue achar um destino para ele. Planos n\u00e3o faltaram. O governador Ol\u00edvio\u2026","rel":"","context":"Em &quot;X.Categorias velhas&quot;","block_context":{"text":"X.Categorias velhas","link":"https:\/\/www.jornalja.com.br\/arquivo\/category\/x-categorias-velhas\/"},"img":{"alt_text":"geraldo1","src":"https:\/\/i0.wp.com\/www.jornalja.com.br\/wp-content\/uploads\/2009\/07\/geraldo1.jpg?resize=350%2C200&ssl=1","width":350,"height":200},"classes":[]}],"jetpack_shortlink":"https:\/\/wp.me\/pbQjBd-fxY","jetpack_featured_media_url":"","_links":{"self":[{"href":"https:\/\/www.jornalja.com.br\/arquivo\/wp-json\/wp\/v2\/posts\/59766","targetHints":{"allow":["GET"]}}],"collection":[{"href":"https:\/\/www.jornalja.com.br\/arquivo\/wp-json\/wp\/v2\/posts"}],"about":[{"href":"https:\/\/www.jornalja.com.br\/arquivo\/wp-json\/wp\/v2\/types\/post"}],"author":[{"embeddable":true,"href":"https:\/\/www.jornalja.com.br\/arquivo\/wp-json\/wp\/v2\/users\/4"}],"replies":[{"embeddable":true,"href":"https:\/\/www.jornalja.com.br\/arquivo\/wp-json\/wp\/v2\/comments?post=59766"}],"version-history":[{"count":0,"href":"https:\/\/www.jornalja.com.br\/arquivo\/wp-json\/wp\/v2\/posts\/59766\/revisions"}],"wp:attachment":[{"href":"https:\/\/www.jornalja.com.br\/arquivo\/wp-json\/wp\/v2\/media?parent=59766"}],"wp:term":[{"taxonomy":"category","embeddable":true,"href":"https:\/\/www.jornalja.com.br\/arquivo\/wp-json\/wp\/v2\/categories?post=59766"},{"taxonomy":"post_tag","embeddable":true,"href":"https:\/\/www.jornalja.com.br\/arquivo\/wp-json\/wp\/v2\/tags?post=59766"}],"curies":[{"name":"wp","href":"https:\/\/api.w.org\/{rel}","templated":true}]}}