{"id":59798,"date":"2018-02-16T10:24:35","date_gmt":"2018-02-16T12:24:35","guid":{"rendered":"https:\/\/www.jornalja.com.br\/?p=59798"},"modified":"2018-02-16T10:24:35","modified_gmt":"2018-02-16T12:24:35","slug":"rincao-gaia-promove-imersao-as-aguas-de-tres-dias","status":"publish","type":"post","link":"https:\/\/www.jornalja.com.br\/arquivo\/rincao-gaia-promove-imersao-as-aguas-de-tres-dias\/","title":{"rendered":"Rinc\u00e3o Gaia promove &quot;imers\u00e3o \u00e0s \u00e1guas&quot; de tr\u00eas dias"},"content":{"rendered":"<p>Uma viv\u00eancia de tr\u00eas dias dedicados a \u00e0 \u00e1gua acontece de 23 a 25 de fevereiro no Rinc\u00e3o Gaia, o santu\u00e1rio ecol\u00f3gico criado pelo ambientalista Jos\u00e9 Lutzenberger.\u00a0Os professores ser\u00e3o Toni Backes, Gabriela Pizzetti e Marcelus Oliveira.<br \/>\nO Rinc\u00e3o Gaia est\u00e1 situado sobre uma antiga jazida de basalto e \u00e9 um exemplo de recupera\u00e7\u00e3o de \u00e1reas degradadas. No lugar dos antigos buracos das pedreiras, hoje h\u00e1 lagos\u00a0e no seu entorno\u00a0grande variedade de plantas t\u00edpicas de ambientes \u00e1ridos, que junto \u00e0s rochas, formam jardins de rara beleza.<br \/>\nO principal objetivo dessa viv\u00eancia \u00e9 entender o caminho das \u00e1guas nos ecossistemas e, assim, aprender a potencializar o seu uso, conhecendo inclusive a energia das &#8220;\u00e1guas internas&#8221;, o que os organizadores afirmam que pode ser transformador.<br \/>\n<strong>Programa\u00e7\u00e3o<\/strong><br \/>\n23\/02 (sexta-feira): \u00c1guas e Clima:\u00a0<strong>Corpo energ\u00e9tico da \u00e1gua<\/strong><br \/>\n24\/02 (s\u00e1bado):\u00a0<strong>Caminhada das \u00e1guas<\/strong>\u00a0no Rinc\u00e3o Gaia e Jardins de \u00c1gua:\u00a0<strong>Solu\u00e7\u00f5es, tratamento e capta\u00e7\u00e3o<\/strong><br \/>\n25\/02 (domingo):\u00a0<strong>Biopiscinas<\/strong>\u00a0(<a href=\"http:\/\/blogspot.us8.list-manage.com\/track\/click?u=1c54fa353ed43a4e9043f83bf&amp;id=4ac4d7f762&amp;e=7dcb5e102f\" target=\"_blank\" rel=\"noopener noreferrer\" data-saferedirecturl=\"http:\/\/www.google.com\/url?hl=pt-BR&amp;q=http:\/\/blogspot.us8.list-manage.com\/track\/click?u%3D1c54fa353ed43a4e9043f83bf%26id%3D4ac4d7f762%26e%3D7dcb5e102f&amp;source=gmail&amp;ust=1518865486928000&amp;usg=AFQjCNFyaETZ3LQaO-IipHWNUobTjmUzCg\">veja artigo sobre biopiscinas <\/a>).<br \/>\nA inscri\u00e7\u00e3o contempla transporte de Nova Petr\u00f3polis ao Rinc\u00e3o Gaia (ida e volta), hospedagem e alimenta\u00e7\u00e3o.<br \/>\nMais informa\u00e7\u00f5es:\u00a0<a href=\"http:\/\/blogspot.us8.list-manage.com\/track\/click?u=1c54fa353ed43a4e9043f83bf&amp;id=e9b743e1d2&amp;e=7dcb5e102f\" target=\"_blank\" rel=\"noopener noreferrer\" data-saferedirecturl=\"http:\/\/www.google.com\/url?hl=pt-BR&amp;q=http:\/\/blogspot.us8.list-manage.com\/track\/click?u%3D1c54fa353ed43a4e9043f83bf%26id%3De9b743e1d2%26e%3D7dcb5e102f&amp;source=gmail&amp;ust=1518865486928000&amp;usg=AFQjCNHIxRPguqPvcYf18yuMXaMMNZSe2g\">http:\/\/bit.ly\/imers\u00e3odasaguas<\/a><br \/>\n<a href=\"mailto:contato@paisagismoregenerativo.com.br\" target=\"_blank\" rel=\"noopener noreferrer\">contato@paisagismoregenerativo.com.br<\/a><br \/>\n&nbsp;<\/p>\n<div><\/div>\n","protected":false},"excerpt":{"rendered":"<p>Uma viv\u00eancia de tr\u00eas dias dedicados a \u00e0 \u00e1gua acontece de 23 a 25 de fevereiro no Rinc\u00e3o Gaia, o santu\u00e1rio ecol\u00f3gico criado pelo ambientalista Jos\u00e9 Lutzenberger.\u00a0Os professores ser\u00e3o Toni Backes, Gabriela Pizzetti e Marcelus Oliveira. O Rinc\u00e3o Gaia est\u00e1 situado sobre uma antiga jazida de basalto e \u00e9 um exemplo de recupera\u00e7\u00e3o de \u00e1reas [&hellip;]<\/p>\n","protected":false},"author":4,"featured_media":59799,"comment_status":"open","ping_status":"closed","sticky":false,"template":"","format":"standard","meta":{"_jetpack_newsletter_access":"","_jetpack_dont_email_post_to_subs":false,"_jetpack_newsletter_tier_id":0,"_jetpack_memberships_contains_paywalled_content":false,"_jetpack_feature_clip_id":0,"_jetpack_memberships_contains_paid_content":false,"footnotes":"","jetpack_post_was_ever_published":false},"categories":[11,2016],"tags":[],"class_list":["post-59798","post","type-post","status-publish","format-standard","has-post-thumbnail","hentry","category-materiasecundaria","category-materia-vencida"],"aioseo_notices":[],"aioseo_head":"\n\t\t<!-- All in One SEO 5.0.1.1 - aioseo.com -->\n\t<meta name=\"robots\" content=\"max-image-preview:large\" \/>\n\t<meta name=\"author\" content=\"da Reda\u00e7\u00e3o\"\/>\n\t<link rel=\"canonical\" href=\"https:\/\/www.jornalja.com.br\/arquivo\/rincao-gaia-promove-imersao-as-aguas-de-tres-dias\/\" \/>\n\t<meta name=\"generator\" content=\"All in One SEO (AIOSEO) 5.0.1.1\" \/>\n\t\t<meta property=\"og:locale\" content=\"pt_BR\" \/>\n\t\t<meta property=\"og:site_name\" content=\"Arquivo | Jornal J\u00c1 | Porto Alegre\" \/>\n\t\t<meta property=\"og:type\" content=\"article\" \/>\n\t\t<meta property=\"og:title\" content=\"Rinc\u00e3o Gaia promove &quot;imers\u00e3o \u00e0s \u00e1guas&quot; de tr\u00eas dias | Arquivo\" \/>\n\t\t<meta property=\"og:url\" content=\"https:\/\/www.jornalja.com.br\/arquivo\/rincao-gaia-promove-imersao-as-aguas-de-tres-dias\/\" \/>\n\t\t<meta property=\"og:image\" content=\"https:\/\/www.jornalja.com.br\/economics\/wp-content\/uploads\/sites\/11\/2026\/08\/ja-folhaderosto-facebook.jpg\" \/>\n\t\t<meta property=\"og:image:secure_url\" content=\"https:\/\/www.jornalja.com.br\/economics\/wp-content\/uploads\/sites\/11\/2026\/08\/ja-folhaderosto-facebook.jpg\" \/>\n\t\t<meta property=\"article:published_time\" content=\"2018-02-16T12:24:35+00:00\" \/>\n\t\t<meta property=\"article:modified_time\" content=\"2018-02-16T12:24:35+00:00\" \/>\n\t\t<meta name=\"twitter:card\" content=\"summary\" \/>\n\t\t<meta name=\"twitter:title\" content=\"Rinc\u00e3o Gaia promove &quot;imers\u00e3o \u00e0s \u00e1guas&quot; de tr\u00eas dias | Arquivo\" \/>\n\t\t<meta name=\"twitter:image\" content=\"https:\/\/www.jornalja.com.br\/economics\/wp-content\/uploads\/sites\/11\/2026\/08\/ja-folhaderosto-facebook.jpg\" \/>\n\t\t<script type=\"application\/ld+json\" class=\"aioseo-schema\">\n\t\t\t{\"@context\":\"https:\\\/\\\/schema.org\",\"@graph\":[{\"@type\":\"BlogPosting\",\"@id\":\"https:\\\/\\\/www.jornalja.com.br\\\/arquivo\\\/rincao-gaia-promove-imersao-as-aguas-de-tres-dias\\\/#blogposting\",\"name\":\"Rinc\\u00e3o Gaia promove \\\"imers\\u00e3o \\u00e0s \\u00e1guas\\\" de tr\\u00eas dias | Arquivo\",\"headline\":\"Rinc\\u00e3o Gaia promove &quot;imers\\u00e3o \\u00e0s \\u00e1guas&quot; de tr\\u00eas dias\",\"author\":{\"@id\":\"https:\\\/\\\/www.jornalja.com.br\\\/arquivo\\\/author\\\/daredacao\\\/#author\"},\"publisher\":{\"@id\":\"https:\\\/\\\/www.jornalja.com.br\\\/arquivo\\\/#organization\"},\"image\":{\"@type\":\"ImageObject\",\"url\":59799},\"datePublished\":\"2018-02-16T10:24:35-02:00\",\"dateModified\":\"2018-02-16T10:24:35-02:00\",\"inLanguage\":\"pt-BR\",\"mainEntityOfPage\":{\"@id\":\"https:\\\/\\\/www.jornalja.com.br\\\/arquivo\\\/rincao-gaia-promove-imersao-as-aguas-de-tres-dias\\\/#webpage\"},\"isPartOf\":{\"@id\":\"https:\\\/\\\/www.jornalja.com.br\\\/arquivo\\\/rincao-gaia-promove-imersao-as-aguas-de-tres-dias\\\/#webpage\"},\"articleSection\":\"Cultura-Geral, Mat\\u00e9ria vencida\"},{\"@type\":\"BreadcrumbList\",\"@id\":\"https:\\\/\\\/www.jornalja.com.br\\\/arquivo\\\/rincao-gaia-promove-imersao-as-aguas-de-tres-dias\\\/#breadcrumblist\",\"itemListElement\":[{\"@type\":\"ListItem\",\"@id\":\"https:\\\/\\\/www.jornalja.com.br\\\/arquivo#listItem\",\"position\":1,\"name\":\"Home\",\"item\":\"https:\\\/\\\/www.jornalja.com.br\\\/arquivo\",\"nextItem\":{\"@type\":\"ListItem\",\"@id\":\"https:\\\/\\\/www.jornalja.com.br\\\/arquivo\\\/category\\\/materiasecundaria\\\/#listItem\",\"name\":\"Cultura-Geral\"}},{\"@type\":\"ListItem\",\"@id\":\"https:\\\/\\\/www.jornalja.com.br\\\/arquivo\\\/category\\\/materiasecundaria\\\/#listItem\",\"position\":2,\"name\":\"Cultura-Geral\",\"item\":\"https:\\\/\\\/www.jornalja.com.br\\\/arquivo\\\/category\\\/materiasecundaria\\\/\",\"nextItem\":{\"@type\":\"ListItem\",\"@id\":\"https:\\\/\\\/www.jornalja.com.br\\\/arquivo\\\/rincao-gaia-promove-imersao-as-aguas-de-tres-dias\\\/#listItem\",\"name\":\"Rinc\\u00e3o Gaia promove &quot;imers\\u00e3o \\u00e0s \\u00e1guas&quot; de tr\\u00eas dias\"},\"previousItem\":{\"@type\":\"ListItem\",\"@id\":\"https:\\\/\\\/www.jornalja.com.br\\\/arquivo#listItem\",\"name\":\"Home\"}},{\"@type\":\"ListItem\",\"@id\":\"https:\\\/\\\/www.jornalja.com.br\\\/arquivo\\\/rincao-gaia-promove-imersao-as-aguas-de-tres-dias\\\/#listItem\",\"position\":3,\"name\":\"Rinc\\u00e3o Gaia promove &quot;imers\\u00e3o \\u00e0s \\u00e1guas&quot; de tr\\u00eas dias\",\"previousItem\":{\"@type\":\"ListItem\",\"@id\":\"https:\\\/\\\/www.jornalja.com.br\\\/arquivo\\\/category\\\/materiasecundaria\\\/#listItem\",\"name\":\"Cultura-Geral\"}}]},{\"@type\":\"Organization\",\"@id\":\"https:\\\/\\\/www.jornalja.com.br\\\/arquivo\\\/#organization\",\"name\":\"Jornal J\\u00c1\",\"description\":\"Jornal J\\u00c1 | Porto Alegre\",\"url\":\"https:\\\/\\\/www.jornalja.com.br\\\/arquivo\\\/\",\"telephone\":\"+555133307272\",\"logo\":{\"@type\":\"ImageObject\",\"url\":\"https:\\\/\\\/www.jornalja.com.br\\\/wp-content\\\/uploads\\\/cards\\\/JAslogan.png\",\"@id\":\"https:\\\/\\\/www.jornalja.com.br\\\/arquivo\\\/rincao-gaia-promove-imersao-as-aguas-de-tres-dias\\\/#organizationLogo\"},\"image\":{\"@id\":\"https:\\\/\\\/www.jornalja.com.br\\\/arquivo\\\/rincao-gaia-promove-imersao-as-aguas-de-tres-dias\\\/#organizationLogo\"}},{\"@type\":\"Person\",\"@id\":\"https:\\\/\\\/www.jornalja.com.br\\\/arquivo\\\/author\\\/daredacao\\\/#author\",\"url\":\"https:\\\/\\\/www.jornalja.com.br\\\/arquivo\\\/author\\\/daredacao\\\/\",\"name\":\"da Reda\\u00e7\\u00e3o\",\"image\":{\"@type\":\"ImageObject\",\"@id\":\"https:\\\/\\\/www.jornalja.com.br\\\/arquivo\\\/rincao-gaia-promove-imersao-as-aguas-de-tres-dias\\\/#authorImage\",\"url\":\"https:\\\/\\\/secure.gravatar.com\\\/avatar\\\/469fd857d6605ad19919d27ed29d35a968a25f6e8fd9318356bbb7f57aae9c65?s=96&d=mm&r=g\",\"width\":96,\"height\":96,\"caption\":\"da Reda\\u00e7\\u00e3o\"}},{\"@type\":\"WebPage\",\"@id\":\"https:\\\/\\\/www.jornalja.com.br\\\/arquivo\\\/rincao-gaia-promove-imersao-as-aguas-de-tres-dias\\\/#webpage\",\"url\":\"https:\\\/\\\/www.jornalja.com.br\\\/arquivo\\\/rincao-gaia-promove-imersao-as-aguas-de-tres-dias\\\/\",\"name\":\"Rinc\\u00e3o Gaia promove \\\"imers\\u00e3o \\u00e0s \\u00e1guas\\\" de tr\\u00eas dias | Arquivo\",\"inLanguage\":\"pt-BR\",\"isPartOf\":{\"@id\":\"https:\\\/\\\/www.jornalja.com.br\\\/arquivo\\\/#website\"},\"breadcrumb\":{\"@id\":\"https:\\\/\\\/www.jornalja.com.br\\\/arquivo\\\/rincao-gaia-promove-imersao-as-aguas-de-tres-dias\\\/#breadcrumblist\"},\"author\":{\"@id\":\"https:\\\/\\\/www.jornalja.com.br\\\/arquivo\\\/author\\\/daredacao\\\/#author\"},\"creator\":{\"@id\":\"https:\\\/\\\/www.jornalja.com.br\\\/arquivo\\\/author\\\/daredacao\\\/#author\"},\"image\":{\"@type\":\"ImageObject\",\"url\":59799,\"@id\":\"https:\\\/\\\/www.jornalja.com.br\\\/arquivo\\\/rincao-gaia-promove-imersao-as-aguas-de-tres-dias\\\/#mainImage\"},\"primaryImageOfPage\":{\"@id\":\"https:\\\/\\\/www.jornalja.com.br\\\/arquivo\\\/rincao-gaia-promove-imersao-as-aguas-de-tres-dias\\\/#mainImage\"},\"datePublished\":\"2018-02-16T10:24:35-02:00\",\"dateModified\":\"2018-02-16T10:24:35-02:00\"},{\"@type\":\"WebSite\",\"@id\":\"https:\\\/\\\/www.jornalja.com.br\\\/arquivo\\\/#website\",\"url\":\"https:\\\/\\\/www.jornalja.com.br\\\/arquivo\\\/\",\"name\":\"Arquivo\",\"description\":\"Jornal J\\u00c1 | Porto Alegre\",\"inLanguage\":\"pt-BR\",\"publisher\":{\"@id\":\"https:\\\/\\\/www.jornalja.com.br\\\/arquivo\\\/#organization\"}}]}\n\t\t<\/script>\n\t\t<!-- All in One SEO -->\n\n","aioseo_head_json":{"title":"Rinc\u00e3o Gaia promove \"imers\u00e3o \u00e0s \u00e1guas\" de tr\u00eas dias | Arquivo","description":"","canonical_url":"https:\/\/www.jornalja.com.br\/arquivo\/rincao-gaia-promove-imersao-as-aguas-de-tres-dias\/","robots":"max-image-preview:large","keywords":"","webmasterTools":{"miscellaneous":""},"schema":{"@context":"https:\/\/schema.org","@graph":[{"@type":"BlogPosting","@id":"https:\/\/www.jornalja.com.br\/arquivo\/rincao-gaia-promove-imersao-as-aguas-de-tres-dias\/#blogposting","name":"Rinc\u00e3o Gaia promove \"imers\u00e3o \u00e0s \u00e1guas\" de tr\u00eas dias | Arquivo","headline":"Rinc\u00e3o Gaia promove &quot;imers\u00e3o \u00e0s \u00e1guas&quot; de tr\u00eas dias","author":{"@id":"https:\/\/www.jornalja.com.br\/arquivo\/author\/daredacao\/#author"},"publisher":{"@id":"https:\/\/www.jornalja.com.br\/arquivo\/#organization"},"image":{"@type":"ImageObject","url":59799},"datePublished":"2018-02-16T10:24:35-02:00","dateModified":"2018-02-16T10:24:35-02:00","inLanguage":"pt-BR","mainEntityOfPage":{"@id":"https:\/\/www.jornalja.com.br\/arquivo\/rincao-gaia-promove-imersao-as-aguas-de-tres-dias\/#webpage"},"isPartOf":{"@id":"https:\/\/www.jornalja.com.br\/arquivo\/rincao-gaia-promove-imersao-as-aguas-de-tres-dias\/#webpage"},"articleSection":"Cultura-Geral, Mat\u00e9ria vencida"},{"@type":"BreadcrumbList","@id":"https:\/\/www.jornalja.com.br\/arquivo\/rincao-gaia-promove-imersao-as-aguas-de-tres-dias\/#breadcrumblist","itemListElement":[{"@type":"ListItem","@id":"https:\/\/www.jornalja.com.br\/arquivo#listItem","position":1,"name":"Home","item":"https:\/\/www.jornalja.com.br\/arquivo","nextItem":{"@type":"ListItem","@id":"https:\/\/www.jornalja.com.br\/arquivo\/category\/materiasecundaria\/#listItem","name":"Cultura-Geral"}},{"@type":"ListItem","@id":"https:\/\/www.jornalja.com.br\/arquivo\/category\/materiasecundaria\/#listItem","position":2,"name":"Cultura-Geral","item":"https:\/\/www.jornalja.com.br\/arquivo\/category\/materiasecundaria\/","nextItem":{"@type":"ListItem","@id":"https:\/\/www.jornalja.com.br\/arquivo\/rincao-gaia-promove-imersao-as-aguas-de-tres-dias\/#listItem","name":"Rinc\u00e3o Gaia promove &quot;imers\u00e3o \u00e0s \u00e1guas&quot; de tr\u00eas dias"},"previousItem":{"@type":"ListItem","@id":"https:\/\/www.jornalja.com.br\/arquivo#listItem","name":"Home"}},{"@type":"ListItem","@id":"https:\/\/www.jornalja.com.br\/arquivo\/rincao-gaia-promove-imersao-as-aguas-de-tres-dias\/#listItem","position":3,"name":"Rinc\u00e3o Gaia promove &quot;imers\u00e3o \u00e0s \u00e1guas&quot; de tr\u00eas dias","previousItem":{"@type":"ListItem","@id":"https:\/\/www.jornalja.com.br\/arquivo\/category\/materiasecundaria\/#listItem","name":"Cultura-Geral"}}]},{"@type":"Organization","@id":"https:\/\/www.jornalja.com.br\/arquivo\/#organization","name":"Jornal J\u00c1","description":"Jornal J\u00c1 | Porto Alegre","url":"https:\/\/www.jornalja.com.br\/arquivo\/","telephone":"+555133307272","logo":{"@type":"ImageObject","url":"https:\/\/www.jornalja.com.br\/wp-content\/uploads\/cards\/JAslogan.png","@id":"https:\/\/www.jornalja.com.br\/arquivo\/rincao-gaia-promove-imersao-as-aguas-de-tres-dias\/#organizationLogo"},"image":{"@id":"https:\/\/www.jornalja.com.br\/arquivo\/rincao-gaia-promove-imersao-as-aguas-de-tres-dias\/#organizationLogo"}},{"@type":"Person","@id":"https:\/\/www.jornalja.com.br\/arquivo\/author\/daredacao\/#author","url":"https:\/\/www.jornalja.com.br\/arquivo\/author\/daredacao\/","name":"da Reda\u00e7\u00e3o","image":{"@type":"ImageObject","@id":"https:\/\/www.jornalja.com.br\/arquivo\/rincao-gaia-promove-imersao-as-aguas-de-tres-dias\/#authorImage","url":"https:\/\/secure.gravatar.com\/avatar\/469fd857d6605ad19919d27ed29d35a968a25f6e8fd9318356bbb7f57aae9c65?s=96&d=mm&r=g","width":96,"height":96,"caption":"da Reda\u00e7\u00e3o"}},{"@type":"WebPage","@id":"https:\/\/www.jornalja.com.br\/arquivo\/rincao-gaia-promove-imersao-as-aguas-de-tres-dias\/#webpage","url":"https:\/\/www.jornalja.com.br\/arquivo\/rincao-gaia-promove-imersao-as-aguas-de-tres-dias\/","name":"Rinc\u00e3o Gaia promove \"imers\u00e3o \u00e0s \u00e1guas\" de tr\u00eas dias | Arquivo","inLanguage":"pt-BR","isPartOf":{"@id":"https:\/\/www.jornalja.com.br\/arquivo\/#website"},"breadcrumb":{"@id":"https:\/\/www.jornalja.com.br\/arquivo\/rincao-gaia-promove-imersao-as-aguas-de-tres-dias\/#breadcrumblist"},"author":{"@id":"https:\/\/www.jornalja.com.br\/arquivo\/author\/daredacao\/#author"},"creator":{"@id":"https:\/\/www.jornalja.com.br\/arquivo\/author\/daredacao\/#author"},"image":{"@type":"ImageObject","url":59799,"@id":"https:\/\/www.jornalja.com.br\/arquivo\/rincao-gaia-promove-imersao-as-aguas-de-tres-dias\/#mainImage"},"primaryImageOfPage":{"@id":"https:\/\/www.jornalja.com.br\/arquivo\/rincao-gaia-promove-imersao-as-aguas-de-tres-dias\/#mainImage"},"datePublished":"2018-02-16T10:24:35-02:00","dateModified":"2018-02-16T10:24:35-02:00"},{"@type":"WebSite","@id":"https:\/\/www.jornalja.com.br\/arquivo\/#website","url":"https:\/\/www.jornalja.com.br\/arquivo\/","name":"Arquivo","description":"Jornal J\u00c1 | Porto Alegre","inLanguage":"pt-BR","publisher":{"@id":"https:\/\/www.jornalja.com.br\/arquivo\/#organization"}}]},"og:locale":"pt_BR","og:site_name":"Arquivo | Jornal J\u00c1 | Porto Alegre","og:type":"article","og:title":"Rinc\u00e3o Gaia promove &quot;imers\u00e3o \u00e0s \u00e1guas&quot; de tr\u00eas dias | Arquivo","og:url":"https:\/\/www.jornalja.com.br\/arquivo\/rincao-gaia-promove-imersao-as-aguas-de-tres-dias\/","og:image":"https:\/\/www.jornalja.com.br\/economics\/wp-content\/uploads\/sites\/11\/2026\/08\/ja-folhaderosto-facebook.jpg","og:image:secure_url":"https:\/\/www.jornalja.com.br\/economics\/wp-content\/uploads\/sites\/11\/2026\/08\/ja-folhaderosto-facebook.jpg","article:published_time":"2018-02-16T12:24:35+00:00","article:modified_time":"2018-02-16T12:24:35+00:00","twitter:card":"summary","twitter:title":"Rinc\u00e3o Gaia promove &quot;imers\u00e3o \u00e0s \u00e1guas&quot; de tr\u00eas dias | Arquivo","twitter:image":"https:\/\/www.jornalja.com.br\/economics\/wp-content\/uploads\/sites\/11\/2026\/08\/ja-folhaderosto-facebook.jpg"},"aioseo_meta_data":{"post_id":"59798","title":null,"description":null,"keywords":null,"keyphrases":null,"primary_term":null,"canonical_url":null,"og_title":null,"og_description":null,"og_object_type":"default","og_image_type":"default","og_image_url":null,"og_image_width":null,"og_image_height":null,"og_image_custom_url":null,"og_image_custom_fields":null,"og_video":null,"og_custom_url":null,"og_article_section":null,"og_article_tags":null,"twitter_use_og":false,"twitter_card":"default","twitter_image_type":"default","twitter_image_url":null,"twitter_image_custom_url":null,"twitter_image_custom_fields":null,"twitter_title":null,"twitter_description":null,"schema":{"blockGraphs":[],"customGraphs":[],"default":{"data":{"Article":[],"Course":[],"Dataset":[],"FAQPage":[],"Movie":[],"Person":[],"Product":[],"ProductReview":[],"Car":[],"Recipe":[],"Service":[],"SoftwareApplication":[],"WebPage":[]},"graphName":"","isEnabled":true},"graphs":[]},"schema_type":null,"schema_type_options":null,"pillar_content":false,"robots_default":true,"robots_noindex":false,"robots_noarchive":false,"robots_nosnippet":false,"robots_nofollow":false,"robots_noimageindex":false,"robots_noodp":false,"robots_notranslate":false,"robots_max_snippet":null,"robots_max_videopreview":null,"robots_max_imagepreview":"large","priority":null,"frequency":null,"location":null,"local_seo":null,"breadcrumb_settings":null,"limit_modified_date":false,"ai":null,"created":"2020-12-20 20:18:02","updated":"2025-07-20 03:33:38","seo_analyzer_scan_date":null,"focus_keyword":null,"additional_keywords":null,"truseo_locale":null},"jetpack_sharing_enabled":true,"jetpack-related-posts":[{"id":5440,"url":"https:\/\/www.jornalja.com.br\/arquivo\/casarao-da-venancio-destino-permanece-incerto\/","url_meta":{"origin":59798,"position":0},"title":"Estado ainda n\u00e3o sabe o que fazer com casar\u00e3o abandonado h\u00e1 20 anos","author":"Elmar Bones","date":"6 de julho de 2009","format":false,"excerpt":"O casar\u00e3o amarelo, numa esquina nobre de Porto Alegre (Ven\u00e2ncio Aires com Jo\u00e3o Pessoa), j\u00e1 abrigou uma escola. H\u00e1 duas d\u00e9cadas, pelo menos, est\u00e1 abandonado, porque seu propriet\u00e1rio, o governo do Estado do Rio Grande do Sul, n\u00e3o consegue achar um destino para ele. Planos n\u00e3o faltaram. O governador Ol\u00edvio\u2026","rel":"","context":"Em &quot;X.Categorias velhas&quot;","block_context":{"text":"X.Categorias velhas","link":"https:\/\/www.jornalja.com.br\/arquivo\/category\/x-categorias-velhas\/"},"img":{"alt_text":"geraldo1","src":"https:\/\/i0.wp.com\/www.jornalja.com.br\/wp-content\/uploads\/2009\/07\/geraldo1.jpg?resize=350%2C200&ssl=1","width":350,"height":200},"classes":[]},{"id":14241,"url":"https:\/\/www.jornalja.com.br\/arquivo\/o-guaiba-nas-imagens-poeticas-de-achutti\/","url_meta":{"origin":59798,"position":1},"title":"O Gua\u00edba nas imagens po\u00e9ticas de Achutti","author":"da Reda\u00e7\u00e3o","date":"18 de junho de 2014","format":false,"excerpt":"Em \u201cO Gua\u00edba por Achutti\u201d \u2013 obra financiada via Minist\u00e9rio da Cultura, produ\u00e7\u00e3o executiva de Pedro Longhi, e Fl\u00e1vio Wild como designer \u2013, o fot\u00f3grafo revela a beleza e as mazelas de um espa\u00e7o aqu\u00e1tico de \u00e1guas sempre renovadas, cheio de hist\u00f3rias e lendas como as das cidades que foram\u2026","rel":"","context":"Em &quot;Cultura-Geral&quot;","block_context":{"text":"Cultura-Geral","link":"https:\/\/www.jornalja.com.br\/arquivo\/category\/materiasecundaria\/"},"img":{"alt_text":"","src":"","width":0,"height":0},"classes":[]},{"id":13240,"url":"https:\/\/www.jornalja.com.br\/arquivo\/plano-diretor-estamos-construindo-o-caos\/","url_meta":{"origin":59798,"position":2},"title":"Plano diretor: &quot;Estamos construindo o caos&quot;","author":"Patr\u00edcia Marini","date":"26 de maio de 2014","format":false,"excerpt":"Desabafo que arquiteta Eliana Castilhos, delegada da Regi\u00e3o de Planejamento 1, postou nas redes sociais \u00e9 um testemunho do ambiente que se criou no Conselho do Plano Diretor de Porto Alegre, onde a aprova\u00e7\u00e3o de grandes empreendimentos \u00e9 empurrada guela abaixo dos conselheiros. Ao CMDUA Como delegada da Regi\u00e3o de\u2026","rel":"","context":"Em &quot;Geral&quot;","block_context":{"text":"Geral","link":"https:\/\/www.jornalja.com.br\/arquivo\/category\/geral\/"},"img":{"alt_text":"","src":"","width":0,"height":0},"classes":[]}],"jetpack_shortlink":"https:\/\/wp.me\/pbQjBd-fyu","jetpack_featured_media_url":"","_links":{"self":[{"href":"https:\/\/www.jornalja.com.br\/arquivo\/wp-json\/wp\/v2\/posts\/59798","targetHints":{"allow":["GET"]}}],"collection":[{"href":"https:\/\/www.jornalja.com.br\/arquivo\/wp-json\/wp\/v2\/posts"}],"about":[{"href":"https:\/\/www.jornalja.com.br\/arquivo\/wp-json\/wp\/v2\/types\/post"}],"author":[{"embeddable":true,"href":"https:\/\/www.jornalja.com.br\/arquivo\/wp-json\/wp\/v2\/users\/4"}],"replies":[{"embeddable":true,"href":"https:\/\/www.jornalja.com.br\/arquivo\/wp-json\/wp\/v2\/comments?post=59798"}],"version-history":[{"count":0,"href":"https:\/\/www.jornalja.com.br\/arquivo\/wp-json\/wp\/v2\/posts\/59798\/revisions"}],"wp:attachment":[{"href":"https:\/\/www.jornalja.com.br\/arquivo\/wp-json\/wp\/v2\/media?parent=59798"}],"wp:term":[{"taxonomy":"category","embeddable":true,"href":"https:\/\/www.jornalja.com.br\/arquivo\/wp-json\/wp\/v2\/categories?post=59798"},{"taxonomy":"post_tag","embeddable":true,"href":"https:\/\/www.jornalja.com.br\/arquivo\/wp-json\/wp\/v2\/tags?post=59798"}],"curies":[{"name":"wp","href":"https:\/\/api.w.org\/{rel}","templated":true}]}}