{"id":59801,"date":"2018-02-16T12:09:37","date_gmt":"2018-02-16T14:09:37","guid":{"rendered":"https:\/\/www.jornalja.com.br\/?p=59801"},"modified":"2018-02-16T12:09:37","modified_gmt":"2018-02-16T14:09:37","slug":"intervencao-no-rio-pode-ser-primeiro-ato-de-temer-candidato-a-reeleicao","status":"publish","type":"post","link":"https:\/\/www.jornalja.com.br\/arquivo\/intervencao-no-rio-pode-ser-primeiro-ato-de-temer-candidato-a-reeleicao\/","title":{"rendered":"Interven\u00e7\u00e3o no Rio pode ser primeiro ato de Temer candidato"},"content":{"rendered":"<p>O decreto de interven\u00e7\u00e3o federal na Seguran\u00e7a P\u00fablica do Rio de Janeiro ser\u00e1 assinado por Michel Temer em cerim\u00f4nia no Planalto, com a presen\u00e7a do \u00a0governador do Rio, Luiz Fernando Pez\u00e3o (PMDB), ainda nesta sexta-feira (16).<br \/>\nO Congresso ter\u00e1 dez dias para aprovar, mas o decreto passa a valer imediatamente.<br \/>\nO interventor escolhido por Temer \u00e9 o general Walter Souza Braga Neto, do Comando Militar do Leste.<br \/>\nEle foi um dos respons\u00e1veis pela Seguran\u00e7a durante a Olimp\u00edada do Rio, em 2016, e tamb\u00e9m j\u00e1 foi do servi\u00e7o de intelig\u00eancia do Ex\u00e9rcito.<br \/>\nO secret\u00e1rio estadual de Seguran\u00e7a, Roberto S\u00e1, ser\u00e1 afastado do cargo. A interven\u00e7\u00e3o deve valer at\u00e9 o final do ano, \u00faltimo dia de Pez\u00e3o no governo.<br \/>\nSegundo a imprensa, &#8220;a decis\u00e3o foi tomada em reuni\u00e3o na noite de ontem, com Temer, ministros, os presidentes da C\u00e2mara e do Senado e o pr\u00f3prio governador Pez\u00e3o&#8221;.<br \/>\nNa verdade, a iniciativa \u00e9 de Temer, que destacou dois ministros: Raul Jungmann, da Defesa, e Moreira Franco, da coordena\u00e7\u00e3o pol\u00edtica, para convencer o\u00a0<span style=\"font-weight: 300\">governador do Rio de Janeiro, Luiz Fernando Pez\u00e3o, a aceitar a interven\u00e7\u00e3o federal no Estado.<\/span><\/p>\n<article>\n<div class=\"mc-column content-text active-extra-styles \" data-block-type=\"unstyled\" data-block-weight=\"58\" data-block-id=\"2\">\n<p class=\"content-text__container \" data-track-category=\"Link no Texto\" data-track-links=\"\">Por volta das 15h da quinta-feira Temer recebeu o retorno de seus auxiliares de que o governador havia aceitado a proposta e que eles iriam a Bras\u00edlia ainda na tarde de ontem para uma reuni\u00e3o.<\/p>\n<\/div>\n<div class=\"mc-column content-text active-extra-styles \" data-block-type=\"unstyled\" data-block-weight=\"39\" data-block-id=\"3\">\n<p class=\"content-text__container \" data-track-category=\"Link no Texto\" data-track-links=\"\">Temer, ent\u00e3o, mandou convocar um encontro ampliado para explicar \u00e0 equipe a decis\u00e3o &#8211; al\u00e9m de chamar, mais tarde, os presidentes do Senado e da C\u00e2mara, uma vez que o Congresso precisa aprovar a interven\u00e7\u00e3o.<\/p>\n<\/div>\n<div class=\"mc-column content-text active-extra-styles \" data-block-type=\"unstyled\" data-block-weight=\"34\" data-block-id=\"4\">\n<p class=\"content-text__container \" data-track-category=\"Link no Texto\" data-track-links=\"\">De Rodrigo Maia, Michel Temer quis saber se ele apoiaria a decis\u00e3o.<\/p>\n<p class=\"content-text__container \" data-track-category=\"Link no Texto\" data-track-links=\"\">Maia explicou aos jornais: &#8220;Se at\u00e9 o governador apoia, eu n\u00e3o tenho como ficar contra. Foi um processo constru\u00eddo e n\u00e3o adianta fazer cr\u00edticas pontuais. \u00c9 o meu Estado&#8221;.<\/p>\n<\/div>\n<div class=\"mc-column content-text active-extra-styles \" data-block-type=\"unstyled\" data-block-weight=\"37\" data-block-id=\"7\">\n<p class=\"content-text__container \" data-track-category=\"Link no Texto\" data-track-links=\"\">Temer orientou a todos os presentes a n\u00e3o falar com a imprensa at\u00e9 esta sexta-feira, mas desde 18 horas de quinta-feira o assunto estava amadurecido dentro do governo. Temer s\u00f3 precisava de tempo para explicar aos aliados.<\/p>\n<\/div>\n<div class=\"mc-column content-text active-extra-styles \" data-block-type=\"unstyled\" data-block-weight=\"27\" data-block-id=\"8\">\n<p class=\"content-text__container \" data-track-category=\"Link no Texto\" data-track-links=\"\">Na mesma reuni\u00e3o de quinta\u00a0 foi discutido o an\u00fancio do novo Minist\u00e9rio da Seguran\u00e7a P\u00fablica para esta sexta-feira. A decis\u00e3o est\u00e1 pendente porque Temer ainda n\u00e3o tem um &#8220;nome de peso&#8221;<span style=\"font-weight: 300\">\u00a0para a vaga.<\/span><\/p>\n<p data-track-category=\"Link no Texto\" data-track-links=\"\"><span style=\"font-weight: 300\">Em Brasilia, a decis\u00e3o do presidente gera especula\u00e7\u00f5es.<\/span><\/p>\n<p data-track-category=\"Link no Texto\" data-track-links=\"\"><span style=\"font-weight: 300\"> H\u00e1 duas hip\u00f3teses: 1) na falta de um candidato em 2018, o decreto de Temer \u00e9 s\u00f3 o come\u00e7o de um processo orquestrado para culminar com a suspens\u00e3o das elei\u00e7\u00f5es. 2) com essa medida de impacto Temer evita a derrota na vota\u00e7\u00e3o da reforma da Previd\u00eancia e se lan\u00e7a candidato.\u00a0<\/span><\/p>\n<p data-track-category=\"Link no Texto\" data-track-links=\"\"><span style=\"font-weight: 300\">A Constitui\u00e7\u00e3o define que enquanto um Estado estiver sob interven\u00e7\u00e3o federal, o Congresso n\u00e3o pode aprovar emendas constitucionais.<\/span><\/p>\n<\/div>\n<\/article>\n<p>Assim, a reforma da Previd\u00eancia, por exemplo, que est\u00e1 em tramita\u00e7\u00e3o, n\u00e3o poder\u00e1 ser votada durante a interven\u00e7\u00e3o no Rio. O Planalto cogita uma suspens\u00e3o da interven\u00e7\u00e3o no dia da vota\u00e7\u00e3o para tentar a aprova\u00e7\u00e3o da reforma, mas \u00e0s v\u00e9speras da vota\u00e7\u00e3o o governo n\u00e3o obteve os 308 votos necess\u00e1rios.<br \/>\n<em>\u00a0(Com informa\u00e7\u00f5es dos jornais)<\/em><\/p>\n","protected":false},"excerpt":{"rendered":"<p>O decreto de interven\u00e7\u00e3o federal na Seguran\u00e7a P\u00fablica do Rio de Janeiro ser\u00e1 assinado por Michel Temer em cerim\u00f4nia no Planalto, com a presen\u00e7a do \u00a0governador do Rio, Luiz Fernando Pez\u00e3o (PMDB), ainda nesta sexta-feira (16). O Congresso ter\u00e1 dez dias para aprovar, mas o decreto passa a valer imediatamente. O interventor escolhido por Temer [&hellip;]<\/p>\n","protected":false},"author":4,"featured_media":59806,"comment_status":"open","ping_status":"closed","sticky":false,"template":"","format":"standard","meta":{"_jetpack_newsletter_access":"","_jetpack_dont_email_post_to_subs":false,"_jetpack_newsletter_tier_id":0,"_jetpack_memberships_contains_paywalled_content":false,"_jetpack_feature_clip_id":0,"_jetpack_memberships_contains_paid_content":false,"footnotes":"","jetpack_post_was_ever_published":false},"categories":[26],"tags":[],"class_list":["post-59801","post","type-post","status-publish","format-standard","has-post-thumbnail","hentry","category-geral"],"aioseo_notices":[],"aioseo_head":"\n\t\t<!-- All in One SEO 5.0.1.1 - aioseo.com -->\n\t<meta name=\"robots\" content=\"max-image-preview:large\" \/>\n\t<meta name=\"author\" content=\"da Reda\u00e7\u00e3o\"\/>\n\t<link rel=\"canonical\" href=\"https:\/\/www.jornalja.com.br\/arquivo\/intervencao-no-rio-pode-ser-primeiro-ato-de-temer-candidato-a-reeleicao\/\" \/>\n\t<meta name=\"generator\" content=\"All in One SEO (AIOSEO) 5.0.1.1\" \/>\n\t\t<meta property=\"og:locale\" content=\"pt_BR\" \/>\n\t\t<meta property=\"og:site_name\" content=\"Arquivo | Jornal J\u00c1 | Porto Alegre\" \/>\n\t\t<meta property=\"og:type\" content=\"article\" \/>\n\t\t<meta property=\"og:title\" content=\"Interven\u00e7\u00e3o no Rio pode ser primeiro ato de Temer candidato | Arquivo\" \/>\n\t\t<meta property=\"og:url\" content=\"https:\/\/www.jornalja.com.br\/arquivo\/intervencao-no-rio-pode-ser-primeiro-ato-de-temer-candidato-a-reeleicao\/\" \/>\n\t\t<meta property=\"og:image\" content=\"https:\/\/www.jornalja.com.br\/economics\/wp-content\/uploads\/sites\/11\/2026\/08\/ja-folhaderosto-facebook.jpg\" \/>\n\t\t<meta property=\"og:image:secure_url\" content=\"https:\/\/www.jornalja.com.br\/economics\/wp-content\/uploads\/sites\/11\/2026\/08\/ja-folhaderosto-facebook.jpg\" \/>\n\t\t<meta property=\"article:published_time\" content=\"2018-02-16T14:09:37+00:00\" \/>\n\t\t<meta property=\"article:modified_time\" content=\"2018-02-16T14:09:37+00:00\" \/>\n\t\t<meta name=\"twitter:card\" content=\"summary\" \/>\n\t\t<meta name=\"twitter:title\" content=\"Interven\u00e7\u00e3o no Rio pode ser primeiro ato de Temer candidato | Arquivo\" \/>\n\t\t<meta name=\"twitter:image\" content=\"https:\/\/www.jornalja.com.br\/economics\/wp-content\/uploads\/sites\/11\/2026\/08\/ja-folhaderosto-facebook.jpg\" \/>\n\t\t<script type=\"application\/ld+json\" class=\"aioseo-schema\">\n\t\t\t{\"@context\":\"https:\\\/\\\/schema.org\",\"@graph\":[{\"@type\":\"BlogPosting\",\"@id\":\"https:\\\/\\\/www.jornalja.com.br\\\/arquivo\\\/intervencao-no-rio-pode-ser-primeiro-ato-de-temer-candidato-a-reeleicao\\\/#blogposting\",\"name\":\"Interven\\u00e7\\u00e3o no Rio pode ser primeiro ato de Temer candidato | Arquivo\",\"headline\":\"Interven\\u00e7\\u00e3o no Rio pode ser primeiro ato de Temer candidato\",\"author\":{\"@id\":\"https:\\\/\\\/www.jornalja.com.br\\\/arquivo\\\/author\\\/daredacao\\\/#author\"},\"publisher\":{\"@id\":\"https:\\\/\\\/www.jornalja.com.br\\\/arquivo\\\/#organization\"},\"image\":{\"@type\":\"ImageObject\",\"url\":59806},\"datePublished\":\"2018-02-16T12:09:37-02:00\",\"dateModified\":\"2018-02-16T12:09:37-02:00\",\"inLanguage\":\"pt-BR\",\"mainEntityOfPage\":{\"@id\":\"https:\\\/\\\/www.jornalja.com.br\\\/arquivo\\\/intervencao-no-rio-pode-ser-primeiro-ato-de-temer-candidato-a-reeleicao\\\/#webpage\"},\"isPartOf\":{\"@id\":\"https:\\\/\\\/www.jornalja.com.br\\\/arquivo\\\/intervencao-no-rio-pode-ser-primeiro-ato-de-temer-candidato-a-reeleicao\\\/#webpage\"},\"articleSection\":\"Geral\"},{\"@type\":\"BreadcrumbList\",\"@id\":\"https:\\\/\\\/www.jornalja.com.br\\\/arquivo\\\/intervencao-no-rio-pode-ser-primeiro-ato-de-temer-candidato-a-reeleicao\\\/#breadcrumblist\",\"itemListElement\":[{\"@type\":\"ListItem\",\"@id\":\"https:\\\/\\\/www.jornalja.com.br\\\/arquivo#listItem\",\"position\":1,\"name\":\"Home\",\"item\":\"https:\\\/\\\/www.jornalja.com.br\\\/arquivo\",\"nextItem\":{\"@type\":\"ListItem\",\"@id\":\"https:\\\/\\\/www.jornalja.com.br\\\/arquivo\\\/category\\\/geral\\\/#listItem\",\"name\":\"Geral\"}},{\"@type\":\"ListItem\",\"@id\":\"https:\\\/\\\/www.jornalja.com.br\\\/arquivo\\\/category\\\/geral\\\/#listItem\",\"position\":2,\"name\":\"Geral\",\"item\":\"https:\\\/\\\/www.jornalja.com.br\\\/arquivo\\\/category\\\/geral\\\/\",\"nextItem\":{\"@type\":\"ListItem\",\"@id\":\"https:\\\/\\\/www.jornalja.com.br\\\/arquivo\\\/intervencao-no-rio-pode-ser-primeiro-ato-de-temer-candidato-a-reeleicao\\\/#listItem\",\"name\":\"Interven\\u00e7\\u00e3o no Rio pode ser primeiro ato de Temer candidato\"},\"previousItem\":{\"@type\":\"ListItem\",\"@id\":\"https:\\\/\\\/www.jornalja.com.br\\\/arquivo#listItem\",\"name\":\"Home\"}},{\"@type\":\"ListItem\",\"@id\":\"https:\\\/\\\/www.jornalja.com.br\\\/arquivo\\\/intervencao-no-rio-pode-ser-primeiro-ato-de-temer-candidato-a-reeleicao\\\/#listItem\",\"position\":3,\"name\":\"Interven\\u00e7\\u00e3o no Rio pode ser primeiro ato de Temer candidato\",\"previousItem\":{\"@type\":\"ListItem\",\"@id\":\"https:\\\/\\\/www.jornalja.com.br\\\/arquivo\\\/category\\\/geral\\\/#listItem\",\"name\":\"Geral\"}}]},{\"@type\":\"Organization\",\"@id\":\"https:\\\/\\\/www.jornalja.com.br\\\/arquivo\\\/#organization\",\"name\":\"Jornal J\\u00c1\",\"description\":\"Jornal J\\u00c1 | Porto Alegre\",\"url\":\"https:\\\/\\\/www.jornalja.com.br\\\/arquivo\\\/\",\"telephone\":\"+555133307272\",\"logo\":{\"@type\":\"ImageObject\",\"url\":\"https:\\\/\\\/www.jornalja.com.br\\\/wp-content\\\/uploads\\\/cards\\\/JAslogan.png\",\"@id\":\"https:\\\/\\\/www.jornalja.com.br\\\/arquivo\\\/intervencao-no-rio-pode-ser-primeiro-ato-de-temer-candidato-a-reeleicao\\\/#organizationLogo\"},\"image\":{\"@id\":\"https:\\\/\\\/www.jornalja.com.br\\\/arquivo\\\/intervencao-no-rio-pode-ser-primeiro-ato-de-temer-candidato-a-reeleicao\\\/#organizationLogo\"}},{\"@type\":\"Person\",\"@id\":\"https:\\\/\\\/www.jornalja.com.br\\\/arquivo\\\/author\\\/daredacao\\\/#author\",\"url\":\"https:\\\/\\\/www.jornalja.com.br\\\/arquivo\\\/author\\\/daredacao\\\/\",\"name\":\"da Reda\\u00e7\\u00e3o\",\"image\":{\"@type\":\"ImageObject\",\"@id\":\"https:\\\/\\\/www.jornalja.com.br\\\/arquivo\\\/intervencao-no-rio-pode-ser-primeiro-ato-de-temer-candidato-a-reeleicao\\\/#authorImage\",\"url\":\"https:\\\/\\\/secure.gravatar.com\\\/avatar\\\/469fd857d6605ad19919d27ed29d35a968a25f6e8fd9318356bbb7f57aae9c65?s=96&d=mm&r=g\",\"width\":96,\"height\":96,\"caption\":\"da Reda\\u00e7\\u00e3o\"}},{\"@type\":\"WebPage\",\"@id\":\"https:\\\/\\\/www.jornalja.com.br\\\/arquivo\\\/intervencao-no-rio-pode-ser-primeiro-ato-de-temer-candidato-a-reeleicao\\\/#webpage\",\"url\":\"https:\\\/\\\/www.jornalja.com.br\\\/arquivo\\\/intervencao-no-rio-pode-ser-primeiro-ato-de-temer-candidato-a-reeleicao\\\/\",\"name\":\"Interven\\u00e7\\u00e3o no Rio pode ser primeiro ato de Temer candidato | Arquivo\",\"inLanguage\":\"pt-BR\",\"isPartOf\":{\"@id\":\"https:\\\/\\\/www.jornalja.com.br\\\/arquivo\\\/#website\"},\"breadcrumb\":{\"@id\":\"https:\\\/\\\/www.jornalja.com.br\\\/arquivo\\\/intervencao-no-rio-pode-ser-primeiro-ato-de-temer-candidato-a-reeleicao\\\/#breadcrumblist\"},\"author\":{\"@id\":\"https:\\\/\\\/www.jornalja.com.br\\\/arquivo\\\/author\\\/daredacao\\\/#author\"},\"creator\":{\"@id\":\"https:\\\/\\\/www.jornalja.com.br\\\/arquivo\\\/author\\\/daredacao\\\/#author\"},\"image\":{\"@type\":\"ImageObject\",\"url\":59806,\"@id\":\"https:\\\/\\\/www.jornalja.com.br\\\/arquivo\\\/intervencao-no-rio-pode-ser-primeiro-ato-de-temer-candidato-a-reeleicao\\\/#mainImage\"},\"primaryImageOfPage\":{\"@id\":\"https:\\\/\\\/www.jornalja.com.br\\\/arquivo\\\/intervencao-no-rio-pode-ser-primeiro-ato-de-temer-candidato-a-reeleicao\\\/#mainImage\"},\"datePublished\":\"2018-02-16T12:09:37-02:00\",\"dateModified\":\"2018-02-16T12:09:37-02:00\"},{\"@type\":\"WebSite\",\"@id\":\"https:\\\/\\\/www.jornalja.com.br\\\/arquivo\\\/#website\",\"url\":\"https:\\\/\\\/www.jornalja.com.br\\\/arquivo\\\/\",\"name\":\"Arquivo\",\"description\":\"Jornal J\\u00c1 | Porto Alegre\",\"inLanguage\":\"pt-BR\",\"publisher\":{\"@id\":\"https:\\\/\\\/www.jornalja.com.br\\\/arquivo\\\/#organization\"}}]}\n\t\t<\/script>\n\t\t<!-- All in One SEO -->\n\n","aioseo_head_json":{"title":"Interven\u00e7\u00e3o no Rio pode ser primeiro ato de Temer candidato | Arquivo","description":"","canonical_url":"https:\/\/www.jornalja.com.br\/arquivo\/intervencao-no-rio-pode-ser-primeiro-ato-de-temer-candidato-a-reeleicao\/","robots":"max-image-preview:large","keywords":"","webmasterTools":{"miscellaneous":""},"schema":{"@context":"https:\/\/schema.org","@graph":[{"@type":"BlogPosting","@id":"https:\/\/www.jornalja.com.br\/arquivo\/intervencao-no-rio-pode-ser-primeiro-ato-de-temer-candidato-a-reeleicao\/#blogposting","name":"Interven\u00e7\u00e3o no Rio pode ser primeiro ato de Temer candidato | Arquivo","headline":"Interven\u00e7\u00e3o no Rio pode ser primeiro ato de Temer candidato","author":{"@id":"https:\/\/www.jornalja.com.br\/arquivo\/author\/daredacao\/#author"},"publisher":{"@id":"https:\/\/www.jornalja.com.br\/arquivo\/#organization"},"image":{"@type":"ImageObject","url":59806},"datePublished":"2018-02-16T12:09:37-02:00","dateModified":"2018-02-16T12:09:37-02:00","inLanguage":"pt-BR","mainEntityOfPage":{"@id":"https:\/\/www.jornalja.com.br\/arquivo\/intervencao-no-rio-pode-ser-primeiro-ato-de-temer-candidato-a-reeleicao\/#webpage"},"isPartOf":{"@id":"https:\/\/www.jornalja.com.br\/arquivo\/intervencao-no-rio-pode-ser-primeiro-ato-de-temer-candidato-a-reeleicao\/#webpage"},"articleSection":"Geral"},{"@type":"BreadcrumbList","@id":"https:\/\/www.jornalja.com.br\/arquivo\/intervencao-no-rio-pode-ser-primeiro-ato-de-temer-candidato-a-reeleicao\/#breadcrumblist","itemListElement":[{"@type":"ListItem","@id":"https:\/\/www.jornalja.com.br\/arquivo#listItem","position":1,"name":"Home","item":"https:\/\/www.jornalja.com.br\/arquivo","nextItem":{"@type":"ListItem","@id":"https:\/\/www.jornalja.com.br\/arquivo\/category\/geral\/#listItem","name":"Geral"}},{"@type":"ListItem","@id":"https:\/\/www.jornalja.com.br\/arquivo\/category\/geral\/#listItem","position":2,"name":"Geral","item":"https:\/\/www.jornalja.com.br\/arquivo\/category\/geral\/","nextItem":{"@type":"ListItem","@id":"https:\/\/www.jornalja.com.br\/arquivo\/intervencao-no-rio-pode-ser-primeiro-ato-de-temer-candidato-a-reeleicao\/#listItem","name":"Interven\u00e7\u00e3o no Rio pode ser primeiro ato de Temer candidato"},"previousItem":{"@type":"ListItem","@id":"https:\/\/www.jornalja.com.br\/arquivo#listItem","name":"Home"}},{"@type":"ListItem","@id":"https:\/\/www.jornalja.com.br\/arquivo\/intervencao-no-rio-pode-ser-primeiro-ato-de-temer-candidato-a-reeleicao\/#listItem","position":3,"name":"Interven\u00e7\u00e3o no Rio pode ser primeiro ato de Temer candidato","previousItem":{"@type":"ListItem","@id":"https:\/\/www.jornalja.com.br\/arquivo\/category\/geral\/#listItem","name":"Geral"}}]},{"@type":"Organization","@id":"https:\/\/www.jornalja.com.br\/arquivo\/#organization","name":"Jornal J\u00c1","description":"Jornal J\u00c1 | Porto Alegre","url":"https:\/\/www.jornalja.com.br\/arquivo\/","telephone":"+555133307272","logo":{"@type":"ImageObject","url":"https:\/\/www.jornalja.com.br\/wp-content\/uploads\/cards\/JAslogan.png","@id":"https:\/\/www.jornalja.com.br\/arquivo\/intervencao-no-rio-pode-ser-primeiro-ato-de-temer-candidato-a-reeleicao\/#organizationLogo"},"image":{"@id":"https:\/\/www.jornalja.com.br\/arquivo\/intervencao-no-rio-pode-ser-primeiro-ato-de-temer-candidato-a-reeleicao\/#organizationLogo"}},{"@type":"Person","@id":"https:\/\/www.jornalja.com.br\/arquivo\/author\/daredacao\/#author","url":"https:\/\/www.jornalja.com.br\/arquivo\/author\/daredacao\/","name":"da Reda\u00e7\u00e3o","image":{"@type":"ImageObject","@id":"https:\/\/www.jornalja.com.br\/arquivo\/intervencao-no-rio-pode-ser-primeiro-ato-de-temer-candidato-a-reeleicao\/#authorImage","url":"https:\/\/secure.gravatar.com\/avatar\/469fd857d6605ad19919d27ed29d35a968a25f6e8fd9318356bbb7f57aae9c65?s=96&d=mm&r=g","width":96,"height":96,"caption":"da Reda\u00e7\u00e3o"}},{"@type":"WebPage","@id":"https:\/\/www.jornalja.com.br\/arquivo\/intervencao-no-rio-pode-ser-primeiro-ato-de-temer-candidato-a-reeleicao\/#webpage","url":"https:\/\/www.jornalja.com.br\/arquivo\/intervencao-no-rio-pode-ser-primeiro-ato-de-temer-candidato-a-reeleicao\/","name":"Interven\u00e7\u00e3o no Rio pode ser primeiro ato de Temer candidato | Arquivo","inLanguage":"pt-BR","isPartOf":{"@id":"https:\/\/www.jornalja.com.br\/arquivo\/#website"},"breadcrumb":{"@id":"https:\/\/www.jornalja.com.br\/arquivo\/intervencao-no-rio-pode-ser-primeiro-ato-de-temer-candidato-a-reeleicao\/#breadcrumblist"},"author":{"@id":"https:\/\/www.jornalja.com.br\/arquivo\/author\/daredacao\/#author"},"creator":{"@id":"https:\/\/www.jornalja.com.br\/arquivo\/author\/daredacao\/#author"},"image":{"@type":"ImageObject","url":59806,"@id":"https:\/\/www.jornalja.com.br\/arquivo\/intervencao-no-rio-pode-ser-primeiro-ato-de-temer-candidato-a-reeleicao\/#mainImage"},"primaryImageOfPage":{"@id":"https:\/\/www.jornalja.com.br\/arquivo\/intervencao-no-rio-pode-ser-primeiro-ato-de-temer-candidato-a-reeleicao\/#mainImage"},"datePublished":"2018-02-16T12:09:37-02:00","dateModified":"2018-02-16T12:09:37-02:00"},{"@type":"WebSite","@id":"https:\/\/www.jornalja.com.br\/arquivo\/#website","url":"https:\/\/www.jornalja.com.br\/arquivo\/","name":"Arquivo","description":"Jornal J\u00c1 | Porto Alegre","inLanguage":"pt-BR","publisher":{"@id":"https:\/\/www.jornalja.com.br\/arquivo\/#organization"}}]},"og:locale":"pt_BR","og:site_name":"Arquivo | Jornal J\u00c1 | Porto Alegre","og:type":"article","og:title":"Interven\u00e7\u00e3o no Rio pode ser primeiro ato de Temer candidato | Arquivo","og:url":"https:\/\/www.jornalja.com.br\/arquivo\/intervencao-no-rio-pode-ser-primeiro-ato-de-temer-candidato-a-reeleicao\/","og:image":"https:\/\/www.jornalja.com.br\/economics\/wp-content\/uploads\/sites\/11\/2026\/08\/ja-folhaderosto-facebook.jpg","og:image:secure_url":"https:\/\/www.jornalja.com.br\/economics\/wp-content\/uploads\/sites\/11\/2026\/08\/ja-folhaderosto-facebook.jpg","article:published_time":"2018-02-16T14:09:37+00:00","article:modified_time":"2018-02-16T14:09:37+00:00","twitter:card":"summary","twitter:title":"Interven\u00e7\u00e3o no Rio pode ser primeiro ato de Temer candidato | Arquivo","twitter:image":"https:\/\/www.jornalja.com.br\/economics\/wp-content\/uploads\/sites\/11\/2026\/08\/ja-folhaderosto-facebook.jpg"},"aioseo_meta_data":{"post_id":"59801","title":null,"description":null,"keywords":null,"keyphrases":null,"primary_term":null,"canonical_url":null,"og_title":null,"og_description":null,"og_object_type":"default","og_image_type":"default","og_image_url":null,"og_image_width":null,"og_image_height":null,"og_image_custom_url":null,"og_image_custom_fields":null,"og_video":null,"og_custom_url":null,"og_article_section":null,"og_article_tags":null,"twitter_use_og":false,"twitter_card":"default","twitter_image_type":"default","twitter_image_url":null,"twitter_image_custom_url":null,"twitter_image_custom_fields":null,"twitter_title":null,"twitter_description":null,"schema":{"blockGraphs":[],"customGraphs":[],"default":{"data":{"Article":[],"Course":[],"Dataset":[],"FAQPage":[],"Movie":[],"Person":[],"Product":[],"ProductReview":[],"Car":[],"Recipe":[],"Service":[],"SoftwareApplication":[],"WebPage":[]},"graphName":"","isEnabled":true},"graphs":[],"defaultGraph":"","defaultPostTypeGraph":""},"schema_type":null,"schema_type_options":null,"pillar_content":false,"robots_default":true,"robots_noindex":false,"robots_noarchive":false,"robots_nosnippet":false,"robots_nofollow":false,"robots_noimageindex":false,"robots_noodp":false,"robots_notranslate":false,"robots_max_snippet":null,"robots_max_videopreview":null,"robots_max_imagepreview":"large","priority":null,"frequency":null,"location":null,"local_seo":null,"breadcrumb_settings":null,"limit_modified_date":false,"ai":null,"created":"2020-12-20 20:18:02","updated":"2025-07-20 03:33:38","seo_analyzer_scan_date":null,"focus_keyword":null,"additional_keywords":null,"truseo_locale":null},"jetpack_sharing_enabled":true,"jetpack-related-posts":[{"id":13109,"url":"https:\/\/www.jornalja.com.br\/arquivo\/judiciario-reconhece-poluicao-eletromagnetica\/","url_meta":{"origin":59801,"position":0},"title":"Judici\u00e1rio reconhece polui\u00e7\u00e3o eletromagn\u00e9tica","author":"Patr\u00edcia Marini","date":"16 de maio de 2014","format":false,"excerpt":"A\u00e7\u00e3o de duas associa\u00e7\u00f5es de moradores foi acolhida pelo Tribunal de Justi\u00e7a de S\u00e3o Paulo que. em decis\u00e3o in\u00e9dita, determinou a redu\u00e7\u00e3o do campo eletromagn\u00e9tico gerado pelas linhas de transmiss\u00e3o de energia que cortam os bairros City Boa\u00e7ava e Alto de Pinheiros. \u00c9 a primeira vez que um tribunal do\u2026","rel":"","context":"Em &quot;X.Categorias velhas&quot;","block_context":{"text":"X.Categorias velhas","link":"https:\/\/www.jornalja.com.br\/arquivo\/category\/x-categorias-velhas\/"},"img":{"alt_text":"","src":"","width":0,"height":0},"classes":[]},{"id":14241,"url":"https:\/\/www.jornalja.com.br\/arquivo\/o-guaiba-nas-imagens-poeticas-de-achutti\/","url_meta":{"origin":59801,"position":1},"title":"O Gua\u00edba nas imagens po\u00e9ticas de Achutti","author":"da Reda\u00e7\u00e3o","date":"18 de junho de 2014","format":false,"excerpt":"Em \u201cO Gua\u00edba por Achutti\u201d \u2013 obra financiada via Minist\u00e9rio da Cultura, produ\u00e7\u00e3o executiva de Pedro Longhi, e Fl\u00e1vio Wild como designer \u2013, o fot\u00f3grafo revela a beleza e as mazelas de um espa\u00e7o aqu\u00e1tico de \u00e1guas sempre renovadas, cheio de hist\u00f3rias e lendas como as das cidades que foram\u2026","rel":"","context":"Em &quot;Cultura-Geral&quot;","block_context":{"text":"Cultura-Geral","link":"https:\/\/www.jornalja.com.br\/arquivo\/category\/materiasecundaria\/"},"img":{"alt_text":"","src":"","width":0,"height":0},"classes":[]},{"id":13128,"url":"https:\/\/www.jornalja.com.br\/arquivo\/maconha-terra-diz-que-uso-medicinal-e-desculpa\/","url_meta":{"origin":59801,"position":2},"title":"Maconha: Terra diz que uso medicinal \u00e9 desculpa","author":"Patr\u00edcia Marini","date":"4 de junho de 2014","format":false,"excerpt":"A condi\u00e7\u00e3o de pol\u00edtico, em \u00e9poca de campanha de campanha eleitoral, tira for\u00e7a do discurso do m\u00e9dico Osmar Terra contra a legaliza\u00e7\u00e3o da maconha. A tese dele de que a libera\u00e7\u00e3o vai ampliar exponencialmente o consumo \u00e9 discutivel, o consumo \u00e9 corrente. Mas seus alertas quanto aos riscos tem que\u2026","rel":"","context":"Em &quot;X.Categorias velhas&quot;","block_context":{"text":"X.Categorias velhas","link":"https:\/\/www.jornalja.com.br\/arquivo\/category\/x-categorias-velhas\/"},"img":{"alt_text":"","src":"","width":0,"height":0},"classes":[]},{"id":1280,"url":"https:\/\/www.jornalja.com.br\/arquivo\/o-menino-que-se-tornou-brizola\/","url_meta":{"origin":59801,"position":3},"title":"O Menino que se Tornou Brizola","author":"da Reda\u00e7\u00e3o","date":"28 de julho de 2008","format":false,"excerpt":"Autor: Cleber Dioni A vida de Leonel Brizola, com \u00eanfase para os primeiros anos em Porto Alegre, at\u00e9 o ex\u00edlio no Uruguai e a volta, quinze anos depois. \u00a0\"...\u00c9ramos todos jovens e nos identific\u00e1vamos com aquela massa an\u00f4nima a percorrer as ruas de Porto Alegre, gritando 'Get\u00falio', 'Get\u00falio' e empunhando\u2026","rel":"","context":"Em &quot;Livros&quot;","block_context":{"text":"Livros","link":"https:\/\/www.jornalja.com.br\/arquivo\/category\/livros\/"},"img":{"alt_text":"","src":"https:\/\/i0.wp.com\/www.jornalja.com.br\/wp-content\/uploads\/2008\/07\/brizola.gif?resize=350%2C200&ssl=1","width":350,"height":200},"classes":[]},{"id":13124,"url":"https:\/\/www.jornalja.com.br\/arquivo\/sangue-latino-no-iecine\/","url_meta":{"origin":59801,"position":4},"title":"Sangue latino no IECINE","author":"da Reda\u00e7\u00e3o","date":"18 de maio de 2014","format":false,"excerpt":"Francisco Ribeiro O Instituto Estadual de Cinema (IECINE) tem a frente, desde abril \u00faltimo, um novo diretor, o cineasta colombiano Juan Zapata, 36, que substitui Luiz Alberto Cassol. Radicado h\u00e1 dez anos em Porto Alegre, Zapata tem diante de si o desafio de conduzir at\u00e9 o final do ano um\u2026","rel":"","context":"Em &quot;Cultura-Geral&quot;","block_context":{"text":"Cultura-Geral","link":"https:\/\/www.jornalja.com.br\/arquivo\/category\/materiasecundaria\/"},"img":{"alt_text":"","src":"","width":0,"height":0},"classes":[]},{"id":5440,"url":"https:\/\/www.jornalja.com.br\/arquivo\/casarao-da-venancio-destino-permanece-incerto\/","url_meta":{"origin":59801,"position":5},"title":"Estado ainda n\u00e3o sabe o que fazer com casar\u00e3o abandonado h\u00e1 20 anos","author":"Elmar Bones","date":"6 de julho de 2009","format":false,"excerpt":"O casar\u00e3o amarelo, numa esquina nobre de Porto Alegre (Ven\u00e2ncio Aires com Jo\u00e3o Pessoa), j\u00e1 abrigou uma escola. H\u00e1 duas d\u00e9cadas, pelo menos, est\u00e1 abandonado, porque seu propriet\u00e1rio, o governo do Estado do Rio Grande do Sul, n\u00e3o consegue achar um destino para ele. Planos n\u00e3o faltaram. O governador Ol\u00edvio\u2026","rel":"","context":"Em &quot;X.Categorias velhas&quot;","block_context":{"text":"X.Categorias velhas","link":"https:\/\/www.jornalja.com.br\/arquivo\/category\/x-categorias-velhas\/"},"img":{"alt_text":"geraldo1","src":"https:\/\/i0.wp.com\/www.jornalja.com.br\/wp-content\/uploads\/2009\/07\/geraldo1.jpg?resize=350%2C200&ssl=1","width":350,"height":200},"classes":[]}],"jetpack_shortlink":"https:\/\/wp.me\/pbQjBd-fyx","jetpack_featured_media_url":"","_links":{"self":[{"href":"https:\/\/www.jornalja.com.br\/arquivo\/wp-json\/wp\/v2\/posts\/59801","targetHints":{"allow":["GET"]}}],"collection":[{"href":"https:\/\/www.jornalja.com.br\/arquivo\/wp-json\/wp\/v2\/posts"}],"about":[{"href":"https:\/\/www.jornalja.com.br\/arquivo\/wp-json\/wp\/v2\/types\/post"}],"author":[{"embeddable":true,"href":"https:\/\/www.jornalja.com.br\/arquivo\/wp-json\/wp\/v2\/users\/4"}],"replies":[{"embeddable":true,"href":"https:\/\/www.jornalja.com.br\/arquivo\/wp-json\/wp\/v2\/comments?post=59801"}],"version-history":[{"count":0,"href":"https:\/\/www.jornalja.com.br\/arquivo\/wp-json\/wp\/v2\/posts\/59801\/revisions"}],"wp:attachment":[{"href":"https:\/\/www.jornalja.com.br\/arquivo\/wp-json\/wp\/v2\/media?parent=59801"}],"wp:term":[{"taxonomy":"category","embeddable":true,"href":"https:\/\/www.jornalja.com.br\/arquivo\/wp-json\/wp\/v2\/categories?post=59801"},{"taxonomy":"post_tag","embeddable":true,"href":"https:\/\/www.jornalja.com.br\/arquivo\/wp-json\/wp\/v2\/tags?post=59801"}],"curies":[{"name":"wp","href":"https:\/\/api.w.org\/{rel}","templated":true}]}}