{"id":59816,"date":"2018-02-16T16:30:54","date_gmt":"2018-02-16T18:30:54","guid":{"rendered":"https:\/\/www.jornalja.com.br\/?p=59816"},"modified":"2018-02-16T16:30:54","modified_gmt":"2018-02-16T18:30:54","slug":"empresas-pedem-r-049-de-aumento-na-passagem-de-onibus-em-porto-alegre","status":"publish","type":"post","link":"https:\/\/www.jornalja.com.br\/arquivo\/empresas-pedem-r-049-de-aumento-na-passagem-de-onibus-em-porto-alegre\/","title":{"rendered":"Pedido de reajuste na passagem de \u00f4nibus \u00e9 quatro vezes maior que infla\u00e7\u00e3o"},"content":{"rendered":"<p>O Sindicato das Empresas de \u00d4nibus de Porto Alegre (Seopa) protocolou na EPTC, na manh\u00e3 desta sexta-feira, 16\/02, o pedido de revis\u00e3o tarif\u00e1ria do servi\u00e7o que, conforme c\u00e1lculos da entidade, aponta para uma tarifa no valor de R$ 4,5461. Um aumento de 49 centavos no atual valor, de R$ 4,05, o que correspondente a 12% de aumento.<br \/>\nO pedido ser\u00e1 agora analisado pela EPTC e depois encaminhado a proposta ao Conselho Municipal de Transportes Urbanos (Comtu). Ainda n\u00e3o h\u00e1 data para que isso ocorra.<br \/>\nAp\u00f3s receber o processo, o Comtu tem sete dias para avali\u00e1-lo e votar pela aprova\u00e7\u00e3o ou n\u00e3o do novo valor.<br \/>\nSe mantido o reajuste de 12%, ele representar\u00e1 quatro vezes mais que a infla\u00e7\u00e3o oficial. O IPCA (\u00cdndice Nacional de Pre\u00e7os ao Consumidor Amplo) foi de 2,95% em 2017, segundo o Instituto Brasileiro de Geografia e Estat\u00edstica (IBGE).<br \/>\nO aumento acima da infla\u00e7\u00e3o segue uma tend\u00eancia a mais de duas d\u00e9cadas na Capital. Desde o Plano Real, em 1994, o reajuste da tarifa de \u00f4nibus tem sido acima da infla\u00e7\u00e3o. No per\u00edodo de 23 anos, superou em quase o dobro o \u00edndice da infla\u00e7\u00e3o.<br \/>\nDados do economista da FEE, Andr\u00e9 Augustin, mostram que somente de 94 at\u00e9 2015, o IPCA foi de 421,40%, enquanto o aumento da passagem do transporte foi de 913,51%.<br \/>\n<span class=\"intertit\" style=\"font-size: medium\">Concession\u00e1rias reclamam de gratuidades e aplicativos de transporte<\/span><br \/>\nSegundo determina a lei, a solicita\u00e7\u00e3o de reajuste pode ser feita quando ocorre a atualiza\u00e7\u00e3o da conven\u00e7\u00e3o coletiva de trabalho dos rodovi\u00e1rios, fato oficializado na quarta-feira (14).<br \/>\nNo documento assinado pelo sindicato patronal e pelo sindicato dos trabalhadores, ficou acertado o acr\u00e9scimo de 1,87% nos sal\u00e1rios \u2013 mesmo percentual aplicado ao subs\u00eddio do plano de sa\u00fade \u2013 e aumento no vale-alimenta\u00e7\u00e3o de 3%, passando de R$ 25,00 para R$ 25,75.<br \/>\nNo pedido de revis\u00e3o, o Seopa justifica que, al\u00e9m das despesas com m\u00e3o de obra, que representam cerca de 50% do custo do sistema, outro item oneroso, o combust\u00edvel, teve um acr\u00e9scimo de 13,14% desde o \u00faltimo reajuste tarif\u00e1rio.<br \/>\nPara a entidade, as concession\u00e1rias acumulariam um d\u00e9ficit de R$ 135 milh\u00f5es desde fevereiro de 2016, quando iniciou a nova opera\u00e7\u00e3o do transporte coletivo p\u00f3s-licita\u00e7\u00e3o. Alega-se que a perda de receita ocorre, principalmente, em fun\u00e7\u00e3o da diminui\u00e7\u00e3o no n\u00famero de passageiros, que em 2017 chegou a 10,89% em compara\u00e7\u00e3o ao ano anterior. Essa queda se refere aos usu\u00e1rios que pagam passagem. Atualmente, o sistema tem 35,74% de isen\u00e7\u00f5es.<br \/>\nDe acordo com o diretor executivo da Associa\u00e7\u00e3o dos Transportadores de Passageiros de Porto Alegre (ATP), Gustavo Simionovschi, esse \u00e9 um dos fatores que torna a tarifa mais alta. \u201cTodo o custo do servi\u00e7o \u00e9 dividido entre quem paga passagem. Com menos pessoas para dividir essa conta, ela fica maior. \u00c9 como em um jantar entre tr\u00eas amigos. Se a conta der R$ 90,00, cada um pagar\u00e1 R$ 30,00. Mas, se um dos amigos n\u00e3o participar da divis\u00e3o, o valor para os demais subir\u00e1 para R$ 45,00\u201d, exemplifica Simionovschi, que revela: \u201cSe todos pagassem passagem ou se as isen\u00e7\u00f5es fossem subsidiadas, a tarifa cobrada seria de R$ 2,90\u201d.<br \/>\nPara o diretor da ATP, um dos motivos para a queda no n\u00famero de passageiros est\u00e1 relacionado ao surgimento dos aplicativos de transporte particular: \u201cA chegada dos aplicativos, aliada ao valor da tarifa e \u00e0 falta de prioriza\u00e7\u00e3o do transporte coletivo, que tamb\u00e9m fica preso no congestionamento, fazem com que as pessoas migrem para outros meios. Entretanto, s\u00f3 est\u00e3o saindo do \u00f4nibus os usu\u00e1rios que pagam passagem, o que faz com que a equa\u00e7\u00e3o fique desequilibrada\u201d. O dirigente lembra ainda a fun\u00e7\u00e3o social que o modal exerce. \u201cO \u00f4nibus est\u00e1 em todos os cantos da cidade, quase 24h, todos os dias da semana, sem escolher p\u00fablico ou local de melhor demanda. Os aplicativos n\u00e3o assumem essa fun\u00e7\u00e3o. Sem o transporte coletivo, a cidade para. \u00c9 preciso refletir sobre a import\u00e2ncia desse modal e sobre como prioriz\u00e1-lo\u201d, defende.<br \/>\nEm rela\u00e7\u00e3o \u00e0 possibilidade de redu\u00e7\u00e3o da tarifa, Simionovschi destaca que, para as empresas, entre as alternativas est\u00e3o a revis\u00e3o das isen\u00e7\u00f5es, a adequa\u00e7\u00e3o da oferta do servi\u00e7o \u00e0 demanda real de passageiros e a busca de outras fontes de receita para subsidiar as gratuidades.<\/p>\n","protected":false},"excerpt":{"rendered":"<p>O Sindicato das Empresas de \u00d4nibus de Porto Alegre (Seopa) protocolou na EPTC, na manh\u00e3 desta sexta-feira, 16\/02, o pedido de revis\u00e3o tarif\u00e1ria do servi\u00e7o que, conforme c\u00e1lculos da entidade, aponta para uma tarifa no valor de R$ 4,5461. Um aumento de 49 centavos no atual valor, de R$ 4,05, o que correspondente a 12% [&hellip;]<\/p>\n","protected":false},"author":4,"featured_media":53310,"comment_status":"open","ping_status":"closed","sticky":false,"template":"","format":"standard","meta":{"_jetpack_newsletter_access":"","_jetpack_dont_email_post_to_subs":false,"_jetpack_newsletter_tier_id":0,"_jetpack_memberships_contains_paywalled_content":false,"_jetpack_feature_clip_id":0,"_jetpack_memberships_contains_paid_content":false,"footnotes":"","jetpack_post_was_ever_published":false},"categories":[26],"tags":[],"class_list":["post-59816","post","type-post","status-publish","format-standard","has-post-thumbnail","hentry","category-geral"],"aioseo_notices":[],"aioseo_head":"\n\t\t<!-- All in One SEO 5.0.1.1 - aioseo.com -->\n\t<meta name=\"robots\" content=\"max-image-preview:large\" \/>\n\t<meta name=\"author\" content=\"da Reda\u00e7\u00e3o\"\/>\n\t<link rel=\"canonical\" href=\"https:\/\/www.jornalja.com.br\/arquivo\/empresas-pedem-r-049-de-aumento-na-passagem-de-onibus-em-porto-alegre\/\" \/>\n\t<meta name=\"generator\" content=\"All in One SEO (AIOSEO) 5.0.1.1\" \/>\n\t\t<meta property=\"og:locale\" content=\"pt_BR\" \/>\n\t\t<meta property=\"og:site_name\" content=\"Arquivo | Jornal J\u00c1 | Porto Alegre\" \/>\n\t\t<meta property=\"og:type\" content=\"article\" \/>\n\t\t<meta property=\"og:title\" content=\"Pedido de reajuste na passagem de \u00f4nibus \u00e9 quatro vezes maior que infla\u00e7\u00e3o | Arquivo\" \/>\n\t\t<meta property=\"og:url\" content=\"https:\/\/www.jornalja.com.br\/arquivo\/empresas-pedem-r-049-de-aumento-na-passagem-de-onibus-em-porto-alegre\/\" \/>\n\t\t<meta property=\"og:image\" content=\"https:\/\/www.jornalja.com.br\/economics\/wp-content\/uploads\/sites\/11\/2026\/08\/ja-folhaderosto-facebook.jpg\" \/>\n\t\t<meta property=\"og:image:secure_url\" content=\"https:\/\/www.jornalja.com.br\/economics\/wp-content\/uploads\/sites\/11\/2026\/08\/ja-folhaderosto-facebook.jpg\" \/>\n\t\t<meta property=\"article:published_time\" content=\"2018-02-16T18:30:54+00:00\" \/>\n\t\t<meta property=\"article:modified_time\" content=\"2018-02-16T18:30:54+00:00\" \/>\n\t\t<meta name=\"twitter:card\" content=\"summary\" \/>\n\t\t<meta name=\"twitter:title\" content=\"Pedido de reajuste na passagem de \u00f4nibus \u00e9 quatro vezes maior que infla\u00e7\u00e3o | Arquivo\" \/>\n\t\t<meta name=\"twitter:image\" content=\"https:\/\/www.jornalja.com.br\/economics\/wp-content\/uploads\/sites\/11\/2026\/08\/ja-folhaderosto-facebook.jpg\" \/>\n\t\t<script type=\"application\/ld+json\" class=\"aioseo-schema\">\n\t\t\t{\"@context\":\"https:\\\/\\\/schema.org\",\"@graph\":[{\"@type\":\"BlogPosting\",\"@id\":\"https:\\\/\\\/www.jornalja.com.br\\\/arquivo\\\/empresas-pedem-r-049-de-aumento-na-passagem-de-onibus-em-porto-alegre\\\/#blogposting\",\"name\":\"Pedido de reajuste na passagem de \\u00f4nibus \\u00e9 quatro vezes maior que infla\\u00e7\\u00e3o | Arquivo\",\"headline\":\"Pedido de reajuste na passagem de \\u00f4nibus \\u00e9 quatro vezes maior que infla\\u00e7\\u00e3o\",\"author\":{\"@id\":\"https:\\\/\\\/www.jornalja.com.br\\\/arquivo\\\/author\\\/daredacao\\\/#author\"},\"publisher\":{\"@id\":\"https:\\\/\\\/www.jornalja.com.br\\\/arquivo\\\/#organization\"},\"image\":{\"@type\":\"ImageObject\",\"url\":53310},\"datePublished\":\"2018-02-16T16:30:54-02:00\",\"dateModified\":\"2018-02-16T16:30:54-02:00\",\"inLanguage\":\"pt-BR\",\"mainEntityOfPage\":{\"@id\":\"https:\\\/\\\/www.jornalja.com.br\\\/arquivo\\\/empresas-pedem-r-049-de-aumento-na-passagem-de-onibus-em-porto-alegre\\\/#webpage\"},\"isPartOf\":{\"@id\":\"https:\\\/\\\/www.jornalja.com.br\\\/arquivo\\\/empresas-pedem-r-049-de-aumento-na-passagem-de-onibus-em-porto-alegre\\\/#webpage\"},\"articleSection\":\"Geral\"},{\"@type\":\"BreadcrumbList\",\"@id\":\"https:\\\/\\\/www.jornalja.com.br\\\/arquivo\\\/empresas-pedem-r-049-de-aumento-na-passagem-de-onibus-em-porto-alegre\\\/#breadcrumblist\",\"itemListElement\":[{\"@type\":\"ListItem\",\"@id\":\"https:\\\/\\\/www.jornalja.com.br\\\/arquivo#listItem\",\"position\":1,\"name\":\"Home\",\"item\":\"https:\\\/\\\/www.jornalja.com.br\\\/arquivo\",\"nextItem\":{\"@type\":\"ListItem\",\"@id\":\"https:\\\/\\\/www.jornalja.com.br\\\/arquivo\\\/category\\\/geral\\\/#listItem\",\"name\":\"Geral\"}},{\"@type\":\"ListItem\",\"@id\":\"https:\\\/\\\/www.jornalja.com.br\\\/arquivo\\\/category\\\/geral\\\/#listItem\",\"position\":2,\"name\":\"Geral\",\"item\":\"https:\\\/\\\/www.jornalja.com.br\\\/arquivo\\\/category\\\/geral\\\/\",\"nextItem\":{\"@type\":\"ListItem\",\"@id\":\"https:\\\/\\\/www.jornalja.com.br\\\/arquivo\\\/empresas-pedem-r-049-de-aumento-na-passagem-de-onibus-em-porto-alegre\\\/#listItem\",\"name\":\"Pedido de reajuste na passagem de \\u00f4nibus \\u00e9 quatro vezes maior que infla\\u00e7\\u00e3o\"},\"previousItem\":{\"@type\":\"ListItem\",\"@id\":\"https:\\\/\\\/www.jornalja.com.br\\\/arquivo#listItem\",\"name\":\"Home\"}},{\"@type\":\"ListItem\",\"@id\":\"https:\\\/\\\/www.jornalja.com.br\\\/arquivo\\\/empresas-pedem-r-049-de-aumento-na-passagem-de-onibus-em-porto-alegre\\\/#listItem\",\"position\":3,\"name\":\"Pedido de reajuste na passagem de \\u00f4nibus \\u00e9 quatro vezes maior que infla\\u00e7\\u00e3o\",\"previousItem\":{\"@type\":\"ListItem\",\"@id\":\"https:\\\/\\\/www.jornalja.com.br\\\/arquivo\\\/category\\\/geral\\\/#listItem\",\"name\":\"Geral\"}}]},{\"@type\":\"Organization\",\"@id\":\"https:\\\/\\\/www.jornalja.com.br\\\/arquivo\\\/#organization\",\"name\":\"Jornal J\\u00c1\",\"description\":\"Jornal J\\u00c1 | Porto Alegre\",\"url\":\"https:\\\/\\\/www.jornalja.com.br\\\/arquivo\\\/\",\"telephone\":\"+555133307272\",\"logo\":{\"@type\":\"ImageObject\",\"url\":\"https:\\\/\\\/www.jornalja.com.br\\\/wp-content\\\/uploads\\\/cards\\\/JAslogan.png\",\"@id\":\"https:\\\/\\\/www.jornalja.com.br\\\/arquivo\\\/empresas-pedem-r-049-de-aumento-na-passagem-de-onibus-em-porto-alegre\\\/#organizationLogo\"},\"image\":{\"@id\":\"https:\\\/\\\/www.jornalja.com.br\\\/arquivo\\\/empresas-pedem-r-049-de-aumento-na-passagem-de-onibus-em-porto-alegre\\\/#organizationLogo\"}},{\"@type\":\"Person\",\"@id\":\"https:\\\/\\\/www.jornalja.com.br\\\/arquivo\\\/author\\\/daredacao\\\/#author\",\"url\":\"https:\\\/\\\/www.jornalja.com.br\\\/arquivo\\\/author\\\/daredacao\\\/\",\"name\":\"da Reda\\u00e7\\u00e3o\",\"image\":{\"@type\":\"ImageObject\",\"@id\":\"https:\\\/\\\/www.jornalja.com.br\\\/arquivo\\\/empresas-pedem-r-049-de-aumento-na-passagem-de-onibus-em-porto-alegre\\\/#authorImage\",\"url\":\"https:\\\/\\\/secure.gravatar.com\\\/avatar\\\/469fd857d6605ad19919d27ed29d35a968a25f6e8fd9318356bbb7f57aae9c65?s=96&d=mm&r=g\",\"width\":96,\"height\":96,\"caption\":\"da Reda\\u00e7\\u00e3o\"}},{\"@type\":\"WebPage\",\"@id\":\"https:\\\/\\\/www.jornalja.com.br\\\/arquivo\\\/empresas-pedem-r-049-de-aumento-na-passagem-de-onibus-em-porto-alegre\\\/#webpage\",\"url\":\"https:\\\/\\\/www.jornalja.com.br\\\/arquivo\\\/empresas-pedem-r-049-de-aumento-na-passagem-de-onibus-em-porto-alegre\\\/\",\"name\":\"Pedido de reajuste na passagem de \\u00f4nibus \\u00e9 quatro vezes maior que infla\\u00e7\\u00e3o | Arquivo\",\"inLanguage\":\"pt-BR\",\"isPartOf\":{\"@id\":\"https:\\\/\\\/www.jornalja.com.br\\\/arquivo\\\/#website\"},\"breadcrumb\":{\"@id\":\"https:\\\/\\\/www.jornalja.com.br\\\/arquivo\\\/empresas-pedem-r-049-de-aumento-na-passagem-de-onibus-em-porto-alegre\\\/#breadcrumblist\"},\"author\":{\"@id\":\"https:\\\/\\\/www.jornalja.com.br\\\/arquivo\\\/author\\\/daredacao\\\/#author\"},\"creator\":{\"@id\":\"https:\\\/\\\/www.jornalja.com.br\\\/arquivo\\\/author\\\/daredacao\\\/#author\"},\"image\":{\"@type\":\"ImageObject\",\"url\":53310,\"@id\":\"https:\\\/\\\/www.jornalja.com.br\\\/arquivo\\\/empresas-pedem-r-049-de-aumento-na-passagem-de-onibus-em-porto-alegre\\\/#mainImage\"},\"primaryImageOfPage\":{\"@id\":\"https:\\\/\\\/www.jornalja.com.br\\\/arquivo\\\/empresas-pedem-r-049-de-aumento-na-passagem-de-onibus-em-porto-alegre\\\/#mainImage\"},\"datePublished\":\"2018-02-16T16:30:54-02:00\",\"dateModified\":\"2018-02-16T16:30:54-02:00\"},{\"@type\":\"WebSite\",\"@id\":\"https:\\\/\\\/www.jornalja.com.br\\\/arquivo\\\/#website\",\"url\":\"https:\\\/\\\/www.jornalja.com.br\\\/arquivo\\\/\",\"name\":\"Arquivo\",\"description\":\"Jornal J\\u00c1 | Porto Alegre\",\"inLanguage\":\"pt-BR\",\"publisher\":{\"@id\":\"https:\\\/\\\/www.jornalja.com.br\\\/arquivo\\\/#organization\"}}]}\n\t\t<\/script>\n\t\t<!-- All in One SEO -->\n\n","aioseo_head_json":{"title":"Pedido de reajuste na passagem de \u00f4nibus \u00e9 quatro vezes maior que infla\u00e7\u00e3o | Arquivo","description":"","canonical_url":"https:\/\/www.jornalja.com.br\/arquivo\/empresas-pedem-r-049-de-aumento-na-passagem-de-onibus-em-porto-alegre\/","robots":"max-image-preview:large","keywords":"","webmasterTools":{"miscellaneous":""},"schema":{"@context":"https:\/\/schema.org","@graph":[{"@type":"BlogPosting","@id":"https:\/\/www.jornalja.com.br\/arquivo\/empresas-pedem-r-049-de-aumento-na-passagem-de-onibus-em-porto-alegre\/#blogposting","name":"Pedido de reajuste na passagem de \u00f4nibus \u00e9 quatro vezes maior que infla\u00e7\u00e3o | Arquivo","headline":"Pedido de reajuste na passagem de \u00f4nibus \u00e9 quatro vezes maior que infla\u00e7\u00e3o","author":{"@id":"https:\/\/www.jornalja.com.br\/arquivo\/author\/daredacao\/#author"},"publisher":{"@id":"https:\/\/www.jornalja.com.br\/arquivo\/#organization"},"image":{"@type":"ImageObject","url":53310},"datePublished":"2018-02-16T16:30:54-02:00","dateModified":"2018-02-16T16:30:54-02:00","inLanguage":"pt-BR","mainEntityOfPage":{"@id":"https:\/\/www.jornalja.com.br\/arquivo\/empresas-pedem-r-049-de-aumento-na-passagem-de-onibus-em-porto-alegre\/#webpage"},"isPartOf":{"@id":"https:\/\/www.jornalja.com.br\/arquivo\/empresas-pedem-r-049-de-aumento-na-passagem-de-onibus-em-porto-alegre\/#webpage"},"articleSection":"Geral"},{"@type":"BreadcrumbList","@id":"https:\/\/www.jornalja.com.br\/arquivo\/empresas-pedem-r-049-de-aumento-na-passagem-de-onibus-em-porto-alegre\/#breadcrumblist","itemListElement":[{"@type":"ListItem","@id":"https:\/\/www.jornalja.com.br\/arquivo#listItem","position":1,"name":"Home","item":"https:\/\/www.jornalja.com.br\/arquivo","nextItem":{"@type":"ListItem","@id":"https:\/\/www.jornalja.com.br\/arquivo\/category\/geral\/#listItem","name":"Geral"}},{"@type":"ListItem","@id":"https:\/\/www.jornalja.com.br\/arquivo\/category\/geral\/#listItem","position":2,"name":"Geral","item":"https:\/\/www.jornalja.com.br\/arquivo\/category\/geral\/","nextItem":{"@type":"ListItem","@id":"https:\/\/www.jornalja.com.br\/arquivo\/empresas-pedem-r-049-de-aumento-na-passagem-de-onibus-em-porto-alegre\/#listItem","name":"Pedido de reajuste na passagem de \u00f4nibus \u00e9 quatro vezes maior que infla\u00e7\u00e3o"},"previousItem":{"@type":"ListItem","@id":"https:\/\/www.jornalja.com.br\/arquivo#listItem","name":"Home"}},{"@type":"ListItem","@id":"https:\/\/www.jornalja.com.br\/arquivo\/empresas-pedem-r-049-de-aumento-na-passagem-de-onibus-em-porto-alegre\/#listItem","position":3,"name":"Pedido de reajuste na passagem de \u00f4nibus \u00e9 quatro vezes maior que infla\u00e7\u00e3o","previousItem":{"@type":"ListItem","@id":"https:\/\/www.jornalja.com.br\/arquivo\/category\/geral\/#listItem","name":"Geral"}}]},{"@type":"Organization","@id":"https:\/\/www.jornalja.com.br\/arquivo\/#organization","name":"Jornal J\u00c1","description":"Jornal J\u00c1 | Porto Alegre","url":"https:\/\/www.jornalja.com.br\/arquivo\/","telephone":"+555133307272","logo":{"@type":"ImageObject","url":"https:\/\/www.jornalja.com.br\/wp-content\/uploads\/cards\/JAslogan.png","@id":"https:\/\/www.jornalja.com.br\/arquivo\/empresas-pedem-r-049-de-aumento-na-passagem-de-onibus-em-porto-alegre\/#organizationLogo"},"image":{"@id":"https:\/\/www.jornalja.com.br\/arquivo\/empresas-pedem-r-049-de-aumento-na-passagem-de-onibus-em-porto-alegre\/#organizationLogo"}},{"@type":"Person","@id":"https:\/\/www.jornalja.com.br\/arquivo\/author\/daredacao\/#author","url":"https:\/\/www.jornalja.com.br\/arquivo\/author\/daredacao\/","name":"da Reda\u00e7\u00e3o","image":{"@type":"ImageObject","@id":"https:\/\/www.jornalja.com.br\/arquivo\/empresas-pedem-r-049-de-aumento-na-passagem-de-onibus-em-porto-alegre\/#authorImage","url":"https:\/\/secure.gravatar.com\/avatar\/469fd857d6605ad19919d27ed29d35a968a25f6e8fd9318356bbb7f57aae9c65?s=96&d=mm&r=g","width":96,"height":96,"caption":"da Reda\u00e7\u00e3o"}},{"@type":"WebPage","@id":"https:\/\/www.jornalja.com.br\/arquivo\/empresas-pedem-r-049-de-aumento-na-passagem-de-onibus-em-porto-alegre\/#webpage","url":"https:\/\/www.jornalja.com.br\/arquivo\/empresas-pedem-r-049-de-aumento-na-passagem-de-onibus-em-porto-alegre\/","name":"Pedido de reajuste na passagem de \u00f4nibus \u00e9 quatro vezes maior que infla\u00e7\u00e3o | Arquivo","inLanguage":"pt-BR","isPartOf":{"@id":"https:\/\/www.jornalja.com.br\/arquivo\/#website"},"breadcrumb":{"@id":"https:\/\/www.jornalja.com.br\/arquivo\/empresas-pedem-r-049-de-aumento-na-passagem-de-onibus-em-porto-alegre\/#breadcrumblist"},"author":{"@id":"https:\/\/www.jornalja.com.br\/arquivo\/author\/daredacao\/#author"},"creator":{"@id":"https:\/\/www.jornalja.com.br\/arquivo\/author\/daredacao\/#author"},"image":{"@type":"ImageObject","url":53310,"@id":"https:\/\/www.jornalja.com.br\/arquivo\/empresas-pedem-r-049-de-aumento-na-passagem-de-onibus-em-porto-alegre\/#mainImage"},"primaryImageOfPage":{"@id":"https:\/\/www.jornalja.com.br\/arquivo\/empresas-pedem-r-049-de-aumento-na-passagem-de-onibus-em-porto-alegre\/#mainImage"},"datePublished":"2018-02-16T16:30:54-02:00","dateModified":"2018-02-16T16:30:54-02:00"},{"@type":"WebSite","@id":"https:\/\/www.jornalja.com.br\/arquivo\/#website","url":"https:\/\/www.jornalja.com.br\/arquivo\/","name":"Arquivo","description":"Jornal J\u00c1 | Porto Alegre","inLanguage":"pt-BR","publisher":{"@id":"https:\/\/www.jornalja.com.br\/arquivo\/#organization"}}]},"og:locale":"pt_BR","og:site_name":"Arquivo | Jornal J\u00c1 | Porto Alegre","og:type":"article","og:title":"Pedido de reajuste na passagem de \u00f4nibus \u00e9 quatro vezes maior que infla\u00e7\u00e3o | Arquivo","og:url":"https:\/\/www.jornalja.com.br\/arquivo\/empresas-pedem-r-049-de-aumento-na-passagem-de-onibus-em-porto-alegre\/","og:image":"https:\/\/www.jornalja.com.br\/economics\/wp-content\/uploads\/sites\/11\/2026\/08\/ja-folhaderosto-facebook.jpg","og:image:secure_url":"https:\/\/www.jornalja.com.br\/economics\/wp-content\/uploads\/sites\/11\/2026\/08\/ja-folhaderosto-facebook.jpg","article:published_time":"2018-02-16T18:30:54+00:00","article:modified_time":"2018-02-16T18:30:54+00:00","twitter:card":"summary","twitter:title":"Pedido de reajuste na passagem de \u00f4nibus \u00e9 quatro vezes maior que infla\u00e7\u00e3o | Arquivo","twitter:image":"https:\/\/www.jornalja.com.br\/economics\/wp-content\/uploads\/sites\/11\/2026\/08\/ja-folhaderosto-facebook.jpg"},"aioseo_meta_data":{"post_id":"59816","title":null,"description":null,"keywords":null,"keyphrases":null,"primary_term":null,"canonical_url":null,"og_title":null,"og_description":null,"og_object_type":"default","og_image_type":"default","og_image_url":null,"og_image_width":null,"og_image_height":null,"og_image_custom_url":null,"og_image_custom_fields":null,"og_video":null,"og_custom_url":null,"og_article_section":null,"og_article_tags":null,"twitter_use_og":false,"twitter_card":"default","twitter_image_type":"default","twitter_image_url":null,"twitter_image_custom_url":null,"twitter_image_custom_fields":null,"twitter_title":null,"twitter_description":null,"schema":{"blockGraphs":[],"customGraphs":[],"default":{"data":{"Article":[],"Course":[],"Dataset":[],"FAQPage":[],"Movie":[],"Person":[],"Product":[],"ProductReview":[],"Car":[],"Recipe":[],"Service":[],"SoftwareApplication":[],"WebPage":[]},"graphName":"","isEnabled":true},"graphs":[],"defaultGraph":"","defaultPostTypeGraph":""},"schema_type":null,"schema_type_options":null,"pillar_content":false,"robots_default":true,"robots_noindex":false,"robots_noarchive":false,"robots_nosnippet":false,"robots_nofollow":false,"robots_noimageindex":false,"robots_noodp":false,"robots_notranslate":false,"robots_max_snippet":null,"robots_max_videopreview":null,"robots_max_imagepreview":"large","priority":null,"frequency":null,"location":null,"local_seo":null,"breadcrumb_settings":null,"limit_modified_date":false,"ai":null,"created":"2020-12-20 20:18:02","updated":"2025-07-20 03:33:38","seo_analyzer_scan_date":null,"focus_keyword":null,"additional_keywords":null,"truseo_locale":null},"jetpack_sharing_enabled":true,"jetpack-related-posts":[{"id":13240,"url":"https:\/\/www.jornalja.com.br\/arquivo\/plano-diretor-estamos-construindo-o-caos\/","url_meta":{"origin":59816,"position":0},"title":"Plano diretor: &quot;Estamos construindo o caos&quot;","author":"Patr\u00edcia Marini","date":"26 de maio de 2014","format":false,"excerpt":"Desabafo que arquiteta Eliana Castilhos, delegada da Regi\u00e3o de Planejamento 1, postou nas redes sociais \u00e9 um testemunho do ambiente que se criou no Conselho do Plano Diretor de Porto Alegre, onde a aprova\u00e7\u00e3o de grandes empreendimentos \u00e9 empurrada guela abaixo dos conselheiros. Ao CMDUA Como delegada da Regi\u00e3o de\u2026","rel":"","context":"Em &quot;Geral&quot;","block_context":{"text":"Geral","link":"https:\/\/www.jornalja.com.br\/arquivo\/category\/geral\/"},"img":{"alt_text":"","src":"","width":0,"height":0},"classes":[]},{"id":13124,"url":"https:\/\/www.jornalja.com.br\/arquivo\/sangue-latino-no-iecine\/","url_meta":{"origin":59816,"position":1},"title":"Sangue latino no IECINE","author":"da Reda\u00e7\u00e3o","date":"18 de maio de 2014","format":false,"excerpt":"Francisco Ribeiro O Instituto Estadual de Cinema (IECINE) tem a frente, desde abril \u00faltimo, um novo diretor, o cineasta colombiano Juan Zapata, 36, que substitui Luiz Alberto Cassol. Radicado h\u00e1 dez anos em Porto Alegre, Zapata tem diante de si o desafio de conduzir at\u00e9 o final do ano um\u2026","rel":"","context":"Em &quot;Cultura-Geral&quot;","block_context":{"text":"Cultura-Geral","link":"https:\/\/www.jornalja.com.br\/arquivo\/category\/materiasecundaria\/"},"img":{"alt_text":"","src":"","width":0,"height":0},"classes":[]},{"id":13101,"url":"https:\/\/www.jornalja.com.br\/arquivo\/morre-um-guerreiro-do-texto\/","url_meta":{"origin":59816,"position":2},"title":"Morre um guerreiro do texto","author":"Patr\u00edcia Marini","date":"14 de maio de 2014","format":false,"excerpt":"Por Ricardo Kotscho Reproduzido do blog do autor, 11\/5\/2014; t\u00edtulo original \u201cE l\u00e1 se foi o nosso Myltainho, guerreiro do texto\u201d. Mi\u00fado e franzino, meu amigo Myltainho era um valente e inconformado guerreiro na luta contra as injusti\u00e7as sociais, a hipocrisia, as maracutaias, o autoritarismo, a intoler\u00e2ncia, a viol\u00eancia, o\u2026","rel":"","context":"Em &quot;Geral&quot;","block_context":{"text":"Geral","link":"https:\/\/www.jornalja.com.br\/arquivo\/category\/geral\/"},"img":{"alt_text":"","src":"","width":0,"height":0},"classes":[]},{"id":5440,"url":"https:\/\/www.jornalja.com.br\/arquivo\/casarao-da-venancio-destino-permanece-incerto\/","url_meta":{"origin":59816,"position":3},"title":"Estado ainda n\u00e3o sabe o que fazer com casar\u00e3o abandonado h\u00e1 20 anos","author":"Elmar Bones","date":"6 de julho de 2009","format":false,"excerpt":"O casar\u00e3o amarelo, numa esquina nobre de Porto Alegre (Ven\u00e2ncio Aires com Jo\u00e3o Pessoa), j\u00e1 abrigou uma escola. H\u00e1 duas d\u00e9cadas, pelo menos, est\u00e1 abandonado, porque seu propriet\u00e1rio, o governo do Estado do Rio Grande do Sul, n\u00e3o consegue achar um destino para ele. Planos n\u00e3o faltaram. O governador Ol\u00edvio\u2026","rel":"","context":"Em &quot;X.Categorias velhas&quot;","block_context":{"text":"X.Categorias velhas","link":"https:\/\/www.jornalja.com.br\/arquivo\/category\/x-categorias-velhas\/"},"img":{"alt_text":"geraldo1","src":"https:\/\/i0.wp.com\/www.jornalja.com.br\/wp-content\/uploads\/2009\/07\/geraldo1.jpg?resize=350%2C200&ssl=1","width":350,"height":200},"classes":[]},{"id":13109,"url":"https:\/\/www.jornalja.com.br\/arquivo\/judiciario-reconhece-poluicao-eletromagnetica\/","url_meta":{"origin":59816,"position":4},"title":"Judici\u00e1rio reconhece polui\u00e7\u00e3o eletromagn\u00e9tica","author":"Patr\u00edcia Marini","date":"16 de maio de 2014","format":false,"excerpt":"A\u00e7\u00e3o de duas associa\u00e7\u00f5es de moradores foi acolhida pelo Tribunal de Justi\u00e7a de S\u00e3o Paulo que. em decis\u00e3o in\u00e9dita, determinou a redu\u00e7\u00e3o do campo eletromagn\u00e9tico gerado pelas linhas de transmiss\u00e3o de energia que cortam os bairros City Boa\u00e7ava e Alto de Pinheiros. \u00c9 a primeira vez que um tribunal do\u2026","rel":"","context":"Em &quot;X.Categorias velhas&quot;","block_context":{"text":"X.Categorias velhas","link":"https:\/\/www.jornalja.com.br\/arquivo\/category\/x-categorias-velhas\/"},"img":{"alt_text":"","src":"","width":0,"height":0},"classes":[]},{"id":14241,"url":"https:\/\/www.jornalja.com.br\/arquivo\/o-guaiba-nas-imagens-poeticas-de-achutti\/","url_meta":{"origin":59816,"position":5},"title":"O Gua\u00edba nas imagens po\u00e9ticas de Achutti","author":"da Reda\u00e7\u00e3o","date":"18 de junho de 2014","format":false,"excerpt":"Em \u201cO Gua\u00edba por Achutti\u201d \u2013 obra financiada via Minist\u00e9rio da Cultura, produ\u00e7\u00e3o executiva de Pedro Longhi, e Fl\u00e1vio Wild como designer \u2013, o fot\u00f3grafo revela a beleza e as mazelas de um espa\u00e7o aqu\u00e1tico de \u00e1guas sempre renovadas, cheio de hist\u00f3rias e lendas como as das cidades que foram\u2026","rel":"","context":"Em &quot;Cultura-Geral&quot;","block_context":{"text":"Cultura-Geral","link":"https:\/\/www.jornalja.com.br\/arquivo\/category\/materiasecundaria\/"},"img":{"alt_text":"","src":"","width":0,"height":0},"classes":[]}],"jetpack_shortlink":"https:\/\/wp.me\/pbQjBd-fyM","jetpack_featured_media_url":"","_links":{"self":[{"href":"https:\/\/www.jornalja.com.br\/arquivo\/wp-json\/wp\/v2\/posts\/59816","targetHints":{"allow":["GET"]}}],"collection":[{"href":"https:\/\/www.jornalja.com.br\/arquivo\/wp-json\/wp\/v2\/posts"}],"about":[{"href":"https:\/\/www.jornalja.com.br\/arquivo\/wp-json\/wp\/v2\/types\/post"}],"author":[{"embeddable":true,"href":"https:\/\/www.jornalja.com.br\/arquivo\/wp-json\/wp\/v2\/users\/4"}],"replies":[{"embeddable":true,"href":"https:\/\/www.jornalja.com.br\/arquivo\/wp-json\/wp\/v2\/comments?post=59816"}],"version-history":[{"count":0,"href":"https:\/\/www.jornalja.com.br\/arquivo\/wp-json\/wp\/v2\/posts\/59816\/revisions"}],"wp:attachment":[{"href":"https:\/\/www.jornalja.com.br\/arquivo\/wp-json\/wp\/v2\/media?parent=59816"}],"wp:term":[{"taxonomy":"category","embeddable":true,"href":"https:\/\/www.jornalja.com.br\/arquivo\/wp-json\/wp\/v2\/categories?post=59816"},{"taxonomy":"post_tag","embeddable":true,"href":"https:\/\/www.jornalja.com.br\/arquivo\/wp-json\/wp\/v2\/tags?post=59816"}],"curies":[{"name":"wp","href":"https:\/\/api.w.org\/{rel}","templated":true}]}}