{"id":60214,"date":"2018-03-01T12:26:35","date_gmt":"2018-03-01T15:26:35","guid":{"rendered":"https:\/\/www.jornalja.com.br\/?p=60214"},"modified":"2018-03-01T12:26:35","modified_gmt":"2018-03-01T15:26:35","slug":"isencoes-tributarias-e-rendimentos-declarados-dos-excelentissimos-magistrados","status":"publish","type":"post","link":"https:\/\/www.jornalja.com.br\/arquivo\/isencoes-tributarias-e-rendimentos-declarados-dos-excelentissimos-magistrados\/","title":{"rendered":"Isen\u00e7\u00f5es tribut\u00e1rias e rendimentos declarados dos excelent\u00edssimos magistrados"},"content":{"rendered":"<p><span class=\"assina\">R\u00d3BER ITURRIET \u00c1VILA E JO\u00c3O SANTOS CONCEI\u00c7\u00c3O*<\/span><br \/>\nA transpar\u00eancia progressiva das declara\u00e7\u00f5es de Imposto de Renda de Pessoas F\u00edsicas (IRPF) \u00e9 um avan\u00e7o que deve ser saudado, na medida em que permite melhor ci\u00eancia da realidade brasileira. Os dados desagregados contribuem para elucidar as desigualdades e distor\u00e7\u00f5es existentes no Pa\u00eds, n\u00e3o apenas no setor privado, <a href=\"http:\/\/brasildebate.com.br\/por-um-ajuste-fiscal-via-reestruturacao-tributaria\/\">como no caso do impacto da isen\u00e7\u00e3o de IRPF aos dividendos<\/a>, mas tamb\u00e9m para os problemas do setor p\u00fablico.<br \/>\nQuando se observa as m\u00e9dias salariais do setor p\u00fablico, a constata\u00e7\u00e3o imediata \u00e9 a de que os valores mais elevados est\u00e3o vinculados ao Poder Judici\u00e1rio. Os mais de 35 mil membros do Poder Judici\u00e1rio, do Tribunal de Contas e do Minist\u00e9rio P\u00fablico receberam acima do teto constitucional no ano de 2016. A m\u00e9dia dos rendimentos totais mensais dos integrantes do Minist\u00e9rio P\u00fablico foi de R$ 51.807,99 e a m\u00e9dia dos membros do Poder Judici\u00e1rio e do Tribunal de Contas foi de R$ 51.366,07. \u00c9 preciso notar que essa m\u00e9dia diz respeito a todos os servidores, incluindo, portanto, os in\u00fameros cargos de n\u00edvel m\u00e9dio e n\u00e3o apenas os ju\u00edzes e promotores. Embora a al\u00edquota m\u00e1xima de IRPF seja 27,5%, <a href=\"http:\/\/brasildebate.com.br\/no-brasil-ricos-pagam-pouco-imposto-e-convencem-os-patos\/\">baixa em termos internacionais<\/a>, este grupo de declarantes pagou em m\u00e9dia 12% de imposto em rela\u00e7\u00e3o a seus rendimentos anuais. O aux\u00edlio moradia de R$ 4.300, por exemplo, que \u00e9 superior ao rendimento de 92% dos brasileiros, \u00e9 isento de IRPF.\u00a0\u00a0\u00a0\u00a0\u00a0<img loading=\"lazy\" decoding=\"async\" class=\"alignnone size-full wp-image-60215\" src=\"https:\/\/www.jornalja.com.br\/wp-content\/uploads\/2018\/03\/m\u00e9dia-rendimentos.jpg\" alt=\"\" width=\"689\" height=\"303\" \/><br \/>\nOs membros do\u00a0<a href=\"http:\/\/www.ihu.unisinos.br\/78-noticias\/556576-nao-ha-um-poder-judiciario-no-brasil-mas-17000-magistrados\" target=\"_blank\" rel=\"noopener noreferrer\">Poder Judici\u00e1rio<\/a>, do Tribunal de Contas e do\u00a0<a href=\"http:\/\/www.ihu.unisinos.br\/186-noticias\/noticias-2017\/564311-ministerio-publico-do-trabalho-diz-que-reforma-trabalhista-e-inconstitucional\" target=\"_blank\" rel=\"noopener noreferrer\">Minist\u00e9rio P\u00fablico<\/a>\u00a0tamb\u00e9m estavam entre os declarantes do IRPF com as maiores m\u00e9dias patrimoniais. Esses indiv\u00edduos declararam possuir uma m\u00e9dia patrimonial de R$ 1,3 milh\u00e3o no ano de 2016. As heran\u00e7as e doa\u00e7\u00f5es recebidas na forma de transfer\u00eancias patrimoniais desses indiv\u00edduos est\u00e3o tamb\u00e9m entre as mais elevadas, o que contradiz a necessidade de um aux\u00edlio-moradia, por exemplo.<br \/>\n<img loading=\"lazy\" decoding=\"async\" class=\"alignnone size-full wp-image-60216\" src=\"https:\/\/www.jornalja.com.br\/wp-content\/uploads\/2018\/03\/m\u00e9dia-patrimonios.jpg\" alt=\"\" width=\"658\" height=\"341\" \/><br \/>\nAl\u00e9m de estarem entre os declarantes com as maiores m\u00e9dias de rendimento e de patrim\u00f4nio, os membros do Poder Judici\u00e1rio, do Tribunal de Contas e do Minist\u00e9rio P\u00fablico s\u00e3o os declarantes que mais abatem despesas no IRPF. Esses mais de 35 mil declarantes abateram no IRPF mais de R$ 2,5 bilh\u00f5es no ano de 2016. As despesas deduzidas foram com contribui\u00e7\u00f5es\u00a0<a href=\"http:\/\/www.ihu.unisinos.br\/78-noticias\/570342-sonegacao-e-inadimplencia-equivalem-a-um-terco-do-deficit-da-previdencia\" target=\"_blank\" rel=\"noopener noreferrer\">previdenci\u00e1rias<\/a>, dependentes, pens\u00e3o aliment\u00edcia, despesas de instru\u00e7\u00e3o e despesas m\u00e9dicas. A m\u00e9dia de dedu\u00e7\u00f5es de imposto dos\u00a0<strong>Procuradores<\/strong>\u00a0e\u00a0<strong>Promotores<\/strong>\u00a0do Minist\u00e9rio P\u00fablico foi de R$ 72.672,21 e a m\u00e9dia dos membros do Poder Judici\u00e1rio e do Tribunal de Contas foi de R$ 70.591,79.<br \/>\n<img loading=\"lazy\" decoding=\"async\" class=\"alignnone size-full wp-image-60217\" src=\"https:\/\/www.jornalja.com.br\/wp-content\/uploads\/2018\/03\/m\u00e9dia-dedu\u00e7\u00f5es.jpg\" alt=\"\" width=\"661\" height=\"353\" \/><br \/>\nParte dessas dedu\u00e7\u00f5es s\u00e3o subs\u00eddios com gastos privados, quando deveriam servir para redistribuir a renda daqueles que possuem maiores proventos, a fim de financiar o servi\u00e7o p\u00fablico coletivo. Os subs\u00eddios concedidos v\u00e3o em sentido oposto ao imposto sobre a renda, que visa redistribu\u00ed-la e n\u00e3o subsidiar aqueles que mais ganham. H\u00e1 vasto espa\u00e7o para que altera\u00e7\u00f5es tribut\u00e1rias contribuam na edifica\u00e7\u00e3o de uma na\u00e7\u00e3o menos desigual.<br \/>\n<em>*<strong>R\u00f3ber Iturriet Avila<\/strong> \u00e9 professor adjunto do Departamento de Economia e Rela\u00e7\u00f5es Internacionais da UFRGS e <strong>Jo\u00e3o Santos Concei\u00e7\u00e3o<\/strong> \u00e9\u00a0graduando em Ci\u00eancias Econ\u00f4micas na Unisinos.\u00a0Este artigo foi publicado originalmente no <strong>IHU Unisinos<\/strong>. <\/em><br \/>\n&nbsp;<\/p>\n","protected":false},"excerpt":{"rendered":"<p>R\u00d3BER ITURRIET \u00c1VILA E JO\u00c3O SANTOS CONCEI\u00c7\u00c3O* A transpar\u00eancia progressiva das declara\u00e7\u00f5es de Imposto de Renda de Pessoas F\u00edsicas (IRPF) \u00e9 um avan\u00e7o que deve ser saudado, na medida em que permite melhor ci\u00eancia da realidade brasileira. Os dados desagregados contribuem para elucidar as desigualdades e distor\u00e7\u00f5es existentes no Pa\u00eds, n\u00e3o apenas no setor privado, [&hellip;]<\/p>\n","protected":false},"author":4,"featured_media":0,"comment_status":"open","ping_status":"closed","sticky":false,"template":"","format":"standard","meta":{"_jetpack_newsletter_access":"","_jetpack_dont_email_post_to_subs":false,"_jetpack_newsletter_tier_id":0,"_jetpack_memberships_contains_paywalled_content":false,"_jetpack_feature_clip_id":0,"_jetpack_memberships_contains_paid_content":false,"footnotes":"","jetpack_post_was_ever_published":false},"categories":[10],"tags":[],"class_list":["post-60214","post","type-post","status-publish","format-standard","hentry","category-analiseopiniao"],"aioseo_notices":[],"aioseo_head":"\n\t\t<!-- All in One SEO 5.0.1.1 - aioseo.com -->\n\t<meta name=\"robots\" content=\"max-image-preview:large\" \/>\n\t<meta name=\"author\" content=\"da Reda\u00e7\u00e3o\"\/>\n\t<link rel=\"canonical\" href=\"https:\/\/www.jornalja.com.br\/arquivo\/isencoes-tributarias-e-rendimentos-declarados-dos-excelentissimos-magistrados\/\" \/>\n\t<meta name=\"generator\" content=\"All in One SEO (AIOSEO) 5.0.1.1\" \/>\n\t\t<meta property=\"og:locale\" content=\"pt_BR\" \/>\n\t\t<meta property=\"og:site_name\" content=\"Arquivo | Jornal J\u00c1 | Porto Alegre\" \/>\n\t\t<meta property=\"og:type\" content=\"article\" \/>\n\t\t<meta property=\"og:title\" content=\"Isen\u00e7\u00f5es tribut\u00e1rias e rendimentos declarados dos excelent\u00edssimos magistrados | Arquivo\" \/>\n\t\t<meta property=\"og:url\" content=\"https:\/\/www.jornalja.com.br\/arquivo\/isencoes-tributarias-e-rendimentos-declarados-dos-excelentissimos-magistrados\/\" \/>\n\t\t<meta property=\"og:image\" content=\"https:\/\/www.jornalja.com.br\/wp-content\/uploads\/2018\/03\/m\u00e9dia-rendimentos.jpg\" \/>\n\t\t<meta property=\"og:image:secure_url\" content=\"https:\/\/www.jornalja.com.br\/wp-content\/uploads\/2018\/03\/m\u00e9dia-rendimentos.jpg\" \/>\n\t\t<meta property=\"article:published_time\" content=\"2018-03-01T15:26:35+00:00\" \/>\n\t\t<meta property=\"article:modified_time\" content=\"2018-03-01T15:26:35+00:00\" \/>\n\t\t<meta name=\"twitter:card\" content=\"summary\" \/>\n\t\t<meta name=\"twitter:title\" content=\"Isen\u00e7\u00f5es tribut\u00e1rias e rendimentos declarados dos excelent\u00edssimos magistrados | Arquivo\" \/>\n\t\t<meta name=\"twitter:image\" content=\"https:\/\/www.jornalja.com.br\/economics\/wp-content\/uploads\/sites\/11\/2026\/08\/ja-folhaderosto-facebook.jpg\" \/>\n\t\t<script type=\"application\/ld+json\" class=\"aioseo-schema\">\n\t\t\t{\"@context\":\"https:\\\/\\\/schema.org\",\"@graph\":[{\"@type\":\"BlogPosting\",\"@id\":\"https:\\\/\\\/www.jornalja.com.br\\\/arquivo\\\/isencoes-tributarias-e-rendimentos-declarados-dos-excelentissimos-magistrados\\\/#blogposting\",\"name\":\"Isen\\u00e7\\u00f5es tribut\\u00e1rias e rendimentos declarados dos excelent\\u00edssimos magistrados | Arquivo\",\"headline\":\"Isen\\u00e7\\u00f5es tribut\\u00e1rias e rendimentos declarados dos excelent\\u00edssimos magistrados\",\"author\":{\"@id\":\"https:\\\/\\\/www.jornalja.com.br\\\/arquivo\\\/author\\\/daredacao\\\/#author\"},\"publisher\":{\"@id\":\"https:\\\/\\\/www.jornalja.com.br\\\/arquivo\\\/#organization\"},\"image\":{\"@type\":\"ImageObject\",\"url\":\"https:\\\/\\\/www.jornalja.com.br\\\/wp-content\\\/uploads\\\/2018\\\/03\\\/m\\u00e9dia-rendimentos.jpg\",\"@id\":\"https:\\\/\\\/www.jornalja.com.br\\\/arquivo\\\/isencoes-tributarias-e-rendimentos-declarados-dos-excelentissimos-magistrados\\\/#articleImage\"},\"datePublished\":\"2018-03-01T12:26:35-03:00\",\"dateModified\":\"2018-03-01T12:26:35-03:00\",\"inLanguage\":\"pt-BR\",\"mainEntityOfPage\":{\"@id\":\"https:\\\/\\\/www.jornalja.com.br\\\/arquivo\\\/isencoes-tributarias-e-rendimentos-declarados-dos-excelentissimos-magistrados\\\/#webpage\"},\"isPartOf\":{\"@id\":\"https:\\\/\\\/www.jornalja.com.br\\\/arquivo\\\/isencoes-tributarias-e-rendimentos-declarados-dos-excelentissimos-magistrados\\\/#webpage\"},\"articleSection\":\"AN\\u00c1LISE&amp;OPINI\\u00c3O\"},{\"@type\":\"BreadcrumbList\",\"@id\":\"https:\\\/\\\/www.jornalja.com.br\\\/arquivo\\\/isencoes-tributarias-e-rendimentos-declarados-dos-excelentissimos-magistrados\\\/#breadcrumblist\",\"itemListElement\":[{\"@type\":\"ListItem\",\"@id\":\"https:\\\/\\\/www.jornalja.com.br\\\/arquivo#listItem\",\"position\":1,\"name\":\"Home\",\"item\":\"https:\\\/\\\/www.jornalja.com.br\\\/arquivo\",\"nextItem\":{\"@type\":\"ListItem\",\"@id\":\"https:\\\/\\\/www.jornalja.com.br\\\/arquivo\\\/category\\\/analiseopiniao\\\/#listItem\",\"name\":\"AN\\u00c1LISE&amp;OPINI\\u00c3O\"}},{\"@type\":\"ListItem\",\"@id\":\"https:\\\/\\\/www.jornalja.com.br\\\/arquivo\\\/category\\\/analiseopiniao\\\/#listItem\",\"position\":2,\"name\":\"AN\\u00c1LISE&amp;OPINI\\u00c3O\",\"item\":\"https:\\\/\\\/www.jornalja.com.br\\\/arquivo\\\/category\\\/analiseopiniao\\\/\",\"nextItem\":{\"@type\":\"ListItem\",\"@id\":\"https:\\\/\\\/www.jornalja.com.br\\\/arquivo\\\/isencoes-tributarias-e-rendimentos-declarados-dos-excelentissimos-magistrados\\\/#listItem\",\"name\":\"Isen\\u00e7\\u00f5es tribut\\u00e1rias e rendimentos declarados dos excelent\\u00edssimos magistrados\"},\"previousItem\":{\"@type\":\"ListItem\",\"@id\":\"https:\\\/\\\/www.jornalja.com.br\\\/arquivo#listItem\",\"name\":\"Home\"}},{\"@type\":\"ListItem\",\"@id\":\"https:\\\/\\\/www.jornalja.com.br\\\/arquivo\\\/isencoes-tributarias-e-rendimentos-declarados-dos-excelentissimos-magistrados\\\/#listItem\",\"position\":3,\"name\":\"Isen\\u00e7\\u00f5es tribut\\u00e1rias e rendimentos declarados dos excelent\\u00edssimos magistrados\",\"previousItem\":{\"@type\":\"ListItem\",\"@id\":\"https:\\\/\\\/www.jornalja.com.br\\\/arquivo\\\/category\\\/analiseopiniao\\\/#listItem\",\"name\":\"AN\\u00c1LISE&amp;OPINI\\u00c3O\"}}]},{\"@type\":\"Organization\",\"@id\":\"https:\\\/\\\/www.jornalja.com.br\\\/arquivo\\\/#organization\",\"name\":\"Jornal J\\u00c1\",\"description\":\"Jornal J\\u00c1 | Porto Alegre\",\"url\":\"https:\\\/\\\/www.jornalja.com.br\\\/arquivo\\\/\",\"telephone\":\"+555133307272\",\"logo\":{\"@type\":\"ImageObject\",\"url\":\"https:\\\/\\\/www.jornalja.com.br\\\/wp-content\\\/uploads\\\/cards\\\/JAslogan.png\",\"@id\":\"https:\\\/\\\/www.jornalja.com.br\\\/arquivo\\\/isencoes-tributarias-e-rendimentos-declarados-dos-excelentissimos-magistrados\\\/#organizationLogo\"},\"image\":{\"@id\":\"https:\\\/\\\/www.jornalja.com.br\\\/arquivo\\\/isencoes-tributarias-e-rendimentos-declarados-dos-excelentissimos-magistrados\\\/#organizationLogo\"}},{\"@type\":\"Person\",\"@id\":\"https:\\\/\\\/www.jornalja.com.br\\\/arquivo\\\/author\\\/daredacao\\\/#author\",\"url\":\"https:\\\/\\\/www.jornalja.com.br\\\/arquivo\\\/author\\\/daredacao\\\/\",\"name\":\"da Reda\\u00e7\\u00e3o\",\"image\":{\"@type\":\"ImageObject\",\"@id\":\"https:\\\/\\\/www.jornalja.com.br\\\/arquivo\\\/isencoes-tributarias-e-rendimentos-declarados-dos-excelentissimos-magistrados\\\/#authorImage\",\"url\":\"https:\\\/\\\/secure.gravatar.com\\\/avatar\\\/469fd857d6605ad19919d27ed29d35a968a25f6e8fd9318356bbb7f57aae9c65?s=96&d=mm&r=g\",\"width\":96,\"height\":96,\"caption\":\"da Reda\\u00e7\\u00e3o\"}},{\"@type\":\"WebPage\",\"@id\":\"https:\\\/\\\/www.jornalja.com.br\\\/arquivo\\\/isencoes-tributarias-e-rendimentos-declarados-dos-excelentissimos-magistrados\\\/#webpage\",\"url\":\"https:\\\/\\\/www.jornalja.com.br\\\/arquivo\\\/isencoes-tributarias-e-rendimentos-declarados-dos-excelentissimos-magistrados\\\/\",\"name\":\"Isen\\u00e7\\u00f5es tribut\\u00e1rias e rendimentos declarados dos excelent\\u00edssimos magistrados | Arquivo\",\"inLanguage\":\"pt-BR\",\"isPartOf\":{\"@id\":\"https:\\\/\\\/www.jornalja.com.br\\\/arquivo\\\/#website\"},\"breadcrumb\":{\"@id\":\"https:\\\/\\\/www.jornalja.com.br\\\/arquivo\\\/isencoes-tributarias-e-rendimentos-declarados-dos-excelentissimos-magistrados\\\/#breadcrumblist\"},\"author\":{\"@id\":\"https:\\\/\\\/www.jornalja.com.br\\\/arquivo\\\/author\\\/daredacao\\\/#author\"},\"creator\":{\"@id\":\"https:\\\/\\\/www.jornalja.com.br\\\/arquivo\\\/author\\\/daredacao\\\/#author\"},\"datePublished\":\"2018-03-01T12:26:35-03:00\",\"dateModified\":\"2018-03-01T12:26:35-03:00\"},{\"@type\":\"WebSite\",\"@id\":\"https:\\\/\\\/www.jornalja.com.br\\\/arquivo\\\/#website\",\"url\":\"https:\\\/\\\/www.jornalja.com.br\\\/arquivo\\\/\",\"name\":\"Arquivo\",\"description\":\"Jornal J\\u00c1 | Porto Alegre\",\"inLanguage\":\"pt-BR\",\"publisher\":{\"@id\":\"https:\\\/\\\/www.jornalja.com.br\\\/arquivo\\\/#organization\"}}]}\n\t\t<\/script>\n\t\t<!-- All in One SEO -->\n\n","aioseo_head_json":{"title":"Isen\u00e7\u00f5es tribut\u00e1rias e rendimentos declarados dos excelent\u00edssimos magistrados | Arquivo","description":"","canonical_url":"https:\/\/www.jornalja.com.br\/arquivo\/isencoes-tributarias-e-rendimentos-declarados-dos-excelentissimos-magistrados\/","robots":"max-image-preview:large","keywords":"","webmasterTools":{"miscellaneous":""},"schema":{"@context":"https:\/\/schema.org","@graph":[{"@type":"BlogPosting","@id":"https:\/\/www.jornalja.com.br\/arquivo\/isencoes-tributarias-e-rendimentos-declarados-dos-excelentissimos-magistrados\/#blogposting","name":"Isen\u00e7\u00f5es tribut\u00e1rias e rendimentos declarados dos excelent\u00edssimos magistrados | Arquivo","headline":"Isen\u00e7\u00f5es tribut\u00e1rias e rendimentos declarados dos excelent\u00edssimos magistrados","author":{"@id":"https:\/\/www.jornalja.com.br\/arquivo\/author\/daredacao\/#author"},"publisher":{"@id":"https:\/\/www.jornalja.com.br\/arquivo\/#organization"},"image":{"@type":"ImageObject","url":"https:\/\/www.jornalja.com.br\/wp-content\/uploads\/2018\/03\/m\u00e9dia-rendimentos.jpg","@id":"https:\/\/www.jornalja.com.br\/arquivo\/isencoes-tributarias-e-rendimentos-declarados-dos-excelentissimos-magistrados\/#articleImage"},"datePublished":"2018-03-01T12:26:35-03:00","dateModified":"2018-03-01T12:26:35-03:00","inLanguage":"pt-BR","mainEntityOfPage":{"@id":"https:\/\/www.jornalja.com.br\/arquivo\/isencoes-tributarias-e-rendimentos-declarados-dos-excelentissimos-magistrados\/#webpage"},"isPartOf":{"@id":"https:\/\/www.jornalja.com.br\/arquivo\/isencoes-tributarias-e-rendimentos-declarados-dos-excelentissimos-magistrados\/#webpage"},"articleSection":"AN\u00c1LISE&amp;OPINI\u00c3O"},{"@type":"BreadcrumbList","@id":"https:\/\/www.jornalja.com.br\/arquivo\/isencoes-tributarias-e-rendimentos-declarados-dos-excelentissimos-magistrados\/#breadcrumblist","itemListElement":[{"@type":"ListItem","@id":"https:\/\/www.jornalja.com.br\/arquivo#listItem","position":1,"name":"Home","item":"https:\/\/www.jornalja.com.br\/arquivo","nextItem":{"@type":"ListItem","@id":"https:\/\/www.jornalja.com.br\/arquivo\/category\/analiseopiniao\/#listItem","name":"AN\u00c1LISE&amp;OPINI\u00c3O"}},{"@type":"ListItem","@id":"https:\/\/www.jornalja.com.br\/arquivo\/category\/analiseopiniao\/#listItem","position":2,"name":"AN\u00c1LISE&amp;OPINI\u00c3O","item":"https:\/\/www.jornalja.com.br\/arquivo\/category\/analiseopiniao\/","nextItem":{"@type":"ListItem","@id":"https:\/\/www.jornalja.com.br\/arquivo\/isencoes-tributarias-e-rendimentos-declarados-dos-excelentissimos-magistrados\/#listItem","name":"Isen\u00e7\u00f5es tribut\u00e1rias e rendimentos declarados dos excelent\u00edssimos magistrados"},"previousItem":{"@type":"ListItem","@id":"https:\/\/www.jornalja.com.br\/arquivo#listItem","name":"Home"}},{"@type":"ListItem","@id":"https:\/\/www.jornalja.com.br\/arquivo\/isencoes-tributarias-e-rendimentos-declarados-dos-excelentissimos-magistrados\/#listItem","position":3,"name":"Isen\u00e7\u00f5es tribut\u00e1rias e rendimentos declarados dos excelent\u00edssimos magistrados","previousItem":{"@type":"ListItem","@id":"https:\/\/www.jornalja.com.br\/arquivo\/category\/analiseopiniao\/#listItem","name":"AN\u00c1LISE&amp;OPINI\u00c3O"}}]},{"@type":"Organization","@id":"https:\/\/www.jornalja.com.br\/arquivo\/#organization","name":"Jornal J\u00c1","description":"Jornal J\u00c1 | Porto Alegre","url":"https:\/\/www.jornalja.com.br\/arquivo\/","telephone":"+555133307272","logo":{"@type":"ImageObject","url":"https:\/\/www.jornalja.com.br\/wp-content\/uploads\/cards\/JAslogan.png","@id":"https:\/\/www.jornalja.com.br\/arquivo\/isencoes-tributarias-e-rendimentos-declarados-dos-excelentissimos-magistrados\/#organizationLogo"},"image":{"@id":"https:\/\/www.jornalja.com.br\/arquivo\/isencoes-tributarias-e-rendimentos-declarados-dos-excelentissimos-magistrados\/#organizationLogo"}},{"@type":"Person","@id":"https:\/\/www.jornalja.com.br\/arquivo\/author\/daredacao\/#author","url":"https:\/\/www.jornalja.com.br\/arquivo\/author\/daredacao\/","name":"da Reda\u00e7\u00e3o","image":{"@type":"ImageObject","@id":"https:\/\/www.jornalja.com.br\/arquivo\/isencoes-tributarias-e-rendimentos-declarados-dos-excelentissimos-magistrados\/#authorImage","url":"https:\/\/secure.gravatar.com\/avatar\/469fd857d6605ad19919d27ed29d35a968a25f6e8fd9318356bbb7f57aae9c65?s=96&d=mm&r=g","width":96,"height":96,"caption":"da Reda\u00e7\u00e3o"}},{"@type":"WebPage","@id":"https:\/\/www.jornalja.com.br\/arquivo\/isencoes-tributarias-e-rendimentos-declarados-dos-excelentissimos-magistrados\/#webpage","url":"https:\/\/www.jornalja.com.br\/arquivo\/isencoes-tributarias-e-rendimentos-declarados-dos-excelentissimos-magistrados\/","name":"Isen\u00e7\u00f5es tribut\u00e1rias e rendimentos declarados dos excelent\u00edssimos magistrados | Arquivo","inLanguage":"pt-BR","isPartOf":{"@id":"https:\/\/www.jornalja.com.br\/arquivo\/#website"},"breadcrumb":{"@id":"https:\/\/www.jornalja.com.br\/arquivo\/isencoes-tributarias-e-rendimentos-declarados-dos-excelentissimos-magistrados\/#breadcrumblist"},"author":{"@id":"https:\/\/www.jornalja.com.br\/arquivo\/author\/daredacao\/#author"},"creator":{"@id":"https:\/\/www.jornalja.com.br\/arquivo\/author\/daredacao\/#author"},"datePublished":"2018-03-01T12:26:35-03:00","dateModified":"2018-03-01T12:26:35-03:00"},{"@type":"WebSite","@id":"https:\/\/www.jornalja.com.br\/arquivo\/#website","url":"https:\/\/www.jornalja.com.br\/arquivo\/","name":"Arquivo","description":"Jornal J\u00c1 | Porto Alegre","inLanguage":"pt-BR","publisher":{"@id":"https:\/\/www.jornalja.com.br\/arquivo\/#organization"}}]},"og:locale":"pt_BR","og:site_name":"Arquivo | Jornal J\u00c1 | Porto Alegre","og:type":"article","og:title":"Isen\u00e7\u00f5es tribut\u00e1rias e rendimentos declarados dos excelent\u00edssimos magistrados | Arquivo","og:url":"https:\/\/www.jornalja.com.br\/arquivo\/isencoes-tributarias-e-rendimentos-declarados-dos-excelentissimos-magistrados\/","og:image":"https:\/\/www.jornalja.com.br\/wp-content\/uploads\/2018\/03\/m\u00e9dia-rendimentos.jpg","og:image:secure_url":"https:\/\/www.jornalja.com.br\/wp-content\/uploads\/2018\/03\/m\u00e9dia-rendimentos.jpg","article:published_time":"2018-03-01T15:26:35+00:00","article:modified_time":"2018-03-01T15:26:35+00:00","twitter:card":"summary","twitter:title":"Isen\u00e7\u00f5es tribut\u00e1rias e rendimentos declarados dos excelent\u00edssimos magistrados | Arquivo","twitter:image":"https:\/\/www.jornalja.com.br\/economics\/wp-content\/uploads\/sites\/11\/2026\/08\/ja-folhaderosto-facebook.jpg"},"aioseo_meta_data":{"post_id":"60214","title":null,"description":null,"keywords":null,"keyphrases":null,"primary_term":null,"canonical_url":null,"og_title":null,"og_description":null,"og_object_type":"default","og_image_type":"default","og_image_url":null,"og_image_width":null,"og_image_height":null,"og_image_custom_url":null,"og_image_custom_fields":null,"og_video":null,"og_custom_url":null,"og_article_section":null,"og_article_tags":null,"twitter_use_og":false,"twitter_card":"default","twitter_image_type":"default","twitter_image_url":null,"twitter_image_custom_url":null,"twitter_image_custom_fields":null,"twitter_title":null,"twitter_description":null,"schema":{"blockGraphs":[],"customGraphs":[],"default":{"data":{"Article":[],"Course":[],"Dataset":[],"FAQPage":[],"Movie":[],"Person":[],"Product":[],"ProductReview":[],"Car":[],"Recipe":[],"Service":[],"SoftwareApplication":[],"WebPage":[]},"graphName":"","isEnabled":true},"graphs":[],"defaultGraph":"","defaultPostTypeGraph":""},"schema_type":null,"schema_type_options":null,"pillar_content":false,"robots_default":true,"robots_noindex":false,"robots_noarchive":false,"robots_nosnippet":false,"robots_nofollow":false,"robots_noimageindex":false,"robots_noodp":false,"robots_notranslate":false,"robots_max_snippet":null,"robots_max_videopreview":null,"robots_max_imagepreview":"large","priority":null,"frequency":null,"location":null,"local_seo":null,"breadcrumb_settings":null,"limit_modified_date":false,"ai":null,"created":"2020-12-20 20:17:17","updated":"2025-07-20 03:45:37","seo_analyzer_scan_date":null,"focus_keyword":null,"additional_keywords":null,"truseo_locale":null},"jetpack_sharing_enabled":true,"jetpack-related-posts":[{"id":13109,"url":"https:\/\/www.jornalja.com.br\/arquivo\/judiciario-reconhece-poluicao-eletromagnetica\/","url_meta":{"origin":60214,"position":0},"title":"Judici\u00e1rio reconhece polui\u00e7\u00e3o eletromagn\u00e9tica","author":"Patr\u00edcia Marini","date":"16 de maio de 2014","format":false,"excerpt":"A\u00e7\u00e3o de duas associa\u00e7\u00f5es de moradores foi acolhida pelo Tribunal de Justi\u00e7a de S\u00e3o Paulo que. em decis\u00e3o in\u00e9dita, determinou a redu\u00e7\u00e3o do campo eletromagn\u00e9tico gerado pelas linhas de transmiss\u00e3o de energia que cortam os bairros City Boa\u00e7ava e Alto de Pinheiros. \u00c9 a primeira vez que um tribunal do\u2026","rel":"","context":"Em &quot;X.Categorias velhas&quot;","block_context":{"text":"X.Categorias velhas","link":"https:\/\/www.jornalja.com.br\/arquivo\/category\/x-categorias-velhas\/"},"img":{"alt_text":"","src":"","width":0,"height":0},"classes":[]},{"id":13128,"url":"https:\/\/www.jornalja.com.br\/arquivo\/maconha-terra-diz-que-uso-medicinal-e-desculpa\/","url_meta":{"origin":60214,"position":1},"title":"Maconha: Terra diz que uso medicinal \u00e9 desculpa","author":"Patr\u00edcia Marini","date":"4 de junho de 2014","format":false,"excerpt":"A condi\u00e7\u00e3o de pol\u00edtico, em \u00e9poca de campanha de campanha eleitoral, tira for\u00e7a do discurso do m\u00e9dico Osmar Terra contra a legaliza\u00e7\u00e3o da maconha. A tese dele de que a libera\u00e7\u00e3o vai ampliar exponencialmente o consumo \u00e9 discutivel, o consumo \u00e9 corrente. Mas seus alertas quanto aos riscos tem que\u2026","rel":"","context":"Em &quot;X.Categorias velhas&quot;","block_context":{"text":"X.Categorias velhas","link":"https:\/\/www.jornalja.com.br\/arquivo\/category\/x-categorias-velhas\/"},"img":{"alt_text":"","src":"","width":0,"height":0},"classes":[]},{"id":14241,"url":"https:\/\/www.jornalja.com.br\/arquivo\/o-guaiba-nas-imagens-poeticas-de-achutti\/","url_meta":{"origin":60214,"position":2},"title":"O Gua\u00edba nas imagens po\u00e9ticas de Achutti","author":"da Reda\u00e7\u00e3o","date":"18 de junho de 2014","format":false,"excerpt":"Em \u201cO Gua\u00edba por Achutti\u201d \u2013 obra financiada via Minist\u00e9rio da Cultura, produ\u00e7\u00e3o executiva de Pedro Longhi, e Fl\u00e1vio Wild como designer \u2013, o fot\u00f3grafo revela a beleza e as mazelas de um espa\u00e7o aqu\u00e1tico de \u00e1guas sempre renovadas, cheio de hist\u00f3rias e lendas como as das cidades que foram\u2026","rel":"","context":"Em &quot;Cultura-Geral&quot;","block_context":{"text":"Cultura-Geral","link":"https:\/\/www.jornalja.com.br\/arquivo\/category\/materiasecundaria\/"},"img":{"alt_text":"","src":"","width":0,"height":0},"classes":[]},{"id":12960,"url":"https:\/\/www.jornalja.com.br\/arquivo\/populacao-culpa-empresas-pela-greve-dos-rodoviarios\/","url_meta":{"origin":60214,"position":3},"title":"Popula\u00e7\u00e3o culpa empresas pela greve","author":"Patr\u00edcia Marini","date":"14 de fevereiro de 2014","format":false,"excerpt":"Pesquisa divulgada na edi\u00e7\u00e3o do jornal Metro desta sexta-feira,14, comprova o velho ditado: \u00e9 poss\u00edvel enganar muitos por algum tempo, mas n\u00e3o \u00e9 poss\u00edvel enganar a todos o tempo inteiro. A principal revela\u00e7\u00e3o foi que 59,8% dos entrevistados apontaram as empresas como as principais respons\u00e1veis pela grave e 46% culparam\u2026","rel":"","context":"Em &quot;X.Categorias velhas&quot;","block_context":{"text":"X.Categorias velhas","link":"https:\/\/www.jornalja.com.br\/arquivo\/category\/x-categorias-velhas\/"},"img":{"alt_text":"","src":"","width":0,"height":0},"classes":[]},{"id":13101,"url":"https:\/\/www.jornalja.com.br\/arquivo\/morre-um-guerreiro-do-texto\/","url_meta":{"origin":60214,"position":4},"title":"Morre um guerreiro do texto","author":"Patr\u00edcia Marini","date":"14 de maio de 2014","format":false,"excerpt":"Por Ricardo Kotscho Reproduzido do blog do autor, 11\/5\/2014; t\u00edtulo original \u201cE l\u00e1 se foi o nosso Myltainho, guerreiro do texto\u201d. Mi\u00fado e franzino, meu amigo Myltainho era um valente e inconformado guerreiro na luta contra as injusti\u00e7as sociais, a hipocrisia, as maracutaias, o autoritarismo, a intoler\u00e2ncia, a viol\u00eancia, o\u2026","rel":"","context":"Em &quot;Geral&quot;","block_context":{"text":"Geral","link":"https:\/\/www.jornalja.com.br\/arquivo\/category\/geral\/"},"img":{"alt_text":"","src":"","width":0,"height":0},"classes":[]},{"id":13240,"url":"https:\/\/www.jornalja.com.br\/arquivo\/plano-diretor-estamos-construindo-o-caos\/","url_meta":{"origin":60214,"position":5},"title":"Plano diretor: &quot;Estamos construindo o caos&quot;","author":"Patr\u00edcia Marini","date":"26 de maio de 2014","format":false,"excerpt":"Desabafo que arquiteta Eliana Castilhos, delegada da Regi\u00e3o de Planejamento 1, postou nas redes sociais \u00e9 um testemunho do ambiente que se criou no Conselho do Plano Diretor de Porto Alegre, onde a aprova\u00e7\u00e3o de grandes empreendimentos \u00e9 empurrada guela abaixo dos conselheiros. Ao CMDUA Como delegada da Regi\u00e3o de\u2026","rel":"","context":"Em &quot;Geral&quot;","block_context":{"text":"Geral","link":"https:\/\/www.jornalja.com.br\/arquivo\/category\/geral\/"},"img":{"alt_text":"","src":"","width":0,"height":0},"classes":[]}],"jetpack_shortlink":"https:\/\/wp.me\/pbQjBd-fFc","jetpack_featured_media_url":"","_links":{"self":[{"href":"https:\/\/www.jornalja.com.br\/arquivo\/wp-json\/wp\/v2\/posts\/60214","targetHints":{"allow":["GET"]}}],"collection":[{"href":"https:\/\/www.jornalja.com.br\/arquivo\/wp-json\/wp\/v2\/posts"}],"about":[{"href":"https:\/\/www.jornalja.com.br\/arquivo\/wp-json\/wp\/v2\/types\/post"}],"author":[{"embeddable":true,"href":"https:\/\/www.jornalja.com.br\/arquivo\/wp-json\/wp\/v2\/users\/4"}],"replies":[{"embeddable":true,"href":"https:\/\/www.jornalja.com.br\/arquivo\/wp-json\/wp\/v2\/comments?post=60214"}],"version-history":[{"count":0,"href":"https:\/\/www.jornalja.com.br\/arquivo\/wp-json\/wp\/v2\/posts\/60214\/revisions"}],"wp:attachment":[{"href":"https:\/\/www.jornalja.com.br\/arquivo\/wp-json\/wp\/v2\/media?parent=60214"}],"wp:term":[{"taxonomy":"category","embeddable":true,"href":"https:\/\/www.jornalja.com.br\/arquivo\/wp-json\/wp\/v2\/categories?post=60214"},{"taxonomy":"post_tag","embeddable":true,"href":"https:\/\/www.jornalja.com.br\/arquivo\/wp-json\/wp\/v2\/tags?post=60214"}],"curies":[{"name":"wp","href":"https:\/\/api.w.org\/{rel}","templated":true}]}}