{"id":60311,"date":"2018-03-02T17:08:57","date_gmt":"2018-03-02T20:08:57","guid":{"rendered":"https:\/\/www.jornalja.com.br\/?p=60311"},"modified":"2018-03-02T17:08:57","modified_gmt":"2018-03-02T20:08:57","slug":"tribunal-mantem-decisao-de-que-reus-do-caso-kiss-nao-irao-a-juri","status":"publish","type":"post","link":"https:\/\/www.jornalja.com.br\/arquivo\/tribunal-mantem-decisao-de-que-reus-do-caso-kiss-nao-irao-a-juri\/","title":{"rendered":"Tribunal mant\u00e9m decis\u00e3o de que r\u00e9us do caso Kiss n\u00e3o ir\u00e3o a j\u00fari"},"content":{"rendered":"<p>A Justi\u00e7a manteve nesta sexta-feira, 02\/03, a decis\u00e3o de que os quatro r\u00e9us do processo principal que apura as responsabilidades pelo inc\u00eandio na Boate Kiss\u00a0n\u00e3o devem ir a J\u00fari popular.<br \/>\nEm 27 de janeiro de 2013, um inc\u00eandio na boate, no Centro da cidade de Santa Maria, resultou na morte de 242 pessoas, na maioria jovens, e deixou mais de 600 feridos.<br \/>\nO recurso apresentado pelo Minist\u00e9rio P\u00fablico (MP), contra a decis\u00e3o do Tribunal de Justi\u00e7a (TJ), que determinava que os r\u00e9us n\u00e3o iriam a j\u00fari popular, foi julgado e derrubado.<br \/>\nA sess\u00e3o durou apenas 15 minutos e a decis\u00e3o foi un\u00e2nime. O 1\u00ba Grupo Criminal do TJ do Estado\u00a0negou o recurso apresentado pelo MP, com placar de 5 a 0. Os antigos donos da boate, Elissandro Spohr e Mauro Hoffmann, al\u00e9m dos m\u00fasicos da banda Gurizada Fandangueira, Luciano Bonilha Le\u00e3o e Marcelo de Jesus dos Santos, devem ser julgados por um juiz criminal de Santa Maria.<br \/>\nEles v\u00e3o responder por homic\u00eddio culposo e inc\u00eandio. Caso fossem submetidos ao Tribunal do J\u00fari, seriam julgados por homic\u00eddio doloso ou com dolo eventual, quando, mesmo sem inten\u00e7\u00e3o, assume-se o risco de matar.<br \/>\nA decis\u00e3o inicial, de que os quatro seriam julgados por um juiz criminal\u00a0foi tomada no dia 1\u00ba de dezembro do ano passado\u00a0e contestada pelo MP.<br \/>\nO MP deve recorrer da decis\u00e3o ao Superior Tribunal de Justi\u00e7a (STF), atrav\u00e9s de um recurso especial e, paralelamente, ao Supremo Tribunal Federal (STF), com um recurso extraordin\u00e1rio.<br \/>\nDurante o julgamento, o MP esteve representado pelo procurador de Justi\u00e7a S\u00edlvio Munhoz.<br \/>\nO subprocurador-geral de Justi\u00e7a para Assuntos Institucionais, Marcelo Dornelles, reafirmou, ap\u00f3s a decis\u00e3o desta sexta-feira, que o MP n\u00e3o ir\u00e1 desistir de levar esse caso a julgamento popular. \u201cReafirmamos nosso compromisso desde o in\u00edcio do processo com a tramita\u00e7\u00e3o c\u00e9lere e lamentamos que essa decis\u00e3o ocasionar\u00e1 um tempo maior para que se chegue ao julgamento&#8221;, disse.<br \/>\nAlguns familiares de v\u00edtimas da trag\u00e9dia da Kiss acompanharam a sess\u00e3o no TJ\/RS e sa\u00edram revoltados do local.<\/p>\n","protected":false},"excerpt":{"rendered":"<p>A Justi\u00e7a manteve nesta sexta-feira, 02\/03, a decis\u00e3o de que os quatro r\u00e9us do processo principal que apura as responsabilidades pelo inc\u00eandio na Boate Kiss\u00a0n\u00e3o devem ir a J\u00fari popular. Em 27 de janeiro de 2013, um inc\u00eandio na boate, no Centro da cidade de Santa Maria, resultou na morte de 242 pessoas, na maioria [&hellip;]<\/p>\n","protected":false},"author":4,"featured_media":0,"comment_status":"open","ping_status":"closed","sticky":false,"template":"","format":"standard","meta":{"_jetpack_newsletter_access":"","_jetpack_dont_email_post_to_subs":false,"_jetpack_newsletter_tier_id":0,"_jetpack_memberships_contains_paywalled_content":false,"_jetpack_feature_clip_id":0,"_jetpack_memberships_contains_paid_content":false,"footnotes":"","jetpack_post_was_ever_published":false},"categories":[2022],"tags":[],"class_list":["post-60311","post","type-post","status-publish","format-standard","hentry","category-notas"],"aioseo_notices":[],"aioseo_head":"\n\t\t<!-- All in One SEO 5.0.1.1 - aioseo.com -->\n\t<meta name=\"robots\" content=\"max-image-preview:large\" \/>\n\t<meta name=\"author\" content=\"da Reda\u00e7\u00e3o\"\/>\n\t<link rel=\"canonical\" href=\"https:\/\/www.jornalja.com.br\/arquivo\/tribunal-mantem-decisao-de-que-reus-do-caso-kiss-nao-irao-a-juri\/\" \/>\n\t<meta name=\"generator\" content=\"All in One SEO (AIOSEO) 5.0.1.1\" \/>\n\t\t<meta property=\"og:locale\" content=\"pt_BR\" \/>\n\t\t<meta property=\"og:site_name\" content=\"Arquivo | Jornal J\u00c1 | Porto Alegre\" \/>\n\t\t<meta property=\"og:type\" content=\"article\" \/>\n\t\t<meta property=\"og:title\" content=\"Tribunal mant\u00e9m decis\u00e3o de que r\u00e9us do caso Kiss n\u00e3o ir\u00e3o a j\u00fari | Arquivo\" \/>\n\t\t<meta property=\"og:url\" content=\"https:\/\/www.jornalja.com.br\/arquivo\/tribunal-mantem-decisao-de-que-reus-do-caso-kiss-nao-irao-a-juri\/\" \/>\n\t\t<meta property=\"og:image\" content=\"https:\/\/www.jornalja.com.br\/economics\/wp-content\/uploads\/sites\/11\/2026\/08\/ja-folhaderosto-facebook.jpg\" \/>\n\t\t<meta property=\"og:image:secure_url\" content=\"https:\/\/www.jornalja.com.br\/economics\/wp-content\/uploads\/sites\/11\/2026\/08\/ja-folhaderosto-facebook.jpg\" \/>\n\t\t<meta property=\"article:published_time\" content=\"2018-03-02T20:08:57+00:00\" \/>\n\t\t<meta property=\"article:modified_time\" content=\"2018-03-02T20:08:57+00:00\" \/>\n\t\t<meta name=\"twitter:card\" content=\"summary\" \/>\n\t\t<meta name=\"twitter:title\" content=\"Tribunal mant\u00e9m decis\u00e3o de que r\u00e9us do caso Kiss n\u00e3o ir\u00e3o a j\u00fari | Arquivo\" \/>\n\t\t<meta name=\"twitter:image\" content=\"https:\/\/www.jornalja.com.br\/economics\/wp-content\/uploads\/sites\/11\/2026\/08\/ja-folhaderosto-facebook.jpg\" \/>\n\t\t<script type=\"application\/ld+json\" class=\"aioseo-schema\">\n\t\t\t{\"@context\":\"https:\\\/\\\/schema.org\",\"@graph\":[{\"@type\":\"BlogPosting\",\"@id\":\"https:\\\/\\\/www.jornalja.com.br\\\/arquivo\\\/tribunal-mantem-decisao-de-que-reus-do-caso-kiss-nao-irao-a-juri\\\/#blogposting\",\"name\":\"Tribunal mant\\u00e9m decis\\u00e3o de que r\\u00e9us do caso Kiss n\\u00e3o ir\\u00e3o a j\\u00fari | Arquivo\",\"headline\":\"Tribunal mant\\u00e9m decis\\u00e3o de que r\\u00e9us do caso Kiss n\\u00e3o ir\\u00e3o a j\\u00fari\",\"author\":{\"@id\":\"https:\\\/\\\/www.jornalja.com.br\\\/arquivo\\\/author\\\/daredacao\\\/#author\"},\"publisher\":{\"@id\":\"https:\\\/\\\/www.jornalja.com.br\\\/arquivo\\\/#organization\"},\"image\":{\"@type\":\"ImageObject\",\"url\":\"https:\\\/\\\/www.jornalja.com.br\\\/wp-content\\\/uploads\\\/cards\\\/JAslogan.png\",\"@id\":\"https:\\\/\\\/www.jornalja.com.br\\\/arquivo\\\/#articleImage\"},\"datePublished\":\"2018-03-02T17:08:57-03:00\",\"dateModified\":\"2018-03-02T17:08:57-03:00\",\"inLanguage\":\"pt-BR\",\"mainEntityOfPage\":{\"@id\":\"https:\\\/\\\/www.jornalja.com.br\\\/arquivo\\\/tribunal-mantem-decisao-de-que-reus-do-caso-kiss-nao-irao-a-juri\\\/#webpage\"},\"isPartOf\":{\"@id\":\"https:\\\/\\\/www.jornalja.com.br\\\/arquivo\\\/tribunal-mantem-decisao-de-que-reus-do-caso-kiss-nao-irao-a-juri\\\/#webpage\"},\"articleSection\":\"NOTAS\"},{\"@type\":\"BreadcrumbList\",\"@id\":\"https:\\\/\\\/www.jornalja.com.br\\\/arquivo\\\/tribunal-mantem-decisao-de-que-reus-do-caso-kiss-nao-irao-a-juri\\\/#breadcrumblist\",\"itemListElement\":[{\"@type\":\"ListItem\",\"@id\":\"https:\\\/\\\/www.jornalja.com.br\\\/arquivo#listItem\",\"position\":1,\"name\":\"Home\",\"item\":\"https:\\\/\\\/www.jornalja.com.br\\\/arquivo\",\"nextItem\":{\"@type\":\"ListItem\",\"@id\":\"https:\\\/\\\/www.jornalja.com.br\\\/arquivo\\\/category\\\/notas\\\/#listItem\",\"name\":\"NOTAS\"}},{\"@type\":\"ListItem\",\"@id\":\"https:\\\/\\\/www.jornalja.com.br\\\/arquivo\\\/category\\\/notas\\\/#listItem\",\"position\":2,\"name\":\"NOTAS\",\"item\":\"https:\\\/\\\/www.jornalja.com.br\\\/arquivo\\\/category\\\/notas\\\/\",\"nextItem\":{\"@type\":\"ListItem\",\"@id\":\"https:\\\/\\\/www.jornalja.com.br\\\/arquivo\\\/tribunal-mantem-decisao-de-que-reus-do-caso-kiss-nao-irao-a-juri\\\/#listItem\",\"name\":\"Tribunal mant\\u00e9m decis\\u00e3o de que r\\u00e9us do caso Kiss n\\u00e3o ir\\u00e3o a j\\u00fari\"},\"previousItem\":{\"@type\":\"ListItem\",\"@id\":\"https:\\\/\\\/www.jornalja.com.br\\\/arquivo#listItem\",\"name\":\"Home\"}},{\"@type\":\"ListItem\",\"@id\":\"https:\\\/\\\/www.jornalja.com.br\\\/arquivo\\\/tribunal-mantem-decisao-de-que-reus-do-caso-kiss-nao-irao-a-juri\\\/#listItem\",\"position\":3,\"name\":\"Tribunal mant\\u00e9m decis\\u00e3o de que r\\u00e9us do caso Kiss n\\u00e3o ir\\u00e3o a j\\u00fari\",\"previousItem\":{\"@type\":\"ListItem\",\"@id\":\"https:\\\/\\\/www.jornalja.com.br\\\/arquivo\\\/category\\\/notas\\\/#listItem\",\"name\":\"NOTAS\"}}]},{\"@type\":\"Organization\",\"@id\":\"https:\\\/\\\/www.jornalja.com.br\\\/arquivo\\\/#organization\",\"name\":\"Jornal J\\u00c1\",\"description\":\"Jornal J\\u00c1 | Porto Alegre\",\"url\":\"https:\\\/\\\/www.jornalja.com.br\\\/arquivo\\\/\",\"telephone\":\"+555133307272\",\"logo\":{\"@type\":\"ImageObject\",\"url\":\"https:\\\/\\\/www.jornalja.com.br\\\/wp-content\\\/uploads\\\/cards\\\/JAslogan.png\",\"@id\":\"https:\\\/\\\/www.jornalja.com.br\\\/arquivo\\\/tribunal-mantem-decisao-de-que-reus-do-caso-kiss-nao-irao-a-juri\\\/#organizationLogo\"},\"image\":{\"@id\":\"https:\\\/\\\/www.jornalja.com.br\\\/arquivo\\\/tribunal-mantem-decisao-de-que-reus-do-caso-kiss-nao-irao-a-juri\\\/#organizationLogo\"}},{\"@type\":\"Person\",\"@id\":\"https:\\\/\\\/www.jornalja.com.br\\\/arquivo\\\/author\\\/daredacao\\\/#author\",\"url\":\"https:\\\/\\\/www.jornalja.com.br\\\/arquivo\\\/author\\\/daredacao\\\/\",\"name\":\"da Reda\\u00e7\\u00e3o\",\"image\":{\"@type\":\"ImageObject\",\"@id\":\"https:\\\/\\\/www.jornalja.com.br\\\/arquivo\\\/tribunal-mantem-decisao-de-que-reus-do-caso-kiss-nao-irao-a-juri\\\/#authorImage\",\"url\":\"https:\\\/\\\/secure.gravatar.com\\\/avatar\\\/469fd857d6605ad19919d27ed29d35a968a25f6e8fd9318356bbb7f57aae9c65?s=96&d=mm&r=g\",\"width\":96,\"height\":96,\"caption\":\"da Reda\\u00e7\\u00e3o\"}},{\"@type\":\"WebPage\",\"@id\":\"https:\\\/\\\/www.jornalja.com.br\\\/arquivo\\\/tribunal-mantem-decisao-de-que-reus-do-caso-kiss-nao-irao-a-juri\\\/#webpage\",\"url\":\"https:\\\/\\\/www.jornalja.com.br\\\/arquivo\\\/tribunal-mantem-decisao-de-que-reus-do-caso-kiss-nao-irao-a-juri\\\/\",\"name\":\"Tribunal mant\\u00e9m decis\\u00e3o de que r\\u00e9us do caso Kiss n\\u00e3o ir\\u00e3o a j\\u00fari | Arquivo\",\"inLanguage\":\"pt-BR\",\"isPartOf\":{\"@id\":\"https:\\\/\\\/www.jornalja.com.br\\\/arquivo\\\/#website\"},\"breadcrumb\":{\"@id\":\"https:\\\/\\\/www.jornalja.com.br\\\/arquivo\\\/tribunal-mantem-decisao-de-que-reus-do-caso-kiss-nao-irao-a-juri\\\/#breadcrumblist\"},\"author\":{\"@id\":\"https:\\\/\\\/www.jornalja.com.br\\\/arquivo\\\/author\\\/daredacao\\\/#author\"},\"creator\":{\"@id\":\"https:\\\/\\\/www.jornalja.com.br\\\/arquivo\\\/author\\\/daredacao\\\/#author\"},\"datePublished\":\"2018-03-02T17:08:57-03:00\",\"dateModified\":\"2018-03-02T17:08:57-03:00\"},{\"@type\":\"WebSite\",\"@id\":\"https:\\\/\\\/www.jornalja.com.br\\\/arquivo\\\/#website\",\"url\":\"https:\\\/\\\/www.jornalja.com.br\\\/arquivo\\\/\",\"name\":\"Arquivo\",\"description\":\"Jornal J\\u00c1 | Porto Alegre\",\"inLanguage\":\"pt-BR\",\"publisher\":{\"@id\":\"https:\\\/\\\/www.jornalja.com.br\\\/arquivo\\\/#organization\"}}]}\n\t\t<\/script>\n\t\t<!-- All in One SEO -->\n\n","aioseo_head_json":{"title":"Tribunal mant\u00e9m decis\u00e3o de que r\u00e9us do caso Kiss n\u00e3o ir\u00e3o a j\u00fari | Arquivo","description":"","canonical_url":"https:\/\/www.jornalja.com.br\/arquivo\/tribunal-mantem-decisao-de-que-reus-do-caso-kiss-nao-irao-a-juri\/","robots":"max-image-preview:large","keywords":"","webmasterTools":{"miscellaneous":""},"schema":{"@context":"https:\/\/schema.org","@graph":[{"@type":"BlogPosting","@id":"https:\/\/www.jornalja.com.br\/arquivo\/tribunal-mantem-decisao-de-que-reus-do-caso-kiss-nao-irao-a-juri\/#blogposting","name":"Tribunal mant\u00e9m decis\u00e3o de que r\u00e9us do caso Kiss n\u00e3o ir\u00e3o a j\u00fari | Arquivo","headline":"Tribunal mant\u00e9m decis\u00e3o de que r\u00e9us do caso Kiss n\u00e3o ir\u00e3o a j\u00fari","author":{"@id":"https:\/\/www.jornalja.com.br\/arquivo\/author\/daredacao\/#author"},"publisher":{"@id":"https:\/\/www.jornalja.com.br\/arquivo\/#organization"},"image":{"@type":"ImageObject","url":"https:\/\/www.jornalja.com.br\/wp-content\/uploads\/cards\/JAslogan.png","@id":"https:\/\/www.jornalja.com.br\/arquivo\/#articleImage"},"datePublished":"2018-03-02T17:08:57-03:00","dateModified":"2018-03-02T17:08:57-03:00","inLanguage":"pt-BR","mainEntityOfPage":{"@id":"https:\/\/www.jornalja.com.br\/arquivo\/tribunal-mantem-decisao-de-que-reus-do-caso-kiss-nao-irao-a-juri\/#webpage"},"isPartOf":{"@id":"https:\/\/www.jornalja.com.br\/arquivo\/tribunal-mantem-decisao-de-que-reus-do-caso-kiss-nao-irao-a-juri\/#webpage"},"articleSection":"NOTAS"},{"@type":"BreadcrumbList","@id":"https:\/\/www.jornalja.com.br\/arquivo\/tribunal-mantem-decisao-de-que-reus-do-caso-kiss-nao-irao-a-juri\/#breadcrumblist","itemListElement":[{"@type":"ListItem","@id":"https:\/\/www.jornalja.com.br\/arquivo#listItem","position":1,"name":"Home","item":"https:\/\/www.jornalja.com.br\/arquivo","nextItem":{"@type":"ListItem","@id":"https:\/\/www.jornalja.com.br\/arquivo\/category\/notas\/#listItem","name":"NOTAS"}},{"@type":"ListItem","@id":"https:\/\/www.jornalja.com.br\/arquivo\/category\/notas\/#listItem","position":2,"name":"NOTAS","item":"https:\/\/www.jornalja.com.br\/arquivo\/category\/notas\/","nextItem":{"@type":"ListItem","@id":"https:\/\/www.jornalja.com.br\/arquivo\/tribunal-mantem-decisao-de-que-reus-do-caso-kiss-nao-irao-a-juri\/#listItem","name":"Tribunal mant\u00e9m decis\u00e3o de que r\u00e9us do caso Kiss n\u00e3o ir\u00e3o a j\u00fari"},"previousItem":{"@type":"ListItem","@id":"https:\/\/www.jornalja.com.br\/arquivo#listItem","name":"Home"}},{"@type":"ListItem","@id":"https:\/\/www.jornalja.com.br\/arquivo\/tribunal-mantem-decisao-de-que-reus-do-caso-kiss-nao-irao-a-juri\/#listItem","position":3,"name":"Tribunal mant\u00e9m decis\u00e3o de que r\u00e9us do caso Kiss n\u00e3o ir\u00e3o a j\u00fari","previousItem":{"@type":"ListItem","@id":"https:\/\/www.jornalja.com.br\/arquivo\/category\/notas\/#listItem","name":"NOTAS"}}]},{"@type":"Organization","@id":"https:\/\/www.jornalja.com.br\/arquivo\/#organization","name":"Jornal J\u00c1","description":"Jornal J\u00c1 | Porto Alegre","url":"https:\/\/www.jornalja.com.br\/arquivo\/","telephone":"+555133307272","logo":{"@type":"ImageObject","url":"https:\/\/www.jornalja.com.br\/wp-content\/uploads\/cards\/JAslogan.png","@id":"https:\/\/www.jornalja.com.br\/arquivo\/tribunal-mantem-decisao-de-que-reus-do-caso-kiss-nao-irao-a-juri\/#organizationLogo"},"image":{"@id":"https:\/\/www.jornalja.com.br\/arquivo\/tribunal-mantem-decisao-de-que-reus-do-caso-kiss-nao-irao-a-juri\/#organizationLogo"}},{"@type":"Person","@id":"https:\/\/www.jornalja.com.br\/arquivo\/author\/daredacao\/#author","url":"https:\/\/www.jornalja.com.br\/arquivo\/author\/daredacao\/","name":"da Reda\u00e7\u00e3o","image":{"@type":"ImageObject","@id":"https:\/\/www.jornalja.com.br\/arquivo\/tribunal-mantem-decisao-de-que-reus-do-caso-kiss-nao-irao-a-juri\/#authorImage","url":"https:\/\/secure.gravatar.com\/avatar\/469fd857d6605ad19919d27ed29d35a968a25f6e8fd9318356bbb7f57aae9c65?s=96&d=mm&r=g","width":96,"height":96,"caption":"da Reda\u00e7\u00e3o"}},{"@type":"WebPage","@id":"https:\/\/www.jornalja.com.br\/arquivo\/tribunal-mantem-decisao-de-que-reus-do-caso-kiss-nao-irao-a-juri\/#webpage","url":"https:\/\/www.jornalja.com.br\/arquivo\/tribunal-mantem-decisao-de-que-reus-do-caso-kiss-nao-irao-a-juri\/","name":"Tribunal mant\u00e9m decis\u00e3o de que r\u00e9us do caso Kiss n\u00e3o ir\u00e3o a j\u00fari | Arquivo","inLanguage":"pt-BR","isPartOf":{"@id":"https:\/\/www.jornalja.com.br\/arquivo\/#website"},"breadcrumb":{"@id":"https:\/\/www.jornalja.com.br\/arquivo\/tribunal-mantem-decisao-de-que-reus-do-caso-kiss-nao-irao-a-juri\/#breadcrumblist"},"author":{"@id":"https:\/\/www.jornalja.com.br\/arquivo\/author\/daredacao\/#author"},"creator":{"@id":"https:\/\/www.jornalja.com.br\/arquivo\/author\/daredacao\/#author"},"datePublished":"2018-03-02T17:08:57-03:00","dateModified":"2018-03-02T17:08:57-03:00"},{"@type":"WebSite","@id":"https:\/\/www.jornalja.com.br\/arquivo\/#website","url":"https:\/\/www.jornalja.com.br\/arquivo\/","name":"Arquivo","description":"Jornal J\u00c1 | Porto Alegre","inLanguage":"pt-BR","publisher":{"@id":"https:\/\/www.jornalja.com.br\/arquivo\/#organization"}}]},"og:locale":"pt_BR","og:site_name":"Arquivo | Jornal J\u00c1 | Porto Alegre","og:type":"article","og:title":"Tribunal mant\u00e9m decis\u00e3o de que r\u00e9us do caso Kiss n\u00e3o ir\u00e3o a j\u00fari | Arquivo","og:url":"https:\/\/www.jornalja.com.br\/arquivo\/tribunal-mantem-decisao-de-que-reus-do-caso-kiss-nao-irao-a-juri\/","og:image":"https:\/\/www.jornalja.com.br\/economics\/wp-content\/uploads\/sites\/11\/2026\/08\/ja-folhaderosto-facebook.jpg","og:image:secure_url":"https:\/\/www.jornalja.com.br\/economics\/wp-content\/uploads\/sites\/11\/2026\/08\/ja-folhaderosto-facebook.jpg","article:published_time":"2018-03-02T20:08:57+00:00","article:modified_time":"2018-03-02T20:08:57+00:00","twitter:card":"summary","twitter:title":"Tribunal mant\u00e9m decis\u00e3o de que r\u00e9us do caso Kiss n\u00e3o ir\u00e3o a j\u00fari | Arquivo","twitter:image":"https:\/\/www.jornalja.com.br\/economics\/wp-content\/uploads\/sites\/11\/2026\/08\/ja-folhaderosto-facebook.jpg"},"aioseo_meta_data":{"post_id":"60311","title":null,"description":null,"keywords":null,"keyphrases":null,"primary_term":null,"canonical_url":null,"og_title":null,"og_description":null,"og_object_type":"default","og_image_type":"default","og_image_url":null,"og_image_width":null,"og_image_height":null,"og_image_custom_url":null,"og_image_custom_fields":null,"og_video":null,"og_custom_url":null,"og_article_section":null,"og_article_tags":null,"twitter_use_og":false,"twitter_card":"default","twitter_image_type":"default","twitter_image_url":null,"twitter_image_custom_url":null,"twitter_image_custom_fields":null,"twitter_title":null,"twitter_description":null,"schema":{"blockGraphs":[],"customGraphs":[],"default":{"data":{"Article":[],"Course":[],"Dataset":[],"FAQPage":[],"Movie":[],"Person":[],"Product":[],"ProductReview":[],"Car":[],"Recipe":[],"Service":[],"SoftwareApplication":[],"WebPage":[]},"graphName":"","isEnabled":true},"graphs":[],"defaultGraph":"","defaultPostTypeGraph":""},"schema_type":null,"schema_type_options":null,"pillar_content":false,"robots_default":true,"robots_noindex":false,"robots_noarchive":false,"robots_nosnippet":false,"robots_nofollow":false,"robots_noimageindex":false,"robots_noodp":false,"robots_notranslate":false,"robots_max_snippet":null,"robots_max_videopreview":null,"robots_max_imagepreview":"large","priority":null,"frequency":null,"location":null,"local_seo":null,"breadcrumb_settings":null,"limit_modified_date":false,"ai":null,"created":"2020-12-20 20:17:17","updated":"2025-07-20 03:48:21","seo_analyzer_scan_date":null,"focus_keyword":null,"additional_keywords":null,"truseo_locale":null},"jetpack_sharing_enabled":true,"jetpack-related-posts":[{"id":13109,"url":"https:\/\/www.jornalja.com.br\/arquivo\/judiciario-reconhece-poluicao-eletromagnetica\/","url_meta":{"origin":60311,"position":0},"title":"Judici\u00e1rio reconhece polui\u00e7\u00e3o eletromagn\u00e9tica","author":"Patr\u00edcia Marini","date":"16 de maio de 2014","format":false,"excerpt":"A\u00e7\u00e3o de duas associa\u00e7\u00f5es de moradores foi acolhida pelo Tribunal de Justi\u00e7a de S\u00e3o Paulo que. em decis\u00e3o in\u00e9dita, determinou a redu\u00e7\u00e3o do campo eletromagn\u00e9tico gerado pelas linhas de transmiss\u00e3o de energia que cortam os bairros City Boa\u00e7ava e Alto de Pinheiros. \u00c9 a primeira vez que um tribunal do\u2026","rel":"","context":"Em &quot;X.Categorias velhas&quot;","block_context":{"text":"X.Categorias velhas","link":"https:\/\/www.jornalja.com.br\/arquivo\/category\/x-categorias-velhas\/"},"img":{"alt_text":"","src":"","width":0,"height":0},"classes":[]},{"id":12960,"url":"https:\/\/www.jornalja.com.br\/arquivo\/populacao-culpa-empresas-pela-greve-dos-rodoviarios\/","url_meta":{"origin":60311,"position":1},"title":"Popula\u00e7\u00e3o culpa empresas pela greve","author":"Patr\u00edcia Marini","date":"14 de fevereiro de 2014","format":false,"excerpt":"Pesquisa divulgada na edi\u00e7\u00e3o do jornal Metro desta sexta-feira,14, comprova o velho ditado: \u00e9 poss\u00edvel enganar muitos por algum tempo, mas n\u00e3o \u00e9 poss\u00edvel enganar a todos o tempo inteiro. A principal revela\u00e7\u00e3o foi que 59,8% dos entrevistados apontaram as empresas como as principais respons\u00e1veis pela grave e 46% culparam\u2026","rel":"","context":"Em &quot;X.Categorias velhas&quot;","block_context":{"text":"X.Categorias velhas","link":"https:\/\/www.jornalja.com.br\/arquivo\/category\/x-categorias-velhas\/"},"img":{"alt_text":"","src":"","width":0,"height":0},"classes":[]},{"id":13124,"url":"https:\/\/www.jornalja.com.br\/arquivo\/sangue-latino-no-iecine\/","url_meta":{"origin":60311,"position":2},"title":"Sangue latino no IECINE","author":"da Reda\u00e7\u00e3o","date":"18 de maio de 2014","format":false,"excerpt":"Francisco Ribeiro O Instituto Estadual de Cinema (IECINE) tem a frente, desde abril \u00faltimo, um novo diretor, o cineasta colombiano Juan Zapata, 36, que substitui Luiz Alberto Cassol. Radicado h\u00e1 dez anos em Porto Alegre, Zapata tem diante de si o desafio de conduzir at\u00e9 o final do ano um\u2026","rel":"","context":"Em &quot;Cultura-Geral&quot;","block_context":{"text":"Cultura-Geral","link":"https:\/\/www.jornalja.com.br\/arquivo\/category\/materiasecundaria\/"},"img":{"alt_text":"","src":"","width":0,"height":0},"classes":[]},{"id":13240,"url":"https:\/\/www.jornalja.com.br\/arquivo\/plano-diretor-estamos-construindo-o-caos\/","url_meta":{"origin":60311,"position":3},"title":"Plano diretor: &quot;Estamos construindo o caos&quot;","author":"Patr\u00edcia Marini","date":"26 de maio de 2014","format":false,"excerpt":"Desabafo que arquiteta Eliana Castilhos, delegada da Regi\u00e3o de Planejamento 1, postou nas redes sociais \u00e9 um testemunho do ambiente que se criou no Conselho do Plano Diretor de Porto Alegre, onde a aprova\u00e7\u00e3o de grandes empreendimentos \u00e9 empurrada guela abaixo dos conselheiros. Ao CMDUA Como delegada da Regi\u00e3o de\u2026","rel":"","context":"Em &quot;Geral&quot;","block_context":{"text":"Geral","link":"https:\/\/www.jornalja.com.br\/arquivo\/category\/geral\/"},"img":{"alt_text":"","src":"","width":0,"height":0},"classes":[]},{"id":14241,"url":"https:\/\/www.jornalja.com.br\/arquivo\/o-guaiba-nas-imagens-poeticas-de-achutti\/","url_meta":{"origin":60311,"position":4},"title":"O Gua\u00edba nas imagens po\u00e9ticas de Achutti","author":"da Reda\u00e7\u00e3o","date":"18 de junho de 2014","format":false,"excerpt":"Em \u201cO Gua\u00edba por Achutti\u201d \u2013 obra financiada via Minist\u00e9rio da Cultura, produ\u00e7\u00e3o executiva de Pedro Longhi, e Fl\u00e1vio Wild como designer \u2013, o fot\u00f3grafo revela a beleza e as mazelas de um espa\u00e7o aqu\u00e1tico de \u00e1guas sempre renovadas, cheio de hist\u00f3rias e lendas como as das cidades que foram\u2026","rel":"","context":"Em &quot;Cultura-Geral&quot;","block_context":{"text":"Cultura-Geral","link":"https:\/\/www.jornalja.com.br\/arquivo\/category\/materiasecundaria\/"},"img":{"alt_text":"","src":"","width":0,"height":0},"classes":[]}],"jetpack_shortlink":"https:\/\/wp.me\/pbQjBd-fGL","jetpack_featured_media_url":"","_links":{"self":[{"href":"https:\/\/www.jornalja.com.br\/arquivo\/wp-json\/wp\/v2\/posts\/60311","targetHints":{"allow":["GET"]}}],"collection":[{"href":"https:\/\/www.jornalja.com.br\/arquivo\/wp-json\/wp\/v2\/posts"}],"about":[{"href":"https:\/\/www.jornalja.com.br\/arquivo\/wp-json\/wp\/v2\/types\/post"}],"author":[{"embeddable":true,"href":"https:\/\/www.jornalja.com.br\/arquivo\/wp-json\/wp\/v2\/users\/4"}],"replies":[{"embeddable":true,"href":"https:\/\/www.jornalja.com.br\/arquivo\/wp-json\/wp\/v2\/comments?post=60311"}],"version-history":[{"count":0,"href":"https:\/\/www.jornalja.com.br\/arquivo\/wp-json\/wp\/v2\/posts\/60311\/revisions"}],"wp:attachment":[{"href":"https:\/\/www.jornalja.com.br\/arquivo\/wp-json\/wp\/v2\/media?parent=60311"}],"wp:term":[{"taxonomy":"category","embeddable":true,"href":"https:\/\/www.jornalja.com.br\/arquivo\/wp-json\/wp\/v2\/categories?post=60311"},{"taxonomy":"post_tag","embeddable":true,"href":"https:\/\/www.jornalja.com.br\/arquivo\/wp-json\/wp\/v2\/tags?post=60311"}],"curies":[{"name":"wp","href":"https:\/\/api.w.org\/{rel}","templated":true}]}}