{"id":60406,"date":"2018-03-07T10:50:33","date_gmt":"2018-03-07T13:50:33","guid":{"rendered":"https:\/\/www.jornalja.com.br\/?p=60406"},"modified":"2018-03-07T10:50:33","modified_gmt":"2018-03-07T13:50:33","slug":"empresarios-ligados-ao-mbl-apoiam-linha-dura-na-seguranca","status":"publish","type":"post","link":"https:\/\/www.jornalja.com.br\/arquivo\/empresarios-ligados-ao-mbl-apoiam-linha-dura-na-seguranca\/","title":{"rendered":"Empres\u00e1rios ligados ao MBL apoiam linha dura na seguran\u00e7a"},"content":{"rendered":"<p>A Folha de S\u00e3o Paulo publicou hoje detalhes de um \u201cPlano Nacional Emergencial de Seguran\u00e7a e Combate ao Crime\u201d formulado pelo grupo Brasil 200, que re\u00fane empres\u00e1rios de direita ligados ao MBL (Movimento Brasil Livre).<br \/>\nAs informa\u00e7\u00f5es foram obtidas pelo \u00a0jornalista Marcos Augusto Gon\u00e7alves.<br \/>\nNo grupo de empres\u00e1rios citados est\u00e3o, entre outros, executivos e acionistas de empresas como Havan, Riachuelo, Centauro, Dudalina, Polishop, Droga Raia e Habibs.<br \/>\nA proposta, \u201clinha-dura\u201d,\u00a0 por enquanto de car\u00e1ter reservado, tem como objetivo\u00a0defender a interven\u00e7\u00e3o federal no Rio e intervir no debate sobre como enfrentar a criminalidade no pa\u00eds.<br \/>\nO plano, em linhas gerais, segue receita defendida por setores conservadores e bancadas parlamentares ligadas ao lobby das armas, \u00e0 redu\u00e7\u00e3o da maioridade penal e ao agravamento de penas.<br \/>\nNa se\u00e7\u00e3o dedicada a \u201cAltera\u00e7\u00f5es na Legisla\u00e7\u00e3o Penal\u201d, por exemplo, as prioridades s\u00e3o:<\/p>\n<ul>\n<li><strong>Fim do Estatuto do Desarmamento:<\/strong><\/li>\n<li>Cidad\u00e3o sem antecedentes pode adquirir e portar arma<\/li>\n<li>Pena m\u00ednima de 10 anos para uso criminoso de arma privativa das For\u00e7as Armadas<\/li>\n<li><strong>Eleva\u00e7\u00e3o de penas e fim de mecanismos que amenizam o cumprimento integral:<\/strong><\/li>\n<li>Em caso de crimes dolosos que resultam em morte, come\u00e7ar sempre em regime fechado<\/li>\n<li>Pena m\u00ednima de 15 anos para homic\u00eddio<\/li>\n<li>Fim do limite de 30 anos para penas<\/li>\n<li>Fim dos indultos, das sa\u00eddas de feriados, do aux\u00edlio-reclus\u00e3o<\/li>\n<li><strong>Modifica\u00e7\u00e3o imediata do Estatuto da Crian\u00e7a e do Adolescente<\/strong><\/li>\n<li>Se o criminoso j\u00e1 tem 16 anos ou mais ser\u00e1 julgado como maior<\/li>\n<li>\u201cAcabam os termos menor infrator, apreens\u00f5es e medidas socioeducativas\u201d<\/li>\n<li><strong>Mudan\u00e7a da Lei de Execu\u00e7\u00e3o Penal<\/strong><\/li>\n<li>Fim de limites para a aplica\u00e7\u00e3o do Regime Disciplinar Diferenciado<\/li>\n<\/ul>\n<p>A proposta dedica uma se\u00e7\u00e3o ao caso do Rio, na qual prop\u00f5e, entre medidas de endurecimento, \u201copera\u00e7\u00f5es de apoio social\u201d inspiradas na experi\u00eancia das For\u00e7as Armadas no Haiti.<br \/>\nA apresenta\u00e7\u00e3o n\u00e3o esquece o aspecto midi\u00e1tico.\u00a0Para promover a interven\u00e7\u00e3o federal,\u00a0organiza um<strong>\u00a0projeto de\u00a0comunica\u00e7\u00e3o, intitulado\u00a0\u201cCobertura de guerrilha\u201d, que prev\u00ea:<\/strong><\/p>\n<ul>\n<li>\u201cUsar monitoramento digital e blogosfera para identificar e contra-atacar as narrativas contr\u00e1rias \u00e0 opera\u00e7\u00e3o\u201d<\/li>\n<li>\u201cSe poss\u00edvel montar um \u2018MBL News\u2019 di\u00e1rio\u00a0<em>in loco<\/em>\u00a0para acompanhar o desenvolvimento da opera\u00e7\u00e3o e passar a sensa\u00e7\u00e3o de seguran\u00e7a e normalidade\u201d<\/li>\n<li>Amplo, o plano explora tr\u00eas linhas consideradas priorit\u00e1rias: al\u00e9m da Legisla\u00e7\u00e3o Penal, os pres\u00eddios e a reorganiza\u00e7\u00e3o das pol\u00edcias.<\/li>\n<\/ul>\n<p>Trata-se, enfim, de uma proposta de reforma\u00a0do setor lan\u00e7ada por uma ala dura de direita, que v\u00ea na interven\u00e7\u00e3o federal e no repentino estrelato do tema da Seguran\u00e7a P\u00fablica \u2013a \u201cjogada de mestre\u201d a que se referiu o presidente Temer\u2013 uma oportunidade pol\u00edtica oferecida de bandeja.<br \/>\n\u00c9 bom que a proposta seja lida e debatida pelos que\u00a0se interessam pelo assunto e pelos destinos do pa\u00eds. J\u00e1 havia publicado aqui<a href=\"http:\/\/blogdomag.blogfolha.uol.com.br\/2017\/12\/20\/autor-de-elite-da-tropa-propoe-reforma-da-seguranca-com-refundacao-da-policia\/\">\u00a0 uma proposta progressista<\/a>, formulada por Luiz Eduardo Soares. O cotejo pode ser \u00fatil e esclarecedor.<br \/>\n&nbsp;<\/p>\n","protected":false},"excerpt":{"rendered":"<p>A Folha de S\u00e3o Paulo publicou hoje detalhes de um \u201cPlano Nacional Emergencial de Seguran\u00e7a e Combate ao Crime\u201d formulado pelo grupo Brasil 200, que re\u00fane empres\u00e1rios de direita ligados ao MBL (Movimento Brasil Livre). As informa\u00e7\u00f5es foram obtidas pelo \u00a0jornalista Marcos Augusto Gon\u00e7alves. No grupo de empres\u00e1rios citados est\u00e3o, entre outros, executivos e acionistas [&hellip;]<\/p>\n","protected":false},"author":4,"featured_media":0,"comment_status":"open","ping_status":"closed","sticky":false,"template":"","format":"standard","meta":{"_jetpack_newsletter_access":"","_jetpack_dont_email_post_to_subs":false,"_jetpack_newsletter_tier_id":0,"_jetpack_memberships_contains_paywalled_content":false,"_jetpack_feature_clip_id":0,"_jetpack_memberships_contains_paid_content":false,"footnotes":"","jetpack_post_was_ever_published":false},"categories":[2022],"tags":[],"class_list":["post-60406","post","type-post","status-publish","format-standard","hentry","category-notas"],"aioseo_notices":[],"aioseo_head":"\n\t\t<!-- All in One SEO 5.0.1.1 - aioseo.com -->\n\t<meta name=\"robots\" content=\"max-image-preview:large\" \/>\n\t<meta name=\"author\" content=\"da Reda\u00e7\u00e3o\"\/>\n\t<link rel=\"canonical\" href=\"https:\/\/www.jornalja.com.br\/arquivo\/empresarios-ligados-ao-mbl-apoiam-linha-dura-na-seguranca\/\" \/>\n\t<meta name=\"generator\" content=\"All in One SEO (AIOSEO) 5.0.1.1\" \/>\n\t\t<meta property=\"og:locale\" content=\"pt_BR\" \/>\n\t\t<meta property=\"og:site_name\" content=\"Arquivo | Jornal J\u00c1 | Porto Alegre\" \/>\n\t\t<meta property=\"og:type\" content=\"article\" \/>\n\t\t<meta property=\"og:title\" content=\"Empres\u00e1rios ligados ao MBL apoiam linha dura na seguran\u00e7a | Arquivo\" \/>\n\t\t<meta property=\"og:url\" content=\"https:\/\/www.jornalja.com.br\/arquivo\/empresarios-ligados-ao-mbl-apoiam-linha-dura-na-seguranca\/\" \/>\n\t\t<meta property=\"og:image\" content=\"https:\/\/www.jornalja.com.br\/economics\/wp-content\/uploads\/sites\/11\/2026\/08\/ja-folhaderosto-facebook.jpg\" \/>\n\t\t<meta property=\"og:image:secure_url\" content=\"https:\/\/www.jornalja.com.br\/economics\/wp-content\/uploads\/sites\/11\/2026\/08\/ja-folhaderosto-facebook.jpg\" \/>\n\t\t<meta property=\"article:published_time\" content=\"2018-03-07T13:50:33+00:00\" \/>\n\t\t<meta property=\"article:modified_time\" content=\"2018-03-07T13:50:33+00:00\" \/>\n\t\t<meta name=\"twitter:card\" content=\"summary\" \/>\n\t\t<meta name=\"twitter:title\" content=\"Empres\u00e1rios ligados ao MBL apoiam linha dura na seguran\u00e7a | Arquivo\" \/>\n\t\t<meta name=\"twitter:image\" content=\"https:\/\/www.jornalja.com.br\/economics\/wp-content\/uploads\/sites\/11\/2026\/08\/ja-folhaderosto-facebook.jpg\" \/>\n\t\t<script type=\"application\/ld+json\" class=\"aioseo-schema\">\n\t\t\t{\"@context\":\"https:\\\/\\\/schema.org\",\"@graph\":[{\"@type\":\"BlogPosting\",\"@id\":\"https:\\\/\\\/www.jornalja.com.br\\\/arquivo\\\/empresarios-ligados-ao-mbl-apoiam-linha-dura-na-seguranca\\\/#blogposting\",\"name\":\"Empres\\u00e1rios ligados ao MBL apoiam linha dura na seguran\\u00e7a | Arquivo\",\"headline\":\"Empres\\u00e1rios ligados ao MBL apoiam linha dura na seguran\\u00e7a\",\"author\":{\"@id\":\"https:\\\/\\\/www.jornalja.com.br\\\/arquivo\\\/author\\\/daredacao\\\/#author\"},\"publisher\":{\"@id\":\"https:\\\/\\\/www.jornalja.com.br\\\/arquivo\\\/#organization\"},\"image\":{\"@type\":\"ImageObject\",\"url\":\"https:\\\/\\\/www.jornalja.com.br\\\/wp-content\\\/uploads\\\/cards\\\/JAslogan.png\",\"@id\":\"https:\\\/\\\/www.jornalja.com.br\\\/arquivo\\\/#articleImage\"},\"datePublished\":\"2018-03-07T10:50:33-03:00\",\"dateModified\":\"2018-03-07T10:50:33-03:00\",\"inLanguage\":\"pt-BR\",\"mainEntityOfPage\":{\"@id\":\"https:\\\/\\\/www.jornalja.com.br\\\/arquivo\\\/empresarios-ligados-ao-mbl-apoiam-linha-dura-na-seguranca\\\/#webpage\"},\"isPartOf\":{\"@id\":\"https:\\\/\\\/www.jornalja.com.br\\\/arquivo\\\/empresarios-ligados-ao-mbl-apoiam-linha-dura-na-seguranca\\\/#webpage\"},\"articleSection\":\"NOTAS\"},{\"@type\":\"BreadcrumbList\",\"@id\":\"https:\\\/\\\/www.jornalja.com.br\\\/arquivo\\\/empresarios-ligados-ao-mbl-apoiam-linha-dura-na-seguranca\\\/#breadcrumblist\",\"itemListElement\":[{\"@type\":\"ListItem\",\"@id\":\"https:\\\/\\\/www.jornalja.com.br\\\/arquivo#listItem\",\"position\":1,\"name\":\"Home\",\"item\":\"https:\\\/\\\/www.jornalja.com.br\\\/arquivo\",\"nextItem\":{\"@type\":\"ListItem\",\"@id\":\"https:\\\/\\\/www.jornalja.com.br\\\/arquivo\\\/category\\\/notas\\\/#listItem\",\"name\":\"NOTAS\"}},{\"@type\":\"ListItem\",\"@id\":\"https:\\\/\\\/www.jornalja.com.br\\\/arquivo\\\/category\\\/notas\\\/#listItem\",\"position\":2,\"name\":\"NOTAS\",\"item\":\"https:\\\/\\\/www.jornalja.com.br\\\/arquivo\\\/category\\\/notas\\\/\",\"nextItem\":{\"@type\":\"ListItem\",\"@id\":\"https:\\\/\\\/www.jornalja.com.br\\\/arquivo\\\/empresarios-ligados-ao-mbl-apoiam-linha-dura-na-seguranca\\\/#listItem\",\"name\":\"Empres\\u00e1rios ligados ao MBL apoiam linha dura na seguran\\u00e7a\"},\"previousItem\":{\"@type\":\"ListItem\",\"@id\":\"https:\\\/\\\/www.jornalja.com.br\\\/arquivo#listItem\",\"name\":\"Home\"}},{\"@type\":\"ListItem\",\"@id\":\"https:\\\/\\\/www.jornalja.com.br\\\/arquivo\\\/empresarios-ligados-ao-mbl-apoiam-linha-dura-na-seguranca\\\/#listItem\",\"position\":3,\"name\":\"Empres\\u00e1rios ligados ao MBL apoiam linha dura na seguran\\u00e7a\",\"previousItem\":{\"@type\":\"ListItem\",\"@id\":\"https:\\\/\\\/www.jornalja.com.br\\\/arquivo\\\/category\\\/notas\\\/#listItem\",\"name\":\"NOTAS\"}}]},{\"@type\":\"Organization\",\"@id\":\"https:\\\/\\\/www.jornalja.com.br\\\/arquivo\\\/#organization\",\"name\":\"Jornal J\\u00c1\",\"description\":\"Jornal J\\u00c1 | Porto Alegre\",\"url\":\"https:\\\/\\\/www.jornalja.com.br\\\/arquivo\\\/\",\"telephone\":\"+555133307272\",\"logo\":{\"@type\":\"ImageObject\",\"url\":\"https:\\\/\\\/www.jornalja.com.br\\\/wp-content\\\/uploads\\\/cards\\\/JAslogan.png\",\"@id\":\"https:\\\/\\\/www.jornalja.com.br\\\/arquivo\\\/empresarios-ligados-ao-mbl-apoiam-linha-dura-na-seguranca\\\/#organizationLogo\"},\"image\":{\"@id\":\"https:\\\/\\\/www.jornalja.com.br\\\/arquivo\\\/empresarios-ligados-ao-mbl-apoiam-linha-dura-na-seguranca\\\/#organizationLogo\"}},{\"@type\":\"Person\",\"@id\":\"https:\\\/\\\/www.jornalja.com.br\\\/arquivo\\\/author\\\/daredacao\\\/#author\",\"url\":\"https:\\\/\\\/www.jornalja.com.br\\\/arquivo\\\/author\\\/daredacao\\\/\",\"name\":\"da Reda\\u00e7\\u00e3o\",\"image\":{\"@type\":\"ImageObject\",\"@id\":\"https:\\\/\\\/www.jornalja.com.br\\\/arquivo\\\/empresarios-ligados-ao-mbl-apoiam-linha-dura-na-seguranca\\\/#authorImage\",\"url\":\"https:\\\/\\\/secure.gravatar.com\\\/avatar\\\/469fd857d6605ad19919d27ed29d35a968a25f6e8fd9318356bbb7f57aae9c65?s=96&d=mm&r=g\",\"width\":96,\"height\":96,\"caption\":\"da Reda\\u00e7\\u00e3o\"}},{\"@type\":\"WebPage\",\"@id\":\"https:\\\/\\\/www.jornalja.com.br\\\/arquivo\\\/empresarios-ligados-ao-mbl-apoiam-linha-dura-na-seguranca\\\/#webpage\",\"url\":\"https:\\\/\\\/www.jornalja.com.br\\\/arquivo\\\/empresarios-ligados-ao-mbl-apoiam-linha-dura-na-seguranca\\\/\",\"name\":\"Empres\\u00e1rios ligados ao MBL apoiam linha dura na seguran\\u00e7a | Arquivo\",\"inLanguage\":\"pt-BR\",\"isPartOf\":{\"@id\":\"https:\\\/\\\/www.jornalja.com.br\\\/arquivo\\\/#website\"},\"breadcrumb\":{\"@id\":\"https:\\\/\\\/www.jornalja.com.br\\\/arquivo\\\/empresarios-ligados-ao-mbl-apoiam-linha-dura-na-seguranca\\\/#breadcrumblist\"},\"author\":{\"@id\":\"https:\\\/\\\/www.jornalja.com.br\\\/arquivo\\\/author\\\/daredacao\\\/#author\"},\"creator\":{\"@id\":\"https:\\\/\\\/www.jornalja.com.br\\\/arquivo\\\/author\\\/daredacao\\\/#author\"},\"datePublished\":\"2018-03-07T10:50:33-03:00\",\"dateModified\":\"2018-03-07T10:50:33-03:00\"},{\"@type\":\"WebSite\",\"@id\":\"https:\\\/\\\/www.jornalja.com.br\\\/arquivo\\\/#website\",\"url\":\"https:\\\/\\\/www.jornalja.com.br\\\/arquivo\\\/\",\"name\":\"Arquivo\",\"description\":\"Jornal J\\u00c1 | Porto Alegre\",\"inLanguage\":\"pt-BR\",\"publisher\":{\"@id\":\"https:\\\/\\\/www.jornalja.com.br\\\/arquivo\\\/#organization\"}}]}\n\t\t<\/script>\n\t\t<!-- All in One SEO -->\n\n","aioseo_head_json":{"title":"Empres\u00e1rios ligados ao MBL apoiam linha dura na seguran\u00e7a | Arquivo","description":"","canonical_url":"https:\/\/www.jornalja.com.br\/arquivo\/empresarios-ligados-ao-mbl-apoiam-linha-dura-na-seguranca\/","robots":"max-image-preview:large","keywords":"","webmasterTools":{"miscellaneous":""},"schema":{"@context":"https:\/\/schema.org","@graph":[{"@type":"BlogPosting","@id":"https:\/\/www.jornalja.com.br\/arquivo\/empresarios-ligados-ao-mbl-apoiam-linha-dura-na-seguranca\/#blogposting","name":"Empres\u00e1rios ligados ao MBL apoiam linha dura na seguran\u00e7a | Arquivo","headline":"Empres\u00e1rios ligados ao MBL apoiam linha dura na seguran\u00e7a","author":{"@id":"https:\/\/www.jornalja.com.br\/arquivo\/author\/daredacao\/#author"},"publisher":{"@id":"https:\/\/www.jornalja.com.br\/arquivo\/#organization"},"image":{"@type":"ImageObject","url":"https:\/\/www.jornalja.com.br\/wp-content\/uploads\/cards\/JAslogan.png","@id":"https:\/\/www.jornalja.com.br\/arquivo\/#articleImage"},"datePublished":"2018-03-07T10:50:33-03:00","dateModified":"2018-03-07T10:50:33-03:00","inLanguage":"pt-BR","mainEntityOfPage":{"@id":"https:\/\/www.jornalja.com.br\/arquivo\/empresarios-ligados-ao-mbl-apoiam-linha-dura-na-seguranca\/#webpage"},"isPartOf":{"@id":"https:\/\/www.jornalja.com.br\/arquivo\/empresarios-ligados-ao-mbl-apoiam-linha-dura-na-seguranca\/#webpage"},"articleSection":"NOTAS"},{"@type":"BreadcrumbList","@id":"https:\/\/www.jornalja.com.br\/arquivo\/empresarios-ligados-ao-mbl-apoiam-linha-dura-na-seguranca\/#breadcrumblist","itemListElement":[{"@type":"ListItem","@id":"https:\/\/www.jornalja.com.br\/arquivo#listItem","position":1,"name":"Home","item":"https:\/\/www.jornalja.com.br\/arquivo","nextItem":{"@type":"ListItem","@id":"https:\/\/www.jornalja.com.br\/arquivo\/category\/notas\/#listItem","name":"NOTAS"}},{"@type":"ListItem","@id":"https:\/\/www.jornalja.com.br\/arquivo\/category\/notas\/#listItem","position":2,"name":"NOTAS","item":"https:\/\/www.jornalja.com.br\/arquivo\/category\/notas\/","nextItem":{"@type":"ListItem","@id":"https:\/\/www.jornalja.com.br\/arquivo\/empresarios-ligados-ao-mbl-apoiam-linha-dura-na-seguranca\/#listItem","name":"Empres\u00e1rios ligados ao MBL apoiam linha dura na seguran\u00e7a"},"previousItem":{"@type":"ListItem","@id":"https:\/\/www.jornalja.com.br\/arquivo#listItem","name":"Home"}},{"@type":"ListItem","@id":"https:\/\/www.jornalja.com.br\/arquivo\/empresarios-ligados-ao-mbl-apoiam-linha-dura-na-seguranca\/#listItem","position":3,"name":"Empres\u00e1rios ligados ao MBL apoiam linha dura na seguran\u00e7a","previousItem":{"@type":"ListItem","@id":"https:\/\/www.jornalja.com.br\/arquivo\/category\/notas\/#listItem","name":"NOTAS"}}]},{"@type":"Organization","@id":"https:\/\/www.jornalja.com.br\/arquivo\/#organization","name":"Jornal J\u00c1","description":"Jornal J\u00c1 | Porto Alegre","url":"https:\/\/www.jornalja.com.br\/arquivo\/","telephone":"+555133307272","logo":{"@type":"ImageObject","url":"https:\/\/www.jornalja.com.br\/wp-content\/uploads\/cards\/JAslogan.png","@id":"https:\/\/www.jornalja.com.br\/arquivo\/empresarios-ligados-ao-mbl-apoiam-linha-dura-na-seguranca\/#organizationLogo"},"image":{"@id":"https:\/\/www.jornalja.com.br\/arquivo\/empresarios-ligados-ao-mbl-apoiam-linha-dura-na-seguranca\/#organizationLogo"}},{"@type":"Person","@id":"https:\/\/www.jornalja.com.br\/arquivo\/author\/daredacao\/#author","url":"https:\/\/www.jornalja.com.br\/arquivo\/author\/daredacao\/","name":"da Reda\u00e7\u00e3o","image":{"@type":"ImageObject","@id":"https:\/\/www.jornalja.com.br\/arquivo\/empresarios-ligados-ao-mbl-apoiam-linha-dura-na-seguranca\/#authorImage","url":"https:\/\/secure.gravatar.com\/avatar\/469fd857d6605ad19919d27ed29d35a968a25f6e8fd9318356bbb7f57aae9c65?s=96&d=mm&r=g","width":96,"height":96,"caption":"da Reda\u00e7\u00e3o"}},{"@type":"WebPage","@id":"https:\/\/www.jornalja.com.br\/arquivo\/empresarios-ligados-ao-mbl-apoiam-linha-dura-na-seguranca\/#webpage","url":"https:\/\/www.jornalja.com.br\/arquivo\/empresarios-ligados-ao-mbl-apoiam-linha-dura-na-seguranca\/","name":"Empres\u00e1rios ligados ao MBL apoiam linha dura na seguran\u00e7a | Arquivo","inLanguage":"pt-BR","isPartOf":{"@id":"https:\/\/www.jornalja.com.br\/arquivo\/#website"},"breadcrumb":{"@id":"https:\/\/www.jornalja.com.br\/arquivo\/empresarios-ligados-ao-mbl-apoiam-linha-dura-na-seguranca\/#breadcrumblist"},"author":{"@id":"https:\/\/www.jornalja.com.br\/arquivo\/author\/daredacao\/#author"},"creator":{"@id":"https:\/\/www.jornalja.com.br\/arquivo\/author\/daredacao\/#author"},"datePublished":"2018-03-07T10:50:33-03:00","dateModified":"2018-03-07T10:50:33-03:00"},{"@type":"WebSite","@id":"https:\/\/www.jornalja.com.br\/arquivo\/#website","url":"https:\/\/www.jornalja.com.br\/arquivo\/","name":"Arquivo","description":"Jornal J\u00c1 | Porto Alegre","inLanguage":"pt-BR","publisher":{"@id":"https:\/\/www.jornalja.com.br\/arquivo\/#organization"}}]},"og:locale":"pt_BR","og:site_name":"Arquivo | Jornal J\u00c1 | Porto Alegre","og:type":"article","og:title":"Empres\u00e1rios ligados ao MBL apoiam linha dura na seguran\u00e7a | Arquivo","og:url":"https:\/\/www.jornalja.com.br\/arquivo\/empresarios-ligados-ao-mbl-apoiam-linha-dura-na-seguranca\/","og:image":"https:\/\/www.jornalja.com.br\/economics\/wp-content\/uploads\/sites\/11\/2026\/08\/ja-folhaderosto-facebook.jpg","og:image:secure_url":"https:\/\/www.jornalja.com.br\/economics\/wp-content\/uploads\/sites\/11\/2026\/08\/ja-folhaderosto-facebook.jpg","article:published_time":"2018-03-07T13:50:33+00:00","article:modified_time":"2018-03-07T13:50:33+00:00","twitter:card":"summary","twitter:title":"Empres\u00e1rios ligados ao MBL apoiam linha dura na seguran\u00e7a | Arquivo","twitter:image":"https:\/\/www.jornalja.com.br\/economics\/wp-content\/uploads\/sites\/11\/2026\/08\/ja-folhaderosto-facebook.jpg"},"aioseo_meta_data":{"post_id":"60406","title":null,"description":null,"keywords":null,"keyphrases":null,"primary_term":null,"canonical_url":null,"og_title":null,"og_description":null,"og_object_type":"default","og_image_type":"default","og_image_url":null,"og_image_width":null,"og_image_height":null,"og_image_custom_url":null,"og_image_custom_fields":null,"og_video":null,"og_custom_url":null,"og_article_section":null,"og_article_tags":null,"twitter_use_og":false,"twitter_card":"default","twitter_image_type":"default","twitter_image_url":null,"twitter_image_custom_url":null,"twitter_image_custom_fields":null,"twitter_title":null,"twitter_description":null,"schema":{"blockGraphs":[],"customGraphs":[],"default":{"data":{"Article":[],"Course":[],"Dataset":[],"FAQPage":[],"Movie":[],"Person":[],"Product":[],"ProductReview":[],"Car":[],"Recipe":[],"Service":[],"SoftwareApplication":[],"WebPage":[]},"graphName":"","isEnabled":true},"graphs":[],"defaultGraph":"","defaultPostTypeGraph":""},"schema_type":null,"schema_type_options":null,"pillar_content":false,"robots_default":true,"robots_noindex":false,"robots_noarchive":false,"robots_nosnippet":false,"robots_nofollow":false,"robots_noimageindex":false,"robots_noodp":false,"robots_notranslate":false,"robots_max_snippet":null,"robots_max_videopreview":null,"robots_max_imagepreview":"large","priority":null,"frequency":null,"location":null,"local_seo":null,"breadcrumb_settings":null,"limit_modified_date":false,"ai":null,"created":"2020-12-20 20:17:17","updated":"2025-07-20 03:50:41","seo_analyzer_scan_date":null,"focus_keyword":null,"additional_keywords":null,"truseo_locale":null},"jetpack_sharing_enabled":true,"jetpack-related-posts":[{"id":13109,"url":"https:\/\/www.jornalja.com.br\/arquivo\/judiciario-reconhece-poluicao-eletromagnetica\/","url_meta":{"origin":60406,"position":0},"title":"Judici\u00e1rio reconhece polui\u00e7\u00e3o eletromagn\u00e9tica","author":"Patr\u00edcia Marini","date":"16 de maio de 2014","format":false,"excerpt":"A\u00e7\u00e3o de duas associa\u00e7\u00f5es de moradores foi acolhida pelo Tribunal de Justi\u00e7a de S\u00e3o Paulo que. em decis\u00e3o in\u00e9dita, determinou a redu\u00e7\u00e3o do campo eletromagn\u00e9tico gerado pelas linhas de transmiss\u00e3o de energia que cortam os bairros City Boa\u00e7ava e Alto de Pinheiros. \u00c9 a primeira vez que um tribunal do\u2026","rel":"","context":"Em &quot;X.Categorias velhas&quot;","block_context":{"text":"X.Categorias velhas","link":"https:\/\/www.jornalja.com.br\/arquivo\/category\/x-categorias-velhas\/"},"img":{"alt_text":"","src":"","width":0,"height":0},"classes":[]},{"id":13239,"url":"https:\/\/www.jornalja.com.br\/arquivo\/conselho-desdenha-do-plano-diretor\/","url_meta":{"origin":60406,"position":1},"title":"Porto Alegre: Conselho detona Plano Diretor","author":"Patr\u00edcia Marini","date":"25 de maio de 2014","format":false,"excerpt":"Den\u00fancia do arquiteto e \u00a0urbanista Ibir\u00e1 Santos Lucas. Ele diz que os conselheiros est\u00e3o votando com \"enorme irresponsabilidade\". \"Mudam regime com a maior naturalidade,,,regularizam absurdos de constru\u00e7\u00f5es irregulares... \"O CMDUA est\u00e1 flexibilizando a lei do plano diretor, de uma forma impactante na vida da cidade. Mudam regime com a maior\u2026","rel":"","context":"Em &quot;Geral&quot;","block_context":{"text":"Geral","link":"https:\/\/www.jornalja.com.br\/arquivo\/category\/geral\/"},"img":{"alt_text":"","src":"","width":0,"height":0},"classes":[]},{"id":12960,"url":"https:\/\/www.jornalja.com.br\/arquivo\/populacao-culpa-empresas-pela-greve-dos-rodoviarios\/","url_meta":{"origin":60406,"position":2},"title":"Popula\u00e7\u00e3o culpa empresas pela greve","author":"Patr\u00edcia Marini","date":"14 de fevereiro de 2014","format":false,"excerpt":"Pesquisa divulgada na edi\u00e7\u00e3o do jornal Metro desta sexta-feira,14, comprova o velho ditado: \u00e9 poss\u00edvel enganar muitos por algum tempo, mas n\u00e3o \u00e9 poss\u00edvel enganar a todos o tempo inteiro. A principal revela\u00e7\u00e3o foi que 59,8% dos entrevistados apontaram as empresas como as principais respons\u00e1veis pela grave e 46% culparam\u2026","rel":"","context":"Em &quot;X.Categorias velhas&quot;","block_context":{"text":"X.Categorias velhas","link":"https:\/\/www.jornalja.com.br\/arquivo\/category\/x-categorias-velhas\/"},"img":{"alt_text":"","src":"","width":0,"height":0},"classes":[]},{"id":13240,"url":"https:\/\/www.jornalja.com.br\/arquivo\/plano-diretor-estamos-construindo-o-caos\/","url_meta":{"origin":60406,"position":3},"title":"Plano diretor: &quot;Estamos construindo o caos&quot;","author":"Patr\u00edcia Marini","date":"26 de maio de 2014","format":false,"excerpt":"Desabafo que arquiteta Eliana Castilhos, delegada da Regi\u00e3o de Planejamento 1, postou nas redes sociais \u00e9 um testemunho do ambiente que se criou no Conselho do Plano Diretor de Porto Alegre, onde a aprova\u00e7\u00e3o de grandes empreendimentos \u00e9 empurrada guela abaixo dos conselheiros. Ao CMDUA Como delegada da Regi\u00e3o de\u2026","rel":"","context":"Em &quot;Geral&quot;","block_context":{"text":"Geral","link":"https:\/\/www.jornalja.com.br\/arquivo\/category\/geral\/"},"img":{"alt_text":"","src":"","width":0,"height":0},"classes":[]},{"id":13124,"url":"https:\/\/www.jornalja.com.br\/arquivo\/sangue-latino-no-iecine\/","url_meta":{"origin":60406,"position":4},"title":"Sangue latino no IECINE","author":"da Reda\u00e7\u00e3o","date":"18 de maio de 2014","format":false,"excerpt":"Francisco Ribeiro O Instituto Estadual de Cinema (IECINE) tem a frente, desde abril \u00faltimo, um novo diretor, o cineasta colombiano Juan Zapata, 36, que substitui Luiz Alberto Cassol. Radicado h\u00e1 dez anos em Porto Alegre, Zapata tem diante de si o desafio de conduzir at\u00e9 o final do ano um\u2026","rel":"","context":"Em &quot;Cultura-Geral&quot;","block_context":{"text":"Cultura-Geral","link":"https:\/\/www.jornalja.com.br\/arquivo\/category\/materiasecundaria\/"},"img":{"alt_text":"","src":"","width":0,"height":0},"classes":[]},{"id":5440,"url":"https:\/\/www.jornalja.com.br\/arquivo\/casarao-da-venancio-destino-permanece-incerto\/","url_meta":{"origin":60406,"position":5},"title":"Estado ainda n\u00e3o sabe o que fazer com casar\u00e3o abandonado h\u00e1 20 anos","author":"Elmar Bones","date":"6 de julho de 2009","format":false,"excerpt":"O casar\u00e3o amarelo, numa esquina nobre de Porto Alegre (Ven\u00e2ncio Aires com Jo\u00e3o Pessoa), j\u00e1 abrigou uma escola. H\u00e1 duas d\u00e9cadas, pelo menos, est\u00e1 abandonado, porque seu propriet\u00e1rio, o governo do Estado do Rio Grande do Sul, n\u00e3o consegue achar um destino para ele. Planos n\u00e3o faltaram. O governador Ol\u00edvio\u2026","rel":"","context":"Em &quot;X.Categorias velhas&quot;","block_context":{"text":"X.Categorias velhas","link":"https:\/\/www.jornalja.com.br\/arquivo\/category\/x-categorias-velhas\/"},"img":{"alt_text":"geraldo1","src":"https:\/\/i0.wp.com\/www.jornalja.com.br\/wp-content\/uploads\/2009\/07\/geraldo1.jpg?resize=350%2C200&ssl=1","width":350,"height":200},"classes":[]}],"jetpack_shortlink":"https:\/\/wp.me\/pbQjBd-fIi","jetpack_featured_media_url":"","_links":{"self":[{"href":"https:\/\/www.jornalja.com.br\/arquivo\/wp-json\/wp\/v2\/posts\/60406","targetHints":{"allow":["GET"]}}],"collection":[{"href":"https:\/\/www.jornalja.com.br\/arquivo\/wp-json\/wp\/v2\/posts"}],"about":[{"href":"https:\/\/www.jornalja.com.br\/arquivo\/wp-json\/wp\/v2\/types\/post"}],"author":[{"embeddable":true,"href":"https:\/\/www.jornalja.com.br\/arquivo\/wp-json\/wp\/v2\/users\/4"}],"replies":[{"embeddable":true,"href":"https:\/\/www.jornalja.com.br\/arquivo\/wp-json\/wp\/v2\/comments?post=60406"}],"version-history":[{"count":0,"href":"https:\/\/www.jornalja.com.br\/arquivo\/wp-json\/wp\/v2\/posts\/60406\/revisions"}],"wp:attachment":[{"href":"https:\/\/www.jornalja.com.br\/arquivo\/wp-json\/wp\/v2\/media?parent=60406"}],"wp:term":[{"taxonomy":"category","embeddable":true,"href":"https:\/\/www.jornalja.com.br\/arquivo\/wp-json\/wp\/v2\/categories?post=60406"},{"taxonomy":"post_tag","embeddable":true,"href":"https:\/\/www.jornalja.com.br\/arquivo\/wp-json\/wp\/v2\/tags?post=60406"}],"curies":[{"name":"wp","href":"https:\/\/api.w.org\/{rel}","templated":true}]}}