{"id":60484,"date":"2018-03-12T23:00:40","date_gmt":"2018-03-13T02:00:40","guid":{"rendered":"https:\/\/www.jornalja.com.br\/?p=60484"},"modified":"2018-03-12T23:00:40","modified_gmt":"2018-03-13T02:00:40","slug":"planos-de-saude-seguem-no-topo-das-reclamacoes-de-consumidores","status":"publish","type":"post","link":"https:\/\/www.jornalja.com.br\/arquivo\/planos-de-saude-seguem-no-topo-das-reclamacoes-de-consumidores\/","title":{"rendered":"Planos de Sa\u00fade seguem no topo das reclama\u00e7\u00f5es de consumidores"},"content":{"rendered":"<p>O Instituto de Defesa do Consumidor divulgou o seu ranking anual de atendimentos.<br \/>\nNo topo do levantamento em 2017, pelo sexto ano consecutivo, ficaram os questionamentos relacionados a Planos de Sa\u00fade, com 23,4% dos registros; seguido por Produtos, com 17,8%; Servi\u00e7os Financeiros (16,7%); e Telecomunica\u00e7\u00f5es (15,8%).<br \/>\nNo ano passado, o Idec registrou, ao todo, 6.583 atendimentos.<br \/>\nDesses, 2.791 tratavam de d\u00favidas sobre os processos judiciais, em sua maioria aqueles relativos a planos econ\u00f4micos.<br \/>\nNos outros 3.792 chamados est\u00e3o os atendimentos a respeito das d\u00favidas de consumo, que comp\u00f5em ranking anual divulgado pelo Instituto.<br \/>\nApesar da queda em rela\u00e7\u00e3o aos anos anteriores, os planos de sa\u00fade colocaram o segmento como o mais questionado entre os atendidos pelo Idec.<br \/>\n\u201c\u00c9 hist\u00f3rico que esse tema esteja entre os mais problem\u00e1ticos em nossos atendimentos. A maioria das d\u00favidas que chegam dizem respeito a reajustes abusivos, principalmente os de planos empresariais ou coletivos, negativas de cobertura e problemas com a aus\u00eancia de informa\u00e7\u00f5es adequadas sobre os planos\u201d, explica Igor Marchetti, advogado e analista de relacionamento com o associado do Idec.<br \/>\nEm segundo lugar, e subindo uma posi\u00e7\u00e3o por ano desde 2015, a categoria de Produtos chamou aten\u00e7\u00e3o em 2017 com 17,8% dos atendimentos do Idec. O maior motivo das d\u00favidas estava relacionada a produtos com defeito, seguido por descumprimento de oferta e falha na informa\u00e7\u00e3o.<br \/>\nJ\u00e1 o setor de Servi\u00e7os Financeiros, respons\u00e1vel por 16,7% dos registros, caiu uma posi\u00e7\u00e3o no ranking, mas segue com um percentual alto na rela\u00e7\u00e3o, superior a dois dos \u00faltimos tr\u00eas anos (13,7% em 2015 e 15,3% em 2014).<br \/>\nEntre as quest\u00f5es mais acionadas pelo associado do Idec est\u00e3o cart\u00e3o de cr\u00e9dito, problemas com conta corrente\/poupan\u00e7a e cr\u00e9dito pessoal.<br \/>\nEm 2017, as d\u00favidas e queixas sobre telefonia m\u00f3vel e fixa, TV por assinatura e internet ficaram com a quarta posi\u00e7\u00e3o, com 15,8%. Apesar de ter se mantido na mesma posi\u00e7\u00e3o de 2016 , o percentual de 2017 \u00e9 o maior registrado pela \u00e1rea desde 2010. TV por assinatura, seguidos por problemas com telefonia e internet foram os temas mais questionados.<br \/>\nUma novidade do ranking deste ano foi o aumento de atendimentos sobre \u00c1gua, Energia El\u00e9trica e G\u00e1s, que, juntos, foram respons\u00e1veis por 7,2% das demandas. Com isso, esses servi\u00e7os passaram a aparecer no ranking como uma categoria pr\u00f3pria, diminuindo o percentual classificado como Outros.<br \/>\nCom exce\u00e7\u00e3o de Produtos, todos os outros segmentos apontados no ranking s\u00e3o regulados por \u00f3rg\u00e3o federais, o que indica que ainda h\u00e1 caminhos importantes para serem percorridos para a prote\u00e7\u00e3o do consumidor. \u201cPara o Idec, os resultados demonstram, por exemplo, que a atua\u00e7\u00e3o de ag\u00eancias reguladoras, que s\u00e3o \u00f3rg\u00e3os governamentais com papel de monitoramento, fiscaliza\u00e7\u00e3o, regulamenta\u00e7\u00e3o e controle com foco no interesse p\u00fablico, ainda \u00e9 ineficiente para proteger os consumidores e cidad\u00e3os de abusos praticados no fornecimento de bens e servi\u00e7os. Por isso \u00e9 importante que em semanas como essa, os problemas enfrentados pelos consumidores sejam debatidos e amplificados para a toda a sociedade,\u201d destaca Elici Bueno, coordenadora executiva do Instituto.<br \/>\n&nbsp;<\/p>\n","protected":false},"excerpt":{"rendered":"<p>O Instituto de Defesa do Consumidor divulgou o seu ranking anual de atendimentos. No topo do levantamento em 2017, pelo sexto ano consecutivo, ficaram os questionamentos relacionados a Planos de Sa\u00fade, com 23,4% dos registros; seguido por Produtos, com 17,8%; Servi\u00e7os Financeiros (16,7%); e Telecomunica\u00e7\u00f5es (15,8%). No ano passado, o Idec registrou, ao todo, 6.583 [&hellip;]<\/p>\n","protected":false},"author":4,"featured_media":0,"comment_status":"open","ping_status":"closed","sticky":false,"template":"","format":"standard","meta":{"_jetpack_newsletter_access":"","_jetpack_dont_email_post_to_subs":false,"_jetpack_newsletter_tier_id":0,"_jetpack_memberships_contains_paywalled_content":false,"_jetpack_feature_clip_id":0,"_jetpack_memberships_contains_paid_content":false,"footnotes":"","jetpack_post_was_ever_published":false},"categories":[2022],"tags":[],"class_list":["post-60484","post","type-post","status-publish","format-standard","hentry","category-notas"],"aioseo_notices":[],"aioseo_head":"\n\t\t<!-- All in One SEO 5.0.1.1 - aioseo.com -->\n\t<meta name=\"robots\" content=\"max-image-preview:large\" \/>\n\t<meta name=\"author\" content=\"da Reda\u00e7\u00e3o\"\/>\n\t<link rel=\"canonical\" href=\"https:\/\/www.jornalja.com.br\/arquivo\/planos-de-saude-seguem-no-topo-das-reclamacoes-de-consumidores\/\" \/>\n\t<meta name=\"generator\" content=\"All in One SEO (AIOSEO) 5.0.1.1\" \/>\n\t\t<meta property=\"og:locale\" content=\"pt_BR\" \/>\n\t\t<meta property=\"og:site_name\" content=\"Arquivo | Jornal J\u00c1 | Porto Alegre\" \/>\n\t\t<meta property=\"og:type\" content=\"article\" \/>\n\t\t<meta property=\"og:title\" content=\"Planos de Sa\u00fade seguem no topo das reclama\u00e7\u00f5es de consumidores | Arquivo\" \/>\n\t\t<meta property=\"og:url\" content=\"https:\/\/www.jornalja.com.br\/arquivo\/planos-de-saude-seguem-no-topo-das-reclamacoes-de-consumidores\/\" \/>\n\t\t<meta property=\"og:image\" content=\"https:\/\/www.jornalja.com.br\/economics\/wp-content\/uploads\/sites\/11\/2026\/08\/ja-folhaderosto-facebook.jpg\" \/>\n\t\t<meta property=\"og:image:secure_url\" content=\"https:\/\/www.jornalja.com.br\/economics\/wp-content\/uploads\/sites\/11\/2026\/08\/ja-folhaderosto-facebook.jpg\" \/>\n\t\t<meta property=\"article:published_time\" content=\"2018-03-13T02:00:40+00:00\" \/>\n\t\t<meta property=\"article:modified_time\" content=\"2018-03-13T02:00:40+00:00\" \/>\n\t\t<meta name=\"twitter:card\" content=\"summary\" \/>\n\t\t<meta name=\"twitter:title\" content=\"Planos de Sa\u00fade seguem no topo das reclama\u00e7\u00f5es de consumidores | Arquivo\" \/>\n\t\t<meta name=\"twitter:image\" content=\"https:\/\/www.jornalja.com.br\/economics\/wp-content\/uploads\/sites\/11\/2026\/08\/ja-folhaderosto-facebook.jpg\" \/>\n\t\t<script type=\"application\/ld+json\" class=\"aioseo-schema\">\n\t\t\t{\"@context\":\"https:\\\/\\\/schema.org\",\"@graph\":[{\"@type\":\"BlogPosting\",\"@id\":\"https:\\\/\\\/www.jornalja.com.br\\\/arquivo\\\/planos-de-saude-seguem-no-topo-das-reclamacoes-de-consumidores\\\/#blogposting\",\"name\":\"Planos de Sa\\u00fade seguem no topo das reclama\\u00e7\\u00f5es de consumidores | Arquivo\",\"headline\":\"Planos de Sa\\u00fade seguem no topo das reclama\\u00e7\\u00f5es de consumidores\",\"author\":{\"@id\":\"https:\\\/\\\/www.jornalja.com.br\\\/arquivo\\\/author\\\/daredacao\\\/#author\"},\"publisher\":{\"@id\":\"https:\\\/\\\/www.jornalja.com.br\\\/arquivo\\\/#organization\"},\"image\":{\"@type\":\"ImageObject\",\"url\":\"https:\\\/\\\/www.jornalja.com.br\\\/wp-content\\\/uploads\\\/cards\\\/JAslogan.png\",\"@id\":\"https:\\\/\\\/www.jornalja.com.br\\\/arquivo\\\/#articleImage\"},\"datePublished\":\"2018-03-12T23:00:40-03:00\",\"dateModified\":\"2018-03-12T23:00:40-03:00\",\"inLanguage\":\"pt-BR\",\"mainEntityOfPage\":{\"@id\":\"https:\\\/\\\/www.jornalja.com.br\\\/arquivo\\\/planos-de-saude-seguem-no-topo-das-reclamacoes-de-consumidores\\\/#webpage\"},\"isPartOf\":{\"@id\":\"https:\\\/\\\/www.jornalja.com.br\\\/arquivo\\\/planos-de-saude-seguem-no-topo-das-reclamacoes-de-consumidores\\\/#webpage\"},\"articleSection\":\"NOTAS\"},{\"@type\":\"BreadcrumbList\",\"@id\":\"https:\\\/\\\/www.jornalja.com.br\\\/arquivo\\\/planos-de-saude-seguem-no-topo-das-reclamacoes-de-consumidores\\\/#breadcrumblist\",\"itemListElement\":[{\"@type\":\"ListItem\",\"@id\":\"https:\\\/\\\/www.jornalja.com.br\\\/arquivo#listItem\",\"position\":1,\"name\":\"Home\",\"item\":\"https:\\\/\\\/www.jornalja.com.br\\\/arquivo\",\"nextItem\":{\"@type\":\"ListItem\",\"@id\":\"https:\\\/\\\/www.jornalja.com.br\\\/arquivo\\\/category\\\/notas\\\/#listItem\",\"name\":\"NOTAS\"}},{\"@type\":\"ListItem\",\"@id\":\"https:\\\/\\\/www.jornalja.com.br\\\/arquivo\\\/category\\\/notas\\\/#listItem\",\"position\":2,\"name\":\"NOTAS\",\"item\":\"https:\\\/\\\/www.jornalja.com.br\\\/arquivo\\\/category\\\/notas\\\/\",\"nextItem\":{\"@type\":\"ListItem\",\"@id\":\"https:\\\/\\\/www.jornalja.com.br\\\/arquivo\\\/planos-de-saude-seguem-no-topo-das-reclamacoes-de-consumidores\\\/#listItem\",\"name\":\"Planos de Sa\\u00fade seguem no topo das reclama\\u00e7\\u00f5es de consumidores\"},\"previousItem\":{\"@type\":\"ListItem\",\"@id\":\"https:\\\/\\\/www.jornalja.com.br\\\/arquivo#listItem\",\"name\":\"Home\"}},{\"@type\":\"ListItem\",\"@id\":\"https:\\\/\\\/www.jornalja.com.br\\\/arquivo\\\/planos-de-saude-seguem-no-topo-das-reclamacoes-de-consumidores\\\/#listItem\",\"position\":3,\"name\":\"Planos de Sa\\u00fade seguem no topo das reclama\\u00e7\\u00f5es de consumidores\",\"previousItem\":{\"@type\":\"ListItem\",\"@id\":\"https:\\\/\\\/www.jornalja.com.br\\\/arquivo\\\/category\\\/notas\\\/#listItem\",\"name\":\"NOTAS\"}}]},{\"@type\":\"Organization\",\"@id\":\"https:\\\/\\\/www.jornalja.com.br\\\/arquivo\\\/#organization\",\"name\":\"Jornal J\\u00c1\",\"description\":\"Jornal J\\u00c1 | Porto Alegre\",\"url\":\"https:\\\/\\\/www.jornalja.com.br\\\/arquivo\\\/\",\"telephone\":\"+555133307272\",\"logo\":{\"@type\":\"ImageObject\",\"url\":\"https:\\\/\\\/www.jornalja.com.br\\\/wp-content\\\/uploads\\\/cards\\\/JAslogan.png\",\"@id\":\"https:\\\/\\\/www.jornalja.com.br\\\/arquivo\\\/planos-de-saude-seguem-no-topo-das-reclamacoes-de-consumidores\\\/#organizationLogo\"},\"image\":{\"@id\":\"https:\\\/\\\/www.jornalja.com.br\\\/arquivo\\\/planos-de-saude-seguem-no-topo-das-reclamacoes-de-consumidores\\\/#organizationLogo\"}},{\"@type\":\"Person\",\"@id\":\"https:\\\/\\\/www.jornalja.com.br\\\/arquivo\\\/author\\\/daredacao\\\/#author\",\"url\":\"https:\\\/\\\/www.jornalja.com.br\\\/arquivo\\\/author\\\/daredacao\\\/\",\"name\":\"da Reda\\u00e7\\u00e3o\",\"image\":{\"@type\":\"ImageObject\",\"@id\":\"https:\\\/\\\/www.jornalja.com.br\\\/arquivo\\\/planos-de-saude-seguem-no-topo-das-reclamacoes-de-consumidores\\\/#authorImage\",\"url\":\"https:\\\/\\\/secure.gravatar.com\\\/avatar\\\/469fd857d6605ad19919d27ed29d35a968a25f6e8fd9318356bbb7f57aae9c65?s=96&d=mm&r=g\",\"width\":96,\"height\":96,\"caption\":\"da Reda\\u00e7\\u00e3o\"}},{\"@type\":\"WebPage\",\"@id\":\"https:\\\/\\\/www.jornalja.com.br\\\/arquivo\\\/planos-de-saude-seguem-no-topo-das-reclamacoes-de-consumidores\\\/#webpage\",\"url\":\"https:\\\/\\\/www.jornalja.com.br\\\/arquivo\\\/planos-de-saude-seguem-no-topo-das-reclamacoes-de-consumidores\\\/\",\"name\":\"Planos de Sa\\u00fade seguem no topo das reclama\\u00e7\\u00f5es de consumidores | Arquivo\",\"inLanguage\":\"pt-BR\",\"isPartOf\":{\"@id\":\"https:\\\/\\\/www.jornalja.com.br\\\/arquivo\\\/#website\"},\"breadcrumb\":{\"@id\":\"https:\\\/\\\/www.jornalja.com.br\\\/arquivo\\\/planos-de-saude-seguem-no-topo-das-reclamacoes-de-consumidores\\\/#breadcrumblist\"},\"author\":{\"@id\":\"https:\\\/\\\/www.jornalja.com.br\\\/arquivo\\\/author\\\/daredacao\\\/#author\"},\"creator\":{\"@id\":\"https:\\\/\\\/www.jornalja.com.br\\\/arquivo\\\/author\\\/daredacao\\\/#author\"},\"datePublished\":\"2018-03-12T23:00:40-03:00\",\"dateModified\":\"2018-03-12T23:00:40-03:00\"},{\"@type\":\"WebSite\",\"@id\":\"https:\\\/\\\/www.jornalja.com.br\\\/arquivo\\\/#website\",\"url\":\"https:\\\/\\\/www.jornalja.com.br\\\/arquivo\\\/\",\"name\":\"Arquivo\",\"description\":\"Jornal J\\u00c1 | Porto Alegre\",\"inLanguage\":\"pt-BR\",\"publisher\":{\"@id\":\"https:\\\/\\\/www.jornalja.com.br\\\/arquivo\\\/#organization\"}}]}\n\t\t<\/script>\n\t\t<!-- All in One SEO -->\n\n","aioseo_head_json":{"title":"Planos de Sa\u00fade seguem no topo das reclama\u00e7\u00f5es de consumidores | Arquivo","description":"","canonical_url":"https:\/\/www.jornalja.com.br\/arquivo\/planos-de-saude-seguem-no-topo-das-reclamacoes-de-consumidores\/","robots":"max-image-preview:large","keywords":"","webmasterTools":{"miscellaneous":""},"schema":{"@context":"https:\/\/schema.org","@graph":[{"@type":"BlogPosting","@id":"https:\/\/www.jornalja.com.br\/arquivo\/planos-de-saude-seguem-no-topo-das-reclamacoes-de-consumidores\/#blogposting","name":"Planos de Sa\u00fade seguem no topo das reclama\u00e7\u00f5es de consumidores | Arquivo","headline":"Planos de Sa\u00fade seguem no topo das reclama\u00e7\u00f5es de consumidores","author":{"@id":"https:\/\/www.jornalja.com.br\/arquivo\/author\/daredacao\/#author"},"publisher":{"@id":"https:\/\/www.jornalja.com.br\/arquivo\/#organization"},"image":{"@type":"ImageObject","url":"https:\/\/www.jornalja.com.br\/wp-content\/uploads\/cards\/JAslogan.png","@id":"https:\/\/www.jornalja.com.br\/arquivo\/#articleImage"},"datePublished":"2018-03-12T23:00:40-03:00","dateModified":"2018-03-12T23:00:40-03:00","inLanguage":"pt-BR","mainEntityOfPage":{"@id":"https:\/\/www.jornalja.com.br\/arquivo\/planos-de-saude-seguem-no-topo-das-reclamacoes-de-consumidores\/#webpage"},"isPartOf":{"@id":"https:\/\/www.jornalja.com.br\/arquivo\/planos-de-saude-seguem-no-topo-das-reclamacoes-de-consumidores\/#webpage"},"articleSection":"NOTAS"},{"@type":"BreadcrumbList","@id":"https:\/\/www.jornalja.com.br\/arquivo\/planos-de-saude-seguem-no-topo-das-reclamacoes-de-consumidores\/#breadcrumblist","itemListElement":[{"@type":"ListItem","@id":"https:\/\/www.jornalja.com.br\/arquivo#listItem","position":1,"name":"Home","item":"https:\/\/www.jornalja.com.br\/arquivo","nextItem":{"@type":"ListItem","@id":"https:\/\/www.jornalja.com.br\/arquivo\/category\/notas\/#listItem","name":"NOTAS"}},{"@type":"ListItem","@id":"https:\/\/www.jornalja.com.br\/arquivo\/category\/notas\/#listItem","position":2,"name":"NOTAS","item":"https:\/\/www.jornalja.com.br\/arquivo\/category\/notas\/","nextItem":{"@type":"ListItem","@id":"https:\/\/www.jornalja.com.br\/arquivo\/planos-de-saude-seguem-no-topo-das-reclamacoes-de-consumidores\/#listItem","name":"Planos de Sa\u00fade seguem no topo das reclama\u00e7\u00f5es de consumidores"},"previousItem":{"@type":"ListItem","@id":"https:\/\/www.jornalja.com.br\/arquivo#listItem","name":"Home"}},{"@type":"ListItem","@id":"https:\/\/www.jornalja.com.br\/arquivo\/planos-de-saude-seguem-no-topo-das-reclamacoes-de-consumidores\/#listItem","position":3,"name":"Planos de Sa\u00fade seguem no topo das reclama\u00e7\u00f5es de consumidores","previousItem":{"@type":"ListItem","@id":"https:\/\/www.jornalja.com.br\/arquivo\/category\/notas\/#listItem","name":"NOTAS"}}]},{"@type":"Organization","@id":"https:\/\/www.jornalja.com.br\/arquivo\/#organization","name":"Jornal J\u00c1","description":"Jornal J\u00c1 | Porto Alegre","url":"https:\/\/www.jornalja.com.br\/arquivo\/","telephone":"+555133307272","logo":{"@type":"ImageObject","url":"https:\/\/www.jornalja.com.br\/wp-content\/uploads\/cards\/JAslogan.png","@id":"https:\/\/www.jornalja.com.br\/arquivo\/planos-de-saude-seguem-no-topo-das-reclamacoes-de-consumidores\/#organizationLogo"},"image":{"@id":"https:\/\/www.jornalja.com.br\/arquivo\/planos-de-saude-seguem-no-topo-das-reclamacoes-de-consumidores\/#organizationLogo"}},{"@type":"Person","@id":"https:\/\/www.jornalja.com.br\/arquivo\/author\/daredacao\/#author","url":"https:\/\/www.jornalja.com.br\/arquivo\/author\/daredacao\/","name":"da Reda\u00e7\u00e3o","image":{"@type":"ImageObject","@id":"https:\/\/www.jornalja.com.br\/arquivo\/planos-de-saude-seguem-no-topo-das-reclamacoes-de-consumidores\/#authorImage","url":"https:\/\/secure.gravatar.com\/avatar\/469fd857d6605ad19919d27ed29d35a968a25f6e8fd9318356bbb7f57aae9c65?s=96&d=mm&r=g","width":96,"height":96,"caption":"da Reda\u00e7\u00e3o"}},{"@type":"WebPage","@id":"https:\/\/www.jornalja.com.br\/arquivo\/planos-de-saude-seguem-no-topo-das-reclamacoes-de-consumidores\/#webpage","url":"https:\/\/www.jornalja.com.br\/arquivo\/planos-de-saude-seguem-no-topo-das-reclamacoes-de-consumidores\/","name":"Planos de Sa\u00fade seguem no topo das reclama\u00e7\u00f5es de consumidores | Arquivo","inLanguage":"pt-BR","isPartOf":{"@id":"https:\/\/www.jornalja.com.br\/arquivo\/#website"},"breadcrumb":{"@id":"https:\/\/www.jornalja.com.br\/arquivo\/planos-de-saude-seguem-no-topo-das-reclamacoes-de-consumidores\/#breadcrumblist"},"author":{"@id":"https:\/\/www.jornalja.com.br\/arquivo\/author\/daredacao\/#author"},"creator":{"@id":"https:\/\/www.jornalja.com.br\/arquivo\/author\/daredacao\/#author"},"datePublished":"2018-03-12T23:00:40-03:00","dateModified":"2018-03-12T23:00:40-03:00"},{"@type":"WebSite","@id":"https:\/\/www.jornalja.com.br\/arquivo\/#website","url":"https:\/\/www.jornalja.com.br\/arquivo\/","name":"Arquivo","description":"Jornal J\u00c1 | Porto Alegre","inLanguage":"pt-BR","publisher":{"@id":"https:\/\/www.jornalja.com.br\/arquivo\/#organization"}}]},"og:locale":"pt_BR","og:site_name":"Arquivo | Jornal J\u00c1 | Porto Alegre","og:type":"article","og:title":"Planos de Sa\u00fade seguem no topo das reclama\u00e7\u00f5es de consumidores | Arquivo","og:url":"https:\/\/www.jornalja.com.br\/arquivo\/planos-de-saude-seguem-no-topo-das-reclamacoes-de-consumidores\/","og:image":"https:\/\/www.jornalja.com.br\/economics\/wp-content\/uploads\/sites\/11\/2026\/08\/ja-folhaderosto-facebook.jpg","og:image:secure_url":"https:\/\/www.jornalja.com.br\/economics\/wp-content\/uploads\/sites\/11\/2026\/08\/ja-folhaderosto-facebook.jpg","article:published_time":"2018-03-13T02:00:40+00:00","article:modified_time":"2018-03-13T02:00:40+00:00","twitter:card":"summary","twitter:title":"Planos de Sa\u00fade seguem no topo das reclama\u00e7\u00f5es de consumidores | Arquivo","twitter:image":"https:\/\/www.jornalja.com.br\/economics\/wp-content\/uploads\/sites\/11\/2026\/08\/ja-folhaderosto-facebook.jpg"},"aioseo_meta_data":{"post_id":"60484","title":null,"description":null,"keywords":null,"keyphrases":null,"primary_term":null,"canonical_url":null,"og_title":null,"og_description":null,"og_object_type":"default","og_image_type":"default","og_image_url":null,"og_image_width":null,"og_image_height":null,"og_image_custom_url":null,"og_image_custom_fields":null,"og_video":null,"og_custom_url":null,"og_article_section":null,"og_article_tags":null,"twitter_use_og":false,"twitter_card":"default","twitter_image_type":"default","twitter_image_url":null,"twitter_image_custom_url":null,"twitter_image_custom_fields":null,"twitter_title":null,"twitter_description":null,"schema":{"blockGraphs":[],"customGraphs":[],"default":{"data":{"Article":[],"Course":[],"Dataset":[],"FAQPage":[],"Movie":[],"Person":[],"Product":[],"ProductReview":[],"Car":[],"Recipe":[],"Service":[],"SoftwareApplication":[],"WebPage":[]},"graphName":"","isEnabled":true},"graphs":[],"defaultGraph":"","defaultPostTypeGraph":""},"schema_type":null,"schema_type_options":null,"pillar_content":false,"robots_default":true,"robots_noindex":false,"robots_noarchive":false,"robots_nosnippet":false,"robots_nofollow":false,"robots_noimageindex":false,"robots_noodp":false,"robots_notranslate":false,"robots_max_snippet":null,"robots_max_videopreview":null,"robots_max_imagepreview":"large","priority":null,"frequency":null,"location":null,"local_seo":null,"breadcrumb_settings":null,"limit_modified_date":false,"ai":null,"created":"2020-12-20 20:17:17","updated":"2025-07-20 03:51:34","seo_analyzer_scan_date":null,"focus_keyword":null,"additional_keywords":null,"truseo_locale":null},"jetpack_sharing_enabled":true,"jetpack-related-posts":[{"id":13240,"url":"https:\/\/www.jornalja.com.br\/arquivo\/plano-diretor-estamos-construindo-o-caos\/","url_meta":{"origin":60484,"position":0},"title":"Plano diretor: &quot;Estamos construindo o caos&quot;","author":"Patr\u00edcia Marini","date":"26 de maio de 2014","format":false,"excerpt":"Desabafo que arquiteta Eliana Castilhos, delegada da Regi\u00e3o de Planejamento 1, postou nas redes sociais \u00e9 um testemunho do ambiente que se criou no Conselho do Plano Diretor de Porto Alegre, onde a aprova\u00e7\u00e3o de grandes empreendimentos \u00e9 empurrada guela abaixo dos conselheiros. Ao CMDUA Como delegada da Regi\u00e3o de\u2026","rel":"","context":"Em &quot;Geral&quot;","block_context":{"text":"Geral","link":"https:\/\/www.jornalja.com.br\/arquivo\/category\/geral\/"},"img":{"alt_text":"","src":"","width":0,"height":0},"classes":[]},{"id":12960,"url":"https:\/\/www.jornalja.com.br\/arquivo\/populacao-culpa-empresas-pela-greve-dos-rodoviarios\/","url_meta":{"origin":60484,"position":1},"title":"Popula\u00e7\u00e3o culpa empresas pela greve","author":"Patr\u00edcia Marini","date":"14 de fevereiro de 2014","format":false,"excerpt":"Pesquisa divulgada na edi\u00e7\u00e3o do jornal Metro desta sexta-feira,14, comprova o velho ditado: \u00e9 poss\u00edvel enganar muitos por algum tempo, mas n\u00e3o \u00e9 poss\u00edvel enganar a todos o tempo inteiro. A principal revela\u00e7\u00e3o foi que 59,8% dos entrevistados apontaram as empresas como as principais respons\u00e1veis pela grave e 46% culparam\u2026","rel":"","context":"Em &quot;X.Categorias velhas&quot;","block_context":{"text":"X.Categorias velhas","link":"https:\/\/www.jornalja.com.br\/arquivo\/category\/x-categorias-velhas\/"},"img":{"alt_text":"","src":"","width":0,"height":0},"classes":[]},{"id":13124,"url":"https:\/\/www.jornalja.com.br\/arquivo\/sangue-latino-no-iecine\/","url_meta":{"origin":60484,"position":2},"title":"Sangue latino no IECINE","author":"da Reda\u00e7\u00e3o","date":"18 de maio de 2014","format":false,"excerpt":"Francisco Ribeiro O Instituto Estadual de Cinema (IECINE) tem a frente, desde abril \u00faltimo, um novo diretor, o cineasta colombiano Juan Zapata, 36, que substitui Luiz Alberto Cassol. Radicado h\u00e1 dez anos em Porto Alegre, Zapata tem diante de si o desafio de conduzir at\u00e9 o final do ano um\u2026","rel":"","context":"Em &quot;Cultura-Geral&quot;","block_context":{"text":"Cultura-Geral","link":"https:\/\/www.jornalja.com.br\/arquivo\/category\/materiasecundaria\/"},"img":{"alt_text":"","src":"","width":0,"height":0},"classes":[]},{"id":5440,"url":"https:\/\/www.jornalja.com.br\/arquivo\/casarao-da-venancio-destino-permanece-incerto\/","url_meta":{"origin":60484,"position":3},"title":"Estado ainda n\u00e3o sabe o que fazer com casar\u00e3o abandonado h\u00e1 20 anos","author":"Elmar Bones","date":"6 de julho de 2009","format":false,"excerpt":"O casar\u00e3o amarelo, numa esquina nobre de Porto Alegre (Ven\u00e2ncio Aires com Jo\u00e3o Pessoa), j\u00e1 abrigou uma escola. H\u00e1 duas d\u00e9cadas, pelo menos, est\u00e1 abandonado, porque seu propriet\u00e1rio, o governo do Estado do Rio Grande do Sul, n\u00e3o consegue achar um destino para ele. Planos n\u00e3o faltaram. O governador Ol\u00edvio\u2026","rel":"","context":"Em &quot;X.Categorias velhas&quot;","block_context":{"text":"X.Categorias velhas","link":"https:\/\/www.jornalja.com.br\/arquivo\/category\/x-categorias-velhas\/"},"img":{"alt_text":"geraldo1","src":"https:\/\/i0.wp.com\/www.jornalja.com.br\/wp-content\/uploads\/2009\/07\/geraldo1.jpg?resize=350%2C200&ssl=1","width":350,"height":200},"classes":[]}],"jetpack_shortlink":"https:\/\/wp.me\/pbQjBd-fJy","jetpack_featured_media_url":"","_links":{"self":[{"href":"https:\/\/www.jornalja.com.br\/arquivo\/wp-json\/wp\/v2\/posts\/60484","targetHints":{"allow":["GET"]}}],"collection":[{"href":"https:\/\/www.jornalja.com.br\/arquivo\/wp-json\/wp\/v2\/posts"}],"about":[{"href":"https:\/\/www.jornalja.com.br\/arquivo\/wp-json\/wp\/v2\/types\/post"}],"author":[{"embeddable":true,"href":"https:\/\/www.jornalja.com.br\/arquivo\/wp-json\/wp\/v2\/users\/4"}],"replies":[{"embeddable":true,"href":"https:\/\/www.jornalja.com.br\/arquivo\/wp-json\/wp\/v2\/comments?post=60484"}],"version-history":[{"count":0,"href":"https:\/\/www.jornalja.com.br\/arquivo\/wp-json\/wp\/v2\/posts\/60484\/revisions"}],"wp:attachment":[{"href":"https:\/\/www.jornalja.com.br\/arquivo\/wp-json\/wp\/v2\/media?parent=60484"}],"wp:term":[{"taxonomy":"category","embeddable":true,"href":"https:\/\/www.jornalja.com.br\/arquivo\/wp-json\/wp\/v2\/categories?post=60484"},{"taxonomy":"post_tag","embeddable":true,"href":"https:\/\/www.jornalja.com.br\/arquivo\/wp-json\/wp\/v2\/tags?post=60484"}],"curies":[{"name":"wp","href":"https:\/\/api.w.org\/{rel}","templated":true}]}}