{"id":60523,"date":"2018-03-13T15:07:52","date_gmt":"2018-03-13T18:07:52","guid":{"rendered":"https:\/\/www.jornalja.com.br\/?p=60523"},"modified":"2018-03-13T15:07:52","modified_gmt":"2018-03-13T18:07:52","slug":"associacao-de-servidores-alerta-para-desmonte-da-sema","status":"publish","type":"post","link":"https:\/\/www.jornalja.com.br\/arquivo\/associacao-de-servidores-alerta-para-desmonte-da-sema\/","title":{"rendered":"Associa\u00e7\u00e3o de Servidores\u00a0alerta para desmonte da SEMA"},"content":{"rendered":"<p>A Associa\u00e7\u00e3o dos Servidores da SEMA\/RS \u2013 ASSEMA divulga manifesto contra mudan\u00e7as na estrutura operacional da\u00a0Secretaria do Ambiente e Desenvolvimento Sustent\u00e1vel que, segundo a entidade, vem ocorrendo desde o in\u00edcio do governo.<br \/>\n&#8220;Estes atos praticados pela Gest\u00e3o da SEMA somente encontram sintonia com o desmonte que vem ocorrendo na Pasta&#8221;, acusa a entidade. E alerta:\u00a0&#8220;As atribui\u00e7\u00f5es do cargo de T\u00e9cnico Ambiental n\u00e3o se enquadram nas atribui\u00e7\u00f5es das demais Secretarias e que as relota\u00e7\u00f5es configuram que a gest\u00e3o da SEMA pode estar for\u00e7ando os servidores ao desvio de fun\u00e7\u00e3o, o que pode conter ind\u00edcios de ass\u00e9dio moral.&#8221;<br \/>\n<span class=\"intertit\">Confira a \u00edntegra:<\/span><br \/>\nMANIFESTO CONTRA AS RELOTA\u00c7\u00d5ES COMPULS\u00d3RIAS DE SERVIDORES OCUPANTES DO CARGO DE T\u00c9CNICO AMBIENTAL<br \/>\nA Associa\u00e7\u00e3o dos Servidores da SEMA\/RS \u2013 ASSEMA vem, perante a Sra. Secret\u00e1ria de Estado do Ambiente e Desenvolvimento Sustent\u00e1vel e a sociedade ga\u00facha, manifestar-se contra as relota\u00e7\u00f5es compuls\u00f3rias e arbitr\u00e1rias de T\u00e9cnicos Ambientais, que v\u00eam ocorrendo desde o in\u00edcio deste Governo, enfraquecendo o quadro T\u00e9cnico da Pasta, bem como a pr\u00f3pria estrutura operacional da Secretaria, pelas raz\u00f5es a seguir expostas:<br \/>\nA Lei Estadual n. 12.583, de 25 de agosto de 2006 criou a categoria funcional de T\u00e9cnico Ambiental que integra o Quadro de Funcion\u00e1rios T\u00e9cnicos-Cient\u00edficos do Estado do RS. O seu artigo 6\u00ba estabelece que a referida categoria ter\u00e1 lota\u00e7\u00e3o na Secretaria Estadual de Meio Ambiente (SEMA) e o seu Anexo \u00danico elencava as suas atribui\u00e7\u00f5es. A Lei Estadual n. 14.477, de 23 de janeiro de 2014 promoveu altera\u00e7\u00f5es acerca daquelas atribui\u00e7\u00f5es ao criar especialidades e descri\u00e7\u00f5es sint\u00e9ticas e anal\u00edticas relativas a cada especialidade (Biologia, Ecologia, Engenharias Agron\u00f4mica e Florestal, Geologia, Geoprocessamento, Gest\u00e3o Ambiental, Hidrologia, Meteorologia e Medicina Veterin\u00e1ria). Portanto, a Lei Estadual n. 14.477\/2014 \u00e9 o Diploma que estabelece as atribui\u00e7\u00f5es do referido cargo.<br \/>\nNo ano de 2007, a Secretaria da Administra\u00e7\u00e3o promoveu concurso (Edital n. 01\/2007 \u2013 SARH) para o preenchimento de vagas para o cargo de T\u00e9cnico Ambiental \u201ccom lota\u00e7\u00e3o na Secretaria do Meio Ambiente \u2013 SEMA, para atuarem nas Unidades de Conserva\u00e7\u00e3o, da Divis\u00e3o de Unidades de Conserva\u00e7\u00e3o do Departamento Estadual de Florestas e \u00c1reas Protegidas &#8211; DEFAP, localizadas na regi\u00e3o nordeste do Estado, inclu\u00eddas no Projeto Conserva\u00e7\u00e3o da Mata Atl\u00e2ntica no Rio Grande do Sul\u201d. Assim, as vagas foram preenchidas para as unidades de conserva\u00e7\u00e3o previstas no referido Edital, bem como para outros setores da SEMA, sendo que os candidatos aprovados tomaram posse e encontram-se desempenhando as suas atividades nas Unidades de Conserva\u00e7\u00e3o e Divis\u00f5es do DBIO, nos Balc\u00f5es de Licenciamento Ambiental, e no DRH, al\u00e9m de outros setores da SEMA.<br \/>\nSomado ao acima exposto, salienta-se que as atribui\u00e7\u00f5es do cargo de T\u00e9cnico Ambiental n\u00e3o se enquadram nas compet\u00eancias\/atribui\u00e7\u00f5es das demais Secretarias estabelecidas pela Lei n\u00b0 14.733\/2015. Sendo assim, entendemos que as relota\u00e7\u00f5es que v\u00eam ocorrendo configuram que a gest\u00e3o da SEMA pode estar for\u00e7ando os servidores ao desvio de fun\u00e7\u00e3o.<br \/>\nConsiderando as disposi\u00e7\u00f5es do Edital n\u00b0 01\/2007, os Diplomas Legais acima mencionados e as atribui\u00e7\u00f5es inerentes ao cargo de T\u00e9cnico Ambiental, \u00e9 oportuno e necess\u00e1rio concluir que as relota\u00e7\u00f5es que v\u00eam sendo promovidas na atual gest\u00e3o, al\u00e9m de n\u00e3o possu\u00edrem motiva\u00e7\u00f5es fundamentadas, em geral s\u00e3o originadas em repres\u00e1lia a posicionamentos t\u00e9cnicos que n\u00e3o s\u00e3o do interesse da gest\u00e3o e, no nosso entendimento, podem conter ind\u00edcios de ass\u00e9dio moral. \u00c9 fundamental expor que as relota\u00e7\u00f5es compuls\u00f3rias dos T\u00e9cnicos Ambientais v\u00eam sendo feitas de forma sorrateira e capciosa, pois os processos foram, de modo geral, protocolados durante as f\u00e9rias e licen\u00e7as dos servidores afetados, \u00e0 revelia dos mesmos.<br \/>\nEstes atos praticados pela Gest\u00e3o da SEMA somente encontram sintonia com o desmonte que vem ocorrendo na Pasta, al\u00e9m de ser antag\u00f4nico com a recente amplia\u00e7\u00e3o de suas atribui\u00e7\u00f5es atrav\u00e9s do Decreto n\u00b0 53.911\/2018. Al\u00e9m disso, a falta de T\u00e9cnicos prejudica o cumprimento das fun\u00e7\u00f5es da SEMA, sendo que as equipes das Unidades de Conserva\u00e7\u00e3o, por exemplo, est\u00e3o muito aqu\u00e9m das equipes m\u00ednimas previstas para cumprir suas fun\u00e7\u00f5es.<br \/>\nPor tudo o que foi exposto, a ASSEMA \u00e9 totalmente contr\u00e1ria a estes atos arbitr\u00e1rios e, caso n\u00e3o sejam interrompidas as relota\u00e7\u00f5es compuls\u00f3rias, tomar\u00e1 as medidas cab\u00edveis para denunciar e responsabilizar seus autores e chefias coniventes, bem como para que os servidores com Processo de Relota\u00e7\u00e3o em andamento permane\u00e7am na SEMA.<br \/>\nBASTA DE TRATAR OS SERVIDORES COMO MOB\u00cdLIA!<br \/>\nN\u00c3O ACEITAMOS O DESMONTE DOS \u00d3RG\u00c3OS DO SISTEMA AMBIENTAL DO RS!<br \/>\nPorto Alegre, 09 de mar\u00e7o de 2018.<br \/>\nAssocia\u00e7\u00e3o dos Servidores da SEMA\/RS<\/p>\n","protected":false},"excerpt":{"rendered":"<p>A Associa\u00e7\u00e3o dos Servidores da SEMA\/RS \u2013 ASSEMA divulga manifesto contra mudan\u00e7as na estrutura operacional da\u00a0Secretaria do Ambiente e Desenvolvimento Sustent\u00e1vel que, segundo a entidade, vem ocorrendo desde o in\u00edcio do governo. &#8220;Estes atos praticados pela Gest\u00e3o da SEMA somente encontram sintonia com o desmonte que vem ocorrendo na Pasta&#8221;, acusa a entidade. E alerta:\u00a0&#8220;As [&hellip;]<\/p>\n","protected":false},"author":4,"featured_media":0,"comment_status":"open","ping_status":"closed","sticky":false,"template":"","format":"standard","meta":{"_jetpack_newsletter_access":"","_jetpack_dont_email_post_to_subs":false,"_jetpack_newsletter_tier_id":0,"_jetpack_memberships_contains_paywalled_content":false,"_jetpack_feature_clip_id":0,"_jetpack_memberships_contains_paid_content":false,"footnotes":"","jetpack_post_was_ever_published":false},"categories":[2022],"tags":[],"class_list":["post-60523","post","type-post","status-publish","format-standard","hentry","category-notas"],"aioseo_notices":[],"aioseo_head":"\n\t\t<!-- All in One SEO 5.0.1.1 - aioseo.com -->\n\t<meta name=\"robots\" content=\"max-image-preview:large\" \/>\n\t<meta name=\"author\" content=\"da Reda\u00e7\u00e3o\"\/>\n\t<link rel=\"canonical\" href=\"https:\/\/www.jornalja.com.br\/arquivo\/associacao-de-servidores-alerta-para-desmonte-da-sema\/\" \/>\n\t<meta name=\"generator\" content=\"All in One SEO (AIOSEO) 5.0.1.1\" \/>\n\t\t<meta property=\"og:locale\" content=\"pt_BR\" \/>\n\t\t<meta property=\"og:site_name\" content=\"Arquivo | Jornal J\u00c1 | Porto Alegre\" \/>\n\t\t<meta property=\"og:type\" content=\"article\" \/>\n\t\t<meta property=\"og:title\" content=\"Associa\u00e7\u00e3o de Servidores alerta para desmonte da SEMA | Arquivo\" \/>\n\t\t<meta property=\"og:url\" content=\"https:\/\/www.jornalja.com.br\/arquivo\/associacao-de-servidores-alerta-para-desmonte-da-sema\/\" \/>\n\t\t<meta property=\"og:image\" content=\"https:\/\/www.jornalja.com.br\/economics\/wp-content\/uploads\/sites\/11\/2026\/08\/ja-folhaderosto-facebook.jpg\" \/>\n\t\t<meta property=\"og:image:secure_url\" content=\"https:\/\/www.jornalja.com.br\/economics\/wp-content\/uploads\/sites\/11\/2026\/08\/ja-folhaderosto-facebook.jpg\" \/>\n\t\t<meta property=\"article:published_time\" content=\"2018-03-13T18:07:52+00:00\" \/>\n\t\t<meta property=\"article:modified_time\" content=\"2018-03-13T18:07:52+00:00\" \/>\n\t\t<meta name=\"twitter:card\" content=\"summary\" \/>\n\t\t<meta name=\"twitter:title\" content=\"Associa\u00e7\u00e3o de Servidores alerta para desmonte da SEMA | Arquivo\" \/>\n\t\t<meta name=\"twitter:image\" content=\"https:\/\/www.jornalja.com.br\/economics\/wp-content\/uploads\/sites\/11\/2026\/08\/ja-folhaderosto-facebook.jpg\" \/>\n\t\t<script type=\"application\/ld+json\" class=\"aioseo-schema\">\n\t\t\t{\"@context\":\"https:\\\/\\\/schema.org\",\"@graph\":[{\"@type\":\"BlogPosting\",\"@id\":\"https:\\\/\\\/www.jornalja.com.br\\\/arquivo\\\/associacao-de-servidores-alerta-para-desmonte-da-sema\\\/#blogposting\",\"name\":\"Associa\\u00e7\\u00e3o de Servidores alerta para desmonte da SEMA | Arquivo\",\"headline\":\"Associa\\u00e7\\u00e3o de Servidores\\u00a0alerta para desmonte da SEMA\",\"author\":{\"@id\":\"https:\\\/\\\/www.jornalja.com.br\\\/arquivo\\\/author\\\/daredacao\\\/#author\"},\"publisher\":{\"@id\":\"https:\\\/\\\/www.jornalja.com.br\\\/arquivo\\\/#organization\"},\"image\":{\"@type\":\"ImageObject\",\"url\":\"https:\\\/\\\/www.jornalja.com.br\\\/wp-content\\\/uploads\\\/cards\\\/JAslogan.png\",\"@id\":\"https:\\\/\\\/www.jornalja.com.br\\\/arquivo\\\/#articleImage\"},\"datePublished\":\"2018-03-13T15:07:52-03:00\",\"dateModified\":\"2018-03-13T15:07:52-03:00\",\"inLanguage\":\"pt-BR\",\"mainEntityOfPage\":{\"@id\":\"https:\\\/\\\/www.jornalja.com.br\\\/arquivo\\\/associacao-de-servidores-alerta-para-desmonte-da-sema\\\/#webpage\"},\"isPartOf\":{\"@id\":\"https:\\\/\\\/www.jornalja.com.br\\\/arquivo\\\/associacao-de-servidores-alerta-para-desmonte-da-sema\\\/#webpage\"},\"articleSection\":\"NOTAS\"},{\"@type\":\"BreadcrumbList\",\"@id\":\"https:\\\/\\\/www.jornalja.com.br\\\/arquivo\\\/associacao-de-servidores-alerta-para-desmonte-da-sema\\\/#breadcrumblist\",\"itemListElement\":[{\"@type\":\"ListItem\",\"@id\":\"https:\\\/\\\/www.jornalja.com.br\\\/arquivo#listItem\",\"position\":1,\"name\":\"Home\",\"item\":\"https:\\\/\\\/www.jornalja.com.br\\\/arquivo\",\"nextItem\":{\"@type\":\"ListItem\",\"@id\":\"https:\\\/\\\/www.jornalja.com.br\\\/arquivo\\\/category\\\/notas\\\/#listItem\",\"name\":\"NOTAS\"}},{\"@type\":\"ListItem\",\"@id\":\"https:\\\/\\\/www.jornalja.com.br\\\/arquivo\\\/category\\\/notas\\\/#listItem\",\"position\":2,\"name\":\"NOTAS\",\"item\":\"https:\\\/\\\/www.jornalja.com.br\\\/arquivo\\\/category\\\/notas\\\/\",\"nextItem\":{\"@type\":\"ListItem\",\"@id\":\"https:\\\/\\\/www.jornalja.com.br\\\/arquivo\\\/associacao-de-servidores-alerta-para-desmonte-da-sema\\\/#listItem\",\"name\":\"Associa\\u00e7\\u00e3o de Servidores\\u00a0alerta para desmonte da SEMA\"},\"previousItem\":{\"@type\":\"ListItem\",\"@id\":\"https:\\\/\\\/www.jornalja.com.br\\\/arquivo#listItem\",\"name\":\"Home\"}},{\"@type\":\"ListItem\",\"@id\":\"https:\\\/\\\/www.jornalja.com.br\\\/arquivo\\\/associacao-de-servidores-alerta-para-desmonte-da-sema\\\/#listItem\",\"position\":3,\"name\":\"Associa\\u00e7\\u00e3o de Servidores\\u00a0alerta para desmonte da SEMA\",\"previousItem\":{\"@type\":\"ListItem\",\"@id\":\"https:\\\/\\\/www.jornalja.com.br\\\/arquivo\\\/category\\\/notas\\\/#listItem\",\"name\":\"NOTAS\"}}]},{\"@type\":\"Organization\",\"@id\":\"https:\\\/\\\/www.jornalja.com.br\\\/arquivo\\\/#organization\",\"name\":\"Jornal J\\u00c1\",\"description\":\"Jornal J\\u00c1 | Porto Alegre\",\"url\":\"https:\\\/\\\/www.jornalja.com.br\\\/arquivo\\\/\",\"telephone\":\"+555133307272\",\"logo\":{\"@type\":\"ImageObject\",\"url\":\"https:\\\/\\\/www.jornalja.com.br\\\/wp-content\\\/uploads\\\/cards\\\/JAslogan.png\",\"@id\":\"https:\\\/\\\/www.jornalja.com.br\\\/arquivo\\\/associacao-de-servidores-alerta-para-desmonte-da-sema\\\/#organizationLogo\"},\"image\":{\"@id\":\"https:\\\/\\\/www.jornalja.com.br\\\/arquivo\\\/associacao-de-servidores-alerta-para-desmonte-da-sema\\\/#organizationLogo\"}},{\"@type\":\"Person\",\"@id\":\"https:\\\/\\\/www.jornalja.com.br\\\/arquivo\\\/author\\\/daredacao\\\/#author\",\"url\":\"https:\\\/\\\/www.jornalja.com.br\\\/arquivo\\\/author\\\/daredacao\\\/\",\"name\":\"da Reda\\u00e7\\u00e3o\",\"image\":{\"@type\":\"ImageObject\",\"@id\":\"https:\\\/\\\/www.jornalja.com.br\\\/arquivo\\\/associacao-de-servidores-alerta-para-desmonte-da-sema\\\/#authorImage\",\"url\":\"https:\\\/\\\/secure.gravatar.com\\\/avatar\\\/469fd857d6605ad19919d27ed29d35a968a25f6e8fd9318356bbb7f57aae9c65?s=96&d=mm&r=g\",\"width\":96,\"height\":96,\"caption\":\"da Reda\\u00e7\\u00e3o\"}},{\"@type\":\"WebPage\",\"@id\":\"https:\\\/\\\/www.jornalja.com.br\\\/arquivo\\\/associacao-de-servidores-alerta-para-desmonte-da-sema\\\/#webpage\",\"url\":\"https:\\\/\\\/www.jornalja.com.br\\\/arquivo\\\/associacao-de-servidores-alerta-para-desmonte-da-sema\\\/\",\"name\":\"Associa\\u00e7\\u00e3o de Servidores alerta para desmonte da SEMA | Arquivo\",\"inLanguage\":\"pt-BR\",\"isPartOf\":{\"@id\":\"https:\\\/\\\/www.jornalja.com.br\\\/arquivo\\\/#website\"},\"breadcrumb\":{\"@id\":\"https:\\\/\\\/www.jornalja.com.br\\\/arquivo\\\/associacao-de-servidores-alerta-para-desmonte-da-sema\\\/#breadcrumblist\"},\"author\":{\"@id\":\"https:\\\/\\\/www.jornalja.com.br\\\/arquivo\\\/author\\\/daredacao\\\/#author\"},\"creator\":{\"@id\":\"https:\\\/\\\/www.jornalja.com.br\\\/arquivo\\\/author\\\/daredacao\\\/#author\"},\"datePublished\":\"2018-03-13T15:07:52-03:00\",\"dateModified\":\"2018-03-13T15:07:52-03:00\"},{\"@type\":\"WebSite\",\"@id\":\"https:\\\/\\\/www.jornalja.com.br\\\/arquivo\\\/#website\",\"url\":\"https:\\\/\\\/www.jornalja.com.br\\\/arquivo\\\/\",\"name\":\"Arquivo\",\"description\":\"Jornal J\\u00c1 | Porto Alegre\",\"inLanguage\":\"pt-BR\",\"publisher\":{\"@id\":\"https:\\\/\\\/www.jornalja.com.br\\\/arquivo\\\/#organization\"}}]}\n\t\t<\/script>\n\t\t<!-- All in One SEO -->\n\n","aioseo_head_json":{"title":"Associa\u00e7\u00e3o de Servidores alerta para desmonte da SEMA | Arquivo","description":"","canonical_url":"https:\/\/www.jornalja.com.br\/arquivo\/associacao-de-servidores-alerta-para-desmonte-da-sema\/","robots":"max-image-preview:large","keywords":"","webmasterTools":{"miscellaneous":""},"schema":{"@context":"https:\/\/schema.org","@graph":[{"@type":"BlogPosting","@id":"https:\/\/www.jornalja.com.br\/arquivo\/associacao-de-servidores-alerta-para-desmonte-da-sema\/#blogposting","name":"Associa\u00e7\u00e3o de Servidores alerta para desmonte da SEMA | Arquivo","headline":"Associa\u00e7\u00e3o de Servidores\u00a0alerta para desmonte da SEMA","author":{"@id":"https:\/\/www.jornalja.com.br\/arquivo\/author\/daredacao\/#author"},"publisher":{"@id":"https:\/\/www.jornalja.com.br\/arquivo\/#organization"},"image":{"@type":"ImageObject","url":"https:\/\/www.jornalja.com.br\/wp-content\/uploads\/cards\/JAslogan.png","@id":"https:\/\/www.jornalja.com.br\/arquivo\/#articleImage"},"datePublished":"2018-03-13T15:07:52-03:00","dateModified":"2018-03-13T15:07:52-03:00","inLanguage":"pt-BR","mainEntityOfPage":{"@id":"https:\/\/www.jornalja.com.br\/arquivo\/associacao-de-servidores-alerta-para-desmonte-da-sema\/#webpage"},"isPartOf":{"@id":"https:\/\/www.jornalja.com.br\/arquivo\/associacao-de-servidores-alerta-para-desmonte-da-sema\/#webpage"},"articleSection":"NOTAS"},{"@type":"BreadcrumbList","@id":"https:\/\/www.jornalja.com.br\/arquivo\/associacao-de-servidores-alerta-para-desmonte-da-sema\/#breadcrumblist","itemListElement":[{"@type":"ListItem","@id":"https:\/\/www.jornalja.com.br\/arquivo#listItem","position":1,"name":"Home","item":"https:\/\/www.jornalja.com.br\/arquivo","nextItem":{"@type":"ListItem","@id":"https:\/\/www.jornalja.com.br\/arquivo\/category\/notas\/#listItem","name":"NOTAS"}},{"@type":"ListItem","@id":"https:\/\/www.jornalja.com.br\/arquivo\/category\/notas\/#listItem","position":2,"name":"NOTAS","item":"https:\/\/www.jornalja.com.br\/arquivo\/category\/notas\/","nextItem":{"@type":"ListItem","@id":"https:\/\/www.jornalja.com.br\/arquivo\/associacao-de-servidores-alerta-para-desmonte-da-sema\/#listItem","name":"Associa\u00e7\u00e3o de Servidores\u00a0alerta para desmonte da SEMA"},"previousItem":{"@type":"ListItem","@id":"https:\/\/www.jornalja.com.br\/arquivo#listItem","name":"Home"}},{"@type":"ListItem","@id":"https:\/\/www.jornalja.com.br\/arquivo\/associacao-de-servidores-alerta-para-desmonte-da-sema\/#listItem","position":3,"name":"Associa\u00e7\u00e3o de Servidores\u00a0alerta para desmonte da SEMA","previousItem":{"@type":"ListItem","@id":"https:\/\/www.jornalja.com.br\/arquivo\/category\/notas\/#listItem","name":"NOTAS"}}]},{"@type":"Organization","@id":"https:\/\/www.jornalja.com.br\/arquivo\/#organization","name":"Jornal J\u00c1","description":"Jornal J\u00c1 | Porto Alegre","url":"https:\/\/www.jornalja.com.br\/arquivo\/","telephone":"+555133307272","logo":{"@type":"ImageObject","url":"https:\/\/www.jornalja.com.br\/wp-content\/uploads\/cards\/JAslogan.png","@id":"https:\/\/www.jornalja.com.br\/arquivo\/associacao-de-servidores-alerta-para-desmonte-da-sema\/#organizationLogo"},"image":{"@id":"https:\/\/www.jornalja.com.br\/arquivo\/associacao-de-servidores-alerta-para-desmonte-da-sema\/#organizationLogo"}},{"@type":"Person","@id":"https:\/\/www.jornalja.com.br\/arquivo\/author\/daredacao\/#author","url":"https:\/\/www.jornalja.com.br\/arquivo\/author\/daredacao\/","name":"da Reda\u00e7\u00e3o","image":{"@type":"ImageObject","@id":"https:\/\/www.jornalja.com.br\/arquivo\/associacao-de-servidores-alerta-para-desmonte-da-sema\/#authorImage","url":"https:\/\/secure.gravatar.com\/avatar\/469fd857d6605ad19919d27ed29d35a968a25f6e8fd9318356bbb7f57aae9c65?s=96&d=mm&r=g","width":96,"height":96,"caption":"da Reda\u00e7\u00e3o"}},{"@type":"WebPage","@id":"https:\/\/www.jornalja.com.br\/arquivo\/associacao-de-servidores-alerta-para-desmonte-da-sema\/#webpage","url":"https:\/\/www.jornalja.com.br\/arquivo\/associacao-de-servidores-alerta-para-desmonte-da-sema\/","name":"Associa\u00e7\u00e3o de Servidores alerta para desmonte da SEMA | Arquivo","inLanguage":"pt-BR","isPartOf":{"@id":"https:\/\/www.jornalja.com.br\/arquivo\/#website"},"breadcrumb":{"@id":"https:\/\/www.jornalja.com.br\/arquivo\/associacao-de-servidores-alerta-para-desmonte-da-sema\/#breadcrumblist"},"author":{"@id":"https:\/\/www.jornalja.com.br\/arquivo\/author\/daredacao\/#author"},"creator":{"@id":"https:\/\/www.jornalja.com.br\/arquivo\/author\/daredacao\/#author"},"datePublished":"2018-03-13T15:07:52-03:00","dateModified":"2018-03-13T15:07:52-03:00"},{"@type":"WebSite","@id":"https:\/\/www.jornalja.com.br\/arquivo\/#website","url":"https:\/\/www.jornalja.com.br\/arquivo\/","name":"Arquivo","description":"Jornal J\u00c1 | Porto Alegre","inLanguage":"pt-BR","publisher":{"@id":"https:\/\/www.jornalja.com.br\/arquivo\/#organization"}}]},"og:locale":"pt_BR","og:site_name":"Arquivo | Jornal J\u00c1 | Porto Alegre","og:type":"article","og:title":"Associa\u00e7\u00e3o de Servidores alerta para desmonte da SEMA | Arquivo","og:url":"https:\/\/www.jornalja.com.br\/arquivo\/associacao-de-servidores-alerta-para-desmonte-da-sema\/","og:image":"https:\/\/www.jornalja.com.br\/economics\/wp-content\/uploads\/sites\/11\/2026\/08\/ja-folhaderosto-facebook.jpg","og:image:secure_url":"https:\/\/www.jornalja.com.br\/economics\/wp-content\/uploads\/sites\/11\/2026\/08\/ja-folhaderosto-facebook.jpg","article:published_time":"2018-03-13T18:07:52+00:00","article:modified_time":"2018-03-13T18:07:52+00:00","twitter:card":"summary","twitter:title":"Associa\u00e7\u00e3o de Servidores alerta para desmonte da SEMA | Arquivo","twitter:image":"https:\/\/www.jornalja.com.br\/economics\/wp-content\/uploads\/sites\/11\/2026\/08\/ja-folhaderosto-facebook.jpg"},"aioseo_meta_data":{"post_id":"60523","title":null,"description":null,"keywords":null,"keyphrases":null,"primary_term":null,"canonical_url":null,"og_title":null,"og_description":null,"og_object_type":"default","og_image_type":"default","og_image_url":null,"og_image_width":null,"og_image_height":null,"og_image_custom_url":null,"og_image_custom_fields":null,"og_video":null,"og_custom_url":null,"og_article_section":null,"og_article_tags":null,"twitter_use_og":false,"twitter_card":"default","twitter_image_type":"default","twitter_image_url":null,"twitter_image_custom_url":null,"twitter_image_custom_fields":null,"twitter_title":null,"twitter_description":null,"schema":{"blockGraphs":[],"customGraphs":[],"default":{"data":{"Article":[],"Course":[],"Dataset":[],"FAQPage":[],"Movie":[],"Person":[],"Product":[],"ProductReview":[],"Car":[],"Recipe":[],"Service":[],"SoftwareApplication":[],"WebPage":[]},"graphName":"","isEnabled":true},"graphs":[]},"schema_type":null,"schema_type_options":null,"pillar_content":false,"robots_default":true,"robots_noindex":false,"robots_noarchive":false,"robots_nosnippet":false,"robots_nofollow":false,"robots_noimageindex":false,"robots_noodp":false,"robots_notranslate":false,"robots_max_snippet":null,"robots_max_videopreview":null,"robots_max_imagepreview":"large","priority":null,"frequency":null,"location":null,"local_seo":null,"breadcrumb_settings":null,"limit_modified_date":false,"ai":null,"created":"2020-12-20 20:17:17","updated":"2025-07-20 03:51:34","seo_analyzer_scan_date":null,"focus_keyword":null,"additional_keywords":null,"truseo_locale":null},"jetpack_sharing_enabled":true,"jetpack-related-posts":[{"id":13240,"url":"https:\/\/www.jornalja.com.br\/arquivo\/plano-diretor-estamos-construindo-o-caos\/","url_meta":{"origin":60523,"position":0},"title":"Plano diretor: &quot;Estamos construindo o caos&quot;","author":"Patr\u00edcia Marini","date":"26 de maio de 2014","format":false,"excerpt":"Desabafo que arquiteta Eliana Castilhos, delegada da Regi\u00e3o de Planejamento 1, postou nas redes sociais \u00e9 um testemunho do ambiente que se criou no Conselho do Plano Diretor de Porto Alegre, onde a aprova\u00e7\u00e3o de grandes empreendimentos \u00e9 empurrada guela abaixo dos conselheiros. Ao CMDUA Como delegada da Regi\u00e3o de\u2026","rel":"","context":"Em &quot;Geral&quot;","block_context":{"text":"Geral","link":"https:\/\/www.jornalja.com.br\/arquivo\/category\/geral\/"},"img":{"alt_text":"","src":"","width":0,"height":0},"classes":[]},{"id":13128,"url":"https:\/\/www.jornalja.com.br\/arquivo\/maconha-terra-diz-que-uso-medicinal-e-desculpa\/","url_meta":{"origin":60523,"position":1},"title":"Maconha: Terra diz que uso medicinal \u00e9 desculpa","author":"Patr\u00edcia Marini","date":"4 de junho de 2014","format":false,"excerpt":"A condi\u00e7\u00e3o de pol\u00edtico, em \u00e9poca de campanha de campanha eleitoral, tira for\u00e7a do discurso do m\u00e9dico Osmar Terra contra a legaliza\u00e7\u00e3o da maconha. A tese dele de que a libera\u00e7\u00e3o vai ampliar exponencialmente o consumo \u00e9 discutivel, o consumo \u00e9 corrente. Mas seus alertas quanto aos riscos tem que\u2026","rel":"","context":"Em &quot;X.Categorias velhas&quot;","block_context":{"text":"X.Categorias velhas","link":"https:\/\/www.jornalja.com.br\/arquivo\/category\/x-categorias-velhas\/"},"img":{"alt_text":"","src":"","width":0,"height":0},"classes":[]},{"id":13109,"url":"https:\/\/www.jornalja.com.br\/arquivo\/judiciario-reconhece-poluicao-eletromagnetica\/","url_meta":{"origin":60523,"position":2},"title":"Judici\u00e1rio reconhece polui\u00e7\u00e3o eletromagn\u00e9tica","author":"Patr\u00edcia Marini","date":"16 de maio de 2014","format":false,"excerpt":"A\u00e7\u00e3o de duas associa\u00e7\u00f5es de moradores foi acolhida pelo Tribunal de Justi\u00e7a de S\u00e3o Paulo que. em decis\u00e3o in\u00e9dita, determinou a redu\u00e7\u00e3o do campo eletromagn\u00e9tico gerado pelas linhas de transmiss\u00e3o de energia que cortam os bairros City Boa\u00e7ava e Alto de Pinheiros. \u00c9 a primeira vez que um tribunal do\u2026","rel":"","context":"Em &quot;X.Categorias velhas&quot;","block_context":{"text":"X.Categorias velhas","link":"https:\/\/www.jornalja.com.br\/arquivo\/category\/x-categorias-velhas\/"},"img":{"alt_text":"","src":"","width":0,"height":0},"classes":[]},{"id":5440,"url":"https:\/\/www.jornalja.com.br\/arquivo\/casarao-da-venancio-destino-permanece-incerto\/","url_meta":{"origin":60523,"position":3},"title":"Estado ainda n\u00e3o sabe o que fazer com casar\u00e3o abandonado h\u00e1 20 anos","author":"Elmar Bones","date":"6 de julho de 2009","format":false,"excerpt":"O casar\u00e3o amarelo, numa esquina nobre de Porto Alegre (Ven\u00e2ncio Aires com Jo\u00e3o Pessoa), j\u00e1 abrigou uma escola. H\u00e1 duas d\u00e9cadas, pelo menos, est\u00e1 abandonado, porque seu propriet\u00e1rio, o governo do Estado do Rio Grande do Sul, n\u00e3o consegue achar um destino para ele. Planos n\u00e3o faltaram. O governador Ol\u00edvio\u2026","rel":"","context":"Em &quot;X.Categorias velhas&quot;","block_context":{"text":"X.Categorias velhas","link":"https:\/\/www.jornalja.com.br\/arquivo\/category\/x-categorias-velhas\/"},"img":{"alt_text":"geraldo1","src":"https:\/\/i0.wp.com\/www.jornalja.com.br\/wp-content\/uploads\/2009\/07\/geraldo1.jpg?resize=350%2C200&ssl=1","width":350,"height":200},"classes":[]},{"id":13124,"url":"https:\/\/www.jornalja.com.br\/arquivo\/sangue-latino-no-iecine\/","url_meta":{"origin":60523,"position":4},"title":"Sangue latino no IECINE","author":"da Reda\u00e7\u00e3o","date":"18 de maio de 2014","format":false,"excerpt":"Francisco Ribeiro O Instituto Estadual de Cinema (IECINE) tem a frente, desde abril \u00faltimo, um novo diretor, o cineasta colombiano Juan Zapata, 36, que substitui Luiz Alberto Cassol. Radicado h\u00e1 dez anos em Porto Alegre, Zapata tem diante de si o desafio de conduzir at\u00e9 o final do ano um\u2026","rel":"","context":"Em &quot;Cultura-Geral&quot;","block_context":{"text":"Cultura-Geral","link":"https:\/\/www.jornalja.com.br\/arquivo\/category\/materiasecundaria\/"},"img":{"alt_text":"","src":"","width":0,"height":0},"classes":[]},{"id":14241,"url":"https:\/\/www.jornalja.com.br\/arquivo\/o-guaiba-nas-imagens-poeticas-de-achutti\/","url_meta":{"origin":60523,"position":5},"title":"O Gua\u00edba nas imagens po\u00e9ticas de Achutti","author":"da Reda\u00e7\u00e3o","date":"18 de junho de 2014","format":false,"excerpt":"Em \u201cO Gua\u00edba por Achutti\u201d \u2013 obra financiada via Minist\u00e9rio da Cultura, produ\u00e7\u00e3o executiva de Pedro Longhi, e Fl\u00e1vio Wild como designer \u2013, o fot\u00f3grafo revela a beleza e as mazelas de um espa\u00e7o aqu\u00e1tico de \u00e1guas sempre renovadas, cheio de hist\u00f3rias e lendas como as das cidades que foram\u2026","rel":"","context":"Em &quot;Cultura-Geral&quot;","block_context":{"text":"Cultura-Geral","link":"https:\/\/www.jornalja.com.br\/arquivo\/category\/materiasecundaria\/"},"img":{"alt_text":"","src":"","width":0,"height":0},"classes":[]}],"jetpack_shortlink":"https:\/\/wp.me\/pbQjBd-fKb","jetpack_featured_media_url":"","_links":{"self":[{"href":"https:\/\/www.jornalja.com.br\/arquivo\/wp-json\/wp\/v2\/posts\/60523","targetHints":{"allow":["GET"]}}],"collection":[{"href":"https:\/\/www.jornalja.com.br\/arquivo\/wp-json\/wp\/v2\/posts"}],"about":[{"href":"https:\/\/www.jornalja.com.br\/arquivo\/wp-json\/wp\/v2\/types\/post"}],"author":[{"embeddable":true,"href":"https:\/\/www.jornalja.com.br\/arquivo\/wp-json\/wp\/v2\/users\/4"}],"replies":[{"embeddable":true,"href":"https:\/\/www.jornalja.com.br\/arquivo\/wp-json\/wp\/v2\/comments?post=60523"}],"version-history":[{"count":0,"href":"https:\/\/www.jornalja.com.br\/arquivo\/wp-json\/wp\/v2\/posts\/60523\/revisions"}],"wp:attachment":[{"href":"https:\/\/www.jornalja.com.br\/arquivo\/wp-json\/wp\/v2\/media?parent=60523"}],"wp:term":[{"taxonomy":"category","embeddable":true,"href":"https:\/\/www.jornalja.com.br\/arquivo\/wp-json\/wp\/v2\/categories?post=60523"},{"taxonomy":"post_tag","embeddable":true,"href":"https:\/\/www.jornalja.com.br\/arquivo\/wp-json\/wp\/v2\/tags?post=60523"}],"curies":[{"name":"wp","href":"https:\/\/api.w.org\/{rel}","templated":true}]}}