{"id":61391,"date":"2018-04-11T12:31:55","date_gmt":"2018-04-11T15:31:55","guid":{"rendered":"https:\/\/www.jornalja.com.br\/?p=61391"},"modified":"2018-04-11T12:31:55","modified_gmt":"2018-04-11T15:31:55","slug":"10-da-populacao-concentra-quase-metade-da-massa-de-rendimentos-do-pais","status":"publish","type":"post","link":"https:\/\/www.jornalja.com.br\/arquivo\/10-da-populacao-concentra-quase-metade-da-massa-de-rendimentos-do-pais\/","title":{"rendered":"10% da popula\u00e7\u00e3o concentra quase metade da massa de rendimentos do pa\u00eds"},"content":{"rendered":"<p>Em 2017, os ricos do pa\u00eds ganharam 36,1 vezes mais do que metade dos mais pobres. Este grupo 1% mais rico da popula\u00e7\u00e3o brasileira, em 2017, teve rendimento m\u00e9dio mensal de R$ 27.213. O valor representa, em m\u00e9dia, 36,1 vezes mais do que metade do que receberam os mais pobres \u2013 cujo renda mensal foi de R$ 754.<br \/>\nOs dados fazem parte da pesquisa Rendimento de todas as fontes 2017, divulgada hoje pelo Instituto Brasileiro de Geografia e estat\u00edstica (IBGE), com base em dados da Pesquisa Nacional por Amostra de Domic\u00edlios Cont\u00ednua (Pnad Cont\u00ednua).<br \/>\nA publica\u00e7\u00e3o revela que a massa de rendimento m\u00e9dio mensal real domiciliar per capita, em 2017, foi de R$ 263,1 bilh\u00f5es. Deste total, os 10% da popula\u00e7\u00e3o com os maiores rendimentos ficavam com 43,3% do total. Os 10% menores rendimentos detinham apenas 0,7% da renda.<br \/>\nPara o coordenador da pesquisa, Cimar Azeredo, os n\u00fameros mostram que a desigualdade ainda \u00e9 grande no pa\u00eds. &#8220;Vamos separar a popula\u00e7\u00e3o inteira, do mais baixo ao mais alto. Se voc\u00ea pega metade dela, ver\u00e1 que a m\u00e9dia de rendimento m\u00e9dio dos 50% que ganham menos \u00e9 de R$ 754, valor mais que 36 vezes menor do que o rendimento da popula\u00e7\u00e3o que ganha os maiores sal\u00e1rios, e que chega a R$ 27.213. Os 10% com os maiores rendimentos chegam a deter 43% do total recebido\u201d, afirmou.<br \/>\nPara o coordenador da Pnad Cont\u00ednua, h\u00e1 n\u00fameros derrubam o mito de que principalmente nas regi\u00f5es Norte e Nordeste, os programas de transfer\u00eancia renda respondem pela maior parte do rendimento das fam\u00edlias.<br \/>\n\u201cIsso n\u00e3o \u00e9 verdade. Quando olhamos o pa\u00eds como um todo, observamos que 73,8% da composi\u00e7\u00e3o do rendimento da fam\u00edlia vem do trabalho, 9,4% de aposentadoria ou pens\u00e3o e outros rendimentos como aluguel (2,4%), e o restante de pens\u00f5es, doa\u00e7\u00e3o de n\u00e3o morador.\u201d<br \/>\nCom rela\u00e7\u00e3o aos programas de transfer\u00eancia de renda do governo federal, a pesquisa constatou que o percentual das fam\u00edlias brasileiras que recebiam o Bolsa Fam\u00edlia caiu 0,6 ponto percentual entre 2016 e 2017, ao passar de 14,3%para 13,7%.<br \/>\nSegundo a pesquisa, o rendimento m\u00e9dio mensal real domiciliar per capita dos domic\u00edlios que recebiam o Bolsa Fam\u00edlia em 2017 foi de R$ 324, bem inferior ao rendimento m\u00e9dio mensal real domiciliar per capita dos que n\u00e3o recebiam, que era de R$ 1.489.<br \/>\nA pesquisa ratifica a persist\u00eancia do sal\u00e1rio maior para os homens do que para as mulheres. Enquanto o rendimento m\u00e9dio mensal real de todos os trabalhos, no Brasil, foi de R$ 2.178; entre os homens, esta m\u00e9dia chegou a R$ 2.410. J\u00e1 para as mulheres, o rendimento m\u00e9dio mensal registrado foi de R$ 1.868, ou seja: o equivalente a 77,5% do rendimento masculino. Em 2016, essa propor\u00e7\u00e3o era ainda menor: 77,2%.<br \/>\n\u201cO Brasil \u00e9 um pa\u00eds bastante desiguais quando se leva em conta os cortes por sexo, cor e ra\u00e7a, n\u00edvel de instru\u00e7\u00e3o e regi\u00f5es distintas do pa\u00eds. N\u00f3s somos praticamente cinco pa\u00eds em um s\u00f3 demonstrados pelo retrato de cada uma das cinco regi\u00f5es\u201d, afirmou o coordenador da pesquisa.<\/p>\n","protected":false},"excerpt":{"rendered":"<p>Em 2017, os ricos do pa\u00eds ganharam 36,1 vezes mais do que metade dos mais pobres. Este grupo 1% mais rico da popula\u00e7\u00e3o brasileira, em 2017, teve rendimento m\u00e9dio mensal de R$ 27.213. O valor representa, em m\u00e9dia, 36,1 vezes mais do que metade do que receberam os mais pobres \u2013 cujo renda mensal foi [&hellip;]<\/p>\n","protected":false},"author":4,"featured_media":0,"comment_status":"open","ping_status":"closed","sticky":false,"template":"","format":"standard","meta":{"_jetpack_newsletter_access":"","_jetpack_dont_email_post_to_subs":false,"_jetpack_newsletter_tier_id":0,"_jetpack_memberships_contains_paywalled_content":false,"_jetpack_feature_clip_id":0,"_jetpack_memberships_contains_paid_content":false,"footnotes":"","jetpack_post_was_ever_published":false},"categories":[2022],"tags":[],"class_list":["post-61391","post","type-post","status-publish","format-standard","hentry","category-notas"],"aioseo_notices":[],"aioseo_head":"\n\t\t<!-- All in One SEO 5.0.1.1 - aioseo.com -->\n\t<meta name=\"robots\" content=\"max-image-preview:large\" \/>\n\t<meta name=\"author\" content=\"da Reda\u00e7\u00e3o\"\/>\n\t<link rel=\"canonical\" href=\"https:\/\/www.jornalja.com.br\/arquivo\/10-da-populacao-concentra-quase-metade-da-massa-de-rendimentos-do-pais\/\" \/>\n\t<meta name=\"generator\" content=\"All in One SEO (AIOSEO) 5.0.1.1\" \/>\n\t\t<meta property=\"og:locale\" content=\"pt_BR\" \/>\n\t\t<meta property=\"og:site_name\" content=\"Arquivo | Jornal J\u00c1 | Porto Alegre\" \/>\n\t\t<meta property=\"og:type\" content=\"article\" \/>\n\t\t<meta property=\"og:title\" content=\"10% da popula\u00e7\u00e3o concentra quase metade da massa de rendimentos do pa\u00eds | Arquivo\" \/>\n\t\t<meta property=\"og:url\" content=\"https:\/\/www.jornalja.com.br\/arquivo\/10-da-populacao-concentra-quase-metade-da-massa-de-rendimentos-do-pais\/\" \/>\n\t\t<meta property=\"og:image\" content=\"https:\/\/www.jornalja.com.br\/economics\/wp-content\/uploads\/sites\/11\/2026\/08\/ja-folhaderosto-facebook.jpg\" \/>\n\t\t<meta property=\"og:image:secure_url\" content=\"https:\/\/www.jornalja.com.br\/economics\/wp-content\/uploads\/sites\/11\/2026\/08\/ja-folhaderosto-facebook.jpg\" \/>\n\t\t<meta property=\"article:published_time\" content=\"2018-04-11T15:31:55+00:00\" \/>\n\t\t<meta property=\"article:modified_time\" content=\"2018-04-11T15:31:55+00:00\" \/>\n\t\t<meta name=\"twitter:card\" content=\"summary\" \/>\n\t\t<meta name=\"twitter:title\" content=\"10% da popula\u00e7\u00e3o concentra quase metade da massa de rendimentos do pa\u00eds | Arquivo\" \/>\n\t\t<meta name=\"twitter:image\" content=\"https:\/\/www.jornalja.com.br\/economics\/wp-content\/uploads\/sites\/11\/2026\/08\/ja-folhaderosto-facebook.jpg\" \/>\n\t\t<script type=\"application\/ld+json\" class=\"aioseo-schema\">\n\t\t\t{\"@context\":\"https:\\\/\\\/schema.org\",\"@graph\":[{\"@type\":\"BlogPosting\",\"@id\":\"https:\\\/\\\/www.jornalja.com.br\\\/arquivo\\\/10-da-populacao-concentra-quase-metade-da-massa-de-rendimentos-do-pais\\\/#blogposting\",\"name\":\"10% da popula\\u00e7\\u00e3o concentra quase metade da massa de rendimentos do pa\\u00eds | Arquivo\",\"headline\":\"10% da popula\\u00e7\\u00e3o concentra quase metade da massa de rendimentos do pa\\u00eds\",\"author\":{\"@id\":\"https:\\\/\\\/www.jornalja.com.br\\\/arquivo\\\/author\\\/daredacao\\\/#author\"},\"publisher\":{\"@id\":\"https:\\\/\\\/www.jornalja.com.br\\\/arquivo\\\/#organization\"},\"image\":{\"@type\":\"ImageObject\",\"url\":\"https:\\\/\\\/www.jornalja.com.br\\\/wp-content\\\/uploads\\\/cards\\\/JAslogan.png\",\"@id\":\"https:\\\/\\\/www.jornalja.com.br\\\/arquivo\\\/#articleImage\"},\"datePublished\":\"2018-04-11T12:31:55-03:00\",\"dateModified\":\"2018-04-11T12:31:55-03:00\",\"inLanguage\":\"pt-BR\",\"mainEntityOfPage\":{\"@id\":\"https:\\\/\\\/www.jornalja.com.br\\\/arquivo\\\/10-da-populacao-concentra-quase-metade-da-massa-de-rendimentos-do-pais\\\/#webpage\"},\"isPartOf\":{\"@id\":\"https:\\\/\\\/www.jornalja.com.br\\\/arquivo\\\/10-da-populacao-concentra-quase-metade-da-massa-de-rendimentos-do-pais\\\/#webpage\"},\"articleSection\":\"NOTAS\"},{\"@type\":\"BreadcrumbList\",\"@id\":\"https:\\\/\\\/www.jornalja.com.br\\\/arquivo\\\/10-da-populacao-concentra-quase-metade-da-massa-de-rendimentos-do-pais\\\/#breadcrumblist\",\"itemListElement\":[{\"@type\":\"ListItem\",\"@id\":\"https:\\\/\\\/www.jornalja.com.br\\\/arquivo#listItem\",\"position\":1,\"name\":\"Home\",\"item\":\"https:\\\/\\\/www.jornalja.com.br\\\/arquivo\",\"nextItem\":{\"@type\":\"ListItem\",\"@id\":\"https:\\\/\\\/www.jornalja.com.br\\\/arquivo\\\/category\\\/notas\\\/#listItem\",\"name\":\"NOTAS\"}},{\"@type\":\"ListItem\",\"@id\":\"https:\\\/\\\/www.jornalja.com.br\\\/arquivo\\\/category\\\/notas\\\/#listItem\",\"position\":2,\"name\":\"NOTAS\",\"item\":\"https:\\\/\\\/www.jornalja.com.br\\\/arquivo\\\/category\\\/notas\\\/\",\"nextItem\":{\"@type\":\"ListItem\",\"@id\":\"https:\\\/\\\/www.jornalja.com.br\\\/arquivo\\\/10-da-populacao-concentra-quase-metade-da-massa-de-rendimentos-do-pais\\\/#listItem\",\"name\":\"10% da popula\\u00e7\\u00e3o concentra quase metade da massa de rendimentos do pa\\u00eds\"},\"previousItem\":{\"@type\":\"ListItem\",\"@id\":\"https:\\\/\\\/www.jornalja.com.br\\\/arquivo#listItem\",\"name\":\"Home\"}},{\"@type\":\"ListItem\",\"@id\":\"https:\\\/\\\/www.jornalja.com.br\\\/arquivo\\\/10-da-populacao-concentra-quase-metade-da-massa-de-rendimentos-do-pais\\\/#listItem\",\"position\":3,\"name\":\"10% da popula\\u00e7\\u00e3o concentra quase metade da massa de rendimentos do pa\\u00eds\",\"previousItem\":{\"@type\":\"ListItem\",\"@id\":\"https:\\\/\\\/www.jornalja.com.br\\\/arquivo\\\/category\\\/notas\\\/#listItem\",\"name\":\"NOTAS\"}}]},{\"@type\":\"Organization\",\"@id\":\"https:\\\/\\\/www.jornalja.com.br\\\/arquivo\\\/#organization\",\"name\":\"Jornal J\\u00c1\",\"description\":\"Jornal J\\u00c1 | Porto Alegre\",\"url\":\"https:\\\/\\\/www.jornalja.com.br\\\/arquivo\\\/\",\"telephone\":\"+555133307272\",\"logo\":{\"@type\":\"ImageObject\",\"url\":\"https:\\\/\\\/www.jornalja.com.br\\\/wp-content\\\/uploads\\\/cards\\\/JAslogan.png\",\"@id\":\"https:\\\/\\\/www.jornalja.com.br\\\/arquivo\\\/10-da-populacao-concentra-quase-metade-da-massa-de-rendimentos-do-pais\\\/#organizationLogo\"},\"image\":{\"@id\":\"https:\\\/\\\/www.jornalja.com.br\\\/arquivo\\\/10-da-populacao-concentra-quase-metade-da-massa-de-rendimentos-do-pais\\\/#organizationLogo\"}},{\"@type\":\"Person\",\"@id\":\"https:\\\/\\\/www.jornalja.com.br\\\/arquivo\\\/author\\\/daredacao\\\/#author\",\"url\":\"https:\\\/\\\/www.jornalja.com.br\\\/arquivo\\\/author\\\/daredacao\\\/\",\"name\":\"da Reda\\u00e7\\u00e3o\",\"image\":{\"@type\":\"ImageObject\",\"@id\":\"https:\\\/\\\/www.jornalja.com.br\\\/arquivo\\\/10-da-populacao-concentra-quase-metade-da-massa-de-rendimentos-do-pais\\\/#authorImage\",\"url\":\"https:\\\/\\\/secure.gravatar.com\\\/avatar\\\/469fd857d6605ad19919d27ed29d35a968a25f6e8fd9318356bbb7f57aae9c65?s=96&d=mm&r=g\",\"width\":96,\"height\":96,\"caption\":\"da Reda\\u00e7\\u00e3o\"}},{\"@type\":\"WebPage\",\"@id\":\"https:\\\/\\\/www.jornalja.com.br\\\/arquivo\\\/10-da-populacao-concentra-quase-metade-da-massa-de-rendimentos-do-pais\\\/#webpage\",\"url\":\"https:\\\/\\\/www.jornalja.com.br\\\/arquivo\\\/10-da-populacao-concentra-quase-metade-da-massa-de-rendimentos-do-pais\\\/\",\"name\":\"10% da popula\\u00e7\\u00e3o concentra quase metade da massa de rendimentos do pa\\u00eds | Arquivo\",\"inLanguage\":\"pt-BR\",\"isPartOf\":{\"@id\":\"https:\\\/\\\/www.jornalja.com.br\\\/arquivo\\\/#website\"},\"breadcrumb\":{\"@id\":\"https:\\\/\\\/www.jornalja.com.br\\\/arquivo\\\/10-da-populacao-concentra-quase-metade-da-massa-de-rendimentos-do-pais\\\/#breadcrumblist\"},\"author\":{\"@id\":\"https:\\\/\\\/www.jornalja.com.br\\\/arquivo\\\/author\\\/daredacao\\\/#author\"},\"creator\":{\"@id\":\"https:\\\/\\\/www.jornalja.com.br\\\/arquivo\\\/author\\\/daredacao\\\/#author\"},\"datePublished\":\"2018-04-11T12:31:55-03:00\",\"dateModified\":\"2018-04-11T12:31:55-03:00\"},{\"@type\":\"WebSite\",\"@id\":\"https:\\\/\\\/www.jornalja.com.br\\\/arquivo\\\/#website\",\"url\":\"https:\\\/\\\/www.jornalja.com.br\\\/arquivo\\\/\",\"name\":\"Arquivo\",\"description\":\"Jornal J\\u00c1 | Porto Alegre\",\"inLanguage\":\"pt-BR\",\"publisher\":{\"@id\":\"https:\\\/\\\/www.jornalja.com.br\\\/arquivo\\\/#organization\"}}]}\n\t\t<\/script>\n\t\t<!-- All in One SEO -->\n\n","aioseo_head_json":{"title":"10% da popula\u00e7\u00e3o concentra quase metade da massa de rendimentos do pa\u00eds | Arquivo","description":"","canonical_url":"https:\/\/www.jornalja.com.br\/arquivo\/10-da-populacao-concentra-quase-metade-da-massa-de-rendimentos-do-pais\/","robots":"max-image-preview:large","keywords":"","webmasterTools":{"miscellaneous":""},"schema":{"@context":"https:\/\/schema.org","@graph":[{"@type":"BlogPosting","@id":"https:\/\/www.jornalja.com.br\/arquivo\/10-da-populacao-concentra-quase-metade-da-massa-de-rendimentos-do-pais\/#blogposting","name":"10% da popula\u00e7\u00e3o concentra quase metade da massa de rendimentos do pa\u00eds | Arquivo","headline":"10% da popula\u00e7\u00e3o concentra quase metade da massa de rendimentos do pa\u00eds","author":{"@id":"https:\/\/www.jornalja.com.br\/arquivo\/author\/daredacao\/#author"},"publisher":{"@id":"https:\/\/www.jornalja.com.br\/arquivo\/#organization"},"image":{"@type":"ImageObject","url":"https:\/\/www.jornalja.com.br\/wp-content\/uploads\/cards\/JAslogan.png","@id":"https:\/\/www.jornalja.com.br\/arquivo\/#articleImage"},"datePublished":"2018-04-11T12:31:55-03:00","dateModified":"2018-04-11T12:31:55-03:00","inLanguage":"pt-BR","mainEntityOfPage":{"@id":"https:\/\/www.jornalja.com.br\/arquivo\/10-da-populacao-concentra-quase-metade-da-massa-de-rendimentos-do-pais\/#webpage"},"isPartOf":{"@id":"https:\/\/www.jornalja.com.br\/arquivo\/10-da-populacao-concentra-quase-metade-da-massa-de-rendimentos-do-pais\/#webpage"},"articleSection":"NOTAS"},{"@type":"BreadcrumbList","@id":"https:\/\/www.jornalja.com.br\/arquivo\/10-da-populacao-concentra-quase-metade-da-massa-de-rendimentos-do-pais\/#breadcrumblist","itemListElement":[{"@type":"ListItem","@id":"https:\/\/www.jornalja.com.br\/arquivo#listItem","position":1,"name":"Home","item":"https:\/\/www.jornalja.com.br\/arquivo","nextItem":{"@type":"ListItem","@id":"https:\/\/www.jornalja.com.br\/arquivo\/category\/notas\/#listItem","name":"NOTAS"}},{"@type":"ListItem","@id":"https:\/\/www.jornalja.com.br\/arquivo\/category\/notas\/#listItem","position":2,"name":"NOTAS","item":"https:\/\/www.jornalja.com.br\/arquivo\/category\/notas\/","nextItem":{"@type":"ListItem","@id":"https:\/\/www.jornalja.com.br\/arquivo\/10-da-populacao-concentra-quase-metade-da-massa-de-rendimentos-do-pais\/#listItem","name":"10% da popula\u00e7\u00e3o concentra quase metade da massa de rendimentos do pa\u00eds"},"previousItem":{"@type":"ListItem","@id":"https:\/\/www.jornalja.com.br\/arquivo#listItem","name":"Home"}},{"@type":"ListItem","@id":"https:\/\/www.jornalja.com.br\/arquivo\/10-da-populacao-concentra-quase-metade-da-massa-de-rendimentos-do-pais\/#listItem","position":3,"name":"10% da popula\u00e7\u00e3o concentra quase metade da massa de rendimentos do pa\u00eds","previousItem":{"@type":"ListItem","@id":"https:\/\/www.jornalja.com.br\/arquivo\/category\/notas\/#listItem","name":"NOTAS"}}]},{"@type":"Organization","@id":"https:\/\/www.jornalja.com.br\/arquivo\/#organization","name":"Jornal J\u00c1","description":"Jornal J\u00c1 | Porto Alegre","url":"https:\/\/www.jornalja.com.br\/arquivo\/","telephone":"+555133307272","logo":{"@type":"ImageObject","url":"https:\/\/www.jornalja.com.br\/wp-content\/uploads\/cards\/JAslogan.png","@id":"https:\/\/www.jornalja.com.br\/arquivo\/10-da-populacao-concentra-quase-metade-da-massa-de-rendimentos-do-pais\/#organizationLogo"},"image":{"@id":"https:\/\/www.jornalja.com.br\/arquivo\/10-da-populacao-concentra-quase-metade-da-massa-de-rendimentos-do-pais\/#organizationLogo"}},{"@type":"Person","@id":"https:\/\/www.jornalja.com.br\/arquivo\/author\/daredacao\/#author","url":"https:\/\/www.jornalja.com.br\/arquivo\/author\/daredacao\/","name":"da Reda\u00e7\u00e3o","image":{"@type":"ImageObject","@id":"https:\/\/www.jornalja.com.br\/arquivo\/10-da-populacao-concentra-quase-metade-da-massa-de-rendimentos-do-pais\/#authorImage","url":"https:\/\/secure.gravatar.com\/avatar\/469fd857d6605ad19919d27ed29d35a968a25f6e8fd9318356bbb7f57aae9c65?s=96&d=mm&r=g","width":96,"height":96,"caption":"da Reda\u00e7\u00e3o"}},{"@type":"WebPage","@id":"https:\/\/www.jornalja.com.br\/arquivo\/10-da-populacao-concentra-quase-metade-da-massa-de-rendimentos-do-pais\/#webpage","url":"https:\/\/www.jornalja.com.br\/arquivo\/10-da-populacao-concentra-quase-metade-da-massa-de-rendimentos-do-pais\/","name":"10% da popula\u00e7\u00e3o concentra quase metade da massa de rendimentos do pa\u00eds | Arquivo","inLanguage":"pt-BR","isPartOf":{"@id":"https:\/\/www.jornalja.com.br\/arquivo\/#website"},"breadcrumb":{"@id":"https:\/\/www.jornalja.com.br\/arquivo\/10-da-populacao-concentra-quase-metade-da-massa-de-rendimentos-do-pais\/#breadcrumblist"},"author":{"@id":"https:\/\/www.jornalja.com.br\/arquivo\/author\/daredacao\/#author"},"creator":{"@id":"https:\/\/www.jornalja.com.br\/arquivo\/author\/daredacao\/#author"},"datePublished":"2018-04-11T12:31:55-03:00","dateModified":"2018-04-11T12:31:55-03:00"},{"@type":"WebSite","@id":"https:\/\/www.jornalja.com.br\/arquivo\/#website","url":"https:\/\/www.jornalja.com.br\/arquivo\/","name":"Arquivo","description":"Jornal J\u00c1 | Porto Alegre","inLanguage":"pt-BR","publisher":{"@id":"https:\/\/www.jornalja.com.br\/arquivo\/#organization"}}]},"og:locale":"pt_BR","og:site_name":"Arquivo | Jornal J\u00c1 | Porto Alegre","og:type":"article","og:title":"10% da popula\u00e7\u00e3o concentra quase metade da massa de rendimentos do pa\u00eds | Arquivo","og:url":"https:\/\/www.jornalja.com.br\/arquivo\/10-da-populacao-concentra-quase-metade-da-massa-de-rendimentos-do-pais\/","og:image":"https:\/\/www.jornalja.com.br\/economics\/wp-content\/uploads\/sites\/11\/2026\/08\/ja-folhaderosto-facebook.jpg","og:image:secure_url":"https:\/\/www.jornalja.com.br\/economics\/wp-content\/uploads\/sites\/11\/2026\/08\/ja-folhaderosto-facebook.jpg","article:published_time":"2018-04-11T15:31:55+00:00","article:modified_time":"2018-04-11T15:31:55+00:00","twitter:card":"summary","twitter:title":"10% da popula\u00e7\u00e3o concentra quase metade da massa de rendimentos do pa\u00eds | Arquivo","twitter:image":"https:\/\/www.jornalja.com.br\/economics\/wp-content\/uploads\/sites\/11\/2026\/08\/ja-folhaderosto-facebook.jpg"},"aioseo_meta_data":{"post_id":"61391","title":null,"description":null,"keywords":null,"keyphrases":null,"primary_term":null,"canonical_url":null,"og_title":null,"og_description":null,"og_object_type":"default","og_image_type":"default","og_image_url":null,"og_image_width":null,"og_image_height":null,"og_image_custom_url":null,"og_image_custom_fields":null,"og_video":null,"og_custom_url":null,"og_article_section":null,"og_article_tags":null,"twitter_use_og":false,"twitter_card":"default","twitter_image_type":"default","twitter_image_url":null,"twitter_image_custom_url":null,"twitter_image_custom_fields":null,"twitter_title":null,"twitter_description":null,"schema":{"blockGraphs":[],"customGraphs":[],"default":{"data":{"Article":[],"Course":[],"Dataset":[],"FAQPage":[],"Movie":[],"Person":[],"Product":[],"ProductReview":[],"Car":[],"Recipe":[],"Service":[],"SoftwareApplication":[],"WebPage":[]},"graphName":"","isEnabled":true},"graphs":[],"defaultGraph":"","defaultPostTypeGraph":""},"schema_type":null,"schema_type_options":null,"pillar_content":false,"robots_default":true,"robots_noindex":false,"robots_noarchive":false,"robots_nosnippet":false,"robots_nofollow":false,"robots_noimageindex":false,"robots_noodp":false,"robots_notranslate":false,"robots_max_snippet":null,"robots_max_videopreview":null,"robots_max_imagepreview":"large","priority":null,"frequency":null,"location":null,"local_seo":null,"breadcrumb_settings":null,"limit_modified_date":false,"ai":null,"created":"2020-12-20 20:15:58","updated":"2025-07-20 04:10:13","seo_analyzer_scan_date":null,"focus_keyword":null,"additional_keywords":null,"truseo_locale":null},"jetpack_sharing_enabled":true,"jetpack-related-posts":[{"id":12960,"url":"https:\/\/www.jornalja.com.br\/arquivo\/populacao-culpa-empresas-pela-greve-dos-rodoviarios\/","url_meta":{"origin":61391,"position":0},"title":"Popula\u00e7\u00e3o culpa empresas pela greve","author":"Patr\u00edcia Marini","date":"14 de fevereiro de 2014","format":false,"excerpt":"Pesquisa divulgada na edi\u00e7\u00e3o do jornal Metro desta sexta-feira,14, comprova o velho ditado: \u00e9 poss\u00edvel enganar muitos por algum tempo, mas n\u00e3o \u00e9 poss\u00edvel enganar a todos o tempo inteiro. A principal revela\u00e7\u00e3o foi que 59,8% dos entrevistados apontaram as empresas como as principais respons\u00e1veis pela grave e 46% culparam\u2026","rel":"","context":"Em &quot;X.Categorias velhas&quot;","block_context":{"text":"X.Categorias velhas","link":"https:\/\/www.jornalja.com.br\/arquivo\/category\/x-categorias-velhas\/"},"img":{"alt_text":"","src":"","width":0,"height":0},"classes":[]},{"id":13109,"url":"https:\/\/www.jornalja.com.br\/arquivo\/judiciario-reconhece-poluicao-eletromagnetica\/","url_meta":{"origin":61391,"position":1},"title":"Judici\u00e1rio reconhece polui\u00e7\u00e3o eletromagn\u00e9tica","author":"Patr\u00edcia Marini","date":"16 de maio de 2014","format":false,"excerpt":"A\u00e7\u00e3o de duas associa\u00e7\u00f5es de moradores foi acolhida pelo Tribunal de Justi\u00e7a de S\u00e3o Paulo que. em decis\u00e3o in\u00e9dita, determinou a redu\u00e7\u00e3o do campo eletromagn\u00e9tico gerado pelas linhas de transmiss\u00e3o de energia que cortam os bairros City Boa\u00e7ava e Alto de Pinheiros. \u00c9 a primeira vez que um tribunal do\u2026","rel":"","context":"Em &quot;X.Categorias velhas&quot;","block_context":{"text":"X.Categorias velhas","link":"https:\/\/www.jornalja.com.br\/arquivo\/category\/x-categorias-velhas\/"},"img":{"alt_text":"","src":"","width":0,"height":0},"classes":[]},{"id":13101,"url":"https:\/\/www.jornalja.com.br\/arquivo\/morre-um-guerreiro-do-texto\/","url_meta":{"origin":61391,"position":2},"title":"Morre um guerreiro do texto","author":"Patr\u00edcia Marini","date":"14 de maio de 2014","format":false,"excerpt":"Por Ricardo Kotscho Reproduzido do blog do autor, 11\/5\/2014; t\u00edtulo original \u201cE l\u00e1 se foi o nosso Myltainho, guerreiro do texto\u201d. Mi\u00fado e franzino, meu amigo Myltainho era um valente e inconformado guerreiro na luta contra as injusti\u00e7as sociais, a hipocrisia, as maracutaias, o autoritarismo, a intoler\u00e2ncia, a viol\u00eancia, o\u2026","rel":"","context":"Em &quot;Geral&quot;","block_context":{"text":"Geral","link":"https:\/\/www.jornalja.com.br\/arquivo\/category\/geral\/"},"img":{"alt_text":"","src":"","width":0,"height":0},"classes":[]},{"id":13124,"url":"https:\/\/www.jornalja.com.br\/arquivo\/sangue-latino-no-iecine\/","url_meta":{"origin":61391,"position":3},"title":"Sangue latino no IECINE","author":"da Reda\u00e7\u00e3o","date":"18 de maio de 2014","format":false,"excerpt":"Francisco Ribeiro O Instituto Estadual de Cinema (IECINE) tem a frente, desde abril \u00faltimo, um novo diretor, o cineasta colombiano Juan Zapata, 36, que substitui Luiz Alberto Cassol. Radicado h\u00e1 dez anos em Porto Alegre, Zapata tem diante de si o desafio de conduzir at\u00e9 o final do ano um\u2026","rel":"","context":"Em &quot;Cultura-Geral&quot;","block_context":{"text":"Cultura-Geral","link":"https:\/\/www.jornalja.com.br\/arquivo\/category\/materiasecundaria\/"},"img":{"alt_text":"","src":"","width":0,"height":0},"classes":[]},{"id":5440,"url":"https:\/\/www.jornalja.com.br\/arquivo\/casarao-da-venancio-destino-permanece-incerto\/","url_meta":{"origin":61391,"position":4},"title":"Estado ainda n\u00e3o sabe o que fazer com casar\u00e3o abandonado h\u00e1 20 anos","author":"Elmar Bones","date":"6 de julho de 2009","format":false,"excerpt":"O casar\u00e3o amarelo, numa esquina nobre de Porto Alegre (Ven\u00e2ncio Aires com Jo\u00e3o Pessoa), j\u00e1 abrigou uma escola. H\u00e1 duas d\u00e9cadas, pelo menos, est\u00e1 abandonado, porque seu propriet\u00e1rio, o governo do Estado do Rio Grande do Sul, n\u00e3o consegue achar um destino para ele. Planos n\u00e3o faltaram. O governador Ol\u00edvio\u2026","rel":"","context":"Em &quot;X.Categorias velhas&quot;","block_context":{"text":"X.Categorias velhas","link":"https:\/\/www.jornalja.com.br\/arquivo\/category\/x-categorias-velhas\/"},"img":{"alt_text":"geraldo1","src":"https:\/\/i0.wp.com\/www.jornalja.com.br\/wp-content\/uploads\/2009\/07\/geraldo1.jpg?resize=350%2C200&ssl=1","width":350,"height":200},"classes":[]}],"jetpack_shortlink":"https:\/\/wp.me\/pbQjBd-fYb","jetpack_featured_media_url":"","_links":{"self":[{"href":"https:\/\/www.jornalja.com.br\/arquivo\/wp-json\/wp\/v2\/posts\/61391","targetHints":{"allow":["GET"]}}],"collection":[{"href":"https:\/\/www.jornalja.com.br\/arquivo\/wp-json\/wp\/v2\/posts"}],"about":[{"href":"https:\/\/www.jornalja.com.br\/arquivo\/wp-json\/wp\/v2\/types\/post"}],"author":[{"embeddable":true,"href":"https:\/\/www.jornalja.com.br\/arquivo\/wp-json\/wp\/v2\/users\/4"}],"replies":[{"embeddable":true,"href":"https:\/\/www.jornalja.com.br\/arquivo\/wp-json\/wp\/v2\/comments?post=61391"}],"version-history":[{"count":0,"href":"https:\/\/www.jornalja.com.br\/arquivo\/wp-json\/wp\/v2\/posts\/61391\/revisions"}],"wp:attachment":[{"href":"https:\/\/www.jornalja.com.br\/arquivo\/wp-json\/wp\/v2\/media?parent=61391"}],"wp:term":[{"taxonomy":"category","embeddable":true,"href":"https:\/\/www.jornalja.com.br\/arquivo\/wp-json\/wp\/v2\/categories?post=61391"},{"taxonomy":"post_tag","embeddable":true,"href":"https:\/\/www.jornalja.com.br\/arquivo\/wp-json\/wp\/v2\/tags?post=61391"}],"curies":[{"name":"wp","href":"https:\/\/api.w.org\/{rel}","templated":true}]}}