{"id":61549,"date":"2018-04-17T17:26:46","date_gmt":"2018-04-17T20:26:46","guid":{"rendered":"https:\/\/www.jornalja.com.br\/?p=61549"},"modified":"2018-04-17T17:26:46","modified_gmt":"2018-04-17T20:26:46","slug":"stf-aceita-denuncia-contra-aecio-por-corrupcao-e-obstrucao-de-justica","status":"publish","type":"post","link":"https:\/\/www.jornalja.com.br\/arquivo\/stf-aceita-denuncia-contra-aecio-por-corrupcao-e-obstrucao-de-justica\/","title":{"rendered":"STF aceita den\u00fancia contra A\u00e9cio por corrup\u00e7\u00e3o e obstru\u00e7\u00e3o de Justi\u00e7a"},"content":{"rendered":"<p>A Primeira Turma do Supremo Tribunal Federal (STF) decidiu pelo recebimento da den\u00fancia da Procuradoria-Geral da Rep\u00fablica (PGR) contra o senador A\u00e9cio Neves (PSDB-MG) pelos crimes de corrup\u00e7\u00e3o e obstru\u00e7\u00e3o de Justi\u00e7a. As acusa\u00e7\u00f5es fazem parte de um dos inqu\u00e9ritos resultantes da dela\u00e7\u00e3o do empres\u00e1rio Joesley Batista, do grupo J&amp;F. Com a decis\u00e3o, o senador se torna r\u00e9u no processo.<br \/>\nA decis\u00e3o foi tomada com base no voto do ministro Marco Aur\u00e9lio, relator do caso. Para o ministro, o fato de o senador ter sido gravado por Joesley e citar que tentaria influi na nomea\u00e7\u00e3o de delegados da Pol\u00edcia Federal mostra ind\u00edcio dos crimes que teriam sido praticados por ele.<br \/>\nPor unanimidade, o relator, e os ministros Alexandre de Moraes, Luiz Fux, Rosa Weber e Barroso votaram pelo recebimento da den\u00fancia pelo crime de corrup\u00e7\u00e3o. Sobre a acusa\u00e7\u00e3o de obstru\u00e7\u00e3o de Justi\u00e7a, a vota\u00e7\u00e3o foi obtida por maioria. Moraes e o relator entenderam que n\u00e3o \u00e9 poss\u00edvel acusar o senador pelas vota\u00e7\u00f5es no Congresso, ato inerente a sua atribui\u00e7\u00e3o.<br \/>\nTamb\u00e9m s\u00e3o alvos da mesma den\u00fancia e tamb\u00e9m se tornar\u00e3o r\u00e9us a irm\u00e3 do senador Andrea Neves, o primo Frederico Pacheco e Mendherson Souza Lima, ex-assessor parlamentar do senador Zez\u00e9 Perrella (PMDB-MG), flagrado com dinheiro vivo. Todos foram acusados de corrup\u00e7\u00e3o passiva.<br \/>\nSegundo a den\u00fancia, apresentada h\u00e1 mais de 10 meses, A\u00e9cio pediu a Joesley Batista, em conversa gravada pela Pol\u00edcia Federal (PF), R$ 2 milh\u00f5es em propina, em troca de sua atua\u00e7\u00e3o pol\u00edtica. O senador foi acusado pelo ent\u00e3o procurador-geral da Rep\u00fablica Rodrigo Janot.<br \/>\nA obstru\u00e7\u00e3o ocorreu de \u201cdiversas formas\u201d, segundo a PGR, como por meio de press\u00f5es sobre o governo e a Pol\u00edcia Federal para escolher os delegados que conduziriam os inqu\u00e9ritos da Lava Jato e tamb\u00e9m de a\u00e7\u00f5es vinculadas \u00e0 atividade parlamentar, a exemplo de interfer\u00eancia para a aprova\u00e7\u00e3o do Projeto de Lei de Abuso de Autoridade (PLS 85\/2017) e da anistia para crime de caixa dois.<br \/>\n&nbsp;<\/p>\n","protected":false},"excerpt":{"rendered":"<p>A Primeira Turma do Supremo Tribunal Federal (STF) decidiu pelo recebimento da den\u00fancia da Procuradoria-Geral da Rep\u00fablica (PGR) contra o senador A\u00e9cio Neves (PSDB-MG) pelos crimes de corrup\u00e7\u00e3o e obstru\u00e7\u00e3o de Justi\u00e7a. As acusa\u00e7\u00f5es fazem parte de um dos inqu\u00e9ritos resultantes da dela\u00e7\u00e3o do empres\u00e1rio Joesley Batista, do grupo J&amp;F. Com a decis\u00e3o, o senador [&hellip;]<\/p>\n","protected":false},"author":4,"featured_media":0,"comment_status":"open","ping_status":"closed","sticky":false,"template":"","format":"standard","meta":{"_jetpack_newsletter_access":"","_jetpack_dont_email_post_to_subs":false,"_jetpack_newsletter_tier_id":0,"_jetpack_memberships_contains_paywalled_content":false,"_jetpack_feature_clip_id":0,"_jetpack_memberships_contains_paid_content":false,"footnotes":"","jetpack_post_was_ever_published":false},"categories":[2022],"tags":[],"class_list":["post-61549","post","type-post","status-publish","format-standard","hentry","category-notas"],"aioseo_notices":[],"aioseo_head":"\n\t\t<!-- All in One SEO 5.0.1.1 - aioseo.com -->\n\t<meta name=\"robots\" content=\"max-image-preview:large\" \/>\n\t<meta name=\"author\" content=\"da Reda\u00e7\u00e3o\"\/>\n\t<link rel=\"canonical\" href=\"https:\/\/www.jornalja.com.br\/arquivo\/stf-aceita-denuncia-contra-aecio-por-corrupcao-e-obstrucao-de-justica\/\" \/>\n\t<meta name=\"generator\" content=\"All in One SEO (AIOSEO) 5.0.1.1\" \/>\n\t\t<meta property=\"og:locale\" content=\"pt_BR\" \/>\n\t\t<meta property=\"og:site_name\" content=\"Arquivo | Jornal J\u00c1 | Porto Alegre\" \/>\n\t\t<meta property=\"og:type\" content=\"article\" \/>\n\t\t<meta property=\"og:title\" content=\"STF aceita den\u00fancia contra A\u00e9cio por corrup\u00e7\u00e3o e obstru\u00e7\u00e3o de Justi\u00e7a | Arquivo\" \/>\n\t\t<meta property=\"og:url\" content=\"https:\/\/www.jornalja.com.br\/arquivo\/stf-aceita-denuncia-contra-aecio-por-corrupcao-e-obstrucao-de-justica\/\" \/>\n\t\t<meta property=\"og:image\" content=\"https:\/\/www.jornalja.com.br\/economics\/wp-content\/uploads\/sites\/11\/2026\/08\/ja-folhaderosto-facebook.jpg\" \/>\n\t\t<meta property=\"og:image:secure_url\" content=\"https:\/\/www.jornalja.com.br\/economics\/wp-content\/uploads\/sites\/11\/2026\/08\/ja-folhaderosto-facebook.jpg\" \/>\n\t\t<meta property=\"article:published_time\" content=\"2018-04-17T20:26:46+00:00\" \/>\n\t\t<meta property=\"article:modified_time\" content=\"2018-04-17T20:26:46+00:00\" \/>\n\t\t<meta name=\"twitter:card\" content=\"summary\" \/>\n\t\t<meta name=\"twitter:title\" content=\"STF aceita den\u00fancia contra A\u00e9cio por corrup\u00e7\u00e3o e obstru\u00e7\u00e3o de Justi\u00e7a | Arquivo\" \/>\n\t\t<meta name=\"twitter:image\" content=\"https:\/\/www.jornalja.com.br\/economics\/wp-content\/uploads\/sites\/11\/2026\/08\/ja-folhaderosto-facebook.jpg\" \/>\n\t\t<script type=\"application\/ld+json\" class=\"aioseo-schema\">\n\t\t\t{\"@context\":\"https:\\\/\\\/schema.org\",\"@graph\":[{\"@type\":\"BlogPosting\",\"@id\":\"https:\\\/\\\/www.jornalja.com.br\\\/arquivo\\\/stf-aceita-denuncia-contra-aecio-por-corrupcao-e-obstrucao-de-justica\\\/#blogposting\",\"name\":\"STF aceita den\\u00fancia contra A\\u00e9cio por corrup\\u00e7\\u00e3o e obstru\\u00e7\\u00e3o de Justi\\u00e7a | Arquivo\",\"headline\":\"STF aceita den\\u00fancia contra A\\u00e9cio por corrup\\u00e7\\u00e3o e obstru\\u00e7\\u00e3o de Justi\\u00e7a\",\"author\":{\"@id\":\"https:\\\/\\\/www.jornalja.com.br\\\/arquivo\\\/author\\\/daredacao\\\/#author\"},\"publisher\":{\"@id\":\"https:\\\/\\\/www.jornalja.com.br\\\/arquivo\\\/#organization\"},\"image\":{\"@type\":\"ImageObject\",\"url\":\"https:\\\/\\\/www.jornalja.com.br\\\/wp-content\\\/uploads\\\/cards\\\/JAslogan.png\",\"@id\":\"https:\\\/\\\/www.jornalja.com.br\\\/arquivo\\\/#articleImage\"},\"datePublished\":\"2018-04-17T17:26:46-03:00\",\"dateModified\":\"2018-04-17T17:26:46-03:00\",\"inLanguage\":\"pt-BR\",\"mainEntityOfPage\":{\"@id\":\"https:\\\/\\\/www.jornalja.com.br\\\/arquivo\\\/stf-aceita-denuncia-contra-aecio-por-corrupcao-e-obstrucao-de-justica\\\/#webpage\"},\"isPartOf\":{\"@id\":\"https:\\\/\\\/www.jornalja.com.br\\\/arquivo\\\/stf-aceita-denuncia-contra-aecio-por-corrupcao-e-obstrucao-de-justica\\\/#webpage\"},\"articleSection\":\"NOTAS\"},{\"@type\":\"BreadcrumbList\",\"@id\":\"https:\\\/\\\/www.jornalja.com.br\\\/arquivo\\\/stf-aceita-denuncia-contra-aecio-por-corrupcao-e-obstrucao-de-justica\\\/#breadcrumblist\",\"itemListElement\":[{\"@type\":\"ListItem\",\"@id\":\"https:\\\/\\\/www.jornalja.com.br\\\/arquivo#listItem\",\"position\":1,\"name\":\"Home\",\"item\":\"https:\\\/\\\/www.jornalja.com.br\\\/arquivo\",\"nextItem\":{\"@type\":\"ListItem\",\"@id\":\"https:\\\/\\\/www.jornalja.com.br\\\/arquivo\\\/category\\\/notas\\\/#listItem\",\"name\":\"NOTAS\"}},{\"@type\":\"ListItem\",\"@id\":\"https:\\\/\\\/www.jornalja.com.br\\\/arquivo\\\/category\\\/notas\\\/#listItem\",\"position\":2,\"name\":\"NOTAS\",\"item\":\"https:\\\/\\\/www.jornalja.com.br\\\/arquivo\\\/category\\\/notas\\\/\",\"nextItem\":{\"@type\":\"ListItem\",\"@id\":\"https:\\\/\\\/www.jornalja.com.br\\\/arquivo\\\/stf-aceita-denuncia-contra-aecio-por-corrupcao-e-obstrucao-de-justica\\\/#listItem\",\"name\":\"STF aceita den\\u00fancia contra A\\u00e9cio por corrup\\u00e7\\u00e3o e obstru\\u00e7\\u00e3o de Justi\\u00e7a\"},\"previousItem\":{\"@type\":\"ListItem\",\"@id\":\"https:\\\/\\\/www.jornalja.com.br\\\/arquivo#listItem\",\"name\":\"Home\"}},{\"@type\":\"ListItem\",\"@id\":\"https:\\\/\\\/www.jornalja.com.br\\\/arquivo\\\/stf-aceita-denuncia-contra-aecio-por-corrupcao-e-obstrucao-de-justica\\\/#listItem\",\"position\":3,\"name\":\"STF aceita den\\u00fancia contra A\\u00e9cio por corrup\\u00e7\\u00e3o e obstru\\u00e7\\u00e3o de Justi\\u00e7a\",\"previousItem\":{\"@type\":\"ListItem\",\"@id\":\"https:\\\/\\\/www.jornalja.com.br\\\/arquivo\\\/category\\\/notas\\\/#listItem\",\"name\":\"NOTAS\"}}]},{\"@type\":\"Organization\",\"@id\":\"https:\\\/\\\/www.jornalja.com.br\\\/arquivo\\\/#organization\",\"name\":\"Jornal J\\u00c1\",\"description\":\"Jornal J\\u00c1 | Porto Alegre\",\"url\":\"https:\\\/\\\/www.jornalja.com.br\\\/arquivo\\\/\",\"telephone\":\"+555133307272\",\"logo\":{\"@type\":\"ImageObject\",\"url\":\"https:\\\/\\\/www.jornalja.com.br\\\/wp-content\\\/uploads\\\/cards\\\/JAslogan.png\",\"@id\":\"https:\\\/\\\/www.jornalja.com.br\\\/arquivo\\\/stf-aceita-denuncia-contra-aecio-por-corrupcao-e-obstrucao-de-justica\\\/#organizationLogo\"},\"image\":{\"@id\":\"https:\\\/\\\/www.jornalja.com.br\\\/arquivo\\\/stf-aceita-denuncia-contra-aecio-por-corrupcao-e-obstrucao-de-justica\\\/#organizationLogo\"}},{\"@type\":\"Person\",\"@id\":\"https:\\\/\\\/www.jornalja.com.br\\\/arquivo\\\/author\\\/daredacao\\\/#author\",\"url\":\"https:\\\/\\\/www.jornalja.com.br\\\/arquivo\\\/author\\\/daredacao\\\/\",\"name\":\"da Reda\\u00e7\\u00e3o\",\"image\":{\"@type\":\"ImageObject\",\"@id\":\"https:\\\/\\\/www.jornalja.com.br\\\/arquivo\\\/stf-aceita-denuncia-contra-aecio-por-corrupcao-e-obstrucao-de-justica\\\/#authorImage\",\"url\":\"https:\\\/\\\/secure.gravatar.com\\\/avatar\\\/469fd857d6605ad19919d27ed29d35a968a25f6e8fd9318356bbb7f57aae9c65?s=96&d=mm&r=g\",\"width\":96,\"height\":96,\"caption\":\"da Reda\\u00e7\\u00e3o\"}},{\"@type\":\"WebPage\",\"@id\":\"https:\\\/\\\/www.jornalja.com.br\\\/arquivo\\\/stf-aceita-denuncia-contra-aecio-por-corrupcao-e-obstrucao-de-justica\\\/#webpage\",\"url\":\"https:\\\/\\\/www.jornalja.com.br\\\/arquivo\\\/stf-aceita-denuncia-contra-aecio-por-corrupcao-e-obstrucao-de-justica\\\/\",\"name\":\"STF aceita den\\u00fancia contra A\\u00e9cio por corrup\\u00e7\\u00e3o e obstru\\u00e7\\u00e3o de Justi\\u00e7a | Arquivo\",\"inLanguage\":\"pt-BR\",\"isPartOf\":{\"@id\":\"https:\\\/\\\/www.jornalja.com.br\\\/arquivo\\\/#website\"},\"breadcrumb\":{\"@id\":\"https:\\\/\\\/www.jornalja.com.br\\\/arquivo\\\/stf-aceita-denuncia-contra-aecio-por-corrupcao-e-obstrucao-de-justica\\\/#breadcrumblist\"},\"author\":{\"@id\":\"https:\\\/\\\/www.jornalja.com.br\\\/arquivo\\\/author\\\/daredacao\\\/#author\"},\"creator\":{\"@id\":\"https:\\\/\\\/www.jornalja.com.br\\\/arquivo\\\/author\\\/daredacao\\\/#author\"},\"datePublished\":\"2018-04-17T17:26:46-03:00\",\"dateModified\":\"2018-04-17T17:26:46-03:00\"},{\"@type\":\"WebSite\",\"@id\":\"https:\\\/\\\/www.jornalja.com.br\\\/arquivo\\\/#website\",\"url\":\"https:\\\/\\\/www.jornalja.com.br\\\/arquivo\\\/\",\"name\":\"Arquivo\",\"description\":\"Jornal J\\u00c1 | Porto Alegre\",\"inLanguage\":\"pt-BR\",\"publisher\":{\"@id\":\"https:\\\/\\\/www.jornalja.com.br\\\/arquivo\\\/#organization\"}}]}\n\t\t<\/script>\n\t\t<!-- All in One SEO -->\n\n","aioseo_head_json":{"title":"STF aceita den\u00fancia contra A\u00e9cio por corrup\u00e7\u00e3o e obstru\u00e7\u00e3o de Justi\u00e7a | Arquivo","description":"","canonical_url":"https:\/\/www.jornalja.com.br\/arquivo\/stf-aceita-denuncia-contra-aecio-por-corrupcao-e-obstrucao-de-justica\/","robots":"max-image-preview:large","keywords":"","webmasterTools":{"miscellaneous":""},"schema":{"@context":"https:\/\/schema.org","@graph":[{"@type":"BlogPosting","@id":"https:\/\/www.jornalja.com.br\/arquivo\/stf-aceita-denuncia-contra-aecio-por-corrupcao-e-obstrucao-de-justica\/#blogposting","name":"STF aceita den\u00fancia contra A\u00e9cio por corrup\u00e7\u00e3o e obstru\u00e7\u00e3o de Justi\u00e7a | Arquivo","headline":"STF aceita den\u00fancia contra A\u00e9cio por corrup\u00e7\u00e3o e obstru\u00e7\u00e3o de Justi\u00e7a","author":{"@id":"https:\/\/www.jornalja.com.br\/arquivo\/author\/daredacao\/#author"},"publisher":{"@id":"https:\/\/www.jornalja.com.br\/arquivo\/#organization"},"image":{"@type":"ImageObject","url":"https:\/\/www.jornalja.com.br\/wp-content\/uploads\/cards\/JAslogan.png","@id":"https:\/\/www.jornalja.com.br\/arquivo\/#articleImage"},"datePublished":"2018-04-17T17:26:46-03:00","dateModified":"2018-04-17T17:26:46-03:00","inLanguage":"pt-BR","mainEntityOfPage":{"@id":"https:\/\/www.jornalja.com.br\/arquivo\/stf-aceita-denuncia-contra-aecio-por-corrupcao-e-obstrucao-de-justica\/#webpage"},"isPartOf":{"@id":"https:\/\/www.jornalja.com.br\/arquivo\/stf-aceita-denuncia-contra-aecio-por-corrupcao-e-obstrucao-de-justica\/#webpage"},"articleSection":"NOTAS"},{"@type":"BreadcrumbList","@id":"https:\/\/www.jornalja.com.br\/arquivo\/stf-aceita-denuncia-contra-aecio-por-corrupcao-e-obstrucao-de-justica\/#breadcrumblist","itemListElement":[{"@type":"ListItem","@id":"https:\/\/www.jornalja.com.br\/arquivo#listItem","position":1,"name":"Home","item":"https:\/\/www.jornalja.com.br\/arquivo","nextItem":{"@type":"ListItem","@id":"https:\/\/www.jornalja.com.br\/arquivo\/category\/notas\/#listItem","name":"NOTAS"}},{"@type":"ListItem","@id":"https:\/\/www.jornalja.com.br\/arquivo\/category\/notas\/#listItem","position":2,"name":"NOTAS","item":"https:\/\/www.jornalja.com.br\/arquivo\/category\/notas\/","nextItem":{"@type":"ListItem","@id":"https:\/\/www.jornalja.com.br\/arquivo\/stf-aceita-denuncia-contra-aecio-por-corrupcao-e-obstrucao-de-justica\/#listItem","name":"STF aceita den\u00fancia contra A\u00e9cio por corrup\u00e7\u00e3o e obstru\u00e7\u00e3o de Justi\u00e7a"},"previousItem":{"@type":"ListItem","@id":"https:\/\/www.jornalja.com.br\/arquivo#listItem","name":"Home"}},{"@type":"ListItem","@id":"https:\/\/www.jornalja.com.br\/arquivo\/stf-aceita-denuncia-contra-aecio-por-corrupcao-e-obstrucao-de-justica\/#listItem","position":3,"name":"STF aceita den\u00fancia contra A\u00e9cio por corrup\u00e7\u00e3o e obstru\u00e7\u00e3o de Justi\u00e7a","previousItem":{"@type":"ListItem","@id":"https:\/\/www.jornalja.com.br\/arquivo\/category\/notas\/#listItem","name":"NOTAS"}}]},{"@type":"Organization","@id":"https:\/\/www.jornalja.com.br\/arquivo\/#organization","name":"Jornal J\u00c1","description":"Jornal J\u00c1 | Porto Alegre","url":"https:\/\/www.jornalja.com.br\/arquivo\/","telephone":"+555133307272","logo":{"@type":"ImageObject","url":"https:\/\/www.jornalja.com.br\/wp-content\/uploads\/cards\/JAslogan.png","@id":"https:\/\/www.jornalja.com.br\/arquivo\/stf-aceita-denuncia-contra-aecio-por-corrupcao-e-obstrucao-de-justica\/#organizationLogo"},"image":{"@id":"https:\/\/www.jornalja.com.br\/arquivo\/stf-aceita-denuncia-contra-aecio-por-corrupcao-e-obstrucao-de-justica\/#organizationLogo"}},{"@type":"Person","@id":"https:\/\/www.jornalja.com.br\/arquivo\/author\/daredacao\/#author","url":"https:\/\/www.jornalja.com.br\/arquivo\/author\/daredacao\/","name":"da Reda\u00e7\u00e3o","image":{"@type":"ImageObject","@id":"https:\/\/www.jornalja.com.br\/arquivo\/stf-aceita-denuncia-contra-aecio-por-corrupcao-e-obstrucao-de-justica\/#authorImage","url":"https:\/\/secure.gravatar.com\/avatar\/469fd857d6605ad19919d27ed29d35a968a25f6e8fd9318356bbb7f57aae9c65?s=96&d=mm&r=g","width":96,"height":96,"caption":"da Reda\u00e7\u00e3o"}},{"@type":"WebPage","@id":"https:\/\/www.jornalja.com.br\/arquivo\/stf-aceita-denuncia-contra-aecio-por-corrupcao-e-obstrucao-de-justica\/#webpage","url":"https:\/\/www.jornalja.com.br\/arquivo\/stf-aceita-denuncia-contra-aecio-por-corrupcao-e-obstrucao-de-justica\/","name":"STF aceita den\u00fancia contra A\u00e9cio por corrup\u00e7\u00e3o e obstru\u00e7\u00e3o de Justi\u00e7a | Arquivo","inLanguage":"pt-BR","isPartOf":{"@id":"https:\/\/www.jornalja.com.br\/arquivo\/#website"},"breadcrumb":{"@id":"https:\/\/www.jornalja.com.br\/arquivo\/stf-aceita-denuncia-contra-aecio-por-corrupcao-e-obstrucao-de-justica\/#breadcrumblist"},"author":{"@id":"https:\/\/www.jornalja.com.br\/arquivo\/author\/daredacao\/#author"},"creator":{"@id":"https:\/\/www.jornalja.com.br\/arquivo\/author\/daredacao\/#author"},"datePublished":"2018-04-17T17:26:46-03:00","dateModified":"2018-04-17T17:26:46-03:00"},{"@type":"WebSite","@id":"https:\/\/www.jornalja.com.br\/arquivo\/#website","url":"https:\/\/www.jornalja.com.br\/arquivo\/","name":"Arquivo","description":"Jornal J\u00c1 | Porto Alegre","inLanguage":"pt-BR","publisher":{"@id":"https:\/\/www.jornalja.com.br\/arquivo\/#organization"}}]},"og:locale":"pt_BR","og:site_name":"Arquivo | Jornal J\u00c1 | Porto Alegre","og:type":"article","og:title":"STF aceita den\u00fancia contra A\u00e9cio por corrup\u00e7\u00e3o e obstru\u00e7\u00e3o de Justi\u00e7a | Arquivo","og:url":"https:\/\/www.jornalja.com.br\/arquivo\/stf-aceita-denuncia-contra-aecio-por-corrupcao-e-obstrucao-de-justica\/","og:image":"https:\/\/www.jornalja.com.br\/economics\/wp-content\/uploads\/sites\/11\/2026\/08\/ja-folhaderosto-facebook.jpg","og:image:secure_url":"https:\/\/www.jornalja.com.br\/economics\/wp-content\/uploads\/sites\/11\/2026\/08\/ja-folhaderosto-facebook.jpg","article:published_time":"2018-04-17T20:26:46+00:00","article:modified_time":"2018-04-17T20:26:46+00:00","twitter:card":"summary","twitter:title":"STF aceita den\u00fancia contra A\u00e9cio por corrup\u00e7\u00e3o e obstru\u00e7\u00e3o de Justi\u00e7a | Arquivo","twitter:image":"https:\/\/www.jornalja.com.br\/economics\/wp-content\/uploads\/sites\/11\/2026\/08\/ja-folhaderosto-facebook.jpg"},"aioseo_meta_data":{"post_id":"61549","title":null,"description":null,"keywords":null,"keyphrases":null,"primary_term":null,"canonical_url":null,"og_title":null,"og_description":null,"og_object_type":"default","og_image_type":"default","og_image_url":null,"og_image_width":null,"og_image_height":null,"og_image_custom_url":null,"og_image_custom_fields":null,"og_video":null,"og_custom_url":null,"og_article_section":null,"og_article_tags":null,"twitter_use_og":false,"twitter_card":"default","twitter_image_type":"default","twitter_image_url":null,"twitter_image_custom_url":null,"twitter_image_custom_fields":null,"twitter_title":null,"twitter_description":null,"schema":{"blockGraphs":[],"customGraphs":[],"default":{"data":{"Article":[],"Course":[],"Dataset":[],"FAQPage":[],"Movie":[],"Person":[],"Product":[],"ProductReview":[],"Car":[],"Recipe":[],"Service":[],"SoftwareApplication":[],"WebPage":[]},"graphName":"","isEnabled":true},"graphs":[],"defaultGraph":"","defaultPostTypeGraph":""},"schema_type":null,"schema_type_options":null,"pillar_content":false,"robots_default":true,"robots_noindex":false,"robots_noarchive":false,"robots_nosnippet":false,"robots_nofollow":false,"robots_noimageindex":false,"robots_noodp":false,"robots_notranslate":false,"robots_max_snippet":null,"robots_max_videopreview":null,"robots_max_imagepreview":"large","priority":null,"frequency":null,"location":null,"local_seo":null,"breadcrumb_settings":null,"limit_modified_date":false,"ai":null,"created":"2020-12-20 20:15:58","updated":"2025-07-20 04:14:01","seo_analyzer_scan_date":null,"focus_keyword":null,"additional_keywords":null,"truseo_locale":null},"jetpack_sharing_enabled":true,"jetpack-related-posts":[{"id":13239,"url":"https:\/\/www.jornalja.com.br\/arquivo\/conselho-desdenha-do-plano-diretor\/","url_meta":{"origin":61549,"position":0},"title":"Porto Alegre: Conselho detona Plano Diretor","author":"Patr\u00edcia Marini","date":"25 de maio de 2014","format":false,"excerpt":"Den\u00fancia do arquiteto e \u00a0urbanista Ibir\u00e1 Santos Lucas. Ele diz que os conselheiros est\u00e3o votando com \"enorme irresponsabilidade\". \"Mudam regime com a maior naturalidade,,,regularizam absurdos de constru\u00e7\u00f5es irregulares... \"O CMDUA est\u00e1 flexibilizando a lei do plano diretor, de uma forma impactante na vida da cidade. Mudam regime com a maior\u2026","rel":"","context":"Em &quot;Geral&quot;","block_context":{"text":"Geral","link":"https:\/\/www.jornalja.com.br\/arquivo\/category\/geral\/"},"img":{"alt_text":"","src":"","width":0,"height":0},"classes":[]},{"id":13109,"url":"https:\/\/www.jornalja.com.br\/arquivo\/judiciario-reconhece-poluicao-eletromagnetica\/","url_meta":{"origin":61549,"position":1},"title":"Judici\u00e1rio reconhece polui\u00e7\u00e3o eletromagn\u00e9tica","author":"Patr\u00edcia Marini","date":"16 de maio de 2014","format":false,"excerpt":"A\u00e7\u00e3o de duas associa\u00e7\u00f5es de moradores foi acolhida pelo Tribunal de Justi\u00e7a de S\u00e3o Paulo que. em decis\u00e3o in\u00e9dita, determinou a redu\u00e7\u00e3o do campo eletromagn\u00e9tico gerado pelas linhas de transmiss\u00e3o de energia que cortam os bairros City Boa\u00e7ava e Alto de Pinheiros. \u00c9 a primeira vez que um tribunal do\u2026","rel":"","context":"Em &quot;X.Categorias velhas&quot;","block_context":{"text":"X.Categorias velhas","link":"https:\/\/www.jornalja.com.br\/arquivo\/category\/x-categorias-velhas\/"},"img":{"alt_text":"","src":"","width":0,"height":0},"classes":[]},{"id":13240,"url":"https:\/\/www.jornalja.com.br\/arquivo\/plano-diretor-estamos-construindo-o-caos\/","url_meta":{"origin":61549,"position":2},"title":"Plano diretor: &quot;Estamos construindo o caos&quot;","author":"Patr\u00edcia Marini","date":"26 de maio de 2014","format":false,"excerpt":"Desabafo que arquiteta Eliana Castilhos, delegada da Regi\u00e3o de Planejamento 1, postou nas redes sociais \u00e9 um testemunho do ambiente que se criou no Conselho do Plano Diretor de Porto Alegre, onde a aprova\u00e7\u00e3o de grandes empreendimentos \u00e9 empurrada guela abaixo dos conselheiros. Ao CMDUA Como delegada da Regi\u00e3o de\u2026","rel":"","context":"Em &quot;Geral&quot;","block_context":{"text":"Geral","link":"https:\/\/www.jornalja.com.br\/arquivo\/category\/geral\/"},"img":{"alt_text":"","src":"","width":0,"height":0},"classes":[]},{"id":13128,"url":"https:\/\/www.jornalja.com.br\/arquivo\/maconha-terra-diz-que-uso-medicinal-e-desculpa\/","url_meta":{"origin":61549,"position":3},"title":"Maconha: Terra diz que uso medicinal \u00e9 desculpa","author":"Patr\u00edcia Marini","date":"4 de junho de 2014","format":false,"excerpt":"A condi\u00e7\u00e3o de pol\u00edtico, em \u00e9poca de campanha de campanha eleitoral, tira for\u00e7a do discurso do m\u00e9dico Osmar Terra contra a legaliza\u00e7\u00e3o da maconha. A tese dele de que a libera\u00e7\u00e3o vai ampliar exponencialmente o consumo \u00e9 discutivel, o consumo \u00e9 corrente. Mas seus alertas quanto aos riscos tem que\u2026","rel":"","context":"Em &quot;X.Categorias velhas&quot;","block_context":{"text":"X.Categorias velhas","link":"https:\/\/www.jornalja.com.br\/arquivo\/category\/x-categorias-velhas\/"},"img":{"alt_text":"","src":"","width":0,"height":0},"classes":[]},{"id":14241,"url":"https:\/\/www.jornalja.com.br\/arquivo\/o-guaiba-nas-imagens-poeticas-de-achutti\/","url_meta":{"origin":61549,"position":4},"title":"O Gua\u00edba nas imagens po\u00e9ticas de Achutti","author":"da Reda\u00e7\u00e3o","date":"18 de junho de 2014","format":false,"excerpt":"Em \u201cO Gua\u00edba por Achutti\u201d \u2013 obra financiada via Minist\u00e9rio da Cultura, produ\u00e7\u00e3o executiva de Pedro Longhi, e Fl\u00e1vio Wild como designer \u2013, o fot\u00f3grafo revela a beleza e as mazelas de um espa\u00e7o aqu\u00e1tico de \u00e1guas sempre renovadas, cheio de hist\u00f3rias e lendas como as das cidades que foram\u2026","rel":"","context":"Em &quot;Cultura-Geral&quot;","block_context":{"text":"Cultura-Geral","link":"https:\/\/www.jornalja.com.br\/arquivo\/category\/materiasecundaria\/"},"img":{"alt_text":"","src":"","width":0,"height":0},"classes":[]}],"jetpack_shortlink":"https:\/\/wp.me\/pbQjBd-g0J","jetpack_featured_media_url":"","_links":{"self":[{"href":"https:\/\/www.jornalja.com.br\/arquivo\/wp-json\/wp\/v2\/posts\/61549","targetHints":{"allow":["GET"]}}],"collection":[{"href":"https:\/\/www.jornalja.com.br\/arquivo\/wp-json\/wp\/v2\/posts"}],"about":[{"href":"https:\/\/www.jornalja.com.br\/arquivo\/wp-json\/wp\/v2\/types\/post"}],"author":[{"embeddable":true,"href":"https:\/\/www.jornalja.com.br\/arquivo\/wp-json\/wp\/v2\/users\/4"}],"replies":[{"embeddable":true,"href":"https:\/\/www.jornalja.com.br\/arquivo\/wp-json\/wp\/v2\/comments?post=61549"}],"version-history":[{"count":0,"href":"https:\/\/www.jornalja.com.br\/arquivo\/wp-json\/wp\/v2\/posts\/61549\/revisions"}],"wp:attachment":[{"href":"https:\/\/www.jornalja.com.br\/arquivo\/wp-json\/wp\/v2\/media?parent=61549"}],"wp:term":[{"taxonomy":"category","embeddable":true,"href":"https:\/\/www.jornalja.com.br\/arquivo\/wp-json\/wp\/v2\/categories?post=61549"},{"taxonomy":"post_tag","embeddable":true,"href":"https:\/\/www.jornalja.com.br\/arquivo\/wp-json\/wp\/v2\/tags?post=61549"}],"curies":[{"name":"wp","href":"https:\/\/api.w.org\/{rel}","templated":true}]}}