{"id":61800,"date":"2018-05-01T17:01:07","date_gmt":"2018-05-01T20:01:07","guid":{"rendered":"https:\/\/www.jornalja.com.br\/?p=61800"},"modified":"2018-05-01T17:01:07","modified_gmt":"2018-05-01T20:01:07","slug":"desabamento-em-sao-paulo-conselho-de-arquitetos-pede-politica-habitacional-para-evitar-novas-tragedias","status":"publish","type":"post","link":"https:\/\/www.jornalja.com.br\/arquivo\/desabamento-em-sao-paulo-conselho-de-arquitetos-pede-politica-habitacional-para-evitar-novas-tragedias\/","title":{"rendered":"Inc\u00eandio em S\u00e3o Paulo: Conselho de arquitetos pede pol\u00edtica habitacional para evitar novas trag\u00e9dias"},"content":{"rendered":"<p><strong>Nota do Conselho de Arquitetura e Urbanismo de S\u00e3o Paulo sobre inc\u00eandio e desabamento de edif\u00edcio no centro da capital:\u00a0<\/strong><br \/>\nEntidade representativa dos arquitetos e urbanistas pede urg\u00eancia na implementa\u00e7\u00e3o de uma pol\u00edtica consistente para habita\u00e7\u00e3o e\u00a0patrim\u00f4nio cultural<br \/>\n&#8220;O Conselho de Arquitetura e Urbanismo de S\u00e3o Paulo se solidariza com as fam\u00edlias das v\u00edtimas do inc\u00eandio e desabamento do edif\u00edcio Wilton Paes de Almeida e lamenta que a trag\u00e9dia torne expl\u00edcito mais um exemplo do descaso do Poder P\u00fablico, em todas as esferas, com o atual quadro urban\u00edstico das nossas cidades e com aus\u00eancia recorrente de uma Pol\u00edtica Habitacional Nacional consistente aliada a preserva\u00e7\u00e3o do Patrim\u00f4nio Hist\u00f3rico de S\u00e3o Paulo.<br \/>\nO edif\u00edcio, projetado pelo arquiteto Roger Zmekhol, em 1961, era um dos melhores exemplos da arquitetura moderna na cidade e foi tombado, em 1992, pelo Conselho Municipal de Preserva\u00e7\u00e3o do Patrim\u00f4nio Hist\u00f3rico, Cultural e Ambiental da Cidade de S\u00e3o Paulo.<br \/>\nNo entanto j\u00e1 estava degradado por abandono, falta de manuten\u00e7\u00e3o e sucessivas ocupa\u00e7\u00f5es informais e outras organizadas.<br \/>\nSem se entenderem, o governo, nas diversas esferas e a Justi\u00e7a permitiram que o cen\u00e1rio fosse se perpetuando, o que adiou sua poss\u00edvel recupera\u00e7\u00e3o e nova destina\u00e7\u00e3o, com potencial para amenizar a prec\u00e1ria situa\u00e7\u00e3o habitacional do centro e dar melhor uso \u00e0 infraestrutura da regi\u00e3o.<br \/>\nH\u00e1 muitas outras constru\u00e7\u00f5es em situa\u00e7\u00e3o id\u00eantica na \u00e1rea. Antes que novas trag\u00e9dias aconte\u00e7am, \u00e9 hora de uma a\u00e7\u00e3o pol\u00edtica urbana articulada, s\u00e9ria e eficaz a respeito. N\u00e3o apenas pelos edif\u00edcios ic\u00f4nicos, mas sobretudo por justi\u00e7a social&#8221;.<br \/>\n(O CAU\/SP representa 50 mil arquitetos e urbanistas atuantes em todo Estado e faz parte do conjunto aut\u00e1rquico encabe\u00e7ado pelo Conselho de Arquitetura e Urbanismo do Brasil.)<br \/>\nPara mais informa\u00e7\u00f5es:<br \/>\nAssessoria de Comunica\u00e7\u00e3o Integrada do CAU\/BR<br \/>\nJ\u00falio Moreno (julio.moreno@caubr.gov.br)<br \/>\n(61) 3204-9514 \/\u00a0(61) 99553-7451<br \/>\nLeonardo Echeverria (leonardo.echeverria@caubr. gov.br)<br \/>\n(61) 3204-9514 \/(61) 99394-1587\/3204-9514<\/p>\n","protected":false},"excerpt":{"rendered":"<p>Nota do Conselho de Arquitetura e Urbanismo de S\u00e3o Paulo sobre inc\u00eandio e desabamento de edif\u00edcio no centro da capital:\u00a0 Entidade representativa dos arquitetos e urbanistas pede urg\u00eancia na implementa\u00e7\u00e3o de uma pol\u00edtica consistente para habita\u00e7\u00e3o e\u00a0patrim\u00f4nio cultural &#8220;O Conselho de Arquitetura e Urbanismo de S\u00e3o Paulo se solidariza com as fam\u00edlias das v\u00edtimas do [&hellip;]<\/p>\n","protected":false},"author":4,"featured_media":0,"comment_status":"open","ping_status":"closed","sticky":false,"template":"","format":"standard","meta":{"_jetpack_newsletter_access":"","_jetpack_dont_email_post_to_subs":false,"_jetpack_newsletter_tier_id":0,"_jetpack_memberships_contains_paywalled_content":false,"_jetpack_feature_clip_id":0,"_jetpack_memberships_contains_paid_content":false,"footnotes":"","jetpack_post_was_ever_published":false},"categories":[2022],"tags":[],"class_list":["post-61800","post","type-post","status-publish","format-standard","hentry","category-notas"],"aioseo_notices":[],"aioseo_head":"\n\t\t<!-- All in One SEO 5.0.1.1 - aioseo.com -->\n\t<meta name=\"robots\" content=\"max-image-preview:large\" \/>\n\t<meta name=\"author\" content=\"da Reda\u00e7\u00e3o\"\/>\n\t<link rel=\"canonical\" href=\"https:\/\/www.jornalja.com.br\/arquivo\/desabamento-em-sao-paulo-conselho-de-arquitetos-pede-politica-habitacional-para-evitar-novas-tragedias\/\" \/>\n\t<meta name=\"generator\" content=\"All in One SEO (AIOSEO) 5.0.1.1\" \/>\n\t\t<meta property=\"og:locale\" content=\"pt_BR\" \/>\n\t\t<meta property=\"og:site_name\" content=\"Arquivo | Jornal J\u00c1 | Porto Alegre\" \/>\n\t\t<meta property=\"og:type\" content=\"article\" \/>\n\t\t<meta property=\"og:title\" content=\"Inc\u00eandio em S\u00e3o Paulo: Conselho de arquitetos pede pol\u00edtica habitacional para evitar novas trag\u00e9dias | Arquivo\" \/>\n\t\t<meta property=\"og:url\" content=\"https:\/\/www.jornalja.com.br\/arquivo\/desabamento-em-sao-paulo-conselho-de-arquitetos-pede-politica-habitacional-para-evitar-novas-tragedias\/\" \/>\n\t\t<meta property=\"og:image\" content=\"https:\/\/www.jornalja.com.br\/economics\/wp-content\/uploads\/sites\/11\/2026\/08\/ja-folhaderosto-facebook.jpg\" \/>\n\t\t<meta property=\"og:image:secure_url\" content=\"https:\/\/www.jornalja.com.br\/economics\/wp-content\/uploads\/sites\/11\/2026\/08\/ja-folhaderosto-facebook.jpg\" \/>\n\t\t<meta property=\"article:published_time\" content=\"2018-05-01T20:01:07+00:00\" \/>\n\t\t<meta property=\"article:modified_time\" content=\"2018-05-01T20:01:07+00:00\" \/>\n\t\t<meta name=\"twitter:card\" content=\"summary\" \/>\n\t\t<meta name=\"twitter:title\" content=\"Inc\u00eandio em S\u00e3o Paulo: Conselho de arquitetos pede pol\u00edtica habitacional para evitar novas trag\u00e9dias | Arquivo\" \/>\n\t\t<meta name=\"twitter:image\" content=\"https:\/\/www.jornalja.com.br\/economics\/wp-content\/uploads\/sites\/11\/2026\/08\/ja-folhaderosto-facebook.jpg\" \/>\n\t\t<script type=\"application\/ld+json\" class=\"aioseo-schema\">\n\t\t\t{\"@context\":\"https:\\\/\\\/schema.org\",\"@graph\":[{\"@type\":\"BlogPosting\",\"@id\":\"https:\\\/\\\/www.jornalja.com.br\\\/arquivo\\\/desabamento-em-sao-paulo-conselho-de-arquitetos-pede-politica-habitacional-para-evitar-novas-tragedias\\\/#blogposting\",\"name\":\"Inc\\u00eandio em S\\u00e3o Paulo: Conselho de arquitetos pede pol\\u00edtica habitacional para evitar novas trag\\u00e9dias | Arquivo\",\"headline\":\"Inc\\u00eandio em S\\u00e3o Paulo: Conselho de arquitetos pede pol\\u00edtica habitacional para evitar novas trag\\u00e9dias\",\"author\":{\"@id\":\"https:\\\/\\\/www.jornalja.com.br\\\/arquivo\\\/author\\\/daredacao\\\/#author\"},\"publisher\":{\"@id\":\"https:\\\/\\\/www.jornalja.com.br\\\/arquivo\\\/#organization\"},\"image\":{\"@type\":\"ImageObject\",\"url\":\"https:\\\/\\\/www.jornalja.com.br\\\/wp-content\\\/uploads\\\/cards\\\/JAslogan.png\",\"@id\":\"https:\\\/\\\/www.jornalja.com.br\\\/arquivo\\\/#articleImage\"},\"datePublished\":\"2018-05-01T17:01:07-03:00\",\"dateModified\":\"2018-05-01T17:01:07-03:00\",\"inLanguage\":\"pt-BR\",\"mainEntityOfPage\":{\"@id\":\"https:\\\/\\\/www.jornalja.com.br\\\/arquivo\\\/desabamento-em-sao-paulo-conselho-de-arquitetos-pede-politica-habitacional-para-evitar-novas-tragedias\\\/#webpage\"},\"isPartOf\":{\"@id\":\"https:\\\/\\\/www.jornalja.com.br\\\/arquivo\\\/desabamento-em-sao-paulo-conselho-de-arquitetos-pede-politica-habitacional-para-evitar-novas-tragedias\\\/#webpage\"},\"articleSection\":\"NOTAS\"},{\"@type\":\"BreadcrumbList\",\"@id\":\"https:\\\/\\\/www.jornalja.com.br\\\/arquivo\\\/desabamento-em-sao-paulo-conselho-de-arquitetos-pede-politica-habitacional-para-evitar-novas-tragedias\\\/#breadcrumblist\",\"itemListElement\":[{\"@type\":\"ListItem\",\"@id\":\"https:\\\/\\\/www.jornalja.com.br\\\/arquivo#listItem\",\"position\":1,\"name\":\"Home\",\"item\":\"https:\\\/\\\/www.jornalja.com.br\\\/arquivo\",\"nextItem\":{\"@type\":\"ListItem\",\"@id\":\"https:\\\/\\\/www.jornalja.com.br\\\/arquivo\\\/category\\\/notas\\\/#listItem\",\"name\":\"NOTAS\"}},{\"@type\":\"ListItem\",\"@id\":\"https:\\\/\\\/www.jornalja.com.br\\\/arquivo\\\/category\\\/notas\\\/#listItem\",\"position\":2,\"name\":\"NOTAS\",\"item\":\"https:\\\/\\\/www.jornalja.com.br\\\/arquivo\\\/category\\\/notas\\\/\",\"nextItem\":{\"@type\":\"ListItem\",\"@id\":\"https:\\\/\\\/www.jornalja.com.br\\\/arquivo\\\/desabamento-em-sao-paulo-conselho-de-arquitetos-pede-politica-habitacional-para-evitar-novas-tragedias\\\/#listItem\",\"name\":\"Inc\\u00eandio em S\\u00e3o Paulo: Conselho de arquitetos pede pol\\u00edtica habitacional para evitar novas trag\\u00e9dias\"},\"previousItem\":{\"@type\":\"ListItem\",\"@id\":\"https:\\\/\\\/www.jornalja.com.br\\\/arquivo#listItem\",\"name\":\"Home\"}},{\"@type\":\"ListItem\",\"@id\":\"https:\\\/\\\/www.jornalja.com.br\\\/arquivo\\\/desabamento-em-sao-paulo-conselho-de-arquitetos-pede-politica-habitacional-para-evitar-novas-tragedias\\\/#listItem\",\"position\":3,\"name\":\"Inc\\u00eandio em S\\u00e3o Paulo: Conselho de arquitetos pede pol\\u00edtica habitacional para evitar novas trag\\u00e9dias\",\"previousItem\":{\"@type\":\"ListItem\",\"@id\":\"https:\\\/\\\/www.jornalja.com.br\\\/arquivo\\\/category\\\/notas\\\/#listItem\",\"name\":\"NOTAS\"}}]},{\"@type\":\"Organization\",\"@id\":\"https:\\\/\\\/www.jornalja.com.br\\\/arquivo\\\/#organization\",\"name\":\"Jornal J\\u00c1\",\"description\":\"Jornal J\\u00c1 | Porto Alegre\",\"url\":\"https:\\\/\\\/www.jornalja.com.br\\\/arquivo\\\/\",\"telephone\":\"+555133307272\",\"logo\":{\"@type\":\"ImageObject\",\"url\":\"https:\\\/\\\/www.jornalja.com.br\\\/wp-content\\\/uploads\\\/cards\\\/JAslogan.png\",\"@id\":\"https:\\\/\\\/www.jornalja.com.br\\\/arquivo\\\/desabamento-em-sao-paulo-conselho-de-arquitetos-pede-politica-habitacional-para-evitar-novas-tragedias\\\/#organizationLogo\"},\"image\":{\"@id\":\"https:\\\/\\\/www.jornalja.com.br\\\/arquivo\\\/desabamento-em-sao-paulo-conselho-de-arquitetos-pede-politica-habitacional-para-evitar-novas-tragedias\\\/#organizationLogo\"}},{\"@type\":\"Person\",\"@id\":\"https:\\\/\\\/www.jornalja.com.br\\\/arquivo\\\/author\\\/daredacao\\\/#author\",\"url\":\"https:\\\/\\\/www.jornalja.com.br\\\/arquivo\\\/author\\\/daredacao\\\/\",\"name\":\"da Reda\\u00e7\\u00e3o\",\"image\":{\"@type\":\"ImageObject\",\"@id\":\"https:\\\/\\\/www.jornalja.com.br\\\/arquivo\\\/desabamento-em-sao-paulo-conselho-de-arquitetos-pede-politica-habitacional-para-evitar-novas-tragedias\\\/#authorImage\",\"url\":\"https:\\\/\\\/secure.gravatar.com\\\/avatar\\\/469fd857d6605ad19919d27ed29d35a968a25f6e8fd9318356bbb7f57aae9c65?s=96&d=mm&r=g\",\"width\":96,\"height\":96,\"caption\":\"da Reda\\u00e7\\u00e3o\"}},{\"@type\":\"WebPage\",\"@id\":\"https:\\\/\\\/www.jornalja.com.br\\\/arquivo\\\/desabamento-em-sao-paulo-conselho-de-arquitetos-pede-politica-habitacional-para-evitar-novas-tragedias\\\/#webpage\",\"url\":\"https:\\\/\\\/www.jornalja.com.br\\\/arquivo\\\/desabamento-em-sao-paulo-conselho-de-arquitetos-pede-politica-habitacional-para-evitar-novas-tragedias\\\/\",\"name\":\"Inc\\u00eandio em S\\u00e3o Paulo: Conselho de arquitetos pede pol\\u00edtica habitacional para evitar novas trag\\u00e9dias | Arquivo\",\"inLanguage\":\"pt-BR\",\"isPartOf\":{\"@id\":\"https:\\\/\\\/www.jornalja.com.br\\\/arquivo\\\/#website\"},\"breadcrumb\":{\"@id\":\"https:\\\/\\\/www.jornalja.com.br\\\/arquivo\\\/desabamento-em-sao-paulo-conselho-de-arquitetos-pede-politica-habitacional-para-evitar-novas-tragedias\\\/#breadcrumblist\"},\"author\":{\"@id\":\"https:\\\/\\\/www.jornalja.com.br\\\/arquivo\\\/author\\\/daredacao\\\/#author\"},\"creator\":{\"@id\":\"https:\\\/\\\/www.jornalja.com.br\\\/arquivo\\\/author\\\/daredacao\\\/#author\"},\"datePublished\":\"2018-05-01T17:01:07-03:00\",\"dateModified\":\"2018-05-01T17:01:07-03:00\"},{\"@type\":\"WebSite\",\"@id\":\"https:\\\/\\\/www.jornalja.com.br\\\/arquivo\\\/#website\",\"url\":\"https:\\\/\\\/www.jornalja.com.br\\\/arquivo\\\/\",\"name\":\"Arquivo\",\"description\":\"Jornal J\\u00c1 | Porto Alegre\",\"inLanguage\":\"pt-BR\",\"publisher\":{\"@id\":\"https:\\\/\\\/www.jornalja.com.br\\\/arquivo\\\/#organization\"}}]}\n\t\t<\/script>\n\t\t<!-- All in One SEO -->\n\n","aioseo_head_json":{"title":"Inc\u00eandio em S\u00e3o Paulo: Conselho de arquitetos pede pol\u00edtica habitacional para evitar novas trag\u00e9dias | Arquivo","description":"","canonical_url":"https:\/\/www.jornalja.com.br\/arquivo\/desabamento-em-sao-paulo-conselho-de-arquitetos-pede-politica-habitacional-para-evitar-novas-tragedias\/","robots":"max-image-preview:large","keywords":"","webmasterTools":{"miscellaneous":""},"schema":{"@context":"https:\/\/schema.org","@graph":[{"@type":"BlogPosting","@id":"https:\/\/www.jornalja.com.br\/arquivo\/desabamento-em-sao-paulo-conselho-de-arquitetos-pede-politica-habitacional-para-evitar-novas-tragedias\/#blogposting","name":"Inc\u00eandio em S\u00e3o Paulo: Conselho de arquitetos pede pol\u00edtica habitacional para evitar novas trag\u00e9dias | Arquivo","headline":"Inc\u00eandio em S\u00e3o Paulo: Conselho de arquitetos pede pol\u00edtica habitacional para evitar novas trag\u00e9dias","author":{"@id":"https:\/\/www.jornalja.com.br\/arquivo\/author\/daredacao\/#author"},"publisher":{"@id":"https:\/\/www.jornalja.com.br\/arquivo\/#organization"},"image":{"@type":"ImageObject","url":"https:\/\/www.jornalja.com.br\/wp-content\/uploads\/cards\/JAslogan.png","@id":"https:\/\/www.jornalja.com.br\/arquivo\/#articleImage"},"datePublished":"2018-05-01T17:01:07-03:00","dateModified":"2018-05-01T17:01:07-03:00","inLanguage":"pt-BR","mainEntityOfPage":{"@id":"https:\/\/www.jornalja.com.br\/arquivo\/desabamento-em-sao-paulo-conselho-de-arquitetos-pede-politica-habitacional-para-evitar-novas-tragedias\/#webpage"},"isPartOf":{"@id":"https:\/\/www.jornalja.com.br\/arquivo\/desabamento-em-sao-paulo-conselho-de-arquitetos-pede-politica-habitacional-para-evitar-novas-tragedias\/#webpage"},"articleSection":"NOTAS"},{"@type":"BreadcrumbList","@id":"https:\/\/www.jornalja.com.br\/arquivo\/desabamento-em-sao-paulo-conselho-de-arquitetos-pede-politica-habitacional-para-evitar-novas-tragedias\/#breadcrumblist","itemListElement":[{"@type":"ListItem","@id":"https:\/\/www.jornalja.com.br\/arquivo#listItem","position":1,"name":"Home","item":"https:\/\/www.jornalja.com.br\/arquivo","nextItem":{"@type":"ListItem","@id":"https:\/\/www.jornalja.com.br\/arquivo\/category\/notas\/#listItem","name":"NOTAS"}},{"@type":"ListItem","@id":"https:\/\/www.jornalja.com.br\/arquivo\/category\/notas\/#listItem","position":2,"name":"NOTAS","item":"https:\/\/www.jornalja.com.br\/arquivo\/category\/notas\/","nextItem":{"@type":"ListItem","@id":"https:\/\/www.jornalja.com.br\/arquivo\/desabamento-em-sao-paulo-conselho-de-arquitetos-pede-politica-habitacional-para-evitar-novas-tragedias\/#listItem","name":"Inc\u00eandio em S\u00e3o Paulo: Conselho de arquitetos pede pol\u00edtica habitacional para evitar novas trag\u00e9dias"},"previousItem":{"@type":"ListItem","@id":"https:\/\/www.jornalja.com.br\/arquivo#listItem","name":"Home"}},{"@type":"ListItem","@id":"https:\/\/www.jornalja.com.br\/arquivo\/desabamento-em-sao-paulo-conselho-de-arquitetos-pede-politica-habitacional-para-evitar-novas-tragedias\/#listItem","position":3,"name":"Inc\u00eandio em S\u00e3o Paulo: Conselho de arquitetos pede pol\u00edtica habitacional para evitar novas trag\u00e9dias","previousItem":{"@type":"ListItem","@id":"https:\/\/www.jornalja.com.br\/arquivo\/category\/notas\/#listItem","name":"NOTAS"}}]},{"@type":"Organization","@id":"https:\/\/www.jornalja.com.br\/arquivo\/#organization","name":"Jornal J\u00c1","description":"Jornal J\u00c1 | Porto Alegre","url":"https:\/\/www.jornalja.com.br\/arquivo\/","telephone":"+555133307272","logo":{"@type":"ImageObject","url":"https:\/\/www.jornalja.com.br\/wp-content\/uploads\/cards\/JAslogan.png","@id":"https:\/\/www.jornalja.com.br\/arquivo\/desabamento-em-sao-paulo-conselho-de-arquitetos-pede-politica-habitacional-para-evitar-novas-tragedias\/#organizationLogo"},"image":{"@id":"https:\/\/www.jornalja.com.br\/arquivo\/desabamento-em-sao-paulo-conselho-de-arquitetos-pede-politica-habitacional-para-evitar-novas-tragedias\/#organizationLogo"}},{"@type":"Person","@id":"https:\/\/www.jornalja.com.br\/arquivo\/author\/daredacao\/#author","url":"https:\/\/www.jornalja.com.br\/arquivo\/author\/daredacao\/","name":"da Reda\u00e7\u00e3o","image":{"@type":"ImageObject","@id":"https:\/\/www.jornalja.com.br\/arquivo\/desabamento-em-sao-paulo-conselho-de-arquitetos-pede-politica-habitacional-para-evitar-novas-tragedias\/#authorImage","url":"https:\/\/secure.gravatar.com\/avatar\/469fd857d6605ad19919d27ed29d35a968a25f6e8fd9318356bbb7f57aae9c65?s=96&d=mm&r=g","width":96,"height":96,"caption":"da Reda\u00e7\u00e3o"}},{"@type":"WebPage","@id":"https:\/\/www.jornalja.com.br\/arquivo\/desabamento-em-sao-paulo-conselho-de-arquitetos-pede-politica-habitacional-para-evitar-novas-tragedias\/#webpage","url":"https:\/\/www.jornalja.com.br\/arquivo\/desabamento-em-sao-paulo-conselho-de-arquitetos-pede-politica-habitacional-para-evitar-novas-tragedias\/","name":"Inc\u00eandio em S\u00e3o Paulo: Conselho de arquitetos pede pol\u00edtica habitacional para evitar novas trag\u00e9dias | Arquivo","inLanguage":"pt-BR","isPartOf":{"@id":"https:\/\/www.jornalja.com.br\/arquivo\/#website"},"breadcrumb":{"@id":"https:\/\/www.jornalja.com.br\/arquivo\/desabamento-em-sao-paulo-conselho-de-arquitetos-pede-politica-habitacional-para-evitar-novas-tragedias\/#breadcrumblist"},"author":{"@id":"https:\/\/www.jornalja.com.br\/arquivo\/author\/daredacao\/#author"},"creator":{"@id":"https:\/\/www.jornalja.com.br\/arquivo\/author\/daredacao\/#author"},"datePublished":"2018-05-01T17:01:07-03:00","dateModified":"2018-05-01T17:01:07-03:00"},{"@type":"WebSite","@id":"https:\/\/www.jornalja.com.br\/arquivo\/#website","url":"https:\/\/www.jornalja.com.br\/arquivo\/","name":"Arquivo","description":"Jornal J\u00c1 | Porto Alegre","inLanguage":"pt-BR","publisher":{"@id":"https:\/\/www.jornalja.com.br\/arquivo\/#organization"}}]},"og:locale":"pt_BR","og:site_name":"Arquivo | Jornal J\u00c1 | Porto Alegre","og:type":"article","og:title":"Inc\u00eandio em S\u00e3o Paulo: Conselho de arquitetos pede pol\u00edtica habitacional para evitar novas trag\u00e9dias | Arquivo","og:url":"https:\/\/www.jornalja.com.br\/arquivo\/desabamento-em-sao-paulo-conselho-de-arquitetos-pede-politica-habitacional-para-evitar-novas-tragedias\/","og:image":"https:\/\/www.jornalja.com.br\/economics\/wp-content\/uploads\/sites\/11\/2026\/08\/ja-folhaderosto-facebook.jpg","og:image:secure_url":"https:\/\/www.jornalja.com.br\/economics\/wp-content\/uploads\/sites\/11\/2026\/08\/ja-folhaderosto-facebook.jpg","article:published_time":"2018-05-01T20:01:07+00:00","article:modified_time":"2018-05-01T20:01:07+00:00","twitter:card":"summary","twitter:title":"Inc\u00eandio em S\u00e3o Paulo: Conselho de arquitetos pede pol\u00edtica habitacional para evitar novas trag\u00e9dias | Arquivo","twitter:image":"https:\/\/www.jornalja.com.br\/economics\/wp-content\/uploads\/sites\/11\/2026\/08\/ja-folhaderosto-facebook.jpg"},"aioseo_meta_data":{"post_id":"61800","title":null,"description":null,"keywords":null,"keyphrases":null,"primary_term":null,"canonical_url":null,"og_title":null,"og_description":null,"og_object_type":"default","og_image_type":"default","og_image_url":null,"og_image_width":null,"og_image_height":null,"og_image_custom_url":null,"og_image_custom_fields":null,"og_video":null,"og_custom_url":null,"og_article_section":null,"og_article_tags":null,"twitter_use_og":false,"twitter_card":"default","twitter_image_type":"default","twitter_image_url":null,"twitter_image_custom_url":null,"twitter_image_custom_fields":null,"twitter_title":null,"twitter_description":null,"schema":{"blockGraphs":[],"customGraphs":[],"default":{"data":{"Article":[],"Course":[],"Dataset":[],"FAQPage":[],"Movie":[],"Person":[],"Product":[],"ProductReview":[],"Car":[],"Recipe":[],"Service":[],"SoftwareApplication":[],"WebPage":[]},"graphName":"","isEnabled":true},"graphs":[],"defaultGraph":"","defaultPostTypeGraph":""},"schema_type":null,"schema_type_options":null,"pillar_content":false,"robots_default":true,"robots_noindex":false,"robots_noarchive":false,"robots_nosnippet":false,"robots_nofollow":false,"robots_noimageindex":false,"robots_noodp":false,"robots_notranslate":false,"robots_max_snippet":null,"robots_max_videopreview":null,"robots_max_imagepreview":"large","priority":null,"frequency":null,"location":null,"local_seo":null,"breadcrumb_settings":null,"limit_modified_date":false,"ai":null,"created":"2020-12-20 20:14:48","updated":"2025-07-20 04:19:23","seo_analyzer_scan_date":null,"focus_keyword":null,"additional_keywords":null,"truseo_locale":null},"jetpack_sharing_enabled":true,"jetpack-related-posts":[{"id":13239,"url":"https:\/\/www.jornalja.com.br\/arquivo\/conselho-desdenha-do-plano-diretor\/","url_meta":{"origin":61800,"position":0},"title":"Porto Alegre: Conselho detona Plano Diretor","author":"Patr\u00edcia Marini","date":"25 de maio de 2014","format":false,"excerpt":"Den\u00fancia do arquiteto e \u00a0urbanista Ibir\u00e1 Santos Lucas. Ele diz que os conselheiros est\u00e3o votando com \"enorme irresponsabilidade\". \"Mudam regime com a maior naturalidade,,,regularizam absurdos de constru\u00e7\u00f5es irregulares... \"O CMDUA est\u00e1 flexibilizando a lei do plano diretor, de uma forma impactante na vida da cidade. Mudam regime com a maior\u2026","rel":"","context":"Em &quot;Geral&quot;","block_context":{"text":"Geral","link":"https:\/\/www.jornalja.com.br\/arquivo\/category\/geral\/"},"img":{"alt_text":"","src":"","width":0,"height":0},"classes":[]},{"id":5440,"url":"https:\/\/www.jornalja.com.br\/arquivo\/casarao-da-venancio-destino-permanece-incerto\/","url_meta":{"origin":61800,"position":1},"title":"Estado ainda n\u00e3o sabe o que fazer com casar\u00e3o abandonado h\u00e1 20 anos","author":"Elmar Bones","date":"6 de julho de 2009","format":false,"excerpt":"O casar\u00e3o amarelo, numa esquina nobre de Porto Alegre (Ven\u00e2ncio Aires com Jo\u00e3o Pessoa), j\u00e1 abrigou uma escola. H\u00e1 duas d\u00e9cadas, pelo menos, est\u00e1 abandonado, porque seu propriet\u00e1rio, o governo do Estado do Rio Grande do Sul, n\u00e3o consegue achar um destino para ele. Planos n\u00e3o faltaram. O governador Ol\u00edvio\u2026","rel":"","context":"Em &quot;X.Categorias velhas&quot;","block_context":{"text":"X.Categorias velhas","link":"https:\/\/www.jornalja.com.br\/arquivo\/category\/x-categorias-velhas\/"},"img":{"alt_text":"geraldo1","src":"https:\/\/i0.wp.com\/www.jornalja.com.br\/wp-content\/uploads\/2009\/07\/geraldo1.jpg?resize=350%2C200&ssl=1","width":350,"height":200},"classes":[]},{"id":13240,"url":"https:\/\/www.jornalja.com.br\/arquivo\/plano-diretor-estamos-construindo-o-caos\/","url_meta":{"origin":61800,"position":2},"title":"Plano diretor: &quot;Estamos construindo o caos&quot;","author":"Patr\u00edcia Marini","date":"26 de maio de 2014","format":false,"excerpt":"Desabafo que arquiteta Eliana Castilhos, delegada da Regi\u00e3o de Planejamento 1, postou nas redes sociais \u00e9 um testemunho do ambiente que se criou no Conselho do Plano Diretor de Porto Alegre, onde a aprova\u00e7\u00e3o de grandes empreendimentos \u00e9 empurrada guela abaixo dos conselheiros. Ao CMDUA Como delegada da Regi\u00e3o de\u2026","rel":"","context":"Em &quot;Geral&quot;","block_context":{"text":"Geral","link":"https:\/\/www.jornalja.com.br\/arquivo\/category\/geral\/"},"img":{"alt_text":"","src":"","width":0,"height":0},"classes":[]},{"id":13109,"url":"https:\/\/www.jornalja.com.br\/arquivo\/judiciario-reconhece-poluicao-eletromagnetica\/","url_meta":{"origin":61800,"position":3},"title":"Judici\u00e1rio reconhece polui\u00e7\u00e3o eletromagn\u00e9tica","author":"Patr\u00edcia Marini","date":"16 de maio de 2014","format":false,"excerpt":"A\u00e7\u00e3o de duas associa\u00e7\u00f5es de moradores foi acolhida pelo Tribunal de Justi\u00e7a de S\u00e3o Paulo que. em decis\u00e3o in\u00e9dita, determinou a redu\u00e7\u00e3o do campo eletromagn\u00e9tico gerado pelas linhas de transmiss\u00e3o de energia que cortam os bairros City Boa\u00e7ava e Alto de Pinheiros. \u00c9 a primeira vez que um tribunal do\u2026","rel":"","context":"Em &quot;X.Categorias velhas&quot;","block_context":{"text":"X.Categorias velhas","link":"https:\/\/www.jornalja.com.br\/arquivo\/category\/x-categorias-velhas\/"},"img":{"alt_text":"","src":"","width":0,"height":0},"classes":[]},{"id":13101,"url":"https:\/\/www.jornalja.com.br\/arquivo\/morre-um-guerreiro-do-texto\/","url_meta":{"origin":61800,"position":4},"title":"Morre um guerreiro do texto","author":"Patr\u00edcia Marini","date":"14 de maio de 2014","format":false,"excerpt":"Por Ricardo Kotscho Reproduzido do blog do autor, 11\/5\/2014; t\u00edtulo original \u201cE l\u00e1 se foi o nosso Myltainho, guerreiro do texto\u201d. Mi\u00fado e franzino, meu amigo Myltainho era um valente e inconformado guerreiro na luta contra as injusti\u00e7as sociais, a hipocrisia, as maracutaias, o autoritarismo, a intoler\u00e2ncia, a viol\u00eancia, o\u2026","rel":"","context":"Em &quot;Geral&quot;","block_context":{"text":"Geral","link":"https:\/\/www.jornalja.com.br\/arquivo\/category\/geral\/"},"img":{"alt_text":"","src":"","width":0,"height":0},"classes":[]},{"id":14241,"url":"https:\/\/www.jornalja.com.br\/arquivo\/o-guaiba-nas-imagens-poeticas-de-achutti\/","url_meta":{"origin":61800,"position":5},"title":"O Gua\u00edba nas imagens po\u00e9ticas de Achutti","author":"da Reda\u00e7\u00e3o","date":"18 de junho de 2014","format":false,"excerpt":"Em \u201cO Gua\u00edba por Achutti\u201d \u2013 obra financiada via Minist\u00e9rio da Cultura, produ\u00e7\u00e3o executiva de Pedro Longhi, e Fl\u00e1vio Wild como designer \u2013, o fot\u00f3grafo revela a beleza e as mazelas de um espa\u00e7o aqu\u00e1tico de \u00e1guas sempre renovadas, cheio de hist\u00f3rias e lendas como as das cidades que foram\u2026","rel":"","context":"Em &quot;Cultura-Geral&quot;","block_context":{"text":"Cultura-Geral","link":"https:\/\/www.jornalja.com.br\/arquivo\/category\/materiasecundaria\/"},"img":{"alt_text":"","src":"","width":0,"height":0},"classes":[]}],"jetpack_shortlink":"https:\/\/wp.me\/pbQjBd-g4M","jetpack_featured_media_url":"","_links":{"self":[{"href":"https:\/\/www.jornalja.com.br\/arquivo\/wp-json\/wp\/v2\/posts\/61800","targetHints":{"allow":["GET"]}}],"collection":[{"href":"https:\/\/www.jornalja.com.br\/arquivo\/wp-json\/wp\/v2\/posts"}],"about":[{"href":"https:\/\/www.jornalja.com.br\/arquivo\/wp-json\/wp\/v2\/types\/post"}],"author":[{"embeddable":true,"href":"https:\/\/www.jornalja.com.br\/arquivo\/wp-json\/wp\/v2\/users\/4"}],"replies":[{"embeddable":true,"href":"https:\/\/www.jornalja.com.br\/arquivo\/wp-json\/wp\/v2\/comments?post=61800"}],"version-history":[{"count":0,"href":"https:\/\/www.jornalja.com.br\/arquivo\/wp-json\/wp\/v2\/posts\/61800\/revisions"}],"wp:attachment":[{"href":"https:\/\/www.jornalja.com.br\/arquivo\/wp-json\/wp\/v2\/media?parent=61800"}],"wp:term":[{"taxonomy":"category","embeddable":true,"href":"https:\/\/www.jornalja.com.br\/arquivo\/wp-json\/wp\/v2\/categories?post=61800"},{"taxonomy":"post_tag","embeddable":true,"href":"https:\/\/www.jornalja.com.br\/arquivo\/wp-json\/wp\/v2\/tags?post=61800"}],"curies":[{"name":"wp","href":"https:\/\/api.w.org\/{rel}","templated":true}]}}