{"id":62123,"date":"2018-05-10T14:10:12","date_gmt":"2018-05-10T17:10:12","guid":{"rendered":"https:\/\/www.jornalja.com.br\/?p=62123"},"modified":"2018-05-10T14:10:12","modified_gmt":"2018-05-10T17:10:12","slug":"confirmada-cassacao-de-mandatos-de-vereadores-de-camaqua","status":"publish","type":"post","link":"https:\/\/www.jornalja.com.br\/arquivo\/confirmada-cassacao-de-mandatos-de-vereadores-de-camaqua\/","title":{"rendered":"Confirmada cassa\u00e7\u00e3o de mandatos de vereadores de Camaqu\u00e3"},"content":{"rendered":"<p class=\"m_5561308438186661189plain\" align=\"left\">O Tribunal Regional Eleitoral do Rio Grande do Sul (TRE-RS) confirmou a cassa\u00e7\u00e3o do mandato e do diploma de vereadores titulares e suplentes eleitos pela Coliga\u00e7\u00e3o Para Mudar e Renovar Camaqu\u00e3 (PSDB-PSC), por fraude na constitui\u00e7\u00e3o da coliga\u00e7\u00e3o mediante burla \u00e0 cota de g\u00eanero determinada pela Lei 9504\/97.<\/p>\n<p class=\"m_5561308438186661189plain\" align=\"left\">Com a decis\u00e3o, os votos a eles atribu\u00eddos foram declarados nulos e ser\u00e3o redistribu\u00eddos aos demais partidos ou coliga\u00e7\u00f5es que alcan\u00e7aram o quociente partid\u00e1rio no pleito de 2016.<\/p>\n<p class=\"m_5561308438186661189plain\" align=\"left\">Para a Corte e a Procuradoria Regional Eleitoral do Rio Grande do Sul (PRE-RS) &#8211; cujo parecer foi pela cassa\u00e7\u00e3o -, apesar de a coliga\u00e7\u00e3o ter registrado nove candidaturas femininas e 18 masculinas &#8211; cumprindo no momento do registro a cota de g\u00eanero determinada pela lei (m\u00ednimo de 30% e m\u00e1ximo de 70% para candidaturas de cada sexo) &#8211; duas das candidatas n\u00e3o receberam qualquer voto e h\u00e1 provas suficientes de que jamais tiveram a inten\u00e7\u00e3o de eleger-se.<\/p>\n<p class=\"m_5561308438186661189plain\" align=\"left\">Uma delas, cuja presta\u00e7\u00e3o de contas n\u00e3o registra qualquer movimenta\u00e7\u00e3o financeira, reconheceu, em oitiva, ter sido convencida a assinar o requerimento de registro, sob a alega\u00e7\u00e3o de que n\u00e3o precisaria concorrer de fato, sendo apenas para constar; tamb\u00e9m admitiu ter concordado com a candidatura fraudulenta na esperan\u00e7a de ser nomeada para um cargo em comiss\u00e3o na administra\u00e7\u00e3o municipal.<\/p>\n<p class=\"m_5561308438186661189plain\" align=\"left\">A outra fez campanha somente pela candidatura do marido nas redes sociais, realizou doa\u00e7\u00f5es eleitorais em seu favor e chegou a contratar cabos eleitorais para trabalhar na campanha dele<\/p>\n<p class=\"m_5561308438186661189plain\" align=\"left\">Para o procurador regional eleitoral substituto, F\u00e1bio Nesi Venzon, autor do parecer do Minist\u00e9rio P\u00fablico Federal, a impugna\u00e7\u00e3o e a consequente cassa\u00e7\u00e3o de mandatos eletivos devem ocorrer somente diante de condutas graves, suficientemente comprovadas e capazes de comprometer a legitimidade do pleito. No caso em julgamento, afirmou, &#8220;o que se v\u00ea \u00e9 um conjunto probat\u00f3rio suficiente para comprovar a aus\u00eancia de candidaturas efetivas&#8221;, motivo pelo qual defendeu a manuten\u00e7\u00e3o da senten\u00e7a da Justi\u00e7a Eleitoral.<\/p>\n<p class=\"m_5561308438186661189plain\" align=\"left\">O TRE, por unanimidade, decidiu na mesma linha. &#8220;\u00c9 preciso ser reconhecido que n\u00e3o basta garantir o n\u00famero de vagas, sendo necess\u00e1rio conferir \u00e0s candidatas mulheres as mesmas condi\u00e7\u00f5es, mesmo espa\u00e7o pol\u00edtico e igualdade de oportunidades, e n\u00e3o lan\u00e7ar verdadeiras candidaturas fict\u00edcias com objetivo \u00fanico de cumprir a propor\u00e7\u00e3o imposta pela lei&#8221;, l\u00ea-se na p\u00e1gina 27 do ac\u00f3rd\u00e3o.<\/p>\n<p class=\"m_5561308438186661189plain\" align=\"left\">O mesmo texto destaca que, nas elei\u00e7\u00f5es de 2016, 14.417 mulheres se candidataram e n\u00e3o receberam sequer o pr\u00f3prio voto, havendo 1.714 homens na mesma situa\u00e7\u00e3o.<\/p>\n<p class=\"m_5561308438186661189plain\" align=\"left\">A decis\u00e3o do TRE, confirmando a senten\u00e7a de primeiro grau, foi mais um passo no curso da a\u00e7\u00e3o de impugna\u00e7\u00e3o de mandato eletivo ajuizada na Justi\u00e7a Eleitoral de Camaqu\u00e3 pelos candidatos n\u00e3o eleitos em 2016 ao cargo de vereador Marconi Luiz Dreckmann e Leomar Boeira da Costa. A coliga\u00e7\u00e3o ainda pode recorrer ao Tribunal Superior Eleitoral.<\/p>\n<div class=\"m_5561308438186661189plain\" align=\"left\">\u00a0<a class=\"m_5561308438186661189external-link\" title=\"\" href=\"http:\/\/apollo.tre-rs.jus.br\/sessoes\/acordao\/21824\" target=\"_blank\" rel=\"noopener noreferrer\" data-saferedirecturl=\"http:\/\/www.google.com\/url?hl=pt-BR&amp;q=http:\/\/apollo.tre-rs.jus.br\/sessoes\/acordao\/21824&amp;source=gmail&amp;ust=1526050705851000&amp;usg=AFQjCNHDNm31k5LgwA-oeiKxXhJzGy7n7A\"><strong>Ac\u00f3rd\u00e3o<\/strong><\/a><span class=\"m_5561308438186661189external-link\"><strong>\u00a0|\u00a0<\/strong><\/span><strong><span class=\"m_5561308438186661189external-link\"><a class=\"m_5561308438186661189external-link\" title=\"\" href=\"http:\/\/apollo.tre-rs.jus.br\/sessoes\/parecer\/50758\" target=\"_blank\" rel=\"noopener noreferrer\" data-saferedirecturl=\"http:\/\/www.google.com\/url?hl=pt-BR&amp;q=http:\/\/apollo.tre-rs.jus.br\/sessoes\/parecer\/50758&amp;source=gmail&amp;ust=1526050705851000&amp;usg=AFQjCNGRAo_tm-7aO8-BSPMnu0v_d7pD5A\">Parecer da PRE-RS<\/a><\/span><\/strong><\/div>\n<div class=\"m_5561308438186661189plain\" align=\"left\"><\/div>\n","protected":false},"excerpt":{"rendered":"<p>O Tribunal Regional Eleitoral do Rio Grande do Sul (TRE-RS) confirmou a cassa\u00e7\u00e3o do mandato e do diploma de vereadores titulares e suplentes eleitos pela Coliga\u00e7\u00e3o Para Mudar e Renovar Camaqu\u00e3 (PSDB-PSC), por fraude na constitui\u00e7\u00e3o da coliga\u00e7\u00e3o mediante burla \u00e0 cota de g\u00eanero determinada pela Lei 9504\/97. Com a decis\u00e3o, os votos a eles [&hellip;]<\/p>\n","protected":false},"author":4,"featured_media":0,"comment_status":"open","ping_status":"closed","sticky":false,"template":"","format":"standard","meta":{"_jetpack_newsletter_access":"","_jetpack_dont_email_post_to_subs":false,"_jetpack_newsletter_tier_id":0,"_jetpack_memberships_contains_paywalled_content":false,"_jetpack_feature_clip_id":0,"_jetpack_memberships_contains_paid_content":false,"footnotes":"","jetpack_post_was_ever_published":false},"categories":[2022],"tags":[],"class_list":["post-62123","post","type-post","status-publish","format-standard","hentry","category-notas"],"aioseo_notices":[],"aioseo_head":"\n\t\t<!-- All in One SEO 5.0.1.1 - aioseo.com -->\n\t<meta name=\"robots\" content=\"max-image-preview:large\" \/>\n\t<meta name=\"author\" content=\"da Reda\u00e7\u00e3o\"\/>\n\t<link rel=\"canonical\" href=\"https:\/\/www.jornalja.com.br\/arquivo\/confirmada-cassacao-de-mandatos-de-vereadores-de-camaqua\/\" \/>\n\t<meta name=\"generator\" content=\"All in One SEO (AIOSEO) 5.0.1.1\" \/>\n\t\t<meta property=\"og:locale\" content=\"pt_BR\" \/>\n\t\t<meta property=\"og:site_name\" content=\"Arquivo | Jornal J\u00c1 | Porto Alegre\" \/>\n\t\t<meta property=\"og:type\" content=\"article\" \/>\n\t\t<meta property=\"og:title\" content=\"Confirmada cassa\u00e7\u00e3o de mandatos de vereadores de Camaqu\u00e3 | Arquivo\" \/>\n\t\t<meta property=\"og:url\" content=\"https:\/\/www.jornalja.com.br\/arquivo\/confirmada-cassacao-de-mandatos-de-vereadores-de-camaqua\/\" \/>\n\t\t<meta property=\"og:image\" content=\"https:\/\/www.jornalja.com.br\/economics\/wp-content\/uploads\/sites\/11\/2026\/08\/ja-folhaderosto-facebook.jpg\" \/>\n\t\t<meta property=\"og:image:secure_url\" content=\"https:\/\/www.jornalja.com.br\/economics\/wp-content\/uploads\/sites\/11\/2026\/08\/ja-folhaderosto-facebook.jpg\" \/>\n\t\t<meta property=\"article:published_time\" content=\"2018-05-10T17:10:12+00:00\" \/>\n\t\t<meta property=\"article:modified_time\" content=\"2018-05-10T17:10:12+00:00\" \/>\n\t\t<meta name=\"twitter:card\" content=\"summary\" \/>\n\t\t<meta name=\"twitter:title\" content=\"Confirmada cassa\u00e7\u00e3o de mandatos de vereadores de Camaqu\u00e3 | Arquivo\" \/>\n\t\t<meta name=\"twitter:image\" content=\"https:\/\/www.jornalja.com.br\/economics\/wp-content\/uploads\/sites\/11\/2026\/08\/ja-folhaderosto-facebook.jpg\" \/>\n\t\t<script type=\"application\/ld+json\" class=\"aioseo-schema\">\n\t\t\t{\"@context\":\"https:\\\/\\\/schema.org\",\"@graph\":[{\"@type\":\"BlogPosting\",\"@id\":\"https:\\\/\\\/www.jornalja.com.br\\\/arquivo\\\/confirmada-cassacao-de-mandatos-de-vereadores-de-camaqua\\\/#blogposting\",\"name\":\"Confirmada cassa\\u00e7\\u00e3o de mandatos de vereadores de Camaqu\\u00e3 | Arquivo\",\"headline\":\"Confirmada cassa\\u00e7\\u00e3o de mandatos de vereadores de Camaqu\\u00e3\",\"author\":{\"@id\":\"https:\\\/\\\/www.jornalja.com.br\\\/arquivo\\\/author\\\/daredacao\\\/#author\"},\"publisher\":{\"@id\":\"https:\\\/\\\/www.jornalja.com.br\\\/arquivo\\\/#organization\"},\"image\":{\"@type\":\"ImageObject\",\"url\":\"https:\\\/\\\/www.jornalja.com.br\\\/wp-content\\\/uploads\\\/cards\\\/JAslogan.png\",\"@id\":\"https:\\\/\\\/www.jornalja.com.br\\\/arquivo\\\/#articleImage\"},\"datePublished\":\"2018-05-10T14:10:12-03:00\",\"dateModified\":\"2018-05-10T14:10:12-03:00\",\"inLanguage\":\"pt-BR\",\"mainEntityOfPage\":{\"@id\":\"https:\\\/\\\/www.jornalja.com.br\\\/arquivo\\\/confirmada-cassacao-de-mandatos-de-vereadores-de-camaqua\\\/#webpage\"},\"isPartOf\":{\"@id\":\"https:\\\/\\\/www.jornalja.com.br\\\/arquivo\\\/confirmada-cassacao-de-mandatos-de-vereadores-de-camaqua\\\/#webpage\"},\"articleSection\":\"NOTAS\"},{\"@type\":\"BreadcrumbList\",\"@id\":\"https:\\\/\\\/www.jornalja.com.br\\\/arquivo\\\/confirmada-cassacao-de-mandatos-de-vereadores-de-camaqua\\\/#breadcrumblist\",\"itemListElement\":[{\"@type\":\"ListItem\",\"@id\":\"https:\\\/\\\/www.jornalja.com.br\\\/arquivo#listItem\",\"position\":1,\"name\":\"Home\",\"item\":\"https:\\\/\\\/www.jornalja.com.br\\\/arquivo\",\"nextItem\":{\"@type\":\"ListItem\",\"@id\":\"https:\\\/\\\/www.jornalja.com.br\\\/arquivo\\\/category\\\/notas\\\/#listItem\",\"name\":\"NOTAS\"}},{\"@type\":\"ListItem\",\"@id\":\"https:\\\/\\\/www.jornalja.com.br\\\/arquivo\\\/category\\\/notas\\\/#listItem\",\"position\":2,\"name\":\"NOTAS\",\"item\":\"https:\\\/\\\/www.jornalja.com.br\\\/arquivo\\\/category\\\/notas\\\/\",\"nextItem\":{\"@type\":\"ListItem\",\"@id\":\"https:\\\/\\\/www.jornalja.com.br\\\/arquivo\\\/confirmada-cassacao-de-mandatos-de-vereadores-de-camaqua\\\/#listItem\",\"name\":\"Confirmada cassa\\u00e7\\u00e3o de mandatos de vereadores de Camaqu\\u00e3\"},\"previousItem\":{\"@type\":\"ListItem\",\"@id\":\"https:\\\/\\\/www.jornalja.com.br\\\/arquivo#listItem\",\"name\":\"Home\"}},{\"@type\":\"ListItem\",\"@id\":\"https:\\\/\\\/www.jornalja.com.br\\\/arquivo\\\/confirmada-cassacao-de-mandatos-de-vereadores-de-camaqua\\\/#listItem\",\"position\":3,\"name\":\"Confirmada cassa\\u00e7\\u00e3o de mandatos de vereadores de Camaqu\\u00e3\",\"previousItem\":{\"@type\":\"ListItem\",\"@id\":\"https:\\\/\\\/www.jornalja.com.br\\\/arquivo\\\/category\\\/notas\\\/#listItem\",\"name\":\"NOTAS\"}}]},{\"@type\":\"Organization\",\"@id\":\"https:\\\/\\\/www.jornalja.com.br\\\/arquivo\\\/#organization\",\"name\":\"Jornal J\\u00c1\",\"description\":\"Jornal J\\u00c1 | Porto Alegre\",\"url\":\"https:\\\/\\\/www.jornalja.com.br\\\/arquivo\\\/\",\"telephone\":\"+555133307272\",\"logo\":{\"@type\":\"ImageObject\",\"url\":\"https:\\\/\\\/www.jornalja.com.br\\\/wp-content\\\/uploads\\\/cards\\\/JAslogan.png\",\"@id\":\"https:\\\/\\\/www.jornalja.com.br\\\/arquivo\\\/confirmada-cassacao-de-mandatos-de-vereadores-de-camaqua\\\/#organizationLogo\"},\"image\":{\"@id\":\"https:\\\/\\\/www.jornalja.com.br\\\/arquivo\\\/confirmada-cassacao-de-mandatos-de-vereadores-de-camaqua\\\/#organizationLogo\"}},{\"@type\":\"Person\",\"@id\":\"https:\\\/\\\/www.jornalja.com.br\\\/arquivo\\\/author\\\/daredacao\\\/#author\",\"url\":\"https:\\\/\\\/www.jornalja.com.br\\\/arquivo\\\/author\\\/daredacao\\\/\",\"name\":\"da Reda\\u00e7\\u00e3o\",\"image\":{\"@type\":\"ImageObject\",\"@id\":\"https:\\\/\\\/www.jornalja.com.br\\\/arquivo\\\/confirmada-cassacao-de-mandatos-de-vereadores-de-camaqua\\\/#authorImage\",\"url\":\"https:\\\/\\\/secure.gravatar.com\\\/avatar\\\/469fd857d6605ad19919d27ed29d35a968a25f6e8fd9318356bbb7f57aae9c65?s=96&d=mm&r=g\",\"width\":96,\"height\":96,\"caption\":\"da Reda\\u00e7\\u00e3o\"}},{\"@type\":\"WebPage\",\"@id\":\"https:\\\/\\\/www.jornalja.com.br\\\/arquivo\\\/confirmada-cassacao-de-mandatos-de-vereadores-de-camaqua\\\/#webpage\",\"url\":\"https:\\\/\\\/www.jornalja.com.br\\\/arquivo\\\/confirmada-cassacao-de-mandatos-de-vereadores-de-camaqua\\\/\",\"name\":\"Confirmada cassa\\u00e7\\u00e3o de mandatos de vereadores de Camaqu\\u00e3 | Arquivo\",\"inLanguage\":\"pt-BR\",\"isPartOf\":{\"@id\":\"https:\\\/\\\/www.jornalja.com.br\\\/arquivo\\\/#website\"},\"breadcrumb\":{\"@id\":\"https:\\\/\\\/www.jornalja.com.br\\\/arquivo\\\/confirmada-cassacao-de-mandatos-de-vereadores-de-camaqua\\\/#breadcrumblist\"},\"author\":{\"@id\":\"https:\\\/\\\/www.jornalja.com.br\\\/arquivo\\\/author\\\/daredacao\\\/#author\"},\"creator\":{\"@id\":\"https:\\\/\\\/www.jornalja.com.br\\\/arquivo\\\/author\\\/daredacao\\\/#author\"},\"datePublished\":\"2018-05-10T14:10:12-03:00\",\"dateModified\":\"2018-05-10T14:10:12-03:00\"},{\"@type\":\"WebSite\",\"@id\":\"https:\\\/\\\/www.jornalja.com.br\\\/arquivo\\\/#website\",\"url\":\"https:\\\/\\\/www.jornalja.com.br\\\/arquivo\\\/\",\"name\":\"Arquivo\",\"description\":\"Jornal J\\u00c1 | Porto Alegre\",\"inLanguage\":\"pt-BR\",\"publisher\":{\"@id\":\"https:\\\/\\\/www.jornalja.com.br\\\/arquivo\\\/#organization\"}}]}\n\t\t<\/script>\n\t\t<!-- All in One SEO -->\n\n","aioseo_head_json":{"title":"Confirmada cassa\u00e7\u00e3o de mandatos de vereadores de Camaqu\u00e3 | Arquivo","description":"","canonical_url":"https:\/\/www.jornalja.com.br\/arquivo\/confirmada-cassacao-de-mandatos-de-vereadores-de-camaqua\/","robots":"max-image-preview:large","keywords":"","webmasterTools":{"miscellaneous":""},"schema":{"@context":"https:\/\/schema.org","@graph":[{"@type":"BlogPosting","@id":"https:\/\/www.jornalja.com.br\/arquivo\/confirmada-cassacao-de-mandatos-de-vereadores-de-camaqua\/#blogposting","name":"Confirmada cassa\u00e7\u00e3o de mandatos de vereadores de Camaqu\u00e3 | Arquivo","headline":"Confirmada cassa\u00e7\u00e3o de mandatos de vereadores de Camaqu\u00e3","author":{"@id":"https:\/\/www.jornalja.com.br\/arquivo\/author\/daredacao\/#author"},"publisher":{"@id":"https:\/\/www.jornalja.com.br\/arquivo\/#organization"},"image":{"@type":"ImageObject","url":"https:\/\/www.jornalja.com.br\/wp-content\/uploads\/cards\/JAslogan.png","@id":"https:\/\/www.jornalja.com.br\/arquivo\/#articleImage"},"datePublished":"2018-05-10T14:10:12-03:00","dateModified":"2018-05-10T14:10:12-03:00","inLanguage":"pt-BR","mainEntityOfPage":{"@id":"https:\/\/www.jornalja.com.br\/arquivo\/confirmada-cassacao-de-mandatos-de-vereadores-de-camaqua\/#webpage"},"isPartOf":{"@id":"https:\/\/www.jornalja.com.br\/arquivo\/confirmada-cassacao-de-mandatos-de-vereadores-de-camaqua\/#webpage"},"articleSection":"NOTAS"},{"@type":"BreadcrumbList","@id":"https:\/\/www.jornalja.com.br\/arquivo\/confirmada-cassacao-de-mandatos-de-vereadores-de-camaqua\/#breadcrumblist","itemListElement":[{"@type":"ListItem","@id":"https:\/\/www.jornalja.com.br\/arquivo#listItem","position":1,"name":"Home","item":"https:\/\/www.jornalja.com.br\/arquivo","nextItem":{"@type":"ListItem","@id":"https:\/\/www.jornalja.com.br\/arquivo\/category\/notas\/#listItem","name":"NOTAS"}},{"@type":"ListItem","@id":"https:\/\/www.jornalja.com.br\/arquivo\/category\/notas\/#listItem","position":2,"name":"NOTAS","item":"https:\/\/www.jornalja.com.br\/arquivo\/category\/notas\/","nextItem":{"@type":"ListItem","@id":"https:\/\/www.jornalja.com.br\/arquivo\/confirmada-cassacao-de-mandatos-de-vereadores-de-camaqua\/#listItem","name":"Confirmada cassa\u00e7\u00e3o de mandatos de vereadores de Camaqu\u00e3"},"previousItem":{"@type":"ListItem","@id":"https:\/\/www.jornalja.com.br\/arquivo#listItem","name":"Home"}},{"@type":"ListItem","@id":"https:\/\/www.jornalja.com.br\/arquivo\/confirmada-cassacao-de-mandatos-de-vereadores-de-camaqua\/#listItem","position":3,"name":"Confirmada cassa\u00e7\u00e3o de mandatos de vereadores de Camaqu\u00e3","previousItem":{"@type":"ListItem","@id":"https:\/\/www.jornalja.com.br\/arquivo\/category\/notas\/#listItem","name":"NOTAS"}}]},{"@type":"Organization","@id":"https:\/\/www.jornalja.com.br\/arquivo\/#organization","name":"Jornal J\u00c1","description":"Jornal J\u00c1 | Porto Alegre","url":"https:\/\/www.jornalja.com.br\/arquivo\/","telephone":"+555133307272","logo":{"@type":"ImageObject","url":"https:\/\/www.jornalja.com.br\/wp-content\/uploads\/cards\/JAslogan.png","@id":"https:\/\/www.jornalja.com.br\/arquivo\/confirmada-cassacao-de-mandatos-de-vereadores-de-camaqua\/#organizationLogo"},"image":{"@id":"https:\/\/www.jornalja.com.br\/arquivo\/confirmada-cassacao-de-mandatos-de-vereadores-de-camaqua\/#organizationLogo"}},{"@type":"Person","@id":"https:\/\/www.jornalja.com.br\/arquivo\/author\/daredacao\/#author","url":"https:\/\/www.jornalja.com.br\/arquivo\/author\/daredacao\/","name":"da Reda\u00e7\u00e3o","image":{"@type":"ImageObject","@id":"https:\/\/www.jornalja.com.br\/arquivo\/confirmada-cassacao-de-mandatos-de-vereadores-de-camaqua\/#authorImage","url":"https:\/\/secure.gravatar.com\/avatar\/469fd857d6605ad19919d27ed29d35a968a25f6e8fd9318356bbb7f57aae9c65?s=96&d=mm&r=g","width":96,"height":96,"caption":"da Reda\u00e7\u00e3o"}},{"@type":"WebPage","@id":"https:\/\/www.jornalja.com.br\/arquivo\/confirmada-cassacao-de-mandatos-de-vereadores-de-camaqua\/#webpage","url":"https:\/\/www.jornalja.com.br\/arquivo\/confirmada-cassacao-de-mandatos-de-vereadores-de-camaqua\/","name":"Confirmada cassa\u00e7\u00e3o de mandatos de vereadores de Camaqu\u00e3 | Arquivo","inLanguage":"pt-BR","isPartOf":{"@id":"https:\/\/www.jornalja.com.br\/arquivo\/#website"},"breadcrumb":{"@id":"https:\/\/www.jornalja.com.br\/arquivo\/confirmada-cassacao-de-mandatos-de-vereadores-de-camaqua\/#breadcrumblist"},"author":{"@id":"https:\/\/www.jornalja.com.br\/arquivo\/author\/daredacao\/#author"},"creator":{"@id":"https:\/\/www.jornalja.com.br\/arquivo\/author\/daredacao\/#author"},"datePublished":"2018-05-10T14:10:12-03:00","dateModified":"2018-05-10T14:10:12-03:00"},{"@type":"WebSite","@id":"https:\/\/www.jornalja.com.br\/arquivo\/#website","url":"https:\/\/www.jornalja.com.br\/arquivo\/","name":"Arquivo","description":"Jornal J\u00c1 | Porto Alegre","inLanguage":"pt-BR","publisher":{"@id":"https:\/\/www.jornalja.com.br\/arquivo\/#organization"}}]},"og:locale":"pt_BR","og:site_name":"Arquivo | Jornal J\u00c1 | Porto Alegre","og:type":"article","og:title":"Confirmada cassa\u00e7\u00e3o de mandatos de vereadores de Camaqu\u00e3 | Arquivo","og:url":"https:\/\/www.jornalja.com.br\/arquivo\/confirmada-cassacao-de-mandatos-de-vereadores-de-camaqua\/","og:image":"https:\/\/www.jornalja.com.br\/economics\/wp-content\/uploads\/sites\/11\/2026\/08\/ja-folhaderosto-facebook.jpg","og:image:secure_url":"https:\/\/www.jornalja.com.br\/economics\/wp-content\/uploads\/sites\/11\/2026\/08\/ja-folhaderosto-facebook.jpg","article:published_time":"2018-05-10T17:10:12+00:00","article:modified_time":"2018-05-10T17:10:12+00:00","twitter:card":"summary","twitter:title":"Confirmada cassa\u00e7\u00e3o de mandatos de vereadores de Camaqu\u00e3 | Arquivo","twitter:image":"https:\/\/www.jornalja.com.br\/economics\/wp-content\/uploads\/sites\/11\/2026\/08\/ja-folhaderosto-facebook.jpg"},"aioseo_meta_data":{"post_id":"62123","title":null,"description":null,"keywords":null,"keyphrases":null,"primary_term":null,"canonical_url":null,"og_title":null,"og_description":null,"og_object_type":"default","og_image_type":"default","og_image_url":null,"og_image_width":null,"og_image_height":null,"og_image_custom_url":null,"og_image_custom_fields":null,"og_video":null,"og_custom_url":null,"og_article_section":null,"og_article_tags":null,"twitter_use_og":false,"twitter_card":"default","twitter_image_type":"default","twitter_image_url":null,"twitter_image_custom_url":null,"twitter_image_custom_fields":null,"twitter_title":null,"twitter_description":null,"schema":{"blockGraphs":[],"customGraphs":[],"default":{"data":{"Article":[],"Course":[],"Dataset":[],"FAQPage":[],"Movie":[],"Person":[],"Product":[],"ProductReview":[],"Car":[],"Recipe":[],"Service":[],"SoftwareApplication":[],"WebPage":[]},"graphName":"","isEnabled":true},"graphs":[]},"schema_type":null,"schema_type_options":null,"pillar_content":false,"robots_default":true,"robots_noindex":false,"robots_noarchive":false,"robots_nosnippet":false,"robots_nofollow":false,"robots_noimageindex":false,"robots_noodp":false,"robots_notranslate":false,"robots_max_snippet":null,"robots_max_videopreview":null,"robots_max_imagepreview":"large","priority":null,"frequency":null,"location":null,"local_seo":null,"breadcrumb_settings":null,"limit_modified_date":false,"ai":null,"created":"2020-12-20 20:14:48","updated":"2025-07-20 04:23:54","seo_analyzer_scan_date":null,"focus_keyword":null,"additional_keywords":null,"truseo_locale":null},"jetpack_sharing_enabled":true,"jetpack-related-posts":[{"id":13128,"url":"https:\/\/www.jornalja.com.br\/arquivo\/maconha-terra-diz-que-uso-medicinal-e-desculpa\/","url_meta":{"origin":62123,"position":0},"title":"Maconha: Terra diz que uso medicinal \u00e9 desculpa","author":"Patr\u00edcia Marini","date":"4 de junho de 2014","format":false,"excerpt":"A condi\u00e7\u00e3o de pol\u00edtico, em \u00e9poca de campanha de campanha eleitoral, tira for\u00e7a do discurso do m\u00e9dico Osmar Terra contra a legaliza\u00e7\u00e3o da maconha. A tese dele de que a libera\u00e7\u00e3o vai ampliar exponencialmente o consumo \u00e9 discutivel, o consumo \u00e9 corrente. Mas seus alertas quanto aos riscos tem que\u2026","rel":"","context":"Em &quot;X.Categorias velhas&quot;","block_context":{"text":"X.Categorias velhas","link":"https:\/\/www.jornalja.com.br\/arquivo\/category\/x-categorias-velhas\/"},"img":{"alt_text":"","src":"","width":0,"height":0},"classes":[]},{"id":13109,"url":"https:\/\/www.jornalja.com.br\/arquivo\/judiciario-reconhece-poluicao-eletromagnetica\/","url_meta":{"origin":62123,"position":1},"title":"Judici\u00e1rio reconhece polui\u00e7\u00e3o eletromagn\u00e9tica","author":"Patr\u00edcia Marini","date":"16 de maio de 2014","format":false,"excerpt":"A\u00e7\u00e3o de duas associa\u00e7\u00f5es de moradores foi acolhida pelo Tribunal de Justi\u00e7a de S\u00e3o Paulo que. em decis\u00e3o in\u00e9dita, determinou a redu\u00e7\u00e3o do campo eletromagn\u00e9tico gerado pelas linhas de transmiss\u00e3o de energia que cortam os bairros City Boa\u00e7ava e Alto de Pinheiros. \u00c9 a primeira vez que um tribunal do\u2026","rel":"","context":"Em &quot;X.Categorias velhas&quot;","block_context":{"text":"X.Categorias velhas","link":"https:\/\/www.jornalja.com.br\/arquivo\/category\/x-categorias-velhas\/"},"img":{"alt_text":"","src":"","width":0,"height":0},"classes":[]},{"id":14241,"url":"https:\/\/www.jornalja.com.br\/arquivo\/o-guaiba-nas-imagens-poeticas-de-achutti\/","url_meta":{"origin":62123,"position":2},"title":"O Gua\u00edba nas imagens po\u00e9ticas de Achutti","author":"da Reda\u00e7\u00e3o","date":"18 de junho de 2014","format":false,"excerpt":"Em \u201cO Gua\u00edba por Achutti\u201d \u2013 obra financiada via Minist\u00e9rio da Cultura, produ\u00e7\u00e3o executiva de Pedro Longhi, e Fl\u00e1vio Wild como designer \u2013, o fot\u00f3grafo revela a beleza e as mazelas de um espa\u00e7o aqu\u00e1tico de \u00e1guas sempre renovadas, cheio de hist\u00f3rias e lendas como as das cidades que foram\u2026","rel":"","context":"Em &quot;Cultura-Geral&quot;","block_context":{"text":"Cultura-Geral","link":"https:\/\/www.jornalja.com.br\/arquivo\/category\/materiasecundaria\/"},"img":{"alt_text":"","src":"","width":0,"height":0},"classes":[]},{"id":13124,"url":"https:\/\/www.jornalja.com.br\/arquivo\/sangue-latino-no-iecine\/","url_meta":{"origin":62123,"position":3},"title":"Sangue latino no IECINE","author":"da Reda\u00e7\u00e3o","date":"18 de maio de 2014","format":false,"excerpt":"Francisco Ribeiro O Instituto Estadual de Cinema (IECINE) tem a frente, desde abril \u00faltimo, um novo diretor, o cineasta colombiano Juan Zapata, 36, que substitui Luiz Alberto Cassol. Radicado h\u00e1 dez anos em Porto Alegre, Zapata tem diante de si o desafio de conduzir at\u00e9 o final do ano um\u2026","rel":"","context":"Em &quot;Cultura-Geral&quot;","block_context":{"text":"Cultura-Geral","link":"https:\/\/www.jornalja.com.br\/arquivo\/category\/materiasecundaria\/"},"img":{"alt_text":"","src":"","width":0,"height":0},"classes":[]},{"id":5440,"url":"https:\/\/www.jornalja.com.br\/arquivo\/casarao-da-venancio-destino-permanece-incerto\/","url_meta":{"origin":62123,"position":4},"title":"Estado ainda n\u00e3o sabe o que fazer com casar\u00e3o abandonado h\u00e1 20 anos","author":"Elmar Bones","date":"6 de julho de 2009","format":false,"excerpt":"O casar\u00e3o amarelo, numa esquina nobre de Porto Alegre (Ven\u00e2ncio Aires com Jo\u00e3o Pessoa), j\u00e1 abrigou uma escola. H\u00e1 duas d\u00e9cadas, pelo menos, est\u00e1 abandonado, porque seu propriet\u00e1rio, o governo do Estado do Rio Grande do Sul, n\u00e3o consegue achar um destino para ele. Planos n\u00e3o faltaram. O governador Ol\u00edvio\u2026","rel":"","context":"Em &quot;X.Categorias velhas&quot;","block_context":{"text":"X.Categorias velhas","link":"https:\/\/www.jornalja.com.br\/arquivo\/category\/x-categorias-velhas\/"},"img":{"alt_text":"geraldo1","src":"https:\/\/i0.wp.com\/www.jornalja.com.br\/wp-content\/uploads\/2009\/07\/geraldo1.jpg?resize=350%2C200&ssl=1","width":350,"height":200},"classes":[]},{"id":13240,"url":"https:\/\/www.jornalja.com.br\/arquivo\/plano-diretor-estamos-construindo-o-caos\/","url_meta":{"origin":62123,"position":5},"title":"Plano diretor: &quot;Estamos construindo o caos&quot;","author":"Patr\u00edcia Marini","date":"26 de maio de 2014","format":false,"excerpt":"Desabafo que arquiteta Eliana Castilhos, delegada da Regi\u00e3o de Planejamento 1, postou nas redes sociais \u00e9 um testemunho do ambiente que se criou no Conselho do Plano Diretor de Porto Alegre, onde a aprova\u00e7\u00e3o de grandes empreendimentos \u00e9 empurrada guela abaixo dos conselheiros. Ao CMDUA Como delegada da Regi\u00e3o de\u2026","rel":"","context":"Em &quot;Geral&quot;","block_context":{"text":"Geral","link":"https:\/\/www.jornalja.com.br\/arquivo\/category\/geral\/"},"img":{"alt_text":"","src":"","width":0,"height":0},"classes":[]}],"jetpack_shortlink":"https:\/\/wp.me\/pbQjBd-g9Z","jetpack_featured_media_url":"","_links":{"self":[{"href":"https:\/\/www.jornalja.com.br\/arquivo\/wp-json\/wp\/v2\/posts\/62123","targetHints":{"allow":["GET"]}}],"collection":[{"href":"https:\/\/www.jornalja.com.br\/arquivo\/wp-json\/wp\/v2\/posts"}],"about":[{"href":"https:\/\/www.jornalja.com.br\/arquivo\/wp-json\/wp\/v2\/types\/post"}],"author":[{"embeddable":true,"href":"https:\/\/www.jornalja.com.br\/arquivo\/wp-json\/wp\/v2\/users\/4"}],"replies":[{"embeddable":true,"href":"https:\/\/www.jornalja.com.br\/arquivo\/wp-json\/wp\/v2\/comments?post=62123"}],"version-history":[{"count":0,"href":"https:\/\/www.jornalja.com.br\/arquivo\/wp-json\/wp\/v2\/posts\/62123\/revisions"}],"wp:attachment":[{"href":"https:\/\/www.jornalja.com.br\/arquivo\/wp-json\/wp\/v2\/media?parent=62123"}],"wp:term":[{"taxonomy":"category","embeddable":true,"href":"https:\/\/www.jornalja.com.br\/arquivo\/wp-json\/wp\/v2\/categories?post=62123"},{"taxonomy":"post_tag","embeddable":true,"href":"https:\/\/www.jornalja.com.br\/arquivo\/wp-json\/wp\/v2\/tags?post=62123"}],"curies":[{"name":"wp","href":"https:\/\/api.w.org\/{rel}","templated":true}]}}