{"id":62227,"date":"2018-05-14T09:54:55","date_gmt":"2018-05-14T12:54:55","guid":{"rendered":"https:\/\/www.jornalja.com.br\/?p=62227"},"modified":"2018-05-14T09:54:55","modified_gmt":"2018-05-14T12:54:55","slug":"zoobotanica-promove-atividades-no-dia-do-fascinio-pelas-plantas","status":"publish","type":"post","link":"https:\/\/www.jornalja.com.br\/arquivo\/zoobotanica-promove-atividades-no-dia-do-fascinio-pelas-plantas\/","title":{"rendered":"Zoobot\u00e2nica promove atividades no Dia do Fasc\u00ednio pelas Plantas"},"content":{"rendered":"<p>A\u00a0Funda\u00e7\u00e3o Zoobot\u00e2nica do Rio Grande do Sul (FZB) ir\u00e1 promover atividades relativas ao\u00a0Dia Internacional do Fasc\u00ednio pelas Plantas na sexta-feira, dia\u00a018 de maio. O evento ocorre simultaneamente em v\u00e1rios pa\u00edses, promovido pela <em>European Plant Science Organization<\/em> (EPSO), em parceria com organiza\u00e7\u00f5es internacionais.<br \/>\nSer\u00e3o realizadas oficinas e exposi\u00e7\u00f5es no Jardim Bot\u00e2nico de Porto Alegre e visitas guiadas ao Museu de Ci\u00eancias Naturais, a partir das 9 horas. Estar\u00e3o dispon\u00edveis cole\u00e7\u00f5es de mam\u00edferos, r\u00e9pteis, anf\u00edbios, peixes, p\u00e1ssaros, insetos, moluscos e da paleontologia. As visitas acontecem tamb\u00e9m as se\u00e7\u00f5es de Conserva\u00e7\u00e3o e Manejo e de Museologia e Educa\u00e7\u00e3o Ambiental, ao herb\u00e1rio de microalgas e ao banco de cultura de cianobact\u00e9rias.<br \/>\nA a\u00e7\u00e3o tem como objetivo mostrar para a sociedade em geral a import\u00e2ncia da conserva\u00e7\u00e3o de plantas atrav\u00e9s de sua integra\u00e7\u00e3o com os distintos elementos de ecossistemas. Tamb\u00e9m busca demonstrar elementos fundamentais no desenvolvimento sustent\u00e1vel atrav\u00e9s da produ\u00e7\u00e3o de alimentos e outras formas de usos, al\u00e9m de seu significado cultural.<br \/>\nAs atividades s\u00e3o gratuitas, mas ser\u00e1 cobrado ingresso dos participantes (R$6,00 para adultos e R$ 3,00 para estudantes). As <a href=\"http:\/\/www.jb.fzb.rs.gov.br\/conteudo\/9402\/?Venha_participar_das_atividades_do_Dia_Internacional_do_Fascinio_pelas_Plantas\">inscri\u00e7\u00f5es devem ser feitas aqui<\/a>.<br \/>\n<strong>Maiores informa\u00e7\u00f5es pelos telefone (51) 33202027 e 33202097. E-mail: jbea@fzb.rs.gov.br<\/strong><br \/>\n<span class=\"intertit\">Programa\u00e7\u00e3o:<\/span><br \/>\n<span class=\"intertit\">Exposi\u00e7\u00e3o: Plantas Fascinantes<\/span><br \/>\nHor\u00e1rio: das 10 \u00e0s 16 h<br \/>\nProponente: Se\u00e7\u00e3o de Cole\u00e7\u00f5es do Jardim Bot\u00e2nico\/FZB<br \/>\nLocal: Quiosque ao lado do Centro de Visitantes do Jardim Bot\u00e2nico\/FZB<br \/>\n<span class=\"intertit\">Oficina: Monte seu herb\u00e1rio<\/span><br \/>\nHor\u00e1rio: 9 h \u00e0s 9h40<br \/>\nProponente: Msc. Rosana Senna (Se\u00e7\u00e3o de Bot\u00e2nica do Museu de Ci\u00eancias Naturais\/FZB)<br \/>\nLocal: Museu de Ci\u00eancias Naturais\/FZB<br \/>\n<span class=\"intertit\">Palestra: Hist\u00f3ria Natural das Orqu\u00eddeas<\/span><br \/>\nHor\u00e1rio: 10 h<br \/>\nProponente: Dr. Rodrigo Singer (Departamento de Bot\u00e2nica\/UFRGS)<br \/>\nLocal: Centro de Visitantes do Jardim Bot\u00e2nico\/FZB<br \/>\n<span class=\"intertit\">Roteiro de visita\u00e7\u00e3o para observa\u00e7\u00e3o de abelhas nativas sem ferr\u00e3o e suas rela\u00e7\u00f5es com a vegeta\u00e7\u00e3o do Jardim Bot\u00e2nico<\/span><br \/>\nHor\u00e1rio: 10h30<br \/>\nProponente: Dra. Sidia Witter (Secret\u00e1ria de Agricultura) e Dra. Josy Matos (Se\u00e7\u00e3o de Conserva\u00e7\u00e3o e Manejo do Museu de Ci\u00eancias Naturais\/FZB)<br \/>\nLocal de sa\u00edda do grupo: Centro de Visitantes do Jardim Bot\u00e2nico\/FZB<br \/>\n<span class=\"intertit\">Visita Orientada ao Banco de Sementes do Jardim Bot\u00e2nico<\/span><br \/>\nHor\u00e1rio: 13 h 30<br \/>\nProponente: Dr. Leandro Dal Ri (Banco de Sementes do Jardim Bot\u00e2nico\/FZB)<br \/>\nLocal de sa\u00edda do grupo: Centro de Visitantes do Jardim Bot\u00e2nico\/FZB<br \/>\n<span class=\"intertit\">Palestra: Cactos do Rio Grande do Sul<\/span><br \/>\nHor\u00e1rio: 14h30<br \/>\nProponente: Msc. Ricardo Aranha Ramos (Se\u00e7\u00e3o de Geoprocessamento do Museu de Ci\u00eancias Naturais\/FZB)<br \/>\nLocal: Centro de Visitantes do Jardim Bot\u00e2nico\/FZB<br \/>\n<span class=\"intertit\">Visita Orientada ao Banco de Cultura de Cianobact\u00e9rias<\/span><br \/>\nHor\u00e1rio: 15 h<br \/>\nProponente: Dra. Vera Werner (Se\u00e7\u00e3o de Bot\u00e2nica do Museu de Ci\u00eancias Naturais\/FZB)<br \/>\nLocal:\u00a0Museu de Ci\u00eancias Naturais\/FZB<br \/>\n<span class=\"intertit\">Oficina de Mandalas com elementos de natureza vegetal<\/span><br \/>\nHor\u00e1rio: 15h30<br \/>\nProponente: Msc. Rosana Senna (Se\u00e7\u00e3o de Bot\u00e2nica do Museu de Ci\u00eancias Naturais\/FZB)<br \/>\nLocal: Centro de Visitantes do Jardim Bot\u00e2nico\/FZB<\/p>\n","protected":false},"excerpt":{"rendered":"<p>A\u00a0Funda\u00e7\u00e3o Zoobot\u00e2nica do Rio Grande do Sul (FZB) ir\u00e1 promover atividades relativas ao\u00a0Dia Internacional do Fasc\u00ednio pelas Plantas na sexta-feira, dia\u00a018 de maio. O evento ocorre simultaneamente em v\u00e1rios pa\u00edses, promovido pela European Plant Science Organization (EPSO), em parceria com organiza\u00e7\u00f5es internacionais. Ser\u00e3o realizadas oficinas e exposi\u00e7\u00f5es no Jardim Bot\u00e2nico de Porto Alegre e visitas [&hellip;]<\/p>\n","protected":false},"author":4,"featured_media":47800,"comment_status":"open","ping_status":"closed","sticky":false,"template":"","format":"standard","meta":{"_jetpack_newsletter_access":"","_jetpack_dont_email_post_to_subs":false,"_jetpack_newsletter_tier_id":0,"_jetpack_memberships_contains_paywalled_content":false,"_jetpack_feature_clip_id":0,"_jetpack_memberships_contains_paid_content":false,"footnotes":"","jetpack_post_was_ever_published":false},"categories":[2022],"tags":[],"class_list":["post-62227","post","type-post","status-publish","format-standard","has-post-thumbnail","hentry","category-notas"],"aioseo_notices":[],"aioseo_head":"\n\t\t<!-- All in One SEO 5.0.1.1 - aioseo.com -->\n\t<meta name=\"robots\" content=\"max-image-preview:large\" \/>\n\t<meta name=\"author\" content=\"da Reda\u00e7\u00e3o\"\/>\n\t<link rel=\"canonical\" href=\"https:\/\/www.jornalja.com.br\/arquivo\/zoobotanica-promove-atividades-no-dia-do-fascinio-pelas-plantas\/\" \/>\n\t<meta name=\"generator\" content=\"All in One SEO (AIOSEO) 5.0.1.1\" \/>\n\t\t<meta property=\"og:locale\" content=\"pt_BR\" \/>\n\t\t<meta property=\"og:site_name\" content=\"Arquivo | Jornal J\u00c1 | Porto Alegre\" \/>\n\t\t<meta property=\"og:type\" content=\"article\" \/>\n\t\t<meta property=\"og:title\" content=\"Zoobot\u00e2nica promove atividades no Dia do Fasc\u00ednio pelas Plantas | Arquivo\" \/>\n\t\t<meta property=\"og:url\" content=\"https:\/\/www.jornalja.com.br\/arquivo\/zoobotanica-promove-atividades-no-dia-do-fascinio-pelas-plantas\/\" \/>\n\t\t<meta property=\"og:image\" content=\"https:\/\/www.jornalja.com.br\/economics\/wp-content\/uploads\/sites\/11\/2026\/08\/ja-folhaderosto-facebook.jpg\" \/>\n\t\t<meta property=\"og:image:secure_url\" content=\"https:\/\/www.jornalja.com.br\/economics\/wp-content\/uploads\/sites\/11\/2026\/08\/ja-folhaderosto-facebook.jpg\" \/>\n\t\t<meta property=\"article:published_time\" content=\"2018-05-14T12:54:55+00:00\" \/>\n\t\t<meta property=\"article:modified_time\" content=\"2018-05-14T12:54:55+00:00\" \/>\n\t\t<meta name=\"twitter:card\" content=\"summary\" \/>\n\t\t<meta name=\"twitter:title\" content=\"Zoobot\u00e2nica promove atividades no Dia do Fasc\u00ednio pelas Plantas | Arquivo\" \/>\n\t\t<meta name=\"twitter:image\" content=\"https:\/\/www.jornalja.com.br\/economics\/wp-content\/uploads\/sites\/11\/2026\/08\/ja-folhaderosto-facebook.jpg\" \/>\n\t\t<script type=\"application\/ld+json\" class=\"aioseo-schema\">\n\t\t\t{\"@context\":\"https:\\\/\\\/schema.org\",\"@graph\":[{\"@type\":\"BlogPosting\",\"@id\":\"https:\\\/\\\/www.jornalja.com.br\\\/arquivo\\\/zoobotanica-promove-atividades-no-dia-do-fascinio-pelas-plantas\\\/#blogposting\",\"name\":\"Zoobot\\u00e2nica promove atividades no Dia do Fasc\\u00ednio pelas Plantas | Arquivo\",\"headline\":\"Zoobot\\u00e2nica promove atividades no Dia do Fasc\\u00ednio pelas Plantas\",\"author\":{\"@id\":\"https:\\\/\\\/www.jornalja.com.br\\\/arquivo\\\/author\\\/daredacao\\\/#author\"},\"publisher\":{\"@id\":\"https:\\\/\\\/www.jornalja.com.br\\\/arquivo\\\/#organization\"},\"image\":{\"@type\":\"ImageObject\",\"url\":47800},\"datePublished\":\"2018-05-14T09:54:55-03:00\",\"dateModified\":\"2018-05-14T09:54:55-03:00\",\"inLanguage\":\"pt-BR\",\"mainEntityOfPage\":{\"@id\":\"https:\\\/\\\/www.jornalja.com.br\\\/arquivo\\\/zoobotanica-promove-atividades-no-dia-do-fascinio-pelas-plantas\\\/#webpage\"},\"isPartOf\":{\"@id\":\"https:\\\/\\\/www.jornalja.com.br\\\/arquivo\\\/zoobotanica-promove-atividades-no-dia-do-fascinio-pelas-plantas\\\/#webpage\"},\"articleSection\":\"NOTAS\"},{\"@type\":\"BreadcrumbList\",\"@id\":\"https:\\\/\\\/www.jornalja.com.br\\\/arquivo\\\/zoobotanica-promove-atividades-no-dia-do-fascinio-pelas-plantas\\\/#breadcrumblist\",\"itemListElement\":[{\"@type\":\"ListItem\",\"@id\":\"https:\\\/\\\/www.jornalja.com.br\\\/arquivo#listItem\",\"position\":1,\"name\":\"Home\",\"item\":\"https:\\\/\\\/www.jornalja.com.br\\\/arquivo\",\"nextItem\":{\"@type\":\"ListItem\",\"@id\":\"https:\\\/\\\/www.jornalja.com.br\\\/arquivo\\\/category\\\/notas\\\/#listItem\",\"name\":\"NOTAS\"}},{\"@type\":\"ListItem\",\"@id\":\"https:\\\/\\\/www.jornalja.com.br\\\/arquivo\\\/category\\\/notas\\\/#listItem\",\"position\":2,\"name\":\"NOTAS\",\"item\":\"https:\\\/\\\/www.jornalja.com.br\\\/arquivo\\\/category\\\/notas\\\/\",\"nextItem\":{\"@type\":\"ListItem\",\"@id\":\"https:\\\/\\\/www.jornalja.com.br\\\/arquivo\\\/zoobotanica-promove-atividades-no-dia-do-fascinio-pelas-plantas\\\/#listItem\",\"name\":\"Zoobot\\u00e2nica promove atividades no Dia do Fasc\\u00ednio pelas Plantas\"},\"previousItem\":{\"@type\":\"ListItem\",\"@id\":\"https:\\\/\\\/www.jornalja.com.br\\\/arquivo#listItem\",\"name\":\"Home\"}},{\"@type\":\"ListItem\",\"@id\":\"https:\\\/\\\/www.jornalja.com.br\\\/arquivo\\\/zoobotanica-promove-atividades-no-dia-do-fascinio-pelas-plantas\\\/#listItem\",\"position\":3,\"name\":\"Zoobot\\u00e2nica promove atividades no Dia do Fasc\\u00ednio pelas Plantas\",\"previousItem\":{\"@type\":\"ListItem\",\"@id\":\"https:\\\/\\\/www.jornalja.com.br\\\/arquivo\\\/category\\\/notas\\\/#listItem\",\"name\":\"NOTAS\"}}]},{\"@type\":\"Organization\",\"@id\":\"https:\\\/\\\/www.jornalja.com.br\\\/arquivo\\\/#organization\",\"name\":\"Jornal J\\u00c1\",\"description\":\"Jornal J\\u00c1 | Porto Alegre\",\"url\":\"https:\\\/\\\/www.jornalja.com.br\\\/arquivo\\\/\",\"telephone\":\"+555133307272\",\"logo\":{\"@type\":\"ImageObject\",\"url\":\"https:\\\/\\\/www.jornalja.com.br\\\/wp-content\\\/uploads\\\/cards\\\/JAslogan.png\",\"@id\":\"https:\\\/\\\/www.jornalja.com.br\\\/arquivo\\\/zoobotanica-promove-atividades-no-dia-do-fascinio-pelas-plantas\\\/#organizationLogo\"},\"image\":{\"@id\":\"https:\\\/\\\/www.jornalja.com.br\\\/arquivo\\\/zoobotanica-promove-atividades-no-dia-do-fascinio-pelas-plantas\\\/#organizationLogo\"}},{\"@type\":\"Person\",\"@id\":\"https:\\\/\\\/www.jornalja.com.br\\\/arquivo\\\/author\\\/daredacao\\\/#author\",\"url\":\"https:\\\/\\\/www.jornalja.com.br\\\/arquivo\\\/author\\\/daredacao\\\/\",\"name\":\"da Reda\\u00e7\\u00e3o\",\"image\":{\"@type\":\"ImageObject\",\"@id\":\"https:\\\/\\\/www.jornalja.com.br\\\/arquivo\\\/zoobotanica-promove-atividades-no-dia-do-fascinio-pelas-plantas\\\/#authorImage\",\"url\":\"https:\\\/\\\/secure.gravatar.com\\\/avatar\\\/469fd857d6605ad19919d27ed29d35a968a25f6e8fd9318356bbb7f57aae9c65?s=96&d=mm&r=g\",\"width\":96,\"height\":96,\"caption\":\"da Reda\\u00e7\\u00e3o\"}},{\"@type\":\"WebPage\",\"@id\":\"https:\\\/\\\/www.jornalja.com.br\\\/arquivo\\\/zoobotanica-promove-atividades-no-dia-do-fascinio-pelas-plantas\\\/#webpage\",\"url\":\"https:\\\/\\\/www.jornalja.com.br\\\/arquivo\\\/zoobotanica-promove-atividades-no-dia-do-fascinio-pelas-plantas\\\/\",\"name\":\"Zoobot\\u00e2nica promove atividades no Dia do Fasc\\u00ednio pelas Plantas | Arquivo\",\"inLanguage\":\"pt-BR\",\"isPartOf\":{\"@id\":\"https:\\\/\\\/www.jornalja.com.br\\\/arquivo\\\/#website\"},\"breadcrumb\":{\"@id\":\"https:\\\/\\\/www.jornalja.com.br\\\/arquivo\\\/zoobotanica-promove-atividades-no-dia-do-fascinio-pelas-plantas\\\/#breadcrumblist\"},\"author\":{\"@id\":\"https:\\\/\\\/www.jornalja.com.br\\\/arquivo\\\/author\\\/daredacao\\\/#author\"},\"creator\":{\"@id\":\"https:\\\/\\\/www.jornalja.com.br\\\/arquivo\\\/author\\\/daredacao\\\/#author\"},\"image\":{\"@type\":\"ImageObject\",\"url\":47800,\"@id\":\"https:\\\/\\\/www.jornalja.com.br\\\/arquivo\\\/zoobotanica-promove-atividades-no-dia-do-fascinio-pelas-plantas\\\/#mainImage\"},\"primaryImageOfPage\":{\"@id\":\"https:\\\/\\\/www.jornalja.com.br\\\/arquivo\\\/zoobotanica-promove-atividades-no-dia-do-fascinio-pelas-plantas\\\/#mainImage\"},\"datePublished\":\"2018-05-14T09:54:55-03:00\",\"dateModified\":\"2018-05-14T09:54:55-03:00\"},{\"@type\":\"WebSite\",\"@id\":\"https:\\\/\\\/www.jornalja.com.br\\\/arquivo\\\/#website\",\"url\":\"https:\\\/\\\/www.jornalja.com.br\\\/arquivo\\\/\",\"name\":\"Arquivo\",\"description\":\"Jornal J\\u00c1 | Porto Alegre\",\"inLanguage\":\"pt-BR\",\"publisher\":{\"@id\":\"https:\\\/\\\/www.jornalja.com.br\\\/arquivo\\\/#organization\"}}]}\n\t\t<\/script>\n\t\t<!-- All in One SEO -->\n\n","aioseo_head_json":{"title":"Zoobot\u00e2nica promove atividades no Dia do Fasc\u00ednio pelas Plantas | Arquivo","description":"","canonical_url":"https:\/\/www.jornalja.com.br\/arquivo\/zoobotanica-promove-atividades-no-dia-do-fascinio-pelas-plantas\/","robots":"max-image-preview:large","keywords":"","webmasterTools":{"miscellaneous":""},"schema":{"@context":"https:\/\/schema.org","@graph":[{"@type":"BlogPosting","@id":"https:\/\/www.jornalja.com.br\/arquivo\/zoobotanica-promove-atividades-no-dia-do-fascinio-pelas-plantas\/#blogposting","name":"Zoobot\u00e2nica promove atividades no Dia do Fasc\u00ednio pelas Plantas | Arquivo","headline":"Zoobot\u00e2nica promove atividades no Dia do Fasc\u00ednio pelas Plantas","author":{"@id":"https:\/\/www.jornalja.com.br\/arquivo\/author\/daredacao\/#author"},"publisher":{"@id":"https:\/\/www.jornalja.com.br\/arquivo\/#organization"},"image":{"@type":"ImageObject","url":47800},"datePublished":"2018-05-14T09:54:55-03:00","dateModified":"2018-05-14T09:54:55-03:00","inLanguage":"pt-BR","mainEntityOfPage":{"@id":"https:\/\/www.jornalja.com.br\/arquivo\/zoobotanica-promove-atividades-no-dia-do-fascinio-pelas-plantas\/#webpage"},"isPartOf":{"@id":"https:\/\/www.jornalja.com.br\/arquivo\/zoobotanica-promove-atividades-no-dia-do-fascinio-pelas-plantas\/#webpage"},"articleSection":"NOTAS"},{"@type":"BreadcrumbList","@id":"https:\/\/www.jornalja.com.br\/arquivo\/zoobotanica-promove-atividades-no-dia-do-fascinio-pelas-plantas\/#breadcrumblist","itemListElement":[{"@type":"ListItem","@id":"https:\/\/www.jornalja.com.br\/arquivo#listItem","position":1,"name":"Home","item":"https:\/\/www.jornalja.com.br\/arquivo","nextItem":{"@type":"ListItem","@id":"https:\/\/www.jornalja.com.br\/arquivo\/category\/notas\/#listItem","name":"NOTAS"}},{"@type":"ListItem","@id":"https:\/\/www.jornalja.com.br\/arquivo\/category\/notas\/#listItem","position":2,"name":"NOTAS","item":"https:\/\/www.jornalja.com.br\/arquivo\/category\/notas\/","nextItem":{"@type":"ListItem","@id":"https:\/\/www.jornalja.com.br\/arquivo\/zoobotanica-promove-atividades-no-dia-do-fascinio-pelas-plantas\/#listItem","name":"Zoobot\u00e2nica promove atividades no Dia do Fasc\u00ednio pelas Plantas"},"previousItem":{"@type":"ListItem","@id":"https:\/\/www.jornalja.com.br\/arquivo#listItem","name":"Home"}},{"@type":"ListItem","@id":"https:\/\/www.jornalja.com.br\/arquivo\/zoobotanica-promove-atividades-no-dia-do-fascinio-pelas-plantas\/#listItem","position":3,"name":"Zoobot\u00e2nica promove atividades no Dia do Fasc\u00ednio pelas Plantas","previousItem":{"@type":"ListItem","@id":"https:\/\/www.jornalja.com.br\/arquivo\/category\/notas\/#listItem","name":"NOTAS"}}]},{"@type":"Organization","@id":"https:\/\/www.jornalja.com.br\/arquivo\/#organization","name":"Jornal J\u00c1","description":"Jornal J\u00c1 | Porto Alegre","url":"https:\/\/www.jornalja.com.br\/arquivo\/","telephone":"+555133307272","logo":{"@type":"ImageObject","url":"https:\/\/www.jornalja.com.br\/wp-content\/uploads\/cards\/JAslogan.png","@id":"https:\/\/www.jornalja.com.br\/arquivo\/zoobotanica-promove-atividades-no-dia-do-fascinio-pelas-plantas\/#organizationLogo"},"image":{"@id":"https:\/\/www.jornalja.com.br\/arquivo\/zoobotanica-promove-atividades-no-dia-do-fascinio-pelas-plantas\/#organizationLogo"}},{"@type":"Person","@id":"https:\/\/www.jornalja.com.br\/arquivo\/author\/daredacao\/#author","url":"https:\/\/www.jornalja.com.br\/arquivo\/author\/daredacao\/","name":"da Reda\u00e7\u00e3o","image":{"@type":"ImageObject","@id":"https:\/\/www.jornalja.com.br\/arquivo\/zoobotanica-promove-atividades-no-dia-do-fascinio-pelas-plantas\/#authorImage","url":"https:\/\/secure.gravatar.com\/avatar\/469fd857d6605ad19919d27ed29d35a968a25f6e8fd9318356bbb7f57aae9c65?s=96&d=mm&r=g","width":96,"height":96,"caption":"da Reda\u00e7\u00e3o"}},{"@type":"WebPage","@id":"https:\/\/www.jornalja.com.br\/arquivo\/zoobotanica-promove-atividades-no-dia-do-fascinio-pelas-plantas\/#webpage","url":"https:\/\/www.jornalja.com.br\/arquivo\/zoobotanica-promove-atividades-no-dia-do-fascinio-pelas-plantas\/","name":"Zoobot\u00e2nica promove atividades no Dia do Fasc\u00ednio pelas Plantas | Arquivo","inLanguage":"pt-BR","isPartOf":{"@id":"https:\/\/www.jornalja.com.br\/arquivo\/#website"},"breadcrumb":{"@id":"https:\/\/www.jornalja.com.br\/arquivo\/zoobotanica-promove-atividades-no-dia-do-fascinio-pelas-plantas\/#breadcrumblist"},"author":{"@id":"https:\/\/www.jornalja.com.br\/arquivo\/author\/daredacao\/#author"},"creator":{"@id":"https:\/\/www.jornalja.com.br\/arquivo\/author\/daredacao\/#author"},"image":{"@type":"ImageObject","url":47800,"@id":"https:\/\/www.jornalja.com.br\/arquivo\/zoobotanica-promove-atividades-no-dia-do-fascinio-pelas-plantas\/#mainImage"},"primaryImageOfPage":{"@id":"https:\/\/www.jornalja.com.br\/arquivo\/zoobotanica-promove-atividades-no-dia-do-fascinio-pelas-plantas\/#mainImage"},"datePublished":"2018-05-14T09:54:55-03:00","dateModified":"2018-05-14T09:54:55-03:00"},{"@type":"WebSite","@id":"https:\/\/www.jornalja.com.br\/arquivo\/#website","url":"https:\/\/www.jornalja.com.br\/arquivo\/","name":"Arquivo","description":"Jornal J\u00c1 | Porto Alegre","inLanguage":"pt-BR","publisher":{"@id":"https:\/\/www.jornalja.com.br\/arquivo\/#organization"}}]},"og:locale":"pt_BR","og:site_name":"Arquivo | Jornal J\u00c1 | Porto Alegre","og:type":"article","og:title":"Zoobot\u00e2nica promove atividades no Dia do Fasc\u00ednio pelas Plantas | Arquivo","og:url":"https:\/\/www.jornalja.com.br\/arquivo\/zoobotanica-promove-atividades-no-dia-do-fascinio-pelas-plantas\/","og:image":"https:\/\/www.jornalja.com.br\/economics\/wp-content\/uploads\/sites\/11\/2026\/08\/ja-folhaderosto-facebook.jpg","og:image:secure_url":"https:\/\/www.jornalja.com.br\/economics\/wp-content\/uploads\/sites\/11\/2026\/08\/ja-folhaderosto-facebook.jpg","article:published_time":"2018-05-14T12:54:55+00:00","article:modified_time":"2018-05-14T12:54:55+00:00","twitter:card":"summary","twitter:title":"Zoobot\u00e2nica promove atividades no Dia do Fasc\u00ednio pelas Plantas | Arquivo","twitter:image":"https:\/\/www.jornalja.com.br\/economics\/wp-content\/uploads\/sites\/11\/2026\/08\/ja-folhaderosto-facebook.jpg"},"aioseo_meta_data":{"post_id":"62227","title":null,"description":null,"keywords":null,"keyphrases":null,"primary_term":null,"canonical_url":null,"og_title":null,"og_description":null,"og_object_type":"default","og_image_type":"default","og_image_url":null,"og_image_width":null,"og_image_height":null,"og_image_custom_url":null,"og_image_custom_fields":null,"og_video":null,"og_custom_url":null,"og_article_section":null,"og_article_tags":null,"twitter_use_og":false,"twitter_card":"default","twitter_image_type":"default","twitter_image_url":null,"twitter_image_custom_url":null,"twitter_image_custom_fields":null,"twitter_title":null,"twitter_description":null,"schema":{"blockGraphs":[],"customGraphs":[],"default":{"data":{"Article":[],"Course":[],"Dataset":[],"FAQPage":[],"Movie":[],"Person":[],"Product":[],"ProductReview":[],"Car":[],"Recipe":[],"Service":[],"SoftwareApplication":[],"WebPage":[]},"graphName":"","isEnabled":true},"graphs":[],"defaultGraph":"","defaultPostTypeGraph":""},"schema_type":null,"schema_type_options":null,"pillar_content":false,"robots_default":true,"robots_noindex":false,"robots_noarchive":false,"robots_nosnippet":false,"robots_nofollow":false,"robots_noimageindex":false,"robots_noodp":false,"robots_notranslate":false,"robots_max_snippet":null,"robots_max_videopreview":null,"robots_max_imagepreview":"large","priority":null,"frequency":null,"location":null,"local_seo":null,"breadcrumb_settings":null,"limit_modified_date":false,"ai":null,"created":"2020-12-20 20:14:48","updated":"2025-07-20 04:25:15","seo_analyzer_scan_date":null,"focus_keyword":null,"additional_keywords":null,"truseo_locale":null},"jetpack_sharing_enabled":true,"jetpack-related-posts":[{"id":13240,"url":"https:\/\/www.jornalja.com.br\/arquivo\/plano-diretor-estamos-construindo-o-caos\/","url_meta":{"origin":62227,"position":0},"title":"Plano diretor: &quot;Estamos construindo o caos&quot;","author":"Patr\u00edcia Marini","date":"26 de maio de 2014","format":false,"excerpt":"Desabafo que arquiteta Eliana Castilhos, delegada da Regi\u00e3o de Planejamento 1, postou nas redes sociais \u00e9 um testemunho do ambiente que se criou no Conselho do Plano Diretor de Porto Alegre, onde a aprova\u00e7\u00e3o de grandes empreendimentos \u00e9 empurrada guela abaixo dos conselheiros. Ao CMDUA Como delegada da Regi\u00e3o de\u2026","rel":"","context":"Em &quot;Geral&quot;","block_context":{"text":"Geral","link":"https:\/\/www.jornalja.com.br\/arquivo\/category\/geral\/"},"img":{"alt_text":"","src":"","width":0,"height":0},"classes":[]},{"id":13124,"url":"https:\/\/www.jornalja.com.br\/arquivo\/sangue-latino-no-iecine\/","url_meta":{"origin":62227,"position":1},"title":"Sangue latino no IECINE","author":"da Reda\u00e7\u00e3o","date":"18 de maio de 2014","format":false,"excerpt":"Francisco Ribeiro O Instituto Estadual de Cinema (IECINE) tem a frente, desde abril \u00faltimo, um novo diretor, o cineasta colombiano Juan Zapata, 36, que substitui Luiz Alberto Cassol. Radicado h\u00e1 dez anos em Porto Alegre, Zapata tem diante de si o desafio de conduzir at\u00e9 o final do ano um\u2026","rel":"","context":"Em &quot;Cultura-Geral&quot;","block_context":{"text":"Cultura-Geral","link":"https:\/\/www.jornalja.com.br\/arquivo\/category\/materiasecundaria\/"},"img":{"alt_text":"","src":"","width":0,"height":0},"classes":[]},{"id":14241,"url":"https:\/\/www.jornalja.com.br\/arquivo\/o-guaiba-nas-imagens-poeticas-de-achutti\/","url_meta":{"origin":62227,"position":2},"title":"O Gua\u00edba nas imagens po\u00e9ticas de Achutti","author":"da Reda\u00e7\u00e3o","date":"18 de junho de 2014","format":false,"excerpt":"Em \u201cO Gua\u00edba por Achutti\u201d \u2013 obra financiada via Minist\u00e9rio da Cultura, produ\u00e7\u00e3o executiva de Pedro Longhi, e Fl\u00e1vio Wild como designer \u2013, o fot\u00f3grafo revela a beleza e as mazelas de um espa\u00e7o aqu\u00e1tico de \u00e1guas sempre renovadas, cheio de hist\u00f3rias e lendas como as das cidades que foram\u2026","rel":"","context":"Em &quot;Cultura-Geral&quot;","block_context":{"text":"Cultura-Geral","link":"https:\/\/www.jornalja.com.br\/arquivo\/category\/materiasecundaria\/"},"img":{"alt_text":"","src":"","width":0,"height":0},"classes":[]},{"id":13101,"url":"https:\/\/www.jornalja.com.br\/arquivo\/morre-um-guerreiro-do-texto\/","url_meta":{"origin":62227,"position":3},"title":"Morre um guerreiro do texto","author":"Patr\u00edcia Marini","date":"14 de maio de 2014","format":false,"excerpt":"Por Ricardo Kotscho Reproduzido do blog do autor, 11\/5\/2014; t\u00edtulo original \u201cE l\u00e1 se foi o nosso Myltainho, guerreiro do texto\u201d. Mi\u00fado e franzino, meu amigo Myltainho era um valente e inconformado guerreiro na luta contra as injusti\u00e7as sociais, a hipocrisia, as maracutaias, o autoritarismo, a intoler\u00e2ncia, a viol\u00eancia, o\u2026","rel":"","context":"Em &quot;Geral&quot;","block_context":{"text":"Geral","link":"https:\/\/www.jornalja.com.br\/arquivo\/category\/geral\/"},"img":{"alt_text":"","src":"","width":0,"height":0},"classes":[]}],"jetpack_shortlink":"https:\/\/wp.me\/pbQjBd-gbF","jetpack_featured_media_url":"","_links":{"self":[{"href":"https:\/\/www.jornalja.com.br\/arquivo\/wp-json\/wp\/v2\/posts\/62227","targetHints":{"allow":["GET"]}}],"collection":[{"href":"https:\/\/www.jornalja.com.br\/arquivo\/wp-json\/wp\/v2\/posts"}],"about":[{"href":"https:\/\/www.jornalja.com.br\/arquivo\/wp-json\/wp\/v2\/types\/post"}],"author":[{"embeddable":true,"href":"https:\/\/www.jornalja.com.br\/arquivo\/wp-json\/wp\/v2\/users\/4"}],"replies":[{"embeddable":true,"href":"https:\/\/www.jornalja.com.br\/arquivo\/wp-json\/wp\/v2\/comments?post=62227"}],"version-history":[{"count":0,"href":"https:\/\/www.jornalja.com.br\/arquivo\/wp-json\/wp\/v2\/posts\/62227\/revisions"}],"wp:attachment":[{"href":"https:\/\/www.jornalja.com.br\/arquivo\/wp-json\/wp\/v2\/media?parent=62227"}],"wp:term":[{"taxonomy":"category","embeddable":true,"href":"https:\/\/www.jornalja.com.br\/arquivo\/wp-json\/wp\/v2\/categories?post=62227"},{"taxonomy":"post_tag","embeddable":true,"href":"https:\/\/www.jornalja.com.br\/arquivo\/wp-json\/wp\/v2\/tags?post=62227"}],"curies":[{"name":"wp","href":"https:\/\/api.w.org\/{rel}","templated":true}]}}