{"id":62392,"date":"2018-05-18T15:12:48","date_gmt":"2018-05-18T18:12:48","guid":{"rendered":"https:\/\/www.jornalja.com.br\/?p=62392"},"modified":"2018-05-18T15:12:48","modified_gmt":"2018-05-18T18:12:48","slug":"cartorios-do-rs-ja-podem-alterar-nome-e-sexo-de-transgeneros-na-certidao-de-nascimento","status":"publish","type":"post","link":"https:\/\/www.jornalja.com.br\/arquivo\/cartorios-do-rs-ja-podem-alterar-nome-e-sexo-de-transgeneros-na-certidao-de-nascimento\/","title":{"rendered":"Cart\u00f3rios do RS j\u00e1 podem alterar nome e sexo de transg\u00eaneros na certid\u00e3o de nascimento"},"content":{"rendered":"<p>A partir desta sexta-feira, os Cart\u00f3rios de Registro Civil do Estado do Rio Grande do Sul j\u00e1 est\u00e3o autorizados a realizar a altera\u00e7\u00e3o de nome e sexo no registro de nascimento de transg\u00eaneros e transexuais. Publicado na quinta-feira (16.05), o Provimento n\u00ba 21\/2018 da Corregedoria Geral da Justi\u00e7a do RS padroniza os procedimentos em unidades do Estado, dando efetividade \u00e0 decis\u00e3o do Supremo Tribunal Federal (STF).<br \/>\nA publica\u00e7\u00e3o da norma padroniza o atendimento em Cart\u00f3rios de todo o Estado, uma vez que at\u00e9 ent\u00e3o, em raz\u00e3o da aus\u00eancia de ato normativo sobre os procedimentos a serem adotados pelas unidades, cabia a cada titular realizar ou n\u00e3o o procedimento, assim como a indica\u00e7\u00e3o dos documentos a serem solicitados ao cidad\u00e3o.<br \/>\nCom a publica\u00e7\u00e3o, o Rio Grande do Sul passa a ser o segundo estado da Federa\u00e7\u00e3o a normatizar a atua\u00e7\u00e3o dos cart\u00f3rios diante da decis\u00e3o do STF, de mar\u00e7o deste ano, e a permitir a altera\u00e7\u00e3o independentemente de autoriza\u00e7\u00e3o judicial. A primeira altera\u00e7\u00e3o de sexo e nome diretamente em cart\u00f3rio no Estado foi realizada em Porto Alegre, no \u00faltimo dia 5 de maio.<br \/>\n<span class=\"intertit\">Como deve ser feito<\/span><br \/>\nPara realizar a altera\u00e7\u00e3o direto em Cart\u00f3rio \u00e9 preciso ser maior de 18 anos, ou menor emancipado. O(a) interessado(a) deve dirigir-se a qualquer um dos Cart\u00f3rios de Registro Civil do Estado, portando os seguintes documentos: certid\u00e3o de nascimento original atualizada, c\u00f3pia da carteira de identidade ou documento equivalente, c\u00f3pia do CPF, c\u00f3pia do t\u00edtulo de eleitor ou certid\u00e3o de quita\u00e7\u00e3o eleitoral e, se possuir, c\u00f3pia da carteira de identidade social, CPF social, e t\u00edtulo de eleitor com nome social. Caso o interessado(a) possua a carteira de identidade social, o prenome a ser adotado dever\u00e1 ser o mesmo.<br \/>\nFeita a altera\u00e7\u00e3o na certid\u00e3o de nascimento, o cidad\u00e3o dever\u00e1 providenciar a mudan\u00e7a do nome e g\u00eanero nos demais documentos junto aos respectivos \u00f3rg\u00e3os emissores. Al\u00e9m do requerimento que dever\u00e1 ser preenchido no ato da solicita\u00e7\u00e3o, o Cart\u00f3rio poder\u00e1 solicitar outros documentos que comprovem a condi\u00e7\u00e3o de transg\u00eanero. Uma nova altera\u00e7\u00e3o do nome e\/ou sexo somente ser\u00e1 poss\u00edvel via judicial.<\/p>\n","protected":false},"excerpt":{"rendered":"<p>A partir desta sexta-feira, os Cart\u00f3rios de Registro Civil do Estado do Rio Grande do Sul j\u00e1 est\u00e3o autorizados a realizar a altera\u00e7\u00e3o de nome e sexo no registro de nascimento de transg\u00eaneros e transexuais. Publicado na quinta-feira (16.05), o Provimento n\u00ba 21\/2018 da Corregedoria Geral da Justi\u00e7a do RS padroniza os procedimentos em unidades [&hellip;]<\/p>\n","protected":false},"author":4,"featured_media":0,"comment_status":"open","ping_status":"closed","sticky":false,"template":"","format":"standard","meta":{"_jetpack_newsletter_access":"","_jetpack_dont_email_post_to_subs":false,"_jetpack_newsletter_tier_id":0,"_jetpack_memberships_contains_paywalled_content":false,"_jetpack_feature_clip_id":0,"_jetpack_memberships_contains_paid_content":false,"footnotes":"","jetpack_post_was_ever_published":false},"categories":[2022],"tags":[],"class_list":["post-62392","post","type-post","status-publish","format-standard","hentry","category-notas"],"aioseo_notices":[],"aioseo_head":"\n\t\t<!-- All in One SEO 5.0.1.1 - aioseo.com -->\n\t<meta name=\"robots\" content=\"max-image-preview:large\" \/>\n\t<meta name=\"author\" content=\"da Reda\u00e7\u00e3o\"\/>\n\t<link rel=\"canonical\" href=\"https:\/\/www.jornalja.com.br\/arquivo\/cartorios-do-rs-ja-podem-alterar-nome-e-sexo-de-transgeneros-na-certidao-de-nascimento\/\" \/>\n\t<meta name=\"generator\" content=\"All in One SEO (AIOSEO) 5.0.1.1\" \/>\n\t\t<meta property=\"og:locale\" content=\"pt_BR\" \/>\n\t\t<meta property=\"og:site_name\" content=\"Arquivo | Jornal J\u00c1 | Porto Alegre\" \/>\n\t\t<meta property=\"og:type\" content=\"article\" \/>\n\t\t<meta property=\"og:title\" content=\"Cart\u00f3rios do RS j\u00e1 podem alterar nome e sexo de transg\u00eaneros na certid\u00e3o de nascimento | Arquivo\" \/>\n\t\t<meta property=\"og:url\" content=\"https:\/\/www.jornalja.com.br\/arquivo\/cartorios-do-rs-ja-podem-alterar-nome-e-sexo-de-transgeneros-na-certidao-de-nascimento\/\" \/>\n\t\t<meta property=\"og:image\" content=\"https:\/\/www.jornalja.com.br\/economics\/wp-content\/uploads\/sites\/11\/2026\/08\/ja-folhaderosto-facebook.jpg\" \/>\n\t\t<meta property=\"og:image:secure_url\" content=\"https:\/\/www.jornalja.com.br\/economics\/wp-content\/uploads\/sites\/11\/2026\/08\/ja-folhaderosto-facebook.jpg\" \/>\n\t\t<meta property=\"article:published_time\" content=\"2018-05-18T18:12:48+00:00\" \/>\n\t\t<meta property=\"article:modified_time\" content=\"2018-05-18T18:12:48+00:00\" \/>\n\t\t<meta name=\"twitter:card\" content=\"summary\" \/>\n\t\t<meta name=\"twitter:title\" content=\"Cart\u00f3rios do RS j\u00e1 podem alterar nome e sexo de transg\u00eaneros na certid\u00e3o de nascimento | Arquivo\" \/>\n\t\t<meta name=\"twitter:image\" content=\"https:\/\/www.jornalja.com.br\/economics\/wp-content\/uploads\/sites\/11\/2026\/08\/ja-folhaderosto-facebook.jpg\" \/>\n\t\t<script type=\"application\/ld+json\" class=\"aioseo-schema\">\n\t\t\t{\"@context\":\"https:\\\/\\\/schema.org\",\"@graph\":[{\"@type\":\"BlogPosting\",\"@id\":\"https:\\\/\\\/www.jornalja.com.br\\\/arquivo\\\/cartorios-do-rs-ja-podem-alterar-nome-e-sexo-de-transgeneros-na-certidao-de-nascimento\\\/#blogposting\",\"name\":\"Cart\\u00f3rios do RS j\\u00e1 podem alterar nome e sexo de transg\\u00eaneros na certid\\u00e3o de nascimento | Arquivo\",\"headline\":\"Cart\\u00f3rios do RS j\\u00e1 podem alterar nome e sexo de transg\\u00eaneros na certid\\u00e3o de nascimento\",\"author\":{\"@id\":\"https:\\\/\\\/www.jornalja.com.br\\\/arquivo\\\/author\\\/daredacao\\\/#author\"},\"publisher\":{\"@id\":\"https:\\\/\\\/www.jornalja.com.br\\\/arquivo\\\/#organization\"},\"image\":{\"@type\":\"ImageObject\",\"url\":\"https:\\\/\\\/www.jornalja.com.br\\\/wp-content\\\/uploads\\\/cards\\\/JAslogan.png\",\"@id\":\"https:\\\/\\\/www.jornalja.com.br\\\/arquivo\\\/#articleImage\"},\"datePublished\":\"2018-05-18T15:12:48-03:00\",\"dateModified\":\"2018-05-18T15:12:48-03:00\",\"inLanguage\":\"pt-BR\",\"mainEntityOfPage\":{\"@id\":\"https:\\\/\\\/www.jornalja.com.br\\\/arquivo\\\/cartorios-do-rs-ja-podem-alterar-nome-e-sexo-de-transgeneros-na-certidao-de-nascimento\\\/#webpage\"},\"isPartOf\":{\"@id\":\"https:\\\/\\\/www.jornalja.com.br\\\/arquivo\\\/cartorios-do-rs-ja-podem-alterar-nome-e-sexo-de-transgeneros-na-certidao-de-nascimento\\\/#webpage\"},\"articleSection\":\"NOTAS\"},{\"@type\":\"BreadcrumbList\",\"@id\":\"https:\\\/\\\/www.jornalja.com.br\\\/arquivo\\\/cartorios-do-rs-ja-podem-alterar-nome-e-sexo-de-transgeneros-na-certidao-de-nascimento\\\/#breadcrumblist\",\"itemListElement\":[{\"@type\":\"ListItem\",\"@id\":\"https:\\\/\\\/www.jornalja.com.br\\\/arquivo#listItem\",\"position\":1,\"name\":\"Home\",\"item\":\"https:\\\/\\\/www.jornalja.com.br\\\/arquivo\",\"nextItem\":{\"@type\":\"ListItem\",\"@id\":\"https:\\\/\\\/www.jornalja.com.br\\\/arquivo\\\/category\\\/notas\\\/#listItem\",\"name\":\"NOTAS\"}},{\"@type\":\"ListItem\",\"@id\":\"https:\\\/\\\/www.jornalja.com.br\\\/arquivo\\\/category\\\/notas\\\/#listItem\",\"position\":2,\"name\":\"NOTAS\",\"item\":\"https:\\\/\\\/www.jornalja.com.br\\\/arquivo\\\/category\\\/notas\\\/\",\"nextItem\":{\"@type\":\"ListItem\",\"@id\":\"https:\\\/\\\/www.jornalja.com.br\\\/arquivo\\\/cartorios-do-rs-ja-podem-alterar-nome-e-sexo-de-transgeneros-na-certidao-de-nascimento\\\/#listItem\",\"name\":\"Cart\\u00f3rios do RS j\\u00e1 podem alterar nome e sexo de transg\\u00eaneros na certid\\u00e3o de nascimento\"},\"previousItem\":{\"@type\":\"ListItem\",\"@id\":\"https:\\\/\\\/www.jornalja.com.br\\\/arquivo#listItem\",\"name\":\"Home\"}},{\"@type\":\"ListItem\",\"@id\":\"https:\\\/\\\/www.jornalja.com.br\\\/arquivo\\\/cartorios-do-rs-ja-podem-alterar-nome-e-sexo-de-transgeneros-na-certidao-de-nascimento\\\/#listItem\",\"position\":3,\"name\":\"Cart\\u00f3rios do RS j\\u00e1 podem alterar nome e sexo de transg\\u00eaneros na certid\\u00e3o de nascimento\",\"previousItem\":{\"@type\":\"ListItem\",\"@id\":\"https:\\\/\\\/www.jornalja.com.br\\\/arquivo\\\/category\\\/notas\\\/#listItem\",\"name\":\"NOTAS\"}}]},{\"@type\":\"Organization\",\"@id\":\"https:\\\/\\\/www.jornalja.com.br\\\/arquivo\\\/#organization\",\"name\":\"Jornal J\\u00c1\",\"description\":\"Jornal J\\u00c1 | Porto Alegre\",\"url\":\"https:\\\/\\\/www.jornalja.com.br\\\/arquivo\\\/\",\"telephone\":\"+555133307272\",\"logo\":{\"@type\":\"ImageObject\",\"url\":\"https:\\\/\\\/www.jornalja.com.br\\\/wp-content\\\/uploads\\\/cards\\\/JAslogan.png\",\"@id\":\"https:\\\/\\\/www.jornalja.com.br\\\/arquivo\\\/cartorios-do-rs-ja-podem-alterar-nome-e-sexo-de-transgeneros-na-certidao-de-nascimento\\\/#organizationLogo\"},\"image\":{\"@id\":\"https:\\\/\\\/www.jornalja.com.br\\\/arquivo\\\/cartorios-do-rs-ja-podem-alterar-nome-e-sexo-de-transgeneros-na-certidao-de-nascimento\\\/#organizationLogo\"}},{\"@type\":\"Person\",\"@id\":\"https:\\\/\\\/www.jornalja.com.br\\\/arquivo\\\/author\\\/daredacao\\\/#author\",\"url\":\"https:\\\/\\\/www.jornalja.com.br\\\/arquivo\\\/author\\\/daredacao\\\/\",\"name\":\"da Reda\\u00e7\\u00e3o\",\"image\":{\"@type\":\"ImageObject\",\"@id\":\"https:\\\/\\\/www.jornalja.com.br\\\/arquivo\\\/cartorios-do-rs-ja-podem-alterar-nome-e-sexo-de-transgeneros-na-certidao-de-nascimento\\\/#authorImage\",\"url\":\"https:\\\/\\\/secure.gravatar.com\\\/avatar\\\/469fd857d6605ad19919d27ed29d35a968a25f6e8fd9318356bbb7f57aae9c65?s=96&d=mm&r=g\",\"width\":96,\"height\":96,\"caption\":\"da Reda\\u00e7\\u00e3o\"}},{\"@type\":\"WebPage\",\"@id\":\"https:\\\/\\\/www.jornalja.com.br\\\/arquivo\\\/cartorios-do-rs-ja-podem-alterar-nome-e-sexo-de-transgeneros-na-certidao-de-nascimento\\\/#webpage\",\"url\":\"https:\\\/\\\/www.jornalja.com.br\\\/arquivo\\\/cartorios-do-rs-ja-podem-alterar-nome-e-sexo-de-transgeneros-na-certidao-de-nascimento\\\/\",\"name\":\"Cart\\u00f3rios do RS j\\u00e1 podem alterar nome e sexo de transg\\u00eaneros na certid\\u00e3o de nascimento | Arquivo\",\"inLanguage\":\"pt-BR\",\"isPartOf\":{\"@id\":\"https:\\\/\\\/www.jornalja.com.br\\\/arquivo\\\/#website\"},\"breadcrumb\":{\"@id\":\"https:\\\/\\\/www.jornalja.com.br\\\/arquivo\\\/cartorios-do-rs-ja-podem-alterar-nome-e-sexo-de-transgeneros-na-certidao-de-nascimento\\\/#breadcrumblist\"},\"author\":{\"@id\":\"https:\\\/\\\/www.jornalja.com.br\\\/arquivo\\\/author\\\/daredacao\\\/#author\"},\"creator\":{\"@id\":\"https:\\\/\\\/www.jornalja.com.br\\\/arquivo\\\/author\\\/daredacao\\\/#author\"},\"datePublished\":\"2018-05-18T15:12:48-03:00\",\"dateModified\":\"2018-05-18T15:12:48-03:00\"},{\"@type\":\"WebSite\",\"@id\":\"https:\\\/\\\/www.jornalja.com.br\\\/arquivo\\\/#website\",\"url\":\"https:\\\/\\\/www.jornalja.com.br\\\/arquivo\\\/\",\"name\":\"Arquivo\",\"description\":\"Jornal J\\u00c1 | Porto Alegre\",\"inLanguage\":\"pt-BR\",\"publisher\":{\"@id\":\"https:\\\/\\\/www.jornalja.com.br\\\/arquivo\\\/#organization\"}}]}\n\t\t<\/script>\n\t\t<!-- All in One SEO -->\n\n","aioseo_head_json":{"title":"Cart\u00f3rios do RS j\u00e1 podem alterar nome e sexo de transg\u00eaneros na certid\u00e3o de nascimento | Arquivo","description":"","canonical_url":"https:\/\/www.jornalja.com.br\/arquivo\/cartorios-do-rs-ja-podem-alterar-nome-e-sexo-de-transgeneros-na-certidao-de-nascimento\/","robots":"max-image-preview:large","keywords":"","webmasterTools":{"miscellaneous":""},"schema":{"@context":"https:\/\/schema.org","@graph":[{"@type":"BlogPosting","@id":"https:\/\/www.jornalja.com.br\/arquivo\/cartorios-do-rs-ja-podem-alterar-nome-e-sexo-de-transgeneros-na-certidao-de-nascimento\/#blogposting","name":"Cart\u00f3rios do RS j\u00e1 podem alterar nome e sexo de transg\u00eaneros na certid\u00e3o de nascimento | Arquivo","headline":"Cart\u00f3rios do RS j\u00e1 podem alterar nome e sexo de transg\u00eaneros na certid\u00e3o de nascimento","author":{"@id":"https:\/\/www.jornalja.com.br\/arquivo\/author\/daredacao\/#author"},"publisher":{"@id":"https:\/\/www.jornalja.com.br\/arquivo\/#organization"},"image":{"@type":"ImageObject","url":"https:\/\/www.jornalja.com.br\/wp-content\/uploads\/cards\/JAslogan.png","@id":"https:\/\/www.jornalja.com.br\/arquivo\/#articleImage"},"datePublished":"2018-05-18T15:12:48-03:00","dateModified":"2018-05-18T15:12:48-03:00","inLanguage":"pt-BR","mainEntityOfPage":{"@id":"https:\/\/www.jornalja.com.br\/arquivo\/cartorios-do-rs-ja-podem-alterar-nome-e-sexo-de-transgeneros-na-certidao-de-nascimento\/#webpage"},"isPartOf":{"@id":"https:\/\/www.jornalja.com.br\/arquivo\/cartorios-do-rs-ja-podem-alterar-nome-e-sexo-de-transgeneros-na-certidao-de-nascimento\/#webpage"},"articleSection":"NOTAS"},{"@type":"BreadcrumbList","@id":"https:\/\/www.jornalja.com.br\/arquivo\/cartorios-do-rs-ja-podem-alterar-nome-e-sexo-de-transgeneros-na-certidao-de-nascimento\/#breadcrumblist","itemListElement":[{"@type":"ListItem","@id":"https:\/\/www.jornalja.com.br\/arquivo#listItem","position":1,"name":"Home","item":"https:\/\/www.jornalja.com.br\/arquivo","nextItem":{"@type":"ListItem","@id":"https:\/\/www.jornalja.com.br\/arquivo\/category\/notas\/#listItem","name":"NOTAS"}},{"@type":"ListItem","@id":"https:\/\/www.jornalja.com.br\/arquivo\/category\/notas\/#listItem","position":2,"name":"NOTAS","item":"https:\/\/www.jornalja.com.br\/arquivo\/category\/notas\/","nextItem":{"@type":"ListItem","@id":"https:\/\/www.jornalja.com.br\/arquivo\/cartorios-do-rs-ja-podem-alterar-nome-e-sexo-de-transgeneros-na-certidao-de-nascimento\/#listItem","name":"Cart\u00f3rios do RS j\u00e1 podem alterar nome e sexo de transg\u00eaneros na certid\u00e3o de nascimento"},"previousItem":{"@type":"ListItem","@id":"https:\/\/www.jornalja.com.br\/arquivo#listItem","name":"Home"}},{"@type":"ListItem","@id":"https:\/\/www.jornalja.com.br\/arquivo\/cartorios-do-rs-ja-podem-alterar-nome-e-sexo-de-transgeneros-na-certidao-de-nascimento\/#listItem","position":3,"name":"Cart\u00f3rios do RS j\u00e1 podem alterar nome e sexo de transg\u00eaneros na certid\u00e3o de nascimento","previousItem":{"@type":"ListItem","@id":"https:\/\/www.jornalja.com.br\/arquivo\/category\/notas\/#listItem","name":"NOTAS"}}]},{"@type":"Organization","@id":"https:\/\/www.jornalja.com.br\/arquivo\/#organization","name":"Jornal J\u00c1","description":"Jornal J\u00c1 | Porto Alegre","url":"https:\/\/www.jornalja.com.br\/arquivo\/","telephone":"+555133307272","logo":{"@type":"ImageObject","url":"https:\/\/www.jornalja.com.br\/wp-content\/uploads\/cards\/JAslogan.png","@id":"https:\/\/www.jornalja.com.br\/arquivo\/cartorios-do-rs-ja-podem-alterar-nome-e-sexo-de-transgeneros-na-certidao-de-nascimento\/#organizationLogo"},"image":{"@id":"https:\/\/www.jornalja.com.br\/arquivo\/cartorios-do-rs-ja-podem-alterar-nome-e-sexo-de-transgeneros-na-certidao-de-nascimento\/#organizationLogo"}},{"@type":"Person","@id":"https:\/\/www.jornalja.com.br\/arquivo\/author\/daredacao\/#author","url":"https:\/\/www.jornalja.com.br\/arquivo\/author\/daredacao\/","name":"da Reda\u00e7\u00e3o","image":{"@type":"ImageObject","@id":"https:\/\/www.jornalja.com.br\/arquivo\/cartorios-do-rs-ja-podem-alterar-nome-e-sexo-de-transgeneros-na-certidao-de-nascimento\/#authorImage","url":"https:\/\/secure.gravatar.com\/avatar\/469fd857d6605ad19919d27ed29d35a968a25f6e8fd9318356bbb7f57aae9c65?s=96&d=mm&r=g","width":96,"height":96,"caption":"da Reda\u00e7\u00e3o"}},{"@type":"WebPage","@id":"https:\/\/www.jornalja.com.br\/arquivo\/cartorios-do-rs-ja-podem-alterar-nome-e-sexo-de-transgeneros-na-certidao-de-nascimento\/#webpage","url":"https:\/\/www.jornalja.com.br\/arquivo\/cartorios-do-rs-ja-podem-alterar-nome-e-sexo-de-transgeneros-na-certidao-de-nascimento\/","name":"Cart\u00f3rios do RS j\u00e1 podem alterar nome e sexo de transg\u00eaneros na certid\u00e3o de nascimento | Arquivo","inLanguage":"pt-BR","isPartOf":{"@id":"https:\/\/www.jornalja.com.br\/arquivo\/#website"},"breadcrumb":{"@id":"https:\/\/www.jornalja.com.br\/arquivo\/cartorios-do-rs-ja-podem-alterar-nome-e-sexo-de-transgeneros-na-certidao-de-nascimento\/#breadcrumblist"},"author":{"@id":"https:\/\/www.jornalja.com.br\/arquivo\/author\/daredacao\/#author"},"creator":{"@id":"https:\/\/www.jornalja.com.br\/arquivo\/author\/daredacao\/#author"},"datePublished":"2018-05-18T15:12:48-03:00","dateModified":"2018-05-18T15:12:48-03:00"},{"@type":"WebSite","@id":"https:\/\/www.jornalja.com.br\/arquivo\/#website","url":"https:\/\/www.jornalja.com.br\/arquivo\/","name":"Arquivo","description":"Jornal J\u00c1 | Porto Alegre","inLanguage":"pt-BR","publisher":{"@id":"https:\/\/www.jornalja.com.br\/arquivo\/#organization"}}]},"og:locale":"pt_BR","og:site_name":"Arquivo | Jornal J\u00c1 | Porto Alegre","og:type":"article","og:title":"Cart\u00f3rios do RS j\u00e1 podem alterar nome e sexo de transg\u00eaneros na certid\u00e3o de nascimento | Arquivo","og:url":"https:\/\/www.jornalja.com.br\/arquivo\/cartorios-do-rs-ja-podem-alterar-nome-e-sexo-de-transgeneros-na-certidao-de-nascimento\/","og:image":"https:\/\/www.jornalja.com.br\/economics\/wp-content\/uploads\/sites\/11\/2026\/08\/ja-folhaderosto-facebook.jpg","og:image:secure_url":"https:\/\/www.jornalja.com.br\/economics\/wp-content\/uploads\/sites\/11\/2026\/08\/ja-folhaderosto-facebook.jpg","article:published_time":"2018-05-18T18:12:48+00:00","article:modified_time":"2018-05-18T18:12:48+00:00","twitter:card":"summary","twitter:title":"Cart\u00f3rios do RS j\u00e1 podem alterar nome e sexo de transg\u00eaneros na certid\u00e3o de nascimento | Arquivo","twitter:image":"https:\/\/www.jornalja.com.br\/economics\/wp-content\/uploads\/sites\/11\/2026\/08\/ja-folhaderosto-facebook.jpg"},"aioseo_meta_data":{"post_id":"62392","title":null,"description":null,"keywords":null,"keyphrases":null,"primary_term":null,"canonical_url":null,"og_title":null,"og_description":null,"og_object_type":"default","og_image_type":"default","og_image_url":null,"og_image_width":null,"og_image_height":null,"og_image_custom_url":null,"og_image_custom_fields":null,"og_video":null,"og_custom_url":null,"og_article_section":null,"og_article_tags":null,"twitter_use_og":false,"twitter_card":"default","twitter_image_type":"default","twitter_image_url":null,"twitter_image_custom_url":null,"twitter_image_custom_fields":null,"twitter_title":null,"twitter_description":null,"schema":{"blockGraphs":[],"customGraphs":[],"default":{"data":{"Article":[],"Course":[],"Dataset":[],"FAQPage":[],"Movie":[],"Person":[],"Product":[],"ProductReview":[],"Car":[],"Recipe":[],"Service":[],"SoftwareApplication":[],"WebPage":[]},"graphName":"","isEnabled":true},"graphs":[],"defaultGraph":"","defaultPostTypeGraph":""},"schema_type":null,"schema_type_options":null,"pillar_content":false,"robots_default":true,"robots_noindex":false,"robots_noarchive":false,"robots_nosnippet":false,"robots_nofollow":false,"robots_noimageindex":false,"robots_noodp":false,"robots_notranslate":false,"robots_max_snippet":null,"robots_max_videopreview":null,"robots_max_imagepreview":"large","priority":null,"frequency":null,"location":null,"local_seo":null,"breadcrumb_settings":null,"limit_modified_date":false,"ai":null,"created":"2020-12-20 20:13:59","updated":"2025-07-20 04:27:24","seo_analyzer_scan_date":null,"focus_keyword":null,"additional_keywords":null,"truseo_locale":null},"jetpack_sharing_enabled":true,"jetpack-related-posts":[{"id":13128,"url":"https:\/\/www.jornalja.com.br\/arquivo\/maconha-terra-diz-que-uso-medicinal-e-desculpa\/","url_meta":{"origin":62392,"position":0},"title":"Maconha: Terra diz que uso medicinal \u00e9 desculpa","author":"Patr\u00edcia Marini","date":"4 de junho de 2014","format":false,"excerpt":"A condi\u00e7\u00e3o de pol\u00edtico, em \u00e9poca de campanha de campanha eleitoral, tira for\u00e7a do discurso do m\u00e9dico Osmar Terra contra a legaliza\u00e7\u00e3o da maconha. A tese dele de que a libera\u00e7\u00e3o vai ampliar exponencialmente o consumo \u00e9 discutivel, o consumo \u00e9 corrente. Mas seus alertas quanto aos riscos tem que\u2026","rel":"","context":"Em &quot;X.Categorias velhas&quot;","block_context":{"text":"X.Categorias velhas","link":"https:\/\/www.jornalja.com.br\/arquivo\/category\/x-categorias-velhas\/"},"img":{"alt_text":"","src":"","width":0,"height":0},"classes":[]},{"id":13124,"url":"https:\/\/www.jornalja.com.br\/arquivo\/sangue-latino-no-iecine\/","url_meta":{"origin":62392,"position":1},"title":"Sangue latino no IECINE","author":"da Reda\u00e7\u00e3o","date":"18 de maio de 2014","format":false,"excerpt":"Francisco Ribeiro O Instituto Estadual de Cinema (IECINE) tem a frente, desde abril \u00faltimo, um novo diretor, o cineasta colombiano Juan Zapata, 36, que substitui Luiz Alberto Cassol. Radicado h\u00e1 dez anos em Porto Alegre, Zapata tem diante de si o desafio de conduzir at\u00e9 o final do ano um\u2026","rel":"","context":"Em &quot;Cultura-Geral&quot;","block_context":{"text":"Cultura-Geral","link":"https:\/\/www.jornalja.com.br\/arquivo\/category\/materiasecundaria\/"},"img":{"alt_text":"","src":"","width":0,"height":0},"classes":[]},{"id":5440,"url":"https:\/\/www.jornalja.com.br\/arquivo\/casarao-da-venancio-destino-permanece-incerto\/","url_meta":{"origin":62392,"position":2},"title":"Estado ainda n\u00e3o sabe o que fazer com casar\u00e3o abandonado h\u00e1 20 anos","author":"Elmar Bones","date":"6 de julho de 2009","format":false,"excerpt":"O casar\u00e3o amarelo, numa esquina nobre de Porto Alegre (Ven\u00e2ncio Aires com Jo\u00e3o Pessoa), j\u00e1 abrigou uma escola. H\u00e1 duas d\u00e9cadas, pelo menos, est\u00e1 abandonado, porque seu propriet\u00e1rio, o governo do Estado do Rio Grande do Sul, n\u00e3o consegue achar um destino para ele. Planos n\u00e3o faltaram. O governador Ol\u00edvio\u2026","rel":"","context":"Em &quot;X.Categorias velhas&quot;","block_context":{"text":"X.Categorias velhas","link":"https:\/\/www.jornalja.com.br\/arquivo\/category\/x-categorias-velhas\/"},"img":{"alt_text":"geraldo1","src":"https:\/\/i0.wp.com\/www.jornalja.com.br\/wp-content\/uploads\/2009\/07\/geraldo1.jpg?resize=350%2C200&ssl=1","width":350,"height":200},"classes":[]},{"id":14241,"url":"https:\/\/www.jornalja.com.br\/arquivo\/o-guaiba-nas-imagens-poeticas-de-achutti\/","url_meta":{"origin":62392,"position":3},"title":"O Gua\u00edba nas imagens po\u00e9ticas de Achutti","author":"da Reda\u00e7\u00e3o","date":"18 de junho de 2014","format":false,"excerpt":"Em \u201cO Gua\u00edba por Achutti\u201d \u2013 obra financiada via Minist\u00e9rio da Cultura, produ\u00e7\u00e3o executiva de Pedro Longhi, e Fl\u00e1vio Wild como designer \u2013, o fot\u00f3grafo revela a beleza e as mazelas de um espa\u00e7o aqu\u00e1tico de \u00e1guas sempre renovadas, cheio de hist\u00f3rias e lendas como as das cidades que foram\u2026","rel":"","context":"Em &quot;Cultura-Geral&quot;","block_context":{"text":"Cultura-Geral","link":"https:\/\/www.jornalja.com.br\/arquivo\/category\/materiasecundaria\/"},"img":{"alt_text":"","src":"","width":0,"height":0},"classes":[]},{"id":12960,"url":"https:\/\/www.jornalja.com.br\/arquivo\/populacao-culpa-empresas-pela-greve-dos-rodoviarios\/","url_meta":{"origin":62392,"position":4},"title":"Popula\u00e7\u00e3o culpa empresas pela greve","author":"Patr\u00edcia Marini","date":"14 de fevereiro de 2014","format":false,"excerpt":"Pesquisa divulgada na edi\u00e7\u00e3o do jornal Metro desta sexta-feira,14, comprova o velho ditado: \u00e9 poss\u00edvel enganar muitos por algum tempo, mas n\u00e3o \u00e9 poss\u00edvel enganar a todos o tempo inteiro. A principal revela\u00e7\u00e3o foi que 59,8% dos entrevistados apontaram as empresas como as principais respons\u00e1veis pela grave e 46% culparam\u2026","rel":"","context":"Em &quot;X.Categorias velhas&quot;","block_context":{"text":"X.Categorias velhas","link":"https:\/\/www.jornalja.com.br\/arquivo\/category\/x-categorias-velhas\/"},"img":{"alt_text":"","src":"","width":0,"height":0},"classes":[]},{"id":13109,"url":"https:\/\/www.jornalja.com.br\/arquivo\/judiciario-reconhece-poluicao-eletromagnetica\/","url_meta":{"origin":62392,"position":5},"title":"Judici\u00e1rio reconhece polui\u00e7\u00e3o eletromagn\u00e9tica","author":"Patr\u00edcia Marini","date":"16 de maio de 2014","format":false,"excerpt":"A\u00e7\u00e3o de duas associa\u00e7\u00f5es de moradores foi acolhida pelo Tribunal de Justi\u00e7a de S\u00e3o Paulo que. em decis\u00e3o in\u00e9dita, determinou a redu\u00e7\u00e3o do campo eletromagn\u00e9tico gerado pelas linhas de transmiss\u00e3o de energia que cortam os bairros City Boa\u00e7ava e Alto de Pinheiros. \u00c9 a primeira vez que um tribunal do\u2026","rel":"","context":"Em &quot;X.Categorias velhas&quot;","block_context":{"text":"X.Categorias velhas","link":"https:\/\/www.jornalja.com.br\/arquivo\/category\/x-categorias-velhas\/"},"img":{"alt_text":"","src":"","width":0,"height":0},"classes":[]}],"jetpack_shortlink":"https:\/\/wp.me\/pbQjBd-gek","jetpack_featured_media_url":"","_links":{"self":[{"href":"https:\/\/www.jornalja.com.br\/arquivo\/wp-json\/wp\/v2\/posts\/62392","targetHints":{"allow":["GET"]}}],"collection":[{"href":"https:\/\/www.jornalja.com.br\/arquivo\/wp-json\/wp\/v2\/posts"}],"about":[{"href":"https:\/\/www.jornalja.com.br\/arquivo\/wp-json\/wp\/v2\/types\/post"}],"author":[{"embeddable":true,"href":"https:\/\/www.jornalja.com.br\/arquivo\/wp-json\/wp\/v2\/users\/4"}],"replies":[{"embeddable":true,"href":"https:\/\/www.jornalja.com.br\/arquivo\/wp-json\/wp\/v2\/comments?post=62392"}],"version-history":[{"count":0,"href":"https:\/\/www.jornalja.com.br\/arquivo\/wp-json\/wp\/v2\/posts\/62392\/revisions"}],"wp:attachment":[{"href":"https:\/\/www.jornalja.com.br\/arquivo\/wp-json\/wp\/v2\/media?parent=62392"}],"wp:term":[{"taxonomy":"category","embeddable":true,"href":"https:\/\/www.jornalja.com.br\/arquivo\/wp-json\/wp\/v2\/categories?post=62392"},{"taxonomy":"post_tag","embeddable":true,"href":"https:\/\/www.jornalja.com.br\/arquivo\/wp-json\/wp\/v2\/tags?post=62392"}],"curies":[{"name":"wp","href":"https:\/\/api.w.org\/{rel}","templated":true}]}}