{"id":62416,"date":"2018-05-19T19:25:03","date_gmt":"2018-05-19T22:25:03","guid":{"rendered":"https:\/\/www.jornalja.com.br\/?p=62416"},"modified":"2018-05-19T19:25:03","modified_gmt":"2018-05-19T22:25:03","slug":"rio-de-janeiro-vai-sediar-o-congresso-mundial-de-arquitetura","status":"publish","type":"post","link":"https:\/\/www.jornalja.com.br\/arquivo\/rio-de-janeiro-vai-sediar-o-congresso-mundial-de-arquitetura\/","title":{"rendered":"Rio de Janeiro vai sediar o Congresso Mundial de Arquitetura"},"content":{"rendered":"<table border=\"0\" cellspacing=\"1\" cellpadding=\"1\" align=\"center\">\n<tbody>\n<tr>\n<td style=\"width: 574px\"><\/td>\n<\/tr>\n<tr>\n<td style=\"width: 574px\"><\/td>\n<\/tr>\n<tr>\n<td style=\"width: 574px\">\n<div>O Conselho da Uni\u00e3o Internacional dos Arquitetos (UIA), reunido em Oaxaca (M\u00e9xico), aprovou nesta sexta-feira, 18 de maio, por unanimidade, a nomea\u00e7\u00e3o da cidade do Rio de Janeiro a Capital Mundial da Arquitetura UIA\/UNESCO 2020.<\/div>\n<div><\/div>\n<div>A obten\u00e7\u00e3o do t\u00edtulo faz parte do programa proposto pela Prefeitura do Rio, com apoio do Instituto de Arquitetos do Brasil (IAB),\u00a0 para 2020, quando a capital fluminense sediar\u00e1 o 27\u00ba Congresso Mundial de Arquitetos.<\/div>\n<div><\/div>\n<div>Cabe \u00e0 Organiza\u00e7\u00e3o das Na\u00e7\u00f5es Unidas para a Educa\u00e7\u00e3o, a Ci\u00eancia e a Cultura (Unesco) agora fazer a designa\u00e7\u00e3o formal do t\u00edtulo, conforme contrato firmado com a UIA. O Rio \u00e9 a primeira cidade a receber o t\u00edtulo \u2013 a pr\u00f3xima dever\u00e1 ser Copenhagen, na Dinamarca, sede do\u00a028\u00ba Congresso Mundial de Arquitetos.<\/div>\n<div><\/div>\n<div>\n<div>A designa\u00e7\u00e3o do Rio como Capital Mundial da Arquitetura UIA\/Unesco 2020 \u00e9 n\u00e3o s\u00f3 um reconhecimento pelo passado arquitet\u00f4nico, hist\u00f3rico e cultural, mas uma oportunidade de reflex\u00e3o e proposi\u00e7\u00e3o de futuro da arquitetura, do paisagismo, do urbanismo e, consequentemente, das cidades. Para o presidente do Comit\u00ea Executivo do UIA2020RIO, S\u00e9rgio Magalh\u00e3es, o principal legado para a cidade, com o programa do Rio Capital Mundial da Arquitetura UIA\/Unesco, ser\u00e1 voltar o olhar das autoridades p\u00fablicas e da sociedade para os atuais desafios urbanos, em busca da constru\u00e7\u00e3o de cidades mais justas, inclusivas e sustent\u00e1veis.<\/div>\n<div><\/div>\n<div>\u201cO programa do Rio Capital Mundial da Arquitetura UIA\/UNESCO 2020 pressup\u00f5e uma ampla reflex\u00e3o sobre a quest\u00e3o arquitet\u00f4nica-urban\u00edstica, com a identifica\u00e7\u00e3o de metas que possam ser tra\u00e7adas para os marcos de 2025 e 2030, tanto para a cidade do Rio de Janeiro como para o sistema urbano do pa\u00eds como um todo, articuladas com as metas da Unesco e da ONU\u201d, afirmou Magalh\u00e3es.<\/div>\n<\/div>\n<div><\/div>\n<div>\n<div>A ades\u00e3o do Conselho da UIA \u00e0 proposta apresentada pelo Rio de Janeiro foi comemorada pelo presidente do Instituto de Arquitetos do Brasil (IAB), Nivaldo Andrade, e pela secret\u00e1ria de Urbanismo, Infraestrutura e Habita\u00e7\u00e3o do Rio, Verena Andreatta, que est\u00e3o em Oaxaca, onde ocorreu a reuni\u00e3o da entidade internacional de arquitetura.<\/div>\n<div><\/div>\n<div>\u201cFico feliz e emocionada com a repercuss\u00e3o do trabalho que realizamos junto com o IAB. A estrat\u00e9gia de apresentar j\u00e1 a proposta de programa do Rio Capital Mundial da Arquitetura UIA\/UNESCO impressionou a todos. Demonstramos que a cidade, com sua arquitetura diversificada, tem total capacidade de realizar grandes eventos\u201d, comemorou Verena. O presidente do IAB destacou a parceria da Prefeitura do Rio na campanha. \u201cO apoio da administra\u00e7\u00e3o municipal foi importante para a indica\u00e7\u00e3o da UIA. Temos certeza que o Rio n\u00e3o s\u00f3 est\u00e1 preparado para receber evento dessa magnitude, mas que vai criar uma refer\u00eancia para as pr\u00f3ximas edi\u00e7\u00f5es, uma vez que a programa\u00e7\u00e3o inicia com o r\u00e9veillon, que ter\u00e1 como tema \u2018Todos os mundos. Um s\u00f3 mundo. Arquitetura 21\u2019, o mesmo do programa Rio Capital Mundial da Arquitetura e do congresso mundial que vamos sediar. Ser\u00e1 uma visibilidade \u00fanica\u201d, destacou Nivaldo Andrade.<\/div>\n<div><\/div>\n<\/div>\n<div>\n<div>Ap\u00f3s a chancela da UNESCO, a\u00a0 cerim\u00f4nia de assinatura da designa\u00e7\u00e3o do Rio Capital Mundial da Arquitetura UIA\/UNESCO 2020 dever\u00e1 ocorrer em agosto deste ano. A programa\u00e7\u00e3o dialoga diretamente com o 27\u00ba Congresso Mundial de Arquitetos, maior evento internacional do setor, que tem expectativa de atrair 15 mil arquitetos e urbanistas de todo o mundo para o Rio de Janeiro.<\/div>\n<p>(Com informa\u00e7\u00f5es da assessoria)\n<\/p><\/div>\n<\/td>\n<\/tr>\n<\/tbody>\n<\/table>\n","protected":false},"excerpt":{"rendered":"<p>O Conselho da Uni\u00e3o Internacional dos Arquitetos (UIA), reunido em Oaxaca (M\u00e9xico), aprovou nesta sexta-feira, 18 de maio, por unanimidade, a nomea\u00e7\u00e3o da cidade do Rio de Janeiro a Capital Mundial da Arquitetura UIA\/UNESCO 2020. A obten\u00e7\u00e3o do t\u00edtulo faz parte do programa proposto pela Prefeitura do Rio, com apoio do Instituto de Arquitetos do [&hellip;]<\/p>\n","protected":false},"author":4,"featured_media":0,"comment_status":"open","ping_status":"closed","sticky":false,"template":"","format":"standard","meta":{"_jetpack_newsletter_access":"","_jetpack_dont_email_post_to_subs":false,"_jetpack_newsletter_tier_id":0,"_jetpack_memberships_contains_paywalled_content":false,"_jetpack_feature_clip_id":0,"_jetpack_memberships_contains_paid_content":false,"footnotes":"","jetpack_post_was_ever_published":false},"categories":[2022],"tags":[],"class_list":["post-62416","post","type-post","status-publish","format-standard","hentry","category-notas"],"aioseo_notices":[],"aioseo_head":"\n\t\t<!-- All in One SEO 5.0.1.1 - aioseo.com -->\n\t<meta name=\"robots\" content=\"max-image-preview:large\" \/>\n\t<meta name=\"author\" content=\"da Reda\u00e7\u00e3o\"\/>\n\t<link rel=\"canonical\" href=\"https:\/\/www.jornalja.com.br\/arquivo\/rio-de-janeiro-vai-sediar-o-congresso-mundial-de-arquitetura\/\" \/>\n\t<meta name=\"generator\" content=\"All in One SEO (AIOSEO) 5.0.1.1\" \/>\n\t\t<meta property=\"og:locale\" content=\"pt_BR\" \/>\n\t\t<meta property=\"og:site_name\" content=\"Arquivo | Jornal J\u00c1 | Porto Alegre\" \/>\n\t\t<meta property=\"og:type\" content=\"article\" \/>\n\t\t<meta property=\"og:title\" content=\"Rio de Janeiro vai sediar o Congresso Mundial de Arquitetura | Arquivo\" \/>\n\t\t<meta property=\"og:url\" content=\"https:\/\/www.jornalja.com.br\/arquivo\/rio-de-janeiro-vai-sediar-o-congresso-mundial-de-arquitetura\/\" \/>\n\t\t<meta property=\"og:image\" content=\"https:\/\/www.jornalja.com.br\/economics\/wp-content\/uploads\/sites\/11\/2026\/08\/ja-folhaderosto-facebook.jpg\" \/>\n\t\t<meta property=\"og:image:secure_url\" content=\"https:\/\/www.jornalja.com.br\/economics\/wp-content\/uploads\/sites\/11\/2026\/08\/ja-folhaderosto-facebook.jpg\" \/>\n\t\t<meta property=\"article:published_time\" content=\"2018-05-19T22:25:03+00:00\" \/>\n\t\t<meta property=\"article:modified_time\" content=\"2018-05-19T22:25:03+00:00\" \/>\n\t\t<meta name=\"twitter:card\" content=\"summary\" \/>\n\t\t<meta name=\"twitter:title\" content=\"Rio de Janeiro vai sediar o Congresso Mundial de Arquitetura | Arquivo\" \/>\n\t\t<meta name=\"twitter:image\" content=\"https:\/\/www.jornalja.com.br\/economics\/wp-content\/uploads\/sites\/11\/2026\/08\/ja-folhaderosto-facebook.jpg\" \/>\n\t\t<script type=\"application\/ld+json\" class=\"aioseo-schema\">\n\t\t\t{\"@context\":\"https:\\\/\\\/schema.org\",\"@graph\":[{\"@type\":\"BlogPosting\",\"@id\":\"https:\\\/\\\/www.jornalja.com.br\\\/arquivo\\\/rio-de-janeiro-vai-sediar-o-congresso-mundial-de-arquitetura\\\/#blogposting\",\"name\":\"Rio de Janeiro vai sediar o Congresso Mundial de Arquitetura | Arquivo\",\"headline\":\"Rio de Janeiro vai sediar o Congresso Mundial de Arquitetura\",\"author\":{\"@id\":\"https:\\\/\\\/www.jornalja.com.br\\\/arquivo\\\/author\\\/daredacao\\\/#author\"},\"publisher\":{\"@id\":\"https:\\\/\\\/www.jornalja.com.br\\\/arquivo\\\/#organization\"},\"image\":{\"@type\":\"ImageObject\",\"url\":\"https:\\\/\\\/www.jornalja.com.br\\\/wp-content\\\/uploads\\\/cards\\\/JAslogan.png\",\"@id\":\"https:\\\/\\\/www.jornalja.com.br\\\/arquivo\\\/#articleImage\"},\"datePublished\":\"2018-05-19T19:25:03-03:00\",\"dateModified\":\"2018-05-19T19:25:03-03:00\",\"inLanguage\":\"pt-BR\",\"mainEntityOfPage\":{\"@id\":\"https:\\\/\\\/www.jornalja.com.br\\\/arquivo\\\/rio-de-janeiro-vai-sediar-o-congresso-mundial-de-arquitetura\\\/#webpage\"},\"isPartOf\":{\"@id\":\"https:\\\/\\\/www.jornalja.com.br\\\/arquivo\\\/rio-de-janeiro-vai-sediar-o-congresso-mundial-de-arquitetura\\\/#webpage\"},\"articleSection\":\"NOTAS\"},{\"@type\":\"BreadcrumbList\",\"@id\":\"https:\\\/\\\/www.jornalja.com.br\\\/arquivo\\\/rio-de-janeiro-vai-sediar-o-congresso-mundial-de-arquitetura\\\/#breadcrumblist\",\"itemListElement\":[{\"@type\":\"ListItem\",\"@id\":\"https:\\\/\\\/www.jornalja.com.br\\\/arquivo#listItem\",\"position\":1,\"name\":\"Home\",\"item\":\"https:\\\/\\\/www.jornalja.com.br\\\/arquivo\",\"nextItem\":{\"@type\":\"ListItem\",\"@id\":\"https:\\\/\\\/www.jornalja.com.br\\\/arquivo\\\/category\\\/notas\\\/#listItem\",\"name\":\"NOTAS\"}},{\"@type\":\"ListItem\",\"@id\":\"https:\\\/\\\/www.jornalja.com.br\\\/arquivo\\\/category\\\/notas\\\/#listItem\",\"position\":2,\"name\":\"NOTAS\",\"item\":\"https:\\\/\\\/www.jornalja.com.br\\\/arquivo\\\/category\\\/notas\\\/\",\"nextItem\":{\"@type\":\"ListItem\",\"@id\":\"https:\\\/\\\/www.jornalja.com.br\\\/arquivo\\\/rio-de-janeiro-vai-sediar-o-congresso-mundial-de-arquitetura\\\/#listItem\",\"name\":\"Rio de Janeiro vai sediar o Congresso Mundial de Arquitetura\"},\"previousItem\":{\"@type\":\"ListItem\",\"@id\":\"https:\\\/\\\/www.jornalja.com.br\\\/arquivo#listItem\",\"name\":\"Home\"}},{\"@type\":\"ListItem\",\"@id\":\"https:\\\/\\\/www.jornalja.com.br\\\/arquivo\\\/rio-de-janeiro-vai-sediar-o-congresso-mundial-de-arquitetura\\\/#listItem\",\"position\":3,\"name\":\"Rio de Janeiro vai sediar o Congresso Mundial de Arquitetura\",\"previousItem\":{\"@type\":\"ListItem\",\"@id\":\"https:\\\/\\\/www.jornalja.com.br\\\/arquivo\\\/category\\\/notas\\\/#listItem\",\"name\":\"NOTAS\"}}]},{\"@type\":\"Organization\",\"@id\":\"https:\\\/\\\/www.jornalja.com.br\\\/arquivo\\\/#organization\",\"name\":\"Jornal J\\u00c1\",\"description\":\"Jornal J\\u00c1 | Porto Alegre\",\"url\":\"https:\\\/\\\/www.jornalja.com.br\\\/arquivo\\\/\",\"telephone\":\"+555133307272\",\"logo\":{\"@type\":\"ImageObject\",\"url\":\"https:\\\/\\\/www.jornalja.com.br\\\/wp-content\\\/uploads\\\/cards\\\/JAslogan.png\",\"@id\":\"https:\\\/\\\/www.jornalja.com.br\\\/arquivo\\\/rio-de-janeiro-vai-sediar-o-congresso-mundial-de-arquitetura\\\/#organizationLogo\"},\"image\":{\"@id\":\"https:\\\/\\\/www.jornalja.com.br\\\/arquivo\\\/rio-de-janeiro-vai-sediar-o-congresso-mundial-de-arquitetura\\\/#organizationLogo\"}},{\"@type\":\"Person\",\"@id\":\"https:\\\/\\\/www.jornalja.com.br\\\/arquivo\\\/author\\\/daredacao\\\/#author\",\"url\":\"https:\\\/\\\/www.jornalja.com.br\\\/arquivo\\\/author\\\/daredacao\\\/\",\"name\":\"da Reda\\u00e7\\u00e3o\",\"image\":{\"@type\":\"ImageObject\",\"@id\":\"https:\\\/\\\/www.jornalja.com.br\\\/arquivo\\\/rio-de-janeiro-vai-sediar-o-congresso-mundial-de-arquitetura\\\/#authorImage\",\"url\":\"https:\\\/\\\/secure.gravatar.com\\\/avatar\\\/469fd857d6605ad19919d27ed29d35a968a25f6e8fd9318356bbb7f57aae9c65?s=96&d=mm&r=g\",\"width\":96,\"height\":96,\"caption\":\"da Reda\\u00e7\\u00e3o\"}},{\"@type\":\"WebPage\",\"@id\":\"https:\\\/\\\/www.jornalja.com.br\\\/arquivo\\\/rio-de-janeiro-vai-sediar-o-congresso-mundial-de-arquitetura\\\/#webpage\",\"url\":\"https:\\\/\\\/www.jornalja.com.br\\\/arquivo\\\/rio-de-janeiro-vai-sediar-o-congresso-mundial-de-arquitetura\\\/\",\"name\":\"Rio de Janeiro vai sediar o Congresso Mundial de Arquitetura | Arquivo\",\"inLanguage\":\"pt-BR\",\"isPartOf\":{\"@id\":\"https:\\\/\\\/www.jornalja.com.br\\\/arquivo\\\/#website\"},\"breadcrumb\":{\"@id\":\"https:\\\/\\\/www.jornalja.com.br\\\/arquivo\\\/rio-de-janeiro-vai-sediar-o-congresso-mundial-de-arquitetura\\\/#breadcrumblist\"},\"author\":{\"@id\":\"https:\\\/\\\/www.jornalja.com.br\\\/arquivo\\\/author\\\/daredacao\\\/#author\"},\"creator\":{\"@id\":\"https:\\\/\\\/www.jornalja.com.br\\\/arquivo\\\/author\\\/daredacao\\\/#author\"},\"datePublished\":\"2018-05-19T19:25:03-03:00\",\"dateModified\":\"2018-05-19T19:25:03-03:00\"},{\"@type\":\"WebSite\",\"@id\":\"https:\\\/\\\/www.jornalja.com.br\\\/arquivo\\\/#website\",\"url\":\"https:\\\/\\\/www.jornalja.com.br\\\/arquivo\\\/\",\"name\":\"Arquivo\",\"description\":\"Jornal J\\u00c1 | Porto Alegre\",\"inLanguage\":\"pt-BR\",\"publisher\":{\"@id\":\"https:\\\/\\\/www.jornalja.com.br\\\/arquivo\\\/#organization\"}}]}\n\t\t<\/script>\n\t\t<!-- All in One SEO -->\n\n","aioseo_head_json":{"title":"Rio de Janeiro vai sediar o Congresso Mundial de Arquitetura | Arquivo","description":"","canonical_url":"https:\/\/www.jornalja.com.br\/arquivo\/rio-de-janeiro-vai-sediar-o-congresso-mundial-de-arquitetura\/","robots":"max-image-preview:large","keywords":"","webmasterTools":{"miscellaneous":""},"schema":{"@context":"https:\/\/schema.org","@graph":[{"@type":"BlogPosting","@id":"https:\/\/www.jornalja.com.br\/arquivo\/rio-de-janeiro-vai-sediar-o-congresso-mundial-de-arquitetura\/#blogposting","name":"Rio de Janeiro vai sediar o Congresso Mundial de Arquitetura | Arquivo","headline":"Rio de Janeiro vai sediar o Congresso Mundial de Arquitetura","author":{"@id":"https:\/\/www.jornalja.com.br\/arquivo\/author\/daredacao\/#author"},"publisher":{"@id":"https:\/\/www.jornalja.com.br\/arquivo\/#organization"},"image":{"@type":"ImageObject","url":"https:\/\/www.jornalja.com.br\/wp-content\/uploads\/cards\/JAslogan.png","@id":"https:\/\/www.jornalja.com.br\/arquivo\/#articleImage"},"datePublished":"2018-05-19T19:25:03-03:00","dateModified":"2018-05-19T19:25:03-03:00","inLanguage":"pt-BR","mainEntityOfPage":{"@id":"https:\/\/www.jornalja.com.br\/arquivo\/rio-de-janeiro-vai-sediar-o-congresso-mundial-de-arquitetura\/#webpage"},"isPartOf":{"@id":"https:\/\/www.jornalja.com.br\/arquivo\/rio-de-janeiro-vai-sediar-o-congresso-mundial-de-arquitetura\/#webpage"},"articleSection":"NOTAS"},{"@type":"BreadcrumbList","@id":"https:\/\/www.jornalja.com.br\/arquivo\/rio-de-janeiro-vai-sediar-o-congresso-mundial-de-arquitetura\/#breadcrumblist","itemListElement":[{"@type":"ListItem","@id":"https:\/\/www.jornalja.com.br\/arquivo#listItem","position":1,"name":"Home","item":"https:\/\/www.jornalja.com.br\/arquivo","nextItem":{"@type":"ListItem","@id":"https:\/\/www.jornalja.com.br\/arquivo\/category\/notas\/#listItem","name":"NOTAS"}},{"@type":"ListItem","@id":"https:\/\/www.jornalja.com.br\/arquivo\/category\/notas\/#listItem","position":2,"name":"NOTAS","item":"https:\/\/www.jornalja.com.br\/arquivo\/category\/notas\/","nextItem":{"@type":"ListItem","@id":"https:\/\/www.jornalja.com.br\/arquivo\/rio-de-janeiro-vai-sediar-o-congresso-mundial-de-arquitetura\/#listItem","name":"Rio de Janeiro vai sediar o Congresso Mundial de Arquitetura"},"previousItem":{"@type":"ListItem","@id":"https:\/\/www.jornalja.com.br\/arquivo#listItem","name":"Home"}},{"@type":"ListItem","@id":"https:\/\/www.jornalja.com.br\/arquivo\/rio-de-janeiro-vai-sediar-o-congresso-mundial-de-arquitetura\/#listItem","position":3,"name":"Rio de Janeiro vai sediar o Congresso Mundial de Arquitetura","previousItem":{"@type":"ListItem","@id":"https:\/\/www.jornalja.com.br\/arquivo\/category\/notas\/#listItem","name":"NOTAS"}}]},{"@type":"Organization","@id":"https:\/\/www.jornalja.com.br\/arquivo\/#organization","name":"Jornal J\u00c1","description":"Jornal J\u00c1 | Porto Alegre","url":"https:\/\/www.jornalja.com.br\/arquivo\/","telephone":"+555133307272","logo":{"@type":"ImageObject","url":"https:\/\/www.jornalja.com.br\/wp-content\/uploads\/cards\/JAslogan.png","@id":"https:\/\/www.jornalja.com.br\/arquivo\/rio-de-janeiro-vai-sediar-o-congresso-mundial-de-arquitetura\/#organizationLogo"},"image":{"@id":"https:\/\/www.jornalja.com.br\/arquivo\/rio-de-janeiro-vai-sediar-o-congresso-mundial-de-arquitetura\/#organizationLogo"}},{"@type":"Person","@id":"https:\/\/www.jornalja.com.br\/arquivo\/author\/daredacao\/#author","url":"https:\/\/www.jornalja.com.br\/arquivo\/author\/daredacao\/","name":"da Reda\u00e7\u00e3o","image":{"@type":"ImageObject","@id":"https:\/\/www.jornalja.com.br\/arquivo\/rio-de-janeiro-vai-sediar-o-congresso-mundial-de-arquitetura\/#authorImage","url":"https:\/\/secure.gravatar.com\/avatar\/469fd857d6605ad19919d27ed29d35a968a25f6e8fd9318356bbb7f57aae9c65?s=96&d=mm&r=g","width":96,"height":96,"caption":"da Reda\u00e7\u00e3o"}},{"@type":"WebPage","@id":"https:\/\/www.jornalja.com.br\/arquivo\/rio-de-janeiro-vai-sediar-o-congresso-mundial-de-arquitetura\/#webpage","url":"https:\/\/www.jornalja.com.br\/arquivo\/rio-de-janeiro-vai-sediar-o-congresso-mundial-de-arquitetura\/","name":"Rio de Janeiro vai sediar o Congresso Mundial de Arquitetura | Arquivo","inLanguage":"pt-BR","isPartOf":{"@id":"https:\/\/www.jornalja.com.br\/arquivo\/#website"},"breadcrumb":{"@id":"https:\/\/www.jornalja.com.br\/arquivo\/rio-de-janeiro-vai-sediar-o-congresso-mundial-de-arquitetura\/#breadcrumblist"},"author":{"@id":"https:\/\/www.jornalja.com.br\/arquivo\/author\/daredacao\/#author"},"creator":{"@id":"https:\/\/www.jornalja.com.br\/arquivo\/author\/daredacao\/#author"},"datePublished":"2018-05-19T19:25:03-03:00","dateModified":"2018-05-19T19:25:03-03:00"},{"@type":"WebSite","@id":"https:\/\/www.jornalja.com.br\/arquivo\/#website","url":"https:\/\/www.jornalja.com.br\/arquivo\/","name":"Arquivo","description":"Jornal J\u00c1 | Porto Alegre","inLanguage":"pt-BR","publisher":{"@id":"https:\/\/www.jornalja.com.br\/arquivo\/#organization"}}]},"og:locale":"pt_BR","og:site_name":"Arquivo | Jornal J\u00c1 | Porto Alegre","og:type":"article","og:title":"Rio de Janeiro vai sediar o Congresso Mundial de Arquitetura | Arquivo","og:url":"https:\/\/www.jornalja.com.br\/arquivo\/rio-de-janeiro-vai-sediar-o-congresso-mundial-de-arquitetura\/","og:image":"https:\/\/www.jornalja.com.br\/economics\/wp-content\/uploads\/sites\/11\/2026\/08\/ja-folhaderosto-facebook.jpg","og:image:secure_url":"https:\/\/www.jornalja.com.br\/economics\/wp-content\/uploads\/sites\/11\/2026\/08\/ja-folhaderosto-facebook.jpg","article:published_time":"2018-05-19T22:25:03+00:00","article:modified_time":"2018-05-19T22:25:03+00:00","twitter:card":"summary","twitter:title":"Rio de Janeiro vai sediar o Congresso Mundial de Arquitetura | Arquivo","twitter:image":"https:\/\/www.jornalja.com.br\/economics\/wp-content\/uploads\/sites\/11\/2026\/08\/ja-folhaderosto-facebook.jpg"},"aioseo_meta_data":{"post_id":"62416","title":null,"description":null,"keywords":null,"keyphrases":null,"primary_term":null,"canonical_url":null,"og_title":null,"og_description":null,"og_object_type":"default","og_image_type":"default","og_image_url":null,"og_image_width":null,"og_image_height":null,"og_image_custom_url":null,"og_image_custom_fields":null,"og_video":null,"og_custom_url":null,"og_article_section":null,"og_article_tags":null,"twitter_use_og":false,"twitter_card":"default","twitter_image_type":"default","twitter_image_url":null,"twitter_image_custom_url":null,"twitter_image_custom_fields":null,"twitter_title":null,"twitter_description":null,"schema":{"blockGraphs":[],"customGraphs":[],"default":{"data":{"Article":[],"Course":[],"Dataset":[],"FAQPage":[],"Movie":[],"Person":[],"Product":[],"ProductReview":[],"Car":[],"Recipe":[],"Service":[],"SoftwareApplication":[],"WebPage":[]},"graphName":"","isEnabled":true},"graphs":[],"defaultGraph":"","defaultPostTypeGraph":""},"schema_type":null,"schema_type_options":null,"pillar_content":false,"robots_default":true,"robots_noindex":false,"robots_noarchive":false,"robots_nosnippet":false,"robots_nofollow":false,"robots_noimageindex":false,"robots_noodp":false,"robots_notranslate":false,"robots_max_snippet":null,"robots_max_videopreview":null,"robots_max_imagepreview":"large","priority":null,"frequency":null,"location":null,"local_seo":null,"breadcrumb_settings":null,"limit_modified_date":false,"ai":null,"created":"2020-12-20 20:13:59","updated":"2025-07-20 04:28:26","seo_analyzer_scan_date":null,"focus_keyword":null,"additional_keywords":null,"truseo_locale":null},"jetpack_sharing_enabled":true,"jetpack-related-posts":[{"id":13239,"url":"https:\/\/www.jornalja.com.br\/arquivo\/conselho-desdenha-do-plano-diretor\/","url_meta":{"origin":62416,"position":0},"title":"Porto Alegre: Conselho detona Plano Diretor","author":"Patr\u00edcia Marini","date":"25 de maio de 2014","format":false,"excerpt":"Den\u00fancia do arquiteto e \u00a0urbanista Ibir\u00e1 Santos Lucas. Ele diz que os conselheiros est\u00e3o votando com \"enorme irresponsabilidade\". \"Mudam regime com a maior naturalidade,,,regularizam absurdos de constru\u00e7\u00f5es irregulares... \"O CMDUA est\u00e1 flexibilizando a lei do plano diretor, de uma forma impactante na vida da cidade. Mudam regime com a maior\u2026","rel":"","context":"Em &quot;Geral&quot;","block_context":{"text":"Geral","link":"https:\/\/www.jornalja.com.br\/arquivo\/category\/geral\/"},"img":{"alt_text":"","src":"","width":0,"height":0},"classes":[]},{"id":5440,"url":"https:\/\/www.jornalja.com.br\/arquivo\/casarao-da-venancio-destino-permanece-incerto\/","url_meta":{"origin":62416,"position":1},"title":"Estado ainda n\u00e3o sabe o que fazer com casar\u00e3o abandonado h\u00e1 20 anos","author":"Elmar Bones","date":"6 de julho de 2009","format":false,"excerpt":"O casar\u00e3o amarelo, numa esquina nobre de Porto Alegre (Ven\u00e2ncio Aires com Jo\u00e3o Pessoa), j\u00e1 abrigou uma escola. H\u00e1 duas d\u00e9cadas, pelo menos, est\u00e1 abandonado, porque seu propriet\u00e1rio, o governo do Estado do Rio Grande do Sul, n\u00e3o consegue achar um destino para ele. Planos n\u00e3o faltaram. O governador Ol\u00edvio\u2026","rel":"","context":"Em &quot;X.Categorias velhas&quot;","block_context":{"text":"X.Categorias velhas","link":"https:\/\/www.jornalja.com.br\/arquivo\/category\/x-categorias-velhas\/"},"img":{"alt_text":"geraldo1","src":"https:\/\/i0.wp.com\/www.jornalja.com.br\/wp-content\/uploads\/2009\/07\/geraldo1.jpg?resize=350%2C200&ssl=1","width":350,"height":200},"classes":[]},{"id":14241,"url":"https:\/\/www.jornalja.com.br\/arquivo\/o-guaiba-nas-imagens-poeticas-de-achutti\/","url_meta":{"origin":62416,"position":2},"title":"O Gua\u00edba nas imagens po\u00e9ticas de Achutti","author":"da Reda\u00e7\u00e3o","date":"18 de junho de 2014","format":false,"excerpt":"Em \u201cO Gua\u00edba por Achutti\u201d \u2013 obra financiada via Minist\u00e9rio da Cultura, produ\u00e7\u00e3o executiva de Pedro Longhi, e Fl\u00e1vio Wild como designer \u2013, o fot\u00f3grafo revela a beleza e as mazelas de um espa\u00e7o aqu\u00e1tico de \u00e1guas sempre renovadas, cheio de hist\u00f3rias e lendas como as das cidades que foram\u2026","rel":"","context":"Em &quot;Cultura-Geral&quot;","block_context":{"text":"Cultura-Geral","link":"https:\/\/www.jornalja.com.br\/arquivo\/category\/materiasecundaria\/"},"img":{"alt_text":"","src":"","width":0,"height":0},"classes":[]},{"id":13240,"url":"https:\/\/www.jornalja.com.br\/arquivo\/plano-diretor-estamos-construindo-o-caos\/","url_meta":{"origin":62416,"position":3},"title":"Plano diretor: &quot;Estamos construindo o caos&quot;","author":"Patr\u00edcia Marini","date":"26 de maio de 2014","format":false,"excerpt":"Desabafo que arquiteta Eliana Castilhos, delegada da Regi\u00e3o de Planejamento 1, postou nas redes sociais \u00e9 um testemunho do ambiente que se criou no Conselho do Plano Diretor de Porto Alegre, onde a aprova\u00e7\u00e3o de grandes empreendimentos \u00e9 empurrada guela abaixo dos conselheiros. Ao CMDUA Como delegada da Regi\u00e3o de\u2026","rel":"","context":"Em &quot;Geral&quot;","block_context":{"text":"Geral","link":"https:\/\/www.jornalja.com.br\/arquivo\/category\/geral\/"},"img":{"alt_text":"","src":"","width":0,"height":0},"classes":[]},{"id":13109,"url":"https:\/\/www.jornalja.com.br\/arquivo\/judiciario-reconhece-poluicao-eletromagnetica\/","url_meta":{"origin":62416,"position":4},"title":"Judici\u00e1rio reconhece polui\u00e7\u00e3o eletromagn\u00e9tica","author":"Patr\u00edcia Marini","date":"16 de maio de 2014","format":false,"excerpt":"A\u00e7\u00e3o de duas associa\u00e7\u00f5es de moradores foi acolhida pelo Tribunal de Justi\u00e7a de S\u00e3o Paulo que. em decis\u00e3o in\u00e9dita, determinou a redu\u00e7\u00e3o do campo eletromagn\u00e9tico gerado pelas linhas de transmiss\u00e3o de energia que cortam os bairros City Boa\u00e7ava e Alto de Pinheiros. \u00c9 a primeira vez que um tribunal do\u2026","rel":"","context":"Em &quot;X.Categorias velhas&quot;","block_context":{"text":"X.Categorias velhas","link":"https:\/\/www.jornalja.com.br\/arquivo\/category\/x-categorias-velhas\/"},"img":{"alt_text":"","src":"","width":0,"height":0},"classes":[]},{"id":13124,"url":"https:\/\/www.jornalja.com.br\/arquivo\/sangue-latino-no-iecine\/","url_meta":{"origin":62416,"position":5},"title":"Sangue latino no IECINE","author":"da Reda\u00e7\u00e3o","date":"18 de maio de 2014","format":false,"excerpt":"Francisco Ribeiro O Instituto Estadual de Cinema (IECINE) tem a frente, desde abril \u00faltimo, um novo diretor, o cineasta colombiano Juan Zapata, 36, que substitui Luiz Alberto Cassol. Radicado h\u00e1 dez anos em Porto Alegre, Zapata tem diante de si o desafio de conduzir at\u00e9 o final do ano um\u2026","rel":"","context":"Em &quot;Cultura-Geral&quot;","block_context":{"text":"Cultura-Geral","link":"https:\/\/www.jornalja.com.br\/arquivo\/category\/materiasecundaria\/"},"img":{"alt_text":"","src":"","width":0,"height":0},"classes":[]}],"jetpack_shortlink":"https:\/\/wp.me\/pbQjBd-geI","jetpack_featured_media_url":"","_links":{"self":[{"href":"https:\/\/www.jornalja.com.br\/arquivo\/wp-json\/wp\/v2\/posts\/62416","targetHints":{"allow":["GET"]}}],"collection":[{"href":"https:\/\/www.jornalja.com.br\/arquivo\/wp-json\/wp\/v2\/posts"}],"about":[{"href":"https:\/\/www.jornalja.com.br\/arquivo\/wp-json\/wp\/v2\/types\/post"}],"author":[{"embeddable":true,"href":"https:\/\/www.jornalja.com.br\/arquivo\/wp-json\/wp\/v2\/users\/4"}],"replies":[{"embeddable":true,"href":"https:\/\/www.jornalja.com.br\/arquivo\/wp-json\/wp\/v2\/comments?post=62416"}],"version-history":[{"count":0,"href":"https:\/\/www.jornalja.com.br\/arquivo\/wp-json\/wp\/v2\/posts\/62416\/revisions"}],"wp:attachment":[{"href":"https:\/\/www.jornalja.com.br\/arquivo\/wp-json\/wp\/v2\/media?parent=62416"}],"wp:term":[{"taxonomy":"category","embeddable":true,"href":"https:\/\/www.jornalja.com.br\/arquivo\/wp-json\/wp\/v2\/categories?post=62416"},{"taxonomy":"post_tag","embeddable":true,"href":"https:\/\/www.jornalja.com.br\/arquivo\/wp-json\/wp\/v2\/tags?post=62416"}],"curies":[{"name":"wp","href":"https:\/\/api.w.org\/{rel}","templated":true}]}}