{"id":62567,"date":"2018-05-24T16:16:18","date_gmt":"2018-05-24T19:16:18","guid":{"rendered":"https:\/\/www.jornalja.com.br\/?p=62567"},"modified":"2018-05-24T16:16:18","modified_gmt":"2018-05-24T19:16:18","slug":"definido-quanto-cada-partido-recebera-de-fundo-eleitoral","status":"publish","type":"post","link":"https:\/\/www.jornalja.com.br\/arquivo\/definido-quanto-cada-partido-recebera-de-fundo-eleitoral\/","title":{"rendered":"Definido quanto cada partido receber\u00e1 de fundo eleitoral"},"content":{"rendered":"<p>O plen\u00e1rio do Tribunal Superior Eleitoral (TSE) aprovou, por unanimidade, uma resolu\u00e7\u00e3o para regulamentar a distribui\u00e7\u00e3o de recursos do Fundo Eleitoral p\u00fablico, de R$ 1,716 bilh\u00e3o, para financiar campanhas.<br \/>\nEntre as principais defini\u00e7\u00f5es est\u00e1 a de que cada partido somente receber\u00e1 os recursos ap\u00f3s sua respectiva executiva nacional aprovar e divulgar amplamente os crit\u00e9rios para distribui\u00e7\u00e3o do dinheiro entre os candidatos.<br \/>\nDe acordo com os crit\u00e9rios definidos em lei, entre eles o tamanho das bancadas no Congresso no dia\u00a028 de agosto\u00a0de 2017, o TSE calculou qual a porcentagem dos recursos que caber\u00e1 a cada partido. A legenda que mais receber\u00e1 recursos ser\u00e1 o MDB (13,64%), que deve ficar com R$ 234,19 milh\u00f5es.<br \/>\nO segundo partido que receber\u00e1 mais recursos ser\u00e1 o PT (12,36%), com R$ 212,2 milh\u00f5es, seguido por: PSDB (10,83%), com R$ 185,8 milh\u00f5es; PP (7,63%), com R$ 130,9 milh\u00f5es; e PSB (6,92%), com R$ 118,7 milh\u00f5es. Partido Novo, PMB, PCO e PCB (0,57%) ser\u00e3o as legendas com menos recursos do Fundo Eleitoral, tendo direito a R$ 970 mil cada.<br \/>\nUma vez liberados, os valores devem ser transferidos para uma conta \u00fanica do diret\u00f3rio nacional de cada partido, que dever\u00e1, ent\u00e3o, promover a distribui\u00e7\u00e3o entre os candidatos, conforme os crit\u00e9rios divulgados anteriormente. Posteriormente, nas presta\u00e7\u00f5es de contas eleitorais, a Justi\u00e7a Eleitoral verificar\u00e1 se tais crit\u00e9rios foram obedecidos.<br \/>\nApesar do valor total do Fundo Eleitoral j\u00e1\u00a0ter\u00a0sido definido pelo Congresso no ano passado, a planilha divulgada pelo TSE n\u00e3o traz valores em reais, somente as porcentagens de cada partido.<br \/>\nSegundo o presidente da Corte, ministro Luiz Fux, isso se d\u00e1 por precau\u00e7\u00e3o, pois a Justi\u00e7a Eleitoral prefere aguardar o efetivo dep\u00f3sito dos recursos em uma conta espec\u00edfica, pois imprevistos que podem alterar o valor efetivamente disponibilizado e o c\u00e1lculo poderia n\u00e3o ser preciso.<br \/>\nA resolu\u00e7\u00e3o aprovada nesta\u00a0quinta\u00a0prev\u00ea ainda que 30% dos recursos de cada partido deve ser aplicado na candidatura de mulheres, conforme\u00a0confirmado na semana passada pelo pr\u00f3prio TSE.<br \/>\nDe acordo com a lei que criou o Fundo Eleitoral, os crit\u00e9rios para a distribui\u00e7\u00e3o para cada partido foram:<br \/>\nI &#8211; 2% (dois por cento), divididos igualitariamente entre todos os partidos com estatutos registrados no TSE;<br \/>\nII &#8211; 35% (trinta e cinco por cento), divididos entre os partidos que tenham pelo menos um representante na C\u00e2mara dos Deputados, na propor\u00e7\u00e3o do percentual de votos por eles obtidos na \u00faltima elei\u00e7\u00e3o geral para a C\u00e2mara dos Deputados;<br \/>\nIII &#8211; 48% (quarenta e oito por cento), divididos entre os partidos, na propor\u00e7\u00e3o do n\u00famero de representantes na C\u00e2mara dos Deputados, consideradas as legendas dos titulares;<br \/>\nIV &#8211; 15% (quinze por cento), divididos entre os partidos, na propor\u00e7\u00e3o do n\u00famero de representantes no Senado Federal, consideradas as legendas dos titulares.<br \/>\n<strong>Veja abaixo a porcentagem que cada partido tem direito no fundo eleitoral:<\/strong><br \/>\nPMDB &#8211; 13,64%<br \/>\nPT &#8211; 12,36%<br \/>\nPSDB &#8211; 10,83%<br \/>\nPP &#8211; 7,36%<br \/>\nPSB &#8211; 6,92%<br \/>\nPR &#8211; 6,59%<br \/>\nPSD &#8211; 6,52%<br \/>\nDEM &#8211; 5,19%<br \/>\nPRB &#8211; 3,9%<br \/>\nPTB &#8211; 3,62%<br \/>\nPDT &#8211; 3,58%<br \/>\nSD &#8211; 2,33%<br \/>\nPTN (Podemos) &#8211; 2,1%<br \/>\nPSC &#8211; 2,09%<br \/>\nPCdoB &#8211; 1,77%<br \/>\nPPS &#8211; 1,7%<br \/>\nPV &#8211; 1,43%<br \/>\nPSOL &#8211; 1,24%<br \/>\nPros &#8211; 1,23%<br \/>\nPHS &#8211; 1,05%<br \/>\nPTdoB (Avante) &#8211; 0,72%<br \/>\nRede &#8211; 0,62%<br \/>\nPatriota &#8211; 0,57%<br \/>\nPSL &#8211; 0,53%<br \/>\nPTC &#8211; 0,36%<br \/>\nPRP &#8211; 0,31%<br \/>\nPSDC &#8211; 0,24%<br \/>\nPMN &#8211; 0,22%<br \/>\nPRTB &#8211; 0,22%<br \/>\nPSTU &#8211; 0,57%<br \/>\nPPL &#8211; 0,57%<br \/>\nPCB &#8211; 0,57%<br \/>\nPCO &#8211; 0,57%<br \/>\nPMB &#8211; 0,57%<br \/>\nNovo &#8211; 0,57%<\/p>\n","protected":false},"excerpt":{"rendered":"<p>O plen\u00e1rio do Tribunal Superior Eleitoral (TSE) aprovou, por unanimidade, uma resolu\u00e7\u00e3o para regulamentar a distribui\u00e7\u00e3o de recursos do Fundo Eleitoral p\u00fablico, de R$ 1,716 bilh\u00e3o, para financiar campanhas. Entre as principais defini\u00e7\u00f5es est\u00e1 a de que cada partido somente receber\u00e1 os recursos ap\u00f3s sua respectiva executiva nacional aprovar e divulgar amplamente os crit\u00e9rios para [&hellip;]<\/p>\n","protected":false},"author":4,"featured_media":0,"comment_status":"open","ping_status":"closed","sticky":false,"template":"","format":"standard","meta":{"_jetpack_newsletter_access":"","_jetpack_dont_email_post_to_subs":false,"_jetpack_newsletter_tier_id":0,"_jetpack_memberships_contains_paywalled_content":false,"_jetpack_feature_clip_id":0,"_jetpack_memberships_contains_paid_content":false,"footnotes":"","jetpack_post_was_ever_published":false},"categories":[2022],"tags":[],"class_list":["post-62567","post","type-post","status-publish","format-standard","hentry","category-notas"],"aioseo_notices":[],"aioseo_head":"\n\t\t<!-- All in One SEO 5.0.1.1 - aioseo.com -->\n\t<meta name=\"robots\" content=\"max-image-preview:large\" \/>\n\t<meta name=\"author\" content=\"da Reda\u00e7\u00e3o\"\/>\n\t<link rel=\"canonical\" href=\"https:\/\/www.jornalja.com.br\/arquivo\/definido-quanto-cada-partido-recebera-de-fundo-eleitoral\/\" \/>\n\t<meta name=\"generator\" content=\"All in One SEO (AIOSEO) 5.0.1.1\" \/>\n\t\t<meta property=\"og:locale\" content=\"pt_BR\" \/>\n\t\t<meta property=\"og:site_name\" content=\"Arquivo | Jornal J\u00c1 | Porto Alegre\" \/>\n\t\t<meta property=\"og:type\" content=\"article\" \/>\n\t\t<meta property=\"og:title\" content=\"Definido quanto cada partido receber\u00e1 de fundo eleitoral | Arquivo\" \/>\n\t\t<meta property=\"og:url\" content=\"https:\/\/www.jornalja.com.br\/arquivo\/definido-quanto-cada-partido-recebera-de-fundo-eleitoral\/\" \/>\n\t\t<meta property=\"og:image\" content=\"https:\/\/www.jornalja.com.br\/economics\/wp-content\/uploads\/sites\/11\/2026\/08\/ja-folhaderosto-facebook.jpg\" \/>\n\t\t<meta property=\"og:image:secure_url\" content=\"https:\/\/www.jornalja.com.br\/economics\/wp-content\/uploads\/sites\/11\/2026\/08\/ja-folhaderosto-facebook.jpg\" \/>\n\t\t<meta property=\"article:published_time\" content=\"2018-05-24T19:16:18+00:00\" \/>\n\t\t<meta property=\"article:modified_time\" content=\"2018-05-24T19:16:18+00:00\" \/>\n\t\t<meta name=\"twitter:card\" content=\"summary\" \/>\n\t\t<meta name=\"twitter:title\" content=\"Definido quanto cada partido receber\u00e1 de fundo eleitoral | Arquivo\" \/>\n\t\t<meta name=\"twitter:image\" content=\"https:\/\/www.jornalja.com.br\/economics\/wp-content\/uploads\/sites\/11\/2026\/08\/ja-folhaderosto-facebook.jpg\" \/>\n\t\t<script type=\"application\/ld+json\" class=\"aioseo-schema\">\n\t\t\t{\"@context\":\"https:\\\/\\\/schema.org\",\"@graph\":[{\"@type\":\"BlogPosting\",\"@id\":\"https:\\\/\\\/www.jornalja.com.br\\\/arquivo\\\/definido-quanto-cada-partido-recebera-de-fundo-eleitoral\\\/#blogposting\",\"name\":\"Definido quanto cada partido receber\\u00e1 de fundo eleitoral | Arquivo\",\"headline\":\"Definido quanto cada partido receber\\u00e1 de fundo eleitoral\",\"author\":{\"@id\":\"https:\\\/\\\/www.jornalja.com.br\\\/arquivo\\\/author\\\/daredacao\\\/#author\"},\"publisher\":{\"@id\":\"https:\\\/\\\/www.jornalja.com.br\\\/arquivo\\\/#organization\"},\"image\":{\"@type\":\"ImageObject\",\"url\":\"https:\\\/\\\/www.jornalja.com.br\\\/wp-content\\\/uploads\\\/cards\\\/JAslogan.png\",\"@id\":\"https:\\\/\\\/www.jornalja.com.br\\\/arquivo\\\/#articleImage\"},\"datePublished\":\"2018-05-24T16:16:18-03:00\",\"dateModified\":\"2018-05-24T16:16:18-03:00\",\"inLanguage\":\"pt-BR\",\"mainEntityOfPage\":{\"@id\":\"https:\\\/\\\/www.jornalja.com.br\\\/arquivo\\\/definido-quanto-cada-partido-recebera-de-fundo-eleitoral\\\/#webpage\"},\"isPartOf\":{\"@id\":\"https:\\\/\\\/www.jornalja.com.br\\\/arquivo\\\/definido-quanto-cada-partido-recebera-de-fundo-eleitoral\\\/#webpage\"},\"articleSection\":\"NOTAS\"},{\"@type\":\"BreadcrumbList\",\"@id\":\"https:\\\/\\\/www.jornalja.com.br\\\/arquivo\\\/definido-quanto-cada-partido-recebera-de-fundo-eleitoral\\\/#breadcrumblist\",\"itemListElement\":[{\"@type\":\"ListItem\",\"@id\":\"https:\\\/\\\/www.jornalja.com.br\\\/arquivo#listItem\",\"position\":1,\"name\":\"Home\",\"item\":\"https:\\\/\\\/www.jornalja.com.br\\\/arquivo\",\"nextItem\":{\"@type\":\"ListItem\",\"@id\":\"https:\\\/\\\/www.jornalja.com.br\\\/arquivo\\\/category\\\/notas\\\/#listItem\",\"name\":\"NOTAS\"}},{\"@type\":\"ListItem\",\"@id\":\"https:\\\/\\\/www.jornalja.com.br\\\/arquivo\\\/category\\\/notas\\\/#listItem\",\"position\":2,\"name\":\"NOTAS\",\"item\":\"https:\\\/\\\/www.jornalja.com.br\\\/arquivo\\\/category\\\/notas\\\/\",\"nextItem\":{\"@type\":\"ListItem\",\"@id\":\"https:\\\/\\\/www.jornalja.com.br\\\/arquivo\\\/definido-quanto-cada-partido-recebera-de-fundo-eleitoral\\\/#listItem\",\"name\":\"Definido quanto cada partido receber\\u00e1 de fundo eleitoral\"},\"previousItem\":{\"@type\":\"ListItem\",\"@id\":\"https:\\\/\\\/www.jornalja.com.br\\\/arquivo#listItem\",\"name\":\"Home\"}},{\"@type\":\"ListItem\",\"@id\":\"https:\\\/\\\/www.jornalja.com.br\\\/arquivo\\\/definido-quanto-cada-partido-recebera-de-fundo-eleitoral\\\/#listItem\",\"position\":3,\"name\":\"Definido quanto cada partido receber\\u00e1 de fundo eleitoral\",\"previousItem\":{\"@type\":\"ListItem\",\"@id\":\"https:\\\/\\\/www.jornalja.com.br\\\/arquivo\\\/category\\\/notas\\\/#listItem\",\"name\":\"NOTAS\"}}]},{\"@type\":\"Organization\",\"@id\":\"https:\\\/\\\/www.jornalja.com.br\\\/arquivo\\\/#organization\",\"name\":\"Jornal J\\u00c1\",\"description\":\"Jornal J\\u00c1 | Porto Alegre\",\"url\":\"https:\\\/\\\/www.jornalja.com.br\\\/arquivo\\\/\",\"telephone\":\"+555133307272\",\"logo\":{\"@type\":\"ImageObject\",\"url\":\"https:\\\/\\\/www.jornalja.com.br\\\/wp-content\\\/uploads\\\/cards\\\/JAslogan.png\",\"@id\":\"https:\\\/\\\/www.jornalja.com.br\\\/arquivo\\\/definido-quanto-cada-partido-recebera-de-fundo-eleitoral\\\/#organizationLogo\"},\"image\":{\"@id\":\"https:\\\/\\\/www.jornalja.com.br\\\/arquivo\\\/definido-quanto-cada-partido-recebera-de-fundo-eleitoral\\\/#organizationLogo\"}},{\"@type\":\"Person\",\"@id\":\"https:\\\/\\\/www.jornalja.com.br\\\/arquivo\\\/author\\\/daredacao\\\/#author\",\"url\":\"https:\\\/\\\/www.jornalja.com.br\\\/arquivo\\\/author\\\/daredacao\\\/\",\"name\":\"da Reda\\u00e7\\u00e3o\",\"image\":{\"@type\":\"ImageObject\",\"@id\":\"https:\\\/\\\/www.jornalja.com.br\\\/arquivo\\\/definido-quanto-cada-partido-recebera-de-fundo-eleitoral\\\/#authorImage\",\"url\":\"https:\\\/\\\/secure.gravatar.com\\\/avatar\\\/469fd857d6605ad19919d27ed29d35a968a25f6e8fd9318356bbb7f57aae9c65?s=96&d=mm&r=g\",\"width\":96,\"height\":96,\"caption\":\"da Reda\\u00e7\\u00e3o\"}},{\"@type\":\"WebPage\",\"@id\":\"https:\\\/\\\/www.jornalja.com.br\\\/arquivo\\\/definido-quanto-cada-partido-recebera-de-fundo-eleitoral\\\/#webpage\",\"url\":\"https:\\\/\\\/www.jornalja.com.br\\\/arquivo\\\/definido-quanto-cada-partido-recebera-de-fundo-eleitoral\\\/\",\"name\":\"Definido quanto cada partido receber\\u00e1 de fundo eleitoral | Arquivo\",\"inLanguage\":\"pt-BR\",\"isPartOf\":{\"@id\":\"https:\\\/\\\/www.jornalja.com.br\\\/arquivo\\\/#website\"},\"breadcrumb\":{\"@id\":\"https:\\\/\\\/www.jornalja.com.br\\\/arquivo\\\/definido-quanto-cada-partido-recebera-de-fundo-eleitoral\\\/#breadcrumblist\"},\"author\":{\"@id\":\"https:\\\/\\\/www.jornalja.com.br\\\/arquivo\\\/author\\\/daredacao\\\/#author\"},\"creator\":{\"@id\":\"https:\\\/\\\/www.jornalja.com.br\\\/arquivo\\\/author\\\/daredacao\\\/#author\"},\"datePublished\":\"2018-05-24T16:16:18-03:00\",\"dateModified\":\"2018-05-24T16:16:18-03:00\"},{\"@type\":\"WebSite\",\"@id\":\"https:\\\/\\\/www.jornalja.com.br\\\/arquivo\\\/#website\",\"url\":\"https:\\\/\\\/www.jornalja.com.br\\\/arquivo\\\/\",\"name\":\"Arquivo\",\"description\":\"Jornal J\\u00c1 | Porto Alegre\",\"inLanguage\":\"pt-BR\",\"publisher\":{\"@id\":\"https:\\\/\\\/www.jornalja.com.br\\\/arquivo\\\/#organization\"}}]}\n\t\t<\/script>\n\t\t<!-- All in One SEO -->\n\n","aioseo_head_json":{"title":"Definido quanto cada partido receber\u00e1 de fundo eleitoral | Arquivo","description":"","canonical_url":"https:\/\/www.jornalja.com.br\/arquivo\/definido-quanto-cada-partido-recebera-de-fundo-eleitoral\/","robots":"max-image-preview:large","keywords":"","webmasterTools":{"miscellaneous":""},"schema":{"@context":"https:\/\/schema.org","@graph":[{"@type":"BlogPosting","@id":"https:\/\/www.jornalja.com.br\/arquivo\/definido-quanto-cada-partido-recebera-de-fundo-eleitoral\/#blogposting","name":"Definido quanto cada partido receber\u00e1 de fundo eleitoral | Arquivo","headline":"Definido quanto cada partido receber\u00e1 de fundo eleitoral","author":{"@id":"https:\/\/www.jornalja.com.br\/arquivo\/author\/daredacao\/#author"},"publisher":{"@id":"https:\/\/www.jornalja.com.br\/arquivo\/#organization"},"image":{"@type":"ImageObject","url":"https:\/\/www.jornalja.com.br\/wp-content\/uploads\/cards\/JAslogan.png","@id":"https:\/\/www.jornalja.com.br\/arquivo\/#articleImage"},"datePublished":"2018-05-24T16:16:18-03:00","dateModified":"2018-05-24T16:16:18-03:00","inLanguage":"pt-BR","mainEntityOfPage":{"@id":"https:\/\/www.jornalja.com.br\/arquivo\/definido-quanto-cada-partido-recebera-de-fundo-eleitoral\/#webpage"},"isPartOf":{"@id":"https:\/\/www.jornalja.com.br\/arquivo\/definido-quanto-cada-partido-recebera-de-fundo-eleitoral\/#webpage"},"articleSection":"NOTAS"},{"@type":"BreadcrumbList","@id":"https:\/\/www.jornalja.com.br\/arquivo\/definido-quanto-cada-partido-recebera-de-fundo-eleitoral\/#breadcrumblist","itemListElement":[{"@type":"ListItem","@id":"https:\/\/www.jornalja.com.br\/arquivo#listItem","position":1,"name":"Home","item":"https:\/\/www.jornalja.com.br\/arquivo","nextItem":{"@type":"ListItem","@id":"https:\/\/www.jornalja.com.br\/arquivo\/category\/notas\/#listItem","name":"NOTAS"}},{"@type":"ListItem","@id":"https:\/\/www.jornalja.com.br\/arquivo\/category\/notas\/#listItem","position":2,"name":"NOTAS","item":"https:\/\/www.jornalja.com.br\/arquivo\/category\/notas\/","nextItem":{"@type":"ListItem","@id":"https:\/\/www.jornalja.com.br\/arquivo\/definido-quanto-cada-partido-recebera-de-fundo-eleitoral\/#listItem","name":"Definido quanto cada partido receber\u00e1 de fundo eleitoral"},"previousItem":{"@type":"ListItem","@id":"https:\/\/www.jornalja.com.br\/arquivo#listItem","name":"Home"}},{"@type":"ListItem","@id":"https:\/\/www.jornalja.com.br\/arquivo\/definido-quanto-cada-partido-recebera-de-fundo-eleitoral\/#listItem","position":3,"name":"Definido quanto cada partido receber\u00e1 de fundo eleitoral","previousItem":{"@type":"ListItem","@id":"https:\/\/www.jornalja.com.br\/arquivo\/category\/notas\/#listItem","name":"NOTAS"}}]},{"@type":"Organization","@id":"https:\/\/www.jornalja.com.br\/arquivo\/#organization","name":"Jornal J\u00c1","description":"Jornal J\u00c1 | Porto Alegre","url":"https:\/\/www.jornalja.com.br\/arquivo\/","telephone":"+555133307272","logo":{"@type":"ImageObject","url":"https:\/\/www.jornalja.com.br\/wp-content\/uploads\/cards\/JAslogan.png","@id":"https:\/\/www.jornalja.com.br\/arquivo\/definido-quanto-cada-partido-recebera-de-fundo-eleitoral\/#organizationLogo"},"image":{"@id":"https:\/\/www.jornalja.com.br\/arquivo\/definido-quanto-cada-partido-recebera-de-fundo-eleitoral\/#organizationLogo"}},{"@type":"Person","@id":"https:\/\/www.jornalja.com.br\/arquivo\/author\/daredacao\/#author","url":"https:\/\/www.jornalja.com.br\/arquivo\/author\/daredacao\/","name":"da Reda\u00e7\u00e3o","image":{"@type":"ImageObject","@id":"https:\/\/www.jornalja.com.br\/arquivo\/definido-quanto-cada-partido-recebera-de-fundo-eleitoral\/#authorImage","url":"https:\/\/secure.gravatar.com\/avatar\/469fd857d6605ad19919d27ed29d35a968a25f6e8fd9318356bbb7f57aae9c65?s=96&d=mm&r=g","width":96,"height":96,"caption":"da Reda\u00e7\u00e3o"}},{"@type":"WebPage","@id":"https:\/\/www.jornalja.com.br\/arquivo\/definido-quanto-cada-partido-recebera-de-fundo-eleitoral\/#webpage","url":"https:\/\/www.jornalja.com.br\/arquivo\/definido-quanto-cada-partido-recebera-de-fundo-eleitoral\/","name":"Definido quanto cada partido receber\u00e1 de fundo eleitoral | Arquivo","inLanguage":"pt-BR","isPartOf":{"@id":"https:\/\/www.jornalja.com.br\/arquivo\/#website"},"breadcrumb":{"@id":"https:\/\/www.jornalja.com.br\/arquivo\/definido-quanto-cada-partido-recebera-de-fundo-eleitoral\/#breadcrumblist"},"author":{"@id":"https:\/\/www.jornalja.com.br\/arquivo\/author\/daredacao\/#author"},"creator":{"@id":"https:\/\/www.jornalja.com.br\/arquivo\/author\/daredacao\/#author"},"datePublished":"2018-05-24T16:16:18-03:00","dateModified":"2018-05-24T16:16:18-03:00"},{"@type":"WebSite","@id":"https:\/\/www.jornalja.com.br\/arquivo\/#website","url":"https:\/\/www.jornalja.com.br\/arquivo\/","name":"Arquivo","description":"Jornal J\u00c1 | Porto Alegre","inLanguage":"pt-BR","publisher":{"@id":"https:\/\/www.jornalja.com.br\/arquivo\/#organization"}}]},"og:locale":"pt_BR","og:site_name":"Arquivo | Jornal J\u00c1 | Porto Alegre","og:type":"article","og:title":"Definido quanto cada partido receber\u00e1 de fundo eleitoral | Arquivo","og:url":"https:\/\/www.jornalja.com.br\/arquivo\/definido-quanto-cada-partido-recebera-de-fundo-eleitoral\/","og:image":"https:\/\/www.jornalja.com.br\/economics\/wp-content\/uploads\/sites\/11\/2026\/08\/ja-folhaderosto-facebook.jpg","og:image:secure_url":"https:\/\/www.jornalja.com.br\/economics\/wp-content\/uploads\/sites\/11\/2026\/08\/ja-folhaderosto-facebook.jpg","article:published_time":"2018-05-24T19:16:18+00:00","article:modified_time":"2018-05-24T19:16:18+00:00","twitter:card":"summary","twitter:title":"Definido quanto cada partido receber\u00e1 de fundo eleitoral | Arquivo","twitter:image":"https:\/\/www.jornalja.com.br\/economics\/wp-content\/uploads\/sites\/11\/2026\/08\/ja-folhaderosto-facebook.jpg"},"aioseo_meta_data":{"post_id":"62567","title":null,"description":null,"keywords":null,"keyphrases":null,"primary_term":null,"canonical_url":null,"og_title":null,"og_description":null,"og_object_type":"default","og_image_type":"default","og_image_url":null,"og_image_width":null,"og_image_height":null,"og_image_custom_url":null,"og_image_custom_fields":null,"og_video":null,"og_custom_url":null,"og_article_section":null,"og_article_tags":null,"twitter_use_og":false,"twitter_card":"default","twitter_image_type":"default","twitter_image_url":null,"twitter_image_custom_url":null,"twitter_image_custom_fields":null,"twitter_title":null,"twitter_description":null,"schema":{"blockGraphs":[],"customGraphs":[],"default":{"data":{"Article":[],"Course":[],"Dataset":[],"FAQPage":[],"Movie":[],"Person":[],"Product":[],"ProductReview":[],"Car":[],"Recipe":[],"Service":[],"SoftwareApplication":[],"WebPage":[]},"graphName":"","isEnabled":true},"graphs":[],"defaultGraph":"","defaultPostTypeGraph":""},"schema_type":null,"schema_type_options":null,"pillar_content":false,"robots_default":true,"robots_noindex":false,"robots_noarchive":false,"robots_nosnippet":false,"robots_nofollow":false,"robots_noimageindex":false,"robots_noodp":false,"robots_notranslate":false,"robots_max_snippet":null,"robots_max_videopreview":null,"robots_max_imagepreview":"large","priority":null,"frequency":null,"location":null,"local_seo":null,"breadcrumb_settings":null,"limit_modified_date":false,"ai":null,"created":"2020-12-20 20:13:59","updated":"2025-07-20 04:30:25","seo_analyzer_scan_date":null,"focus_keyword":null,"additional_keywords":null,"truseo_locale":null},"jetpack_sharing_enabled":true,"jetpack-related-posts":[{"id":13124,"url":"https:\/\/www.jornalja.com.br\/arquivo\/sangue-latino-no-iecine\/","url_meta":{"origin":62567,"position":0},"title":"Sangue latino no IECINE","author":"da Reda\u00e7\u00e3o","date":"18 de maio de 2014","format":false,"excerpt":"Francisco Ribeiro O Instituto Estadual de Cinema (IECINE) tem a frente, desde abril \u00faltimo, um novo diretor, o cineasta colombiano Juan Zapata, 36, que substitui Luiz Alberto Cassol. Radicado h\u00e1 dez anos em Porto Alegre, Zapata tem diante de si o desafio de conduzir at\u00e9 o final do ano um\u2026","rel":"","context":"Em &quot;Cultura-Geral&quot;","block_context":{"text":"Cultura-Geral","link":"https:\/\/www.jornalja.com.br\/arquivo\/category\/materiasecundaria\/"},"img":{"alt_text":"","src":"","width":0,"height":0},"classes":[]},{"id":13240,"url":"https:\/\/www.jornalja.com.br\/arquivo\/plano-diretor-estamos-construindo-o-caos\/","url_meta":{"origin":62567,"position":1},"title":"Plano diretor: &quot;Estamos construindo o caos&quot;","author":"Patr\u00edcia Marini","date":"26 de maio de 2014","format":false,"excerpt":"Desabafo que arquiteta Eliana Castilhos, delegada da Regi\u00e3o de Planejamento 1, postou nas redes sociais \u00e9 um testemunho do ambiente que se criou no Conselho do Plano Diretor de Porto Alegre, onde a aprova\u00e7\u00e3o de grandes empreendimentos \u00e9 empurrada guela abaixo dos conselheiros. Ao CMDUA Como delegada da Regi\u00e3o de\u2026","rel":"","context":"Em &quot;Geral&quot;","block_context":{"text":"Geral","link":"https:\/\/www.jornalja.com.br\/arquivo\/category\/geral\/"},"img":{"alt_text":"","src":"","width":0,"height":0},"classes":[]},{"id":13128,"url":"https:\/\/www.jornalja.com.br\/arquivo\/maconha-terra-diz-que-uso-medicinal-e-desculpa\/","url_meta":{"origin":62567,"position":2},"title":"Maconha: Terra diz que uso medicinal \u00e9 desculpa","author":"Patr\u00edcia Marini","date":"4 de junho de 2014","format":false,"excerpt":"A condi\u00e7\u00e3o de pol\u00edtico, em \u00e9poca de campanha de campanha eleitoral, tira for\u00e7a do discurso do m\u00e9dico Osmar Terra contra a legaliza\u00e7\u00e3o da maconha. A tese dele de que a libera\u00e7\u00e3o vai ampliar exponencialmente o consumo \u00e9 discutivel, o consumo \u00e9 corrente. Mas seus alertas quanto aos riscos tem que\u2026","rel":"","context":"Em &quot;X.Categorias velhas&quot;","block_context":{"text":"X.Categorias velhas","link":"https:\/\/www.jornalja.com.br\/arquivo\/category\/x-categorias-velhas\/"},"img":{"alt_text":"","src":"","width":0,"height":0},"classes":[]},{"id":14241,"url":"https:\/\/www.jornalja.com.br\/arquivo\/o-guaiba-nas-imagens-poeticas-de-achutti\/","url_meta":{"origin":62567,"position":3},"title":"O Gua\u00edba nas imagens po\u00e9ticas de Achutti","author":"da Reda\u00e7\u00e3o","date":"18 de junho de 2014","format":false,"excerpt":"Em \u201cO Gua\u00edba por Achutti\u201d \u2013 obra financiada via Minist\u00e9rio da Cultura, produ\u00e7\u00e3o executiva de Pedro Longhi, e Fl\u00e1vio Wild como designer \u2013, o fot\u00f3grafo revela a beleza e as mazelas de um espa\u00e7o aqu\u00e1tico de \u00e1guas sempre renovadas, cheio de hist\u00f3rias e lendas como as das cidades que foram\u2026","rel":"","context":"Em &quot;Cultura-Geral&quot;","block_context":{"text":"Cultura-Geral","link":"https:\/\/www.jornalja.com.br\/arquivo\/category\/materiasecundaria\/"},"img":{"alt_text":"","src":"","width":0,"height":0},"classes":[]},{"id":13109,"url":"https:\/\/www.jornalja.com.br\/arquivo\/judiciario-reconhece-poluicao-eletromagnetica\/","url_meta":{"origin":62567,"position":4},"title":"Judici\u00e1rio reconhece polui\u00e7\u00e3o eletromagn\u00e9tica","author":"Patr\u00edcia Marini","date":"16 de maio de 2014","format":false,"excerpt":"A\u00e7\u00e3o de duas associa\u00e7\u00f5es de moradores foi acolhida pelo Tribunal de Justi\u00e7a de S\u00e3o Paulo que. em decis\u00e3o in\u00e9dita, determinou a redu\u00e7\u00e3o do campo eletromagn\u00e9tico gerado pelas linhas de transmiss\u00e3o de energia que cortam os bairros City Boa\u00e7ava e Alto de Pinheiros. \u00c9 a primeira vez que um tribunal do\u2026","rel":"","context":"Em &quot;X.Categorias velhas&quot;","block_context":{"text":"X.Categorias velhas","link":"https:\/\/www.jornalja.com.br\/arquivo\/category\/x-categorias-velhas\/"},"img":{"alt_text":"","src":"","width":0,"height":0},"classes":[]},{"id":13239,"url":"https:\/\/www.jornalja.com.br\/arquivo\/conselho-desdenha-do-plano-diretor\/","url_meta":{"origin":62567,"position":5},"title":"Porto Alegre: Conselho detona Plano Diretor","author":"Patr\u00edcia Marini","date":"25 de maio de 2014","format":false,"excerpt":"Den\u00fancia do arquiteto e \u00a0urbanista Ibir\u00e1 Santos Lucas. Ele diz que os conselheiros est\u00e3o votando com \"enorme irresponsabilidade\". \"Mudam regime com a maior naturalidade,,,regularizam absurdos de constru\u00e7\u00f5es irregulares... \"O CMDUA est\u00e1 flexibilizando a lei do plano diretor, de uma forma impactante na vida da cidade. Mudam regime com a maior\u2026","rel":"","context":"Em &quot;Geral&quot;","block_context":{"text":"Geral","link":"https:\/\/www.jornalja.com.br\/arquivo\/category\/geral\/"},"img":{"alt_text":"","src":"","width":0,"height":0},"classes":[]}],"jetpack_shortlink":"https:\/\/wp.me\/pbQjBd-gh9","jetpack_featured_media_url":"","_links":{"self":[{"href":"https:\/\/www.jornalja.com.br\/arquivo\/wp-json\/wp\/v2\/posts\/62567","targetHints":{"allow":["GET"]}}],"collection":[{"href":"https:\/\/www.jornalja.com.br\/arquivo\/wp-json\/wp\/v2\/posts"}],"about":[{"href":"https:\/\/www.jornalja.com.br\/arquivo\/wp-json\/wp\/v2\/types\/post"}],"author":[{"embeddable":true,"href":"https:\/\/www.jornalja.com.br\/arquivo\/wp-json\/wp\/v2\/users\/4"}],"replies":[{"embeddable":true,"href":"https:\/\/www.jornalja.com.br\/arquivo\/wp-json\/wp\/v2\/comments?post=62567"}],"version-history":[{"count":0,"href":"https:\/\/www.jornalja.com.br\/arquivo\/wp-json\/wp\/v2\/posts\/62567\/revisions"}],"wp:attachment":[{"href":"https:\/\/www.jornalja.com.br\/arquivo\/wp-json\/wp\/v2\/media?parent=62567"}],"wp:term":[{"taxonomy":"category","embeddable":true,"href":"https:\/\/www.jornalja.com.br\/arquivo\/wp-json\/wp\/v2\/categories?post=62567"},{"taxonomy":"post_tag","embeddable":true,"href":"https:\/\/www.jornalja.com.br\/arquivo\/wp-json\/wp\/v2\/tags?post=62567"}],"curies":[{"name":"wp","href":"https:\/\/api.w.org\/{rel}","templated":true}]}}