{"id":63230,"date":"2018-06-20T10:33:56","date_gmt":"2018-06-20T13:33:56","guid":{"rendered":"https:\/\/www.jornalja.com.br\/?p=63230"},"modified":"2018-06-20T10:33:56","modified_gmt":"2018-06-20T13:33:56","slug":"tce-recorre-de-decisao-do-judiciario-sobre-extincao-das-fundacoes-estaduais","status":"publish","type":"post","link":"https:\/\/www.jornalja.com.br\/arquivo\/tce-recorre-de-decisao-do-judiciario-sobre-extincao-das-fundacoes-estaduais\/","title":{"rendered":"TCE recorre de decis\u00e3o do Judici\u00e1rio sobre extin\u00e7\u00e3o das funda\u00e7\u00f5es estaduais"},"content":{"rendered":"<p>O Tribunal de Contas do Estado do Rio Grande do Sul (TCE-RS) recorreu da decis\u00e3o liminar do Tribunal de Justi\u00e7a (TJ-RS) que suspendeu medida cautelar anteriormente concedida pelo conselheiro Cezar Miola a respeito de cinco\u00a0\u00a0funda\u00e7\u00f5es em processo de extin\u00e7\u00e3o pelo Governo do Estado.<br \/>\nNo dia 12 de abril, o conselheiro havia determinado ao secret\u00e1rio estadual de Planejamento, Governan\u00e7a e Gest\u00e3o que se abstivesse de praticar qualquer ato do qual pudesse resultar a demiss\u00e3o de pessoal e\/ou a desmobiliza\u00e7\u00e3o das estruturas administrativa e operacional no \u00e2mbito da Funda\u00e7\u00e3o de Economia e Estat\u00edstica (FEE), Funda\u00e7\u00e3o Zoobot\u00e2nica (FZB), Funda\u00e7\u00e3o de Ci\u00eancia e Tecnologia (Cientec), Funda\u00e7\u00e3o para o Desenvolvimento de Recursos Humanos (FDRH), Funda\u00e7\u00e3o Piratini e Funda\u00e7\u00e3o Estadual de Planejamento Metropolitano e Regional (Metroplan). Foi tamb\u00e9m concedido prazo de 20 dias \u00e0 \u00e1rea t\u00e9cnica do TCE-RS para verificar se estava sendo garantida a continuidade dos servi\u00e7os p\u00fablicos prestados por essas institui\u00e7\u00f5es.<br \/>\nAcolhendo pedido formulado em mandado de seguran\u00e7a impetrado pelo Estado, o desembargador Luiz Felipe Silveira Difini concedeu liminar, no dia 22 de maio, autorizando a retomada da extin\u00e7\u00e3o das seis funda\u00e7\u00f5es, independentemente da exist\u00eancia de plano de transi\u00e7\u00e3o.<br \/>\nNo recurso, a Corte de Contas argumentou que a decis\u00e3o monocr\u00e1tica do conselheiro n\u00e3o desconsiderou decis\u00e3o anterior do plen\u00e1rio do TCE-RS:\u00a0\u00a0ao contr\u00e1rio, foi assim proferida justamente em atendimento a um comando expedido pelo \u00f3rg\u00e3o colegiado. O Tribunal de Contas tamb\u00e9m sustentou que, conforme a Suprema Corte, a possibilidade de emiss\u00e3o de cautelares pelos Tribunais de Contas decorre diretamente da Constitui\u00e7\u00e3o, sendo desnecess\u00e1ria sua previs\u00e3o expressa na Lei Org\u00e2nica do TCE-RS. Foi igualmente esclarecido que n\u00e3o houve usurpa\u00e7\u00e3o das compet\u00eancias do Tribunal de Justi\u00e7a, da Assembleia Legislativa e do Governo do Estado, j\u00e1 que a decis\u00e3o do conselheiro n\u00e3o questionou a constitucionalidade da lei e a legitimidade da op\u00e7\u00e3o pol\u00edtica de se extinguir ou n\u00e3o as funda\u00e7\u00f5es.<br \/>\nAinda segundo o recurso, a delibera\u00e7\u00e3o do TCE-RS, de exigir a exist\u00eancia de um plano de transi\u00e7\u00e3o, teve por objetivo assegurar a exata aplica\u00e7\u00e3o da lei, que expressamente prev\u00ea a continuidade dos servi\u00e7os at\u00e9 ent\u00e3o prestados pelas institui\u00e7\u00f5es em extin\u00e7\u00e3o. Foi tamb\u00e9m mencionado, a t\u00edtulo de argumenta\u00e7\u00e3o, que, segundo o Supremo Tribunal Federal, os Tribunais de Contas podem exercer o \u201ccontrole de constitucionalidade em concreto\u201d, n\u00e3o sendo compet\u00eancia exclusiva do Judici\u00e1rio. Por fim, o Tribunal de Contas afirmou que sua decis\u00e3o visou a proteger o interesse p\u00fablico. Ponderou que o preju\u00edzo em retardar a extin\u00e7\u00e3o das funda\u00e7\u00f5es \u00e9 menor do que o de eventual descontinuidade dos servi\u00e7os por elas prestados decorrente do encerramento de suas atividades sem plano de transi\u00e7\u00e3o.<br \/>\nAp\u00f3s a liminar do TJ-RS, a Associa\u00e7\u00e3o dos Membros dos Tribunais de Contas do Brasil (Atricon), emitiu uma nota t\u00e9cnica, reafirmando as compet\u00eancias dos Tribunais de Contas, especialmente quanto \u00e0 possibilidade de emiss\u00e3o de cautelares e realiza\u00e7\u00e3o de controle de constitucionalidade em concreto.<\/p>\n","protected":false},"excerpt":{"rendered":"<p>O Tribunal de Contas do Estado do Rio Grande do Sul (TCE-RS) recorreu da decis\u00e3o liminar do Tribunal de Justi\u00e7a (TJ-RS) que suspendeu medida cautelar anteriormente concedida pelo conselheiro Cezar Miola a respeito de cinco\u00a0\u00a0funda\u00e7\u00f5es em processo de extin\u00e7\u00e3o pelo Governo do Estado. No dia 12 de abril, o conselheiro havia determinado ao secret\u00e1rio estadual [&hellip;]<\/p>\n","protected":false},"author":4,"featured_media":0,"comment_status":"open","ping_status":"closed","sticky":false,"template":"","format":"standard","meta":{"_jetpack_newsletter_access":"","_jetpack_dont_email_post_to_subs":false,"_jetpack_newsletter_tier_id":0,"_jetpack_memberships_contains_paywalled_content":false,"_jetpack_feature_clip_id":0,"_jetpack_memberships_contains_paid_content":false,"footnotes":"","jetpack_post_was_ever_published":false},"categories":[2022],"tags":[],"class_list":["post-63230","post","type-post","status-publish","format-standard","hentry","category-notas"],"aioseo_notices":[],"aioseo_head":"\n\t\t<!-- All in One SEO 5.0.1.1 - aioseo.com -->\n\t<meta name=\"robots\" content=\"max-image-preview:large\" \/>\n\t<meta name=\"author\" content=\"da Reda\u00e7\u00e3o\"\/>\n\t<link rel=\"canonical\" href=\"https:\/\/www.jornalja.com.br\/arquivo\/tce-recorre-de-decisao-do-judiciario-sobre-extincao-das-fundacoes-estaduais\/\" \/>\n\t<meta name=\"generator\" content=\"All in One SEO (AIOSEO) 5.0.1.1\" \/>\n\t\t<meta property=\"og:locale\" content=\"pt_BR\" \/>\n\t\t<meta property=\"og:site_name\" content=\"Arquivo | Jornal J\u00c1 | Porto Alegre\" \/>\n\t\t<meta property=\"og:type\" content=\"article\" \/>\n\t\t<meta property=\"og:title\" content=\"TCE recorre de decis\u00e3o do Judici\u00e1rio sobre extin\u00e7\u00e3o das funda\u00e7\u00f5es estaduais | Arquivo\" \/>\n\t\t<meta property=\"og:url\" content=\"https:\/\/www.jornalja.com.br\/arquivo\/tce-recorre-de-decisao-do-judiciario-sobre-extincao-das-fundacoes-estaduais\/\" \/>\n\t\t<meta property=\"og:image\" content=\"https:\/\/www.jornalja.com.br\/economics\/wp-content\/uploads\/sites\/11\/2026\/08\/ja-folhaderosto-facebook.jpg\" \/>\n\t\t<meta property=\"og:image:secure_url\" content=\"https:\/\/www.jornalja.com.br\/economics\/wp-content\/uploads\/sites\/11\/2026\/08\/ja-folhaderosto-facebook.jpg\" \/>\n\t\t<meta property=\"article:published_time\" content=\"2018-06-20T13:33:56+00:00\" \/>\n\t\t<meta property=\"article:modified_time\" content=\"2018-06-20T13:33:56+00:00\" \/>\n\t\t<meta name=\"twitter:card\" content=\"summary\" \/>\n\t\t<meta name=\"twitter:title\" content=\"TCE recorre de decis\u00e3o do Judici\u00e1rio sobre extin\u00e7\u00e3o das funda\u00e7\u00f5es estaduais | Arquivo\" \/>\n\t\t<meta name=\"twitter:image\" content=\"https:\/\/www.jornalja.com.br\/economics\/wp-content\/uploads\/sites\/11\/2026\/08\/ja-folhaderosto-facebook.jpg\" \/>\n\t\t<script type=\"application\/ld+json\" class=\"aioseo-schema\">\n\t\t\t{\"@context\":\"https:\\\/\\\/schema.org\",\"@graph\":[{\"@type\":\"BlogPosting\",\"@id\":\"https:\\\/\\\/www.jornalja.com.br\\\/arquivo\\\/tce-recorre-de-decisao-do-judiciario-sobre-extincao-das-fundacoes-estaduais\\\/#blogposting\",\"name\":\"TCE recorre de decis\\u00e3o do Judici\\u00e1rio sobre extin\\u00e7\\u00e3o das funda\\u00e7\\u00f5es estaduais | Arquivo\",\"headline\":\"TCE recorre de decis\\u00e3o do Judici\\u00e1rio sobre extin\\u00e7\\u00e3o das funda\\u00e7\\u00f5es estaduais\",\"author\":{\"@id\":\"https:\\\/\\\/www.jornalja.com.br\\\/arquivo\\\/author\\\/daredacao\\\/#author\"},\"publisher\":{\"@id\":\"https:\\\/\\\/www.jornalja.com.br\\\/arquivo\\\/#organization\"},\"image\":{\"@type\":\"ImageObject\",\"url\":\"https:\\\/\\\/www.jornalja.com.br\\\/wp-content\\\/uploads\\\/cards\\\/JAslogan.png\",\"@id\":\"https:\\\/\\\/www.jornalja.com.br\\\/arquivo\\\/#articleImage\"},\"datePublished\":\"2018-06-20T10:33:56-03:00\",\"dateModified\":\"2018-06-20T10:33:56-03:00\",\"inLanguage\":\"pt-BR\",\"mainEntityOfPage\":{\"@id\":\"https:\\\/\\\/www.jornalja.com.br\\\/arquivo\\\/tce-recorre-de-decisao-do-judiciario-sobre-extincao-das-fundacoes-estaduais\\\/#webpage\"},\"isPartOf\":{\"@id\":\"https:\\\/\\\/www.jornalja.com.br\\\/arquivo\\\/tce-recorre-de-decisao-do-judiciario-sobre-extincao-das-fundacoes-estaduais\\\/#webpage\"},\"articleSection\":\"NOTAS\"},{\"@type\":\"BreadcrumbList\",\"@id\":\"https:\\\/\\\/www.jornalja.com.br\\\/arquivo\\\/tce-recorre-de-decisao-do-judiciario-sobre-extincao-das-fundacoes-estaduais\\\/#breadcrumblist\",\"itemListElement\":[{\"@type\":\"ListItem\",\"@id\":\"https:\\\/\\\/www.jornalja.com.br\\\/arquivo#listItem\",\"position\":1,\"name\":\"Home\",\"item\":\"https:\\\/\\\/www.jornalja.com.br\\\/arquivo\",\"nextItem\":{\"@type\":\"ListItem\",\"@id\":\"https:\\\/\\\/www.jornalja.com.br\\\/arquivo\\\/category\\\/notas\\\/#listItem\",\"name\":\"NOTAS\"}},{\"@type\":\"ListItem\",\"@id\":\"https:\\\/\\\/www.jornalja.com.br\\\/arquivo\\\/category\\\/notas\\\/#listItem\",\"position\":2,\"name\":\"NOTAS\",\"item\":\"https:\\\/\\\/www.jornalja.com.br\\\/arquivo\\\/category\\\/notas\\\/\",\"nextItem\":{\"@type\":\"ListItem\",\"@id\":\"https:\\\/\\\/www.jornalja.com.br\\\/arquivo\\\/tce-recorre-de-decisao-do-judiciario-sobre-extincao-das-fundacoes-estaduais\\\/#listItem\",\"name\":\"TCE recorre de decis\\u00e3o do Judici\\u00e1rio sobre extin\\u00e7\\u00e3o das funda\\u00e7\\u00f5es estaduais\"},\"previousItem\":{\"@type\":\"ListItem\",\"@id\":\"https:\\\/\\\/www.jornalja.com.br\\\/arquivo#listItem\",\"name\":\"Home\"}},{\"@type\":\"ListItem\",\"@id\":\"https:\\\/\\\/www.jornalja.com.br\\\/arquivo\\\/tce-recorre-de-decisao-do-judiciario-sobre-extincao-das-fundacoes-estaduais\\\/#listItem\",\"position\":3,\"name\":\"TCE recorre de decis\\u00e3o do Judici\\u00e1rio sobre extin\\u00e7\\u00e3o das funda\\u00e7\\u00f5es estaduais\",\"previousItem\":{\"@type\":\"ListItem\",\"@id\":\"https:\\\/\\\/www.jornalja.com.br\\\/arquivo\\\/category\\\/notas\\\/#listItem\",\"name\":\"NOTAS\"}}]},{\"@type\":\"Organization\",\"@id\":\"https:\\\/\\\/www.jornalja.com.br\\\/arquivo\\\/#organization\",\"name\":\"Jornal J\\u00c1\",\"description\":\"Jornal J\\u00c1 | Porto Alegre\",\"url\":\"https:\\\/\\\/www.jornalja.com.br\\\/arquivo\\\/\",\"telephone\":\"+555133307272\",\"logo\":{\"@type\":\"ImageObject\",\"url\":\"https:\\\/\\\/www.jornalja.com.br\\\/wp-content\\\/uploads\\\/cards\\\/JAslogan.png\",\"@id\":\"https:\\\/\\\/www.jornalja.com.br\\\/arquivo\\\/tce-recorre-de-decisao-do-judiciario-sobre-extincao-das-fundacoes-estaduais\\\/#organizationLogo\"},\"image\":{\"@id\":\"https:\\\/\\\/www.jornalja.com.br\\\/arquivo\\\/tce-recorre-de-decisao-do-judiciario-sobre-extincao-das-fundacoes-estaduais\\\/#organizationLogo\"}},{\"@type\":\"Person\",\"@id\":\"https:\\\/\\\/www.jornalja.com.br\\\/arquivo\\\/author\\\/daredacao\\\/#author\",\"url\":\"https:\\\/\\\/www.jornalja.com.br\\\/arquivo\\\/author\\\/daredacao\\\/\",\"name\":\"da Reda\\u00e7\\u00e3o\",\"image\":{\"@type\":\"ImageObject\",\"@id\":\"https:\\\/\\\/www.jornalja.com.br\\\/arquivo\\\/tce-recorre-de-decisao-do-judiciario-sobre-extincao-das-fundacoes-estaduais\\\/#authorImage\",\"url\":\"https:\\\/\\\/secure.gravatar.com\\\/avatar\\\/469fd857d6605ad19919d27ed29d35a968a25f6e8fd9318356bbb7f57aae9c65?s=96&d=mm&r=g\",\"width\":96,\"height\":96,\"caption\":\"da Reda\\u00e7\\u00e3o\"}},{\"@type\":\"WebPage\",\"@id\":\"https:\\\/\\\/www.jornalja.com.br\\\/arquivo\\\/tce-recorre-de-decisao-do-judiciario-sobre-extincao-das-fundacoes-estaduais\\\/#webpage\",\"url\":\"https:\\\/\\\/www.jornalja.com.br\\\/arquivo\\\/tce-recorre-de-decisao-do-judiciario-sobre-extincao-das-fundacoes-estaduais\\\/\",\"name\":\"TCE recorre de decis\\u00e3o do Judici\\u00e1rio sobre extin\\u00e7\\u00e3o das funda\\u00e7\\u00f5es estaduais | Arquivo\",\"inLanguage\":\"pt-BR\",\"isPartOf\":{\"@id\":\"https:\\\/\\\/www.jornalja.com.br\\\/arquivo\\\/#website\"},\"breadcrumb\":{\"@id\":\"https:\\\/\\\/www.jornalja.com.br\\\/arquivo\\\/tce-recorre-de-decisao-do-judiciario-sobre-extincao-das-fundacoes-estaduais\\\/#breadcrumblist\"},\"author\":{\"@id\":\"https:\\\/\\\/www.jornalja.com.br\\\/arquivo\\\/author\\\/daredacao\\\/#author\"},\"creator\":{\"@id\":\"https:\\\/\\\/www.jornalja.com.br\\\/arquivo\\\/author\\\/daredacao\\\/#author\"},\"datePublished\":\"2018-06-20T10:33:56-03:00\",\"dateModified\":\"2018-06-20T10:33:56-03:00\"},{\"@type\":\"WebSite\",\"@id\":\"https:\\\/\\\/www.jornalja.com.br\\\/arquivo\\\/#website\",\"url\":\"https:\\\/\\\/www.jornalja.com.br\\\/arquivo\\\/\",\"name\":\"Arquivo\",\"description\":\"Jornal J\\u00c1 | Porto Alegre\",\"inLanguage\":\"pt-BR\",\"publisher\":{\"@id\":\"https:\\\/\\\/www.jornalja.com.br\\\/arquivo\\\/#organization\"}}]}\n\t\t<\/script>\n\t\t<!-- All in One SEO -->\n\n","aioseo_head_json":{"title":"TCE recorre de decis\u00e3o do Judici\u00e1rio sobre extin\u00e7\u00e3o das funda\u00e7\u00f5es estaduais | Arquivo","description":"","canonical_url":"https:\/\/www.jornalja.com.br\/arquivo\/tce-recorre-de-decisao-do-judiciario-sobre-extincao-das-fundacoes-estaduais\/","robots":"max-image-preview:large","keywords":"","webmasterTools":{"miscellaneous":""},"schema":{"@context":"https:\/\/schema.org","@graph":[{"@type":"BlogPosting","@id":"https:\/\/www.jornalja.com.br\/arquivo\/tce-recorre-de-decisao-do-judiciario-sobre-extincao-das-fundacoes-estaduais\/#blogposting","name":"TCE recorre de decis\u00e3o do Judici\u00e1rio sobre extin\u00e7\u00e3o das funda\u00e7\u00f5es estaduais | Arquivo","headline":"TCE recorre de decis\u00e3o do Judici\u00e1rio sobre extin\u00e7\u00e3o das funda\u00e7\u00f5es estaduais","author":{"@id":"https:\/\/www.jornalja.com.br\/arquivo\/author\/daredacao\/#author"},"publisher":{"@id":"https:\/\/www.jornalja.com.br\/arquivo\/#organization"},"image":{"@type":"ImageObject","url":"https:\/\/www.jornalja.com.br\/wp-content\/uploads\/cards\/JAslogan.png","@id":"https:\/\/www.jornalja.com.br\/arquivo\/#articleImage"},"datePublished":"2018-06-20T10:33:56-03:00","dateModified":"2018-06-20T10:33:56-03:00","inLanguage":"pt-BR","mainEntityOfPage":{"@id":"https:\/\/www.jornalja.com.br\/arquivo\/tce-recorre-de-decisao-do-judiciario-sobre-extincao-das-fundacoes-estaduais\/#webpage"},"isPartOf":{"@id":"https:\/\/www.jornalja.com.br\/arquivo\/tce-recorre-de-decisao-do-judiciario-sobre-extincao-das-fundacoes-estaduais\/#webpage"},"articleSection":"NOTAS"},{"@type":"BreadcrumbList","@id":"https:\/\/www.jornalja.com.br\/arquivo\/tce-recorre-de-decisao-do-judiciario-sobre-extincao-das-fundacoes-estaduais\/#breadcrumblist","itemListElement":[{"@type":"ListItem","@id":"https:\/\/www.jornalja.com.br\/arquivo#listItem","position":1,"name":"Home","item":"https:\/\/www.jornalja.com.br\/arquivo","nextItem":{"@type":"ListItem","@id":"https:\/\/www.jornalja.com.br\/arquivo\/category\/notas\/#listItem","name":"NOTAS"}},{"@type":"ListItem","@id":"https:\/\/www.jornalja.com.br\/arquivo\/category\/notas\/#listItem","position":2,"name":"NOTAS","item":"https:\/\/www.jornalja.com.br\/arquivo\/category\/notas\/","nextItem":{"@type":"ListItem","@id":"https:\/\/www.jornalja.com.br\/arquivo\/tce-recorre-de-decisao-do-judiciario-sobre-extincao-das-fundacoes-estaduais\/#listItem","name":"TCE recorre de decis\u00e3o do Judici\u00e1rio sobre extin\u00e7\u00e3o das funda\u00e7\u00f5es estaduais"},"previousItem":{"@type":"ListItem","@id":"https:\/\/www.jornalja.com.br\/arquivo#listItem","name":"Home"}},{"@type":"ListItem","@id":"https:\/\/www.jornalja.com.br\/arquivo\/tce-recorre-de-decisao-do-judiciario-sobre-extincao-das-fundacoes-estaduais\/#listItem","position":3,"name":"TCE recorre de decis\u00e3o do Judici\u00e1rio sobre extin\u00e7\u00e3o das funda\u00e7\u00f5es estaduais","previousItem":{"@type":"ListItem","@id":"https:\/\/www.jornalja.com.br\/arquivo\/category\/notas\/#listItem","name":"NOTAS"}}]},{"@type":"Organization","@id":"https:\/\/www.jornalja.com.br\/arquivo\/#organization","name":"Jornal J\u00c1","description":"Jornal J\u00c1 | Porto Alegre","url":"https:\/\/www.jornalja.com.br\/arquivo\/","telephone":"+555133307272","logo":{"@type":"ImageObject","url":"https:\/\/www.jornalja.com.br\/wp-content\/uploads\/cards\/JAslogan.png","@id":"https:\/\/www.jornalja.com.br\/arquivo\/tce-recorre-de-decisao-do-judiciario-sobre-extincao-das-fundacoes-estaduais\/#organizationLogo"},"image":{"@id":"https:\/\/www.jornalja.com.br\/arquivo\/tce-recorre-de-decisao-do-judiciario-sobre-extincao-das-fundacoes-estaduais\/#organizationLogo"}},{"@type":"Person","@id":"https:\/\/www.jornalja.com.br\/arquivo\/author\/daredacao\/#author","url":"https:\/\/www.jornalja.com.br\/arquivo\/author\/daredacao\/","name":"da Reda\u00e7\u00e3o","image":{"@type":"ImageObject","@id":"https:\/\/www.jornalja.com.br\/arquivo\/tce-recorre-de-decisao-do-judiciario-sobre-extincao-das-fundacoes-estaduais\/#authorImage","url":"https:\/\/secure.gravatar.com\/avatar\/469fd857d6605ad19919d27ed29d35a968a25f6e8fd9318356bbb7f57aae9c65?s=96&d=mm&r=g","width":96,"height":96,"caption":"da Reda\u00e7\u00e3o"}},{"@type":"WebPage","@id":"https:\/\/www.jornalja.com.br\/arquivo\/tce-recorre-de-decisao-do-judiciario-sobre-extincao-das-fundacoes-estaduais\/#webpage","url":"https:\/\/www.jornalja.com.br\/arquivo\/tce-recorre-de-decisao-do-judiciario-sobre-extincao-das-fundacoes-estaduais\/","name":"TCE recorre de decis\u00e3o do Judici\u00e1rio sobre extin\u00e7\u00e3o das funda\u00e7\u00f5es estaduais | Arquivo","inLanguage":"pt-BR","isPartOf":{"@id":"https:\/\/www.jornalja.com.br\/arquivo\/#website"},"breadcrumb":{"@id":"https:\/\/www.jornalja.com.br\/arquivo\/tce-recorre-de-decisao-do-judiciario-sobre-extincao-das-fundacoes-estaduais\/#breadcrumblist"},"author":{"@id":"https:\/\/www.jornalja.com.br\/arquivo\/author\/daredacao\/#author"},"creator":{"@id":"https:\/\/www.jornalja.com.br\/arquivo\/author\/daredacao\/#author"},"datePublished":"2018-06-20T10:33:56-03:00","dateModified":"2018-06-20T10:33:56-03:00"},{"@type":"WebSite","@id":"https:\/\/www.jornalja.com.br\/arquivo\/#website","url":"https:\/\/www.jornalja.com.br\/arquivo\/","name":"Arquivo","description":"Jornal J\u00c1 | Porto Alegre","inLanguage":"pt-BR","publisher":{"@id":"https:\/\/www.jornalja.com.br\/arquivo\/#organization"}}]},"og:locale":"pt_BR","og:site_name":"Arquivo | Jornal J\u00c1 | Porto Alegre","og:type":"article","og:title":"TCE recorre de decis\u00e3o do Judici\u00e1rio sobre extin\u00e7\u00e3o das funda\u00e7\u00f5es estaduais | Arquivo","og:url":"https:\/\/www.jornalja.com.br\/arquivo\/tce-recorre-de-decisao-do-judiciario-sobre-extincao-das-fundacoes-estaduais\/","og:image":"https:\/\/www.jornalja.com.br\/economics\/wp-content\/uploads\/sites\/11\/2026\/08\/ja-folhaderosto-facebook.jpg","og:image:secure_url":"https:\/\/www.jornalja.com.br\/economics\/wp-content\/uploads\/sites\/11\/2026\/08\/ja-folhaderosto-facebook.jpg","article:published_time":"2018-06-20T13:33:56+00:00","article:modified_time":"2018-06-20T13:33:56+00:00","twitter:card":"summary","twitter:title":"TCE recorre de decis\u00e3o do Judici\u00e1rio sobre extin\u00e7\u00e3o das funda\u00e7\u00f5es estaduais | Arquivo","twitter:image":"https:\/\/www.jornalja.com.br\/economics\/wp-content\/uploads\/sites\/11\/2026\/08\/ja-folhaderosto-facebook.jpg"},"aioseo_meta_data":{"post_id":"63230","title":null,"description":null,"keywords":null,"keyphrases":null,"primary_term":null,"canonical_url":null,"og_title":null,"og_description":null,"og_object_type":"default","og_image_type":"default","og_image_url":null,"og_image_width":null,"og_image_height":null,"og_image_custom_url":null,"og_image_custom_fields":null,"og_video":null,"og_custom_url":null,"og_article_section":null,"og_article_tags":null,"twitter_use_og":false,"twitter_card":"default","twitter_image_type":"default","twitter_image_url":null,"twitter_image_custom_url":null,"twitter_image_custom_fields":null,"twitter_title":null,"twitter_description":null,"schema":{"blockGraphs":[],"customGraphs":[],"default":{"data":{"Article":[],"Course":[],"Dataset":[],"FAQPage":[],"Movie":[],"Person":[],"Product":[],"ProductReview":[],"Car":[],"Recipe":[],"Service":[],"SoftwareApplication":[],"WebPage":[]},"graphName":"","isEnabled":true},"graphs":[],"defaultGraph":"","defaultPostTypeGraph":""},"schema_type":null,"schema_type_options":null,"pillar_content":false,"robots_default":true,"robots_noindex":false,"robots_noarchive":false,"robots_nosnippet":false,"robots_nofollow":false,"robots_noimageindex":false,"robots_noodp":false,"robots_notranslate":false,"robots_max_snippet":null,"robots_max_videopreview":null,"robots_max_imagepreview":"large","priority":null,"frequency":null,"location":null,"local_seo":null,"breadcrumb_settings":null,"limit_modified_date":false,"ai":null,"created":"2020-12-20 20:13:16","updated":"2025-07-20 04:42:18","seo_analyzer_scan_date":null,"focus_keyword":null,"additional_keywords":null,"truseo_locale":null},"jetpack_sharing_enabled":true,"jetpack-related-posts":[{"id":13240,"url":"https:\/\/www.jornalja.com.br\/arquivo\/plano-diretor-estamos-construindo-o-caos\/","url_meta":{"origin":63230,"position":0},"title":"Plano diretor: &quot;Estamos construindo o caos&quot;","author":"Patr\u00edcia Marini","date":"26 de maio de 2014","format":false,"excerpt":"Desabafo que arquiteta Eliana Castilhos, delegada da Regi\u00e3o de Planejamento 1, postou nas redes sociais \u00e9 um testemunho do ambiente que se criou no Conselho do Plano Diretor de Porto Alegre, onde a aprova\u00e7\u00e3o de grandes empreendimentos \u00e9 empurrada guela abaixo dos conselheiros. Ao CMDUA Como delegada da Regi\u00e3o de\u2026","rel":"","context":"Em &quot;Geral&quot;","block_context":{"text":"Geral","link":"https:\/\/www.jornalja.com.br\/arquivo\/category\/geral\/"},"img":{"alt_text":"","src":"","width":0,"height":0},"classes":[]},{"id":13109,"url":"https:\/\/www.jornalja.com.br\/arquivo\/judiciario-reconhece-poluicao-eletromagnetica\/","url_meta":{"origin":63230,"position":1},"title":"Judici\u00e1rio reconhece polui\u00e7\u00e3o eletromagn\u00e9tica","author":"Patr\u00edcia Marini","date":"16 de maio de 2014","format":false,"excerpt":"A\u00e7\u00e3o de duas associa\u00e7\u00f5es de moradores foi acolhida pelo Tribunal de Justi\u00e7a de S\u00e3o Paulo que. em decis\u00e3o in\u00e9dita, determinou a redu\u00e7\u00e3o do campo eletromagn\u00e9tico gerado pelas linhas de transmiss\u00e3o de energia que cortam os bairros City Boa\u00e7ava e Alto de Pinheiros. \u00c9 a primeira vez que um tribunal do\u2026","rel":"","context":"Em &quot;X.Categorias velhas&quot;","block_context":{"text":"X.Categorias velhas","link":"https:\/\/www.jornalja.com.br\/arquivo\/category\/x-categorias-velhas\/"},"img":{"alt_text":"","src":"","width":0,"height":0},"classes":[]},{"id":13239,"url":"https:\/\/www.jornalja.com.br\/arquivo\/conselho-desdenha-do-plano-diretor\/","url_meta":{"origin":63230,"position":2},"title":"Porto Alegre: Conselho detona Plano Diretor","author":"Patr\u00edcia Marini","date":"25 de maio de 2014","format":false,"excerpt":"Den\u00fancia do arquiteto e \u00a0urbanista Ibir\u00e1 Santos Lucas. Ele diz que os conselheiros est\u00e3o votando com \"enorme irresponsabilidade\". \"Mudam regime com a maior naturalidade,,,regularizam absurdos de constru\u00e7\u00f5es irregulares... \"O CMDUA est\u00e1 flexibilizando a lei do plano diretor, de uma forma impactante na vida da cidade. Mudam regime com a maior\u2026","rel":"","context":"Em &quot;Geral&quot;","block_context":{"text":"Geral","link":"https:\/\/www.jornalja.com.br\/arquivo\/category\/geral\/"},"img":{"alt_text":"","src":"","width":0,"height":0},"classes":[]},{"id":13128,"url":"https:\/\/www.jornalja.com.br\/arquivo\/maconha-terra-diz-que-uso-medicinal-e-desculpa\/","url_meta":{"origin":63230,"position":3},"title":"Maconha: Terra diz que uso medicinal \u00e9 desculpa","author":"Patr\u00edcia Marini","date":"4 de junho de 2014","format":false,"excerpt":"A condi\u00e7\u00e3o de pol\u00edtico, em \u00e9poca de campanha de campanha eleitoral, tira for\u00e7a do discurso do m\u00e9dico Osmar Terra contra a legaliza\u00e7\u00e3o da maconha. A tese dele de que a libera\u00e7\u00e3o vai ampliar exponencialmente o consumo \u00e9 discutivel, o consumo \u00e9 corrente. Mas seus alertas quanto aos riscos tem que\u2026","rel":"","context":"Em &quot;X.Categorias velhas&quot;","block_context":{"text":"X.Categorias velhas","link":"https:\/\/www.jornalja.com.br\/arquivo\/category\/x-categorias-velhas\/"},"img":{"alt_text":"","src":"","width":0,"height":0},"classes":[]},{"id":13124,"url":"https:\/\/www.jornalja.com.br\/arquivo\/sangue-latino-no-iecine\/","url_meta":{"origin":63230,"position":4},"title":"Sangue latino no IECINE","author":"da Reda\u00e7\u00e3o","date":"18 de maio de 2014","format":false,"excerpt":"Francisco Ribeiro O Instituto Estadual de Cinema (IECINE) tem a frente, desde abril \u00faltimo, um novo diretor, o cineasta colombiano Juan Zapata, 36, que substitui Luiz Alberto Cassol. Radicado h\u00e1 dez anos em Porto Alegre, Zapata tem diante de si o desafio de conduzir at\u00e9 o final do ano um\u2026","rel":"","context":"Em &quot;Cultura-Geral&quot;","block_context":{"text":"Cultura-Geral","link":"https:\/\/www.jornalja.com.br\/arquivo\/category\/materiasecundaria\/"},"img":{"alt_text":"","src":"","width":0,"height":0},"classes":[]},{"id":5440,"url":"https:\/\/www.jornalja.com.br\/arquivo\/casarao-da-venancio-destino-permanece-incerto\/","url_meta":{"origin":63230,"position":5},"title":"Estado ainda n\u00e3o sabe o que fazer com casar\u00e3o abandonado h\u00e1 20 anos","author":"Elmar Bones","date":"6 de julho de 2009","format":false,"excerpt":"O casar\u00e3o amarelo, numa esquina nobre de Porto Alegre (Ven\u00e2ncio Aires com Jo\u00e3o Pessoa), j\u00e1 abrigou uma escola. H\u00e1 duas d\u00e9cadas, pelo menos, est\u00e1 abandonado, porque seu propriet\u00e1rio, o governo do Estado do Rio Grande do Sul, n\u00e3o consegue achar um destino para ele. Planos n\u00e3o faltaram. O governador Ol\u00edvio\u2026","rel":"","context":"Em &quot;X.Categorias velhas&quot;","block_context":{"text":"X.Categorias velhas","link":"https:\/\/www.jornalja.com.br\/arquivo\/category\/x-categorias-velhas\/"},"img":{"alt_text":"geraldo1","src":"https:\/\/i0.wp.com\/www.jornalja.com.br\/wp-content\/uploads\/2009\/07\/geraldo1.jpg?resize=350%2C200&ssl=1","width":350,"height":200},"classes":[]}],"jetpack_shortlink":"https:\/\/wp.me\/pbQjBd-grQ","jetpack_featured_media_url":"","_links":{"self":[{"href":"https:\/\/www.jornalja.com.br\/arquivo\/wp-json\/wp\/v2\/posts\/63230","targetHints":{"allow":["GET"]}}],"collection":[{"href":"https:\/\/www.jornalja.com.br\/arquivo\/wp-json\/wp\/v2\/posts"}],"about":[{"href":"https:\/\/www.jornalja.com.br\/arquivo\/wp-json\/wp\/v2\/types\/post"}],"author":[{"embeddable":true,"href":"https:\/\/www.jornalja.com.br\/arquivo\/wp-json\/wp\/v2\/users\/4"}],"replies":[{"embeddable":true,"href":"https:\/\/www.jornalja.com.br\/arquivo\/wp-json\/wp\/v2\/comments?post=63230"}],"version-history":[{"count":0,"href":"https:\/\/www.jornalja.com.br\/arquivo\/wp-json\/wp\/v2\/posts\/63230\/revisions"}],"wp:attachment":[{"href":"https:\/\/www.jornalja.com.br\/arquivo\/wp-json\/wp\/v2\/media?parent=63230"}],"wp:term":[{"taxonomy":"category","embeddable":true,"href":"https:\/\/www.jornalja.com.br\/arquivo\/wp-json\/wp\/v2\/categories?post=63230"},{"taxonomy":"post_tag","embeddable":true,"href":"https:\/\/www.jornalja.com.br\/arquivo\/wp-json\/wp\/v2\/tags?post=63230"}],"curies":[{"name":"wp","href":"https:\/\/api.w.org\/{rel}","templated":true}]}}