{"id":64056,"date":"2018-07-23T18:52:56","date_gmt":"2018-07-23T21:52:56","guid":{"rendered":"https:\/\/www.jornalja.com.br\/?p=64056"},"modified":"2018-07-23T18:52:56","modified_gmt":"2018-07-23T21:52:56","slug":"pos-graduacao-para-o-segundo-semestre","status":"publish","type":"post","link":"https:\/\/www.jornalja.com.br\/arquivo\/pos-graduacao-para-o-segundo-semestre\/","title":{"rendered":"P\u00f3s gradua\u00e7\u00e3o para o segundo semestre"},"content":{"rendered":"<div><strong>ABDConst abre inscri\u00e7\u00f5es dos cursos de p\u00f3s-gradua\u00e7\u00e3o\u00a0<\/strong><strong>para o segundo semestre de 2018<\/strong><br \/>\n<em>Institui\u00e7\u00e3o mant\u00e9m os valores e descontos\u00a0<\/em><em>praticados em 2017. As aulas come\u00e7am em agosto<\/em>Cursar uma boa p\u00f3s-gradua\u00e7\u00e3o \u00e9 uma decis\u00e3o importante para aqueles que querem se preparar melhor para os desafios da carreira. Com o objetivo de atualizar e capacitar advogados, ju\u00edzes, promotores, procuradores, defensores p\u00fablicos, servidores, assessores e estudiosos a ABDConst (Academia Brasileira de Direito Constitucional) oferece um programa de especializa\u00e7\u00e3o com cursos de p\u00f3s-gradua\u00e7\u00e3o, que se tornou refer\u00eancia no pa\u00eds.<br \/>\nAs aulas, com in\u00edcio previsto para a segunda semana de agosto, s\u00e3o ministradas por profissionais do Brasil e do exterior, refer\u00eancias em suas \u00e1reas de atua\u00e7\u00e3o. \u00c9 o caso de docentes, como\u00a0<strong>Mark Tushnet<\/strong>, de Harvard e um dos maiores constitucionalistas do mundo, al\u00e9m do jurista argentino\u00a0<strong>Roberto Gargarella<\/strong>, professor de Direito Constitucional da Universidade de Buenos Aires (UBA) \u2013 que j\u00e1 proferiram aulas na ABDConst nos anos anteriores. Tamb\u00e9m h\u00e1 nomes representativos do cen\u00e1rio nacional, como o professor e P\u00f3s-Doutor pela Universidade de Lisboa,\u00a0<strong>Lenio Streck<\/strong>, o advogado e Doutor em Direito Processual Penal,\u00a0<strong>Aury Lopes Jr<\/strong>., o juiz\u00a0<strong>Alexandre Morais da Rosa<\/strong>\u00a0e o professor e desembargador do TJ-RS,\u00a0<strong>Ingo Wolfgang Sarlet<\/strong>, entre outros.<br \/>\nA ABDConst oferece os seguintes cursos de p\u00f3s-gradua\u00e7\u00e3o presenciais em Curitiba\/PR:\u00a0<strong>Direito Constitucional, Direito Empresarial, Direito e Processo Tribut\u00e1rio, Direito Penal e Processual Penal, Direito das Fam\u00edlias e Sucess\u00f5es, Novo Direito e Processo do Trabalho e Direito Processual Civil<\/strong>. \u201cO modelo de P\u00f3s-Gradua\u00e7\u00e3o da Academia Brasileira de Direito Constitucional visa ao aperfei\u00e7oamento profissional e uma qualifica\u00e7\u00e3o te\u00f3rico-acad\u00eamica de excel\u00eancia, preparando da melhor forma poss\u00edvel o profissional para o futuro e abrindo possibilidades para o mestrado e doutorado\u201d, explica o presidente da ABDConst, Luciano Bernart. Os interessados devem se inscrever em\u00a0<a href=\"http:\/\/www.abdconst.com.br\/matriculas\" target=\"_blank\" rel=\"noopener noreferrer\" data-saferedirecturl=\"http:\/\/www.google.com\/url?q=http:\/\/www.abdconst.com.br\/matriculas&amp;source=gmail&amp;ust=1532461751069000&amp;usg=AFQjCNG84paMTN7eFMYjePsAOHc2arxAcA\">http:\/\/www.abdconst.com.br\/matriculas<\/a>.<br \/>\n<em>Servi\u00e7o &#8211; P\u00f3s-Gradua\u00e7\u00e3o Academia Brasileira de Direito Constitucional<\/em><br \/>\nMatr\u00edculas segundo semestre:\u00a0<a href=\"http:\/\/www.abdconst.com.br\/matriculas\" target=\"_blank\" rel=\"noopener noreferrer\" data-saferedirecturl=\"http:\/\/www.google.com\/url?q=http:\/\/www.abdconst.com.br\/matriculas&amp;source=gmail&amp;ust=1532461751070000&amp;usg=AFQjCNF74Ss0KCW39wVH-JkdYOw00fKzCw\">http:\/\/www.abdconst.com.br\/matriculas<\/a><br \/>\nIn\u00edcio das aulas: a partir da segunda semana de agosto<br \/>\nLocal: na sede da ABDConst (Rua XV de Novembro, 964 \u2013 2\u00ba andar &#8211; Centro &#8211; Curitiba &#8211; PR)<br \/>\nMais informa\u00e7\u00f5es: (41) 3024-1167<br \/>\n<u>Informa\u00e7\u00f5es para a imprensa:<\/u><br \/>\n<strong>B\u00e1sica Comunica\u00e7\u00f5es<\/strong><br \/>\nContatos: (41) 3019-9092 \/ 9 9228-8589 (whatsapp)<br \/>\nJornalista respons\u00e1vel: Adriana Mugnaini \u2013\u00a0<a href=\"mailto:adriana@basicacomunicacoes.com.br\" target=\"_blank\" rel=\"noopener noreferrer\">adriana@basicacomunicacoes.com.br<\/a><br \/>\n<a href=\"http:\/\/www.basicacomunicacoes.com.br\/\" target=\"_blank\" rel=\"noopener noreferrer\" data-saferedirecturl=\"http:\/\/www.google.com\/url?q=http:\/\/www.basicacomunicacoes.com.br&amp;source=gmail&amp;ust=1532461751070000&amp;usg=AFQjCNGsaTmXYszSm8w51UhtT-xxDAtLAA\">www.basicacomunicacoes.com.br<\/a>\n<\/div>\n","protected":false},"excerpt":{"rendered":"<p>ABDConst abre inscri\u00e7\u00f5es dos cursos de p\u00f3s-gradua\u00e7\u00e3o\u00a0para o segundo semestre de 2018 Institui\u00e7\u00e3o mant\u00e9m os valores e descontos\u00a0praticados em 2017. As aulas come\u00e7am em agostoCursar uma boa p\u00f3s-gradua\u00e7\u00e3o \u00e9 uma decis\u00e3o importante para aqueles que querem se preparar melhor para os desafios da carreira. Com o objetivo de atualizar e capacitar advogados, ju\u00edzes, promotores, procuradores, [&hellip;]<\/p>\n","protected":false},"author":4,"featured_media":0,"comment_status":"open","ping_status":"closed","sticky":false,"template":"","format":"standard","meta":{"_jetpack_newsletter_access":"","_jetpack_dont_email_post_to_subs":false,"_jetpack_newsletter_tier_id":0,"_jetpack_memberships_contains_paywalled_content":false,"_jetpack_feature_clip_id":0,"_jetpack_memberships_contains_paid_content":false,"footnotes":"","jetpack_post_was_ever_published":false},"categories":[2022],"tags":[],"class_list":["post-64056","post","type-post","status-publish","format-standard","hentry","category-notas"],"aioseo_notices":[],"aioseo_head":"\n\t\t<!-- All in One SEO 5.0.1.1 - aioseo.com -->\n\t<meta name=\"robots\" content=\"max-image-preview:large\" \/>\n\t<meta name=\"author\" content=\"da Reda\u00e7\u00e3o\"\/>\n\t<link rel=\"canonical\" href=\"https:\/\/www.jornalja.com.br\/arquivo\/pos-graduacao-para-o-segundo-semestre\/\" \/>\n\t<meta name=\"generator\" content=\"All in One SEO (AIOSEO) 5.0.1.1\" \/>\n\t\t<meta property=\"og:locale\" content=\"pt_BR\" \/>\n\t\t<meta property=\"og:site_name\" content=\"Arquivo | Jornal J\u00c1 | Porto Alegre\" \/>\n\t\t<meta property=\"og:type\" content=\"article\" \/>\n\t\t<meta property=\"og:title\" content=\"P\u00f3s gradua\u00e7\u00e3o para o segundo semestre | Arquivo\" \/>\n\t\t<meta property=\"og:url\" content=\"https:\/\/www.jornalja.com.br\/arquivo\/pos-graduacao-para-o-segundo-semestre\/\" \/>\n\t\t<meta property=\"og:image\" content=\"https:\/\/www.jornalja.com.br\/economics\/wp-content\/uploads\/sites\/11\/2026\/08\/ja-folhaderosto-facebook.jpg\" \/>\n\t\t<meta property=\"og:image:secure_url\" content=\"https:\/\/www.jornalja.com.br\/economics\/wp-content\/uploads\/sites\/11\/2026\/08\/ja-folhaderosto-facebook.jpg\" \/>\n\t\t<meta property=\"article:published_time\" content=\"2018-07-23T21:52:56+00:00\" \/>\n\t\t<meta property=\"article:modified_time\" content=\"2018-07-23T21:52:56+00:00\" \/>\n\t\t<meta name=\"twitter:card\" content=\"summary\" \/>\n\t\t<meta name=\"twitter:title\" content=\"P\u00f3s gradua\u00e7\u00e3o para o segundo semestre | Arquivo\" \/>\n\t\t<meta name=\"twitter:image\" content=\"https:\/\/www.jornalja.com.br\/economics\/wp-content\/uploads\/sites\/11\/2026\/08\/ja-folhaderosto-facebook.jpg\" \/>\n\t\t<script type=\"application\/ld+json\" class=\"aioseo-schema\">\n\t\t\t{\"@context\":\"https:\\\/\\\/schema.org\",\"@graph\":[{\"@type\":\"BlogPosting\",\"@id\":\"https:\\\/\\\/www.jornalja.com.br\\\/arquivo\\\/pos-graduacao-para-o-segundo-semestre\\\/#blogposting\",\"name\":\"P\\u00f3s gradua\\u00e7\\u00e3o para o segundo semestre | Arquivo\",\"headline\":\"P\\u00f3s gradua\\u00e7\\u00e3o para o segundo semestre\",\"author\":{\"@id\":\"https:\\\/\\\/www.jornalja.com.br\\\/arquivo\\\/author\\\/daredacao\\\/#author\"},\"publisher\":{\"@id\":\"https:\\\/\\\/www.jornalja.com.br\\\/arquivo\\\/#organization\"},\"image\":{\"@type\":\"ImageObject\",\"url\":\"https:\\\/\\\/www.jornalja.com.br\\\/wp-content\\\/uploads\\\/cards\\\/JAslogan.png\",\"@id\":\"https:\\\/\\\/www.jornalja.com.br\\\/arquivo\\\/#articleImage\"},\"datePublished\":\"2018-07-23T18:52:56-03:00\",\"dateModified\":\"2018-07-23T18:52:56-03:00\",\"inLanguage\":\"pt-BR\",\"mainEntityOfPage\":{\"@id\":\"https:\\\/\\\/www.jornalja.com.br\\\/arquivo\\\/pos-graduacao-para-o-segundo-semestre\\\/#webpage\"},\"isPartOf\":{\"@id\":\"https:\\\/\\\/www.jornalja.com.br\\\/arquivo\\\/pos-graduacao-para-o-segundo-semestre\\\/#webpage\"},\"articleSection\":\"NOTAS\"},{\"@type\":\"BreadcrumbList\",\"@id\":\"https:\\\/\\\/www.jornalja.com.br\\\/arquivo\\\/pos-graduacao-para-o-segundo-semestre\\\/#breadcrumblist\",\"itemListElement\":[{\"@type\":\"ListItem\",\"@id\":\"https:\\\/\\\/www.jornalja.com.br\\\/arquivo#listItem\",\"position\":1,\"name\":\"Home\",\"item\":\"https:\\\/\\\/www.jornalja.com.br\\\/arquivo\",\"nextItem\":{\"@type\":\"ListItem\",\"@id\":\"https:\\\/\\\/www.jornalja.com.br\\\/arquivo\\\/category\\\/notas\\\/#listItem\",\"name\":\"NOTAS\"}},{\"@type\":\"ListItem\",\"@id\":\"https:\\\/\\\/www.jornalja.com.br\\\/arquivo\\\/category\\\/notas\\\/#listItem\",\"position\":2,\"name\":\"NOTAS\",\"item\":\"https:\\\/\\\/www.jornalja.com.br\\\/arquivo\\\/category\\\/notas\\\/\",\"nextItem\":{\"@type\":\"ListItem\",\"@id\":\"https:\\\/\\\/www.jornalja.com.br\\\/arquivo\\\/pos-graduacao-para-o-segundo-semestre\\\/#listItem\",\"name\":\"P\\u00f3s gradua\\u00e7\\u00e3o para o segundo semestre\"},\"previousItem\":{\"@type\":\"ListItem\",\"@id\":\"https:\\\/\\\/www.jornalja.com.br\\\/arquivo#listItem\",\"name\":\"Home\"}},{\"@type\":\"ListItem\",\"@id\":\"https:\\\/\\\/www.jornalja.com.br\\\/arquivo\\\/pos-graduacao-para-o-segundo-semestre\\\/#listItem\",\"position\":3,\"name\":\"P\\u00f3s gradua\\u00e7\\u00e3o para o segundo semestre\",\"previousItem\":{\"@type\":\"ListItem\",\"@id\":\"https:\\\/\\\/www.jornalja.com.br\\\/arquivo\\\/category\\\/notas\\\/#listItem\",\"name\":\"NOTAS\"}}]},{\"@type\":\"Organization\",\"@id\":\"https:\\\/\\\/www.jornalja.com.br\\\/arquivo\\\/#organization\",\"name\":\"Jornal J\\u00c1\",\"description\":\"Jornal J\\u00c1 | Porto Alegre\",\"url\":\"https:\\\/\\\/www.jornalja.com.br\\\/arquivo\\\/\",\"telephone\":\"+555133307272\",\"logo\":{\"@type\":\"ImageObject\",\"url\":\"https:\\\/\\\/www.jornalja.com.br\\\/wp-content\\\/uploads\\\/cards\\\/JAslogan.png\",\"@id\":\"https:\\\/\\\/www.jornalja.com.br\\\/arquivo\\\/pos-graduacao-para-o-segundo-semestre\\\/#organizationLogo\"},\"image\":{\"@id\":\"https:\\\/\\\/www.jornalja.com.br\\\/arquivo\\\/pos-graduacao-para-o-segundo-semestre\\\/#organizationLogo\"}},{\"@type\":\"Person\",\"@id\":\"https:\\\/\\\/www.jornalja.com.br\\\/arquivo\\\/author\\\/daredacao\\\/#author\",\"url\":\"https:\\\/\\\/www.jornalja.com.br\\\/arquivo\\\/author\\\/daredacao\\\/\",\"name\":\"da Reda\\u00e7\\u00e3o\",\"image\":{\"@type\":\"ImageObject\",\"@id\":\"https:\\\/\\\/www.jornalja.com.br\\\/arquivo\\\/pos-graduacao-para-o-segundo-semestre\\\/#authorImage\",\"url\":\"https:\\\/\\\/secure.gravatar.com\\\/avatar\\\/469fd857d6605ad19919d27ed29d35a968a25f6e8fd9318356bbb7f57aae9c65?s=96&d=mm&r=g\",\"width\":96,\"height\":96,\"caption\":\"da Reda\\u00e7\\u00e3o\"}},{\"@type\":\"WebPage\",\"@id\":\"https:\\\/\\\/www.jornalja.com.br\\\/arquivo\\\/pos-graduacao-para-o-segundo-semestre\\\/#webpage\",\"url\":\"https:\\\/\\\/www.jornalja.com.br\\\/arquivo\\\/pos-graduacao-para-o-segundo-semestre\\\/\",\"name\":\"P\\u00f3s gradua\\u00e7\\u00e3o para o segundo semestre | Arquivo\",\"inLanguage\":\"pt-BR\",\"isPartOf\":{\"@id\":\"https:\\\/\\\/www.jornalja.com.br\\\/arquivo\\\/#website\"},\"breadcrumb\":{\"@id\":\"https:\\\/\\\/www.jornalja.com.br\\\/arquivo\\\/pos-graduacao-para-o-segundo-semestre\\\/#breadcrumblist\"},\"author\":{\"@id\":\"https:\\\/\\\/www.jornalja.com.br\\\/arquivo\\\/author\\\/daredacao\\\/#author\"},\"creator\":{\"@id\":\"https:\\\/\\\/www.jornalja.com.br\\\/arquivo\\\/author\\\/daredacao\\\/#author\"},\"datePublished\":\"2018-07-23T18:52:56-03:00\",\"dateModified\":\"2018-07-23T18:52:56-03:00\"},{\"@type\":\"WebSite\",\"@id\":\"https:\\\/\\\/www.jornalja.com.br\\\/arquivo\\\/#website\",\"url\":\"https:\\\/\\\/www.jornalja.com.br\\\/arquivo\\\/\",\"name\":\"Arquivo\",\"description\":\"Jornal J\\u00c1 | Porto Alegre\",\"inLanguage\":\"pt-BR\",\"publisher\":{\"@id\":\"https:\\\/\\\/www.jornalja.com.br\\\/arquivo\\\/#organization\"}}]}\n\t\t<\/script>\n\t\t<!-- All in One SEO -->\n\n","aioseo_head_json":{"title":"P\u00f3s gradua\u00e7\u00e3o para o segundo semestre | Arquivo","description":"","canonical_url":"https:\/\/www.jornalja.com.br\/arquivo\/pos-graduacao-para-o-segundo-semestre\/","robots":"max-image-preview:large","keywords":"","webmasterTools":{"miscellaneous":""},"schema":{"@context":"https:\/\/schema.org","@graph":[{"@type":"BlogPosting","@id":"https:\/\/www.jornalja.com.br\/arquivo\/pos-graduacao-para-o-segundo-semestre\/#blogposting","name":"P\u00f3s gradua\u00e7\u00e3o para o segundo semestre | Arquivo","headline":"P\u00f3s gradua\u00e7\u00e3o para o segundo semestre","author":{"@id":"https:\/\/www.jornalja.com.br\/arquivo\/author\/daredacao\/#author"},"publisher":{"@id":"https:\/\/www.jornalja.com.br\/arquivo\/#organization"},"image":{"@type":"ImageObject","url":"https:\/\/www.jornalja.com.br\/wp-content\/uploads\/cards\/JAslogan.png","@id":"https:\/\/www.jornalja.com.br\/arquivo\/#articleImage"},"datePublished":"2018-07-23T18:52:56-03:00","dateModified":"2018-07-23T18:52:56-03:00","inLanguage":"pt-BR","mainEntityOfPage":{"@id":"https:\/\/www.jornalja.com.br\/arquivo\/pos-graduacao-para-o-segundo-semestre\/#webpage"},"isPartOf":{"@id":"https:\/\/www.jornalja.com.br\/arquivo\/pos-graduacao-para-o-segundo-semestre\/#webpage"},"articleSection":"NOTAS"},{"@type":"BreadcrumbList","@id":"https:\/\/www.jornalja.com.br\/arquivo\/pos-graduacao-para-o-segundo-semestre\/#breadcrumblist","itemListElement":[{"@type":"ListItem","@id":"https:\/\/www.jornalja.com.br\/arquivo#listItem","position":1,"name":"Home","item":"https:\/\/www.jornalja.com.br\/arquivo","nextItem":{"@type":"ListItem","@id":"https:\/\/www.jornalja.com.br\/arquivo\/category\/notas\/#listItem","name":"NOTAS"}},{"@type":"ListItem","@id":"https:\/\/www.jornalja.com.br\/arquivo\/category\/notas\/#listItem","position":2,"name":"NOTAS","item":"https:\/\/www.jornalja.com.br\/arquivo\/category\/notas\/","nextItem":{"@type":"ListItem","@id":"https:\/\/www.jornalja.com.br\/arquivo\/pos-graduacao-para-o-segundo-semestre\/#listItem","name":"P\u00f3s gradua\u00e7\u00e3o para o segundo semestre"},"previousItem":{"@type":"ListItem","@id":"https:\/\/www.jornalja.com.br\/arquivo#listItem","name":"Home"}},{"@type":"ListItem","@id":"https:\/\/www.jornalja.com.br\/arquivo\/pos-graduacao-para-o-segundo-semestre\/#listItem","position":3,"name":"P\u00f3s gradua\u00e7\u00e3o para o segundo semestre","previousItem":{"@type":"ListItem","@id":"https:\/\/www.jornalja.com.br\/arquivo\/category\/notas\/#listItem","name":"NOTAS"}}]},{"@type":"Organization","@id":"https:\/\/www.jornalja.com.br\/arquivo\/#organization","name":"Jornal J\u00c1","description":"Jornal J\u00c1 | Porto Alegre","url":"https:\/\/www.jornalja.com.br\/arquivo\/","telephone":"+555133307272","logo":{"@type":"ImageObject","url":"https:\/\/www.jornalja.com.br\/wp-content\/uploads\/cards\/JAslogan.png","@id":"https:\/\/www.jornalja.com.br\/arquivo\/pos-graduacao-para-o-segundo-semestre\/#organizationLogo"},"image":{"@id":"https:\/\/www.jornalja.com.br\/arquivo\/pos-graduacao-para-o-segundo-semestre\/#organizationLogo"}},{"@type":"Person","@id":"https:\/\/www.jornalja.com.br\/arquivo\/author\/daredacao\/#author","url":"https:\/\/www.jornalja.com.br\/arquivo\/author\/daredacao\/","name":"da Reda\u00e7\u00e3o","image":{"@type":"ImageObject","@id":"https:\/\/www.jornalja.com.br\/arquivo\/pos-graduacao-para-o-segundo-semestre\/#authorImage","url":"https:\/\/secure.gravatar.com\/avatar\/469fd857d6605ad19919d27ed29d35a968a25f6e8fd9318356bbb7f57aae9c65?s=96&d=mm&r=g","width":96,"height":96,"caption":"da Reda\u00e7\u00e3o"}},{"@type":"WebPage","@id":"https:\/\/www.jornalja.com.br\/arquivo\/pos-graduacao-para-o-segundo-semestre\/#webpage","url":"https:\/\/www.jornalja.com.br\/arquivo\/pos-graduacao-para-o-segundo-semestre\/","name":"P\u00f3s gradua\u00e7\u00e3o para o segundo semestre | Arquivo","inLanguage":"pt-BR","isPartOf":{"@id":"https:\/\/www.jornalja.com.br\/arquivo\/#website"},"breadcrumb":{"@id":"https:\/\/www.jornalja.com.br\/arquivo\/pos-graduacao-para-o-segundo-semestre\/#breadcrumblist"},"author":{"@id":"https:\/\/www.jornalja.com.br\/arquivo\/author\/daredacao\/#author"},"creator":{"@id":"https:\/\/www.jornalja.com.br\/arquivo\/author\/daredacao\/#author"},"datePublished":"2018-07-23T18:52:56-03:00","dateModified":"2018-07-23T18:52:56-03:00"},{"@type":"WebSite","@id":"https:\/\/www.jornalja.com.br\/arquivo\/#website","url":"https:\/\/www.jornalja.com.br\/arquivo\/","name":"Arquivo","description":"Jornal J\u00c1 | Porto Alegre","inLanguage":"pt-BR","publisher":{"@id":"https:\/\/www.jornalja.com.br\/arquivo\/#organization"}}]},"og:locale":"pt_BR","og:site_name":"Arquivo | Jornal J\u00c1 | Porto Alegre","og:type":"article","og:title":"P\u00f3s gradua\u00e7\u00e3o para o segundo semestre | Arquivo","og:url":"https:\/\/www.jornalja.com.br\/arquivo\/pos-graduacao-para-o-segundo-semestre\/","og:image":"https:\/\/www.jornalja.com.br\/economics\/wp-content\/uploads\/sites\/11\/2026\/08\/ja-folhaderosto-facebook.jpg","og:image:secure_url":"https:\/\/www.jornalja.com.br\/economics\/wp-content\/uploads\/sites\/11\/2026\/08\/ja-folhaderosto-facebook.jpg","article:published_time":"2018-07-23T21:52:56+00:00","article:modified_time":"2018-07-23T21:52:56+00:00","twitter:card":"summary","twitter:title":"P\u00f3s gradua\u00e7\u00e3o para o segundo semestre | Arquivo","twitter:image":"https:\/\/www.jornalja.com.br\/economics\/wp-content\/uploads\/sites\/11\/2026\/08\/ja-folhaderosto-facebook.jpg"},"aioseo_meta_data":{"post_id":"64056","title":null,"description":null,"keywords":null,"keyphrases":null,"primary_term":null,"canonical_url":null,"og_title":null,"og_description":null,"og_object_type":"default","og_image_type":"default","og_image_url":null,"og_image_width":null,"og_image_height":null,"og_image_custom_url":null,"og_image_custom_fields":null,"og_video":null,"og_custom_url":null,"og_article_section":null,"og_article_tags":null,"twitter_use_og":false,"twitter_card":"default","twitter_image_type":"default","twitter_image_url":null,"twitter_image_custom_url":null,"twitter_image_custom_fields":null,"twitter_title":null,"twitter_description":null,"schema":{"blockGraphs":[],"customGraphs":[],"default":{"data":{"Article":[],"Course":[],"Dataset":[],"FAQPage":[],"Movie":[],"Person":[],"Product":[],"ProductReview":[],"Car":[],"Recipe":[],"Service":[],"SoftwareApplication":[],"WebPage":[]},"graphName":"","isEnabled":true},"graphs":[]},"schema_type":null,"schema_type_options":null,"pillar_content":false,"robots_default":true,"robots_noindex":false,"robots_noarchive":false,"robots_nosnippet":false,"robots_nofollow":false,"robots_noimageindex":false,"robots_noodp":false,"robots_notranslate":false,"robots_max_snippet":null,"robots_max_videopreview":null,"robots_max_imagepreview":"large","priority":null,"frequency":null,"location":null,"local_seo":null,"breadcrumb_settings":null,"limit_modified_date":false,"ai":null,"created":"2020-12-20 20:11:23","updated":"2025-07-20 04:58:30","seo_analyzer_scan_date":null,"focus_keyword":null,"additional_keywords":null,"truseo_locale":null},"jetpack_sharing_enabled":true,"jetpack-related-posts":[{"id":13124,"url":"https:\/\/www.jornalja.com.br\/arquivo\/sangue-latino-no-iecine\/","url_meta":{"origin":64056,"position":0},"title":"Sangue latino no IECINE","author":"da Reda\u00e7\u00e3o","date":"18 de maio de 2014","format":false,"excerpt":"Francisco Ribeiro O Instituto Estadual de Cinema (IECINE) tem a frente, desde abril \u00faltimo, um novo diretor, o cineasta colombiano Juan Zapata, 36, que substitui Luiz Alberto Cassol. Radicado h\u00e1 dez anos em Porto Alegre, Zapata tem diante de si o desafio de conduzir at\u00e9 o final do ano um\u2026","rel":"","context":"Em &quot;Cultura-Geral&quot;","block_context":{"text":"Cultura-Geral","link":"https:\/\/www.jornalja.com.br\/arquivo\/category\/materiasecundaria\/"},"img":{"alt_text":"","src":"","width":0,"height":0},"classes":[]},{"id":5440,"url":"https:\/\/www.jornalja.com.br\/arquivo\/casarao-da-venancio-destino-permanece-incerto\/","url_meta":{"origin":64056,"position":1},"title":"Estado ainda n\u00e3o sabe o que fazer com casar\u00e3o abandonado h\u00e1 20 anos","author":"Elmar Bones","date":"6 de julho de 2009","format":false,"excerpt":"O casar\u00e3o amarelo, numa esquina nobre de Porto Alegre (Ven\u00e2ncio Aires com Jo\u00e3o Pessoa), j\u00e1 abrigou uma escola. H\u00e1 duas d\u00e9cadas, pelo menos, est\u00e1 abandonado, porque seu propriet\u00e1rio, o governo do Estado do Rio Grande do Sul, n\u00e3o consegue achar um destino para ele. Planos n\u00e3o faltaram. O governador Ol\u00edvio\u2026","rel":"","context":"Em &quot;X.Categorias velhas&quot;","block_context":{"text":"X.Categorias velhas","link":"https:\/\/www.jornalja.com.br\/arquivo\/category\/x-categorias-velhas\/"},"img":{"alt_text":"geraldo1","src":"https:\/\/i0.wp.com\/www.jornalja.com.br\/wp-content\/uploads\/2009\/07\/geraldo1.jpg?resize=350%2C200&ssl=1","width":350,"height":200},"classes":[]},{"id":12960,"url":"https:\/\/www.jornalja.com.br\/arquivo\/populacao-culpa-empresas-pela-greve-dos-rodoviarios\/","url_meta":{"origin":64056,"position":2},"title":"Popula\u00e7\u00e3o culpa empresas pela greve","author":"Patr\u00edcia Marini","date":"14 de fevereiro de 2014","format":false,"excerpt":"Pesquisa divulgada na edi\u00e7\u00e3o do jornal Metro desta sexta-feira,14, comprova o velho ditado: \u00e9 poss\u00edvel enganar muitos por algum tempo, mas n\u00e3o \u00e9 poss\u00edvel enganar a todos o tempo inteiro. A principal revela\u00e7\u00e3o foi que 59,8% dos entrevistados apontaram as empresas como as principais respons\u00e1veis pela grave e 46% culparam\u2026","rel":"","context":"Em &quot;X.Categorias velhas&quot;","block_context":{"text":"X.Categorias velhas","link":"https:\/\/www.jornalja.com.br\/arquivo\/category\/x-categorias-velhas\/"},"img":{"alt_text":"","src":"","width":0,"height":0},"classes":[]},{"id":13101,"url":"https:\/\/www.jornalja.com.br\/arquivo\/morre-um-guerreiro-do-texto\/","url_meta":{"origin":64056,"position":3},"title":"Morre um guerreiro do texto","author":"Patr\u00edcia Marini","date":"14 de maio de 2014","format":false,"excerpt":"Por Ricardo Kotscho Reproduzido do blog do autor, 11\/5\/2014; t\u00edtulo original \u201cE l\u00e1 se foi o nosso Myltainho, guerreiro do texto\u201d. Mi\u00fado e franzino, meu amigo Myltainho era um valente e inconformado guerreiro na luta contra as injusti\u00e7as sociais, a hipocrisia, as maracutaias, o autoritarismo, a intoler\u00e2ncia, a viol\u00eancia, o\u2026","rel":"","context":"Em &quot;Geral&quot;","block_context":{"text":"Geral","link":"https:\/\/www.jornalja.com.br\/arquivo\/category\/geral\/"},"img":{"alt_text":"","src":"","width":0,"height":0},"classes":[]}],"jetpack_shortlink":"https:\/\/wp.me\/pbQjBd-gFa","jetpack_featured_media_url":"","_links":{"self":[{"href":"https:\/\/www.jornalja.com.br\/arquivo\/wp-json\/wp\/v2\/posts\/64056","targetHints":{"allow":["GET"]}}],"collection":[{"href":"https:\/\/www.jornalja.com.br\/arquivo\/wp-json\/wp\/v2\/posts"}],"about":[{"href":"https:\/\/www.jornalja.com.br\/arquivo\/wp-json\/wp\/v2\/types\/post"}],"author":[{"embeddable":true,"href":"https:\/\/www.jornalja.com.br\/arquivo\/wp-json\/wp\/v2\/users\/4"}],"replies":[{"embeddable":true,"href":"https:\/\/www.jornalja.com.br\/arquivo\/wp-json\/wp\/v2\/comments?post=64056"}],"version-history":[{"count":0,"href":"https:\/\/www.jornalja.com.br\/arquivo\/wp-json\/wp\/v2\/posts\/64056\/revisions"}],"wp:attachment":[{"href":"https:\/\/www.jornalja.com.br\/arquivo\/wp-json\/wp\/v2\/media?parent=64056"}],"wp:term":[{"taxonomy":"category","embeddable":true,"href":"https:\/\/www.jornalja.com.br\/arquivo\/wp-json\/wp\/v2\/categories?post=64056"},{"taxonomy":"post_tag","embeddable":true,"href":"https:\/\/www.jornalja.com.br\/arquivo\/wp-json\/wp\/v2\/tags?post=64056"}],"curies":[{"name":"wp","href":"https:\/\/api.w.org\/{rel}","templated":true}]}}